{"id":131100,"date":"2014-08-12T08:44:23","date_gmt":"2014-08-12T06:44:23","guid":{"rendered":"http:\/\/somos.vicencianos.org\/?p=131100"},"modified":"2014-08-12T08:44:23","modified_gmt":"2014-08-12T06:44:23","slug":"el-p-eugenio-comellas-viladomat-1879-1946-iii","status":"publish","type":"post","link":"http:\/\/vincentians.com\/es\/el-p-eugenio-comellas-viladomat-1879-1946-iii\/","title":{"rendered":"El P. Eugenio Comellas Viladomat (1879-1946) (III)"},"content":{"rendered":"<p style=\"text-align: justify\"><a href=\"http:\/\/vicencianos.org\/blog\/el-abate-de-chandenier-16-1660\/cruz_sv-8\/\" rel=\"attachment wp-att-130143\"><img data-recalc-dims=\"1\" loading=\"lazy\" decoding=\"async\" class=\"alignleft  wp-image-130143\" src=\"https:\/\/i0.wp.com\/vicencianos.org\/wp-content\/2011\/04\/cruz_sv1.jpg?resize=258%2C292\" alt=\"cruz_sv\" width=\"258\" height=\"292\" \/><\/a>V. \u2014 DATOS PARA LA BIOGRAFIA<br \/>\nAgradecernos muy de veras la amable cooperaci\u00f3n de quienes se han prestado gustosos a ayudarnos -en la tarea de reunir este primer acopio de datos hist\u00f3ricos, para archivarlos en nuestra revista en vistas a facilitar el trabajo del futuro bi\u00f3-grafo del 6.\u00b0 Visitador de la Provincia de Barcelona. Las p\u00e1ginas de nuestra revista recibir\u00e1n con agrado las aportaciones de cuantos quieran completar o ampliar lo poco que hemos podido recoger.<br \/>\nParticular gratitud queremos expresar a don Augusto Comellas, quien nos proporcion\u00f3 casi todas las noticias que van a continuaci\u00f3n sobre la infancia y juventud de su difunto hermano:<\/p>\n<p style=\"text-align: justify\">Infancia y juventud (1819-1898)<br \/>\nNacimiento: El 17 de abril del a\u00f1o 1879, en Barcelona, ( u la calle d&#8217;En Cuc, hoy de la Virgen del Pilar \u2014\u00bfn\u00fam. 22?\u2014 perteneciente en lo eclesi\u00e1stico a la Parroquia de San Francisco de Paula, y en lo civil a un \u00abbarrio de la vieja ciudad donde radicaban por aquel entonces la mayor\u00eda de los despachos de los fabricantes e industriales de tejidos\u00bb. En esta misma calle Bah\u00eda nacido, varios siglos antes, el barcelon\u00e9s San Jos\u00e9 Oriol.<br \/>\nPadres: El fabricante de tejidos don Esteban Comellas Cluet y la dama do\u00f1a Eulalia Viladomat Solanas. Esta, casada en segundas nupcias despu\u00e9s del fallecimiento de dos hijos de su primer matrimonio. Proced\u00edan de Berga, donde ten\u00eda sus telares la marca industrial \u00abComellas y Cluet\u00bb. Bendijo el cielo a los cristianos esposos con seis hijos y dos hijas. Nuestro Eugenio naci\u00f3 de un parto doble, el pen\u00faltimo del matrimonio. Y decimos esto porque \u00abrespondiendo su padre a unos amigos que le compadec\u00edan por el nacimiento de los dos mellizos, contestaba que \u00e9l estaba muy contento y daba gracias a Dios por hab\u00e9rselos concedido, y en prueba de ello p\u00fasoles a los dos mellizos los nombres de Eugenio Augusto Deogracias y Augusto Eugenio Deogracias\u00bb, respectivamente.<br \/>\nBautizo: El d\u00eda 20 del mismo mes y a\u00f1o (abril 1879) en In S. I. Catedral.<br \/>\nConfirmaci\u00f3n: En el Palacio Episcopal de Barcelona, el 3 de mayo de 1886, a la edad de 7 a\u00f1os. \u00abRecuerdo el lugar y el acto\u00bb, dice en sus notas don Augusto.<br \/>\nEducaci\u00f3n: Del regazo materno pas\u00f3, a los cinco a\u00f1os, al &#8216;Colegio Vilar que estaba situado \u2014siguen las notas\u2014 en una casa (hace muchos a\u00f1os derruida) de la hoy Plaza Catalu\u00f1a, en donde permanecieron los dos mellizos escasamente un a\u00f1o, para ingresar luego en el Colegio que los HH. de las Escuelas Cristianas hab\u00edan inaugurado poco antes en la calle de Moncada, y que luego fue trasladado a un edificio (hoy derruido) de la calle Condal, en donde continuaron los estudios, que ter-minaron el a\u00f1o 1893, despu\u00e9s de haber cursado todas las ense\u00f1anzas que en aquel entonces daban los HH. de las Escuelas Cristianas y, con profesor particular, en la casa paterna, la lengua inglesa y piano.<br \/>\n\u00abEn el colegio fue un alumno ejemplar, tanto por su comportamiento, siempre d\u00f3cil, amable y obediente, como por su aplicaci\u00f3n a los estudios que le mereci\u00f3 durante todos los a\u00f1os ser siempre el primero de la clase y obtener premio por los trabajos de vacaciones.\u00bb<br \/>\nPrimera Comuni\u00f3n: La recibi\u00f3, hacia los 10 a\u00f1os de edad, en la capilla del Colegio de la calle Condal. \u00abPodr\u00eda ser en 1890, pero me parece fue en 1889, ignorando el d\u00eda\u00bb, atestigua su hermano e inseparable compa\u00f1ero de infancia y estudios.<br \/>\nSalud delicada: Continuo copiando de las notas de don Augusto: \u00abFue delicado de salud desde su infancia, y su buena Madre tuvo que emplear sumos cuidados para salvarle del estado de agotamiento extraordinario (los m\u00e9dicos dec\u00edan que no podr\u00eda salvarse) a que lo redujo el ama a la que hab\u00eda sido confiado para que lo criara en el campo, la cual, habiendo perdido la leche, no lo comunic\u00f3 a los padres del ni\u00f1o, y le hac\u00eda pasar casi sin alimento. Este percance del tiempo de su lactancia influy\u00f3 much\u00edsimo en su futuro desarrollo. Continu\u00f3 d\u00e9bil durante toda su infancia y juventud y si pudo seguir con \u00e9xito los estudios fue gracias a especiales cuidados en su alimentaci\u00f3n y r\u00e9gimen de vida.<br \/>\n\u00abDesde el tiempo de su lactancia le molest\u00f3 la hernia, que si bien pareci\u00f3 haber sido reducida, volvi\u00f3 a reproduc\u00edrsele a los dos o tres a\u00f1os, y ya no cur\u00f3 de ella mientras estuvo en la casa paterna. Operado una primera vez sin resultado, en Madrid, durante su Noviciado, hubo de procederse, m\u00e1s adelante, a una segunda operaci\u00f3n.\u00bb<br \/>\nDe ni\u00f1o sufri\u00f3 algunas otras dolencias transitorias. Cuando ya mayor, ve\u00edase precisado a vacar con frecuencia de los negocios y del despacho en que le ocupaba su padre \u00abdebido a su estado d\u00e9bil de salud\u00bb. \u00abEstando ya en la Congregaci\u00f3n, sufri\u00f3 mucho de anemia cerebral&#8230;. sus superiores le mandaron, en el verano de 1919, que, por obediencia, fuese a pasar tina temporada de reposo en una finca de sus familiares, situada en los alrededores de Berga, donde se recobr\u00f3 bastante\u00bb.<br \/>\nVocaci\u00f3n: \u00abPoco despu\u00e9s de su salida del Colegio, sinti\u00f3 la inclinaci\u00f3n a la vida religiosa, pero su padre no quiso darle permiso para abandonar la vida familiar y la comercial en que empezaba a ocuparle, hasta haber probado sobradamente la certeza de su vocaci\u00f3n&#8230; A fin de hacerle desistir si ella no era muy firme, encarg\u00f3 a sus hermanos mayores \u2014recurso paterno no por m\u00e1s repetido menos reprobable&#8211; le acompa\u00f1asen a teatros y otras diversiones, a lo que Eugenio acced\u00eda con benevolencia, siendo un compa\u00f1ero bueno y alegre, ya que a ello le inclinaba su natural franco y expansivo. Pero, no por esto disminu\u00edan sus ansias de vida religiosa, por lo que su padre, viendo ser in\u00fatil toda oposici\u00f3n o distracci\u00f3n para hacerle abandonar sus ideales, le concedi\u00f3, a los 19 a\u00f1os, el anhelado permiso. Su intenci\u00f3n primitiva fu\u00e9 la de entrar en la Compa\u00f1\u00eda de Jes\u00fas, pero, al fin, se decidi\u00f3 a escoger la Con-gregaci\u00f3n de la Misi\u00f3n.\u00bb<br \/>\n\u00abTal vez pudo influir en su Vocaci\u00f3n religiosa y en su humildad \u2014sugieren las notas tantas veces citadas\u2014 el ejemplo y recuerdo de su t\u00edo, el humilde y sabio escritor y fil\u00f3sofo bergad\u00e1n Rdo. D. Antonio Comellas y Cluet, hermano de su padre.\u00bb (En la \u00abEnciclopedia Espasa\u00bb pueden verse algunos datos biogr\u00e1ficos del mismo).<br \/>\nRefiri\u00e9ndose, sin duda, a esta \u00e9poca de su vida, el P. Comillas escrib\u00eda, invariablemente todos los a\u00f1os, en sus resoluciones de ejercicios (1936-46), al llegar a la meditaci\u00f3n sobre la devoci\u00f3n a la Virgen: \u00abA Ella debo mi conversi\u00f3n, mi Vocaci\u00f3n y espero deber mi perseverancia final\u00bb.<br \/>\nEn la E. Apost\u00f3lica de Barcelona (1898.99)<br \/>\nCedemos gustosos la pluma al P. David Bartolom\u00e9, quien ha accedido a evocarnos aquel embri\u00f3n de E. Apost\u00f3lica barcelonesa, donde ancl\u00f3 el ideal religioso del joven Comellas:<br \/>\n\u00abNosotros \u00e9ramos unos rapaces de 12, 13 y 14 a\u00f1os, clasificados en 12&#8217;, 2.\u00b0 y 3.\u00bb de Lat\u00edn. En conjunto, unos catorce alumnos con bastantes ganas de aprender y no menos de jugar.<br \/>\nLos tres cursos se desenvolv\u00edan dentro de una misma clase, regida por el P. Valent\u00eda Matamala, santo misionero, de car\u00e1cter bondadoso, muy adicto a los peque\u00f1os apost\u00f3licos. Sus cabellos blancos, alta estatura, un tanto encorvada, cuerpo flaco y ojos habitualmente entornados, casi cerrados, nos daba la impresi\u00f3n de ser dicho P. Matamala mucho m\u00e1s anciano de lo que era en realidad. En vez de palmeta, ten\u00eda a la vista unas disciplinas de cuerda. Cuando su d\u00e9bil voz no lograba impo-nerse, empu\u00f1aba las disciplinas, repart\u00eda a boleo algunos golpes y consegu\u00eda el silencio.<br \/>\nUn d\u00eda, comenzado ya el curso de 1898-99, el P. Matamala vino a clase con aire todav\u00eda m\u00e1s serio que de costumbre. Parec\u00eda que ven\u00eda resuelto a imponer un poco m\u00e1s de orden en aquellos catorce traviesillos, parapetados tras los grandes pupitres, en actitud de buscar t\u00e9rminos en alg\u00fan diccionario latino, descifrar alguna traducci\u00f3n de los Autores Selectos o discurrir alguna travesura. Aquel d\u00eda nos hizo poner en semic\u00edrculo, fuera de los pupitres, todos a la vista.<br \/>\nDetr\u00e1s de \u00e9l, entr\u00f3 un se\u00f1or, joven, muy bien trajeado, de rasgos finos, rostro redondo y p\u00e1lido, todo un hombre, en comparaci\u00f3n de nosotros. Le hizo sentar en una silla aparte, a la derecha de la tarima ocupada por el Profesor.<br \/>\nLa clase cobr\u00f3 un aire de formalidad.<br \/>\nMientras nosotros d\u00e1bamos la lecci\u00f3n contestando a las preguntas salteadas del P. Matamala, acertando casos y conjugando verbos, el nuevo alumno mayor, invariablemente formal, no apartaba los ojos de la Gram\u00e1tica Latina, siempre abierta en las manos, a la altura del pecho. Sin duda que aquel nuevo disc\u00edpulo, tan serio, cuya voz no supimos nunca c\u00f3mo era, escuchaba y confrontaba lo que o\u00eda, con las reglas gramaticales previamente aprendidas.<br \/>\nTerminada la clase, nos encamin\u00e1bamos de prisa al lugar de recreo; campo abierto al aire libre y cielo azul, colindante con la calle de Aribau. El joven estudiante no alternaba con nosotros, ni tomaba parte en nuestros juegos. Viv\u00eda en un aposento del segundo piso, en el pasillo reservado a los se\u00f1ores ejercitantes. Fuera de clase, s\u00f3lo recuerdo haberlo visto con nosotros en algunos de aquellos paseos que d\u00e1bamos los jueves por las afueras de Barcelona, acompa\u00f1ados del P. Matamala, mientras \u00e9ste aprovechaba para visitar, de paso, los Sanatorios de la Cruz Roja, llenos de enfermos y heridos de la guerra de Cuba, asistidos por nuestras Hermanas.<br \/>\nAl joven se\u00f1or Comellas, que ten\u00eda cursados muy buenos estudios de Gram\u00e1tica Castellana, Franc\u00e9s, Ingl\u00e9s y Humanidades en el Colegio de los Hermanos de la Doctrina Cristiana, debi\u00f3 de parecerle muy f\u00e1cil la Gram\u00e1tica Latina. Al terminar el curso de 1898-99, dominaba la Analog\u00eda y la Sintaxis.<br \/>\nInaugur\u00f3se el curso de 1899, y volvi\u00f3 a aparecer en clase el joven Camelias. Pero, no habr\u00edan pasado dos meses, cuando los superiores le juzgaron suficientemente preparado para ingresar en el Noviciado de Madrid. En poco m\u00e1s de un a\u00f1o hab\u00eda hecho lo que nosotros en tres.<br \/>\nAl dejar esta Escuela Apost\u00f3lica, nos qued\u00f3 la impresi\u00f3n &#8211; de que se trataba de una vocaci\u00f3n decidida y de un esp\u00edritu perfectamente desprendido del mundo y de la buena posici\u00f3n social que, a la saz\u00f3n, gozaba su familia.\u00bb<br \/>\nSeminarista y Estudiante (Madrid-Rialp, 1899-1906)<br \/>\nEl Seminario Interno de la \u00fanica Provincia de Pa\u00fales espa\u00f1oles estaba entonces en la Casa Central de Madrid. All\u00ed fue admitido Eugenio el 27 de octubre de 1899, y all\u00ed emiti\u00f3, das a\u00f1os despu\u00e9s, los santos Votos, el 28 de octubre de 1901. Era entonces Director del Seminario el venerable P. Raimundo Arana.<br \/>\nPas\u00f3 despu\u00e9s a Hortaleza (a unos pocos kil\u00f3metros de la Capital), donde los HH. Bienistas cursaban los dos primeros a\u00f1os de Filosof\u00eda, volviendo seguidamente a Madrid para los restantes cursos de Filosof\u00eda y Teolog\u00eda. Pero, el H. Comellas no los termin\u00f3 en aquel estudiantado, sino en Rialp, a donde parece fue enviado al a\u00f1o siguiente de abierta aquella nueva fundaci\u00f3n, que lo hab\u00eda sido en septiembre de 1904.<br \/>\nPensar\u00edan los Superiores de la reci\u00e9n erigida Provincia de Barcelona que la paz, el sosiego y los aires puros de la monta\u00f1a pirenaica favorecer\u00edan los estudios y el fortalecimiento f\u00edsico del joven te\u00f3logo, al mismo tiempo que coadyuvaba como profesor de franc\u00e9s, a las tareas del Colegio.<br \/>\nVino de Madrid con fama de muy observante y serio, como que era del peque\u00f1o grupo de estudiantes que los dem\u00e1s, con su poco de iron\u00eda, dieron en llamar \u00ablos abades\u00bb.<br \/>\nHab\u00eda colaborado con el mayor &#8216;entusiasmo en la traducci\u00f3n del \u00abPeque\u00f1o Prado espiritual C. M.\u00bb y en la redacci\u00f3n de unos ap\u00e9ndices o complemento espa\u00f1ol a dicho libro, escribiendo \u00e9l, por su parte, las biograf\u00edas de los HH. Estudiantes Raimundo Casellas y Sebasti\u00e1n Garc\u00edas, que public\u00f3 nuestro \u00abGermanor\u00bb muchos a\u00f1os despu\u00e9s en diversos n\u00fameros de los a\u00f1os 1929-30-31, y en tirada aparte.<br \/>\nOrdenaci\u00f3n y Primera Misa (1906)<br \/>\nIgnoramos las fechas y el lugar donde fue tonsurado y ordenado de menores, de subdi\u00e1cono y di\u00e1cono.<br \/>\nLa unci\u00f3n sacerdotal recibi\u00f3la en la capilla del palacio episcopal de Solsona, de manos del se\u00f1or Obispo de la Di\u00f3cesis y futuro Cardenal, doctor Juan Benlloc y Viv\u00f3, el 9 de diciembre de 1906. El 15 del mismo mes y a\u00f1o cantaba solemnemente su Primera Misa en nuestra iglesia de San Vicente de Pa\u00fal, de \u00e9sta su ciudad natal.<br \/>\nProcurador en Bellpuig (1907-12)<br \/>\nAdvertimos al lector que los entrecomillados de esta \u00e9poca son del manuscrito de la \u00abCr\u00f3nica\u00bb de la Casa de Bellpuig, felizmente salvado, y que nos ha extractado amablemente el P. Angl\u00e9s.<br \/>\n1907. \u2014 \u00abEl 20 de mayo lleg\u00f3, destinado a \u00e9sta (Bellpuig) como Procurador, el se\u00f1or Eugenio Camelias, perteneciente hasta entonces a la Casa de Rialp, aunque vino desde Barcelona, donde estuvo unos cuatro meses sin hacer nada por raz\u00f3n de su estado de salud muy delicado.\u00bb<br \/>\n1908. \u2014 \u00abEl segundo semestre de este a\u00f1o se emple\u00f3 en la construcci\u00f3n del nuevo sal\u00f3n dormitorio de los ni\u00f1os (apost\u00f3licos) que cost\u00f3 18.000 pesetas, las cuales fueron prestadas para este fin, sin inter\u00e9s, por el se\u00f1or Eugenio Comellas. Todas ellas, junto con Lilo, que prest\u00f3 m\u00e1s adelante, le fueron devueltas en 3o de junio de 1910, traspasando a su favor 7.000 pesos de los que la Provincia ten\u00eda en M\u00e9jico proceden-tes de la herencia del se\u00f1or Rub\u00ed (q. e. p. d.), que equival\u00edan exactamente a la expresada cantidad de 19.110 pesetas\u00bb.<br \/>\n1910. \u2014 \u00abEn el mes de noviembre, compr\u00f3 el se\u00f1or Comellas, para comodidad y provecho de la Comunidad, el huerto line pose\u00eda el se\u00f1or Font al otro lado de la carretera, frente al del Convento. Le cost\u00f3 5.000 pesetas y lo tuvo arrendado a la Casa hasta que lo volvi\u00f3 a vender por 4.000 pesetas al se\u00f1or Font, en 1917, para ayudar a la Casa a pagar el reci\u00e9n comprado huerto del Convento.\u00bb<br \/>\nSobre estos extremos puede consultarse \u00abDatos hist\u00f3ricos de la Casa de Bellpuig\u00bb, p\u00e1gs. 62-65 del volumen de estos ANALES correspondiente al a\u00f1o 1942.<br \/>\n1912. \u2014 Culmina en este a\u00f1o uno de los per\u00edodos m\u00e1s cr\u00edticos en la vida econ\u00f3mica de la Provincia, que, como es natural, repercute hondamente en las Casas de Formaci\u00f3n (Cf. \u00abGermanor\u00bb, 1927, p\u00e1gs. 163-167). Influy\u00f3 notablemente en ello la suspensi\u00f3n de pagos de la raz\u00f3n social \u00abHijos de Co-mellas y Cluet\u00bb, que ten\u00eda, en calidad de pr\u00e9stamos, cien mil pesetas de la Casa Central y Fondos capitalizados de la de Bellpuig (l\u00e1minas y obligaciones municipales de Barcelona, etc.).<br \/>\nDe todo este capital \u2014dicen los apuntes enviados de Bellpuig\u2014 respond\u00eda el P. Comellas, y de hecho fue pagando los r\u00e9ditos correspondientes\u00bb (los de Bellpuig \u00absub\u00edan a 633&#8217;2o pesetas anuales\u00bb). \u00bfHasta cu\u00e1ndo? Una nota marginal puesta a la -Cr\u00f3nica\u00bb en 21 de marzo de 1935 por el se\u00f1or Padr\u00f3s, superior entonces de Bellpuig, dice que en dicha fecha el P. Comellas acab\u00f3 de reintegrar a la Casa los aludidos valores.<br \/>\nDurante las vacaciones de dos de estos a\u00f1os, pas\u00f3 el P. Comellas largas temporadas en Londres para perfeccionarse en la lengua inglesa, de la cual era profesor.<br \/>\nDirector de Estudiantes (1912.13 y 1919.22)<br \/>\nNombrado para este delicado cargo, tom\u00f3 posesi\u00f3n de \u00e9l en Espluga de Francol\u00ed el 16 de agosto de 1912. Suced\u00eda al P. Antonio Soler.<br \/>\nDurante el curso 1912-13 ense\u00f1a ingl\u00e9s y pr\u00e1cticas de franc\u00e9s.<br \/>\nEn el mes de agosto de 1913, bajo su direcci\u00f3n, publican los HH. Estudiantes, en Espluga, el primer n\u00famero de \u00abGermanor\u00bb, que hab\u00eda de ser durante 25 a\u00f1os la revista de familia, de la Provincia.<br \/>\nCesa de Director en Espluga para volver a Bellpuig de Superior (septiembre). Para el curso 1919-20 recibe en aquella Casa a los HH. Estudiantes Te\u00f3logos siendo nombrado por segunda vez su Director. Al a\u00f1o siguiente, ya Visitador, los reune todos all\u00ed y sigue ostentando su alta direcci\u00f3n hasta el 3 de julio de 1922, en que el estudiantado vuelve a quedar instalado de nuevo en su propia Casa de Espluga de Francol\u00ed<br \/>\nSuperior de Bellpuig (1913.20)<br \/>\nDice el libro de la \u00abCr\u00f3nica\u00bb: \u00abEl d\u00eda 4 de septiembre (1913) ton-i\u00f3 posesi\u00f3n el nuevo Superior, se\u00f1or Eugenio Comellas, nombrado por patente firmada el 2 de septiembre de este a\u00f1o. El se\u00f1or Hospital le sustituy\u00f3 en el cargo de Director.\u00bb<br \/>\n1914. \u2014 \u00abEn el mes de marzo, el se\u00f1or Comellas compr\u00f3 la parte del antiguo huerto del Convento, que pose\u00eda el Fern\u00e1ndez (a) \u00abRatat\u00bb, como persona particular, por 3.500 pesetas, que al mes siguiente fueron generosamente pagadas por el se\u00f1or Oller, quedando as\u00ed propiedad de la Casa sin carga alguna.\u00bb<br \/>\n1916. \u2014 El P. Comellas se hace con la propiedad de todo lo que resta (salvo una peque\u00f1a porci\u00f3n) de la antigua huerta del ex-convento de franciscanos hoy nuestra Casa-Escuela Apost\u00f3lica de Bellpuig en la forma y con los medios que \u00e9l mismo narra modestamente en los ya mencionados \u00abDatos hist\u00f3ricos<br \/>\nEl art\u00edculo 2.\u00b0 de la tercera parte de esta rese\u00f1a que acabamos de citar ofrece una breve s\u00edntesis de los \u00abMinisterios y ocupaciones de los individuos de la Casa de Bellpuig\u00bb hasta 1918, pudi\u00e9ndose completar lo all\u00ed apuntado acudiendo a la \u00abCr\u00f3nica\u00bb manuscrita de la Casa y a las enviadas y publicadas peri\u00f3dicamente en \u00abGermanor\u00bb, todo lo cual da una idea de lo que fue la Casa de Bellpuig bajo la direcci\u00f3n del Superior P. Comellas.<br \/>\nVisitador (1920-46)<br \/>\nUn telegrama le anuncia su nombramiento el 21 de marzo de 1920. Al d\u00eda siguiente toma posesi\u00f3n en Barcelona. Desde aquella fecha hasta la de su muerte transcurren 26 a\u00f1os, 2 meses y 26 d\u00edas. Este lapso de tiempo es m\u00e1s de la mitad de la historia de nuestra Provincia. No podr\u00e1 \u00e9sta escribirse sin contar con la figura de su 6.\u00b0 Visitador, con sus actos de gobierno, su enfoque de las cuestiones, sus Circulares y Ordenanzas de Visita, su gesti\u00f3n administrativa, su formulaci\u00f3n de contratos y bases fundacionales, sus cinco viajes a nuestras Casas de Am\u00e9rica, su interpretaci\u00f3n del esp\u00edritu de la Misi\u00f3n en el siglo XX, su&#8230; obra toda de Visitador.<br \/>\nLos hitos principales, los hechos m\u00e1s sobresalientes, ah\u00ed est\u00e1n, a la vista de todos, en nuestras revistas GERMANOR y ANALES. La historia completa, con una visi\u00f3n plena y perfecta de sus altibajos y claroscuros, con sus perfiles de dolor y de gloria, habr\u00e1 que irla a buscar en los archivos.<br \/>\nPero lo m\u00e1s importante no es escribir historia, sino hacerla. Y pensamos \u2014esta es nuestra modesta opini\u00f3n\u2014 que nuestro P. Comellas la hizo, una historia sencilla como su autor, alguno de cuyos cap\u00edtulos, con todo, quedan incorpora-dos para siempre, y honrosamente, a la de la Congregaci\u00f3n de la Misi\u00f3n y de su peque\u00f1a Provincia de Barcelona.<br \/>\nN. PASCUAL, C. M.<br \/>\nBarcelona, agosto de 1946<\/p>\n","protected":false},"excerpt":{"rendered":"<p>V. \u2014 DATOS PARA LA BIOGRAFIA Agradecernos muy de veras la amable cooperaci\u00f3n de quienes se han prestado gustosos a ayudarnos -en la tarea de reunir este primer acopio de datos hist\u00f3ricos, para archivarlos en &#8230; <a href=\"http:\/\/vincentians.com\/es\/el-p-eugenio-comellas-viladomat-1879-1946-iii\/\" class=\"more-link\">Read More<\/a><\/p>\n","protected":false},"author":4,"featured_media":130143,"comment_status":"open","ping_status":"open","sticky":false,"template":"","format":"standard","meta":{"jetpack_post_was_ever_published":false,"_jetpack_newsletter_access":"","_jetpack_dont_email_post_to_subs":false,"_jetpack_newsletter_tier_id":0,"_jetpack_memberships_contains_paywalled_content":false,"_jetpack_memberships_contains_paid_content":false,"footnotes":"","jetpack_publicize_message":"","jetpack_publicize_feature_enabled":true,"jetpack_social_post_already_shared":true,"jetpack_social_options":{"image_generator_settings":{"template":"highway","default_image_id":0,"font":"","enabled":false},"version":2}},"categories":[210],"tags":[],"class_list":["post-131100","post","type-post","status-publish","format-standard","has-post-thumbnail","hentry","category-testigos-vicencianos"],"yoast_head":"<!-- This site is optimized with the Yoast SEO plugin v26.3 - https:\/\/yoast.com\/wordpress\/plugins\/seo\/ -->\n<title>El P. Eugenio Comellas Viladomat (1879-1946) (III) - Somos Vicencianos<\/title>\n<meta name=\"robots\" content=\"index, follow, max-snippet:-1, max-image-preview:large, max-video-preview:-1\" \/>\n<link rel=\"canonical\" href=\"http:\/\/vincentians.com\/es\/el-p-eugenio-comellas-viladomat-1879-1946-iii\/\" \/>\n<meta property=\"og:locale\" content=\"es_ES\" \/>\n<meta property=\"og:type\" content=\"article\" \/>\n<meta property=\"og:title\" content=\"El P. Eugenio Comellas Viladomat (1879-1946) (III) - Somos Vicencianos\" \/>\n<meta property=\"og:description\" content=\"V. \u2014 DATOS PARA LA BIOGRAFIA Agradecernos muy de veras la amable cooperaci\u00f3n de quienes se han prestado gustosos a ayudarnos -en la tarea de reunir este primer acopio de datos hist\u00f3ricos, para archivarlos en ... Read More\" \/>\n<meta property=\"og:url\" content=\"http:\/\/vincentians.com\/es\/el-p-eugenio-comellas-viladomat-1879-1946-iii\/\" \/>\n<meta property=\"og:site_name\" content=\"Somos Vicencianos\" \/>\n<meta property=\"article:publisher\" content=\"https:\/\/www.facebook.com\/WeAreVincentians\/\" \/>\n<meta property=\"article:author\" content=\"https:\/\/www.facebook.com\/JavierChento\" \/>\n<meta property=\"article:published_time\" content=\"2014-08-12T06:44:23+00:00\" \/>\n<meta name=\"author\" content=\"Francisco Javier Fern\u00e1ndez Chento\" \/>\n<meta name=\"twitter:card\" content=\"summary_large_image\" \/>\n<meta name=\"twitter:creator\" content=\"@https:\/\/twitter.com\/javierchento\" \/>\n<meta name=\"twitter:site\" content=\"@WeVincentians\" \/>\n<meta name=\"twitter:label1\" content=\"Escrito por\" \/>\n\t<meta name=\"twitter:data1\" content=\"Francisco Javier Fern\u00e1ndez Chento\" \/>\n\t<meta name=\"twitter:label2\" content=\"Tiempo de lectura\" \/>\n\t<meta name=\"twitter:data2\" content=\"16 minutos\" \/>\n<script type=\"application\/ld+json\" class=\"yoast-schema-graph\">{\"@context\":\"https:\/\/schema.org\",\"@graph\":[{\"@type\":\"Article\",\"@id\":\"http:\/\/vincentians.com\/es\/el-p-eugenio-comellas-viladomat-1879-1946-iii\/#article\",\"isPartOf\":{\"@id\":\"http:\/\/vincentians.com\/es\/el-p-eugenio-comellas-viladomat-1879-1946-iii\/\"},\"author\":{\"name\":\"Francisco Javier Fern\u00e1ndez Chento\",\"@id\":\"https:\/\/vincentians.com\/es\/#\/schema\/person\/9623ef4d9aa3b2dfb8c061f1499288f2\"},\"headline\":\"El P. Eugenio Comellas Viladomat (1879-1946) (III)\",\"datePublished\":\"2014-08-12T06:44:23+00:00\",\"mainEntityOfPage\":{\"@id\":\"http:\/\/vincentians.com\/es\/el-p-eugenio-comellas-viladomat-1879-1946-iii\/\"},\"wordCount\":3286,\"commentCount\":0,\"publisher\":{\"@id\":\"https:\/\/vincentians.com\/es\/#organization\"},\"image\":{\"@id\":\"http:\/\/vincentians.com\/es\/el-p-eugenio-comellas-viladomat-1879-1946-iii\/#primaryimage\"},\"thumbnailUrl\":\"\",\"articleSection\":[\"Testigos vicencianos\"],\"inLanguage\":\"es\",\"potentialAction\":[{\"@type\":\"CommentAction\",\"name\":\"Comment\",\"target\":[\"http:\/\/vincentians.com\/es\/el-p-eugenio-comellas-viladomat-1879-1946-iii\/#respond\"]}]},{\"@type\":\"WebPage\",\"@id\":\"http:\/\/vincentians.com\/es\/el-p-eugenio-comellas-viladomat-1879-1946-iii\/\",\"url\":\"http:\/\/vincentians.com\/es\/el-p-eugenio-comellas-viladomat-1879-1946-iii\/\",\"name\":\"El P. Eugenio Comellas Viladomat (1879-1946) (III) - Somos Vicencianos\",\"isPartOf\":{\"@id\":\"https:\/\/vincentians.com\/es\/#website\"},\"primaryImageOfPage\":{\"@id\":\"http:\/\/vincentians.com\/es\/el-p-eugenio-comellas-viladomat-1879-1946-iii\/#primaryimage\"},\"image\":{\"@id\":\"http:\/\/vincentians.com\/es\/el-p-eugenio-comellas-viladomat-1879-1946-iii\/#primaryimage\"},\"thumbnailUrl\":\"\",\"datePublished\":\"2014-08-12T06:44:23+00:00\",\"breadcrumb\":{\"@id\":\"http:\/\/vincentians.com\/es\/el-p-eugenio-comellas-viladomat-1879-1946-iii\/#breadcrumb\"},\"inLanguage\":\"es\",\"potentialAction\":[{\"@type\":\"ReadAction\",\"target\":[\"http:\/\/vincentians.com\/es\/el-p-eugenio-comellas-viladomat-1879-1946-iii\/\"]}]},{\"@type\":\"ImageObject\",\"inLanguage\":\"es\",\"@id\":\"http:\/\/vincentians.com\/es\/el-p-eugenio-comellas-viladomat-1879-1946-iii\/#primaryimage\",\"url\":\"\",\"contentUrl\":\"\"},{\"@type\":\"BreadcrumbList\",\"@id\":\"http:\/\/vincentians.com\/es\/el-p-eugenio-comellas-viladomat-1879-1946-iii\/#breadcrumb\",\"itemListElement\":[{\"@type\":\"ListItem\",\"position\":1,\"name\":\"Portada\",\"item\":\"https:\/\/vincentians.com\/es\/\"},{\"@type\":\"ListItem\",\"position\":2,\"name\":\"El P. Eugenio Comellas Viladomat (1879-1946) (III)\"}]},{\"@type\":\"WebSite\",\"@id\":\"https:\/\/vincentians.com\/es\/#website\",\"url\":\"https:\/\/vincentians.com\/es\/\",\"name\":\"Somos Vicencianos\",\"description\":\"Know more to serve more\",\"publisher\":{\"@id\":\"https:\/\/vincentians.com\/es\/#organization\"},\"potentialAction\":[{\"@type\":\"SearchAction\",\"target\":{\"@type\":\"EntryPoint\",\"urlTemplate\":\"https:\/\/vincentians.com\/es\/?s={search_term_string}\"},\"query-input\":{\"@type\":\"PropertyValueSpecification\",\"valueRequired\":true,\"valueName\":\"search_term_string\"}}],\"inLanguage\":\"es\"},{\"@type\":\"Organization\",\"@id\":\"https:\/\/vincentians.com\/es\/#organization\",\"name\":\"The Vincentian Network\",\"url\":\"https:\/\/vincentians.com\/es\/\",\"logo\":{\"@type\":\"ImageObject\",\"inLanguage\":\"es\",\"@id\":\"https:\/\/vincentians.com\/es\/#\/schema\/logo\/image\/\",\"url\":\"https:\/\/i1.wp.com\/vincentians.com\/es\/wp-content\/uploads\/sites\/11\/2016\/06\/Vincentian-Network-logo-big.png?fit=778%2C778\",\"contentUrl\":\"https:\/\/i1.wp.com\/vincentians.com\/es\/wp-content\/uploads\/sites\/11\/2016\/06\/Vincentian-Network-logo-big.png?fit=778%2C778\",\"width\":778,\"height\":778,\"caption\":\"The Vincentian Network\"},\"image\":{\"@id\":\"https:\/\/vincentians.com\/es\/#\/schema\/logo\/image\/\"},\"sameAs\":[\"https:\/\/www.facebook.com\/WeAreVincentians\/\",\"https:\/\/x.com\/WeVincentians\"]},{\"@type\":\"Person\",\"@id\":\"https:\/\/vincentians.com\/es\/#\/schema\/person\/9623ef4d9aa3b2dfb8c061f1499288f2\",\"name\":\"Francisco Javier Fern\u00e1ndez Chento\",\"image\":{\"@type\":\"ImageObject\",\"inLanguage\":\"es\",\"@id\":\"https:\/\/vincentians.com\/es\/#\/schema\/person\/image\/\",\"url\":\"https:\/\/secure.gravatar.com\/avatar\/497d5cde87b4c3d097d0315953521681ba2cd523ee66e5077c3711f7021e65de?s=96&d=mm&r=g\",\"contentUrl\":\"https:\/\/secure.gravatar.com\/avatar\/497d5cde87b4c3d097d0315953521681ba2cd523ee66e5077c3711f7021e65de?s=96&d=mm&r=g\",\"caption\":\"Francisco Javier Fern\u00e1ndez Chento\"},\"description\":\"Director General y cofundador de La Red de Formaci\u00f3n Vicenciana. Javier es laico vicenciano, afiliado a la Congregaci\u00f3n de la Misi\u00f3n y miembro del Equipo de Misiones Populares de la provincia can\u00f3nica de Zaragoza (Espa\u00f1a) de la Congregaci\u00f3n de la Misi\u00f3n. Graduado en la Universidad Oberta de Catalunya con cuatro grados (Asistente de direcci\u00f3n, Gesti\u00f3n Administrativa, Recursos Humanos y Contabilidad Avanzada). Bil\u00edng\u00fce Espa\u00f1ol\/Ingl\u00e9s. gestiona y mantiene varias p\u00e1ginas web cristianas y vicencianas, incluida including La Red de Formaci\u00f3n Vicenciana, de la que es cofundador. Actualmente es responsable del \u00e1rea de Espa\u00f1ol de .famvin, la Red de Noticias de la Familia Vicenciana. Tambi\u00e9n es m\u00fasico cat\u00f3lico y ha editado varios discos. Es Director General y cofundador de Trovador, una reconocida compa\u00f1\u00eda discogr\u00e1fica critiana de Espa\u00f1a. Trabaja en las Tecnolog\u00edas de la Informaci\u00f3n, ofreciendo servicios de alojamiento, dise\u00f1o y mantenimiento Web, as\u00ed como asesoramiento, formaci\u00f3n y soluciones inform\u00e1ticas, gesti\u00f3n documental y digitalizaci\u00f3n de textos, edici\u00f3n y maquetaci\u00f3n de libros, revistas, flyers, etc.\",\"sameAs\":[\"http:\/\/chento.org\",\"https:\/\/www.facebook.com\/JavierChento\",\"https:\/\/x.com\/https:\/\/twitter.com\/javierchento\"],\"url\":\"http:\/\/vincentians.com\/es\/author\/chento\/\"}]}<\/script>\n<!-- \/ Yoast SEO plugin. -->","yoast_head_json":{"title":"El P. Eugenio Comellas Viladomat (1879-1946) (III) - Somos Vicencianos","robots":{"index":"index","follow":"follow","max-snippet":"max-snippet:-1","max-image-preview":"max-image-preview:large","max-video-preview":"max-video-preview:-1"},"canonical":"http:\/\/vincentians.com\/es\/el-p-eugenio-comellas-viladomat-1879-1946-iii\/","og_locale":"es_ES","og_type":"article","og_title":"El P. Eugenio Comellas Viladomat (1879-1946) (III) - Somos Vicencianos","og_description":"V. \u2014 DATOS PARA LA BIOGRAFIA Agradecernos muy de veras la amable cooperaci\u00f3n de quienes se han prestado gustosos a ayudarnos -en la tarea de reunir este primer acopio de datos hist\u00f3ricos, para archivarlos en ... Read More","og_url":"http:\/\/vincentians.com\/es\/el-p-eugenio-comellas-viladomat-1879-1946-iii\/","og_site_name":"Somos Vicencianos","article_publisher":"https:\/\/www.facebook.com\/WeAreVincentians\/","article_author":"https:\/\/www.facebook.com\/JavierChento","article_published_time":"2014-08-12T06:44:23+00:00","author":"Francisco Javier Fern\u00e1ndez Chento","twitter_card":"summary_large_image","twitter_creator":"@https:\/\/twitter.com\/javierchento","twitter_site":"@WeVincentians","twitter_misc":{"Escrito por":"Francisco Javier Fern\u00e1ndez Chento","Tiempo de lectura":"16 minutos"},"schema":{"@context":"https:\/\/schema.org","@graph":[{"@type":"Article","@id":"http:\/\/vincentians.com\/es\/el-p-eugenio-comellas-viladomat-1879-1946-iii\/#article","isPartOf":{"@id":"http:\/\/vincentians.com\/es\/el-p-eugenio-comellas-viladomat-1879-1946-iii\/"},"author":{"name":"Francisco Javier Fern\u00e1ndez Chento","@id":"https:\/\/vincentians.com\/es\/#\/schema\/person\/9623ef4d9aa3b2dfb8c061f1499288f2"},"headline":"El P. Eugenio Comellas Viladomat (1879-1946) (III)","datePublished":"2014-08-12T06:44:23+00:00","mainEntityOfPage":{"@id":"http:\/\/vincentians.com\/es\/el-p-eugenio-comellas-viladomat-1879-1946-iii\/"},"wordCount":3286,"commentCount":0,"publisher":{"@id":"https:\/\/vincentians.com\/es\/#organization"},"image":{"@id":"http:\/\/vincentians.com\/es\/el-p-eugenio-comellas-viladomat-1879-1946-iii\/#primaryimage"},"thumbnailUrl":"","articleSection":["Testigos vicencianos"],"inLanguage":"es","potentialAction":[{"@type":"CommentAction","name":"Comment","target":["http:\/\/vincentians.com\/es\/el-p-eugenio-comellas-viladomat-1879-1946-iii\/#respond"]}]},{"@type":"WebPage","@id":"http:\/\/vincentians.com\/es\/el-p-eugenio-comellas-viladomat-1879-1946-iii\/","url":"http:\/\/vincentians.com\/es\/el-p-eugenio-comellas-viladomat-1879-1946-iii\/","name":"El P. Eugenio Comellas Viladomat (1879-1946) (III) - Somos Vicencianos","isPartOf":{"@id":"https:\/\/vincentians.com\/es\/#website"},"primaryImageOfPage":{"@id":"http:\/\/vincentians.com\/es\/el-p-eugenio-comellas-viladomat-1879-1946-iii\/#primaryimage"},"image":{"@id":"http:\/\/vincentians.com\/es\/el-p-eugenio-comellas-viladomat-1879-1946-iii\/#primaryimage"},"thumbnailUrl":"","datePublished":"2014-08-12T06:44:23+00:00","breadcrumb":{"@id":"http:\/\/vincentians.com\/es\/el-p-eugenio-comellas-viladomat-1879-1946-iii\/#breadcrumb"},"inLanguage":"es","potentialAction":[{"@type":"ReadAction","target":["http:\/\/vincentians.com\/es\/el-p-eugenio-comellas-viladomat-1879-1946-iii\/"]}]},{"@type":"ImageObject","inLanguage":"es","@id":"http:\/\/vincentians.com\/es\/el-p-eugenio-comellas-viladomat-1879-1946-iii\/#primaryimage","url":"","contentUrl":""},{"@type":"BreadcrumbList","@id":"http:\/\/vincentians.com\/es\/el-p-eugenio-comellas-viladomat-1879-1946-iii\/#breadcrumb","itemListElement":[{"@type":"ListItem","position":1,"name":"Portada","item":"https:\/\/vincentians.com\/es\/"},{"@type":"ListItem","position":2,"name":"El P. Eugenio Comellas Viladomat (1879-1946) (III)"}]},{"@type":"WebSite","@id":"https:\/\/vincentians.com\/es\/#website","url":"https:\/\/vincentians.com\/es\/","name":"Somos Vicencianos","description":"Know more to serve more","publisher":{"@id":"https:\/\/vincentians.com\/es\/#organization"},"potentialAction":[{"@type":"SearchAction","target":{"@type":"EntryPoint","urlTemplate":"https:\/\/vincentians.com\/es\/?s={search_term_string}"},"query-input":{"@type":"PropertyValueSpecification","valueRequired":true,"valueName":"search_term_string"}}],"inLanguage":"es"},{"@type":"Organization","@id":"https:\/\/vincentians.com\/es\/#organization","name":"The Vincentian Network","url":"https:\/\/vincentians.com\/es\/","logo":{"@type":"ImageObject","inLanguage":"es","@id":"https:\/\/vincentians.com\/es\/#\/schema\/logo\/image\/","url":"https:\/\/i1.wp.com\/vincentians.com\/es\/wp-content\/uploads\/sites\/11\/2016\/06\/Vincentian-Network-logo-big.png?fit=778%2C778","contentUrl":"https:\/\/i1.wp.com\/vincentians.com\/es\/wp-content\/uploads\/sites\/11\/2016\/06\/Vincentian-Network-logo-big.png?fit=778%2C778","width":778,"height":778,"caption":"The Vincentian Network"},"image":{"@id":"https:\/\/vincentians.com\/es\/#\/schema\/logo\/image\/"},"sameAs":["https:\/\/www.facebook.com\/WeAreVincentians\/","https:\/\/x.com\/WeVincentians"]},{"@type":"Person","@id":"https:\/\/vincentians.com\/es\/#\/schema\/person\/9623ef4d9aa3b2dfb8c061f1499288f2","name":"Francisco Javier Fern\u00e1ndez Chento","image":{"@type":"ImageObject","inLanguage":"es","@id":"https:\/\/vincentians.com\/es\/#\/schema\/person\/image\/","url":"https:\/\/secure.gravatar.com\/avatar\/497d5cde87b4c3d097d0315953521681ba2cd523ee66e5077c3711f7021e65de?s=96&d=mm&r=g","contentUrl":"https:\/\/secure.gravatar.com\/avatar\/497d5cde87b4c3d097d0315953521681ba2cd523ee66e5077c3711f7021e65de?s=96&d=mm&r=g","caption":"Francisco Javier Fern\u00e1ndez Chento"},"description":"Director General y cofundador de La Red de Formaci\u00f3n Vicenciana. Javier es laico vicenciano, afiliado a la Congregaci\u00f3n de la Misi\u00f3n y miembro del Equipo de Misiones Populares de la provincia can\u00f3nica de Zaragoza (Espa\u00f1a) de la Congregaci\u00f3n de la Misi\u00f3n. Graduado en la Universidad Oberta de Catalunya con cuatro grados (Asistente de direcci\u00f3n, Gesti\u00f3n Administrativa, Recursos Humanos y Contabilidad Avanzada). Bil\u00edng\u00fce Espa\u00f1ol\/Ingl\u00e9s. gestiona y mantiene varias p\u00e1ginas web cristianas y vicencianas, incluida including La Red de Formaci\u00f3n Vicenciana, de la que es cofundador. Actualmente es responsable del \u00e1rea de Espa\u00f1ol de .famvin, la Red de Noticias de la Familia Vicenciana. Tambi\u00e9n es m\u00fasico cat\u00f3lico y ha editado varios discos. Es Director General y cofundador de Trovador, una reconocida compa\u00f1\u00eda discogr\u00e1fica critiana de Espa\u00f1a. Trabaja en las Tecnolog\u00edas de la Informaci\u00f3n, ofreciendo servicios de alojamiento, dise\u00f1o y mantenimiento Web, as\u00ed como asesoramiento, formaci\u00f3n y soluciones inform\u00e1ticas, gesti\u00f3n documental y digitalizaci\u00f3n de textos, edici\u00f3n y maquetaci\u00f3n de libros, revistas, flyers, etc.","sameAs":["http:\/\/chento.org","https:\/\/www.facebook.com\/JavierChento","https:\/\/x.com\/https:\/\/twitter.com\/javierchento"],"url":"http:\/\/vincentians.com\/es\/author\/chento\/"}]}},"jetpack_publicize_connections":[],"jetpack_featured_media_url":"","jetpack_sharing_enabled":true,"jetpack_shortlink":"https:\/\/wp.me\/p7ETMF-y6w","jetpack-related-posts":[{"id":131443,"url":"http:\/\/vincentians.com\/es\/eugenio-comellas-1920-1946-visitador\/","url_meta":{"origin":131100,"position":0},"title":"Eugenio Comellas (1920-1946) (Visitador)","author":"Mitxel Olabu\u00e9naga","date":"02\/10\/2014","format":false,"excerpt":"Nace en Barcelona el 17 de abril de 1879. Ingresa en el Seminario Interno de Madrid (previamente estuvo dos a\u00f1os en la Apost\u00f3lica de Barcelona) el 27 de octubre de 1899. Filosof\u00eda y Teolog\u00eda en Hortaleza y Rialp (nuevo Centro tras la divisi\u00f3n de la Provincia en 1902). Ordenado Sacerdote\u2026","rel":"","context":"En \u00abBiograf\u00edas de Misioneros Pa\u00fales\u00bb","block_context":{"text":"Biograf\u00edas de Misioneros Pa\u00fales","link":"http:\/\/vincentians.com\/es\/category\/la-familia-vicenciana\/biografias-vicencianas\/biografias-de-misioneros-paules\/"},"img":{"alt_text":"","src":"https:\/\/i0.wp.com\/vincentians.com\/es\/wp-content\/uploads\/sites\/11\/2016\/07\/bio-cm.jpg?fit=1200%2C630&resize=350%2C200","width":350,"height":200,"srcset":"https:\/\/i0.wp.com\/vincentians.com\/es\/wp-content\/uploads\/sites\/11\/2016\/07\/bio-cm.jpg?fit=1200%2C630&resize=350%2C200 1x, https:\/\/i0.wp.com\/vincentians.com\/es\/wp-content\/uploads\/sites\/11\/2016\/07\/bio-cm.jpg?fit=1200%2C630&resize=525%2C300 1.5x, https:\/\/i0.wp.com\/vincentians.com\/es\/wp-content\/uploads\/sites\/11\/2016\/07\/bio-cm.jpg?fit=1200%2C630&resize=700%2C400 2x, https:\/\/i0.wp.com\/vincentians.com\/es\/wp-content\/uploads\/sites\/11\/2016\/07\/bio-cm.jpg?fit=1200%2C630&resize=1050%2C600 3x"},"classes":[]},{"id":131091,"url":"http:\/\/vincentians.com\/es\/el-p-eugenio-comellas-viladomat-1879-1946-i\/","url_meta":{"origin":131100,"position":1},"title":"El P. Eugenio Comellas Viladomat (1879-1946) (I)","author":"Francisco Javier Fern\u00e1ndez Chento","date":"10\/08\/2014","format":false,"excerpt":"I. \u2014 LA NOTICIA EN BARCELONA Optimista din\u00e1mico, met\u00f3dico, previsor como siempre del \u00faltimo detalle, pero ajeno por completo a su pr\u00f3ximo fin, escrib\u00eda el P. Comellas al se\u00f1or Superior de esta Casa Central, el 31 de mayo: \"San Pedro Sula, D. D. \u2014 Honduras C. A. \u2014 A.p. n\u00famero\u2026","rel":"","context":"En \u00abTestigos vicencianos\u00bb","block_context":{"text":"Testigos vicencianos","link":"http:\/\/vincentians.com\/es\/category\/la-familia-vicenciana\/testigos-vicencianos\/"},"img":{"alt_text":"cruz_sv","src":"https:\/\/i0.wp.com\/vicencianos.org\/wp-content\/2011\/04\/cruz_sv1.jpg?resize=350%2C200","width":350,"height":200},"classes":[]},{"id":131097,"url":"http:\/\/vincentians.com\/es\/el-p-eugenio-comellas-viladomat-1979-1946-ii\/","url_meta":{"origin":131100,"position":2},"title":"El P. Eugenio Comellas Viladomat (1879-1946) (II)","author":"Francisco Javier Fern\u00e1ndez Chento","date":"11\/08\/2014","format":false,"excerpt":"IV. \u2014 CONFERENCIA SOBRE SUS VIRTUDES Asisten, con la Comunidad barcelonesa, todos los se\u00f1ores Superiores y dem\u00e1s misioneros de otras Casa que estuvieron por la ma\u00f1ana en la Misa-Funeral. Son llamados a hablar el H. Miguel Salas, el bueno del sacrist\u00e1n perpetuo de esta Casa, donde lleva ya 28 a\u00f1os\u2026","rel":"","context":"En \u00abTestigos vicencianos\u00bb","block_context":{"text":"Testigos vicencianos","link":"http:\/\/vincentians.com\/es\/category\/la-familia-vicenciana\/testigos-vicencianos\/"},"img":{"alt_text":"cruz_sv","src":"https:\/\/i0.wp.com\/vicencianos.org\/wp-content\/2011\/04\/cruz_sv1.jpg?resize=350%2C200","width":350,"height":200},"classes":[]},{"id":131119,"url":"http:\/\/vincentians.com\/es\/el-p-rafael-perello-y-perello-1891-1947\/","url_meta":{"origin":131100,"position":3},"title":"El P. Rafael Perell\u00f3 y Perell\u00f3 (1891-1947)","author":"Mitxel Olabu\u00e9naga","date":"24\/08\/2014","format":false,"excerpt":"No es frecuente en la vida del Misionero que cubra su ata\u00fad la misma tierra que sustent\u00f3 su cuna. Porque su vocaci\u00f3n suele llevarle a vivir lejos de su terru\u00f1o y no pocas veces lej\u00edsimos de su misma Patria a la que no vuelve m\u00e1s que de tarde en tarde,\u2026","rel":"","context":"En \u00abBiograf\u00edas de Misioneros Pa\u00fales\u00bb","block_context":{"text":"Biograf\u00edas de Misioneros Pa\u00fales","link":"http:\/\/vincentians.com\/es\/category\/la-familia-vicenciana\/biografias-vicencianas\/biografias-de-misioneros-paules\/"},"img":{"alt_text":"","src":"https:\/\/i0.wp.com\/vincentians.com\/es\/wp-content\/uploads\/sites\/11\/2016\/07\/bio-cm.jpg?fit=1200%2C630&resize=350%2C200","width":350,"height":200,"srcset":"https:\/\/i0.wp.com\/vincentians.com\/es\/wp-content\/uploads\/sites\/11\/2016\/07\/bio-cm.jpg?fit=1200%2C630&resize=350%2C200 1x, https:\/\/i0.wp.com\/vincentians.com\/es\/wp-content\/uploads\/sites\/11\/2016\/07\/bio-cm.jpg?fit=1200%2C630&resize=525%2C300 1.5x, https:\/\/i0.wp.com\/vincentians.com\/es\/wp-content\/uploads\/sites\/11\/2016\/07\/bio-cm.jpg?fit=1200%2C630&resize=700%2C400 2x, https:\/\/i0.wp.com\/vincentians.com\/es\/wp-content\/uploads\/sites\/11\/2016\/07\/bio-cm.jpg?fit=1200%2C630&resize=1050%2C600 3x"},"classes":[]},{"id":127620,"url":"http:\/\/vincentians.com\/es\/juan-aguilar\/","url_meta":{"origin":131100,"position":4},"title":"Juan Aguilar","author":"Mitxel Olabu\u00e9naga","date":"14\/02\/2014","format":false,"excerpt":"Naci\u00f3 el 4 de enero de 1806 en Tora (L\u00e9rida) e ingres\u00f3 en la Congregaci\u00f3n el 3 de mayo de 1829. Dos a\u00f1os despu\u00e9s hizo los votos (4 mayo). Era ya sacerdote en julio de 1835 y se hallaba en la casa de Bar\u00adcelona. Fue a M\u00e9jico en 1850 y\u2026","rel":"","context":"En \u00abBiograf\u00edas de Misioneros Pa\u00fales\u00bb","block_context":{"text":"Biograf\u00edas de Misioneros Pa\u00fales","link":"http:\/\/vincentians.com\/es\/category\/la-familia-vicenciana\/biografias-vicencianas\/biografias-de-misioneros-paules\/"},"img":{"alt_text":"","src":"https:\/\/i0.wp.com\/vincentians.com\/es\/wp-content\/uploads\/sites\/11\/2016\/07\/bio-cm.jpg?fit=1200%2C630&resize=350%2C200","width":350,"height":200,"srcset":"https:\/\/i0.wp.com\/vincentians.com\/es\/wp-content\/uploads\/sites\/11\/2016\/07\/bio-cm.jpg?fit=1200%2C630&resize=350%2C200 1x, https:\/\/i0.wp.com\/vincentians.com\/es\/wp-content\/uploads\/sites\/11\/2016\/07\/bio-cm.jpg?fit=1200%2C630&resize=525%2C300 1.5x, https:\/\/i0.wp.com\/vincentians.com\/es\/wp-content\/uploads\/sites\/11\/2016\/07\/bio-cm.jpg?fit=1200%2C630&resize=700%2C400 2x, https:\/\/i0.wp.com\/vincentians.com\/es\/wp-content\/uploads\/sites\/11\/2016\/07\/bio-cm.jpg?fit=1200%2C630&resize=1050%2C600 3x"},"classes":[]},{"id":127487,"url":"http:\/\/vincentians.com\/es\/hno-luciano-tura\/","url_meta":{"origin":131100,"position":5},"title":"Hno. Luciano Tura","author":"Mitxel Olabu\u00e9naga","date":"16\/01\/2014","format":false,"excerpt":"Natural de Seva (Barcelo\u00adna), naci\u00f3 el 27 de febrero de 1805 y fue admitido en la Congregaci\u00f3n el 2 de marzo de 1827, haciendo los votos el 2 de abril de 1829. En octubre de 1830 lleg\u00f3 a la casa de Madrid, procedente de la de Barcelona. Habiendo huido al\u2026","rel":"","context":"En \u00abBiograf\u00edas de Misioneros Pa\u00fales\u00bb","block_context":{"text":"Biograf\u00edas de Misioneros Pa\u00fales","link":"http:\/\/vincentians.com\/es\/category\/la-familia-vicenciana\/biografias-vicencianas\/biografias-de-misioneros-paules\/"},"img":{"alt_text":"","src":"https:\/\/i0.wp.com\/vincentians.com\/es\/wp-content\/uploads\/sites\/11\/2016\/07\/bio-cm.jpg?fit=1200%2C630&resize=350%2C200","width":350,"height":200,"srcset":"https:\/\/i0.wp.com\/vincentians.com\/es\/wp-content\/uploads\/sites\/11\/2016\/07\/bio-cm.jpg?fit=1200%2C630&resize=350%2C200 1x, https:\/\/i0.wp.com\/vincentians.com\/es\/wp-content\/uploads\/sites\/11\/2016\/07\/bio-cm.jpg?fit=1200%2C630&resize=525%2C300 1.5x, https:\/\/i0.wp.com\/vincentians.com\/es\/wp-content\/uploads\/sites\/11\/2016\/07\/bio-cm.jpg?fit=1200%2C630&resize=700%2C400 2x, https:\/\/i0.wp.com\/vincentians.com\/es\/wp-content\/uploads\/sites\/11\/2016\/07\/bio-cm.jpg?fit=1200%2C630&resize=1050%2C600 3x"},"classes":[]}],"_links":{"self":[{"href":"http:\/\/vincentians.com\/es\/wp-json\/wp\/v2\/posts\/131100","targetHints":{"allow":["GET"]}}],"collection":[{"href":"http:\/\/vincentians.com\/es\/wp-json\/wp\/v2\/posts"}],"about":[{"href":"http:\/\/vincentians.com\/es\/wp-json\/wp\/v2\/types\/post"}],"author":[{"embeddable":true,"href":"http:\/\/vincentians.com\/es\/wp-json\/wp\/v2\/users\/4"}],"replies":[{"embeddable":true,"href":"http:\/\/vincentians.com\/es\/wp-json\/wp\/v2\/comments?post=131100"}],"version-history":[{"count":0,"href":"http:\/\/vincentians.com\/es\/wp-json\/wp\/v2\/posts\/131100\/revisions"}],"wp:featuredmedia":[{"embeddable":true,"href":"http:\/\/vincentians.com\/es\/wp-json\/"}],"wp:attachment":[{"href":"http:\/\/vincentians.com\/es\/wp-json\/wp\/v2\/media?parent=131100"}],"wp:term":[{"taxonomy":"category","embeddable":true,"href":"http:\/\/vincentians.com\/es\/wp-json\/wp\/v2\/categories?post=131100"},{"taxonomy":"post_tag","embeddable":true,"href":"http:\/\/vincentians.com\/es\/wp-json\/wp\/v2\/tags?post=131100"}],"curies":[{"name":"wp","href":"https:\/\/api.w.org\/{rel}","templated":true}]}}