{"id":130989,"date":"2014-08-02T08:37:54","date_gmt":"2014-08-02T06:37:54","guid":{"rendered":"http:\/\/somos.vicencianos.org\/?p=130989"},"modified":"2016-07-27T12:07:48","modified_gmt":"2016-07-27T10:07:48","slug":"hno-estudiante-salvador-herrero-casanovas-1922-1946","status":"publish","type":"post","link":"http:\/\/vincentians.com\/es\/hno-estudiante-salvador-herrero-casanovas-1922-1946\/","title":{"rendered":"Hno. estudiante Salvador Herrero Casanovas (1922-1946)"},"content":{"rendered":"<p style=\"text-align: justify\"><a href=\"http:\/\/vicencianos.org\/blog\/antoine-morando-1650-1694\/biografias-paules-346\/\" rel=\"attachment wp-att-130116\"><img data-recalc-dims=\"1\" loading=\"lazy\" decoding=\"async\" class=\"alignleft size-full wp-image-130116\" src=\"https:\/\/i0.wp.com\/vicencianos.org\/wp-content\/2011\/03\/Biografias-Pa%C3%BAles.jpg?resize=232%2C300\" alt=\"Biografias Pa\u00fales\" width=\"232\" height=\"300\" \/><\/a>La Casa de Espluga ha tenido una novedad importante en los albores del a\u00f1o en curso; novedad que transmitimos a ANALES sin demora, con fines de oportuna informaci\u00f3n y de consoladora y confortante edificaci\u00f3n.<br \/>\nLa Casa de Espluga ha sentido el contacto de la muerte, que no se olvida de los hijos de los hombres; ha visto desaparecer con sorpresa a uno de sus j\u00f3venes moradores. Uno de nuestros amados hermanos estudiantes \u2014el primero desde 1919 en que fallecieron los HH. estudiantes Felip y Peir\u00f3 y no en Espluga\u2014 escuch\u00f3 la \u00faltima hora del reloj de su vida, y se fue a dormir a la tumba. Llam\u00e1base Salvador Herrero Casanovas, nacido en Barcelona el 24 de abril de 1922, siendo sus padres Tom\u00e1s y Blanca.<br \/>\nSabemos de su infancia que fue un ni\u00f1o muy bueno, mereciendo que el Se\u00f1or fijara sus ojos en \u00e9l y le distinguiera con el ideal del Sacerdocio.<br \/>\nEducado un tiempo por las Hijas de la Caridad, estudi\u00f3 en el Seminario Conciliar de Barcelona, y concluido su curso de Humanidades, movido por el deseo de las misiones, ingres\u00f3 u el Seminario Interno de la Congregaci\u00f3n de la Misi\u00f3n en esta Casa el d\u00eda 7 de septiembre de 1943.<br \/>\nTranscurridos con aprovechamiento sus dos a\u00f1os de probada, hizo los Santos Votos con inmensa satisfacci\u00f3n de su esp\u00edritu el d\u00eda 8 de septiembre de 1945.<br \/>\nDio comienzo a sus estudios con tan notable aplicaci\u00f3n que le hizo obtener muy satisfactorias calificaciones en los ex\u00e1menes del primer cursillo, \u00fanicos que ha sufrido.<br \/>\nSu enfermedad, que dur\u00f3 unas tres semanas, empez\u00f3 por una ligera indisposici\u00f3n, la cual fue acentu\u00e1ndose hasta degenerar en una tifoidea que no pudo vencer su naturaleza delicada.<br \/>\nDespu\u00e9s de darnos los m\u00e1s edificantes ejemplos de conformidad a la voluntad de Dios, que cortaba sus sublimes ideales de misionero, de gratitud hondamente sentida a cuantos servicios se le prestaban, de notable paciencia en sufrir los agudos dolores que la enfermedad le ocasionaba y de extraordinario esp\u00edritu de piedad entreg\u00f3 pl\u00e1cidamente su alma a Dios a las dos de la madrugada del d\u00eda 26 de marzo de 1946.<br \/>\nCopiamos de su recordatorio:<br \/>\nNo importa morir temprano si la muerte nos sorprende con las armas en la mano.\u00bb<br \/>\n(M\u00e1xima de San Vicente de Pa\u00fal).<br \/>\n\u00abAcepto, Se\u00f1or, resignado, vuestros inescrutables designios. Quiero, Se\u00f1or, expiar mis pecados.<br \/>\nExpiaci\u00f3n&#8230; Esta es la senda que conduce a la Vida&#8230;<br \/>\nAcepto, Se\u00f1or, mi muerte prematura, tronchando mis m\u00e1s sublimes anhelos. Ac\u00e9ptola, Dios m\u00edo, para el fomento de vocaciones misioneras.\u00bb (Aspiraciones santas del. enfermo).<br \/>\nDescanse en paz nuestro amado difunto y nos consiga abundancia de vocaciones, con las oraciones que, poco antes de morir, prometi\u00f3 hacer a este fin desde el cielo.<\/p>\n","protected":false},"excerpt":{"rendered":"<p>La Casa de Espluga ha tenido una novedad importante en los albores del a\u00f1o en curso; novedad que transmitimos a ANALES sin demora, con fines de oportuna informaci\u00f3n y de consoladora y confortante edificaci\u00f3n. La &#8230; <a href=\"http:\/\/vincentians.com\/es\/hno-estudiante-salvador-herrero-casanovas-1922-1946\/\" class=\"more-link\">Read More<\/a><\/p>\n","protected":false},"author":5,"featured_media":391249,"comment_status":"open","ping_status":"open","sticky":false,"template":"","format":"standard","meta":{"jetpack_post_was_ever_published":false,"_jetpack_newsletter_access":"","_jetpack_dont_email_post_to_subs":false,"_jetpack_newsletter_tier_id":0,"_jetpack_memberships_contains_paywalled_content":false,"_jetpack_memberships_contains_paid_content":false,"footnotes":"","jetpack_publicize_message":"","jetpack_publicize_feature_enabled":true,"jetpack_social_post_already_shared":true,"jetpack_social_options":{"image_generator_settings":{"template":"highway","default_image_id":0,"font":"","enabled":false},"version":2}},"categories":[19],"tags":[],"class_list":["post-130989","post","type-post","status-publish","format-standard","has-post-thumbnail","hentry","category-biografias-de-misioneros-paules"],"yoast_head":"<!-- This site is optimized with the Yoast SEO plugin v26.3 - https:\/\/yoast.com\/wordpress\/plugins\/seo\/ -->\n<title>Hno. estudiante Salvador Herrero Casanovas (1922-1946) - Somos Vicencianos<\/title>\n<meta name=\"robots\" content=\"index, follow, max-snippet:-1, max-image-preview:large, max-video-preview:-1\" \/>\n<link rel=\"canonical\" href=\"http:\/\/vincentians.com\/es\/hno-estudiante-salvador-herrero-casanovas-1922-1946\/\" \/>\n<meta property=\"og:locale\" content=\"es_ES\" \/>\n<meta property=\"og:type\" content=\"article\" \/>\n<meta property=\"og:title\" content=\"Hno. estudiante Salvador Herrero Casanovas (1922-1946) - Somos Vicencianos\" \/>\n<meta property=\"og:description\" content=\"La Casa de Espluga ha tenido una novedad importante en los albores del a\u00f1o en curso; novedad que transmitimos a ANALES sin demora, con fines de oportuna informaci\u00f3n y de consoladora y confortante edificaci\u00f3n. La ... Read More\" \/>\n<meta property=\"og:url\" content=\"http:\/\/vincentians.com\/es\/hno-estudiante-salvador-herrero-casanovas-1922-1946\/\" \/>\n<meta property=\"og:site_name\" content=\"Somos Vicencianos\" \/>\n<meta property=\"article:publisher\" content=\"https:\/\/www.facebook.com\/WeAreVincentians\/\" \/>\n<meta property=\"article:published_time\" content=\"2014-08-02T06:37:54+00:00\" \/>\n<meta property=\"article:modified_time\" content=\"2016-07-27T10:07:48+00:00\" \/>\n<meta property=\"og:image\" content=\"https:\/\/i0.wp.com\/vincentians.com\/es\/wp-content\/uploads\/sites\/11\/2016\/07\/bio-cm.jpg?fit=1200%2C630\" \/>\n\t<meta property=\"og:image:width\" content=\"1200\" \/>\n\t<meta property=\"og:image:height\" content=\"630\" \/>\n\t<meta property=\"og:image:type\" content=\"image\/jpeg\" \/>\n<meta name=\"author\" content=\"Mitxel Olabu\u00e9naga\" \/>\n<meta name=\"twitter:card\" content=\"summary_large_image\" \/>\n<meta name=\"twitter:creator\" content=\"@WeVincentians\" \/>\n<meta name=\"twitter:site\" content=\"@WeVincentians\" \/>\n<meta name=\"twitter:label1\" content=\"Escrito por\" \/>\n\t<meta name=\"twitter:data1\" content=\"Mitxel Olabu\u00e9naga\" \/>\n\t<meta name=\"twitter:label2\" content=\"Tiempo de lectura\" \/>\n\t<meta name=\"twitter:data2\" content=\"2 minutos\" \/>\n<script type=\"application\/ld+json\" class=\"yoast-schema-graph\">{\"@context\":\"https:\/\/schema.org\",\"@graph\":[{\"@type\":\"Article\",\"@id\":\"http:\/\/vincentians.com\/es\/hno-estudiante-salvador-herrero-casanovas-1922-1946\/#article\",\"isPartOf\":{\"@id\":\"http:\/\/vincentians.com\/es\/hno-estudiante-salvador-herrero-casanovas-1922-1946\/\"},\"author\":{\"name\":\"Mitxel Olabu\u00e9naga\",\"@id\":\"https:\/\/vincentians.com\/es\/#\/schema\/person\/7c2670b4445a7ca9d164ea6acdb31859\"},\"headline\":\"Hno. estudiante Salvador Herrero Casanovas (1922-1946)\",\"datePublished\":\"2014-08-02T06:37:54+00:00\",\"dateModified\":\"2016-07-27T10:07:48+00:00\",\"mainEntityOfPage\":{\"@id\":\"http:\/\/vincentians.com\/es\/hno-estudiante-salvador-herrero-casanovas-1922-1946\/\"},\"wordCount\":477,\"commentCount\":0,\"publisher\":{\"@id\":\"https:\/\/vincentians.com\/es\/#organization\"},\"image\":{\"@id\":\"http:\/\/vincentians.com\/es\/hno-estudiante-salvador-herrero-casanovas-1922-1946\/#primaryimage\"},\"thumbnailUrl\":\"https:\/\/i0.wp.com\/vincentians.com\/es\/wp-content\/uploads\/sites\/11\/2016\/07\/bio-cm.jpg?fit=1200%2C630\",\"articleSection\":[\"Biograf\u00edas de Misioneros Pa\u00fales\"],\"inLanguage\":\"es\",\"potentialAction\":[{\"@type\":\"CommentAction\",\"name\":\"Comment\",\"target\":[\"http:\/\/vincentians.com\/es\/hno-estudiante-salvador-herrero-casanovas-1922-1946\/#respond\"]}]},{\"@type\":\"WebPage\",\"@id\":\"http:\/\/vincentians.com\/es\/hno-estudiante-salvador-herrero-casanovas-1922-1946\/\",\"url\":\"http:\/\/vincentians.com\/es\/hno-estudiante-salvador-herrero-casanovas-1922-1946\/\",\"name\":\"Hno. estudiante Salvador Herrero Casanovas (1922-1946) - Somos Vicencianos\",\"isPartOf\":{\"@id\":\"https:\/\/vincentians.com\/es\/#website\"},\"primaryImageOfPage\":{\"@id\":\"http:\/\/vincentians.com\/es\/hno-estudiante-salvador-herrero-casanovas-1922-1946\/#primaryimage\"},\"image\":{\"@id\":\"http:\/\/vincentians.com\/es\/hno-estudiante-salvador-herrero-casanovas-1922-1946\/#primaryimage\"},\"thumbnailUrl\":\"https:\/\/i0.wp.com\/vincentians.com\/es\/wp-content\/uploads\/sites\/11\/2016\/07\/bio-cm.jpg?fit=1200%2C630\",\"datePublished\":\"2014-08-02T06:37:54+00:00\",\"dateModified\":\"2016-07-27T10:07:48+00:00\",\"breadcrumb\":{\"@id\":\"http:\/\/vincentians.com\/es\/hno-estudiante-salvador-herrero-casanovas-1922-1946\/#breadcrumb\"},\"inLanguage\":\"es\",\"potentialAction\":[{\"@type\":\"ReadAction\",\"target\":[\"http:\/\/vincentians.com\/es\/hno-estudiante-salvador-herrero-casanovas-1922-1946\/\"]}]},{\"@type\":\"ImageObject\",\"inLanguage\":\"es\",\"@id\":\"http:\/\/vincentians.com\/es\/hno-estudiante-salvador-herrero-casanovas-1922-1946\/#primaryimage\",\"url\":\"https:\/\/i0.wp.com\/vincentians.com\/es\/wp-content\/uploads\/sites\/11\/2016\/07\/bio-cm.jpg?fit=1200%2C630\",\"contentUrl\":\"https:\/\/i0.wp.com\/vincentians.com\/es\/wp-content\/uploads\/sites\/11\/2016\/07\/bio-cm.jpg?fit=1200%2C630\",\"width\":1200,\"height\":630},{\"@type\":\"BreadcrumbList\",\"@id\":\"http:\/\/vincentians.com\/es\/hno-estudiante-salvador-herrero-casanovas-1922-1946\/#breadcrumb\",\"itemListElement\":[{\"@type\":\"ListItem\",\"position\":1,\"name\":\"Portada\",\"item\":\"https:\/\/vincentians.com\/es\/\"},{\"@type\":\"ListItem\",\"position\":2,\"name\":\"Hno. estudiante Salvador Herrero Casanovas (1922-1946)\"}]},{\"@type\":\"WebSite\",\"@id\":\"https:\/\/vincentians.com\/es\/#website\",\"url\":\"https:\/\/vincentians.com\/es\/\",\"name\":\"Somos Vicencianos\",\"description\":\"Know more to serve more\",\"publisher\":{\"@id\":\"https:\/\/vincentians.com\/es\/#organization\"},\"potentialAction\":[{\"@type\":\"SearchAction\",\"target\":{\"@type\":\"EntryPoint\",\"urlTemplate\":\"https:\/\/vincentians.com\/es\/?s={search_term_string}\"},\"query-input\":{\"@type\":\"PropertyValueSpecification\",\"valueRequired\":true,\"valueName\":\"search_term_string\"}}],\"inLanguage\":\"es\"},{\"@type\":\"Organization\",\"@id\":\"https:\/\/vincentians.com\/es\/#organization\",\"name\":\"The Vincentian Network\",\"url\":\"https:\/\/vincentians.com\/es\/\",\"logo\":{\"@type\":\"ImageObject\",\"inLanguage\":\"es\",\"@id\":\"https:\/\/vincentians.com\/es\/#\/schema\/logo\/image\/\",\"url\":\"https:\/\/i1.wp.com\/vincentians.com\/es\/wp-content\/uploads\/sites\/11\/2016\/06\/Vincentian-Network-logo-big.png?fit=778%2C778\",\"contentUrl\":\"https:\/\/i1.wp.com\/vincentians.com\/es\/wp-content\/uploads\/sites\/11\/2016\/06\/Vincentian-Network-logo-big.png?fit=778%2C778\",\"width\":778,\"height\":778,\"caption\":\"The Vincentian Network\"},\"image\":{\"@id\":\"https:\/\/vincentians.com\/es\/#\/schema\/logo\/image\/\"},\"sameAs\":[\"https:\/\/www.facebook.com\/WeAreVincentians\/\",\"https:\/\/x.com\/WeVincentians\"]},{\"@type\":\"Person\",\"@id\":\"https:\/\/vincentians.com\/es\/#\/schema\/person\/7c2670b4445a7ca9d164ea6acdb31859\",\"name\":\"Mitxel Olabu\u00e9naga\",\"image\":{\"@type\":\"ImageObject\",\"inLanguage\":\"es\",\"@id\":\"https:\/\/vincentians.com\/es\/#\/schema\/person\/image\/\",\"url\":\"https:\/\/secure.gravatar.com\/avatar\/34137ec2e2b8939cbbed975731e71f3f4f1defc7266ded337a5ce0f925426877?s=96&d=mm&r=g\",\"contentUrl\":\"https:\/\/secure.gravatar.com\/avatar\/34137ec2e2b8939cbbed975731e71f3f4f1defc7266ded337a5ce0f925426877?s=96&d=mm&r=g\",\"caption\":\"Mitxel Olabu\u00e9naga\"},\"url\":\"http:\/\/vincentians.com\/es\/author\/mitxel\/\"}]}<\/script>\n<!-- \/ Yoast SEO plugin. -->","yoast_head_json":{"title":"Hno. estudiante Salvador Herrero Casanovas (1922-1946) - Somos Vicencianos","robots":{"index":"index","follow":"follow","max-snippet":"max-snippet:-1","max-image-preview":"max-image-preview:large","max-video-preview":"max-video-preview:-1"},"canonical":"http:\/\/vincentians.com\/es\/hno-estudiante-salvador-herrero-casanovas-1922-1946\/","og_locale":"es_ES","og_type":"article","og_title":"Hno. estudiante Salvador Herrero Casanovas (1922-1946) - Somos Vicencianos","og_description":"La Casa de Espluga ha tenido una novedad importante en los albores del a\u00f1o en curso; novedad que transmitimos a ANALES sin demora, con fines de oportuna informaci\u00f3n y de consoladora y confortante edificaci\u00f3n. La ... Read More","og_url":"http:\/\/vincentians.com\/es\/hno-estudiante-salvador-herrero-casanovas-1922-1946\/","og_site_name":"Somos Vicencianos","article_publisher":"https:\/\/www.facebook.com\/WeAreVincentians\/","article_published_time":"2014-08-02T06:37:54+00:00","article_modified_time":"2016-07-27T10:07:48+00:00","og_image":[{"width":1200,"height":630,"url":"https:\/\/i0.wp.com\/vincentians.com\/es\/wp-content\/uploads\/sites\/11\/2016\/07\/bio-cm.jpg?fit=1200%2C630","type":"image\/jpeg"}],"author":"Mitxel Olabu\u00e9naga","twitter_card":"summary_large_image","twitter_creator":"@WeVincentians","twitter_site":"@WeVincentians","twitter_misc":{"Escrito por":"Mitxel Olabu\u00e9naga","Tiempo de lectura":"2 minutos"},"schema":{"@context":"https:\/\/schema.org","@graph":[{"@type":"Article","@id":"http:\/\/vincentians.com\/es\/hno-estudiante-salvador-herrero-casanovas-1922-1946\/#article","isPartOf":{"@id":"http:\/\/vincentians.com\/es\/hno-estudiante-salvador-herrero-casanovas-1922-1946\/"},"author":{"name":"Mitxel Olabu\u00e9naga","@id":"https:\/\/vincentians.com\/es\/#\/schema\/person\/7c2670b4445a7ca9d164ea6acdb31859"},"headline":"Hno. estudiante Salvador Herrero Casanovas (1922-1946)","datePublished":"2014-08-02T06:37:54+00:00","dateModified":"2016-07-27T10:07:48+00:00","mainEntityOfPage":{"@id":"http:\/\/vincentians.com\/es\/hno-estudiante-salvador-herrero-casanovas-1922-1946\/"},"wordCount":477,"commentCount":0,"publisher":{"@id":"https:\/\/vincentians.com\/es\/#organization"},"image":{"@id":"http:\/\/vincentians.com\/es\/hno-estudiante-salvador-herrero-casanovas-1922-1946\/#primaryimage"},"thumbnailUrl":"https:\/\/i0.wp.com\/vincentians.com\/es\/wp-content\/uploads\/sites\/11\/2016\/07\/bio-cm.jpg?fit=1200%2C630","articleSection":["Biograf\u00edas de Misioneros Pa\u00fales"],"inLanguage":"es","potentialAction":[{"@type":"CommentAction","name":"Comment","target":["http:\/\/vincentians.com\/es\/hno-estudiante-salvador-herrero-casanovas-1922-1946\/#respond"]}]},{"@type":"WebPage","@id":"http:\/\/vincentians.com\/es\/hno-estudiante-salvador-herrero-casanovas-1922-1946\/","url":"http:\/\/vincentians.com\/es\/hno-estudiante-salvador-herrero-casanovas-1922-1946\/","name":"Hno. estudiante Salvador Herrero Casanovas (1922-1946) - Somos Vicencianos","isPartOf":{"@id":"https:\/\/vincentians.com\/es\/#website"},"primaryImageOfPage":{"@id":"http:\/\/vincentians.com\/es\/hno-estudiante-salvador-herrero-casanovas-1922-1946\/#primaryimage"},"image":{"@id":"http:\/\/vincentians.com\/es\/hno-estudiante-salvador-herrero-casanovas-1922-1946\/#primaryimage"},"thumbnailUrl":"https:\/\/i0.wp.com\/vincentians.com\/es\/wp-content\/uploads\/sites\/11\/2016\/07\/bio-cm.jpg?fit=1200%2C630","datePublished":"2014-08-02T06:37:54+00:00","dateModified":"2016-07-27T10:07:48+00:00","breadcrumb":{"@id":"http:\/\/vincentians.com\/es\/hno-estudiante-salvador-herrero-casanovas-1922-1946\/#breadcrumb"},"inLanguage":"es","potentialAction":[{"@type":"ReadAction","target":["http:\/\/vincentians.com\/es\/hno-estudiante-salvador-herrero-casanovas-1922-1946\/"]}]},{"@type":"ImageObject","inLanguage":"es","@id":"http:\/\/vincentians.com\/es\/hno-estudiante-salvador-herrero-casanovas-1922-1946\/#primaryimage","url":"https:\/\/i0.wp.com\/vincentians.com\/es\/wp-content\/uploads\/sites\/11\/2016\/07\/bio-cm.jpg?fit=1200%2C630","contentUrl":"https:\/\/i0.wp.com\/vincentians.com\/es\/wp-content\/uploads\/sites\/11\/2016\/07\/bio-cm.jpg?fit=1200%2C630","width":1200,"height":630},{"@type":"BreadcrumbList","@id":"http:\/\/vincentians.com\/es\/hno-estudiante-salvador-herrero-casanovas-1922-1946\/#breadcrumb","itemListElement":[{"@type":"ListItem","position":1,"name":"Portada","item":"https:\/\/vincentians.com\/es\/"},{"@type":"ListItem","position":2,"name":"Hno. estudiante Salvador Herrero Casanovas (1922-1946)"}]},{"@type":"WebSite","@id":"https:\/\/vincentians.com\/es\/#website","url":"https:\/\/vincentians.com\/es\/","name":"Somos Vicencianos","description":"Know more to serve more","publisher":{"@id":"https:\/\/vincentians.com\/es\/#organization"},"potentialAction":[{"@type":"SearchAction","target":{"@type":"EntryPoint","urlTemplate":"https:\/\/vincentians.com\/es\/?s={search_term_string}"},"query-input":{"@type":"PropertyValueSpecification","valueRequired":true,"valueName":"search_term_string"}}],"inLanguage":"es"},{"@type":"Organization","@id":"https:\/\/vincentians.com\/es\/#organization","name":"The Vincentian Network","url":"https:\/\/vincentians.com\/es\/","logo":{"@type":"ImageObject","inLanguage":"es","@id":"https:\/\/vincentians.com\/es\/#\/schema\/logo\/image\/","url":"https:\/\/i1.wp.com\/vincentians.com\/es\/wp-content\/uploads\/sites\/11\/2016\/06\/Vincentian-Network-logo-big.png?fit=778%2C778","contentUrl":"https:\/\/i1.wp.com\/vincentians.com\/es\/wp-content\/uploads\/sites\/11\/2016\/06\/Vincentian-Network-logo-big.png?fit=778%2C778","width":778,"height":778,"caption":"The Vincentian Network"},"image":{"@id":"https:\/\/vincentians.com\/es\/#\/schema\/logo\/image\/"},"sameAs":["https:\/\/www.facebook.com\/WeAreVincentians\/","https:\/\/x.com\/WeVincentians"]},{"@type":"Person","@id":"https:\/\/vincentians.com\/es\/#\/schema\/person\/7c2670b4445a7ca9d164ea6acdb31859","name":"Mitxel Olabu\u00e9naga","image":{"@type":"ImageObject","inLanguage":"es","@id":"https:\/\/vincentians.com\/es\/#\/schema\/person\/image\/","url":"https:\/\/secure.gravatar.com\/avatar\/34137ec2e2b8939cbbed975731e71f3f4f1defc7266ded337a5ce0f925426877?s=96&d=mm&r=g","contentUrl":"https:\/\/secure.gravatar.com\/avatar\/34137ec2e2b8939cbbed975731e71f3f4f1defc7266ded337a5ce0f925426877?s=96&d=mm&r=g","caption":"Mitxel Olabu\u00e9naga"},"url":"http:\/\/vincentians.com\/es\/author\/mitxel\/"}]}},"jetpack_publicize_connections":[],"jetpack_featured_media_url":"https:\/\/i0.wp.com\/vincentians.com\/es\/wp-content\/uploads\/sites\/11\/2016\/07\/bio-cm.jpg?fit=1200%2C630","jetpack_sharing_enabled":true,"jetpack_shortlink":"https:\/\/wp.me\/p7ETMF-y4J","jetpack-related-posts":[{"id":109342,"url":"http:\/\/vincentians.com\/es\/la-provincia-de-barcelona-hasta-1970-ii\/","url_meta":{"origin":130989,"position":0},"title":"La Provincia de Barcelona hasta 1970 (II)","author":"Mitxel Olabu\u00e9naga","date":"08\/06\/2021","format":false,"excerpt":"4. CASA DE BELLPUIG. - Es conocida vulgarmente en toda la f\u00e9rtil comarca de los Llanos de Urgel con el nombre de \"el Convent de Bellpuig\", debido a su primitivo origen. Una gran parte de su edificio constituye material\u00admente una joya art\u00edstica del siglo XVI. No nos vamos a entretener\u2026","rel":"","context":"En \u00abHistoria de la Congregaci\u00f3n de la Misi\u00f3n en Espa\u00f1a\u00bb","block_context":{"text":"Historia de la Congregaci\u00f3n de la Misi\u00f3n en Espa\u00f1a","link":"http:\/\/vincentians.com\/es\/category\/historia-de-la-familia-vicenciana\/historia-de-la-congregacion-de-la-mision-en-espana\/"},"img":{"alt_text":"","src":"https:\/\/i0.wp.com\/vincentians.com\/es\/wp-content\/uploads\/sites\/11\/2016\/09\/enviados-evangelizar-pobres.jpg?fit=1200%2C630&resize=350%2C200","width":350,"height":200,"srcset":"https:\/\/i0.wp.com\/vincentians.com\/es\/wp-content\/uploads\/sites\/11\/2016\/09\/enviados-evangelizar-pobres.jpg?fit=1200%2C630&resize=350%2C200 1x, https:\/\/i0.wp.com\/vincentians.com\/es\/wp-content\/uploads\/sites\/11\/2016\/09\/enviados-evangelizar-pobres.jpg?fit=1200%2C630&resize=525%2C300 1.5x, https:\/\/i0.wp.com\/vincentians.com\/es\/wp-content\/uploads\/sites\/11\/2016\/09\/enviados-evangelizar-pobres.jpg?fit=1200%2C630&resize=700%2C400 2x, https:\/\/i0.wp.com\/vincentians.com\/es\/wp-content\/uploads\/sites\/11\/2016\/09\/enviados-evangelizar-pobres.jpg?fit=1200%2C630&resize=1050%2C600 3x"},"classes":[]},{"id":131451,"url":"http:\/\/vincentians.com\/es\/jose-mulet-1970-1979-visitador\/","url_meta":{"origin":130989,"position":1},"title":"Jos\u00e9 Mulet (1970-1979) (Visitador)","author":"Mitxel Olabu\u00e9naga","date":"10\/10\/2014","format":false,"excerpt":"Nace en Santa Eugenia (Mallorca) el 20 de enero de 1931. Cursa las Humanidades en la Apost\u00f3lica de Palma, donde ingres\u00f3 el 17 de septiembre de 1943. Inicia el Seminario Interno el 7 de septiembre de 1948 en la casa de Espluga de Francol\u00ed, donde realiza, adem\u00e1s, todos sus estudios\u2026","rel":"","context":"En \u00abBiograf\u00edas de Misioneros Pa\u00fales\u00bb","block_context":{"text":"Biograf\u00edas de Misioneros Pa\u00fales","link":"http:\/\/vincentians.com\/es\/category\/la-familia-vicenciana\/biografias-vicencianas\/biografias-de-misioneros-paules\/"},"img":{"alt_text":"","src":"https:\/\/i0.wp.com\/vincentians.com\/es\/wp-content\/uploads\/sites\/11\/2016\/07\/bio-cm.jpg?fit=1200%2C630&resize=350%2C200","width":350,"height":200,"srcset":"https:\/\/i0.wp.com\/vincentians.com\/es\/wp-content\/uploads\/sites\/11\/2016\/07\/bio-cm.jpg?fit=1200%2C630&resize=350%2C200 1x, https:\/\/i0.wp.com\/vincentians.com\/es\/wp-content\/uploads\/sites\/11\/2016\/07\/bio-cm.jpg?fit=1200%2C630&resize=525%2C300 1.5x, https:\/\/i0.wp.com\/vincentians.com\/es\/wp-content\/uploads\/sites\/11\/2016\/07\/bio-cm.jpg?fit=1200%2C630&resize=700%2C400 2x, https:\/\/i0.wp.com\/vincentians.com\/es\/wp-content\/uploads\/sites\/11\/2016\/07\/bio-cm.jpg?fit=1200%2C630&resize=1050%2C600 3x"},"classes":[]},{"id":72552,"url":"http:\/\/vincentians.com\/es\/luis-berenguer-moretones-1869-1936\/","url_meta":{"origin":130989,"position":2},"title":"Luis Berenguer Moretones (1869-1936)","author":"Mitxel Olabu\u00e9naga","date":"27\/03\/2012","format":false,"excerpt":"Naci\u00f3 en Santa Mar\u00eda de Horta de Avi\u00f1\u00f3, provincia de Bar\u00adcelona y di\u00f3cesis de Vich, el 4 de julio de 1869. Entr\u00f3 en la Congregaci\u00f3n el 7 de septiembre de 1884. Gran parte de su vida la pas\u00f3 en M\u00e9jico (M\u00e9rida de Yuca\u00adt\u00e1n, San Luis de Potos\u00ed), y transitoriamente en\u2026","rel":"","context":"En \u00abBiograf\u00edas de Misioneros Pa\u00fales\u00bb","block_context":{"text":"Biograf\u00edas de Misioneros Pa\u00fales","link":"http:\/\/vincentians.com\/es\/category\/la-familia-vicenciana\/biografias-vicencianas\/biografias-de-misioneros-paules\/"},"img":{"alt_text":"","src":"https:\/\/i0.wp.com\/vincentians.com\/es\/wp-content\/uploads\/sites\/11\/2016\/07\/bio-cm.jpg?fit=1200%2C630&resize=350%2C200","width":350,"height":200,"srcset":"https:\/\/i0.wp.com\/vincentians.com\/es\/wp-content\/uploads\/sites\/11\/2016\/07\/bio-cm.jpg?fit=1200%2C630&resize=350%2C200 1x, https:\/\/i0.wp.com\/vincentians.com\/es\/wp-content\/uploads\/sites\/11\/2016\/07\/bio-cm.jpg?fit=1200%2C630&resize=525%2C300 1.5x, https:\/\/i0.wp.com\/vincentians.com\/es\/wp-content\/uploads\/sites\/11\/2016\/07\/bio-cm.jpg?fit=1200%2C630&resize=700%2C400 2x, https:\/\/i0.wp.com\/vincentians.com\/es\/wp-content\/uploads\/sites\/11\/2016\/07\/bio-cm.jpg?fit=1200%2C630&resize=1050%2C600 3x"},"classes":[]},{"id":116834,"url":"http:\/\/vincentians.com\/es\/p-martin-de-espluga\/","url_meta":{"origin":130989,"position":3},"title":"P. Mart\u00edn de Espluga","author":"Mitxel Olabu\u00e9naga","date":"22\/01\/2013","format":false,"excerpt":"Entr\u00f3 ya sacerdote en la Congregaci\u00f3n el 24 de febrero de 1796. Hab\u00eda nacido el 18 de octubre de 1755 en Crejenz\u00e1n, cerca de Barbastro. Hizo los votos el 25 de febrero de 1798 y un mes m\u00e1s tarde lle\u00adgaba destinado al Seminario de Barbastro. En el mismo acab\u00f3 sus\u2026","rel":"","context":"En \u00abBiograf\u00edas de Misioneros Pa\u00fales\u00bb","block_context":{"text":"Biograf\u00edas de Misioneros Pa\u00fales","link":"http:\/\/vincentians.com\/es\/category\/la-familia-vicenciana\/biografias-vicencianas\/biografias-de-misioneros-paules\/"},"img":{"alt_text":"","src":"https:\/\/i0.wp.com\/vincentians.com\/es\/wp-content\/uploads\/sites\/11\/2016\/07\/bio-cm.jpg?fit=1200%2C630&resize=350%2C200","width":350,"height":200,"srcset":"https:\/\/i0.wp.com\/vincentians.com\/es\/wp-content\/uploads\/sites\/11\/2016\/07\/bio-cm.jpg?fit=1200%2C630&resize=350%2C200 1x, https:\/\/i0.wp.com\/vincentians.com\/es\/wp-content\/uploads\/sites\/11\/2016\/07\/bio-cm.jpg?fit=1200%2C630&resize=525%2C300 1.5x, https:\/\/i0.wp.com\/vincentians.com\/es\/wp-content\/uploads\/sites\/11\/2016\/07\/bio-cm.jpg?fit=1200%2C630&resize=700%2C400 2x, https:\/\/i0.wp.com\/vincentians.com\/es\/wp-content\/uploads\/sites\/11\/2016\/07\/bio-cm.jpg?fit=1200%2C630&resize=1050%2C600 3x"},"classes":[]},{"id":131447,"url":"http:\/\/vincentians.com\/es\/mariano-perez-1959-1965-visitador\/","url_meta":{"origin":130989,"position":4},"title":"Mariano P\u00e9rez (1959-1965) (Visitador)","author":"Mitxel Olabu\u00e9naga","date":"06\/10\/2014","format":false,"excerpt":"Nace en Valladolid el 24 de septiembre de 1891. Entra en el Seminario Interno de Barcelona el 31 de agosto de 1907. Ordenado de sacerdote en Tacubaya el 4 de junio de 1916. Dedicado a la formaci\u00f3n en los Seminarios de Cuzco y Arequipa. En 1926 parte para Honduras y\u2026","rel":"","context":"En \u00abBiograf\u00edas de Misioneros Pa\u00fales\u00bb","block_context":{"text":"Biograf\u00edas de Misioneros Pa\u00fales","link":"http:\/\/vincentians.com\/es\/category\/la-familia-vicenciana\/biografias-vicencianas\/biografias-de-misioneros-paules\/"},"img":{"alt_text":"","src":"https:\/\/i0.wp.com\/vincentians.com\/es\/wp-content\/uploads\/sites\/11\/2016\/07\/bio-cm.jpg?fit=1200%2C630&resize=350%2C200","width":350,"height":200,"srcset":"https:\/\/i0.wp.com\/vincentians.com\/es\/wp-content\/uploads\/sites\/11\/2016\/07\/bio-cm.jpg?fit=1200%2C630&resize=350%2C200 1x, https:\/\/i0.wp.com\/vincentians.com\/es\/wp-content\/uploads\/sites\/11\/2016\/07\/bio-cm.jpg?fit=1200%2C630&resize=525%2C300 1.5x, https:\/\/i0.wp.com\/vincentians.com\/es\/wp-content\/uploads\/sites\/11\/2016\/07\/bio-cm.jpg?fit=1200%2C630&resize=700%2C400 2x, https:\/\/i0.wp.com\/vincentians.com\/es\/wp-content\/uploads\/sites\/11\/2016\/07\/bio-cm.jpg?fit=1200%2C630&resize=1050%2C600 3x"},"classes":[]},{"id":131443,"url":"http:\/\/vincentians.com\/es\/eugenio-comellas-1920-1946-visitador\/","url_meta":{"origin":130989,"position":5},"title":"Eugenio Comellas (1920-1946) (Visitador)","author":"Mitxel Olabu\u00e9naga","date":"02\/10\/2014","format":false,"excerpt":"Nace en Barcelona el 17 de abril de 1879. Ingresa en el Seminario Interno de Madrid (previamente estuvo dos a\u00f1os en la Apost\u00f3lica de Barcelona) el 27 de octubre de 1899. Filosof\u00eda y Teolog\u00eda en Hortaleza y Rialp (nuevo Centro tras la divisi\u00f3n de la Provincia en 1902). Ordenado Sacerdote\u2026","rel":"","context":"En \u00abBiograf\u00edas de Misioneros Pa\u00fales\u00bb","block_context":{"text":"Biograf\u00edas de Misioneros Pa\u00fales","link":"http:\/\/vincentians.com\/es\/category\/la-familia-vicenciana\/biografias-vicencianas\/biografias-de-misioneros-paules\/"},"img":{"alt_text":"","src":"https:\/\/i0.wp.com\/vincentians.com\/es\/wp-content\/uploads\/sites\/11\/2016\/07\/bio-cm.jpg?fit=1200%2C630&resize=350%2C200","width":350,"height":200,"srcset":"https:\/\/i0.wp.com\/vincentians.com\/es\/wp-content\/uploads\/sites\/11\/2016\/07\/bio-cm.jpg?fit=1200%2C630&resize=350%2C200 1x, https:\/\/i0.wp.com\/vincentians.com\/es\/wp-content\/uploads\/sites\/11\/2016\/07\/bio-cm.jpg?fit=1200%2C630&resize=525%2C300 1.5x, https:\/\/i0.wp.com\/vincentians.com\/es\/wp-content\/uploads\/sites\/11\/2016\/07\/bio-cm.jpg?fit=1200%2C630&resize=700%2C400 2x, https:\/\/i0.wp.com\/vincentians.com\/es\/wp-content\/uploads\/sites\/11\/2016\/07\/bio-cm.jpg?fit=1200%2C630&resize=1050%2C600 3x"},"classes":[]}],"_links":{"self":[{"href":"http:\/\/vincentians.com\/es\/wp-json\/wp\/v2\/posts\/130989","targetHints":{"allow":["GET"]}}],"collection":[{"href":"http:\/\/vincentians.com\/es\/wp-json\/wp\/v2\/posts"}],"about":[{"href":"http:\/\/vincentians.com\/es\/wp-json\/wp\/v2\/types\/post"}],"author":[{"embeddable":true,"href":"http:\/\/vincentians.com\/es\/wp-json\/wp\/v2\/users\/5"}],"replies":[{"embeddable":true,"href":"http:\/\/vincentians.com\/es\/wp-json\/wp\/v2\/comments?post=130989"}],"version-history":[{"count":0,"href":"http:\/\/vincentians.com\/es\/wp-json\/wp\/v2\/posts\/130989\/revisions"}],"wp:featuredmedia":[{"embeddable":true,"href":"http:\/\/vincentians.com\/es\/wp-json\/wp\/v2\/media\/391249"}],"wp:attachment":[{"href":"http:\/\/vincentians.com\/es\/wp-json\/wp\/v2\/media?parent=130989"}],"wp:term":[{"taxonomy":"category","embeddable":true,"href":"http:\/\/vincentians.com\/es\/wp-json\/wp\/v2\/categories?post=130989"},{"taxonomy":"post_tag","embeddable":true,"href":"http:\/\/vincentians.com\/es\/wp-json\/wp\/v2\/tags?post=130989"}],"curies":[{"name":"wp","href":"https:\/\/api.w.org\/{rel}","templated":true}]}}