{"id":130946,"date":"2014-07-29T08:14:43","date_gmt":"2014-07-29T06:14:43","guid":{"rendered":"http:\/\/somos.vicencianos.org\/?p=130946"},"modified":"2014-07-29T08:14:43","modified_gmt":"2014-07-29T06:14:43","slug":"asociacion-de-senoras-de-las-caridad-de-mexico-iii","status":"publish","type":"post","link":"http:\/\/vincentians.com\/es\/asociacion-de-senoras-de-las-caridad-de-mexico-iii\/","title":{"rendered":"Asociaci\u00f3n de se\u00f1oras de las Caridad de M\u00e9xico (III)"},"content":{"rendered":"<p style=\"text-align: justify\"><a href=\"http:\/\/vicencianos.org\/blog\/asociacion-de-senoras-de-la-caridad-de-mexico-i\/aic-9\/\" rel=\"attachment wp-att-130941\"><img data-recalc-dims=\"1\" loading=\"lazy\" decoding=\"async\" class=\"alignleft  wp-image-130941\" src=\"https:\/\/i0.wp.com\/vicencianos.org\/wp-content\/2014\/07\/aic.png?resize=263%2C263\" alt=\"aic\" width=\"263\" height=\"263\" \/><\/a>III.- ESTADO ACTUAL DE LA ASOCIACI\u00d3N.<br \/>\nTodos conocemos los trastornos pol\u00edticos, sociales y religiosos ocurridos en nuestra Patria en la \u00faltima mitad del siglo pasado, trastornos que han dejado sentir su influencia en nuestra fe, en nuestras costumbres, en nuestras ideas, en nuestras necesidades, en nuestras relaciones, en nuestro modo de ser, cambi\u00e1ndolo todo a nuestro alrededor; pero lo que m\u00e1s, indudablemente, se ha resentido en esos cambios, ha sido nuestra creencia religiosa y el gobierno y r\u00e9gimen de nuestras piadosas Asociaciones. Mientras vivi\u00f3 el P. Mu\u00f1oz, de santa memoria, como recorr\u00eda las ciudades y pueblos predicando continuamente la caridad y bajando sin interrupci\u00f3n en conservar y multiplicar la asociaci\u00f3n de Se\u00f1oras de la Caridad, \u00e9sta no decay\u00f3; mas despu\u00e9s de la muerte de tan celoso Misionero, como las se\u00f1oras se pusieron a\u00fan en peor situaci\u00f3n y los Hijos de San Vicente andaban dispersos, expulsados de sus domicilios por leyes violentas, las se\u00f1oras de nuestra amada obra se encontraban como ovejas sin pastor, sin una voz cari\u00f1osa y firme que las impulsara por el sendero del bien. Ya con extraordinarios esfuerzos las dirig\u00eda el P. D. Agust\u00edn Torresa, ya el P. D. Vicente de P. Andrade, ya otros fervorosos Misioneros; y si bien todos trabajaban con ah\u00ednco por el sostenimiento de esta Asociaci\u00f3n de caridad, no pudieron impedir decayese de su antiguo esplendor, aunque conservaron siempre las socias el verdadero esp\u00edritu de su instituci\u00f3n.<br \/>\nPor este tiempo se vieron frecuentemente se\u00f1oras de excelente educaci\u00f3n, finos modales, elegante y sencillo traje, entrar en pobres casitas, pisar inmundas chozas y visitar a desoladas viudas enfermas, cargadas de familia, cuyos hijitos, hambrientos, p\u00e1lidos y cadav\u00e9ricos, cubiertos de harapos, casi desnudos, rodeaban su pobr\u00edsimo lecho pidi\u00e9ndoles pan; y como las desventuradas no pod\u00edan ,satisfacer el hambre y la necesidad de esos pedazos de su coraz\u00f3n, lloraban por la necesidad y sufrimientos de sus ni\u00f1os m\u00e1s que por sus propios dolores. Este triste cuadro enternec\u00eda, conmov\u00eda a las Se\u00f1oras de la Caridad que lo presenciaban. Consolaban a las madres, abrazaban a los hijos, y, como \u00e1ngeles de paz, infund\u00edan la calma y la esperanza en aquellos corazones, socorr\u00edan por el momento, seg\u00fan les era posible, aquella perentoria, casi extrema necesidad, y luego, a pie unas veces y en sus carruajes otras, iban a las familias ricas a suplicarles por amor de Dios les ayudasen a socorrer a aquellos pobres. Reunidos a fuerza de fatigas alimentos, medicinas, vestidos, y despu\u00e9s de haber conseguido que el Sacerdote y el M\u00e9dico fuesen a ver y prestar sus auxilios a las enfermas, se presentaban otra vez en aquel desmantelado albergue con abundancia de todo, y no se retiraban de \u00e9l a descansar de sus fatigas hasta que hab\u00edan perfeccionado su obra de misericordia.<br \/>\nEsta es la verdadera caridad; esta es la fuerza misteriosa y fecunda que sostiene maravillosamente estas ben\u00e9ficas Conferencias. \u00bfC\u00f3mo una Asociaci\u00f3n, que no cuenta con capital de que disponer, ha podido remediar tantas necesidades y enjugar tantas l\u00e1grimas? \u00bfQui\u00e9n ha dado a las se\u00f1oras que la componen tanto valor y constancia en medio de tan grandes y tan numerosas contrariedades y dificulta-des? Las palabras misteriosas y divinas que resuenan sin cesar en el coraz\u00f3n tierno y generoso de las se\u00f1oras mejicanas: Amad a vuestros pr\u00f3jimos como a vosotros mismos; lo que hiciereis con vuestros pr\u00f3jimos lo recibir\u00e9 como si lo hiciereis conmigo mismo, comunicaban a sus almas una fuerza invisible, sobrenatural, y les impel\u00edan a socorrer toda suerte de necesidades; esas palabras celestiales, que jam\u00e1s se han olvidado, ni se olvidar\u00e1n, en esta tierra predilecta de la Madre de la Misericordia, conservaron en d\u00edas de prueba nuestra Asociaci\u00f3n; y esas palabras, por fin, cuando la tempestad se calm\u00f3 un poco, volvieron nuestras Conferencias a su antiguo desarrollo y prosperidad. Esto se verific\u00f3 principalmente cuando el P. D. F\u00e9lix Mariscal, Visitador de la Congregaci\u00f3n de la Misi\u00f3n y digno Director general de las Se\u00f1oras de la Caridad, las tom\u00f3 por obediencia bajo su sabia direcci\u00f3n.<br \/>\nEn 1886, dando cuenta en p\u00fablico documento ese Hijo de San Vicente de los trabajos de nuestra Asociaci\u00f3n, dec\u00eda. \u00abHoy cuenta, se\u00f1oras, vuestra Asociaci\u00f3n con 29 consejos centrales, en los cuales hay 276 secciones, con un personal de 3.511 socias activas y 5.113 contribuyentes \u00fa honorarias. Este ej\u00e9rcito de almas generosas, revestidas de la caridad de Jesucristo, ha introducido el b\u00e1lsamo del consuelo en un sinn\u00famero de familias, ya con sus numerosas visitas, ya con sus abundantes liberalidades, ya, en fin, con mil palabras de consuelo dirigidas oportunamente al curar llagas, al darles las medicinas y al distribuirles los alimentos necesarios para su subsistencia. Veinti\u00fan mil ciento setenta y cuatro pesos, con ocho centavos, hab\u00e9is invertido en as vuestras obras de caridad.\u00bb<br \/>\nNo se apart\u00f3 de su esp\u00edritu la Asociaci\u00f3n de Se\u00f1oras de Caridad, ni se paraliz\u00f3 en su desenvolvimiento en los a\u00f1os que estuvo al frente de ella el P. Mariscal; por el contrario, creci\u00f3 r\u00e1pidamente, al grado de que tres a\u00f1os despu\u00e9s contaba con 35 consejos centrales, 7.344 socias activas y 10.601 honorarias, habiendo gastado en sus obras piadosas la considerable suma de 53.336 pesos con 24 centavos. M\u00e1s perfecta ha sido todav\u00eda la organizaci\u00f3n y mayor el desenvolvimiento que ha tomado la Asociaci\u00f3n desde el a\u00f1o de 1891 por circunstancias particulares y por la palpable protecci\u00f3n del Se\u00f1or, como se advertir\u00e1 f\u00e1cilmente asando la vista por el siguiente resumen:<br \/>\nTiene actualmente 26 centros, con 14.933 socias activas 21.047 honorarias; cuenta con unos 40 hospitales fundados y sostenidos con fondos de la Asociaci\u00f3n, donde son cuidados los enfermos con todo esmero y visitados por las mismas se\u00f1oras; con m\u00e1s de 20 cocinas econ\u00f3micas para alimentar a familias pobres que no pueden trabajar; cuenta tambi\u00e9n con consultorios m\u00e9dicos gratuitos, botiquines, asilos y colegios de ni\u00f1as en gran n\u00famero, y otros establecimientos ben\u00e9ficos que ser\u00eda demasiado prolijo enumerar y que, por lo general, se hace menci\u00f3n de ellos en la Memoria que cada a\u00f1o se publica para satisfacci\u00f3n de los contribuyentes a tan santa obra, emulaci\u00f3n de todos, y para conservar las relaciones que existen con el centro de toda la Asociaci\u00f3n, establecido desde sus principios en Par\u00eds. Las cantidades que en el \u00faltimo a\u00f1o de que se di\u00f3 cuenta se han empleado en toda nuestra Rep\u00fablica en tan santas y caritativas obras, han sido de 182.002 pesos 41 centavos. \u00a1Gloria a Dios!<br \/>\nY gracias tambi\u00e9n a las bendiciones, protecci\u00f3n y eficaces auxilios prestados por nuestros limos. Rvmos. Se\u00f1ores Arzobispo y Obispos a tan beneficiosa obra; gracias a la activa cooperaci\u00f3n de los Sres. Curas, que celosos por la salvaci\u00f3n de las almas y deseosos del bienestar de sus feligreses, han prestado con todo el afecto de sus almas su valiosa ayuda a las piadosas se\u00f1oras; gracias a los fervorosos, sabios, prudentes y caritativos directores, que han dirigido en las obras de misericordia a dichas se\u00f1oras con sus consejos y ense\u00f1ando con sus ejemplos; gracias a las mismas se\u00f1oras, que no han deca\u00eddo de \u00e1nimo en medio de tantos contratiempos y de tantas dificultades, sino que con generosos esfuerzos han seguido sin vacilaciones el sendero abierto y se\u00f1alado por la caridad; y gracias, por fin, a los corazones buenos y siempre dadivosos de las personas pudientes de nuestro desinteresado y magn\u00e1nimo pueblo.<\/p>\n","protected":false},"excerpt":{"rendered":"<p>III.- ESTADO ACTUAL DE LA ASOCIACI\u00d3N. Todos conocemos los trastornos pol\u00edticos, sociales y religiosos ocurridos en nuestra Patria en la \u00faltima mitad del siglo pasado, trastornos que han dejado sentir su influencia en nuestra fe, &#8230; <a href=\"http:\/\/vincentians.com\/es\/asociacion-de-senoras-de-las-caridad-de-mexico-iii\/\" class=\"more-link\">Read More<\/a><\/p>\n","protected":false},"author":4,"featured_media":130941,"comment_status":"open","ping_status":"open","sticky":false,"template":"","format":"standard","meta":{"jetpack_post_was_ever_published":false,"_jetpack_newsletter_access":"","_jetpack_dont_email_post_to_subs":false,"_jetpack_newsletter_tier_id":0,"_jetpack_memberships_contains_paywalled_content":false,"_jetpack_memberships_contains_paid_content":false,"footnotes":"","jetpack_publicize_message":"","jetpack_publicize_feature_enabled":true,"jetpack_social_post_already_shared":true,"jetpack_social_options":{"image_generator_settings":{"template":"highway","default_image_id":0,"font":"","enabled":false},"version":2}},"categories":[275],"tags":[],"class_list":["post-130946","post","type-post","status-publish","format-standard","has-post-thumbnail","hentry","category-historia-sin-categorizar"],"yoast_head":"<!-- This site is optimized with the Yoast SEO plugin v26.3 - https:\/\/yoast.com\/wordpress\/plugins\/seo\/ -->\n<title>Asociaci\u00f3n de se\u00f1oras de las Caridad de M\u00e9xico (III) - Somos Vicencianos<\/title>\n<meta name=\"robots\" content=\"index, follow, max-snippet:-1, max-image-preview:large, max-video-preview:-1\" \/>\n<link rel=\"canonical\" href=\"http:\/\/vincentians.com\/es\/asociacion-de-senoras-de-las-caridad-de-mexico-iii\/\" \/>\n<meta property=\"og:locale\" content=\"es_ES\" \/>\n<meta property=\"og:type\" content=\"article\" \/>\n<meta property=\"og:title\" content=\"Asociaci\u00f3n de se\u00f1oras de las Caridad de M\u00e9xico (III) - Somos Vicencianos\" \/>\n<meta property=\"og:description\" content=\"III.- ESTADO ACTUAL DE LA ASOCIACI\u00d3N. Todos conocemos los trastornos pol\u00edticos, sociales y religiosos ocurridos en nuestra Patria en la \u00faltima mitad del siglo pasado, trastornos que han dejado sentir su influencia en nuestra fe, ... Read More\" \/>\n<meta property=\"og:url\" content=\"http:\/\/vincentians.com\/es\/asociacion-de-senoras-de-las-caridad-de-mexico-iii\/\" \/>\n<meta property=\"og:site_name\" content=\"Somos Vicencianos\" \/>\n<meta property=\"article:publisher\" content=\"https:\/\/www.facebook.com\/WeAreVincentians\/\" \/>\n<meta property=\"article:author\" content=\"https:\/\/www.facebook.com\/JavierChento\" \/>\n<meta property=\"article:published_time\" content=\"2014-07-29T06:14:43+00:00\" \/>\n<meta name=\"author\" content=\"Francisco Javier Fern\u00e1ndez Chento\" \/>\n<meta name=\"twitter:card\" content=\"summary_large_image\" \/>\n<meta name=\"twitter:creator\" content=\"@https:\/\/twitter.com\/javierchento\" \/>\n<meta name=\"twitter:site\" content=\"@WeVincentians\" \/>\n<meta name=\"twitter:label1\" content=\"Escrito por\" \/>\n\t<meta name=\"twitter:data1\" content=\"Francisco Javier Fern\u00e1ndez Chento\" \/>\n\t<meta name=\"twitter:label2\" content=\"Tiempo de lectura\" \/>\n\t<meta name=\"twitter:data2\" content=\"6 minutos\" \/>\n<script type=\"application\/ld+json\" class=\"yoast-schema-graph\">{\"@context\":\"https:\/\/schema.org\",\"@graph\":[{\"@type\":\"Article\",\"@id\":\"http:\/\/vincentians.com\/es\/asociacion-de-senoras-de-las-caridad-de-mexico-iii\/#article\",\"isPartOf\":{\"@id\":\"http:\/\/vincentians.com\/es\/asociacion-de-senoras-de-las-caridad-de-mexico-iii\/\"},\"author\":{\"name\":\"Francisco Javier Fern\u00e1ndez Chento\",\"@id\":\"https:\/\/vincentians.com\/es\/#\/schema\/person\/9623ef4d9aa3b2dfb8c061f1499288f2\"},\"headline\":\"Asociaci\u00f3n de se\u00f1oras de las Caridad de M\u00e9xico (III)\",\"datePublished\":\"2014-07-29T06:14:43+00:00\",\"mainEntityOfPage\":{\"@id\":\"http:\/\/vincentians.com\/es\/asociacion-de-senoras-de-las-caridad-de-mexico-iii\/\"},\"wordCount\":1310,\"commentCount\":0,\"publisher\":{\"@id\":\"https:\/\/vincentians.com\/es\/#organization\"},\"image\":{\"@id\":\"http:\/\/vincentians.com\/es\/asociacion-de-senoras-de-las-caridad-de-mexico-iii\/#primaryimage\"},\"thumbnailUrl\":\"\",\"articleSection\":[\"Historia sin categorizar\"],\"inLanguage\":\"es\",\"potentialAction\":[{\"@type\":\"CommentAction\",\"name\":\"Comment\",\"target\":[\"http:\/\/vincentians.com\/es\/asociacion-de-senoras-de-las-caridad-de-mexico-iii\/#respond\"]}]},{\"@type\":\"WebPage\",\"@id\":\"http:\/\/vincentians.com\/es\/asociacion-de-senoras-de-las-caridad-de-mexico-iii\/\",\"url\":\"http:\/\/vincentians.com\/es\/asociacion-de-senoras-de-las-caridad-de-mexico-iii\/\",\"name\":\"Asociaci\u00f3n de se\u00f1oras de las Caridad de M\u00e9xico (III) - Somos Vicencianos\",\"isPartOf\":{\"@id\":\"https:\/\/vincentians.com\/es\/#website\"},\"primaryImageOfPage\":{\"@id\":\"http:\/\/vincentians.com\/es\/asociacion-de-senoras-de-las-caridad-de-mexico-iii\/#primaryimage\"},\"image\":{\"@id\":\"http:\/\/vincentians.com\/es\/asociacion-de-senoras-de-las-caridad-de-mexico-iii\/#primaryimage\"},\"thumbnailUrl\":\"\",\"datePublished\":\"2014-07-29T06:14:43+00:00\",\"breadcrumb\":{\"@id\":\"http:\/\/vincentians.com\/es\/asociacion-de-senoras-de-las-caridad-de-mexico-iii\/#breadcrumb\"},\"inLanguage\":\"es\",\"potentialAction\":[{\"@type\":\"ReadAction\",\"target\":[\"http:\/\/vincentians.com\/es\/asociacion-de-senoras-de-las-caridad-de-mexico-iii\/\"]}]},{\"@type\":\"ImageObject\",\"inLanguage\":\"es\",\"@id\":\"http:\/\/vincentians.com\/es\/asociacion-de-senoras-de-las-caridad-de-mexico-iii\/#primaryimage\",\"url\":\"\",\"contentUrl\":\"\"},{\"@type\":\"BreadcrumbList\",\"@id\":\"http:\/\/vincentians.com\/es\/asociacion-de-senoras-de-las-caridad-de-mexico-iii\/#breadcrumb\",\"itemListElement\":[{\"@type\":\"ListItem\",\"position\":1,\"name\":\"Portada\",\"item\":\"https:\/\/vincentians.com\/es\/\"},{\"@type\":\"ListItem\",\"position\":2,\"name\":\"Asociaci\u00f3n de se\u00f1oras de las Caridad de M\u00e9xico (III)\"}]},{\"@type\":\"WebSite\",\"@id\":\"https:\/\/vincentians.com\/es\/#website\",\"url\":\"https:\/\/vincentians.com\/es\/\",\"name\":\"Somos Vicencianos\",\"description\":\"Know more to serve more\",\"publisher\":{\"@id\":\"https:\/\/vincentians.com\/es\/#organization\"},\"potentialAction\":[{\"@type\":\"SearchAction\",\"target\":{\"@type\":\"EntryPoint\",\"urlTemplate\":\"https:\/\/vincentians.com\/es\/?s={search_term_string}\"},\"query-input\":{\"@type\":\"PropertyValueSpecification\",\"valueRequired\":true,\"valueName\":\"search_term_string\"}}],\"inLanguage\":\"es\"},{\"@type\":\"Organization\",\"@id\":\"https:\/\/vincentians.com\/es\/#organization\",\"name\":\"The Vincentian Network\",\"url\":\"https:\/\/vincentians.com\/es\/\",\"logo\":{\"@type\":\"ImageObject\",\"inLanguage\":\"es\",\"@id\":\"https:\/\/vincentians.com\/es\/#\/schema\/logo\/image\/\",\"url\":\"https:\/\/i1.wp.com\/vincentians.com\/es\/wp-content\/uploads\/sites\/11\/2016\/06\/Vincentian-Network-logo-big.png?fit=778%2C778\",\"contentUrl\":\"https:\/\/i1.wp.com\/vincentians.com\/es\/wp-content\/uploads\/sites\/11\/2016\/06\/Vincentian-Network-logo-big.png?fit=778%2C778\",\"width\":778,\"height\":778,\"caption\":\"The Vincentian Network\"},\"image\":{\"@id\":\"https:\/\/vincentians.com\/es\/#\/schema\/logo\/image\/\"},\"sameAs\":[\"https:\/\/www.facebook.com\/WeAreVincentians\/\",\"https:\/\/x.com\/WeVincentians\"]},{\"@type\":\"Person\",\"@id\":\"https:\/\/vincentians.com\/es\/#\/schema\/person\/9623ef4d9aa3b2dfb8c061f1499288f2\",\"name\":\"Francisco Javier Fern\u00e1ndez Chento\",\"image\":{\"@type\":\"ImageObject\",\"inLanguage\":\"es\",\"@id\":\"https:\/\/vincentians.com\/es\/#\/schema\/person\/image\/\",\"url\":\"https:\/\/secure.gravatar.com\/avatar\/497d5cde87b4c3d097d0315953521681ba2cd523ee66e5077c3711f7021e65de?s=96&d=mm&r=g\",\"contentUrl\":\"https:\/\/secure.gravatar.com\/avatar\/497d5cde87b4c3d097d0315953521681ba2cd523ee66e5077c3711f7021e65de?s=96&d=mm&r=g\",\"caption\":\"Francisco Javier Fern\u00e1ndez Chento\"},\"description\":\"Director General y cofundador de La Red de Formaci\u00f3n Vicenciana. Javier es laico vicenciano, afiliado a la Congregaci\u00f3n de la Misi\u00f3n y miembro del Equipo de Misiones Populares de la provincia can\u00f3nica de Zaragoza (Espa\u00f1a) de la Congregaci\u00f3n de la Misi\u00f3n. Graduado en la Universidad Oberta de Catalunya con cuatro grados (Asistente de direcci\u00f3n, Gesti\u00f3n Administrativa, Recursos Humanos y Contabilidad Avanzada). Bil\u00edng\u00fce Espa\u00f1ol\/Ingl\u00e9s. gestiona y mantiene varias p\u00e1ginas web cristianas y vicencianas, incluida including La Red de Formaci\u00f3n Vicenciana, de la que es cofundador. Actualmente es responsable del \u00e1rea de Espa\u00f1ol de .famvin, la Red de Noticias de la Familia Vicenciana. Tambi\u00e9n es m\u00fasico cat\u00f3lico y ha editado varios discos. Es Director General y cofundador de Trovador, una reconocida compa\u00f1\u00eda discogr\u00e1fica critiana de Espa\u00f1a. Trabaja en las Tecnolog\u00edas de la Informaci\u00f3n, ofreciendo servicios de alojamiento, dise\u00f1o y mantenimiento Web, as\u00ed como asesoramiento, formaci\u00f3n y soluciones inform\u00e1ticas, gesti\u00f3n documental y digitalizaci\u00f3n de textos, edici\u00f3n y maquetaci\u00f3n de libros, revistas, flyers, etc.\",\"sameAs\":[\"http:\/\/chento.org\",\"https:\/\/www.facebook.com\/JavierChento\",\"https:\/\/x.com\/https:\/\/twitter.com\/javierchento\"],\"url\":\"http:\/\/vincentians.com\/es\/author\/chento\/\"}]}<\/script>\n<!-- \/ Yoast SEO plugin. -->","yoast_head_json":{"title":"Asociaci\u00f3n de se\u00f1oras de las Caridad de M\u00e9xico (III) - Somos Vicencianos","robots":{"index":"index","follow":"follow","max-snippet":"max-snippet:-1","max-image-preview":"max-image-preview:large","max-video-preview":"max-video-preview:-1"},"canonical":"http:\/\/vincentians.com\/es\/asociacion-de-senoras-de-las-caridad-de-mexico-iii\/","og_locale":"es_ES","og_type":"article","og_title":"Asociaci\u00f3n de se\u00f1oras de las Caridad de M\u00e9xico (III) - Somos Vicencianos","og_description":"III.- ESTADO ACTUAL DE LA ASOCIACI\u00d3N. Todos conocemos los trastornos pol\u00edticos, sociales y religiosos ocurridos en nuestra Patria en la \u00faltima mitad del siglo pasado, trastornos que han dejado sentir su influencia en nuestra fe, ... Read More","og_url":"http:\/\/vincentians.com\/es\/asociacion-de-senoras-de-las-caridad-de-mexico-iii\/","og_site_name":"Somos Vicencianos","article_publisher":"https:\/\/www.facebook.com\/WeAreVincentians\/","article_author":"https:\/\/www.facebook.com\/JavierChento","article_published_time":"2014-07-29T06:14:43+00:00","author":"Francisco Javier Fern\u00e1ndez Chento","twitter_card":"summary_large_image","twitter_creator":"@https:\/\/twitter.com\/javierchento","twitter_site":"@WeVincentians","twitter_misc":{"Escrito por":"Francisco Javier Fern\u00e1ndez Chento","Tiempo de lectura":"6 minutos"},"schema":{"@context":"https:\/\/schema.org","@graph":[{"@type":"Article","@id":"http:\/\/vincentians.com\/es\/asociacion-de-senoras-de-las-caridad-de-mexico-iii\/#article","isPartOf":{"@id":"http:\/\/vincentians.com\/es\/asociacion-de-senoras-de-las-caridad-de-mexico-iii\/"},"author":{"name":"Francisco Javier Fern\u00e1ndez Chento","@id":"https:\/\/vincentians.com\/es\/#\/schema\/person\/9623ef4d9aa3b2dfb8c061f1499288f2"},"headline":"Asociaci\u00f3n de se\u00f1oras de las Caridad de M\u00e9xico (III)","datePublished":"2014-07-29T06:14:43+00:00","mainEntityOfPage":{"@id":"http:\/\/vincentians.com\/es\/asociacion-de-senoras-de-las-caridad-de-mexico-iii\/"},"wordCount":1310,"commentCount":0,"publisher":{"@id":"https:\/\/vincentians.com\/es\/#organization"},"image":{"@id":"http:\/\/vincentians.com\/es\/asociacion-de-senoras-de-las-caridad-de-mexico-iii\/#primaryimage"},"thumbnailUrl":"","articleSection":["Historia sin categorizar"],"inLanguage":"es","potentialAction":[{"@type":"CommentAction","name":"Comment","target":["http:\/\/vincentians.com\/es\/asociacion-de-senoras-de-las-caridad-de-mexico-iii\/#respond"]}]},{"@type":"WebPage","@id":"http:\/\/vincentians.com\/es\/asociacion-de-senoras-de-las-caridad-de-mexico-iii\/","url":"http:\/\/vincentians.com\/es\/asociacion-de-senoras-de-las-caridad-de-mexico-iii\/","name":"Asociaci\u00f3n de se\u00f1oras de las Caridad de M\u00e9xico (III) - Somos Vicencianos","isPartOf":{"@id":"https:\/\/vincentians.com\/es\/#website"},"primaryImageOfPage":{"@id":"http:\/\/vincentians.com\/es\/asociacion-de-senoras-de-las-caridad-de-mexico-iii\/#primaryimage"},"image":{"@id":"http:\/\/vincentians.com\/es\/asociacion-de-senoras-de-las-caridad-de-mexico-iii\/#primaryimage"},"thumbnailUrl":"","datePublished":"2014-07-29T06:14:43+00:00","breadcrumb":{"@id":"http:\/\/vincentians.com\/es\/asociacion-de-senoras-de-las-caridad-de-mexico-iii\/#breadcrumb"},"inLanguage":"es","potentialAction":[{"@type":"ReadAction","target":["http:\/\/vincentians.com\/es\/asociacion-de-senoras-de-las-caridad-de-mexico-iii\/"]}]},{"@type":"ImageObject","inLanguage":"es","@id":"http:\/\/vincentians.com\/es\/asociacion-de-senoras-de-las-caridad-de-mexico-iii\/#primaryimage","url":"","contentUrl":""},{"@type":"BreadcrumbList","@id":"http:\/\/vincentians.com\/es\/asociacion-de-senoras-de-las-caridad-de-mexico-iii\/#breadcrumb","itemListElement":[{"@type":"ListItem","position":1,"name":"Portada","item":"https:\/\/vincentians.com\/es\/"},{"@type":"ListItem","position":2,"name":"Asociaci\u00f3n de se\u00f1oras de las Caridad de M\u00e9xico (III)"}]},{"@type":"WebSite","@id":"https:\/\/vincentians.com\/es\/#website","url":"https:\/\/vincentians.com\/es\/","name":"Somos Vicencianos","description":"Know more to serve more","publisher":{"@id":"https:\/\/vincentians.com\/es\/#organization"},"potentialAction":[{"@type":"SearchAction","target":{"@type":"EntryPoint","urlTemplate":"https:\/\/vincentians.com\/es\/?s={search_term_string}"},"query-input":{"@type":"PropertyValueSpecification","valueRequired":true,"valueName":"search_term_string"}}],"inLanguage":"es"},{"@type":"Organization","@id":"https:\/\/vincentians.com\/es\/#organization","name":"The Vincentian Network","url":"https:\/\/vincentians.com\/es\/","logo":{"@type":"ImageObject","inLanguage":"es","@id":"https:\/\/vincentians.com\/es\/#\/schema\/logo\/image\/","url":"https:\/\/i1.wp.com\/vincentians.com\/es\/wp-content\/uploads\/sites\/11\/2016\/06\/Vincentian-Network-logo-big.png?fit=778%2C778","contentUrl":"https:\/\/i1.wp.com\/vincentians.com\/es\/wp-content\/uploads\/sites\/11\/2016\/06\/Vincentian-Network-logo-big.png?fit=778%2C778","width":778,"height":778,"caption":"The Vincentian Network"},"image":{"@id":"https:\/\/vincentians.com\/es\/#\/schema\/logo\/image\/"},"sameAs":["https:\/\/www.facebook.com\/WeAreVincentians\/","https:\/\/x.com\/WeVincentians"]},{"@type":"Person","@id":"https:\/\/vincentians.com\/es\/#\/schema\/person\/9623ef4d9aa3b2dfb8c061f1499288f2","name":"Francisco Javier Fern\u00e1ndez Chento","image":{"@type":"ImageObject","inLanguage":"es","@id":"https:\/\/vincentians.com\/es\/#\/schema\/person\/image\/","url":"https:\/\/secure.gravatar.com\/avatar\/497d5cde87b4c3d097d0315953521681ba2cd523ee66e5077c3711f7021e65de?s=96&d=mm&r=g","contentUrl":"https:\/\/secure.gravatar.com\/avatar\/497d5cde87b4c3d097d0315953521681ba2cd523ee66e5077c3711f7021e65de?s=96&d=mm&r=g","caption":"Francisco Javier Fern\u00e1ndez Chento"},"description":"Director General y cofundador de La Red de Formaci\u00f3n Vicenciana. Javier es laico vicenciano, afiliado a la Congregaci\u00f3n de la Misi\u00f3n y miembro del Equipo de Misiones Populares de la provincia can\u00f3nica de Zaragoza (Espa\u00f1a) de la Congregaci\u00f3n de la Misi\u00f3n. Graduado en la Universidad Oberta de Catalunya con cuatro grados (Asistente de direcci\u00f3n, Gesti\u00f3n Administrativa, Recursos Humanos y Contabilidad Avanzada). Bil\u00edng\u00fce Espa\u00f1ol\/Ingl\u00e9s. gestiona y mantiene varias p\u00e1ginas web cristianas y vicencianas, incluida including La Red de Formaci\u00f3n Vicenciana, de la que es cofundador. Actualmente es responsable del \u00e1rea de Espa\u00f1ol de .famvin, la Red de Noticias de la Familia Vicenciana. Tambi\u00e9n es m\u00fasico cat\u00f3lico y ha editado varios discos. Es Director General y cofundador de Trovador, una reconocida compa\u00f1\u00eda discogr\u00e1fica critiana de Espa\u00f1a. Trabaja en las Tecnolog\u00edas de la Informaci\u00f3n, ofreciendo servicios de alojamiento, dise\u00f1o y mantenimiento Web, as\u00ed como asesoramiento, formaci\u00f3n y soluciones inform\u00e1ticas, gesti\u00f3n documental y digitalizaci\u00f3n de textos, edici\u00f3n y maquetaci\u00f3n de libros, revistas, flyers, etc.","sameAs":["http:\/\/chento.org","https:\/\/www.facebook.com\/JavierChento","https:\/\/x.com\/https:\/\/twitter.com\/javierchento"],"url":"http:\/\/vincentians.com\/es\/author\/chento\/"}]}},"jetpack_publicize_connections":[],"jetpack_featured_media_url":"","jetpack_sharing_enabled":true,"jetpack_shortlink":"https:\/\/wp.me\/p7ETMF-y42","jetpack-related-posts":[{"id":387338,"url":"http:\/\/vincentians.com\/es\/resena-biografica-de-santa-luisa-de-marillac\/","url_meta":{"origin":130946,"position":0},"title":"Rese\u00f1a biogr\u00e1fica de Santa Luisa de Marillac","author":"Francisco Javier Fern\u00e1ndez Chento","date":"09\/05\/2025","format":false,"excerpt":"Una preocupaci\u00f3n y un cambio Luisa de Marillac vivi\u00f3 en Par\u00eds en los a\u00f1os de Enrique IV, Luis XIII y Luis XIV, reyes de Francia en el siglo XVII, mientras en Espa\u00f1a reinaban Felipe III y Felipe IV. Presenci\u00f3, por lo mismo, la Guerra de los Treinta A\u00f1os entre Francia\u2026","rel":"","context":"En \u00abLuisa de Marillac\u00bb","block_context":{"text":"Luisa de Marillac","link":"http:\/\/vincentians.com\/es\/category\/la-familia-vicenciana\/fundadores\/luisa-de-marillac\/"},"img":{"alt_text":"","src":"https:\/\/i0.wp.com\/vincentians.com\/es\/wp-content\/uploads\/sites\/11\/2013\/04\/n-1.jpg?fit=823%2C564&resize=350%2C200","width":350,"height":200,"srcset":"https:\/\/i0.wp.com\/vincentians.com\/es\/wp-content\/uploads\/sites\/11\/2013\/04\/n-1.jpg?fit=823%2C564&resize=350%2C200 1x, https:\/\/i0.wp.com\/vincentians.com\/es\/wp-content\/uploads\/sites\/11\/2013\/04\/n-1.jpg?fit=823%2C564&resize=525%2C300 1.5x, https:\/\/i0.wp.com\/vincentians.com\/es\/wp-content\/uploads\/sites\/11\/2013\/04\/n-1.jpg?fit=823%2C564&resize=700%2C400 2x"},"classes":[]},{"id":134896,"url":"http:\/\/vincentians.com\/es\/por-claustro-las-calles-de-la-ciudad\/","url_meta":{"origin":130946,"position":1},"title":"&#8230;Por claustro las calles de la ciudad","author":"Francisco Javier Fern\u00e1ndez Chento","date":"13\/01\/2015","format":false,"excerpt":"La parte III del Libro II del C\u00f3digo de Derecho Can\u00f3nico de 1983, que lleva el t\u00edtulo \"De los institutos de vida consagrada y de las sociedades de vida apost\u00f3lica\", contiene afirmaciones y distinciones fundamentales importantes. Vale la pena recordar algunas. Se afirma que los consejos evang\u00e9licos son un don\u2026","rel":"","context":"En \u00abHijas de la Caridad\u00bb","block_context":{"text":"Hijas de la Caridad","link":"http:\/\/vincentians.com\/es\/category\/la-familia-vicenciana\/ramas\/hijas-de-la-caridad\/"},"img":{"alt_text":"hijas_caridad","src":"https:\/\/i0.wp.com\/vicencianos.org\/wp-content\/2015\/01\/hijas_caridad-300x225.jpg?resize=350%2C200","width":350,"height":200},"classes":[]},{"id":124197,"url":"http:\/\/vincentians.com\/es\/vicente-de-paul-el-fundador\/","url_meta":{"origin":130946,"position":2},"title":"Vicente de Pa\u00fal: El fundador","author":"Francisco Javier Fern\u00e1ndez Chento","date":"03\/03\/2023","format":false,"excerpt":"Por a\u00f1os, Vicente hab\u00eda compartido con sacerdotes y seglares su atenci\u00f3n a los pobres. Ahora empieza por reunir a estos compa\u00f1eros en una comunidad permanente. Es decir, como Jesucristo, o el ap\u00f3stol Pablo, empieza a juntar sacerdotes y ayudantes para que compartan no s\u00f3lo sus deberes sino tambi\u00e9n toda su\u2026","rel":"","context":"En \u00abVicente de Pa\u00fal\u00bb","block_context":{"text":"Vicente de Pa\u00fal","link":"http:\/\/vincentians.com\/es\/category\/la-familia-vicenciana\/fundadores\/vicente-de-paul\/"},"img":{"alt_text":"","src":"https:\/\/i0.wp.com\/vincentians.com\/es\/wp-content\/uploads\/sites\/11\/2013\/04\/d.jpg?fit=1200%2C799&resize=350%2C200","width":350,"height":200,"srcset":"https:\/\/i0.wp.com\/vincentians.com\/es\/wp-content\/uploads\/sites\/11\/2013\/04\/d.jpg?fit=1200%2C799&resize=350%2C200 1x, https:\/\/i0.wp.com\/vincentians.com\/es\/wp-content\/uploads\/sites\/11\/2013\/04\/d.jpg?fit=1200%2C799&resize=525%2C300 1.5x, https:\/\/i0.wp.com\/vincentians.com\/es\/wp-content\/uploads\/sites\/11\/2013\/04\/d.jpg?fit=1200%2C799&resize=700%2C400 2x, https:\/\/i0.wp.com\/vincentians.com\/es\/wp-content\/uploads\/sites\/11\/2013\/04\/d.jpg?fit=1200%2C799&resize=1050%2C600 3x"},"classes":[]},{"id":130940,"url":"http:\/\/vincentians.com\/es\/asociacion-de-senoras-de-la-caridad-de-mexico-i\/","url_meta":{"origin":130946,"position":3},"title":"Asociaci\u00f3n de se\u00f1oras de la Caridad de M\u00e9xico (I)","author":"Francisco Javier Fern\u00e1ndez Chento","date":"25\/07\/2014","format":false,"excerpt":"I.- SU ORIGEN Y DESENVOLVIMIENTO El Presb\u00edtero de la Congregaci\u00f3n de la Misi\u00f3n de San tente de Pa\u00fal Sr. D. Juan Figuerola, hombre de una caridad ardiente y de una constancia a toda prueba, fund\u00f3, la ciudad de Puebla, a manera de ensayo, la Asociaci\u00f3n de Se\u00f1oras de la Caridad\u2026","rel":"","context":"En \u00abHistoria sin categorizar\u00bb","block_context":{"text":"Historia sin categorizar","link":"http:\/\/vincentians.com\/es\/category\/historia-de-la-familia-vicenciana\/historia-sin-categorizar\/"},"img":{"alt_text":"aic","src":"https:\/\/i0.wp.com\/vicencianos.org\/wp-content\/2014\/07\/aic.png?resize=350%2C200","width":350,"height":200},"classes":[]},{"id":128712,"url":"http:\/\/vincentians.com\/es\/carta-de-santa-luisa-a-la-superiora-de-las-cistercienses\/","url_meta":{"origin":130946,"position":4},"title":"Carta de santa Luisa a la Superiora de las Cistercienses","author":"Francisco Javier Fern\u00e1ndez Chento","date":"26\/01\/2014","format":false,"excerpt":"La intenci\u00f3n directa que tiene Luisa de Marillac al escribirle una carta a la Madre Superiora de las cistercienses de Argenteuil es la de aclararle que las Hijas de la Caridad, igual que las benedictinas, tienen una vocaci\u00f3n divina que las introduce en una vida consagrada. Pero indirectamente a nosotros\u2026","rel":"","context":"En \u00abFormaci\u00f3n Vicenciana\u00bb","block_context":{"text":"Formaci\u00f3n Vicenciana","link":"http:\/\/vincentians.com\/es\/category\/formacion-vicenciana\/"},"img":{"alt_text":"rostros_luisa_06","src":"https:\/\/i0.wp.com\/vicencianos.org\/wp-content\/2011\/09\/rostros_luisa_06-289x300.jpg?resize=350%2C200","width":350,"height":200},"classes":[]},{"id":113445,"url":"http:\/\/vincentians.com\/es\/las-hijas-de-las-caridad-mujeres-consagradas\/","url_meta":{"origin":130946,"position":5},"title":"Las Hijas de las Caridad, mujeres consagradas","author":"Francisco Javier Fern\u00e1ndez Chento","date":"19\/10\/2012","format":false,"excerpt":"La intenci\u00f3n directa que tiene Luisa de Marillac al escribirle una carta a la Madre Superiora de las cistercienses de Argenteuil es la de aclararle que las Hijas de la Caridad, igual que las benedictinas, tienen una vocaci\u00f3n divina que las introduce en una vida consagrada. Pero indirectamente a nosotros\u2026","rel":"","context":"En \u00abHijas de la Caridad\u00bb","block_context":{"text":"Hijas de la Caridad","link":"http:\/\/vincentians.com\/es\/category\/la-familia-vicenciana\/ramas\/hijas-de-la-caridad\/"},"img":{"alt_text":"","src":"https:\/\/i0.wp.com\/vicencianos.org\/wp-content\/2011\/08\/logohijascaridad.jpg?resize=350%2C200","width":350,"height":200},"classes":[]}],"_links":{"self":[{"href":"http:\/\/vincentians.com\/es\/wp-json\/wp\/v2\/posts\/130946","targetHints":{"allow":["GET"]}}],"collection":[{"href":"http:\/\/vincentians.com\/es\/wp-json\/wp\/v2\/posts"}],"about":[{"href":"http:\/\/vincentians.com\/es\/wp-json\/wp\/v2\/types\/post"}],"author":[{"embeddable":true,"href":"http:\/\/vincentians.com\/es\/wp-json\/wp\/v2\/users\/4"}],"replies":[{"embeddable":true,"href":"http:\/\/vincentians.com\/es\/wp-json\/wp\/v2\/comments?post=130946"}],"version-history":[{"count":0,"href":"http:\/\/vincentians.com\/es\/wp-json\/wp\/v2\/posts\/130946\/revisions"}],"wp:featuredmedia":[{"embeddable":true,"href":"http:\/\/vincentians.com\/es\/wp-json\/"}],"wp:attachment":[{"href":"http:\/\/vincentians.com\/es\/wp-json\/wp\/v2\/media?parent=130946"}],"wp:term":[{"taxonomy":"category","embeddable":true,"href":"http:\/\/vincentians.com\/es\/wp-json\/wp\/v2\/categories?post=130946"},{"taxonomy":"post_tag","embeddable":true,"href":"http:\/\/vincentians.com\/es\/wp-json\/wp\/v2\/tags?post=130946"}],"curies":[{"name":"wp","href":"https:\/\/api.w.org\/{rel}","templated":true}]}}