{"id":1307,"date":"2012-02-14T12:06:01","date_gmt":"2012-02-14T11:06:01","guid":{"rendered":"http:\/\/somos.vicencianos.org\/comentarios\/?p=1307"},"modified":"2016-07-24T10:29:55","modified_gmt":"2016-07-24T08:29:55","slug":"ciclo-b-7o-domingo-de-tiempo-ordinario-reflexion-de-julio-suescun-c-m","status":"publish","type":"post","link":"http:\/\/vincentians.com\/es\/ciclo-b-7o-domingo-de-tiempo-ordinario-reflexion-de-julio-suescun-c-m\/","title":{"rendered":"Ciclo B, 7\u00ba Domingo de T.O. (reflexi\u00f3n de Julio Suescun, C.M.)"},"content":{"rendered":"<h2><strong>Tus pecados quedan perdonados<\/strong><\/h2>\n<dl id=\"attachment_1218\" class=\"wp-caption alignright\" style=\"width: 310px\">\n<dt class=\"wp-caption-dt\"><a href=\"https:\/\/i0.wp.com\/vicencianos.org\/comentarios\/files\/2012\/01\/suescun.jpg\"><img data-recalc-dims=\"1\" loading=\"lazy\" decoding=\"async\" class=\"size-medium wp-image-1218\" title=\"suescun\" src=\"https:\/\/i0.wp.com\/vicencianos.org\/comentarios\/files\/2012\/01\/suescun-300x225.jpg?resize=300%2C225\" alt=\"\" width=\"300\" height=\"225\" \/><\/a><\/dt>\n<dd class=\"wp-caption-dd\">Julio Suescun, C.M.<\/dd>\n<\/dl>\n<p>El evangelista San Marcos sigue present\u00e1ndonos a Jes\u00fas, en Galilea, para que sus lectores podamos responder a esta pregunta que hemos o\u00eddo repetir de labios de los oyentes de Jes\u00fas<em>: \u00bfQui\u00e9n es \u00e9ste? <\/em>Hoy nos presenta a Jes\u00fas como el perd\u00f3n de Dios que llega a los hombres que acuden a \u00e9l con fe. Pero no todos aceptan las ense\u00f1anzas y a las obras de Jes\u00fas como venidas de Dios. Son los \u00a0escribas y fariseos. Ellos van a intervenir en una serie de signos, realizados por Jes\u00fas en distintos tiempos y lugares, que el evangelista re\u00fane aqu\u00ed por exigencias de redacci\u00f3n.\u00a0 No parece que su intenci\u00f3n sea condenarlos, sino m\u00e1s bien advertirnos a sus lectores que desde prejuicios semejantes a los de los fariseos y escribas, es imposible llegar a conocer qui\u00e9n es Jes\u00fas.<\/p>\n<p>El primero de estos signos se coloca en Cafarna\u00fam, pero ya no en la sinagoga. Terminada la gira misionera, Jes\u00fas volvi\u00f3 a casa. Y a penas se supo, acudi\u00f3 la gente en tropel, hasta el punto de que no cab\u00edan ni a la puerta. El ansia de curaci\u00f3n y la fe en Jes\u00fas impuls\u00f3 a un grupo de creyentes a una curiosa estrategia: pusieron a un amigo paral\u00edtico en una camilla y retirando unas losas del tejado de la casa donde estaba Jes\u00fas, descolgaron la camilla, le\u00a0 colocaron al paral\u00edtico delante. Jes\u00fas reconoce la fe que tienen y dice directamente al paral\u00edtico: <em>Tus pecados quedan perdonados.<\/em> Unos escribas, que hab\u00edan acudido pronto y hab\u00edan copado los primeros asientos, para observarlo todo cuidadosamente, reaccionan para sus adentros desde sus prejuicios teol\u00f3gicos. S\u00f3lo Dios puede perdonar los pecados, por lo tanto si Jes\u00fas se atribuye este poder, est\u00e1 blasfemando. La conclusi\u00f3n de su argumento podr\u00eda haber sido otra: Si s\u00f3lo Dios puede\u00a0 perdonar los pecados y Jes\u00fas los perdona, es que Jes\u00fas es Dios. Ahora hace falta demostrar que Jes\u00fas puede perdonar los pecados. Para ello, Jes\u00fas apela al poder de su palabra. Si cuando dice lev\u00e1ntate y anda, el paral\u00edtico se pone en pie y camina, tambi\u00e9n cuando dice tus pecados quedan perdonados, sucede lo que dice. El paral\u00edtico plegando su camilla y saliendo a la vista de todos, los dej\u00f3 at\u00f3nitos y daban gloria a Dios diciendo: <em>Nunca hemos visto cosa igual<\/em>.<\/p>\n<p>Estos escribas, aun presenciando lo que hace Jes\u00fas, no creen en \u00e9l, porque est\u00e1n seguros de saberlo todo sobre Dios. Como los fariseos, tambi\u00e9n ellos eran hombres religiosos, cumplidores escrupulosos de la legalidad, pero intolerantes con cualquier interpretaci\u00f3n de la ley, distinta a la suya. Creen tener un conocimiento tan absoluto de Dios, que ni Dios mismo puede obrar de manera distinta a como ellos piensan. Su fidelidad a la ley no est\u00e1 basada en el amor, sino en la preocupaci\u00f3n por la exactitud de su \u201ccumplimiento\u201d con lo que piensan tener derecho a que Dios se lo pague. No admiten que el premio no es conquista del hombre, sino don y gracia de Dios, fruto de su amor. La suya es una fidelidad sin alma, sin amor. De ah\u00ed la multiplicaci\u00f3n de la casu\u00edstica para poder cumplir la ley, haciendo su propia voluntad, incluso contra la voluntad manifiesta de Dios.<\/p>\n<p>La fe cristiana admite un Dios que tiene la capacidad de sorprendernos, de dejarnos at\u00f3nitos con lo que hace, porque su ser es infinitamente mayor que nuestro conocimiento de \u00e9l. Jes\u00fas, sus palabras y sus obras siguen causando en nosotros una gozosa sorpresa. La Iglesia vive y celebra esta fe sorprendente en Dios, en el sacramento del perd\u00f3n. En \u00e9l Dios, por el ministerio de los sacerdotes, sigue perdonando los pecados. Basta acercarse a \u00e9l con fe.<\/p>\n<p>Julio Suescun c.m.<\/p>\n","protected":false},"excerpt":{"rendered":"<p>Tus pecados quedan perdonados Julio Suescun, C.M. El evangelista San Marcos sigue present\u00e1ndonos a Jes\u00fas, en Galilea, para que sus lectores podamos responder a esta pregunta que hemos o\u00eddo repetir de labios de los oyentes &#8230; <a href=\"http:\/\/vincentians.com\/es\/ciclo-b-7o-domingo-de-tiempo-ordinario-reflexion-de-julio-suescun-c-m\/\" class=\"more-link\">Read More<\/a><\/p>\n","protected":false},"author":4,"featured_media":388408,"comment_status":"open","ping_status":"open","sticky":false,"template":"","format":"standard","meta":{"jetpack_post_was_ever_published":false,"_jetpack_newsletter_access":"","_jetpack_dont_email_post_to_subs":false,"_jetpack_newsletter_tier_id":0,"_jetpack_memberships_contains_paywalled_content":false,"_jetpack_memberships_contains_paid_content":false,"footnotes":"","jetpack_publicize_message":"","jetpack_publicize_feature_enabled":true,"jetpack_social_post_already_shared":true,"jetpack_social_options":{"image_generator_settings":{"template":"highway","default_image_id":0,"font":"","enabled":false},"version":2}},"categories":[93],"tags":[],"class_list":["post-1307","post","type-post","status-publish","format-standard","has-post-thumbnail","hentry","category-homilias-y-reflexiones-ano-b"],"yoast_head":"<!-- This site is optimized with the Yoast SEO plugin v26.3 - https:\/\/yoast.com\/wordpress\/plugins\/seo\/ -->\n<title>Ciclo B, 7\u00ba Domingo de T.O. (reflexi\u00f3n de Julio Suescun, C.M.) - Somos Vicencianos<\/title>\n<meta name=\"robots\" content=\"index, follow, max-snippet:-1, max-image-preview:large, max-video-preview:-1\" \/>\n<link rel=\"canonical\" href=\"http:\/\/vincentians.com\/es\/ciclo-b-7o-domingo-de-tiempo-ordinario-reflexion-de-julio-suescun-c-m\/\" \/>\n<meta property=\"og:locale\" content=\"es_ES\" \/>\n<meta property=\"og:type\" content=\"article\" \/>\n<meta property=\"og:title\" content=\"Ciclo B, 7\u00ba Domingo de T.O. (reflexi\u00f3n de Julio Suescun, C.M.) - Somos Vicencianos\" \/>\n<meta property=\"og:description\" content=\"Tus pecados quedan perdonados Julio Suescun, C.M. El evangelista San Marcos sigue present\u00e1ndonos a Jes\u00fas, en Galilea, para que sus lectores podamos responder a esta pregunta que hemos o\u00eddo repetir de labios de los oyentes ... Read More\" \/>\n<meta property=\"og:url\" content=\"http:\/\/vincentians.com\/es\/ciclo-b-7o-domingo-de-tiempo-ordinario-reflexion-de-julio-suescun-c-m\/\" \/>\n<meta property=\"og:site_name\" content=\"Somos Vicencianos\" \/>\n<meta property=\"article:publisher\" content=\"https:\/\/www.facebook.com\/WeAreVincentians\/\" \/>\n<meta property=\"article:author\" content=\"https:\/\/www.facebook.com\/JavierChento\" \/>\n<meta property=\"article:published_time\" content=\"2012-02-14T11:06:01+00:00\" \/>\n<meta property=\"article:modified_time\" content=\"2016-07-24T08:29:55+00:00\" \/>\n<meta property=\"og:image\" content=\"https:\/\/i0.wp.com\/vincentians.com\/es\/wp-content\/uploads\/sites\/11\/2016\/07\/reflexiones-palabra-de-dios.jpg?fit=1200%2C630\" \/>\n\t<meta property=\"og:image:width\" content=\"1200\" \/>\n\t<meta property=\"og:image:height\" content=\"630\" \/>\n\t<meta property=\"og:image:type\" content=\"image\/jpeg\" \/>\n<meta name=\"author\" content=\"Francisco Javier Fern\u00e1ndez Chento\" \/>\n<meta name=\"twitter:card\" content=\"summary_large_image\" \/>\n<meta name=\"twitter:creator\" content=\"@https:\/\/twitter.com\/javierchento\" \/>\n<meta name=\"twitter:site\" content=\"@WeVincentians\" \/>\n<meta name=\"twitter:label1\" content=\"Escrito por\" \/>\n\t<meta name=\"twitter:data1\" content=\"Francisco Javier Fern\u00e1ndez Chento\" \/>\n\t<meta name=\"twitter:label2\" content=\"Tiempo de lectura\" \/>\n\t<meta name=\"twitter:data2\" content=\"3 minutos\" \/>\n<script type=\"application\/ld+json\" class=\"yoast-schema-graph\">{\"@context\":\"https:\/\/schema.org\",\"@graph\":[{\"@type\":\"Article\",\"@id\":\"http:\/\/vincentians.com\/es\/ciclo-b-7o-domingo-de-tiempo-ordinario-reflexion-de-julio-suescun-c-m\/#article\",\"isPartOf\":{\"@id\":\"http:\/\/vincentians.com\/es\/ciclo-b-7o-domingo-de-tiempo-ordinario-reflexion-de-julio-suescun-c-m\/\"},\"author\":{\"name\":\"Francisco Javier Fern\u00e1ndez Chento\",\"@id\":\"http:\/\/vincentians.com\/es\/#\/schema\/person\/9623ef4d9aa3b2dfb8c061f1499288f2\"},\"headline\":\"Ciclo B, 7\u00ba Domingo de T.O. (reflexi\u00f3n de Julio Suescun, C.M.)\",\"datePublished\":\"2012-02-14T11:06:01+00:00\",\"dateModified\":\"2016-07-24T08:29:55+00:00\",\"mainEntityOfPage\":{\"@id\":\"http:\/\/vincentians.com\/es\/ciclo-b-7o-domingo-de-tiempo-ordinario-reflexion-de-julio-suescun-c-m\/\"},\"wordCount\":682,\"commentCount\":0,\"publisher\":{\"@id\":\"http:\/\/vincentians.com\/es\/#organization\"},\"image\":{\"@id\":\"http:\/\/vincentians.com\/es\/ciclo-b-7o-domingo-de-tiempo-ordinario-reflexion-de-julio-suescun-c-m\/#primaryimage\"},\"thumbnailUrl\":\"https:\/\/i0.wp.com\/vincentians.com\/es\/wp-content\/uploads\/sites\/11\/2016\/07\/reflexiones-palabra-de-dios.jpg?fit=1200%2C630\",\"articleSection\":[\"Homil\u00edas y reflexiones, A\u00f1o B\"],\"inLanguage\":\"es\",\"potentialAction\":[{\"@type\":\"CommentAction\",\"name\":\"Comment\",\"target\":[\"http:\/\/vincentians.com\/es\/ciclo-b-7o-domingo-de-tiempo-ordinario-reflexion-de-julio-suescun-c-m\/#respond\"]}]},{\"@type\":\"WebPage\",\"@id\":\"http:\/\/vincentians.com\/es\/ciclo-b-7o-domingo-de-tiempo-ordinario-reflexion-de-julio-suescun-c-m\/\",\"url\":\"http:\/\/vincentians.com\/es\/ciclo-b-7o-domingo-de-tiempo-ordinario-reflexion-de-julio-suescun-c-m\/\",\"name\":\"Ciclo B, 7\u00ba Domingo de T.O. (reflexi\u00f3n de Julio Suescun, C.M.) - Somos Vicencianos\",\"isPartOf\":{\"@id\":\"http:\/\/vincentians.com\/es\/#website\"},\"primaryImageOfPage\":{\"@id\":\"http:\/\/vincentians.com\/es\/ciclo-b-7o-domingo-de-tiempo-ordinario-reflexion-de-julio-suescun-c-m\/#primaryimage\"},\"image\":{\"@id\":\"http:\/\/vincentians.com\/es\/ciclo-b-7o-domingo-de-tiempo-ordinario-reflexion-de-julio-suescun-c-m\/#primaryimage\"},\"thumbnailUrl\":\"https:\/\/i0.wp.com\/vincentians.com\/es\/wp-content\/uploads\/sites\/11\/2016\/07\/reflexiones-palabra-de-dios.jpg?fit=1200%2C630\",\"datePublished\":\"2012-02-14T11:06:01+00:00\",\"dateModified\":\"2016-07-24T08:29:55+00:00\",\"breadcrumb\":{\"@id\":\"http:\/\/vincentians.com\/es\/ciclo-b-7o-domingo-de-tiempo-ordinario-reflexion-de-julio-suescun-c-m\/#breadcrumb\"},\"inLanguage\":\"es\",\"potentialAction\":[{\"@type\":\"ReadAction\",\"target\":[\"http:\/\/vincentians.com\/es\/ciclo-b-7o-domingo-de-tiempo-ordinario-reflexion-de-julio-suescun-c-m\/\"]}]},{\"@type\":\"ImageObject\",\"inLanguage\":\"es\",\"@id\":\"http:\/\/vincentians.com\/es\/ciclo-b-7o-domingo-de-tiempo-ordinario-reflexion-de-julio-suescun-c-m\/#primaryimage\",\"url\":\"https:\/\/i0.wp.com\/vincentians.com\/es\/wp-content\/uploads\/sites\/11\/2016\/07\/reflexiones-palabra-de-dios.jpg?fit=1200%2C630\",\"contentUrl\":\"https:\/\/i0.wp.com\/vincentians.com\/es\/wp-content\/uploads\/sites\/11\/2016\/07\/reflexiones-palabra-de-dios.jpg?fit=1200%2C630\",\"width\":1200,\"height\":630},{\"@type\":\"BreadcrumbList\",\"@id\":\"http:\/\/vincentians.com\/es\/ciclo-b-7o-domingo-de-tiempo-ordinario-reflexion-de-julio-suescun-c-m\/#breadcrumb\",\"itemListElement\":[{\"@type\":\"ListItem\",\"position\":1,\"name\":\"Portada\",\"item\":\"http:\/\/vincentians.com\/es\/\"},{\"@type\":\"ListItem\",\"position\":2,\"name\":\"Ciclo B, 7\u00ba Domingo de T.O. (reflexi\u00f3n de Julio Suescun, C.M.)\"}]},{\"@type\":\"WebSite\",\"@id\":\"http:\/\/vincentians.com\/es\/#website\",\"url\":\"http:\/\/vincentians.com\/es\/\",\"name\":\"Somos Vicencianos\",\"description\":\"Know more to serve more\",\"publisher\":{\"@id\":\"http:\/\/vincentians.com\/es\/#organization\"},\"potentialAction\":[{\"@type\":\"SearchAction\",\"target\":{\"@type\":\"EntryPoint\",\"urlTemplate\":\"http:\/\/vincentians.com\/es\/?s={search_term_string}\"},\"query-input\":{\"@type\":\"PropertyValueSpecification\",\"valueRequired\":true,\"valueName\":\"search_term_string\"}}],\"inLanguage\":\"es\"},{\"@type\":\"Organization\",\"@id\":\"http:\/\/vincentians.com\/es\/#organization\",\"name\":\"The Vincentian Network\",\"url\":\"http:\/\/vincentians.com\/es\/\",\"logo\":{\"@type\":\"ImageObject\",\"inLanguage\":\"es\",\"@id\":\"http:\/\/vincentians.com\/es\/#\/schema\/logo\/image\/\",\"url\":\"https:\/\/i1.wp.com\/vincentians.com\/es\/wp-content\/uploads\/sites\/11\/2016\/06\/Vincentian-Network-logo-big.png?fit=778%2C778\",\"contentUrl\":\"https:\/\/i1.wp.com\/vincentians.com\/es\/wp-content\/uploads\/sites\/11\/2016\/06\/Vincentian-Network-logo-big.png?fit=778%2C778\",\"width\":778,\"height\":778,\"caption\":\"The Vincentian Network\"},\"image\":{\"@id\":\"http:\/\/vincentians.com\/es\/#\/schema\/logo\/image\/\"},\"sameAs\":[\"https:\/\/www.facebook.com\/WeAreVincentians\/\",\"https:\/\/x.com\/WeVincentians\"]},{\"@type\":\"Person\",\"@id\":\"http:\/\/vincentians.com\/es\/#\/schema\/person\/9623ef4d9aa3b2dfb8c061f1499288f2\",\"name\":\"Francisco Javier Fern\u00e1ndez Chento\",\"image\":{\"@type\":\"ImageObject\",\"inLanguage\":\"es\",\"@id\":\"http:\/\/vincentians.com\/es\/#\/schema\/person\/image\/\",\"url\":\"https:\/\/secure.gravatar.com\/avatar\/497d5cde87b4c3d097d0315953521681ba2cd523ee66e5077c3711f7021e65de?s=96&d=mm&r=g\",\"contentUrl\":\"https:\/\/secure.gravatar.com\/avatar\/497d5cde87b4c3d097d0315953521681ba2cd523ee66e5077c3711f7021e65de?s=96&d=mm&r=g\",\"caption\":\"Francisco Javier Fern\u00e1ndez Chento\"},\"description\":\"Director General y cofundador de La Red de Formaci\u00f3n Vicenciana. Javier es laico vicenciano, afiliado a la Congregaci\u00f3n de la Misi\u00f3n y miembro del Equipo de Misiones Populares de la provincia can\u00f3nica de Zaragoza (Espa\u00f1a) de la Congregaci\u00f3n de la Misi\u00f3n. Graduado en la Universidad Oberta de Catalunya con cuatro grados (Asistente de direcci\u00f3n, Gesti\u00f3n Administrativa, Recursos Humanos y Contabilidad Avanzada). Bil\u00edng\u00fce Espa\u00f1ol\/Ingl\u00e9s. gestiona y mantiene varias p\u00e1ginas web cristianas y vicencianas, incluida including La Red de Formaci\u00f3n Vicenciana, de la que es cofundador. Actualmente es responsable del \u00e1rea de Espa\u00f1ol de .famvin, la Red de Noticias de la Familia Vicenciana. Tambi\u00e9n es m\u00fasico cat\u00f3lico y ha editado varios discos. Es Director General y cofundador de Trovador, una reconocida compa\u00f1\u00eda discogr\u00e1fica critiana de Espa\u00f1a. Trabaja en las Tecnolog\u00edas de la Informaci\u00f3n, ofreciendo servicios de alojamiento, dise\u00f1o y mantenimiento Web, as\u00ed como asesoramiento, formaci\u00f3n y soluciones inform\u00e1ticas, gesti\u00f3n documental y digitalizaci\u00f3n de textos, edici\u00f3n y maquetaci\u00f3n de libros, revistas, flyers, etc.\",\"sameAs\":[\"http:\/\/chento.org\",\"https:\/\/www.facebook.com\/JavierChento\",\"https:\/\/x.com\/https:\/\/twitter.com\/javierchento\"],\"url\":\"http:\/\/vincentians.com\/es\/author\/chento\/\"}]}<\/script>\n<!-- \/ Yoast SEO plugin. -->","yoast_head_json":{"title":"Ciclo B, 7\u00ba Domingo de T.O. (reflexi\u00f3n de Julio Suescun, C.M.) - Somos Vicencianos","robots":{"index":"index","follow":"follow","max-snippet":"max-snippet:-1","max-image-preview":"max-image-preview:large","max-video-preview":"max-video-preview:-1"},"canonical":"http:\/\/vincentians.com\/es\/ciclo-b-7o-domingo-de-tiempo-ordinario-reflexion-de-julio-suescun-c-m\/","og_locale":"es_ES","og_type":"article","og_title":"Ciclo B, 7\u00ba Domingo de T.O. (reflexi\u00f3n de Julio Suescun, C.M.) - Somos Vicencianos","og_description":"Tus pecados quedan perdonados Julio Suescun, C.M. El evangelista San Marcos sigue present\u00e1ndonos a Jes\u00fas, en Galilea, para que sus lectores podamos responder a esta pregunta que hemos o\u00eddo repetir de labios de los oyentes ... Read More","og_url":"http:\/\/vincentians.com\/es\/ciclo-b-7o-domingo-de-tiempo-ordinario-reflexion-de-julio-suescun-c-m\/","og_site_name":"Somos Vicencianos","article_publisher":"https:\/\/www.facebook.com\/WeAreVincentians\/","article_author":"https:\/\/www.facebook.com\/JavierChento","article_published_time":"2012-02-14T11:06:01+00:00","article_modified_time":"2016-07-24T08:29:55+00:00","og_image":[{"width":1200,"height":630,"url":"https:\/\/i0.wp.com\/vincentians.com\/es\/wp-content\/uploads\/sites\/11\/2016\/07\/reflexiones-palabra-de-dios.jpg?fit=1200%2C630","type":"image\/jpeg"}],"author":"Francisco Javier Fern\u00e1ndez Chento","twitter_card":"summary_large_image","twitter_creator":"@https:\/\/twitter.com\/javierchento","twitter_site":"@WeVincentians","twitter_misc":{"Escrito por":"Francisco Javier Fern\u00e1ndez Chento","Tiempo de lectura":"3 minutos"},"schema":{"@context":"https:\/\/schema.org","@graph":[{"@type":"Article","@id":"http:\/\/vincentians.com\/es\/ciclo-b-7o-domingo-de-tiempo-ordinario-reflexion-de-julio-suescun-c-m\/#article","isPartOf":{"@id":"http:\/\/vincentians.com\/es\/ciclo-b-7o-domingo-de-tiempo-ordinario-reflexion-de-julio-suescun-c-m\/"},"author":{"name":"Francisco Javier Fern\u00e1ndez Chento","@id":"http:\/\/vincentians.com\/es\/#\/schema\/person\/9623ef4d9aa3b2dfb8c061f1499288f2"},"headline":"Ciclo B, 7\u00ba Domingo de T.O. (reflexi\u00f3n de Julio Suescun, C.M.)","datePublished":"2012-02-14T11:06:01+00:00","dateModified":"2016-07-24T08:29:55+00:00","mainEntityOfPage":{"@id":"http:\/\/vincentians.com\/es\/ciclo-b-7o-domingo-de-tiempo-ordinario-reflexion-de-julio-suescun-c-m\/"},"wordCount":682,"commentCount":0,"publisher":{"@id":"http:\/\/vincentians.com\/es\/#organization"},"image":{"@id":"http:\/\/vincentians.com\/es\/ciclo-b-7o-domingo-de-tiempo-ordinario-reflexion-de-julio-suescun-c-m\/#primaryimage"},"thumbnailUrl":"https:\/\/i0.wp.com\/vincentians.com\/es\/wp-content\/uploads\/sites\/11\/2016\/07\/reflexiones-palabra-de-dios.jpg?fit=1200%2C630","articleSection":["Homil\u00edas y reflexiones, A\u00f1o B"],"inLanguage":"es","potentialAction":[{"@type":"CommentAction","name":"Comment","target":["http:\/\/vincentians.com\/es\/ciclo-b-7o-domingo-de-tiempo-ordinario-reflexion-de-julio-suescun-c-m\/#respond"]}]},{"@type":"WebPage","@id":"http:\/\/vincentians.com\/es\/ciclo-b-7o-domingo-de-tiempo-ordinario-reflexion-de-julio-suescun-c-m\/","url":"http:\/\/vincentians.com\/es\/ciclo-b-7o-domingo-de-tiempo-ordinario-reflexion-de-julio-suescun-c-m\/","name":"Ciclo B, 7\u00ba Domingo de T.O. (reflexi\u00f3n de Julio Suescun, C.M.) - Somos Vicencianos","isPartOf":{"@id":"http:\/\/vincentians.com\/es\/#website"},"primaryImageOfPage":{"@id":"http:\/\/vincentians.com\/es\/ciclo-b-7o-domingo-de-tiempo-ordinario-reflexion-de-julio-suescun-c-m\/#primaryimage"},"image":{"@id":"http:\/\/vincentians.com\/es\/ciclo-b-7o-domingo-de-tiempo-ordinario-reflexion-de-julio-suescun-c-m\/#primaryimage"},"thumbnailUrl":"https:\/\/i0.wp.com\/vincentians.com\/es\/wp-content\/uploads\/sites\/11\/2016\/07\/reflexiones-palabra-de-dios.jpg?fit=1200%2C630","datePublished":"2012-02-14T11:06:01+00:00","dateModified":"2016-07-24T08:29:55+00:00","breadcrumb":{"@id":"http:\/\/vincentians.com\/es\/ciclo-b-7o-domingo-de-tiempo-ordinario-reflexion-de-julio-suescun-c-m\/#breadcrumb"},"inLanguage":"es","potentialAction":[{"@type":"ReadAction","target":["http:\/\/vincentians.com\/es\/ciclo-b-7o-domingo-de-tiempo-ordinario-reflexion-de-julio-suescun-c-m\/"]}]},{"@type":"ImageObject","inLanguage":"es","@id":"http:\/\/vincentians.com\/es\/ciclo-b-7o-domingo-de-tiempo-ordinario-reflexion-de-julio-suescun-c-m\/#primaryimage","url":"https:\/\/i0.wp.com\/vincentians.com\/es\/wp-content\/uploads\/sites\/11\/2016\/07\/reflexiones-palabra-de-dios.jpg?fit=1200%2C630","contentUrl":"https:\/\/i0.wp.com\/vincentians.com\/es\/wp-content\/uploads\/sites\/11\/2016\/07\/reflexiones-palabra-de-dios.jpg?fit=1200%2C630","width":1200,"height":630},{"@type":"BreadcrumbList","@id":"http:\/\/vincentians.com\/es\/ciclo-b-7o-domingo-de-tiempo-ordinario-reflexion-de-julio-suescun-c-m\/#breadcrumb","itemListElement":[{"@type":"ListItem","position":1,"name":"Portada","item":"http:\/\/vincentians.com\/es\/"},{"@type":"ListItem","position":2,"name":"Ciclo B, 7\u00ba Domingo de T.O. (reflexi\u00f3n de Julio Suescun, C.M.)"}]},{"@type":"WebSite","@id":"http:\/\/vincentians.com\/es\/#website","url":"http:\/\/vincentians.com\/es\/","name":"Somos Vicencianos","description":"Know more to serve more","publisher":{"@id":"http:\/\/vincentians.com\/es\/#organization"},"potentialAction":[{"@type":"SearchAction","target":{"@type":"EntryPoint","urlTemplate":"http:\/\/vincentians.com\/es\/?s={search_term_string}"},"query-input":{"@type":"PropertyValueSpecification","valueRequired":true,"valueName":"search_term_string"}}],"inLanguage":"es"},{"@type":"Organization","@id":"http:\/\/vincentians.com\/es\/#organization","name":"The Vincentian Network","url":"http:\/\/vincentians.com\/es\/","logo":{"@type":"ImageObject","inLanguage":"es","@id":"http:\/\/vincentians.com\/es\/#\/schema\/logo\/image\/","url":"https:\/\/i1.wp.com\/vincentians.com\/es\/wp-content\/uploads\/sites\/11\/2016\/06\/Vincentian-Network-logo-big.png?fit=778%2C778","contentUrl":"https:\/\/i1.wp.com\/vincentians.com\/es\/wp-content\/uploads\/sites\/11\/2016\/06\/Vincentian-Network-logo-big.png?fit=778%2C778","width":778,"height":778,"caption":"The Vincentian Network"},"image":{"@id":"http:\/\/vincentians.com\/es\/#\/schema\/logo\/image\/"},"sameAs":["https:\/\/www.facebook.com\/WeAreVincentians\/","https:\/\/x.com\/WeVincentians"]},{"@type":"Person","@id":"http:\/\/vincentians.com\/es\/#\/schema\/person\/9623ef4d9aa3b2dfb8c061f1499288f2","name":"Francisco Javier Fern\u00e1ndez Chento","image":{"@type":"ImageObject","inLanguage":"es","@id":"http:\/\/vincentians.com\/es\/#\/schema\/person\/image\/","url":"https:\/\/secure.gravatar.com\/avatar\/497d5cde87b4c3d097d0315953521681ba2cd523ee66e5077c3711f7021e65de?s=96&d=mm&r=g","contentUrl":"https:\/\/secure.gravatar.com\/avatar\/497d5cde87b4c3d097d0315953521681ba2cd523ee66e5077c3711f7021e65de?s=96&d=mm&r=g","caption":"Francisco Javier Fern\u00e1ndez Chento"},"description":"Director General y cofundador de La Red de Formaci\u00f3n Vicenciana. Javier es laico vicenciano, afiliado a la Congregaci\u00f3n de la Misi\u00f3n y miembro del Equipo de Misiones Populares de la provincia can\u00f3nica de Zaragoza (Espa\u00f1a) de la Congregaci\u00f3n de la Misi\u00f3n. Graduado en la Universidad Oberta de Catalunya con cuatro grados (Asistente de direcci\u00f3n, Gesti\u00f3n Administrativa, Recursos Humanos y Contabilidad Avanzada). Bil\u00edng\u00fce Espa\u00f1ol\/Ingl\u00e9s. gestiona y mantiene varias p\u00e1ginas web cristianas y vicencianas, incluida including La Red de Formaci\u00f3n Vicenciana, de la que es cofundador. Actualmente es responsable del \u00e1rea de Espa\u00f1ol de .famvin, la Red de Noticias de la Familia Vicenciana. Tambi\u00e9n es m\u00fasico cat\u00f3lico y ha editado varios discos. Es Director General y cofundador de Trovador, una reconocida compa\u00f1\u00eda discogr\u00e1fica critiana de Espa\u00f1a. Trabaja en las Tecnolog\u00edas de la Informaci\u00f3n, ofreciendo servicios de alojamiento, dise\u00f1o y mantenimiento Web, as\u00ed como asesoramiento, formaci\u00f3n y soluciones inform\u00e1ticas, gesti\u00f3n documental y digitalizaci\u00f3n de textos, edici\u00f3n y maquetaci\u00f3n de libros, revistas, flyers, etc.","sameAs":["http:\/\/chento.org","https:\/\/www.facebook.com\/JavierChento","https:\/\/x.com\/https:\/\/twitter.com\/javierchento"],"url":"http:\/\/vincentians.com\/es\/author\/chento\/"}]}},"jetpack_publicize_connections":[],"jetpack_featured_media_url":"https:\/\/i0.wp.com\/vincentians.com\/es\/wp-content\/uploads\/sites\/11\/2016\/07\/reflexiones-palabra-de-dios.jpg?fit=1200%2C630","jetpack_sharing_enabled":true,"jetpack_shortlink":"https:\/\/wp.me\/p7ETMF-l5","jetpack-related-posts":[{"id":135674,"url":"http:\/\/vincentians.com\/es\/4o-domingo-de-t-o-reflexion-de-julio-suescun-c-m\/","url_meta":{"origin":1307,"position":0},"title":"4\u00ba Domingo de T.O. (reflexi\u00f3n de Julio Suescun, C.M.)","author":"Francisco Javier Fern\u00e1ndez Chento","date":"24\/01\/2012","format":false,"excerpt":"Hablaba con autoridad La reacci\u00f3n a la ense\u00f1anza de Jes\u00fas en la sinagoga de Cafarna\u00fan es de asombro, porque no ense\u00f1aba como los letrados, sino con autoridad. Ense\u00f1ar con autoridad puede significar no hacerlo como los letrados que necesitaban citar a otros letrados y profetas para asegurar la verdad de\u2026","rel":"","context":"En \u00abHomil\u00edas y reflexiones, A\u00f1o B\u00bb","block_context":{"text":"Homil\u00edas y reflexiones, A\u00f1o B","link":"http:\/\/vincentians.com\/es\/category\/homilias-y-reflexiones-a-la-palabra-de-dios\/homilias-y-reflexiones-ano-b\/"},"img":{"alt_text":"","src":"https:\/\/i0.wp.com\/vincentians.com\/es\/wp-content\/uploads\/sites\/11\/2016\/07\/reflexiones-palabra-de-dios.jpg?fit=1200%2C630&resize=350%2C200","width":350,"height":200,"srcset":"https:\/\/i0.wp.com\/vincentians.com\/es\/wp-content\/uploads\/sites\/11\/2016\/07\/reflexiones-palabra-de-dios.jpg?fit=1200%2C630&resize=350%2C200 1x, https:\/\/i0.wp.com\/vincentians.com\/es\/wp-content\/uploads\/sites\/11\/2016\/07\/reflexiones-palabra-de-dios.jpg?fit=1200%2C630&resize=525%2C300 1.5x, https:\/\/i0.wp.com\/vincentians.com\/es\/wp-content\/uploads\/sites\/11\/2016\/07\/reflexiones-palabra-de-dios.jpg?fit=1200%2C630&resize=700%2C400 2x, https:\/\/i0.wp.com\/vincentians.com\/es\/wp-content\/uploads\/sites\/11\/2016\/07\/reflexiones-palabra-de-dios.jpg?fit=1200%2C630&resize=1050%2C600 3x"},"classes":[]},{"id":132426,"url":"http:\/\/vincentians.com\/es\/1o-domingo-de-cuaresma-reflexion-de-julio-suescun-c-m\/","url_meta":{"origin":1307,"position":1},"title":"1\u00ba Domingo de Cuaresma (reflexi\u00f3n de Julio Suescun, C.M.)","author":"Francisco Javier Fern\u00e1ndez Chento","date":"21\/02\/2012","format":false,"excerpt":"Para conducirnos a Dios La cuaresma es un tiempo que la Iglesia dedica a preparar la solemne celebraci\u00f3n anual del Misterio de la Vida, Muerte y Resurrecci\u00f3n de Jes\u00fas, la Pascua. En el primer domingo de este tiempo leemos en la Carta del Ap\u00f3stol San Pedro (2\u00aa lectura), que Cristo\u2026","rel":"","context":"En \u00abHomil\u00edas y reflexiones, A\u00f1o B\u00bb","block_context":{"text":"Homil\u00edas y reflexiones, A\u00f1o B","link":"http:\/\/vincentians.com\/es\/category\/homilias-y-reflexiones-a-la-palabra-de-dios\/homilias-y-reflexiones-ano-b\/"},"img":{"alt_text":"","src":"https:\/\/i0.wp.com\/vincentians.com\/es\/wp-content\/uploads\/sites\/11\/2016\/07\/reflexiones-palabra-de-dios.jpg?fit=1200%2C630&resize=350%2C200","width":350,"height":200,"srcset":"https:\/\/i0.wp.com\/vincentians.com\/es\/wp-content\/uploads\/sites\/11\/2016\/07\/reflexiones-palabra-de-dios.jpg?fit=1200%2C630&resize=350%2C200 1x, https:\/\/i0.wp.com\/vincentians.com\/es\/wp-content\/uploads\/sites\/11\/2016\/07\/reflexiones-palabra-de-dios.jpg?fit=1200%2C630&resize=525%2C300 1.5x, https:\/\/i0.wp.com\/vincentians.com\/es\/wp-content\/uploads\/sites\/11\/2016\/07\/reflexiones-palabra-de-dios.jpg?fit=1200%2C630&resize=700%2C400 2x, https:\/\/i0.wp.com\/vincentians.com\/es\/wp-content\/uploads\/sites\/11\/2016\/07\/reflexiones-palabra-de-dios.jpg?fit=1200%2C630&resize=1050%2C600 3x"},"classes":[]},{"id":132434,"url":"http:\/\/vincentians.com\/es\/ciclo-b-5o-domingo-de-cuaresma-reflexion-de-julio-suescun-c-m\/","url_meta":{"origin":1307,"position":2},"title":"5\u00ba Domingo de Cuaresma (reflexi\u00f3n de Julio Suescun, C.M.)","author":"Francisco Javier Fern\u00e1ndez Chento","date":"20\/03\/2012","format":false,"excerpt":"Queremos ver a Jes\u00fas Jerem\u00edas es testigo personal de la postraci\u00f3n en que ha ca\u00eddo el pueblo por haber olvidado la Alianza sellada en el Sina\u00ed. En el destierro, el pueblo ha perdido pr\u00e1cticamente su identidad. Sin templo, sin sacerdotes, sin profetas, se ha identificado con los paganos y se\u2026","rel":"","context":"En \u00abHomil\u00edas y reflexiones, A\u00f1o B\u00bb","block_context":{"text":"Homil\u00edas y reflexiones, A\u00f1o B","link":"http:\/\/vincentians.com\/es\/category\/homilias-y-reflexiones-a-la-palabra-de-dios\/homilias-y-reflexiones-ano-b\/"},"img":{"alt_text":"","src":"https:\/\/i0.wp.com\/vincentians.com\/es\/wp-content\/uploads\/sites\/11\/2016\/07\/reflexiones-palabra-de-dios.jpg?fit=1200%2C630&resize=350%2C200","width":350,"height":200,"srcset":"https:\/\/i0.wp.com\/vincentians.com\/es\/wp-content\/uploads\/sites\/11\/2016\/07\/reflexiones-palabra-de-dios.jpg?fit=1200%2C630&resize=350%2C200 1x, https:\/\/i0.wp.com\/vincentians.com\/es\/wp-content\/uploads\/sites\/11\/2016\/07\/reflexiones-palabra-de-dios.jpg?fit=1200%2C630&resize=525%2C300 1.5x, https:\/\/i0.wp.com\/vincentians.com\/es\/wp-content\/uploads\/sites\/11\/2016\/07\/reflexiones-palabra-de-dios.jpg?fit=1200%2C630&resize=700%2C400 2x, https:\/\/i0.wp.com\/vincentians.com\/es\/wp-content\/uploads\/sites\/11\/2016\/07\/reflexiones-palabra-de-dios.jpg?fit=1200%2C630&resize=1050%2C600 3x"},"classes":[]},{"id":1220,"url":"http:\/\/vincentians.com\/es\/3o-domingo-de-t-o-reflexion-de-julio-suescun-c-m\/","url_meta":{"origin":1307,"position":3},"title":"3\u00ba Domingo de T.O. (reflexi\u00f3n de Julio Suescun, C.M.)","author":"Francisco Javier Fern\u00e1ndez Chento","date":"17\/01\/2012","format":false,"excerpt":"Se ha cumplido el plazo En una sociedad como la nuestra, acostumbrada a comprar a plazos, entendemos bien lo que significa el apremio del cumplimiento de cada uno los plazos en que nos vemos implicados: hipoteca, lavadora, televisi\u00f3n\u2026 \u2026 A los ciudadanos de N\u00ednive, la ciudad perversa, prototipo de una\u2026","rel":"","context":"En \u00abHomil\u00edas y reflexiones, A\u00f1o B\u00bb","block_context":{"text":"Homil\u00edas y reflexiones, A\u00f1o B","link":"http:\/\/vincentians.com\/es\/category\/homilias-y-reflexiones-a-la-palabra-de-dios\/homilias-y-reflexiones-ano-b\/"},"img":{"alt_text":"","src":"https:\/\/i0.wp.com\/vincentians.com\/es\/wp-content\/uploads\/sites\/11\/2016\/07\/reflexiones-palabra-de-dios.jpg?fit=1200%2C630&resize=350%2C200","width":350,"height":200,"srcset":"https:\/\/i0.wp.com\/vincentians.com\/es\/wp-content\/uploads\/sites\/11\/2016\/07\/reflexiones-palabra-de-dios.jpg?fit=1200%2C630&resize=350%2C200 1x, https:\/\/i0.wp.com\/vincentians.com\/es\/wp-content\/uploads\/sites\/11\/2016\/07\/reflexiones-palabra-de-dios.jpg?fit=1200%2C630&resize=525%2C300 1.5x, https:\/\/i0.wp.com\/vincentians.com\/es\/wp-content\/uploads\/sites\/11\/2016\/07\/reflexiones-palabra-de-dios.jpg?fit=1200%2C630&resize=700%2C400 2x, https:\/\/i0.wp.com\/vincentians.com\/es\/wp-content\/uploads\/sites\/11\/2016\/07\/reflexiones-palabra-de-dios.jpg?fit=1200%2C630&resize=1050%2C600 3x"},"classes":[]},{"id":1285,"url":"http:\/\/vincentians.com\/es\/6o-domingo-de-t-o-reflexion-de-julio-suescun-c-m\/","url_meta":{"origin":1307,"position":4},"title":"6\u00ba Domingo de T.O. (reflexi\u00f3n de Julio Suescun, C.M.)","author":"Francisco Javier Fern\u00e1ndez Chento","date":"07\/02\/2012","format":false,"excerpt":"Al verlo, se indign\u00f3 Jes\u00fas se encuentra, por primera vez en el relato evang\u00e9lico de San Marcos, con un leproso. Hay que recordar lo que significaba la lepra para los jud\u00edos contempor\u00e1neos de Jes\u00fas. Esta no era una enfermedad m\u00e1s. Estaba sometida a rigurosas restricciones legales (lectura 1\u00aa). \u00a0El leproso\u2026","rel":"","context":"En \u00abHomil\u00edas y reflexiones, A\u00f1o B\u00bb","block_context":{"text":"Homil\u00edas y reflexiones, A\u00f1o B","link":"http:\/\/vincentians.com\/es\/category\/homilias-y-reflexiones-a-la-palabra-de-dios\/homilias-y-reflexiones-ano-b\/"},"img":{"alt_text":"","src":"https:\/\/i0.wp.com\/vincentians.com\/es\/wp-content\/uploads\/sites\/11\/2016\/07\/reflexiones-palabra-de-dios.jpg?fit=1200%2C630&resize=350%2C200","width":350,"height":200,"srcset":"https:\/\/i0.wp.com\/vincentians.com\/es\/wp-content\/uploads\/sites\/11\/2016\/07\/reflexiones-palabra-de-dios.jpg?fit=1200%2C630&resize=350%2C200 1x, https:\/\/i0.wp.com\/vincentians.com\/es\/wp-content\/uploads\/sites\/11\/2016\/07\/reflexiones-palabra-de-dios.jpg?fit=1200%2C630&resize=525%2C300 1.5x, https:\/\/i0.wp.com\/vincentians.com\/es\/wp-content\/uploads\/sites\/11\/2016\/07\/reflexiones-palabra-de-dios.jpg?fit=1200%2C630&resize=700%2C400 2x, https:\/\/i0.wp.com\/vincentians.com\/es\/wp-content\/uploads\/sites\/11\/2016\/07\/reflexiones-palabra-de-dios.jpg?fit=1200%2C630&resize=1050%2C600 3x"},"classes":[]},{"id":1499,"url":"http:\/\/vincentians.com\/es\/3o-domingo-de-pascua-reflexion-de-julio-suescun-c-m\/","url_meta":{"origin":1307,"position":5},"title":"3\u00ba Domingo de Pascua (reflexi\u00f3n de Julio Suescun, C.M.)","author":"Francisco Javier Fern\u00e1ndez Chento","date":"20\/04\/2012","format":false,"excerpt":"\u00bfPor qu\u00e9 surgen dudas en vuestro interior? En los evangelios encontramos diversos relatos referentes a los acontecimientos que sucedieron en los d\u00edas inmediatos a la primera Pascua Cristiana. Todos ellos nos ayudan a confirmar nuestra fe en la resurrecci\u00f3n, a disipar las dudas que tal acontecimiento puede suscitarnos, y a\u2026","rel":"","context":"En \u00abHomil\u00edas y reflexiones, A\u00f1o B\u00bb","block_context":{"text":"Homil\u00edas y reflexiones, A\u00f1o B","link":"http:\/\/vincentians.com\/es\/category\/homilias-y-reflexiones-a-la-palabra-de-dios\/homilias-y-reflexiones-ano-b\/"},"img":{"alt_text":"","src":"https:\/\/i0.wp.com\/vincentians.com\/es\/wp-content\/uploads\/sites\/11\/2016\/07\/reflexiones-palabra-de-dios.jpg?fit=1200%2C630&resize=350%2C200","width":350,"height":200,"srcset":"https:\/\/i0.wp.com\/vincentians.com\/es\/wp-content\/uploads\/sites\/11\/2016\/07\/reflexiones-palabra-de-dios.jpg?fit=1200%2C630&resize=350%2C200 1x, https:\/\/i0.wp.com\/vincentians.com\/es\/wp-content\/uploads\/sites\/11\/2016\/07\/reflexiones-palabra-de-dios.jpg?fit=1200%2C630&resize=525%2C300 1.5x, https:\/\/i0.wp.com\/vincentians.com\/es\/wp-content\/uploads\/sites\/11\/2016\/07\/reflexiones-palabra-de-dios.jpg?fit=1200%2C630&resize=700%2C400 2x, https:\/\/i0.wp.com\/vincentians.com\/es\/wp-content\/uploads\/sites\/11\/2016\/07\/reflexiones-palabra-de-dios.jpg?fit=1200%2C630&resize=1050%2C600 3x"},"classes":[]}],"_links":{"self":[{"href":"http:\/\/vincentians.com\/es\/wp-json\/wp\/v2\/posts\/1307","targetHints":{"allow":["GET"]}}],"collection":[{"href":"http:\/\/vincentians.com\/es\/wp-json\/wp\/v2\/posts"}],"about":[{"href":"http:\/\/vincentians.com\/es\/wp-json\/wp\/v2\/types\/post"}],"author":[{"embeddable":true,"href":"http:\/\/vincentians.com\/es\/wp-json\/wp\/v2\/users\/4"}],"replies":[{"embeddable":true,"href":"http:\/\/vincentians.com\/es\/wp-json\/wp\/v2\/comments?post=1307"}],"version-history":[{"count":0,"href":"http:\/\/vincentians.com\/es\/wp-json\/wp\/v2\/posts\/1307\/revisions"}],"wp:featuredmedia":[{"embeddable":true,"href":"http:\/\/vincentians.com\/es\/wp-json\/wp\/v2\/media\/388408"}],"wp:attachment":[{"href":"http:\/\/vincentians.com\/es\/wp-json\/wp\/v2\/media?parent=1307"}],"wp:term":[{"taxonomy":"category","embeddable":true,"href":"http:\/\/vincentians.com\/es\/wp-json\/wp\/v2\/categories?post=1307"},{"taxonomy":"post_tag","embeddable":true,"href":"http:\/\/vincentians.com\/es\/wp-json\/wp\/v2\/tags?post=1307"}],"curies":[{"name":"wp","href":"https:\/\/api.w.org\/{rel}","templated":true}]}}