{"id":130510,"date":"2014-05-31T08:20:34","date_gmt":"2014-05-31T06:20:34","guid":{"rendered":"http:\/\/somos.vicencianos.org\/?p=130510"},"modified":"2016-07-27T12:07:54","modified_gmt":"2016-07-27T10:07:54","slug":"vicente-de-paul-andrade-pau","status":"publish","type":"post","link":"http:\/\/vincentians.com\/es\/vicente-de-paul-andrade-pau\/","title":{"rendered":"Vicente de Pa\u00fal Andrade Pau"},"content":{"rendered":"<p><a href=\"http:\/\/vicencianos.org\/blog\/antoine-morando-1650-1694\/biografias-paules-346\/\" rel=\"attachment wp-att-130116\"><img data-recalc-dims=\"1\" loading=\"lazy\" decoding=\"async\" class=\"alignleft size-full wp-image-130116\" src=\"https:\/\/i0.wp.com\/vicencianos.org\/wp-content\/2011\/03\/Biografias-Pa%C3%BAles.jpg?resize=232%2C300\" alt=\"Biografias Pa\u00fales\" width=\"232\" height=\"300\" \/><\/a>Nacimiento: 23.2.1844 en la ciudad de M\u00e9xico \/ Fecha de vocaci\u00f3n: 12.11.1863 ibidem \/ Votos perpetuos: 13.11.1865 en la capilla del Hospital de San Juan de Dios ante Boquet \/ Fecha de ordenaci\u00f3n: 19.12.1868 en Par\u00eds.<\/p>\n<p>DESTINOS: Jalapa seminario 1870 \/ Zacatecas seminario 1872 \/ Puebla 1876 (el libro de personal de Puebla dice as\u00ed: \u00abVino a esta casa el 3.7.1876 y sali\u00f3 de aqu\u00ed el 23.4.77\u00bb) \/ M\u00e9xico, casa central san Lorenzo, ec\u00f3nomo provincial y secretario del provincial 1878.<\/p>\n<p>Fue el brazo derecho del visitador Agust\u00edn Torres. Hijo del fundador de la CM en M\u00e9xico, Dr.Andrade. Hombre de grandes relaciones sociales y culturales por razones sobre todo de familia, vivi\u00f3 m\u00e1s fuera que dentro incluso mientras perteneci\u00f3 a la Provincia. El arzobispo de M\u00e9xico lo hizo sin m\u00e1s p\u00e1rroco de San Cosme y \u00e9l obtuvo permisos para vivir fuera hasta que ya su situaci\u00f3n se hizo insostenible, sobre todo cuando el visitador Mariscal trat\u00f3 de que se decidiera por entrar o salir. Sali\u00f3 de la CM en 1983.<\/p>\n<p>Fue un gran personaje de M\u00e9xico: escritor, bibli\u00f3filo, p\u00e1rroco de San Cosme 1980, San Miguel 1883, Sagrario Metropolitano 1885, can\u00f3nigo de Guadalupe 1887. Amigo y consultado por los intelectuales de su tiempo. Muri\u00f3 el 17.8.1915 en el Hospital de Jes\u00fas (ver la obra de Valverde T\u00e9llez, tomo III: Sacerdotes, pp. 35-41). En al APM hay una nota de su pu\u00f1o y letra: \u00abSr.Visitador de la Misi\u00f3n de la Provincia de M\u00e9xico: A mi fallecimiento quiero que la casa de mi propiedad, situada en la 2\u00aa de las Moras n\u00ba 36, sea para demostrar mi cari\u00f1o y gratitud a la dicha Congregaci\u00f3n, a quien deb\u00ed mi educaci\u00f3n intelectual y espiritual y a la que pertenec\u00ed 17 a\u00f1os. Mi albacea el Sr. Lic. D. Rafael Ortega, est\u00e1 enterado de esta donaci\u00f3n. M\u00e9xico, Enero 7 de 1912\u00bb.<\/p>\n","protected":false},"excerpt":{"rendered":"<p>Nacimiento: 23.2.1844 en la ciudad de M\u00e9xico \/ Fecha de vocaci\u00f3n: 12.11.1863 ibidem \/ Votos perpetuos: 13.11.1865 en la capilla del Hospital de San Juan de Dios ante Boquet \/ Fecha de ordenaci\u00f3n: 19.12.1868 en &#8230; <a href=\"http:\/\/vincentians.com\/es\/vicente-de-paul-andrade-pau\/\" class=\"more-link\">Read More<\/a><\/p>\n","protected":false},"author":5,"featured_media":391249,"comment_status":"open","ping_status":"open","sticky":false,"template":"","format":"standard","meta":{"rs_blank_template":"","rs_page_bg_color":"","slide_template_v7":"","_jetpack_newsletter_access":"","_jetpack_dont_email_post_to_subs":false,"_jetpack_newsletter_tier_id":0,"_jetpack_memberships_contains_paywalled_content":false,"_jetpack_feature_clip_id":0,"_jetpack_memberships_contains_paid_content":false,"footnotes":"","jetpack_publicize_message":"","jetpack_publicize_feature_enabled":true,"jetpack_social_post_already_shared":true,"jetpack_social_options":{"image_generator_settings":{"template":"highway","default_image_id":0,"font":"","enabled":false},"version":2},"jetpack_post_was_ever_published":false},"categories":[19],"tags":[],"class_list":["post-130510","post","type-post","status-publish","format-standard","has-post-thumbnail","hentry","category-biografias-de-misioneros-paules"],"yoast_head":"<!-- This site is optimized with the Yoast SEO plugin v27.9 - https:\/\/yoast.com\/product\/yoast-seo-wordpress\/ -->\n<title>Vicente de Pa\u00fal Andrade Pau - Somos Vicencianos<\/title>\n<meta name=\"robots\" content=\"index, follow, max-snippet:-1, max-image-preview:large, max-video-preview:-1\" \/>\n<link rel=\"canonical\" href=\"http:\/\/vincentians.com\/es\/vicente-de-paul-andrade-pau\/\" \/>\n<meta property=\"og:locale\" content=\"es_ES\" \/>\n<meta property=\"og:type\" content=\"article\" \/>\n<meta property=\"og:title\" content=\"Vicente de Pa\u00fal Andrade Pau - Somos Vicencianos\" \/>\n<meta property=\"og:description\" content=\"Nacimiento: 23.2.1844 en la ciudad de M\u00e9xico \/ Fecha de vocaci\u00f3n: 12.11.1863 ibidem \/ Votos perpetuos: 13.11.1865 en la capilla del Hospital de San Juan de Dios ante Boquet \/ Fecha de ordenaci\u00f3n: 19.12.1868 en ... Read More\" \/>\n<meta property=\"og:url\" content=\"http:\/\/vincentians.com\/es\/vicente-de-paul-andrade-pau\/\" \/>\n<meta property=\"og:site_name\" content=\"Somos Vicencianos\" \/>\n<meta property=\"article:publisher\" content=\"https:\/\/www.facebook.com\/WeAreVincentians\/\" \/>\n<meta property=\"article:published_time\" content=\"2014-05-31T06:20:34+00:00\" \/>\n<meta property=\"article:modified_time\" content=\"2016-07-27T10:07:54+00:00\" \/>\n<meta property=\"og:image\" content=\"https:\/\/i0.wp.com\/vincentians.com\/es\/wp-content\/uploads\/sites\/11\/2016\/07\/bio-cm.jpg?fit=1200%2C630\" \/>\n\t<meta property=\"og:image:width\" content=\"1200\" \/>\n\t<meta property=\"og:image:height\" content=\"630\" \/>\n\t<meta property=\"og:image:type\" content=\"image\/jpeg\" \/>\n<meta name=\"author\" content=\"Mitxel Olabu\u00e9naga\" \/>\n<meta name=\"twitter:card\" content=\"summary_large_image\" \/>\n<meta name=\"twitter:creator\" content=\"@WeVincentians\" \/>\n<meta name=\"twitter:site\" content=\"@WeVincentians\" \/>\n<meta name=\"twitter:label1\" content=\"Escrito por\" \/>\n\t<meta name=\"twitter:data1\" content=\"Mitxel Olabu\u00e9naga\" \/>\n\t<meta name=\"twitter:label2\" content=\"Tiempo de lectura\" \/>\n\t<meta name=\"twitter:data2\" content=\"2 minutos\" \/>\n<script type=\"application\/ld+json\" class=\"yoast-schema-graph\">{\"@context\":\"https:\\\/\\\/schema.org\",\"@graph\":[{\"@type\":\"Article\",\"@id\":\"http:\\\/\\\/vincentians.com\\\/es\\\/vicente-de-paul-andrade-pau\\\/#article\",\"isPartOf\":{\"@id\":\"http:\\\/\\\/vincentians.com\\\/es\\\/vicente-de-paul-andrade-pau\\\/\"},\"author\":{\"name\":\"Mitxel Olabu\u00e9naga\",\"@id\":\"http:\\\/\\\/vincentians.com\\\/es\\\/#\\\/schema\\\/person\\\/7c2670b4445a7ca9d164ea6acdb31859\"},\"headline\":\"Vicente de Pa\u00fal Andrade Pau\",\"datePublished\":\"2014-05-31T06:20:34+00:00\",\"dateModified\":\"2016-07-27T10:07:54+00:00\",\"mainEntityOfPage\":{\"@id\":\"http:\\\/\\\/vincentians.com\\\/es\\\/vicente-de-paul-andrade-pau\\\/\"},\"wordCount\":312,\"commentCount\":0,\"publisher\":{\"@id\":\"http:\\\/\\\/vincentians.com\\\/es\\\/#organization\"},\"image\":{\"@id\":\"http:\\\/\\\/vincentians.com\\\/es\\\/vicente-de-paul-andrade-pau\\\/#primaryimage\"},\"thumbnailUrl\":\"https:\\\/\\\/i0.wp.com\\\/vincentians.com\\\/es\\\/wp-content\\\/uploads\\\/sites\\\/11\\\/2016\\\/07\\\/bio-cm.jpg?fit=1200%2C630\",\"articleSection\":[\"Biograf\u00edas de Misioneros Pa\u00fales\"],\"inLanguage\":\"es\",\"potentialAction\":[{\"@type\":\"CommentAction\",\"name\":\"Comment\",\"target\":[\"http:\\\/\\\/vincentians.com\\\/es\\\/vicente-de-paul-andrade-pau\\\/#respond\"]}]},{\"@type\":\"WebPage\",\"@id\":\"http:\\\/\\\/vincentians.com\\\/es\\\/vicente-de-paul-andrade-pau\\\/\",\"url\":\"http:\\\/\\\/vincentians.com\\\/es\\\/vicente-de-paul-andrade-pau\\\/\",\"name\":\"Vicente de Pa\u00fal Andrade Pau - Somos Vicencianos\",\"isPartOf\":{\"@id\":\"http:\\\/\\\/vincentians.com\\\/es\\\/#website\"},\"primaryImageOfPage\":{\"@id\":\"http:\\\/\\\/vincentians.com\\\/es\\\/vicente-de-paul-andrade-pau\\\/#primaryimage\"},\"image\":{\"@id\":\"http:\\\/\\\/vincentians.com\\\/es\\\/vicente-de-paul-andrade-pau\\\/#primaryimage\"},\"thumbnailUrl\":\"https:\\\/\\\/i0.wp.com\\\/vincentians.com\\\/es\\\/wp-content\\\/uploads\\\/sites\\\/11\\\/2016\\\/07\\\/bio-cm.jpg?fit=1200%2C630\",\"datePublished\":\"2014-05-31T06:20:34+00:00\",\"dateModified\":\"2016-07-27T10:07:54+00:00\",\"breadcrumb\":{\"@id\":\"http:\\\/\\\/vincentians.com\\\/es\\\/vicente-de-paul-andrade-pau\\\/#breadcrumb\"},\"inLanguage\":\"es\",\"potentialAction\":[{\"@type\":\"ReadAction\",\"target\":[\"http:\\\/\\\/vincentians.com\\\/es\\\/vicente-de-paul-andrade-pau\\\/\"]}]},{\"@type\":\"ImageObject\",\"inLanguage\":\"es\",\"@id\":\"http:\\\/\\\/vincentians.com\\\/es\\\/vicente-de-paul-andrade-pau\\\/#primaryimage\",\"url\":\"https:\\\/\\\/i0.wp.com\\\/vincentians.com\\\/es\\\/wp-content\\\/uploads\\\/sites\\\/11\\\/2016\\\/07\\\/bio-cm.jpg?fit=1200%2C630\",\"contentUrl\":\"https:\\\/\\\/i0.wp.com\\\/vincentians.com\\\/es\\\/wp-content\\\/uploads\\\/sites\\\/11\\\/2016\\\/07\\\/bio-cm.jpg?fit=1200%2C630\",\"width\":1200,\"height\":630},{\"@type\":\"BreadcrumbList\",\"@id\":\"http:\\\/\\\/vincentians.com\\\/es\\\/vicente-de-paul-andrade-pau\\\/#breadcrumb\",\"itemListElement\":[{\"@type\":\"ListItem\",\"position\":1,\"name\":\"Portada\",\"item\":\"http:\\\/\\\/vincentians.com\\\/es\\\/\"},{\"@type\":\"ListItem\",\"position\":2,\"name\":\"Vicente de Pa\u00fal Andrade Pau\"}]},{\"@type\":\"WebSite\",\"@id\":\"http:\\\/\\\/vincentians.com\\\/es\\\/#website\",\"url\":\"http:\\\/\\\/vincentians.com\\\/es\\\/\",\"name\":\"Somos Vicencianos\",\"description\":\"Know more to serve more\",\"publisher\":{\"@id\":\"http:\\\/\\\/vincentians.com\\\/es\\\/#organization\"},\"potentialAction\":[{\"@type\":\"SearchAction\",\"target\":{\"@type\":\"EntryPoint\",\"urlTemplate\":\"http:\\\/\\\/vincentians.com\\\/es\\\/?s={search_term_string}\"},\"query-input\":{\"@type\":\"PropertyValueSpecification\",\"valueRequired\":true,\"valueName\":\"search_term_string\"}}],\"inLanguage\":\"es\"},{\"@type\":\"Organization\",\"@id\":\"http:\\\/\\\/vincentians.com\\\/es\\\/#organization\",\"name\":\"The Vincentian Network\",\"url\":\"http:\\\/\\\/vincentians.com\\\/es\\\/\",\"logo\":{\"@type\":\"ImageObject\",\"inLanguage\":\"es\",\"@id\":\"http:\\\/\\\/vincentians.com\\\/es\\\/#\\\/schema\\\/logo\\\/image\\\/\",\"url\":\"https:\\\/\\\/i1.wp.com\\\/vincentians.com\\\/es\\\/wp-content\\\/uploads\\\/sites\\\/11\\\/2016\\\/06\\\/Vincentian-Network-logo-big.png?fit=778%2C778\",\"contentUrl\":\"https:\\\/\\\/i1.wp.com\\\/vincentians.com\\\/es\\\/wp-content\\\/uploads\\\/sites\\\/11\\\/2016\\\/06\\\/Vincentian-Network-logo-big.png?fit=778%2C778\",\"width\":778,\"height\":778,\"caption\":\"The Vincentian Network\"},\"image\":{\"@id\":\"http:\\\/\\\/vincentians.com\\\/es\\\/#\\\/schema\\\/logo\\\/image\\\/\"},\"sameAs\":[\"https:\\\/\\\/www.facebook.com\\\/WeAreVincentians\\\/\",\"https:\\\/\\\/x.com\\\/WeVincentians\"]},{\"@type\":\"Person\",\"@id\":\"http:\\\/\\\/vincentians.com\\\/es\\\/#\\\/schema\\\/person\\\/7c2670b4445a7ca9d164ea6acdb31859\",\"name\":\"Mitxel Olabu\u00e9naga\",\"image\":{\"@type\":\"ImageObject\",\"inLanguage\":\"es\",\"@id\":\"https:\\\/\\\/secure.gravatar.com\\\/avatar\\\/34137ec2e2b8939cbbed975731e71f3f4f1defc7266ded337a5ce0f925426877?s=96&d=mm&r=g\",\"url\":\"https:\\\/\\\/secure.gravatar.com\\\/avatar\\\/34137ec2e2b8939cbbed975731e71f3f4f1defc7266ded337a5ce0f925426877?s=96&d=mm&r=g\",\"contentUrl\":\"https:\\\/\\\/secure.gravatar.com\\\/avatar\\\/34137ec2e2b8939cbbed975731e71f3f4f1defc7266ded337a5ce0f925426877?s=96&d=mm&r=g\",\"caption\":\"Mitxel Olabu\u00e9naga\"},\"url\":\"http:\\\/\\\/vincentians.com\\\/es\\\/author\\\/mitxel\\\/\"}]}<\/script>\n<!-- \/ Yoast SEO plugin. -->","yoast_head_json":{"title":"Vicente de Pa\u00fal Andrade Pau - Somos Vicencianos","robots":{"index":"index","follow":"follow","max-snippet":"max-snippet:-1","max-image-preview":"max-image-preview:large","max-video-preview":"max-video-preview:-1"},"canonical":"http:\/\/vincentians.com\/es\/vicente-de-paul-andrade-pau\/","og_locale":"es_ES","og_type":"article","og_title":"Vicente de Pa\u00fal Andrade Pau - Somos Vicencianos","og_description":"Nacimiento: 23.2.1844 en la ciudad de M\u00e9xico \/ Fecha de vocaci\u00f3n: 12.11.1863 ibidem \/ Votos perpetuos: 13.11.1865 en la capilla del Hospital de San Juan de Dios ante Boquet \/ Fecha de ordenaci\u00f3n: 19.12.1868 en ... Read More","og_url":"http:\/\/vincentians.com\/es\/vicente-de-paul-andrade-pau\/","og_site_name":"Somos Vicencianos","article_publisher":"https:\/\/www.facebook.com\/WeAreVincentians\/","article_published_time":"2014-05-31T06:20:34+00:00","article_modified_time":"2016-07-27T10:07:54+00:00","og_image":[{"width":1200,"height":630,"url":"https:\/\/i0.wp.com\/vincentians.com\/es\/wp-content\/uploads\/sites\/11\/2016\/07\/bio-cm.jpg?fit=1200%2C630","type":"image\/jpeg"}],"author":"Mitxel Olabu\u00e9naga","twitter_card":"summary_large_image","twitter_creator":"@WeVincentians","twitter_site":"@WeVincentians","twitter_misc":{"Escrito por":"Mitxel Olabu\u00e9naga","Tiempo de lectura":"2 minutos"},"schema":{"@context":"https:\/\/schema.org","@graph":[{"@type":"Article","@id":"http:\/\/vincentians.com\/es\/vicente-de-paul-andrade-pau\/#article","isPartOf":{"@id":"http:\/\/vincentians.com\/es\/vicente-de-paul-andrade-pau\/"},"author":{"name":"Mitxel Olabu\u00e9naga","@id":"http:\/\/vincentians.com\/es\/#\/schema\/person\/7c2670b4445a7ca9d164ea6acdb31859"},"headline":"Vicente de Pa\u00fal Andrade Pau","datePublished":"2014-05-31T06:20:34+00:00","dateModified":"2016-07-27T10:07:54+00:00","mainEntityOfPage":{"@id":"http:\/\/vincentians.com\/es\/vicente-de-paul-andrade-pau\/"},"wordCount":312,"commentCount":0,"publisher":{"@id":"http:\/\/vincentians.com\/es\/#organization"},"image":{"@id":"http:\/\/vincentians.com\/es\/vicente-de-paul-andrade-pau\/#primaryimage"},"thumbnailUrl":"https:\/\/i0.wp.com\/vincentians.com\/es\/wp-content\/uploads\/sites\/11\/2016\/07\/bio-cm.jpg?fit=1200%2C630","articleSection":["Biograf\u00edas de Misioneros Pa\u00fales"],"inLanguage":"es","potentialAction":[{"@type":"CommentAction","name":"Comment","target":["http:\/\/vincentians.com\/es\/vicente-de-paul-andrade-pau\/#respond"]}]},{"@type":"WebPage","@id":"http:\/\/vincentians.com\/es\/vicente-de-paul-andrade-pau\/","url":"http:\/\/vincentians.com\/es\/vicente-de-paul-andrade-pau\/","name":"Vicente de Pa\u00fal Andrade Pau - Somos Vicencianos","isPartOf":{"@id":"http:\/\/vincentians.com\/es\/#website"},"primaryImageOfPage":{"@id":"http:\/\/vincentians.com\/es\/vicente-de-paul-andrade-pau\/#primaryimage"},"image":{"@id":"http:\/\/vincentians.com\/es\/vicente-de-paul-andrade-pau\/#primaryimage"},"thumbnailUrl":"https:\/\/i0.wp.com\/vincentians.com\/es\/wp-content\/uploads\/sites\/11\/2016\/07\/bio-cm.jpg?fit=1200%2C630","datePublished":"2014-05-31T06:20:34+00:00","dateModified":"2016-07-27T10:07:54+00:00","breadcrumb":{"@id":"http:\/\/vincentians.com\/es\/vicente-de-paul-andrade-pau\/#breadcrumb"},"inLanguage":"es","potentialAction":[{"@type":"ReadAction","target":["http:\/\/vincentians.com\/es\/vicente-de-paul-andrade-pau\/"]}]},{"@type":"ImageObject","inLanguage":"es","@id":"http:\/\/vincentians.com\/es\/vicente-de-paul-andrade-pau\/#primaryimage","url":"https:\/\/i0.wp.com\/vincentians.com\/es\/wp-content\/uploads\/sites\/11\/2016\/07\/bio-cm.jpg?fit=1200%2C630","contentUrl":"https:\/\/i0.wp.com\/vincentians.com\/es\/wp-content\/uploads\/sites\/11\/2016\/07\/bio-cm.jpg?fit=1200%2C630","width":1200,"height":630},{"@type":"BreadcrumbList","@id":"http:\/\/vincentians.com\/es\/vicente-de-paul-andrade-pau\/#breadcrumb","itemListElement":[{"@type":"ListItem","position":1,"name":"Portada","item":"http:\/\/vincentians.com\/es\/"},{"@type":"ListItem","position":2,"name":"Vicente de Pa\u00fal Andrade Pau"}]},{"@type":"WebSite","@id":"http:\/\/vincentians.com\/es\/#website","url":"http:\/\/vincentians.com\/es\/","name":"Somos Vicencianos","description":"Know more to serve more","publisher":{"@id":"http:\/\/vincentians.com\/es\/#organization"},"potentialAction":[{"@type":"SearchAction","target":{"@type":"EntryPoint","urlTemplate":"http:\/\/vincentians.com\/es\/?s={search_term_string}"},"query-input":{"@type":"PropertyValueSpecification","valueRequired":true,"valueName":"search_term_string"}}],"inLanguage":"es"},{"@type":"Organization","@id":"http:\/\/vincentians.com\/es\/#organization","name":"The Vincentian Network","url":"http:\/\/vincentians.com\/es\/","logo":{"@type":"ImageObject","inLanguage":"es","@id":"http:\/\/vincentians.com\/es\/#\/schema\/logo\/image\/","url":"https:\/\/i1.wp.com\/vincentians.com\/es\/wp-content\/uploads\/sites\/11\/2016\/06\/Vincentian-Network-logo-big.png?fit=778%2C778","contentUrl":"https:\/\/i1.wp.com\/vincentians.com\/es\/wp-content\/uploads\/sites\/11\/2016\/06\/Vincentian-Network-logo-big.png?fit=778%2C778","width":778,"height":778,"caption":"The Vincentian Network"},"image":{"@id":"http:\/\/vincentians.com\/es\/#\/schema\/logo\/image\/"},"sameAs":["https:\/\/www.facebook.com\/WeAreVincentians\/","https:\/\/x.com\/WeVincentians"]},{"@type":"Person","@id":"http:\/\/vincentians.com\/es\/#\/schema\/person\/7c2670b4445a7ca9d164ea6acdb31859","name":"Mitxel Olabu\u00e9naga","image":{"@type":"ImageObject","inLanguage":"es","@id":"https:\/\/secure.gravatar.com\/avatar\/34137ec2e2b8939cbbed975731e71f3f4f1defc7266ded337a5ce0f925426877?s=96&d=mm&r=g","url":"https:\/\/secure.gravatar.com\/avatar\/34137ec2e2b8939cbbed975731e71f3f4f1defc7266ded337a5ce0f925426877?s=96&d=mm&r=g","contentUrl":"https:\/\/secure.gravatar.com\/avatar\/34137ec2e2b8939cbbed975731e71f3f4f1defc7266ded337a5ce0f925426877?s=96&d=mm&r=g","caption":"Mitxel Olabu\u00e9naga"},"url":"http:\/\/vincentians.com\/es\/author\/mitxel\/"}]}},"jetpack_publicize_connections":[],"jetpack_featured_media_url":"https:\/\/i0.wp.com\/vincentians.com\/es\/wp-content\/uploads\/sites\/11\/2016\/07\/bio-cm.jpg?fit=1200%2C630","jetpack_sharing_enabled":true,"jetpack_shortlink":"https:\/\/wp.me\/p7ETMF-xX0","jetpack-related-posts":[{"id":134019,"url":"http:\/\/vincentians.com\/es\/de-dios-toribio-vicente\/","url_meta":{"origin":130510,"position":0},"title":"Vicente de Dios Tioribio","author":"Mitxel Olabu\u00e9naga","date":"17\/01\/2015","format":false,"excerpt":"Nacimiento: 19.12.1927 en Astudillo, Palencia \/ Fecha de vocaci\u00f3n: 19.9.1944 en Hortaleza \/ Votos perpetuos: 20.9.1950 \/ Fecha de ordenaci\u00f3n: En Potters Bar el 20.1.1952, ordenante Mons.Craven, auxiliar de Londres. DESTINOS: Limpias-Noviciado 1952 \/ Cuenca-Filosof\u00eda 1956 (superior en 1960) \/ Madrid casa central-periodismo 1962 \/ Madrid Carabanchel-parroquia 1967 \/ M\u00e9xico-Campestre\u2026","rel":"","context":"En \u00abBiograf\u00edas de Misioneros Pa\u00fales\u00bb","block_context":{"text":"Biograf\u00edas de Misioneros Pa\u00fales","link":"http:\/\/vincentians.com\/es\/category\/la-familia-vicenciana\/biografias-vicencianas\/biografias-de-misioneros-paules\/"},"img":{"alt_text":"","src":"https:\/\/i0.wp.com\/vincentians.com\/es\/wp-content\/uploads\/sites\/11\/2016\/07\/bio-cm.jpg?fit=1200%2C630&resize=350%2C200","width":350,"height":200,"srcset":"https:\/\/i0.wp.com\/vincentians.com\/es\/wp-content\/uploads\/sites\/11\/2016\/07\/bio-cm.jpg?fit=1200%2C630&resize=350%2C200 1x, https:\/\/i0.wp.com\/vincentians.com\/es\/wp-content\/uploads\/sites\/11\/2016\/07\/bio-cm.jpg?fit=1200%2C630&resize=525%2C300 1.5x, https:\/\/i0.wp.com\/vincentians.com\/es\/wp-content\/uploads\/sites\/11\/2016\/07\/bio-cm.jpg?fit=1200%2C630&resize=700%2C400 2x, https:\/\/i0.wp.com\/vincentians.com\/es\/wp-content\/uploads\/sites\/11\/2016\/07\/bio-cm.jpg?fit=1200%2C630&resize=1050%2C600 3x"},"classes":[]},{"id":18231,"url":"http:\/\/vincentians.com\/es\/hermanas-josefinas-de-mexico\/","url_meta":{"origin":130510,"position":1},"title":"Hermanas Josefinas de M\u00e9xico","author":"Francisco Javier Fern\u00e1ndez Chento","date":"15\/03\/2023","format":false,"excerpt":"Congregaci\u00f3n religiosa laical de derecho pontificio fundada en la ciudad de M\u00e9xico el 22 de septiembre de 1872 por el sacerdote Jos\u00e9 Mar\u00eda Vilaseca y sor Ces\u00e1rea Ruiz de Esparza y D\u00e1valos. Recibi\u00f3 la aprobaci\u00f3n diocesana el 8 de diciembre de 1876; la temporal y el decretum laudis, en septiembre\u2026","rel":"","context":"En \u00abHermanas Josefinas\u00bb","block_context":{"text":"Hermanas Josefinas","link":"http:\/\/vincentians.com\/es\/category\/la-familia-vicenciana\/ramas\/hermanas-josefinas\/"},"img":{"alt_text":"","src":"https:\/\/i0.wp.com\/vincentians.com\/es\/wp-content\/uploads\/sites\/11\/2013\/04\/hijas-caridaqd.jpg?fit=1200%2C675&resize=350%2C200","width":350,"height":200,"srcset":"https:\/\/i0.wp.com\/vincentians.com\/es\/wp-content\/uploads\/sites\/11\/2013\/04\/hijas-caridaqd.jpg?fit=1200%2C675&resize=350%2C200 1x, https:\/\/i0.wp.com\/vincentians.com\/es\/wp-content\/uploads\/sites\/11\/2013\/04\/hijas-caridaqd.jpg?fit=1200%2C675&resize=525%2C300 1.5x, https:\/\/i0.wp.com\/vincentians.com\/es\/wp-content\/uploads\/sites\/11\/2013\/04\/hijas-caridaqd.jpg?fit=1200%2C675&resize=700%2C400 2x, https:\/\/i0.wp.com\/vincentians.com\/es\/wp-content\/uploads\/sites\/11\/2013\/04\/hijas-caridaqd.jpg?fit=1200%2C675&resize=1050%2C600 3x"},"classes":[]},{"id":32414,"url":"http:\/\/vincentians.com\/es\/presencia-y-evangelizacion-de-los-misioneros-paules-en-mexico\/","url_meta":{"origin":130510,"position":2},"title":"Presencia y evangelizaci\u00f3n de los Misioneros Pa\u00fales en M\u00e9xico","author":"Francisco Javier Fern\u00e1ndez Chento","date":"15\/04\/2014","format":false,"excerpt":"Reconozco, y lo confieso, que no soy un te\u00f3rico de la Misi\u00f3n Popular vicentina; no me considero, adem\u00e1s, un experto en la historia misionera de la Provincia. Soy ciertamente un misionero que desde mi regreso a M\u00e9xico en 1974, he dedicado gran parte de mi vida al trabajo pastoral parroquial\u2026","rel":"","context":"En \u00abCongregaci\u00f3n de la Misi\u00f3n\u00bb","block_context":{"text":"Congregaci\u00f3n de la Misi\u00f3n","link":"http:\/\/vincentians.com\/es\/category\/la-familia-vicenciana\/ramas\/congregacion-de-la-mision\/"},"img":{"alt_text":"","src":"https:\/\/i0.wp.com\/vicencianos.org\/wp-content\/2011\/03\/cruz_sv.png?resize=350%2C200","width":350,"height":200},"classes":[]},{"id":128112,"url":"http:\/\/vincentians.com\/es\/fundacion-de-la-congregacion-de-la-mision-en-mexico\/","url_meta":{"origin":130510,"position":3},"title":"Fundaci\u00f3n de la Congregaci\u00f3n de la Misi\u00f3n en M\u00e9xico","author":"Mitxel Olabu\u00e9naga","date":"27\/05\/2024","format":false,"excerpt":"De hecho la Congregaci\u00f3n de la Misi\u00f3n apareci\u00f3 en M\u00e9xico por causa de las Hijas de la Caridad. Por eso era obligado y agradecido comenzar por la narraci\u00f3n la fundaci\u00f3n de las Hermanas. Hasta que los Padres llegaron a la Rep\u00fablica no w ning\u00fan testimonio de que alguien hubiera pensado\u2026","rel":"","context":"En \u00abHistoria de la Congregaci\u00f3n de la Misi\u00f3n\u00bb","block_context":{"text":"Historia de la Congregaci\u00f3n de la Misi\u00f3n","link":"http:\/\/vincentians.com\/es\/category\/historia-de-la-familia-vicenciana\/historia-de-la-congregacion-de-la-mision\/"},"img":{"alt_text":"","src":"https:\/\/i0.wp.com\/vincentians.com\/es\/wp-content\/uploads\/sites\/11\/2013\/04\/f-4-scaled.jpg?fit=1200%2C570&resize=350%2C200","width":350,"height":200,"srcset":"https:\/\/i0.wp.com\/vincentians.com\/es\/wp-content\/uploads\/sites\/11\/2013\/04\/f-4-scaled.jpg?fit=1200%2C570&resize=350%2C200 1x, https:\/\/i0.wp.com\/vincentians.com\/es\/wp-content\/uploads\/sites\/11\/2013\/04\/f-4-scaled.jpg?fit=1200%2C570&resize=525%2C300 1.5x, https:\/\/i0.wp.com\/vincentians.com\/es\/wp-content\/uploads\/sites\/11\/2013\/04\/f-4-scaled.jpg?fit=1200%2C570&resize=700%2C400 2x, https:\/\/i0.wp.com\/vincentians.com\/es\/wp-content\/uploads\/sites\/11\/2013\/04\/f-4-scaled.jpg?fit=1200%2C570&resize=1050%2C600 3x"},"classes":[]},{"id":387081,"url":"http:\/\/vincentians.com\/es\/la-diaspora-de-la-cm-espanola-tras-las-disoluciones-del-siglo-xix\/","url_meta":{"origin":130510,"position":4},"title":"La di\u00e1spora de la CM espa\u00f1ola tras las disoluciones del siglo XIX","author":"Mitxel Olabu\u00e9naga","date":"29\/02\/2016","format":false,"excerpt":"Introducci\u00f3n El convulso siglo XIX supuso un antes y un despu\u00e9s a la desfasada sociedad espa\u00f1ola. La Iglesia no se qued\u00f3 al margen de los profundos cambios ocurridos y, como no pod\u00eda ser menos, la Congregaci\u00f3n de la Misi\u00f3n sigui\u00f3 los mismos derroteros. En este sentido debemos afirmar que las\u2026","rel":"","context":"En \u00abHistoria de la Congregaci\u00f3n de la Misi\u00f3n en Espa\u00f1a\u00bb","block_context":{"text":"Historia de la Congregaci\u00f3n de la Misi\u00f3n en Espa\u00f1a","link":"http:\/\/vincentians.com\/es\/category\/historia-de-la-familia-vicenciana\/historia-de-la-congregacion-de-la-mision-en-espana\/"},"img":{"alt_text":"LOGO SEMINARIO HISTORIA 2 color","src":"https:\/\/i0.wp.com\/vicencianos.org\/wp-content\/uploads\/2016\/02\/LOGO-SEMINARIO-HISTORIA-2-color-300x300.jpg?resize=350%2C200","width":350,"height":200},"classes":[]},{"id":119270,"url":"http:\/\/vincentians.com\/es\/historia-de-los-paules-en-cuba-capitulo-v-e\/","url_meta":{"origin":130510,"position":5},"title":"Historia de los Pa\u00fales en Cuba: Cap\u00edtulo V (E)","author":"Mitxel Olabu\u00e9naga","date":"23\/01\/2022","format":false,"excerpt":"5. Fundaci\u00f3n \"Can\u00f3nica\" de la nueva Provincia de las Antillas. Muchos y muy buenos trabajos hab\u00edan realizado los Misioneros Pa\u00fales en Cuba desde su llegada a estas tierras el 13 de Noviembre de 1862. Guiados y dependiendo siempre de los Superiores de la Provincia Can\u00f3nica de Madrid, a cuya jurisdicci\u00f3n\u2026","rel":"","context":"En \u00abHistoria de la Congregaci\u00f3n de la Misi\u00f3n\u00bb","block_context":{"text":"Historia de la Congregaci\u00f3n de la Misi\u00f3n","link":"http:\/\/vincentians.com\/es\/category\/historia-de-la-familia-vicenciana\/historia-de-la-congregacion-de-la-mision\/"},"img":{"alt_text":"","src":"https:\/\/i0.wp.com\/vincentians.com\/es\/wp-content\/uploads\/sites\/11\/2013\/04\/Entorno-de-San-Vicente-6-Berceau.jpg?fit=640%2C421&resize=350%2C200","width":350,"height":200,"srcset":"https:\/\/i0.wp.com\/vincentians.com\/es\/wp-content\/uploads\/sites\/11\/2013\/04\/Entorno-de-San-Vicente-6-Berceau.jpg?fit=640%2C421&resize=350%2C200 1x, https:\/\/i0.wp.com\/vincentians.com\/es\/wp-content\/uploads\/sites\/11\/2013\/04\/Entorno-de-San-Vicente-6-Berceau.jpg?fit=640%2C421&resize=525%2C300 1.5x"},"classes":[]}],"_links":{"self":[{"href":"http:\/\/vincentians.com\/es\/wp-json\/wp\/v2\/posts\/130510","targetHints":{"allow":["GET"]}}],"collection":[{"href":"http:\/\/vincentians.com\/es\/wp-json\/wp\/v2\/posts"}],"about":[{"href":"http:\/\/vincentians.com\/es\/wp-json\/wp\/v2\/types\/post"}],"author":[{"embeddable":true,"href":"http:\/\/vincentians.com\/es\/wp-json\/wp\/v2\/users\/5"}],"replies":[{"embeddable":true,"href":"http:\/\/vincentians.com\/es\/wp-json\/wp\/v2\/comments?post=130510"}],"version-history":[{"count":0,"href":"http:\/\/vincentians.com\/es\/wp-json\/wp\/v2\/posts\/130510\/revisions"}],"wp:featuredmedia":[{"embeddable":true,"href":"http:\/\/vincentians.com\/es\/wp-json\/wp\/v2\/media\/391249"}],"wp:attachment":[{"href":"http:\/\/vincentians.com\/es\/wp-json\/wp\/v2\/media?parent=130510"}],"wp:term":[{"taxonomy":"category","embeddable":true,"href":"http:\/\/vincentians.com\/es\/wp-json\/wp\/v2\/categories?post=130510"},{"taxonomy":"post_tag","embeddable":true,"href":"http:\/\/vincentians.com\/es\/wp-json\/wp\/v2\/tags?post=130510"}],"curies":[{"name":"wp","href":"https:\/\/api.w.org\/{rel}","templated":true}]}}