{"id":13036,"date":"2015-02-20T02:00:50","date_gmt":"2015-02-20T01:00:50","guid":{"rendered":"http:\/\/somos.vicencianos.org\/blog\/?p=13036"},"modified":"2016-07-26T17:29:05","modified_gmt":"2016-07-26T15:29:05","slug":"historia-del-santuario-santa-rosa-de-cabal","status":"publish","type":"post","link":"http:\/\/vincentians.com\/es\/historia-del-santuario-santa-rosa-de-cabal\/","title":{"rendered":"Historia del Santuario Santa Rosa de Cabal"},"content":{"rendered":"<h2><strong>1. Los santuarios<\/strong><\/h2>\n<h3><strong>Qu\u00e9 es un Santuario <\/strong><\/h3>\n<p>Antes de comenzar un estudio acerca de los Santuarios, es importante conocer qu\u00e9 es un \u00abSantuario\u00bb, para poder estar ubicados en el contexto de lo que se quiere profundizar. Por eso dar\u00e9 unas peque\u00f1as aproximaciones al planteamiento que seguramente nos servir\u00e1 para inquietarnos m\u00e1s y de esta manera ir a buscar m\u00e1s fuentes que nos gu\u00eden al respecto.<\/p>\n<p>Digamos por tanto y en primer lugar que el Santuario es el lugar del encuentro Sacramental con Dios. All\u00ed se experimenta la cercan\u00eda y presencia del Creador. Este es tambi\u00e9n un lugar de acogida; de ah\u00ed la importancia de la preparaci\u00f3n de las peregrinaciones. El Santuario se convierte por tanto en el lugar donde la Iglesia ora de forma comunitaria, pero tambi\u00e9n de forma privada o personal. El Santuario es tambi\u00e9n esa oportunidad para desarrollar un trabajo misionero y desde diferentes perspectivas (seg\u00fan le parezca a quien est\u00e9 a cargo de ellos). El Santuario por tanto re\u00fane al pueblo para Dios. He aqu\u00ed que el Santuario es un lugar que est\u00e1 al servicio de la misma fe \u2013 hay que tenerla (la fe) para poder aceptar que all\u00ed Dios es el principal protagonista. All\u00ed necesariamente se recibe el mensaje de la Palabra de Dios, pues nos recuerda el Evangelio de Cristo, que se va manifestando al mismo hombre en las experiencias mismas de su vida personal. Los Santuarios son para muchos peregrinos un momento especial de un alto en el camino para un \u00abdescanso interior\u00bb que le dar\u00e1 la posibilidad de volver a comenzar con buenos \u00e1nimos y revitalizado.<\/p>\n<p>\u00abPor el nombre de Santuario se entiende una Iglesia o recinto sagrado destinado a la celebraci\u00f3n p\u00fablica del culto divino, que por alg\u00fan motivo especial de piedad es constituido por los fieles como meta de peregrinaciones para impetrar gracias o cumplir votos\u00bb.<span id='easy-footnote-1-13036' class='easy-footnote-margin-adjust'><\/span><span class='easy-footnote'><a href='http:\/\/vincentians.com\/es\/historia-del-santuario-santa-rosa-de-cabal\/#easy-footnote-bottom-1-13036' title='Definici\u00f3n de la Comisi\u00f3n de Cardenales. Ephem\u00e9rides lit\u00fargica, 70 (1996, Pg. 309). '><sup>1<\/sup><\/a><\/span>\n<p>Si nos vamos al derecho can\u00f3nico, tambi\u00e9n encontraremos una definici\u00f3n que nos ayuda a comprender de alguna manera el fen\u00f3meno de los Santuarios, empezando por su significado.<\/p>\n<p>\u00abCon el nombre de Santuario se designa una Iglesia u otro lugar sagrado al que, por un motivo peculiar de piedad, acuden en peregrinaci\u00f3n numerosos fieles, con aprobaci\u00f3n del Ordinario del lugar\u00bb<span id='easy-footnote-2-13036' class='easy-footnote-margin-adjust'><\/span><span class='easy-footnote'><a href='http:\/\/vincentians.com\/es\/historia-del-santuario-santa-rosa-de-cabal\/#easy-footnote-bottom-2-13036' title='C\u00f3digo de Derecho Can\u00f3nico. Can. 1230.'><sup>2<\/sup><\/a><\/span>\n<p>Si miramos las dos definiciones podemos observar c\u00f3mo la diferencia entre una y otra noci\u00f3n es significativa, pues en la primera se coloca el acento en los fieles que constituyen el Santuario y como meta de peregrinaci\u00f3n, en donde se cumplen votos o se esperan gracias. Y en la segunda noci\u00f3n se pone el acento en ser un lugar de peregrinaci\u00f3n de numerosos fieles y que adem\u00e1s debe contar con una aprobaci\u00f3n oficial.<\/p>\n<p>Si queremos profundizar en todo lo que se refiere a los Santuarios, podemos acudir al Derecho en los numerales siguientes al ya citado.<\/p>\n<p>De esta manera el Santuario se convierte para nosotros en una suerte y un desaf\u00edo en esa tarea de experimentar una buena pastoral de \u00abLa convocatoria de Dios a todos los hombres\u00bb.<\/p>\n<h3><strong>Los Santuarios en Colombia: <\/strong><\/h3>\n<p><a href=\"https:\/\/i0.wp.com\/vicencianos.org\/wp-content\/2011\/11\/iglesia_santa_rosa.jpg\"><img data-recalc-dims=\"1\" loading=\"lazy\" decoding=\"async\" class=\"alignright size-medium wp-image-52865\" title=\"iglesia_santa_rosa\" src=\"https:\/\/i0.wp.com\/vicencianos.org\/wp-content\/2011\/11\/iglesia_santa_rosa-224x300.jpg?resize=224%2C300\" alt=\"\" width=\"224\" height=\"300\" \/><\/a>Cuando uno se adentra en el estudio de los procesos de evangelizaci\u00f3n de los pueblos, se descubre que el Evangelio en ellos ha sido anunciado, presentando a la Virgen Mar\u00eda como su realizaci\u00f3n m\u00e1s alta. Nos referimos por tanto a que las devociones de los Santuarios influyen bastante, o han influido en los procesos de la fe del pueblo creyente y en muchas ocasiones ha transformado el coraz\u00f3n de quienes no lo eran.<\/p>\n<p>Nos encontramos en Colombia especialmente con una variedad de oportunidades religiosas que enriquecen la devoci\u00f3n popular, pero que sobre todo aporta a la vida de la Iglesia, del fiel y para la salvaci\u00f3n.<\/p>\n<p>Entre los muchos Santuarios de diversas devociones y advocaciones se resaltan sobre todo los marianos que han tenido una larga trayectoria en la formaci\u00f3n de pueblos y comunidades eclesiales. Es que desde los or\u00edgenes \u2013 sobre todo en su aparici\u00f3n y devoci\u00f3n de Guadalupe -, Mar\u00eda ha constituido el gran signo del rostro maternal y misericordioso, de la cercan\u00eda del Padre y de Cristo con quienes ella nos invita a entrar en su comuni\u00f3n.<span id='easy-footnote-3-13036' class='easy-footnote-margin-adjust'><\/span><span class='easy-footnote'><a href='http:\/\/vincentians.com\/es\/historia-del-santuario-santa-rosa-de-cabal\/#easy-footnote-bottom-3-13036' title='Puebla # 282.'><sup>3<\/sup><\/a><\/span>\n<p>Si profundizamos un poco en este numeral de este documento de la Iglesia, vamos a descubrir que este va a sintetizar lo que llamar\u00edamos \u00abel hecho mariano\u00bb y que abarca pr\u00e1cticamente cinco siglos de nuestra historia de ese ya conocido proceso de evangelizaci\u00f3n y que he mencionado anteriormente.<\/p>\n<p>Es interesante por ejemplo preguntarnos c\u00f3mo fue ese proceso de ingreso y tambi\u00e9n cu\u00e1les fueron esos momentos claves en su itinerario en Latinoam\u00e9rica y especialmente en Colombia.<\/p>\n<h3><strong>El marianismo de descubridores y conquistadores: <\/strong><\/h3>\n<p>En esta parte de la investigaci\u00f3n, me parece importante dar a conocer ese proceso que de alguna u otra forma ha contribuido a la expansi\u00f3n y creaci\u00f3n de Santuarios a lo largo de nuestra historia; para ello hay que conocer principalmente el aporte o los pasos de quienes fueron conquistadores y colonizadores.<\/p>\n<p>Esta \u00abhistoria del descubrimiento, conquista, coloniaje, emancipaci\u00f3n y vida republicana es pr\u00f3diga en datos sobre una presencia calificada de piedad mariana en esta formidable obra de historia y cultura. Ya en la preparaci\u00f3n zarpada y viaje de la primera tripulaci\u00f3n descubridora con Crist\u00f3bal Col\u00f3n al mundo, hay suficientes testimonios de profunda devoci\u00f3n mariana entre los expedicionarios. El admirante, en numerosos casos de su vida de descubridor, dio evidentes pruebas de su acendrada devoci\u00f3n a Mar\u00eda Sant\u00edsima. Desde luego, Col\u00f3n invoc\u00f3 el auxilio de nuestra Se\u00f1ora de la Antigua en la Catedral de Sevilla antes de emprender su magna empresa, la que volvi\u00f3 de nuevo a poner bajo el patrocinio de nuestra Se\u00f1ora de la R\u00e1bida. Fray Bartolom\u00e9 de las Casas menciona en su historia de las indias los actos devocionales marianos, sobre todo el canto de la Salve practicados por Col\u00f3n y sus compa\u00f1eros de viajes; igualmente la jaculatoria m\u00e1s repetida \u00abJes\u00fas cum Mar\u00eda sit nobis salus in via\u00bb (Jes\u00fas con Mar\u00eda est\u00e9n con nosotros en el camino). Las nomenclaturas marianas dadas desde el mismo Col\u00f3n a los lugares que iba descubriendo, indicaban claramente su devoci\u00f3n\u2026\u00bb.<span id='easy-footnote-4-13036' class='easy-footnote-margin-adjust'><\/span><span class='easy-footnote'><a href='http:\/\/vincentians.com\/es\/historia-del-santuario-santa-rosa-de-cabal\/#easy-footnote-bottom-4-13036' title='Pbro. GOMEZ O. Horacio. La Iglesia cat\u00f3lica en Colombia. Secretariado permanente del episcopado colombiano \u2013 SPEC. 1986. Pg. 600.'><sup>4<\/sup><\/a><\/span>\n<h3><strong>Nuestra Colombia: <\/strong><\/h3>\n<p>Ahora d\u00e9mosle una mirada a nuestras tierras colombianas que tambi\u00e9n tienen dentro de su recorrido hist\u00f3rico un posible comienzo de estas devociones desde los Santuarios, sobre todo los marianos, y que se han extendido hasta nuestros d\u00edas.<\/p>\n<p>\u00abEn lo que respecta a nuestras tierras colombianas y suramericanas, Alonso de Ojeda llamado \u00abel caballero de la Virgen\u00bb, desembarc\u00f3 por primera vez en tierra firme a fines de 1509. De este Alonso de Ojeda afirma las Casas que \u00abtra\u00eda una imagen de nuestra Se\u00f1ora muy devota y maravillosamente pintada de Flandes, que el obispo Juan de Fonseca, que le quer\u00eda mucho, le hab\u00eda donado, con la cual Ojeda ten\u00eda gran devoci\u00f3n, porque siempre fue devoto servidor de la Madre de Dios\u00bb, m\u00e1s adelante a\u00f1ade, luego de explicar c\u00f3mo el conquistador llevaba en sus expediciones la imagen y hac\u00eda detenerse a la tropa para venerarla, al fin hizo fabricar una ermita, u oratorio para honrarla y hacerla honrar de los ind\u00edgenas, \u00abseg\u00fan \u00e9l pudo hablarles, dici\u00e9ndoles que aquella imagen santificaba a la Madre de Dios que estaba en el cielo, Dios y Se\u00f1or del mundo, llamada Santa Mar\u00eda de los hombres muy abogada\u2026 y fue muy admirable la devoci\u00f3n y reverencia que a la imagen, tuvieron desde adelante y cu\u00e1n honrada ten\u00eda la Iglesia de pa\u00f1os hechos de algod\u00f3n, cu\u00e1n barrida y arreglada; yo vi la imagen puesta en el altar, la Iglesia u oratorio de madera dicha compuesta y adornada (Las Casas, Historia, Lib. II, c XL). Este modo de iniciar la evangelizaci\u00f3n, de los mismos conquistadores, empezando por la presentaci\u00f3n a los nativos de im\u00e1genes cristianas, particularmente de nuestra Se\u00f1ora, fue sumamente eficaz en la siembra evang\u00e9lica caracterizada por capillas y m\u00e1s tarde catedrales y Santuarios marianos. El primero de estos en tierra firme colombiana, hoy territorio paname\u00f1o, fue Santa Mar\u00eda la Antigua del Dari\u00e9n. Las principales catedrales fueron surgiendo en honor de la \u00abPur\u00edsima\u00bb, \u00abNuestra Se\u00f1ora de los Remedios\u00bb etc.<span id='easy-footnote-5-13036' class='easy-footnote-margin-adjust'><\/span><span class='easy-footnote'><a href='http:\/\/vincentians.com\/es\/historia-del-santuario-santa-rosa-de-cabal\/#easy-footnote-bottom-5-13036' title='Ibid. Pg. 600.'><sup>5<\/sup><\/a><\/span>\n<p>Seg\u00fan la historia, los franciscanos fueron los primeros en desarrollar el sistema de las devociones, a trav\u00e9s de las expediciones. Impulsaron por ejemplo la devoci\u00f3n a la \u00abPur\u00edsima Concepci\u00f3n\u00bb. M\u00e1s adelante fueron los Dominicos quienes realizar\u00edan el ejercicio y ense\u00f1anza del Santo Rosario. Bajo este nombre (Rosario) tambi\u00e9n hay bastantes Santuarios. Nos encontramos adem\u00e1s con que la Candelaria, que es devoci\u00f3n que nos remite a la presentaci\u00f3n del ni\u00f1o Jes\u00fas y purificaci\u00f3n de nuestra Se\u00f1ora se propag\u00f3 gracias a la tarea de los Agustinos. En R\u00e1quira (Boyac\u00e1) encontramos precisamente un Santuario bajo esta advocaci\u00f3n; as\u00ed como lo encontramos en la Popa de Cartagena y la antigua catedral de Medell\u00edn.<\/p>\n<p>Hemos de reafirmar que el Escapulario de la Virgen del Carmen y el Rosario siempre han sido signo devocional de nuestro pueblo colombiano. Adem\u00e1s, dentro de la historia encontramos que esta pr\u00e1ctica fue introducida por los mismos conquistadores, pero su difusi\u00f3n se iba dando desde aquellos monasterios coloniales bajo la conducci\u00f3n de las Carmelitas descalzas en los siguientes lugares: Santa fe, Villa de Leiva y Medell\u00edn. Los llamados carmelitas s\u00f3lo vinieron al pa\u00eds en 1911.<\/p>\n<p><strong>1.4.1. Nuestra Se\u00f1ora de Chiquinquir\u00e1 <\/strong><\/p>\n<p>En este sentido y antes de poder presentar alg\u00fan esbozo hist\u00f3rico de este acontecimiento tan interesante para los colombianos, he de sostener que no hay pa\u00eds latinoamericano que no tenga, lo que llamamos su \u00abVirgen Nacional\u00bb. En nuestro caso particular de Colombia, hab\u00eda cundido siempre la devoci\u00f3n universal de la Inmaculada, la Asunci\u00f3n, los Dolores, la Candelaria; pero es de reconocer por antonomasia la devoci\u00f3n local de Nuestra Se\u00f1ora del Rosario de Chiquinquir\u00e1. Y he aqu\u00ed uno de esos Santuarios que en Colombia ha movilizado millones de personas que buscan crecer en la fe y ser llenados de innumerables favores, especialmente de la Madre del Salvador.<\/p>\n<p>Seg\u00fan la historia, el cuadro milagroso renovado el 26 de diciembre de 1586, hab\u00eda sido pintado por Alonso de Narv\u00e1ez que era un pintor audaz y que se hab\u00eda radicado en Tunja, en la primera mitad del siglo (muri\u00f3 Alonso en 1538) por encargo de Antonio de Santa Ana, por su encomienda de Suta, hoy Sutamarch\u00e1n. Llevado el cuadro a la capilla de la encomienda, de la que todav\u00eda hoy subsisten algunos restos, se le rindi\u00f3 culto hasta que por deterioro fue retirado roto y deste\u00f1ido por orden del padre Juan Alem\u00e1n Leguizam\u00f3n, cura doctrinero de Suta, y sustituido por un lienzo de Cristo crucificado\u2026.<span id='easy-footnote-6-13036' class='easy-footnote-margin-adjust'><\/span><span class='easy-footnote'><a href='http:\/\/vincentians.com\/es\/historia-del-santuario-santa-rosa-de-cabal\/#easy-footnote-bottom-6-13036' title='Ibid Pg. 601.'><sup>6<\/sup><\/a><\/span>\n<p><strong>1.4.2. Santuarios de peregrinaci\u00f3n de las Iglesias particulares de Colombia <\/strong><\/p>\n<p>Tanto en Colombia como en toda Am\u00e9rica Latina y desde el descubrimiento y la Conquista, varias Iglesias y capillas obtuvieron un singular aprecio de los fieles que comenzaron a acudir en peregrinaci\u00f3n, para venerar all\u00ed, y no para adorar, una imagen del Se\u00f1or, la Virgen o de un Santo que colmaba sus sentimientos m\u00e1s profundos y religiosos. Hay que anotar adem\u00e1s que la Iglesia ha mostrado una preocupaci\u00f3n especial por los Santuarios, puesto que son los lugares privilegiados por la piedad popular, y muy propios para la oraci\u00f3n y el encuentro con Dios; como ya lo hab\u00eda mencionado en alg\u00fan momento. Es por eso que en la pastoral de estos hay que brindar a los fieles el medio de salvaci\u00f3n, a trav\u00e9s de la predicaci\u00f3n de la Palabra de Dios y tambi\u00e9n a trav\u00e9s de la celebraci\u00f3n de la liturgia, especialmente en la celebraci\u00f3n de la Misa y el Sacramento de la Penitencia.<\/p>\n<p>Es necesario pues tener un poco de conocimiento sobre los diferentes Santuarios que tenemos en Colombia y de esta manera adquirir un conocimiento previo de algo de su historia para poder orientar a los fieles a la hora de proponerles una peregrinaci\u00f3n a alguno de estos sitios de culto. De esta manera se le estar\u00e1 aportando a las personas una oportunidad de que esa visita redunde en su vida, incluso en un posible camino de conversi\u00f3n desde ese acercamiento a Dios y no desde un simple paseo.<\/p>\n<h2><strong>2. Santuario nacional de la Medalla Milagrosa en Santa Rosa de Cabal \u2013 Risaralda<\/strong><\/h2>\n<h3><strong>Surgimiento e historia <\/strong><\/h3>\n<p>Cuando se piensa en el surgimiento de este Santuario y en \u00e9l su historia, necesariamente hay que mencionar a la comunidad de los padres Vicentinos. Es que la presencia de la comunidad, de la Congregaci\u00f3n de la Misi\u00f3n, ocurri\u00f3 muchos a\u00f1os antes de la idea de la construcci\u00f3n de un Santuario all\u00ed en Santa Rosa. Es m\u00e1s, hasta ese entonces ni se hab\u00eda pensado en un proyecto como este pero con ello no voy a desmeritar el hecho de que verdaderamente surgi\u00f3 como un voto de los miembros de la Congregaci\u00f3n de la Misi\u00f3n y en unas circunstancias bien particulares. Y que se hicieron parte de la historia de Colombia como un episodio que tocaba directamente a la Iglesia.<\/p>\n<p>Nos tenemos que remitir por tanto al acontecimiento que dividi\u00f3 las ideas y los pensamientos pol\u00edticos del a\u00f1o 1948.<span id='easy-footnote-7-13036' class='easy-footnote-margin-adjust'><\/span><span class='easy-footnote'><a href='http:\/\/vincentians.com\/es\/historia-del-santuario-santa-rosa-de-cabal\/#easy-footnote-bottom-7-13036' title='Estoy haciendo aqu\u00ed alusi\u00f3n al tan conocido Bogotazo, en el que muere el pol\u00edtico y liberal Jorge Eli\u00e9cer Gait\u00e1n, entre el 9 y el 11 de Abril.'><sup>7<\/sup><\/a><\/span> Es que con este acontecimiento se dar\u00e1 luz a una gran obra, como es la construcci\u00f3n del Santuario Nacional de la Medalla Milagrosa.<\/p>\n<p>Me parece importante destacar en detalles la narraci\u00f3n que uno de estos personajes de nuestra comunidad nos ofrece para conocer algo sobre el suceso que nos llevar\u00e1 a un gran surgimiento mariano en Santa Rosa de Cabal:<\/p>\n<p><strong>2.1.1. En prueba de gratitud <\/strong><\/p>\n<p>\u00abEn 1949, estando yo de profesor en la escuela Apost\u00f3lica de Santa Rosa de Cabal, presenci\u00e9 el nacimiento de una gran idea: erigir un Santuario Nacional a la Virgen Milagrosa. Hab\u00eda un motivo preponderante: agradecerle a Nuestra Se\u00f1ora su maternal protecci\u00f3n, tan patente en los fat\u00eddicos sucesos del \u00abBogotazo\u00bb del 9 al 11 de Abril de 1948. Cuando nuestra provincia Vicentina, se vio amenazada de total destrucci\u00f3n. La casa central de las Mercedes fue invadida y abaleada. Pudo ser saqueada e incendiada. Los j\u00f3venes fil\u00f3sofos, te\u00f3logos y novicios con el provincial, Martiniano Trujillo y dem\u00e1s sacerdotes fueron hechos prisioneros y llevados a la c\u00e1rcel en la d\u00e9cima Divisi\u00f3n de la polic\u00eda rebelde. Para vengar la muerte del jefe liberal, Jorge Eli\u00e9cer Gait\u00e1n, Jaur\u00edas desenfrenadas se lanzaron al incendio y al pillaje de la Nunciatura Apost\u00f3lica, de la casa Arzobispal, de templos, colegios conventos y almacenes. All\u00ed llegaron a asaltar nuestra pac\u00edfica mansi\u00f3n. En medio de este asalto, de los gritos desafiantes, de los chasquidos de ventanales que se derrumbaban estrepitosamente, del estallido de los disparos, todos nosotros recibimos la sagrada comuni\u00f3n e invocamos muchas veces, con serenidad y confianza a la Madre Milagrosa. Fuimos empujados hacia la calle y hacia la c\u00e1rcel. Pero aquel desfile ignominioso, se convirti\u00f3 en una verdadera procesi\u00f3n. Y aquellos d\u00edas, desde la tarde del domingo 11 hasta la ma\u00f1ana del 13 de Abril. Toda la comunidad vicentina, como en los Hechos de los Ap\u00f3stoles, estaba gozosa de haber sido considera digna de sufrir por el nombre de Jes\u00fas (Hechos 5, 41). Al llegar a la casa, nuevas pruebas nos esperaban: nada de paredes calcinadas, ni escombros; ni ruinas. Nada de saqueo o vandalismo\u2026 por las noches cuando la casa qued\u00f3 desierta, manos hasta hoy desconocidas, prendieron muchas luces, haciendo creer a los merodeadores que el ej\u00e9rcito la ocupaba. As\u00ed lo atestigu\u00f3 la hero\u00edna de toda aquella gesta: Sor Teresa Ter\u00e1n, la hermana vicentina de nuestro economato. Entre los sacerdotes presentes all\u00ed estaba el ec\u00f3nomo provincial, padre Alfonso Guti\u00e9rrez \u00abel de la estola\u00bb\u2026 quien poco despu\u00e9s fue nombrado rector de la Apost\u00f3lica de Santa Rosa de Cabal. En \u00e9l, en su hermano el padre Eduardo Guti\u00e9rrez y en todos nosotros, prendi\u00f3 como chispa de un incendio, el gran proyecto de acci\u00f3n de gracias. Ellos hicieron las primeras alcanc\u00edas o urnas de la Virgen Milagrosa, organizaron las visitas domiciliarias y organizaron la paciente y generosa recolecci\u00f3n. Se destac\u00f3 en esos primeros aportes el \u00abAlmac\u00e9n de Anita Naranjo\u00bb. Y luego, la ayuda de To\u00f1ita Vallejo, almas grandes, convencidas y diligentes. Con la actividad de ellas y de las Hijas de la Caridad que fueron siempre las m\u00e1s constantes y eficaces colaboradoras, con el entusiasmo de las hijas de Mar\u00eda, de las Luisas de Marillac, de los apost\u00f3licos y exalumnos y despu\u00e9s, de las damas del Santuario, se reuni\u00f3 una base para que en Enero de 1959, el Padre Luis Antonio Mojica Silva, pudiera empezar la vigorosa construcci\u00f3n, seg\u00fan los planos del ingeniero pereirano, ex &#8211; apost\u00f3lico Jaime Villegas\u00bb<span id='easy-footnote-8-13036' class='easy-footnote-margin-adjust'><\/span><span class='easy-footnote'><a href='http:\/\/vincentians.com\/es\/historia-del-santuario-santa-rosa-de-cabal\/#easy-footnote-bottom-8-13036' title='Art\u00edculo escrito por el Padre Ricardo Luna Pi\u00f1eros c.m. quien fue testigo presencial del fat\u00eddico hecho en el Bogotazo y tambi\u00e9n de la estupenda idea de la construcci\u00f3n del Santuario.'><sup>8<\/sup><\/a><\/span>\n<p>Despu\u00e9s de esta lectura, narrativa y esperanzadora, me he dado a la tarea de buscar datos que recojan de alguna manera el surgimiento, y me he encontrado con que se habla \u2013 y se ratifica lo que dice la narraci\u00f3n \u2013 por primera vez de la posible construcci\u00f3n de un Santuario en el a\u00f1o de 1959.<span id='easy-footnote-9-13036' class='easy-footnote-margin-adjust'><\/span><span class='easy-footnote'><a href='http:\/\/vincentians.com\/es\/historia-del-santuario-santa-rosa-de-cabal\/#easy-footnote-bottom-9-13036' title='Lo encontramos en la Revista Sembrador del mes de Septiembre # 9 Pg 2.'><sup>9<\/sup><\/a><\/span> \u00abSanta Rosa de Cabal: \u00bfSantuario? Noticia de m\u00e1ximo inter\u00e9s: la iniciaci\u00f3n del Santuario a la Virgen Milagrosa junto a nuestra escuela Apost\u00f3lica. Ya el dinamismo del Padre Mojica dio comienzo a la obra cuyos planos definitivos han conquistado todas las aprobaciones del caso. Los planos contemplan la construcci\u00f3n de un edificio para ejercicios espirituales y para albergue de peregrinos\u00bb.<\/p>\n<p>Se pone pues en marcha la obra y del 14 al 21 de Febrero de 1960 se realiz\u00f3 la semana pro \u2013Santuario \u2013 teniendo en cuenta que ya en 1949 se hab\u00edan obtenido los permisos necesarios para la construcci\u00f3n: la del visitador provincial, padre Martiniano Trujillo, del Superior general, en ese entonces el padre William Slattery, y tambi\u00e9n el permiso del Arzobispo del momento, Monse\u00f1or Luis Concha, concedido el 11 de Abril de 1953. Para 1954, el obispo auxiliar Monse\u00f1or Alberto Uribe bendijo la primera piedra. Tambi\u00e9n en 1957 el padre Antonio Jos\u00e9 Reyes quien era el provincial hab\u00eda encomendado la obra al ya mencionado Luis Antonio Mojica. \u2013 y seg\u00fan la narraci\u00f3n que encontramos en el sembrador \u00abAvance Noticioso\u00bb (# 10 de Marzo de 1960). Este fue todo un \u00e9xito, hubo bastante generosidad de los santarrosanos, colaboraron en la difusi\u00f3n la entonces conocida emisora \u00abSan Eugenio\u00bb. Par ese momento y durante esa semana los padres dictaron conferencias marianas por la emisora. Con las cuales se aprovechaba para hacer la propaganda. Muchas familias llamaban para dar sus aportes econ\u00f3micos. El 21 de Febrero de ese a\u00f1o hubo un entusiasmo desbordante pues a las 11 de la ma\u00f1ana empezaron un desfile desde la plaza principal hacia el Santuario \u2013 era un desfile de carros desde las veredas con sus donativos. Se recogieron unos $20.000 durante la semana. Hay adem\u00e1s un detalle bien interesante en la narraci\u00f3n de esta colecta y es que los mendigos que iban todos los s\u00e1bados a recibir alguna limosna a la casa cural, hicieron su colecta y la donaron para la construcci\u00f3n.<\/p>\n<p>En el mes de julio, de 1960 la revista Sembrador ya nos cuenta c\u00f3mo la obra del Santuario va adelante; ya todo est\u00e1 listo para vaciar en concreto el tercer arco de la construcci\u00f3n. El padre Mojica ya se ha recorrido todas las veredas del Municipio haciendo la colecta \u2013 \u00ab\u00d3bolo Pro \u2013 Santuario\u00bb y acompa\u00f1ando en misiones.<\/p>\n<p>Para Septiembre de este mismo a\u00f1o ya se ha adelantado el vaciado de concreto al cuarto arco del Santuario. Hasta el mes de noviembre<span id='easy-footnote-10-13036' class='easy-footnote-margin-adjust'><\/span><span class='easy-footnote'><a href='http:\/\/vincentians.com\/es\/historia-del-santuario-santa-rosa-de-cabal\/#easy-footnote-bottom-10-13036' title='Cfr. Ibid. # 17 \u2013 1 de Noviembre de 1960.'><sup>10<\/sup><\/a><\/span> se cuenta c\u00f3mo ya se ejecuta el quinto arco delantero del Santuario y se cuanta que se entra en crisis econ\u00f3mica.<\/p>\n<p>Para el 27 de Noviembre del a\u00f1o de 1960,<span id='easy-footnote-11-13036' class='easy-footnote-margin-adjust'><\/span><span class='easy-footnote'><a href='http:\/\/vincentians.com\/es\/historia-del-santuario-santa-rosa-de-cabal\/#easy-footnote-bottom-11-13036' title='Cfr. Ibid. # 18 \u2013 1 de Diciembre de 1960.'><sup>11<\/sup><\/a><\/span> fiesta de Nuestra Se\u00f1ora de la Medalla Milagrosa, el superior provincial celebr\u00f3 la primera Eucarist\u00eda en la Obra. Nos cuenta la narraci\u00f3n que fue una eucarist\u00eda comunitaria en la que participaron los miembros de la comunidad local y delegaciones de diferentes grupos. Hasta el momento ya se han construido cinco m\u00f3dulos de \u00abferroconcreto\u00bb que cubr\u00edan una superficie de 600 metros cuadrados y la inversi\u00f3n hasta este punto de la obra es $328.000. Se suspender\u00e1 adem\u00e1s la obra por un tiempo, ya que los recursos se agotaron. Es hora de tocar otras puertas para conseguir m\u00e1s recursos.<\/p>\n<p>Buscando en alguna fuente, me he encontrado con que en el a\u00f1o de 1962 se establece ya oficialmente el culto en forma casi normal.<\/p>\n<p>Para el a\u00f1o de 1964 encontramos c\u00f3mo habiendo sido ya quitada la formaleta, aparece en toda su belleza arquitect\u00f3nica el hermoso p\u00f3rtico que enmarca el frontis del Santuario.<\/p>\n<p>Vemos c\u00f3mo a medida que avanza la construcci\u00f3n, aumentaba tambi\u00e9n la devoci\u00f3n mariana: por ejemplo en 1965<span id='easy-footnote-12-13036' class='easy-footnote-margin-adjust'><\/span><span class='easy-footnote'><a href='http:\/\/vincentians.com\/es\/historia-del-santuario-santa-rosa-de-cabal\/#easy-footnote-bottom-12-13036' title='Cfr. Ibid. # 58 y 59 a\u00f1o 8 \u2013 de Marzo de 1965.).'><sup>12<\/sup><\/a><\/span>, encontramos una alusi\u00f3n a que el Padre Rafael Antonio Dom\u00ednguez, aument\u00f3 la devoci\u00f3n mariana, bajo la advocaci\u00f3n de la Medalla Milagrosa y erigi\u00f3 tambi\u00e9n con aprobaci\u00f3n episcopal la asociaci\u00f3n de la Medalla Milagrosa para toda la Di\u00f3cesis de Manizales con una condici\u00f3n esencial: llevar la Medalla bendecida e indulgenciada.<\/p>\n<p>Continuemos pues contando lo que es el surgimiento del Santuario. Ahora, mencionemos una etapa realmente de arte; es que la instalaci\u00f3n del vitral no dej\u00f3 de ser algo no s\u00f3lo de trabajo sino de medidas exactas para logar la belleza del arte. Por algo se conoce como uno de los m\u00e1s grandes de Am\u00e9rica Latina.<\/p>\n<p>Para traer el primer viaje del vitral para el Santuario, viaj\u00f3 a mediados del mes (posiblemente Agosto) el padre Fuentes a Bogot\u00e1; trajo algo m\u00e1s de media tonelada de vidrio, en total 100 cuadros de las 300 que compondr\u00e1n el vitral<span id='easy-footnote-13-13036' class='easy-footnote-margin-adjust'><\/span><span class='easy-footnote'><a href='http:\/\/vincentians.com\/es\/historia-del-santuario-santa-rosa-de-cabal\/#easy-footnote-bottom-13-13036' title='Cfr. Ibid. # 63 a\u00f1o 8 \u2013 1 de Agosto de 1965. Articulo llamado \u00abVitral del Santuario\u00bb.'><sup>13<\/sup><\/a><\/span>. Se mandan tarjetas de promoci\u00f3n para poder costear el vitral. Las comunidades locales de la provincia de Colombia aportaron su granito de arena.<\/p>\n<p>Ya para la \u00faltima semana del mes de Octubre se hace el montaje del vitral del Santuario. A este montaje asisti\u00f3 el artista constructor del mismo: Walter Wolf quien era alem\u00e1n<span id='easy-footnote-14-13036' class='easy-footnote-margin-adjust'><\/span><span class='easy-footnote'><a href='http:\/\/vincentians.com\/es\/historia-del-santuario-santa-rosa-de-cabal\/#easy-footnote-bottom-14-13036' title='Este Se\u00f1or cobr\u00f3 $90.000 y realiz\u00f3 el trabajo en vidrio importado, dos simbolismos: un lirio que brota de la tierra y se remonta al cielo, representa a Mar\u00eda Sant\u00edsima, la flor de las flores que nacida en la tierra, engalana los cielos. Y un amanecer radiante, que evoca a la llena de gracia, que fue escogida para ser la Madre y la aurora del sol, de justicia, el que ilumina a cuantas vienen a este mundo. (Cfr. Ibid. # 145 a\u00f1o 20 de Diciembre de 1977'><sup>14<\/sup><\/a><\/span> . Adem\u00e1s se agilizan trabajos para hacer estudios del vitral de iluminaci\u00f3n interna y externa; de esta forma se observar\u00eda su belleza tambi\u00e9n en la noche y a buena distancia. Con ello se esperaba culminar para la celebraci\u00f3n de la fiesta de la Milagrosa.<\/p>\n<p>Precisamente para el mes de noviembre de 1965 se hace la invitaci\u00f3n para la inauguraci\u00f3n del vitral.<\/p>\n<p>\u00abEl padre Rector de la Apost\u00f3lica, el padre Director del Santuario de la Milagrosa, y los dem\u00e1s superiores de la Apost\u00f3lica TIENEN EL GUSTO DE INVITAR a todos los cohermanos de la Provincia a la solemne inauguraci\u00f3n del gran vitral del Santuario, acto que se llevar\u00e1 a cabo el 27 de Noviembre, con ocasi\u00f3n de la fiesta de Nuestra Se\u00f1ora de la Medalla Milagrosa \u2013 Santa Rosa de Cabal\u2026 Noviembre de 1965\u00bb<span id='easy-footnote-15-13036' class='easy-footnote-margin-adjust'><\/span><span class='easy-footnote'><a href='http:\/\/vincentians.com\/es\/historia-del-santuario-santa-rosa-de-cabal\/#easy-footnote-bottom-15-13036' title='Cfr. Ibid. # 66 a\u00f1o 8 del 1 de Noviembre de 1965. Invitaci\u00f3n que aparece en la car\u00e1tula final.'><sup>15<\/sup><\/a><\/span>.<\/p>\n<p>Hay que destacar que este vitral tambi\u00e9n fue fruto de donaci\u00f3n de Sor Jacqueline Lefevre a nombre las Hijas de la Caridad de la Provincia de Cali y que fue instalado gracias al trabajo en hierro del entonces rector de la Apost\u00f3lica, padre Samuel Silverio Buitrago, cuyo peso era de cuatro toneladas. A falta de dinero para continuar \u2013 en el a\u00f1o de 1965 (aunque no se conoce exactamente en qu\u00e9 fecha) se suspende la obra y se tiene que construir un tap\u00f3n de madera para proteger el vitral de los fuertes vientos.<\/p>\n<p>Del 18 de Noviembre al 26, del a\u00f1o 1967 se da lugar en el Santuario de la Milagrosa, la novena y fiesta de la Medalla Milagrosa. Los actos cotidianos m\u00e1s destacados son: Rosario de Aurora, Santa Misa, Homil\u00eda e imposici\u00f3n de la Medalla. Por las noches: Bendici\u00f3n con el Sant\u00edsimo<span id='easy-footnote-16-13036' class='easy-footnote-margin-adjust'><\/span><span class='easy-footnote'><a href='http:\/\/vincentians.com\/es\/historia-del-santuario-santa-rosa-de-cabal\/#easy-footnote-bottom-16-13036' title='Cfr. Ibid. # 85 a\u00f1o 10 del mes de Diciembre de 1967.'><sup>16<\/sup><\/a><\/span>. En los a\u00f1os siguientes no hubo celebraciones relevantes y se conoce hasta el a\u00f1o 1970 que el Padre Jes\u00fas Cardona asume el reto de dirigir como capell\u00e1n del Santuario y santificando con su ejemplo y palabra al pueblo de Dios<span id='easy-footnote-17-13036' class='easy-footnote-margin-adjust'><\/span><span class='easy-footnote'><a href='http:\/\/vincentians.com\/es\/historia-del-santuario-santa-rosa-de-cabal\/#easy-footnote-bottom-17-13036' title='Cfr. Ibid. # 98 a\u00f1o 13 de 1970 Pg. 12.'><sup>17<\/sup><\/a><\/span>. De igual forma y para este mismo a\u00f1o se menciona al Padre Jos\u00e9 Hel\u00ed Manosalva quien tambi\u00e9n trabaj\u00f3 en la labor infatigable del Santuario, de forma callada pero efectiva \u2013 es que por este tiempo el culto se ha intensificado, los catecismos se hab\u00edan organizado exitosamente y en esta labor colabor\u00f3 Jos\u00e9 Sabas Beltr\u00e1n. Han asistido no menos de 250 ni\u00f1os. Adem\u00e1s la Novena a la Medalla Milagrosa est\u00e1 en plena marcha y con una devoci\u00f3n sincera<span id='easy-footnote-18-13036' class='easy-footnote-margin-adjust'><\/span><span class='easy-footnote'><a href='http:\/\/vincentians.com\/es\/historia-del-santuario-santa-rosa-de-cabal\/#easy-footnote-bottom-18-13036' title='Cfr. Ibid. # 100 a\u00f1o 13 de Junio de 1970 pg. 23.'><sup>18<\/sup><\/a><\/span>.<\/p>\n<p>Para el a\u00f1o 1971, el 27 de Noviembre, se celebran las primeras ordenaciones en el Santuario: Joel V\u00e1squez y Luis Quiroga.<\/p>\n<p>En 1972 es capell\u00e1n el padre Eduardo Guti\u00e9rrez \u2013 dos a\u00f1os despu\u00e9s es reemplazado por el padre Roberto Mej\u00eda.<\/p>\n<p>Para el a\u00f1o de 1973 se vislumbra una nueva etapa, quiz\u00e1s la definitiva en la construcci\u00f3n del templo a Mar\u00eda, se termina la obra de forma modesta y adecuada. Hasta este momento aparecen ya \u00abDatos para lo que ser\u00e1 una rese\u00f1a hist\u00f3rica del Santuario de Santa Rosa de Cabal\u00bb<span id='easy-footnote-19-13036' class='easy-footnote-margin-adjust'><\/span><span class='easy-footnote'><a href='http:\/\/vincentians.com\/es\/historia-del-santuario-santa-rosa-de-cabal\/#easy-footnote-bottom-19-13036' title='Cfr.Ibid. # 122 a\u00f1o 16 de Mayo de 1973. Padre Alfonso Guti\u00e9rrez.'><sup>19<\/sup><\/a><\/span>. En la cual se recogen varios datos que ya se han mencionado anteriormente.<\/p>\n<p>En la b\u00fasqueda e investigaci\u00f3n me encuentro con que en el a\u00f1o de 1974, sucede un percance (Esto fue en el mes de mayo) el inmenso tabique que taponaba la contra fachada se vino a tierra a causa de un vendaval \u2013 con este suceso inesperado no hab\u00eda m\u00e1s remedio que encontrar una soluci\u00f3n al mismo; entonces Monse\u00f1or Buitrago env\u00eda a sus dos hermanos que eran ingenieros y que generosamente reformaron los planos primitivos y en vez del arco inmenso que por cierto no se hab\u00eda empezado, proyectaron un recorte que sirviera de \u00e1bside para el trono de la Virgen junto con el altar y el presbiterio<span id='easy-footnote-20-13036' class='easy-footnote-margin-adjust'><\/span><span class='easy-footnote'><a href='http:\/\/vincentians.com\/es\/historia-del-santuario-santa-rosa-de-cabal\/#easy-footnote-bottom-20-13036' title='Esto se realiz\u00f3 desde finales de 1975, siendo Rector de la Apost\u00f3lica el Padre Fernando Escobar; actualmente consejero Provincial y formador en SEPAVI \u2013 Seminario Mayor de Filosof\u00eda de los Padres Vicentinos en Medell\u00edn. (Cfr. Ibid. # 145 a\u00f1o 20 del mes de Diciembre de 1977 Pg. 12). '><sup>20<\/sup><\/a><\/span>.<\/p>\n<p>Para el a\u00f1o de 1976 y con la conocida Sor Emilia Echeverri se organiza una gran peregrinaci\u00f3n de juventudes marianas \u2013 a esta peregrinaci\u00f3n asistieron unas 600 j\u00f3venes -quienes estaban animadas por unas 70 hermanas vicentinas procedentes de diferentes lugares de todo el pa\u00eds; desde el colegio Labour\u00e9 desfilaron las delegaciones y se celebr\u00f3 una solemne eucarist\u00eda concelebrada y presidida por el Padre John de los R\u00edos<span id='easy-footnote-21-13036' class='easy-footnote-margin-adjust'><\/span><span class='easy-footnote'><a href='http:\/\/vincentians.com\/es\/historia-del-santuario-santa-rosa-de-cabal\/#easy-footnote-bottom-21-13036' title='Actualmente asistente del rector del Seminario Mayor de Teolog\u00eda Villa Pa\u00fal en Funza \u2013 Cundinamarca.'><sup>21<\/sup><\/a><\/span>. Las delegaciones dieron sus ofrendas para el Santuario.<\/p>\n<p>Para el 15 de Marzo de 1978, fiesta de Santa Luisa de Marillac, se restablece oficialmente el culto que de alguna manera se hab\u00eda afectado con ciertos sucesos inesperados y mencionados anteriormente. Entonces se tiene la celebraci\u00f3n de la eucarist\u00eda, la adoraci\u00f3n al Sant\u00edsimo, el rezo diario del Santo Rosario, la atenci\u00f3n a los que llegan de diferentes lugares del pa\u00eds en peregrinaci\u00f3n y la veneraci\u00f3n a la Virgen Milagrosa.<\/p>\n<p>En este mismo a\u00f1o se ha adelantado m\u00e1s en la obra del Santuario, pues se ha terminado de colocar todo el baldos\u00edn y adem\u00e1s ya tiene puertas met\u00e1licas. Se trabaja en la construcci\u00f3n de la sacrist\u00eda \u2013 La intenci\u00f3n es tenerlo listo para la celebraci\u00f3n del sesquicentenario de las apariciones de la Medalla Milagrosa<span id='easy-footnote-22-13036' class='easy-footnote-margin-adjust'><\/span><span class='easy-footnote'><a href='http:\/\/vincentians.com\/es\/historia-del-santuario-santa-rosa-de-cabal\/#easy-footnote-bottom-22-13036' title='Cfr. Op Cit. # 150 a\u00f1o 21 del mes de Octubre de 1978 pg 25.'><sup>22<\/sup><\/a><\/span>.<\/p>\n<p>En el marco del tercer encuentro de form\u00e1ndos de la comunidad se tuvo celebraci\u00f3n en el Santuario y con ocasi\u00f3n de la fiesta de la Medalla Milagrosa<span id='easy-footnote-23-13036' class='easy-footnote-margin-adjust'><\/span><span class='easy-footnote'><a href='http:\/\/vincentians.com\/es\/historia-del-santuario-santa-rosa-de-cabal\/#easy-footnote-bottom-23-13036' title='Cfr. Op Cit. #151 del mes de Noviembre y Diciembre del a\u00f1o 1978. Pg. 23.'><sup>23<\/sup><\/a><\/span>.<\/p>\n<p>Como aprovechamiento del lugar de culto ya instalado, el equipo de formadores de la Apost\u00f3lica ha querido organizar para el a\u00f1o 1979 una peregrinaci\u00f3n mensual al Santuario. El padre que estuvo al frente de su organizaci\u00f3n fue Eduardo Guti\u00e9rrez junto con sus cohermanos y algunos p\u00e1rrocos del municipio. Estas peregrinaciones ten\u00edan un objetivo espec\u00edfico y central: \u00abIrradiar el mensaje que nos da la Sant\u00edsima Virgen en la Medalla Milagrosa y al mismo tiempo hacer de ella, un camino para acercar m\u00e1s a las gentes a Jesucristo\u00bb; y detr\u00e1s de las peregrinaciones, se buscaba tener una buena preparaci\u00f3n para lo que ser\u00eda el sesquicentenario de las apariciones.<\/p>\n<p>La peregrinaci\u00f3n la comenz\u00f3 el p\u00e1rroco de \u00abNuestra Se\u00f1ora de las Victorias\u00bb<span id='easy-footnote-24-13036' class='easy-footnote-margin-adjust'><\/span><span class='easy-footnote'><a href='http:\/\/vincentians.com\/es\/historia-del-santuario-santa-rosa-de-cabal\/#easy-footnote-bottom-24-13036' title='Padre Alberto Mesa.'><sup>24<\/sup><\/a><\/span> con una alocuci\u00f3n clara y mariana; despu\u00e9s quien continu\u00f3 el acompa\u00f1amiento de dicha peregrinaci\u00f3n fue el Padre Alfonso Cabezas. Seg\u00fan las estad\u00edsticas, los asistentes sumaron alrededor de unos 1800 \u2013 Se tuvo por tanto Misa campal y con esta se anunciaban m\u00e1s peregrinaciones en los meses posteriores<span id='easy-footnote-25-13036' class='easy-footnote-margin-adjust'><\/span><span class='easy-footnote'><a href='http:\/\/vincentians.com\/es\/historia-del-santuario-santa-rosa-de-cabal\/#easy-footnote-bottom-25-13036' title='Cfr. Op Cit. # 152 de Enero \u2013 Febrero de 1979. Pg. 8.'><sup>25<\/sup><\/a><\/span>. Para el sesquicentenario se realizaron bastantes actividades y la Congregaci\u00f3n de la Misi\u00f3n anim\u00f3 a toda la Comunidad para que la clausura se realizara all\u00ed en el Santuario; esto se anunciaba para el a\u00f1o de 1981.<\/p>\n<p>Hay que anotar tambi\u00e9n como dato importante dentro del historial mismo del Santuario la ordenaci\u00f3n diaconal de \u00c1ngel Mar\u00eda y Marlio Nasay\u00f3, el 11 de Mayo (en este mismo a\u00f1o 1979). Quiero anotar que esculcando nuestro avance vicentino (Hoja por hoja), no se encuentran hechos relevantes en los a\u00f1os siguientes (1980, 1981, 1982, 1983) pero para el a\u00f1o 1984 ya se habla de la celebraci\u00f3n de los 25 primeros a\u00f1os de servicio de evangelizaci\u00f3n del Santuario. \u00abEl Se\u00f1or visitador y el consejo provincial se les ha ocurrido en buena hora la feliz idea de suscitar de nuevo el entusiasmo por el Santuario y la peregrinaci\u00f3n al mismo\u00bb<span id='easy-footnote-26-13036' class='easy-footnote-margin-adjust'><\/span><span class='easy-footnote'><a href='http:\/\/vincentians.com\/es\/historia-del-santuario-santa-rosa-de-cabal\/#easy-footnote-bottom-26-13036' title='Cfr. Op Cit. # 181 a\u00f1o 27 de Abril \u2013 Mayo de 1984. Pg. 33. Articulo del Padre Esteban Amaya cm.'><sup>26<\/sup><\/a><\/span>.<\/p>\n<p>Como detalles para dicha celebraci\u00f3n de las bodas de plata se impone la instalaci\u00f3n de un altar ya definitivo que Sor Ester Villegas \u2013 este era de piedra con la representaci\u00f3n de la cena del Se\u00f1or y que hab\u00eda pensado el Padre Ricardo Querub\u00edn \u2013 se aprueba la instalaci\u00f3n de una nueva imagen, pues la que se ten\u00eda no llenaba los gustos de muchos. Hab\u00eda que cambiar el presbiterio y para ello se presupuest\u00f3 $1.000.000 (Para ello se realiz\u00f3 bastante publicidad). La expresi\u00f3n m\u00e1s grande de todas estas actividades era el amor a nuestra Madre Mar\u00eda.<\/p>\n<p>Y por fin llega la celebraci\u00f3n de los 25 a\u00f1os del Santuario<span id='easy-footnote-27-13036' class='easy-footnote-margin-adjust'><\/span><span class='easy-footnote'><a href='http:\/\/vincentians.com\/es\/historia-del-santuario-santa-rosa-de-cabal\/#easy-footnote-bottom-27-13036' title='Estos datos son tomados de un art\u00edculo escrito por el Padre Esteban Amaya con ocasi\u00f3n de la celebraci\u00f3n. Cfr. Op Cit. # 184 a\u00f1o 27 de los meses Noviembre \u2013 Diciembre de 1984. Pg. 12.'><sup>27<\/sup><\/a><\/span> con un programa especial y ejecutado desde el <strong><span style=\"text-decoration: underline\">16 de julio <\/span><\/strong>del a\u00f1o 1984: Se demuele el piso antiguo del presbiterio \u2013 Para organizar el nuevo. El <strong><span style=\"text-decoration: underline\">22 de Julio <\/span><\/strong>se organiza y se desarrolla el bazar pro-Santuario, en donde se recogieron $67.070. El <strong><span style=\"text-decoration: underline\">24 de agosto <\/span><\/strong>se cumplen los 25 a\u00f1os de haber comenzado los trabajos de la obra. El <strong><span style=\"text-decoration: underline\">8 de Septiembre <\/span><\/strong>al medio d\u00eda lleg\u00f3 de Bogot\u00e1 y despachado por el se\u00f1or Bresciani, el cami\u00f3n que tra\u00eda el nuevo altar, el amb\u00f3n y la sede presidencial \u2013 en piedra. El <strong><span style=\"text-decoration: underline\">24 de Septiembre: <\/span><\/strong>Donaci\u00f3n del \u00f3rgano THOMAS \u2013 Tra\u00eddo de Bogot\u00e1 y obsequio del padre visitador para el Santuario. El <strong><span style=\"text-decoration: underline\">22 de Octubre <\/span><\/strong>se presidi\u00f3 la Eucarist\u00eda como de costumbre, aunque hab\u00eda ca\u00eddo bastante agua y hab\u00eda poca gente. Despu\u00e9s de la consagraci\u00f3n lleg\u00f3 proveniente de Cali el cami\u00f3n con la nueva imagen de la Virgen de la Medalla Milagrosa. El <strong><span style=\"text-decoration: underline\">23 de Octubre <\/span><\/strong>se coloca la imagen en su puesto (pesa media tonelada) dirigi\u00f3 la operaci\u00f3n el padre Rector y el artista Torres. El <strong><span style=\"text-decoration: underline\">1 de Noviembre <\/span><\/strong>por fin llega el artista<span id='easy-footnote-28-13036' class='easy-footnote-margin-adjust'><\/span><span class='easy-footnote'><a href='http:\/\/vincentians.com\/es\/historia-del-santuario-santa-rosa-de-cabal\/#easy-footnote-bottom-28-13036' title='Se\u00f1or Mario Ayala.'><sup>28<\/sup><\/a><\/span> encargado de organizar el fondo en donde se encuentra la imagen de la Virgen. El <strong><span style=\"text-decoration: underline\">10 de Noviembre <\/span><\/strong>llega de Medell\u00edn el Sagrario que cost\u00f3 $60.000. No llegaron las decoraciones para arreglar el lugar con la piedra que se hab\u00eda encargado. El <strong><span style=\"text-decoration: underline\">16 de Noviembre <\/span><\/strong>el padre Mojica quien ha llegado de N\u00e1taga predica en la novena de este d\u00eda, contando los sucesos que llevaron a la edificaci\u00f3n actual. El <strong><span style=\"text-decoration: underline\">17 de Noviembre <\/span><\/strong>preside la Eucarist\u00eda a las 5:00 pm el Arzobispo de Manizales<span id='easy-footnote-29-13036' class='easy-footnote-margin-adjust'><\/span><span class='easy-footnote'><a href='http:\/\/vincentians.com\/es\/historia-del-santuario-santa-rosa-de-cabal\/#easy-footnote-bottom-29-13036' title='Monse\u00f1or Jos\u00e9 de Jes\u00fas Pimiento.'><sup>29<\/sup><\/a><\/span> junto con varios p\u00e1rrocos \u2013 ese d\u00eda bendijo el altar y la nueva imagen como tambi\u00e9n los dem\u00e1s implementos. El <strong><span style=\"text-decoration: underline\">22 de Noviembre <\/span><\/strong>lleg\u00f3 de Cali Sor Emilia Echeverri trayendo como donaci\u00f3n de la se\u00f1ora Sof\u00eda Arboleda de Vega, los rayos para la nueva estatua. El <strong><span style=\"text-decoration: underline\">23 de Noviembre <\/span><\/strong>llega una delegaci\u00f3n de estudiantes de Funza junto con los formadores para dicha celebraci\u00f3n. El <strong><span style=\"text-decoration: underline\">24 de Noviembre <\/span><\/strong>se celebran los votos perpetuos de: H\u00e9ctor Vidal Guti\u00e9rrez Galindo, Jairo Maldonado Carvajal y Homero Mar\u00edn Arboleda y ministerio del lectorado de Gonzalo Montoya Loaiza y Heriberto Vergara Parra. Este d\u00eda lleg\u00f3 tambi\u00e9n el arzobispo de Popay\u00e1n: Monse\u00f1or Samuel Silverio B. invitado de honor a las festividades. Hubo serenata en la noche \u2013 de los apost\u00f3licos, bajo la direcci\u00f3n del padre Fernando Escobar. El <strong><span style=\"text-decoration: underline\">25 de Noviembre <\/span><\/strong>solemne celebraci\u00f3n de las bodas de plata. 9:00 am \u2013 Procesi\u00f3n y Eucarist\u00eda presidida por monse\u00f1or Samuel Silverio Buitrago junto a treinta y cinco sacerdotes m\u00e1s. Los costos para estas celebraciones fueron aproximadamente de dos millones de pesos. El <strong><span style=\"text-decoration: underline\">27 de Noviembre <\/span><\/strong>se le cambia la corona a la imagen. Se preside la Eucarist\u00eda de clausura del a\u00f1o lectivo de la Apost\u00f3lica con proclamaci\u00f3n de bachilleres. El <strong><span style=\"text-decoration: underline\">28 de Noviembre <\/span><\/strong>Monse\u00f1or Libardo Ram\u00edrez<span id='easy-footnote-30-13036' class='easy-footnote-margin-adjust'><\/span><span class='easy-footnote'><a href='http:\/\/vincentians.com\/es\/historia-del-santuario-santa-rosa-de-cabal\/#easy-footnote-bottom-30-13036' title='Por entonces obispo de Armenia.'><sup>30<\/sup><\/a><\/span> llega con 15 sacerdotes m\u00e1s para presidir una Eucarist\u00eda en honor de la Medalla Milagrosa.<\/p>\n<p>El 27 de Noviembre de 1986, el Santuario se vio con bastante asistencia de fieles; era lo m\u00e1s l\u00f3gico, pues era la festividad de la Madre de la Medalla Milagrosa \u2013 se realiz\u00f3 una novena preparatoria y oraci\u00f3n concerniente a 40 horas. La m\u00fasica la dirigi\u00f3 el Padre Fernando Escobar. Para el 17 de Enero de 1987 se da el cambio de capell\u00e1n, asume la tarea el padre Eduardo Guti\u00e9rrez quien se encontraba en Cartago y el Padre Esteban Amaya lo reemplaz\u00f3 all\u00ed en Cartago. Y para el 17 de Febrero, un mes despu\u00e9s llegan de Manizales unos 50 j\u00f3venes, provenientes del colegio \u00abSan Luis Gonz\u00e1ga\u00bb, cuyo director era el padre Luis A. Quijano s.j. quer\u00eda celebrar la Eucarist\u00eda en el Santuario de la Virgen de la Medalla Milagrosa y as\u00ed, llevar desde all\u00ed la llama ol\u00edmpica para la \u00abMarat\u00f3n 87\u00bb. Seg\u00fan las narraciones para el 7 de Marzo y con asamblea numerosa en la Eucarist\u00eda conmemorativa del padre Abel Nieto, presidi\u00f3 la Eucarist\u00eda el padre Gonzalo Montoya<span id='easy-footnote-31-13036' class='easy-footnote-margin-adjust'><\/span><span class='easy-footnote'><a href='http:\/\/vincentians.com\/es\/historia-del-santuario-santa-rosa-de-cabal\/#easy-footnote-bottom-31-13036' title='Actualmente miembro del consejo Provincial y Rector del Seminario de Arauca.'><sup>31<\/sup><\/a><\/span>. El padre Abel Nieto fue el impulsor de la restauraci\u00f3n del presbiterio como recuerdo de los ya mencionados 25 a\u00f1os. Por el mismo mes pero el 15, el mismo Padre Gonzalo Montoya preside la Eucarist\u00eda solemne (en Domingo) en la fiesta de Santa Luisa de Marillac, a la que asistieron centenares de personas<span id='easy-footnote-32-13036' class='easy-footnote-margin-adjust'><\/span><span class='easy-footnote'><a href='http:\/\/vincentians.com\/es\/historia-del-santuario-santa-rosa-de-cabal\/#easy-footnote-bottom-32-13036' title='Cfr. Op Cit. # 199 a\u00f1o 30 Febrero \u2013 Marzo 1987. Pgs. 10-12.'><sup>32<\/sup><\/a><\/span>.<\/p>\n<p>Para el 6 de Mayo se realiz\u00f3 un bingo en beneficio del Santuario, para el que se recogi\u00f3 la suma de $320.000; este dinero fue destinado en la obra. Seguramente que este dinero fue bien aprovechado m\u00e1s adelante, pues el 26 de Mayo un cicl\u00f3n desprende un lat\u00f3n de la parte posterior del Santuario, adem\u00e1s de varios cuadros del vitral que tambi\u00e9n sufrieron<span id='easy-footnote-33-13036' class='easy-footnote-margin-adjust'><\/span><span class='easy-footnote'><a href='http:\/\/vincentians.com\/es\/historia-del-santuario-santa-rosa-de-cabal\/#easy-footnote-bottom-33-13036' title='Cfr. Op Cit. # 201 a\u00f1o 30 Mayo \u2013 Junio 1987. Pgs. 9-12.'><sup>33<\/sup><\/a><\/span>.<\/p>\n<p>En 1988 siguen llegando grupos de todas partes. Esta vez Monse\u00f1or Alfonso Cabezas<span id='easy-footnote-34-13036' class='easy-footnote-margin-adjust'><\/span><span class='easy-footnote'><a href='http:\/\/vincentians.com\/es\/historia-del-santuario-santa-rosa-de-cabal\/#easy-footnote-bottom-34-13036' title='En ese momento era obispo auxiliar de Cali y posteriormente fue obispo de la di\u00f3cesis de Villavicencio, hoy Arquidi\u00f3cesis.'><sup>34<\/sup><\/a><\/span> acompa\u00f1a a un grupo de peregrinos venidos de Cali para celebrar el mes de Mayo, dedicado a la Madre<span id='easy-footnote-35-13036' class='easy-footnote-margin-adjust'><\/span><span class='easy-footnote'><a href='http:\/\/vincentians.com\/es\/historia-del-santuario-santa-rosa-de-cabal\/#easy-footnote-bottom-35-13036' title='Cfr. Op Cit. # 208 a\u00f1o 31 Junio \u2013 Julio 1988. Pg. 29.'><sup>35<\/sup><\/a><\/span>. Con ocasi\u00f3n de la clausura del a\u00f1o mariano, tambi\u00e9n se tuvo una peregrinaci\u00f3n al Santuario en el mes de Agosto, precisamente el 13 de ese mes.<\/p>\n<p>Para 1989 el Santuario se engalana con la Ordenaci\u00f3n sacerdotal de Luis Duv\u00e1n P\u00e9rez y Diaconal de Jos\u00e9 Gerardo P\u00e9rez C\u00e1rdenas \u2013 el primero de Santa Rosa y el segundo de Neira \u2013 esto fue el 12 de Marzo. Presidi\u00f3 la ceremonia Monse\u00f1or Germ\u00e1n Garc\u00eda<span id='easy-footnote-36-13036' class='easy-footnote-margin-adjust'><\/span><span class='easy-footnote'><a href='http:\/\/vincentians.com\/es\/historia-del-santuario-santa-rosa-de-cabal\/#easy-footnote-bottom-36-13036' title='Quien fue obispo primero del vicariato de Tierradentro luego obispo de Caldas \u2013 Antioquia y finalmente obispo de Apartad\u00f3, donde muri\u00f3.'><sup>36<\/sup><\/a><\/span>. Seg\u00fan las narraciones, Luis Duv\u00e1n fue el primer Santarrosano en ordenarse sacerdote en el Santuario, en sus 30 a\u00f1os de construido<span id='easy-footnote-37-13036' class='easy-footnote-margin-adjust'><\/span><span class='easy-footnote'><a href='http:\/\/vincentians.com\/es\/historia-del-santuario-santa-rosa-de-cabal\/#easy-footnote-bottom-37-13036' title='Cfr. Op Cit. # 213 a\u00f1o 32 Marzo de 1989. Pg. 31.'><sup>37<\/sup><\/a><\/span>.<\/p>\n<p>En el a\u00f1o de 1992 ya se cuenta una nueva ordenaci\u00f3n en el Santuario y creo que ha sido la \u00faltima hasta entonces: Esta vez se trat\u00f3 de Rogelio Toro como presb\u00edtero y Ricardo Fern\u00e1ndez como di\u00e1cono<span id='easy-footnote-38-13036' class='easy-footnote-margin-adjust'><\/span><span class='easy-footnote'><a href='http:\/\/vincentians.com\/es\/historia-del-santuario-santa-rosa-de-cabal\/#easy-footnote-bottom-38-13036' title='Cfr. Op Cit. # 240 a\u00f1o 35 Septiembre \u2013 Octubre \u2013 Noviembre 1992. Pgs 16 \u2013 18.'><sup>38<\/sup><\/a><\/span>. Ceremonia que fue presidida por Monse\u00f1or Alfonso Cabezas.<\/p>\n<p>Para este mismo a\u00f1o, el s\u00e1bado 28 de Noviembre, con asistencia de una grande peregrinaci\u00f3n del \u00abEje Cafetero\u00bb la Virgen Milagrosa fue aclamada como \u00abPatrona y Defensora de los Cafeteros\u00bb. Atraviesan ellos, ya muy lejos de pasadas bonanzas, la peor crisis de su historia.<span id='easy-footnote-39-13036' class='easy-footnote-margin-adjust'><\/span><span class='easy-footnote'><a href='http:\/\/vincentians.com\/es\/historia-del-santuario-santa-rosa-de-cabal\/#easy-footnote-bottom-39-13036' title='Comentario que encontramos en el art\u00edculo \u00abSantuario Nacional de la Medalla Milagrosa, Santa Rosa de Cabal, Risaralda. Que escribiera el Pap\u00e1 del Ex ministro de Gobierno Fabio Villegas en la administraci\u00f3n del Presidente de la Rep\u00fablica C\u00e9sar Gaviria.'><sup>39<\/sup><\/a><\/span>\n<p>Admiraci\u00f3n hemos de sentir, al hacer un recorrido hist\u00f3rico y encontrarnos con innumerables agradecimientos a la Madre, por parte no s\u00f3lo de los fieles del municipio, sino tambi\u00e9n de prelados; como el que encontramos con ocasi\u00f3n de los cien a\u00f1os de la Apost\u00f3lica por parte de Monse\u00f1or Augusto Trujillo Arango, quien fue Arzobispo de Tunja<span id='easy-footnote-40-13036' class='easy-footnote-margin-adjust'><\/span><span class='easy-footnote'><a href='http:\/\/vincentians.com\/es\/historia-del-santuario-santa-rosa-de-cabal\/#easy-footnote-bottom-40-13036' title='Menci\u00f3n que encontramos en la homil\u00eda del 4 de Octubre de 1994 con ocasi\u00f3n del centenario de la Apost\u00f3lica (Cfr. Op Cit. # 254 a\u00f1o 37 Octubre \u2013 Noviembre 1994; Pgs. 24-27).'><sup>40<\/sup><\/a><\/span>.<\/p>\n<p>En 1995 aparece nuevamente un vendaval que azot\u00f3 no s\u00f3lo a la Apost\u00f3lica, sino tambi\u00e9n el vitral del Santuario. Esto ocurri\u00f3 el 22 de Junio del a\u00f1o mencionado<span id='easy-footnote-41-13036' class='easy-footnote-margin-adjust'><\/span><span class='easy-footnote'><a href='http:\/\/vincentians.com\/es\/historia-del-santuario-santa-rosa-de-cabal\/#easy-footnote-bottom-41-13036' title='Cfr. Op Cit. # 259 a\u00f1o 38 Agosto de 1995. Pg. 20.'><sup>41<\/sup><\/a><\/span>.<\/p>\n<p>Me parece importante mencionar aqu\u00ed que el 31 de Octubre de 1995 muere el Padre Luis Antonio Mojica, quien fue el gran gestor de la obra de nuestro Santuario Nacional de la Medalla Milagrosa<span id='easy-footnote-42-13036' class='easy-footnote-margin-adjust'><\/span><span class='easy-footnote'><a href='http:\/\/vincentians.com\/es\/historia-del-santuario-santa-rosa-de-cabal\/#easy-footnote-bottom-42-13036' title='Cfr. Op Cit # 260 a\u00f1o 38 Septiembre \u2013 Octubre de 1995. Pg. 52.'><sup>42<\/sup><\/a><\/span>.<\/p>\n<p>Para 1997 una nueva idea surge como parte de la pastoral que proyecta el Santuario: \u00abUn coro de j\u00f3venes\u00bb. La idea de su formaci\u00f3n surgi\u00f3 durante la capellan\u00eda del Padre Gonzalo Corba quien animado por la presencia del joven Jos\u00e9 Robinson Silva Orozco, quien era exalumno de la Apost\u00f3lica, quer\u00eda fomentar la cercan\u00eda de la juventud a las celebraciones dominicales. Sus principales objetivos ser\u00edan los de animar entonces las Eucarist\u00edas dominicales, sobre todo la celebraci\u00f3n de las 7:00 pm. Solemnizar las celebraciones especiales y tiempos fuertes (Semana Santa, Mayo, en Noviembre la celebraci\u00f3n de la Medalla Milagrosa y en Diciembre etc.). Es entonces cuando el 16 de Junio de 1997 y despu\u00e9s de haber hecho una convocatoria se re\u00fanen los primeros integrantes:<span id='easy-footnote-43-13036' class='easy-footnote-margin-adjust'><\/span><span class='easy-footnote'><a href='http:\/\/vincentians.com\/es\/historia-del-santuario-santa-rosa-de-cabal\/#easy-footnote-bottom-43-13036' title='La mayor\u00eda de ellos con conocimiento en m\u00fasica, sobre todo en la ejecuci\u00f3n de instrumentos como la guitarra, el piano y bater\u00eda, entre otros.'><sup>43<\/sup><\/a><\/span> Nidia Montoya, Adriana Mar\u00eda Silva, Lina Mar\u00eda Gaviria, Beatriz Elena Gaviria, Jaime Andr\u00e9s Carranza, Yeison Escobar, Alexander Londo\u00f1o, Huberley Puyo. M\u00e1s adelante se integraron al grupo: Laidy, Claudia Cortes, Luz Aida Caro, Luz Marina Ocampo, Blanca Ruby R\u00edos, Sandra Montoya, Oscar Andr\u00e9s Pe\u00f1aranda, Juan David C\u00e9spedes, Milton Trujillo Vidarte, Eder Erney Cuchimba, Saimer Eugenio Ladino Brand, Felix Libardo Useche. Entre los mismos integrantes se escogi\u00f3 como nombre para el mismo \u00abSHALOM\u00bb (Palabra hebrea que significa paz). El lanzamiento fue todo un acontecimiento en Santa Rosa, se realiz\u00f3 el 16 de Noviembre del presente a\u00f1o; presidi\u00f3 la Eucarist\u00eda el padre Ricardo Luna Pi\u00f1eros ya que el padre Gonzalo Corba no pudo estar para esta fecha. Fue durante las fiestas de la Medalla Milagrosa que para este a\u00f1o se hab\u00edan adelantado (Pues normalmente se realizan para el propio 27 de Noviembre). Las emisoras \u00abSanta Rosa Stereo\u00bb y \u00abAntena de los Andes\u00bb nos colaboraron en la difusi\u00f3n de la noticia del lanzamiento y tambi\u00e9n invitando a m\u00e1s j\u00f3venes para que se integraran al coro. Se cont\u00f3 adem\u00e1s con la colaboraci\u00f3n de Mar\u00eda Luisa Sep\u00falveda, madrina de la Apost\u00f3lica, de las Damas del Santuario, el padre Oscar Villa, p\u00e1rroco de nuestra Se\u00f1ora del Monte Carmelo y Vicario for\u00e1neo del momento. Apoyo en sonido del se\u00f1or Fabio Rivera, director de la agrupaci\u00f3n \u00abMotivos\u00bb de Santa Rosa de Cabal; Dolly L\u00f3pez entre otros. Estas fueron las cortas palabras que el director del coro<span id='easy-footnote-44-13036' class='easy-footnote-margin-adjust'><\/span><span class='easy-footnote'><a href='http:\/\/vincentians.com\/es\/historia-del-santuario-santa-rosa-de-cabal\/#easy-footnote-bottom-44-13036' title='J. Robinson Silva Orozco; actualmente estudiante de Teolog\u00eda de la Congregaci\u00f3n de la Misi\u00f3n en Funza \u2013 Cundinamarca'><sup>44<\/sup><\/a><\/span> dirigi\u00f3 a toda la comunidad presente en el lanzamiento:<\/p>\n<p><em>Estimados amigos: Hoy 16 de Noviembre, en el marco de la celebraci\u00f3n de la Medalla Milagrosa, con orgullo y alegr\u00eda presentamos a toda la comunidad aqu\u00ed reunida este grupo de j\u00f3venes cantores que ha venido trabajando desde hace algunos meses para animar las celebraciones Eucar\u00edsticas.<\/em><\/p>\n<p><em>Ha sido un trabajo arduo, pero hoy tambi\u00e9n vemos los frutos; gracias a la colaboraci\u00f3n de muchas personas hemos sacado adelante este PRIMER CORO JUVENIL del santuario nacional de la medalla milagrosa al que hoy llamamos \u00abShalom\u00bb.<\/em><\/p>\n<p><em>En Nombre del capell\u00e1n del Santuario, Padre Gonzalo Corba, y en nuestro nombre muchas gracias a todos y que la Virgen Milagrosa los colme de bendiciones<\/em>.<span id='easy-footnote-45-13036' class='easy-footnote-margin-adjust'><\/span><span class='easy-footnote'><a href='http:\/\/vincentians.com\/es\/historia-del-santuario-santa-rosa-de-cabal\/#easy-footnote-bottom-45-13036' title='Art\u00edculo titulado: \u00abPrimer coro en la historia del Santuario Nacional de la Medalla Milagrosa\u00bb'><sup>45<\/sup><\/a><\/span>\n<p>El coro sigui\u00f3 entusiasmado y trabajando fuertemente en la animaci\u00f3n, como se hab\u00eda acordado pero a la llegada de un nuevo responsable del Santuario, las cosas cambiaron y \u00e9l decidi\u00f3 \u00aborientar la pastoral del Santuario de otra forma\u00bb y los esfuerzos realizados con aquellos j\u00f3venes se desvanecieron. Hoy en d\u00eda muchos de los que integraron este coro son profesionales (la mayor\u00eda). La Madre Milagrosa les recompensar\u00e1 su buena voluntad.<\/p>\n<p>Hay que resaltar como dato interesante que se realizaron integraciones musicales con otros grupos como la \u00abCoral Sabatina\u00bb<span id='easy-footnote-46-13036' class='easy-footnote-margin-adjust'><\/span><span class='easy-footnote'><a href='http:\/\/vincentians.com\/es\/historia-del-santuario-santa-rosa-de-cabal\/#easy-footnote-bottom-46-13036' title='Cuyos integrantes a\u00fan viven: Esnelia Giraldo, Luz Dary S\u00e1nchez, Nidia Benjumea, Don Eduardo, El Doctor Sandoval, Jaime Cardona, Don Virgilio, entre otros.'><sup>46<\/sup><\/a><\/span> tan reconocida en Risaralda por haber grabado su himno y con quienes prepar\u00e1bamos las ceremonias, especialmente de Semana Santa.<\/p>\n<p>En el a\u00f1o de 1999, exactamente el 25 de Enero, el eje cafetero fue sacudido por un terremoto en el que sufri\u00f3, adem\u00e1s de la poblaci\u00f3n de Santa Rosa, la Apost\u00f3lica y el Santuario. \u00c9ste \u00faltimo (el Santuario) presenta dos grandes problemas y serios: se desprendieron 20 paneles del Vitral, con destrucci\u00f3n total y otros quedaron en mal estado. Adem\u00e1s el muro posterior del presbiterio presenta fisuras y muy serias, pues hay riesgo de desplome y requiere pronta soluci\u00f3n<span id='easy-footnote-47-13036' class='easy-footnote-margin-adjust'><\/span><span class='easy-footnote'><a href='http:\/\/vincentians.com\/es\/historia-del-santuario-santa-rosa-de-cabal\/#easy-footnote-bottom-47-13036' title='Cfr. Op Cit. # 274 a\u00f1o 42 Enero \u2013 Marzo 1999. Pg. 47.'><sup>47<\/sup><\/a><\/span>. Los da\u00f1os fueron calculados en $151.000.000. Para este mismo a\u00f1o (1999) el Santuario cumple sus 40 a\u00f1os. Para este cumplea\u00f1os se cont\u00f3 con celebraciones presidida por los obispos de: Armenia, Pereira y Manizales. Hubo adem\u00e1s peregrinaciones venidas del eje cafetero y se clausur\u00f3 con el encuentro de la toda la familia vicentina \u2013 Eucarist\u00eda que presidi\u00f3 el padre Gabriel Naranjo, entonces visitador del momento.<span id='easy-footnote-48-13036' class='easy-footnote-margin-adjust'><\/span><span class='easy-footnote'><a href='http:\/\/vincentians.com\/es\/historia-del-santuario-santa-rosa-de-cabal\/#easy-footnote-bottom-48-13036' title='Cfr. Op Cit. # 276 a\u00f1o 42 Julio \u2013 Septiembre 1999. Pgs. 83-89.'><sup>48<\/sup><\/a><\/span>\n<p>En el a\u00f1o 2000 se realiz\u00f3 en el Santuario (el 2 de Junio) el jubileo de los seminaristas de la jurisdicci\u00f3n eclesi\u00e1stica de Manizales; participaron adem\u00e1s los obispos de Manizales, Pereira, Armenia y la Dorada \u2013 Guaduas.<\/p>\n<p>Con ocasi\u00f3n de la ordenaci\u00f3n de Johnier Fernando Rojas cm, quien es de Cartago pero hab\u00eda estado en la Apost\u00f3lica, este eligi\u00f3 celebrar su Misa de primicias all\u00ed en el Santuario el 13 de Mayo del 2001.<\/p>\n<p>Muchas actividades en beneficio del Santuario se han realizado, entre bazares, empanadas y bingos. El 1 de Diciembre de 2005 se realiz\u00f3 un banquete Pro \u2013 Santuario a la Virgen de la Medalla Milagrosa. Son m\u00e1s manos que se unen, en este caso bajo la direcci\u00f3n del Padre Rodrigo Restrepo<span id='easy-footnote-49-13036' class='easy-footnote-margin-adjust'><\/span><span class='easy-footnote'><a href='http:\/\/vincentians.com\/es\/historia-del-santuario-santa-rosa-de-cabal\/#easy-footnote-bottom-49-13036' title='Actualmente Asistente provincial de la Comunidad de los Padres Vicentinos en Colombia y autor de las palabras que se dirigieron ese d\u00eda a toda la comunidad (Cfr. Op Cit. # 297 a\u00f1o 48 Septiembre \u2013 Diciembre 2005. Pgs. 53-54.'><sup>49<\/sup><\/a><\/span>, para realizar obras por amor al Santuario.<\/p>\n<p>Precisamente en un art\u00edculo que escribieron, los padres Rodrigo Restrepo y Pedro Nel Delgado se cuenta m\u00e1s sobre esfuerzos y donativos: en este caso y en el a\u00f1o 2006, se han adelantado gestiones en las que el alcalde de Santa Rosa de Cabal autoriza una partida de $9.000.000 y sumados con $9.000.000, recogidos a trav\u00e9s de actividades, se ha podido restaurar el vitral con reforzamiento estructural y protecci\u00f3n de la malla. La primera Dama, Lina Moreno de Uribe50, tambi\u00e9n gestion\u00f3 a trav\u00e9s de la Oficina de Prevenci\u00f3n de Desastres y giraron a la Gobernaci\u00f3n del Departamento del Risaralda, la suma de $99.000.000 con la que se hizo la demolici\u00f3n del muro averiado a causa del terremoto y se ha construido uno nuevo con estructura met\u00e1lica liviana y recubierto con Superboard, seg\u00fan proyecto realizado por el ingeniero Enrique Castrill\u00f3n, Consultec Limitada, quien fue contratado por esa misa oficina para la elaboraci\u00f3n de dicho estudio por $3.000.000. Hubo necesidad de actualizar este presupuesto, ya que cuando la Oficina de atenci\u00f3n y Desastres fue a realizar el contrato, el presupuesto se quedaba corto. Se increment\u00f3 por tanto en $24.000.000 m\u00e1s; es as\u00ed como la Gobernaci\u00f3n de Risaralda asumi\u00f3 la co\u2013financiaci\u00f3n. Asuntos que van y vienen porque al final parec\u00eda que la Secretaria de Salud ajustar\u00eda el proyecto a $119.000.000. He ah\u00ed esfuerzos y m\u00e1s esfuerzos de cohermanos por mejorar el espacio sagrado, a quienes siguen peregrinando y esperando los favores de la Madre.<\/p>\n<p>Nuevamente se organiza la novena a la Virgen \u2013 entre el 18 y el 26 de Noviembre del 2006. Se realizan integraciones entre los gremios, colegios, barrios, ramas de la familia vicentina, misi\u00f3n en los colegios, pel\u00edculas etc. Esta vez para celebrar los 200 a\u00f1os del nacimiento de Santa Catalina y terminar de esta manera con la peregrinaci\u00f3n tradicional el 27 de Noviembre.<\/p>\n<p>Para la reconstrucci\u00f3n del pared\u00f3n y otros, se hab\u00edan cerrado las puertas del Santuario. Pues bien, se volvieron a abrir el 24 de Febrero ya con un nuevo muro y un vitral totalmente restaurado<span id='easy-footnote-50-13036' class='easy-footnote-margin-adjust'><\/span><span class='easy-footnote'><a href='http:\/\/vincentians.com\/es\/historia-del-santuario-santa-rosa-de-cabal\/#easy-footnote-bottom-50-13036' title='Esposa del Presidente de la Rep\u00fablica \u00c1lvaro Uribe V\u00e9lez.'><sup>50<\/sup><\/a><\/span> y otro totalmente nuevo. Se anunci\u00f3 por tanto la Eucarist\u00eda de acci\u00f3n de gracias por las personas que ayudaron a sustituir y organizar toda la obra \u2013 se realizar\u00eda el 3 de Marzo de 2007<span id='easy-footnote-51-13036' class='easy-footnote-margin-adjust'><\/span><span class='easy-footnote'><a href='http:\/\/vincentians.com\/es\/historia-del-santuario-santa-rosa-de-cabal\/#easy-footnote-bottom-51-13036' title='Fue financiada toda la obra de la siguiente forma \u2013 La Oficina de Prevenci\u00f3n y atenci\u00f3n de Desastres aport\u00f3 $100.000.000 y la Gobernaci\u00f3n del Risaralda, aport\u00f3 $30.000.000. 52 Cfr. Op Cit. # 307 a\u00f1o 50 Febrero de 2007. Pg. 25.'><sup>51<\/sup><\/a><\/span>.<\/p>\n<p>Nuevamente el jueves 6 de Diciembre de 2007 se realiza un nuevo banquete Pro \u2013 Santuario.<\/p>\n<p>El 1 de Enero de 2008, el Gobernador electo de Risaralda \u2013 Doctor V\u00edctor Manuel Tamayo hace su juramento en el Santuario de la Medalla Milagrosa, con la participaci\u00f3n en una Eucarist\u00eda que presidi\u00f3 el Padre Alberto Jaramillo (quien fuera por muchos a\u00f1os p\u00e1rroco de Nuestra Se\u00f1ora de las Victorias). Nunca antes un mandatario departamental hab\u00eda tenido ese gesto de realizar su posesi\u00f3n fuera de las instalaciones de la Gobernaci\u00f3n o algo parecido.<\/p>\n<p>Y tambi\u00e9n para este a\u00f1o 2008, el Padre Rodrigo Restrepo hace la invitaci\u00f3n a prepararse para lo que ser\u00e1n las Bodas de oro de nuestro Santuario. Precisamente para el 23 de Agosto se preside en el Santuario una Eucarist\u00eda festejando los 25 a\u00f1os de servicio y presencia de las Damas del Santuario all\u00ed en Santa Rosa de Cabal. Y para el 24 de Agosto se da la apertura oficial de lo que ser\u00e1 este a\u00f1o de preparaci\u00f3n para los 50 a\u00f1os. Presidi\u00f3 la Eucarist\u00eda el Padre Jos\u00e9 Mar\u00eda Nieto, asistente General de la Congregaci\u00f3n de la Misi\u00f3n.<\/p>\n<h3><strong>Otros aspectos que complementan la historia y la investigaci\u00f3n <\/strong><\/h3>\n<p>Creo que es oportuno brindar otros datos que complementar\u00e1n la historia del surgimiento del Santuario y de alguna forma nos servir\u00e1n para entender el proceso no s\u00f3lo de una estructura sino lo que significa como aporte esencial para la Iglesia.<\/p>\n<p>Este Santuario que ha sido custodiado por Mar\u00eda, bajo la advocaci\u00f3n de la Medalla Milagrosa, es el testigo fiel del nacimiento de muchas ramas para lo que hoy conocemos como \u00abRamas de la Familia Vicentina\u00bb<span id='easy-footnote-52-13036' class='easy-footnote-margin-adjust'><\/span><span class='easy-footnote'><a href='http:\/\/vincentians.com\/es\/historia-del-santuario-santa-rosa-de-cabal\/#easy-footnote-bottom-52-13036' title='Como lo menciona el Padre Rodrigo Restrepo en un articulo que ha empezado a escribir con ocasi\u00f3n de los 50 a\u00f1os del Santuario Nacional de la Medalla Milagrosa y que ha titulado: \u00abSantuario Nacional a la Virgen de la Medalla Milagrosa. 50 a\u00f1os en Santa Rosa de Cabal, Risaralda. 1959 \u2013 2009\u00bb.'><sup>52<\/sup><\/a><\/span>. Hagamos por tanto una peque\u00f1a lista de estos grupos: Encabeza el grupo, La Congregaci\u00f3n de la Misi\u00f3n, junto con Las Hijas de la Caridad, Las Voluntarias Vicentinas de la Caridad, La Sociedad de San Vicente de Pa\u00fal, Las Damas del Santuario<span id='easy-footnote-53-13036' class='easy-footnote-margin-adjust'><\/span><span class='easy-footnote'><a href='http:\/\/vincentians.com\/es\/historia-del-santuario-santa-rosa-de-cabal\/#easy-footnote-bottom-53-13036' title='Grupo que acaba de cumplir sus 25 a\u00f1os de servicio en este lugar.'><sup>53<\/sup><\/a><\/span>, Las juventudes Marianas Vicentinas, El Voluntariado Juvenil Vicentino, Las Hijas de Mar\u00eda, La Legi\u00f3n de Mar\u00eda, El Comit\u00e9 de Liturgia, Los grupos prejuveniles, Los Monaguillos, La Asociaci\u00f3n de exalumnos de la Apost\u00f3lica, Los Misioneros Seglares Vicentinos, Los Benefactores del Santuario y de la Apost\u00f3lica, Las (os) afiliados a la Congregaci\u00f3n de la Misi\u00f3n y Los integrantes del plan padrino de las vocaciones vicentinas.<\/p>\n<p>Grupos y movimientos que se alimentan no s\u00f3lo de la espiritualidad misma de San Vicente de Pa\u00fal, sino tambi\u00e9n de la espiritualidad Mariana.<\/p>\n<p><strong>2.2.1. Los Capellanes <\/strong><\/p>\n<p>Padre Luis Antonio Mojica. Gran impulsor de la obra. Padre Jes\u00fas Cardona 1963 \u2013 1970. Padre Jos\u00e9 Hel\u00ed Manosalva 1970 \u2013 1972. Padre Eduardo Guti\u00e9rrez 1972 \u2013 1974. Padre Roberto Mej\u00eda 1974. Padre Eduardo Guti\u00e9rrez 1977 \u2013 1980. Padre Gonzalo Reyes 1980 \u2013 1981. Padre Gustavo Toro 1981 \u2013 1982. Padre Carlos \u00c1lvarez 1982 \u2013 1983. Padre Esteban Amaya 1983 \u2013 1987. Padre Eduardo Guti\u00e9rrez 1987 \u2013 1990. Padre Francisco Murcia 1990 \u2013 1992. Padre Ricardo Luna 1992 \u2013 1997. Padre Gonzalo Corba 1997 \u2013 2000. Padre Mario Garc\u00eda 2000. Padre Rodrigo Restrepo 2001. Padre C\u00e9sar Acosta 2002. Padre Alfonso Sterling 2003. Padre Marlio Nasay\u00f3 2004. Padre Rodrigo Restrepo 2005, 2006, 2007, 2008.<\/p>\n<p><strong>2.2.2. Composici\u00f3n estructural del Santuario <\/strong><\/p>\n<p>En el interior del Santuario nos encontramos con elementos sencillos pero que hacen crecer en la fe. Mencionemos por tanto <strong><em>La imagen de la Virgen<\/em><\/strong>. Esta que se encuentra actualmente no ha sido la \u00fanica como ya he mencionado anteriormente en la historia; tres han sido las im\u00e1genes que han acompa\u00f1ado al Santuario, as\u00ed: La primera era una de dos metros de altura, era espa\u00f1ola y donada por el p\u00e1rroco de las Victorias del momento \u2013 padre Francisco Londo\u00f1o. S\u00f3lo estuvo all\u00ed hasta el a\u00f1o de 1974. Es la que posteriormente fue llevada al Seminario Mayor de Filosof\u00eda de Medell\u00edn de los Padres Vicentinos.<\/p>\n<p>La segunda imagen se coloc\u00f3 para las fiestas de San Vicente de Pa\u00fal en el a\u00f1o de 1977. Esta ten\u00eda dos metros y medio de altura y pesaba cuarenta arrobas de peso; era en marmolina blanca, estilizada. Donaci\u00f3n que hicieron las Juventudes Marianas a la cabeza de Sor Mar\u00eda Emilia Echeverri. A los devotos no les gust\u00f3 mucho la imagen.<\/p>\n<p>La tercera la colocaron para la celebraci\u00f3n de los 25 a\u00f1os del Santuario; esta la donaron las hermanas Vicentinas de la provincia de Bogot\u00e1. Su material est\u00e1 compuesto de fibra de estupa con yeso y su autor fue el Se\u00f1or V\u00edctor Manuel Torres. Esta ten\u00eda tres metros de altura y media tonelada de peso. Gracias a la colaboraci\u00f3n de la se\u00f1ora Adiela Cano, esta fue retocada por la se\u00f1ora Mar\u00eda Luisa Sep\u00falveda para la novena en el mes de noviembre del a\u00f1o 2007.<\/p>\n<p>Encontramos adem\u00e1s <strong><em>El altar mayor<\/em><\/strong>, que tambi\u00e9n fue donado para los 25 a\u00f1os y junto con el amb\u00f3n que son construcciones en piedra.<\/p>\n<p>Y hablamos ahora de la obra de arte m\u00e1s hermosa que uno pueda admirar en el Santuario: <strong><em>Los Vitrales<\/em><\/strong>; del m\u00e1s grande ya he hablado bastante; s\u00f3lo me falta hacer \u00e9nfasis en el vitral que rodea la imagen de la Virgen. Este fue elaborado en principio por el Se\u00f1or Mario Ayala, de Cali, pero recordemos que hubo un terremoto en 1999 y como consecuencia se deterior\u00f3. El Se\u00f1or V\u00edctor Laverde, artista de Desquebradas \u2013 Risaralda, elabor\u00f3 los dise\u00f1os, los m\u00e1s grandes hasta ahora, de 32 metros cuadrados y cuyas im\u00e1genes son heliconias \u2013 aves del para\u00edso y la guadua que bordea la regi\u00f3n cafetera y que adornan el espacio religioso del Santuario. Para la elaboraci\u00f3n de esa nueva obra el se\u00f1or V\u00edctor debi\u00f3 concursar con varios artistas del pa\u00eds, en especial con los de Medell\u00edn que son reconocidos por su pericia, pero los super\u00f3. Lo logr\u00f3 tambi\u00e9n gracias a la gesti\u00f3n de los Padres Vicentinos, especialmente Rodrigo Restrepo y Pedro Nel Delgado que permitieron engalanar el Santuario y con la ayuda de la Gobernaci\u00f3n de Risaralda<span id='easy-footnote-54-13036' class='easy-footnote-margin-adjust'><\/span><span class='easy-footnote'><a href='http:\/\/vincentians.com\/es\/historia-del-santuario-santa-rosa-de-cabal\/#easy-footnote-bottom-54-13036' title='Hoy dirigida por un exalumno de la Apost\u00f3lica y amante de la Medalla Milagrosa: Doctor V\u00edctor Manuel Tamayo.'><sup>54<\/sup><\/a><\/span>.<\/p>\n<p>El Santuario cuenta adem\u00e1s con un hermoso <strong><em>Sagrario <\/em><\/strong>con enchapes en piedra bogotana y con motivos ornamentales que hacen referencia a la Eucarist\u00eda. Esta gran piedra representa el alfa y la omega.<\/p>\n<h3><strong>Datos finales y curiosos <\/strong><\/h3>\n<p>Aqu\u00ed quiero resaltar algunos datos que nos brind\u00f3 en su momento la famosa revista \u00abAnuario\u00bb de la Apost\u00f3lica, en la que se cuenta cu\u00e1ndo se empez\u00f3 la obra.<\/p>\n<p><strong>2.3.1. Datos Cronol\u00f3gicos <\/strong><\/p>\n<ul>\n<li>8 de Septiembre 1959 \u2013 se empezaron los trabajos.<\/li>\n<li>22 de Enero de 1960 \u2013 Suspensi\u00f3n breve de labores.<\/li>\n<li>25 de Febrero de 1960 \u2013 Reanudaci\u00f3n de la Obra.<\/li>\n<li>19 de Diciembre de 1960 \u2013 Se paralizan de nuevo las actividades por falta de dinero.<\/li>\n<li>3 de Junio de 1961 \u2013 Se da un tercer impulso a la obra.<\/li>\n<li>2 de Septiembre de 1961 \u2013 Se suspende a causa de la escas\u00e9z de recursos y por un tiempo indefinido ya que para reanudar trabajos se necesita una cantidad de plata no menor de ciento cincuenta mil pesos.<\/li>\n<\/ul>\n<p><strong>2.3.2. Datos Econ\u00f3micos <\/strong><\/p>\n<p>Hasta la fecha se han gastado $358.000.57. Sus gastos principales han sido:<\/p>\n<ul>\n<li>6.080 bultos de cemento.<\/li>\n<li>7.000 guaduas.<\/li>\n<li>58 Toneladas de hierro.<\/li>\n<li>11\/2 Toneladas de alambre.<\/li>\n<li>2.100 Metros c\u00fabicos de arena.<\/li>\n<li>1.200 Metros c\u00fabicos de balastro.<\/li>\n<li>1.120 Metros c\u00fabicos de piedra.<\/li>\n<li>Falta para su culminaci\u00f3n medio mill\u00f3n de pesos.<\/li>\n<\/ul>\n<h2><strong>3. Reflexi\u00f3n teol\u00f3gica en torno al santuario (Santuario nacional de la Medalla Milagrosa) <\/strong><\/h2>\n<p>Despu\u00e9s de realizar una investigaci\u00f3n desde los datos hist\u00f3ricos, me parece oportuno hacer una reflexi\u00f3n teol\u00f3gica en torno a este \u00abfen\u00f3meno\u00bb; porque si bien hablamos de 50 a\u00f1os de surgimiento, este ha de significar algo mucho m\u00e1s profundo en la vida de la Iglesia. Adem\u00e1s porque la piedad popular tiene que conducirnos de alguna manera al punto esencial, para no quedarnos en simple romanticismo, es decir, centrarnos a todos en la fe desde la Palabra.<\/p>\n<h3><strong>El Surgimiento, fruto del primer anuncio <\/strong><\/h3>\n<p>Digamos entonces en primer lugar que su surgimiento es la plena manifestaci\u00f3n de Dios que es don y que es gracia. Es el regalo que Dios nos puede dar como fruto del amor profundo a la fe. Una fe que fue probada en su momento, a una comunidad concreta y que se hace servicio para los dem\u00e1s. Desde una interpretaci\u00f3n un poco cl\u00e1sica, podr\u00edamos pensar que el surgimiento del Santuario fue fruto del llamado espec\u00edfico del Se\u00f1or para trabajar en el anuncio de la Buena Nueva. Es decir, \u00abLo que han recibido gratis, dadlo gratis\u00bb. Es la manera como se desarrolla ese anuncio Kerigm\u00e1tico y que ahora est\u00e1 listo para darlo a otros. Si nos detenemos vemos c\u00f3mo se ha extendido no s\u00f3lo a una comunidad, sino tambi\u00e9n a otros agentes y siempre permanece listo para ofrecerlo a otros que quiz\u00e1s a\u00fan no les ha llegado.<\/p>\n<p>Puede ser aquel anuncio de que Mar\u00eda es la Madre del Se\u00f1or, el Hijo de Dios, que se hizo Carne y que habit\u00f3 entre nosotros para ofrecernos su amor, su misericordia. Para demostrarles a los dem\u00e1s que Dios a pesar de nuestra infidelidad, permanece cerca y fiel, a trav\u00e9s de Mar\u00eda. Ella que siempre estuvo atenta al fiat, y que se convierte para nosotros en ese reto a favor de la fe para que sea cada vez m\u00e1s s\u00f3lida y firme.<\/p>\n<h3><strong>A nivel Cristol\u00f3gico <\/strong><\/h3>\n<p>Mar\u00eda siempre nos est\u00e1 recordando al Hijo de Dios, el mismo que se entreg\u00f3 en la cruz. Junto a esa cruz precisamente se encontraba su Madre que un poco turbada esperaba con esperanza que se cumpliera lo que estaba plasmado en las Escrituras, es decir, que se hab\u00eda entregado por la salvaci\u00f3n de todos. Es que la entrega, la donaci\u00f3n de Mar\u00eda a trav\u00e9s de su hijo nos recuerda a todos que debemos donarnos cada d\u00eda para alcanzar la gloria del que nos mira siempre con ojos compasivos, Nuestro Padre Dios. Es por eso que Mar\u00eda es modelo para todos los creyentes en Cristo.<\/p>\n<p>Recordemos adem\u00e1s c\u00f3mo Jes\u00fas se dirige a Juan para decirle \u00abHe ah\u00ed a tu Madre\u00bb. La ofrece para que sea acogida, y al aceptarla nos pone al frente de una tarea espec\u00edfica y es la de seguir mostr\u00e1ndole al mundo que Jesucristo es el Se\u00f1or, nacido de una mujer y ahora ella es intercesora de todos; se ha convertido en la Madre de todo el genero humano. Es entonces Dios mismo que manifiesta su amor, su poder y grandeza a trav\u00e9s de la Madre de su Hijo, para que sea acogida como modelo para la Iglesia.<\/p>\n<h3><strong>Los frutos del peregrinar <\/strong><\/h3>\n<p>A lo largo de su historia, este Santuario, siempre ha tenido ese sentido de acogida a los peregrinos y este aspecto no podemos dejarlo a un lado en la reflexi\u00f3n, ya que es uno de esos elementos que nos ayudan a comprender mejor el camino del hombre que se hace cada d\u00eda trayecto hacia el encuentro definitivo con el Padre. Creemos firmemente que Dios nos espera y que sus brazos nos brindar\u00e1n la paz absoluta que s\u00f3lo puede descansar en \u00e9l. Mar\u00eda en este caso vuelve a ser intercesora nuestra. Es que llegando hasta el Santuario nos conecta con la bondad del Padre y el amor del Hijo.<\/p>\n<p>\u00abLa misi\u00f3n que el Padre encomend\u00f3 a Mar\u00eda en la anunciaci\u00f3n y el Hijo desde la cruz, no termin\u00f3 con la Asunci\u00f3n de \u00e9sta a los cielos. Se trata de una maternidad plena en el orden salv\u00edfico, que incluye no s\u00f3lo el dar la vida biol\u00f3gicamente a Jes\u00fas, sino a todo su ser, que es mesi\u00e1nico. Por ello Mar\u00eda es figura y modelo de la Iglesia. Asunta a los cielos, su reinado es real, pero no seg\u00fan el modelo pol\u00edtico sino evang\u00e9lico: reina sirviendo como una madre a la Iglesia de los redimidos por su Hijo. Por eso la Iglesia la reconoce como asociada activamente a la obra redentora de su Hijo. As\u00ed aparece (bajo diversas figuras) en la Tradici\u00f3n, a partir de los Santos Padres. Esta Colaboraci\u00f3n, ahora en los cielos se basa en la misma asociaci\u00f3n realizada en el proceso hist\u00f3rico de la obra mesi\u00e1nica. Y se extiende a todo el \u00e1mbito al que se refiere la obra salv\u00edfica de Cristo, es decir a la liberaci\u00f3n del hombre Pero tal misi\u00f3n es diferente de la encomendada por el Se\u00f1or a otros a quienes ha asociado a su obra (por ejemplo en la jerarqu\u00eda o en el sacerdocio ministerial): es espec\u00edficamente materna, y se ejercita mediante la gu\u00eda de sus hijos por el ejemplo, y su intercesi\u00f3n por nosotros ante el Padre, por su Hijo, en el Esp\u00edritu\u00bb.<span id='easy-footnote-55-13036' class='easy-footnote-margin-adjust'><\/span><span class='easy-footnote'><a href='http:\/\/vincentians.com\/es\/historia-del-santuario-santa-rosa-de-cabal\/#easy-footnote-bottom-55-13036' title='Pbro. GONZ\u00c1LEZ Carlos Ignacio S.J. Mar\u00eda Evangelizada y Evangelizadora. Mariolog\u00eda. Consejo Episcopal Latinoamericano. Bogot\u00e1 D.C. 2003. Pgs. 465-466.'><sup>55<\/sup><\/a><\/span>\n<p>La conciencia pues del caminar hacia el Santuario debe estar marcada por la fe profunda no s\u00f3lo a la Madre sino ante todo al Hijo. Gracias a ella el hombre que va a su encuentro, recibe tambi\u00e9n unas gracias especiales de sentirse amado y acogido desde los diferentes sacrificios que ha hecho desde el momento mismo que pens\u00f3 realizar un camino de reflexi\u00f3n y de encuentro con Jes\u00fas a trav\u00e9s de la Madre. Nos hace preguntar este aspecto \u00bfQu\u00e9 es lo que quiero para mi vida eterna, mi vida futura? \u00bfC\u00f3mo lo lograr\u00e9? \u00bfA trav\u00e9s de qu\u00e9 medios? \u00bfC\u00f3mo ser\u00e1 mi caminar hacia el Padre? He aqu\u00ed pues un pensamiento m\u00e1s bien Escatol\u00f3gico que me conecta con el Dios dador de la vida y con el cual espero alcanzar los gozos prometidos a todos los hombres. \u00abDe Dios venimos y a \u00e9l volvemos\u00bb.<\/p>\n<p>En el peregrinar se da transformaci\u00f3n y renovaci\u00f3n del coraz\u00f3n: muchas veces quienes han llegado hasta este Santuario u otros que encontramos a lo largo de la geograf\u00eda colombiana, han experimentado los milagros que vienen no s\u00f3lo de la generosidad de la Madre que conoce los ruegos de sus hijos, sino que tambi\u00e9n muchos han tenido la oportunidad de volver los ojos al Se\u00f1or que los ha amado primero. En estos Santuarios con seguridad se han experimentado los mayores milagros a trav\u00e9s del Sacramento de la reconciliaci\u00f3n y ha sido, repito nuevamente, ese caminar silencioso que nos da la oportunidad de volver a las fuentes, muchas veces desconocidas por la tragedia del pecado que no nos deja ver el gran don de la cercan\u00eda a Dios.<\/p>\n<p>Ese peregrinar es el mismo signo de la Iglesia que permanece en marcha, que est\u00e1 atenta a los cambios que debe dar para favorecer la fe de los creyentes, para trasformar con el testimonio y sobre todo con la experiencia profunda de encuentro con Dios en la celebraci\u00f3n de la Eucarist\u00eda que es la cumbre de todo ser cristiano cat\u00f3lico.<\/p>\n<h3><strong>Obra ciertamente Neumatol\u00f3gica <\/strong><\/h3>\n<p>Despu\u00e9s de la investigaci\u00f3n hist\u00f3rica, no podemos desconocer la fuerza del Esp\u00edritu Santo que ha actuado, a trav\u00e9s de quienes han estado al frente de su servicio. Es por tanto obra del verdadero Esp\u00edritu que no s\u00f3lo ha inspirado, sino que ha impulsado, ha animado y ha iluminado los pasos de la tarea evangelizadora. Ante tantas dificultades no s\u00f3lo para recolectar los dineros necesarios sino ante las calamidades uno podr\u00eda llegar a pensar que la mano de Dios ha desaparecido; pero no, al contrario, la fuerza la ha manifestado a trav\u00e9s del soplo del Esp\u00edritu que ha permitido mantenerse fieles a la obra de irradiaci\u00f3n del carisma y tambi\u00e9n de la Evangelizaci\u00f3n que es por cierto muy compleja en ciertas circunstancias de la vida y de la obra misma. Cincuenta a\u00f1os no han pasado en vano, no han permanecido a oscuras.<\/p>\n<p>Esto que acabo de resaltar anteriormente se descubre en la colaboraci\u00f3n de tantas personas, en las reflexiones de tantos pastores y ministros ordenados que han pasado por este Santuario y que de alguna manera han dejado huella; huellas que se van desapareciendo para que reine la \u00danica y definitiva: La de Dios y su Hijo Jesucristo, a trav\u00e9s de la acogida que ha brindado la Madre del cielo.<\/p>\n<h3><strong>Una experiencia que se hace vida en la Iglesia <\/strong><\/h3>\n<p>Aunque estoy mencionando este punto al final de esta peque\u00f1a reflexi\u00f3n teol\u00f3gica, me parece que es esencial a la hora de analizar o mirar el objetivo mismo de los Santuarios. Es que todos estos acontecimientos y experiencias se hacen comunidad eclesial (he aqu\u00ed un aspecto Eclesiol\u00f3gico). El peregrinar personal nos convoca y nos hace encontrar con otros que con diferentes sentimientos, necesidades o alegr\u00edas, forman la gran familia de Dios y a trav\u00e9s de las diferentes manifestaciones enriquecen la misma vida de la Iglesia.<\/p>\n<p>Eso que creemos y sentimos lo hacemos vida en la celebraci\u00f3n, en la fracci\u00f3n del pan, en el encuentro con la Palabra.<\/p>\n<p>Pues bien el Santuario Nacional de la Medalla Milagrosa ha vivenciado este acontecimiento y no s\u00f3lo ha sido una estructura de arte o es un lugar en donde se han repartido medallitas, sino que ha unido a los peregrinos al gran misterio de la Eucarist\u00eda, asoci\u00e1ndolo tambi\u00e9n a la vivencia de los dem\u00e1s Sacramentos.<\/p>\n<p>All\u00ed comenzaron a florecer hace algunos a\u00f1os, a trav\u00e9s de la pastoral que varios sacerdotes impartieron, los sue\u00f1os de varios grupos, que despu\u00e9s de sentirse convocados a trav\u00e9s de una procesi\u00f3n o atra\u00eddos por el amparo maternal de Mar\u00eda, quer\u00edan comprometerse a vivenciar el Evangelio desde un servicio m\u00e1s entregado; y es como se da el despertar de la Pastoral, la misma animaci\u00f3n de las Damas del Santuario entre otros y de esta manera se conforman los otros grupos que prestan gran ayuda en lo que conocemos como la Pastoral Lit\u00fargica, que tanto bien le hace a la Iglesia. Yo dir\u00eda que es tambi\u00e9n la mejor manera de fomentar los carismas que se encuentran escondidos en los que conforman la asamblea y que muchas veces desconocen.<\/p>\n<p>Me parece que es el fen\u00f3meno m\u00e1s hermoso y maravilloso que ha vivido el Santuario en Santa Rosa, el llamado de Dios ha sido escuchado, no es sino mirar la gracia de la convocatoria y la congregaci\u00f3n de personas en torno a la Madre cada s\u00e1bado en las celebraciones de la conocida \u00abNovena perpetua\u00bb, adem\u00e1s del fervor que se experimenta. Digamos tambi\u00e9n que el surgimiento del Santuario no fue s\u00f3lo lo que significa la construcci\u00f3n, sino que se cuenta apartir de la peregrinaci\u00f3n y presencia de los fieles, del pueblo de Dios que acude a \u00e9l a diario y que es el que le da el verdadero sentido de Santuario.<\/p>\n<p>De esta manera afirmamos y con sinceridad que el Santuario ha cumplido con las condiciones necesarias para que se considere como Santuario y que sigue siendo vigente:<\/p>\n<ol>\n<li>Es un lugar Sagrado; as\u00ed ha sido considerado siempre y se ha cultivado bajo el signo de esa dignidad.<\/li>\n<li>Siempre se ha tenido destinado a la celebraci\u00f3n del culto divino y para los fieles.<\/li>\n<li>Ahora m\u00e1s que nunca se procede a disponer el historial que da los fundamentos esenciales de su surgimiento y que son necesarios a la hora de enriquecer la fe de quienes acuden a \u00e9l.<\/li>\n<li>Las peregrinaciones siguen siendo el eje principal, despu\u00e9s de la predicaci\u00f3n de la Palabra de Dios y el culto Divino.<\/li>\n<li>Cuenta con las aprobaciones pertinentes, como se cuenta en el historial. Y de esta manera entonces cuenta adem\u00e1s con el reconocimiento necesario para desarrollar una buena pastoral.<\/li>\n<li>Transforma sinceramente la vida de quienes entran all\u00ed, es la experiencia que cuentan quienes pasan por el lugar; yo puedo testificar esta afirmaci\u00f3n, pues he tenido la oportunidad de estar presente en diferentes celebraciones y encuentros de los peregrinos.<\/li>\n<\/ol>\n<h2><strong>Conclusiones<\/strong><\/h2>\n<p>Al realizar estas conclusiones quisiera resaltar y reafirmar primero que todo el sentido mismo de lo que es para nosotros el Santuario y despu\u00e9s de haber hecho un acercamiento desde unos aportes hist\u00f3ricos y reflexi\u00f3n teol\u00f3gica al respecto.<\/p>\n<ul>\n<li>Es ante todo Memoria, Presencia y Profec\u00eda del Dios Vivo.<\/li>\n<li>Podemos identificar el Santuario como \u00abla tienda del encuentro\u00bb.<\/li>\n<li>Es adem\u00e1s la meta visible del itinerario de los peregrinos.<\/li>\n<li>El Santuario promueve la experiencia de convocaci\u00f3n, encuentro y construcci\u00f3n de la comunidad eclesial.<\/li>\n<li>El Santuario es portador de un mensaje preciso.<\/li>\n<li>Es una aut\u00e9ntica escuela de fe con el ejemplo vivo y la intercesi\u00f3n maternal de la Virgen Mar\u00eda; en este caso particular del Santuario Nacional de la Medalla Milagrosa.<\/li>\n<\/ul>\n<p><em>\u00abEl Santuario, memoria del origen. Es memoria de la obra de Dios. El Santuario es ante todo lugar de la memoria de la acci\u00f3n poderosa de Dios en la historia, que ha dado origen al pueblo de la alianza y a la fe de cada uno de los creyentes. El significado profundo de todo Santuario es hacer memoria, en la fe, de la obra salv\u00edfica del Se\u00f1or. El Dios vivo que ha entrado en la historia quiere dar un signo de su fidelidad y de su presencia siempre actual en medio de su pueblo. El Santuario es la memoria eficaz de laobra de Dios, el signo visible que proclama a todas las generaciones cu\u00e1n grande es \u00c9len el amor, y testimonia que \u00c9l nos ha amado primero y ha querido ser el Se\u00f1or y Salvador de su pueblo\u00bb<\/em>.<span id='easy-footnote-56-13036' class='easy-footnote-margin-adjust'><\/span><span class='easy-footnote'><a href='http:\/\/vincentians.com\/es\/historia-del-santuario-santa-rosa-de-cabal\/#easy-footnote-bottom-56-13036' title='P\u00e1rrafo de un art\u00edculo del Pontificio Consejo para la Pastoral de los Emigrantes e Itinerantes. ZENIT, 25 de Mayo de 1999. Documentaci\u00f3n viva de la Iglesia.'><sup>56<\/sup><\/a><\/span>\n<p>Al terminar esta investigaci\u00f3n y reflexi\u00f3n descubro adem\u00e1s lo siguiente: El Santuario nos est\u00e1 recordando que la Iglesia nace de la iniciativa misma de Dios. Que a ese \u00abfen\u00f3meno\u00bb, que lo podemos reconocer tambi\u00e9n como misterio, hay que acercarse con una actitud de asombro y tambi\u00e9n de adoraci\u00f3n, reconociendo en el fondo el don de Dios. Se debe tener previamente una preparaci\u00f3n para el encuentro con el Santuario, no basta entonces con ir s\u00f3lo de paseo.<\/p>\n<p>Esa iniciativa de la que ya he hablado anteriormente hay que acogerla con un esp\u00edritu de acci\u00f3n de gracias. Estos Santuarios son verdaderas escuelas de oraci\u00f3n y a trav\u00e9s de ella podemos aprovechar para agradecer el don. De ah\u00ed que podamos tambi\u00e9n experimentar ese don de la reconciliaci\u00f3n, como aprovechamiento de la generosidad del Se\u00f1or. Hay que tener muy en cuenta esto porque de otra forma se estar\u00eda desperdiciando lo que Dios nos ofrece y de esta forma el don se hace ineficaz.<\/p>\n<p>Al elaborar el proceso hist\u00f3rico del surgimiento del Santuario Nacional de la Medalla Milagrosa, de Santa Rosa de Cabal, descubro c\u00f3mo Dios se vale de las personas para llevar a cabo su obra de Salvaci\u00f3n. Ofrece posibilidades a todos de involucrarnos de alguna manera en ella y nos hace pensar al mismo tiempo en nuestro sentido de Iglesia y como bautizados.<\/p>\n<p>Las obras (Santuarios) no tienen sentido sin la presencia misma de los fieles, pero sigue no teniendo sentido, si los fieles no somos capaces de reconocer el misterio del don gratuito de Dios que se nos da a lo largo de la historia y como construcci\u00f3n y constituci\u00f3n de su cuerpo, es decir, si no somos conscientes de asumir el verdadero papel de Iglesia que reconocemos s\u00f3lo por la fe.<\/p>\n<p>En el Santuario nos encontramos cara a cara con el Se\u00f1or dador de la vida; y en \u00e9l la Iglesia se reconoce Una, Santa, Cat\u00f3lica y Apost\u00f3lica.<\/p>\n<p>Sin caer en un Minimalismo o Maximalismo reconozcamos que Mar\u00eda nos conecta con Cristo y por Cristo descubrimos al Padre. He aqu\u00ed una hermosa afirmaci\u00f3n que nos hace reconocer la tarea evangelizadora de la Madre, que se realiza desde la liturgia, desde los Santuarios marianos, y sobre todo desde la gu\u00eda de la Madre de Dios en la liberaci\u00f3n de los pueblos.<\/p>\n<h2><strong>Bibliograf\u00eda <\/strong><\/h2>\n<ul>\n<li>ANUARIO. Apost\u00f3lica Padres Vicentinos \u2013 Santa Rosa de Cabal \u2013 Caldas. Tipograf\u00eda Sembrador. Bogot\u00e1 \u2013 Colombia. 1961. Pgs. 53-55.<\/li>\n<li>BUENO DE LA FUENTE Eloy. Eclesiolog\u00eda; Serie de Manuales de Teolog\u00eda. Biblioteca de Autores Cristianos. Madrid. 2004. Pgs. 334.<\/li>\n<li>CASTILLO ARCE Fenel\u00f3n; ESCOBAR Orlando, ARDILA Luis Fernando. La casa de la Colina. Editorial Kimpres. Limitada. Bogot\u00e1 D.C. 1994. Pgs. 72.<\/li>\n<li>Cuadernos VICENTINOS. Temas vicentinos de reflexi\u00f3n. # 6 Diciembre. 1986. Pgs. 81.<\/li>\n<li>GEBARA Ivonne; L. BINGEMER Mar\u00eda Clara. Mar\u00eda Mujer Prof\u00e9tica. Ediciones Paulinas. Madrid. 1988. Pgs. 205.<\/li>\n<li>P. GONZ\u00c1LEZ Carlos Ignacio S.J. Mar\u00eda Evangelizada y Evangelizadora. Mariolog\u00eda. Centro de publicaciones CELAM. Bogot\u00e1. 2003. Pgs. 671.<\/li>\n<li>Pbro. GOMEZ O. Horacio. La Iglesia Cat\u00f3lica en Colombia. Secretariado permanente del Episcopado colombiano \u2013SPEC. 1986. Pgs. 604.<\/li>\n<li>PHASE. Revista de pastoral lit\u00fargica # 275 Septiembre \u2013 Octubre. Barcelona. 2006.<\/li>\n<li>SEMBRADOR \u2013 Avance Noticioso. Congregaci\u00f3n de la Misi\u00f3n, Provincia de Colombia.<\/li>\n<li>THURIAN Max. Mar\u00eda, madre del Se\u00f1or, figura de la Iglesia. Editorial Hechos y Dichos. Zaragoza. 1966. Pgs. 272.<\/li>\n<li>V CONFERENCIA GENERAL DEL EPISCOPADO LATINOAMERICANO Y DEL CARIBE. APARECIDA, Brasil. CELAM, San Pablo, Paulinas. Bogot\u00e1. D.C. 2007. Pgs. 311. VINCENTIANA. Congregaci\u00f3n de la Misi\u00f3n. A\u00f1o 47 # 5-6 Septiembre \u2013 Diciembre. 2003. Pgs.384.<\/li>\n<\/ul>\n<p><strong>Algunos art\u00edculos<\/strong><\/p>\n<ul>\n<li>J. Robinson Silva Orozco Cm. <strong><em>\u00abPrimer Coro Juvenil en la historia del Santuario Nacional de la Medalla Milagrosa\u00bb <\/em><\/strong><\/li>\n<li>Pap\u00e1 del Ex \u2013 Ministro de Gobierno Fabio Villegas en la Administraci\u00f3n de C\u00e9sar Gaviria. <strong><em>\u00abSantuario Nacional de la Medalla Milagrosa \u2013 Santa Rosa de Cabal, Risaralda\u00bb <\/em><\/strong><\/li>\n<li>Padre Eduardo Guti\u00e9rrez. Cm. <strong><em>\u00abAntecedentes de un Carcelazo\u00bb <\/em><\/strong><\/li>\n<li>Padre Ricardo Luna Pi\u00f1eros. Cm. <strong><em>\u00abEn prueba de gratitud\u00bb<\/em><\/strong><\/li>\n<\/ul>\n","protected":false},"excerpt":{"rendered":"<p>1. Los santuarios Qu\u00e9 es un Santuario Antes de comenzar un estudio acerca de los Santuarios, es importante conocer qu\u00e9 es un \u00abSantuario\u00bb, para poder estar ubicados en el contexto de lo que se quiere &#8230; <a href=\"http:\/\/vincentians.com\/es\/historia-del-santuario-santa-rosa-de-cabal\/\" class=\"more-link\">Read More<\/a><\/p>\n","protected":false},"author":4,"featured_media":52865,"comment_status":"open","ping_status":"open","sticky":false,"template":"","format":"standard","meta":{"jetpack_post_was_ever_published":false,"_jetpack_newsletter_access":"","_jetpack_dont_email_post_to_subs":false,"_jetpack_newsletter_tier_id":0,"_jetpack_memberships_contains_paywalled_content":false,"_jetpack_memberships_contains_paid_content":false,"footnotes":"","jetpack_publicize_message":"","jetpack_publicize_feature_enabled":true,"jetpack_social_post_already_shared":true,"jetpack_social_options":{"image_generator_settings":{"template":"highway","default_image_id":0,"font":"","enabled":false},"version":2}},"categories":[8],"tags":[195],"class_list":["post-13036","post","type-post","status-publish","format-standard","has-post-thumbnail","hentry","category-virgen-maria","tag-misioneros-seglares"],"yoast_head":"<!-- This site is optimized with the Yoast SEO plugin v26.3 - https:\/\/yoast.com\/wordpress\/plugins\/seo\/ -->\n<title>Historia del Santuario Santa Rosa de Cabal - Somos Vicencianos<\/title>\n<meta name=\"robots\" content=\"index, follow, max-snippet:-1, max-image-preview:large, max-video-preview:-1\" \/>\n<link rel=\"canonical\" href=\"https:\/\/vincentians.com\/es\/historia-del-santuario-santa-rosa-de-cabal\/\" \/>\n<meta property=\"og:locale\" content=\"es_ES\" \/>\n<meta property=\"og:type\" content=\"article\" \/>\n<meta property=\"og:title\" content=\"Historia del Santuario Santa Rosa de Cabal - Somos Vicencianos\" \/>\n<meta property=\"og:description\" content=\"1. Los santuarios Qu\u00e9 es un Santuario Antes de comenzar un estudio acerca de los Santuarios, es importante conocer qu\u00e9 es un \u00abSantuario\u00bb, para poder estar ubicados en el contexto de lo que se quiere ... Read More\" \/>\n<meta property=\"og:url\" content=\"https:\/\/vincentians.com\/es\/historia-del-santuario-santa-rosa-de-cabal\/\" \/>\n<meta property=\"og:site_name\" content=\"Somos Vicencianos\" \/>\n<meta property=\"article:publisher\" content=\"https:\/\/www.facebook.com\/WeAreVincentians\/\" \/>\n<meta property=\"article:author\" content=\"https:\/\/www.facebook.com\/JavierChento\" \/>\n<meta property=\"article:published_time\" content=\"2015-02-20T01:00:50+00:00\" \/>\n<meta property=\"article:modified_time\" content=\"2016-07-26T15:29:05+00:00\" \/>\n<meta name=\"author\" content=\"Francisco Javier Fern\u00e1ndez Chento\" \/>\n<meta name=\"twitter:card\" content=\"summary_large_image\" \/>\n<meta name=\"twitter:creator\" content=\"@https:\/\/twitter.com\/javierchento\" \/>\n<meta name=\"twitter:site\" content=\"@WeVincentians\" \/>\n<meta name=\"twitter:label1\" content=\"Escrito por\" \/>\n\t<meta name=\"twitter:data1\" content=\"Francisco Javier Fern\u00e1ndez Chento\" \/>\n\t<meta name=\"twitter:label2\" content=\"Tiempo de lectura\" \/>\n\t<meta name=\"twitter:data2\" content=\"65 minutos\" \/>\n<script type=\"application\/ld+json\" class=\"yoast-schema-graph\">{\"@context\":\"https:\/\/schema.org\",\"@graph\":[{\"@type\":\"Article\",\"@id\":\"https:\/\/vincentians.com\/es\/historia-del-santuario-santa-rosa-de-cabal\/#article\",\"isPartOf\":{\"@id\":\"https:\/\/vincentians.com\/es\/historia-del-santuario-santa-rosa-de-cabal\/\"},\"author\":{\"name\":\"Francisco Javier Fern\u00e1ndez Chento\",\"@id\":\"http:\/\/vincentians.com\/es\/#\/schema\/person\/9623ef4d9aa3b2dfb8c061f1499288f2\"},\"headline\":\"Historia del Santuario Santa Rosa de Cabal\",\"datePublished\":\"2015-02-20T01:00:50+00:00\",\"dateModified\":\"2016-07-26T15:29:05+00:00\",\"mainEntityOfPage\":{\"@id\":\"https:\/\/vincentians.com\/es\/historia-del-santuario-santa-rosa-de-cabal\/\"},\"wordCount\":12946,\"commentCount\":1,\"publisher\":{\"@id\":\"http:\/\/vincentians.com\/es\/#organization\"},\"image\":{\"@id\":\"https:\/\/vincentians.com\/es\/historia-del-santuario-santa-rosa-de-cabal\/#primaryimage\"},\"thumbnailUrl\":\"\",\"keywords\":[\"Misioneros Seglares\"],\"articleSection\":[\"Virgen Mar\u00eda\"],\"inLanguage\":\"es\",\"potentialAction\":[{\"@type\":\"CommentAction\",\"name\":\"Comment\",\"target\":[\"https:\/\/vincentians.com\/es\/historia-del-santuario-santa-rosa-de-cabal\/#respond\"]}]},{\"@type\":\"WebPage\",\"@id\":\"https:\/\/vincentians.com\/es\/historia-del-santuario-santa-rosa-de-cabal\/\",\"url\":\"https:\/\/vincentians.com\/es\/historia-del-santuario-santa-rosa-de-cabal\/\",\"name\":\"Historia del Santuario Santa Rosa de Cabal - Somos Vicencianos\",\"isPartOf\":{\"@id\":\"http:\/\/vincentians.com\/es\/#website\"},\"primaryImageOfPage\":{\"@id\":\"https:\/\/vincentians.com\/es\/historia-del-santuario-santa-rosa-de-cabal\/#primaryimage\"},\"image\":{\"@id\":\"https:\/\/vincentians.com\/es\/historia-del-santuario-santa-rosa-de-cabal\/#primaryimage\"},\"thumbnailUrl\":\"\",\"datePublished\":\"2015-02-20T01:00:50+00:00\",\"dateModified\":\"2016-07-26T15:29:05+00:00\",\"breadcrumb\":{\"@id\":\"https:\/\/vincentians.com\/es\/historia-del-santuario-santa-rosa-de-cabal\/#breadcrumb\"},\"inLanguage\":\"es\",\"potentialAction\":[{\"@type\":\"ReadAction\",\"target\":[\"https:\/\/vincentians.com\/es\/historia-del-santuario-santa-rosa-de-cabal\/\"]}]},{\"@type\":\"ImageObject\",\"inLanguage\":\"es\",\"@id\":\"https:\/\/vincentians.com\/es\/historia-del-santuario-santa-rosa-de-cabal\/#primaryimage\",\"url\":\"\",\"contentUrl\":\"\"},{\"@type\":\"BreadcrumbList\",\"@id\":\"https:\/\/vincentians.com\/es\/historia-del-santuario-santa-rosa-de-cabal\/#breadcrumb\",\"itemListElement\":[{\"@type\":\"ListItem\",\"position\":1,\"name\":\"Portada\",\"item\":\"http:\/\/vincentians.com\/es\/\"},{\"@type\":\"ListItem\",\"position\":2,\"name\":\"Historia del Santuario Santa Rosa de Cabal\"}]},{\"@type\":\"WebSite\",\"@id\":\"http:\/\/vincentians.com\/es\/#website\",\"url\":\"http:\/\/vincentians.com\/es\/\",\"name\":\"Somos Vicencianos\",\"description\":\"Know more to serve more\",\"publisher\":{\"@id\":\"http:\/\/vincentians.com\/es\/#organization\"},\"potentialAction\":[{\"@type\":\"SearchAction\",\"target\":{\"@type\":\"EntryPoint\",\"urlTemplate\":\"http:\/\/vincentians.com\/es\/?s={search_term_string}\"},\"query-input\":{\"@type\":\"PropertyValueSpecification\",\"valueRequired\":true,\"valueName\":\"search_term_string\"}}],\"inLanguage\":\"es\"},{\"@type\":\"Organization\",\"@id\":\"http:\/\/vincentians.com\/es\/#organization\",\"name\":\"The Vincentian Network\",\"url\":\"http:\/\/vincentians.com\/es\/\",\"logo\":{\"@type\":\"ImageObject\",\"inLanguage\":\"es\",\"@id\":\"http:\/\/vincentians.com\/es\/#\/schema\/logo\/image\/\",\"url\":\"https:\/\/i1.wp.com\/vincentians.com\/es\/wp-content\/uploads\/sites\/11\/2016\/06\/Vincentian-Network-logo-big.png?fit=778%2C778\",\"contentUrl\":\"https:\/\/i1.wp.com\/vincentians.com\/es\/wp-content\/uploads\/sites\/11\/2016\/06\/Vincentian-Network-logo-big.png?fit=778%2C778\",\"width\":778,\"height\":778,\"caption\":\"The Vincentian Network\"},\"image\":{\"@id\":\"http:\/\/vincentians.com\/es\/#\/schema\/logo\/image\/\"},\"sameAs\":[\"https:\/\/www.facebook.com\/WeAreVincentians\/\",\"https:\/\/x.com\/WeVincentians\"]},{\"@type\":\"Person\",\"@id\":\"http:\/\/vincentians.com\/es\/#\/schema\/person\/9623ef4d9aa3b2dfb8c061f1499288f2\",\"name\":\"Francisco Javier Fern\u00e1ndez Chento\",\"image\":{\"@type\":\"ImageObject\",\"inLanguage\":\"es\",\"@id\":\"http:\/\/vincentians.com\/es\/#\/schema\/person\/image\/\",\"url\":\"https:\/\/secure.gravatar.com\/avatar\/497d5cde87b4c3d097d0315953521681ba2cd523ee66e5077c3711f7021e65de?s=96&d=mm&r=g\",\"contentUrl\":\"https:\/\/secure.gravatar.com\/avatar\/497d5cde87b4c3d097d0315953521681ba2cd523ee66e5077c3711f7021e65de?s=96&d=mm&r=g\",\"caption\":\"Francisco Javier Fern\u00e1ndez Chento\"},\"description\":\"Director General y cofundador de La Red de Formaci\u00f3n Vicenciana. Javier es laico vicenciano, afiliado a la Congregaci\u00f3n de la Misi\u00f3n y miembro del Equipo de Misiones Populares de la provincia can\u00f3nica de Zaragoza (Espa\u00f1a) de la Congregaci\u00f3n de la Misi\u00f3n. Graduado en la Universidad Oberta de Catalunya con cuatro grados (Asistente de direcci\u00f3n, Gesti\u00f3n Administrativa, Recursos Humanos y Contabilidad Avanzada). Bil\u00edng\u00fce Espa\u00f1ol\/Ingl\u00e9s. gestiona y mantiene varias p\u00e1ginas web cristianas y vicencianas, incluida including La Red de Formaci\u00f3n Vicenciana, de la que es cofundador. Actualmente es responsable del \u00e1rea de Espa\u00f1ol de .famvin, la Red de Noticias de la Familia Vicenciana. Tambi\u00e9n es m\u00fasico cat\u00f3lico y ha editado varios discos. Es Director General y cofundador de Trovador, una reconocida compa\u00f1\u00eda discogr\u00e1fica critiana de Espa\u00f1a. Trabaja en las Tecnolog\u00edas de la Informaci\u00f3n, ofreciendo servicios de alojamiento, dise\u00f1o y mantenimiento Web, as\u00ed como asesoramiento, formaci\u00f3n y soluciones inform\u00e1ticas, gesti\u00f3n documental y digitalizaci\u00f3n de textos, edici\u00f3n y maquetaci\u00f3n de libros, revistas, flyers, etc.\",\"sameAs\":[\"http:\/\/chento.org\",\"https:\/\/www.facebook.com\/JavierChento\",\"https:\/\/x.com\/https:\/\/twitter.com\/javierchento\"],\"url\":\"http:\/\/vincentians.com\/es\/author\/chento\/\"}]}<\/script>\n<!-- \/ Yoast SEO plugin. -->","yoast_head_json":{"title":"Historia del Santuario Santa Rosa de Cabal - Somos Vicencianos","robots":{"index":"index","follow":"follow","max-snippet":"max-snippet:-1","max-image-preview":"max-image-preview:large","max-video-preview":"max-video-preview:-1"},"canonical":"https:\/\/vincentians.com\/es\/historia-del-santuario-santa-rosa-de-cabal\/","og_locale":"es_ES","og_type":"article","og_title":"Historia del Santuario Santa Rosa de Cabal - Somos Vicencianos","og_description":"1. Los santuarios Qu\u00e9 es un Santuario Antes de comenzar un estudio acerca de los Santuarios, es importante conocer qu\u00e9 es un \u00abSantuario\u00bb, para poder estar ubicados en el contexto de lo que se quiere ... Read More","og_url":"https:\/\/vincentians.com\/es\/historia-del-santuario-santa-rosa-de-cabal\/","og_site_name":"Somos Vicencianos","article_publisher":"https:\/\/www.facebook.com\/WeAreVincentians\/","article_author":"https:\/\/www.facebook.com\/JavierChento","article_published_time":"2015-02-20T01:00:50+00:00","article_modified_time":"2016-07-26T15:29:05+00:00","author":"Francisco Javier Fern\u00e1ndez Chento","twitter_card":"summary_large_image","twitter_creator":"@https:\/\/twitter.com\/javierchento","twitter_site":"@WeVincentians","twitter_misc":{"Escrito por":"Francisco Javier Fern\u00e1ndez Chento","Tiempo de lectura":"65 minutos"},"schema":{"@context":"https:\/\/schema.org","@graph":[{"@type":"Article","@id":"https:\/\/vincentians.com\/es\/historia-del-santuario-santa-rosa-de-cabal\/#article","isPartOf":{"@id":"https:\/\/vincentians.com\/es\/historia-del-santuario-santa-rosa-de-cabal\/"},"author":{"name":"Francisco Javier Fern\u00e1ndez Chento","@id":"http:\/\/vincentians.com\/es\/#\/schema\/person\/9623ef4d9aa3b2dfb8c061f1499288f2"},"headline":"Historia del Santuario Santa Rosa de Cabal","datePublished":"2015-02-20T01:00:50+00:00","dateModified":"2016-07-26T15:29:05+00:00","mainEntityOfPage":{"@id":"https:\/\/vincentians.com\/es\/historia-del-santuario-santa-rosa-de-cabal\/"},"wordCount":12946,"commentCount":1,"publisher":{"@id":"http:\/\/vincentians.com\/es\/#organization"},"image":{"@id":"https:\/\/vincentians.com\/es\/historia-del-santuario-santa-rosa-de-cabal\/#primaryimage"},"thumbnailUrl":"","keywords":["Misioneros Seglares"],"articleSection":["Virgen Mar\u00eda"],"inLanguage":"es","potentialAction":[{"@type":"CommentAction","name":"Comment","target":["https:\/\/vincentians.com\/es\/historia-del-santuario-santa-rosa-de-cabal\/#respond"]}]},{"@type":"WebPage","@id":"https:\/\/vincentians.com\/es\/historia-del-santuario-santa-rosa-de-cabal\/","url":"https:\/\/vincentians.com\/es\/historia-del-santuario-santa-rosa-de-cabal\/","name":"Historia del Santuario Santa Rosa de Cabal - Somos Vicencianos","isPartOf":{"@id":"http:\/\/vincentians.com\/es\/#website"},"primaryImageOfPage":{"@id":"https:\/\/vincentians.com\/es\/historia-del-santuario-santa-rosa-de-cabal\/#primaryimage"},"image":{"@id":"https:\/\/vincentians.com\/es\/historia-del-santuario-santa-rosa-de-cabal\/#primaryimage"},"thumbnailUrl":"","datePublished":"2015-02-20T01:00:50+00:00","dateModified":"2016-07-26T15:29:05+00:00","breadcrumb":{"@id":"https:\/\/vincentians.com\/es\/historia-del-santuario-santa-rosa-de-cabal\/#breadcrumb"},"inLanguage":"es","potentialAction":[{"@type":"ReadAction","target":["https:\/\/vincentians.com\/es\/historia-del-santuario-santa-rosa-de-cabal\/"]}]},{"@type":"ImageObject","inLanguage":"es","@id":"https:\/\/vincentians.com\/es\/historia-del-santuario-santa-rosa-de-cabal\/#primaryimage","url":"","contentUrl":""},{"@type":"BreadcrumbList","@id":"https:\/\/vincentians.com\/es\/historia-del-santuario-santa-rosa-de-cabal\/#breadcrumb","itemListElement":[{"@type":"ListItem","position":1,"name":"Portada","item":"http:\/\/vincentians.com\/es\/"},{"@type":"ListItem","position":2,"name":"Historia del Santuario Santa Rosa de Cabal"}]},{"@type":"WebSite","@id":"http:\/\/vincentians.com\/es\/#website","url":"http:\/\/vincentians.com\/es\/","name":"Somos Vicencianos","description":"Know more to serve more","publisher":{"@id":"http:\/\/vincentians.com\/es\/#organization"},"potentialAction":[{"@type":"SearchAction","target":{"@type":"EntryPoint","urlTemplate":"http:\/\/vincentians.com\/es\/?s={search_term_string}"},"query-input":{"@type":"PropertyValueSpecification","valueRequired":true,"valueName":"search_term_string"}}],"inLanguage":"es"},{"@type":"Organization","@id":"http:\/\/vincentians.com\/es\/#organization","name":"The Vincentian Network","url":"http:\/\/vincentians.com\/es\/","logo":{"@type":"ImageObject","inLanguage":"es","@id":"http:\/\/vincentians.com\/es\/#\/schema\/logo\/image\/","url":"https:\/\/i1.wp.com\/vincentians.com\/es\/wp-content\/uploads\/sites\/11\/2016\/06\/Vincentian-Network-logo-big.png?fit=778%2C778","contentUrl":"https:\/\/i1.wp.com\/vincentians.com\/es\/wp-content\/uploads\/sites\/11\/2016\/06\/Vincentian-Network-logo-big.png?fit=778%2C778","width":778,"height":778,"caption":"The Vincentian Network"},"image":{"@id":"http:\/\/vincentians.com\/es\/#\/schema\/logo\/image\/"},"sameAs":["https:\/\/www.facebook.com\/WeAreVincentians\/","https:\/\/x.com\/WeVincentians"]},{"@type":"Person","@id":"http:\/\/vincentians.com\/es\/#\/schema\/person\/9623ef4d9aa3b2dfb8c061f1499288f2","name":"Francisco Javier Fern\u00e1ndez Chento","image":{"@type":"ImageObject","inLanguage":"es","@id":"http:\/\/vincentians.com\/es\/#\/schema\/person\/image\/","url":"https:\/\/secure.gravatar.com\/avatar\/497d5cde87b4c3d097d0315953521681ba2cd523ee66e5077c3711f7021e65de?s=96&d=mm&r=g","contentUrl":"https:\/\/secure.gravatar.com\/avatar\/497d5cde87b4c3d097d0315953521681ba2cd523ee66e5077c3711f7021e65de?s=96&d=mm&r=g","caption":"Francisco Javier Fern\u00e1ndez Chento"},"description":"Director General y cofundador de La Red de Formaci\u00f3n Vicenciana. Javier es laico vicenciano, afiliado a la Congregaci\u00f3n de la Misi\u00f3n y miembro del Equipo de Misiones Populares de la provincia can\u00f3nica de Zaragoza (Espa\u00f1a) de la Congregaci\u00f3n de la Misi\u00f3n. Graduado en la Universidad Oberta de Catalunya con cuatro grados (Asistente de direcci\u00f3n, Gesti\u00f3n Administrativa, Recursos Humanos y Contabilidad Avanzada). Bil\u00edng\u00fce Espa\u00f1ol\/Ingl\u00e9s. gestiona y mantiene varias p\u00e1ginas web cristianas y vicencianas, incluida including La Red de Formaci\u00f3n Vicenciana, de la que es cofundador. Actualmente es responsable del \u00e1rea de Espa\u00f1ol de .famvin, la Red de Noticias de la Familia Vicenciana. Tambi\u00e9n es m\u00fasico cat\u00f3lico y ha editado varios discos. Es Director General y cofundador de Trovador, una reconocida compa\u00f1\u00eda discogr\u00e1fica critiana de Espa\u00f1a. Trabaja en las Tecnolog\u00edas de la Informaci\u00f3n, ofreciendo servicios de alojamiento, dise\u00f1o y mantenimiento Web, as\u00ed como asesoramiento, formaci\u00f3n y soluciones inform\u00e1ticas, gesti\u00f3n documental y digitalizaci\u00f3n de textos, edici\u00f3n y maquetaci\u00f3n de libros, revistas, flyers, etc.","sameAs":["http:\/\/chento.org","https:\/\/www.facebook.com\/JavierChento","https:\/\/x.com\/https:\/\/twitter.com\/javierchento"],"url":"http:\/\/vincentians.com\/es\/author\/chento\/"}]}},"jetpack_publicize_connections":[],"jetpack_featured_media_url":"","jetpack_sharing_enabled":true,"jetpack_shortlink":"https:\/\/wp.me\/p7ETMF-3og","jetpack-related-posts":[{"id":48043,"url":"http:\/\/vincentians.com\/es\/los-santuarios-lugares-misioneros\/","url_meta":{"origin":13036,"position":0},"title":"Los santuarios: lugares misioneros","author":"Francisco Javier Fern\u00e1ndez Chento","date":"11\/08\/2011","format":false,"excerpt":"Es tal vez con asombro como constatamos que la Congregaci\u00f3n de la Misi\u00f3n est\u00e1 comprometida en la animaci\u00f3n pastoral de numerosos santuarios a trav\u00e9s del mundo. Santuarios espec\u00edficamente ligados a los Lazaristas o a las Hijas de la Caridad, pero tambi\u00e9n santuarios nacionales o regionales directamente unidos a la Iglesia\u2026","rel":"","context":"En \u00abFormaci\u00f3n Vicenciana\u00bb","block_context":{"text":"Formaci\u00f3n Vicenciana","link":"http:\/\/vincentians.com\/es\/category\/formacion-vicenciana\/"},"img":{"alt_text":"","src":"https:\/\/i0.wp.com\/vicencianos.org\/wp-content\/2011\/08\/Foto_Santuario-214x300.jpg?resize=350%2C200","width":350,"height":200},"classes":[]},{"id":405060,"url":"http:\/\/vincentians.com\/es\/santuarios-marianos-c-m-en-espana-iii\/","url_meta":{"origin":13036,"position":1},"title":"SANTUARIOS MARIANOS C.M. en ESPA\u00d1A (III)","author":"Mitxel Olabu\u00e9naga","date":"26\/12\/2023","format":false,"excerpt":"SANTUARIO DE NUESTRA SE\u00d1ORA DE LA JAREA SESA (Huesca) A corta distancia de la villa de Sesa hay un vistoso montecillo en cuya cumbre se destaca el santuario de Ntra. Sra. de la Jarea o Xarea, compuesto de dos partes: el magn\u00edfico templo donde se venera la santa imagen de\u2026","rel":"","context":"En \u00abSin categor\u00eda\u00bb","block_context":{"text":"Sin categor\u00eda","link":"http:\/\/vincentians.com\/es\/category\/sin-categoria\/"},"img":{"alt_text":"","src":"https:\/\/i0.wp.com\/vincentians.com\/es\/wp-content\/uploads\/sites\/11\/2016\/09\/ojos-jesucristo.jpg?fit=1200%2C630&resize=350%2C200","width":350,"height":200,"srcset":"https:\/\/i0.wp.com\/vincentians.com\/es\/wp-content\/uploads\/sites\/11\/2016\/09\/ojos-jesucristo.jpg?fit=1200%2C630&resize=350%2C200 1x, https:\/\/i0.wp.com\/vincentians.com\/es\/wp-content\/uploads\/sites\/11\/2016\/09\/ojos-jesucristo.jpg?fit=1200%2C630&resize=525%2C300 1.5x, https:\/\/i0.wp.com\/vincentians.com\/es\/wp-content\/uploads\/sites\/11\/2016\/09\/ojos-jesucristo.jpg?fit=1200%2C630&resize=700%2C400 2x, https:\/\/i0.wp.com\/vincentians.com\/es\/wp-content\/uploads\/sites\/11\/2016\/09\/ojos-jesucristo.jpg?fit=1200%2C630&resize=1050%2C600 3x"},"classes":[]},{"id":405056,"url":"http:\/\/vincentians.com\/es\/santuarios-marianos-c-m-en-espana-i\/","url_meta":{"origin":13036,"position":2},"title":"SANTUARIOS MARIANOS C.M. en ESPA\u00d1A (I)","author":"Mitxel Olabu\u00e9naga","date":"22\/12\/2023","format":false,"excerpt":"SANTUARIO DE NUESTRA SE\u00d1ORA LA BELLA CASTEJON DEL PUENTE (Huesca) Castej\u00f3n del Puente es un peque\u00f1o pueblo de la provincia de Huesca a unos 10 kil\u00f3metros de Barbastro. A unos dos kil\u00f3metros de dicho pueblo, y sobre una colina que mira al r\u00edo Cinca, se eleva el santuario de Nuestra\u2026","rel":"","context":"En \u00abSin categor\u00eda\u00bb","block_context":{"text":"Sin categor\u00eda","link":"http:\/\/vincentians.com\/es\/category\/sin-categoria\/"},"img":{"alt_text":"","src":"https:\/\/i0.wp.com\/vincentians.com\/es\/wp-content\/uploads\/sites\/11\/2016\/09\/ojos-jesucristo.jpg?fit=1200%2C630&resize=350%2C200","width":350,"height":200,"srcset":"https:\/\/i0.wp.com\/vincentians.com\/es\/wp-content\/uploads\/sites\/11\/2016\/09\/ojos-jesucristo.jpg?fit=1200%2C630&resize=350%2C200 1x, https:\/\/i0.wp.com\/vincentians.com\/es\/wp-content\/uploads\/sites\/11\/2016\/09\/ojos-jesucristo.jpg?fit=1200%2C630&resize=525%2C300 1.5x, https:\/\/i0.wp.com\/vincentians.com\/es\/wp-content\/uploads\/sites\/11\/2016\/09\/ojos-jesucristo.jpg?fit=1200%2C630&resize=700%2C400 2x, https:\/\/i0.wp.com\/vincentians.com\/es\/wp-content\/uploads\/sites\/11\/2016\/09\/ojos-jesucristo.jpg?fit=1200%2C630&resize=1050%2C600 3x"},"classes":[]},{"id":405070,"url":"http:\/\/vincentians.com\/es\/santuarios-marianos-c-m-en-espana-vii\/","url_meta":{"origin":13036,"position":3},"title":"SANTUARIOS MARIANOS C.M. en ESPA\u00d1A (VII)","author":"Mitxel Olabu\u00e9naga","date":"06\/01\/2024","format":false,"excerpt":"SANTUARIO-PARROQUIA DE LA VIRGEN MILAGROSA (TERUEL) El actual templo santuario de la Virgen Milagrosa de Teruel enlaza con otras dos devociones que tuvieron sus ra\u00edces en el alma del pueblo turolense. Todos los autores que hablan de la historia de Teruel cuentan la existen\u00adcia de un santuario dedicado a la\u2026","rel":"","context":"En \u00abSin categor\u00eda\u00bb","block_context":{"text":"Sin categor\u00eda","link":"http:\/\/vincentians.com\/es\/category\/sin-categoria\/"},"img":{"alt_text":"","src":"https:\/\/i0.wp.com\/vincentians.com\/es\/wp-content\/uploads\/sites\/11\/2016\/09\/ojos-jesucristo.jpg?fit=1200%2C630&resize=350%2C200","width":350,"height":200,"srcset":"https:\/\/i0.wp.com\/vincentians.com\/es\/wp-content\/uploads\/sites\/11\/2016\/09\/ojos-jesucristo.jpg?fit=1200%2C630&resize=350%2C200 1x, https:\/\/i0.wp.com\/vincentians.com\/es\/wp-content\/uploads\/sites\/11\/2016\/09\/ojos-jesucristo.jpg?fit=1200%2C630&resize=525%2C300 1.5x, https:\/\/i0.wp.com\/vincentians.com\/es\/wp-content\/uploads\/sites\/11\/2016\/09\/ojos-jesucristo.jpg?fit=1200%2C630&resize=700%2C400 2x, https:\/\/i0.wp.com\/vincentians.com\/es\/wp-content\/uploads\/sites\/11\/2016\/09\/ojos-jesucristo.jpg?fit=1200%2C630&resize=1050%2C600 3x"},"classes":[]},{"id":21539,"url":"http:\/\/vincentians.com\/es\/santuario-central-de-maria-filadelfia\/","url_meta":{"origin":13036,"position":4},"title":"Santuario Central de Mar\u00eda (Filadelfia)","author":"Francisco Javier Fern\u00e1ndez Chento","date":"07\/04\/2013","format":false,"excerpt":"En 1912, el P. Joseph Skelly, C.M., recibi\u00f3 un proyecto especial del Visitador \u2013la construcci\u00f3n de un Seminario Menor en Princeton, Nueva Jersey. En 1914, recordando las Medallas Milagrosas que su madre hab\u00eda colocado a sus 10 hijos, el P. Skelly incluy\u00f3 una Medalla Milagrosa en las cartas\u00a0 destinadas a\u2026","rel":"","context":"En \u00abCongregaci\u00f3n de la Misi\u00f3n\u00bb","block_context":{"text":"Congregaci\u00f3n de la Misi\u00f3n","link":"http:\/\/vincentians.com\/es\/category\/la-familia-vicenciana\/ramas\/congregacion-de-la-mision\/"},"img":{"alt_text":"","src":"https:\/\/i0.wp.com\/vicencianos.org\/wp-content\/2010\/05\/basilica_sagrado_corazon_de_paray_le_monial-300x225.jpg?resize=350%2C200","width":350,"height":200},"classes":[]},{"id":47958,"url":"http:\/\/vincentians.com\/es\/santuario-central-de-maria-marys-central-shrine-archidiocesis-de-filadelfia-pennsylvania-usa\/","url_meta":{"origin":13036,"position":5},"title":"Santuario Central de Mar\u00eda (\u201cMary\u2019s Central Shrine\u201d) Archidi\u00f3cesis de Filadelfia, Pennsylvania, USA","author":"Francisco Javier Fern\u00e1ndez Chento","date":"10\/08\/2011","format":false,"excerpt":"En 1912, el P. Joseph Skelly, C.M., recibi\u00f3 un proyecto especial del Visitador \u2013la construcci\u00f3n de un Seminario Menor en Princeton, Nueva Jersey\u2013. En 1914, recordando las Medallas Milagrosas que su madre hab\u00eda colocado a sus 10 hijos, el P. Skelly incluy\u00f3 una Medalla Milagrosa en las cartas destinadas a\u2026","rel":"","context":"En \u00abLugares Vicencianos\u00bb","block_context":{"text":"Lugares Vicencianos","link":"http:\/\/vincentians.com\/es\/category\/historia-de-la-familia-vicenciana\/lugares-vicencianos\/"},"img":{"alt_text":"","src":"https:\/\/i0.wp.com\/vicencianos.org\/wp-content\/2011\/08\/Marys_Central_Shrine_02-300x284.jpg?resize=350%2C200","width":350,"height":200},"classes":[]}],"_links":{"self":[{"href":"http:\/\/vincentians.com\/es\/wp-json\/wp\/v2\/posts\/13036","targetHints":{"allow":["GET"]}}],"collection":[{"href":"http:\/\/vincentians.com\/es\/wp-json\/wp\/v2\/posts"}],"about":[{"href":"http:\/\/vincentians.com\/es\/wp-json\/wp\/v2\/types\/post"}],"author":[{"embeddable":true,"href":"http:\/\/vincentians.com\/es\/wp-json\/wp\/v2\/users\/4"}],"replies":[{"embeddable":true,"href":"http:\/\/vincentians.com\/es\/wp-json\/wp\/v2\/comments?post=13036"}],"version-history":[{"count":0,"href":"http:\/\/vincentians.com\/es\/wp-json\/wp\/v2\/posts\/13036\/revisions"}],"wp:featuredmedia":[{"embeddable":true,"href":"http:\/\/vincentians.com\/es\/wp-json\/"}],"wp:attachment":[{"href":"http:\/\/vincentians.com\/es\/wp-json\/wp\/v2\/media?parent=13036"}],"wp:term":[{"taxonomy":"category","embeddable":true,"href":"http:\/\/vincentians.com\/es\/wp-json\/wp\/v2\/categories?post=13036"},{"taxonomy":"post_tag","embeddable":true,"href":"http:\/\/vincentians.com\/es\/wp-json\/wp\/v2\/tags?post=13036"}],"curies":[{"name":"wp","href":"https:\/\/api.w.org\/{rel}","templated":true}]}}