{"id":129403,"date":"2024-12-29T08:26:51","date_gmt":"2024-12-29T07:26:51","guid":{"rendered":"http:\/\/somos.vicencianos.org\/?p=129403"},"modified":"2024-08-16T18:43:33","modified_gmt":"2024-08-16T16:43:33","slug":"cristianos-laicos-y-signos-de-los-tiempos-7","status":"publish","type":"post","link":"http:\/\/vincentians.com\/es\/cristianos-laicos-y-signos-de-los-tiempos-7\/","title":{"rendered":"Cristianos laicos y signos de los tiempos (7)"},"content":{"rendered":"<h2>VII. Algunos compromisos laicales frente a los \u00absignos de los tiempos\u00bb<\/h2>\n<p>La percepci\u00f3n y aceptaci\u00f3n (cr\u00edtica) de los \u00absignos de los tiempos\u00bb ha significado, si no un verdadero revulsivo, s\u00ed un v\u00e1lido y poderoso catalizador en el seno de la Iglesia. Despu\u00e9s de siglos en los que el distanciamiento, los desencuentros y hasta el m\u00e1s radical enfrentamiento y antagonismo hab\u00edan sido la t\u00f3nica de las relaciones entre la Iglesia y el mundo<span id='easy-footnote-1-129403' class='easy-footnote-margin-adjust'><\/span><span class='easy-footnote'><a href='http:\/\/vincentians.com\/es\/cristianos-laicos-y-signos-de-los-tiempos-7\/#easy-footnote-bottom-1-129403' title='Recordar, las actuaciones doctrinales, en pleno siglo xix, de los Papas Gregorio XVI con su Enc\u00edclica &lt;i&gt;Mirari vos &lt;\/i&gt;(15 de agosto de 1832: &lt;i&gt;DH &lt;\/i&gt;2730-2731) y P\u00edo IX con su Enc\u00edclica &lt;i&gt;Quanta cura &lt;\/i&gt;acompa\u00f1ada con el correspon\u00addiente &lt;i&gt;Syllabus &lt;\/i&gt;(ambos Documentos de 8 de diciembre de 1864: &lt;i&gt;DH &lt;\/i&gt;2890\u00ad-2980).'><sup>1<\/sup><\/a><\/span>, la aceptaci\u00f3n, por parte de Juan XXIII de los \u00absignos de los tiempos\u00bb<span id='easy-footnote-2-129403' class='easy-footnote-margin-adjust'><\/span><span class='easy-footnote'><a href='http:\/\/vincentians.com\/es\/cristianos-laicos-y-signos-de-los-tiempos-7\/#easy-footnote-bottom-2-129403' title='Recordar lo dicho en las Notas 10 y 11 acerca de la Constituci\u00f3n apos\u00adt\u00f3lica &lt;i&gt;Humanae salutis &lt;\/i&gt;(1961) y de la Enc\u00edclica &lt;i&gt;Pacem in terris &lt;\/i&gt;(1962).'><sup>2<\/sup><\/a><\/span>, como verdadero `lugar teol\u00f3gico&#8217; y como &#8216;lenguaje v\u00e1lido y significativo&#8217; para una Iglesia servidora del hombre, represent\u00f3 un aut\u00e9ntico \u00abkair\u00f3s\u00bb (momento de gracia), el inicio de una actitud de conversi\u00f3n (\u00abaggiornamento\u00bb la llam\u00f3 Juan XXIII) y hasta de reconciliaci\u00f3n con el mundo actual y en especial con la cultura, de una Iglesia lla\u00admada a ser \u00aben Cristo como un signo e instrumento de la uni\u00f3n \u00ednti\u00adma con Dios y de la unidad de todo el g\u00e9nero humano\u00bb<span id='easy-footnote-3-129403' class='easy-footnote-margin-adjust'><\/span><span class='easy-footnote'><a href='http:\/\/vincentians.com\/es\/cristianos-laicos-y-signos-de-los-tiempos-7\/#easy-footnote-bottom-3-129403' title='&lt;i&gt;LG &lt;\/i&gt;1.9.48; &lt;i&gt;SC &lt;\/i&gt;2.5.26; &lt;i&gt;GS &lt;\/i&gt;42.45; &lt;i&gt;AG &lt;\/i&gt;1.5.'><sup>3<\/sup><\/a><\/span>.<\/p>\n<p>Hablando en t\u00e9rminos generales se puede afirmar que, para la Iglesia \u00abla existencia de los &#8216;signos de los tiempos&#8217; es lo que per\u00admite afirmar que el Reino de Dios ya ha llegado, aunque toda\u00adv\u00eda no en su plenitud\u00bb<span id='easy-footnote-4-129403' class='easy-footnote-margin-adjust'><\/span><span class='easy-footnote'><a href='http:\/\/vincentians.com\/es\/cristianos-laicos-y-signos-de-los-tiempos-7\/#easy-footnote-bottom-4-129403' title='L. GONZ\u00c1LEZ-CARVAJAL, &lt;i&gt;0.C., &lt;\/i&gt;p.54; R. D\u00cdAZ SALAZAR, &lt;i&gt;El cristianismo, signo en el tiempo, &lt;\/i&gt;en \u00abIglesia viva\u00bb 192(1997), pp. 13-27.'><sup>4<\/sup><\/a><\/span>. Ahora bien, \u00abpara comprender cristia\u00adnamente el mundo, es decir, para leer los signos de los tiempos en el mundo, en ese mundo que &#8216;Dios ha amado tanto que le ha dado su propio Hijo&#8217;, es preciso mancharse las manos con \u00e9l, es preciso arriesgarse en \u00e9l, involucrarse en su historia, estar verda\u00adderamente &#8216;en el mundo&#8217;, en el sentido joanneo de oposici\u00f3n al reino. Quien no se mezcla en la historia, quien no se arriesga en ella, quien no mira a los seres humanos desde ellos mismos, quien no comparte la suerte de los hermanos en todo lo que es mal y pecado, no puede comprender cristianamente la historia y tampoco los signos de los tiempos en ella porque no los com\u00adprende humanamente\u00bb<span id='easy-footnote-5-129403' class='easy-footnote-margin-adjust'><\/span><span class='easy-footnote'><a href='http:\/\/vincentians.com\/es\/cristianos-laicos-y-signos-de-los-tiempos-7\/#easy-footnote-bottom-5-129403' title='G. GENNARI, &lt;i&gt;a.c., &lt;\/i&gt;p. 1298-1299.'><sup>5<\/sup><\/a><\/span>.<\/p>\n<p>El Concilio Vaticano II, siguiendo la l\u00ednea marcada por el Papa Juan XXIII en el Discurso de Inauguraci\u00f3n del mismo Con\u00adcilio<span id='easy-footnote-6-129403' class='easy-footnote-margin-adjust'><\/span><span class='easy-footnote'><a href='http:\/\/vincentians.com\/es\/cristianos-laicos-y-signos-de-los-tiempos-7\/#easy-footnote-bottom-6-129403' title='Cfr. CEE, &lt;i&gt;Concilio Ecum\u00e9nico Vaticano II, &lt;\/i&gt;BAC 526, Madrid 1993, pp. 1089-1098.'><sup>6<\/sup><\/a><\/span>, y mostrando una gran sensibilidad frente a los \u00absignos de los tiempos\u00bb, hizo una profunda revisi\u00f3n de la vida y de la acti\u00advidad de la Iglesia en clave esencialmente pastoral. A la luz de las directrices marcadas por el Concilio, es posible se\u00f1alar algunas repercusiones de especial relieve que la realidad de los \u00absignos de los tiempos\u00bb est\u00e1 llamada a tener en la vida de la Igle\u00adsia, en particular en la vocaci\u00f3n y vida de los laicos. Estas con\u00adsecuencias las puso de relieve ya en su d\u00eda el Papa Juan Pablo II en su Exhortaci\u00f3n Apost\u00f3lica <i>Christifideles Laici.<\/i><\/p>\n<h3><i>1. Promover la dignidad de la Persona y defender el inviolable derecho a la vida<\/i><\/h3>\n<p>1.1. Una convergencia que se observa f\u00e1cilmente entre la comunidad eclesial de nuestros d\u00edas con uno de los primeros y principales \u00absignos de los tiempos\u00bb aceptados por los hombres en general y por el organismo internacional de Naciones Unidas, es precisamente la defensa inequ\u00edvoca de la persona. Lo recorda\u00admos en el primer punto de nuestro trabajo. A este prop\u00f3sito record\u00f3 en su d\u00eda Juan Pablo <b>II <\/b>que <i>redescubrir y hacer redescu\u00adbrir la dignidad inviolable de cada persona humana <\/i>constituye una tarea esencial; es m\u00e1s, <b>en cierto sentido es la tarea central y unificante <\/b>del servicio que la Iglesia, y en ella los fieles laicos, est\u00e1n llamados a prestar a la familia humana<span id='easy-footnote-7-129403' class='easy-footnote-margin-adjust'><\/span><span class='easy-footnote'><a href='http:\/\/vincentians.com\/es\/cristianos-laicos-y-signos-de-los-tiempos-7\/#easy-footnote-bottom-7-129403' title='Juan Pablo II, Exhortaci\u00f3n &lt;i&gt;Christifideles laici (ChL) &lt;\/i&gt;37, en AAS 81 (1989), p. 459. Subrayado nuestro.'><sup>7<\/sup><\/a><\/span>. Con la valent\u00eda de los primeros cristianos resulta hoy particularmente urgente proclamar que \u00abel ser humano es <i>siempre un valor en s\u00ed mismo y por s\u00ed mismo y <\/i>como tal exige ser considerado y tratado. Y, al contrario, jam\u00e1s puede ser tratado y considerado como un objeto uti\u00adlizable, un instrumento, una cosa\u00bb. Por eso precisamente, \u00abel individuo nunca puede quedar reducido a todo aquello que lo querr\u00eda aplastar y anular en el anonimato de la colectividad, de las instituciones, de las estructuras, del sistema\u00bb<span id='easy-footnote-8-129403' class='easy-footnote-margin-adjust'><\/span><span class='easy-footnote'><a href='http:\/\/vincentians.com\/es\/cristianos-laicos-y-signos-de-los-tiempos-7\/#easy-footnote-bottom-8-129403' title='Idem.'><sup>8<\/sup><\/a><\/span>.<\/p>\n<p>1.2. Como aplicaci\u00f3n espec\u00edfica de esta tarea &#8216;central y unifi\u00adcante&#8217;, est\u00e1 el compromiso de la lucha por una justa y verdadera equiparaci\u00f3n de la mujer respecto del var\u00f3n en todos los \u00e1mbitos de la vida: personal, social pol\u00edtica y religiosa.<\/p>\n<p>La historia de la promoci\u00f3n de la mujer (del &#8216;feminismo&#8217; como se conoce en la historia), es relativamente reciente. Inicia\u00addo a principios del siglo xx, se centr\u00f3 particular en la lucha por la consecuci\u00f3n de dar a la mujer el derecho al voto en las nacio\u00adnes y sociedades democr\u00e1ficas<span id='easy-footnote-9-129403' class='easy-footnote-margin-adjust'><\/span><span class='easy-footnote'><a href='http:\/\/vincentians.com\/es\/cristianos-laicos-y-signos-de-los-tiempos-7\/#easy-footnote-bottom-9-129403' title='Vgr. en el Reino Unido se logra en el a\u00f1o 1918; en los Estados Unidos en 1920; en Espa\u00f1a durante la II Rep\u00fablica en el a\u00f1o 1934. Cfr. M. MARTINELL, &lt;i&gt;Feminismo, en &lt;\/i&gt;C. Florist\u00e1n-J. J. Tamayo (dirs.), &lt;i&gt;Conceptos fundamentales de Pastoral, &lt;\/i&gt;Cristiandad, Madrid 1983, pp. 388-399.'><sup>9<\/sup><\/a><\/span>. M\u00e1s tarde, en la d\u00e9cada de los a\u00f1os sesenta del mismo siglo xx se formula y sistematiza de manera formal la reivindicaci\u00f3n por la igualdad radical de la mujer respecto del var\u00f3n. En la Iglesia, aparece por primera vez tanto el tema como la formulaci\u00f3n del mismo en la Enc\u00edclica <i>Pacem interris <\/i>del Papa Juan XXIII. Hablando de tres \u00absignos\u00bb que caracterizan nuestra \u00e9poca, reconoce como &#8216;hecho evidente&#8217; la presencia de la mujer en la vida p\u00fablica. Hace la constataci\u00f3n positiva de que \u00abla mujer ha adquirido una conciencia cada d\u00eda m\u00e1s clara de su propia dignidad. Por ello no tolera que se la trate como una cosa inanimada o un mero instrumento; exige, por el contrario, que, tanto en el \u00e1mbito de la vida dom\u00e9stica como en el de la vida p\u00fablica, se le reconozcan los derechos y obligacio\u00adnes propios de la persona humana\u00bb<span id='easy-footnote-10-129403' class='easy-footnote-margin-adjust'><\/span><span class='easy-footnote'><a href='http:\/\/vincentians.com\/es\/cristianos-laicos-y-signos-de-los-tiempos-7\/#easy-footnote-bottom-10-129403' title='Juan XXIII, Enc\u00edclica &lt;i&gt;Pacem in terris, en &lt;\/i&gt;AAS 55 (1963), pp. 267-268.'><sup>10<\/sup><\/a><\/span>. En esta misma l\u00ednea se movi\u00f3 el Concilio Vaticano II que en el Decreto dedicado expre\u00adsamente a los laicos afirm\u00f3: \u00abcomo en nuestros d\u00edas las mujeres tienen una participaci\u00f3n cada vez mayor en toda la vida de la sociedad, es de gran importancia su participaci\u00f3n igualmente creciente, en los diversos campos del apostolado de la Igle\u00adsia\u00bb<span id='easy-footnote-11-129403' class='easy-footnote-margin-adjust'><\/span><span class='easy-footnote'><a href='http:\/\/vincentians.com\/es\/cristianos-laicos-y-signos-de-los-tiempos-7\/#easy-footnote-bottom-11-129403' title='Concilio Vaticano II, Decreto &lt;i&gt;Apostolicam Actuositatem &lt;\/i&gt;(AA) 9. Cf. AA 32; &lt;i&gt;GS &lt;\/i&gt;52; &lt;i&gt;Mensaje del Concilio Vaticano II a las mujeres, &lt;\/i&gt;en el que despu\u00e9s de recordar que son la mitad de la inmensa familia humana, se afirma de forma contundente su innata igualdad con el hombre, la inmensa ayuda que pueden prestar para que la humanidad no decaiga, el ruego de que velen por el porve\u00adnir de nuestra especie humana, su condici\u00f3n de primeras educadoras del g\u00e9ne\u00adro humano, etc.'><sup>11<\/sup><\/a><\/span>. El C\u00f3digo de Derecho Can\u00f3nico de 1983<span id='easy-footnote-12-129403' class='easy-footnote-margin-adjust'><\/span><span class='easy-footnote'><a href='http:\/\/vincentians.com\/es\/cristianos-laicos-y-signos-de-los-tiempos-7\/#easy-footnote-bottom-12-129403' title='Son numerosos los c\u00e1nones en los que el Nuevo C\u00f3digo hacen referen\u00adcia, de forma impl\u00edcita o expl\u00edcita, a la mujer en la Iglesia: ccnn. 104; 112; 208-231; 766-767; 964; 1115; 1117; 1421.'><sup>12<\/sup><\/a><\/span> y sobre todo el amplio Magisterio de Juan Pablo II<span id='easy-footnote-13-129403' class='easy-footnote-margin-adjust'><\/span><span class='easy-footnote'><a href='http:\/\/vincentians.com\/es\/cristianos-laicos-y-signos-de-los-tiempos-7\/#easy-footnote-bottom-13-129403' title='Entre las numerosas intervenciones de Juan Pablo II acerca de la mujer, dejamos constancia de tres de especial relieve: la Carta apost\u00f3lica &lt;i&gt;Mulieris dignitatem &lt;\/i&gt;(AAS 80[1988], pp. 1653-1729), la Carta &lt;i&gt;Las mujeres en medio del mundo, &lt;\/i&gt;con motivo de la IV Conferencia Mundial sobre la mujer (Pek\u00edn, sep\u00adtiembre 1995), y la Carta apost\u00f3lica &lt;i&gt;Ordinatio Sacerdotalis &lt;\/i&gt;(22 de mayo de 1994: en \u00abEcclesia\u00bb, n. 2688 [11 de junio de 1994], pp. 20-21), en que da por cerrada en sentido negativo la cuesti\u00f3n de la posible Ordenaci\u00f3n presbiteral de las mujeres en la Iglesia cat\u00f3lica.'><sup>13<\/sup><\/a><\/span> han marcado pautas que, aunque resultan objetivamente mejorables en varios aspec\u00adtos, marcan ciertamente, a lo laicos en particular, un compromi\u00adso activo y eficaz en el empe\u00f1o de construir una sociedad y una Iglesia m\u00e1s justa e igualitaria entre todos sus miembros y a todos sus niveles.<\/p>\n<p>1.3. El Concilio Vaticano II hizo en su d\u00eda una condenaci\u00f3n expresa de \u00abtodo aquello que atenta contra la vida\u00bb<span id='easy-footnote-14-129403' class='easy-footnote-margin-adjust'><\/span><span class='easy-footnote'><a href='http:\/\/vincentians.com\/es\/cristianos-laicos-y-signos-de-los-tiempos-7\/#easy-footnote-bottom-14-129403' title='&lt;i&gt;GS &lt;\/i&gt;27.'><sup>14<\/sup><\/a><\/span>. A la luz de la ense\u00f1anza conciliar el Papa Juan Pablo II ha sido el incan\u00adsable defensor de la Vida, sobre todo en dos fases muy peculiares de la misma: la concepci\u00f3n y la ancianidad. \u00abLa Iglesia no se ha dado nunca por vencida frente a todas las violaciones que el derecho a la vida, propio de todo ser humano, ha recibido y con\u00adtin\u00faa recibiendo por parte tanto de los individuos como de las mismas autoridades. El titular de tal derecho es el ser humano, <i>en cada fase de su desarrollo, <\/i>desde el momento de la concep\u00adci\u00f3n hasta la muerte natural; y <i>cualquiera que sea su condici\u00f3n, <\/i>ya sea de salud que de enfermedad, de integridad f\u00edsica o de minusvalidez, de riqueza o de miseria\u00bb<span id='easy-footnote-15-129403' class='easy-footnote-margin-adjust'><\/span><span class='easy-footnote'><a href='http:\/\/vincentians.com\/es\/cristianos-laicos-y-signos-de-los-tiempos-7\/#easy-footnote-bottom-15-129403' title='Juan Pablo II, &lt;i&gt;ChL &lt;\/i&gt;38, en AAS 81 (1989), p. 464.'><sup>15<\/sup><\/a><\/span>. Pues bien, en una sociedad que parece empe\u00f1ada en establecer y desarrollar una \u00abcultura de la muerte\u00bb, es de m\u00e1xima importancia que los laicos cristianos \u2014con la ayuda de toda la Iglesia\u2014 asuman la responsa\u00adbilidad de hacer volver la cultura a los principios de un aut\u00e9nti\u00adco humanismo, con el fin de que la promoci\u00f3n y la defensa de los derechos humanos puedan encontrar fundamento din\u00e1mico y seguro en la misma esencia del hombre, aquella esencia que la predicaci\u00f3n evang\u00e9lica ha revelado a los hombres\u00bb<span id='easy-footnote-16-129403' class='easy-footnote-margin-adjust'><\/span><span class='easy-footnote'><a href='http:\/\/vincentians.com\/es\/cristianos-laicos-y-signos-de-los-tiempos-7\/#easy-footnote-bottom-16-129403' title='S\u00ednodo sobre los laicos (Roma 1987), &lt;i&gt;Proposici\u00f3n &lt;\/i&gt;36.'><sup>16<\/sup><\/a><\/span>.<\/p>\n<p>1.4. Posiblemente el don m\u00e1s precioso que el Creador haya dado al hombre sea precisamente el \u00abdon de la libertad\u00bb. Es un don precioso pero, al mismo tiempo, \u00abtemible\u00bb. No solo porque el hombre puede abusar de la libertad hasta l\u00edmites insospecha\u00addos y con consecuencias personales y sociales dif\u00edcilmente valo\u00adrables, sino &#8216;temible&#8217; tambi\u00e9n, de forma particular, para todos aquellos que no toleran que los dem\u00e1s tengan y puedan gozar de la libertad que ellos quisieran s\u00f3lo para s\u00ed. Por eso, la tendencia a suprimir la libertad de los otros est\u00e1 presente en el coraz\u00f3n de cada hombre, como tambi\u00e9n, de forma institucional, en aquellas autoridades que no toleran que la sociedad los critique o disien\u00adtan de sus planteamientos y decisiones. La supresi\u00f3n de la liber\u00adtad (de pensamiento, de cultura, de religi\u00f3n) es una de las tentaciones m\u00e1s cotidianas e inmediatas de todos aquellos reg\u00edmenes que quieren adue\u00f1arse de la persona humana en su totalidad.<\/p>\n<p>Pues bien, a los laicos, en su doble condici\u00f3n de creyentes y de miembros de la sociedad, toca de forma muy directa poner en juego y ejercer el don de la libertad: de forma personal y como grupos sociales organizados. Se parte aqu\u00ed, de forma espec\u00edfica, de la convicci\u00f3n de que \u00abla libertad religiosa, exigencia insupri\u00admible de la dignidad de todo hombre, es piedra angular del edi\u00adficio de los derechos humanos y, por tanto, es un factor insusti\u00adtuible del bien de la persona y de toda la sociedad, as\u00ed como de la propia realizaci\u00f3n de cada uno\u00bb<span id='easy-footnote-17-129403' class='easy-footnote-margin-adjust'><\/span><span class='easy-footnote'><a href='http:\/\/vincentians.com\/es\/cristianos-laicos-y-signos-de-los-tiempos-7\/#easy-footnote-bottom-17-129403' title='Juan Pablo II, &lt;i&gt;ChL &lt;\/i&gt;39, en AAS 81 (1989), p. 465.'><sup>17<\/sup><\/a><\/span>.<\/p>\n<h3><i>2. Comprometidos en el mundo secularizado<\/i><\/h3>\n<p>2.1. La primera forma de compromiso cristiano en una socie\u00addad secular es, aunque parezca una paradoja y un compromiso excesivamente te\u00f3rico, el testimoniar, antes con los hechos ante todo pero tambi\u00e9n con las palabras, que la solidaridad humana tiene su fundamento \u00faltimo y m\u00e1s firme precisamente en el Man\u00addamiento cristiano del Amor<span id='easy-footnote-18-129403' class='easy-footnote-margin-adjust'><\/span><span class='easy-footnote'><a href='http:\/\/vincentians.com\/es\/cristianos-laicos-y-signos-de-los-tiempos-7\/#easy-footnote-bottom-18-129403' title='A mi parecer, este es el mensaje primero y principal que ha querido lan\u00adzar el Papa Benedicto XVI a toda la Iglesia al dedicar su primera Carta enc\u00ed\u00adclica precisamente al Dios Amor: &lt;i&gt;Deus caritas est. &lt;\/i&gt;Entre otros muchos comen\u00adtarios puede verse el de L. GONZ\u00c1LEZ-CARVAJAL SANTAB\u00c1RBARA, &lt;i&gt;Un Papa que entiende de amores, &lt;\/i&gt;en el Pliego de \u00abVida Nueva\u00bb, n. 2.524 (24 de junio de 2006).'><sup>18<\/sup><\/a><\/span>.<\/p>\n<p>Recordando las ense\u00f1anzas de Juan Pablo II hemos escrito en otro lugar que \u00aben un mundo que tiene como uno de los \u00absignos de los tiempos\u00bb la solidaridad, los laicos est\u00e1n llamados a inser\u00adtarse en el amplio campo de las iniciativas personales y grupales nacidas del hombre actual. Pero han de hacerlo desde un plante\u00adamiento abiertamente cristiano, es decir, desde el deber y el dere\u00adcho inalienable que tiene todo cristiano al &#8216;Mandamiento del Amor&#8217;; desde el convencimiento de que la caridad es el m\u00e1s alto don que el Esp\u00edritu ofrece para la edificaci\u00f3n de la Iglesia y del bien de la sociedad\u00bb<span id='easy-footnote-19-129403' class='easy-footnote-margin-adjust'><\/span><span class='easy-footnote'><a href='http:\/\/vincentians.com\/es\/cristianos-laicos-y-signos-de-los-tiempos-7\/#easy-footnote-bottom-19-129403' title='A. M. CALERO, &lt;i&gt;El laico en la Iglesia, &lt;\/i&gt;CCS, Madrid 1998&lt;sup&gt;2&lt;\/sup&gt;, p. 144. Cfr. &lt;i&gt;ChL &lt;\/i&gt;41 en AAS 81(1989), p. 471.'><sup>19<\/sup><\/a><\/span>.<\/p>\n<p>2.2. Un segundo \u00e1mbito de solidaridad (que existencialmente es el primero), es la Familia. En el supermercado social en que vive el hombre actual se ofrecen varios modelos de familia. Cada uno de ellos pretende realizar, a su forma, el concepto de familia. Es claro que el cristiano no puede imponer a nadie, y ni siquiera en la sociedad, su propio modelo de familia. Pero es igualmente claro, que, por hondo sentido de responsabilidad, los laicos cristia\u00adnos no pueden perder la propia identidad tampoco en el concepto y en la configuraci\u00f3n de familia como se ha vivido desde la misma tradici\u00f3n apost\u00f3lica. Lo ha puesto de relieve, de forma insistente e inequ\u00edvoca, el Papa Benedicto XVI en su reciente visita apost\u00f3li\u00adca a Valencia<span id='easy-footnote-20-129403' class='easy-footnote-margin-adjust'><\/span><span class='easy-footnote'><a href='http:\/\/vincentians.com\/es\/cristianos-laicos-y-signos-de-los-tiempos-7\/#easy-footnote-bottom-20-129403' title='Cfr. todas las intervenciones del Papa en \u00abVida Nueva\u00bb (Pliego: &lt;i&gt;Con las familias, en Valencia), &lt;\/i&gt;n. 2.527 (15 de julio de 2006), pp. 23-30.'><sup>20<\/sup><\/a><\/span>. En la Homil\u00eda de la Eucarist\u00eda conclusiva del V Encuentro Mundial de la Familia afirm\u00f3 el Papa que \u00abpara avan\u00adzar en el camino de madurez humana, la Iglesia nos ense\u00f1a a res\u00adpetar y promover la maravillosa realidad del matrimonio indisolu\u00adble entre un hombre y una mujer, que es, adem\u00e1s, el origen de la familia. Por eso, reconocer y ayudar a esta instituci\u00f3n es uno de los mayores servicios que se pueden prestar hoy d\u00eda al bien com\u00fan y al verdadero desarrollo de los hombres y de las sociedades, as\u00ed como la mejor garant\u00eda para asegurar la dignidad, la igualdad y la verdadera libertad de la persona humana\u00bb<span id='easy-footnote-21-129403' class='easy-footnote-margin-adjust'><\/span><span class='easy-footnote'><a href='http:\/\/vincentians.com\/es\/cristianos-laicos-y-signos-de-los-tiempos-7\/#easy-footnote-bottom-21-129403' title='Ver en \u00abVida Nueva\u00bb, 1.c., p. 29.'><sup>21<\/sup><\/a><\/span>. Ya en su d\u00eda hab\u00eda afirmado Juan Pablo II que \u00abel compromiso apost\u00f3lico de los fie\u00adles laicos con la familia es ante todo el de convencer a la misma familia de su identidad de primer n\u00facleo social de base y de su ori\u00adginal papel en la sociedad, para que se convierta cada vez m\u00e1s en <i>protagonista activa y responsable <\/i>del propio crecimiento y de la propia participaci\u00f3n en la vida social. De este modo, la familia podr\u00e1 y deber\u00e1 exigir a todos \u2014comenzando por las autoridades p\u00fablicas\u2014 el respeto a los derechos que, salvando la familia, salvan la misma sociedad\u00bb<span id='easy-footnote-22-129403' class='easy-footnote-margin-adjust'><\/span><span class='easy-footnote'><a href='http:\/\/vincentians.com\/es\/cristianos-laicos-y-signos-de-los-tiempos-7\/#easy-footnote-bottom-22-129403' title='&lt;i&gt;ChL &lt;\/i&gt;40, en AAS 81(1989), p. 469.'><sup>22<\/sup><\/a><\/span>.<\/p>\n<p>2.3. Un argumento que, con el andar del tiempo se ha conver\u00adtido en verdadero centro del hombre actual, m\u00e1s all\u00e1 del grado de formaci\u00f3n que tenga, m\u00e1s all\u00e1 del puesto que ocupe en una empresa, m\u00e1s all\u00e1 de los programas que tengan los partidos pol\u00ed\u00adticos, m\u00e1s all\u00e1 de los valores \u00e9ticos o morales por los que pueda moverse, es el tema de la econom\u00eda. Se puede afirmar que, en la actualidad, los problemas sociales dimanan o convergen en gran medida de los problemas que tienen como punto de referencia la econom\u00eda. En estrecha relaci\u00f3n con la econom\u00eda est\u00e1 el fen\u00f3me\u00adno de la progresiva deshumanizaci\u00f3n que se observa sobre todo en los pa\u00edses del llamado primer mundo. Pues bien, \u00aben el con\u00adtexto de las perturbadoras transformaciones que hoy se dan en el mundo de la econom\u00eda, <i>los laicos han de comprometerse en pri\u00admera fila, <\/i>a resolver los grav\u00edsimos problemas de la reciente des\u00adocupaci\u00f3n, a pelear por la m\u00e1s tempestiva superaci\u00f3n de nume\u00adrosas injusticias provenientes de deformadas organizaciones del trabajo, a convertir el lugar del trabajo en una comunidad de per\u00adsonas respetadas en su subjetividad y en su derecho a la partici\u00adpaci\u00f3n, a desarrollar nuevas formas de solidaridad entre quienes participan en el trabajo com\u00fan, a suscitar nuevas formas de ini\u00adciativa empresarial y a revisar los sistemas de comercio, de financiaci\u00f3n y de intercambios tecnol\u00f3gicos\u00bb<span id='easy-footnote-23-129403' class='easy-footnote-margin-adjust'><\/span><span class='easy-footnote'><a href='http:\/\/vincentians.com\/es\/cristianos-laicos-y-signos-de-los-tiempos-7\/#easy-footnote-bottom-23-129403' title='&lt;i&gt;ChL &lt;\/i&gt;43, en AAS 81(1989), pp. 476-477.'><sup>23<\/sup><\/a><\/span>.<\/p>\n<p>2.4. En esta misma l\u00ednea resulta l\u00f3gico y necesario, al mismo tiempo, recordar el testimonio de \u00e9tica y profesionalidad que est\u00e1n llamados a dar los laicos de forma irreprochable en el momento actual. Las palabras del Concilio Vaticano II a este pro\u00adp\u00f3sito siguen teniendo plena vigencia: \u00abCompeten a los laicos propiamente, aunque no exclusivamente, las tareas y el dinamis\u00admo seculares. Cuando act\u00faan, individual o colectivamente, como ciudadanos del mundo, <i>no solamente deben cumplir las leyes propias de cada disciplina, sino que deben esforzarse por adqui\u00adrir verdadera competencia en todos los campos. <\/i>Gustosos cola\u00adboren con quienes buscan id\u00e9nticos fines. Conscientes de las exi\u00adgencias de la fe y vigorizados con sus energ\u00edas, acometan sin vacilar, cuando sea necesario, nuevas iniciativas y ll\u00e9venlas a buen t\u00e9rmino\u00bb<span id='easy-footnote-24-129403' class='easy-footnote-margin-adjust'><\/span><span class='easy-footnote'><a href='http:\/\/vincentians.com\/es\/cristianos-laicos-y-signos-de-los-tiempos-7\/#easy-footnote-bottom-24-129403' title='&lt;i&gt;GS &lt;\/i&gt;43; cf. &lt;i&gt;GS &lt;\/i&gt;34.39; &lt;i&gt;LG &lt;\/i&gt;31.36; AA 7.13.'><sup>24<\/sup><\/a><\/span>.<\/p>\n<p>2.5. Finalmente, puesto que la sociedad se construye y trans\u00adforma inevitablemente desde unos planteamientos y desde unas estructuras pol\u00edticas, el laico cristiano no puede desentenderse de esta dimensi\u00f3n fundamental del hombre, \u00abanimal pol\u00edtico\u00bb seg\u00fan Arist\u00f3teles. Tambi\u00e9n sobre este argumento el Papa Juan Pablo II se manifest\u00f3 con un realismo y una contundencia dif\u00edciles de eludir. Dirigi\u00e9ndose a los laicos les recordaba que \u00abpara animar cristianamente el orden temporal, los fieles laicos <i>de ning\u00fan modo pueden abdicar de la participaci\u00f3n en la &#8216;pol\u00edtica&#8217;: <\/i>es decir, de la multiforme y variada acci\u00f3n econ\u00f3mica, social, legislativa, administrativa y cultural, destinada a promover org\u00e1nica e institucionalmente <i>el bien com\u00fan\u00bb. <\/i>Por eso, \u00ablas acusaciones de arribismo, de idolatr\u00eda del poder, de ego\u00edsmo y corrupci\u00f3n que con frecuencia son dirigidas a los hombres del gobierno, del parlamento, de la clase dominante, del partido pol\u00edtico, como tambi\u00e9n la difundida opini\u00f3n de que la pol\u00edtica sea un lugar necesario de peligro moral, no justifican lo m\u00e1s m\u00ednimo ni la ausencia ni el escepticismo de los cristianos en relaci\u00f3n con la cosa p\u00fablica\u00bb<span id='easy-footnote-25-129403' class='easy-footnote-margin-adjust'><\/span><span class='easy-footnote'><a href='http:\/\/vincentians.com\/es\/cristianos-laicos-y-signos-de-los-tiempos-7\/#easy-footnote-bottom-25-129403' title='&lt;i&gt;ChL &lt;\/i&gt;42, en AAS 81(1998), pp. 472-473.'><sup>25<\/sup><\/a><\/span>.<\/p>\n<p>Adem\u00e1s de los presentados aqu\u00ed, quedar\u00edan otros campos sobre los cuales han incidido o est\u00e1n llamados a incidir los \u00absig\u00adnos de los tiempos\u00bb con consecuencias concretas para la Iglesia en general y para los laicos en particular. Algunos de esos cam\u00adpos son: la forma de concebir y vivir la vocaci\u00f3n cristiana en una Iglesia en la que el sentido democr\u00e1tico est\u00e1 llamado a tener alg\u00fan valor; la preocupaci\u00f3n por el mundo de los pobres sobre todo en su dimensi\u00f3n promocional; la juventud como serio y trascendente problema pastoral; la vida cultual y sacramental como reto de participaci\u00f3n activa; el mundo de la cultura como interlocutor imprescindible para poder transmitir el mensaje del evangelio al hombre de hoy. Son otros tantos retos a los que ten\u00addr\u00e1 que dar respuesta sin dilaci\u00f3n.<\/p>\n<p><b>Conclusi\u00f3n. <\/b>Desde una perspectiva formalmente teol\u00f3gica los \u00absignos de los tiempos\u00bb ser\u00e1n verdadera voz de Dios para la Igle\u00adsia de cada momento hist\u00f3rico en la medida en que respondan:<\/p>\n<ul>\n<li>al sentido hondo de la creaci\u00f3n que encuentra en Cristo su origen y su fin \u00faltimo (cfr. Jn 1,3; Col 1,15-17) y que, por eso mismo, redunda en el verdadero bien del hombre.<\/li>\n<li>al sentido pleno de la Encamaci\u00f3n del Verbo de Dios, que garantiza la verdadera plenitud humana por el hecho de que asegura de forma objetiva \u2014sin mezcla, sin confusi\u00f3n, sin divisi\u00f3n y sin separaci\u00f3n\u2014, una cercan\u00eda objetiva personal (= en la persona) a Dios, horizonte y sentido \u00faltimo del hombre.<\/li>\n<li>al sentido global de la historia que encuentra su finalismo verdadero y definitivo en Cristo Resucitado el Hombre Nuevo, primicia de la Nueva Humanidad.<\/li>\n<\/ul>\n<p>Desde otras claves, estrictamente evang\u00e9licas, puede afir\u00admarse que los \u00absignos de los tiempos\u00bb son locuci\u00f3n y &#8216;signos de Dios&#8217; para la comunidad cristiana en la medida en que sirven y responden:<\/p>\n<ul>\n<li>al esp\u00edritu de las Bienaventuranzas.<\/li>\n<li>a la venida y construcci\u00f3n del Reino de Dios en este mundo.<\/li>\n<\/ul>\n<p>Por lo dem\u00e1s, la extensa reflexi\u00f3n teol\u00f3gica realizada, pone de relieve que la aceptaci\u00f3n por parte del Magisterio oficial de la Iglesia (Concilio Vaticano II, Juan XXIII, Pablo VI) de los \u00absig\u00adnos de los tiempos\u00bb como verdadero &#8216;lugar teol\u00f3gico&#8217;, conduce, ante todo, a la exigencia de actuar pastoralmente dando respues\u00adtas inteligibles, oportunas y eficaces al hombre contempor\u00e1neo. Debe asimismo renovar, desde una postura de fidelidad din\u00e1mi\u00adca, la &#8216;inteligencia de la fe&#8217;: a saber, los aspectos confesantes de la fe. Creer aqu\u00ed y ahora debe responder de forma concreta y tan\u00adgible al desaf\u00edo que experimenta el cristiano en este momento de la historia de la humanidad. Un desaf\u00edo que puede expresarse con la pregunta de c\u00f3mo ser perfectamente hombres de nuestro tiempo, y fervorosos y convencidos creyentes en Jesucristo; miem\u00adbros adultos y comprometidos en una Iglesia que es \u00aben Cristo, como un sacramento, o sea signo e instrumento de la uni\u00f3n \u00edntima con Dios y de la unidad de todo el g\u00e9nero humano\u00bb<span id='easy-footnote-26-129403' class='easy-footnote-margin-adjust'><\/span><span class='easy-footnote'><a href='http:\/\/vincentians.com\/es\/cristianos-laicos-y-signos-de-los-tiempos-7\/#easy-footnote-bottom-26-129403' title='&lt;i&gt;LG 1.&lt;\/i&gt;'><sup>26<\/sup><\/a><\/span>. La aceptaci\u00f3n de los \u00absignos de los tiempos\u00bb debe conducir, en particular, a la elaboraci\u00f3n de una teolog\u00eda &#8216;gen\u00e9ticamente pas\u00adtoral&#8217;: es decir, realizada a partir de una lectura asidua y atenta de los \u00absignos de los tiempos\u00bb vistos a la luz de los criterios ante\u00adriormente expuestos. Una teolog\u00eda pastoral que lleve a toda la Iglesia, especialmente a los laicos, a actuaciones pastorales que, adem\u00e1s de ser inteligibles para el hombre contempor\u00e1neo, sirvan con verdadera eficacia para la construcci\u00f3n del Reino de Dios aqu\u00ed y ahora.<\/p>\n","protected":false},"excerpt":{"rendered":"<p>VII. Algunos compromisos laicales frente a los \u00absignos de los tiempos\u00bb La percepci\u00f3n y aceptaci\u00f3n (cr\u00edtica) de los \u00absignos de los tiempos\u00bb ha significado, si no un verdadero revulsivo, s\u00ed un v\u00e1lido y poderoso catalizador &#8230; <a href=\"http:\/\/vincentians.com\/es\/cristianos-laicos-y-signos-de-los-tiempos-7\/\" class=\"more-link\">Read More<\/a><\/p>\n","protected":false},"author":4,"featured_media":400152,"comment_status":"open","ping_status":"open","sticky":false,"template":"","format":"standard","meta":{"jetpack_post_was_ever_published":false,"_jetpack_newsletter_access":"","_jetpack_dont_email_post_to_subs":false,"_jetpack_newsletter_tier_id":0,"_jetpack_memberships_contains_paywalled_content":false,"_jetpack_memberships_contains_paid_content":false,"footnotes":"","jetpack_publicize_message":"","jetpack_publicize_feature_enabled":true,"jetpack_social_post_already_shared":true,"jetpack_social_options":{"image_generator_settings":{"template":"highway","default_image_id":0,"font":"","enabled":false},"version":2}},"categories":[29],"tags":[],"class_list":["post-129403","post","type-post","status-publish","format-standard","has-post-thumbnail","hentry","category-formacion-cristiana"],"yoast_head":"<!-- This site is optimized with the Yoast SEO plugin v26.3 - https:\/\/yoast.com\/wordpress\/plugins\/seo\/ -->\n<title>Cristianos laicos y signos de los tiempos (7) - Somos Vicencianos<\/title>\n<meta name=\"robots\" content=\"index, follow, max-snippet:-1, max-image-preview:large, max-video-preview:-1\" \/>\n<link rel=\"canonical\" href=\"http:\/\/vincentians.com\/es\/cristianos-laicos-y-signos-de-los-tiempos-7\/\" \/>\n<meta property=\"og:locale\" content=\"es_ES\" \/>\n<meta property=\"og:type\" content=\"article\" \/>\n<meta property=\"og:title\" content=\"Cristianos laicos y signos de los tiempos (7) - Somos Vicencianos\" \/>\n<meta property=\"og:description\" content=\"VII. Algunos compromisos laicales frente a los \u00absignos de los tiempos\u00bb La percepci\u00f3n y aceptaci\u00f3n (cr\u00edtica) de los \u00absignos de los tiempos\u00bb ha significado, si no un verdadero revulsivo, s\u00ed un v\u00e1lido y poderoso catalizador ... Read More\" \/>\n<meta property=\"og:url\" content=\"http:\/\/vincentians.com\/es\/cristianos-laicos-y-signos-de-los-tiempos-7\/\" \/>\n<meta property=\"og:site_name\" content=\"Somos Vicencianos\" \/>\n<meta property=\"article:publisher\" content=\"https:\/\/www.facebook.com\/WeAreVincentians\/\" \/>\n<meta property=\"article:author\" content=\"https:\/\/www.facebook.com\/JavierChento\" \/>\n<meta property=\"article:published_time\" content=\"2024-12-29T07:26:51+00:00\" \/>\n<meta property=\"og:image\" content=\"https:\/\/i0.wp.com\/vincentians.com\/es\/wp-content\/uploads\/sites\/11\/2016\/10\/ranquines.jpg?fit=1200%2C630\" \/>\n\t<meta property=\"og:image:width\" content=\"1200\" \/>\n\t<meta property=\"og:image:height\" content=\"630\" \/>\n\t<meta property=\"og:image:type\" content=\"image\/jpeg\" \/>\n<meta name=\"author\" content=\"Francisco Javier Fern\u00e1ndez Chento\" \/>\n<meta name=\"twitter:card\" content=\"summary_large_image\" \/>\n<meta name=\"twitter:creator\" content=\"@https:\/\/twitter.com\/javierchento\" \/>\n<meta name=\"twitter:site\" content=\"@WeVincentians\" \/>\n<meta name=\"twitter:label1\" content=\"Escrito por\" \/>\n\t<meta name=\"twitter:data1\" content=\"Francisco Javier Fern\u00e1ndez Chento\" \/>\n\t<meta name=\"twitter:label2\" content=\"Tiempo de lectura\" \/>\n\t<meta name=\"twitter:data2\" content=\"17 minutos\" \/>\n<script type=\"application\/ld+json\" class=\"yoast-schema-graph\">{\"@context\":\"https:\/\/schema.org\",\"@graph\":[{\"@type\":\"Article\",\"@id\":\"http:\/\/vincentians.com\/es\/cristianos-laicos-y-signos-de-los-tiempos-7\/#article\",\"isPartOf\":{\"@id\":\"http:\/\/vincentians.com\/es\/cristianos-laicos-y-signos-de-los-tiempos-7\/\"},\"author\":{\"name\":\"Francisco Javier Fern\u00e1ndez Chento\",\"@id\":\"http:\/\/vincentians.com\/es\/#\/schema\/person\/9623ef4d9aa3b2dfb8c061f1499288f2\"},\"headline\":\"Cristianos laicos y signos de los tiempos (7)\",\"datePublished\":\"2024-12-29T07:26:51+00:00\",\"mainEntityOfPage\":{\"@id\":\"http:\/\/vincentians.com\/es\/cristianos-laicos-y-signos-de-los-tiempos-7\/\"},\"wordCount\":3948,\"commentCount\":0,\"publisher\":{\"@id\":\"http:\/\/vincentians.com\/es\/#organization\"},\"image\":{\"@id\":\"http:\/\/vincentians.com\/es\/cristianos-laicos-y-signos-de-los-tiempos-7\/#primaryimage\"},\"thumbnailUrl\":\"https:\/\/i0.wp.com\/vincentians.com\/es\/wp-content\/uploads\/sites\/11\/2016\/10\/ranquines.jpg?fit=1200%2C630\",\"articleSection\":[\"Formaci\u00f3n Cristiana\"],\"inLanguage\":\"es\",\"potentialAction\":[{\"@type\":\"CommentAction\",\"name\":\"Comment\",\"target\":[\"http:\/\/vincentians.com\/es\/cristianos-laicos-y-signos-de-los-tiempos-7\/#respond\"]}]},{\"@type\":\"WebPage\",\"@id\":\"http:\/\/vincentians.com\/es\/cristianos-laicos-y-signos-de-los-tiempos-7\/\",\"url\":\"http:\/\/vincentians.com\/es\/cristianos-laicos-y-signos-de-los-tiempos-7\/\",\"name\":\"Cristianos laicos y signos de los tiempos (7) - Somos Vicencianos\",\"isPartOf\":{\"@id\":\"http:\/\/vincentians.com\/es\/#website\"},\"primaryImageOfPage\":{\"@id\":\"http:\/\/vincentians.com\/es\/cristianos-laicos-y-signos-de-los-tiempos-7\/#primaryimage\"},\"image\":{\"@id\":\"http:\/\/vincentians.com\/es\/cristianos-laicos-y-signos-de-los-tiempos-7\/#primaryimage\"},\"thumbnailUrl\":\"https:\/\/i0.wp.com\/vincentians.com\/es\/wp-content\/uploads\/sites\/11\/2016\/10\/ranquines.jpg?fit=1200%2C630\",\"datePublished\":\"2024-12-29T07:26:51+00:00\",\"breadcrumb\":{\"@id\":\"http:\/\/vincentians.com\/es\/cristianos-laicos-y-signos-de-los-tiempos-7\/#breadcrumb\"},\"inLanguage\":\"es\",\"potentialAction\":[{\"@type\":\"ReadAction\",\"target\":[\"http:\/\/vincentians.com\/es\/cristianos-laicos-y-signos-de-los-tiempos-7\/\"]}]},{\"@type\":\"ImageObject\",\"inLanguage\":\"es\",\"@id\":\"http:\/\/vincentians.com\/es\/cristianos-laicos-y-signos-de-los-tiempos-7\/#primaryimage\",\"url\":\"https:\/\/i0.wp.com\/vincentians.com\/es\/wp-content\/uploads\/sites\/11\/2016\/10\/ranquines.jpg?fit=1200%2C630\",\"contentUrl\":\"https:\/\/i0.wp.com\/vincentians.com\/es\/wp-content\/uploads\/sites\/11\/2016\/10\/ranquines.jpg?fit=1200%2C630\",\"width\":1200,\"height\":630},{\"@type\":\"BreadcrumbList\",\"@id\":\"http:\/\/vincentians.com\/es\/cristianos-laicos-y-signos-de-los-tiempos-7\/#breadcrumb\",\"itemListElement\":[{\"@type\":\"ListItem\",\"position\":1,\"name\":\"Portada\",\"item\":\"http:\/\/vincentians.com\/es\/\"},{\"@type\":\"ListItem\",\"position\":2,\"name\":\"Cristianos laicos y signos de los tiempos (7)\"}]},{\"@type\":\"WebSite\",\"@id\":\"http:\/\/vincentians.com\/es\/#website\",\"url\":\"http:\/\/vincentians.com\/es\/\",\"name\":\"Somos Vicencianos\",\"description\":\"Know more to serve more\",\"publisher\":{\"@id\":\"http:\/\/vincentians.com\/es\/#organization\"},\"potentialAction\":[{\"@type\":\"SearchAction\",\"target\":{\"@type\":\"EntryPoint\",\"urlTemplate\":\"http:\/\/vincentians.com\/es\/?s={search_term_string}\"},\"query-input\":{\"@type\":\"PropertyValueSpecification\",\"valueRequired\":true,\"valueName\":\"search_term_string\"}}],\"inLanguage\":\"es\"},{\"@type\":\"Organization\",\"@id\":\"http:\/\/vincentians.com\/es\/#organization\",\"name\":\"The Vincentian Network\",\"url\":\"http:\/\/vincentians.com\/es\/\",\"logo\":{\"@type\":\"ImageObject\",\"inLanguage\":\"es\",\"@id\":\"http:\/\/vincentians.com\/es\/#\/schema\/logo\/image\/\",\"url\":\"https:\/\/i1.wp.com\/vincentians.com\/es\/wp-content\/uploads\/sites\/11\/2016\/06\/Vincentian-Network-logo-big.png?fit=778%2C778\",\"contentUrl\":\"https:\/\/i1.wp.com\/vincentians.com\/es\/wp-content\/uploads\/sites\/11\/2016\/06\/Vincentian-Network-logo-big.png?fit=778%2C778\",\"width\":778,\"height\":778,\"caption\":\"The Vincentian Network\"},\"image\":{\"@id\":\"http:\/\/vincentians.com\/es\/#\/schema\/logo\/image\/\"},\"sameAs\":[\"https:\/\/www.facebook.com\/WeAreVincentians\/\",\"https:\/\/x.com\/WeVincentians\"]},{\"@type\":\"Person\",\"@id\":\"http:\/\/vincentians.com\/es\/#\/schema\/person\/9623ef4d9aa3b2dfb8c061f1499288f2\",\"name\":\"Francisco Javier Fern\u00e1ndez Chento\",\"image\":{\"@type\":\"ImageObject\",\"inLanguage\":\"es\",\"@id\":\"http:\/\/vincentians.com\/es\/#\/schema\/person\/image\/\",\"url\":\"https:\/\/secure.gravatar.com\/avatar\/497d5cde87b4c3d097d0315953521681ba2cd523ee66e5077c3711f7021e65de?s=96&d=mm&r=g\",\"contentUrl\":\"https:\/\/secure.gravatar.com\/avatar\/497d5cde87b4c3d097d0315953521681ba2cd523ee66e5077c3711f7021e65de?s=96&d=mm&r=g\",\"caption\":\"Francisco Javier Fern\u00e1ndez Chento\"},\"description\":\"Director General y cofundador de La Red de Formaci\u00f3n Vicenciana. Javier es laico vicenciano, afiliado a la Congregaci\u00f3n de la Misi\u00f3n y miembro del Equipo de Misiones Populares de la provincia can\u00f3nica de Zaragoza (Espa\u00f1a) de la Congregaci\u00f3n de la Misi\u00f3n. Graduado en la Universidad Oberta de Catalunya con cuatro grados (Asistente de direcci\u00f3n, Gesti\u00f3n Administrativa, Recursos Humanos y Contabilidad Avanzada). Bil\u00edng\u00fce Espa\u00f1ol\/Ingl\u00e9s. gestiona y mantiene varias p\u00e1ginas web cristianas y vicencianas, incluida including La Red de Formaci\u00f3n Vicenciana, de la que es cofundador. Actualmente es responsable del \u00e1rea de Espa\u00f1ol de .famvin, la Red de Noticias de la Familia Vicenciana. Tambi\u00e9n es m\u00fasico cat\u00f3lico y ha editado varios discos. Es Director General y cofundador de Trovador, una reconocida compa\u00f1\u00eda discogr\u00e1fica critiana de Espa\u00f1a. Trabaja en las Tecnolog\u00edas de la Informaci\u00f3n, ofreciendo servicios de alojamiento, dise\u00f1o y mantenimiento Web, as\u00ed como asesoramiento, formaci\u00f3n y soluciones inform\u00e1ticas, gesti\u00f3n documental y digitalizaci\u00f3n de textos, edici\u00f3n y maquetaci\u00f3n de libros, revistas, flyers, etc.\",\"sameAs\":[\"http:\/\/chento.org\",\"https:\/\/www.facebook.com\/JavierChento\",\"https:\/\/x.com\/https:\/\/twitter.com\/javierchento\"],\"url\":\"http:\/\/vincentians.com\/es\/author\/chento\/\"}]}<\/script>\n<!-- \/ Yoast SEO plugin. -->","yoast_head_json":{"title":"Cristianos laicos y signos de los tiempos (7) - Somos Vicencianos","robots":{"index":"index","follow":"follow","max-snippet":"max-snippet:-1","max-image-preview":"max-image-preview:large","max-video-preview":"max-video-preview:-1"},"canonical":"http:\/\/vincentians.com\/es\/cristianos-laicos-y-signos-de-los-tiempos-7\/","og_locale":"es_ES","og_type":"article","og_title":"Cristianos laicos y signos de los tiempos (7) - Somos Vicencianos","og_description":"VII. Algunos compromisos laicales frente a los \u00absignos de los tiempos\u00bb La percepci\u00f3n y aceptaci\u00f3n (cr\u00edtica) de los \u00absignos de los tiempos\u00bb ha significado, si no un verdadero revulsivo, s\u00ed un v\u00e1lido y poderoso catalizador ... Read More","og_url":"http:\/\/vincentians.com\/es\/cristianos-laicos-y-signos-de-los-tiempos-7\/","og_site_name":"Somos Vicencianos","article_publisher":"https:\/\/www.facebook.com\/WeAreVincentians\/","article_author":"https:\/\/www.facebook.com\/JavierChento","article_published_time":"2024-12-29T07:26:51+00:00","og_image":[{"width":1200,"height":630,"url":"https:\/\/i0.wp.com\/vincentians.com\/es\/wp-content\/uploads\/sites\/11\/2016\/10\/ranquines.jpg?fit=1200%2C630","type":"image\/jpeg"}],"author":"Francisco Javier Fern\u00e1ndez Chento","twitter_card":"summary_large_image","twitter_creator":"@https:\/\/twitter.com\/javierchento","twitter_site":"@WeVincentians","twitter_misc":{"Escrito por":"Francisco Javier Fern\u00e1ndez Chento","Tiempo de lectura":"17 minutos"},"schema":{"@context":"https:\/\/schema.org","@graph":[{"@type":"Article","@id":"http:\/\/vincentians.com\/es\/cristianos-laicos-y-signos-de-los-tiempos-7\/#article","isPartOf":{"@id":"http:\/\/vincentians.com\/es\/cristianos-laicos-y-signos-de-los-tiempos-7\/"},"author":{"name":"Francisco Javier Fern\u00e1ndez Chento","@id":"http:\/\/vincentians.com\/es\/#\/schema\/person\/9623ef4d9aa3b2dfb8c061f1499288f2"},"headline":"Cristianos laicos y signos de los tiempos (7)","datePublished":"2024-12-29T07:26:51+00:00","mainEntityOfPage":{"@id":"http:\/\/vincentians.com\/es\/cristianos-laicos-y-signos-de-los-tiempos-7\/"},"wordCount":3948,"commentCount":0,"publisher":{"@id":"http:\/\/vincentians.com\/es\/#organization"},"image":{"@id":"http:\/\/vincentians.com\/es\/cristianos-laicos-y-signos-de-los-tiempos-7\/#primaryimage"},"thumbnailUrl":"https:\/\/i0.wp.com\/vincentians.com\/es\/wp-content\/uploads\/sites\/11\/2016\/10\/ranquines.jpg?fit=1200%2C630","articleSection":["Formaci\u00f3n Cristiana"],"inLanguage":"es","potentialAction":[{"@type":"CommentAction","name":"Comment","target":["http:\/\/vincentians.com\/es\/cristianos-laicos-y-signos-de-los-tiempos-7\/#respond"]}]},{"@type":"WebPage","@id":"http:\/\/vincentians.com\/es\/cristianos-laicos-y-signos-de-los-tiempos-7\/","url":"http:\/\/vincentians.com\/es\/cristianos-laicos-y-signos-de-los-tiempos-7\/","name":"Cristianos laicos y signos de los tiempos (7) - Somos Vicencianos","isPartOf":{"@id":"http:\/\/vincentians.com\/es\/#website"},"primaryImageOfPage":{"@id":"http:\/\/vincentians.com\/es\/cristianos-laicos-y-signos-de-los-tiempos-7\/#primaryimage"},"image":{"@id":"http:\/\/vincentians.com\/es\/cristianos-laicos-y-signos-de-los-tiempos-7\/#primaryimage"},"thumbnailUrl":"https:\/\/i0.wp.com\/vincentians.com\/es\/wp-content\/uploads\/sites\/11\/2016\/10\/ranquines.jpg?fit=1200%2C630","datePublished":"2024-12-29T07:26:51+00:00","breadcrumb":{"@id":"http:\/\/vincentians.com\/es\/cristianos-laicos-y-signos-de-los-tiempos-7\/#breadcrumb"},"inLanguage":"es","potentialAction":[{"@type":"ReadAction","target":["http:\/\/vincentians.com\/es\/cristianos-laicos-y-signos-de-los-tiempos-7\/"]}]},{"@type":"ImageObject","inLanguage":"es","@id":"http:\/\/vincentians.com\/es\/cristianos-laicos-y-signos-de-los-tiempos-7\/#primaryimage","url":"https:\/\/i0.wp.com\/vincentians.com\/es\/wp-content\/uploads\/sites\/11\/2016\/10\/ranquines.jpg?fit=1200%2C630","contentUrl":"https:\/\/i0.wp.com\/vincentians.com\/es\/wp-content\/uploads\/sites\/11\/2016\/10\/ranquines.jpg?fit=1200%2C630","width":1200,"height":630},{"@type":"BreadcrumbList","@id":"http:\/\/vincentians.com\/es\/cristianos-laicos-y-signos-de-los-tiempos-7\/#breadcrumb","itemListElement":[{"@type":"ListItem","position":1,"name":"Portada","item":"http:\/\/vincentians.com\/es\/"},{"@type":"ListItem","position":2,"name":"Cristianos laicos y signos de los tiempos (7)"}]},{"@type":"WebSite","@id":"http:\/\/vincentians.com\/es\/#website","url":"http:\/\/vincentians.com\/es\/","name":"Somos Vicencianos","description":"Know more to serve more","publisher":{"@id":"http:\/\/vincentians.com\/es\/#organization"},"potentialAction":[{"@type":"SearchAction","target":{"@type":"EntryPoint","urlTemplate":"http:\/\/vincentians.com\/es\/?s={search_term_string}"},"query-input":{"@type":"PropertyValueSpecification","valueRequired":true,"valueName":"search_term_string"}}],"inLanguage":"es"},{"@type":"Organization","@id":"http:\/\/vincentians.com\/es\/#organization","name":"The Vincentian Network","url":"http:\/\/vincentians.com\/es\/","logo":{"@type":"ImageObject","inLanguage":"es","@id":"http:\/\/vincentians.com\/es\/#\/schema\/logo\/image\/","url":"https:\/\/i1.wp.com\/vincentians.com\/es\/wp-content\/uploads\/sites\/11\/2016\/06\/Vincentian-Network-logo-big.png?fit=778%2C778","contentUrl":"https:\/\/i1.wp.com\/vincentians.com\/es\/wp-content\/uploads\/sites\/11\/2016\/06\/Vincentian-Network-logo-big.png?fit=778%2C778","width":778,"height":778,"caption":"The Vincentian Network"},"image":{"@id":"http:\/\/vincentians.com\/es\/#\/schema\/logo\/image\/"},"sameAs":["https:\/\/www.facebook.com\/WeAreVincentians\/","https:\/\/x.com\/WeVincentians"]},{"@type":"Person","@id":"http:\/\/vincentians.com\/es\/#\/schema\/person\/9623ef4d9aa3b2dfb8c061f1499288f2","name":"Francisco Javier Fern\u00e1ndez Chento","image":{"@type":"ImageObject","inLanguage":"es","@id":"http:\/\/vincentians.com\/es\/#\/schema\/person\/image\/","url":"https:\/\/secure.gravatar.com\/avatar\/497d5cde87b4c3d097d0315953521681ba2cd523ee66e5077c3711f7021e65de?s=96&d=mm&r=g","contentUrl":"https:\/\/secure.gravatar.com\/avatar\/497d5cde87b4c3d097d0315953521681ba2cd523ee66e5077c3711f7021e65de?s=96&d=mm&r=g","caption":"Francisco Javier Fern\u00e1ndez Chento"},"description":"Director General y cofundador de La Red de Formaci\u00f3n Vicenciana. Javier es laico vicenciano, afiliado a la Congregaci\u00f3n de la Misi\u00f3n y miembro del Equipo de Misiones Populares de la provincia can\u00f3nica de Zaragoza (Espa\u00f1a) de la Congregaci\u00f3n de la Misi\u00f3n. Graduado en la Universidad Oberta de Catalunya con cuatro grados (Asistente de direcci\u00f3n, Gesti\u00f3n Administrativa, Recursos Humanos y Contabilidad Avanzada). Bil\u00edng\u00fce Espa\u00f1ol\/Ingl\u00e9s. gestiona y mantiene varias p\u00e1ginas web cristianas y vicencianas, incluida including La Red de Formaci\u00f3n Vicenciana, de la que es cofundador. Actualmente es responsable del \u00e1rea de Espa\u00f1ol de .famvin, la Red de Noticias de la Familia Vicenciana. Tambi\u00e9n es m\u00fasico cat\u00f3lico y ha editado varios discos. Es Director General y cofundador de Trovador, una reconocida compa\u00f1\u00eda discogr\u00e1fica critiana de Espa\u00f1a. Trabaja en las Tecnolog\u00edas de la Informaci\u00f3n, ofreciendo servicios de alojamiento, dise\u00f1o y mantenimiento Web, as\u00ed como asesoramiento, formaci\u00f3n y soluciones inform\u00e1ticas, gesti\u00f3n documental y digitalizaci\u00f3n de textos, edici\u00f3n y maquetaci\u00f3n de libros, revistas, flyers, etc.","sameAs":["http:\/\/chento.org","https:\/\/www.facebook.com\/JavierChento","https:\/\/x.com\/https:\/\/twitter.com\/javierchento"],"url":"http:\/\/vincentians.com\/es\/author\/chento\/"}]}},"jetpack_publicize_connections":[],"jetpack_featured_media_url":"https:\/\/i0.wp.com\/vincentians.com\/es\/wp-content\/uploads\/sites\/11\/2016\/10\/ranquines.jpg?fit=1200%2C630","jetpack_sharing_enabled":true,"jetpack_shortlink":"https:\/\/wp.me\/p7ETMF-xF9","jetpack-related-posts":[{"id":128875,"url":"http:\/\/vincentians.com\/es\/cristianos-laicos-y-signos-de-los-tiempos-3\/","url_meta":{"origin":129403,"position":0},"title":"Cristianos laicos y signos de los tiempos (3)","author":"Francisco Javier Fern\u00e1ndez Chento","date":"13\/11\/2024","format":false,"excerpt":"III. El Vaticano II frente a los \"signos de los tiempos\" Juan XXIII al convocar el Concilio Vaticano II se propuso realizar una \"puesta al d\u00eda\" de la Iglesia (\"aggiornamento\") tenien\u00addo como punto de referencia no solo los valores y pautas del Evangelio, sino tambi\u00e9n y de forma muy especial,\u2026","rel":"","context":"En \u00abFormaci\u00f3n Cristiana\u00bb","block_context":{"text":"Formaci\u00f3n Cristiana","link":"http:\/\/vincentians.com\/es\/category\/formacion-cristiana\/"},"img":{"alt_text":"","src":"https:\/\/i0.wp.com\/vincentians.com\/es\/wp-content\/uploads\/sites\/11\/2013\/05\/Cuba-Iglesia-de-La-Milagrosa-La-Habana.png?fit=1200%2C919&resize=350%2C200","width":350,"height":200,"srcset":"https:\/\/i0.wp.com\/vincentians.com\/es\/wp-content\/uploads\/sites\/11\/2013\/05\/Cuba-Iglesia-de-La-Milagrosa-La-Habana.png?fit=1200%2C919&resize=350%2C200 1x, https:\/\/i0.wp.com\/vincentians.com\/es\/wp-content\/uploads\/sites\/11\/2013\/05\/Cuba-Iglesia-de-La-Milagrosa-La-Habana.png?fit=1200%2C919&resize=525%2C300 1.5x, https:\/\/i0.wp.com\/vincentians.com\/es\/wp-content\/uploads\/sites\/11\/2013\/05\/Cuba-Iglesia-de-La-Milagrosa-La-Habana.png?fit=1200%2C919&resize=700%2C400 2x, https:\/\/i0.wp.com\/vincentians.com\/es\/wp-content\/uploads\/sites\/11\/2013\/05\/Cuba-Iglesia-de-La-Milagrosa-La-Habana.png?fit=1200%2C919&resize=1050%2C600 3x"},"classes":[]},{"id":129204,"url":"http:\/\/vincentians.com\/es\/cristianos-laicos-y-signos-de-los-tiempos-6\/","url_meta":{"origin":129403,"position":1},"title":"Cristianos laicos y signos de los tiempos (6)","author":"Francisco Javier Fern\u00e1ndez Chento","date":"15\/12\/2024","format":false,"excerpt":"VI. Criterios de discernimiento Durante siglos, la Escritura y la Tradici\u00f3n (con may\u00fascula), han sido las 'canteras de datos' fundamentales y principales para el quehacer teol\u00f3gico. Pero, dado el espectacular y decisivo giro antropol\u00f3gico experimentado en todos los \u00e1mbitos del saber (y la teolog\u00eda es un saber), las ciencias del\u2026","rel":"","context":"En \u00abFormaci\u00f3n Cristiana\u00bb","block_context":{"text":"Formaci\u00f3n Cristiana","link":"http:\/\/vincentians.com\/es\/category\/formacion-cristiana\/"},"img":{"alt_text":"","src":"https:\/\/i0.wp.com\/vincentians.com\/es\/wp-content\/uploads\/sites\/11\/2023\/08\/aa.jpeg?fit=1152%2C648&resize=350%2C200","width":350,"height":200,"srcset":"https:\/\/i0.wp.com\/vincentians.com\/es\/wp-content\/uploads\/sites\/11\/2023\/08\/aa.jpeg?fit=1152%2C648&resize=350%2C200 1x, https:\/\/i0.wp.com\/vincentians.com\/es\/wp-content\/uploads\/sites\/11\/2023\/08\/aa.jpeg?fit=1152%2C648&resize=525%2C300 1.5x, https:\/\/i0.wp.com\/vincentians.com\/es\/wp-content\/uploads\/sites\/11\/2023\/08\/aa.jpeg?fit=1152%2C648&resize=700%2C400 2x, https:\/\/i0.wp.com\/vincentians.com\/es\/wp-content\/uploads\/sites\/11\/2023\/08\/aa.jpeg?fit=1152%2C648&resize=1050%2C600 3x"},"classes":[]},{"id":128870,"url":"http:\/\/vincentians.com\/es\/cristianos-laicos-y-signos-de-los-tiempos-2\/","url_meta":{"origin":129403,"position":2},"title":"Cristianos laicos y signos de los tiempos (2)","author":"Francisco Javier Fern\u00e1ndez Chento","date":"01\/11\/2024","format":false,"excerpt":"II. Hacia una definici\u00f3n o descripci\u00f3n de los \"Signos de los tiempos\" El lenguaje de los \"signos\" en la cultura del icono En nuestros d\u00edas estamos ante un progresivo resurgir del inte\u00adr\u00e9s por lo simb\u00f3lico, en una sociedad que, desde el punto de vista cultural, se define \"ic\u00f3nica\". Existe una\u2026","rel":"","context":"En \u00abFormaci\u00f3n Cristiana\u00bb","block_context":{"text":"Formaci\u00f3n Cristiana","link":"http:\/\/vincentians.com\/es\/category\/formacion-cristiana\/"},"img":{"alt_text":"","src":"https:\/\/i0.wp.com\/vincentians.com\/es\/wp-content\/uploads\/sites\/11\/2023\/08\/aa.jpg?fit=848%2C565&resize=350%2C200","width":350,"height":200,"srcset":"https:\/\/i0.wp.com\/vincentians.com\/es\/wp-content\/uploads\/sites\/11\/2023\/08\/aa.jpg?fit=848%2C565&resize=350%2C200 1x, https:\/\/i0.wp.com\/vincentians.com\/es\/wp-content\/uploads\/sites\/11\/2023\/08\/aa.jpg?fit=848%2C565&resize=525%2C300 1.5x, https:\/\/i0.wp.com\/vincentians.com\/es\/wp-content\/uploads\/sites\/11\/2023\/08\/aa.jpg?fit=848%2C565&resize=700%2C400 2x"},"classes":[]},{"id":37820,"url":"http:\/\/vincentians.com\/es\/la-mision-vicentina-del-manana\/","url_meta":{"origin":129403,"position":3},"title":"La misi\u00f3n vicentina del ma\u00f1ana","author":"Francisco Javier Fern\u00e1ndez Chento","date":"27\/07\/2014","format":false,"excerpt":"Introducci\u00f3n Para un servidor, es un privilegio el poder compartir con ustedes, queridos lectores, unas reflexiones sobre la misi\u00f3n vicentina del ma\u00f1ana. Lo hago como misionero vicentino que ha vivido la her\u00admosa experiencia de las misiones populares en mi tierra natal. Este art\u00edculo tiene tres partes. La primera se refiere\u2026","rel":"","context":"En \u00abMisiones \u00abAd gentes\u00bb\u00bb","block_context":{"text":"Misiones \u00abAd gentes\u00bb","link":"http:\/\/vincentians.com\/es\/category\/servicios-y-ministerios\/misiones-ad-gentes\/"},"img":{"alt_text":"","src":"https:\/\/i0.wp.com\/vicencianos.org\/wp-content\/2011\/05\/mision_de_manyana-226x300.jpg?resize=350%2C200","width":350,"height":200},"classes":[]},{"id":121858,"url":"http:\/\/vincentians.com\/es\/enciclica-sollicitudo-rei-socialis\/","url_meta":{"origin":129403,"position":4},"title":"Enc\u00edclica &quot;Sollicitudo rei socialis&quot;","author":"Francisco Javier Fern\u00e1ndez Chento","date":"04\/05\/2013","format":false,"excerpt":"\"Sollicitudo rei socialis\" al cumplirse el vig\u00e9simo aniversario de la Populorum Progressio 1987.12.30 Bendici\u00f3n Venerables Hermanos, amad\u00edsimos Hijos e Hijas: salud y Bendici\u00f3n Apost\u00f3lica I.\u2014 Introducci\u00f3n 1. La preocupaci\u00f3n social de la Iglesia, orientada al desarrollo aut\u00e9ntico del hombre y de la sociedad, que respete y promueva en toda su\u2026","rel":"","context":"En \u00abDoctrina Social de la Iglesia\u00bb","block_context":{"text":"Doctrina Social de la Iglesia","link":"http:\/\/vincentians.com\/es\/category\/formacion-cristiana\/doctrina-social-de-la-iglesia\/"},"img":{"alt_text":"POPE JOHN PAUL II SEEN IN IMAGE RELEASED BY POSTULATION OF SAINTHOOD CAUSE","src":"https:\/\/i0.wp.com\/vicencianos.org\/wp-content\/2013\/05\/juan_pablo_ii-212x300.jpg?resize=350%2C200","width":350,"height":200},"classes":[]},{"id":26166,"url":"http:\/\/vincentians.com\/es\/ser-cristianos-en-un-estado-laico-01-libertad-religiosa\/","url_meta":{"origin":129403,"position":5},"title":"Ser cristianos en un estado laico. 01. Libertad Religiosa","author":"Francisco Javier Fern\u00e1ndez Chento","date":"01\/05\/2013","format":false,"excerpt":"Audio de la charla Duraci\u00f3n: 40 minutos http:\/\/vicencianos.org\/wp-content\/carvajal2010\/carvajal_2010_charla01.mp3 Esquema de la Charla 1. TOLERANCIA E INTOLERANCIA EN LA HISTORIA DE LA IGLESIA. 1.1. Los cristianos reivindicaron la libertad religiosa cuando el Estado era hostil. 1.2. Pero, a partir del momento en que aparecieron los emperadores cristianos, la actitud de la\u2026","rel":"","context":"En \u00abFormaci\u00f3n Cristiana\u00bb","block_context":{"text":"Formaci\u00f3n Cristiana","link":"http:\/\/vincentians.com\/es\/category\/formacion-cristiana\/"},"img":{"alt_text":"","src":"https:\/\/i0.wp.com\/vicencianos.org\/wp-content\/2011\/01\/gonzalez_carvajal-238x300.jpg?resize=350%2C200","width":350,"height":200},"classes":[]}],"_links":{"self":[{"href":"http:\/\/vincentians.com\/es\/wp-json\/wp\/v2\/posts\/129403","targetHints":{"allow":["GET"]}}],"collection":[{"href":"http:\/\/vincentians.com\/es\/wp-json\/wp\/v2\/posts"}],"about":[{"href":"http:\/\/vincentians.com\/es\/wp-json\/wp\/v2\/types\/post"}],"author":[{"embeddable":true,"href":"http:\/\/vincentians.com\/es\/wp-json\/wp\/v2\/users\/4"}],"replies":[{"embeddable":true,"href":"http:\/\/vincentians.com\/es\/wp-json\/wp\/v2\/comments?post=129403"}],"version-history":[{"count":2,"href":"http:\/\/vincentians.com\/es\/wp-json\/wp\/v2\/posts\/129403\/revisions"}],"predecessor-version":[{"id":405558,"href":"http:\/\/vincentians.com\/es\/wp-json\/wp\/v2\/posts\/129403\/revisions\/405558"}],"wp:featuredmedia":[{"embeddable":true,"href":"http:\/\/vincentians.com\/es\/wp-json\/wp\/v2\/media\/400152"}],"wp:attachment":[{"href":"http:\/\/vincentians.com\/es\/wp-json\/wp\/v2\/media?parent=129403"}],"wp:term":[{"taxonomy":"category","embeddable":true,"href":"http:\/\/vincentians.com\/es\/wp-json\/wp\/v2\/categories?post=129403"},{"taxonomy":"post_tag","embeddable":true,"href":"http:\/\/vincentians.com\/es\/wp-json\/wp\/v2\/tags?post=129403"}],"curies":[{"name":"wp","href":"https:\/\/api.w.org\/{rel}","templated":true}]}}