{"id":12897,"date":"2010-03-21T00:01:53","date_gmt":"2010-03-20T23:01:53","guid":{"rendered":"http:\/\/www.vicencianos.org\/web\/2010\/03\/21\/vicente-de-paul-documento-103-primera-suplica-en-1627-de-aprobacion-de-la-mision-dirigida-al-papa-urbano-vlll\/"},"modified":"2016-07-26T19:51:05","modified_gmt":"2016-07-26T17:51:05","slug":"vicente-de-paul-documento-103-primera-suplica-en-1627-de-aprobacion-de-la-mision-dirigida-al-papa-urbano-vlll","status":"publish","type":"post","link":"http:\/\/vincentians.com\/es\/vicente-de-paul-documento-103-primera-suplica-en-1627-de-aprobacion-de-la-mision-dirigida-al-papa-urbano-vlll\/","title":{"rendered":"Vicente de Pa\u00fal, Documento 103: Primera Suplica En 1627 De Aprobacion De La Mision Dirigida Al Papa Urbano Vlll"},"content":{"rendered":"[1627]\n<p>Beat\u00edsimo Padre.<\/p>\n<p>Felipe Manuel de Gondi, conde de Joigny, General de las Galeras de Francia y Francisca Margarita de Silly, su mujer, de feliz memoria, habiendo procurado, hace ya algunos a\u00f1os, que algunos sacerdotes, celosos de la salvaci\u00f3n de las almas, fueran con licencia del Ordinario, a dar misiones al campo para convertir herejes, instruir a los fieles y mover a penitencia a los pecadores, habi\u00e9ndose experimentado el gran fruto que de esto se obten\u00eda y con el fin de que una Obra tan santa y fructuosa se pudiera perpetuar, han dado 20.000 escudos de oro y algunos m\u00e1s de sus bienes para que los dichos sacerdotes tuvieran medios y facilidades mientras se emplean en estos santos ejercicios y no resulten gravosos a los curas, parroquias y lugares a los que sean enviados. Y porque es conocido el celo, prudencia, doctrina y capacidad del reverendo Vicente de Pa\u00fal, sacerdote de la di\u00f3cesis de Acqs, para las misiones, han querido que el gobierno y administraci\u00f3n de los frutos de dicha suma de 20.000 escudos de oro se le conf\u00ede a \u00e9l para que los distribuya entre los misioneros conforme a sus necesidades; lo cual, de dos a\u00f1os a esta parte, lo ha hecho con gran \u00e9xito del dicho Vicente y mantiene a dichos sacerdotes misioneros y a algunos m\u00e1s, los cuales han estado en las di\u00f3cesis de Sens Par\u00eds, Chartres, Soissons, Amiens y Ch\u00e2lons con notable utilidad y edificaci\u00f3n del pueblo.<\/p>\n<p>Y con el fin de que dichos misioneros puedan darse con m\u00e1s provecho, Blas Feron, sacerdote de la Sorbona, franc\u00e9s, uno de los dichos misioneros, presente en la Curia, en nombre del dicho Vicente y de sus compa\u00f1eros, suplica humildemente a S.S. les conceda su bendici\u00f3n y las facultades suficientes, acostumbradas a dar a los misioneros, para que se sirvan de ellas con la licencia del Ordinario y no de otro modo.<\/p>\n<p>La Fundadora les ha obligado a dar misiones en sus tierras cada cinco a\u00f1os una vez y en las de su esposo, dej\u00e1ndoles libertad del resto para ir a donde les env\u00ede el administrador y prefecto de la Misi\u00f3n. Y todo ha sido aceptado por el Arzobispo de Par\u00eds.<\/p>\n","protected":false},"excerpt":{"rendered":"<p>[1627] Beat\u00edsimo Padre. Felipe Manuel de Gondi, conde de Joigny, General de las Galeras de Francia y Francisca Margarita de Silly, su mujer, de feliz memoria, habiendo procurado, hace ya algunos a\u00f1os, que algunos sacerdotes, &#8230; <a href=\"http:\/\/vincentians.com\/es\/vicente-de-paul-documento-103-primera-suplica-en-1627-de-aprobacion-de-la-mision-dirigida-al-papa-urbano-vlll\/\" class=\"more-link\">Read More<\/a><\/p>\n","protected":false},"author":4,"featured_media":393753,"comment_status":"open","ping_status":"open","sticky":false,"template":"","format":"standard","meta":{"jetpack_post_was_ever_published":false,"_jetpack_newsletter_access":"","_jetpack_dont_email_post_to_subs":false,"_jetpack_newsletter_tier_id":0,"_jetpack_memberships_contains_paywalled_content":false,"_jetpack_memberships_contains_paid_content":false,"footnotes":"","jetpack_publicize_message":"","jetpack_publicize_feature_enabled":true,"jetpack_social_post_already_shared":true,"jetpack_social_options":{"image_generator_settings":{"template":"highway","default_image_id":0,"font":"","enabled":false},"version":2}},"categories":[65],"tags":[119,125,128],"class_list":["post-12897","post","type-post","status-publish","format-standard","has-post-thumbnail","hentry","category-escritos-de-vicente-de-paul","tag-gondi","tag-joigny","tag-silly"],"yoast_head":"<!-- This site is optimized with the Yoast SEO plugin v26.3 - https:\/\/yoast.com\/wordpress\/plugins\/seo\/ -->\n<title>Vicente de Pa\u00fal, Documento 103: Primera Suplica En 1627 De Aprobacion De La Mision Dirigida Al Papa Urbano Vlll - Somos Vicencianos<\/title>\n<meta name=\"robots\" content=\"index, follow, max-snippet:-1, max-image-preview:large, max-video-preview:-1\" \/>\n<link rel=\"canonical\" href=\"http:\/\/vincentians.com\/es\/vicente-de-paul-documento-103-primera-suplica-en-1627-de-aprobacion-de-la-mision-dirigida-al-papa-urbano-vlll\/\" \/>\n<meta property=\"og:locale\" content=\"es_ES\" \/>\n<meta property=\"og:type\" content=\"article\" \/>\n<meta property=\"og:title\" content=\"Vicente de Pa\u00fal, Documento 103: Primera Suplica En 1627 De Aprobacion De La Mision Dirigida Al Papa Urbano Vlll - Somos Vicencianos\" \/>\n<meta property=\"og:description\" content=\"[1627] Beat\u00edsimo Padre. Felipe Manuel de Gondi, conde de Joigny, General de las Galeras de Francia y Francisca Margarita de Silly, su mujer, de feliz memoria, habiendo procurado, hace ya algunos a\u00f1os, que algunos sacerdotes, ... Read More\" \/>\n<meta property=\"og:url\" content=\"http:\/\/vincentians.com\/es\/vicente-de-paul-documento-103-primera-suplica-en-1627-de-aprobacion-de-la-mision-dirigida-al-papa-urbano-vlll\/\" \/>\n<meta property=\"og:site_name\" content=\"Somos Vicencianos\" \/>\n<meta property=\"article:publisher\" content=\"https:\/\/www.facebook.com\/WeAreVincentians\/\" \/>\n<meta property=\"article:author\" content=\"https:\/\/www.facebook.com\/JavierChento\" \/>\n<meta property=\"article:published_time\" content=\"2010-03-20T23:01:53+00:00\" \/>\n<meta property=\"article:modified_time\" content=\"2016-07-26T17:51:05+00:00\" \/>\n<meta property=\"og:image\" content=\"https:\/\/i0.wp.com\/vincentians.com\/es\/wp-content\/uploads\/sites\/11\/2016\/07\/escritos-vicente-de-paul.jpg?fit=1200%2C630\" \/>\n\t<meta property=\"og:image:width\" content=\"1200\" \/>\n\t<meta property=\"og:image:height\" content=\"630\" \/>\n\t<meta property=\"og:image:type\" content=\"image\/jpeg\" \/>\n<meta name=\"author\" content=\"Francisco Javier Fern\u00e1ndez Chento\" \/>\n<meta name=\"twitter:card\" content=\"summary_large_image\" \/>\n<meta name=\"twitter:creator\" content=\"@https:\/\/twitter.com\/javierchento\" \/>\n<meta name=\"twitter:site\" content=\"@WeVincentians\" \/>\n<meta name=\"twitter:label1\" content=\"Escrito por\" \/>\n\t<meta name=\"twitter:data1\" content=\"Francisco Javier Fern\u00e1ndez Chento\" \/>\n\t<meta name=\"twitter:label2\" content=\"Tiempo de lectura\" \/>\n\t<meta name=\"twitter:data2\" content=\"2 minutos\" \/>\n<script type=\"application\/ld+json\" class=\"yoast-schema-graph\">{\"@context\":\"https:\/\/schema.org\",\"@graph\":[{\"@type\":\"Article\",\"@id\":\"http:\/\/vincentians.com\/es\/vicente-de-paul-documento-103-primera-suplica-en-1627-de-aprobacion-de-la-mision-dirigida-al-papa-urbano-vlll\/#article\",\"isPartOf\":{\"@id\":\"http:\/\/vincentians.com\/es\/vicente-de-paul-documento-103-primera-suplica-en-1627-de-aprobacion-de-la-mision-dirigida-al-papa-urbano-vlll\/\"},\"author\":{\"name\":\"Francisco Javier Fern\u00e1ndez Chento\",\"@id\":\"http:\/\/vincentians.com\/es\/#\/schema\/person\/9623ef4d9aa3b2dfb8c061f1499288f2\"},\"headline\":\"Vicente de Pa\u00fal, Documento 103: Primera Suplica En 1627 De Aprobacion De La Mision Dirigida Al Papa Urbano Vlll\",\"datePublished\":\"2010-03-20T23:01:53+00:00\",\"dateModified\":\"2016-07-26T17:51:05+00:00\",\"mainEntityOfPage\":{\"@id\":\"http:\/\/vincentians.com\/es\/vicente-de-paul-documento-103-primera-suplica-en-1627-de-aprobacion-de-la-mision-dirigida-al-papa-urbano-vlll\/\"},\"wordCount\":403,\"commentCount\":0,\"publisher\":{\"@id\":\"http:\/\/vincentians.com\/es\/#organization\"},\"image\":{\"@id\":\"http:\/\/vincentians.com\/es\/vicente-de-paul-documento-103-primera-suplica-en-1627-de-aprobacion-de-la-mision-dirigida-al-papa-urbano-vlll\/#primaryimage\"},\"thumbnailUrl\":\"https:\/\/i0.wp.com\/vincentians.com\/es\/wp-content\/uploads\/sites\/11\/2016\/07\/escritos-vicente-de-paul.jpg?fit=1200%2C630\",\"keywords\":[\"Gondi\",\"Joigny\",\"Silly\"],\"articleSection\":[\"Escritos de Vicente de Pa\u00fal\"],\"inLanguage\":\"es\",\"potentialAction\":[{\"@type\":\"CommentAction\",\"name\":\"Comment\",\"target\":[\"http:\/\/vincentians.com\/es\/vicente-de-paul-documento-103-primera-suplica-en-1627-de-aprobacion-de-la-mision-dirigida-al-papa-urbano-vlll\/#respond\"]}]},{\"@type\":\"WebPage\",\"@id\":\"http:\/\/vincentians.com\/es\/vicente-de-paul-documento-103-primera-suplica-en-1627-de-aprobacion-de-la-mision-dirigida-al-papa-urbano-vlll\/\",\"url\":\"http:\/\/vincentians.com\/es\/vicente-de-paul-documento-103-primera-suplica-en-1627-de-aprobacion-de-la-mision-dirigida-al-papa-urbano-vlll\/\",\"name\":\"Vicente de Pa\u00fal, Documento 103: Primera Suplica En 1627 De Aprobacion De La Mision Dirigida Al Papa Urbano Vlll - Somos Vicencianos\",\"isPartOf\":{\"@id\":\"http:\/\/vincentians.com\/es\/#website\"},\"primaryImageOfPage\":{\"@id\":\"http:\/\/vincentians.com\/es\/vicente-de-paul-documento-103-primera-suplica-en-1627-de-aprobacion-de-la-mision-dirigida-al-papa-urbano-vlll\/#primaryimage\"},\"image\":{\"@id\":\"http:\/\/vincentians.com\/es\/vicente-de-paul-documento-103-primera-suplica-en-1627-de-aprobacion-de-la-mision-dirigida-al-papa-urbano-vlll\/#primaryimage\"},\"thumbnailUrl\":\"https:\/\/i0.wp.com\/vincentians.com\/es\/wp-content\/uploads\/sites\/11\/2016\/07\/escritos-vicente-de-paul.jpg?fit=1200%2C630\",\"datePublished\":\"2010-03-20T23:01:53+00:00\",\"dateModified\":\"2016-07-26T17:51:05+00:00\",\"breadcrumb\":{\"@id\":\"http:\/\/vincentians.com\/es\/vicente-de-paul-documento-103-primera-suplica-en-1627-de-aprobacion-de-la-mision-dirigida-al-papa-urbano-vlll\/#breadcrumb\"},\"inLanguage\":\"es\",\"potentialAction\":[{\"@type\":\"ReadAction\",\"target\":[\"http:\/\/vincentians.com\/es\/vicente-de-paul-documento-103-primera-suplica-en-1627-de-aprobacion-de-la-mision-dirigida-al-papa-urbano-vlll\/\"]}]},{\"@type\":\"ImageObject\",\"inLanguage\":\"es\",\"@id\":\"http:\/\/vincentians.com\/es\/vicente-de-paul-documento-103-primera-suplica-en-1627-de-aprobacion-de-la-mision-dirigida-al-papa-urbano-vlll\/#primaryimage\",\"url\":\"https:\/\/i0.wp.com\/vincentians.com\/es\/wp-content\/uploads\/sites\/11\/2016\/07\/escritos-vicente-de-paul.jpg?fit=1200%2C630\",\"contentUrl\":\"https:\/\/i0.wp.com\/vincentians.com\/es\/wp-content\/uploads\/sites\/11\/2016\/07\/escritos-vicente-de-paul.jpg?fit=1200%2C630\",\"width\":1200,\"height\":630},{\"@type\":\"BreadcrumbList\",\"@id\":\"http:\/\/vincentians.com\/es\/vicente-de-paul-documento-103-primera-suplica-en-1627-de-aprobacion-de-la-mision-dirigida-al-papa-urbano-vlll\/#breadcrumb\",\"itemListElement\":[{\"@type\":\"ListItem\",\"position\":1,\"name\":\"Portada\",\"item\":\"http:\/\/vincentians.com\/es\/\"},{\"@type\":\"ListItem\",\"position\":2,\"name\":\"Vicente de Pa\u00fal, Documento 103: Primera Suplica En 1627 De Aprobacion De La Mision Dirigida Al Papa Urbano Vlll\"}]},{\"@type\":\"WebSite\",\"@id\":\"http:\/\/vincentians.com\/es\/#website\",\"url\":\"http:\/\/vincentians.com\/es\/\",\"name\":\"Somos Vicencianos\",\"description\":\"Know more to serve more\",\"publisher\":{\"@id\":\"http:\/\/vincentians.com\/es\/#organization\"},\"potentialAction\":[{\"@type\":\"SearchAction\",\"target\":{\"@type\":\"EntryPoint\",\"urlTemplate\":\"http:\/\/vincentians.com\/es\/?s={search_term_string}\"},\"query-input\":{\"@type\":\"PropertyValueSpecification\",\"valueRequired\":true,\"valueName\":\"search_term_string\"}}],\"inLanguage\":\"es\"},{\"@type\":\"Organization\",\"@id\":\"http:\/\/vincentians.com\/es\/#organization\",\"name\":\"The Vincentian Network\",\"url\":\"http:\/\/vincentians.com\/es\/\",\"logo\":{\"@type\":\"ImageObject\",\"inLanguage\":\"es\",\"@id\":\"http:\/\/vincentians.com\/es\/#\/schema\/logo\/image\/\",\"url\":\"https:\/\/i1.wp.com\/vincentians.com\/es\/wp-content\/uploads\/sites\/11\/2016\/06\/Vincentian-Network-logo-big.png?fit=778%2C778\",\"contentUrl\":\"https:\/\/i1.wp.com\/vincentians.com\/es\/wp-content\/uploads\/sites\/11\/2016\/06\/Vincentian-Network-logo-big.png?fit=778%2C778\",\"width\":778,\"height\":778,\"caption\":\"The Vincentian Network\"},\"image\":{\"@id\":\"http:\/\/vincentians.com\/es\/#\/schema\/logo\/image\/\"},\"sameAs\":[\"https:\/\/www.facebook.com\/WeAreVincentians\/\",\"https:\/\/x.com\/WeVincentians\"]},{\"@type\":\"Person\",\"@id\":\"http:\/\/vincentians.com\/es\/#\/schema\/person\/9623ef4d9aa3b2dfb8c061f1499288f2\",\"name\":\"Francisco Javier Fern\u00e1ndez Chento\",\"image\":{\"@type\":\"ImageObject\",\"inLanguage\":\"es\",\"@id\":\"http:\/\/vincentians.com\/es\/#\/schema\/person\/image\/\",\"url\":\"https:\/\/secure.gravatar.com\/avatar\/497d5cde87b4c3d097d0315953521681ba2cd523ee66e5077c3711f7021e65de?s=96&d=mm&r=g\",\"contentUrl\":\"https:\/\/secure.gravatar.com\/avatar\/497d5cde87b4c3d097d0315953521681ba2cd523ee66e5077c3711f7021e65de?s=96&d=mm&r=g\",\"caption\":\"Francisco Javier Fern\u00e1ndez Chento\"},\"description\":\"Director General y cofundador de La Red de Formaci\u00f3n Vicenciana. Javier es laico vicenciano, afiliado a la Congregaci\u00f3n de la Misi\u00f3n y miembro del Equipo de Misiones Populares de la provincia can\u00f3nica de Zaragoza (Espa\u00f1a) de la Congregaci\u00f3n de la Misi\u00f3n. Graduado en la Universidad Oberta de Catalunya con cuatro grados (Asistente de direcci\u00f3n, Gesti\u00f3n Administrativa, Recursos Humanos y Contabilidad Avanzada). Bil\u00edng\u00fce Espa\u00f1ol\/Ingl\u00e9s. gestiona y mantiene varias p\u00e1ginas web cristianas y vicencianas, incluida including La Red de Formaci\u00f3n Vicenciana, de la que es cofundador. Actualmente es responsable del \u00e1rea de Espa\u00f1ol de .famvin, la Red de Noticias de la Familia Vicenciana. Tambi\u00e9n es m\u00fasico cat\u00f3lico y ha editado varios discos. Es Director General y cofundador de Trovador, una reconocida compa\u00f1\u00eda discogr\u00e1fica critiana de Espa\u00f1a. Trabaja en las Tecnolog\u00edas de la Informaci\u00f3n, ofreciendo servicios de alojamiento, dise\u00f1o y mantenimiento Web, as\u00ed como asesoramiento, formaci\u00f3n y soluciones inform\u00e1ticas, gesti\u00f3n documental y digitalizaci\u00f3n de textos, edici\u00f3n y maquetaci\u00f3n de libros, revistas, flyers, etc.\",\"sameAs\":[\"http:\/\/chento.org\",\"https:\/\/www.facebook.com\/JavierChento\",\"https:\/\/x.com\/https:\/\/twitter.com\/javierchento\"],\"url\":\"http:\/\/vincentians.com\/es\/author\/chento\/\"}]}<\/script>\n<!-- \/ Yoast SEO plugin. -->","yoast_head_json":{"title":"Vicente de Pa\u00fal, Documento 103: Primera Suplica En 1627 De Aprobacion De La Mision Dirigida Al Papa Urbano Vlll - Somos Vicencianos","robots":{"index":"index","follow":"follow","max-snippet":"max-snippet:-1","max-image-preview":"max-image-preview:large","max-video-preview":"max-video-preview:-1"},"canonical":"http:\/\/vincentians.com\/es\/vicente-de-paul-documento-103-primera-suplica-en-1627-de-aprobacion-de-la-mision-dirigida-al-papa-urbano-vlll\/","og_locale":"es_ES","og_type":"article","og_title":"Vicente de Pa\u00fal, Documento 103: Primera Suplica En 1627 De Aprobacion De La Mision Dirigida Al Papa Urbano Vlll - Somos Vicencianos","og_description":"[1627] Beat\u00edsimo Padre. Felipe Manuel de Gondi, conde de Joigny, General de las Galeras de Francia y Francisca Margarita de Silly, su mujer, de feliz memoria, habiendo procurado, hace ya algunos a\u00f1os, que algunos sacerdotes, ... Read More","og_url":"http:\/\/vincentians.com\/es\/vicente-de-paul-documento-103-primera-suplica-en-1627-de-aprobacion-de-la-mision-dirigida-al-papa-urbano-vlll\/","og_site_name":"Somos Vicencianos","article_publisher":"https:\/\/www.facebook.com\/WeAreVincentians\/","article_author":"https:\/\/www.facebook.com\/JavierChento","article_published_time":"2010-03-20T23:01:53+00:00","article_modified_time":"2016-07-26T17:51:05+00:00","og_image":[{"width":1200,"height":630,"url":"https:\/\/i0.wp.com\/vincentians.com\/es\/wp-content\/uploads\/sites\/11\/2016\/07\/escritos-vicente-de-paul.jpg?fit=1200%2C630","type":"image\/jpeg"}],"author":"Francisco Javier Fern\u00e1ndez Chento","twitter_card":"summary_large_image","twitter_creator":"@https:\/\/twitter.com\/javierchento","twitter_site":"@WeVincentians","twitter_misc":{"Escrito por":"Francisco Javier Fern\u00e1ndez Chento","Tiempo de lectura":"2 minutos"},"schema":{"@context":"https:\/\/schema.org","@graph":[{"@type":"Article","@id":"http:\/\/vincentians.com\/es\/vicente-de-paul-documento-103-primera-suplica-en-1627-de-aprobacion-de-la-mision-dirigida-al-papa-urbano-vlll\/#article","isPartOf":{"@id":"http:\/\/vincentians.com\/es\/vicente-de-paul-documento-103-primera-suplica-en-1627-de-aprobacion-de-la-mision-dirigida-al-papa-urbano-vlll\/"},"author":{"name":"Francisco Javier Fern\u00e1ndez Chento","@id":"http:\/\/vincentians.com\/es\/#\/schema\/person\/9623ef4d9aa3b2dfb8c061f1499288f2"},"headline":"Vicente de Pa\u00fal, Documento 103: Primera Suplica En 1627 De Aprobacion De La Mision Dirigida Al Papa Urbano Vlll","datePublished":"2010-03-20T23:01:53+00:00","dateModified":"2016-07-26T17:51:05+00:00","mainEntityOfPage":{"@id":"http:\/\/vincentians.com\/es\/vicente-de-paul-documento-103-primera-suplica-en-1627-de-aprobacion-de-la-mision-dirigida-al-papa-urbano-vlll\/"},"wordCount":403,"commentCount":0,"publisher":{"@id":"http:\/\/vincentians.com\/es\/#organization"},"image":{"@id":"http:\/\/vincentians.com\/es\/vicente-de-paul-documento-103-primera-suplica-en-1627-de-aprobacion-de-la-mision-dirigida-al-papa-urbano-vlll\/#primaryimage"},"thumbnailUrl":"https:\/\/i0.wp.com\/vincentians.com\/es\/wp-content\/uploads\/sites\/11\/2016\/07\/escritos-vicente-de-paul.jpg?fit=1200%2C630","keywords":["Gondi","Joigny","Silly"],"articleSection":["Escritos de Vicente de Pa\u00fal"],"inLanguage":"es","potentialAction":[{"@type":"CommentAction","name":"Comment","target":["http:\/\/vincentians.com\/es\/vicente-de-paul-documento-103-primera-suplica-en-1627-de-aprobacion-de-la-mision-dirigida-al-papa-urbano-vlll\/#respond"]}]},{"@type":"WebPage","@id":"http:\/\/vincentians.com\/es\/vicente-de-paul-documento-103-primera-suplica-en-1627-de-aprobacion-de-la-mision-dirigida-al-papa-urbano-vlll\/","url":"http:\/\/vincentians.com\/es\/vicente-de-paul-documento-103-primera-suplica-en-1627-de-aprobacion-de-la-mision-dirigida-al-papa-urbano-vlll\/","name":"Vicente de Pa\u00fal, Documento 103: Primera Suplica En 1627 De Aprobacion De La Mision Dirigida Al Papa Urbano Vlll - Somos Vicencianos","isPartOf":{"@id":"http:\/\/vincentians.com\/es\/#website"},"primaryImageOfPage":{"@id":"http:\/\/vincentians.com\/es\/vicente-de-paul-documento-103-primera-suplica-en-1627-de-aprobacion-de-la-mision-dirigida-al-papa-urbano-vlll\/#primaryimage"},"image":{"@id":"http:\/\/vincentians.com\/es\/vicente-de-paul-documento-103-primera-suplica-en-1627-de-aprobacion-de-la-mision-dirigida-al-papa-urbano-vlll\/#primaryimage"},"thumbnailUrl":"https:\/\/i0.wp.com\/vincentians.com\/es\/wp-content\/uploads\/sites\/11\/2016\/07\/escritos-vicente-de-paul.jpg?fit=1200%2C630","datePublished":"2010-03-20T23:01:53+00:00","dateModified":"2016-07-26T17:51:05+00:00","breadcrumb":{"@id":"http:\/\/vincentians.com\/es\/vicente-de-paul-documento-103-primera-suplica-en-1627-de-aprobacion-de-la-mision-dirigida-al-papa-urbano-vlll\/#breadcrumb"},"inLanguage":"es","potentialAction":[{"@type":"ReadAction","target":["http:\/\/vincentians.com\/es\/vicente-de-paul-documento-103-primera-suplica-en-1627-de-aprobacion-de-la-mision-dirigida-al-papa-urbano-vlll\/"]}]},{"@type":"ImageObject","inLanguage":"es","@id":"http:\/\/vincentians.com\/es\/vicente-de-paul-documento-103-primera-suplica-en-1627-de-aprobacion-de-la-mision-dirigida-al-papa-urbano-vlll\/#primaryimage","url":"https:\/\/i0.wp.com\/vincentians.com\/es\/wp-content\/uploads\/sites\/11\/2016\/07\/escritos-vicente-de-paul.jpg?fit=1200%2C630","contentUrl":"https:\/\/i0.wp.com\/vincentians.com\/es\/wp-content\/uploads\/sites\/11\/2016\/07\/escritos-vicente-de-paul.jpg?fit=1200%2C630","width":1200,"height":630},{"@type":"BreadcrumbList","@id":"http:\/\/vincentians.com\/es\/vicente-de-paul-documento-103-primera-suplica-en-1627-de-aprobacion-de-la-mision-dirigida-al-papa-urbano-vlll\/#breadcrumb","itemListElement":[{"@type":"ListItem","position":1,"name":"Portada","item":"http:\/\/vincentians.com\/es\/"},{"@type":"ListItem","position":2,"name":"Vicente de Pa\u00fal, Documento 103: Primera Suplica En 1627 De Aprobacion De La Mision Dirigida Al Papa Urbano Vlll"}]},{"@type":"WebSite","@id":"http:\/\/vincentians.com\/es\/#website","url":"http:\/\/vincentians.com\/es\/","name":"Somos Vicencianos","description":"Know more to serve more","publisher":{"@id":"http:\/\/vincentians.com\/es\/#organization"},"potentialAction":[{"@type":"SearchAction","target":{"@type":"EntryPoint","urlTemplate":"http:\/\/vincentians.com\/es\/?s={search_term_string}"},"query-input":{"@type":"PropertyValueSpecification","valueRequired":true,"valueName":"search_term_string"}}],"inLanguage":"es"},{"@type":"Organization","@id":"http:\/\/vincentians.com\/es\/#organization","name":"The Vincentian Network","url":"http:\/\/vincentians.com\/es\/","logo":{"@type":"ImageObject","inLanguage":"es","@id":"http:\/\/vincentians.com\/es\/#\/schema\/logo\/image\/","url":"https:\/\/i1.wp.com\/vincentians.com\/es\/wp-content\/uploads\/sites\/11\/2016\/06\/Vincentian-Network-logo-big.png?fit=778%2C778","contentUrl":"https:\/\/i1.wp.com\/vincentians.com\/es\/wp-content\/uploads\/sites\/11\/2016\/06\/Vincentian-Network-logo-big.png?fit=778%2C778","width":778,"height":778,"caption":"The Vincentian Network"},"image":{"@id":"http:\/\/vincentians.com\/es\/#\/schema\/logo\/image\/"},"sameAs":["https:\/\/www.facebook.com\/WeAreVincentians\/","https:\/\/x.com\/WeVincentians"]},{"@type":"Person","@id":"http:\/\/vincentians.com\/es\/#\/schema\/person\/9623ef4d9aa3b2dfb8c061f1499288f2","name":"Francisco Javier Fern\u00e1ndez Chento","image":{"@type":"ImageObject","inLanguage":"es","@id":"http:\/\/vincentians.com\/es\/#\/schema\/person\/image\/","url":"https:\/\/secure.gravatar.com\/avatar\/497d5cde87b4c3d097d0315953521681ba2cd523ee66e5077c3711f7021e65de?s=96&d=mm&r=g","contentUrl":"https:\/\/secure.gravatar.com\/avatar\/497d5cde87b4c3d097d0315953521681ba2cd523ee66e5077c3711f7021e65de?s=96&d=mm&r=g","caption":"Francisco Javier Fern\u00e1ndez Chento"},"description":"Director General y cofundador de La Red de Formaci\u00f3n Vicenciana. Javier es laico vicenciano, afiliado a la Congregaci\u00f3n de la Misi\u00f3n y miembro del Equipo de Misiones Populares de la provincia can\u00f3nica de Zaragoza (Espa\u00f1a) de la Congregaci\u00f3n de la Misi\u00f3n. Graduado en la Universidad Oberta de Catalunya con cuatro grados (Asistente de direcci\u00f3n, Gesti\u00f3n Administrativa, Recursos Humanos y Contabilidad Avanzada). Bil\u00edng\u00fce Espa\u00f1ol\/Ingl\u00e9s. gestiona y mantiene varias p\u00e1ginas web cristianas y vicencianas, incluida including La Red de Formaci\u00f3n Vicenciana, de la que es cofundador. Actualmente es responsable del \u00e1rea de Espa\u00f1ol de .famvin, la Red de Noticias de la Familia Vicenciana. Tambi\u00e9n es m\u00fasico cat\u00f3lico y ha editado varios discos. Es Director General y cofundador de Trovador, una reconocida compa\u00f1\u00eda discogr\u00e1fica critiana de Espa\u00f1a. Trabaja en las Tecnolog\u00edas de la Informaci\u00f3n, ofreciendo servicios de alojamiento, dise\u00f1o y mantenimiento Web, as\u00ed como asesoramiento, formaci\u00f3n y soluciones inform\u00e1ticas, gesti\u00f3n documental y digitalizaci\u00f3n de textos, edici\u00f3n y maquetaci\u00f3n de libros, revistas, flyers, etc.","sameAs":["http:\/\/chento.org","https:\/\/www.facebook.com\/JavierChento","https:\/\/x.com\/https:\/\/twitter.com\/javierchento"],"url":"http:\/\/vincentians.com\/es\/author\/chento\/"}]}},"jetpack_publicize_connections":[],"jetpack_featured_media_url":"https:\/\/i0.wp.com\/vincentians.com\/es\/wp-content\/uploads\/sites\/11\/2016\/07\/escritos-vicente-de-paul.jpg?fit=1200%2C630","jetpack_sharing_enabled":true,"jetpack_shortlink":"https:\/\/wp.me\/p7ETMF-3m1","jetpack-related-posts":[{"id":125987,"url":"http:\/\/vincentians.com\/es\/un-documento-importante-al-papa-urbano-viii-1628\/","url_meta":{"origin":12897,"position":0},"title":"Un Documento importante: al Papa Urbano VIII (1628)","author":"Francisco Javier Fern\u00e1ndez Chento","date":"02\/12\/2013","format":false,"excerpt":"Vicente de Pa\u00fal, Superior de los Sacerdotes de la Misi\u00f3n fundada en Par\u00eds, Maestro Louis Callon, Doctor de la Sorbona, Antoine Portail, Fran\u00e7ois du Coudray, Jean de la Salle, Jean B\u00e9cu, Antoine Lucas, Joseph Brunet, y Jean Dehorgny de la di\u00f3cesis de Dax, Rouen, Arles, Amiens, Par\u00eds, Clermont, y Noyon\u2026","rel":"","context":"En \u00abDocumentos de la Congregaci\u00f3n de la Misi\u00f3n\u00bb","block_context":{"text":"Documentos de la Congregaci\u00f3n de la Misi\u00f3n","link":"http:\/\/vincentians.com\/es\/category\/formacion-vicenciana\/documentos-oficiales-de-la-familia-vicenciana\/documentos-de-la-congregacion-de-la-mision\/"},"img":{"alt_text":"ESCUDOCM","src":"https:\/\/i0.wp.com\/vicencianos.org\/wp-content\/2013\/09\/ESCUDOCM.jpg?resize=350%2C200","width":350,"height":200},"classes":[]},{"id":14898,"url":"http:\/\/vincentians.com\/es\/vicente-de-paul-documento-111-relacion-verbal-de-la-sesion-del-5-de-noviembre-en-la-s-c-de-p-fide-sobre-la-aprobacion-de-la-mision\/","url_meta":{"origin":12897,"position":1},"title":"Vicente de Pa\u00fal, Documento 111: Relaci\u00f3n Verbal De La Sesi\u00f3n Del 5 De Noviembre En La S. C. De P. Fide Sobre La Aprobaci\u00f3n De La Misi\u00f3n","author":"Francisco Javier Fern\u00e1ndez Chento","date":"29\/03\/2010","format":false,"excerpt":"Congregaci\u00f3n 83 5 noviembre 1627 En el palacio Quirinal, presente S.S. (Urbano VIII) y los Cardenales Bandino, Borgia, Bentivolo, Magalotto, Cornelio y Barberini... Habiendo expuesto el llmo. Se\u00f1or Card. Bentivoglio que la misi\u00f3n fue fundada por Felipe Manuel de Gondi y F. Margarita de Silly, condesa de Joigny, esposos, el\u2026","rel":"","context":"En \u00abEscritos de Vicente de Pa\u00fal\u00bb","block_context":{"text":"Escritos de Vicente de Pa\u00fal","link":"http:\/\/vincentians.com\/es\/category\/escritos\/escritos-de-vicente-de-paul\/"},"img":{"alt_text":"","src":"https:\/\/i0.wp.com\/vincentians.com\/es\/wp-content\/uploads\/sites\/11\/2016\/07\/escritos-vicente-de-paul.jpg?fit=1200%2C630&resize=350%2C200","width":350,"height":200,"srcset":"https:\/\/i0.wp.com\/vincentians.com\/es\/wp-content\/uploads\/sites\/11\/2016\/07\/escritos-vicente-de-paul.jpg?fit=1200%2C630&resize=350%2C200 1x, https:\/\/i0.wp.com\/vincentians.com\/es\/wp-content\/uploads\/sites\/11\/2016\/07\/escritos-vicente-de-paul.jpg?fit=1200%2C630&resize=525%2C300 1.5x, https:\/\/i0.wp.com\/vincentians.com\/es\/wp-content\/uploads\/sites\/11\/2016\/07\/escritos-vicente-de-paul.jpg?fit=1200%2C630&resize=700%2C400 2x, https:\/\/i0.wp.com\/vincentians.com\/es\/wp-content\/uploads\/sites\/11\/2016\/07\/escritos-vicente-de-paul.jpg?fit=1200%2C630&resize=1050%2C600 3x"},"classes":[]},{"id":15438,"url":"http:\/\/vincentians.com\/es\/vicente-de-paul-documento-127-carta-patente-para-ordenar-al-parlamento-ratificar-la-carta-de-mayo-de-1627\/","url_meta":{"origin":12897,"position":2},"title":"Vicente de Pa\u00fal, Documento 127: Carta Patente Para Ordenar Al Parlamento Ratificar La Carta De Mayo De 1627","author":"Francisco Javier Fern\u00e1ndez Chento","date":"14\/04\/2010","format":false,"excerpt":"15 febrero 1630 Luis, por la gracia de Dios rey de Francia y de Navarra, a nuestros amados y fieles consejeros de nuestra corte y parlamento de Par\u00eds, salud. Por nuestra carta patente del mes de mayo de 1627, aqu\u00ed adjuntan y con el contrasello de nuestra canciller\u00eda, autorizamos y\u2026","rel":"","context":"En \u00abEscritos de Vicente de Pa\u00fal\u00bb","block_context":{"text":"Escritos de Vicente de Pa\u00fal","link":"http:\/\/vincentians.com\/es\/category\/escritos\/escritos-de-vicente-de-paul\/"},"img":{"alt_text":"","src":"https:\/\/i0.wp.com\/vincentians.com\/es\/wp-content\/uploads\/sites\/11\/2016\/07\/escritos-vicente-de-paul.jpg?fit=1200%2C630&resize=350%2C200","width":350,"height":200,"srcset":"https:\/\/i0.wp.com\/vincentians.com\/es\/wp-content\/uploads\/sites\/11\/2016\/07\/escritos-vicente-de-paul.jpg?fit=1200%2C630&resize=350%2C200 1x, https:\/\/i0.wp.com\/vincentians.com\/es\/wp-content\/uploads\/sites\/11\/2016\/07\/escritos-vicente-de-paul.jpg?fit=1200%2C630&resize=525%2C300 1.5x, https:\/\/i0.wp.com\/vincentians.com\/es\/wp-content\/uploads\/sites\/11\/2016\/07\/escritos-vicente-de-paul.jpg?fit=1200%2C630&resize=700%2C400 2x, https:\/\/i0.wp.com\/vincentians.com\/es\/wp-content\/uploads\/sites\/11\/2016\/07\/escritos-vicente-de-paul.jpg?fit=1200%2C630&resize=1050%2C600 3x"},"classes":[]},{"id":121663,"url":"http:\/\/vincentians.com\/es\/san-vicente-de-paul-y-los-gondi-capitulo-06\/","url_meta":{"origin":12897,"position":3},"title":"San Vicente de Pa\u00fal y los Gondi: Cap\u00edtulo 06","author":"Francisco Javier Fern\u00e1ndez Chento","date":"09\/07\/2024","format":false,"excerpt":"Cap\u00edtulo VI Vicente de Pa\u00fal en Ch\u00e2tillon-lez-Dombes. - Primera fundaci\u00f3n de una asociaci\u00f3n de sirvientas para los pobres. - Vuelta de Vicente a la casa de los Gondi. - Misiones en sus dominios. - Vicente de Pa\u00fal capell\u00e1n real de las galeras. Al llegar a Ch\u00e2tillon-lez-Dombes, Vicente de Pa\u00fal encontr\u00f3\u2026","rel":"","context":"En \u00abVicente de Pa\u00fal\u00bb","block_context":{"text":"Vicente de Pa\u00fal","link":"http:\/\/vincentians.com\/es\/category\/la-familia-vicenciana\/fundadores\/vicente-de-paul\/"},"img":{"alt_text":"","src":"https:\/\/i0.wp.com\/vincentians.com\/es\/wp-content\/uploads\/sites\/11\/2023\/08\/aaaf.jpg?fit=1200%2C827&resize=350%2C200","width":350,"height":200,"srcset":"https:\/\/i0.wp.com\/vincentians.com\/es\/wp-content\/uploads\/sites\/11\/2023\/08\/aaaf.jpg?fit=1200%2C827&resize=350%2C200 1x, https:\/\/i0.wp.com\/vincentians.com\/es\/wp-content\/uploads\/sites\/11\/2023\/08\/aaaf.jpg?fit=1200%2C827&resize=525%2C300 1.5x, https:\/\/i0.wp.com\/vincentians.com\/es\/wp-content\/uploads\/sites\/11\/2023\/08\/aaaf.jpg?fit=1200%2C827&resize=700%2C400 2x, https:\/\/i0.wp.com\/vincentians.com\/es\/wp-content\/uploads\/sites\/11\/2023\/08\/aaaf.jpg?fit=1200%2C827&resize=1050%2C600 3x"},"classes":[]},{"id":131357,"url":"http:\/\/vincentians.com\/es\/el-senor-vicente-evolucion-de-un-santo-viii\/","url_meta":{"origin":12897,"position":4},"title":"El se\u00f1or Vicente, evoluci\u00f3n de un santo (VIII)","author":"Francisco Javier Fern\u00e1ndez Chento","date":"02\/10\/2014","format":false,"excerpt":"8. LA C\u00c1NDIDA EVA 1.El se\u00f1or Vicente, p\u00e1rroco de Clichy.- 2.La Hermandad del Rosario.- 3.Restauraci\u00f3n de la iglesia.- 4.Adios a la parroquia.- 5.En la casa de los Gondi.- 6.La familia.- 7.Beneficio.- 8.Las tierra de los Gondi.- 9.Maestro y maestra.- 10.\"El se\u00f1or Vicente\".- 11.Los ni\u00f1os.- 12.El preceptor.- 13.Conducata del capell\u00e1n; proyecto\u2026","rel":"","context":"En \u00abVicente de Pa\u00fal\u00bb","block_context":{"text":"Vicente de Pa\u00fal","link":"http:\/\/vincentians.com\/es\/category\/la-familia-vicenciana\/fundadores\/vicente-de-paul\/"},"img":{"alt_text":"coraz\u00f3n","src":"https:\/\/i0.wp.com\/vicencianos.org\/wp-content\/2014\/03\/coraz%C3%B3n.jpg?resize=350%2C200","width":350,"height":200},"classes":[]},{"id":121665,"url":"http:\/\/vincentians.com\/es\/san-vicente-de-paul-y-los-gondi-capitulo-16\/","url_meta":{"origin":12897,"position":5},"title":"San Vicente de Pa\u00fal y los Gondi: Cap\u00edtulo 16","author":"Francisco Javier Fern\u00e1ndez Chento","date":"29\/07\/2024","format":false,"excerpt":"Cap\u00edtulo XVI \u00daltimas obras de Vicente de Pa\u00fal. - Sus cartas de adi\u00f3s al cardenal de Retz y al Padre de Gondi. - Sus \u00faltimos momentos, su muerte y sus funerales. El maravilloso impulso que Vicente de Pa\u00fal hab\u00eda impreso a la caridad p\u00fablica se hab\u00eda aminorado singularmente durante los\u2026","rel":"","context":"En \u00abVicente de Pa\u00fal\u00bb","block_context":{"text":"Vicente de Pa\u00fal","link":"http:\/\/vincentians.com\/es\/category\/la-familia-vicenciana\/fundadores\/vicente-de-paul\/"},"img":{"alt_text":"","src":"https:\/\/i0.wp.com\/vincentians.com\/es\/wp-content\/uploads\/sites\/11\/2023\/08\/aaaf.jpg?fit=1200%2C827&resize=350%2C200","width":350,"height":200,"srcset":"https:\/\/i0.wp.com\/vincentians.com\/es\/wp-content\/uploads\/sites\/11\/2023\/08\/aaaf.jpg?fit=1200%2C827&resize=350%2C200 1x, https:\/\/i0.wp.com\/vincentians.com\/es\/wp-content\/uploads\/sites\/11\/2023\/08\/aaaf.jpg?fit=1200%2C827&resize=525%2C300 1.5x, https:\/\/i0.wp.com\/vincentians.com\/es\/wp-content\/uploads\/sites\/11\/2023\/08\/aaaf.jpg?fit=1200%2C827&resize=700%2C400 2x, https:\/\/i0.wp.com\/vincentians.com\/es\/wp-content\/uploads\/sites\/11\/2023\/08\/aaaf.jpg?fit=1200%2C827&resize=1050%2C600 3x"},"classes":[]}],"_links":{"self":[{"href":"http:\/\/vincentians.com\/es\/wp-json\/wp\/v2\/posts\/12897","targetHints":{"allow":["GET"]}}],"collection":[{"href":"http:\/\/vincentians.com\/es\/wp-json\/wp\/v2\/posts"}],"about":[{"href":"http:\/\/vincentians.com\/es\/wp-json\/wp\/v2\/types\/post"}],"author":[{"embeddable":true,"href":"http:\/\/vincentians.com\/es\/wp-json\/wp\/v2\/users\/4"}],"replies":[{"embeddable":true,"href":"http:\/\/vincentians.com\/es\/wp-json\/wp\/v2\/comments?post=12897"}],"version-history":[{"count":0,"href":"http:\/\/vincentians.com\/es\/wp-json\/wp\/v2\/posts\/12897\/revisions"}],"wp:featuredmedia":[{"embeddable":true,"href":"http:\/\/vincentians.com\/es\/wp-json\/wp\/v2\/media\/393753"}],"wp:attachment":[{"href":"http:\/\/vincentians.com\/es\/wp-json\/wp\/v2\/media?parent=12897"}],"wp:term":[{"taxonomy":"category","embeddable":true,"href":"http:\/\/vincentians.com\/es\/wp-json\/wp\/v2\/categories?post=12897"},{"taxonomy":"post_tag","embeddable":true,"href":"http:\/\/vincentians.com\/es\/wp-json\/wp\/v2\/tags?post=12897"}],"curies":[{"name":"wp","href":"https:\/\/api.w.org\/{rel}","templated":true}]}}