{"id":128953,"date":"2014-03-02T08:01:24","date_gmt":"2014-03-02T07:01:24","guid":{"rendered":"http:\/\/somos.vicencianos.org\/?p=128953"},"modified":"2016-07-27T12:18:38","modified_gmt":"2016-07-27T10:18:38","slug":"el-senor-portal-y-los-suyos-1855-1926-39","status":"publish","type":"post","link":"http:\/\/vincentians.com\/es\/el-senor-portal-y-los-suyos-1855-1926-39\/","title":{"rendered":"El Se\u00f1or Portal y los suyos (1855-1926) (39)"},"content":{"rendered":"<h2>Cap\u00edtulo III: Nuevas fronteras<\/h2>\n<p><a href=\"http:\/\/vicencianos.org\/blog\/el-senor-portal-y-los-suyos-1855-1926-xxxv\/portal-a-7\/\" rel=\"attachment wp-att-128852\"><img data-recalc-dims=\"1\" loading=\"lazy\" decoding=\"async\" class=\"size-full wp-image-128852 alignright\" alt=\"Portal-A\" src=\"https:\/\/i0.wp.com\/vicencianos.org\/wp-content\/2014\/01\/Portal-A2.jpg?resize=250%2C287\" width=\"250\" height=\"287\" \/><\/a>Con la aprobaci\u00f3n del sucesor de Mercier, Mons Van Roey, la sexta conversaci\u00f3n de Malinas deb\u00eda celebrarse el 20 y el 27 de junio. Se pretend\u00eda, como se lo escrib\u00eda Batiffol al Dr Kidd, \u00abpreparar una publicaci\u00f3n que diera a conocer nuestros trabajos y sus conclusiones al gran p\u00fablico\u00bb. Para Portal esta conversaci\u00f3n habr\u00eda sido de todas las maneras la \u00faltima.<\/p>\n<p>En este asunto de la uni\u00f3n [se lo explica en mayo a Jean Calvet] lo que yo so\u00f1\u00e9 se ha realizado. Dese\u00e9 el acercamiento, nos hemos acercado, se conversa. Lo que era mi obra se ha terminado. S\u00f3lo me queda desaparecer. Para ir m\u00e1s lejos se necesitan otros medios que yo no s\u00e9; se necesitan otros hombres que no se hayan gastado. Lo que m\u00e1s me molestar\u00eda es que yo no sirviera. Para los normalistas es lo mismo. Quise agruparlos: est\u00e1n formando grupo y el grupo se mantiene. Esa era mi parcela. Para trabajar este agrupamiento, se necesitan otros hombres. Como lo siento, no me queda m\u00e1s que desaparecer.<\/p>\n<p>En el mes de abril, hab\u00eda ca\u00eddo gravemente enfermo, el m\u00e9dico hab\u00eda mandado reposo; por entonces, el propietario del 14 de la calle Grenelle, heredero de la Sra. Lefort, le hab\u00eda expresado su voluntad de recuperar los lugares. Venga, hab\u00eda que trasladarse. Con mejor salud, Portal se habr\u00eda acercado por la Escuela normal superior. Busc\u00f3 un apartamento en la monta\u00f1a Santa Genoveva, luego se atuvo al parecer del Se\u00f1or Verdier, su superior y amigo de infancia: se estableci\u00f3 definitivamente en la calle Lourmel. Seguir este partido le result\u00f3 f\u00e1cil por cuanto ya hab\u00eda expresado por 1907 el deseo de acabar sus d\u00edas \u00abcerca de la pobreza y de la caridad\u00bb, y que estaba dando a la comunidad un impulso nuevo, y no s\u00f3lo en el plano unionista.<\/p>\n<p>Desde la guerra, el barrio de Javel hab\u00eda cambiado mucho; resultaba urgente se\u00f1alarle de nuevo la finalidad de trabajo. En el plano religioso, la parroquia tomaba el relevo. Antes de dejar Saint-Alexandre por la parroquia de Saint-Pierre-de-Montagne, en 1916, el abate Aubert hab\u00eda logrado abrir una escuela para chicos y otra para chicas. Su sucesor se propuso construir una iglesia, y en 1921 el arzobispo de Par\u00eds vino a poner la primera piedra del templo dedicado no ya a San Alejandro sino, por gracia de la industria automovil\u00edstica, a San Crist\u00f3bal. En 1924, la parroquia fue confiada a los asuncionistas. La situaci\u00f3n se normalizaba. En el plano social, el estado, el municipio, las empresas se hab\u00edan encargado de la mayor parte de los servicios asumidos hasta entonces por la comunidad de Mme Gallice. La guarder\u00eda, por ejemplo, fue sustituida por los estudios de la noche abiertos en las escuelas p\u00fablicas. Esta situaci\u00f3n nueva colocaba a Portal y a Mme Gallice ante la elecci\u00f3n de dos soluciones: normalizar la obra de Javel, transformarla en un colegio de ense\u00f1anza confesional y encargarse de las obras parroquiales; o bien relanzar la actividad pionera en ambiente descristianizado, lo que obligar\u00eda a cambiar de barrio.<\/p>\n<p>Portal explic\u00f3 a sus colaboradoras que era normal y una suerte que tras ellos se organizara en Javel toda una red de asistencia social, bajo el impulso de los poderes p\u00fablicos: la funci\u00f3n de las obras cristianas era inventar f\u00f3rmulas y servicios para que la colectividad las tomaran a su cargo despu\u00e9s; el objetivo era ayudar a la sociedad global a progresar, y no construir una ciudadela cristiana. Evoc\u00f3 a las Hijas de la Caridad de San Vicente de Pa\u00fal que hab\u00edan puesto en pie \u00abuna verdadera asistencia p\u00fablica, antes de que el estado pensara en ello. Adem\u00e1s es as\u00ed como sucede de ordinario. Los hijos de la Iglesia juegan el papel de los pioneros, de los soldados o de los marinos que van a conquistar nuevas tierras. La administraci\u00f3n viene despu\u00e9s\u00bb. La comunidad no deb\u00eda pues replegarse sobre s\u00ed misma, sino continuar inventando modos de acci\u00f3n para responder a las necesidades que el estado olas colectividades locales no satisfac\u00edan a\u00fan. \u00abUn organismo que no sirve a la sociedad, \u00bfen qu\u00e9 se convierte? La sociedad lo despide [&#8230;]. Si no servimos, la sociedad tiene otra cosa que hacer que alimentar a par\u00e1sitos524\u00bb. Sin embargo la comunidad de Mme Gallice habr\u00eda podido ser eficaz y viva entrando en el sistema de las obras parroquiales de San Crist\u00f3bal. Pero Portal pensaba que no era \u00e9sa la tarea, y que para \u00abser fiel a su vocaci\u00f3n\u00bb, deb\u00eda \u00abir a los m\u00e1s desheredados525\u00bb, trasladarse all\u00ed donde las necesidades eran mayores, los hombres m\u00e1s abandonados, la red de la solidaridad humana m\u00e1s floja, m\u00e1s insuficiente. Por otra parte, deb\u00eda continuar animando por dentro a la sociedad en v\u00edas de secularizaci\u00f3n, y animarla all\u00ed donde \u00e9sta, sin dejar el odio contra la Iglesia, hab\u00eda provocado una completa ignorancia del cristianismo.<\/p>\n<p>No se trataba de enraizarse, sino de trasladarse a otra parte para encontrar una frontera nueva. Portal y Mme Gallice se pusieron entonces a recorrer la \u00abzona\u00bb en busca \u00abde un rinc\u00f3n particularmente lamentable526\u00bb. \u00abDespu\u00e9s de visitar cantidad de alrededores de Par\u00eds, les pareci\u00f3 que uno de los rincones m\u00e1s abandonados era la meseta del Kremlin-Bic\u00eatre, y decidieron que all\u00ed se construir\u00eda un dispensario de ni\u00f1os527\u00bb. Un dispensario: no era aqu\u00e9l un proyecto premeditado, se vio sencillamente que en el Kremlin, en un mundo digno de Muerte a Cr\u00e9dito del Dr Destouches, la mortandad infantil era particularmente elevada y que la gente ten\u00eda necesidad de un centro de consulta para ni\u00f1os y reci\u00e9n nacidos. Enterado, el p\u00e1rroco del lugar se entusiasm\u00f3 y habr\u00eda incorporado con agrado el dispensario a sus obras. Portal se neg\u00f3, recordando que<\/p>\n<p>Se trata ante todo de un medio de penetraci\u00f3n lo que hemos sido desde un principio. No nos hemos mezclado con las organizaciones parroquiales [&#8230;].esto ha sido lo m\u00e1s interesante, no era una obra de p\u00e1rroco, sino una obra cristiana para hacer caer los prejuicios [&#8230;]. No se ha de perder de vista la finalidad primera de hacer una obra de penetraci\u00f3n [&#8230;]. Nosotros estamos en primer lugar para el pueblo, ese es el esp\u00edritu de la obra. En el Kremlin, yo no estar\u00eda para encargarme del trabajo de los catecismos y del patronato; es la obra de las congregaciones, la obra exterior. Nosotros somos obra interior528.<\/p>\n<p>El Kremlin no estaba destinado a recibir a todas las Damas de la Uni\u00f3n, ya que se necesitaba una formaci\u00f3n de enfermera. Pero el dispensario deb\u00eda recordar a todas con qu\u00e9 exigencias se hab\u00eda fundado la comunidad; deb\u00eda servir tambi\u00e9n de punto de apoyo, de base de partida de toda una actividad m\u00f3vil y diversificada por todo el Sur del arrabal parisino.<\/p>\n<p>El 16 de junio, despu\u00e9s de recibir la emisaria de dom Lambert, Simone Corbiau, Portal fue a visitar el dispensario, y examin\u00f3 todos sus detalles: la inauguraci\u00f3n era para dentro de dos d\u00edas. De vuelta a la calle Lourmel, donde Mme Gallice le hab\u00eda preparado una peque\u00f1a habitaci\u00f3n, se sinti\u00f3 muy cansado y se acost\u00f3. El 18, no pudo acompa\u00f1ar a Mme Gallice al Kremlin-Bic\u00eatre. Su \u00faltima felicidad fue saber que todo funcionaba bien y que hab\u00eda habido desde la apertura numerosas consultas de beb\u00e9s. El 19 por la noche, su estado se agrav\u00f3. Llamado con urgencia, un cirujano decidi\u00f3 que si no hab\u00eda una evoluci\u00f3n favorable, habr\u00eda que operar al d\u00eda siguiente por la ma\u00f1ana. Portal mand\u00f3 venir a un compa\u00f1ero de San L\u00e1zaro para confesarse, recibi\u00f3 a su m\u00e9dico, un viejo amigo que prepar\u00f3 los lugares para la operaci\u00f3n (no se encontr\u00f3 lugar en una cl\u00ednica), luego exigi\u00f3 de Mme Gallice que fuera a acostarse y pidi\u00f3 que le dejaran solo. A las 10 y media, se le encontr\u00f3 sin conocimiento; y muri\u00f3 por la noche.<\/p>\n<p>El 6 de junio, El 6 de junio, hab\u00eda asistido a una jornada de Gentilly y hab\u00eda dado \u00e9l mismo la conferencia de la tarde.<\/p>\n<p>Nos hab\u00eda hablado de san Vicente de Pa\u00fal, insistiendo sobre el momento de su vida en el que, al sacerdote preocupado solamente por hacer una honrosa carrera eclesi\u00e1stica, una \u00abconversi\u00f3n\u00bb sustituye el santo; y nos dec\u00eda que en la vida de la mayor parte de los santos, hay as\u00ed una crisis decisiva, una llamada a la que responden con el don decisivo de s\u00ed mismos a Dios.<\/p>\n<p>Jean Guitton record\u00f3 esta frase : \u00abNo se sale de la mediocridad cuando uno no se ha entregado del todo\u00bb. Despu\u00e9s, con voz sorda y como cansada, hab\u00eda anunciado su retiro, y el cierre de la casa de estudios de la calle Grenelle. Apoy\u00e1ndose en las palabras con silencios, dio instrucciones para la supervivencia del grupo. \u00abHombre de acci\u00f3n ante todo, no quer\u00eda que la muerte le sorprendiera; quer\u00eda que le interrumpiera\u00bb. La mayor parte de los que asistieron a sus funerales, en la capilla de los lazaristas de la calle S\u00e8vres, ignoraban la extensi\u00f3n de sus amistades y la diversidad de su acci\u00f3n, tanta discreci\u00f3n hab\u00eda demostrado y tanto hab\u00eda tabicado su vida. Fue una sorpresa cuando se vio, codo con codo, a los representantes de la Academia francesa, de la nunciatura apost\u00f3lica, del ministerio de Asuntos exteriores, del Instituto cat\u00f3lico, del Colegio de Francia y de varias facultades. Los alumnos cat\u00f3licos de la Escuela normal superior se encontraron por primera vez con las Damas de la Uni\u00f3n. Despu\u00e9s de la misa de difuntos, que fue celebrada por el superior de la casa de Gentilly, Jean Guitton pens\u00f3 en lo que le hab\u00eda dicho Portal de regreso de los funerales del cardenal Mercier: \u00abEra muy triste, y sin embargo no se pod\u00eda estar triste\u00bb.<\/p>\n<p>El cuerpo fue llevado al pante\u00f3n de los lazaristas, en Montparnasse. All\u00ed estuvo un a\u00f1o. Despu\u00e9s de la guerra, Portal hab\u00eda mandado construir, al lado del orfanato de las Corbi\u00e8res, una capilla con c\u00fapula, en forma de cruz griega, y hab\u00eda expresado el deseo de ser enterrado en la cripta. \u00abQuerr\u00eda descansar en esta monta\u00f1a que quiero tanto, cerca de los ni\u00f1os que rezar\u00edan por m\u00ed532\u00bb. El deseo fue escuchado en 1927, una vez que la capilla fuera dedicada por el arzobispo de Chamb\u00e9ry a Cristo Redentor. Mme Gallice muri\u00f3 en 1932 y fue, tambi\u00e9n ella, enterrada en la cripta.. Ellos descansan uno frente a otro. De esta manera las hu\u00e9rfanas, sus hijas en el sentido de la caridad, no dejaron de unirlos en sus oraciones.<\/p>\n","protected":false},"excerpt":{"rendered":"<p>Cap\u00edtulo III: Nuevas fronteras Con la aprobaci\u00f3n del sucesor de Mercier, Mons Van Roey, la sexta conversaci\u00f3n de Malinas deb\u00eda celebrarse el 20 y el 27 de junio. Se pretend\u00eda, como se lo escrib\u00eda Batiffol &#8230; <a href=\"http:\/\/vincentians.com\/es\/el-senor-portal-y-los-suyos-1855-1926-39\/\" class=\"more-link\">Read More<\/a><\/p>\n","protected":false},"author":5,"featured_media":128852,"comment_status":"open","ping_status":"open","sticky":false,"template":"","format":"standard","meta":{"jetpack_post_was_ever_published":false,"_jetpack_newsletter_access":"","_jetpack_dont_email_post_to_subs":false,"_jetpack_newsletter_tier_id":0,"_jetpack_memberships_contains_paywalled_content":false,"_jetpack_memberships_contains_paid_content":false,"footnotes":"","jetpack_publicize_message":"","jetpack_publicize_feature_enabled":true,"jetpack_social_post_already_shared":true,"jetpack_social_options":{"image_generator_settings":{"template":"highway","default_image_id":0,"font":"","enabled":false},"version":2}},"categories":[214],"tags":[228,261,144,172,143],"class_list":["post-128953","post","type-post","status-publish","format-standard","has-post-thumbnail","hentry","category-historia-de-la-congregacion-de-la-mision","tag-calvet","tag-jean-guitton","tag-lambert","tag-pobreza","tag-san-lazaro"],"yoast_head":"<!-- This site is optimized with the Yoast SEO plugin v26.3 - https:\/\/yoast.com\/wordpress\/plugins\/seo\/ -->\n<title>El Se\u00f1or Portal y los suyos (1855-1926) (39) - Somos Vicencianos<\/title>\n<meta name=\"robots\" content=\"index, follow, max-snippet:-1, max-image-preview:large, max-video-preview:-1\" \/>\n<link rel=\"canonical\" href=\"http:\/\/vincentians.com\/es\/el-senor-portal-y-los-suyos-1855-1926-39\/\" \/>\n<meta property=\"og:locale\" content=\"es_ES\" \/>\n<meta property=\"og:type\" content=\"article\" \/>\n<meta property=\"og:title\" content=\"El Se\u00f1or Portal y los suyos (1855-1926) (39) - Somos Vicencianos\" \/>\n<meta property=\"og:description\" content=\"Cap\u00edtulo III: Nuevas fronteras Con la aprobaci\u00f3n del sucesor de Mercier, Mons Van Roey, la sexta conversaci\u00f3n de Malinas deb\u00eda celebrarse el 20 y el 27 de junio. Se pretend\u00eda, como se lo escrib\u00eda Batiffol ... Read More\" \/>\n<meta property=\"og:url\" content=\"http:\/\/vincentians.com\/es\/el-senor-portal-y-los-suyos-1855-1926-39\/\" \/>\n<meta property=\"og:site_name\" content=\"Somos Vicencianos\" \/>\n<meta property=\"article:publisher\" content=\"https:\/\/www.facebook.com\/WeAreVincentians\/\" \/>\n<meta property=\"article:published_time\" content=\"2014-03-02T07:01:24+00:00\" \/>\n<meta property=\"article:modified_time\" content=\"2016-07-27T10:18:38+00:00\" \/>\n<meta name=\"author\" content=\"Mitxel Olabu\u00e9naga\" \/>\n<meta name=\"twitter:card\" content=\"summary_large_image\" \/>\n<meta name=\"twitter:creator\" content=\"@WeVincentians\" \/>\n<meta name=\"twitter:site\" content=\"@WeVincentians\" \/>\n<meta name=\"twitter:label1\" content=\"Escrito por\" \/>\n\t<meta name=\"twitter:data1\" content=\"Mitxel Olabu\u00e9naga\" \/>\n\t<meta name=\"twitter:label2\" content=\"Tiempo de lectura\" \/>\n\t<meta name=\"twitter:data2\" content=\"9 minutos\" \/>\n<script type=\"application\/ld+json\" class=\"yoast-schema-graph\">{\"@context\":\"https:\/\/schema.org\",\"@graph\":[{\"@type\":\"Article\",\"@id\":\"http:\/\/vincentians.com\/es\/el-senor-portal-y-los-suyos-1855-1926-39\/#article\",\"isPartOf\":{\"@id\":\"http:\/\/vincentians.com\/es\/el-senor-portal-y-los-suyos-1855-1926-39\/\"},\"author\":{\"name\":\"Mitxel Olabu\u00e9naga\",\"@id\":\"http:\/\/vincentians.com\/es\/#\/schema\/person\/7c2670b4445a7ca9d164ea6acdb31859\"},\"headline\":\"El Se\u00f1or Portal y los suyos (1855-1926) (39)\",\"datePublished\":\"2014-03-02T07:01:24+00:00\",\"dateModified\":\"2016-07-27T10:18:38+00:00\",\"mainEntityOfPage\":{\"@id\":\"http:\/\/vincentians.com\/es\/el-senor-portal-y-los-suyos-1855-1926-39\/\"},\"wordCount\":1858,\"commentCount\":0,\"publisher\":{\"@id\":\"http:\/\/vincentians.com\/es\/#organization\"},\"image\":{\"@id\":\"http:\/\/vincentians.com\/es\/el-senor-portal-y-los-suyos-1855-1926-39\/#primaryimage\"},\"thumbnailUrl\":\"\",\"keywords\":[\"Calvet\",\"Jean Guitton\",\"Lambert\",\"Pobreza\",\"San L\u00e1zaro\"],\"articleSection\":[\"Historia de la Congregaci\u00f3n de la Misi\u00f3n\"],\"inLanguage\":\"es\",\"potentialAction\":[{\"@type\":\"CommentAction\",\"name\":\"Comment\",\"target\":[\"http:\/\/vincentians.com\/es\/el-senor-portal-y-los-suyos-1855-1926-39\/#respond\"]}]},{\"@type\":\"WebPage\",\"@id\":\"http:\/\/vincentians.com\/es\/el-senor-portal-y-los-suyos-1855-1926-39\/\",\"url\":\"http:\/\/vincentians.com\/es\/el-senor-portal-y-los-suyos-1855-1926-39\/\",\"name\":\"El Se\u00f1or Portal y los suyos (1855-1926) (39) - Somos Vicencianos\",\"isPartOf\":{\"@id\":\"http:\/\/vincentians.com\/es\/#website\"},\"primaryImageOfPage\":{\"@id\":\"http:\/\/vincentians.com\/es\/el-senor-portal-y-los-suyos-1855-1926-39\/#primaryimage\"},\"image\":{\"@id\":\"http:\/\/vincentians.com\/es\/el-senor-portal-y-los-suyos-1855-1926-39\/#primaryimage\"},\"thumbnailUrl\":\"\",\"datePublished\":\"2014-03-02T07:01:24+00:00\",\"dateModified\":\"2016-07-27T10:18:38+00:00\",\"breadcrumb\":{\"@id\":\"http:\/\/vincentians.com\/es\/el-senor-portal-y-los-suyos-1855-1926-39\/#breadcrumb\"},\"inLanguage\":\"es\",\"potentialAction\":[{\"@type\":\"ReadAction\",\"target\":[\"http:\/\/vincentians.com\/es\/el-senor-portal-y-los-suyos-1855-1926-39\/\"]}]},{\"@type\":\"ImageObject\",\"inLanguage\":\"es\",\"@id\":\"http:\/\/vincentians.com\/es\/el-senor-portal-y-los-suyos-1855-1926-39\/#primaryimage\",\"url\":\"\",\"contentUrl\":\"\"},{\"@type\":\"BreadcrumbList\",\"@id\":\"http:\/\/vincentians.com\/es\/el-senor-portal-y-los-suyos-1855-1926-39\/#breadcrumb\",\"itemListElement\":[{\"@type\":\"ListItem\",\"position\":1,\"name\":\"Portada\",\"item\":\"http:\/\/vincentians.com\/es\/\"},{\"@type\":\"ListItem\",\"position\":2,\"name\":\"El Se\u00f1or Portal y los suyos (1855-1926) (39)\"}]},{\"@type\":\"WebSite\",\"@id\":\"http:\/\/vincentians.com\/es\/#website\",\"url\":\"http:\/\/vincentians.com\/es\/\",\"name\":\"Somos Vicencianos\",\"description\":\"Know more to serve more\",\"publisher\":{\"@id\":\"http:\/\/vincentians.com\/es\/#organization\"},\"potentialAction\":[{\"@type\":\"SearchAction\",\"target\":{\"@type\":\"EntryPoint\",\"urlTemplate\":\"http:\/\/vincentians.com\/es\/?s={search_term_string}\"},\"query-input\":{\"@type\":\"PropertyValueSpecification\",\"valueRequired\":true,\"valueName\":\"search_term_string\"}}],\"inLanguage\":\"es\"},{\"@type\":\"Organization\",\"@id\":\"http:\/\/vincentians.com\/es\/#organization\",\"name\":\"The Vincentian Network\",\"url\":\"http:\/\/vincentians.com\/es\/\",\"logo\":{\"@type\":\"ImageObject\",\"inLanguage\":\"es\",\"@id\":\"http:\/\/vincentians.com\/es\/#\/schema\/logo\/image\/\",\"url\":\"https:\/\/i1.wp.com\/vincentians.com\/es\/wp-content\/uploads\/sites\/11\/2016\/06\/Vincentian-Network-logo-big.png?fit=778%2C778\",\"contentUrl\":\"https:\/\/i1.wp.com\/vincentians.com\/es\/wp-content\/uploads\/sites\/11\/2016\/06\/Vincentian-Network-logo-big.png?fit=778%2C778\",\"width\":778,\"height\":778,\"caption\":\"The Vincentian Network\"},\"image\":{\"@id\":\"http:\/\/vincentians.com\/es\/#\/schema\/logo\/image\/\"},\"sameAs\":[\"https:\/\/www.facebook.com\/WeAreVincentians\/\",\"https:\/\/x.com\/WeVincentians\"]},{\"@type\":\"Person\",\"@id\":\"http:\/\/vincentians.com\/es\/#\/schema\/person\/7c2670b4445a7ca9d164ea6acdb31859\",\"name\":\"Mitxel Olabu\u00e9naga\",\"image\":{\"@type\":\"ImageObject\",\"inLanguage\":\"es\",\"@id\":\"http:\/\/vincentians.com\/es\/#\/schema\/person\/image\/\",\"url\":\"https:\/\/secure.gravatar.com\/avatar\/34137ec2e2b8939cbbed975731e71f3f4f1defc7266ded337a5ce0f925426877?s=96&d=mm&r=g\",\"contentUrl\":\"https:\/\/secure.gravatar.com\/avatar\/34137ec2e2b8939cbbed975731e71f3f4f1defc7266ded337a5ce0f925426877?s=96&d=mm&r=g\",\"caption\":\"Mitxel Olabu\u00e9naga\"},\"url\":\"http:\/\/vincentians.com\/es\/author\/mitxel\/\"}]}<\/script>\n<!-- \/ Yoast SEO plugin. -->","yoast_head_json":{"title":"El Se\u00f1or Portal y los suyos (1855-1926) (39) - Somos Vicencianos","robots":{"index":"index","follow":"follow","max-snippet":"max-snippet:-1","max-image-preview":"max-image-preview:large","max-video-preview":"max-video-preview:-1"},"canonical":"http:\/\/vincentians.com\/es\/el-senor-portal-y-los-suyos-1855-1926-39\/","og_locale":"es_ES","og_type":"article","og_title":"El Se\u00f1or Portal y los suyos (1855-1926) (39) - Somos Vicencianos","og_description":"Cap\u00edtulo III: Nuevas fronteras Con la aprobaci\u00f3n del sucesor de Mercier, Mons Van Roey, la sexta conversaci\u00f3n de Malinas deb\u00eda celebrarse el 20 y el 27 de junio. Se pretend\u00eda, como se lo escrib\u00eda Batiffol ... Read More","og_url":"http:\/\/vincentians.com\/es\/el-senor-portal-y-los-suyos-1855-1926-39\/","og_site_name":"Somos Vicencianos","article_publisher":"https:\/\/www.facebook.com\/WeAreVincentians\/","article_published_time":"2014-03-02T07:01:24+00:00","article_modified_time":"2016-07-27T10:18:38+00:00","author":"Mitxel Olabu\u00e9naga","twitter_card":"summary_large_image","twitter_creator":"@WeVincentians","twitter_site":"@WeVincentians","twitter_misc":{"Escrito por":"Mitxel Olabu\u00e9naga","Tiempo de lectura":"9 minutos"},"schema":{"@context":"https:\/\/schema.org","@graph":[{"@type":"Article","@id":"http:\/\/vincentians.com\/es\/el-senor-portal-y-los-suyos-1855-1926-39\/#article","isPartOf":{"@id":"http:\/\/vincentians.com\/es\/el-senor-portal-y-los-suyos-1855-1926-39\/"},"author":{"name":"Mitxel Olabu\u00e9naga","@id":"http:\/\/vincentians.com\/es\/#\/schema\/person\/7c2670b4445a7ca9d164ea6acdb31859"},"headline":"El Se\u00f1or Portal y los suyos (1855-1926) (39)","datePublished":"2014-03-02T07:01:24+00:00","dateModified":"2016-07-27T10:18:38+00:00","mainEntityOfPage":{"@id":"http:\/\/vincentians.com\/es\/el-senor-portal-y-los-suyos-1855-1926-39\/"},"wordCount":1858,"commentCount":0,"publisher":{"@id":"http:\/\/vincentians.com\/es\/#organization"},"image":{"@id":"http:\/\/vincentians.com\/es\/el-senor-portal-y-los-suyos-1855-1926-39\/#primaryimage"},"thumbnailUrl":"","keywords":["Calvet","Jean Guitton","Lambert","Pobreza","San L\u00e1zaro"],"articleSection":["Historia de la Congregaci\u00f3n de la Misi\u00f3n"],"inLanguage":"es","potentialAction":[{"@type":"CommentAction","name":"Comment","target":["http:\/\/vincentians.com\/es\/el-senor-portal-y-los-suyos-1855-1926-39\/#respond"]}]},{"@type":"WebPage","@id":"http:\/\/vincentians.com\/es\/el-senor-portal-y-los-suyos-1855-1926-39\/","url":"http:\/\/vincentians.com\/es\/el-senor-portal-y-los-suyos-1855-1926-39\/","name":"El Se\u00f1or Portal y los suyos (1855-1926) (39) - Somos Vicencianos","isPartOf":{"@id":"http:\/\/vincentians.com\/es\/#website"},"primaryImageOfPage":{"@id":"http:\/\/vincentians.com\/es\/el-senor-portal-y-los-suyos-1855-1926-39\/#primaryimage"},"image":{"@id":"http:\/\/vincentians.com\/es\/el-senor-portal-y-los-suyos-1855-1926-39\/#primaryimage"},"thumbnailUrl":"","datePublished":"2014-03-02T07:01:24+00:00","dateModified":"2016-07-27T10:18:38+00:00","breadcrumb":{"@id":"http:\/\/vincentians.com\/es\/el-senor-portal-y-los-suyos-1855-1926-39\/#breadcrumb"},"inLanguage":"es","potentialAction":[{"@type":"ReadAction","target":["http:\/\/vincentians.com\/es\/el-senor-portal-y-los-suyos-1855-1926-39\/"]}]},{"@type":"ImageObject","inLanguage":"es","@id":"http:\/\/vincentians.com\/es\/el-senor-portal-y-los-suyos-1855-1926-39\/#primaryimage","url":"","contentUrl":""},{"@type":"BreadcrumbList","@id":"http:\/\/vincentians.com\/es\/el-senor-portal-y-los-suyos-1855-1926-39\/#breadcrumb","itemListElement":[{"@type":"ListItem","position":1,"name":"Portada","item":"http:\/\/vincentians.com\/es\/"},{"@type":"ListItem","position":2,"name":"El Se\u00f1or Portal y los suyos (1855-1926) (39)"}]},{"@type":"WebSite","@id":"http:\/\/vincentians.com\/es\/#website","url":"http:\/\/vincentians.com\/es\/","name":"Somos Vicencianos","description":"Know more to serve more","publisher":{"@id":"http:\/\/vincentians.com\/es\/#organization"},"potentialAction":[{"@type":"SearchAction","target":{"@type":"EntryPoint","urlTemplate":"http:\/\/vincentians.com\/es\/?s={search_term_string}"},"query-input":{"@type":"PropertyValueSpecification","valueRequired":true,"valueName":"search_term_string"}}],"inLanguage":"es"},{"@type":"Organization","@id":"http:\/\/vincentians.com\/es\/#organization","name":"The Vincentian Network","url":"http:\/\/vincentians.com\/es\/","logo":{"@type":"ImageObject","inLanguage":"es","@id":"http:\/\/vincentians.com\/es\/#\/schema\/logo\/image\/","url":"https:\/\/i1.wp.com\/vincentians.com\/es\/wp-content\/uploads\/sites\/11\/2016\/06\/Vincentian-Network-logo-big.png?fit=778%2C778","contentUrl":"https:\/\/i1.wp.com\/vincentians.com\/es\/wp-content\/uploads\/sites\/11\/2016\/06\/Vincentian-Network-logo-big.png?fit=778%2C778","width":778,"height":778,"caption":"The Vincentian Network"},"image":{"@id":"http:\/\/vincentians.com\/es\/#\/schema\/logo\/image\/"},"sameAs":["https:\/\/www.facebook.com\/WeAreVincentians\/","https:\/\/x.com\/WeVincentians"]},{"@type":"Person","@id":"http:\/\/vincentians.com\/es\/#\/schema\/person\/7c2670b4445a7ca9d164ea6acdb31859","name":"Mitxel Olabu\u00e9naga","image":{"@type":"ImageObject","inLanguage":"es","@id":"http:\/\/vincentians.com\/es\/#\/schema\/person\/image\/","url":"https:\/\/secure.gravatar.com\/avatar\/34137ec2e2b8939cbbed975731e71f3f4f1defc7266ded337a5ce0f925426877?s=96&d=mm&r=g","contentUrl":"https:\/\/secure.gravatar.com\/avatar\/34137ec2e2b8939cbbed975731e71f3f4f1defc7266ded337a5ce0f925426877?s=96&d=mm&r=g","caption":"Mitxel Olabu\u00e9naga"},"url":"http:\/\/vincentians.com\/es\/author\/mitxel\/"}]}},"jetpack_publicize_connections":[],"jetpack_featured_media_url":"","jetpack_sharing_enabled":true,"jetpack_shortlink":"https:\/\/wp.me\/p7ETMF-xxT","jetpack-related-posts":[{"id":1284,"url":"http:\/\/vincentians.com\/es\/luisa-de-marillac-calvet\/","url_meta":{"origin":128953,"position":0},"title":"Luisa de Marillac (por Jean Calvet)","author":"Francisco Javier Fern\u00e1ndez Chento","date":"01\/06\/2011","format":false,"excerpt":"Este libro que emprend\u00ed hace diez a\u00f1os, a continuaci\u00f3n de San Vicente de Pa\u00fal, no hab\u00eda sido publicado ni siquiera completamente acabado, por razones ajenas a mi voluntad. Si hoy vuelvo a tomarlo en consideraci\u00f3n, no es porque responda ahora a una necesidad, ya que existen muchas biograf\u00edas de Luisa\u2026","rel":"","context":"En \u00abLuisa de Marillac\u00bb","block_context":{"text":"Luisa de Marillac","link":"http:\/\/vincentians.com\/es\/category\/la-familia-vicenciana\/fundadores\/luisa-de-marillac\/"},"img":{"alt_text":"Luisa de Marillac","src":"https:\/\/i0.wp.com\/vicencianos.org\/wp-content\/2011\/04\/1624_03-250x300.jpg?resize=350%2C200","width":350,"height":200},"classes":[]},{"id":128514,"url":"http:\/\/vincentians.com\/es\/el-senor-portal-y-los-suyos-1855-1926-20\/","url_meta":{"origin":128953,"position":1},"title":"El Se\u00f1or Portal y los suyos (1855-1926) (20)","author":"Mitxel Olabu\u00e9naga","date":"07\/02\/2025","format":false,"excerpt":"Cap\u00edtulo IX: Protestantes de Francia y de Alemania Portal descubre por fin a los protestantes franceses Mientras sus colaboradores surcaban Gran Breta\u00f1a y Rusia, Portal integraba en sus actividades unionistas a los cristianos m\u00e1s alejados: a los protestantes franceses. Era el momento en que la mayor\u00eda de los cat\u00f3licos denunciaban\u2026","rel":"","context":"En \u00abHistoria de la Congregaci\u00f3n de la Misi\u00f3n\u00bb","block_context":{"text":"Historia de la Congregaci\u00f3n de la Misi\u00f3n","link":"http:\/\/vincentians.com\/es\/category\/historia-de-la-familia-vicenciana\/historia-de-la-congregacion-de-la-mision\/"},"img":{"alt_text":"","src":"","width":0,"height":0},"classes":[]},{"id":95460,"url":"http:\/\/vincentians.com\/es\/fernando-portal-paul-cien-por-cien\/","url_meta":{"origin":128953,"position":2},"title":"Fernando Portal, Pa\u00fal cien por cien","author":"Mitxel Olabu\u00e9naga","date":"05\/06\/2018","format":false,"excerpt":"\u00a0 \"Este a quien veis delante de vosotros es un sacerdote franc\u00e9s humil\u00adde hijo de San Vicente.\" As\u00ed es como se presentaba el P. Fernando Por\u00adtal el 13 de julio de 1896, en Londres, ante la asamblea compuesta, en su mayor parte, por pastores anglicanos. Poniendo delante su carnet de\u2026","rel":"","context":"En \u00abBiograf\u00edas de Misioneros Pa\u00fales\u00bb","block_context":{"text":"Biograf\u00edas de Misioneros Pa\u00fales","link":"http:\/\/vincentians.com\/es\/category\/la-familia-vicenciana\/biografias-vicencianas\/biografias-de-misioneros-paules\/"},"img":{"alt_text":"","src":"https:\/\/i0.wp.com\/vincentians.com\/es\/wp-content\/uploads\/sites\/11\/2016\/07\/bio-cm.jpg?fit=1200%2C630&resize=350%2C200","width":350,"height":200,"srcset":"https:\/\/i0.wp.com\/vincentians.com\/es\/wp-content\/uploads\/sites\/11\/2016\/07\/bio-cm.jpg?fit=1200%2C630&resize=350%2C200 1x, https:\/\/i0.wp.com\/vincentians.com\/es\/wp-content\/uploads\/sites\/11\/2016\/07\/bio-cm.jpg?fit=1200%2C630&resize=525%2C300 1.5x, https:\/\/i0.wp.com\/vincentians.com\/es\/wp-content\/uploads\/sites\/11\/2016\/07\/bio-cm.jpg?fit=1200%2C630&resize=700%2C400 2x, https:\/\/i0.wp.com\/vincentians.com\/es\/wp-content\/uploads\/sites\/11\/2016\/07\/bio-cm.jpg?fit=1200%2C630&resize=1050%2C600 3x"},"classes":[]},{"id":127782,"url":"http:\/\/vincentians.com\/es\/el-senor-portal-y-los-suyos-1855-1926-13\/","url_meta":{"origin":128953,"position":3},"title":"El Se\u00f1or Portal y los suyos (1855-1926) (13)","author":"Mitxel Olabu\u00e9naga","date":"27\/11\/2024","format":false,"excerpt":"Cap\u00edtulo II: El Seminario San Vicente de Pa\u00fal: Ense\u00f1anza Portal entre Newman y el Se\u00f1or Vicente Los aires que corr\u00edan entonces no tentaban a Portal a encerrarse en el cometido \u00fatil pero subalterno de simple provisor de vituallas. A partir de 1901, con la muerte del sue\u00f1o romano, con la\u2026","rel":"","context":"En \u00abHistoria de la Congregaci\u00f3n de la Misi\u00f3n\u00bb","block_context":{"text":"Historia de la Congregaci\u00f3n de la Misi\u00f3n","link":"http:\/\/vincentians.com\/es\/category\/historia-de-la-familia-vicenciana\/historia-de-la-congregacion-de-la-mision\/"},"img":{"alt_text":"","src":"https:\/\/i0.wp.com\/vincentians.com\/es\/wp-content\/uploads\/sites\/11\/2019\/11\/hijas-caridaqd.jpg?fit=1200%2C675&resize=350%2C200","width":350,"height":200,"srcset":"https:\/\/i0.wp.com\/vincentians.com\/es\/wp-content\/uploads\/sites\/11\/2019\/11\/hijas-caridaqd.jpg?fit=1200%2C675&resize=350%2C200 1x, https:\/\/i0.wp.com\/vincentians.com\/es\/wp-content\/uploads\/sites\/11\/2019\/11\/hijas-caridaqd.jpg?fit=1200%2C675&resize=525%2C300 1.5x, https:\/\/i0.wp.com\/vincentians.com\/es\/wp-content\/uploads\/sites\/11\/2019\/11\/hijas-caridaqd.jpg?fit=1200%2C675&resize=700%2C400 2x, https:\/\/i0.wp.com\/vincentians.com\/es\/wp-content\/uploads\/sites\/11\/2019\/11\/hijas-caridaqd.jpg?fit=1200%2C675&resize=1050%2C600 3x"},"classes":[]},{"id":128520,"url":"http:\/\/vincentians.com\/es\/el-senor-portal-y-los-suyos-1855-1926-23\/","url_meta":{"origin":128953,"position":4},"title":"El Se\u00f1or Portal y los suyos (1855-1926) (23)","author":"Mitxel Olabu\u00e9naga","date":"27\/02\/2025","format":false,"excerpt":"Tercera parte: Calle de Grenelle I Javel Cap\u00edtulo I: Calle de Grenelle Del Cherche-Midi a la calle de Grenelle En el momento de su destituci\u00f3n, en junio de 1908, Portal reproch\u00f3 al Se\u00f1or Fiat su timidez y sus prisas por adelantarse a los deseos del cardenal Merry del Val. Es\u2026","rel":"","context":"En \u00abHistoria de la Congregaci\u00f3n de la Misi\u00f3n\u00bb","block_context":{"text":"Historia de la Congregaci\u00f3n de la Misi\u00f3n","link":"http:\/\/vincentians.com\/es\/category\/historia-de-la-familia-vicenciana\/historia-de-la-congregacion-de-la-mision\/"},"img":{"alt_text":"","src":"","width":0,"height":0},"classes":[]},{"id":128857,"url":"http:\/\/vincentians.com\/es\/el-senor-portal-y-los-suyos-1855-1926-37\/","url_meta":{"origin":128953,"position":5},"title":"El Se\u00f1or Portal y los suyos (1855-1926) (37)","author":"Mitxel Olabu\u00e9naga","date":"19\/06\/2025","format":false,"excerpt":"Cuarta parte: La herencia Cap\u00edtulo I: La herencia en peligro La crisis rusa de la Iglesia romana En Malinas, entre Lord Halifax y el cardenal Mercier, Portal vivi\u00f3 sin duda algunas de sus horas m\u00e1s hermosas. No dejaba de ser por ello menos un hombre de aire libre que prefer\u00eda\u2026","rel":"","context":"En \u00abHistoria de la Congregaci\u00f3n de la Misi\u00f3n\u00bb","block_context":{"text":"Historia de la Congregaci\u00f3n de la Misi\u00f3n","link":"http:\/\/vincentians.com\/es\/category\/historia-de-la-familia-vicenciana\/historia-de-la-congregacion-de-la-mision\/"},"img":{"alt_text":"","src":"https:\/\/i0.wp.com\/vincentians.com\/es\/wp-content\/uploads\/sites\/11\/2023\/08\/aaaf.jpg?fit=1200%2C827&resize=350%2C200","width":350,"height":200,"srcset":"https:\/\/i0.wp.com\/vincentians.com\/es\/wp-content\/uploads\/sites\/11\/2023\/08\/aaaf.jpg?fit=1200%2C827&resize=350%2C200 1x, https:\/\/i0.wp.com\/vincentians.com\/es\/wp-content\/uploads\/sites\/11\/2023\/08\/aaaf.jpg?fit=1200%2C827&resize=525%2C300 1.5x, https:\/\/i0.wp.com\/vincentians.com\/es\/wp-content\/uploads\/sites\/11\/2023\/08\/aaaf.jpg?fit=1200%2C827&resize=700%2C400 2x, https:\/\/i0.wp.com\/vincentians.com\/es\/wp-content\/uploads\/sites\/11\/2023\/08\/aaaf.jpg?fit=1200%2C827&resize=1050%2C600 3x"},"classes":[]}],"_links":{"self":[{"href":"http:\/\/vincentians.com\/es\/wp-json\/wp\/v2\/posts\/128953","targetHints":{"allow":["GET"]}}],"collection":[{"href":"http:\/\/vincentians.com\/es\/wp-json\/wp\/v2\/posts"}],"about":[{"href":"http:\/\/vincentians.com\/es\/wp-json\/wp\/v2\/types\/post"}],"author":[{"embeddable":true,"href":"http:\/\/vincentians.com\/es\/wp-json\/wp\/v2\/users\/5"}],"replies":[{"embeddable":true,"href":"http:\/\/vincentians.com\/es\/wp-json\/wp\/v2\/comments?post=128953"}],"version-history":[{"count":0,"href":"http:\/\/vincentians.com\/es\/wp-json\/wp\/v2\/posts\/128953\/revisions"}],"wp:featuredmedia":[{"embeddable":true,"href":"http:\/\/vincentians.com\/es\/wp-json\/"}],"wp:attachment":[{"href":"http:\/\/vincentians.com\/es\/wp-json\/wp\/v2\/media?parent=128953"}],"wp:term":[{"taxonomy":"category","embeddable":true,"href":"http:\/\/vincentians.com\/es\/wp-json\/wp\/v2\/categories?post=128953"},{"taxonomy":"post_tag","embeddable":true,"href":"http:\/\/vincentians.com\/es\/wp-json\/wp\/v2\/tags?post=128953"}],"curies":[{"name":"wp","href":"https:\/\/api.w.org\/{rel}","templated":true}]}}