{"id":12895,"date":"2010-03-19T00:01:52","date_gmt":"2010-03-18T23:01:52","guid":{"rendered":"http:\/\/www.vicencianos.org\/web\/2010\/03\/19\/vicente-de-paul-documento-101-acta-de-asociacion-de-los-primeros-misioneros\/"},"modified":"2016-07-26T19:51:06","modified_gmt":"2016-07-26T17:51:06","slug":"vicente-de-paul-documento-101-acta-de-asociacion-de-los-primeros-misioneros","status":"publish","type":"post","link":"http:\/\/vincentians.com\/es\/vicente-de-paul-documento-101-acta-de-asociacion-de-los-primeros-misioneros\/","title":{"rendered":"Vicente de Pa\u00fal, Documento 101: Acta De Asociacion De Los Primeros Misioneros"},"content":{"rendered":"<p>4 septiembre 1626<\/p>\n<p>El que suscribe Vicente de Pa\u00fal, sacerdote, director del colegio de Bons-Enfants, fundado en Par\u00eds junto a la puerta de Saint-Victor, declaro a quien pertenezca que, seg\u00fan la fundaci\u00f3n hecha por el se\u00f1or Felipe-Manuel de Gondy, conde de Joigny, general de las galeras de Francia, y por su difunta esposa Francisca Margarita de Silly, baronesa de Montmirail y de otros lugares, para el mantenimiento de unos cuantos eclesi\u00e1sticos reunidos y asociados para trabajar en la catequesis y la predicaci\u00f3n al estilo de las misiones y para preparar la confesi\u00f3n general del pobre pueblo del campo, seg\u00fan se indica en el contrato de fundaci\u00f3n firmado ante Juan Dupuys y Nicol\u00e1s Le Boucher, notarios y archiveros del rey en el Chatelet de Par\u00eds, el 17 de abril de 1625, habiendo sido aprobada y autorizada dicha fundaci\u00f3n por el ilustr\u00edsimo y reverend\u00edsimo se\u00f1or arzobispo de Par\u00eds, don Juan Francisco de Gondy, el 24 de dicho mes de 1626, con lo que se nos permite elegir a los eclesi\u00e1sticos que juzguemos id\u00f3neos para trabajar en esta buena obra.<\/p>\n<p>En virtud de lo anterior, despu\u00e9s de haber recibido pruebas durante un tiempo notable de la virtud y capacidad de Francisco du Coudray, sacerdote de la di\u00f3cesis de Amiens, de Antonio Portail, sacerdote de la di\u00f3cesis de Arles, y de Juan de la Salle, sacerdote de la di\u00f3cesis de Amiens, los hemos escogido, agregado y asociado, los escogemos, agregamos y asociamos a dicha obra, para vivir juntos en forma de congregaci\u00f3n, compa\u00f1\u00eda o cofrad\u00eda y para trabajar por la salvaci\u00f3n del pueblo pobre del campo, seg\u00fan dicha fundaci\u00f3n, y tras la s\u00faplica que nos han hecho los mencionados Coudray, Portail y la Salle, con la promesa de observar dicha fundaci\u00f3n y el reglamento particular que sobre la misma hemos escrito, de obedecerme a m\u00ed y a mis sucesores, permaneciendo bajo mi direcci\u00f3n, gobierno y jurisdicci\u00f3n. As\u00ed lo aceptamos los infrascritos Coudray Portail y la Salle, someti\u00e9ndonos y prometiendo guardarlo inviolablemente.<\/p>\n<p>En fe de lo cual firmamos la presente con nuestra propia mano y la legalizamos ante notario.<\/p>\n<p>En Par\u00eds, en el colegio de Bons-Enfants, el 4 de septiembre de 1626.<\/p>\n<p>VICENTE DEPAUL, F. DU COUDRAY,. PORTAIL, J. DE LA SALLE<\/p>\n<p>En esta misma fecha comparecen ante los notarios y archiveros del rey nuestro se\u00f1or en el Chatelet de Par\u00eds los abajo firmantes se\u00f1or Vicente de Pa\u00fal, capell\u00e1n real de las galeras de Francia y director del colegio de Bons-Enfants, fundado en la universidad de Par\u00eds, y residente en el mismo, junto a la puerta de Saint-Victor, por una parte, y por otra los se\u00f1ores Francisco du Coudray, sacerdote de la di\u00f3cesis de Amiens, Antonio Portail, sacerdote de la di\u00f3cesis de Arles, y Juan de la Salle, sacerdote de la di\u00f3cesis de Amiens; dichas partes reconocen y confiesan haber escrito, a saber el se\u00f1or Coudray y con \u00e9l todos los dem\u00e1s, y haber firmado con su r\u00fabrica habitual que acostumbran a usar en sus asuntos, el convenio anterior, prometiendo cada uno de su parte mantenerlo y cumplirlo puntualmente, seg\u00fan su forma y tenor, sin faltar a \u00e9l de ninguna forma, prometiendo, oblig\u00e1ndose y renunciado.<\/p>\n<p>En nuestro despacho, en la ma\u00f1ana del d\u00eda 4 de septiembre de 1626; firman:<\/p>\n<p>VICENTE DEPAUL, DU COUDRAY, PORTAIL, DE LA SALLE, SAULNIER, CHARLES<\/p>\n","protected":false},"excerpt":{"rendered":"<p>4 septiembre 1626 El que suscribe Vicente de Pa\u00fal, sacerdote, director del colegio de Bons-Enfants, fundado en Par\u00eds junto a la puerta de Saint-Victor, declaro a quien pertenezca que, seg\u00fan la fundaci\u00f3n hecha por el &#8230; <a href=\"http:\/\/vincentians.com\/es\/vicente-de-paul-documento-101-acta-de-asociacion-de-los-primeros-misioneros\/\" class=\"more-link\">Read More<\/a><\/p>\n","protected":false},"author":4,"featured_media":393753,"comment_status":"open","ping_status":"open","sticky":false,"template":"","format":"standard","meta":{"jetpack_post_was_ever_published":false,"_jetpack_newsletter_access":"","_jetpack_dont_email_post_to_subs":false,"_jetpack_newsletter_tier_id":0,"_jetpack_memberships_contains_paywalled_content":false,"_jetpack_memberships_contains_paid_content":false,"footnotes":"","jetpack_publicize_message":"","jetpack_publicize_feature_enabled":true,"jetpack_social_post_already_shared":true,"jetpack_social_options":{"image_generator_settings":{"template":"highway","default_image_id":0,"font":"","enabled":false},"version":2}},"categories":[65],"tags":[124,125,131,127,128],"class_list":["post-12895","post","type-post","status-publish","format-standard","has-post-thumbnail","hentry","category-escritos-de-vicente-de-paul","tag-du-coudray","tag-joigny","tag-montmirail","tag-portail","tag-silly"],"yoast_head":"<!-- This site is optimized with the Yoast SEO plugin v26.3 - https:\/\/yoast.com\/wordpress\/plugins\/seo\/ -->\n<title>Vicente de Pa\u00fal, Documento 101: Acta De Asociacion De Los Primeros Misioneros - Somos Vicencianos<\/title>\n<meta name=\"robots\" content=\"index, follow, max-snippet:-1, max-image-preview:large, max-video-preview:-1\" \/>\n<link rel=\"canonical\" href=\"http:\/\/vincentians.com\/es\/vicente-de-paul-documento-101-acta-de-asociacion-de-los-primeros-misioneros\/\" \/>\n<meta property=\"og:locale\" content=\"es_ES\" \/>\n<meta property=\"og:type\" content=\"article\" \/>\n<meta property=\"og:title\" content=\"Vicente de Pa\u00fal, Documento 101: Acta De Asociacion De Los Primeros Misioneros - Somos Vicencianos\" \/>\n<meta property=\"og:description\" content=\"4 septiembre 1626 El que suscribe Vicente de Pa\u00fal, sacerdote, director del colegio de Bons-Enfants, fundado en Par\u00eds junto a la puerta de Saint-Victor, declaro a quien pertenezca que, seg\u00fan la fundaci\u00f3n hecha por el ... Read More\" \/>\n<meta property=\"og:url\" content=\"http:\/\/vincentians.com\/es\/vicente-de-paul-documento-101-acta-de-asociacion-de-los-primeros-misioneros\/\" \/>\n<meta property=\"og:site_name\" content=\"Somos Vicencianos\" \/>\n<meta property=\"article:publisher\" content=\"https:\/\/www.facebook.com\/WeAreVincentians\/\" \/>\n<meta property=\"article:author\" content=\"https:\/\/www.facebook.com\/JavierChento\" \/>\n<meta property=\"article:published_time\" content=\"2010-03-18T23:01:52+00:00\" \/>\n<meta property=\"article:modified_time\" content=\"2016-07-26T17:51:06+00:00\" \/>\n<meta property=\"og:image\" content=\"https:\/\/i0.wp.com\/vincentians.com\/es\/wp-content\/uploads\/sites\/11\/2016\/07\/escritos-vicente-de-paul.jpg?fit=1200%2C630\" \/>\n\t<meta property=\"og:image:width\" content=\"1200\" \/>\n\t<meta property=\"og:image:height\" content=\"630\" \/>\n\t<meta property=\"og:image:type\" content=\"image\/jpeg\" \/>\n<meta name=\"author\" content=\"Francisco Javier Fern\u00e1ndez Chento\" \/>\n<meta name=\"twitter:card\" content=\"summary_large_image\" \/>\n<meta name=\"twitter:creator\" content=\"@https:\/\/twitter.com\/javierchento\" \/>\n<meta name=\"twitter:site\" content=\"@WeVincentians\" \/>\n<meta name=\"twitter:label1\" content=\"Escrito por\" \/>\n\t<meta name=\"twitter:data1\" content=\"Francisco Javier Fern\u00e1ndez Chento\" \/>\n\t<meta name=\"twitter:label2\" content=\"Tiempo de lectura\" \/>\n\t<meta name=\"twitter:data2\" content=\"3 minutos\" \/>\n<script type=\"application\/ld+json\" class=\"yoast-schema-graph\">{\"@context\":\"https:\/\/schema.org\",\"@graph\":[{\"@type\":\"Article\",\"@id\":\"http:\/\/vincentians.com\/es\/vicente-de-paul-documento-101-acta-de-asociacion-de-los-primeros-misioneros\/#article\",\"isPartOf\":{\"@id\":\"http:\/\/vincentians.com\/es\/vicente-de-paul-documento-101-acta-de-asociacion-de-los-primeros-misioneros\/\"},\"author\":{\"name\":\"Francisco Javier Fern\u00e1ndez Chento\",\"@id\":\"http:\/\/vincentians.com\/es\/#\/schema\/person\/9623ef4d9aa3b2dfb8c061f1499288f2\"},\"headline\":\"Vicente de Pa\u00fal, Documento 101: Acta De Asociacion De Los Primeros Misioneros\",\"datePublished\":\"2010-03-18T23:01:52+00:00\",\"dateModified\":\"2016-07-26T17:51:06+00:00\",\"mainEntityOfPage\":{\"@id\":\"http:\/\/vincentians.com\/es\/vicente-de-paul-documento-101-acta-de-asociacion-de-los-primeros-misioneros\/\"},\"wordCount\":598,\"commentCount\":0,\"publisher\":{\"@id\":\"http:\/\/vincentians.com\/es\/#organization\"},\"image\":{\"@id\":\"http:\/\/vincentians.com\/es\/vicente-de-paul-documento-101-acta-de-asociacion-de-los-primeros-misioneros\/#primaryimage\"},\"thumbnailUrl\":\"https:\/\/i0.wp.com\/vincentians.com\/es\/wp-content\/uploads\/sites\/11\/2016\/07\/escritos-vicente-de-paul.jpg?fit=1200%2C630\",\"keywords\":[\"Du Coudray\",\"Joigny\",\"Montmirail\",\"Portail\",\"Silly\"],\"articleSection\":[\"Escritos de Vicente de Pa\u00fal\"],\"inLanguage\":\"es\",\"potentialAction\":[{\"@type\":\"CommentAction\",\"name\":\"Comment\",\"target\":[\"http:\/\/vincentians.com\/es\/vicente-de-paul-documento-101-acta-de-asociacion-de-los-primeros-misioneros\/#respond\"]}]},{\"@type\":\"WebPage\",\"@id\":\"http:\/\/vincentians.com\/es\/vicente-de-paul-documento-101-acta-de-asociacion-de-los-primeros-misioneros\/\",\"url\":\"http:\/\/vincentians.com\/es\/vicente-de-paul-documento-101-acta-de-asociacion-de-los-primeros-misioneros\/\",\"name\":\"Vicente de Pa\u00fal, Documento 101: Acta De Asociacion De Los Primeros Misioneros - Somos Vicencianos\",\"isPartOf\":{\"@id\":\"http:\/\/vincentians.com\/es\/#website\"},\"primaryImageOfPage\":{\"@id\":\"http:\/\/vincentians.com\/es\/vicente-de-paul-documento-101-acta-de-asociacion-de-los-primeros-misioneros\/#primaryimage\"},\"image\":{\"@id\":\"http:\/\/vincentians.com\/es\/vicente-de-paul-documento-101-acta-de-asociacion-de-los-primeros-misioneros\/#primaryimage\"},\"thumbnailUrl\":\"https:\/\/i0.wp.com\/vincentians.com\/es\/wp-content\/uploads\/sites\/11\/2016\/07\/escritos-vicente-de-paul.jpg?fit=1200%2C630\",\"datePublished\":\"2010-03-18T23:01:52+00:00\",\"dateModified\":\"2016-07-26T17:51:06+00:00\",\"breadcrumb\":{\"@id\":\"http:\/\/vincentians.com\/es\/vicente-de-paul-documento-101-acta-de-asociacion-de-los-primeros-misioneros\/#breadcrumb\"},\"inLanguage\":\"es\",\"potentialAction\":[{\"@type\":\"ReadAction\",\"target\":[\"http:\/\/vincentians.com\/es\/vicente-de-paul-documento-101-acta-de-asociacion-de-los-primeros-misioneros\/\"]}]},{\"@type\":\"ImageObject\",\"inLanguage\":\"es\",\"@id\":\"http:\/\/vincentians.com\/es\/vicente-de-paul-documento-101-acta-de-asociacion-de-los-primeros-misioneros\/#primaryimage\",\"url\":\"https:\/\/i0.wp.com\/vincentians.com\/es\/wp-content\/uploads\/sites\/11\/2016\/07\/escritos-vicente-de-paul.jpg?fit=1200%2C630\",\"contentUrl\":\"https:\/\/i0.wp.com\/vincentians.com\/es\/wp-content\/uploads\/sites\/11\/2016\/07\/escritos-vicente-de-paul.jpg?fit=1200%2C630\",\"width\":1200,\"height\":630},{\"@type\":\"BreadcrumbList\",\"@id\":\"http:\/\/vincentians.com\/es\/vicente-de-paul-documento-101-acta-de-asociacion-de-los-primeros-misioneros\/#breadcrumb\",\"itemListElement\":[{\"@type\":\"ListItem\",\"position\":1,\"name\":\"Portada\",\"item\":\"http:\/\/vincentians.com\/es\/\"},{\"@type\":\"ListItem\",\"position\":2,\"name\":\"Vicente de Pa\u00fal, Documento 101: Acta De Asociacion De Los Primeros Misioneros\"}]},{\"@type\":\"WebSite\",\"@id\":\"http:\/\/vincentians.com\/es\/#website\",\"url\":\"http:\/\/vincentians.com\/es\/\",\"name\":\"Somos Vicencianos\",\"description\":\"Know more to serve more\",\"publisher\":{\"@id\":\"http:\/\/vincentians.com\/es\/#organization\"},\"potentialAction\":[{\"@type\":\"SearchAction\",\"target\":{\"@type\":\"EntryPoint\",\"urlTemplate\":\"http:\/\/vincentians.com\/es\/?s={search_term_string}\"},\"query-input\":{\"@type\":\"PropertyValueSpecification\",\"valueRequired\":true,\"valueName\":\"search_term_string\"}}],\"inLanguage\":\"es\"},{\"@type\":\"Organization\",\"@id\":\"http:\/\/vincentians.com\/es\/#organization\",\"name\":\"The Vincentian Network\",\"url\":\"http:\/\/vincentians.com\/es\/\",\"logo\":{\"@type\":\"ImageObject\",\"inLanguage\":\"es\",\"@id\":\"http:\/\/vincentians.com\/es\/#\/schema\/logo\/image\/\",\"url\":\"https:\/\/i1.wp.com\/vincentians.com\/es\/wp-content\/uploads\/sites\/11\/2016\/06\/Vincentian-Network-logo-big.png?fit=778%2C778\",\"contentUrl\":\"https:\/\/i1.wp.com\/vincentians.com\/es\/wp-content\/uploads\/sites\/11\/2016\/06\/Vincentian-Network-logo-big.png?fit=778%2C778\",\"width\":778,\"height\":778,\"caption\":\"The Vincentian Network\"},\"image\":{\"@id\":\"http:\/\/vincentians.com\/es\/#\/schema\/logo\/image\/\"},\"sameAs\":[\"https:\/\/www.facebook.com\/WeAreVincentians\/\",\"https:\/\/x.com\/WeVincentians\"]},{\"@type\":\"Person\",\"@id\":\"http:\/\/vincentians.com\/es\/#\/schema\/person\/9623ef4d9aa3b2dfb8c061f1499288f2\",\"name\":\"Francisco Javier Fern\u00e1ndez Chento\",\"image\":{\"@type\":\"ImageObject\",\"inLanguage\":\"es\",\"@id\":\"http:\/\/vincentians.com\/es\/#\/schema\/person\/image\/\",\"url\":\"https:\/\/secure.gravatar.com\/avatar\/497d5cde87b4c3d097d0315953521681ba2cd523ee66e5077c3711f7021e65de?s=96&d=mm&r=g\",\"contentUrl\":\"https:\/\/secure.gravatar.com\/avatar\/497d5cde87b4c3d097d0315953521681ba2cd523ee66e5077c3711f7021e65de?s=96&d=mm&r=g\",\"caption\":\"Francisco Javier Fern\u00e1ndez Chento\"},\"description\":\"Director General y cofundador de La Red de Formaci\u00f3n Vicenciana. Javier es laico vicenciano, afiliado a la Congregaci\u00f3n de la Misi\u00f3n y miembro del Equipo de Misiones Populares de la provincia can\u00f3nica de Zaragoza (Espa\u00f1a) de la Congregaci\u00f3n de la Misi\u00f3n. Graduado en la Universidad Oberta de Catalunya con cuatro grados (Asistente de direcci\u00f3n, Gesti\u00f3n Administrativa, Recursos Humanos y Contabilidad Avanzada). Bil\u00edng\u00fce Espa\u00f1ol\/Ingl\u00e9s. gestiona y mantiene varias p\u00e1ginas web cristianas y vicencianas, incluida including La Red de Formaci\u00f3n Vicenciana, de la que es cofundador. Actualmente es responsable del \u00e1rea de Espa\u00f1ol de .famvin, la Red de Noticias de la Familia Vicenciana. Tambi\u00e9n es m\u00fasico cat\u00f3lico y ha editado varios discos. Es Director General y cofundador de Trovador, una reconocida compa\u00f1\u00eda discogr\u00e1fica critiana de Espa\u00f1a. Trabaja en las Tecnolog\u00edas de la Informaci\u00f3n, ofreciendo servicios de alojamiento, dise\u00f1o y mantenimiento Web, as\u00ed como asesoramiento, formaci\u00f3n y soluciones inform\u00e1ticas, gesti\u00f3n documental y digitalizaci\u00f3n de textos, edici\u00f3n y maquetaci\u00f3n de libros, revistas, flyers, etc.\",\"sameAs\":[\"http:\/\/chento.org\",\"https:\/\/www.facebook.com\/JavierChento\",\"https:\/\/x.com\/https:\/\/twitter.com\/javierchento\"],\"url\":\"http:\/\/vincentians.com\/es\/author\/chento\/\"}]}<\/script>\n<!-- \/ Yoast SEO plugin. -->","yoast_head_json":{"title":"Vicente de Pa\u00fal, Documento 101: Acta De Asociacion De Los Primeros Misioneros - Somos Vicencianos","robots":{"index":"index","follow":"follow","max-snippet":"max-snippet:-1","max-image-preview":"max-image-preview:large","max-video-preview":"max-video-preview:-1"},"canonical":"http:\/\/vincentians.com\/es\/vicente-de-paul-documento-101-acta-de-asociacion-de-los-primeros-misioneros\/","og_locale":"es_ES","og_type":"article","og_title":"Vicente de Pa\u00fal, Documento 101: Acta De Asociacion De Los Primeros Misioneros - Somos Vicencianos","og_description":"4 septiembre 1626 El que suscribe Vicente de Pa\u00fal, sacerdote, director del colegio de Bons-Enfants, fundado en Par\u00eds junto a la puerta de Saint-Victor, declaro a quien pertenezca que, seg\u00fan la fundaci\u00f3n hecha por el ... Read More","og_url":"http:\/\/vincentians.com\/es\/vicente-de-paul-documento-101-acta-de-asociacion-de-los-primeros-misioneros\/","og_site_name":"Somos Vicencianos","article_publisher":"https:\/\/www.facebook.com\/WeAreVincentians\/","article_author":"https:\/\/www.facebook.com\/JavierChento","article_published_time":"2010-03-18T23:01:52+00:00","article_modified_time":"2016-07-26T17:51:06+00:00","og_image":[{"width":1200,"height":630,"url":"https:\/\/i0.wp.com\/vincentians.com\/es\/wp-content\/uploads\/sites\/11\/2016\/07\/escritos-vicente-de-paul.jpg?fit=1200%2C630","type":"image\/jpeg"}],"author":"Francisco Javier Fern\u00e1ndez Chento","twitter_card":"summary_large_image","twitter_creator":"@https:\/\/twitter.com\/javierchento","twitter_site":"@WeVincentians","twitter_misc":{"Escrito por":"Francisco Javier Fern\u00e1ndez Chento","Tiempo de lectura":"3 minutos"},"schema":{"@context":"https:\/\/schema.org","@graph":[{"@type":"Article","@id":"http:\/\/vincentians.com\/es\/vicente-de-paul-documento-101-acta-de-asociacion-de-los-primeros-misioneros\/#article","isPartOf":{"@id":"http:\/\/vincentians.com\/es\/vicente-de-paul-documento-101-acta-de-asociacion-de-los-primeros-misioneros\/"},"author":{"name":"Francisco Javier Fern\u00e1ndez Chento","@id":"http:\/\/vincentians.com\/es\/#\/schema\/person\/9623ef4d9aa3b2dfb8c061f1499288f2"},"headline":"Vicente de Pa\u00fal, Documento 101: Acta De Asociacion De Los Primeros Misioneros","datePublished":"2010-03-18T23:01:52+00:00","dateModified":"2016-07-26T17:51:06+00:00","mainEntityOfPage":{"@id":"http:\/\/vincentians.com\/es\/vicente-de-paul-documento-101-acta-de-asociacion-de-los-primeros-misioneros\/"},"wordCount":598,"commentCount":0,"publisher":{"@id":"http:\/\/vincentians.com\/es\/#organization"},"image":{"@id":"http:\/\/vincentians.com\/es\/vicente-de-paul-documento-101-acta-de-asociacion-de-los-primeros-misioneros\/#primaryimage"},"thumbnailUrl":"https:\/\/i0.wp.com\/vincentians.com\/es\/wp-content\/uploads\/sites\/11\/2016\/07\/escritos-vicente-de-paul.jpg?fit=1200%2C630","keywords":["Du Coudray","Joigny","Montmirail","Portail","Silly"],"articleSection":["Escritos de Vicente de Pa\u00fal"],"inLanguage":"es","potentialAction":[{"@type":"CommentAction","name":"Comment","target":["http:\/\/vincentians.com\/es\/vicente-de-paul-documento-101-acta-de-asociacion-de-los-primeros-misioneros\/#respond"]}]},{"@type":"WebPage","@id":"http:\/\/vincentians.com\/es\/vicente-de-paul-documento-101-acta-de-asociacion-de-los-primeros-misioneros\/","url":"http:\/\/vincentians.com\/es\/vicente-de-paul-documento-101-acta-de-asociacion-de-los-primeros-misioneros\/","name":"Vicente de Pa\u00fal, Documento 101: Acta De Asociacion De Los Primeros Misioneros - Somos Vicencianos","isPartOf":{"@id":"http:\/\/vincentians.com\/es\/#website"},"primaryImageOfPage":{"@id":"http:\/\/vincentians.com\/es\/vicente-de-paul-documento-101-acta-de-asociacion-de-los-primeros-misioneros\/#primaryimage"},"image":{"@id":"http:\/\/vincentians.com\/es\/vicente-de-paul-documento-101-acta-de-asociacion-de-los-primeros-misioneros\/#primaryimage"},"thumbnailUrl":"https:\/\/i0.wp.com\/vincentians.com\/es\/wp-content\/uploads\/sites\/11\/2016\/07\/escritos-vicente-de-paul.jpg?fit=1200%2C630","datePublished":"2010-03-18T23:01:52+00:00","dateModified":"2016-07-26T17:51:06+00:00","breadcrumb":{"@id":"http:\/\/vincentians.com\/es\/vicente-de-paul-documento-101-acta-de-asociacion-de-los-primeros-misioneros\/#breadcrumb"},"inLanguage":"es","potentialAction":[{"@type":"ReadAction","target":["http:\/\/vincentians.com\/es\/vicente-de-paul-documento-101-acta-de-asociacion-de-los-primeros-misioneros\/"]}]},{"@type":"ImageObject","inLanguage":"es","@id":"http:\/\/vincentians.com\/es\/vicente-de-paul-documento-101-acta-de-asociacion-de-los-primeros-misioneros\/#primaryimage","url":"https:\/\/i0.wp.com\/vincentians.com\/es\/wp-content\/uploads\/sites\/11\/2016\/07\/escritos-vicente-de-paul.jpg?fit=1200%2C630","contentUrl":"https:\/\/i0.wp.com\/vincentians.com\/es\/wp-content\/uploads\/sites\/11\/2016\/07\/escritos-vicente-de-paul.jpg?fit=1200%2C630","width":1200,"height":630},{"@type":"BreadcrumbList","@id":"http:\/\/vincentians.com\/es\/vicente-de-paul-documento-101-acta-de-asociacion-de-los-primeros-misioneros\/#breadcrumb","itemListElement":[{"@type":"ListItem","position":1,"name":"Portada","item":"http:\/\/vincentians.com\/es\/"},{"@type":"ListItem","position":2,"name":"Vicente de Pa\u00fal, Documento 101: Acta De Asociacion De Los Primeros Misioneros"}]},{"@type":"WebSite","@id":"http:\/\/vincentians.com\/es\/#website","url":"http:\/\/vincentians.com\/es\/","name":"Somos Vicencianos","description":"Know more to serve more","publisher":{"@id":"http:\/\/vincentians.com\/es\/#organization"},"potentialAction":[{"@type":"SearchAction","target":{"@type":"EntryPoint","urlTemplate":"http:\/\/vincentians.com\/es\/?s={search_term_string}"},"query-input":{"@type":"PropertyValueSpecification","valueRequired":true,"valueName":"search_term_string"}}],"inLanguage":"es"},{"@type":"Organization","@id":"http:\/\/vincentians.com\/es\/#organization","name":"The Vincentian Network","url":"http:\/\/vincentians.com\/es\/","logo":{"@type":"ImageObject","inLanguage":"es","@id":"http:\/\/vincentians.com\/es\/#\/schema\/logo\/image\/","url":"https:\/\/i1.wp.com\/vincentians.com\/es\/wp-content\/uploads\/sites\/11\/2016\/06\/Vincentian-Network-logo-big.png?fit=778%2C778","contentUrl":"https:\/\/i1.wp.com\/vincentians.com\/es\/wp-content\/uploads\/sites\/11\/2016\/06\/Vincentian-Network-logo-big.png?fit=778%2C778","width":778,"height":778,"caption":"The Vincentian Network"},"image":{"@id":"http:\/\/vincentians.com\/es\/#\/schema\/logo\/image\/"},"sameAs":["https:\/\/www.facebook.com\/WeAreVincentians\/","https:\/\/x.com\/WeVincentians"]},{"@type":"Person","@id":"http:\/\/vincentians.com\/es\/#\/schema\/person\/9623ef4d9aa3b2dfb8c061f1499288f2","name":"Francisco Javier Fern\u00e1ndez Chento","image":{"@type":"ImageObject","inLanguage":"es","@id":"http:\/\/vincentians.com\/es\/#\/schema\/person\/image\/","url":"https:\/\/secure.gravatar.com\/avatar\/497d5cde87b4c3d097d0315953521681ba2cd523ee66e5077c3711f7021e65de?s=96&d=mm&r=g","contentUrl":"https:\/\/secure.gravatar.com\/avatar\/497d5cde87b4c3d097d0315953521681ba2cd523ee66e5077c3711f7021e65de?s=96&d=mm&r=g","caption":"Francisco Javier Fern\u00e1ndez Chento"},"description":"Director General y cofundador de La Red de Formaci\u00f3n Vicenciana. Javier es laico vicenciano, afiliado a la Congregaci\u00f3n de la Misi\u00f3n y miembro del Equipo de Misiones Populares de la provincia can\u00f3nica de Zaragoza (Espa\u00f1a) de la Congregaci\u00f3n de la Misi\u00f3n. Graduado en la Universidad Oberta de Catalunya con cuatro grados (Asistente de direcci\u00f3n, Gesti\u00f3n Administrativa, Recursos Humanos y Contabilidad Avanzada). Bil\u00edng\u00fce Espa\u00f1ol\/Ingl\u00e9s. gestiona y mantiene varias p\u00e1ginas web cristianas y vicencianas, incluida including La Red de Formaci\u00f3n Vicenciana, de la que es cofundador. Actualmente es responsable del \u00e1rea de Espa\u00f1ol de .famvin, la Red de Noticias de la Familia Vicenciana. Tambi\u00e9n es m\u00fasico cat\u00f3lico y ha editado varios discos. Es Director General y cofundador de Trovador, una reconocida compa\u00f1\u00eda discogr\u00e1fica critiana de Espa\u00f1a. Trabaja en las Tecnolog\u00edas de la Informaci\u00f3n, ofreciendo servicios de alojamiento, dise\u00f1o y mantenimiento Web, as\u00ed como asesoramiento, formaci\u00f3n y soluciones inform\u00e1ticas, gesti\u00f3n documental y digitalizaci\u00f3n de textos, edici\u00f3n y maquetaci\u00f3n de libros, revistas, flyers, etc.","sameAs":["http:\/\/chento.org","https:\/\/www.facebook.com\/JavierChento","https:\/\/x.com\/https:\/\/twitter.com\/javierchento"],"url":"http:\/\/vincentians.com\/es\/author\/chento\/"}]}},"jetpack_publicize_connections":[],"jetpack_featured_media_url":"https:\/\/i0.wp.com\/vincentians.com\/es\/wp-content\/uploads\/sites\/11\/2016\/07\/escritos-vicente-de-paul.jpg?fit=1200%2C630","jetpack_sharing_enabled":true,"jetpack_shortlink":"https:\/\/wp.me\/p7ETMF-3lZ","jetpack-related-posts":[{"id":12894,"url":"http:\/\/vincentians.com\/es\/vicente-de-paul-documento-100-acta-por-la-que-el-arzobispo-de-paris-aprueba-la-congregacion-de-la-mision\/","url_meta":{"origin":12895,"position":0},"title":"Vicente de Pa\u00fal, Documento 100: Acta Por La Que El Arzobispo De Paris Aprueba La Congregacion De La Mision","author":"Francisco Javier Fern\u00e1ndez Chento","date":"18\/03\/2010","format":false,"excerpt":"24 abril 1626 Juan Francisco de Gondy, arzobispo de Par\u00eds por la gracia de Dios y de la Santa Sede apost\u00f3lica, consejero del rey en el consejo de Estado y en el privado, gran maestre de su capilla, saluda a todos los que vean las presentes. Hacemos saber que, visto\u2026","rel":"","context":"En \u00abEscritos de Vicente de Pa\u00fal\u00bb","block_context":{"text":"Escritos de Vicente de Pa\u00fal","link":"http:\/\/vincentians.com\/es\/category\/escritos\/escritos-de-vicente-de-paul\/"},"img":{"alt_text":"","src":"https:\/\/i0.wp.com\/vincentians.com\/es\/wp-content\/uploads\/sites\/11\/2016\/07\/escritos-vicente-de-paul.jpg?fit=1200%2C630&resize=350%2C200","width":350,"height":200,"srcset":"https:\/\/i0.wp.com\/vincentians.com\/es\/wp-content\/uploads\/sites\/11\/2016\/07\/escritos-vicente-de-paul.jpg?fit=1200%2C630&resize=350%2C200 1x, https:\/\/i0.wp.com\/vincentians.com\/es\/wp-content\/uploads\/sites\/11\/2016\/07\/escritos-vicente-de-paul.jpg?fit=1200%2C630&resize=525%2C300 1.5x, https:\/\/i0.wp.com\/vincentians.com\/es\/wp-content\/uploads\/sites\/11\/2016\/07\/escritos-vicente-de-paul.jpg?fit=1200%2C630&resize=700%2C400 2x, https:\/\/i0.wp.com\/vincentians.com\/es\/wp-content\/uploads\/sites\/11\/2016\/07\/escritos-vicente-de-paul.jpg?fit=1200%2C630&resize=1050%2C600 3x"},"classes":[]},{"id":119698,"url":"http:\/\/vincentians.com\/es\/el-senor-vicente-relee-su-vida-preceptor\/","url_meta":{"origin":12895,"position":1},"title":"El Se\u00f1or Vicente relee su vida: Preceptor","author":"Francisco Javier Fern\u00e1ndez Chento","date":"11\/02\/2022","format":false,"excerpt":"Fue en la segunda mitad de 1613 cuando concluy\u00f3 mi b\u00fasqueda que tanto dur\u00f3. Recib\u00eda en efecto \"el cargo de preceptor de los hijos del Se\u00f1or Philippe-Emmanuel de Gondi, Conde de Joigny, General de las Galeras de Francia\". El mayor de los hijos, Pierre, ten\u00eda 11 a\u00f1os, el segundo, Henri,\u2026","rel":"","context":"En \u00abVicente de Pa\u00fal\u00bb","block_context":{"text":"Vicente de Pa\u00fal","link":"http:\/\/vincentians.com\/es\/category\/la-familia-vicenciana\/fundadores\/vicente-de-paul\/"},"img":{"alt_text":"","src":"https:\/\/i0.wp.com\/vincentians.com\/es\/wp-content\/uploads\/sites\/11\/2013\/04\/f-3-scaled.jpg?fit=1200%2C570&resize=350%2C200","width":350,"height":200,"srcset":"https:\/\/i0.wp.com\/vincentians.com\/es\/wp-content\/uploads\/sites\/11\/2013\/04\/f-3-scaled.jpg?fit=1200%2C570&resize=350%2C200 1x, https:\/\/i0.wp.com\/vincentians.com\/es\/wp-content\/uploads\/sites\/11\/2013\/04\/f-3-scaled.jpg?fit=1200%2C570&resize=525%2C300 1.5x, https:\/\/i0.wp.com\/vincentians.com\/es\/wp-content\/uploads\/sites\/11\/2013\/04\/f-3-scaled.jpg?fit=1200%2C570&resize=700%2C400 2x, https:\/\/i0.wp.com\/vincentians.com\/es\/wp-content\/uploads\/sites\/11\/2013\/04\/f-3-scaled.jpg?fit=1200%2C570&resize=1050%2C600 3x"},"classes":[]},{"id":125987,"url":"http:\/\/vincentians.com\/es\/un-documento-importante-al-papa-urbano-viii-1628\/","url_meta":{"origin":12895,"position":2},"title":"Un Documento importante: al Papa Urbano VIII (1628)","author":"Francisco Javier Fern\u00e1ndez Chento","date":"02\/12\/2013","format":false,"excerpt":"Vicente de Pa\u00fal, Superior de los Sacerdotes de la Misi\u00f3n fundada en Par\u00eds, Maestro Louis Callon, Doctor de la Sorbona, Antoine Portail, Fran\u00e7ois du Coudray, Jean de la Salle, Jean B\u00e9cu, Antoine Lucas, Joseph Brunet, y Jean Dehorgny de la di\u00f3cesis de Dax, Rouen, Arles, Amiens, Par\u00eds, Clermont, y Noyon\u2026","rel":"","context":"En \u00abDocumentos de la Congregaci\u00f3n de la Misi\u00f3n\u00bb","block_context":{"text":"Documentos de la Congregaci\u00f3n de la Misi\u00f3n","link":"http:\/\/vincentians.com\/es\/category\/formacion-vicenciana\/documentos-oficiales-de-la-familia-vicenciana\/documentos-de-la-congregacion-de-la-mision\/"},"img":{"alt_text":"ESCUDOCM","src":"https:\/\/i0.wp.com\/vicencianos.org\/wp-content\/2013\/09\/ESCUDOCM.jpg?resize=350%2C200","width":350,"height":200},"classes":[]},{"id":142638,"url":"http:\/\/vincentians.com\/es\/vicente-de-paul-carta-1310-a-esteban-blatiron-superior-de-genova\/","url_meta":{"origin":12895,"position":3},"title":"Vicente de Pa\u00fal, Carta 1310: A Esteban Blatiron, Superior De G\u00e9nova","author":"Francisco Javier Fern\u00e1ndez Chento","date":"08\/04\/2015","format":false,"excerpt":"2 de septiembre de 1650 Temo que, si empieza usted a presentar cuentas, se seguir\u00e1 haciendo as\u00ed y que luego el se\u00f1or cardenal y el arzobispo que le suceda, al ver que as\u00ed lo ha hecho, le obligue a continuar; y es eso precisamente lo que hay que evitar por\u2026","rel":"","context":"En \u00abEscritos de Vicente de Pa\u00fal\u00bb","block_context":{"text":"Escritos de Vicente de Pa\u00fal","link":"http:\/\/vincentians.com\/es\/category\/escritos\/escritos-de-vicente-de-paul\/"},"img":{"alt_text":"","src":"https:\/\/i0.wp.com\/vincentians.com\/es\/wp-content\/uploads\/sites\/11\/2016\/07\/escritos-vicente-de-paul.jpg?fit=1200%2C630&resize=350%2C200","width":350,"height":200,"srcset":"https:\/\/i0.wp.com\/vincentians.com\/es\/wp-content\/uploads\/sites\/11\/2016\/07\/escritos-vicente-de-paul.jpg?fit=1200%2C630&resize=350%2C200 1x, https:\/\/i0.wp.com\/vincentians.com\/es\/wp-content\/uploads\/sites\/11\/2016\/07\/escritos-vicente-de-paul.jpg?fit=1200%2C630&resize=525%2C300 1.5x, https:\/\/i0.wp.com\/vincentians.com\/es\/wp-content\/uploads\/sites\/11\/2016\/07\/escritos-vicente-de-paul.jpg?fit=1200%2C630&resize=700%2C400 2x, https:\/\/i0.wp.com\/vincentians.com\/es\/wp-content\/uploads\/sites\/11\/2016\/07\/escritos-vicente-de-paul.jpg?fit=1200%2C630&resize=1050%2C600 3x"},"classes":[]},{"id":12903,"url":"http:\/\/vincentians.com\/es\/vicente-de-paul-documento-109-cartas-patentes-del-rey-para-la-union-del-colegio-de-bons-enfants-a-la-mision\/","url_meta":{"origin":12895,"position":4},"title":"Vicente de Pa\u00fal, Documento 109: Cartas Patentes Del Rey Para La Union Del Colegio De Bons-Enfants A La Mision","author":"Francisco Javier Fern\u00e1ndez Chento","date":"27\/03\/2010","format":false,"excerpt":"15 septiembre 1627 Luis, por la gracia de Dios rey de Francia y de Navarra, a nuestros amados y fieles consejeros y personas de nuestra corte y parlamento de Par\u00eds, al preboste de dicho lugar, a su lugarteniente y dem\u00e1s oficiales y encargados de la justicia a quienes pertenezca, salud..\u2026","rel":"","context":"En \u00abEscritos de Vicente de Pa\u00fal\u00bb","block_context":{"text":"Escritos de Vicente de Pa\u00fal","link":"http:\/\/vincentians.com\/es\/category\/escritos\/escritos-de-vicente-de-paul\/"},"img":{"alt_text":"","src":"https:\/\/i0.wp.com\/vincentians.com\/es\/wp-content\/uploads\/sites\/11\/2016\/07\/escritos-vicente-de-paul.jpg?fit=1200%2C630&resize=350%2C200","width":350,"height":200,"srcset":"https:\/\/i0.wp.com\/vincentians.com\/es\/wp-content\/uploads\/sites\/11\/2016\/07\/escritos-vicente-de-paul.jpg?fit=1200%2C630&resize=350%2C200 1x, https:\/\/i0.wp.com\/vincentians.com\/es\/wp-content\/uploads\/sites\/11\/2016\/07\/escritos-vicente-de-paul.jpg?fit=1200%2C630&resize=525%2C300 1.5x, https:\/\/i0.wp.com\/vincentians.com\/es\/wp-content\/uploads\/sites\/11\/2016\/07\/escritos-vicente-de-paul.jpg?fit=1200%2C630&resize=700%2C400 2x, https:\/\/i0.wp.com\/vincentians.com\/es\/wp-content\/uploads\/sites\/11\/2016\/07\/escritos-vicente-de-paul.jpg?fit=1200%2C630&resize=1050%2C600 3x"},"classes":[]},{"id":121642,"url":"http:\/\/vincentians.com\/es\/san-vicente-de-paul-y-los-gondi-capitulo-04\/","url_meta":{"origin":12895,"position":5},"title":"San Vicente de Pa\u00fal y los Gondi: Cap\u00edtulo 04","author":"Francisco Javier Fern\u00e1ndez Chento","date":"05\/07\/2024","format":false,"excerpt":"Cap\u00edtulo IV Vicente de Pa\u00fal en la casa del general de las galeras. - Retratos de familia: Felipe Manuel de Gondi, su mujer Margarita de Silly y sus hijos. - Vicente de Pa\u00fal, fundador. Volvamos sobre nuestros pasos y entremos en el castillo de Montmirail donde, hacia el fin del\u2026","rel":"","context":"En \u00abVicente de Pa\u00fal\u00bb","block_context":{"text":"Vicente de Pa\u00fal","link":"http:\/\/vincentians.com\/es\/category\/la-familia-vicenciana\/fundadores\/vicente-de-paul\/"},"img":{"alt_text":"","src":"https:\/\/i0.wp.com\/vincentians.com\/es\/wp-content\/uploads\/sites\/11\/2023\/08\/aaaf.jpg?fit=1200%2C827&resize=350%2C200","width":350,"height":200,"srcset":"https:\/\/i0.wp.com\/vincentians.com\/es\/wp-content\/uploads\/sites\/11\/2023\/08\/aaaf.jpg?fit=1200%2C827&resize=350%2C200 1x, https:\/\/i0.wp.com\/vincentians.com\/es\/wp-content\/uploads\/sites\/11\/2023\/08\/aaaf.jpg?fit=1200%2C827&resize=525%2C300 1.5x, https:\/\/i0.wp.com\/vincentians.com\/es\/wp-content\/uploads\/sites\/11\/2023\/08\/aaaf.jpg?fit=1200%2C827&resize=700%2C400 2x, https:\/\/i0.wp.com\/vincentians.com\/es\/wp-content\/uploads\/sites\/11\/2023\/08\/aaaf.jpg?fit=1200%2C827&resize=1050%2C600 3x"},"classes":[]}],"_links":{"self":[{"href":"http:\/\/vincentians.com\/es\/wp-json\/wp\/v2\/posts\/12895","targetHints":{"allow":["GET"]}}],"collection":[{"href":"http:\/\/vincentians.com\/es\/wp-json\/wp\/v2\/posts"}],"about":[{"href":"http:\/\/vincentians.com\/es\/wp-json\/wp\/v2\/types\/post"}],"author":[{"embeddable":true,"href":"http:\/\/vincentians.com\/es\/wp-json\/wp\/v2\/users\/4"}],"replies":[{"embeddable":true,"href":"http:\/\/vincentians.com\/es\/wp-json\/wp\/v2\/comments?post=12895"}],"version-history":[{"count":0,"href":"http:\/\/vincentians.com\/es\/wp-json\/wp\/v2\/posts\/12895\/revisions"}],"wp:featuredmedia":[{"embeddable":true,"href":"http:\/\/vincentians.com\/es\/wp-json\/wp\/v2\/media\/393753"}],"wp:attachment":[{"href":"http:\/\/vincentians.com\/es\/wp-json\/wp\/v2\/media?parent=12895"}],"wp:term":[{"taxonomy":"category","embeddable":true,"href":"http:\/\/vincentians.com\/es\/wp-json\/wp\/v2\/categories?post=12895"},{"taxonomy":"post_tag","embeddable":true,"href":"http:\/\/vincentians.com\/es\/wp-json\/wp\/v2\/tags?post=12895"}],"curies":[{"name":"wp","href":"https:\/\/api.w.org\/{rel}","templated":true}]}}