{"id":12883,"date":"2010-03-07T00:01:41","date_gmt":"2010-03-06T23:01:41","guid":{"rendered":"http:\/\/www.vicencianos.org\/web\/2010\/03\/07\/vicente-de-paul-documento-089-alocucion-a-los-sacerdotes-de-san-sulpicio-en-ocasion-de-la-muerte-de-su-fundador\/"},"modified":"2016-07-26T19:51:07","modified_gmt":"2016-07-26T17:51:07","slug":"vicente-de-paul-documento-089-alocucion-a-los-sacerdotes-de-san-sulpicio-en-ocasion-de-la-muerte-de-su-fundador","status":"publish","type":"post","link":"http:\/\/vincentians.com\/es\/vicente-de-paul-documento-089-alocucion-a-los-sacerdotes-de-san-sulpicio-en-ocasion-de-la-muerte-de-su-fundador\/","title":{"rendered":"Vicente de Pa\u00fal, Documento 089: Alocucion A Los Sacerdotes De San Sulpicio En Ocasion De La Muerte De Su Fundador"},"content":{"rendered":"[abril 1657]\n<p>Mis queridos hermanos, al ver la aflicci\u00f3n en que os ha sumergido la muerte de vuestro querido padre, me hubiera gustado poder devolv\u00e9roslo para enjugar vuestras l\u00e1grimas. Pero, como no puedo entregaros su cuerpo vivo, he cre\u00eddo que ten\u00eda que presentaros su esp\u00edritu, que es la parte mejor de \u00e9l mismo. La tierra conserva su cuerpo, el cielo su alma, su esp\u00edritu es para vosotros. Y si Dios lo ha juzgado digno de ser admitido con sus \u00e1ngeles en el para\u00edso, vosotros no hab\u00e9is de juzgarlo indigno de ocupar tambi\u00e9n un lugar en vuestros corazones. El habr\u00e1 dejado de buena gana su cuerpo sabiendo que su esp\u00edritu podr\u00e1 habitar en vosotros. Aquel fue todo su anhelo y su deseo durante su vida; despu\u00e9s de su muerte, pod\u00e9is dejarle contento. Se dec\u00eda en la antigua ley que, si un hermano mor\u00eda sin tener hijos, otro hermano suyo ten\u00eda que suscitare semen. Vuestro padre, a quien puedo llamar tambi\u00e9n vuestro hermano (por causa de su edad) ha muerto, por as\u00ed decirlo, sin hijos, dado el deseo que ten\u00eda de convertir a todo el mundo y de santificar al clero. Os ha dejado a su esposa, que es esa santa casa, adquirida con su sangre y con su muerte, ya que muri\u00f3 al querer darle la vida. Suscitadle hijos, dando a conocer a Jes\u00fas y asegur\u00e1ndole, a ser posible, tantos servidores como hombres hay en el mundo y tantos sacrificadores santos como sacerdotes hay en la iglesia. Obrad seg\u00fan el modelo que se os ha mostrado en el monte santo.<\/p>\n","protected":false},"excerpt":{"rendered":"<p>[abril 1657] Mis queridos hermanos, al ver la aflicci\u00f3n en que os ha sumergido la muerte de vuestro querido padre, me hubiera gustado poder devolv\u00e9roslo para enjugar vuestras l\u00e1grimas. Pero, como no puedo entregaros su &#8230; <a href=\"http:\/\/vincentians.com\/es\/vicente-de-paul-documento-089-alocucion-a-los-sacerdotes-de-san-sulpicio-en-ocasion-de-la-muerte-de-su-fundador\/\" class=\"more-link\">Read More<\/a><\/p>\n","protected":false},"author":4,"featured_media":393753,"comment_status":"open","ping_status":"open","sticky":false,"template":"","format":"standard","meta":{"jetpack_post_was_ever_published":false,"_jetpack_newsletter_access":"","_jetpack_dont_email_post_to_subs":false,"_jetpack_newsletter_tier_id":0,"_jetpack_memberships_contains_paywalled_content":false,"_jetpack_memberships_contains_paid_content":false,"footnotes":"","jetpack_publicize_message":"","jetpack_publicize_feature_enabled":true,"jetpack_social_post_already_shared":true,"jetpack_social_options":{"image_generator_settings":{"template":"highway","default_image_id":0,"font":"","enabled":false},"version":2}},"categories":[65],"tags":[140],"class_list":["post-12883","post","type-post","status-publish","format-standard","has-post-thumbnail","hentry","category-escritos-de-vicente-de-paul","tag-san-sulpicio"],"yoast_head":"<!-- This site is optimized with the Yoast SEO plugin v26.3 - https:\/\/yoast.com\/wordpress\/plugins\/seo\/ -->\n<title>Vicente de Pa\u00fal, Documento 089: Alocucion A Los Sacerdotes De San Sulpicio En Ocasion De La Muerte De Su Fundador - Somos Vicencianos<\/title>\n<meta name=\"robots\" content=\"index, follow, max-snippet:-1, max-image-preview:large, max-video-preview:-1\" \/>\n<link rel=\"canonical\" href=\"http:\/\/vincentians.com\/es\/vicente-de-paul-documento-089-alocucion-a-los-sacerdotes-de-san-sulpicio-en-ocasion-de-la-muerte-de-su-fundador\/\" \/>\n<meta property=\"og:locale\" content=\"es_ES\" \/>\n<meta property=\"og:type\" content=\"article\" \/>\n<meta property=\"og:title\" content=\"Vicente de Pa\u00fal, Documento 089: Alocucion A Los Sacerdotes De San Sulpicio En Ocasion De La Muerte De Su Fundador - Somos Vicencianos\" \/>\n<meta property=\"og:description\" content=\"[abril 1657] Mis queridos hermanos, al ver la aflicci\u00f3n en que os ha sumergido la muerte de vuestro querido padre, me hubiera gustado poder devolv\u00e9roslo para enjugar vuestras l\u00e1grimas. Pero, como no puedo entregaros su ... Read More\" \/>\n<meta property=\"og:url\" content=\"http:\/\/vincentians.com\/es\/vicente-de-paul-documento-089-alocucion-a-los-sacerdotes-de-san-sulpicio-en-ocasion-de-la-muerte-de-su-fundador\/\" \/>\n<meta property=\"og:site_name\" content=\"Somos Vicencianos\" \/>\n<meta property=\"article:publisher\" content=\"https:\/\/www.facebook.com\/WeAreVincentians\/\" \/>\n<meta property=\"article:author\" content=\"https:\/\/www.facebook.com\/JavierChento\" \/>\n<meta property=\"article:published_time\" content=\"2010-03-06T23:01:41+00:00\" \/>\n<meta property=\"article:modified_time\" content=\"2016-07-26T17:51:07+00:00\" \/>\n<meta property=\"og:image\" content=\"https:\/\/i0.wp.com\/vincentians.com\/es\/wp-content\/uploads\/sites\/11\/2016\/07\/escritos-vicente-de-paul.jpg?fit=1200%2C630\" \/>\n\t<meta property=\"og:image:width\" content=\"1200\" \/>\n\t<meta property=\"og:image:height\" content=\"630\" \/>\n\t<meta property=\"og:image:type\" content=\"image\/jpeg\" \/>\n<meta name=\"author\" content=\"Francisco Javier Fern\u00e1ndez Chento\" \/>\n<meta name=\"twitter:card\" content=\"summary_large_image\" \/>\n<meta name=\"twitter:creator\" content=\"@https:\/\/twitter.com\/javierchento\" \/>\n<meta name=\"twitter:site\" content=\"@WeVincentians\" \/>\n<meta name=\"twitter:label1\" content=\"Escrito por\" \/>\n\t<meta name=\"twitter:data1\" content=\"Francisco Javier Fern\u00e1ndez Chento\" \/>\n\t<meta name=\"twitter:label2\" content=\"Tiempo de lectura\" \/>\n\t<meta name=\"twitter:data2\" content=\"1 minuto\" \/>\n<script type=\"application\/ld+json\" class=\"yoast-schema-graph\">{\"@context\":\"https:\/\/schema.org\",\"@graph\":[{\"@type\":\"Article\",\"@id\":\"http:\/\/vincentians.com\/es\/vicente-de-paul-documento-089-alocucion-a-los-sacerdotes-de-san-sulpicio-en-ocasion-de-la-muerte-de-su-fundador\/#article\",\"isPartOf\":{\"@id\":\"http:\/\/vincentians.com\/es\/vicente-de-paul-documento-089-alocucion-a-los-sacerdotes-de-san-sulpicio-en-ocasion-de-la-muerte-de-su-fundador\/\"},\"author\":{\"name\":\"Francisco Javier Fern\u00e1ndez Chento\",\"@id\":\"http:\/\/vincentians.com\/es\/#\/schema\/person\/9623ef4d9aa3b2dfb8c061f1499288f2\"},\"headline\":\"Vicente de Pa\u00fal, Documento 089: Alocucion A Los Sacerdotes De San Sulpicio En Ocasion De La Muerte De Su Fundador\",\"datePublished\":\"2010-03-06T23:01:41+00:00\",\"dateModified\":\"2016-07-26T17:51:07+00:00\",\"mainEntityOfPage\":{\"@id\":\"http:\/\/vincentians.com\/es\/vicente-de-paul-documento-089-alocucion-a-los-sacerdotes-de-san-sulpicio-en-ocasion-de-la-muerte-de-su-fundador\/\"},\"wordCount\":299,\"commentCount\":0,\"publisher\":{\"@id\":\"http:\/\/vincentians.com\/es\/#organization\"},\"image\":{\"@id\":\"http:\/\/vincentians.com\/es\/vicente-de-paul-documento-089-alocucion-a-los-sacerdotes-de-san-sulpicio-en-ocasion-de-la-muerte-de-su-fundador\/#primaryimage\"},\"thumbnailUrl\":\"https:\/\/i0.wp.com\/vincentians.com\/es\/wp-content\/uploads\/sites\/11\/2016\/07\/escritos-vicente-de-paul.jpg?fit=1200%2C630\",\"keywords\":[\"San Sulpicio\"],\"articleSection\":[\"Escritos de Vicente de Pa\u00fal\"],\"inLanguage\":\"es\",\"potentialAction\":[{\"@type\":\"CommentAction\",\"name\":\"Comment\",\"target\":[\"http:\/\/vincentians.com\/es\/vicente-de-paul-documento-089-alocucion-a-los-sacerdotes-de-san-sulpicio-en-ocasion-de-la-muerte-de-su-fundador\/#respond\"]}]},{\"@type\":\"WebPage\",\"@id\":\"http:\/\/vincentians.com\/es\/vicente-de-paul-documento-089-alocucion-a-los-sacerdotes-de-san-sulpicio-en-ocasion-de-la-muerte-de-su-fundador\/\",\"url\":\"http:\/\/vincentians.com\/es\/vicente-de-paul-documento-089-alocucion-a-los-sacerdotes-de-san-sulpicio-en-ocasion-de-la-muerte-de-su-fundador\/\",\"name\":\"Vicente de Pa\u00fal, Documento 089: Alocucion A Los Sacerdotes De San Sulpicio En Ocasion De La Muerte De Su Fundador - Somos Vicencianos\",\"isPartOf\":{\"@id\":\"http:\/\/vincentians.com\/es\/#website\"},\"primaryImageOfPage\":{\"@id\":\"http:\/\/vincentians.com\/es\/vicente-de-paul-documento-089-alocucion-a-los-sacerdotes-de-san-sulpicio-en-ocasion-de-la-muerte-de-su-fundador\/#primaryimage\"},\"image\":{\"@id\":\"http:\/\/vincentians.com\/es\/vicente-de-paul-documento-089-alocucion-a-los-sacerdotes-de-san-sulpicio-en-ocasion-de-la-muerte-de-su-fundador\/#primaryimage\"},\"thumbnailUrl\":\"https:\/\/i0.wp.com\/vincentians.com\/es\/wp-content\/uploads\/sites\/11\/2016\/07\/escritos-vicente-de-paul.jpg?fit=1200%2C630\",\"datePublished\":\"2010-03-06T23:01:41+00:00\",\"dateModified\":\"2016-07-26T17:51:07+00:00\",\"breadcrumb\":{\"@id\":\"http:\/\/vincentians.com\/es\/vicente-de-paul-documento-089-alocucion-a-los-sacerdotes-de-san-sulpicio-en-ocasion-de-la-muerte-de-su-fundador\/#breadcrumb\"},\"inLanguage\":\"es\",\"potentialAction\":[{\"@type\":\"ReadAction\",\"target\":[\"http:\/\/vincentians.com\/es\/vicente-de-paul-documento-089-alocucion-a-los-sacerdotes-de-san-sulpicio-en-ocasion-de-la-muerte-de-su-fundador\/\"]}]},{\"@type\":\"ImageObject\",\"inLanguage\":\"es\",\"@id\":\"http:\/\/vincentians.com\/es\/vicente-de-paul-documento-089-alocucion-a-los-sacerdotes-de-san-sulpicio-en-ocasion-de-la-muerte-de-su-fundador\/#primaryimage\",\"url\":\"https:\/\/i0.wp.com\/vincentians.com\/es\/wp-content\/uploads\/sites\/11\/2016\/07\/escritos-vicente-de-paul.jpg?fit=1200%2C630\",\"contentUrl\":\"https:\/\/i0.wp.com\/vincentians.com\/es\/wp-content\/uploads\/sites\/11\/2016\/07\/escritos-vicente-de-paul.jpg?fit=1200%2C630\",\"width\":1200,\"height\":630},{\"@type\":\"BreadcrumbList\",\"@id\":\"http:\/\/vincentians.com\/es\/vicente-de-paul-documento-089-alocucion-a-los-sacerdotes-de-san-sulpicio-en-ocasion-de-la-muerte-de-su-fundador\/#breadcrumb\",\"itemListElement\":[{\"@type\":\"ListItem\",\"position\":1,\"name\":\"Portada\",\"item\":\"http:\/\/vincentians.com\/es\/\"},{\"@type\":\"ListItem\",\"position\":2,\"name\":\"Vicente de Pa\u00fal, Documento 089: Alocucion A Los Sacerdotes De San Sulpicio En Ocasion De La Muerte De Su Fundador\"}]},{\"@type\":\"WebSite\",\"@id\":\"http:\/\/vincentians.com\/es\/#website\",\"url\":\"http:\/\/vincentians.com\/es\/\",\"name\":\"Somos Vicencianos\",\"description\":\"Know more to serve more\",\"publisher\":{\"@id\":\"http:\/\/vincentians.com\/es\/#organization\"},\"potentialAction\":[{\"@type\":\"SearchAction\",\"target\":{\"@type\":\"EntryPoint\",\"urlTemplate\":\"http:\/\/vincentians.com\/es\/?s={search_term_string}\"},\"query-input\":{\"@type\":\"PropertyValueSpecification\",\"valueRequired\":true,\"valueName\":\"search_term_string\"}}],\"inLanguage\":\"es\"},{\"@type\":\"Organization\",\"@id\":\"http:\/\/vincentians.com\/es\/#organization\",\"name\":\"The Vincentian Network\",\"url\":\"http:\/\/vincentians.com\/es\/\",\"logo\":{\"@type\":\"ImageObject\",\"inLanguage\":\"es\",\"@id\":\"http:\/\/vincentians.com\/es\/#\/schema\/logo\/image\/\",\"url\":\"https:\/\/i1.wp.com\/vincentians.com\/es\/wp-content\/uploads\/sites\/11\/2016\/06\/Vincentian-Network-logo-big.png?fit=778%2C778\",\"contentUrl\":\"https:\/\/i1.wp.com\/vincentians.com\/es\/wp-content\/uploads\/sites\/11\/2016\/06\/Vincentian-Network-logo-big.png?fit=778%2C778\",\"width\":778,\"height\":778,\"caption\":\"The Vincentian Network\"},\"image\":{\"@id\":\"http:\/\/vincentians.com\/es\/#\/schema\/logo\/image\/\"},\"sameAs\":[\"https:\/\/www.facebook.com\/WeAreVincentians\/\",\"https:\/\/x.com\/WeVincentians\"]},{\"@type\":\"Person\",\"@id\":\"http:\/\/vincentians.com\/es\/#\/schema\/person\/9623ef4d9aa3b2dfb8c061f1499288f2\",\"name\":\"Francisco Javier Fern\u00e1ndez Chento\",\"image\":{\"@type\":\"ImageObject\",\"inLanguage\":\"es\",\"@id\":\"http:\/\/vincentians.com\/es\/#\/schema\/person\/image\/\",\"url\":\"https:\/\/secure.gravatar.com\/avatar\/497d5cde87b4c3d097d0315953521681ba2cd523ee66e5077c3711f7021e65de?s=96&d=mm&r=g\",\"contentUrl\":\"https:\/\/secure.gravatar.com\/avatar\/497d5cde87b4c3d097d0315953521681ba2cd523ee66e5077c3711f7021e65de?s=96&d=mm&r=g\",\"caption\":\"Francisco Javier Fern\u00e1ndez Chento\"},\"description\":\"Director General y cofundador de La Red de Formaci\u00f3n Vicenciana. Javier es laico vicenciano, afiliado a la Congregaci\u00f3n de la Misi\u00f3n y miembro del Equipo de Misiones Populares de la provincia can\u00f3nica de Zaragoza (Espa\u00f1a) de la Congregaci\u00f3n de la Misi\u00f3n. Graduado en la Universidad Oberta de Catalunya con cuatro grados (Asistente de direcci\u00f3n, Gesti\u00f3n Administrativa, Recursos Humanos y Contabilidad Avanzada). Bil\u00edng\u00fce Espa\u00f1ol\/Ingl\u00e9s. gestiona y mantiene varias p\u00e1ginas web cristianas y vicencianas, incluida including La Red de Formaci\u00f3n Vicenciana, de la que es cofundador. Actualmente es responsable del \u00e1rea de Espa\u00f1ol de .famvin, la Red de Noticias de la Familia Vicenciana. Tambi\u00e9n es m\u00fasico cat\u00f3lico y ha editado varios discos. Es Director General y cofundador de Trovador, una reconocida compa\u00f1\u00eda discogr\u00e1fica critiana de Espa\u00f1a. Trabaja en las Tecnolog\u00edas de la Informaci\u00f3n, ofreciendo servicios de alojamiento, dise\u00f1o y mantenimiento Web, as\u00ed como asesoramiento, formaci\u00f3n y soluciones inform\u00e1ticas, gesti\u00f3n documental y digitalizaci\u00f3n de textos, edici\u00f3n y maquetaci\u00f3n de libros, revistas, flyers, etc.\",\"sameAs\":[\"http:\/\/chento.org\",\"https:\/\/www.facebook.com\/JavierChento\",\"https:\/\/x.com\/https:\/\/twitter.com\/javierchento\"],\"url\":\"http:\/\/vincentians.com\/es\/author\/chento\/\"}]}<\/script>\n<!-- \/ Yoast SEO plugin. -->","yoast_head_json":{"title":"Vicente de Pa\u00fal, Documento 089: Alocucion A Los Sacerdotes De San Sulpicio En Ocasion De La Muerte De Su Fundador - Somos Vicencianos","robots":{"index":"index","follow":"follow","max-snippet":"max-snippet:-1","max-image-preview":"max-image-preview:large","max-video-preview":"max-video-preview:-1"},"canonical":"http:\/\/vincentians.com\/es\/vicente-de-paul-documento-089-alocucion-a-los-sacerdotes-de-san-sulpicio-en-ocasion-de-la-muerte-de-su-fundador\/","og_locale":"es_ES","og_type":"article","og_title":"Vicente de Pa\u00fal, Documento 089: Alocucion A Los Sacerdotes De San Sulpicio En Ocasion De La Muerte De Su Fundador - Somos Vicencianos","og_description":"[abril 1657] Mis queridos hermanos, al ver la aflicci\u00f3n en que os ha sumergido la muerte de vuestro querido padre, me hubiera gustado poder devolv\u00e9roslo para enjugar vuestras l\u00e1grimas. Pero, como no puedo entregaros su ... Read More","og_url":"http:\/\/vincentians.com\/es\/vicente-de-paul-documento-089-alocucion-a-los-sacerdotes-de-san-sulpicio-en-ocasion-de-la-muerte-de-su-fundador\/","og_site_name":"Somos Vicencianos","article_publisher":"https:\/\/www.facebook.com\/WeAreVincentians\/","article_author":"https:\/\/www.facebook.com\/JavierChento","article_published_time":"2010-03-06T23:01:41+00:00","article_modified_time":"2016-07-26T17:51:07+00:00","og_image":[{"width":1200,"height":630,"url":"https:\/\/i0.wp.com\/vincentians.com\/es\/wp-content\/uploads\/sites\/11\/2016\/07\/escritos-vicente-de-paul.jpg?fit=1200%2C630","type":"image\/jpeg"}],"author":"Francisco Javier Fern\u00e1ndez Chento","twitter_card":"summary_large_image","twitter_creator":"@https:\/\/twitter.com\/javierchento","twitter_site":"@WeVincentians","twitter_misc":{"Escrito por":"Francisco Javier Fern\u00e1ndez Chento","Tiempo de lectura":"1 minuto"},"schema":{"@context":"https:\/\/schema.org","@graph":[{"@type":"Article","@id":"http:\/\/vincentians.com\/es\/vicente-de-paul-documento-089-alocucion-a-los-sacerdotes-de-san-sulpicio-en-ocasion-de-la-muerte-de-su-fundador\/#article","isPartOf":{"@id":"http:\/\/vincentians.com\/es\/vicente-de-paul-documento-089-alocucion-a-los-sacerdotes-de-san-sulpicio-en-ocasion-de-la-muerte-de-su-fundador\/"},"author":{"name":"Francisco Javier Fern\u00e1ndez Chento","@id":"http:\/\/vincentians.com\/es\/#\/schema\/person\/9623ef4d9aa3b2dfb8c061f1499288f2"},"headline":"Vicente de Pa\u00fal, Documento 089: Alocucion A Los Sacerdotes De San Sulpicio En Ocasion De La Muerte De Su Fundador","datePublished":"2010-03-06T23:01:41+00:00","dateModified":"2016-07-26T17:51:07+00:00","mainEntityOfPage":{"@id":"http:\/\/vincentians.com\/es\/vicente-de-paul-documento-089-alocucion-a-los-sacerdotes-de-san-sulpicio-en-ocasion-de-la-muerte-de-su-fundador\/"},"wordCount":299,"commentCount":0,"publisher":{"@id":"http:\/\/vincentians.com\/es\/#organization"},"image":{"@id":"http:\/\/vincentians.com\/es\/vicente-de-paul-documento-089-alocucion-a-los-sacerdotes-de-san-sulpicio-en-ocasion-de-la-muerte-de-su-fundador\/#primaryimage"},"thumbnailUrl":"https:\/\/i0.wp.com\/vincentians.com\/es\/wp-content\/uploads\/sites\/11\/2016\/07\/escritos-vicente-de-paul.jpg?fit=1200%2C630","keywords":["San Sulpicio"],"articleSection":["Escritos de Vicente de Pa\u00fal"],"inLanguage":"es","potentialAction":[{"@type":"CommentAction","name":"Comment","target":["http:\/\/vincentians.com\/es\/vicente-de-paul-documento-089-alocucion-a-los-sacerdotes-de-san-sulpicio-en-ocasion-de-la-muerte-de-su-fundador\/#respond"]}]},{"@type":"WebPage","@id":"http:\/\/vincentians.com\/es\/vicente-de-paul-documento-089-alocucion-a-los-sacerdotes-de-san-sulpicio-en-ocasion-de-la-muerte-de-su-fundador\/","url":"http:\/\/vincentians.com\/es\/vicente-de-paul-documento-089-alocucion-a-los-sacerdotes-de-san-sulpicio-en-ocasion-de-la-muerte-de-su-fundador\/","name":"Vicente de Pa\u00fal, Documento 089: Alocucion A Los Sacerdotes De San Sulpicio En Ocasion De La Muerte De Su Fundador - Somos Vicencianos","isPartOf":{"@id":"http:\/\/vincentians.com\/es\/#website"},"primaryImageOfPage":{"@id":"http:\/\/vincentians.com\/es\/vicente-de-paul-documento-089-alocucion-a-los-sacerdotes-de-san-sulpicio-en-ocasion-de-la-muerte-de-su-fundador\/#primaryimage"},"image":{"@id":"http:\/\/vincentians.com\/es\/vicente-de-paul-documento-089-alocucion-a-los-sacerdotes-de-san-sulpicio-en-ocasion-de-la-muerte-de-su-fundador\/#primaryimage"},"thumbnailUrl":"https:\/\/i0.wp.com\/vincentians.com\/es\/wp-content\/uploads\/sites\/11\/2016\/07\/escritos-vicente-de-paul.jpg?fit=1200%2C630","datePublished":"2010-03-06T23:01:41+00:00","dateModified":"2016-07-26T17:51:07+00:00","breadcrumb":{"@id":"http:\/\/vincentians.com\/es\/vicente-de-paul-documento-089-alocucion-a-los-sacerdotes-de-san-sulpicio-en-ocasion-de-la-muerte-de-su-fundador\/#breadcrumb"},"inLanguage":"es","potentialAction":[{"@type":"ReadAction","target":["http:\/\/vincentians.com\/es\/vicente-de-paul-documento-089-alocucion-a-los-sacerdotes-de-san-sulpicio-en-ocasion-de-la-muerte-de-su-fundador\/"]}]},{"@type":"ImageObject","inLanguage":"es","@id":"http:\/\/vincentians.com\/es\/vicente-de-paul-documento-089-alocucion-a-los-sacerdotes-de-san-sulpicio-en-ocasion-de-la-muerte-de-su-fundador\/#primaryimage","url":"https:\/\/i0.wp.com\/vincentians.com\/es\/wp-content\/uploads\/sites\/11\/2016\/07\/escritos-vicente-de-paul.jpg?fit=1200%2C630","contentUrl":"https:\/\/i0.wp.com\/vincentians.com\/es\/wp-content\/uploads\/sites\/11\/2016\/07\/escritos-vicente-de-paul.jpg?fit=1200%2C630","width":1200,"height":630},{"@type":"BreadcrumbList","@id":"http:\/\/vincentians.com\/es\/vicente-de-paul-documento-089-alocucion-a-los-sacerdotes-de-san-sulpicio-en-ocasion-de-la-muerte-de-su-fundador\/#breadcrumb","itemListElement":[{"@type":"ListItem","position":1,"name":"Portada","item":"http:\/\/vincentians.com\/es\/"},{"@type":"ListItem","position":2,"name":"Vicente de Pa\u00fal, Documento 089: Alocucion A Los Sacerdotes De San Sulpicio En Ocasion De La Muerte De Su Fundador"}]},{"@type":"WebSite","@id":"http:\/\/vincentians.com\/es\/#website","url":"http:\/\/vincentians.com\/es\/","name":"Somos Vicencianos","description":"Know more to serve more","publisher":{"@id":"http:\/\/vincentians.com\/es\/#organization"},"potentialAction":[{"@type":"SearchAction","target":{"@type":"EntryPoint","urlTemplate":"http:\/\/vincentians.com\/es\/?s={search_term_string}"},"query-input":{"@type":"PropertyValueSpecification","valueRequired":true,"valueName":"search_term_string"}}],"inLanguage":"es"},{"@type":"Organization","@id":"http:\/\/vincentians.com\/es\/#organization","name":"The Vincentian Network","url":"http:\/\/vincentians.com\/es\/","logo":{"@type":"ImageObject","inLanguage":"es","@id":"http:\/\/vincentians.com\/es\/#\/schema\/logo\/image\/","url":"https:\/\/i1.wp.com\/vincentians.com\/es\/wp-content\/uploads\/sites\/11\/2016\/06\/Vincentian-Network-logo-big.png?fit=778%2C778","contentUrl":"https:\/\/i1.wp.com\/vincentians.com\/es\/wp-content\/uploads\/sites\/11\/2016\/06\/Vincentian-Network-logo-big.png?fit=778%2C778","width":778,"height":778,"caption":"The Vincentian Network"},"image":{"@id":"http:\/\/vincentians.com\/es\/#\/schema\/logo\/image\/"},"sameAs":["https:\/\/www.facebook.com\/WeAreVincentians\/","https:\/\/x.com\/WeVincentians"]},{"@type":"Person","@id":"http:\/\/vincentians.com\/es\/#\/schema\/person\/9623ef4d9aa3b2dfb8c061f1499288f2","name":"Francisco Javier Fern\u00e1ndez Chento","image":{"@type":"ImageObject","inLanguage":"es","@id":"http:\/\/vincentians.com\/es\/#\/schema\/person\/image\/","url":"https:\/\/secure.gravatar.com\/avatar\/497d5cde87b4c3d097d0315953521681ba2cd523ee66e5077c3711f7021e65de?s=96&d=mm&r=g","contentUrl":"https:\/\/secure.gravatar.com\/avatar\/497d5cde87b4c3d097d0315953521681ba2cd523ee66e5077c3711f7021e65de?s=96&d=mm&r=g","caption":"Francisco Javier Fern\u00e1ndez Chento"},"description":"Director General y cofundador de La Red de Formaci\u00f3n Vicenciana. Javier es laico vicenciano, afiliado a la Congregaci\u00f3n de la Misi\u00f3n y miembro del Equipo de Misiones Populares de la provincia can\u00f3nica de Zaragoza (Espa\u00f1a) de la Congregaci\u00f3n de la Misi\u00f3n. Graduado en la Universidad Oberta de Catalunya con cuatro grados (Asistente de direcci\u00f3n, Gesti\u00f3n Administrativa, Recursos Humanos y Contabilidad Avanzada). Bil\u00edng\u00fce Espa\u00f1ol\/Ingl\u00e9s. gestiona y mantiene varias p\u00e1ginas web cristianas y vicencianas, incluida including La Red de Formaci\u00f3n Vicenciana, de la que es cofundador. Actualmente es responsable del \u00e1rea de Espa\u00f1ol de .famvin, la Red de Noticias de la Familia Vicenciana. Tambi\u00e9n es m\u00fasico cat\u00f3lico y ha editado varios discos. Es Director General y cofundador de Trovador, una reconocida compa\u00f1\u00eda discogr\u00e1fica critiana de Espa\u00f1a. Trabaja en las Tecnolog\u00edas de la Informaci\u00f3n, ofreciendo servicios de alojamiento, dise\u00f1o y mantenimiento Web, as\u00ed como asesoramiento, formaci\u00f3n y soluciones inform\u00e1ticas, gesti\u00f3n documental y digitalizaci\u00f3n de textos, edici\u00f3n y maquetaci\u00f3n de libros, revistas, flyers, etc.","sameAs":["http:\/\/chento.org","https:\/\/www.facebook.com\/JavierChento","https:\/\/x.com\/https:\/\/twitter.com\/javierchento"],"url":"http:\/\/vincentians.com\/es\/author\/chento\/"}]}},"jetpack_publicize_connections":[],"jetpack_featured_media_url":"https:\/\/i0.wp.com\/vincentians.com\/es\/wp-content\/uploads\/sites\/11\/2016\/07\/escritos-vicente-de-paul.jpg?fit=1200%2C630","jetpack_sharing_enabled":true,"jetpack_shortlink":"https:\/\/wp.me\/p7ETMF-3lN","jetpack-related-posts":[{"id":141415,"url":"http:\/\/vincentians.com\/es\/vicente-de-paul-carta-1301-a-renato-almeras-superior-de-roma\/","url_meta":{"origin":12883,"position":0},"title":"Vicente de Pa\u00fal, Carta 1301: A Renato Almeras, Superior De Roma","author":"Francisco Javier Fern\u00e1ndez Chento","date":"30\/03\/2015","format":false,"excerpt":"19 de agosto de 1650 Puesto que le ha hablado del se\u00f1or Authier al se\u00f1or cardenal d'Este y a monse\u00f1or Massari, y les ha se\u00f1alado los inconvenientes que podr\u00edan surgir por el parecido entre el nombre de su compa\u00f1\u00eda y el de la nuestra, vuelva a insistir usted en ello.\u2026","rel":"","context":"En \u00abEscritos de Vicente de Pa\u00fal\u00bb","block_context":{"text":"Escritos de Vicente de Pa\u00fal","link":"http:\/\/vincentians.com\/es\/category\/escritos\/escritos-de-vicente-de-paul\/"},"img":{"alt_text":"","src":"https:\/\/i0.wp.com\/vincentians.com\/es\/wp-content\/uploads\/sites\/11\/2016\/07\/escritos-vicente-de-paul.jpg?fit=1200%2C630&resize=350%2C200","width":350,"height":200,"srcset":"https:\/\/i0.wp.com\/vincentians.com\/es\/wp-content\/uploads\/sites\/11\/2016\/07\/escritos-vicente-de-paul.jpg?fit=1200%2C630&resize=350%2C200 1x, https:\/\/i0.wp.com\/vincentians.com\/es\/wp-content\/uploads\/sites\/11\/2016\/07\/escritos-vicente-de-paul.jpg?fit=1200%2C630&resize=525%2C300 1.5x, https:\/\/i0.wp.com\/vincentians.com\/es\/wp-content\/uploads\/sites\/11\/2016\/07\/escritos-vicente-de-paul.jpg?fit=1200%2C630&resize=700%2C400 2x, https:\/\/i0.wp.com\/vincentians.com\/es\/wp-content\/uploads\/sites\/11\/2016\/07\/escritos-vicente-de-paul.jpg?fit=1200%2C630&resize=1050%2C600 3x"},"classes":[]},{"id":109595,"url":"http:\/\/vincentians.com\/es\/san-vicente-de-paul-su-vida-su-tiempo-sus-obras-su-influencia-libro-7-capitulo-1\/","url_meta":{"origin":12883,"position":1},"title":"San Vicente de Pa\u00fal. Su vida, su tiempo; sus obras, su influencia. Libro 7, cap\u00edtulo 1","author":"Francisco Javier Fern\u00e1ndez Chento","date":"25\/01\/2015","format":false,"excerpt":"LIBRO VII: Las Hijas y las Damas de la Caridad.2 Los Hospitales Cap\u00edtulo Primero: Las Hijas de la Caridad. Hemos advertido m\u00e1s de una vez que, en todas sus Misiones, Vicente y sus hijos dejaban siempre una cofrad\u00eda de la Caridad como monumento de su paso. Durante algunos a\u00f1os, el\u2026","rel":"","context":"En \u00abVicente de Pa\u00fal\u00bb","block_context":{"text":"Vicente de Pa\u00fal","link":"http:\/\/vincentians.com\/es\/category\/la-familia-vicenciana\/fundadores\/vicente-de-paul\/"},"img":{"alt_text":"","src":"","width":0,"height":0},"classes":[]},{"id":121638,"url":"http:\/\/vincentians.com\/es\/san-vicente-de-paul-y-los-gondi-capitulo-05\/","url_meta":{"origin":12883,"position":2},"title":"San Vicente de Pa\u00fal y los Gondi: Cap\u00edtulo 05","author":"Francisco Javier Fern\u00e1ndez Chento","date":"07\/07\/2024","format":false,"excerpt":"Cap\u00edtulo V Vicente de Pa\u00fal y la Sra. de Gondi en el castillo de Folleville. - Nacimiento de la obra de las Misiones. - Salida de Vicente de la casa de Gondi. - Vicente, p\u00e1rroco de Chatillon-lez-Dombes. A comienzos del a\u00f1o de 1617, la familia de Gondi se hallaba reunida\u2026","rel":"","context":"En \u00abVicente de Pa\u00fal\u00bb","block_context":{"text":"Vicente de Pa\u00fal","link":"http:\/\/vincentians.com\/es\/category\/la-familia-vicenciana\/fundadores\/vicente-de-paul\/"},"img":{"alt_text":"","src":"https:\/\/i0.wp.com\/vincentians.com\/es\/wp-content\/uploads\/sites\/11\/2023\/08\/aaaf.jpg?fit=1200%2C827&resize=350%2C200","width":350,"height":200,"srcset":"https:\/\/i0.wp.com\/vincentians.com\/es\/wp-content\/uploads\/sites\/11\/2023\/08\/aaaf.jpg?fit=1200%2C827&resize=350%2C200 1x, https:\/\/i0.wp.com\/vincentians.com\/es\/wp-content\/uploads\/sites\/11\/2023\/08\/aaaf.jpg?fit=1200%2C827&resize=525%2C300 1.5x, https:\/\/i0.wp.com\/vincentians.com\/es\/wp-content\/uploads\/sites\/11\/2023\/08\/aaaf.jpg?fit=1200%2C827&resize=700%2C400 2x, https:\/\/i0.wp.com\/vincentians.com\/es\/wp-content\/uploads\/sites\/11\/2023\/08\/aaaf.jpg?fit=1200%2C827&resize=1050%2C600 3x"},"classes":[]},{"id":131217,"url":"http:\/\/vincentians.com\/es\/las-conferencias-de-san-vicente-de-paul-cumplen-un-siglo-de-existencia-en-espana-1849-1949\/","url_meta":{"origin":12883,"position":3},"title":"Las Conferencias de San Vicente de Pa\u00fal cumplen un siglo de existencia en Espa\u00f1a 1849-1949","author":"Francisco Javier Fern\u00e1ndez Chento","date":"30\/08\/2014","format":false,"excerpt":"El d\u00eda 11 de noviembre se cumplieron los c\u00eden a\u00f1os del establecimiento de las \"Conferencias de San Vicente de Pa\u00fal\" en Espa\u00f1a. Con este motivo, en la Bas\u00edlica de Santa Mar\u00eda de los Reyes, en Barcelona, celebr\u00f3se una solemne Misa de Comuni\u00f3n general, en la que ofici\u00f3 el Prelado de\u2026","rel":"","context":"En \u00abHistoria de la Sociedad de san Vicente de Pa\u00fal\u00bb","block_context":{"text":"Historia de la Sociedad de san Vicente de Pa\u00fal","link":"http:\/\/vincentians.com\/es\/category\/historia-de-la-familia-vicenciana\/historia-de-la-sociedad-de-san-vicente-de-paul\/"},"img":{"alt_text":"","src":"https:\/\/i0.wp.com\/vincentians.com\/es\/wp-content\/uploads\/sites\/11\/2016\/07\/escritos-vicente-de-paul.jpg?fit=1200%2C630&resize=350%2C200","width":350,"height":200,"srcset":"https:\/\/i0.wp.com\/vincentians.com\/es\/wp-content\/uploads\/sites\/11\/2016\/07\/escritos-vicente-de-paul.jpg?fit=1200%2C630&resize=350%2C200 1x, https:\/\/i0.wp.com\/vincentians.com\/es\/wp-content\/uploads\/sites\/11\/2016\/07\/escritos-vicente-de-paul.jpg?fit=1200%2C630&resize=525%2C300 1.5x, https:\/\/i0.wp.com\/vincentians.com\/es\/wp-content\/uploads\/sites\/11\/2016\/07\/escritos-vicente-de-paul.jpg?fit=1200%2C630&resize=700%2C400 2x, https:\/\/i0.wp.com\/vincentians.com\/es\/wp-content\/uploads\/sites\/11\/2016\/07\/escritos-vicente-de-paul.jpg?fit=1200%2C630&resize=1050%2C600 3x"},"classes":[]},{"id":123692,"url":"http:\/\/vincentians.com\/es\/federico-ozanam-por-mons-baunard-capitulo-10\/","url_meta":{"origin":12883,"position":4},"title":"Federico Ozanam (por Mons. Baunard): Cap\u00edtulo 10","author":"Francisco Javier Fern\u00e1ndez Chento","date":"01\/09\/2016","format":false,"excerpt":"Cap\u00edtulo X: La conferencia de Lyon Visita a Lamartine.\u2014Or\u00edgenes de la Conferencia de Lyon.\u2014Sus obras.\u2014Opo\u00adsiciones y progresos.\u2014Impulso al Consejo General de la Sociedad. 1836-1838 El regreso de Ozanam a Lyon, despu\u00e9s de cinco a\u00f1os de escuela, colm\u00f3 de felicidad a su familia. El mismo se abandon\u00f3 sin reserva ni medida\u2026","rel":"","context":"En \u00abFederico Ozanam\u00bb","block_context":{"text":"Federico Ozanam","link":"http:\/\/vincentians.com\/es\/category\/la-familia-vicenciana\/fundadores\/federico-ozanam\/"},"img":{"alt_text":"","src":"https:\/\/i0.wp.com\/vincentians.com\/es\/wp-content\/uploads\/sites\/11\/2016\/07\/frederic-ozanam-layman-for-now.jpg?fit=1200%2C630&resize=350%2C200","width":350,"height":200,"srcset":"https:\/\/i0.wp.com\/vincentians.com\/es\/wp-content\/uploads\/sites\/11\/2016\/07\/frederic-ozanam-layman-for-now.jpg?fit=1200%2C630&resize=350%2C200 1x, https:\/\/i0.wp.com\/vincentians.com\/es\/wp-content\/uploads\/sites\/11\/2016\/07\/frederic-ozanam-layman-for-now.jpg?fit=1200%2C630&resize=525%2C300 1.5x, https:\/\/i0.wp.com\/vincentians.com\/es\/wp-content\/uploads\/sites\/11\/2016\/07\/frederic-ozanam-layman-for-now.jpg?fit=1200%2C630&resize=700%2C400 2x, https:\/\/i0.wp.com\/vincentians.com\/es\/wp-content\/uploads\/sites\/11\/2016\/07\/frederic-ozanam-layman-for-now.jpg?fit=1200%2C630&resize=1050%2C600 3x"},"classes":[]},{"id":108317,"url":"http:\/\/vincentians.com\/es\/san-vicente-de-paul-su-vida-su-tiempo-sus-obras-su-influencia-libro-6-capitulo-1\/","url_meta":{"origin":12883,"position":5},"title":"San Vicente de Pa\u00fal. Su vida, su tiempo; sus obras, su influencia. Libro 6, cap\u00edtulo 1","author":"Francisco Javier Fern\u00e1ndez Chento","date":"18\/01\/2015","format":false,"excerpt":"Libro VI. Las Misiones Cap\u00edtulo Primero: Teor\u00eda de las Misiones I. Misiones en general. \u2013Misiones populares de san Vicente de Pa\u00fal. La acci\u00f3n de la Iglesia entre los pueblos no es m\u00e1s que una prolongaci\u00f3n del apostolado. Entonces, el apostolado es la palabra. Ense\u00f1ad, hablad, ha dicho el Maestro, y\u2026","rel":"","context":"En \u00abVicente de Pa\u00fal\u00bb","block_context":{"text":"Vicente de Pa\u00fal","link":"http:\/\/vincentians.com\/es\/category\/la-familia-vicenciana\/fundadores\/vicente-de-paul\/"},"img":{"alt_text":"","src":"","width":0,"height":0},"classes":[]}],"_links":{"self":[{"href":"http:\/\/vincentians.com\/es\/wp-json\/wp\/v2\/posts\/12883","targetHints":{"allow":["GET"]}}],"collection":[{"href":"http:\/\/vincentians.com\/es\/wp-json\/wp\/v2\/posts"}],"about":[{"href":"http:\/\/vincentians.com\/es\/wp-json\/wp\/v2\/types\/post"}],"author":[{"embeddable":true,"href":"http:\/\/vincentians.com\/es\/wp-json\/wp\/v2\/users\/4"}],"replies":[{"embeddable":true,"href":"http:\/\/vincentians.com\/es\/wp-json\/wp\/v2\/comments?post=12883"}],"version-history":[{"count":0,"href":"http:\/\/vincentians.com\/es\/wp-json\/wp\/v2\/posts\/12883\/revisions"}],"wp:featuredmedia":[{"embeddable":true,"href":"http:\/\/vincentians.com\/es\/wp-json\/wp\/v2\/media\/393753"}],"wp:attachment":[{"href":"http:\/\/vincentians.com\/es\/wp-json\/wp\/v2\/media?parent=12883"}],"wp:term":[{"taxonomy":"category","embeddable":true,"href":"http:\/\/vincentians.com\/es\/wp-json\/wp\/v2\/categories?post=12883"},{"taxonomy":"post_tag","embeddable":true,"href":"http:\/\/vincentians.com\/es\/wp-json\/wp\/v2\/tags?post=12883"}],"curies":[{"name":"wp","href":"https:\/\/api.w.org\/{rel}","templated":true}]}}