{"id":128766,"date":"2025-05-09T08:07:04","date_gmt":"2025-05-09T06:07:04","guid":{"rendered":"http:\/\/somos.vicencianos.org\/?p=128766"},"modified":"2024-08-22T20:11:52","modified_gmt":"2024-08-22T18:11:52","slug":"los-sacerdotes-de-la-congregacion-de-la-mision-recoder-6","status":"publish","type":"post","link":"http:\/\/vincentians.com\/es\/los-sacerdotes-de-la-congregacion-de-la-mision-recoder-6\/","title":{"rendered":"Los sacerdotes de la Congregaci\u00f3n de la Misi\u00f3n (Recoder) (6)"},"content":{"rendered":"<h2>Quinta base: Que sean reincorporados en la Congregaci\u00f3n todos los individuos que se hallan fuera por las diferencias y cuestiones pasadas y deseen volver a ella.<\/h2>\n<p>108. Tal es la quinta y \u00faltima Base presentada por los Misioneros Espa\u00f1oles. Aunque es la \u00faltima en el n\u00famero, es la primera por su importancia. Sin ella, la Congregaci\u00f3n de la Misi\u00f3n en Espa\u00f1a ser\u00eda siempre est\u00e9ril y casi del todo incapaz para llevar a cabo las grandes miras que tanto el Episcopa\u00addo como el Gobierno Espa\u00f1ol tuvieron cuando aquellos con instancia pidieron y este gustoso accedi\u00f3 para que fuese la pri\u00admera Comunidad que se restableciera en Espa\u00f1a. Diremos m\u00e1s: si esta Base no se admite en toda su extensi\u00f3n, es mejor y nos atrevemos a aconsejarlo al Gobierno de S. M. C., que fije los ojos en otra Comunidad haciendo desaparecer enteramente de la Pe\u00adn\u00ednsula la de los Padres de la Misi\u00f3n conocidos en Espa\u00f1a con el nombre de Pa\u00fales. Bien vemos que es una medida sumamente fuerte la que aconsejamos; bien comprendemos que dif\u00edcilmen\u00adte se hallar\u00e1 en nuestros d\u00edas una Comunidad que pueda hacer entre el Clero y pueblo Espa\u00f1ol lo que hacer pudiera dicha Congregaci\u00f3n si existiera y trabajara como Comunidad Espa\u00ad\u00f1ola m\u00e1s cuando se palpan males sin cuento de seguir los Pa\u00fales Espa\u00f1oles bajo la f\u00e9rula Francesa y con el triste y miserable personal con que cuentan sin que por parte alguna se vislumbre los m\u00e1s peque\u00f1os indicios de un feliz porvenir por haber separado de su seno y estar separando aun el Superior Extranjero los individuos m\u00e1s \u00fatiles y que promet\u00edan m\u00e1s bellas esperanzas; repetimos es mucho m\u00e1s conveniente su desaparici\u00f3n que su conservaci\u00f3n. No tenemos dificultad alguna en manifestar los motivos en que nos apoyamos. H\u00e9los aqu\u00ed: m\u00e1s, antes, perm\u00edtasenos una peque\u00f1a digresi\u00f3n.<\/p>\n<p>109.- Nosotros y los Misioneros Pa\u00fales establecidos en la Pe\u00adn\u00ednsula somos Cat\u00f3licos: ellos y nosotros somos Espa\u00f1oles. Si es cierto que somos Cat\u00f3licos primero que Espa\u00f1oles no lo es menos que nos gloriamos de pertenecer a Espa\u00f1a con prefe\u00adrencia a cualquiera otra Naci\u00f3n. Si el Catolicismo cuida de nues\u00adtro honor eterno cuando fieles a sus inspiraciones seguimos sus divinas leyes tambi\u00e9n la Patria debe cuidar de nuestro honor cuando cumplimos fielmente los deberes que nos impone. Los Misioneros Espa\u00f1oles han sido fieles a su Patria, adictos a su Gobierno, amantes de sus hermanos: la mancha que el extran\u00adjero arroja sobre ellos no empa\u00f1a su frente sino que cae sobre la Naci\u00f3n Espa\u00f1ola porque ellos se han sacrificado por su Pa\u00adtria.\u2014Luego es necesario admitir la Base que nos ocupa. De otro modo\u2014\u00bfno ser\u00eda el m\u00e1s completo triunfo de los extranjeros so\u00adbre los hijos de Espa\u00f1a amantes de su fe y de sus glorias si se desechaba esta 5\u00aa Base?\u2014 \u00bfno ser\u00eda acaso apoyar y autorizar las arbitrariedades e injusticias que han cometido los ex\u00adtranjeros contra venerables y esclarecidos Misioneros Espa\u00f1oles?\u2014\u00bfno ser\u00eda dejar la puerta abierta para que hoy o ma\u00f1ana cualquier extranjero que no estuviese conforme con lo que hicie\u00adran los Misioneros Espa\u00f1oles, de acuerdo con el Gobierno y con el Episcopado Espa\u00f1ol, viniese a nuestra Pen\u00ednsula y por s\u00ed y ante s\u00ed, sin autorizaci\u00f3n alguna, destruyera y acabara con todo lo existente, como con esc\u00e1ndalo y harto dolor presenciaron varias Comunidades espa\u00f1olas en Junio de 1856? \u2026..<\/p>\n<p>110.- Demostrada ya la necesidad de la 5\u00aa Base por lo que mira a nuestro honor Nacional pasamos a manifestar las razo\u00adnes que tenemos, para pedir lo arriba expuesto.<\/p>\n<p>111.- Hemos dicho que sin esta Base la Comunidad de los Pa\u00fales en Espa\u00f1a es enteramente in\u00fatil y m\u00e1s conveniente su extinci\u00f3n que su conservaci\u00f3n porque\u2014 \u00bfqu\u00e9 hombres hay en la actualidad para dirigirla?&#8211;\u00bfqui\u00e9nes son los que la forman?&#8211; \u00bfqu\u00e9 es lo que ha hecho durante los ocho a\u00f1os que ha estado enteramente supeditada a las instrucciones del Superior Fran\u00adc\u00e9s?\u2014\u00bfda acaso alguna esperanza?<\/p>\n<p>112.- No quisi\u00e9ramos jam\u00e1s haber visto llegar este momen\u00adto pero ya que se empe\u00f1an algunos Espa\u00f1oles poco afectos a su Patria y casi indiferentes a su fe y a sus glorias en propalar las m\u00e1s negras calumnias contra hombres eminentes por su virtud y por sus letras; bien, no importa, hablaremos, levanta\u00adremos la voz; rasgaremos el tupido manto que por espacio de ocho a\u00f1os ha estado cubriendo cr\u00edmenes, injusticias y arbitrariedades mil; para que sepa nuestra Naci\u00f3n Cat\u00f3lica qu\u00e9 es lo que ha hecho en su seno el extranjero con perjuicio de nuestros intereses religiosos, con mengua de nuestro honor y aun amena\u00adzando nuestra Nacionalidad .<\/p>\n<p>113.- Era el a\u00f1o de 1855 cuando la Congregaci\u00f3n de la Misi\u00f3n contaba apenas tres a\u00f1os de restablecida en la Pen\u00ednsula; con santo af\u00e1n y esmerado celo iba reuniendo en su seno a los individuos todos que le pertenecieran antes de los trastornos de 1835; era tierno a la par que edificante, ver reunirse a la som\u00adbra del \u00e1rbol que ciento cincuenta a\u00f1os atr\u00e1s plantara en Es\u00adpa\u00f1a la augusta mano del Vicario de Jesucristo a hombres ilustres, venerables casi todos ellos por su saber y virtud; que hab\u00edan llenado de admiraci\u00f3n y hecho apreciar el m\u00e9rito de los hijos de S. Vicente Espa\u00f1oles por su conducta ejempla\u00adr\u00edsima, exacta observancia y apost\u00f3lico celo a las Provincias de Italia, Francia, Asia y Am\u00e9rica.\u2014Bien pronto esta cohorte sa\u00adgrada vio rodearse de una multitud de excelentes j\u00f3venes, de brillante carrera, de bellas disposiciones que inflamados de un celo santo y con una vocaci\u00f3n toda Apost\u00f3lica, dejando sus fa\u00admilias y sus comodidades, ven\u00edan de diversos puntos de la Pen\u00ednsula a aumentar el n\u00famero de los Misioneros Espa\u00f1oles que no reconoc\u00edan a otro Padre mas que a S. Vicente de Paul.\u2014La bendici\u00f3n de Dios, siempre fecunda, se ve\u00eda palpablemente sobre los deseos del Santo Padre Pio IX y del Gobierno Espa\u00f1ol, ex\u00adpresados claramente en el art. 29 del Concordato de 1851, que hemos citado ya. Para que haya en toda la Pen\u00ednsula el n\u00famero suficiente de Ministros y Operarios Evang\u00e9licos se establecer\u00e1n Casas de S. Vicente de Paul. iCu\u00e1n bien com\u00adprendieron los hijos de S. Vicente las miras con que el Gobier\u00adno y el Episcopado Espa\u00f1ol, unidos, hab\u00edan resuelto su resta\u00adblecimiento! Ellos conocieron que, siendo Espa\u00f1oles y habiendo sido restaurados en Espa\u00f1a por la protecci\u00f3n tan solo del Gobierno Espa\u00f1ol, a Espa\u00f1a deb\u00edan consagrar todos sus afanes y trabajos.<\/p>\n<p>114.- El muy digno Superior que dirig\u00eda a la raz\u00f3n tan importante instituto, hombre venerable no s\u00f3lo por su edad y saber, sino m\u00e1s aun por los interesantes servicios que prestara a la Iglesia trabajando en las Misiones de Am\u00e9rica y desempe\u00ad\u00f1ando en distintos Obispados el dif\u00edcil cargo de Vicario General; este Se\u00f1or que vive a\u00fan, lleno de salud, a pesar de sus a\u00f1os por\u00adque Dios lo conserva para que vea el triunfo de la m\u00e1s justa de las causas, que solo por el honor de Espa\u00f1a, su Patria, y por la gloria de la Religi\u00f3n continu\u00f3, hab\u00eda comprendido perfecta\u00admente lo mismo que sus dem\u00e1s hermanos, el fin que se propu\u00adsieron, tanto el gobierno, como el Episcopado Espa\u00f1ol al resta\u00adblecer la Congregaci\u00f3n de la que se hallaba Superior.<\/p>\n<p>115.- Lentamente, porque al comenzar las grandes empre\u00adsas, jam\u00e1s se puede correr iba prosperando esta Congregaci\u00f3n, enteramente aplicada a la formaci\u00f3n de los j\u00f3venes, que en un d\u00eda no muy lejano deb\u00edan dirigir los Seminarios de Espa\u00f1a y de nuestras posesiones de Ultramar, trabajar a la perfecta forma\u00adci\u00f3n del Clero de nuestra Patria y moralizar e instruir los Pue\u00adblos de la Pen\u00ednsula. Cada d\u00eda el Gobierno de S. M. C. ten\u00eda nuevos motivos para complacerse de la acertada elecci\u00f3n que hiciera al preferir a todas las dem\u00e1s comunidades la de los PP. de S. Vicente de Pa\u00fal; por esto dispon\u00eda que se erigiesen Casas de la dicha Congregaci\u00f3n en nuestras posesiones de Ultramar a fin de que los hijos de S. Vicente, bajo la direcci\u00f3n y dependencia de los MM.RR. Obispos, se encargasen de la ense\u00f1anza y r\u00e9gimen de los Seminarios Conciliares establecidos.<\/p>\n<p>116. Todo iba prosperando, todo manifestaba que bien pronto el Clero Espa\u00f1ol que por tanto tiempo habla sida v\u00edctima de los trastornos consiguientes a esas grandes crisis que sacan de sus quicios a la Sociedad volver\u00eda a merecer el apre\u00adcio y la estimaci\u00f3n que se granjeara el Clero anterior a nuestras vicisitudes. De Badajoz ped\u00edan con instancia el restablecimiento de los Pa\u00fales en su antigua Casa mientras se consolidaba la fundaci\u00f3n de los mismos que desde 1736 se hiciera en Mallorca. La ciudad de Vitoria los admit\u00eda en su seno confi\u00e1ndoles la direcci\u00f3n de su Seminario mientras que de Valencia los ped\u00edan con instancia y en Barcelona, Cuna de los Misioneros Es\u00adpa\u00f1oles, se gestionaba su pronto restablecimiento. De cien puntos ped\u00edan fundaciones y los Obispos todos, con muy raras excepciones, deseaban poner sus Seminarios bajo su direc\u00adci\u00f3n. iAh! ellos sab\u00edan muy bien lo que con tanta exactitud como elegancia hab\u00edan dicho al hablar de los Hijos de S. Vicen\u00adte los Obispos de Francia, Italia, Polonia, Am\u00e9rica y muchos de nuestra Espa\u00f1a: ellos recordaban los magn\u00edficos e interesantes elogios que el Concilio celebrado en Tarragona en 1733 hac\u00eda de los Misioneros de S. Vicente Espa\u00f1oles al pedir a la Santa Sede la Canonizaci\u00f3n del bienaventurado Padre de las Hi\u00adjas de la Caridad no les era desconocida la verdad de lo que los Ilustres Cabildos de las Iglesias Catedrales del Principado dec\u00edan al dirigirse al Papa Clemente XI manifest\u00e1ndole su gratitud por haber establecido en Espa\u00f1a a los hijos de S. Vi\u00adcente: \u00abquorum ope et consilio universus Barchinone , timo et totius Gathalonie Clerus, morii m gravitate, candore, pudoris, habitus , et conversationis, modestia uberrimam vircutum legen\u00adtem ex hibent.<\/p>\n<p>117. Ciertamente en nuestros d\u00edas se ver\u00eda a los hijos de S. Vicente dedicados al m\u00e1s sublime de sus Ministerios a aquel para el cual Dios les dispensa una gracia toda particular.<\/p>\n<p>118.- \u00bfPor qu\u00e9 no ha sucedido as\u00ed? \u00bfpor qu\u00e9 en el d\u00eda apenas son conocidos los Pa\u00fales en Espa\u00f1a? \u00bfPor qu\u00e9 despu\u00e9s de doce a\u00f1os de restablecidos no tienen ni cuidan m\u00e1s que de su s\u00f3lo Seminario?&#8230; Dir\u00edjase la vista al otro lado de los Pirineos y all\u00ed se ver\u00e1 formar la tempestad que viniendo luego sobre Espa\u00f1a debe acabar con las esperanzas que el Clero y el Pueblo Espa\u00f1ol ten\u00edan fundadas en la Comunidad de lo Paules.<\/p>\n<p>119.- En efecto: la Congregaci\u00f3n de la Misi\u00f3n iba florecien\u00addo en Espa\u00f1a tal como se ha visto, cuando el Superior General Franc\u00e9s, contra todas sus atribuciones y contra lo que \u00e9l mismo hab\u00eda manifestado en momentos muy solemnes quiso intervenir en todos los asuntos y negocios de la Provincia de Es\u00adpa\u00f1a. Conoci\u00f3 el Superior Espa\u00f1ol que sin hacer traici\u00f3n a su conciencia y sin faltar a los compromisos contra\u00eddos con el Go\u00adbierno de S. M. C., no pod\u00eda en modo alguno acceder a las re\u00adpetidas exigencias del Superior Franc\u00e9s. Viendo que eran in\u00fatiles todos los medios que empleaba para conseguir que dicho Superior desistiese de sus proyectos acudi\u00f3 al Emmo. Sr. Car\u00addenal Arzobispo de Toledo que en virtud del Motu propio ci\u00adtado era considerado y es a la verdad Superior de los Pa\u00fales. El Emmo. Prelado dict\u00f3 las providencias que crey\u00f3 m\u00e1s oportunas; mas toda fue in\u00fatil. El Superior Franc\u00e9s quiso llevar adelante sus interesadas miras o acabar con la Congregaci\u00f3n de Espa\u00f1a y sin dar aviso alguno al Gobierno de S. M. C. ni al Sr. Cardenal de Toledo llam\u00f3 a Par\u00eds al Visitador Espa\u00f1ol, retir\u00e1ndole desde luego todas las facultades que ten\u00eda tanto sobre la Congregaci\u00f3n de la Misi\u00f3n como sobre la de las Hijas de la Caridad. Al verse el Superior Espa\u00f1ol en tal situaci\u00f3n acudi\u00f3 de nuevo al Sr. Cardenal de Toledo e hizo presente al Gobierno de S. M. C. lo que estaba pasando. Al ocuparnos de la 2\u00aa Base hemos visto las disposiciones que tomaron ambas potestades para sostener la Autoridad del Superior Espa\u00f1ol. Vamos a ver lo que pas\u00f3 desde este momento entre los dos Superiores Franc\u00e9s y Espa\u00f1ol.<\/p>\n<p>120.- Por consejo y aprobaci\u00f3n tanto del Gobierno de S. M. C. como del Emmo. Sr. Cardenal de Toledo el Superior Espa\u00f1ol pas\u00f3 a Roma a fin de que Su Santidad s\u00e9 dignara poner remedio eficaz a unas exigencias que podr\u00edan repetirse con frecuencia y causar graves conflictos a las comunidades espa\u00ad\u00f1olas y aun a la Naci\u00f3n. Su Santidad recibi\u00f3 con el mayor agrado y con particulares pruebas de aprecio a dicho Superior prometiendo atender de un modo todo particular a las aflicciones que sufr\u00eda en la Pen\u00ednsula un Instituto que, en los designios del Padre de las Misericordias era llamado a hacer en Espa\u00f1a lo que hab\u00eda hecho y estaba haciendo en Italia. El Emmo. Sr. Cardenal Brunelli, que habla sido Nuncio de Su Santidad en Espa\u00f1a, que era quien habla representado a la Santa Sede para hacer, firmar, y ratificar el Concordato que Espa\u00f1a celebrara en 1851, hombre religioso y pol\u00edtico, grande bajo ambos conceptos, que conoc\u00eda perfectamente la misi\u00f3n a que era llamada en la Pen\u00ednsula la Congregaci\u00f3n de los PP. Pa\u00fales, aprob\u00f3, dirigi\u00f3 y apoy\u00f3 al Superior Espa\u00f1ol desde el instante que este lleg\u00f3 a Roma.<\/p>\n<p>121.- En vista de los datos y de las much\u00edsimas autoridades alegadas por el Superior Espa\u00f1ol para corroborar la idea de los Misioneros de la Pen\u00ednsula, Su Santidad nombr\u00f3 una Congregaci\u00f3n de cardenales compuesta de los Emmos. Sres. Brunelli, Antonelli, Patricy y La Genga a fin de que examinaran los asuntos de la Congregaci\u00f3n de la Misi\u00f3n en Espa\u00f1a.<\/p>\n<p>122.- Al saber esto el Superior Franc\u00e9s acudi\u00f3 tambi\u00e9n a Roma. Parec\u00eda natural que aguardase el dictamen que diera Junta tan venerable e imparcial antes que diese paso o hiciera gesti\u00f3n alguna. Mas no fue as\u00ed. Se pusieron en juego todos los medios, los poderosos y afilados medios con que contaba la Francia en la Ciudad Eterna; la calumnia y la falsedad fueron usadas tambi\u00e9n. Se consigui\u00f3 enga\u00f1ar la Corte Romana, se suspendieron los trabajos en la Congregaci\u00f3n que el mismo Santo Padre formara; mas no se pudo arrancar una sentencia injusta, como se pretend\u00eda. Roma, la prudente Roma no fall\u00f3: la expresi\u00f3n nihil innovetur fue la \u00fanica que de sus labios sa\u00adliera y la que bien examinada, manifestaba al Superior Fran\u00adc\u00e9s que \u00e9l era quien se hab\u00eda separado de sus atribuciones. As\u00ed lo confiesa \u00e9l mismo en la Circular que hemos citado en otro lugar; as\u00ed se desprende de la sencilla relaci\u00f3n que hemos hecho al hablar del Establecimiento de los Pa\u00fales en Espa\u00f1a; as\u00ed se colige de la simple lectura de una Memoria que hemos visto sobre la fundaci\u00f3n y conservaci\u00f3n de la Congregaci\u00f3n Espa\u00f1ola de las Hijas de la Caridad perteneciente al Real Pa\u00adtronato.<\/p>\n<p>123.- Tal vez algunos nieguen la verdad de lo que acabamos de decir apoyados en las confusas noticias que tienen sobre un hecho que pas\u00f3 en la misma Ciudad de Roma. Hablamos de la retractaci\u00f3n que se dice hizo el Superior Espa\u00f1ol antes de salir de la Ciudad, Centro del Catolicismo; mas nosotros tene\u00admos todos los datos necesarios y estamos competentemente au\u00adtorizados para decir que el Superior Espa\u00f1ol no se retract\u00f3; y que la carta que en forma de Circular se pas\u00f3 a todas las Ca\u00adsas que las familias de San Vicente, tienen en Espa\u00f1a no estaba tal cual saliera de las manos de su respetable autor. Es cierto que el Visitador General Espa\u00f1ol de la Congregaci\u00f3n de la Mi\u00adsi\u00f3n y de las Hijas de la Caridad escribi\u00f3 estando en Roma a to\u00addos sus s\u00fabditos el 22 de Febrero de 1856; mas en esta carta no dec\u00eda lo que le han hecho decir los Se\u00f1ores que cuidaron de poner\u00adla en estampilla y publicarla en Par\u00eds. Entre los Se\u00f1ores que con entusiasmo defienden las miras y tendencias del Superior Franc\u00e9s en Espa\u00f1a, hay uno que est\u00e1 muy bien enterado de la verdad de lo que decimos por haber sido el portador de la Car\u00adta del Superior Espa\u00f1ol de Roma a Par\u00eds despues de haber sido adicionada con cosas que no aprob\u00f3 ni firm\u00f3 dicho Superior. No querernos decir m\u00e1s sobre este punto.<\/p>\n<p>124.- Al ver el Superior Espa\u00f1ol que el gobierno de S. M. C. no hac\u00eda gesti\u00f3n alguna para apoyar los pasos que estaba dando a fin de llevar a cabo la idea que con su aprobaci\u00f3n hab\u00eda presen\u00adtado al Santo Padre; viendo que nada habla resuelto la Congregaci\u00f3n de Cardenales nombrada por el Romano Pont\u00edfice para examinar la cuesti\u00f3n; viendo que el Superior Franc\u00e9s lo recib\u00eda con agrado, lo abrazaba y le dec\u00eda que dijese al Santo Padre que todas las cuestiones hablan ya terminado: que se guiaran en lo sucesivo como si jam\u00e1s hubiese habido diferencia alguna: que no se alterar\u00eda nada en la Provincia de Espa\u00f1a; sali\u00f3 de Roma con la dulce esperanza de que los Hijos de San Vicente establecidos en la Pen\u00ednsula prosperaran bien pronto a la sombra de la palabra que le diera y que le hiciera repetir delante del Augusto y amable Pio IX el Superior General. Mas no sucedi\u00f3 as\u00ed: veremos qui\u00e9n fue el que falt\u00f3 a su palabra.<\/p>\n<p>125-. No consta en ning\u00fan documento que el Superior Espa\u00f1ol, despu\u00e9s de su vuelta de Roma, intentase introducir varia\u00adci\u00f3n alguna en la Provincia que habla sido puesta a su cuidado. No consta ni puede ense\u00f1arse una sola l\u00ednea escrita por dicho Se\u00f1or que denigre o rebaje en lo m\u00e1s m\u00ednimo la autoridad y el respeto que se debe al sucesor de S. Vicente: estos son hechos. Sin embargo, el Superior Franc\u00e9s, el mismo que en Roma dijo que ya hab\u00eda hecho las paces con el Superior Espa\u00f1ol e hizo que este as\u00ed se lo manifestase al Santo Padre; el mismo que dijo, no me acordar\u00e9 m\u00e1s de todo lo pasado; este Se\u00f1or, que hab\u00eda visto y hablado a los Sres. Cardenales a quienes el grande Pio IX confiara el examen de los deseos de los Misioneros Espa\u00f1oles; este mismo Se\u00f1or, en una carta circular escrita en Pa\u00adr\u00eds, dice lo siguiente: \u00abUn atentado tan insensato como audaz ha venido a exponer a nuestra Provincia de Espa\u00f1a a una p\u00e9rdida inevitable. El visitador de aquella Provincia concibi\u00f3 la funes\u00adta idea de sustraer a la autoridad del Jefe de la Compa\u00f1\u00eda y obtener una independencia que no deb\u00eda aprovechar m\u00e1s que a su ambici\u00f3n. Apoy\u00e1ndose en la protecci\u00f3n de un Gobierna mal intencionado para la Religi\u00f3n, se atrevi\u00f3 a llevar \u00e9l mismo sus pretensiones hasta los pies del Trono de S. Pedro para hacerlas sancionar por el Vicario de Jesucristo.\u2014Mas el Sumo Pont\u00edfice Pio IX ha querido dar con este motivo, una prueba de su constante adhesi\u00f3n a la familia de S. Vicente re\u00adchazando en\u00e9rgicamente aun a la primera insinuaci\u00f3n una proposici\u00f3n que tend\u00eda a destruir toda unidad; as\u00ed es que la causa fue desatendida apenas se present\u00f3 sin que se le concediera el honor de sujetarla a la m\u00e1s insignificante discusi\u00f3n.<\/p>\n<p>126.- Se necesita mucho descaro para publicar ante la So\u00adciedad escrito tal. No haremos comentario alguno a las palabras que acabamos de transcribir. Tampoco las calificaremos; el es\u00adp\u00edritu que las inspir\u00f3 escita la compasi\u00f3n de toda persona sen\u00adsata y deja admirados a todos los que saben, que es hijo, m\u00e1s aun, el mismo sucesor de S. Vicente, quien las pronuncia y pu\u00adblica. Pasaremos por alto la denigrante calificaci\u00f3n con que censura al Gobierno de S. M. C., porque esto no nos ata\u00f1e; pero s\u00ed rogamos encarecidamente a nuestros lectores que cotejen las ideas enunciadas por el Superior Franc\u00e9s con las autoridades irrecusables alegadas en el decurso de este escrito y entonces ver\u00e1n qu\u00e9 intenciones son las que abriga dicho Superior sobre la Congregaci\u00f3n de la Misi\u00f3n en Espa\u00f1a; entonces ve\u00adr\u00e1n si tenemos raz\u00f3n para pedir la fuerte medida que hemos indicado al empezar este art\u00edculo. Mas para que pueda verse con m\u00e1s facilidad la verdad de lo que decimos vamos a pre\u00adsentar hechos que vendr\u00e1n a confirmar todo nuestro escrito.<\/p>\n<p>127.- No fueron los papeles los \u00fanicos que manifestaron lo que pasaba en el coraz\u00f3n del Superior Franc\u00e9s. Los hechos \u00a1Ay! esos tristes resultados que produce siempre una funesta cegue\u00addad vinieron a manifestarse en Espa\u00f1a del modo m\u00e1s devastador.<\/p>\n<p>128.- Era el a\u00f1o de 1856, el mismo en que el Superior Franc\u00e9s dijera al Superior Espa\u00f1ol, no me acordar\u00e9 m\u00e1s de lo pasado, cuando los Misioneros Espa\u00f1oles recibieron la triste y azarosa noticia de que su muy digno, respetable y virtuoso Superior hab\u00eda sido depuesto por el Superior Franc\u00e9s, que el Superior de la Casa de Vitoria, hombre insigne y eminente bajo todos conceptos hab\u00eda sido depuesto tambi\u00e9n. Estos actos llena\u00adron de consternaci\u00f3n e introdujeron la alarma entre los indivi\u00adduos de la renaciente Comunidad Espa\u00f1ola. Mas la aflicci\u00f3n y el pesar subi\u00f3 de punto en el momento que se tuvo noticia de que los Superiores mencionados, incluso el Asistente de la Casa de Madrid y otros de los m\u00e1s respetables individuos de la misma Congregaci\u00f3n hab\u00edan sido separados de ella por el Su\u00adperior Franc\u00e9s. At\u00f3nita la Comunidad de Misioneros Espa\u00f1oles y sin poderse explicar nada de lo que estaba viendo pregunta\u00adba: \u00bfQu\u00e9 crimen han cometido estos se\u00f1ores a quienes se se\u00adpara de nuestro seno? \u00bfNo son por ventura nuestros Padres, nuestros Directores y Maestros? \u00bfqu\u00e9 derecho ni qu\u00e9 autoridad tiene el Superior Franc\u00e9s para que sin raz\u00f3n ninguna y contra la voluntad de todos los individuos de esta Provincia se separe de la Congregaci\u00f3n a individuos sumamente respetables y obser\u00advantes, \u00fatiles por no decir del todo necesarios a la Congregaci\u00f3n en Espa\u00f1a? A estas preguntas o no se contestaba o bien la respuesta era la separaci\u00f3n de la Congregaci\u00f3n. Hab\u00edase resuelto la destrucci\u00f3n de la Comunidad de los Misioneros Espa\u00ad\u00f1oles; por eso el Superior Franc\u00e9s no se detuvo en los medios de llevarla a cabo. Invent\u00f3se el nuevo crimen de desobediencia, es decir, de reputar como delito de los m\u00e1s graves que pudie\u00adran cometer los Misioneros Espa\u00f1oles el no querer ir a Fran\u00adcia. Por esto fueron separados varias Misioneros de la Congrega\u00adci\u00f3n que amaban y en la que hab\u00edan trabajado largos a\u00f1os.<\/p>\n<p>129.- \u00a1Y esto pasaba en Espa\u00f1a, en la misma Corte de Ma\u00addrid! \u00a1y esto se hac\u00eda con una Comunidad de quien el Gobierno de Espa\u00f1a hab\u00eda reconocido y apoyado su restauraci\u00f3n; no para que secundara las miras de Superiores Extranjeros ni para que trabajara en la propagaci\u00f3n de la gloria de Naciones extra\u00f1as!&#8230; Era una Comunidad Espa\u00f1ola restablecida en Espa\u00f1a en vir\u00adtud de un Concordato que Espa\u00f1a celebrara con la Santa Sede. Era una Comunidad que estaba sostenida y amparada por le\u00adyes Espa\u00f1olas y a la que dirig\u00edan con ansiedad sus miradas tanto el Clero como el pueblo Espa\u00f1ol esperando hallar aquel Amigos, Compa\u00f1eros y Maestros; y este, Padres, Gu\u00edas y Di\u00adrectores. Mas \u00a1ah\u00ed apenas la sonrisa asomaba en los labios de la Sociedad Espa\u00f1ola y el placer nac\u00eda en su coraz\u00f3n cuando de repente tuvo que cubrir su semblante para no presenciar el trist\u00edsimo cuadro que ofrec\u00eda la Comunidad de Misioneros de S. Vicente de Paul reci\u00e9n restablecida en la Pen\u00ednsula.<\/p>\n<p>130.- La mano extranjera vino a destruir y destrozar todo cuanto levantara la fe y el amor de los Misioneros Espa\u00f1oles amantes de su Patria \u2026 La Congregaci\u00f3n de la Misi\u00f3n qued\u00f3 reducida a un mont\u00f3n de ruinas.<\/p>\n<p>131.- Varones ilustres, Prelados esclarecidos corrieron al au\u00adxilio de las columnas del magn\u00edfico edificio destruido por mano no Nacional; no pod\u00edan hacer m\u00e1s; era el Gobierno quien deb\u00eda haber contrarrestado la invasi\u00f3n del extranjero; \u00e9l era el \u00fanico que pod\u00eda hacer frente a los desmanes de los envidiosos de nuestro honor Nacional. Mas \u00a1ah\u00ed debemos ser justos; no podemos culpar al Gobierno Espa\u00f1ol porque estuvo ignorante de todo lo que pasaba y no ha sabido el objeto ni la verdad de la presen\u00adte cuesti\u00f3n hasta nuestros d\u00edas. No dudamos que si los primeros Misioneros Espa\u00f1oles que fueron v\u00edctimas por sostener y defen\u00adder los derechos y el honor de su patria hubiesen acudido al Trono de S. M. C., su Gobierno los hubiese protegido y en nues\u00adtros d\u00edas ocupar\u00edan el lugar a que est\u00e1n llamados y ver\u00edan mul\u00adtiplicada y extendida su ben\u00e9fica e interesante Congregaci\u00f3n en todos los pueblos de Espa\u00f1a. Tenemos datos para creerlo as\u00ed y estamos en la firme convicci\u00f3n que tom\u00e1ndose en cuenta las jus\u00adt\u00edsimas razones alegadas en este escrito en pro de los Hijos de S. Vicente Espa\u00f1oles y para que el Clero y pueblo de la Pen\u00edn\u00adsula reporte todas las ventajas con que quiso favorecerlo el Go\u00adbierno de S.M.C. cuando acord\u00f3 su restauraci\u00f3n se dictaran las oportunas medidas a fin de reunir las piedras del modesto pero interesante edificio que reedificara Espa\u00f1a en 1852; y con ellas se levantar\u00e1 de nuevo un monumento que eternice m\u00e1s y m\u00e1s la gloria de nuestra Cat\u00f3lica Patria y acredite a la posteri\u00addad los muy nobles sentimientos del Gobierno de S. M. C. Es\u00adperamos que no permanecer\u00e1n por m\u00e1s tiempo diseminados se\u00adg\u00fan la voluntad del Superior extranjero los hombres insignes que obtuvieran del Santo Padre, del Gobierno y Episcopado Espa\u00f1ol autorizaci\u00f3n para reunirse. Esperamos que desaparece\u00adr\u00e1n enteramente las ruinas que amonton\u00f3 para oprobio de nuestra Patria y mengua de nuestro honor Nacional; el que se complaci\u00f3 en destruir la Congregaci\u00f3n de los Misioneros Espa\u00ad\u00f1oles. S\u00ed, tenemos fe en \u00e9l patriotismo del Gobierno de la muy noble, esclarecida y Cat\u00f3lica Reina D.\u00aa Isabel II, (q. D. g.); esperamos que no triunfar\u00e1n las miras de los extranjeros diri\u00adgidas a ofuscar y oprimir el m\u00e9rito y la <a href=\"http:\/\/gloria.de\/\">gloria de<\/a> los Misioneros Hijos de Espa\u00f1a: esperamos que el muy ilustre y esclarecido Episcopado Espa\u00f1ol reflexionando atentamente sobre la importancia de tener en sus Di\u00f3cesis los Hijos de S. Vicente de Paul para confiarles, bajo su inspecci\u00f3n, tanto la grande e interesan\u00adte obra de la moralizaci\u00f3n e instrucci\u00f3n de los pueblos, como la direcci\u00f3n de sus Seminarios influir\u00e1n para que se realicen los muy justos deseos de los Pa\u00fales Espa\u00f1oles. Esperamos que los Ilustres Obispos que con tanta ternura como amor han cobijado y protegido bajo su ben\u00e9fico manto a los individuos de la Con\u00adgregaci\u00f3n de la Misi\u00f3n que por espacio de ocho a\u00f1os han sufri\u00addo los efectos de la injusticia y arbitrariedad extranjera por el honor de Espa\u00f1a bien de su Clero y utilidad de sus necesitados pueblos consentir\u00e1n gustosos que hagan dimisi\u00f3n de los hon\u00adrosos cargos con que su pastoral munificencia los distingui\u00f3 en atenci\u00f3n a sus m\u00e9ritos y virtudes. Esperamos en fin que los pocos Misioneros Espa\u00f1oles que han permanecido hasta hoy adictos a los planes del Superior franc\u00e9s convencidos ya de lo perjudicial que ser\u00eda para nuestra Patria su realizaci\u00f3n y aun de la injusticia que encierran en muchos puntos admitir\u00e1n las cinco bases expuestas en este Op\u00fasculo, y presentadas a S. M. C. por la mayor\u00eda de los Misioneros Espa\u00f1oles. As\u00ed volver\u00e1n a ser \u00fati\u00adles a la Religi\u00f3n y a la Patria; solo as\u00ed podr\u00e1n desempe\u00f1ar con feliz \u00e9xito, lo que el Gobierno y el Episcopado Espa\u00f1ol se digne confiarles; solo as\u00ed merecer\u00e1n los gloriosos t\u00edtulos con que se in\u00admortalizaron los primeros Misioneros Espa\u00f1oles, Hijos de S. Vi\u00adcente de Pa\u00fal, y con los que engrandecieron e hicieron brillar m\u00e1s y m\u00e1s nuestro honor Nacional.<\/p>\n","protected":false},"excerpt":{"rendered":"<p>Quinta base: Que sean reincorporados en la Congregaci\u00f3n todos los individuos que se hallan fuera por las diferencias y cuestiones pasadas y deseen volver a ella. 108. Tal es la quinta y \u00faltima Base presentada &#8230; <a href=\"http:\/\/vincentians.com\/es\/los-sacerdotes-de-la-congregacion-de-la-mision-recoder-6\/\" class=\"more-link\">Read More<\/a><\/p>\n","protected":false},"author":5,"featured_media":404124,"comment_status":"open","ping_status":"open","sticky":false,"template":"","format":"standard","meta":{"jetpack_post_was_ever_published":false,"_jetpack_newsletter_access":"","_jetpack_dont_email_post_to_subs":false,"_jetpack_newsletter_tier_id":0,"_jetpack_memberships_contains_paywalled_content":false,"_jetpack_memberships_contains_paid_content":false,"footnotes":"","jetpack_publicize_message":"","jetpack_publicize_feature_enabled":true,"jetpack_social_post_already_shared":true,"jetpack_social_options":{"image_generator_settings":{"template":"highway","default_image_id":0,"font":"","enabled":false},"version":2}},"categories":[252],"tags":[],"class_list":["post-128766","post","type-post","status-publish","format-standard","has-post-thumbnail","hentry","category-historia-de-la-congregacion-de-la-mision-en-espana"],"yoast_head":"<!-- This site is optimized with the Yoast SEO plugin v26.3 - https:\/\/yoast.com\/wordpress\/plugins\/seo\/ -->\n<title>Los sacerdotes de la Congregaci\u00f3n de la Misi\u00f3n (Recoder) (6) - Somos Vicencianos<\/title>\n<meta name=\"robots\" content=\"index, follow, max-snippet:-1, max-image-preview:large, max-video-preview:-1\" \/>\n<link rel=\"canonical\" href=\"http:\/\/vincentians.com\/es\/los-sacerdotes-de-la-congregacion-de-la-mision-recoder-6\/\" \/>\n<meta property=\"og:locale\" content=\"es_ES\" \/>\n<meta property=\"og:type\" content=\"article\" \/>\n<meta property=\"og:title\" content=\"Los sacerdotes de la Congregaci\u00f3n de la Misi\u00f3n (Recoder) (6) - Somos Vicencianos\" \/>\n<meta property=\"og:description\" content=\"Quinta base: Que sean reincorporados en la Congregaci\u00f3n todos los individuos que se hallan fuera por las diferencias y cuestiones pasadas y deseen volver a ella. 108. Tal es la quinta y \u00faltima Base presentada ... Read More\" \/>\n<meta property=\"og:url\" content=\"http:\/\/vincentians.com\/es\/los-sacerdotes-de-la-congregacion-de-la-mision-recoder-6\/\" \/>\n<meta property=\"og:site_name\" content=\"Somos Vicencianos\" \/>\n<meta property=\"article:publisher\" content=\"https:\/\/www.facebook.com\/WeAreVincentians\/\" \/>\n<meta property=\"article:published_time\" content=\"2025-05-09T06:07:04+00:00\" \/>\n<meta property=\"og:image\" content=\"https:\/\/i0.wp.com\/vincentians.com\/es\/wp-content\/uploads\/sites\/11\/2013\/04\/g-5.jpg?fit=1170%2C692\" \/>\n\t<meta property=\"og:image:width\" content=\"1170\" \/>\n\t<meta property=\"og:image:height\" content=\"692\" \/>\n\t<meta property=\"og:image:type\" content=\"image\/jpeg\" \/>\n<meta name=\"author\" content=\"Mitxel Olabu\u00e9naga\" \/>\n<meta name=\"twitter:card\" content=\"summary_large_image\" \/>\n<meta name=\"twitter:creator\" content=\"@WeVincentians\" \/>\n<meta name=\"twitter:site\" content=\"@WeVincentians\" \/>\n<meta name=\"twitter:label1\" content=\"Escrito por\" \/>\n\t<meta name=\"twitter:data1\" content=\"Mitxel Olabu\u00e9naga\" \/>\n\t<meta name=\"twitter:label2\" content=\"Tiempo de lectura\" \/>\n\t<meta name=\"twitter:data2\" content=\"21 minutos\" \/>\n<script type=\"application\/ld+json\" class=\"yoast-schema-graph\">{\"@context\":\"https:\/\/schema.org\",\"@graph\":[{\"@type\":\"Article\",\"@id\":\"http:\/\/vincentians.com\/es\/los-sacerdotes-de-la-congregacion-de-la-mision-recoder-6\/#article\",\"isPartOf\":{\"@id\":\"http:\/\/vincentians.com\/es\/los-sacerdotes-de-la-congregacion-de-la-mision-recoder-6\/\"},\"author\":{\"name\":\"Mitxel Olabu\u00e9naga\",\"@id\":\"http:\/\/vincentians.com\/es\/#\/schema\/person\/7c2670b4445a7ca9d164ea6acdb31859\"},\"headline\":\"Los sacerdotes de la Congregaci\u00f3n de la Misi\u00f3n (Recoder) (6)\",\"datePublished\":\"2025-05-09T06:07:04+00:00\",\"mainEntityOfPage\":{\"@id\":\"http:\/\/vincentians.com\/es\/los-sacerdotes-de-la-congregacion-de-la-mision-recoder-6\/\"},\"wordCount\":5073,\"commentCount\":0,\"publisher\":{\"@id\":\"http:\/\/vincentians.com\/es\/#organization\"},\"image\":{\"@id\":\"http:\/\/vincentians.com\/es\/los-sacerdotes-de-la-congregacion-de-la-mision-recoder-6\/#primaryimage\"},\"thumbnailUrl\":\"https:\/\/i0.wp.com\/vincentians.com\/es\/wp-content\/uploads\/sites\/11\/2013\/04\/g-5.jpg?fit=1170%2C692\",\"articleSection\":[\"Historia de la Congregaci\u00f3n de la Misi\u00f3n en Espa\u00f1a\"],\"inLanguage\":\"es\",\"potentialAction\":[{\"@type\":\"CommentAction\",\"name\":\"Comment\",\"target\":[\"http:\/\/vincentians.com\/es\/los-sacerdotes-de-la-congregacion-de-la-mision-recoder-6\/#respond\"]}]},{\"@type\":\"WebPage\",\"@id\":\"http:\/\/vincentians.com\/es\/los-sacerdotes-de-la-congregacion-de-la-mision-recoder-6\/\",\"url\":\"http:\/\/vincentians.com\/es\/los-sacerdotes-de-la-congregacion-de-la-mision-recoder-6\/\",\"name\":\"Los sacerdotes de la Congregaci\u00f3n de la Misi\u00f3n (Recoder) (6) - Somos Vicencianos\",\"isPartOf\":{\"@id\":\"http:\/\/vincentians.com\/es\/#website\"},\"primaryImageOfPage\":{\"@id\":\"http:\/\/vincentians.com\/es\/los-sacerdotes-de-la-congregacion-de-la-mision-recoder-6\/#primaryimage\"},\"image\":{\"@id\":\"http:\/\/vincentians.com\/es\/los-sacerdotes-de-la-congregacion-de-la-mision-recoder-6\/#primaryimage\"},\"thumbnailUrl\":\"https:\/\/i0.wp.com\/vincentians.com\/es\/wp-content\/uploads\/sites\/11\/2013\/04\/g-5.jpg?fit=1170%2C692\",\"datePublished\":\"2025-05-09T06:07:04+00:00\",\"breadcrumb\":{\"@id\":\"http:\/\/vincentians.com\/es\/los-sacerdotes-de-la-congregacion-de-la-mision-recoder-6\/#breadcrumb\"},\"inLanguage\":\"es\",\"potentialAction\":[{\"@type\":\"ReadAction\",\"target\":[\"http:\/\/vincentians.com\/es\/los-sacerdotes-de-la-congregacion-de-la-mision-recoder-6\/\"]}]},{\"@type\":\"ImageObject\",\"inLanguage\":\"es\",\"@id\":\"http:\/\/vincentians.com\/es\/los-sacerdotes-de-la-congregacion-de-la-mision-recoder-6\/#primaryimage\",\"url\":\"https:\/\/i0.wp.com\/vincentians.com\/es\/wp-content\/uploads\/sites\/11\/2013\/04\/g-5.jpg?fit=1170%2C692\",\"contentUrl\":\"https:\/\/i0.wp.com\/vincentians.com\/es\/wp-content\/uploads\/sites\/11\/2013\/04\/g-5.jpg?fit=1170%2C692\",\"width\":1170,\"height\":692},{\"@type\":\"BreadcrumbList\",\"@id\":\"http:\/\/vincentians.com\/es\/los-sacerdotes-de-la-congregacion-de-la-mision-recoder-6\/#breadcrumb\",\"itemListElement\":[{\"@type\":\"ListItem\",\"position\":1,\"name\":\"Portada\",\"item\":\"http:\/\/vincentians.com\/es\/\"},{\"@type\":\"ListItem\",\"position\":2,\"name\":\"Los sacerdotes de la Congregaci\u00f3n de la Misi\u00f3n (Recoder) (6)\"}]},{\"@type\":\"WebSite\",\"@id\":\"http:\/\/vincentians.com\/es\/#website\",\"url\":\"http:\/\/vincentians.com\/es\/\",\"name\":\"Somos Vicencianos\",\"description\":\"Know more to serve more\",\"publisher\":{\"@id\":\"http:\/\/vincentians.com\/es\/#organization\"},\"potentialAction\":[{\"@type\":\"SearchAction\",\"target\":{\"@type\":\"EntryPoint\",\"urlTemplate\":\"http:\/\/vincentians.com\/es\/?s={search_term_string}\"},\"query-input\":{\"@type\":\"PropertyValueSpecification\",\"valueRequired\":true,\"valueName\":\"search_term_string\"}}],\"inLanguage\":\"es\"},{\"@type\":\"Organization\",\"@id\":\"http:\/\/vincentians.com\/es\/#organization\",\"name\":\"The Vincentian Network\",\"url\":\"http:\/\/vincentians.com\/es\/\",\"logo\":{\"@type\":\"ImageObject\",\"inLanguage\":\"es\",\"@id\":\"http:\/\/vincentians.com\/es\/#\/schema\/logo\/image\/\",\"url\":\"https:\/\/i1.wp.com\/vincentians.com\/es\/wp-content\/uploads\/sites\/11\/2016\/06\/Vincentian-Network-logo-big.png?fit=778%2C778\",\"contentUrl\":\"https:\/\/i1.wp.com\/vincentians.com\/es\/wp-content\/uploads\/sites\/11\/2016\/06\/Vincentian-Network-logo-big.png?fit=778%2C778\",\"width\":778,\"height\":778,\"caption\":\"The Vincentian Network\"},\"image\":{\"@id\":\"http:\/\/vincentians.com\/es\/#\/schema\/logo\/image\/\"},\"sameAs\":[\"https:\/\/www.facebook.com\/WeAreVincentians\/\",\"https:\/\/x.com\/WeVincentians\"]},{\"@type\":\"Person\",\"@id\":\"http:\/\/vincentians.com\/es\/#\/schema\/person\/7c2670b4445a7ca9d164ea6acdb31859\",\"name\":\"Mitxel Olabu\u00e9naga\",\"image\":{\"@type\":\"ImageObject\",\"inLanguage\":\"es\",\"@id\":\"http:\/\/vincentians.com\/es\/#\/schema\/person\/image\/\",\"url\":\"https:\/\/secure.gravatar.com\/avatar\/34137ec2e2b8939cbbed975731e71f3f4f1defc7266ded337a5ce0f925426877?s=96&d=mm&r=g\",\"contentUrl\":\"https:\/\/secure.gravatar.com\/avatar\/34137ec2e2b8939cbbed975731e71f3f4f1defc7266ded337a5ce0f925426877?s=96&d=mm&r=g\",\"caption\":\"Mitxel Olabu\u00e9naga\"},\"url\":\"http:\/\/vincentians.com\/es\/author\/mitxel\/\"}]}<\/script>\n<!-- \/ Yoast SEO plugin. -->","yoast_head_json":{"title":"Los sacerdotes de la Congregaci\u00f3n de la Misi\u00f3n (Recoder) (6) - Somos Vicencianos","robots":{"index":"index","follow":"follow","max-snippet":"max-snippet:-1","max-image-preview":"max-image-preview:large","max-video-preview":"max-video-preview:-1"},"canonical":"http:\/\/vincentians.com\/es\/los-sacerdotes-de-la-congregacion-de-la-mision-recoder-6\/","og_locale":"es_ES","og_type":"article","og_title":"Los sacerdotes de la Congregaci\u00f3n de la Misi\u00f3n (Recoder) (6) - Somos Vicencianos","og_description":"Quinta base: Que sean reincorporados en la Congregaci\u00f3n todos los individuos que se hallan fuera por las diferencias y cuestiones pasadas y deseen volver a ella. 108. Tal es la quinta y \u00faltima Base presentada ... Read More","og_url":"http:\/\/vincentians.com\/es\/los-sacerdotes-de-la-congregacion-de-la-mision-recoder-6\/","og_site_name":"Somos Vicencianos","article_publisher":"https:\/\/www.facebook.com\/WeAreVincentians\/","article_published_time":"2025-05-09T06:07:04+00:00","og_image":[{"width":1170,"height":692,"url":"https:\/\/i0.wp.com\/vincentians.com\/es\/wp-content\/uploads\/sites\/11\/2013\/04\/g-5.jpg?fit=1170%2C692","type":"image\/jpeg"}],"author":"Mitxel Olabu\u00e9naga","twitter_card":"summary_large_image","twitter_creator":"@WeVincentians","twitter_site":"@WeVincentians","twitter_misc":{"Escrito por":"Mitxel Olabu\u00e9naga","Tiempo de lectura":"21 minutos"},"schema":{"@context":"https:\/\/schema.org","@graph":[{"@type":"Article","@id":"http:\/\/vincentians.com\/es\/los-sacerdotes-de-la-congregacion-de-la-mision-recoder-6\/#article","isPartOf":{"@id":"http:\/\/vincentians.com\/es\/los-sacerdotes-de-la-congregacion-de-la-mision-recoder-6\/"},"author":{"name":"Mitxel Olabu\u00e9naga","@id":"http:\/\/vincentians.com\/es\/#\/schema\/person\/7c2670b4445a7ca9d164ea6acdb31859"},"headline":"Los sacerdotes de la Congregaci\u00f3n de la Misi\u00f3n (Recoder) (6)","datePublished":"2025-05-09T06:07:04+00:00","mainEntityOfPage":{"@id":"http:\/\/vincentians.com\/es\/los-sacerdotes-de-la-congregacion-de-la-mision-recoder-6\/"},"wordCount":5073,"commentCount":0,"publisher":{"@id":"http:\/\/vincentians.com\/es\/#organization"},"image":{"@id":"http:\/\/vincentians.com\/es\/los-sacerdotes-de-la-congregacion-de-la-mision-recoder-6\/#primaryimage"},"thumbnailUrl":"https:\/\/i0.wp.com\/vincentians.com\/es\/wp-content\/uploads\/sites\/11\/2013\/04\/g-5.jpg?fit=1170%2C692","articleSection":["Historia de la Congregaci\u00f3n de la Misi\u00f3n en Espa\u00f1a"],"inLanguage":"es","potentialAction":[{"@type":"CommentAction","name":"Comment","target":["http:\/\/vincentians.com\/es\/los-sacerdotes-de-la-congregacion-de-la-mision-recoder-6\/#respond"]}]},{"@type":"WebPage","@id":"http:\/\/vincentians.com\/es\/los-sacerdotes-de-la-congregacion-de-la-mision-recoder-6\/","url":"http:\/\/vincentians.com\/es\/los-sacerdotes-de-la-congregacion-de-la-mision-recoder-6\/","name":"Los sacerdotes de la Congregaci\u00f3n de la Misi\u00f3n (Recoder) (6) - Somos Vicencianos","isPartOf":{"@id":"http:\/\/vincentians.com\/es\/#website"},"primaryImageOfPage":{"@id":"http:\/\/vincentians.com\/es\/los-sacerdotes-de-la-congregacion-de-la-mision-recoder-6\/#primaryimage"},"image":{"@id":"http:\/\/vincentians.com\/es\/los-sacerdotes-de-la-congregacion-de-la-mision-recoder-6\/#primaryimage"},"thumbnailUrl":"https:\/\/i0.wp.com\/vincentians.com\/es\/wp-content\/uploads\/sites\/11\/2013\/04\/g-5.jpg?fit=1170%2C692","datePublished":"2025-05-09T06:07:04+00:00","breadcrumb":{"@id":"http:\/\/vincentians.com\/es\/los-sacerdotes-de-la-congregacion-de-la-mision-recoder-6\/#breadcrumb"},"inLanguage":"es","potentialAction":[{"@type":"ReadAction","target":["http:\/\/vincentians.com\/es\/los-sacerdotes-de-la-congregacion-de-la-mision-recoder-6\/"]}]},{"@type":"ImageObject","inLanguage":"es","@id":"http:\/\/vincentians.com\/es\/los-sacerdotes-de-la-congregacion-de-la-mision-recoder-6\/#primaryimage","url":"https:\/\/i0.wp.com\/vincentians.com\/es\/wp-content\/uploads\/sites\/11\/2013\/04\/g-5.jpg?fit=1170%2C692","contentUrl":"https:\/\/i0.wp.com\/vincentians.com\/es\/wp-content\/uploads\/sites\/11\/2013\/04\/g-5.jpg?fit=1170%2C692","width":1170,"height":692},{"@type":"BreadcrumbList","@id":"http:\/\/vincentians.com\/es\/los-sacerdotes-de-la-congregacion-de-la-mision-recoder-6\/#breadcrumb","itemListElement":[{"@type":"ListItem","position":1,"name":"Portada","item":"http:\/\/vincentians.com\/es\/"},{"@type":"ListItem","position":2,"name":"Los sacerdotes de la Congregaci\u00f3n de la Misi\u00f3n (Recoder) (6)"}]},{"@type":"WebSite","@id":"http:\/\/vincentians.com\/es\/#website","url":"http:\/\/vincentians.com\/es\/","name":"Somos Vicencianos","description":"Know more to serve more","publisher":{"@id":"http:\/\/vincentians.com\/es\/#organization"},"potentialAction":[{"@type":"SearchAction","target":{"@type":"EntryPoint","urlTemplate":"http:\/\/vincentians.com\/es\/?s={search_term_string}"},"query-input":{"@type":"PropertyValueSpecification","valueRequired":true,"valueName":"search_term_string"}}],"inLanguage":"es"},{"@type":"Organization","@id":"http:\/\/vincentians.com\/es\/#organization","name":"The Vincentian Network","url":"http:\/\/vincentians.com\/es\/","logo":{"@type":"ImageObject","inLanguage":"es","@id":"http:\/\/vincentians.com\/es\/#\/schema\/logo\/image\/","url":"https:\/\/i1.wp.com\/vincentians.com\/es\/wp-content\/uploads\/sites\/11\/2016\/06\/Vincentian-Network-logo-big.png?fit=778%2C778","contentUrl":"https:\/\/i1.wp.com\/vincentians.com\/es\/wp-content\/uploads\/sites\/11\/2016\/06\/Vincentian-Network-logo-big.png?fit=778%2C778","width":778,"height":778,"caption":"The Vincentian Network"},"image":{"@id":"http:\/\/vincentians.com\/es\/#\/schema\/logo\/image\/"},"sameAs":["https:\/\/www.facebook.com\/WeAreVincentians\/","https:\/\/x.com\/WeVincentians"]},{"@type":"Person","@id":"http:\/\/vincentians.com\/es\/#\/schema\/person\/7c2670b4445a7ca9d164ea6acdb31859","name":"Mitxel Olabu\u00e9naga","image":{"@type":"ImageObject","inLanguage":"es","@id":"http:\/\/vincentians.com\/es\/#\/schema\/person\/image\/","url":"https:\/\/secure.gravatar.com\/avatar\/34137ec2e2b8939cbbed975731e71f3f4f1defc7266ded337a5ce0f925426877?s=96&d=mm&r=g","contentUrl":"https:\/\/secure.gravatar.com\/avatar\/34137ec2e2b8939cbbed975731e71f3f4f1defc7266ded337a5ce0f925426877?s=96&d=mm&r=g","caption":"Mitxel Olabu\u00e9naga"},"url":"http:\/\/vincentians.com\/es\/author\/mitxel\/"}]}},"jetpack_publicize_connections":[],"jetpack_featured_media_url":"https:\/\/i0.wp.com\/vincentians.com\/es\/wp-content\/uploads\/sites\/11\/2013\/04\/g-5.jpg?fit=1170%2C692","jetpack_sharing_enabled":true,"jetpack_shortlink":"https:\/\/wp.me\/p7ETMF-xuS","jetpack-related-posts":[{"id":128755,"url":"http:\/\/vincentians.com\/es\/los-sacerdotes-de-la-congregacion-de-la-mision-recoder-1\/","url_meta":{"origin":128766,"position":0},"title":"Los sacerdotes de la Congregaci\u00f3n de la Misi\u00f3n (Recoder) (1)","author":"Mitxel Olabu\u00e9naga","date":"07\/04\/2025","format":false,"excerpt":"Bases que presentan los Sacerdotes Espa\u00f1oles, individuos de la Congregaci\u00f3n de la Misi\u00f3n, para el definitivo ar\u00adreglo de las diferencias suscitadas por el Superior General de la misma, residente en Par\u00eds. Que el Visitador de Espa\u00f1a, sea nombrado por el Superior general, de uno de los tres que le presente\u2026","rel":"","context":"En \u00abHistoria de la Congregaci\u00f3n de la Misi\u00f3n en Espa\u00f1a\u00bb","block_context":{"text":"Historia de la Congregaci\u00f3n de la Misi\u00f3n en Espa\u00f1a","link":"http:\/\/vincentians.com\/es\/category\/historia-de-la-familia-vicenciana\/historia-de-la-congregacion-de-la-mision-en-espana\/"},"img":{"alt_text":"","src":"https:\/\/i0.wp.com\/vincentians.com\/es\/wp-content\/uploads\/sites\/11\/2013\/04\/f-8-scaled.jpg?fit=1200%2C570&resize=350%2C200","width":350,"height":200,"srcset":"https:\/\/i0.wp.com\/vincentians.com\/es\/wp-content\/uploads\/sites\/11\/2013\/04\/f-8-scaled.jpg?fit=1200%2C570&resize=350%2C200 1x, https:\/\/i0.wp.com\/vincentians.com\/es\/wp-content\/uploads\/sites\/11\/2013\/04\/f-8-scaled.jpg?fit=1200%2C570&resize=525%2C300 1.5x, https:\/\/i0.wp.com\/vincentians.com\/es\/wp-content\/uploads\/sites\/11\/2013\/04\/f-8-scaled.jpg?fit=1200%2C570&resize=700%2C400 2x, https:\/\/i0.wp.com\/vincentians.com\/es\/wp-content\/uploads\/sites\/11\/2013\/04\/f-8-scaled.jpg?fit=1200%2C570&resize=1050%2C600 3x"},"classes":[]},{"id":128759,"url":"http:\/\/vincentians.com\/es\/los-sacerdotes-de-la-congregacion-de-la-mision-recoder-3\/","url_meta":{"origin":128766,"position":1},"title":"Los sacerdotes de la Congregaci\u00f3n de la Misi\u00f3n (Recoder) (3)","author":"Mitxel Olabu\u00e9naga","date":"17\/04\/2025","format":false,"excerpt":"Segunda base: Que, por esta vez, sea nombrado el Visitador por el Eminent\u00edsimo Sr. Cardenal Arzobispo de Toledo, de acuerdo con el gobierno de S. M. C. y confirmada esta elecci\u00f3n por el Santo Padre. 23. - Esta Base que parece debiera ser admitida desde luego por todos los que\u2026","rel":"","context":"En \u00abHistoria de la Congregaci\u00f3n de la Misi\u00f3n en Espa\u00f1a\u00bb","block_context":{"text":"Historia de la Congregaci\u00f3n de la Misi\u00f3n en Espa\u00f1a","link":"http:\/\/vincentians.com\/es\/category\/historia-de-la-familia-vicenciana\/historia-de-la-congregacion-de-la-mision-en-espana\/"},"img":{"alt_text":"","src":"https:\/\/i0.wp.com\/vincentians.com\/es\/wp-content\/uploads\/sites\/11\/2013\/04\/g-5.jpg?fit=1170%2C692&resize=350%2C200","width":350,"height":200,"srcset":"https:\/\/i0.wp.com\/vincentians.com\/es\/wp-content\/uploads\/sites\/11\/2013\/04\/g-5.jpg?fit=1170%2C692&resize=350%2C200 1x, https:\/\/i0.wp.com\/vincentians.com\/es\/wp-content\/uploads\/sites\/11\/2013\/04\/g-5.jpg?fit=1170%2C692&resize=525%2C300 1.5x, https:\/\/i0.wp.com\/vincentians.com\/es\/wp-content\/uploads\/sites\/11\/2013\/04\/g-5.jpg?fit=1170%2C692&resize=700%2C400 2x, https:\/\/i0.wp.com\/vincentians.com\/es\/wp-content\/uploads\/sites\/11\/2013\/04\/g-5.jpg?fit=1170%2C692&resize=1050%2C600 3x"},"classes":[]},{"id":130852,"url":"http:\/\/vincentians.com\/es\/resumen-historico-de-la-congregacion-de-la-mision-en-espana\/","url_meta":{"origin":128766,"position":2},"title":"Resumen hist\u00f3rico de la Congregaci\u00f3n de la Misi\u00f3n en Espa\u00f1a","author":"Mitxel Olabu\u00e9naga","date":"09\/07\/2014","format":false,"excerpt":"Resumen hist\u00f3rico de la Congregaci\u00f3n de la Misi\u00f3n en Espa\u00f1a. Su introducci\u00f3n y propagaci\u00f3n. Sus pruebas, paz y prosperidad. Su divisi\u00f3n en dos provincias. Es la Congregaci\u00f3n de la Misi\u00f3n, seg\u00fan la expresi\u00f3n del Papa Urbano VIII, un Instituto acept\u00edsimo a Dios, utilisimo a los hombres y absolutamente necesario. As\u00ed\u2026","rel":"","context":"En \u00abHistoria de la Congregaci\u00f3n de la Misi\u00f3n en Espa\u00f1a\u00bb","block_context":{"text":"Historia de la Congregaci\u00f3n de la Misi\u00f3n en Espa\u00f1a","link":"http:\/\/vincentians.com\/es\/category\/historia-de-la-familia-vicenciana\/historia-de-la-congregacion-de-la-mision-en-espana\/"},"img":{"alt_text":"cruz_sv","src":"https:\/\/i0.wp.com\/vicencianos.org\/wp-content\/2011\/04\/cruz_sv1.jpg?resize=350%2C200","width":350,"height":200},"classes":[]},{"id":128771,"url":"http:\/\/vincentians.com\/es\/los-sacerdotes-de-la-congregacion-de-la-mision-recoder-4\/","url_meta":{"origin":128766,"position":3},"title":"Los sacerdotes de la Congregaci\u00f3n de la Misi\u00f3n (Recoder) (4)","author":"Mitxel Olabu\u00e9naga","date":"27\/04\/2025","format":false,"excerpt":"Tercera base: Que resida cerca del Superior General un Asistente espa\u00f1ol, nombrado por la Provincia, cuya duraci\u00f3n sea de seis a\u00f1os, y la \u00e9poca de su cambio el a\u00f1o en que se celebrare la Asamblea sexenal, teniendo en \u00e9sta voz activa tanto el Asistente que cesa como el que va\u2026","rel":"","context":"En \u00abHistoria de la Congregaci\u00f3n de la Misi\u00f3n en Espa\u00f1a\u00bb","block_context":{"text":"Historia de la Congregaci\u00f3n de la Misi\u00f3n en Espa\u00f1a","link":"http:\/\/vincentians.com\/es\/category\/historia-de-la-familia-vicenciana\/historia-de-la-congregacion-de-la-mision-en-espana\/"},"img":{"alt_text":"","src":"https:\/\/i0.wp.com\/vincentians.com\/es\/wp-content\/uploads\/sites\/11\/2013\/04\/g-5.jpg?fit=1170%2C692&resize=350%2C200","width":350,"height":200,"srcset":"https:\/\/i0.wp.com\/vincentians.com\/es\/wp-content\/uploads\/sites\/11\/2013\/04\/g-5.jpg?fit=1170%2C692&resize=350%2C200 1x, https:\/\/i0.wp.com\/vincentians.com\/es\/wp-content\/uploads\/sites\/11\/2013\/04\/g-5.jpg?fit=1170%2C692&resize=525%2C300 1.5x, https:\/\/i0.wp.com\/vincentians.com\/es\/wp-content\/uploads\/sites\/11\/2013\/04\/g-5.jpg?fit=1170%2C692&resize=700%2C400 2x, https:\/\/i0.wp.com\/vincentians.com\/es\/wp-content\/uploads\/sites\/11\/2013\/04\/g-5.jpg?fit=1170%2C692&resize=1050%2C600 3x"},"classes":[]},{"id":128764,"url":"http:\/\/vincentians.com\/es\/los-sacerdotes-de-la-congregacion-de-la-mision-recoder-5\/","url_meta":{"origin":128766,"position":4},"title":"Los sacerdotes de la Congregaci\u00f3n de la Misi\u00f3n (Recoder) (5)","author":"Mitxel Olabu\u00e9naga","date":"03\/05\/2025","format":false,"excerpt":"Cuarta base: Que el Visitador, en uni\u00f3n de su Consejo, pueda estableces para bien y prosperidad de la Provincia, lo que crea necesario, conveniente y oportuno. 55.- La sabidur\u00eda y acierto con que se ha fijado esta necesa\u00adria e indispensable Base se ve a primera vista. Sin ella, el Visi\u00adtador\u2026","rel":"","context":"En \u00abHistoria de la Congregaci\u00f3n de la Misi\u00f3n en Espa\u00f1a\u00bb","block_context":{"text":"Historia de la Congregaci\u00f3n de la Misi\u00f3n en Espa\u00f1a","link":"http:\/\/vincentians.com\/es\/category\/historia-de-la-familia-vicenciana\/historia-de-la-congregacion-de-la-mision-en-espana\/"},"img":{"alt_text":"","src":"https:\/\/i0.wp.com\/vincentians.com\/es\/wp-content\/uploads\/sites\/11\/2013\/04\/g-5.jpg?fit=1170%2C692&resize=350%2C200","width":350,"height":200,"srcset":"https:\/\/i0.wp.com\/vincentians.com\/es\/wp-content\/uploads\/sites\/11\/2013\/04\/g-5.jpg?fit=1170%2C692&resize=350%2C200 1x, https:\/\/i0.wp.com\/vincentians.com\/es\/wp-content\/uploads\/sites\/11\/2013\/04\/g-5.jpg?fit=1170%2C692&resize=525%2C300 1.5x, https:\/\/i0.wp.com\/vincentians.com\/es\/wp-content\/uploads\/sites\/11\/2013\/04\/g-5.jpg?fit=1170%2C692&resize=700%2C400 2x, https:\/\/i0.wp.com\/vincentians.com\/es\/wp-content\/uploads\/sites\/11\/2013\/04\/g-5.jpg?fit=1170%2C692&resize=1050%2C600 3x"},"classes":[]},{"id":387767,"url":"http:\/\/vincentians.com\/es\/la-provincia-espanola-de-las-hijas-de-las-caridad-xliii\/","url_meta":{"origin":128766,"position":5},"title":"La Provincia espa\u00f1ola de las Hijas de la Caridad (XLIII)","author":"Mitxel Olabu\u00e9naga","date":"29\/08\/2016","format":false,"excerpt":"No sabemos lo que el P. General pudo contestar a estas efusivas comunicaciones hechas por eI P. Roca, pero el pobre anciano debi\u00f3 de sufrir la m\u00e1s desconsoladora sorpresa al recibir una carta del P. Codina, desterrado entonces en Francia, y cuyo contenido sabemos por la franca respuesta del P.\u2026","rel":"","context":"En \u00abHistoria de las Hijas de la Caridad\u00bb","block_context":{"text":"Historia de las Hijas de la Caridad","link":"http:\/\/vincentians.com\/es\/category\/historia-de-la-familia-vicenciana\/historia-de-las-hijas-de-la-caridad\/"},"img":{"alt_text":"","src":"https:\/\/i0.wp.com\/vincentians.com\/es\/wp-content\/uploads\/sites\/11\/2016\/07\/hijas-caridad-espanya.jpg?fit=1200%2C630&resize=350%2C200","width":350,"height":200,"srcset":"https:\/\/i0.wp.com\/vincentians.com\/es\/wp-content\/uploads\/sites\/11\/2016\/07\/hijas-caridad-espanya.jpg?fit=1200%2C630&resize=350%2C200 1x, https:\/\/i0.wp.com\/vincentians.com\/es\/wp-content\/uploads\/sites\/11\/2016\/07\/hijas-caridad-espanya.jpg?fit=1200%2C630&resize=525%2C300 1.5x, https:\/\/i0.wp.com\/vincentians.com\/es\/wp-content\/uploads\/sites\/11\/2016\/07\/hijas-caridad-espanya.jpg?fit=1200%2C630&resize=700%2C400 2x, https:\/\/i0.wp.com\/vincentians.com\/es\/wp-content\/uploads\/sites\/11\/2016\/07\/hijas-caridad-espanya.jpg?fit=1200%2C630&resize=1050%2C600 3x"},"classes":[]}],"_links":{"self":[{"href":"http:\/\/vincentians.com\/es\/wp-json\/wp\/v2\/posts\/128766","targetHints":{"allow":["GET"]}}],"collection":[{"href":"http:\/\/vincentians.com\/es\/wp-json\/wp\/v2\/posts"}],"about":[{"href":"http:\/\/vincentians.com\/es\/wp-json\/wp\/v2\/types\/post"}],"author":[{"embeddable":true,"href":"http:\/\/vincentians.com\/es\/wp-json\/wp\/v2\/users\/5"}],"replies":[{"embeddable":true,"href":"http:\/\/vincentians.com\/es\/wp-json\/wp\/v2\/comments?post=128766"}],"version-history":[{"count":1,"href":"http:\/\/vincentians.com\/es\/wp-json\/wp\/v2\/posts\/128766\/revisions"}],"predecessor-version":[{"id":405945,"href":"http:\/\/vincentians.com\/es\/wp-json\/wp\/v2\/posts\/128766\/revisions\/405945"}],"wp:featuredmedia":[{"embeddable":true,"href":"http:\/\/vincentians.com\/es\/wp-json\/wp\/v2\/media\/404124"}],"wp:attachment":[{"href":"http:\/\/vincentians.com\/es\/wp-json\/wp\/v2\/media?parent=128766"}],"wp:term":[{"taxonomy":"category","embeddable":true,"href":"http:\/\/vincentians.com\/es\/wp-json\/wp\/v2\/categories?post=128766"},{"taxonomy":"post_tag","embeddable":true,"href":"http:\/\/vincentians.com\/es\/wp-json\/wp\/v2\/tags?post=128766"}],"curies":[{"name":"wp","href":"https:\/\/api.w.org\/{rel}","templated":true}]}}