{"id":128520,"date":"2025-02-27T08:08:15","date_gmt":"2025-02-27T07:08:15","guid":{"rendered":"http:\/\/somos.vicencianos.org\/?p=128520"},"modified":"2024-08-22T18:19:16","modified_gmt":"2024-08-22T16:19:16","slug":"el-senor-portal-y-los-suyos-1855-1926-23","status":"publish","type":"post","link":"http:\/\/vincentians.com\/es\/el-senor-portal-y-los-suyos-1855-1926-23\/","title":{"rendered":"El Se\u00f1or Portal y los suyos (1855-1926) (23)"},"content":{"rendered":"<h2 align=\"center\"><b>Tercera parte: Calle de Grenelle<br \/>\n<\/b>I Javel<\/h2>\n<h2 align=\"center\">Cap\u00edtulo I: Calle de Grenelle<\/h2>\n<h3><b>Del Cherche-Midi a la calle de Grenelle<\/b><\/h3>\n<p>En el momento de su destituci\u00f3n, en junio de 1908, Portal reproch\u00f3 al Se\u00f1or Fiat su timidez y sus prisas por adelantarse a los deseos del cardenal Merry del Val. Es dif\u00edcil de apreciar el margen de maniobra de que dispon\u00eda el superior de la Congregaci\u00f3n de la Misi\u00f3n, pero su comportamiento pudo presentarse m\u00e1s tarde como una operaci\u00f3n de salvamento, una maniobra para ahorrar a su subordinado golpes m\u00e1s duros y conservarle una posici\u00f3n independiente. Portal habr\u00eda podido encontrarse confinado en la casa madre del 95, calle S\u00e8vres, como el se\u00f1or Pouget, con horarios estrictos y la imposibilidad de traer a la multitud heterog\u00e9nea de sus amigos o de emprender actividades sospechosas. En su lugar se instala en una casa de estudios de la que es superior, est\u00e1 en su casa, hace lo que quiere, recibe a quien quiere y cuando quiere, y se instala con el triple acuerdo del arzobispo de Par\u00eds, del rector del Instituto cat\u00f3lico y del Se\u00f1or Fiat quien se contenta, por todo control, con raros y breves reportajes de actividad.<\/p>\n<p>Es verdad que hab\u00eda preparado esta feliz salida mucho antes; fue en 1906 cuando hab\u00eda fundado, por propia iniciativa y por sus propios medios, una especie de seminario de Altos Estudios, sito en el 14 de la calle de Grenelle. A sus superiores que preguntaban, pod\u00eda presentar dos excelentes razones: el Cherche-Midi no era suficiente y el gobierno amenazaba con recuperar la saca madre de los lazaristas con la que el seminario San Vicente de Pa\u00fal formaba una dependencia. Nada, evidentemente, de explicar que se trataba de \u00abfundar una especie de seminario de la uni\u00f3n de las Iglesias214\u00bb. Una dama de edad, bienhechora de la Congregaci\u00f3n de Misi\u00f3n, y a quien confesaba Portal \u00abhac\u00eda seis o siete a\u00f1os215\u00bb, Mme Lefort, puso a si disposici\u00f3n el segundo y tercer pisos de su palacete, con los que preparar quince habitaciones, una cocina y un refectorio. Sin alquiler que pagar. Calvet, a su regreso de Toulouse, se encarg\u00f3 del establecimiento y sirvi\u00f3 de testaferro para los actos oficiales.<\/p>\n<p>El \u00abconvicto\u00bb de la calle de Grenelle, como le llamaron los portalianos, comenz\u00f3 a funcionar al principio de curso de 1906, en compa\u00f1\u00eda de Gratieux, Chevalier, Pierre-Maurice Masson, Jacques Zeiller, Paul Olivier Lacroye, Calvet y los pensionistas, una decena de sacerdotes entre los cuales el abate Tisserand, futuro decano del Sagrado Colegio. Como todos estos sacerdotes eran ya licenciados y preparaban diplomas o tesis, se vio desde un comienzo que Portal no quiso hacer del 14 de la calle de Grenelle un simple anexo del Cherche-Midi, sino una casa de estudios libre por completo de las reglas y obligaciones de los seminarios. Este aspecto universitario se acentu\u00f3 cuando, a partir de 1908, Portal acogi\u00f3 a varios profesores del Instituto cat\u00f3lico, como los Se\u00f1ores Mangenot, Labauche, Villiers, Gaudefroy, antiguos hu\u00e9spedes del Cherche-Midi o antiguos tesistas de la calle de Grenelle que hab\u00edan andado lo suyo.<\/p>\n<p>En junio de 1908, cuando estuvo seguro de perder el seminario San Vicente de Pa\u00fal,, Portal se adelant\u00f3 comprometi\u00e9ndose a no recibir en su casa de estudios<\/p>\n<p>a ning\u00fan estudiante del Instituto cat\u00f3lico sino solamente a sacerdotes que deben pasar en Par\u00eds alg\u00fan tiempo para trabajos intelectuales, tesis, etc., y aun a algunos laicos216.<\/p>\n<p>\u00c9l mismo se asign\u00f3 un vigilante, un miembro del Consejo de la Congregaci\u00f3n de la Misi\u00f3n a quien \u00e9l tendr\u00eda al corriente de las actividades de la calle de Grenelle; y este gran inquisidor no era otro que el Se\u00f1or M\u00e9out, el buen Se\u00f1or M\u00e9out, antiguo superior de Cahors, que era del complot. El Se\u00f1or Fiat entr\u00f3 de lleno en esta operaci\u00f3n de salvamento (\u00bfquer\u00eda verdaderamente ver a este inquieto instalarse en la casa madre?). Le pidi\u00f3 simplemente que consiguiera el consentimiento de Mons Baudrillart y el del nuevo arzobispo de Par\u00eds, Mons Amette. Le inform\u00f3 igualmente que conservaba el total de sus responsabilidades ordinarias en el seno de la Congregaci\u00f3n Baudrillart y Amette lo aceptaron todo. M\u00e1s tarde, Portal dio una interpretaci\u00f3n lapidaria a esta salida favorable: \u00abPor suerte que soy un se\u00f1or muy comprometido y nada f\u00e1cil de doblegar217\u00bb.<\/p>\n<h3><b>La decoraci\u00f3n mediocre de un apartamento burgu\u00e9s<\/b><\/h3>\n<p>Portal estuvo hasta el final de su vida en el 14 de la calle de Grenelle, donde vivi\u00f3 Jean Guitton \u00abla decoraci\u00f3n mediocre, inexistente, de un apartamento burgu\u00e9s ocupado por algunos sacerdotes , sin la belleza de las paredes blanqueadas con cal por la indigencia218\u00bb. Nada de sepulcral en estos dos pisos que, a excepci\u00f3n de las antec\u00e1maras oscuras formadas por las piezas del medio, eran m\u00e1s luminosos que los locales del Cherche-Midi. Portal ocupaba dos piezas en el segundo; su oficina daba a la calle, por supuesto, la calle que era su clausura, su claustro.<\/p>\n<p>A la izquierda seg\u00fan se entraba estaba la biblioteca, compuesta sobre todo de obras sobre Inglaterra; a la derecha la chimenea coronada por un gran espejo que iluminaba la pieza; entre la ventana y la chimenea una modesta mesa contra la pared; era, con algunas sillas, todo el mobiliario. Por encima de la mesa estaba colgado un crucifijo, entre dos iconos rusos, recuerdos de Morel, cuyo retrato, de amplia frente pensativa, constitu\u00eda, con dos o tres estampas, todo el ornamento de la chimenea. A la izquierda tras la biblioteca, una puerta daba acceso al dormitorio, m\u00e1s simple y m\u00e1s monacal a\u00fan219.<\/p>\n<p>Los visitantes que se presentaban eran recibidos por un gato ( no se sabe cu\u00e1ntos pasaron por esta oficina) y por la Srta. C\u00e9cile, de Cahors, que desempe\u00f1\u00f3 durante veinte a\u00f1os la funci\u00f3n de cocinera y de intendente. Presentados en la oficina, eran acogidos como en casa de un fellow de Oxford: Portal los invitaba a un t\u00e9 conocido de la calle de Assas en el and\u00e9n Conti, que encargaba directamente de China (red lazarista) y preparaba \u00e9l mismo. Y entonces era, en torno a las tazas humeantes, cuando ejerc\u00eda su ministerio de acogida. Como en el Cherche-Midi, el desfile era ininterrumpido. Pocas veces se acababa una visita sin que se presentara otra. Y cuando Portal quer\u00eda conversar en paz, le conven\u00eda llevarse a su interlocutor a los bulevares donde disfrutaba con el ruido y el movimiento. Con los hombres y mujeres de toda condici\u00f3n que llegaban a buscar una ayuda material o una direcci\u00f3n espiritual se mezclaban los amigos de esta red universitaria y liberal de que hemos hablado, y cuya fidelidad no fall\u00f3 nunca. En este terreno, la continuidad super\u00f3 a la ruptura, si bien la amplitud de la represi\u00f3n integrista aproxim\u00f3 a Portal a los intransigentes de movimiento, a los cat\u00f3licos sociales, a los sillonistas. Si las ideas son diferentes, el peligro com\u00fan crea lazos, una solidaridad, sentimientos de simpat\u00eda que llevaron m\u00e1s tarde a la historiograf\u00eda cat\u00f3lica a confundir a los liberales y los leonianos, a todos los que negaban el estado de sitio y ca\u00edan por ello bajo los golpes de los cazadores de cabezas. En los a\u00f1os de 1909 a 1914, eso ganaba gente, tanto que Portal \u2013que deplor\u00f3 tanto las tribulaciones de Duchesne como las de Lemire- no tuvo la sensaci\u00f3n de vivir al margen de una Iglesia bloqueada o de pertenecer a un partido en desbandada.<\/p>\n<p>Por ahora nos replegamos sobre nosotros mismos [escribe a Lord Halifax en la primavera de 1909]. Se siente por todos lados un peso de opresi\u00f3n que impide todo movimiento.<\/p>\n<p>Pero como Portal era incapaz de complacerse en las lamentaciones y la inactividad, la caza de brujas no fue para \u00e9l otra cosa que ocasi\u00f3n de descubrir nuevos campos de acci\u00f3n o m\u00e9todos nuevos para alcanzar objetivos viejos.<\/p>\n","protected":false},"excerpt":{"rendered":"<p>Tercera parte: Calle de Grenelle I Javel Cap\u00edtulo I: Calle de Grenelle Del Cherche-Midi a la calle de Grenelle En el momento de su destituci\u00f3n, en junio de 1908, Portal reproch\u00f3 al Se\u00f1or Fiat su &#8230; <a href=\"http:\/\/vincentians.com\/es\/el-senor-portal-y-los-suyos-1855-1926-23\/\" class=\"more-link\">Read More<\/a><\/p>\n","protected":false},"author":5,"featured_media":405265,"comment_status":"open","ping_status":"open","sticky":false,"template":"","format":"standard","meta":{"jetpack_post_was_ever_published":false,"_jetpack_newsletter_access":"","_jetpack_dont_email_post_to_subs":false,"_jetpack_newsletter_tier_id":0,"_jetpack_memberships_contains_paywalled_content":false,"_jetpack_memberships_contains_paid_content":false,"footnotes":"","jetpack_publicize_message":"","jetpack_publicize_feature_enabled":true,"jetpack_social_post_already_shared":true,"jetpack_social_options":{"image_generator_settings":{"template":"highway","default_image_id":0,"font":"","enabled":false},"version":2}},"categories":[214],"tags":[228,261],"class_list":["post-128520","post","type-post","status-publish","format-standard","has-post-thumbnail","hentry","category-historia-de-la-congregacion-de-la-mision","tag-calvet","tag-jean-guitton"],"yoast_head":"<!-- This site is optimized with the Yoast SEO plugin v26.3 - https:\/\/yoast.com\/wordpress\/plugins\/seo\/ -->\n<title>El Se\u00f1or Portal y los suyos (1855-1926) (23) - Somos Vicencianos<\/title>\n<meta name=\"robots\" content=\"index, follow, max-snippet:-1, max-image-preview:large, max-video-preview:-1\" \/>\n<link rel=\"canonical\" href=\"http:\/\/vincentians.com\/es\/el-senor-portal-y-los-suyos-1855-1926-23\/\" \/>\n<meta property=\"og:locale\" content=\"es_ES\" \/>\n<meta property=\"og:type\" content=\"article\" \/>\n<meta property=\"og:title\" content=\"El Se\u00f1or Portal y los suyos (1855-1926) (23) - Somos Vicencianos\" \/>\n<meta property=\"og:description\" content=\"Tercera parte: Calle de Grenelle I Javel Cap\u00edtulo I: Calle de Grenelle Del Cherche-Midi a la calle de Grenelle En el momento de su destituci\u00f3n, en junio de 1908, Portal reproch\u00f3 al Se\u00f1or Fiat su ... Read More\" \/>\n<meta property=\"og:url\" content=\"http:\/\/vincentians.com\/es\/el-senor-portal-y-los-suyos-1855-1926-23\/\" \/>\n<meta property=\"og:site_name\" content=\"Somos Vicencianos\" \/>\n<meta property=\"article:publisher\" content=\"https:\/\/www.facebook.com\/WeAreVincentians\/\" \/>\n<meta property=\"article:published_time\" content=\"2025-02-27T07:08:15+00:00\" \/>\n<meta property=\"og:image\" content=\"https:\/\/i0.wp.com\/vincentians.com\/es\/wp-content\/uploads\/sites\/11\/2023\/08\/aa-1.jpg?fit=285%2C177\" \/>\n\t<meta property=\"og:image:width\" content=\"285\" \/>\n\t<meta property=\"og:image:height\" content=\"177\" \/>\n\t<meta property=\"og:image:type\" content=\"image\/jpeg\" \/>\n<meta name=\"author\" content=\"Mitxel Olabu\u00e9naga\" \/>\n<meta name=\"twitter:card\" content=\"summary_large_image\" \/>\n<meta name=\"twitter:creator\" content=\"@WeVincentians\" \/>\n<meta name=\"twitter:site\" content=\"@WeVincentians\" \/>\n<meta name=\"twitter:label1\" content=\"Escrito por\" \/>\n\t<meta name=\"twitter:data1\" content=\"Mitxel Olabu\u00e9naga\" \/>\n\t<meta name=\"twitter:label2\" content=\"Tiempo de lectura\" \/>\n\t<meta name=\"twitter:data2\" content=\"7 minutos\" \/>\n<script type=\"application\/ld+json\" class=\"yoast-schema-graph\">{\"@context\":\"https:\/\/schema.org\",\"@graph\":[{\"@type\":\"Article\",\"@id\":\"http:\/\/vincentians.com\/es\/el-senor-portal-y-los-suyos-1855-1926-23\/#article\",\"isPartOf\":{\"@id\":\"http:\/\/vincentians.com\/es\/el-senor-portal-y-los-suyos-1855-1926-23\/\"},\"author\":{\"name\":\"Mitxel Olabu\u00e9naga\",\"@id\":\"http:\/\/vincentians.com\/es\/#\/schema\/person\/7c2670b4445a7ca9d164ea6acdb31859\"},\"headline\":\"El Se\u00f1or Portal y los suyos (1855-1926) (23)\",\"datePublished\":\"2025-02-27T07:08:15+00:00\",\"mainEntityOfPage\":{\"@id\":\"http:\/\/vincentians.com\/es\/el-senor-portal-y-los-suyos-1855-1926-23\/\"},\"wordCount\":1359,\"commentCount\":0,\"publisher\":{\"@id\":\"http:\/\/vincentians.com\/es\/#organization\"},\"image\":{\"@id\":\"http:\/\/vincentians.com\/es\/el-senor-portal-y-los-suyos-1855-1926-23\/#primaryimage\"},\"thumbnailUrl\":\"https:\/\/i0.wp.com\/vincentians.com\/es\/wp-content\/uploads\/sites\/11\/2023\/08\/aa-1.jpg?fit=285%2C177\",\"keywords\":[\"Calvet\",\"Jean Guitton\"],\"articleSection\":[\"Historia de la Congregaci\u00f3n de la Misi\u00f3n\"],\"inLanguage\":\"es\",\"potentialAction\":[{\"@type\":\"CommentAction\",\"name\":\"Comment\",\"target\":[\"http:\/\/vincentians.com\/es\/el-senor-portal-y-los-suyos-1855-1926-23\/#respond\"]}]},{\"@type\":\"WebPage\",\"@id\":\"http:\/\/vincentians.com\/es\/el-senor-portal-y-los-suyos-1855-1926-23\/\",\"url\":\"http:\/\/vincentians.com\/es\/el-senor-portal-y-los-suyos-1855-1926-23\/\",\"name\":\"El Se\u00f1or Portal y los suyos (1855-1926) (23) - Somos Vicencianos\",\"isPartOf\":{\"@id\":\"http:\/\/vincentians.com\/es\/#website\"},\"primaryImageOfPage\":{\"@id\":\"http:\/\/vincentians.com\/es\/el-senor-portal-y-los-suyos-1855-1926-23\/#primaryimage\"},\"image\":{\"@id\":\"http:\/\/vincentians.com\/es\/el-senor-portal-y-los-suyos-1855-1926-23\/#primaryimage\"},\"thumbnailUrl\":\"https:\/\/i0.wp.com\/vincentians.com\/es\/wp-content\/uploads\/sites\/11\/2023\/08\/aa-1.jpg?fit=285%2C177\",\"datePublished\":\"2025-02-27T07:08:15+00:00\",\"breadcrumb\":{\"@id\":\"http:\/\/vincentians.com\/es\/el-senor-portal-y-los-suyos-1855-1926-23\/#breadcrumb\"},\"inLanguage\":\"es\",\"potentialAction\":[{\"@type\":\"ReadAction\",\"target\":[\"http:\/\/vincentians.com\/es\/el-senor-portal-y-los-suyos-1855-1926-23\/\"]}]},{\"@type\":\"ImageObject\",\"inLanguage\":\"es\",\"@id\":\"http:\/\/vincentians.com\/es\/el-senor-portal-y-los-suyos-1855-1926-23\/#primaryimage\",\"url\":\"https:\/\/i0.wp.com\/vincentians.com\/es\/wp-content\/uploads\/sites\/11\/2023\/08\/aa-1.jpg?fit=285%2C177\",\"contentUrl\":\"https:\/\/i0.wp.com\/vincentians.com\/es\/wp-content\/uploads\/sites\/11\/2023\/08\/aa-1.jpg?fit=285%2C177\",\"width\":285,\"height\":177},{\"@type\":\"BreadcrumbList\",\"@id\":\"http:\/\/vincentians.com\/es\/el-senor-portal-y-los-suyos-1855-1926-23\/#breadcrumb\",\"itemListElement\":[{\"@type\":\"ListItem\",\"position\":1,\"name\":\"Portada\",\"item\":\"http:\/\/vincentians.com\/es\/\"},{\"@type\":\"ListItem\",\"position\":2,\"name\":\"El Se\u00f1or Portal y los suyos (1855-1926) (23)\"}]},{\"@type\":\"WebSite\",\"@id\":\"http:\/\/vincentians.com\/es\/#website\",\"url\":\"http:\/\/vincentians.com\/es\/\",\"name\":\"Somos Vicencianos\",\"description\":\"Know more to serve more\",\"publisher\":{\"@id\":\"http:\/\/vincentians.com\/es\/#organization\"},\"potentialAction\":[{\"@type\":\"SearchAction\",\"target\":{\"@type\":\"EntryPoint\",\"urlTemplate\":\"http:\/\/vincentians.com\/es\/?s={search_term_string}\"},\"query-input\":{\"@type\":\"PropertyValueSpecification\",\"valueRequired\":true,\"valueName\":\"search_term_string\"}}],\"inLanguage\":\"es\"},{\"@type\":\"Organization\",\"@id\":\"http:\/\/vincentians.com\/es\/#organization\",\"name\":\"The Vincentian Network\",\"url\":\"http:\/\/vincentians.com\/es\/\",\"logo\":{\"@type\":\"ImageObject\",\"inLanguage\":\"es\",\"@id\":\"http:\/\/vincentians.com\/es\/#\/schema\/logo\/image\/\",\"url\":\"https:\/\/i1.wp.com\/vincentians.com\/es\/wp-content\/uploads\/sites\/11\/2016\/06\/Vincentian-Network-logo-big.png?fit=778%2C778\",\"contentUrl\":\"https:\/\/i1.wp.com\/vincentians.com\/es\/wp-content\/uploads\/sites\/11\/2016\/06\/Vincentian-Network-logo-big.png?fit=778%2C778\",\"width\":778,\"height\":778,\"caption\":\"The Vincentian Network\"},\"image\":{\"@id\":\"http:\/\/vincentians.com\/es\/#\/schema\/logo\/image\/\"},\"sameAs\":[\"https:\/\/www.facebook.com\/WeAreVincentians\/\",\"https:\/\/x.com\/WeVincentians\"]},{\"@type\":\"Person\",\"@id\":\"http:\/\/vincentians.com\/es\/#\/schema\/person\/7c2670b4445a7ca9d164ea6acdb31859\",\"name\":\"Mitxel Olabu\u00e9naga\",\"image\":{\"@type\":\"ImageObject\",\"inLanguage\":\"es\",\"@id\":\"http:\/\/vincentians.com\/es\/#\/schema\/person\/image\/\",\"url\":\"https:\/\/secure.gravatar.com\/avatar\/34137ec2e2b8939cbbed975731e71f3f4f1defc7266ded337a5ce0f925426877?s=96&d=mm&r=g\",\"contentUrl\":\"https:\/\/secure.gravatar.com\/avatar\/34137ec2e2b8939cbbed975731e71f3f4f1defc7266ded337a5ce0f925426877?s=96&d=mm&r=g\",\"caption\":\"Mitxel Olabu\u00e9naga\"},\"url\":\"http:\/\/vincentians.com\/es\/author\/mitxel\/\"}]}<\/script>\n<!-- \/ Yoast SEO plugin. -->","yoast_head_json":{"title":"El Se\u00f1or Portal y los suyos (1855-1926) (23) - Somos Vicencianos","robots":{"index":"index","follow":"follow","max-snippet":"max-snippet:-1","max-image-preview":"max-image-preview:large","max-video-preview":"max-video-preview:-1"},"canonical":"http:\/\/vincentians.com\/es\/el-senor-portal-y-los-suyos-1855-1926-23\/","og_locale":"es_ES","og_type":"article","og_title":"El Se\u00f1or Portal y los suyos (1855-1926) (23) - Somos Vicencianos","og_description":"Tercera parte: Calle de Grenelle I Javel Cap\u00edtulo I: Calle de Grenelle Del Cherche-Midi a la calle de Grenelle En el momento de su destituci\u00f3n, en junio de 1908, Portal reproch\u00f3 al Se\u00f1or Fiat su ... Read More","og_url":"http:\/\/vincentians.com\/es\/el-senor-portal-y-los-suyos-1855-1926-23\/","og_site_name":"Somos Vicencianos","article_publisher":"https:\/\/www.facebook.com\/WeAreVincentians\/","article_published_time":"2025-02-27T07:08:15+00:00","og_image":[{"width":285,"height":177,"url":"https:\/\/i0.wp.com\/vincentians.com\/es\/wp-content\/uploads\/sites\/11\/2023\/08\/aa-1.jpg?fit=285%2C177","type":"image\/jpeg"}],"author":"Mitxel Olabu\u00e9naga","twitter_card":"summary_large_image","twitter_creator":"@WeVincentians","twitter_site":"@WeVincentians","twitter_misc":{"Escrito por":"Mitxel Olabu\u00e9naga","Tiempo de lectura":"7 minutos"},"schema":{"@context":"https:\/\/schema.org","@graph":[{"@type":"Article","@id":"http:\/\/vincentians.com\/es\/el-senor-portal-y-los-suyos-1855-1926-23\/#article","isPartOf":{"@id":"http:\/\/vincentians.com\/es\/el-senor-portal-y-los-suyos-1855-1926-23\/"},"author":{"name":"Mitxel Olabu\u00e9naga","@id":"http:\/\/vincentians.com\/es\/#\/schema\/person\/7c2670b4445a7ca9d164ea6acdb31859"},"headline":"El Se\u00f1or Portal y los suyos (1855-1926) (23)","datePublished":"2025-02-27T07:08:15+00:00","mainEntityOfPage":{"@id":"http:\/\/vincentians.com\/es\/el-senor-portal-y-los-suyos-1855-1926-23\/"},"wordCount":1359,"commentCount":0,"publisher":{"@id":"http:\/\/vincentians.com\/es\/#organization"},"image":{"@id":"http:\/\/vincentians.com\/es\/el-senor-portal-y-los-suyos-1855-1926-23\/#primaryimage"},"thumbnailUrl":"https:\/\/i0.wp.com\/vincentians.com\/es\/wp-content\/uploads\/sites\/11\/2023\/08\/aa-1.jpg?fit=285%2C177","keywords":["Calvet","Jean Guitton"],"articleSection":["Historia de la Congregaci\u00f3n de la Misi\u00f3n"],"inLanguage":"es","potentialAction":[{"@type":"CommentAction","name":"Comment","target":["http:\/\/vincentians.com\/es\/el-senor-portal-y-los-suyos-1855-1926-23\/#respond"]}]},{"@type":"WebPage","@id":"http:\/\/vincentians.com\/es\/el-senor-portal-y-los-suyos-1855-1926-23\/","url":"http:\/\/vincentians.com\/es\/el-senor-portal-y-los-suyos-1855-1926-23\/","name":"El Se\u00f1or Portal y los suyos (1855-1926) (23) - Somos Vicencianos","isPartOf":{"@id":"http:\/\/vincentians.com\/es\/#website"},"primaryImageOfPage":{"@id":"http:\/\/vincentians.com\/es\/el-senor-portal-y-los-suyos-1855-1926-23\/#primaryimage"},"image":{"@id":"http:\/\/vincentians.com\/es\/el-senor-portal-y-los-suyos-1855-1926-23\/#primaryimage"},"thumbnailUrl":"https:\/\/i0.wp.com\/vincentians.com\/es\/wp-content\/uploads\/sites\/11\/2023\/08\/aa-1.jpg?fit=285%2C177","datePublished":"2025-02-27T07:08:15+00:00","breadcrumb":{"@id":"http:\/\/vincentians.com\/es\/el-senor-portal-y-los-suyos-1855-1926-23\/#breadcrumb"},"inLanguage":"es","potentialAction":[{"@type":"ReadAction","target":["http:\/\/vincentians.com\/es\/el-senor-portal-y-los-suyos-1855-1926-23\/"]}]},{"@type":"ImageObject","inLanguage":"es","@id":"http:\/\/vincentians.com\/es\/el-senor-portal-y-los-suyos-1855-1926-23\/#primaryimage","url":"https:\/\/i0.wp.com\/vincentians.com\/es\/wp-content\/uploads\/sites\/11\/2023\/08\/aa-1.jpg?fit=285%2C177","contentUrl":"https:\/\/i0.wp.com\/vincentians.com\/es\/wp-content\/uploads\/sites\/11\/2023\/08\/aa-1.jpg?fit=285%2C177","width":285,"height":177},{"@type":"BreadcrumbList","@id":"http:\/\/vincentians.com\/es\/el-senor-portal-y-los-suyos-1855-1926-23\/#breadcrumb","itemListElement":[{"@type":"ListItem","position":1,"name":"Portada","item":"http:\/\/vincentians.com\/es\/"},{"@type":"ListItem","position":2,"name":"El Se\u00f1or Portal y los suyos (1855-1926) (23)"}]},{"@type":"WebSite","@id":"http:\/\/vincentians.com\/es\/#website","url":"http:\/\/vincentians.com\/es\/","name":"Somos Vicencianos","description":"Know more to serve more","publisher":{"@id":"http:\/\/vincentians.com\/es\/#organization"},"potentialAction":[{"@type":"SearchAction","target":{"@type":"EntryPoint","urlTemplate":"http:\/\/vincentians.com\/es\/?s={search_term_string}"},"query-input":{"@type":"PropertyValueSpecification","valueRequired":true,"valueName":"search_term_string"}}],"inLanguage":"es"},{"@type":"Organization","@id":"http:\/\/vincentians.com\/es\/#organization","name":"The Vincentian Network","url":"http:\/\/vincentians.com\/es\/","logo":{"@type":"ImageObject","inLanguage":"es","@id":"http:\/\/vincentians.com\/es\/#\/schema\/logo\/image\/","url":"https:\/\/i1.wp.com\/vincentians.com\/es\/wp-content\/uploads\/sites\/11\/2016\/06\/Vincentian-Network-logo-big.png?fit=778%2C778","contentUrl":"https:\/\/i1.wp.com\/vincentians.com\/es\/wp-content\/uploads\/sites\/11\/2016\/06\/Vincentian-Network-logo-big.png?fit=778%2C778","width":778,"height":778,"caption":"The Vincentian Network"},"image":{"@id":"http:\/\/vincentians.com\/es\/#\/schema\/logo\/image\/"},"sameAs":["https:\/\/www.facebook.com\/WeAreVincentians\/","https:\/\/x.com\/WeVincentians"]},{"@type":"Person","@id":"http:\/\/vincentians.com\/es\/#\/schema\/person\/7c2670b4445a7ca9d164ea6acdb31859","name":"Mitxel Olabu\u00e9naga","image":{"@type":"ImageObject","inLanguage":"es","@id":"http:\/\/vincentians.com\/es\/#\/schema\/person\/image\/","url":"https:\/\/secure.gravatar.com\/avatar\/34137ec2e2b8939cbbed975731e71f3f4f1defc7266ded337a5ce0f925426877?s=96&d=mm&r=g","contentUrl":"https:\/\/secure.gravatar.com\/avatar\/34137ec2e2b8939cbbed975731e71f3f4f1defc7266ded337a5ce0f925426877?s=96&d=mm&r=g","caption":"Mitxel Olabu\u00e9naga"},"url":"http:\/\/vincentians.com\/es\/author\/mitxel\/"}]}},"jetpack_publicize_connections":[],"jetpack_featured_media_url":"https:\/\/i0.wp.com\/vincentians.com\/es\/wp-content\/uploads\/sites\/11\/2023\/08\/aa-1.jpg?fit=285%2C177","jetpack_sharing_enabled":true,"jetpack_shortlink":"https:\/\/wp.me\/p7ETMF-xqU","jetpack-related-posts":[{"id":14795,"url":"http:\/\/vincentians.com\/es\/fernando-portal-sacerdote-de-la-mision-capitulo-xiii-y-ultimo\/","url_meta":{"origin":128520,"position":0},"title":"Fernando Portal, sacerdote de la Misi\u00f3n (Cap\u00edtulo XIII y \u00faltimo)","author":"Mitxel Olabu\u00e9naga","date":"09\/01\/2018","format":false,"excerpt":"Cap\u00edtulo XIII: Los \u00faltimos d\u00edas El Sr. Portal se acercaba a los setenta a\u00f1os. Su salud, que hab\u00eda sido siempre precaria, le manten\u00eda en alerta constante. El pensamiento de la muerte le era familiar. Esperaba sin angustias a que sonara para \u00e9l la hora del gran descanso. Pero habr\u00eda sido\u2026","rel":"","context":"En \u00abBiograf\u00edas de Misioneros Pa\u00fales\u00bb","block_context":{"text":"Biograf\u00edas de Misioneros Pa\u00fales","link":"http:\/\/vincentians.com\/es\/category\/la-familia-vicenciana\/biografias-vicencianas\/biografias-de-misioneros-paules\/"},"img":{"alt_text":"","src":"https:\/\/i0.wp.com\/vincentians.com\/es\/wp-content\/uploads\/sites\/11\/2016\/07\/bio-cm.jpg?fit=1200%2C630&resize=350%2C200","width":350,"height":200,"srcset":"https:\/\/i0.wp.com\/vincentians.com\/es\/wp-content\/uploads\/sites\/11\/2016\/07\/bio-cm.jpg?fit=1200%2C630&resize=350%2C200 1x, https:\/\/i0.wp.com\/vincentians.com\/es\/wp-content\/uploads\/sites\/11\/2016\/07\/bio-cm.jpg?fit=1200%2C630&resize=525%2C300 1.5x, https:\/\/i0.wp.com\/vincentians.com\/es\/wp-content\/uploads\/sites\/11\/2016\/07\/bio-cm.jpg?fit=1200%2C630&resize=700%2C400 2x, https:\/\/i0.wp.com\/vincentians.com\/es\/wp-content\/uploads\/sites\/11\/2016\/07\/bio-cm.jpg?fit=1200%2C630&resize=1050%2C600 3x"},"classes":[]},{"id":74122,"url":"http:\/\/vincentians.com\/es\/fernando-portal-1855-1926\/","url_meta":{"origin":128520,"position":1},"title":"Fernando Portal (1855-1926)","author":"Mitxel Olabu\u00e9naga","date":"25\/01\/2015","format":false,"excerpt":"Son ustedes aqu\u00ed hu\u00e9spedes de la Casa Madre de la Congregaci\u00f3n de la Misi\u00f3n, fundada por san Vicente de Pa\u00fal en el siglo XVII y llamada de los \"Laza\u00adristas\". Saben, sin duda, que esta apelaci\u00f3n evoca la antigua Casa Madre que, hasta la Revoluci\u00f3n, se encontraba en el inmenso priorato\u2026","rel":"","context":"En \u00abBiograf\u00edas de Misioneros Pa\u00fales\u00bb","block_context":{"text":"Biograf\u00edas de Misioneros Pa\u00fales","link":"http:\/\/vincentians.com\/es\/category\/la-familia-vicenciana\/biografias-vicencianas\/biografias-de-misioneros-paules\/"},"img":{"alt_text":"","src":"https:\/\/i0.wp.com\/vincentians.com\/es\/wp-content\/uploads\/sites\/11\/2016\/07\/bio-cm.jpg?fit=1200%2C630&resize=350%2C200","width":350,"height":200,"srcset":"https:\/\/i0.wp.com\/vincentians.com\/es\/wp-content\/uploads\/sites\/11\/2016\/07\/bio-cm.jpg?fit=1200%2C630&resize=350%2C200 1x, https:\/\/i0.wp.com\/vincentians.com\/es\/wp-content\/uploads\/sites\/11\/2016\/07\/bio-cm.jpg?fit=1200%2C630&resize=525%2C300 1.5x, https:\/\/i0.wp.com\/vincentians.com\/es\/wp-content\/uploads\/sites\/11\/2016\/07\/bio-cm.jpg?fit=1200%2C630&resize=700%2C400 2x, https:\/\/i0.wp.com\/vincentians.com\/es\/wp-content\/uploads\/sites\/11\/2016\/07\/bio-cm.jpg?fit=1200%2C630&resize=1050%2C600 3x"},"classes":[]},{"id":13868,"url":"http:\/\/vincentians.com\/es\/fernando-portal-sacerdote-de-la-mision-capitulo-x\/","url_meta":{"origin":128520,"position":2},"title":"Fernando Portal, sacerdote de la Misi\u00f3n (Cap\u00edtulo X)","author":"Mitxel Olabu\u00e9naga","date":"06\/06\/2012","format":false,"excerpt":"Cap\u00edtulo X: El piso de la calle de Grenelle Los amigos del Sr. Portal aprendieron pronto el camino al 14 de la calle de Grenelle. Era ya mucho, despu\u00e9s de todo, que el centro de la obra quedara a salvo. El nuevo piso tenia algo m\u00e1s grato que el de\u2026","rel":"","context":"En \u00abBiograf\u00edas de Misioneros Pa\u00fales\u00bb","block_context":{"text":"Biograf\u00edas de Misioneros Pa\u00fales","link":"http:\/\/vincentians.com\/es\/category\/la-familia-vicenciana\/biografias-vicencianas\/biografias-de-misioneros-paules\/"},"img":{"alt_text":"","src":"https:\/\/i0.wp.com\/vincentians.com\/es\/wp-content\/uploads\/sites\/11\/2016\/07\/bio-cm.jpg?fit=1200%2C630&resize=350%2C200","width":350,"height":200,"srcset":"https:\/\/i0.wp.com\/vincentians.com\/es\/wp-content\/uploads\/sites\/11\/2016\/07\/bio-cm.jpg?fit=1200%2C630&resize=350%2C200 1x, https:\/\/i0.wp.com\/vincentians.com\/es\/wp-content\/uploads\/sites\/11\/2016\/07\/bio-cm.jpg?fit=1200%2C630&resize=525%2C300 1.5x, https:\/\/i0.wp.com\/vincentians.com\/es\/wp-content\/uploads\/sites\/11\/2016\/07\/bio-cm.jpg?fit=1200%2C630&resize=700%2C400 2x, https:\/\/i0.wp.com\/vincentians.com\/es\/wp-content\/uploads\/sites\/11\/2016\/07\/bio-cm.jpg?fit=1200%2C630&resize=1050%2C600 3x"},"classes":[]},{"id":22459,"url":"http:\/\/vincentians.com\/es\/tal-dia-como-hoy-19-de-junio\/","url_meta":{"origin":128520,"position":3},"title":"Tal d\u00eda como hoy: 19 de junio","author":"Francisco Javier Fern\u00e1ndez Chento","date":"19\/06\/2017","format":false,"excerpt":"1647. Consejo de la Compa\u00f1\u00eda de las Hijas de la Caridad presidido por Vicente de Pa\u00fal. Tras invocar la asistencia del Esp\u00edritu Santo, Vicente expone la forma en que se debe proceder para sacar provecho del consejo. Dice que, cuando los asuntos a tratar son importantes, conviene tener m\u00e1s de\u2026","rel":"","context":"En \u00abEfem\u00e9rides Vicencianas\u00bb","block_context":{"text":"Efem\u00e9rides Vicencianas","link":"http:\/\/vincentians.com\/es\/category\/historia-de-la-familia-vicenciana\/efemerides-vicencianas\/"},"img":{"alt_text":"","src":"https:\/\/i0.wp.com\/vincentians.com\/es\/wp-content\/uploads\/sites\/11\/2016\/07\/ephemerides-fb.jpg?fit=1200%2C630&resize=350%2C200","width":350,"height":200,"srcset":"https:\/\/i0.wp.com\/vincentians.com\/es\/wp-content\/uploads\/sites\/11\/2016\/07\/ephemerides-fb.jpg?fit=1200%2C630&resize=350%2C200 1x, https:\/\/i0.wp.com\/vincentians.com\/es\/wp-content\/uploads\/sites\/11\/2016\/07\/ephemerides-fb.jpg?fit=1200%2C630&resize=525%2C300 1.5x, https:\/\/i0.wp.com\/vincentians.com\/es\/wp-content\/uploads\/sites\/11\/2016\/07\/ephemerides-fb.jpg?fit=1200%2C630&resize=700%2C400 2x, https:\/\/i0.wp.com\/vincentians.com\/es\/wp-content\/uploads\/sites\/11\/2016\/07\/ephemerides-fb.jpg?fit=1200%2C630&resize=1050%2C600 3x"},"classes":[]},{"id":128499,"url":"http:\/\/vincentians.com\/es\/el-senor-portal-y-los-suyos-1855-1926-34\/","url_meta":{"origin":128520,"position":4},"title":"El Se\u00f1or Portal y los suyos (1855-1926) (34)","author":"Mitxel Olabu\u00e9naga","date":"25\/05\/2025","format":false,"excerpt":"IV Malinas Cap\u00edtulo XII: Prehistoria El seminario anglicano de la calle Grenelle Si la fuerza de las cosas y el cardenal Merry del Val incitaron a Portal a anteponer durante diez a\u00f1os los asuntos ortodoxos, cierto es tambi\u00e9n que fueron los anglicanos quienes permitieron a la casa de estudios de\u2026","rel":"","context":"En \u00abHistoria de la Congregaci\u00f3n de la Misi\u00f3n\u00bb","block_context":{"text":"Historia de la Congregaci\u00f3n de la Misi\u00f3n","link":"http:\/\/vincentians.com\/es\/category\/historia-de-la-familia-vicenciana\/historia-de-la-congregacion-de-la-mision\/"},"img":{"alt_text":"","src":"https:\/\/i0.wp.com\/vincentians.com\/es\/wp-content\/uploads\/sites\/11\/2013\/04\/g-5.jpg?fit=1170%2C692&resize=350%2C200","width":350,"height":200,"srcset":"https:\/\/i0.wp.com\/vincentians.com\/es\/wp-content\/uploads\/sites\/11\/2013\/04\/g-5.jpg?fit=1170%2C692&resize=350%2C200 1x, https:\/\/i0.wp.com\/vincentians.com\/es\/wp-content\/uploads\/sites\/11\/2013\/04\/g-5.jpg?fit=1170%2C692&resize=525%2C300 1.5x, https:\/\/i0.wp.com\/vincentians.com\/es\/wp-content\/uploads\/sites\/11\/2013\/04\/g-5.jpg?fit=1170%2C692&resize=700%2C400 2x, https:\/\/i0.wp.com\/vincentians.com\/es\/wp-content\/uploads\/sites\/11\/2013\/04\/g-5.jpg?fit=1170%2C692&resize=1050%2C600 3x"},"classes":[]},{"id":128543,"url":"http:\/\/vincentians.com\/es\/el-senor-portal-y-los-suyos-1855-1926-31\/","url_meta":{"origin":128520,"position":5},"title":"El Se\u00f1or Portal y los suyos (1855-1926) (31)","author":"Mitxel Olabu\u00e9naga","date":"05\/05\/2025","format":false,"excerpt":"III De la Santa Rusia a pa\u00eds de los Soviets Cap\u00edtulo IX: El unionismo en las catacumbas Marginalidad provisional y permanencia de los temas El abate Giraud, disc\u00edpulo de Niza, ha comparado la casa de estudios de la calle Grenelle con las catacumbas. A Portal no le gustaban m\u00e1s los\u2026","rel":"","context":"En \u00abHistoria de la Congregaci\u00f3n de la Misi\u00f3n\u00bb","block_context":{"text":"Historia de la Congregaci\u00f3n de la Misi\u00f3n","link":"http:\/\/vincentians.com\/es\/category\/historia-de-la-familia-vicenciana\/historia-de-la-congregacion-de-la-mision\/"},"img":{"alt_text":"","src":"https:\/\/i0.wp.com\/vincentians.com\/es\/wp-content\/uploads\/sites\/11\/2023\/08\/aaaf.jpg?fit=1200%2C827&resize=350%2C200","width":350,"height":200,"srcset":"https:\/\/i0.wp.com\/vincentians.com\/es\/wp-content\/uploads\/sites\/11\/2023\/08\/aaaf.jpg?fit=1200%2C827&resize=350%2C200 1x, https:\/\/i0.wp.com\/vincentians.com\/es\/wp-content\/uploads\/sites\/11\/2023\/08\/aaaf.jpg?fit=1200%2C827&resize=525%2C300 1.5x, https:\/\/i0.wp.com\/vincentians.com\/es\/wp-content\/uploads\/sites\/11\/2023\/08\/aaaf.jpg?fit=1200%2C827&resize=700%2C400 2x, https:\/\/i0.wp.com\/vincentians.com\/es\/wp-content\/uploads\/sites\/11\/2023\/08\/aaaf.jpg?fit=1200%2C827&resize=1050%2C600 3x"},"classes":[]}],"_links":{"self":[{"href":"http:\/\/vincentians.com\/es\/wp-json\/wp\/v2\/posts\/128520","targetHints":{"allow":["GET"]}}],"collection":[{"href":"http:\/\/vincentians.com\/es\/wp-json\/wp\/v2\/posts"}],"about":[{"href":"http:\/\/vincentians.com\/es\/wp-json\/wp\/v2\/types\/post"}],"author":[{"embeddable":true,"href":"http:\/\/vincentians.com\/es\/wp-json\/wp\/v2\/users\/5"}],"replies":[{"embeddable":true,"href":"http:\/\/vincentians.com\/es\/wp-json\/wp\/v2\/comments?post=128520"}],"version-history":[{"count":1,"href":"http:\/\/vincentians.com\/es\/wp-json\/wp\/v2\/posts\/128520\/revisions"}],"predecessor-version":[{"id":405910,"href":"http:\/\/vincentians.com\/es\/wp-json\/wp\/v2\/posts\/128520\/revisions\/405910"}],"wp:featuredmedia":[{"embeddable":true,"href":"http:\/\/vincentians.com\/es\/wp-json\/wp\/v2\/media\/405265"}],"wp:attachment":[{"href":"http:\/\/vincentians.com\/es\/wp-json\/wp\/v2\/media?parent=128520"}],"wp:term":[{"taxonomy":"category","embeddable":true,"href":"http:\/\/vincentians.com\/es\/wp-json\/wp\/v2\/categories?post=128520"},{"taxonomy":"post_tag","embeddable":true,"href":"http:\/\/vincentians.com\/es\/wp-json\/wp\/v2\/tags?post=128520"}],"curies":[{"name":"wp","href":"https:\/\/api.w.org\/{rel}","templated":true}]}}