{"id":128,"date":"2010-12-18T01:51:34","date_gmt":"2010-12-18T00:51:34","guid":{"rendered":"http:\/\/somos.vicencianos.org\/comentarios\/2010\/12\/18\/ciclo-a-domingo-4%c2%ba-de-advientoreflexion-de-mario-yepez-c-m\/"},"modified":"2016-07-24T10:22:19","modified_gmt":"2016-07-24T08:22:19","slug":"ciclo-a-domingo-4%c2%ba-de-advientoreflexion-de-mario-yepez-c-m","status":"publish","type":"post","link":"http:\/\/vincentians.com\/es\/ciclo-a-domingo-4%c2%ba-de-advientoreflexion-de-mario-yepez-c-m\/","title":{"rendered":"Ciclo A, Domingo 4\u00ba de Adviento (reflexi\u00f3n de Mario Y\u00e9pez, C.M.)"},"content":{"rendered":"<p><img data-recalc-dims=\"1\" loading=\"lazy\" decoding=\"async\" class=\"alignright size-full wp-image-95\" title=\"padre-mario\" src=\"https:\/\/i0.wp.com\/vicencianos.org\/comentarios\/files\/2010\/12\/padre-mario.jpg?resize=224%2C239\" alt=\"\" width=\"224\" height=\"239\" \/>Estamos ya dentro de las ferias especiales del  adviento y en este  domingo celebramos con alegr\u00eda la fiesta de Nuestra Se\u00f1ora  de la  Esperanza. Las promesas de Dios se van cumpliendo en la historia de   salvaci\u00f3n. Dios abre ese di\u00e1logo de amor y pide una respuesta del  hombre. La  incertidumbre de un mundo que\u00a0 se aparta  de Dios mantiene  en jaque la fidelidad de los \u201cpeque\u00f1os de Dios\u201d, aquel resto  de Israel,  del Antiguo testamento, que trat\u00f3 de mantenerse fiel al Dios de Israel.   La esperanza de un pueblo creyente simbolizado en el ni\u00f1o que nacer\u00e1  de una  doncella, es decir, del heredero del reino, confirma una vez m\u00e1s  que no se  puede desligar la vida cotidiana del amparo del  Todopoderoso. Por eso, Cristo,  la Palabra de Dios hecha carne, se  convierte en el centro de esta historia de  salvaci\u00f3n y el interlocutor  eficaz que viene a este mundo en el misterio de la  Navidad. Tan gran  regalo de Dios, viene con la colaboraci\u00f3n libre de Mar\u00eda y  Jos\u00e9. No se  puede hablar de la verdad del misterio del Verbo encarnado sin  comentar  la libertad y la absoluta obediencia a la voluntad del Padre por parte   de ambos. Mar\u00eda, en la humildad de quien reconoce que Dios puede hacer  obras  grandes en ella y la actitud diligente de Jos\u00e9, quien siendo un  hombre justo,  cumplidor de la Ley, acepta la Palabra viva que viene a  traer salvaci\u00f3n. Esta  es la esperanza de Israel, esta es la esperanza  de la Iglesia: un ni\u00f1o cuyo  rostro es el Dios del amor. Parece que es  preciso gritar al mundo este urgente  deseo: \u201c\u00a1Emmanuel!\u201d. Para eso  viene a nacer Jes\u00fas hoy y es preciso creerlo:  para estar con nosotros.  \u00a1Gracias Mar\u00eda de la Esperanza, porque nos ense\u00f1as a  saber confiar en  Dios!.<\/p>\n","protected":false},"excerpt":{"rendered":"<p>Estamos ya dentro de las ferias especiales del adviento y en este domingo celebramos con alegr\u00eda la fiesta de Nuestra Se\u00f1ora de la Esperanza. Las promesas de Dios se van cumpliendo en la historia de &#8230; <a href=\"http:\/\/vincentians.com\/es\/ciclo-a-domingo-4%c2%ba-de-advientoreflexion-de-mario-yepez-c-m\/\" class=\"more-link\">Read More<\/a><\/p>\n","protected":false},"author":4,"featured_media":388408,"comment_status":"open","ping_status":"open","sticky":false,"template":"","format":"standard","meta":{"jetpack_post_was_ever_published":false,"_jetpack_newsletter_access":"","_jetpack_dont_email_post_to_subs":false,"_jetpack_newsletter_tier_id":0,"_jetpack_memberships_contains_paywalled_content":false,"_jetpack_memberships_contains_paid_content":false,"footnotes":"","jetpack_publicize_message":"","jetpack_publicize_feature_enabled":true,"jetpack_social_post_already_shared":true,"jetpack_social_options":{"image_generator_settings":{"template":"highway","default_image_id":0,"font":"","enabled":false},"version":2}},"categories":[95],"tags":[],"class_list":["post-128","post","type-post","status-publish","format-standard","has-post-thumbnail","hentry","category-homilias-y-reflexiones-ano-a"],"yoast_head":"<!-- This site is optimized with the Yoast SEO plugin v26.3 - https:\/\/yoast.com\/wordpress\/plugins\/seo\/ -->\n<title>Ciclo A, Domingo 4\u00ba de Adviento (reflexi\u00f3n de Mario Y\u00e9pez, C.M.) - Somos Vicencianos<\/title>\n<meta name=\"robots\" content=\"index, follow, max-snippet:-1, max-image-preview:large, max-video-preview:-1\" \/>\n<link rel=\"canonical\" href=\"http:\/\/vincentians.com\/es\/ciclo-a-domingo-4\u00ba-de-advientoreflexion-de-mario-yepez-c-m\/\" \/>\n<meta property=\"og:locale\" content=\"es_ES\" \/>\n<meta property=\"og:type\" content=\"article\" \/>\n<meta property=\"og:title\" content=\"Ciclo A, Domingo 4\u00ba de Adviento (reflexi\u00f3n de Mario Y\u00e9pez, C.M.) - Somos Vicencianos\" \/>\n<meta property=\"og:description\" content=\"Estamos ya dentro de las ferias especiales del adviento y en este domingo celebramos con alegr\u00eda la fiesta de Nuestra Se\u00f1ora de la Esperanza. Las promesas de Dios se van cumpliendo en la historia de ... Read More\" \/>\n<meta property=\"og:url\" content=\"http:\/\/vincentians.com\/es\/ciclo-a-domingo-4\u00ba-de-advientoreflexion-de-mario-yepez-c-m\/\" \/>\n<meta property=\"og:site_name\" content=\"Somos Vicencianos\" \/>\n<meta property=\"article:publisher\" content=\"https:\/\/www.facebook.com\/WeAreVincentians\/\" \/>\n<meta property=\"article:author\" content=\"https:\/\/www.facebook.com\/JavierChento\" \/>\n<meta property=\"article:published_time\" content=\"2010-12-18T00:51:34+00:00\" \/>\n<meta property=\"article:modified_time\" content=\"2016-07-24T08:22:19+00:00\" \/>\n<meta property=\"og:image\" content=\"https:\/\/i0.wp.com\/vincentians.com\/es\/wp-content\/uploads\/sites\/11\/2016\/07\/reflexiones-palabra-de-dios.jpg?fit=1200%2C630\" \/>\n\t<meta property=\"og:image:width\" content=\"1200\" \/>\n\t<meta property=\"og:image:height\" content=\"630\" \/>\n\t<meta property=\"og:image:type\" content=\"image\/jpeg\" \/>\n<meta name=\"author\" content=\"Francisco Javier Fern\u00e1ndez Chento\" \/>\n<meta name=\"twitter:card\" content=\"summary_large_image\" \/>\n<meta name=\"twitter:creator\" content=\"@https:\/\/twitter.com\/javierchento\" \/>\n<meta name=\"twitter:site\" content=\"@WeVincentians\" \/>\n<meta name=\"twitter:label1\" content=\"Escrito por\" \/>\n\t<meta name=\"twitter:data1\" content=\"Francisco Javier Fern\u00e1ndez Chento\" \/>\n\t<meta name=\"twitter:label2\" content=\"Tiempo de lectura\" \/>\n\t<meta name=\"twitter:data2\" content=\"2 minutos\" \/>\n<script type=\"application\/ld+json\" class=\"yoast-schema-graph\">{\"@context\":\"https:\/\/schema.org\",\"@graph\":[{\"@type\":\"Article\",\"@id\":\"http:\/\/vincentians.com\/es\/ciclo-a-domingo-4%c2%ba-de-advientoreflexion-de-mario-yepez-c-m\/#article\",\"isPartOf\":{\"@id\":\"http:\/\/vincentians.com\/es\/ciclo-a-domingo-4%c2%ba-de-advientoreflexion-de-mario-yepez-c-m\/\"},\"author\":{\"name\":\"Francisco Javier Fern\u00e1ndez Chento\",\"@id\":\"http:\/\/vincentians.com\/es\/#\/schema\/person\/9623ef4d9aa3b2dfb8c061f1499288f2\"},\"headline\":\"Ciclo A, Domingo 4\u00ba de Adviento (reflexi\u00f3n de Mario Y\u00e9pez, C.M.)\",\"datePublished\":\"2010-12-18T00:51:34+00:00\",\"dateModified\":\"2016-07-24T08:22:19+00:00\",\"mainEntityOfPage\":{\"@id\":\"http:\/\/vincentians.com\/es\/ciclo-a-domingo-4%c2%ba-de-advientoreflexion-de-mario-yepez-c-m\/\"},\"wordCount\":327,\"commentCount\":0,\"publisher\":{\"@id\":\"http:\/\/vincentians.com\/es\/#organization\"},\"image\":{\"@id\":\"http:\/\/vincentians.com\/es\/ciclo-a-domingo-4%c2%ba-de-advientoreflexion-de-mario-yepez-c-m\/#primaryimage\"},\"thumbnailUrl\":\"https:\/\/i0.wp.com\/vincentians.com\/es\/wp-content\/uploads\/sites\/11\/2016\/07\/reflexiones-palabra-de-dios.jpg?fit=1200%2C630\",\"articleSection\":[\"Homil\u00edas y reflexiones, A\u00f1o A\"],\"inLanguage\":\"es\",\"potentialAction\":[{\"@type\":\"CommentAction\",\"name\":\"Comment\",\"target\":[\"http:\/\/vincentians.com\/es\/ciclo-a-domingo-4%c2%ba-de-advientoreflexion-de-mario-yepez-c-m\/#respond\"]}]},{\"@type\":\"WebPage\",\"@id\":\"http:\/\/vincentians.com\/es\/ciclo-a-domingo-4%c2%ba-de-advientoreflexion-de-mario-yepez-c-m\/\",\"url\":\"http:\/\/vincentians.com\/es\/ciclo-a-domingo-4%c2%ba-de-advientoreflexion-de-mario-yepez-c-m\/\",\"name\":\"Ciclo A, Domingo 4\u00ba de Adviento (reflexi\u00f3n de Mario Y\u00e9pez, C.M.) - Somos Vicencianos\",\"isPartOf\":{\"@id\":\"http:\/\/vincentians.com\/es\/#website\"},\"primaryImageOfPage\":{\"@id\":\"http:\/\/vincentians.com\/es\/ciclo-a-domingo-4%c2%ba-de-advientoreflexion-de-mario-yepez-c-m\/#primaryimage\"},\"image\":{\"@id\":\"http:\/\/vincentians.com\/es\/ciclo-a-domingo-4%c2%ba-de-advientoreflexion-de-mario-yepez-c-m\/#primaryimage\"},\"thumbnailUrl\":\"https:\/\/i0.wp.com\/vincentians.com\/es\/wp-content\/uploads\/sites\/11\/2016\/07\/reflexiones-palabra-de-dios.jpg?fit=1200%2C630\",\"datePublished\":\"2010-12-18T00:51:34+00:00\",\"dateModified\":\"2016-07-24T08:22:19+00:00\",\"breadcrumb\":{\"@id\":\"http:\/\/vincentians.com\/es\/ciclo-a-domingo-4%c2%ba-de-advientoreflexion-de-mario-yepez-c-m\/#breadcrumb\"},\"inLanguage\":\"es\",\"potentialAction\":[{\"@type\":\"ReadAction\",\"target\":[\"http:\/\/vincentians.com\/es\/ciclo-a-domingo-4%c2%ba-de-advientoreflexion-de-mario-yepez-c-m\/\"]}]},{\"@type\":\"ImageObject\",\"inLanguage\":\"es\",\"@id\":\"http:\/\/vincentians.com\/es\/ciclo-a-domingo-4%c2%ba-de-advientoreflexion-de-mario-yepez-c-m\/#primaryimage\",\"url\":\"https:\/\/i0.wp.com\/vincentians.com\/es\/wp-content\/uploads\/sites\/11\/2016\/07\/reflexiones-palabra-de-dios.jpg?fit=1200%2C630\",\"contentUrl\":\"https:\/\/i0.wp.com\/vincentians.com\/es\/wp-content\/uploads\/sites\/11\/2016\/07\/reflexiones-palabra-de-dios.jpg?fit=1200%2C630\",\"width\":1200,\"height\":630},{\"@type\":\"BreadcrumbList\",\"@id\":\"http:\/\/vincentians.com\/es\/ciclo-a-domingo-4%c2%ba-de-advientoreflexion-de-mario-yepez-c-m\/#breadcrumb\",\"itemListElement\":[{\"@type\":\"ListItem\",\"position\":1,\"name\":\"Portada\",\"item\":\"http:\/\/vincentians.com\/es\/\"},{\"@type\":\"ListItem\",\"position\":2,\"name\":\"Ciclo A, Domingo 4\u00ba de Adviento (reflexi\u00f3n de Mario Y\u00e9pez, C.M.)\"}]},{\"@type\":\"WebSite\",\"@id\":\"http:\/\/vincentians.com\/es\/#website\",\"url\":\"http:\/\/vincentians.com\/es\/\",\"name\":\"Somos Vicencianos\",\"description\":\"Know more to serve more\",\"publisher\":{\"@id\":\"http:\/\/vincentians.com\/es\/#organization\"},\"potentialAction\":[{\"@type\":\"SearchAction\",\"target\":{\"@type\":\"EntryPoint\",\"urlTemplate\":\"http:\/\/vincentians.com\/es\/?s={search_term_string}\"},\"query-input\":{\"@type\":\"PropertyValueSpecification\",\"valueRequired\":true,\"valueName\":\"search_term_string\"}}],\"inLanguage\":\"es\"},{\"@type\":\"Organization\",\"@id\":\"http:\/\/vincentians.com\/es\/#organization\",\"name\":\"The Vincentian Network\",\"url\":\"http:\/\/vincentians.com\/es\/\",\"logo\":{\"@type\":\"ImageObject\",\"inLanguage\":\"es\",\"@id\":\"http:\/\/vincentians.com\/es\/#\/schema\/logo\/image\/\",\"url\":\"https:\/\/i1.wp.com\/vincentians.com\/es\/wp-content\/uploads\/sites\/11\/2016\/06\/Vincentian-Network-logo-big.png?fit=778%2C778\",\"contentUrl\":\"https:\/\/i1.wp.com\/vincentians.com\/es\/wp-content\/uploads\/sites\/11\/2016\/06\/Vincentian-Network-logo-big.png?fit=778%2C778\",\"width\":778,\"height\":778,\"caption\":\"The Vincentian Network\"},\"image\":{\"@id\":\"http:\/\/vincentians.com\/es\/#\/schema\/logo\/image\/\"},\"sameAs\":[\"https:\/\/www.facebook.com\/WeAreVincentians\/\",\"https:\/\/x.com\/WeVincentians\"]},{\"@type\":\"Person\",\"@id\":\"http:\/\/vincentians.com\/es\/#\/schema\/person\/9623ef4d9aa3b2dfb8c061f1499288f2\",\"name\":\"Francisco Javier Fern\u00e1ndez Chento\",\"image\":{\"@type\":\"ImageObject\",\"inLanguage\":\"es\",\"@id\":\"http:\/\/vincentians.com\/es\/#\/schema\/person\/image\/\",\"url\":\"https:\/\/secure.gravatar.com\/avatar\/497d5cde87b4c3d097d0315953521681ba2cd523ee66e5077c3711f7021e65de?s=96&d=mm&r=g\",\"contentUrl\":\"https:\/\/secure.gravatar.com\/avatar\/497d5cde87b4c3d097d0315953521681ba2cd523ee66e5077c3711f7021e65de?s=96&d=mm&r=g\",\"caption\":\"Francisco Javier Fern\u00e1ndez Chento\"},\"description\":\"Director General y cofundador de La Red de Formaci\u00f3n Vicenciana. Javier es laico vicenciano, afiliado a la Congregaci\u00f3n de la Misi\u00f3n y miembro del Equipo de Misiones Populares de la provincia can\u00f3nica de Zaragoza (Espa\u00f1a) de la Congregaci\u00f3n de la Misi\u00f3n. Graduado en la Universidad Oberta de Catalunya con cuatro grados (Asistente de direcci\u00f3n, Gesti\u00f3n Administrativa, Recursos Humanos y Contabilidad Avanzada). Bil\u00edng\u00fce Espa\u00f1ol\/Ingl\u00e9s. gestiona y mantiene varias p\u00e1ginas web cristianas y vicencianas, incluida including La Red de Formaci\u00f3n Vicenciana, de la que es cofundador. Actualmente es responsable del \u00e1rea de Espa\u00f1ol de .famvin, la Red de Noticias de la Familia Vicenciana. Tambi\u00e9n es m\u00fasico cat\u00f3lico y ha editado varios discos. Es Director General y cofundador de Trovador, una reconocida compa\u00f1\u00eda discogr\u00e1fica critiana de Espa\u00f1a. Trabaja en las Tecnolog\u00edas de la Informaci\u00f3n, ofreciendo servicios de alojamiento, dise\u00f1o y mantenimiento Web, as\u00ed como asesoramiento, formaci\u00f3n y soluciones inform\u00e1ticas, gesti\u00f3n documental y digitalizaci\u00f3n de textos, edici\u00f3n y maquetaci\u00f3n de libros, revistas, flyers, etc.\",\"sameAs\":[\"http:\/\/chento.org\",\"https:\/\/www.facebook.com\/JavierChento\",\"https:\/\/x.com\/https:\/\/twitter.com\/javierchento\"],\"url\":\"http:\/\/vincentians.com\/es\/author\/chento\/\"}]}<\/script>\n<!-- \/ Yoast SEO plugin. -->","yoast_head_json":{"title":"Ciclo A, Domingo 4\u00ba de Adviento (reflexi\u00f3n de Mario Y\u00e9pez, C.M.) - Somos Vicencianos","robots":{"index":"index","follow":"follow","max-snippet":"max-snippet:-1","max-image-preview":"max-image-preview:large","max-video-preview":"max-video-preview:-1"},"canonical":"http:\/\/vincentians.com\/es\/ciclo-a-domingo-4\u00ba-de-advientoreflexion-de-mario-yepez-c-m\/","og_locale":"es_ES","og_type":"article","og_title":"Ciclo A, Domingo 4\u00ba de Adviento (reflexi\u00f3n de Mario Y\u00e9pez, C.M.) - Somos Vicencianos","og_description":"Estamos ya dentro de las ferias especiales del adviento y en este domingo celebramos con alegr\u00eda la fiesta de Nuestra Se\u00f1ora de la Esperanza. Las promesas de Dios se van cumpliendo en la historia de ... Read More","og_url":"http:\/\/vincentians.com\/es\/ciclo-a-domingo-4\u00ba-de-advientoreflexion-de-mario-yepez-c-m\/","og_site_name":"Somos Vicencianos","article_publisher":"https:\/\/www.facebook.com\/WeAreVincentians\/","article_author":"https:\/\/www.facebook.com\/JavierChento","article_published_time":"2010-12-18T00:51:34+00:00","article_modified_time":"2016-07-24T08:22:19+00:00","og_image":[{"width":1200,"height":630,"url":"https:\/\/i0.wp.com\/vincentians.com\/es\/wp-content\/uploads\/sites\/11\/2016\/07\/reflexiones-palabra-de-dios.jpg?fit=1200%2C630","type":"image\/jpeg"}],"author":"Francisco Javier Fern\u00e1ndez Chento","twitter_card":"summary_large_image","twitter_creator":"@https:\/\/twitter.com\/javierchento","twitter_site":"@WeVincentians","twitter_misc":{"Escrito por":"Francisco Javier Fern\u00e1ndez Chento","Tiempo de lectura":"2 minutos"},"schema":{"@context":"https:\/\/schema.org","@graph":[{"@type":"Article","@id":"http:\/\/vincentians.com\/es\/ciclo-a-domingo-4%c2%ba-de-advientoreflexion-de-mario-yepez-c-m\/#article","isPartOf":{"@id":"http:\/\/vincentians.com\/es\/ciclo-a-domingo-4%c2%ba-de-advientoreflexion-de-mario-yepez-c-m\/"},"author":{"name":"Francisco Javier Fern\u00e1ndez Chento","@id":"http:\/\/vincentians.com\/es\/#\/schema\/person\/9623ef4d9aa3b2dfb8c061f1499288f2"},"headline":"Ciclo A, Domingo 4\u00ba de Adviento (reflexi\u00f3n de Mario Y\u00e9pez, C.M.)","datePublished":"2010-12-18T00:51:34+00:00","dateModified":"2016-07-24T08:22:19+00:00","mainEntityOfPage":{"@id":"http:\/\/vincentians.com\/es\/ciclo-a-domingo-4%c2%ba-de-advientoreflexion-de-mario-yepez-c-m\/"},"wordCount":327,"commentCount":0,"publisher":{"@id":"http:\/\/vincentians.com\/es\/#organization"},"image":{"@id":"http:\/\/vincentians.com\/es\/ciclo-a-domingo-4%c2%ba-de-advientoreflexion-de-mario-yepez-c-m\/#primaryimage"},"thumbnailUrl":"https:\/\/i0.wp.com\/vincentians.com\/es\/wp-content\/uploads\/sites\/11\/2016\/07\/reflexiones-palabra-de-dios.jpg?fit=1200%2C630","articleSection":["Homil\u00edas y reflexiones, A\u00f1o A"],"inLanguage":"es","potentialAction":[{"@type":"CommentAction","name":"Comment","target":["http:\/\/vincentians.com\/es\/ciclo-a-domingo-4%c2%ba-de-advientoreflexion-de-mario-yepez-c-m\/#respond"]}]},{"@type":"WebPage","@id":"http:\/\/vincentians.com\/es\/ciclo-a-domingo-4%c2%ba-de-advientoreflexion-de-mario-yepez-c-m\/","url":"http:\/\/vincentians.com\/es\/ciclo-a-domingo-4%c2%ba-de-advientoreflexion-de-mario-yepez-c-m\/","name":"Ciclo A, Domingo 4\u00ba de Adviento (reflexi\u00f3n de Mario Y\u00e9pez, C.M.) - Somos Vicencianos","isPartOf":{"@id":"http:\/\/vincentians.com\/es\/#website"},"primaryImageOfPage":{"@id":"http:\/\/vincentians.com\/es\/ciclo-a-domingo-4%c2%ba-de-advientoreflexion-de-mario-yepez-c-m\/#primaryimage"},"image":{"@id":"http:\/\/vincentians.com\/es\/ciclo-a-domingo-4%c2%ba-de-advientoreflexion-de-mario-yepez-c-m\/#primaryimage"},"thumbnailUrl":"https:\/\/i0.wp.com\/vincentians.com\/es\/wp-content\/uploads\/sites\/11\/2016\/07\/reflexiones-palabra-de-dios.jpg?fit=1200%2C630","datePublished":"2010-12-18T00:51:34+00:00","dateModified":"2016-07-24T08:22:19+00:00","breadcrumb":{"@id":"http:\/\/vincentians.com\/es\/ciclo-a-domingo-4%c2%ba-de-advientoreflexion-de-mario-yepez-c-m\/#breadcrumb"},"inLanguage":"es","potentialAction":[{"@type":"ReadAction","target":["http:\/\/vincentians.com\/es\/ciclo-a-domingo-4%c2%ba-de-advientoreflexion-de-mario-yepez-c-m\/"]}]},{"@type":"ImageObject","inLanguage":"es","@id":"http:\/\/vincentians.com\/es\/ciclo-a-domingo-4%c2%ba-de-advientoreflexion-de-mario-yepez-c-m\/#primaryimage","url":"https:\/\/i0.wp.com\/vincentians.com\/es\/wp-content\/uploads\/sites\/11\/2016\/07\/reflexiones-palabra-de-dios.jpg?fit=1200%2C630","contentUrl":"https:\/\/i0.wp.com\/vincentians.com\/es\/wp-content\/uploads\/sites\/11\/2016\/07\/reflexiones-palabra-de-dios.jpg?fit=1200%2C630","width":1200,"height":630},{"@type":"BreadcrumbList","@id":"http:\/\/vincentians.com\/es\/ciclo-a-domingo-4%c2%ba-de-advientoreflexion-de-mario-yepez-c-m\/#breadcrumb","itemListElement":[{"@type":"ListItem","position":1,"name":"Portada","item":"http:\/\/vincentians.com\/es\/"},{"@type":"ListItem","position":2,"name":"Ciclo A, Domingo 4\u00ba de Adviento (reflexi\u00f3n de Mario Y\u00e9pez, C.M.)"}]},{"@type":"WebSite","@id":"http:\/\/vincentians.com\/es\/#website","url":"http:\/\/vincentians.com\/es\/","name":"Somos Vicencianos","description":"Know more to serve more","publisher":{"@id":"http:\/\/vincentians.com\/es\/#organization"},"potentialAction":[{"@type":"SearchAction","target":{"@type":"EntryPoint","urlTemplate":"http:\/\/vincentians.com\/es\/?s={search_term_string}"},"query-input":{"@type":"PropertyValueSpecification","valueRequired":true,"valueName":"search_term_string"}}],"inLanguage":"es"},{"@type":"Organization","@id":"http:\/\/vincentians.com\/es\/#organization","name":"The Vincentian Network","url":"http:\/\/vincentians.com\/es\/","logo":{"@type":"ImageObject","inLanguage":"es","@id":"http:\/\/vincentians.com\/es\/#\/schema\/logo\/image\/","url":"https:\/\/i1.wp.com\/vincentians.com\/es\/wp-content\/uploads\/sites\/11\/2016\/06\/Vincentian-Network-logo-big.png?fit=778%2C778","contentUrl":"https:\/\/i1.wp.com\/vincentians.com\/es\/wp-content\/uploads\/sites\/11\/2016\/06\/Vincentian-Network-logo-big.png?fit=778%2C778","width":778,"height":778,"caption":"The Vincentian Network"},"image":{"@id":"http:\/\/vincentians.com\/es\/#\/schema\/logo\/image\/"},"sameAs":["https:\/\/www.facebook.com\/WeAreVincentians\/","https:\/\/x.com\/WeVincentians"]},{"@type":"Person","@id":"http:\/\/vincentians.com\/es\/#\/schema\/person\/9623ef4d9aa3b2dfb8c061f1499288f2","name":"Francisco Javier Fern\u00e1ndez Chento","image":{"@type":"ImageObject","inLanguage":"es","@id":"http:\/\/vincentians.com\/es\/#\/schema\/person\/image\/","url":"https:\/\/secure.gravatar.com\/avatar\/497d5cde87b4c3d097d0315953521681ba2cd523ee66e5077c3711f7021e65de?s=96&d=mm&r=g","contentUrl":"https:\/\/secure.gravatar.com\/avatar\/497d5cde87b4c3d097d0315953521681ba2cd523ee66e5077c3711f7021e65de?s=96&d=mm&r=g","caption":"Francisco Javier Fern\u00e1ndez Chento"},"description":"Director General y cofundador de La Red de Formaci\u00f3n Vicenciana. Javier es laico vicenciano, afiliado a la Congregaci\u00f3n de la Misi\u00f3n y miembro del Equipo de Misiones Populares de la provincia can\u00f3nica de Zaragoza (Espa\u00f1a) de la Congregaci\u00f3n de la Misi\u00f3n. Graduado en la Universidad Oberta de Catalunya con cuatro grados (Asistente de direcci\u00f3n, Gesti\u00f3n Administrativa, Recursos Humanos y Contabilidad Avanzada). Bil\u00edng\u00fce Espa\u00f1ol\/Ingl\u00e9s. gestiona y mantiene varias p\u00e1ginas web cristianas y vicencianas, incluida including La Red de Formaci\u00f3n Vicenciana, de la que es cofundador. Actualmente es responsable del \u00e1rea de Espa\u00f1ol de .famvin, la Red de Noticias de la Familia Vicenciana. Tambi\u00e9n es m\u00fasico cat\u00f3lico y ha editado varios discos. Es Director General y cofundador de Trovador, una reconocida compa\u00f1\u00eda discogr\u00e1fica critiana de Espa\u00f1a. Trabaja en las Tecnolog\u00edas de la Informaci\u00f3n, ofreciendo servicios de alojamiento, dise\u00f1o y mantenimiento Web, as\u00ed como asesoramiento, formaci\u00f3n y soluciones inform\u00e1ticas, gesti\u00f3n documental y digitalizaci\u00f3n de textos, edici\u00f3n y maquetaci\u00f3n de libros, revistas, flyers, etc.","sameAs":["http:\/\/chento.org","https:\/\/www.facebook.com\/JavierChento","https:\/\/x.com\/https:\/\/twitter.com\/javierchento"],"url":"http:\/\/vincentians.com\/es\/author\/chento\/"}]}},"jetpack_publicize_connections":[],"jetpack_featured_media_url":"https:\/\/i0.wp.com\/vincentians.com\/es\/wp-content\/uploads\/sites\/11\/2016\/07\/reflexiones-palabra-de-dios.jpg?fit=1200%2C630","jetpack_sharing_enabled":true,"jetpack_shortlink":"https:\/\/wp.me\/p7ETMF-24","jetpack-related-posts":[{"id":132365,"url":"http:\/\/vincentians.com\/es\/ciclo-b-domingo-3%c2%ba-de-adviento-reflexion-de-mario-yepez-c-m\/","url_meta":{"origin":128,"position":0},"title":"Ciclo B, Domingo 3\u00ba de Adviento (reflexi\u00f3n de Mario Y\u00e9pez, C.M.)","author":"Francisco Javier Fern\u00e1ndez Chento","date":"10\/12\/2011","format":false,"excerpt":"Seguimos en el camino del adviento con esperanza y en este segundo domingo, el Se\u00f1or nos pide renovar nuestro compromiso de evangelizadores; anunciadores de Buenas nuevas. \"Consolad, consolad a mi pueblo\". Alguien tiene que consolar al pueblo de nuestro Dios. Isa\u00edas habla palabra de Dios; esta Palabra que irrumpe en\u2026","rel":"","context":"En \u00abHomil\u00edas y reflexiones, A\u00f1o B\u00bb","block_context":{"text":"Homil\u00edas y reflexiones, A\u00f1o B","link":"http:\/\/vincentians.com\/es\/category\/homilias-y-reflexiones-a-la-palabra-de-dios\/homilias-y-reflexiones-ano-b\/"},"img":{"alt_text":"","src":"https:\/\/i0.wp.com\/vincentians.com\/es\/wp-content\/uploads\/sites\/11\/2016\/07\/reflexiones-palabra-de-dios.jpg?fit=1200%2C630&resize=350%2C200","width":350,"height":200,"srcset":"https:\/\/i0.wp.com\/vincentians.com\/es\/wp-content\/uploads\/sites\/11\/2016\/07\/reflexiones-palabra-de-dios.jpg?fit=1200%2C630&resize=350%2C200 1x, https:\/\/i0.wp.com\/vincentians.com\/es\/wp-content\/uploads\/sites\/11\/2016\/07\/reflexiones-palabra-de-dios.jpg?fit=1200%2C630&resize=525%2C300 1.5x, https:\/\/i0.wp.com\/vincentians.com\/es\/wp-content\/uploads\/sites\/11\/2016\/07\/reflexiones-palabra-de-dios.jpg?fit=1200%2C630&resize=700%2C400 2x, https:\/\/i0.wp.com\/vincentians.com\/es\/wp-content\/uploads\/sites\/11\/2016\/07\/reflexiones-palabra-de-dios.jpg?fit=1200%2C630&resize=1050%2C600 3x"},"classes":[]},{"id":132985,"url":"http:\/\/vincentians.com\/es\/domingo-4o-de-adviento-reflexion-de-javier-balda-c-m\/","url_meta":{"origin":128,"position":1},"title":"Domingo 4\u00ba de Adviento (reflexi\u00f3n de Javier Balda, C.M.)","author":"Francisco Javier Fern\u00e1ndez Chento","date":"20\/12\/2014","format":false,"excerpt":"La Anunciaci\u00f3n La promesa de redenci\u00f3n se va a hacer realidad. El anuncio de los profetas se hace presente en Mar\u00eda y en Jes\u00fas. El grito del pueblo de Israel ha encontrado eco en el coraz\u00f3n de Dios. El tiempo se ha cumplido y Dios Padre va a enviar a\u2026","rel":"","context":"En \u00abHomil\u00edas y reflexiones, A\u00f1o B\u00bb","block_context":{"text":"Homil\u00edas y reflexiones, A\u00f1o B","link":"http:\/\/vincentians.com\/es\/category\/homilias-y-reflexiones-a-la-palabra-de-dios\/homilias-y-reflexiones-ano-b\/"},"img":{"alt_text":"","src":"https:\/\/i0.wp.com\/vincentians.com\/es\/wp-content\/uploads\/sites\/11\/2016\/07\/reflexiones-palabra-de-dios.jpg?fit=1200%2C630&resize=350%2C200","width":350,"height":200,"srcset":"https:\/\/i0.wp.com\/vincentians.com\/es\/wp-content\/uploads\/sites\/11\/2016\/07\/reflexiones-palabra-de-dios.jpg?fit=1200%2C630&resize=350%2C200 1x, https:\/\/i0.wp.com\/vincentians.com\/es\/wp-content\/uploads\/sites\/11\/2016\/07\/reflexiones-palabra-de-dios.jpg?fit=1200%2C630&resize=525%2C300 1.5x, https:\/\/i0.wp.com\/vincentians.com\/es\/wp-content\/uploads\/sites\/11\/2016\/07\/reflexiones-palabra-de-dios.jpg?fit=1200%2C630&resize=700%2C400 2x, https:\/\/i0.wp.com\/vincentians.com\/es\/wp-content\/uploads\/sites\/11\/2016\/07\/reflexiones-palabra-de-dios.jpg?fit=1200%2C630&resize=1050%2C600 3x"},"classes":[]},{"id":135836,"url":"http:\/\/vincentians.com\/es\/cuarto-domingo-de-adviento-reflexion-de-jose-roman-flecha\/","url_meta":{"origin":128,"position":2},"title":"Cuarto Domingo de Adviento (reflexi\u00f3n de Jos\u00e9 Rom\u00e1n Flecha)","author":"Francisco Javier Fern\u00e1ndez Chento","date":"17\/12\/2012","format":false,"excerpt":"ENCUENTRO Y PROFEC\u00cdA Domingo 4\u00ba de Adviento. C 23 de diciembre de 2012 A Bel\u00e9n hab\u00eda llegado Ruth en el tiempo en que se segaba la cebada. Con la llegada de aquella extranjera se preparaba un futuro glorioso. De su familia hab\u00eda de nacer el rey David. Pero el profeta\u2026","rel":"","context":"En \u00abHomil\u00edas y reflexiones, A\u00f1o C\u00bb","block_context":{"text":"Homil\u00edas y reflexiones, A\u00f1o C","link":"http:\/\/vincentians.com\/es\/category\/homilias-y-reflexiones-a-la-palabra-de-dios\/homilias-y-reflexiones-ano-c\/"},"img":{"alt_text":"","src":"https:\/\/i0.wp.com\/vincentians.com\/es\/wp-content\/uploads\/sites\/11\/2016\/07\/reflexiones-palabra-de-dios.jpg?fit=1200%2C630&resize=350%2C200","width":350,"height":200,"srcset":"https:\/\/i0.wp.com\/vincentians.com\/es\/wp-content\/uploads\/sites\/11\/2016\/07\/reflexiones-palabra-de-dios.jpg?fit=1200%2C630&resize=350%2C200 1x, https:\/\/i0.wp.com\/vincentians.com\/es\/wp-content\/uploads\/sites\/11\/2016\/07\/reflexiones-palabra-de-dios.jpg?fit=1200%2C630&resize=525%2C300 1.5x, https:\/\/i0.wp.com\/vincentians.com\/es\/wp-content\/uploads\/sites\/11\/2016\/07\/reflexiones-palabra-de-dios.jpg?fit=1200%2C630&resize=700%2C400 2x, https:\/\/i0.wp.com\/vincentians.com\/es\/wp-content\/uploads\/sites\/11\/2016\/07\/reflexiones-palabra-de-dios.jpg?fit=1200%2C630&resize=1050%2C600 3x"},"classes":[]},{"id":132368,"url":"http:\/\/vincentians.com\/es\/ciclo-b-domingo-4%c2%ba-de-adviento-reflexion-de-jose-roman-flecha\/","url_meta":{"origin":128,"position":3},"title":"Ciclo B, Domingo 4\u00ba de Adviento (reflexi\u00f3n de Jos\u00e9 Rom\u00e1n Flecha)","author":"Francisco Javier Fern\u00e1ndez Chento","date":"16\/12\/2011","format":false,"excerpt":"DIOS LE DAR\u00c1 EL TRONO DE DAVID Domingo 4\u00ba de Adviento. B 18 de diciembre de 2011 La figura de David es como un diamante con muchas facetas. En la primera lectura que hoy se proclama, aparece como un rey profundamente religioso y preocupado por el culto.\u00a0 Llama al profeta\u2026","rel":"","context":"En \u00abHomil\u00edas y reflexiones, A\u00f1o B\u00bb","block_context":{"text":"Homil\u00edas y reflexiones, A\u00f1o B","link":"http:\/\/vincentians.com\/es\/category\/homilias-y-reflexiones-a-la-palabra-de-dios\/homilias-y-reflexiones-ano-b\/"},"img":{"alt_text":"","src":"https:\/\/i0.wp.com\/vincentians.com\/es\/wp-content\/uploads\/sites\/11\/2016\/07\/reflexiones-palabra-de-dios.jpg?fit=1200%2C630&resize=350%2C200","width":350,"height":200,"srcset":"https:\/\/i0.wp.com\/vincentians.com\/es\/wp-content\/uploads\/sites\/11\/2016\/07\/reflexiones-palabra-de-dios.jpg?fit=1200%2C630&resize=350%2C200 1x, https:\/\/i0.wp.com\/vincentians.com\/es\/wp-content\/uploads\/sites\/11\/2016\/07\/reflexiones-palabra-de-dios.jpg?fit=1200%2C630&resize=525%2C300 1.5x, https:\/\/i0.wp.com\/vincentians.com\/es\/wp-content\/uploads\/sites\/11\/2016\/07\/reflexiones-palabra-de-dios.jpg?fit=1200%2C630&resize=700%2C400 2x, https:\/\/i0.wp.com\/vincentians.com\/es\/wp-content\/uploads\/sites\/11\/2016\/07\/reflexiones-palabra-de-dios.jpg?fit=1200%2C630&resize=1050%2C600 3x"},"classes":[]},{"id":153770,"url":"http:\/\/vincentians.com\/es\/ciclo-a-domingo-3%c2%ba-de-adviento-reflexion-de-miguel-flamarique-valerdi\/","url_meta":{"origin":128,"position":4},"title":"Ciclo A, Domingo 3\u00ba de Adviento (reflexi\u00f3n de Miguel Flamarique Valerdi)","author":"Francisco Javier Fern\u00e1ndez Chento","date":"11\/12\/2010","format":false,"excerpt":"\"\u00bfEres t\u00fa el que ha de venir, o hemos de esperar a otro? Con psicosis mesi\u00e1nica en aquellos d\u00edas de Israel, era necesario el discernimiento. El mismo Juan suscitaba sospechas sobre si era o no era el Mes\u00edas. Y por el Libro de los Hechos sabemos de un tal Teudas,\u2026","rel":"","context":"En \u00abHomil\u00edas y reflexiones, A\u00f1o A\u00bb","block_context":{"text":"Homil\u00edas y reflexiones, A\u00f1o A","link":"http:\/\/vincentians.com\/es\/category\/homilias-y-reflexiones-a-la-palabra-de-dios\/homilias-y-reflexiones-ano-a\/"},"img":{"alt_text":"","src":"","width":0,"height":0},"classes":[]},{"id":132359,"url":"http:\/\/vincentians.com\/es\/domingo-2o-de-adviento-reflexion-de-jose-cervantes-gabarron-3\/","url_meta":{"origin":128,"position":5},"title":"Domingo 2\u00ba de Adviento (reflexi\u00f3n de Jos\u00e9 Cervantes Gabarr\u00f3n)","author":"Francisco Javier Fern\u00e1ndez Chento","date":"04\/12\/2011","format":false,"excerpt":"La palabra de la esperanza Con la presentaci\u00f3n de Isa\u00edas y de Juan Bautista este domingo de Adviento proclama la esperanza mesi\u00e1nica cristiana haciendo una llamada a la conversi\u00f3n y transmitiendo un impulso espiritual orientado a apresurar el d\u00eda de un cielo nuevo y una tierra nueva en los que\u2026","rel":"","context":"En \u00abHomil\u00edas y reflexiones, A\u00f1o B\u00bb","block_context":{"text":"Homil\u00edas y reflexiones, A\u00f1o B","link":"http:\/\/vincentians.com\/es\/category\/homilias-y-reflexiones-a-la-palabra-de-dios\/homilias-y-reflexiones-ano-b\/"},"img":{"alt_text":"","src":"https:\/\/i0.wp.com\/vincentians.com\/es\/wp-content\/uploads\/sites\/11\/2016\/07\/reflexiones-palabra-de-dios.jpg?fit=1200%2C630&resize=350%2C200","width":350,"height":200,"srcset":"https:\/\/i0.wp.com\/vincentians.com\/es\/wp-content\/uploads\/sites\/11\/2016\/07\/reflexiones-palabra-de-dios.jpg?fit=1200%2C630&resize=350%2C200 1x, https:\/\/i0.wp.com\/vincentians.com\/es\/wp-content\/uploads\/sites\/11\/2016\/07\/reflexiones-palabra-de-dios.jpg?fit=1200%2C630&resize=525%2C300 1.5x, https:\/\/i0.wp.com\/vincentians.com\/es\/wp-content\/uploads\/sites\/11\/2016\/07\/reflexiones-palabra-de-dios.jpg?fit=1200%2C630&resize=700%2C400 2x, https:\/\/i0.wp.com\/vincentians.com\/es\/wp-content\/uploads\/sites\/11\/2016\/07\/reflexiones-palabra-de-dios.jpg?fit=1200%2C630&resize=1050%2C600 3x"},"classes":[]}],"_links":{"self":[{"href":"http:\/\/vincentians.com\/es\/wp-json\/wp\/v2\/posts\/128","targetHints":{"allow":["GET"]}}],"collection":[{"href":"http:\/\/vincentians.com\/es\/wp-json\/wp\/v2\/posts"}],"about":[{"href":"http:\/\/vincentians.com\/es\/wp-json\/wp\/v2\/types\/post"}],"author":[{"embeddable":true,"href":"http:\/\/vincentians.com\/es\/wp-json\/wp\/v2\/users\/4"}],"replies":[{"embeddable":true,"href":"http:\/\/vincentians.com\/es\/wp-json\/wp\/v2\/comments?post=128"}],"version-history":[{"count":0,"href":"http:\/\/vincentians.com\/es\/wp-json\/wp\/v2\/posts\/128\/revisions"}],"wp:featuredmedia":[{"embeddable":true,"href":"http:\/\/vincentians.com\/es\/wp-json\/wp\/v2\/media\/388408"}],"wp:attachment":[{"href":"http:\/\/vincentians.com\/es\/wp-json\/wp\/v2\/media?parent=128"}],"wp:term":[{"taxonomy":"category","embeddable":true,"href":"http:\/\/vincentians.com\/es\/wp-json\/wp\/v2\/categories?post=128"},{"taxonomy":"post_tag","embeddable":true,"href":"http:\/\/vincentians.com\/es\/wp-json\/wp\/v2\/tags?post=128"}],"curies":[{"name":"wp","href":"https:\/\/api.w.org\/{rel}","templated":true}]}}