{"id":127664,"date":"2024-05-29T08:49:12","date_gmt":"2024-05-29T06:49:12","guid":{"rendered":"http:\/\/somos.vicencianos.org\/?p=127664"},"modified":"2023-08-20T13:26:34","modified_gmt":"2023-08-20T11:26:34","slug":"el-senor-portal-y-los-suyos-1855-1926-04","status":"publish","type":"post","link":"http:\/\/vincentians.com\/es\/el-senor-portal-y-los-suyos-1855-1926-04\/","title":{"rendered":"El Se\u00f1or Portal y los suyos (1855-1926) (04)"},"content":{"rendered":"<h2>Primera parte: En la \u00f3rbita de Le\u00f3n XIII.<\/h2>\n<h2>Cap\u00edtulo I: El encuentro<\/h2>\n<h3>Donde el Se\u00f1or Portal reacciona como el cardenal Wiseman<\/h3>\n<p>Diciembre de 1889: Lord Halifax se entera de que su hijo mayor, Charles, sufre de tuberculosis y debe pasar el invierno en un pa\u00eds c\u00e1lido, en Madera por ejemplo. Dos de sus hijos se han muerto ya de tisis, Henri Paul en 1886, Francis en marzo de 1889. Proceso lo deja todo, sus asuntos, la E.C.U., el proceso Lincoln. El 26 de diciembre, desembarca en Funchal con toda su tribu.<\/p>\n<p>Setiembre de 1889, Fernand Portal predica unos ejercicios en Granada, en un orfanato dirigido por hermanas de la caridad. Las hu\u00e9rfanas, gentiles Andaluzas, le festejan con una danza, con canto compuesto en su honor, casta\u00f1uelas y zambomba. Despu\u00e9s de una vuelta por M\u00e1laga, se vuelve a Lisboa, donde le espera la orden de ir inmediatamente a Funchal y all\u00ed encargarse de la direcci\u00f3n del servicio religioso del hospicio Maria Amelia. Uno de los capellanes est\u00e1 enfermo, el otro no puede dar abasto. Una vez all\u00ed, Portal se queda pronto sin trabajo, el enfermo a quien viene a sustituir se recupera al cabo de un mes. Se aburre, cuando se entera de que el hospicio va a recibir la visita de un noble ingl\u00e9s, pero que se interesa por la obra. Alguien que va a romper con la monoton\u00eda de los d\u00edas.<\/p>\n<p>La visita fue larga y detallada. Se termin\u00f3 con una invitaci\u00f3n: el Ingl\u00e9s pregunt\u00f3 a su gu\u00eda si quisiera hablar con \u00e9l de cuestiones religiosas. Halifax no ten\u00eda ganas de discutir de teolog\u00eda en torno a una taza de caf\u00e9. Buscaba a un compa\u00f1ero de paseo. Como \u00e9l, Portal estaba libre de trabajo; Como Charles, \u00e9l estaba tuberculoso; como Doussot, era joven y era franc\u00e9s; adem\u00e1s era lazarista, y Halifax, cofundador de una comunidad religiosa se interesaba por la familia del Se\u00f1or Vicente. Pero todo eso no habr\u00eda sido suficiente para retenerlo, si Portal no se hubiera mostrado lleno de buen humor, con una risa extra\u00f1a pero contagiosa. Halifax apreciaba m\u00e1s que nunca a los buenos compa\u00f1eros que ayudan a reaccionar; se mostr\u00f3 encantado de que se aceptara tan pronto su invitaci\u00f3n, si bien le entraban dudas sobre si esta buena gracia no ten\u00eda segundas intenciones. Y es verdad que Portal no pens\u00f3 en un principio m\u00e1s que en salvar un alma.<\/p>\n<p style=\"padding-left: 30px\">Como sacerdote, yo deb\u00eda experimentar como es natural la esperanza de convertir a este anglicano que ven\u00eda voluntariamente a hablar de asuntos religiosos.<\/p>\n<p>Prudente, pidi\u00f3 parecer a Mons. Barreto, obispo de la isla, que consinti\u00f3 en animarlo y bendecir el plan. Al comienzo de una tarde de enero, Lord Halifax vino a buscarle a la casa de los capellanes.<\/p>\n<p style=\"padding-left: 30px\">En toda mi vida me olvidar\u00e9 [escribe Portal cinco a\u00f1os despu\u00e9s] de este primer paseo que dimos juntos por el Caminho Novo, siempre por las orillas del mar, siguiendo un sendero caprichoso.<\/p>\n<p>Hab\u00eda, en efecto, con qu\u00e9 turbar a un pescador de almas. El hereje estaba dotado no s\u00f3lo de s\u00f3lidas cualidades humanas, sino tambi\u00e9n de aquellas virtudes que hacen a los grandes misioneros, a los Clet, los Perboyre, los Jacobis. Aquel laico anglicano ten\u00eda un alma de ap\u00f3stol\u00bb. Al momento, Portal reaccion\u00f3 como hab\u00eda reaccionado Wiseman al contacto del movimiento de Oxford. Se hab\u00eda interesado primero por Lord Halifax a causa de su \u00abtalante muy franc\u00e9s\u00bb, se apasion\u00f3 luego por su talante muy cat\u00f3lico, midiendo su valor cristiano por el modo como se conformaba al modelo romano o tend\u00eda a acercarse a \u00e9l.. Conserv\u00f3 el mismo criterio cuando trat\u00f3 de descubrir lo que era la Iglesia de Inglaterra. Se sumergi\u00f3 en la lectura del Libro de Oraci\u00f3n, el equivalente anglicano del breviario y del misal. S\u00f3lo que no era la edici\u00f3n oficial, escrita en un ingl\u00e9s majestuoso y grave, totalmente impregnada de poes\u00eda b\u00edblica, muy representativa del genio propio del anglicanismo, la que despert\u00f3 su inter\u00e9s, sino una traducci\u00f3n latina,<\/p>\n<p>Especie de monstruosidad anglocat\u00f3lica que permiti\u00f3 a Lord Halifax mostrarle sin gran trabajo \u00abque, con excepci\u00f3n de la dislocaci\u00f3n del canon, el servicio de comuni\u00f3n del Libro de Oraci\u00f3n anglicano era pr\u00e1cticamente id\u00e9ntico al ritual de la misa en el misal romano\u00bb.<\/p>\n<h3>Porque era \u00e9l, porque era yo<\/h3>\n<p>Mientras que Portal estaba encantado hasta el punto de renunciar a todo proselitismo, Halifax segu\u00eda esperando un asalto intempestivo que se ver\u00eda obligado a frenar bruscamente. Esta espera congelaba las relaciones, no las dejaba pasar a mayor intimidad. Al cuarto encuentro, estando acompa\u00f1ado Halifax de su hijo menor Eduardo, futuro ministro de Asuntos exteriores, Portal hizo una propuesta que provoc\u00f3 una crisis liberadora:<\/p>\n<p style=\"padding-left: 30px\">Si quer\u00e9is, yo podr\u00eda dar lecciones de franc\u00e9s a vuestro hijo, lo que me permitir\u00eda al propio tiempo progresar en ingl\u00e9s.<br \/>\n\u2013Comprendido, vendr\u00e1 ma\u00f1ana.<\/p>\n<p>Al d\u00eda siguiente, Eduardo no vino. El abate fue volando a mostrar su extra\u00f1eza ante Halifax que le lanz\u00f3 a quema ropa:<\/p>\n<p style=\"padding-left: 30px\">\u2022Ser\u00eda una buena ocasi\u00f3n para convertirle&#8230;<\/p>\n<p>Indignaci\u00f3n de Portal:<\/p>\n<p style=\"padding-left: 30px\">Me despreciar\u00eda a m\u00ed mismo si actuara de esa manera. No, hay que respetarlas conciencias.<\/p>\n<p>Al otro d\u00eda, Eduardo recib\u00eda su primera lecci\u00f3n de franc\u00e9s.<\/p>\n<p>Ahora ya se hab\u00eda establecido el contacto, el camino abierto para otras cosas.<\/p>\n<p style=\"padding-left: 30px\">Por lo menos una vez a la semana sal\u00edamos por el campo sin rumbo alguno. En charlas interminables, o m\u00e1s bien en verdaderas conversaciones, nuestras almas se abr\u00edan una a la otra para unirse estrechamente.<\/p>\n<p>Juntos, exploraron el monte que dominaba Funchal. Cada uno de ellos sinti\u00f3 pronto que estaba ligado al otro como nunca lo hab\u00eda estado con nadie de su pa\u00eds, de su mundo y de su edad. \u00abMe sent\u00ed atra\u00eddo por el abate [&#8230;]. Y \u00e9l por m\u00ed. Era \u00e9l, era yo\u00bb. M\u00e1s tarde, entendieron su amistad como una se\u00f1al, una llamada a trabajar juntos, un anuncio prof\u00e9tico y como un primer paso de la unidad. \u00abPor el momento, disfrut\u00e1bamos sin darle muchas vueltas del encanto de la regi\u00f3n y de la alegr\u00eda de vernos a menudo\u00bb.<\/p>\n<p>Esta situaci\u00f3n inesperada no fue del gusto de todos, y portal debi\u00f3 hacer frente a cohermanos perplejos: \u00bfqu\u00e9 hacer con un anglicano, sino es convertirlo? Hubo que dar razones.<\/p>\n<p style=\"padding-left: 30px\">Si, a pesar de los consejos en contra, continu\u00e9 relaciones que parec\u00edan a los dem\u00e1s sin objeto alguno, fue porque cre\u00ed que la conversi\u00f3n no es el \u00fanico bien que se ha de buscar. El acercamiento de las mentes, la desaparici\u00f3n de los prejuicios son tambi\u00e9n resultados apreciables, dignos de ser pretendidos por s\u00ed mismos.<\/p>\n<p>No se trataba a\u00fan, anota \u00e9l, m\u00e1s que [de] impresiones muy confusas, [de] una especie de presentimiento que nuestra amistad ser\u00eda duradera y que nos llevar\u00eda un d\u00eda a generalizar el fen\u00f3meno del acercamiento y de comprensi\u00f3n que se hab\u00eda producido entre nosotros.<\/p>\n<p>Se march\u00f3 de Madera lleno de perplejidad, obsesionado por el fen\u00f3meno Halifax,<\/p>\n<p>Convencido de que para bien de la Iglesia hab\u00eda algo que hacer con \u00e9l y por \u00e9l. Estas palabras \u00abhay algo que hacer\u00bb me acud\u00edan constantemente, pero qu\u00e9.<\/p>\n<h3>Donde el Se\u00f1or Portal se cae de Wiseman a Manning.<\/h3>\n<p>En mayo de 1890, Mons. Barreto parti\u00f3 para Roma a rendir cuantas al papa Le\u00f3n XIII del estado de su di\u00f3cesis. Necesitaba un secretario; escogi\u00f3 a Portal que estaba sin empleo y hablaba franc\u00e9s. Desde Funchal, antes de embarcarse, el lazarista dirigi\u00f3 a Lord Halifax una carta que da cuenta de su incertidumbre.<\/p>\n<p style=\"padding-left: 30px\">S\u00ed, rezar\u00e9 por vos, querido amigo, y otras almas m\u00e1s fervientes que yo rezar\u00e1n tambi\u00e9n. Os acord\u00e1is del hermoso sol del Curral das Freiras, de las nieblas que de pronto invadieron las monta\u00f1as y el Curral? Os acord\u00e1is c\u00f3mo un leve soplo despej\u00f3 las nieblas, y qu\u00e9 hermosos nos parecieron el sol y el paisaje?<\/p>\n<p>Este texto puede leerse en primer grado, como el relato de un paseo particularmente rico en el plano est\u00e9tico y humano; Halifax, en 1891, y Portal, en 1899, evocaron el Curral con una emoci\u00f3n que sugiere que fue quiz\u00e1s el lugar en que se dieron cuenta de que la amistad era compartida e iba a remodelar su vida. Pero en segundo grado, este texto resume bien esta simb\u00f3lica (la niebla de la herej\u00eda, el soplo del esp\u00edritu, el sol de la fe) que permit\u00eda a los emprendedores en conversiones trabajarlas almas sin violentarlas demasiado. Un mes m\u00e1s tarde, desde Roma, despu\u00e9s de visitar al Santo Padre y las bas\u00edlicas mayores, las catacumbas, la c\u00e1rcel mamertina, Portal cay\u00f3 de Wiseman a Manning y sali\u00f3 al asalto.<\/p>\n<p style=\"padding-left: 30px\">Me parece que Nuestro Se\u00f1or Jesucristo, que fue tan bueno y misericordioso con todos nosotros, pero en particular con vos, que os ha colmado de gracias, os llama para coronar el edificio. Creedme, en el momento en que os hall\u00e1is conviene cerrar los libros y seguir el instinto divino que os atrae. Sent\u00eds que en medio de vuestros hermanos no est\u00e1is en casa, sois de los nuestros por decirlo as\u00ed naturalmente.<\/p>\n<h3>\u00abLlamadas directas del Esp\u00edritu de Dios\u00bb<\/h3>\n<p>El bandazo fue corto y corregido al punto. Portal se arrepinti\u00f3 enseguida del intento y puso tanta sencillez en aceptar el fracaso como Lord Halifax en explicarle que se pod\u00eda servir a la verdad fuera de la Iglesia romana. Llegado a este punto, Doussot hab\u00eda roto; Portal mantuvo el contacto. Vagabundo durante todo un verano y un oto\u00f1o, entre Roma, N\u00e1poles y Florencia, en Par\u00eds, Lourdes y Laroque, en los conventos de Espa\u00f1a, se persuadi\u00f3 poco a poco de que el encuentro tenido en Madera, la irrupci\u00f3n de la amistad, el fracaso del proselitismo llevaban lo que describi\u00f3 en 1914 al abate Gratieux como llamadas directas del Esp\u00edritu de Dios, tan reales y obligatorias como la vocaci\u00f3n al sacerdocio o a la vida religiosa.<\/p>\n<p>Se entreg\u00f3 a la uni\u00f3n de las Iglesias como otros entran en un monasterio o parten a cuidar leprosos. Pensando que este tipo de experiencia no ten\u00eda nada de excepcional y que muchos sacerdotes recib\u00edan por llamadas parecidas una vocaci\u00f3n \u00abdeterminada, m\u00e1s o menos especial\u00bb, prosegu\u00eda \u00e9l:Debemos ser fieles a esta vocaci\u00f3n como a la otra, a toda nuestra vocaci\u00f3n, saber sufrir en ella y perseverar hasta el fin. Puedo bien predicaros esta doctrina, ya que hace veinte a\u00f1os que la he vivido. S\u00f3lo ella da la clave de mi vida.<\/p>\n<h3><b>La misi\u00f3n denegada<\/b><\/h3>\n<p>Comenz\u00f3 a conducirse como nunca lo hab\u00eda hecho sin duda, llegando hasta rechazar el puesto que le ofrec\u00edan sus superiores, y qu\u00e9 puesto: Quito, el Ecuador, la misi\u00f3n entierra india, todo con lo que hab\u00eda so\u00f1ado durante veinte a\u00f1os! Mientras escoltaba a Mons. Barreto, ten\u00eda lugar en Par\u00eds una asamblea de la Congregaci\u00f3n de la Misi\u00f3n para elegir al superior general. El superior general en ejercicio, el Se\u00f1or Fiat, atacado de sordera, vacilaba en presentarse, y la asamblea vacilaba en reelegirle. Antes de abandonar Roma, el 11 de julio de 1890, Portal fue recibido en audiencia privada por Le\u00f3n XIII; el papa expres\u00f3 el deseo que el Se\u00f1or Fiat fuera renovado en sus funciones. Promovido a gran elector, o poco menos, el joven lazarista parti\u00f3 al punto hacia Par\u00eds, donde de todas formas deb\u00eda presentarse para recibir el empleo de su vida despu\u00e9s del entreacto de Madera. Transmiti\u00f3 el mensaje pontificio; El Se\u00f1or Fiat fue reelegido. Invitado a formular un deseo, \u00e9l sugiri\u00f3 una c\u00e1tedra de teolog\u00eda en un seminario mayor del Mediod\u00eda de Francia (sobreentendido: Cahors). El Se\u00f1or Fiat respondi\u00f3 proponiendo Quito. Portal se neg\u00f3 en redondo. A la espera de una resoluci\u00f3n definitiva, le mandaron a predicar ejercicios en Espa\u00f1a. El 22 de noviembre de 1890, por carta en la que calificaba de providencial por primera vez la amistad nacida en Madera, anunci\u00f3 triunfalmente a Lord Halifax que regresaba a Cahors, bajo el buen cayado del Se\u00f1or M\u00e9out, quien le dejar\u00eda obrar con completa libertad. Cahors, lugar de destierro en 1882, era ahora lugar de elecci\u00f3n. Hasta entonces de hab\u00eda dejado destinar sin decir palabra; hab\u00eda hecho gala de un abandono completo, de una sumisi\u00f3n inerte a las \u00f3rdenes de sus superiores. Y ahora se revuelve, se emperra y va exactamente a donde quiere ir.<\/p>\n<h3><b>Cahors o m\u00e1s Madera <\/b><\/h3>\n<p>Su llegada rompi\u00f3 con la monoton\u00eda de los d\u00edas. Los seminaristas no daban cr\u00e9dito a sus ojos por el talante de este hombre tan joven que contrastaba entre sus cohermanos por la distinci\u00f3n de su porte. Parec\u00eda un secretario de obispado, hombre de mundo m\u00e1s que un lazarista de seminario mayor. Este aire especial atra\u00eda sobre \u00e9l nuestra atenci\u00f3n.<\/p>\n<p>Su actividad misteriosa mantuvo el rumor. Apenas instalado \u2013se ocup\u00f3 en primer lugar de la econom\u00eda, lo que le permit\u00eda tiempos libres -, volvi\u00f3 a sus estudios insaciables. Pero esta vez, no se orientaron en todas direcciones, se ordenaron en torno a un tema \u00fanico: la Iglesia anglicana. Como era de esperar, el Se\u00f1or M\u00e9out se interes\u00f3 en todo cuanto interesaba a Portal, en las \u00abcosas de Inglaterra, como dec\u00eda. Medio para trabajar unas facilidades que muchos no me habr\u00edan concedido\u00bb. Bien cubierto por ese lado, no concedi\u00f3 descanso a Lord Halifax, reclam\u00e1ndole continuamente libros, revistas, informes.<\/p>\n<p style=\"padding-left: 30px\">S\u00ed, querido amigo, vos hab\u00e9is desplazado mi centro de gravedad, y decididamente me siento muy inclinado hacia las cosas inglesas [&#8230;]. Ten\u00e9is mucho que hacer hasta completar mi educaci\u00f3n -\u00bfanglicana dir\u00eda yo? Ya me comprend\u00e9is.<\/p>\n<p>En esta \u00e9poca, Halifax perdi\u00f3 uno tras otro a Charles, el mayor, y a Liddon, su compa\u00f1ero, su confesor. Un amigo no se reemplaza; pero \u00e9ste asum\u00eda un papel que Portal se mostr\u00f3 capaz de sustituir. Con el paso de los meses, se hizo el cambio, estupendamente simbolizado en marzo de 1891 cuando el lazarista recibi\u00f3 los apuntes de Liddon para preparar sus lecciones y conferencias. Despu\u00e9s de ser Doussot, fue un poco Liddon, esa mezcla de hermano de armas y de director de conciencia. Mostr\u00f3 buen aspecto a partir del verano de 1891. En el mes de julio, Halifax desembarc\u00f3 en Roscoff con escaso s\u00e9quito; veintiuna personas en total, un c\u00edrculo de \u00edntimos, una soledad: su familia, la de Lady Beauchamp, la viuda de un amigo que acababa de morir, y s\u00f3lo lo necesario en cuanto a criadas para vestir a esas damas y cuidar a los ni\u00f1os. Como buen meridional, Portal se inquiet\u00f3: \u00ab\u00bfEs civilizada la gente de Roscoff?\u00bb Con la \u00abliberal autorizaci\u00f3n\u00bb de sus superiores, corri\u00f3 a verificarlo. Despu\u00e9s de Madera, fue la Breta\u00f1a, nuevas charlas, nuevos paseos en el curso de los cuales el lazarista explic\u00f3 que ya no bastaba s\u00f3lo con pensar en la uni\u00f3n de las Iglesias, que \u00e9l llamaba ahora \u00abnuestra causa\u00bb; hab\u00edan llegado los tiempos para una acci\u00f3n inmediata, concreta: una campa\u00f1a de informaci\u00f3n en la prensa cat\u00f3lica francesa.<\/p>\n<p>Encarg\u00f3 a su amigo una serie de art\u00edculos, le propuso temas, le fij\u00f3 un plazo, le encontr\u00f3 un editor (y en primer lugar la revista Le Correspondant). Para asegurarse mejor de que trabajar\u00eda, lleg\u00f3 hasta reorganizarle el empleo del tiempo. Siguiendo vuestro parecer, me he encerrado todos los d\u00edas hasta la una en mi casa\u00bb, le escribe en setiembre el humilde se\u00f1or que confesaba sin rodeos la \u00abfalta de m\u00e9todo\u00bb de sus jornadas. Pero \u00a1ay! a pesar de esta reforma, Halifax no hizo nada y Portal se puso a apremiarle. Todo in\u00fatil. El tiempo pasaba y Halifax no hac\u00eda nada. Desde la muerte de su hijo, de sus hijos, algo parec\u00eda haberse roto en \u00e9l. Se dispensaba de sus deberes de estado, de su tarea diaria de patr\u00f3n de la E.C.U. Pero le faltaban fuerzas para lanzarse a una empresa nueva. No pudo responder a las exhortaciones de Portal m\u00e1s que con un golpe de pecho: \u00abMea culpa, mea culpa, mea maxima culpa! La \u00fanica palabra que encuentro para vos es \u00e9sta: misericordia\u00bb. Y parti\u00f3 para Cahors.<\/p>\n<p>Durante cinco d\u00edas, vivi\u00f3 la vida del seminario y se acomod\u00f3 en todo a los profesores. Debidamente capitaneados por el Se\u00f1or M\u00e9out, \u00e9stos le trataron como a un colega de paso. Los alumnos tuvieron m\u00e1s dificultad para disimular su emoci\u00f3n.<\/p>\n<p style=\"padding-left: 30px\">Nuestro estupor fue grande al verlo, en el refectorio, al lado del Se\u00f1or Superior, escuchando como \u00e9l la lectura de los Monjes de Occidente de Montalembert. El seminarista que serv\u00eda a estos se\u00f1ores se confund\u00eda con las soperas y los platos. Pero mayor fue nuestro estupor todav\u00eda cuando le vimos en la capilla, en el sitial vecino al del Se\u00f1or Superior, seguir la misa con el misal \u2013evidentemente romano- ponerse de rodillas y hacer la se\u00f1al de la cruz.<\/p>\n<p>En recreo, los m\u00e1s atrevidos rodeaban a este fabuloso que los encantaba con sus an\u00e9cdotas aderezadas de anglicismos. Todo encantaba a Halifax, desde la peque\u00f1a habitaci\u00f3n banalmente austera a las alubias y lentejas del ordinario, pasando por las migas de pan en las que hab\u00eda que poner sumo cuidado para que nada se perdiera. Sobre todo, hubo largas charlas en el jard\u00edn. Entonces fue cuando Portal le explic\u00f3 su nuevo proyecto: sin renunciar a la campa\u00f1a de informaci\u00f3n decidida en Roscoff, todo estaba por hacer, y hab\u00eda que hacerlo inmediatamente, para que se reunieran despu\u00e9s de tres siglos de ruptura las jerarqu\u00edas anglicana y cat\u00f3lica. Era el contacto director, y el contacto en la cumbre, lo que hab\u00eda que esforzarse en provocar antes de nada. Y para ello, un medio: relanzar el debate sobre las ordenaciones anglicanas.<\/p>\n","protected":false},"excerpt":{"rendered":"<p>Primera parte: En la \u00f3rbita de Le\u00f3n XIII. Cap\u00edtulo I: El encuentro Donde el Se\u00f1or Portal reacciona como el cardenal Wiseman Diciembre de 1889: Lord Halifax se entera de que su hijo mayor, Charles, sufre &#8230; <a href=\"http:\/\/vincentians.com\/es\/el-senor-portal-y-los-suyos-1855-1926-04\/\" class=\"more-link\">Read More<\/a><\/p>\n","protected":false},"author":5,"featured_media":404113,"comment_status":"open","ping_status":"open","sticky":false,"template":"","format":"standard","meta":{"jetpack_post_was_ever_published":false,"_jetpack_newsletter_access":"","_jetpack_dont_email_post_to_subs":false,"_jetpack_newsletter_tier_id":0,"_jetpack_memberships_contains_paywalled_content":false,"_jetpack_memberships_contains_paid_content":false,"footnotes":"","jetpack_publicize_message":"","jetpack_publicize_feature_enabled":true,"jetpack_social_post_already_shared":true,"jetpack_social_options":{"image_generator_settings":{"template":"highway","default_image_id":0,"font":"","enabled":false},"version":2}},"categories":[214],"tags":[196],"class_list":["post-127664","post","type-post","status-publish","format-standard","has-post-thumbnail","hentry","category-historia-de-la-congregacion-de-la-mision","tag-perboyre"],"yoast_head":"<!-- This site is optimized with the Yoast SEO plugin v26.3 - https:\/\/yoast.com\/wordpress\/plugins\/seo\/ -->\n<title>El Se\u00f1or Portal y los suyos (1855-1926) (04) - Somos Vicencianos<\/title>\n<meta name=\"robots\" content=\"index, follow, max-snippet:-1, max-image-preview:large, max-video-preview:-1\" \/>\n<link rel=\"canonical\" href=\"http:\/\/vincentians.com\/es\/el-senor-portal-y-los-suyos-1855-1926-04\/\" \/>\n<meta property=\"og:locale\" content=\"es_ES\" \/>\n<meta property=\"og:type\" content=\"article\" \/>\n<meta property=\"og:title\" content=\"El Se\u00f1or Portal y los suyos (1855-1926) (04) - Somos Vicencianos\" \/>\n<meta property=\"og:description\" content=\"Primera parte: En la \u00f3rbita de Le\u00f3n XIII. Cap\u00edtulo I: El encuentro Donde el Se\u00f1or Portal reacciona como el cardenal Wiseman Diciembre de 1889: Lord Halifax se entera de que su hijo mayor, Charles, sufre ... Read More\" \/>\n<meta property=\"og:url\" content=\"http:\/\/vincentians.com\/es\/el-senor-portal-y-los-suyos-1855-1926-04\/\" \/>\n<meta property=\"og:site_name\" content=\"Somos Vicencianos\" \/>\n<meta property=\"article:publisher\" content=\"https:\/\/www.facebook.com\/WeAreVincentians\/\" \/>\n<meta property=\"article:published_time\" content=\"2024-05-29T06:49:12+00:00\" \/>\n<meta property=\"og:image\" content=\"https:\/\/i0.wp.com\/vincentians.com\/es\/wp-content\/uploads\/sites\/11\/2013\/04\/f-6-scaled.jpg?fit=2560%2C1216\" \/>\n\t<meta property=\"og:image:width\" content=\"2560\" \/>\n\t<meta property=\"og:image:height\" content=\"1216\" \/>\n\t<meta property=\"og:image:type\" content=\"image\/jpeg\" \/>\n<meta name=\"author\" content=\"Mitxel Olabu\u00e9naga\" \/>\n<meta name=\"twitter:card\" content=\"summary_large_image\" \/>\n<meta name=\"twitter:creator\" content=\"@WeVincentians\" \/>\n<meta name=\"twitter:site\" content=\"@WeVincentians\" \/>\n<meta name=\"twitter:label1\" content=\"Escrito por\" \/>\n\t<meta name=\"twitter:data1\" content=\"Mitxel Olabu\u00e9naga\" \/>\n\t<meta name=\"twitter:label2\" content=\"Tiempo de lectura\" \/>\n\t<meta name=\"twitter:data2\" content=\"14 minutos\" \/>\n<script type=\"application\/ld+json\" class=\"yoast-schema-graph\">{\"@context\":\"https:\/\/schema.org\",\"@graph\":[{\"@type\":\"Article\",\"@id\":\"http:\/\/vincentians.com\/es\/el-senor-portal-y-los-suyos-1855-1926-04\/#article\",\"isPartOf\":{\"@id\":\"http:\/\/vincentians.com\/es\/el-senor-portal-y-los-suyos-1855-1926-04\/\"},\"author\":{\"name\":\"Mitxel Olabu\u00e9naga\",\"@id\":\"http:\/\/vincentians.com\/es\/#\/schema\/person\/7c2670b4445a7ca9d164ea6acdb31859\"},\"headline\":\"El Se\u00f1or Portal y los suyos (1855-1926) (04)\",\"datePublished\":\"2024-05-29T06:49:12+00:00\",\"mainEntityOfPage\":{\"@id\":\"http:\/\/vincentians.com\/es\/el-senor-portal-y-los-suyos-1855-1926-04\/\"},\"wordCount\":3099,\"commentCount\":0,\"publisher\":{\"@id\":\"http:\/\/vincentians.com\/es\/#organization\"},\"image\":{\"@id\":\"http:\/\/vincentians.com\/es\/el-senor-portal-y-los-suyos-1855-1926-04\/#primaryimage\"},\"thumbnailUrl\":\"https:\/\/i0.wp.com\/vincentians.com\/es\/wp-content\/uploads\/sites\/11\/2013\/04\/f-6-scaled.jpg?fit=2560%2C1216\",\"keywords\":[\"Perboyre\"],\"articleSection\":[\"Historia de la Congregaci\u00f3n de la Misi\u00f3n\"],\"inLanguage\":\"es\",\"potentialAction\":[{\"@type\":\"CommentAction\",\"name\":\"Comment\",\"target\":[\"http:\/\/vincentians.com\/es\/el-senor-portal-y-los-suyos-1855-1926-04\/#respond\"]}]},{\"@type\":\"WebPage\",\"@id\":\"http:\/\/vincentians.com\/es\/el-senor-portal-y-los-suyos-1855-1926-04\/\",\"url\":\"http:\/\/vincentians.com\/es\/el-senor-portal-y-los-suyos-1855-1926-04\/\",\"name\":\"El Se\u00f1or Portal y los suyos (1855-1926) (04) - Somos Vicencianos\",\"isPartOf\":{\"@id\":\"http:\/\/vincentians.com\/es\/#website\"},\"primaryImageOfPage\":{\"@id\":\"http:\/\/vincentians.com\/es\/el-senor-portal-y-los-suyos-1855-1926-04\/#primaryimage\"},\"image\":{\"@id\":\"http:\/\/vincentians.com\/es\/el-senor-portal-y-los-suyos-1855-1926-04\/#primaryimage\"},\"thumbnailUrl\":\"https:\/\/i0.wp.com\/vincentians.com\/es\/wp-content\/uploads\/sites\/11\/2013\/04\/f-6-scaled.jpg?fit=2560%2C1216\",\"datePublished\":\"2024-05-29T06:49:12+00:00\",\"breadcrumb\":{\"@id\":\"http:\/\/vincentians.com\/es\/el-senor-portal-y-los-suyos-1855-1926-04\/#breadcrumb\"},\"inLanguage\":\"es\",\"potentialAction\":[{\"@type\":\"ReadAction\",\"target\":[\"http:\/\/vincentians.com\/es\/el-senor-portal-y-los-suyos-1855-1926-04\/\"]}]},{\"@type\":\"ImageObject\",\"inLanguage\":\"es\",\"@id\":\"http:\/\/vincentians.com\/es\/el-senor-portal-y-los-suyos-1855-1926-04\/#primaryimage\",\"url\":\"https:\/\/i0.wp.com\/vincentians.com\/es\/wp-content\/uploads\/sites\/11\/2013\/04\/f-6-scaled.jpg?fit=2560%2C1216\",\"contentUrl\":\"https:\/\/i0.wp.com\/vincentians.com\/es\/wp-content\/uploads\/sites\/11\/2013\/04\/f-6-scaled.jpg?fit=2560%2C1216\",\"width\":2560,\"height\":1216},{\"@type\":\"BreadcrumbList\",\"@id\":\"http:\/\/vincentians.com\/es\/el-senor-portal-y-los-suyos-1855-1926-04\/#breadcrumb\",\"itemListElement\":[{\"@type\":\"ListItem\",\"position\":1,\"name\":\"Portada\",\"item\":\"http:\/\/vincentians.com\/es\/\"},{\"@type\":\"ListItem\",\"position\":2,\"name\":\"El Se\u00f1or Portal y los suyos (1855-1926) (04)\"}]},{\"@type\":\"WebSite\",\"@id\":\"http:\/\/vincentians.com\/es\/#website\",\"url\":\"http:\/\/vincentians.com\/es\/\",\"name\":\"Somos Vicencianos\",\"description\":\"Know more to serve more\",\"publisher\":{\"@id\":\"http:\/\/vincentians.com\/es\/#organization\"},\"potentialAction\":[{\"@type\":\"SearchAction\",\"target\":{\"@type\":\"EntryPoint\",\"urlTemplate\":\"http:\/\/vincentians.com\/es\/?s={search_term_string}\"},\"query-input\":{\"@type\":\"PropertyValueSpecification\",\"valueRequired\":true,\"valueName\":\"search_term_string\"}}],\"inLanguage\":\"es\"},{\"@type\":\"Organization\",\"@id\":\"http:\/\/vincentians.com\/es\/#organization\",\"name\":\"The Vincentian Network\",\"url\":\"http:\/\/vincentians.com\/es\/\",\"logo\":{\"@type\":\"ImageObject\",\"inLanguage\":\"es\",\"@id\":\"http:\/\/vincentians.com\/es\/#\/schema\/logo\/image\/\",\"url\":\"https:\/\/i1.wp.com\/vincentians.com\/es\/wp-content\/uploads\/sites\/11\/2016\/06\/Vincentian-Network-logo-big.png?fit=778%2C778\",\"contentUrl\":\"https:\/\/i1.wp.com\/vincentians.com\/es\/wp-content\/uploads\/sites\/11\/2016\/06\/Vincentian-Network-logo-big.png?fit=778%2C778\",\"width\":778,\"height\":778,\"caption\":\"The Vincentian Network\"},\"image\":{\"@id\":\"http:\/\/vincentians.com\/es\/#\/schema\/logo\/image\/\"},\"sameAs\":[\"https:\/\/www.facebook.com\/WeAreVincentians\/\",\"https:\/\/x.com\/WeVincentians\"]},{\"@type\":\"Person\",\"@id\":\"http:\/\/vincentians.com\/es\/#\/schema\/person\/7c2670b4445a7ca9d164ea6acdb31859\",\"name\":\"Mitxel Olabu\u00e9naga\",\"image\":{\"@type\":\"ImageObject\",\"inLanguage\":\"es\",\"@id\":\"http:\/\/vincentians.com\/es\/#\/schema\/person\/image\/\",\"url\":\"https:\/\/secure.gravatar.com\/avatar\/34137ec2e2b8939cbbed975731e71f3f4f1defc7266ded337a5ce0f925426877?s=96&d=mm&r=g\",\"contentUrl\":\"https:\/\/secure.gravatar.com\/avatar\/34137ec2e2b8939cbbed975731e71f3f4f1defc7266ded337a5ce0f925426877?s=96&d=mm&r=g\",\"caption\":\"Mitxel Olabu\u00e9naga\"},\"url\":\"http:\/\/vincentians.com\/es\/author\/mitxel\/\"}]}<\/script>\n<!-- \/ Yoast SEO plugin. -->","yoast_head_json":{"title":"El Se\u00f1or Portal y los suyos (1855-1926) (04) - Somos Vicencianos","robots":{"index":"index","follow":"follow","max-snippet":"max-snippet:-1","max-image-preview":"max-image-preview:large","max-video-preview":"max-video-preview:-1"},"canonical":"http:\/\/vincentians.com\/es\/el-senor-portal-y-los-suyos-1855-1926-04\/","og_locale":"es_ES","og_type":"article","og_title":"El Se\u00f1or Portal y los suyos (1855-1926) (04) - Somos Vicencianos","og_description":"Primera parte: En la \u00f3rbita de Le\u00f3n XIII. Cap\u00edtulo I: El encuentro Donde el Se\u00f1or Portal reacciona como el cardenal Wiseman Diciembre de 1889: Lord Halifax se entera de que su hijo mayor, Charles, sufre ... Read More","og_url":"http:\/\/vincentians.com\/es\/el-senor-portal-y-los-suyos-1855-1926-04\/","og_site_name":"Somos Vicencianos","article_publisher":"https:\/\/www.facebook.com\/WeAreVincentians\/","article_published_time":"2024-05-29T06:49:12+00:00","og_image":[{"width":2560,"height":1216,"url":"https:\/\/i0.wp.com\/vincentians.com\/es\/wp-content\/uploads\/sites\/11\/2013\/04\/f-6-scaled.jpg?fit=2560%2C1216","type":"image\/jpeg"}],"author":"Mitxel Olabu\u00e9naga","twitter_card":"summary_large_image","twitter_creator":"@WeVincentians","twitter_site":"@WeVincentians","twitter_misc":{"Escrito por":"Mitxel Olabu\u00e9naga","Tiempo de lectura":"14 minutos"},"schema":{"@context":"https:\/\/schema.org","@graph":[{"@type":"Article","@id":"http:\/\/vincentians.com\/es\/el-senor-portal-y-los-suyos-1855-1926-04\/#article","isPartOf":{"@id":"http:\/\/vincentians.com\/es\/el-senor-portal-y-los-suyos-1855-1926-04\/"},"author":{"name":"Mitxel Olabu\u00e9naga","@id":"http:\/\/vincentians.com\/es\/#\/schema\/person\/7c2670b4445a7ca9d164ea6acdb31859"},"headline":"El Se\u00f1or Portal y los suyos (1855-1926) (04)","datePublished":"2024-05-29T06:49:12+00:00","mainEntityOfPage":{"@id":"http:\/\/vincentians.com\/es\/el-senor-portal-y-los-suyos-1855-1926-04\/"},"wordCount":3099,"commentCount":0,"publisher":{"@id":"http:\/\/vincentians.com\/es\/#organization"},"image":{"@id":"http:\/\/vincentians.com\/es\/el-senor-portal-y-los-suyos-1855-1926-04\/#primaryimage"},"thumbnailUrl":"https:\/\/i0.wp.com\/vincentians.com\/es\/wp-content\/uploads\/sites\/11\/2013\/04\/f-6-scaled.jpg?fit=2560%2C1216","keywords":["Perboyre"],"articleSection":["Historia de la Congregaci\u00f3n de la Misi\u00f3n"],"inLanguage":"es","potentialAction":[{"@type":"CommentAction","name":"Comment","target":["http:\/\/vincentians.com\/es\/el-senor-portal-y-los-suyos-1855-1926-04\/#respond"]}]},{"@type":"WebPage","@id":"http:\/\/vincentians.com\/es\/el-senor-portal-y-los-suyos-1855-1926-04\/","url":"http:\/\/vincentians.com\/es\/el-senor-portal-y-los-suyos-1855-1926-04\/","name":"El Se\u00f1or Portal y los suyos (1855-1926) (04) - Somos Vicencianos","isPartOf":{"@id":"http:\/\/vincentians.com\/es\/#website"},"primaryImageOfPage":{"@id":"http:\/\/vincentians.com\/es\/el-senor-portal-y-los-suyos-1855-1926-04\/#primaryimage"},"image":{"@id":"http:\/\/vincentians.com\/es\/el-senor-portal-y-los-suyos-1855-1926-04\/#primaryimage"},"thumbnailUrl":"https:\/\/i0.wp.com\/vincentians.com\/es\/wp-content\/uploads\/sites\/11\/2013\/04\/f-6-scaled.jpg?fit=2560%2C1216","datePublished":"2024-05-29T06:49:12+00:00","breadcrumb":{"@id":"http:\/\/vincentians.com\/es\/el-senor-portal-y-los-suyos-1855-1926-04\/#breadcrumb"},"inLanguage":"es","potentialAction":[{"@type":"ReadAction","target":["http:\/\/vincentians.com\/es\/el-senor-portal-y-los-suyos-1855-1926-04\/"]}]},{"@type":"ImageObject","inLanguage":"es","@id":"http:\/\/vincentians.com\/es\/el-senor-portal-y-los-suyos-1855-1926-04\/#primaryimage","url":"https:\/\/i0.wp.com\/vincentians.com\/es\/wp-content\/uploads\/sites\/11\/2013\/04\/f-6-scaled.jpg?fit=2560%2C1216","contentUrl":"https:\/\/i0.wp.com\/vincentians.com\/es\/wp-content\/uploads\/sites\/11\/2013\/04\/f-6-scaled.jpg?fit=2560%2C1216","width":2560,"height":1216},{"@type":"BreadcrumbList","@id":"http:\/\/vincentians.com\/es\/el-senor-portal-y-los-suyos-1855-1926-04\/#breadcrumb","itemListElement":[{"@type":"ListItem","position":1,"name":"Portada","item":"http:\/\/vincentians.com\/es\/"},{"@type":"ListItem","position":2,"name":"El Se\u00f1or Portal y los suyos (1855-1926) (04)"}]},{"@type":"WebSite","@id":"http:\/\/vincentians.com\/es\/#website","url":"http:\/\/vincentians.com\/es\/","name":"Somos Vicencianos","description":"Know more to serve more","publisher":{"@id":"http:\/\/vincentians.com\/es\/#organization"},"potentialAction":[{"@type":"SearchAction","target":{"@type":"EntryPoint","urlTemplate":"http:\/\/vincentians.com\/es\/?s={search_term_string}"},"query-input":{"@type":"PropertyValueSpecification","valueRequired":true,"valueName":"search_term_string"}}],"inLanguage":"es"},{"@type":"Organization","@id":"http:\/\/vincentians.com\/es\/#organization","name":"The Vincentian Network","url":"http:\/\/vincentians.com\/es\/","logo":{"@type":"ImageObject","inLanguage":"es","@id":"http:\/\/vincentians.com\/es\/#\/schema\/logo\/image\/","url":"https:\/\/i1.wp.com\/vincentians.com\/es\/wp-content\/uploads\/sites\/11\/2016\/06\/Vincentian-Network-logo-big.png?fit=778%2C778","contentUrl":"https:\/\/i1.wp.com\/vincentians.com\/es\/wp-content\/uploads\/sites\/11\/2016\/06\/Vincentian-Network-logo-big.png?fit=778%2C778","width":778,"height":778,"caption":"The Vincentian Network"},"image":{"@id":"http:\/\/vincentians.com\/es\/#\/schema\/logo\/image\/"},"sameAs":["https:\/\/www.facebook.com\/WeAreVincentians\/","https:\/\/x.com\/WeVincentians"]},{"@type":"Person","@id":"http:\/\/vincentians.com\/es\/#\/schema\/person\/7c2670b4445a7ca9d164ea6acdb31859","name":"Mitxel Olabu\u00e9naga","image":{"@type":"ImageObject","inLanguage":"es","@id":"http:\/\/vincentians.com\/es\/#\/schema\/person\/image\/","url":"https:\/\/secure.gravatar.com\/avatar\/34137ec2e2b8939cbbed975731e71f3f4f1defc7266ded337a5ce0f925426877?s=96&d=mm&r=g","contentUrl":"https:\/\/secure.gravatar.com\/avatar\/34137ec2e2b8939cbbed975731e71f3f4f1defc7266ded337a5ce0f925426877?s=96&d=mm&r=g","caption":"Mitxel Olabu\u00e9naga"},"url":"http:\/\/vincentians.com\/es\/author\/mitxel\/"}]}},"jetpack_publicize_connections":[],"jetpack_featured_media_url":"https:\/\/i0.wp.com\/vincentians.com\/es\/wp-content\/uploads\/sites\/11\/2013\/04\/f-6-scaled.jpg?fit=2560%2C1216","jetpack_sharing_enabled":true,"jetpack_shortlink":"https:\/\/wp.me\/p7ETMF-xd6","jetpack-related-posts":[{"id":118953,"url":"http:\/\/vincentians.com\/es\/historia-de-los-paules-en-cuba-capitulo-iv-c\/","url_meta":{"origin":127664,"position":0},"title":"Historia de los Pa\u00fales en Cuba (Cap\u00edtulo IV C)","author":"Mitxel Olabu\u00e9naga","date":"03\/01\/2022","format":false,"excerpt":"3. Fricciones de los Padres Pa\u00fales con el Obispo Manuel Santander Frutos. En el a\u00f1o 1886 el Obispo Ram\u00f3n Fern\u00e1ndez de Pi\u00e9rola se vio en la necesidad de partir para la Pen\u00ednsula por decisi\u00f3n del gobierno central. Fue sustituido por un nuevo prelado, el Dr. Manuel Santander y Frutos, quien\u2026","rel":"","context":"En \u00abHistoria de la Congregaci\u00f3n de la Misi\u00f3n\u00bb","block_context":{"text":"Historia de la Congregaci\u00f3n de la Misi\u00f3n","link":"http:\/\/vincentians.com\/es\/category\/historia-de-la-familia-vicenciana\/historia-de-la-congregacion-de-la-mision\/"},"img":{"alt_text":"","src":"https:\/\/i0.wp.com\/vincentians.com\/es\/wp-content\/uploads\/sites\/11\/2016\/10\/ranquines.jpg?fit=1200%2C630&resize=350%2C200","width":350,"height":200,"srcset":"https:\/\/i0.wp.com\/vincentians.com\/es\/wp-content\/uploads\/sites\/11\/2016\/10\/ranquines.jpg?fit=1200%2C630&resize=350%2C200 1x, https:\/\/i0.wp.com\/vincentians.com\/es\/wp-content\/uploads\/sites\/11\/2016\/10\/ranquines.jpg?fit=1200%2C630&resize=525%2C300 1.5x, https:\/\/i0.wp.com\/vincentians.com\/es\/wp-content\/uploads\/sites\/11\/2016\/10\/ranquines.jpg?fit=1200%2C630&resize=700%2C400 2x, https:\/\/i0.wp.com\/vincentians.com\/es\/wp-content\/uploads\/sites\/11\/2016\/10\/ranquines.jpg?fit=1200%2C630&resize=1050%2C600 3x"},"classes":[]},{"id":22459,"url":"http:\/\/vincentians.com\/es\/tal-dia-como-hoy-19-de-junio\/","url_meta":{"origin":127664,"position":1},"title":"Tal d\u00eda como hoy: 19 de junio","author":"Francisco Javier Fern\u00e1ndez Chento","date":"19\/06\/2017","format":false,"excerpt":"1647. Consejo de la Compa\u00f1\u00eda de las Hijas de la Caridad presidido por Vicente de Pa\u00fal. Tras invocar la asistencia del Esp\u00edritu Santo, Vicente expone la forma en que se debe proceder para sacar provecho del consejo. Dice que, cuando los asuntos a tratar son importantes, conviene tener m\u00e1s de\u2026","rel":"","context":"En \u00abEfem\u00e9rides Vicencianas\u00bb","block_context":{"text":"Efem\u00e9rides Vicencianas","link":"http:\/\/vincentians.com\/es\/category\/historia-de-la-familia-vicenciana\/efemerides-vicencianas\/"},"img":{"alt_text":"","src":"https:\/\/i0.wp.com\/vincentians.com\/es\/wp-content\/uploads\/sites\/11\/2016\/07\/ephemerides-fb.jpg?fit=1200%2C630&resize=350%2C200","width":350,"height":200,"srcset":"https:\/\/i0.wp.com\/vincentians.com\/es\/wp-content\/uploads\/sites\/11\/2016\/07\/ephemerides-fb.jpg?fit=1200%2C630&resize=350%2C200 1x, https:\/\/i0.wp.com\/vincentians.com\/es\/wp-content\/uploads\/sites\/11\/2016\/07\/ephemerides-fb.jpg?fit=1200%2C630&resize=525%2C300 1.5x, https:\/\/i0.wp.com\/vincentians.com\/es\/wp-content\/uploads\/sites\/11\/2016\/07\/ephemerides-fb.jpg?fit=1200%2C630&resize=700%2C400 2x, https:\/\/i0.wp.com\/vincentians.com\/es\/wp-content\/uploads\/sites\/11\/2016\/07\/ephemerides-fb.jpg?fit=1200%2C630&resize=1050%2C600 3x"},"classes":[]},{"id":50417,"url":"http:\/\/vincentians.com\/es\/historia-de-la-causa-de-beatificacion-y-de-canonizacion-de-juan-gabriel-perboyre\/","url_meta":{"origin":127664,"position":2},"title":"Historia de la Causa de Beatificaci\u00f3n y de Canonizaci\u00f3n de Juan Gabriel Perboyre","author":"Francisco Javier Fern\u00e1ndez Chento","date":"07\/06\/2023","format":false,"excerpt":"Cuando hablamos de las Causas de Beatificaci\u00f3n y de Canonizaci\u00f3n de los santos de nuestra Congregaci\u00f3n, as\u00ed como de las de las Hijas de la Caridad, es ya un leitmotiv recordar que los Vicentinos, en el pasado, han evitado siempre activar o iniciar Causas para obtener la canonizaci\u00f3n de sus\u2026","rel":"","context":"En \u00abJuan Gabriel Perboyre\u00bb","block_context":{"text":"Juan Gabriel Perboyre","link":"http:\/\/vincentians.com\/es\/category\/la-familia-vicenciana\/la-familia-vicenciana-en-los-altares\/santos\/juan-gabriel-perboyre\/"},"img":{"alt_text":"","src":"https:\/\/i0.wp.com\/vincentians.com\/es\/wp-content\/uploads\/sites\/11\/2011\/07\/Justino-de-Jacobis-1.jpg?fit=795%2C417&resize=350%2C200","width":350,"height":200,"srcset":"https:\/\/i0.wp.com\/vincentians.com\/es\/wp-content\/uploads\/sites\/11\/2011\/07\/Justino-de-Jacobis-1.jpg?fit=795%2C417&resize=350%2C200 1x, https:\/\/i0.wp.com\/vincentians.com\/es\/wp-content\/uploads\/sites\/11\/2011\/07\/Justino-de-Jacobis-1.jpg?fit=795%2C417&resize=525%2C300 1.5x, https:\/\/i0.wp.com\/vincentians.com\/es\/wp-content\/uploads\/sites\/11\/2011\/07\/Justino-de-Jacobis-1.jpg?fit=795%2C417&resize=700%2C400 2x"},"classes":[]},{"id":131427,"url":"http:\/\/vincentians.com\/es\/beruete-echeverria-ponciano\/","url_meta":{"origin":127664,"position":3},"title":"BERUETE ECHEVERRIA, PONCIANO","author":"Mitxel Olabu\u00e9naga","date":"05\/10\/2014","format":false,"excerpt":"Nacimiento: 19.11.1870 en Legarda, Navarra \/ Fecha de vocaci\u00f3n: 1.8.1887 en Madrid \/ Votos perpetuos: 2.8.1889 en Arcos (Burgos). DESTINOS: Espa\u00f1a (Arcos de la Llana 1889, Tardalos 1892, Madrid 1892) \/ M\u00e9xico-San Lorenzo 2.5.1894 \/ Oaxaca 1897 \/ San Luis Potos\u00ed \/ M\u00e9xico-San Lorenzo 1899: \"En 1903 estaba all\u00ed, aunque\u2026","rel":"","context":"En \u00abBiograf\u00edas de Misioneros Pa\u00fales\u00bb","block_context":{"text":"Biograf\u00edas de Misioneros Pa\u00fales","link":"http:\/\/vincentians.com\/es\/category\/la-familia-vicenciana\/biografias-vicencianas\/biografias-de-misioneros-paules\/"},"img":{"alt_text":"","src":"https:\/\/i0.wp.com\/vincentians.com\/es\/wp-content\/uploads\/sites\/11\/2016\/07\/bio-cm.jpg?fit=1200%2C630&resize=350%2C200","width":350,"height":200,"srcset":"https:\/\/i0.wp.com\/vincentians.com\/es\/wp-content\/uploads\/sites\/11\/2016\/07\/bio-cm.jpg?fit=1200%2C630&resize=350%2C200 1x, https:\/\/i0.wp.com\/vincentians.com\/es\/wp-content\/uploads\/sites\/11\/2016\/07\/bio-cm.jpg?fit=1200%2C630&resize=525%2C300 1.5x, https:\/\/i0.wp.com\/vincentians.com\/es\/wp-content\/uploads\/sites\/11\/2016\/07\/bio-cm.jpg?fit=1200%2C630&resize=700%2C400 2x, https:\/\/i0.wp.com\/vincentians.com\/es\/wp-content\/uploads\/sites\/11\/2016\/07\/bio-cm.jpg?fit=1200%2C630&resize=1050%2C600 3x"},"classes":[]},{"id":130472,"url":"http:\/\/vincentians.com\/es\/alvarez-galan-celestino\/","url_meta":{"origin":127664,"position":4},"title":"ALVAREZ GALAN, CELESTINO","author":"Mitxel Olabu\u00e9naga","date":"16\/05\/2014","format":false,"excerpt":"Nacimiento: 4.7.1858 en San Juan Degollado, Asturias, Espa\u00f1a \/ Fecha de vocaci\u00f3n: 7.4.1877 en La Valenciana, Gto. \/ Votos perpetuos: 8.4.1879 en Mexico, Capilla Casa Central, ante el P.Boquet \/ Fecha de ordenaci\u00f3n: \"Se orden\u00f3 en Yucatan\"... DESTINOS: En las Actas del CP se consignan destinos suyos a Monterrey y\u2026","rel":"","context":"En \u00abBiograf\u00edas de Misioneros Pa\u00fales\u00bb","block_context":{"text":"Biograf\u00edas de Misioneros Pa\u00fales","link":"http:\/\/vincentians.com\/es\/category\/la-familia-vicenciana\/biografias-vicencianas\/biografias-de-misioneros-paules\/"},"img":{"alt_text":"","src":"https:\/\/i0.wp.com\/vincentians.com\/es\/wp-content\/uploads\/sites\/11\/2016\/07\/bio-cm.jpg?fit=1200%2C630&resize=350%2C200","width":350,"height":200,"srcset":"https:\/\/i0.wp.com\/vincentians.com\/es\/wp-content\/uploads\/sites\/11\/2016\/07\/bio-cm.jpg?fit=1200%2C630&resize=350%2C200 1x, https:\/\/i0.wp.com\/vincentians.com\/es\/wp-content\/uploads\/sites\/11\/2016\/07\/bio-cm.jpg?fit=1200%2C630&resize=525%2C300 1.5x, https:\/\/i0.wp.com\/vincentians.com\/es\/wp-content\/uploads\/sites\/11\/2016\/07\/bio-cm.jpg?fit=1200%2C630&resize=700%2C400 2x, https:\/\/i0.wp.com\/vincentians.com\/es\/wp-content\/uploads\/sites\/11\/2016\/07\/bio-cm.jpg?fit=1200%2C630&resize=1050%2C600 3x"},"classes":[]},{"id":405559,"url":"http:\/\/vincentians.com\/es\/resumen-historico-de-la-provincia-de-las-antillas\/","url_meta":{"origin":127664,"position":5},"title":"Resumen hist\u00f3rico de la Provincia de las Antillas","author":"Mitxel Olabu\u00e9naga","date":"02\/09\/2024","format":false,"excerpt":"El Ilmo. Sr. Obispo de la Habana, Dr. D. Francisco Fleix y Solans, deseaba se cumpliese la Real orden de S. M. la Reina de Espa\u00f1a, Do\u00f1a Isabel II, en que se dispo\u00adn\u00eda se estableciese una Casa de Misioneros de San Vicente de Pa\u00fal en la ciudad de la Habana;\u2026","rel":"","context":"En \u00abHistoria de las Hijas de la Caridad\u00bb","block_context":{"text":"Historia de las Hijas de la Caridad","link":"http:\/\/vincentians.com\/es\/category\/historia-de-la-familia-vicenciana\/historia-de-las-hijas-de-la-caridad\/"},"img":{"alt_text":"","src":"https:\/\/i0.wp.com\/vincentians.com\/es\/wp-content\/uploads\/sites\/11\/2013\/04\/Entorno-de-San-Vicente-7-Berceau.jpg?fit=640%2C432&resize=350%2C200","width":350,"height":200,"srcset":"https:\/\/i0.wp.com\/vincentians.com\/es\/wp-content\/uploads\/sites\/11\/2013\/04\/Entorno-de-San-Vicente-7-Berceau.jpg?fit=640%2C432&resize=350%2C200 1x, https:\/\/i0.wp.com\/vincentians.com\/es\/wp-content\/uploads\/sites\/11\/2013\/04\/Entorno-de-San-Vicente-7-Berceau.jpg?fit=640%2C432&resize=525%2C300 1.5x"},"classes":[]}],"_links":{"self":[{"href":"http:\/\/vincentians.com\/es\/wp-json\/wp\/v2\/posts\/127664","targetHints":{"allow":["GET"]}}],"collection":[{"href":"http:\/\/vincentians.com\/es\/wp-json\/wp\/v2\/posts"}],"about":[{"href":"http:\/\/vincentians.com\/es\/wp-json\/wp\/v2\/types\/post"}],"author":[{"embeddable":true,"href":"http:\/\/vincentians.com\/es\/wp-json\/wp\/v2\/users\/5"}],"replies":[{"embeddable":true,"href":"http:\/\/vincentians.com\/es\/wp-json\/wp\/v2\/comments?post=127664"}],"version-history":[{"count":1,"href":"http:\/\/vincentians.com\/es\/wp-json\/wp\/v2\/posts\/127664\/revisions"}],"predecessor-version":[{"id":405445,"href":"http:\/\/vincentians.com\/es\/wp-json\/wp\/v2\/posts\/127664\/revisions\/405445"}],"wp:featuredmedia":[{"embeddable":true,"href":"http:\/\/vincentians.com\/es\/wp-json\/wp\/v2\/media\/404113"}],"wp:attachment":[{"href":"http:\/\/vincentians.com\/es\/wp-json\/wp\/v2\/media?parent=127664"}],"wp:term":[{"taxonomy":"category","embeddable":true,"href":"http:\/\/vincentians.com\/es\/wp-json\/wp\/v2\/categories?post=127664"},{"taxonomy":"post_tag","embeddable":true,"href":"http:\/\/vincentians.com\/es\/wp-json\/wp\/v2\/tags?post=127664"}],"curies":[{"name":"wp","href":"https:\/\/api.w.org\/{rel}","templated":true}]}}