{"id":127449,"date":"2014-01-06T09:03:28","date_gmt":"2014-01-06T08:03:28","guid":{"rendered":"http:\/\/somos.vicencianos.org\/?p=127449"},"modified":"2014-01-06T09:03:28","modified_gmt":"2014-01-06T08:03:28","slug":"evalua-tus-conocimientos","status":"publish","type":"post","link":"http:\/\/vincentians.com\/es\/evalua-tus-conocimientos\/","title":{"rendered":"Eval\u00faa tus conocimientos"},"content":{"rendered":"<p><img data-recalc-dims=\"1\" loading=\"lazy\" decoding=\"async\" class=\"alignleft size-medium wp-image-127451\" src=\"https:\/\/i0.wp.com\/vicencianos.org\/wp-content\/2014\/01\/evalua-300x300.jpg?resize=250%2C250\" alt=\"evalua\" width=\"250\" height=\"250\" \/>Una formaci\u00f3n s\u00f3lida ha de ser un objetivo clave de cualquier creyente que se toma su fe en serio. Los vicencianos, adem\u00e1s, nos sumergimos en una espiritualidad rica y profundamente enraizada en el evangelio de Jesucristo, y tenemos una historia llena de grandes eventos y cristianos dignos de imitaci\u00f3n.<\/p>\n<p>Con estos peque\u00f1os cuestionarios queremos retarte, de una forma l\u00fadica, a que eval\u00faes tus conocimientos en estas materias. Cada cuestionario se compone de 15 preguntas de un tema en particular. Iremos a\u00f1adiendo nuevos peri\u00f3dicamente.<\/p>\n<p>En el men\u00fa izquierdo de la p\u00e1gina principal encontrar\u00e1s algunos de ellos. Pero en esta p\u00e1gina podr\u00e1s acceder a todos los que vayamos haciendo. S\u00f3lo tienes que pinchar sobre la imagen del cuestionario que desees hacer para ponerte a prueba:<\/p>\n<h2>Personajes B\u00edblicos:<\/h2>\n<table border=\"0\" width=\"100%\" cellspacing=\"1\" cellpadding=\"1\">\n<tbody>\n<tr>\n<td>\n<div id=\"attachment_127453\" style=\"width: 260px\" class=\"wp-caption aligncenter\"><a href=\"http:\/\/vicencianos.org\/wp-content\/uploads\/quizz\/biblia_personajes_1_facil.html\" target=\"_blank\"><img data-recalc-dims=\"1\" loading=\"lazy\" decoding=\"async\" aria-describedby=\"caption-attachment-127453\" class=\"size-medium wp-image-127453\" src=\"https:\/\/i0.wp.com\/vicencianos.org\/wp-content\/2014\/01\/biblia_personajes_1_facil_1-300x300.jpg?resize=250%2C250\" alt=\"Personajes de la Biblia (test 1: nivel f\u00e1cil)\" width=\"250\" height=\"250\" \/><\/a><p id=\"caption-attachment-127453\" class=\"wp-caption-text\">Personas de la Biblia (test 1: nivel f\u00e1cil)<\/p><\/div><\/td>\n<td>\n<div id=\"attachment_127454\" style=\"width: 260px\" class=\"wp-caption aligncenter\"><a href=\"http:\/\/vicencianos.org\/wp-content\/uploads\/quizz\/biblia_personajes_2_facil.html\" target=\"_blank\"><img data-recalc-dims=\"1\" loading=\"lazy\" decoding=\"async\" aria-describedby=\"caption-attachment-127454\" class=\"size-medium wp-image-127454\" src=\"https:\/\/i0.wp.com\/vicencianos.org\/wp-content\/2014\/01\/biblia_personajes_1_facil_2-300x300.jpg?resize=250%2C250\" alt=\"Personajes de la Biblia (test 2: nivel f\u00e1cil)\" width=\"250\" height=\"250\" \/><\/a><p id=\"caption-attachment-127454\" class=\"wp-caption-text\">Personas de la Biblia (test 2: nivel f\u00e1cil)<\/p><\/div><\/td>\n<\/tr>\n<tr>\n<td>\n<div id=\"attachment_127455\" style=\"width: 260px\" class=\"wp-caption aligncenter\"><a href=\"http:\/\/vicencianos.org\/wp-content\/uploads\/quizz\/biblia_personajes_3_intermedio.html\" target=\"_blank\"><img data-recalc-dims=\"1\" loading=\"lazy\" decoding=\"async\" aria-describedby=\"caption-attachment-127455\" class=\"size-medium wp-image-127455\" src=\"https:\/\/i0.wp.com\/vicencianos.org\/wp-content\/2014\/01\/biblia_personajes_3_intermedio-300x300.jpg?resize=250%2C250\" alt=\"Personajes de la Biblia (test 3: nivel medio)\" width=\"250\" height=\"250\" \/><\/a><p id=\"caption-attachment-127455\" class=\"wp-caption-text\">Personas de la Biblia (test 3: nivel medio)<\/p><\/div><\/td>\n<td>\n<div id=\"attachment_127456\" style=\"width: 260px\" class=\"wp-caption aligncenter\"><a href=\"http:\/\/vicencianos.org\/wp-content\/uploads\/quizz\/biblia_personajes_4_intermedio.html\" target=\"_blank\"><img data-recalc-dims=\"1\" loading=\"lazy\" decoding=\"async\" aria-describedby=\"caption-attachment-127456\" class=\"size-medium wp-image-127456\" src=\"https:\/\/i0.wp.com\/vicencianos.org\/wp-content\/2014\/01\/biblia_personajes_4_intermedio-300x300.jpg?resize=250%2C250\" alt=\"Personajes de la Biblia (test 4: nivel intemedio)\" width=\"250\" height=\"250\" \/><\/a><p id=\"caption-attachment-127456\" class=\"wp-caption-text\">Personas de la Biblia (test 4: nivel medio)<\/p><\/div><\/td>\n<\/tr>\n<tr>\n<td>\n<div id=\"attachment_127493\" style=\"width: 260px\" class=\"wp-caption aligncenter\"><a href=\"http:\/\/vicencianos.org\/wp-content\/uploads\/quizz\/biblia_personajes_5_avanzado.html\" target=\"_blank\"><img data-recalc-dims=\"1\" loading=\"lazy\" decoding=\"async\" aria-describedby=\"caption-attachment-127493\" class=\"size-medium wp-image-127493\" src=\"https:\/\/i0.wp.com\/vicencianos.org\/wp-content\/2014\/01\/biblia_personajes_5_avanzado-300x300.jpg?resize=250%2C250\" alt=\"Personajes de la Biblia (test 5: nivel avanzado)\" width=\"250\" height=\"250\" \/><\/a><p id=\"caption-attachment-127493\" class=\"wp-caption-text\">Personas de la Biblia (test 5: nivel avanzado)<\/p><\/div><\/td>\n<td>\n<div id=\"attachment_127494\" style=\"width: 260px\" class=\"wp-caption aligncenter\"><a href=\"http:\/\/vicencianos.org\/wp-content\/uploads\/quizz\/biblia_personajes_6_avanzado.html\" target=\"_blank\"><img data-recalc-dims=\"1\" loading=\"lazy\" decoding=\"async\" aria-describedby=\"caption-attachment-127494\" class=\"size-medium wp-image-127494\" src=\"https:\/\/i0.wp.com\/vicencianos.org\/wp-content\/2014\/01\/biblia_personajes_6_avanzado-300x300.jpg?resize=250%2C250\" alt=\"Personajes de la Biblia (test 6: nivel avanzado)\" width=\"250\" height=\"250\" \/><\/a><p id=\"caption-attachment-127494\" class=\"wp-caption-text\">Personas de la Biblia (test 6: nivel avanzado)<\/p><\/div><\/td>\n<\/tr>\n<\/tbody>\n<\/table>\n<p>&nbsp;<\/p>\n<h2>Frases B\u00edblicas:<\/h2>\n<table border=\"0\" width=\"100%\" cellspacing=\"1\" cellpadding=\"1\">\n<tbody>\n<tr>\n<td>\n<div id=\"attachment_127535\" style=\"width: 260px\" class=\"wp-caption aligncenter\"><a href=\"http:\/\/vicencianos.org\/wp-content\/uploads\/quizz\/biblia_frases_1_facil.html\" target=\"_blank\"><img data-recalc-dims=\"1\" loading=\"lazy\" decoding=\"async\" aria-describedby=\"caption-attachment-127535\" class=\"size-medium wp-image-127535\" src=\"https:\/\/i0.wp.com\/vicencianos.org\/wp-content\/2014\/01\/biblia_frases_1_facil-300x300.jpg?resize=250%2C250\" alt=\"Personajes de la Biblia (test 1: nivel f\u00e1cil)\" width=\"250\" height=\"250\" \/><\/a><p id=\"caption-attachment-127535\" class=\"wp-caption-text\">Frases de la Biblia (test 1: nivel f\u00e1cil)<\/p><\/div><\/td>\n<td>\n<div id=\"attachment_127536\" style=\"width: 260px\" class=\"wp-caption aligncenter\"><a href=\"http:\/\/vicencianos.org\/wp-content\/uploads\/quizz\/biblia_frases_2_facil.html\" target=\"_blank\"><img data-recalc-dims=\"1\" loading=\"lazy\" decoding=\"async\" aria-describedby=\"caption-attachment-127536\" class=\"size-medium wp-image-127536\" src=\"https:\/\/i0.wp.com\/vicencianos.org\/wp-content\/2014\/01\/biblia_frases_2_facil-300x300.jpg?resize=250%2C250\" alt=\"dffddffd\" width=\"250\" height=\"250\" \/><\/a><p id=\"caption-attachment-127536\" class=\"wp-caption-text\">Frases de la Biblia (test 2: nivel f\u00e1cil)<\/p><\/div><\/td>\n<\/tr>\n<tr>\n<td>\n<div id=\"attachment_127554\" style=\"width: 260px\" class=\"wp-caption aligncenter\"><a href=\"http:\/\/vicencianos.org\/wp-content\/uploads\/quizz\/biblia_frases_3_intermedio.html\" target=\"_blank\"><img data-recalc-dims=\"1\" loading=\"lazy\" decoding=\"async\" aria-describedby=\"caption-attachment-127554\" class=\"size-medium wp-image-127554\" src=\"https:\/\/i0.wp.com\/vicencianos.org\/wp-content\/2014\/01\/biblia_frases_3_intermedio-300x300.jpg?resize=250%2C250\" alt=\"Frases de la Biblia (test 3: nivel medio)\" width=\"250\" height=\"250\" \/><\/a><p id=\"caption-attachment-127554\" class=\"wp-caption-text\">Frases de la Biblia (test 3: nivel medio)<\/p><\/div><\/td>\n<td>\n<div id=\"attachment_127555\" style=\"width: 260px\" class=\"wp-caption aligncenter\"><a href=\"http:\/\/vicencianos.org\/wp-content\/uploads\/quizz\/biblia_frases_4_intermedio.html\" target=\"_blank\"><img data-recalc-dims=\"1\" loading=\"lazy\" decoding=\"async\" aria-describedby=\"caption-attachment-127555\" class=\"size-medium wp-image-127555\" src=\"https:\/\/i0.wp.com\/vicencianos.org\/wp-content\/2014\/01\/biblia_frases_4_intermedio-300x300.jpg?resize=250%2C250\" alt=\"Frases de la Biblia (test 4: nivel medio)\" width=\"250\" height=\"250\" \/><\/a><p id=\"caption-attachment-127555\" class=\"wp-caption-text\">Frases de la Biblia (test 4: nivel medio)<\/p><\/div><\/td>\n<\/tr>\n<tr>\n<td>\n<div id=\"attachment_127556\" style=\"width: 260px\" class=\"wp-caption aligncenter\"><a href=\"http:\/\/vicencianos.org\/wp-content\/uploads\/quizz\/biblia_frases_5_avanzado.html\" target=\"_blank\"><img data-recalc-dims=\"1\" loading=\"lazy\" decoding=\"async\" aria-describedby=\"caption-attachment-127556\" class=\"size-medium wp-image-127556\" src=\"https:\/\/i0.wp.com\/vicencianos.org\/wp-content\/2014\/01\/biblia_frases_5_avanzado-300x300.jpg?resize=250%2C250\" alt=\"Frases de la Biblia (test 5: nivel avanzado)\" width=\"250\" height=\"250\" \/><\/a><p id=\"caption-attachment-127556\" class=\"wp-caption-text\">Frases de la Biblia (test 5: nivel avanzado)<\/p><\/div><\/td>\n<td>\n<div id=\"attachment_127557\" style=\"width: 260px\" class=\"wp-caption aligncenter\"><a href=\"http:\/\/vicencianos.org\/wp-content\/uploads\/quizz\/biblia_frases_6_avanzado.html\" target=\"_blank\"><img data-recalc-dims=\"1\" loading=\"lazy\" decoding=\"async\" aria-describedby=\"caption-attachment-127557\" class=\"size-medium wp-image-127557\" src=\"https:\/\/i0.wp.com\/vicencianos.org\/wp-content\/2014\/01\/biblia_frases_6_avanzado-300x300.jpg?resize=250%2C250\" alt=\"Frases de la Biblia (test 6: nivel avanzado)\" width=\"250\" height=\"250\" \/><\/a><p id=\"caption-attachment-127557\" class=\"wp-caption-text\">Frases de la Biblia (test 6: nivel avanzado)<\/p><\/div><\/td>\n<\/tr>\n<\/tbody>\n<\/table>\n<p>&nbsp;<\/p>\n<h2>Lugares B\u00edblicos:<\/h2>\n<table border=\"0\" width=\"100%\" cellspacing=\"1\" cellpadding=\"1\">\n<tbody>\n<tr>\n<td>\n<div id=\"attachment_127535\" style=\"width: 260px\" class=\"wp-caption aligncenter\"><a href=\"http:\/\/vicencianos.org\/wp-content\/uploads\/quizz\/biblia_lugares_1_facil.html\" target=\"_blank\"><img data-recalc-dims=\"1\" loading=\"lazy\" decoding=\"async\" aria-describedby=\"caption-attachment-127535\" class=\"size-medium wp-image-127535\" src=\"https:\/\/i0.wp.com\/vicencianos.org\/wp-content\/2014\/01\/biblia_lugares_1_facil-300x300.jpg?resize=250%2C250\" alt=\"Lugares de la Biblia (test 1: nivel f\u00e1cil)\" width=\"250\" height=\"250\" \/><\/a><p id=\"caption-attachment-127535\" class=\"wp-caption-text\">Lugares de la Biblia (test 1: nivel f\u00e1cil)<\/p><\/div><\/td>\n<td>\n<div id=\"attachment_127535\" style=\"width: 260px\" class=\"wp-caption aligncenter\"><a href=\"http:\/\/vicencianos.org\/wp-content\/uploads\/quizz\/biblia_lugares_2_facil.html\" target=\"_blank\"><img data-recalc-dims=\"1\" loading=\"lazy\" decoding=\"async\" aria-describedby=\"caption-attachment-127535\" class=\"size-medium wp-image-127535\" src=\"https:\/\/i0.wp.com\/vicencianos.org\/wp-content\/2014\/01\/biblia_lugares_2_facil-300x300.jpg?resize=250%2C250\" alt=\"Lugares de la Biblia (test 2: nivel f\u00e1cil)\" width=\"250\" height=\"250\" \/><\/a><p id=\"caption-attachment-127535\" class=\"wp-caption-text\">Lugares de la Biblia (test 2: nivel f\u00e1cil)<\/p><\/div><\/td>\n<\/tr>\n<\/tbody>\n<\/table>\n<p>&nbsp;<\/p>\n<h2>Pasajes B\u00edblicos:<\/h2>\n<table border=\"0\" width=\"100%\" cellspacing=\"1\" cellpadding=\"1\">\n<tbody>\n<tr>\n<td>\n<div id=\"attachment_127535\" style=\"width: 260px\" class=\"wp-caption aligncenter\"><a href=\"http:\/\/vicencianos.org\/wp-content\/uploads\/quizz\/biblia_pasajes_1_facil.html\" target=\"_blank\"><img data-recalc-dims=\"1\" loading=\"lazy\" decoding=\"async\" aria-describedby=\"caption-attachment-127535\" class=\"size-medium wp-image-127535\" src=\"https:\/\/i0.wp.com\/vicencianos.org\/wp-content\/2014\/01\/biblia_pasajes_1_facil-300x300.jpg?resize=250%2C250\" alt=\"Pasajes de la Biblia (test 1: nivel f\u00e1cil)\" width=\"250\" height=\"250\" \/><\/a><p id=\"caption-attachment-127535\" class=\"wp-caption-text\">Pasajes de la Biblia (test 1: nivel f\u00e1cil)<\/p><\/div><\/td>\n<td>\n<div id=\"attachment_127535\" style=\"width: 260px\" class=\"wp-caption aligncenter\"><a href=\"http:\/\/vicencianos.org\/wp-content\/uploads\/quizz\/biblia_pasajes_2_facil.html\" target=\"_blank\"><img data-recalc-dims=\"1\" loading=\"lazy\" decoding=\"async\" aria-describedby=\"caption-attachment-127535\" class=\"size-medium wp-image-127535\" src=\"https:\/\/i0.wp.com\/vicencianos.org\/wp-content\/2014\/01\/biblia_pasajes_2_facil-300x300.jpg?resize=250%2C250\" alt=\"Pasajes de la Biblia (test 2: nivel f\u00e1cil)\" width=\"250\" height=\"250\" \/><\/a><p id=\"caption-attachment-127535\" class=\"wp-caption-text\">Pasajes de la Biblia (test 2: nivel f\u00e1cil)<\/p><\/div><\/td>\n<\/tr>\n<\/tbody>\n<\/table>\n<p>&nbsp;<\/p>\n<h2>Personas de la Iglesia:<\/h2>\n<table border=\"0\" width=\"100%\" cellspacing=\"1\" cellpadding=\"1\">\n<tbody>\n<tr>\n<td>\n<div id=\"attachment_127461\" style=\"width: 260px\" class=\"wp-caption aligncenter\"><a href=\"http:\/\/vicencianos.org\/wp-content\/uploads\/quizz\/papajuanxxiii.html\" target=\"_blank\"><img data-recalc-dims=\"1\" loading=\"lazy\" decoding=\"async\" aria-describedby=\"caption-attachment-127461\" class=\"size-medium wp-image-127461\" src=\"https:\/\/i0.wp.com\/vicencianos.org\/wp-content\/2014\/01\/juanxxiii-300x300.jpg?resize=250%2C250\" alt=\"papafrancisco\" width=\"250\" height=\"250\" \/><\/a><p id=\"caption-attachment-127461\" class=\"wp-caption-text\">El Papa Juan XXIII<\/p><\/div><\/td>\n<td>\n<div id=\"attachment_127461\" style=\"width: 260px\" class=\"wp-caption aligncenter\"><a href=\"http:\/\/vicencianos.org\/wp-content\/uploads\/quizz\/papafrancisco.html\" target=\"_blank\"><img data-recalc-dims=\"1\" loading=\"lazy\" decoding=\"async\" aria-describedby=\"caption-attachment-127461\" class=\"size-medium wp-image-127461\" src=\"https:\/\/i0.wp.com\/vicencianos.org\/wp-content\/2014\/01\/papafrancisco-300x300.jpg?resize=250%2C250\" alt=\"papafrancisco\" width=\"250\" height=\"250\" \/><\/a><p id=\"caption-attachment-127461\" class=\"wp-caption-text\">El Papa Francisco<\/p><\/div><\/td>\n<\/tr>\n<\/tbody>\n<\/table>\n<p>&nbsp;<\/p>\n<h2>Temas vicencianos:<\/h2>\n<table border=\"0\" width=\"100%\" cellspacing=\"1\" cellpadding=\"1\">\n<tbody>\n<tr>\n<td>\n<div id=\"attachment_127463\" style=\"width: 260px\" class=\"wp-caption aligncenter\"><a href=\"http:\/\/vicencianos.org\/wp-content\/uploads\/quizz\/durando.html\" target=\"_blank\"><img data-recalc-dims=\"1\" loading=\"lazy\" decoding=\"async\" aria-describedby=\"caption-attachment-127463\" class=\" wp-image-127463\" src=\"https:\/\/i0.wp.com\/vicencianos.org\/wp-content\/2014\/01\/durando-300x300.jpg?resize=250%2C250\" alt=\"durando\" width=\"250\" height=\"250\" \/><\/a><p id=\"caption-attachment-127463\" class=\"wp-caption-text\">Beato Marco Antonio Durando<\/p><\/div><\/td>\n<td>\n<div id=\"attachment_127466\" style=\"width: 260px\" class=\"wp-caption aligncenter\"><a href=\"http:\/\/vicencianos.org\/wp-content\/uploads\/quizz\/seton.html\" target=\"_blank\"><img data-recalc-dims=\"1\" loading=\"lazy\" decoding=\"async\" aria-describedby=\"caption-attachment-127466\" class=\"size-medium wp-image-127466\" src=\"https:\/\/i0.wp.com\/vicencianos.org\/wp-content\/2014\/01\/seton-300x300.jpg?resize=250%2C250\" alt=\"Santa Isabel Ana Seton\" width=\"250\" height=\"250\" \/><\/a><p id=\"caption-attachment-127466\" class=\"wp-caption-text\">Santa Isabel Ana Seton<\/p><\/div><\/td>\n<\/tr>\n<tr>\n<td>\n<div id=\"attachment_127465\" style=\"width: 260px\" class=\"wp-caption aligncenter\"><a href=\"http:\/\/vicencianos.org\/wp-content\/uploads\/quizz\/milagrosa.html\" target=\"_blank\"><img data-recalc-dims=\"1\" loading=\"lazy\" decoding=\"async\" aria-describedby=\"caption-attachment-127465\" class=\"size-medium wp-image-127465\" src=\"https:\/\/i0.wp.com\/vicencianos.org\/wp-content\/2014\/01\/milagrosa-300x300.jpg?resize=250%2C250\" alt=\"La Virgen Milagrosa\" width=\"250\" height=\"250\" \/><\/a><p id=\"caption-attachment-127465\" class=\"wp-caption-text\">Virgen Milagrosa<\/p><\/div><\/td>\n<td>\n<div id=\"attachment_127464\" style=\"width: 260px\" class=\"wp-caption aligncenter\"><a href=\"http:\/\/vicencianos.org\/wp-content\/uploads\/quizz\/hijascaridad.html\" target=\"_blank\"><img data-recalc-dims=\"1\" loading=\"lazy\" decoding=\"async\" aria-describedby=\"caption-attachment-127464\" class=\"size-medium wp-image-127464\" src=\"https:\/\/i0.wp.com\/vicencianos.org\/wp-content\/2014\/01\/hijascaridad-300x300.jpg?resize=250%2C250\" alt=\"Las Hijas de la Caridad\" width=\"250\" height=\"250\" \/><\/a><p id=\"caption-attachment-127464\" class=\"wp-caption-text\">Hijas de la Caridad<\/p><\/div><\/td>\n<\/tr>\n<tr>\n<td>\n<div id=\"attachment_127465\" style=\"width: 260px\" class=\"wp-caption aligncenter\"><a href=\"http:\/\/vicencianos.org\/wp-content\/uploads\/quizz\/congregaciondelamision.html\" target=\"_blank\"><img data-recalc-dims=\"1\" loading=\"lazy\" decoding=\"async\" aria-describedby=\"caption-attachment-127465\" class=\"size-medium wp-image-127465\" src=\"https:\/\/i0.wp.com\/vicencianos.org\/wp-content\/uploads\/quizz\/img\/congregaciondelamision.jpg?resize=250%2C250\" alt=\"La Congregaci\u00f3n de la Misi\u00f3n\" width=\"250\" height=\"250\" \/><\/a><p id=\"caption-attachment-127465\" class=\"wp-caption-text\">La Congregaci\u00f3n de la Misi\u00f3n<\/p><\/div><\/td>\n<td><\/td>\n<\/tr>\n<\/tbody>\n<\/table>\n","protected":false},"excerpt":{"rendered":"<p>Una formaci\u00f3n s\u00f3lida ha de ser un objetivo clave de cualquier creyente que se toma su fe en serio. Los vicencianos, adem\u00e1s, nos sumergimos en una espiritualidad rica y profundamente enraizada en el evangelio de &#8230; <a href=\"http:\/\/vincentians.com\/es\/evalua-tus-conocimientos\/\" class=\"more-link\">Read More<\/a><\/p>\n","protected":false},"author":4,"featured_media":127451,"comment_status":"open","ping_status":"open","sticky":false,"template":"","format":"standard","meta":{"jetpack_post_was_ever_published":false,"_jetpack_newsletter_access":"","_jetpack_dont_email_post_to_subs":false,"_jetpack_newsletter_tier_id":0,"_jetpack_memberships_contains_paywalled_content":false,"_jetpack_memberships_contains_paid_content":false,"footnotes":"","jetpack_publicize_message":"","jetpack_publicize_feature_enabled":true,"jetpack_social_post_already_shared":true,"jetpack_social_options":{"image_generator_settings":{"template":"highway","default_image_id":0,"font":"","enabled":false},"version":2}},"categories":[307],"tags":[174],"class_list":["post-127449","post","type-post","status-publish","format-standard","has-post-thumbnail","hentry","category-formacion-vicenciana-sin-categorizar","tag-durando"],"yoast_head":"<!-- This site is optimized with the Yoast SEO plugin v26.3 - https:\/\/yoast.com\/wordpress\/plugins\/seo\/ -->\n<title>Eval\u00faa tus conocimientos - Somos Vicencianos<\/title>\n<meta name=\"robots\" content=\"index, follow, max-snippet:-1, max-image-preview:large, max-video-preview:-1\" \/>\n<link rel=\"canonical\" href=\"https:\/\/vincentians.com\/es\/evalua-tus-conocimientos\/\" \/>\n<meta property=\"og:locale\" content=\"es_ES\" \/>\n<meta property=\"og:type\" content=\"article\" \/>\n<meta property=\"og:title\" content=\"Eval\u00faa tus conocimientos - Somos Vicencianos\" \/>\n<meta property=\"og:description\" content=\"Una formaci\u00f3n s\u00f3lida ha de ser un objetivo clave de cualquier creyente que se toma su fe en serio. Los vicencianos, adem\u00e1s, nos sumergimos en una espiritualidad rica y profundamente enraizada en el evangelio de ... Read More\" \/>\n<meta property=\"og:url\" content=\"https:\/\/vincentians.com\/es\/evalua-tus-conocimientos\/\" \/>\n<meta property=\"og:site_name\" content=\"Somos Vicencianos\" \/>\n<meta property=\"article:publisher\" content=\"https:\/\/www.facebook.com\/WeAreVincentians\/\" \/>\n<meta property=\"article:author\" content=\"https:\/\/www.facebook.com\/JavierChento\" \/>\n<meta property=\"article:published_time\" content=\"2014-01-06T08:03:28+00:00\" \/>\n<meta name=\"author\" content=\"Francisco Javier Fern\u00e1ndez Chento\" \/>\n<meta name=\"twitter:card\" content=\"summary_large_image\" \/>\n<meta name=\"twitter:creator\" content=\"@https:\/\/twitter.com\/javierchento\" \/>\n<meta name=\"twitter:site\" content=\"@WeVincentians\" \/>\n<meta name=\"twitter:label1\" content=\"Escrito por\" \/>\n\t<meta name=\"twitter:data1\" content=\"Francisco Javier Fern\u00e1ndez Chento\" \/>\n\t<meta name=\"twitter:label2\" content=\"Tiempo de lectura\" \/>\n\t<meta name=\"twitter:data2\" content=\"2 minutos\" \/>\n<script type=\"application\/ld+json\" class=\"yoast-schema-graph\">{\"@context\":\"https:\/\/schema.org\",\"@graph\":[{\"@type\":\"Article\",\"@id\":\"https:\/\/vincentians.com\/es\/evalua-tus-conocimientos\/#article\",\"isPartOf\":{\"@id\":\"https:\/\/vincentians.com\/es\/evalua-tus-conocimientos\/\"},\"author\":{\"name\":\"Francisco Javier Fern\u00e1ndez Chento\",\"@id\":\"https:\/\/vincentians.com\/es\/#\/schema\/person\/9623ef4d9aa3b2dfb8c061f1499288f2\"},\"headline\":\"Eval\u00faa tus conocimientos\",\"datePublished\":\"2014-01-06T08:03:28+00:00\",\"mainEntityOfPage\":{\"@id\":\"https:\/\/vincentians.com\/es\/evalua-tus-conocimientos\/\"},\"wordCount\":472,\"commentCount\":0,\"publisher\":{\"@id\":\"https:\/\/vincentians.com\/es\/#organization\"},\"image\":{\"@id\":\"https:\/\/vincentians.com\/es\/evalua-tus-conocimientos\/#primaryimage\"},\"thumbnailUrl\":\"\",\"keywords\":[\"Durando\"],\"articleSection\":[\"Formaci\u00f3n Vicenciana sin categorizar\"],\"inLanguage\":\"es\",\"potentialAction\":[{\"@type\":\"CommentAction\",\"name\":\"Comment\",\"target\":[\"https:\/\/vincentians.com\/es\/evalua-tus-conocimientos\/#respond\"]}]},{\"@type\":\"WebPage\",\"@id\":\"https:\/\/vincentians.com\/es\/evalua-tus-conocimientos\/\",\"url\":\"https:\/\/vincentians.com\/es\/evalua-tus-conocimientos\/\",\"name\":\"Eval\u00faa tus conocimientos - Somos Vicencianos\",\"isPartOf\":{\"@id\":\"https:\/\/vincentians.com\/es\/#website\"},\"primaryImageOfPage\":{\"@id\":\"https:\/\/vincentians.com\/es\/evalua-tus-conocimientos\/#primaryimage\"},\"image\":{\"@id\":\"https:\/\/vincentians.com\/es\/evalua-tus-conocimientos\/#primaryimage\"},\"thumbnailUrl\":\"\",\"datePublished\":\"2014-01-06T08:03:28+00:00\",\"breadcrumb\":{\"@id\":\"https:\/\/vincentians.com\/es\/evalua-tus-conocimientos\/#breadcrumb\"},\"inLanguage\":\"es\",\"potentialAction\":[{\"@type\":\"ReadAction\",\"target\":[\"https:\/\/vincentians.com\/es\/evalua-tus-conocimientos\/\"]}]},{\"@type\":\"ImageObject\",\"inLanguage\":\"es\",\"@id\":\"https:\/\/vincentians.com\/es\/evalua-tus-conocimientos\/#primaryimage\",\"url\":\"\",\"contentUrl\":\"\"},{\"@type\":\"BreadcrumbList\",\"@id\":\"https:\/\/vincentians.com\/es\/evalua-tus-conocimientos\/#breadcrumb\",\"itemListElement\":[{\"@type\":\"ListItem\",\"position\":1,\"name\":\"Portada\",\"item\":\"https:\/\/vincentians.com\/es\/\"},{\"@type\":\"ListItem\",\"position\":2,\"name\":\"Eval\u00faa tus conocimientos\"}]},{\"@type\":\"WebSite\",\"@id\":\"https:\/\/vincentians.com\/es\/#website\",\"url\":\"https:\/\/vincentians.com\/es\/\",\"name\":\"Somos Vicencianos\",\"description\":\"Know more to serve more\",\"publisher\":{\"@id\":\"https:\/\/vincentians.com\/es\/#organization\"},\"potentialAction\":[{\"@type\":\"SearchAction\",\"target\":{\"@type\":\"EntryPoint\",\"urlTemplate\":\"https:\/\/vincentians.com\/es\/?s={search_term_string}\"},\"query-input\":{\"@type\":\"PropertyValueSpecification\",\"valueRequired\":true,\"valueName\":\"search_term_string\"}}],\"inLanguage\":\"es\"},{\"@type\":\"Organization\",\"@id\":\"https:\/\/vincentians.com\/es\/#organization\",\"name\":\"The Vincentian Network\",\"url\":\"https:\/\/vincentians.com\/es\/\",\"logo\":{\"@type\":\"ImageObject\",\"inLanguage\":\"es\",\"@id\":\"https:\/\/vincentians.com\/es\/#\/schema\/logo\/image\/\",\"url\":\"https:\/\/i1.wp.com\/vincentians.com\/es\/wp-content\/uploads\/sites\/11\/2016\/06\/Vincentian-Network-logo-big.png?fit=778%2C778\",\"contentUrl\":\"https:\/\/i1.wp.com\/vincentians.com\/es\/wp-content\/uploads\/sites\/11\/2016\/06\/Vincentian-Network-logo-big.png?fit=778%2C778\",\"width\":778,\"height\":778,\"caption\":\"The Vincentian Network\"},\"image\":{\"@id\":\"https:\/\/vincentians.com\/es\/#\/schema\/logo\/image\/\"},\"sameAs\":[\"https:\/\/www.facebook.com\/WeAreVincentians\/\",\"https:\/\/x.com\/WeVincentians\"]},{\"@type\":\"Person\",\"@id\":\"https:\/\/vincentians.com\/es\/#\/schema\/person\/9623ef4d9aa3b2dfb8c061f1499288f2\",\"name\":\"Francisco Javier Fern\u00e1ndez Chento\",\"image\":{\"@type\":\"ImageObject\",\"inLanguage\":\"es\",\"@id\":\"https:\/\/vincentians.com\/es\/#\/schema\/person\/image\/\",\"url\":\"https:\/\/secure.gravatar.com\/avatar\/497d5cde87b4c3d097d0315953521681ba2cd523ee66e5077c3711f7021e65de?s=96&d=mm&r=g\",\"contentUrl\":\"https:\/\/secure.gravatar.com\/avatar\/497d5cde87b4c3d097d0315953521681ba2cd523ee66e5077c3711f7021e65de?s=96&d=mm&r=g\",\"caption\":\"Francisco Javier Fern\u00e1ndez Chento\"},\"description\":\"Director General y cofundador de La Red de Formaci\u00f3n Vicenciana. Javier es laico vicenciano, afiliado a la Congregaci\u00f3n de la Misi\u00f3n y miembro del Equipo de Misiones Populares de la provincia can\u00f3nica de Zaragoza (Espa\u00f1a) de la Congregaci\u00f3n de la Misi\u00f3n. Graduado en la Universidad Oberta de Catalunya con cuatro grados (Asistente de direcci\u00f3n, Gesti\u00f3n Administrativa, Recursos Humanos y Contabilidad Avanzada). Bil\u00edng\u00fce Espa\u00f1ol\/Ingl\u00e9s. gestiona y mantiene varias p\u00e1ginas web cristianas y vicencianas, incluida including La Red de Formaci\u00f3n Vicenciana, de la que es cofundador. Actualmente es responsable del \u00e1rea de Espa\u00f1ol de .famvin, la Red de Noticias de la Familia Vicenciana. Tambi\u00e9n es m\u00fasico cat\u00f3lico y ha editado varios discos. Es Director General y cofundador de Trovador, una reconocida compa\u00f1\u00eda discogr\u00e1fica critiana de Espa\u00f1a. Trabaja en las Tecnolog\u00edas de la Informaci\u00f3n, ofreciendo servicios de alojamiento, dise\u00f1o y mantenimiento Web, as\u00ed como asesoramiento, formaci\u00f3n y soluciones inform\u00e1ticas, gesti\u00f3n documental y digitalizaci\u00f3n de textos, edici\u00f3n y maquetaci\u00f3n de libros, revistas, flyers, etc.\",\"sameAs\":[\"http:\/\/chento.org\",\"https:\/\/www.facebook.com\/JavierChento\",\"https:\/\/x.com\/https:\/\/twitter.com\/javierchento\"],\"url\":\"http:\/\/vincentians.com\/es\/author\/chento\/\"}]}<\/script>\n<!-- \/ Yoast SEO plugin. -->","yoast_head_json":{"title":"Eval\u00faa tus conocimientos - Somos Vicencianos","robots":{"index":"index","follow":"follow","max-snippet":"max-snippet:-1","max-image-preview":"max-image-preview:large","max-video-preview":"max-video-preview:-1"},"canonical":"https:\/\/vincentians.com\/es\/evalua-tus-conocimientos\/","og_locale":"es_ES","og_type":"article","og_title":"Eval\u00faa tus conocimientos - Somos Vicencianos","og_description":"Una formaci\u00f3n s\u00f3lida ha de ser un objetivo clave de cualquier creyente que se toma su fe en serio. Los vicencianos, adem\u00e1s, nos sumergimos en una espiritualidad rica y profundamente enraizada en el evangelio de ... Read More","og_url":"https:\/\/vincentians.com\/es\/evalua-tus-conocimientos\/","og_site_name":"Somos Vicencianos","article_publisher":"https:\/\/www.facebook.com\/WeAreVincentians\/","article_author":"https:\/\/www.facebook.com\/JavierChento","article_published_time":"2014-01-06T08:03:28+00:00","author":"Francisco Javier Fern\u00e1ndez Chento","twitter_card":"summary_large_image","twitter_creator":"@https:\/\/twitter.com\/javierchento","twitter_site":"@WeVincentians","twitter_misc":{"Escrito por":"Francisco Javier Fern\u00e1ndez Chento","Tiempo de lectura":"2 minutos"},"schema":{"@context":"https:\/\/schema.org","@graph":[{"@type":"Article","@id":"https:\/\/vincentians.com\/es\/evalua-tus-conocimientos\/#article","isPartOf":{"@id":"https:\/\/vincentians.com\/es\/evalua-tus-conocimientos\/"},"author":{"name":"Francisco Javier Fern\u00e1ndez Chento","@id":"https:\/\/vincentians.com\/es\/#\/schema\/person\/9623ef4d9aa3b2dfb8c061f1499288f2"},"headline":"Eval\u00faa tus conocimientos","datePublished":"2014-01-06T08:03:28+00:00","mainEntityOfPage":{"@id":"https:\/\/vincentians.com\/es\/evalua-tus-conocimientos\/"},"wordCount":472,"commentCount":0,"publisher":{"@id":"https:\/\/vincentians.com\/es\/#organization"},"image":{"@id":"https:\/\/vincentians.com\/es\/evalua-tus-conocimientos\/#primaryimage"},"thumbnailUrl":"","keywords":["Durando"],"articleSection":["Formaci\u00f3n Vicenciana sin categorizar"],"inLanguage":"es","potentialAction":[{"@type":"CommentAction","name":"Comment","target":["https:\/\/vincentians.com\/es\/evalua-tus-conocimientos\/#respond"]}]},{"@type":"WebPage","@id":"https:\/\/vincentians.com\/es\/evalua-tus-conocimientos\/","url":"https:\/\/vincentians.com\/es\/evalua-tus-conocimientos\/","name":"Eval\u00faa tus conocimientos - Somos Vicencianos","isPartOf":{"@id":"https:\/\/vincentians.com\/es\/#website"},"primaryImageOfPage":{"@id":"https:\/\/vincentians.com\/es\/evalua-tus-conocimientos\/#primaryimage"},"image":{"@id":"https:\/\/vincentians.com\/es\/evalua-tus-conocimientos\/#primaryimage"},"thumbnailUrl":"","datePublished":"2014-01-06T08:03:28+00:00","breadcrumb":{"@id":"https:\/\/vincentians.com\/es\/evalua-tus-conocimientos\/#breadcrumb"},"inLanguage":"es","potentialAction":[{"@type":"ReadAction","target":["https:\/\/vincentians.com\/es\/evalua-tus-conocimientos\/"]}]},{"@type":"ImageObject","inLanguage":"es","@id":"https:\/\/vincentians.com\/es\/evalua-tus-conocimientos\/#primaryimage","url":"","contentUrl":""},{"@type":"BreadcrumbList","@id":"https:\/\/vincentians.com\/es\/evalua-tus-conocimientos\/#breadcrumb","itemListElement":[{"@type":"ListItem","position":1,"name":"Portada","item":"https:\/\/vincentians.com\/es\/"},{"@type":"ListItem","position":2,"name":"Eval\u00faa tus conocimientos"}]},{"@type":"WebSite","@id":"https:\/\/vincentians.com\/es\/#website","url":"https:\/\/vincentians.com\/es\/","name":"Somos Vicencianos","description":"Know more to serve more","publisher":{"@id":"https:\/\/vincentians.com\/es\/#organization"},"potentialAction":[{"@type":"SearchAction","target":{"@type":"EntryPoint","urlTemplate":"https:\/\/vincentians.com\/es\/?s={search_term_string}"},"query-input":{"@type":"PropertyValueSpecification","valueRequired":true,"valueName":"search_term_string"}}],"inLanguage":"es"},{"@type":"Organization","@id":"https:\/\/vincentians.com\/es\/#organization","name":"The Vincentian Network","url":"https:\/\/vincentians.com\/es\/","logo":{"@type":"ImageObject","inLanguage":"es","@id":"https:\/\/vincentians.com\/es\/#\/schema\/logo\/image\/","url":"https:\/\/i1.wp.com\/vincentians.com\/es\/wp-content\/uploads\/sites\/11\/2016\/06\/Vincentian-Network-logo-big.png?fit=778%2C778","contentUrl":"https:\/\/i1.wp.com\/vincentians.com\/es\/wp-content\/uploads\/sites\/11\/2016\/06\/Vincentian-Network-logo-big.png?fit=778%2C778","width":778,"height":778,"caption":"The Vincentian Network"},"image":{"@id":"https:\/\/vincentians.com\/es\/#\/schema\/logo\/image\/"},"sameAs":["https:\/\/www.facebook.com\/WeAreVincentians\/","https:\/\/x.com\/WeVincentians"]},{"@type":"Person","@id":"https:\/\/vincentians.com\/es\/#\/schema\/person\/9623ef4d9aa3b2dfb8c061f1499288f2","name":"Francisco Javier Fern\u00e1ndez Chento","image":{"@type":"ImageObject","inLanguage":"es","@id":"https:\/\/vincentians.com\/es\/#\/schema\/person\/image\/","url":"https:\/\/secure.gravatar.com\/avatar\/497d5cde87b4c3d097d0315953521681ba2cd523ee66e5077c3711f7021e65de?s=96&d=mm&r=g","contentUrl":"https:\/\/secure.gravatar.com\/avatar\/497d5cde87b4c3d097d0315953521681ba2cd523ee66e5077c3711f7021e65de?s=96&d=mm&r=g","caption":"Francisco Javier Fern\u00e1ndez Chento"},"description":"Director General y cofundador de La Red de Formaci\u00f3n Vicenciana. Javier es laico vicenciano, afiliado a la Congregaci\u00f3n de la Misi\u00f3n y miembro del Equipo de Misiones Populares de la provincia can\u00f3nica de Zaragoza (Espa\u00f1a) de la Congregaci\u00f3n de la Misi\u00f3n. Graduado en la Universidad Oberta de Catalunya con cuatro grados (Asistente de direcci\u00f3n, Gesti\u00f3n Administrativa, Recursos Humanos y Contabilidad Avanzada). Bil\u00edng\u00fce Espa\u00f1ol\/Ingl\u00e9s. gestiona y mantiene varias p\u00e1ginas web cristianas y vicencianas, incluida including La Red de Formaci\u00f3n Vicenciana, de la que es cofundador. Actualmente es responsable del \u00e1rea de Espa\u00f1ol de .famvin, la Red de Noticias de la Familia Vicenciana. Tambi\u00e9n es m\u00fasico cat\u00f3lico y ha editado varios discos. Es Director General y cofundador de Trovador, una reconocida compa\u00f1\u00eda discogr\u00e1fica critiana de Espa\u00f1a. Trabaja en las Tecnolog\u00edas de la Informaci\u00f3n, ofreciendo servicios de alojamiento, dise\u00f1o y mantenimiento Web, as\u00ed como asesoramiento, formaci\u00f3n y soluciones inform\u00e1ticas, gesti\u00f3n documental y digitalizaci\u00f3n de textos, edici\u00f3n y maquetaci\u00f3n de libros, revistas, flyers, etc.","sameAs":["http:\/\/chento.org","https:\/\/www.facebook.com\/JavierChento","https:\/\/x.com\/https:\/\/twitter.com\/javierchento"],"url":"http:\/\/vincentians.com\/es\/author\/chento\/"}]}},"jetpack_publicize_connections":[],"jetpack_featured_media_url":"","jetpack_sharing_enabled":true,"jetpack_shortlink":"https:\/\/wp.me\/p7ETMF-x9D","jetpack-related-posts":[{"id":24320,"url":"http:\/\/vincentians.com\/es\/formacion-para-la-excelencia-justificacion-objetivos-e-introduccion\/","url_meta":{"origin":127449,"position":0},"title":"Formaci\u00f3n para la excelencia: Justificaci\u00f3n, objetivos e introducci\u00f3n","author":"Francisco Javier Fern\u00e1ndez Chento","date":"04\/08\/2013","format":false,"excerpt":"Justificaci\u00f3n La Sociedad de San Vicente de Pa\u00fal de Medell\u00edn, consciente de la importancia que tiene la formaci\u00f3n y promoci\u00f3n humana de los Socios para poder realizar su apostolado, cre\u00f3 en octubre de 2008 el Comit\u00e9 de formaci\u00f3n y promo\u00adci\u00f3n humana con el fin de atender ese aspecto en el\u2026","rel":"","context":"En \u00abFormaci\u00f3n Vicenciana\u00bb","block_context":{"text":"Formaci\u00f3n Vicenciana","link":"http:\/\/vincentians.com\/es\/category\/formacion-vicenciana\/"},"img":{"alt_text":"","src":"https:\/\/i0.wp.com\/vicencianos.org\/wp-content\/2010\/12\/formacion_excelencia-230x300.jpg?resize=350%2C200","width":350,"height":200},"classes":[]},{"id":21558,"url":"http:\/\/vincentians.com\/es\/la-conferencia-nacional-de-visitadores-de-ee-uu\/","url_meta":{"origin":127449,"position":1},"title":"La Conferencia Nacional de Visitadores de EE.UU.","author":"Mitxel Olabu\u00e9naga","date":"26\/06\/2013","format":false,"excerpt":"En diciembre de 1973, el P. James Richardson, CM, Superior General, se reuni\u00f3 con los Provinciales vicentinos de los EE.UU. y expres\u00f3 el deseo de que se responsabilizaran de la traducci\u00f3n al ingl\u00e9s de los 14 vol\u00famenes de la Correspondencia, Conferencias, Documentos de San Vicente. Para todos los efectos esta\u2026","rel":"","context":"En \u00abCongregaci\u00f3n de la Misi\u00f3n\u00bb","block_context":{"text":"Congregaci\u00f3n de la Misi\u00f3n","link":"http:\/\/vincentians.com\/es\/category\/la-familia-vicenciana\/ramas\/congregacion-de-la-mision\/"},"img":{"alt_text":"","src":"https:\/\/i0.wp.com\/vicencianos.org\/vicencianos\/files\/2010\/06\/usapib-300x196.jpg?resize=350%2C200","width":350,"height":200},"classes":[]},{"id":43268,"url":"http:\/\/vincentians.com\/es\/metodos-de-investigacion-historica\/","url_meta":{"origin":127449,"position":2},"title":"M\u00e9todos de investigaci\u00f3n hist\u00f3rica","author":"Mitxel Olabu\u00e9naga","date":"09\/08\/2016","format":false,"excerpt":"Parte Primera: Grandes l\u00edneas de investigaci\u00f3n hist\u00f3rica en los siglos XIX y XX Introducci\u00f3n Hasta el siglo XIX las principales aportaciones a la historiogr\u00e1\u00adfia fueron de te\u00f3logos y fil\u00f3sofos. Utilizaban el m\u00e9todo cient\u00edfico racional, fruto de la revoluci\u00f3n cient\u00edfica del XVII y de la Ilustraci\u00f3n. Ambos factores permitieron conocer el\u2026","rel":"","context":"En \u00abHistoria de la Congregaci\u00f3n de la Misi\u00f3n\u00bb","block_context":{"text":"Historia de la Congregaci\u00f3n de la Misi\u00f3n","link":"http:\/\/vincentians.com\/es\/category\/historia-de-la-familia-vicenciana\/historia-de-la-congregacion-de-la-mision\/"},"img":{"alt_text":"","src":"https:\/\/i0.wp.com\/vincentians.com\/es\/wp-content\/uploads\/sites\/11\/2016\/08\/investigacion-historica.jpg?fit=1200%2C630&resize=350%2C200","width":350,"height":200,"srcset":"https:\/\/i0.wp.com\/vincentians.com\/es\/wp-content\/uploads\/sites\/11\/2016\/08\/investigacion-historica.jpg?fit=1200%2C630&resize=350%2C200 1x, https:\/\/i0.wp.com\/vincentians.com\/es\/wp-content\/uploads\/sites\/11\/2016\/08\/investigacion-historica.jpg?fit=1200%2C630&resize=525%2C300 1.5x, https:\/\/i0.wp.com\/vincentians.com\/es\/wp-content\/uploads\/sites\/11\/2016\/08\/investigacion-historica.jpg?fit=1200%2C630&resize=700%2C400 2x, https:\/\/i0.wp.com\/vincentians.com\/es\/wp-content\/uploads\/sites\/11\/2016\/08\/investigacion-historica.jpg?fit=1200%2C630&resize=1050%2C600 3x"},"classes":[]},{"id":24678,"url":"http:\/\/vincentians.com\/es\/formacion-para-la-excelencia-modulo-01-4%c2%ba-trabajo-en-equipo\/","url_meta":{"origin":127449,"position":3},"title":"Formaci\u00f3n para la excelencia (M\u00f3dulo 01): 4\u00ba. Trabajo en equipo","author":"Francisco Javier Fern\u00e1ndez Chento","date":"02\/09\/2013","format":false,"excerpt":"Cuando hablamos de trabajo en equipo, nos referi\u00admos a un grupo de gente bien organizada, cada una con sus correspondientes responsabilidades y tareas per\u00adfectamente definidas, teniendo a la cabeza un l\u00edder, idealmente aceptado por todos y quien ser\u00e1 el gu\u00eda para que el equipo a trav\u00e9s de ciertas reglas, oriente\u2026","rel":"","context":"En \u00abFormaci\u00f3n Vicenciana\u00bb","block_context":{"text":"Formaci\u00f3n Vicenciana","link":"http:\/\/vincentians.com\/es\/category\/formacion-vicenciana\/"},"img":{"alt_text":"","src":"https:\/\/i0.wp.com\/vicencianos.org\/wp-content\/2010\/12\/equipo-235x300.png?resize=350%2C200","width":350,"height":200},"classes":[]},{"id":47652,"url":"http:\/\/vincentians.com\/es\/las-asambleas-en-la-compania-de-las-hh-de-la-c\/","url_meta":{"origin":127449,"position":4},"title":"Las Asambleas en la Compa\u00f1\u00eda de las Hijas de la Caridad","author":"Francisco Javier Fern\u00e1ndez Chento","date":"11\/06\/2015","format":false,"excerpt":"Siglo XVII Las Asambleas existen desde los or\u00edgenes. En la Conferencia del 8 de agosto de 1965, San Vicente dice a las Her\u00admanas: \"Quiero leeros la aprobaci\u00f3n de vuestro establecimiento por Monse\u00f1or el Arzobispo de Par\u00eds y la confirmaci\u00f3n del mismo por Monse\u00f1or el Cardenal de Retz, su coadjutor...\" (libro\u2026","rel":"","context":"En \u00abFormaci\u00f3n Vicenciana\u00bb","block_context":{"text":"Formaci\u00f3n Vicenciana","link":"http:\/\/vincentians.com\/es\/category\/formacion-vicenciana\/"},"img":{"alt_text":"","src":"https:\/\/i0.wp.com\/vicencianos.org\/wp-content\/2011\/08\/f2-150x300.jpg?resize=350%2C200","width":350,"height":200},"classes":[]},{"id":41024,"url":"http:\/\/vincentians.com\/es\/susana-guillemin-conferencia-a-las-hermanas-ejercicios-de-mayo-de-1967\/","url_meta":{"origin":127449,"position":5},"title":"Susana Guillemin: Conferencia a las Hermanas, Ejercicios de mayo de 1967","author":"Francisco Javier Fern\u00e1ndez Chento","date":"05\/06\/2011","format":false,"excerpt":"Sin duda se preguntan de qu\u00e9 les voy a hablar. Pues bien, voy a hablarles, lo primero, de la Asamblea General, porque concentra en s\u00ed misma todos los problemas de la Comuriidad. All\u00ed se estudiar\u00e1n, all\u00ed se pondr\u00e1n al d\u00eda. Adem\u00e1s, la Asamblea General no interesa s\u00f3lo a los que\u2026","rel":"","context":"En \u00abEscritos de Susana Guillemin\u00bb","block_context":{"text":"Escritos de Susana Guillemin","link":"http:\/\/vincentians.com\/es\/category\/escritos\/escritos-de-susana-guillemin\/"},"img":{"alt_text":"","src":"https:\/\/i0.wp.com\/vincentians.com\/es\/wp-content\/uploads\/sites\/11\/2016\/07\/escritos-guillemin.jpg?fit=1200%2C630&resize=350%2C200","width":350,"height":200,"srcset":"https:\/\/i0.wp.com\/vincentians.com\/es\/wp-content\/uploads\/sites\/11\/2016\/07\/escritos-guillemin.jpg?fit=1200%2C630&resize=350%2C200 1x, https:\/\/i0.wp.com\/vincentians.com\/es\/wp-content\/uploads\/sites\/11\/2016\/07\/escritos-guillemin.jpg?fit=1200%2C630&resize=525%2C300 1.5x, https:\/\/i0.wp.com\/vincentians.com\/es\/wp-content\/uploads\/sites\/11\/2016\/07\/escritos-guillemin.jpg?fit=1200%2C630&resize=700%2C400 2x, https:\/\/i0.wp.com\/vincentians.com\/es\/wp-content\/uploads\/sites\/11\/2016\/07\/escritos-guillemin.jpg?fit=1200%2C630&resize=1050%2C600 3x"},"classes":[]}],"_links":{"self":[{"href":"http:\/\/vincentians.com\/es\/wp-json\/wp\/v2\/posts\/127449","targetHints":{"allow":["GET"]}}],"collection":[{"href":"http:\/\/vincentians.com\/es\/wp-json\/wp\/v2\/posts"}],"about":[{"href":"http:\/\/vincentians.com\/es\/wp-json\/wp\/v2\/types\/post"}],"author":[{"embeddable":true,"href":"http:\/\/vincentians.com\/es\/wp-json\/wp\/v2\/users\/4"}],"replies":[{"embeddable":true,"href":"http:\/\/vincentians.com\/es\/wp-json\/wp\/v2\/comments?post=127449"}],"version-history":[{"count":0,"href":"http:\/\/vincentians.com\/es\/wp-json\/wp\/v2\/posts\/127449\/revisions"}],"wp:featuredmedia":[{"embeddable":true,"href":"http:\/\/vincentians.com\/es\/wp-json\/"}],"wp:attachment":[{"href":"http:\/\/vincentians.com\/es\/wp-json\/wp\/v2\/media?parent=127449"}],"wp:term":[{"taxonomy":"category","embeddable":true,"href":"http:\/\/vincentians.com\/es\/wp-json\/wp\/v2\/categories?post=127449"},{"taxonomy":"post_tag","embeddable":true,"href":"http:\/\/vincentians.com\/es\/wp-json\/wp\/v2\/tags?post=127449"}],"curies":[{"name":"wp","href":"https:\/\/api.w.org\/{rel}","templated":true}]}}