{"id":127184,"date":"2021-01-04T07:25:47","date_gmt":"2021-01-04T06:25:47","guid":{"rendered":"http:\/\/somos.vicencianos.org\/?p=127184"},"modified":"2021-01-03T21:57:38","modified_gmt":"2021-01-03T20:57:38","slug":"santa-isabel-ana-bayley-seton","status":"publish","type":"post","link":"http:\/\/vincentians.com\/es\/santa-isabel-ana-bayley-seton\/","title":{"rendered":"Santa Isabel Ana Bayley Seton"},"content":{"rendered":"<p>Elizabeth Bayley Seton, la primera estadounidense de nacimiento en ser canonizada, era de ascendencia inglesa, creci\u00f3 en una familia que se estableci\u00f3 en la Nueva York colonial. Su padre, el doctor Richard Bayley era m\u00e9dico; su madre, Catherine Charlton, era la hija de un ministro anglicano. Este matrimonio tuvo tres hijas: Mary, Elizabeth y Catherine. La se\u00f1ora Bayley muri\u00f3 despu\u00e9s del nacimiento de Catherine, y poco tiempo despu\u00e9s, el doctor Bayley se cas\u00f3 con Charlotte Barclay. Si bien ella era inglesa, su madre era holandesa, de apellido Roosevelt. A trav\u00e9s de su madrastra, Elizabeth tuvo contacto con dos presidentes de los EEUU: Teddy Roosevelt y Franklyn D. Roosevelt. Uno de los sobrinos de Elizabeth llegar\u00eda a ser el Arzobispo de Baltimore, Msgr. James Roosevelt Bayley.<\/p>\n<p>Elizabeth naci\u00f3 el 28 de agosto de 1774, en las v\u00edsperas de la Revoluci\u00f3n Americana. Creci\u00f3 en la Iglesia Episcopal. En su juventud fue sin duda, una mujer notablemente hermosa. La iglesia de la Trinidad est\u00e1 ubicada en Wall Street, muy cerca de donde hoy se encuentra el edificio de la Bolsa de de Valores de Nueva York. A finales del siglo XVIII esta iglesia era el n\u00facleo espiritual de la ciudad, un centro de cultura donde se reun\u00eda la crema de la sociedad. Elizabeth conoci\u00f3 muy bien este mundo refinado y gentil, y cuando contrajo matrimonio con William Magee Seton, el 25 de enero de 1794, se despos\u00f3 en un entorno que le resultaba plenamente familiar. Ella y su esposo, un socio prominente en una firma de navegaci\u00f3n mercantil, tuvieron una boda elegante, y, despu\u00e9s de vivir con los Seton por alg\u00fan tiempo, se mudaron a su propia casa, en el n\u00famero 27 de Wall Street. Es interesante el contraste entre la actitud de Elizabeth y la de William en lo que toca a la religi\u00f3n.<\/p>\n<p>Ella era franca, sincera, con una pizca de santidad, le\u00eda la Biblia con una fuerte inclinaci\u00f3n evang\u00e9lica. Su esposo, no era muy religioso&#8230; El pertenec\u00eda a una nueva generaci\u00f3n de hombres. Lo que hoy llamar\u00edamos un ejecutivo. Para \u00e9l, lo primero era el negocio<span id='easy-footnote-1-127184' class='easy-footnote-margin-adjust'><\/span><span class='easy-footnote'><a href='http:\/\/vincentians.com\/es\/santa-isabel-ana-bayley-seton\/#easy-footnote-bottom-1-127184' title='Bernard Basset, S.J., &lt;i&gt;Saint Elizabeth Seton&lt;\/i&gt;, publ. London Catholic Truth Society, 1975, p. 4.'><sup>1<\/sup><\/a><\/span>.<\/p>\n<p>En su matrimonio le toc\u00f3 a Elizabeth ser la religiosa. No parece haber existido ning\u00fan tiempo en su vida en que ella perdiera su devoci\u00f3n, pero en sus a\u00f1os de matrimonio, su formaci\u00f3n espiritual creci\u00f3 en gran medida por obra de un joven ministro de la <i>High Church<\/i> que podr\u00eda traducirse <i>Iglesia Superior,<\/i> como se denomina a la rama sacramental del anglicanismo. John Henry Hobart, ministraba en la parroquia de la Trinidad, era un acad\u00e9mico y su entusiasta predicaci\u00f3n irradiaba convicci\u00f3n y profunda espiritualidad. Hobart era el m\u00e1s joven de tres ministros que asist\u00edan a Benjamin Moore, el rector de la iglesia de la Trinidad.<\/p>\n<p>Uno de sus bi\u00f3grafos, describi\u00f3 una vez a Hobart en estas palabras <i>\u00abera de baja estatura, desproporcionado y llevaba gafas gruesas\u00bb<\/i><span id='easy-footnote-2-127184' class='easy-footnote-margin-adjust'><\/span><span class='easy-footnote'><a href='http:\/\/vincentians.com\/es\/santa-isabel-ana-bayley-seton\/#easy-footnote-bottom-2-127184' title='Joseph I. Dirvin, CM., &lt;i&gt;Mrs. Seton: Foundress of the American Sisters of Charity&lt;\/i&gt;, New Canonization Edition publ. Farrar Straus and Giroux, New York, 1962, 1975, p. 84.'><sup>2<\/sup><\/a><\/span> Conoci\u00f3 a John Henry Newman en Inglaterra, y el Cardenal converso le impresion\u00f3 con su inteligencia. Elizabeth Seton y su cu\u00f1ada Rebecca, cayeron bajo su encanto. En el caso de Elizabeth, el pastor Hobart tuvo que tratar con una personalidad compleja:<\/p>\n<p>La joven Elizabeth hab\u00eda desarrollado una asombrosa combinaci\u00f3n de creencia y pr\u00e1ctica de la fe. Usaba un crucifijo cat\u00f3lico, ve\u00eda con agrado la vida del claustro, afirmaba la doctrina de los \u00e1ngeles, gustaba de los himnos\u00a0 metodistas, el quietismo de los cu\u00e1queros y el emocionalismo de Rousseau, ley\u00f3 la literatura protestante de su tiempo, practic\u00f3 la meditaci\u00f3n, se inclin\u00f3 al estrecho calvinismo de sus ancestros en materia de pecado y castigo mientras asist\u00eda a la Iglesia Episcopal<span id='easy-footnote-3-127184' class='easy-footnote-margin-adjust'><\/span><span class='easy-footnote'><a href='http:\/\/vincentians.com\/es\/santa-isabel-ana-bayley-seton\/#easy-footnote-bottom-3-127184' title='Ibidem.'><sup>3<\/sup><\/a><\/span>.<\/p>\n<p>A pesar de la complejidad de Elizabeth o quiz\u00e1 a causa de ella, los dos ten\u00edan una estrecha atracci\u00f3n espiritual. Elizabeth Seton fue una enamorada de Dios, y Henry Hobart fue el hombre enviado por la Providencia para cultivar ese amor a un potencial m\u00e1s all\u00e1 de lo terrenal. No es sorpresivo que John Henry Hobart y su esposa (la hija del ministro que ofici\u00f3 en la boda de los padres de Elizabeth) visitaran frecuentemente el hogar de los Seton. Una carta escrita por Elizabeth a una amiga, Julia Scott (enviada por el mismo Hobart), nos da una mejor idea de lo que Elizabeth pensaba de Hobart:<\/p>\n<p><i>El portador de esta carta conoce muy bien la disposici\u00f3n mi coraz\u00f3n\u2026 El que procura y consuela a un alma atribulada es esa clase de amigo que no se encuentra f\u00e1cilmente. Sus convicciones, piedad y singular forma de pensar y las razones que \u00e9l posee lo han convertido\u2014sin que \u00e9l se lo imagine\u2014en mi mejor amigo en este mundo, y uno de aquellos de quienes, despu\u00e9s de mi Adorado Creador, espero recibir el mayor grado de felicidad en el mundo por<\/i><em> venir<\/em><span id='easy-footnote-4-127184' class='easy-footnote-margin-adjust'><\/span><span class='easy-footnote'><a href='http:\/\/vincentians.com\/es\/santa-isabel-ana-bayley-seton\/#easy-footnote-bottom-4-127184' title='Elizabeth Seton a Julia Scott, citado en ibid., p. 103.'><sup>4<\/sup><\/a><\/span>.<\/p>\n<p>Alg\u00fan tiempo despu\u00e9s, a causa de reveses financieros de William Seton, la familia se mud\u00f3 de Wall Street al n\u00famero 8 de State Street, una casa en los l\u00edmites geogr\u00e1ficos de la Isla de Manhattan, con vistas panor\u00e1micas al r\u00edo y a la bah\u00eda. Long Island estaba al este, New Jersey al oeste, y Staten Island al sur, donde hoy est\u00e1 el Santuario de Nuestra Se\u00f1ora del Rosario.<\/p>\n<p>En 1802, la salud de William Seton comenz\u00f3 a decaer, y le aconsejaron mudarse a un clima m\u00e1s propicio para su recuperaci\u00f3n. Eligi\u00f3 Livorno, Italia porque, entre otras razones, era el hogar de la familia Filicchi, viejos amigos y asociados de negocios de William Seton. Filippo era el cabeza de la compa\u00f1\u00eda Filicchi. Su esposa, Mary Cowper, era originaria de Boston, y a trav\u00e9s del matrimonio y el prestigio de su firma de negocios, el se\u00f1or Filicchi se hab\u00eda hecho muy famoso en los Estados Unidos. Ten\u00eda amistad con patriotas americanos como Washington, Jefferson, y Madison, y tambi\u00e9n conoci\u00f3 a John Carroll de Baltimore, el primer obispo cat\u00f3lico de esa naci\u00f3n. Como prueba de la estima que le ten\u00edan, Filippo fue nombrado c\u00f3nsul de Estados Unidos en Livorno, algo inusual para un italiano de nacimiento. El hermano de Filippo, Antonio, era tambi\u00e9n un socio en la empresa. Su hermosa y encantadora esposa, Amabilia y Elizabeth Seton pronto se volvieron \u00edntimas amigas.<\/p>\n<p>Los Filicchis eran cat\u00f3licos devotos, aunque no se sabe si en materia religiosa llegaron a producir alguna impresi\u00f3n en William Seton. William muri\u00f3 en Italia en diciembre de 1803, y fue enterrado en el cementerio protestante de Livorno.<\/p>\n<p>No sabemos en qu\u00e9 momento fue que la gracia de la conversi\u00f3n de Elizabeth comenz\u00f3 a cristalizarse. Es casi seguro que comenz\u00f3 mientras ella viv\u00eda en Italia; no hay nada que nos indique que anteriormente, en Nueva York, tuviera alguna atracci\u00f3n hacia la Iglesia Cat\u00f3lica. Sabemos que estando en Italia iba frecuentemente con los Filicchis al Santuario de Nuestra Se\u00f1ora de Montenaro en Livorno. Tambi\u00e9n sabemos que en un viaje a Florencia, visit\u00f3 la Catedral (el Duomo), la iglesia de San Lorenzo, Santa Mar\u00eda Novella, y la capilla de Medici y que qued\u00f3 absolutamente fascinada con la belleza de estos lugares.<\/p>\n<p>Alg\u00fan tiempo despu\u00e9s le escribi\u00f3 a un amigo:<\/p>\n<p style=\"padding-left: 30px\"><i>\u00a1Cu\u00e1n feliz ser\u00eda yo, si nosotros crey\u00e9ramos lo que estas queridas almas creen: que ellos poseen a Dios en el Sacramento, y que \u00e9l permanece en sus iglesias y les es llevado a ellos cuando est\u00e1n enfermos! \u00a1Oh!\u2026 \u00a1cu\u00e1n feliz ser\u00eda yo, a\u00fan lejos de todo lo que estimo, si pudiera encontrar al Se\u00f1or en la iglesia como ellos lo hacen\u2026 cu\u00e1ntas cosas le dir\u00eda de las penas de mi coraz\u00f3n y de los pecados de mi vida.<\/i><span id='easy-footnote-5-127184' class='easy-footnote-margin-adjust'><\/span><span class='easy-footnote'><a href='http:\/\/vincentians.com\/es\/santa-isabel-ana-bayley-seton\/#easy-footnote-bottom-5-127184' title='Elizabeth Seton, citado en ibid., p. 137.'><sup>5<\/sup><\/a><\/span>\n<p>Oraba a Dios con la intenci\u00f3n de hallarlo, lo que sugiere intensamente que deseaba creer en la doctrina cat\u00f3lica de la Presencia Real de Dios en la Eucarist\u00eda.<\/p>\n<p>Elizabeth comenz\u00f3 a confiar en la familia Filicchi, y ellos le proveyeron algunos libros, los cuales ella ley\u00f3 con atenci\u00f3n. Sabemos que ley\u00f3 la <i>Introducci\u00f3n a la Vida Devota<\/i> de San Francisco de Sales, un trabajo pol\u00e9mico llamado <i>La Inerrante Autoridad de la Iglesia Cat\u00f3lica<\/i>, la <i>Exposici\u00f3n de la Doctrina Cat\u00f3lica<\/i> de Bossuet, y una historia de la Iglesia ordenada paso a paso, recopilada y escrita a mano por Filippo con ayuda de un sacerdote amigo, el padre Pecci.<\/p>\n<p>Elizabeth regres\u00f3 a la ciudad de Nueva York, ya fuertemente inclinada hacia el catolicismo. Antonio Filicchi la acompa\u00f1o en la larga traves\u00eda transatl\u00e1ntica. El le di\u00f3 una copia del libro <i>Vidas de los Santos<\/i> de Butler, que ella ley\u00f3 con voracidad. El viaje fue pr\u00e1cticamente un retiro espiritual en el que oraron, ayunaron y observaron los d\u00edas festivos con particular devoci\u00f3n.<\/p>\n<p>Ya en Nueva York su m\u00e1s grande desilusi\u00f3n vino como consecuencia de hacer saber a la gente de su inter\u00e9s en el catolicismo. Las preguntas que sugieron entre sus amigos\u2014mayormente originadas por prejuicios superficiales\u2014se volvieron un bombardeo incesante y hostil. El antiguo mentor de Elizabeth, John Henry Hobart, no fue menos cr\u00edtico:<\/p>\n<p style=\"padding-left: 30px\"><i>Cuando veo a una persona, cuya piedad sincera y ardiente siempre he juzgado digna de imitaci\u00f3n, que est\u00e1 en peligro de conectarse con una comuni\u00f3n que mi juicio m\u00e1s sobrio me dice que es una comuni\u00f3n corrupta y pecaminosa; no puedo evitar sentirme profundamente afectado\u2026 Si, como parece, has abandonado la religi\u00f3n de tus antepasados, no por prejuicios de educaci\u00f3n, no por buscar mejor informaci\u00f3n, pero en oposici\u00f3n a una luz y a un conocimiento que pocos han disfrutado, mi alma pregunta ansiosamente, \u00bfqu\u00e9 respuesta le dar\u00e1s a tu Juez Todopoderoso?<\/i><span id='easy-footnote-6-127184' class='easy-footnote-margin-adjust'><\/span><span class='easy-footnote'><a href='http:\/\/vincentians.com\/es\/santa-isabel-ana-bayley-seton\/#easy-footnote-bottom-6-127184' title='John Henry Hobart, citado en Annabelle M. Melville, Elizabeth Bayley Seton (New York: Charles Scribner\u2019s Sons, 1951), pp. 85-86.'><sup>6<\/sup><\/a><\/span>\n<p>Hobart no perdi\u00f3 tiempo en proveer a Elizabeth Seton con una copia del famoso libro de Thomas Newton, la <i>Disertaci\u00f3n sobre las Profec\u00edas<\/i>, cuya tesis principal es que todo aquel que siga al Papa ir\u00e1 a parar al abismo sin fondo. Y el libro tuvo su efecto, pues atribul\u00f3 el alma de Elizabeth en vano. Para contrapesar el efecto de este libro inici\u00f3 la lectura de otras obras de un sacerdote neoyorquino que le hab\u00eda recomendado Antonio Filicchi: Robert Manning. Los libros fueron: <i>La Conversi\u00f3n de Inglaterra<\/i> y un segundo trabajo titulado <i>La Reforma Comparada<\/i>.<\/p>\n<p>Continu\u00f3 asistiendo a los servicios religiosos en su denominaci\u00f3n con algunos altibajos, sinti\u00e9ndose cada vez menos a gusto. Luego de asistir a un servicio dominical en la capilla de San Pablo en Broadway le escribi\u00f3 a Amabilia Filicchi:<\/p>\n<p style=\"padding-left: 30px\"><i>Me sent\u00e9 en una banca al costado, de manera que qued\u00e9 mirando hacia [el edificio de la iglesia cat\u00f3lica en la calle adyacente y por veinte veces me sorprend\u00ed habl\u00e1ndole al Sant\u00edsimo Sacramento ah\u00ed, en vez de orar hacia el altar vac\u00edo de la iglesia en la que estaba.<\/i><span id='easy-footnote-7-127184' class='easy-footnote-margin-adjust'><\/span><span class='easy-footnote'><a href='http:\/\/vincentians.com\/es\/santa-isabel-ana-bayley-seton\/#easy-footnote-bottom-7-127184' title='Elizabeth Seton a Amabilia Filcchi, citado en Dirvin, &lt;i&gt;Mrs. Seton: Foundress of the American Sisters of Charity&lt;\/i&gt;, p. 154.'><sup>7<\/sup><\/a><\/span>\n<p>Alg\u00fan tiempo despu\u00e9s, le escrib\u00eda al esposo de Amabilia, Antonio:<\/p>\n<p style=\"padding-left: 30px\"><i>Despu\u00e9s de leer la vida de Santa Mar\u00eda Magdalena, pens\u00e9: \u00abVen alma m\u00eda, perm\u00edtenos revisar todas esas sugestiones de un lado o de otro, y tranquilamente resolvernos a ir a aquella iglesia que tiene a su favor tan sabia y buena multitud\u00bb; y comenc\u00e9 a considerar el primer paso que deber\u00eda tomar. El primer paso \u00bfno es acaso declarar que creo en todo lo que ense\u00f1a el Concilio de Trento?<\/i><span id='easy-footnote-8-127184' class='easy-footnote-margin-adjust'><\/span><span class='easy-footnote'><a href='http:\/\/vincentians.com\/es\/santa-isabel-ana-bayley-seton\/#easy-footnote-bottom-8-127184' title='Elizabeth Seton a Amabilia Filcchi, citado en ibid., p. 155.'><sup>8<\/sup><\/a><\/span>\n<p>Cierta acci\u00f3n tomada por la Iglesia Anglicana pudo haber sido el detonante de su decisi\u00f3n de convertirse. En 1873, la iglesia tom\u00f3 como su nombre oficial el de <i>Iglesia Episcopal Protestante<\/i>. En la primera convenci\u00f3n general de la nueva iglesia, realizada en Filadelfia en 1789, la liturgia original de la Iglesia Anglicana, <i>El libro de oraciones de los Fieles<\/i> declaraba originalmente que, en la comuni\u00f3n <i>\u00abel Cuerpo y la Sangre de Cristo [&#8230;] son cierta y verdaderamente recibidos por el creyente en la Cena del Se\u00f1or\u00bb<\/i>. Despu\u00e9s de la revisi\u00f3n, dec\u00eda que el Cuerpo y la Sangre de Cristo son <i>\u00abincorporados y recibidos espiritualmente\u00bb<\/i><span id='easy-footnote-9-127184' class='easy-footnote-margin-adjust'><\/span><span class='easy-footnote'><a href='http:\/\/vincentians.com\/es\/santa-isabel-ana-bayley-seton\/#easy-footnote-bottom-9-127184' title='Elizabeth Seton a Antonio Filicchi, citado en ibid., p. 155.'><sup>9<\/sup><\/a><\/span>.<\/p>\n<p>La redacci\u00f3n original explica la intensa devoci\u00f3n de Elizabeth por el sacramento anglicano y su ansia para aceptar inamovible creencia cat\u00f3lica romana en la Presencia Real de Cristo en la Eucarist\u00eda. As\u00ed le escribe a Amabilia Filicchi:<\/p>\n<p style=\"padding-left: 30px\"><i>Un d\u00eda como ninguno para m\u00ed\u2026 \u00bfD\u00f3nde he estado? \u00a1En la Iglesia de San Pedro con la Cruz en lo alto en lugar de una veleta!\u2026 Cuando di vuelta a la esquina de la calle ah\u00ed estaba \u00abAqu\u00ed voy, mi Dios, dije:<\/i> \u00abmi coraz\u00f3n es todo Tuyo\u00bb<span id='easy-footnote-10-127184' class='easy-footnote-margin-adjust'><\/span><span class='easy-footnote'><a href='http:\/\/vincentians.com\/es\/santa-isabel-ana-bayley-seton\/#easy-footnote-bottom-10-127184' title='Elizabeth Seton a Amabilia Filicchi, citado en ibid., p. 164.'><sup>10<\/sup><\/a><\/span>.<\/p>\n<p>La se\u00f1ora Seton fue recibida en la Iglesia Cat\u00f3lica por el padre William O\u2019Brien el 14 de marzo de 1805, en la iglesia de San Pedro en la calle Barclay. Ella pag\u00f3 muy caro esa acci\u00f3n. Sus amigos y parientes pensaron que se hab\u00eda vuelto loca y se le opusieron con amargura. Muchos de ellos intentaron persuadir a varios padres de familia de apartar a sus hijos de un peque\u00f1o internado que ella hab\u00eda abierto para ganarse el sustento. Eventualmente se fue de Nueva York con sus hijos mud\u00e1ndose a Baltimore, donde se ocup\u00f3 en un trabajo similar.<\/p>\n<p>El resto de la historia es bien conocida. Un grupo de mujeres afines que se hab\u00edan reunido en torno suyo lleg\u00f3 a ser el centro, el n\u00facleo, de las Hermanas de la Caridad. En la calle Paca de Baltimore, hoy se puede visitar la capilla donde Elizabeth Bayley Seton y las otras mujeres profesaron sus votos.<\/p>\n<p>Desde Baltimore, la Madre Seton y su comunidad se mudaron a Emmitsburg, Maryland, una peque\u00f1a aldea no muy lejos del l\u00edmite con Pennsylvania. Hoy, uno puede visitar ah\u00ed la tumba de esta aut\u00e9ntica santa norteamericana, consagrada en los cimientos una hermosa bas\u00edlica, as\u00ed como las tumbas de dos de sus cinco hijos en un cementerio adyacente. En esta tranquilo y pac\u00edfico rinc\u00f3n de Norteam\u00e9rica, tuvo sus comienzos la educaci\u00f3n cat\u00f3lica en los Estados Unidos. Ah\u00ed tambi\u00e9n, comenzaron las cinco grandes compa\u00f1\u00edas de las Hermanas de la Caridad en los Estados Unidos y Canad\u00e1. Todo esto existe debido a la sed de una mujer por la Presencia Real de Nuestro Se\u00f1or en el Sant\u00edsimo Sacramento.<\/p>\n<p>En el momento de su canonizaci\u00f3n en 1975, al prologar una biograf\u00eda de la Madre Seton, El Cardenal Terence Cooke resumi\u00f3 su legado:<\/p>\n<p style=\"padding-left: 30px\"><i>En Elizabeth Ann Seton, tenemos una santa para nuestros tiempos.<\/i><\/p>\n<p>En Elizabeth Ann Seton, tenemos a una mujer de fe, para un tiempo de duda e incertidumbre\u2026 una mujer de amor para una \u00e9poca de frialdad y divisi\u00f3n\u2026 una mujer de esperanza para una era de crisis y desaliento. Demos gracias a Dios por esta santa hija de Nueva York, por esta mujer valiente de la Iglesia de Dios<span id='easy-footnote-11-127184' class='easy-footnote-margin-adjust'><\/span><span class='easy-footnote'><a href='http:\/\/vincentians.com\/es\/santa-isabel-ana-bayley-seton\/#easy-footnote-bottom-11-127184' title='Terence Cardinal Cooke, citado en ibid, cap. XIII.'><sup>11<\/sup><\/a><\/span>.<\/p>\n","protected":false},"excerpt":{"rendered":"<p>Elizabeth Bayley Seton, la primera estadounidense de nacimiento en ser canonizada, era de ascendencia inglesa, creci\u00f3 en una familia que se estableci\u00f3 en la Nueva York colonial. Su padre, el doctor Richard Bayley era m\u00e9dico; &#8230; <a href=\"http:\/\/vincentians.com\/es\/santa-isabel-ana-bayley-seton\/\" class=\"more-link\">Read More<\/a><\/p>\n","protected":false},"author":4,"featured_media":399680,"comment_status":"open","ping_status":"open","sticky":false,"template":"","format":"standard","meta":{"jetpack_post_was_ever_published":false,"_jetpack_newsletter_access":"","_jetpack_dont_email_post_to_subs":false,"_jetpack_newsletter_tier_id":0,"_jetpack_memberships_contains_paywalled_content":false,"_jetpack_memberships_contains_paid_content":false,"footnotes":"","jetpack_publicize_message":"","jetpack_publicize_feature_enabled":true,"jetpack_social_post_already_shared":true,"jetpack_social_options":{"image_generator_settings":{"template":"highway","default_image_id":0,"font":"","enabled":false},"version":2}},"categories":[24],"tags":[],"class_list":["post-127184","post","type-post","status-publish","format-standard","has-post-thumbnail","hentry","category-isabel-ana-bayley-seton"],"yoast_head":"<!-- This site is optimized with the Yoast SEO plugin v26.3 - https:\/\/yoast.com\/wordpress\/plugins\/seo\/ -->\n<title>Santa Isabel Ana Bayley Seton - Somos Vicencianos<\/title>\n<meta name=\"robots\" content=\"index, follow, max-snippet:-1, max-image-preview:large, max-video-preview:-1\" \/>\n<link rel=\"canonical\" href=\"http:\/\/vincentians.com\/es\/santa-isabel-ana-bayley-seton\/\" \/>\n<meta property=\"og:locale\" content=\"es_ES\" \/>\n<meta property=\"og:type\" content=\"article\" \/>\n<meta property=\"og:title\" content=\"Santa Isabel Ana Bayley Seton - Somos Vicencianos\" \/>\n<meta property=\"og:description\" content=\"Elizabeth Bayley Seton, la primera estadounidense de nacimiento en ser canonizada, era de ascendencia inglesa, creci\u00f3 en una familia que se estableci\u00f3 en la Nueva York colonial. Su padre, el doctor Richard Bayley era m\u00e9dico; ... Read More\" \/>\n<meta property=\"og:url\" content=\"http:\/\/vincentians.com\/es\/santa-isabel-ana-bayley-seton\/\" \/>\n<meta property=\"og:site_name\" content=\"Somos Vicencianos\" \/>\n<meta property=\"article:publisher\" content=\"https:\/\/www.facebook.com\/WeAreVincentians\/\" \/>\n<meta property=\"article:author\" content=\"https:\/\/www.facebook.com\/JavierChento\" \/>\n<meta property=\"article:published_time\" content=\"2021-01-04T06:25:47+00:00\" \/>\n<meta property=\"og:image\" content=\"https:\/\/i0.wp.com\/vincentians.com\/es\/wp-content\/uploads\/sites\/11\/2016\/08\/cofradias-de-caridad.jpg?fit=1200%2C630\" \/>\n\t<meta property=\"og:image:width\" content=\"1200\" \/>\n\t<meta property=\"og:image:height\" content=\"630\" \/>\n\t<meta property=\"og:image:type\" content=\"image\/jpeg\" \/>\n<meta name=\"author\" content=\"Francisco Javier Fern\u00e1ndez Chento\" \/>\n<meta name=\"twitter:card\" content=\"summary_large_image\" \/>\n<meta name=\"twitter:creator\" content=\"@https:\/\/twitter.com\/javierchento\" \/>\n<meta name=\"twitter:site\" content=\"@WeVincentians\" \/>\n<meta name=\"twitter:label1\" content=\"Escrito por\" \/>\n\t<meta name=\"twitter:data1\" content=\"Francisco Javier Fern\u00e1ndez Chento\" \/>\n\t<meta name=\"twitter:label2\" content=\"Tiempo de lectura\" \/>\n\t<meta name=\"twitter:data2\" content=\"13 minutos\" \/>\n<script type=\"application\/ld+json\" class=\"yoast-schema-graph\">{\"@context\":\"https:\/\/schema.org\",\"@graph\":[{\"@type\":\"Article\",\"@id\":\"http:\/\/vincentians.com\/es\/santa-isabel-ana-bayley-seton\/#article\",\"isPartOf\":{\"@id\":\"http:\/\/vincentians.com\/es\/santa-isabel-ana-bayley-seton\/\"},\"author\":{\"name\":\"Francisco Javier Fern\u00e1ndez Chento\",\"@id\":\"https:\/\/vincentians.com\/es\/#\/schema\/person\/9623ef4d9aa3b2dfb8c061f1499288f2\"},\"headline\":\"Santa Isabel Ana Bayley Seton\",\"datePublished\":\"2021-01-04T06:25:47+00:00\",\"mainEntityOfPage\":{\"@id\":\"http:\/\/vincentians.com\/es\/santa-isabel-ana-bayley-seton\/\"},\"wordCount\":2676,\"commentCount\":0,\"publisher\":{\"@id\":\"https:\/\/vincentians.com\/es\/#organization\"},\"image\":{\"@id\":\"http:\/\/vincentians.com\/es\/santa-isabel-ana-bayley-seton\/#primaryimage\"},\"thumbnailUrl\":\"https:\/\/i0.wp.com\/vincentians.com\/es\/wp-content\/uploads\/sites\/11\/2016\/08\/cofradias-de-caridad.jpg?fit=1200%2C630\",\"articleSection\":[\"Isabel Ana Bayley Seton\"],\"inLanguage\":\"es\",\"potentialAction\":[{\"@type\":\"CommentAction\",\"name\":\"Comment\",\"target\":[\"http:\/\/vincentians.com\/es\/santa-isabel-ana-bayley-seton\/#respond\"]}]},{\"@type\":\"WebPage\",\"@id\":\"http:\/\/vincentians.com\/es\/santa-isabel-ana-bayley-seton\/\",\"url\":\"http:\/\/vincentians.com\/es\/santa-isabel-ana-bayley-seton\/\",\"name\":\"Santa Isabel Ana Bayley Seton - Somos Vicencianos\",\"isPartOf\":{\"@id\":\"https:\/\/vincentians.com\/es\/#website\"},\"primaryImageOfPage\":{\"@id\":\"http:\/\/vincentians.com\/es\/santa-isabel-ana-bayley-seton\/#primaryimage\"},\"image\":{\"@id\":\"http:\/\/vincentians.com\/es\/santa-isabel-ana-bayley-seton\/#primaryimage\"},\"thumbnailUrl\":\"https:\/\/i0.wp.com\/vincentians.com\/es\/wp-content\/uploads\/sites\/11\/2016\/08\/cofradias-de-caridad.jpg?fit=1200%2C630\",\"datePublished\":\"2021-01-04T06:25:47+00:00\",\"breadcrumb\":{\"@id\":\"http:\/\/vincentians.com\/es\/santa-isabel-ana-bayley-seton\/#breadcrumb\"},\"inLanguage\":\"es\",\"potentialAction\":[{\"@type\":\"ReadAction\",\"target\":[\"http:\/\/vincentians.com\/es\/santa-isabel-ana-bayley-seton\/\"]}]},{\"@type\":\"ImageObject\",\"inLanguage\":\"es\",\"@id\":\"http:\/\/vincentians.com\/es\/santa-isabel-ana-bayley-seton\/#primaryimage\",\"url\":\"https:\/\/i0.wp.com\/vincentians.com\/es\/wp-content\/uploads\/sites\/11\/2016\/08\/cofradias-de-caridad.jpg?fit=1200%2C630\",\"contentUrl\":\"https:\/\/i0.wp.com\/vincentians.com\/es\/wp-content\/uploads\/sites\/11\/2016\/08\/cofradias-de-caridad.jpg?fit=1200%2C630\",\"width\":1200,\"height\":630},{\"@type\":\"BreadcrumbList\",\"@id\":\"http:\/\/vincentians.com\/es\/santa-isabel-ana-bayley-seton\/#breadcrumb\",\"itemListElement\":[{\"@type\":\"ListItem\",\"position\":1,\"name\":\"Portada\",\"item\":\"https:\/\/vincentians.com\/es\/\"},{\"@type\":\"ListItem\",\"position\":2,\"name\":\"Santa Isabel Ana Bayley Seton\"}]},{\"@type\":\"WebSite\",\"@id\":\"https:\/\/vincentians.com\/es\/#website\",\"url\":\"https:\/\/vincentians.com\/es\/\",\"name\":\"Somos Vicencianos\",\"description\":\"Know more to serve more\",\"publisher\":{\"@id\":\"https:\/\/vincentians.com\/es\/#organization\"},\"potentialAction\":[{\"@type\":\"SearchAction\",\"target\":{\"@type\":\"EntryPoint\",\"urlTemplate\":\"https:\/\/vincentians.com\/es\/?s={search_term_string}\"},\"query-input\":{\"@type\":\"PropertyValueSpecification\",\"valueRequired\":true,\"valueName\":\"search_term_string\"}}],\"inLanguage\":\"es\"},{\"@type\":\"Organization\",\"@id\":\"https:\/\/vincentians.com\/es\/#organization\",\"name\":\"The Vincentian Network\",\"url\":\"https:\/\/vincentians.com\/es\/\",\"logo\":{\"@type\":\"ImageObject\",\"inLanguage\":\"es\",\"@id\":\"https:\/\/vincentians.com\/es\/#\/schema\/logo\/image\/\",\"url\":\"https:\/\/i1.wp.com\/vincentians.com\/es\/wp-content\/uploads\/sites\/11\/2016\/06\/Vincentian-Network-logo-big.png?fit=778%2C778\",\"contentUrl\":\"https:\/\/i1.wp.com\/vincentians.com\/es\/wp-content\/uploads\/sites\/11\/2016\/06\/Vincentian-Network-logo-big.png?fit=778%2C778\",\"width\":778,\"height\":778,\"caption\":\"The Vincentian Network\"},\"image\":{\"@id\":\"https:\/\/vincentians.com\/es\/#\/schema\/logo\/image\/\"},\"sameAs\":[\"https:\/\/www.facebook.com\/WeAreVincentians\/\",\"https:\/\/x.com\/WeVincentians\"]},{\"@type\":\"Person\",\"@id\":\"https:\/\/vincentians.com\/es\/#\/schema\/person\/9623ef4d9aa3b2dfb8c061f1499288f2\",\"name\":\"Francisco Javier Fern\u00e1ndez Chento\",\"image\":{\"@type\":\"ImageObject\",\"inLanguage\":\"es\",\"@id\":\"https:\/\/vincentians.com\/es\/#\/schema\/person\/image\/\",\"url\":\"https:\/\/secure.gravatar.com\/avatar\/497d5cde87b4c3d097d0315953521681ba2cd523ee66e5077c3711f7021e65de?s=96&d=mm&r=g\",\"contentUrl\":\"https:\/\/secure.gravatar.com\/avatar\/497d5cde87b4c3d097d0315953521681ba2cd523ee66e5077c3711f7021e65de?s=96&d=mm&r=g\",\"caption\":\"Francisco Javier Fern\u00e1ndez Chento\"},\"description\":\"Director General y cofundador de La Red de Formaci\u00f3n Vicenciana. Javier es laico vicenciano, afiliado a la Congregaci\u00f3n de la Misi\u00f3n y miembro del Equipo de Misiones Populares de la provincia can\u00f3nica de Zaragoza (Espa\u00f1a) de la Congregaci\u00f3n de la Misi\u00f3n. Graduado en la Universidad Oberta de Catalunya con cuatro grados (Asistente de direcci\u00f3n, Gesti\u00f3n Administrativa, Recursos Humanos y Contabilidad Avanzada). Bil\u00edng\u00fce Espa\u00f1ol\/Ingl\u00e9s. gestiona y mantiene varias p\u00e1ginas web cristianas y vicencianas, incluida including La Red de Formaci\u00f3n Vicenciana, de la que es cofundador. Actualmente es responsable del \u00e1rea de Espa\u00f1ol de .famvin, la Red de Noticias de la Familia Vicenciana. Tambi\u00e9n es m\u00fasico cat\u00f3lico y ha editado varios discos. Es Director General y cofundador de Trovador, una reconocida compa\u00f1\u00eda discogr\u00e1fica critiana de Espa\u00f1a. Trabaja en las Tecnolog\u00edas de la Informaci\u00f3n, ofreciendo servicios de alojamiento, dise\u00f1o y mantenimiento Web, as\u00ed como asesoramiento, formaci\u00f3n y soluciones inform\u00e1ticas, gesti\u00f3n documental y digitalizaci\u00f3n de textos, edici\u00f3n y maquetaci\u00f3n de libros, revistas, flyers, etc.\",\"sameAs\":[\"http:\/\/chento.org\",\"https:\/\/www.facebook.com\/JavierChento\",\"https:\/\/x.com\/https:\/\/twitter.com\/javierchento\"],\"url\":\"http:\/\/vincentians.com\/es\/author\/chento\/\"}]}<\/script>\n<!-- \/ Yoast SEO plugin. -->","yoast_head_json":{"title":"Santa Isabel Ana Bayley Seton - Somos Vicencianos","robots":{"index":"index","follow":"follow","max-snippet":"max-snippet:-1","max-image-preview":"max-image-preview:large","max-video-preview":"max-video-preview:-1"},"canonical":"http:\/\/vincentians.com\/es\/santa-isabel-ana-bayley-seton\/","og_locale":"es_ES","og_type":"article","og_title":"Santa Isabel Ana Bayley Seton - Somos Vicencianos","og_description":"Elizabeth Bayley Seton, la primera estadounidense de nacimiento en ser canonizada, era de ascendencia inglesa, creci\u00f3 en una familia que se estableci\u00f3 en la Nueva York colonial. Su padre, el doctor Richard Bayley era m\u00e9dico; ... Read More","og_url":"http:\/\/vincentians.com\/es\/santa-isabel-ana-bayley-seton\/","og_site_name":"Somos Vicencianos","article_publisher":"https:\/\/www.facebook.com\/WeAreVincentians\/","article_author":"https:\/\/www.facebook.com\/JavierChento","article_published_time":"2021-01-04T06:25:47+00:00","og_image":[{"width":1200,"height":630,"url":"https:\/\/i0.wp.com\/vincentians.com\/es\/wp-content\/uploads\/sites\/11\/2016\/08\/cofradias-de-caridad.jpg?fit=1200%2C630","type":"image\/jpeg"}],"author":"Francisco Javier Fern\u00e1ndez Chento","twitter_card":"summary_large_image","twitter_creator":"@https:\/\/twitter.com\/javierchento","twitter_site":"@WeVincentians","twitter_misc":{"Escrito por":"Francisco Javier Fern\u00e1ndez Chento","Tiempo de lectura":"13 minutos"},"schema":{"@context":"https:\/\/schema.org","@graph":[{"@type":"Article","@id":"http:\/\/vincentians.com\/es\/santa-isabel-ana-bayley-seton\/#article","isPartOf":{"@id":"http:\/\/vincentians.com\/es\/santa-isabel-ana-bayley-seton\/"},"author":{"name":"Francisco Javier Fern\u00e1ndez Chento","@id":"https:\/\/vincentians.com\/es\/#\/schema\/person\/9623ef4d9aa3b2dfb8c061f1499288f2"},"headline":"Santa Isabel Ana Bayley Seton","datePublished":"2021-01-04T06:25:47+00:00","mainEntityOfPage":{"@id":"http:\/\/vincentians.com\/es\/santa-isabel-ana-bayley-seton\/"},"wordCount":2676,"commentCount":0,"publisher":{"@id":"https:\/\/vincentians.com\/es\/#organization"},"image":{"@id":"http:\/\/vincentians.com\/es\/santa-isabel-ana-bayley-seton\/#primaryimage"},"thumbnailUrl":"https:\/\/i0.wp.com\/vincentians.com\/es\/wp-content\/uploads\/sites\/11\/2016\/08\/cofradias-de-caridad.jpg?fit=1200%2C630","articleSection":["Isabel Ana Bayley Seton"],"inLanguage":"es","potentialAction":[{"@type":"CommentAction","name":"Comment","target":["http:\/\/vincentians.com\/es\/santa-isabel-ana-bayley-seton\/#respond"]}]},{"@type":"WebPage","@id":"http:\/\/vincentians.com\/es\/santa-isabel-ana-bayley-seton\/","url":"http:\/\/vincentians.com\/es\/santa-isabel-ana-bayley-seton\/","name":"Santa Isabel Ana Bayley Seton - Somos Vicencianos","isPartOf":{"@id":"https:\/\/vincentians.com\/es\/#website"},"primaryImageOfPage":{"@id":"http:\/\/vincentians.com\/es\/santa-isabel-ana-bayley-seton\/#primaryimage"},"image":{"@id":"http:\/\/vincentians.com\/es\/santa-isabel-ana-bayley-seton\/#primaryimage"},"thumbnailUrl":"https:\/\/i0.wp.com\/vincentians.com\/es\/wp-content\/uploads\/sites\/11\/2016\/08\/cofradias-de-caridad.jpg?fit=1200%2C630","datePublished":"2021-01-04T06:25:47+00:00","breadcrumb":{"@id":"http:\/\/vincentians.com\/es\/santa-isabel-ana-bayley-seton\/#breadcrumb"},"inLanguage":"es","potentialAction":[{"@type":"ReadAction","target":["http:\/\/vincentians.com\/es\/santa-isabel-ana-bayley-seton\/"]}]},{"@type":"ImageObject","inLanguage":"es","@id":"http:\/\/vincentians.com\/es\/santa-isabel-ana-bayley-seton\/#primaryimage","url":"https:\/\/i0.wp.com\/vincentians.com\/es\/wp-content\/uploads\/sites\/11\/2016\/08\/cofradias-de-caridad.jpg?fit=1200%2C630","contentUrl":"https:\/\/i0.wp.com\/vincentians.com\/es\/wp-content\/uploads\/sites\/11\/2016\/08\/cofradias-de-caridad.jpg?fit=1200%2C630","width":1200,"height":630},{"@type":"BreadcrumbList","@id":"http:\/\/vincentians.com\/es\/santa-isabel-ana-bayley-seton\/#breadcrumb","itemListElement":[{"@type":"ListItem","position":1,"name":"Portada","item":"https:\/\/vincentians.com\/es\/"},{"@type":"ListItem","position":2,"name":"Santa Isabel Ana Bayley Seton"}]},{"@type":"WebSite","@id":"https:\/\/vincentians.com\/es\/#website","url":"https:\/\/vincentians.com\/es\/","name":"Somos Vicencianos","description":"Know more to serve more","publisher":{"@id":"https:\/\/vincentians.com\/es\/#organization"},"potentialAction":[{"@type":"SearchAction","target":{"@type":"EntryPoint","urlTemplate":"https:\/\/vincentians.com\/es\/?s={search_term_string}"},"query-input":{"@type":"PropertyValueSpecification","valueRequired":true,"valueName":"search_term_string"}}],"inLanguage":"es"},{"@type":"Organization","@id":"https:\/\/vincentians.com\/es\/#organization","name":"The Vincentian Network","url":"https:\/\/vincentians.com\/es\/","logo":{"@type":"ImageObject","inLanguage":"es","@id":"https:\/\/vincentians.com\/es\/#\/schema\/logo\/image\/","url":"https:\/\/i1.wp.com\/vincentians.com\/es\/wp-content\/uploads\/sites\/11\/2016\/06\/Vincentian-Network-logo-big.png?fit=778%2C778","contentUrl":"https:\/\/i1.wp.com\/vincentians.com\/es\/wp-content\/uploads\/sites\/11\/2016\/06\/Vincentian-Network-logo-big.png?fit=778%2C778","width":778,"height":778,"caption":"The Vincentian Network"},"image":{"@id":"https:\/\/vincentians.com\/es\/#\/schema\/logo\/image\/"},"sameAs":["https:\/\/www.facebook.com\/WeAreVincentians\/","https:\/\/x.com\/WeVincentians"]},{"@type":"Person","@id":"https:\/\/vincentians.com\/es\/#\/schema\/person\/9623ef4d9aa3b2dfb8c061f1499288f2","name":"Francisco Javier Fern\u00e1ndez Chento","image":{"@type":"ImageObject","inLanguage":"es","@id":"https:\/\/vincentians.com\/es\/#\/schema\/person\/image\/","url":"https:\/\/secure.gravatar.com\/avatar\/497d5cde87b4c3d097d0315953521681ba2cd523ee66e5077c3711f7021e65de?s=96&d=mm&r=g","contentUrl":"https:\/\/secure.gravatar.com\/avatar\/497d5cde87b4c3d097d0315953521681ba2cd523ee66e5077c3711f7021e65de?s=96&d=mm&r=g","caption":"Francisco Javier Fern\u00e1ndez Chento"},"description":"Director General y cofundador de La Red de Formaci\u00f3n Vicenciana. Javier es laico vicenciano, afiliado a la Congregaci\u00f3n de la Misi\u00f3n y miembro del Equipo de Misiones Populares de la provincia can\u00f3nica de Zaragoza (Espa\u00f1a) de la Congregaci\u00f3n de la Misi\u00f3n. Graduado en la Universidad Oberta de Catalunya con cuatro grados (Asistente de direcci\u00f3n, Gesti\u00f3n Administrativa, Recursos Humanos y Contabilidad Avanzada). Bil\u00edng\u00fce Espa\u00f1ol\/Ingl\u00e9s. gestiona y mantiene varias p\u00e1ginas web cristianas y vicencianas, incluida including La Red de Formaci\u00f3n Vicenciana, de la que es cofundador. Actualmente es responsable del \u00e1rea de Espa\u00f1ol de .famvin, la Red de Noticias de la Familia Vicenciana. Tambi\u00e9n es m\u00fasico cat\u00f3lico y ha editado varios discos. Es Director General y cofundador de Trovador, una reconocida compa\u00f1\u00eda discogr\u00e1fica critiana de Espa\u00f1a. Trabaja en las Tecnolog\u00edas de la Informaci\u00f3n, ofreciendo servicios de alojamiento, dise\u00f1o y mantenimiento Web, as\u00ed como asesoramiento, formaci\u00f3n y soluciones inform\u00e1ticas, gesti\u00f3n documental y digitalizaci\u00f3n de textos, edici\u00f3n y maquetaci\u00f3n de libros, revistas, flyers, etc.","sameAs":["http:\/\/chento.org","https:\/\/www.facebook.com\/JavierChento","https:\/\/x.com\/https:\/\/twitter.com\/javierchento"],"url":"http:\/\/vincentians.com\/es\/author\/chento\/"}]}},"jetpack_publicize_connections":[],"jetpack_featured_media_url":"https:\/\/i0.wp.com\/vincentians.com\/es\/wp-content\/uploads\/sites\/11\/2016\/08\/cofradias-de-caridad.jpg?fit=1200%2C630","jetpack_sharing_enabled":true,"jetpack_shortlink":"https:\/\/wp.me\/p7ETMF-x5m","jetpack-related-posts":[{"id":24314,"url":"http:\/\/vincentians.com\/es\/santa-elizabeth-ann-seton\/","url_meta":{"origin":127184,"position":0},"title":"Santa Elizabeth Ann Seton","author":"Francisco Javier Fern\u00e1ndez Chento","date":"14\/08\/2013","format":false,"excerpt":"Elizabeth Bayley Seton, la primera estadounidense de nacimiento en ser canonizada, era de ascendencia inglesa, creci\u00f3 en una familia que se estableci\u00f3 en la Nueva York colonial. Su padre, el doctor Richard Bayley era m\u00e9dico; su madre, Catherine Charlton, era la hija de un ministro anglicano. Este matrimonio tuvo tres\u2026","rel":"","context":"En \u00abIsabel Ana Bayley Seton\u00bb","block_context":{"text":"Isabel Ana Bayley Seton","link":"http:\/\/vincentians.com\/es\/category\/la-familia-vicenciana\/fundadores\/isabel-ana-bayley-seton\/"},"img":{"alt_text":"","src":"https:\/\/i0.wp.com\/vicencianos.org\/wp-content\/2010\/12\/ElizabethSeton2-300x300.jpg?resize=350%2C200","width":350,"height":200},"classes":[]},{"id":34595,"url":"http:\/\/vincentians.com\/es\/isabel-seton-escrito-1-006-a-william-magee-seton\/","url_meta":{"origin":127184,"position":1},"title":"Isabel Seton, escrito 1-006: A William Magee Seton","author":"Francisco Javier Fern\u00e1ndez Chento","date":"28\/08\/2016","format":false,"excerpt":"(Sin fecha) Mi padre ha cenado con nosotros y se ha ido, no s\u00e9 a d\u00f3nde. No creo que le veas hasta el anochecer. Quien est\u00e1 seriamente interesada en su buena opini\u00f3n hacia ti ya ha ofrecido tu disculpa. Tu I[sabel] estar\u00e1 en Wall Street a las cinco; entonces sabr\u00e1s\u2026","rel":"","context":"En \u00abEscritos de Isabel Ana Bayley Seton\u00bb","block_context":{"text":"Escritos de Isabel Ana Bayley Seton","link":"http:\/\/vincentians.com\/es\/category\/escritos\/escritos-de-isabel-ana-bayley-seton\/"},"img":{"alt_text":"","src":"https:\/\/i0.wp.com\/vincentians.com\/es\/wp-content\/uploads\/sites\/11\/2016\/07\/escritos-isabel-seton.jpg?fit=1200%2C630&resize=350%2C200","width":350,"height":200,"srcset":"https:\/\/i0.wp.com\/vincentians.com\/es\/wp-content\/uploads\/sites\/11\/2016\/07\/escritos-isabel-seton.jpg?fit=1200%2C630&resize=350%2C200 1x, https:\/\/i0.wp.com\/vincentians.com\/es\/wp-content\/uploads\/sites\/11\/2016\/07\/escritos-isabel-seton.jpg?fit=1200%2C630&resize=525%2C300 1.5x, https:\/\/i0.wp.com\/vincentians.com\/es\/wp-content\/uploads\/sites\/11\/2016\/07\/escritos-isabel-seton.jpg?fit=1200%2C630&resize=700%2C400 2x, https:\/\/i0.wp.com\/vincentians.com\/es\/wp-content\/uploads\/sites\/11\/2016\/07\/escritos-isabel-seton.jpg?fit=1200%2C630&resize=1050%2C600 3x"},"classes":[]},{"id":34593,"url":"http:\/\/vincentians.com\/es\/isabel-seton-escrito-1-004-a-william-magee-seton\/","url_meta":{"origin":127184,"position":2},"title":"Isabel Seton, escrito 1-004: A William Magee Seton","author":"Francisco Javier Fern\u00e1ndez Chento","date":"18\/08\/2016","format":false,"excerpt":"[sin fecha] El ojo de tu Isabel est\u00e1 muy feo, aunque no me duele mucho, pero es impedimento suficiente como para que no pueda salir. As\u00ed pues, debes dedicarme gran parte de tu tiempo, y llegar tan pronto como te sea posible. Cenaremos hoy a la una, ya que Post\u2026","rel":"","context":"En \u00abEscritos de Isabel Ana Bayley Seton\u00bb","block_context":{"text":"Escritos de Isabel Ana Bayley Seton","link":"http:\/\/vincentians.com\/es\/category\/escritos\/escritos-de-isabel-ana-bayley-seton\/"},"img":{"alt_text":"","src":"https:\/\/i0.wp.com\/vincentians.com\/es\/wp-content\/uploads\/sites\/11\/2016\/07\/escritos-isabel-seton.jpg?fit=1200%2C630&resize=350%2C200","width":350,"height":200,"srcset":"https:\/\/i0.wp.com\/vincentians.com\/es\/wp-content\/uploads\/sites\/11\/2016\/07\/escritos-isabel-seton.jpg?fit=1200%2C630&resize=350%2C200 1x, https:\/\/i0.wp.com\/vincentians.com\/es\/wp-content\/uploads\/sites\/11\/2016\/07\/escritos-isabel-seton.jpg?fit=1200%2C630&resize=525%2C300 1.5x, https:\/\/i0.wp.com\/vincentians.com\/es\/wp-content\/uploads\/sites\/11\/2016\/07\/escritos-isabel-seton.jpg?fit=1200%2C630&resize=700%2C400 2x, https:\/\/i0.wp.com\/vincentians.com\/es\/wp-content\/uploads\/sites\/11\/2016\/07\/escritos-isabel-seton.jpg?fit=1200%2C630&resize=1050%2C600 3x"},"classes":[]},{"id":119472,"url":"http:\/\/vincentians.com\/es\/la-madre-seton\/","url_meta":{"origin":127184,"position":3},"title":"La Madre Seton","author":"Francisco Javier Fern\u00e1ndez Chento","date":"03\/05\/2022","format":false,"excerpt":"La primera beata de nacionalidad norteamericana ha sido pro\u00adclamada en la bas\u00edlica de San Pedro en el curso de una ceremonia a la cual asistieron los Cardenales Francis Spellmnan, Arzobispo de Nueva York, y Joseph Elmer Ritter, Arzobispo de San Luis, as\u00ed como otros Obispos norteamericanos y una importante y\u2026","rel":"","context":"En \u00abIsabel Ana Bayley Seton\u00bb","block_context":{"text":"Isabel Ana Bayley Seton","link":"http:\/\/vincentians.com\/es\/category\/la-familia-vicenciana\/fundadores\/isabel-ana-bayley-seton\/"},"img":{"alt_text":"","src":"https:\/\/i0.wp.com\/vincentians.com\/es\/wp-content\/uploads\/sites\/11\/2013\/05\/La-milagrosa3.jpg?fit=670%2C430&resize=350%2C200","width":350,"height":200,"srcset":"https:\/\/i0.wp.com\/vincentians.com\/es\/wp-content\/uploads\/sites\/11\/2013\/05\/La-milagrosa3.jpg?fit=670%2C430&resize=350%2C200 1x, https:\/\/i0.wp.com\/vincentians.com\/es\/wp-content\/uploads\/sites\/11\/2013\/05\/La-milagrosa3.jpg?fit=670%2C430&resize=525%2C300 1.5x"},"classes":[]},{"id":24309,"url":"http:\/\/vincentians.com\/es\/elizabeth-ann-seton-una-santa-para-todos\/","url_meta":{"origin":127184,"position":4},"title":"Elizabeth Ann Seton: una santa para todos","author":"Francisco Javier Fern\u00e1ndez Chento","date":"17\/11\/2018","format":false,"excerpt":"Como cat\u00f3licos, los santos son para nosotros un ejemplo de la relaci\u00f3n \u00edntima que puede tener una persona con Dios; sin embargo, de joven yo no pod\u00eda relacionarme con las biograf\u00edas de santos que le\u00eda. No sent\u00eda que ten\u00eda mucho en com\u00fan con una persona que vivi\u00f3 hace mil a\u00f1os,\u2026","rel":"","context":"En \u00abIsabel Ana Bayley Seton\u00bb","block_context":{"text":"Isabel Ana Bayley Seton","link":"http:\/\/vincentians.com\/es\/category\/la-familia-vicenciana\/fundadores\/isabel-ana-bayley-seton\/"},"img":{"alt_text":"","src":"https:\/\/i0.wp.com\/vincentians.com\/es\/wp-content\/uploads\/sites\/11\/2016\/09\/conversion.jpg?fit=1200%2C630&resize=350%2C200","width":350,"height":200,"srcset":"https:\/\/i0.wp.com\/vincentians.com\/es\/wp-content\/uploads\/sites\/11\/2016\/09\/conversion.jpg?fit=1200%2C630&resize=350%2C200 1x, https:\/\/i0.wp.com\/vincentians.com\/es\/wp-content\/uploads\/sites\/11\/2016\/09\/conversion.jpg?fit=1200%2C630&resize=525%2C300 1.5x, https:\/\/i0.wp.com\/vincentians.com\/es\/wp-content\/uploads\/sites\/11\/2016\/09\/conversion.jpg?fit=1200%2C630&resize=700%2C400 2x, https:\/\/i0.wp.com\/vincentians.com\/es\/wp-content\/uploads\/sites\/11\/2016\/09\/conversion.jpg?fit=1200%2C630&resize=1050%2C600 3x"},"classes":[]},{"id":87464,"url":"http:\/\/vincentians.com\/es\/isabel-ana-bayley-seton-mujer-de-mision-i\/","url_meta":{"origin":127184,"position":5},"title":"Isabel Ana Bayley Seton. Mujer de misi\u00f3n (I)","author":"Francisco Javier Fern\u00e1ndez Chento","date":"01\/06\/2015","format":false,"excerpt":"El 14 de septiembre de 1975, fue canonizada Isabel Ana Bayley Seton, la primera santa nativa de los Estados Unidos. Este 25 aniversario, invita a la Familia Vicenciana a reflexionar, de nuevo, sobre su vida, su herencia y su espi\u00adritualidad. Como \"ciudadana del mundo\", su herencia en materia de educaci\u00f3n\u2026","rel":"","context":"En \u00abIsabel Ana Bayley Seton\u00bb","block_context":{"text":"Isabel Ana Bayley Seton","link":"http:\/\/vincentians.com\/es\/category\/la-familia-vicenciana\/fundadores\/isabel-ana-bayley-seton\/"},"img":{"alt_text":"","src":"https:\/\/i0.wp.com\/vicencianos.org\/wp-content\/2012\/06\/200px-Saint_Elizabeth_Ann_Seton_1774_-_1821.gif?resize=350%2C200","width":350,"height":200},"classes":[]}],"_links":{"self":[{"href":"http:\/\/vincentians.com\/es\/wp-json\/wp\/v2\/posts\/127184","targetHints":{"allow":["GET"]}}],"collection":[{"href":"http:\/\/vincentians.com\/es\/wp-json\/wp\/v2\/posts"}],"about":[{"href":"http:\/\/vincentians.com\/es\/wp-json\/wp\/v2\/types\/post"}],"author":[{"embeddable":true,"href":"http:\/\/vincentians.com\/es\/wp-json\/wp\/v2\/users\/4"}],"replies":[{"embeddable":true,"href":"http:\/\/vincentians.com\/es\/wp-json\/wp\/v2\/comments?post=127184"}],"version-history":[{"count":2,"href":"http:\/\/vincentians.com\/es\/wp-json\/wp\/v2\/posts\/127184\/revisions"}],"predecessor-version":[{"id":403473,"href":"http:\/\/vincentians.com\/es\/wp-json\/wp\/v2\/posts\/127184\/revisions\/403473"}],"wp:featuredmedia":[{"embeddable":true,"href":"http:\/\/vincentians.com\/es\/wp-json\/wp\/v2\/media\/399680"}],"wp:attachment":[{"href":"http:\/\/vincentians.com\/es\/wp-json\/wp\/v2\/media?parent=127184"}],"wp:term":[{"taxonomy":"category","embeddable":true,"href":"http:\/\/vincentians.com\/es\/wp-json\/wp\/v2\/categories?post=127184"},{"taxonomy":"post_tag","embeddable":true,"href":"http:\/\/vincentians.com\/es\/wp-json\/wp\/v2\/tags?post=127184"}],"curies":[{"name":"wp","href":"https:\/\/api.w.org\/{rel}","templated":true}]}}