{"id":127119,"date":"2024-06-27T08:23:02","date_gmt":"2024-06-27T06:23:02","guid":{"rendered":"http:\/\/somos.vicencianos.org\/?p=127119"},"modified":"2023-08-20T13:28:58","modified_gmt":"2023-08-20T11:28:58","slug":"san-vicente-de-paul-presbitero-1581-1660","status":"publish","type":"post","link":"http:\/\/vincentians.com\/es\/san-vicente-de-paul-presbitero-1581-1660\/","title":{"rendered":"San Vicente de Pa\u00fal, presb\u00edtero (1581-1660)"},"content":{"rendered":"<h2><b>1. Nota hist\u00f3rico-lit\u00fargica<\/b><\/h2>\n<p>La memoria obligatoria de san Vicente de Pa\u00fal, muerto en Par\u00eds el 27 de septiembre de 1660 y canonizado en 1737, ha sido trasladada a su <i>dies natalis <\/i>de la fecha anterior del 19 de julio (elegida para permitir a los seminaristas dirigidos por los Padres Lazaristas celebrarla como clausura del a\u00f1o escol\u00e1stico).<\/p>\n<p>Vicente de Pa\u00fal, nacido en Pouy (Gascu\u00f1a, cerca de los Pirineos) el 24 de abril de 1581, de una familia de humildes labriegos (\u00e9l mismo se denominaba por humildad \u00abun porque\u00adrizo, un harapiento\u00bb), se orden\u00f3 sacerdote a los diecinueve a\u00f1os (1600), esperando que el oficio eclesi\u00e1stico le sirviese para me\u00addrar socialmente. Se estableci\u00f3 en Par\u00eds (1608) en busca de un beneficio, despu\u00e9s de haber sido prisionero de los mahometa\u00adnos por dos a\u00f1os, en T\u00fanez, capturado por los piratas, y de haber convertido a un renegado, su patr\u00f3n de esclavitud. En la situaci\u00f3n social de aquel siglo, azotado por la peste y el hambre, Vicente fue aconsejado por el padre De B\u00e9rulle (gran te\u00f3logo y luego cardenal), que lo gui\u00f3 en el camino del esp\u00edritu, a que asumiera primeramente la cura pastoral de una parroquia jun\u00adto a Par\u00eds (1612), en Clichy, donde reuni\u00f3 en torno suyo no a sus parientes, sino a un grupo de j\u00f3venes (entre los que se encontraba su primer seguidor, Antonio Portad); y luego que se hiciera capell\u00e1n (preceptor) de una familia de la alta aristocra\u00adcia (Felipe Emanuel de Gondi), que ten\u00eda como en cura la di\u00f3\u00adcesis de Par\u00eds (transmitida de t\u00edos a sobrinos) y era almirante de la flota del Mediterr\u00e1neo. Permanecer\u00e1 con los Gondi doce a\u00f1os, durante los cuales sufri\u00f3 interiormente por cuatro a\u00f1os (1612-1616) una grave tentaci\u00f3n contra la fe, que tuvo cierto influjo sobre su vida de perfecci\u00f3n.<\/p>\n<p>En su servicio en las galeras, desde 1618 (con el t\u00edtulo de capell\u00e1n real), desempe\u00f1\u00f3 un intenso apostolado entre los hom\u00adbres que trabajaban en los nav\u00edos, descendiendo a las bodegas de aquellas c\u00e1rceles flotantes y junto con la c\u00e9lebre \u00abCompag\u00adnie du Saint-Sacrament\u00bb trat\u00f3 de confortarlos. En 1617 se pro\u00addujo un viraje que marcar\u00e1 su vida de misionero de los campe\u00adsinos pobres, porque a la cabecera de un labrador moribundo, monsieur Vincent (como se le llamaba entonces) percibi\u00f3 la falta de sacramentalizaci\u00f3n en la Iglesia de su tiempo. Su huida de Par\u00eds (1617) para hacer de p\u00e1rroco en Ch\u00e1tillon-les-Dombes (en el sudeste) sigue sin explicar; pero \u00e9l hizo all\u00ed una nueva experiencia pastoral, convirtiendo a un conde duelista empe\u00addernido; y sobre todo tuvo la posibilidad de intuir, frente a una familia enferma a punto de morir de hambre, que era menester organizar una ayuda de modo sistem\u00e1tico. Para ello reuni\u00f3 a grupos de asistencia, que fueron las Confraternidades de la Caridad (Confr\u00e9ries de la Charlie), de las que luego saldr\u00e1 la Compa\u00f1\u00eda de las Hijas de la Caridad. En 1619 conoci\u00f3 a san Francisco de Sales y a santa Juana de Chantal, y se convirti\u00f3 en superior de los monasterios de la Visitaci\u00f3n de Par\u00eds (desde 1622), manteniendo este cargo hasta su muerte.<\/p>\n<p>En 1625 reuni\u00f3 a los primeros compa\u00f1eros para que le ayu\u00addaran en las misiones en favor de los campesinos de las cam\u00adpi\u00f1as, sentando las bases de la Congregaci\u00f3n de la Misi\u00f3n, for\u00admada por sacerdotes y hermanos, que tuvo el reconocimiento romano en 1633, estableci\u00e9ndose m\u00e1s tarde en el priorato de Saint-Lazare. Los sacerdotes de la Misi\u00f3n, a quienes el pueblo llamar\u00e1 lazaristas por su barrio de residencia, hubieron de de\u00addicarse tambi\u00e9n a la preparaci\u00f3n del clero, carente de forma\u00adci\u00f3n intelectual y sobre todo moral. En 1633 reuni\u00f3 a las prime\u00adras doce muchachas en torno a una penitente suya, santa Luisa de Marillac (j 1660), a fin de dar una forma m\u00e1s estable y mejor organizada a la Confraternidad de las Dames de la Cha\u00adrit\u00e9, para la atenci\u00f3n de las masas proletarias de la ciudad especialmente durante la terrible guerra de los treinta a\u00f1os. En lugar de estar en el claustro, deb\u00edan acudir a las casas de los enfermos.<\/p>\n<p>Su fama era conocida en Par\u00eds, hasta el punto de que la regente Ana de Austria lo nombr\u00f3 miembro del Consejo de Conciencia (que se ocupaba de los nombramientos eclesi\u00e1sti\u00adcos) con el cargo de ministro de la caridad; pero luego abando\u00adn\u00f3 este cargo por la oposici\u00f3n primero de Richelieu y luego del mismo Mazarino. Adem\u00e1s de las dos principales instituciones ya nombradas, a\u00f1adi\u00f3 a las Damas de la Caridad tambi\u00e9n la rama masculina de los Siervos de los Pobres. De estas obras surgieron posteriormente las Hermanas de la Caridad de San Antidas y las Conferencias de San Vicente, fundadas por el beato Federico Ozanam (1813-1853) para la visita de los pobres a domicilio, especialmente por parte de los j\u00f3venes. En 1640 fund\u00f3 tambi\u00e9n en Par\u00eds un instituto para ni\u00f1os hu\u00e9rfanos. Du\u00adrante sesenta a\u00f1os Francia se benefici\u00f3 de la caridad incansanble de este hombre, proclamado por Le\u00f3n XIII (1883) \u00abpatrono de todas las obras de caridad extendidas por el mundo\u00bb. Que\u00adbrantado de salud desde 1665, sufri\u00f3 un ataque de par\u00e1lisis, permaneciendo, empero, l\u00facido hasta su muerte. Su funeral fue un triunfo. Su cuerpo, expuesto en una caja de plata en la capilla de la casa madre de Par\u00eds, es un recuerdo perenne de su rol en la historia de la cristiandad. Con raz\u00f3n se ha dicho que \u00abas\u00ed como Dios suscit\u00f3 a Ignacio de Loyola contra Lutero, as\u00ed suscit\u00f3 a Vicente de Pa\u00fal contra el jansenismo\u00bb. Adem\u00e1s, sus cerca de dos mil cartas (que han quedado de las m\u00e1s de tres mil dispersas) son una mina de informaciones sobre la vida religiosa de la primera mitad del gran siglo de Francia (el si\u00adglo xvii).<\/p>\n<h2><b>2. Mensaje <\/b><i>y <\/i><b>actualidad<\/b><\/h2>\n<p>Las tres oraciones, tomadas del \u00abPropio de la Misi\u00f3n\u00bb con pocas variantes, delinean la fisonom\u00eda de este gigante de la caridad.<\/p>\n<p><i>a) <\/i>En la <i>colecta <\/i>se invoca: \u00abSe\u00f1or, Dios nuestro, que dotaste de virtudes apost\u00f3licas a tu presb\u00edtero san Vicente de Pa\u00fal para que entregara su vida al servicio de los pobres y la forma\u00adci\u00f3n del clero\u00bb. La idea del servicio es central en las obras del santo, que quiso ante todo \u00abimplicar a sacerdotes, laicos y mu\u00adjeres, responsabiliz\u00e1ndolos en un servicio completo de evange\u00adlio testimoniado a los sin voz y de pan material a los que care\u00adc\u00edan de \u00e9l\u00bb. Su magisterio est\u00e1 resumido en estos dos lemas: \u00abNo me basta amar a Dios si no amo a mi pr\u00f3jimo. Los pobres son mi peso y mi dolor\u00bb. En la intercesi\u00f3n final se pide que tambi\u00e9n nosotros, \u00abimpulsados por su mismo esp\u00edritu, amemos cuanto \u00e9l am\u00f3 y practiquemos sus ense\u00f1anzas\u00bb. Este gran evan\u00adgelizador de la caridad afirma en la carta (n. 2546) que nos ofrece el oficio de lectura: \u00abSi dej\u00e1is la oraci\u00f3n para acudir con presteza en ayuda de alg\u00fan pobre, recordad que <i>ese <\/i>servicio se lo prest\u00e1is al mismo Dios\u00bb. Para la formaci\u00f3n <i>de <\/i>los ministros de Dios, Vicente empez\u00f3 (en 1628) con la predicaci\u00f3n de un retiro a los ordenandos de la di\u00f3cesis de Beauvais, precedido por un examen previo de los ordenandos; luego prosigui\u00f3 con la creaci\u00f3n de un seminario menor y otro mayor, tanto en el colegio de los Buenos Muchachos como en la zona de Saint\u00adLazare; por fin, con las conferencias del martes, que reun\u00edan a la elite del clero parisino y supl\u00edan la misi\u00f3n que no era de su competencia o capacidad. Fue en una de estas conferencias, la de la cuaresma de 1658 en Metz, donde destac\u00f3 el m\u00e1s tarde famoso Bossuet. En estos mismos encuentros, \u00e9l, llamado (du\u00adrante la vida de Luis XIII) a designar a los candidatos al episco\u00adpado, pod\u00eda elegir a sacerdotes dignos de confianza. En la mis\u00adma reforma <i>de <\/i>la predicaci\u00f3n barroca <i>de <\/i>su tiempo difundi\u00f3 Vicente un m\u00e9todo particular, que consist\u00eda en buscar la natu\u00adraleza, los motivos y los medios m\u00e1s oportunos para practicar cualquier virtud espec\u00edfica, elegida como argumento. Por lo dem\u00e1s, tambi\u00e9n en los cap\u00edtulos de sus <i>Reglas <\/i>para los sacerdo\u00adtes se revela esta atemperaci\u00f3n entre la espiritualidad contem\u00adplativa berulliana, el humanismo salesiano y el ascetismo igna\u00adciano.<\/p>\n<p>b) En la <i>oraci\u00f3n sobre las ofrendas <\/i>se pide: \u00abSe\u00f1or, t\u00fa que concediste a san Vicente de Pa\u00fal la gracia de realizar en su vida lo que celebraba en estos santos misterios, conc\u00e9denos&#8230; llegar a transformarnos en ofrenda agradable a tus ojos\u00bb. \u00c9l, que dec\u00eda que la \u00abIglesia estaba arruin\u00e1ndose en muchos luga\u00adres a causa de la mala vida de los sacerdotes\u00bb, fue un precursor de la teolog\u00eda del ministerio pastoral como objetivo primordial del sacerdocio, sacado, empero, de la celebraci\u00f3n eucar\u00edstica. As\u00ed corrigi\u00f3 la perspectiva de la escuela francesa (De B\u00e9rulle, Condren, Olier, Eudes), seg\u00fan la cual el sacerdote es para el altar en primera instancia, insistiendo en cambio en la l\u00ednea agustiniana del hombre-para-los-otros; es decir, del sacerdocio no como condici\u00f3n, sino como servicio y misi\u00f3n. Frente a los protestantes, que se opon\u00edan al sacerdocio ministerial, jam\u00e1s respondi\u00f3 con la pol\u00e9mica (m\u00e1s a\u00fan, prohibi\u00f3 todo confronta-miento <i>de <\/i>este tipo), sino con la reforma <i>de <\/i>las costumbres, con una orientaci\u00f3n evangelizadora y con la formaci\u00f3n del clero a trav\u00e9s de nuevas iniciativas.<\/p>\n<p>c) La <i>oraci\u00f3n despu\u00e9s de la comuni\u00f3n <\/i>se dirige al Se\u00f1or: \u00abT\u00fa, que nos has alimentado con los sacramentos del cielo, conc\u00e9denos que, a ejemplo de san Vicente de Pa\u00fal y ayudados por su intercesi\u00f3n, imitemos a Jesucristo, tu Hijo, anunciando el evangelio a los pobres\u00bb. Monsieur Vincent (como se le cono\u00adc\u00eda popularmente), \u00abconsuelo de los que sufren, defensor de los hu\u00e9rfanos y protector de las viudas\u00bb, como lo celebra la ant\u00edfo\u00adna del <i>Benedictus <\/i>en laudes, siempre prefiri\u00f3 el hacer al ense\u00ad\u00f1ar. As\u00ed se justificaba del retraso en redactar las reglas para sus hijos, remiti\u00e9ndose a la frase lucana: \u00abJes\u00fas hizo y ense\u00f1\u00f3\u00bb (He 1, 1 ). En efecto, imit\u00f3 a Cristo, ocup\u00e1ndose de los exp\u00f3sitos, que con frecuencia eran rechazados entonces por otras institucio\u00adnes; y de los condenados al remo (galeotes), buscando soluciones politicas a sus diversas necesidades, como la mejor\u00eda de los ambientes. El ofrec\u00edm\u00edento de sus Hijas de la Caridad al servicio de los hospitales que estaban organizando; su mismo env\u00edo a los campos de batalla, para atender a los heridos de la guerra de Polonia; su preocupaci\u00f3n por las visitas a los enfermos he\u00adchas en sus casas, para no privarles de sus seres queridos&#8230;, son otras tantas expresiones en este sentido del hombre que, a imitaci\u00f3n de Cristo, considera a los pobres como nuestros \u00abse\u00ad\u00f1ores y amos\u00bb (seg\u00fan su expresi\u00f3n).<\/p>\n<p>La actualidad de este mensaje, inspirado en el gran optimis\u00admo del evangelio, es para nosotros una invitaci\u00f3n a seguir la primac\u00eda de ese sentido de la fe que hace sentir la urgencia de la misi\u00f3n en nuestras tierras carentes de evangelizaci\u00f3n, descu\u00adbriendo entre otras cosas los errores ocultos en la enga\u00f1osa falsificaci\u00f3n de los valores. Como hizo Vicente cuando, sin tan\u00adtos razonamientos, supo intuir los errores jansenistas de un hombre, compatriota y amigo suyo (el abate de Saint-Cyran, Duvergier de Hauranne), a quien se opuso por sus desviaciones doctrinales, aunque apreciara sus virtudes (hasta el punto de que m\u00e1s tarde le acusaron de contradicci\u00f3n). Tampoco ha de chocarnos el juicio un poco sumario sobre los pobres expuesto en la citada carta: \u00abNosotros no debemos estimar a los pobres por su apariencia externa o su modo de vestir, ni tampoco por sus cualidades personales, ya que, con frecuencia, son rudos e incultos\u00bb. El realismo de nuestros juicios, motivado a menudo por las apariencias, no nos excusa del descompromiso, sino que, por el contrario, nos ha de estimular a un servicio gratuito. As\u00ed actu\u00f3 Vicente, que, consciente <i>de <\/i>sus l\u00edmites, <i>en <\/i>el lecho de muerte respond\u00eda a todas las demandas de bendici\u00f3n para sus obras con la frase paulina (2Cor 8,6): \u00abQui coepit opus bonum ipse perficiet\u00bb (\u00abEl que empez\u00f3 esta buena obra la llevar\u00e1 a cabo\u00bb).<\/p>\n<h3><i>Prefacio <\/i>(Propio de la Congregaci\u00f3n de la Misi\u00f3n)<\/h3>\n<p>En verdad es justo y necesario<br \/>\ndarte gracias <i>siempre y en <\/i>todo lugar<br \/>\ny bendecirte y alabarte,<br \/>\nen la solemnidad de san Vicente de Pa\u00fal,<br \/>\nDios todopoderoso y eterno.<br \/>\nT\u00fa le llamaste a gastar su vida<br \/>\nen la evangelizaci\u00f3n de los pobres<br \/>\nsiguiendo las huellas de tu Hijo,<br \/>\ny en \u00e9l, inflamado en celo por la dilataci\u00f3n de tu reino,<br \/>\nnos diste el ejemplo y la norma del ardor apost\u00f3lico<br \/>\npara que, fortalecidos por tu esp\u00edritu<br \/>\ne impulsados por tu caridad,<br \/>\nentreguemos nosotros las fuerzas y la vida<br \/>\na procurar la salvaci\u00f3n de los necesitados,<br \/>\npor Cristo Se\u00f1or nuestro.<\/p>\n<h3><i>Prefacio <\/i>(MA <b>II, <\/b>430)<\/h3>\n<p>Cristo, nuestro salvador,<br \/>\nvino a anunciar a los pobres la buena nueva<br \/>\ny quiso asumir todas las debilidades humanas<br \/>\nhaci\u00e9ndose totalmente part\u00edcipe de nuestra miseria<br \/>\nhasta la muerte.<br \/>\nEl mismo camino de abnegaci\u00f3n<br \/>\nfue recorrido por san Vicente,<br \/>\nque acogi\u00f3 a los pobres y enfermos con afecto fraternal,<br \/>\nconvirti\u00e9ndose en testigo espl\u00e9ndido de tu amor por nosotros.<\/p>\n","protected":false},"excerpt":{"rendered":"<p>1. Nota hist\u00f3rico-lit\u00fargica La memoria obligatoria de san Vicente de Pa\u00fal, muerto en Par\u00eds el 27 de septiembre de 1660 y canonizado en 1737, ha sido trasladada a su dies natalis de la fecha anterior &#8230; <a href=\"http:\/\/vincentians.com\/es\/san-vicente-de-paul-presbitero-1581-1660\/\" class=\"more-link\">Read More<\/a><\/p>\n","protected":false},"author":4,"featured_media":404089,"comment_status":"open","ping_status":"open","sticky":false,"template":"","format":"standard","meta":{"jetpack_post_was_ever_published":false,"_jetpack_newsletter_access":"","_jetpack_dont_email_post_to_subs":false,"_jetpack_newsletter_tier_id":0,"_jetpack_memberships_contains_paywalled_content":false,"_jetpack_memberships_contains_paid_content":false,"footnotes":"","jetpack_publicize_message":"","jetpack_publicize_feature_enabled":true,"jetpack_social_post_already_shared":true,"jetpack_social_options":{"image_generator_settings":{"template":"highway","default_image_id":0,"font":"","enabled":false},"version":2}},"categories":[5],"tags":[130,224,173,148,119,117,116],"class_list":["post-127119","post","type-post","status-publish","format-standard","has-post-thumbnail","hentry","category-vicente-de-paul","tag-beauvais","tag-berulle","tag-chatillon-les-dombes","tag-clichy","tag-gondi","tag-pouy","tag-tunez"],"yoast_head":"<!-- This site is optimized with the Yoast SEO plugin v26.3 - https:\/\/yoast.com\/wordpress\/plugins\/seo\/ -->\n<title>San Vicente de Pa\u00fal, presb\u00edtero (1581-1660) - Somos Vicencianos<\/title>\n<meta name=\"robots\" content=\"index, follow, max-snippet:-1, max-image-preview:large, max-video-preview:-1\" \/>\n<link rel=\"canonical\" href=\"http:\/\/vincentians.com\/es\/san-vicente-de-paul-presbitero-1581-1660\/\" \/>\n<meta property=\"og:locale\" content=\"es_ES\" \/>\n<meta property=\"og:type\" content=\"article\" \/>\n<meta property=\"og:title\" content=\"San Vicente de Pa\u00fal, presb\u00edtero (1581-1660) - Somos Vicencianos\" \/>\n<meta property=\"og:description\" content=\"1. Nota hist\u00f3rico-lit\u00fargica La memoria obligatoria de san Vicente de Pa\u00fal, muerto en Par\u00eds el 27 de septiembre de 1660 y canonizado en 1737, ha sido trasladada a su dies natalis de la fecha anterior ... Read More\" \/>\n<meta property=\"og:url\" content=\"http:\/\/vincentians.com\/es\/san-vicente-de-paul-presbitero-1581-1660\/\" \/>\n<meta property=\"og:site_name\" content=\"Somos Vicencianos\" \/>\n<meta property=\"article:publisher\" content=\"https:\/\/www.facebook.com\/WeAreVincentians\/\" \/>\n<meta property=\"article:author\" content=\"https:\/\/www.facebook.com\/JavierChento\" \/>\n<meta property=\"article:published_time\" content=\"2024-06-27T06:23:02+00:00\" \/>\n<meta property=\"og:image\" content=\"https:\/\/i0.wp.com\/vincentians.com\/es\/wp-content\/uploads\/sites\/11\/2013\/04\/e-3.jpg?fit=976%2C570\" \/>\n\t<meta property=\"og:image:width\" content=\"976\" \/>\n\t<meta property=\"og:image:height\" content=\"570\" \/>\n\t<meta property=\"og:image:type\" content=\"image\/jpeg\" \/>\n<meta name=\"author\" content=\"Francisco Javier Fern\u00e1ndez Chento\" \/>\n<meta name=\"twitter:card\" content=\"summary_large_image\" \/>\n<meta name=\"twitter:creator\" content=\"@https:\/\/twitter.com\/javierchento\" \/>\n<meta name=\"twitter:site\" content=\"@WeVincentians\" \/>\n<meta name=\"twitter:label1\" content=\"Escrito por\" \/>\n\t<meta name=\"twitter:data1\" content=\"Francisco Javier Fern\u00e1ndez Chento\" \/>\n\t<meta name=\"twitter:label2\" content=\"Tiempo de lectura\" \/>\n\t<meta name=\"twitter:data2\" content=\"10 minutos\" \/>\n<script type=\"application\/ld+json\" class=\"yoast-schema-graph\">{\"@context\":\"https:\/\/schema.org\",\"@graph\":[{\"@type\":\"Article\",\"@id\":\"http:\/\/vincentians.com\/es\/san-vicente-de-paul-presbitero-1581-1660\/#article\",\"isPartOf\":{\"@id\":\"http:\/\/vincentians.com\/es\/san-vicente-de-paul-presbitero-1581-1660\/\"},\"author\":{\"name\":\"Francisco Javier Fern\u00e1ndez Chento\",\"@id\":\"http:\/\/vincentians.com\/es\/#\/schema\/person\/9623ef4d9aa3b2dfb8c061f1499288f2\"},\"headline\":\"San Vicente de Pa\u00fal, presb\u00edtero (1581-1660)\",\"datePublished\":\"2024-06-27T06:23:02+00:00\",\"mainEntityOfPage\":{\"@id\":\"http:\/\/vincentians.com\/es\/san-vicente-de-paul-presbitero-1581-1660\/\"},\"wordCount\":2326,\"commentCount\":0,\"publisher\":{\"@id\":\"http:\/\/vincentians.com\/es\/#organization\"},\"image\":{\"@id\":\"http:\/\/vincentians.com\/es\/san-vicente-de-paul-presbitero-1581-1660\/#primaryimage\"},\"thumbnailUrl\":\"https:\/\/i0.wp.com\/vincentians.com\/es\/wp-content\/uploads\/sites\/11\/2013\/04\/e-3.jpg?fit=976%2C570\",\"keywords\":[\"Beauvais\",\"Berulle\",\"Chatillon\",\"Clichy\",\"Gondi\",\"Pouy\",\"T\u00fanez\"],\"articleSection\":[\"Vicente de Pa\u00fal\"],\"inLanguage\":\"es\",\"potentialAction\":[{\"@type\":\"CommentAction\",\"name\":\"Comment\",\"target\":[\"http:\/\/vincentians.com\/es\/san-vicente-de-paul-presbitero-1581-1660\/#respond\"]}]},{\"@type\":\"WebPage\",\"@id\":\"http:\/\/vincentians.com\/es\/san-vicente-de-paul-presbitero-1581-1660\/\",\"url\":\"http:\/\/vincentians.com\/es\/san-vicente-de-paul-presbitero-1581-1660\/\",\"name\":\"San Vicente de Pa\u00fal, presb\u00edtero (1581-1660) - Somos Vicencianos\",\"isPartOf\":{\"@id\":\"http:\/\/vincentians.com\/es\/#website\"},\"primaryImageOfPage\":{\"@id\":\"http:\/\/vincentians.com\/es\/san-vicente-de-paul-presbitero-1581-1660\/#primaryimage\"},\"image\":{\"@id\":\"http:\/\/vincentians.com\/es\/san-vicente-de-paul-presbitero-1581-1660\/#primaryimage\"},\"thumbnailUrl\":\"https:\/\/i0.wp.com\/vincentians.com\/es\/wp-content\/uploads\/sites\/11\/2013\/04\/e-3.jpg?fit=976%2C570\",\"datePublished\":\"2024-06-27T06:23:02+00:00\",\"breadcrumb\":{\"@id\":\"http:\/\/vincentians.com\/es\/san-vicente-de-paul-presbitero-1581-1660\/#breadcrumb\"},\"inLanguage\":\"es\",\"potentialAction\":[{\"@type\":\"ReadAction\",\"target\":[\"http:\/\/vincentians.com\/es\/san-vicente-de-paul-presbitero-1581-1660\/\"]}]},{\"@type\":\"ImageObject\",\"inLanguage\":\"es\",\"@id\":\"http:\/\/vincentians.com\/es\/san-vicente-de-paul-presbitero-1581-1660\/#primaryimage\",\"url\":\"https:\/\/i0.wp.com\/vincentians.com\/es\/wp-content\/uploads\/sites\/11\/2013\/04\/e-3.jpg?fit=976%2C570\",\"contentUrl\":\"https:\/\/i0.wp.com\/vincentians.com\/es\/wp-content\/uploads\/sites\/11\/2013\/04\/e-3.jpg?fit=976%2C570\",\"width\":976,\"height\":570},{\"@type\":\"BreadcrumbList\",\"@id\":\"http:\/\/vincentians.com\/es\/san-vicente-de-paul-presbitero-1581-1660\/#breadcrumb\",\"itemListElement\":[{\"@type\":\"ListItem\",\"position\":1,\"name\":\"Portada\",\"item\":\"http:\/\/vincentians.com\/es\/\"},{\"@type\":\"ListItem\",\"position\":2,\"name\":\"San Vicente de Pa\u00fal, presb\u00edtero (1581-1660)\"}]},{\"@type\":\"WebSite\",\"@id\":\"http:\/\/vincentians.com\/es\/#website\",\"url\":\"http:\/\/vincentians.com\/es\/\",\"name\":\"Somos Vicencianos\",\"description\":\"Know more to serve more\",\"publisher\":{\"@id\":\"http:\/\/vincentians.com\/es\/#organization\"},\"potentialAction\":[{\"@type\":\"SearchAction\",\"target\":{\"@type\":\"EntryPoint\",\"urlTemplate\":\"http:\/\/vincentians.com\/es\/?s={search_term_string}\"},\"query-input\":{\"@type\":\"PropertyValueSpecification\",\"valueRequired\":true,\"valueName\":\"search_term_string\"}}],\"inLanguage\":\"es\"},{\"@type\":\"Organization\",\"@id\":\"http:\/\/vincentians.com\/es\/#organization\",\"name\":\"The Vincentian Network\",\"url\":\"http:\/\/vincentians.com\/es\/\",\"logo\":{\"@type\":\"ImageObject\",\"inLanguage\":\"es\",\"@id\":\"http:\/\/vincentians.com\/es\/#\/schema\/logo\/image\/\",\"url\":\"https:\/\/i1.wp.com\/vincentians.com\/es\/wp-content\/uploads\/sites\/11\/2016\/06\/Vincentian-Network-logo-big.png?fit=778%2C778\",\"contentUrl\":\"https:\/\/i1.wp.com\/vincentians.com\/es\/wp-content\/uploads\/sites\/11\/2016\/06\/Vincentian-Network-logo-big.png?fit=778%2C778\",\"width\":778,\"height\":778,\"caption\":\"The Vincentian Network\"},\"image\":{\"@id\":\"http:\/\/vincentians.com\/es\/#\/schema\/logo\/image\/\"},\"sameAs\":[\"https:\/\/www.facebook.com\/WeAreVincentians\/\",\"https:\/\/x.com\/WeVincentians\"]},{\"@type\":\"Person\",\"@id\":\"http:\/\/vincentians.com\/es\/#\/schema\/person\/9623ef4d9aa3b2dfb8c061f1499288f2\",\"name\":\"Francisco Javier Fern\u00e1ndez Chento\",\"image\":{\"@type\":\"ImageObject\",\"inLanguage\":\"es\",\"@id\":\"http:\/\/vincentians.com\/es\/#\/schema\/person\/image\/\",\"url\":\"https:\/\/secure.gravatar.com\/avatar\/497d5cde87b4c3d097d0315953521681ba2cd523ee66e5077c3711f7021e65de?s=96&d=mm&r=g\",\"contentUrl\":\"https:\/\/secure.gravatar.com\/avatar\/497d5cde87b4c3d097d0315953521681ba2cd523ee66e5077c3711f7021e65de?s=96&d=mm&r=g\",\"caption\":\"Francisco Javier Fern\u00e1ndez Chento\"},\"description\":\"Director General y cofundador de La Red de Formaci\u00f3n Vicenciana. Javier es laico vicenciano, afiliado a la Congregaci\u00f3n de la Misi\u00f3n y miembro del Equipo de Misiones Populares de la provincia can\u00f3nica de Zaragoza (Espa\u00f1a) de la Congregaci\u00f3n de la Misi\u00f3n. Graduado en la Universidad Oberta de Catalunya con cuatro grados (Asistente de direcci\u00f3n, Gesti\u00f3n Administrativa, Recursos Humanos y Contabilidad Avanzada). Bil\u00edng\u00fce Espa\u00f1ol\/Ingl\u00e9s. gestiona y mantiene varias p\u00e1ginas web cristianas y vicencianas, incluida including La Red de Formaci\u00f3n Vicenciana, de la que es cofundador. Actualmente es responsable del \u00e1rea de Espa\u00f1ol de .famvin, la Red de Noticias de la Familia Vicenciana. Tambi\u00e9n es m\u00fasico cat\u00f3lico y ha editado varios discos. Es Director General y cofundador de Trovador, una reconocida compa\u00f1\u00eda discogr\u00e1fica critiana de Espa\u00f1a. Trabaja en las Tecnolog\u00edas de la Informaci\u00f3n, ofreciendo servicios de alojamiento, dise\u00f1o y mantenimiento Web, as\u00ed como asesoramiento, formaci\u00f3n y soluciones inform\u00e1ticas, gesti\u00f3n documental y digitalizaci\u00f3n de textos, edici\u00f3n y maquetaci\u00f3n de libros, revistas, flyers, etc.\",\"sameAs\":[\"http:\/\/chento.org\",\"https:\/\/www.facebook.com\/JavierChento\",\"https:\/\/x.com\/https:\/\/twitter.com\/javierchento\"],\"url\":\"http:\/\/vincentians.com\/es\/author\/chento\/\"}]}<\/script>\n<!-- \/ Yoast SEO plugin. -->","yoast_head_json":{"title":"San Vicente de Pa\u00fal, presb\u00edtero (1581-1660) - Somos Vicencianos","robots":{"index":"index","follow":"follow","max-snippet":"max-snippet:-1","max-image-preview":"max-image-preview:large","max-video-preview":"max-video-preview:-1"},"canonical":"http:\/\/vincentians.com\/es\/san-vicente-de-paul-presbitero-1581-1660\/","og_locale":"es_ES","og_type":"article","og_title":"San Vicente de Pa\u00fal, presb\u00edtero (1581-1660) - Somos Vicencianos","og_description":"1. Nota hist\u00f3rico-lit\u00fargica La memoria obligatoria de san Vicente de Pa\u00fal, muerto en Par\u00eds el 27 de septiembre de 1660 y canonizado en 1737, ha sido trasladada a su dies natalis de la fecha anterior ... Read More","og_url":"http:\/\/vincentians.com\/es\/san-vicente-de-paul-presbitero-1581-1660\/","og_site_name":"Somos Vicencianos","article_publisher":"https:\/\/www.facebook.com\/WeAreVincentians\/","article_author":"https:\/\/www.facebook.com\/JavierChento","article_published_time":"2024-06-27T06:23:02+00:00","og_image":[{"width":976,"height":570,"url":"https:\/\/i0.wp.com\/vincentians.com\/es\/wp-content\/uploads\/sites\/11\/2013\/04\/e-3.jpg?fit=976%2C570","type":"image\/jpeg"}],"author":"Francisco Javier Fern\u00e1ndez Chento","twitter_card":"summary_large_image","twitter_creator":"@https:\/\/twitter.com\/javierchento","twitter_site":"@WeVincentians","twitter_misc":{"Escrito por":"Francisco Javier Fern\u00e1ndez Chento","Tiempo de lectura":"10 minutos"},"schema":{"@context":"https:\/\/schema.org","@graph":[{"@type":"Article","@id":"http:\/\/vincentians.com\/es\/san-vicente-de-paul-presbitero-1581-1660\/#article","isPartOf":{"@id":"http:\/\/vincentians.com\/es\/san-vicente-de-paul-presbitero-1581-1660\/"},"author":{"name":"Francisco Javier Fern\u00e1ndez Chento","@id":"http:\/\/vincentians.com\/es\/#\/schema\/person\/9623ef4d9aa3b2dfb8c061f1499288f2"},"headline":"San Vicente de Pa\u00fal, presb\u00edtero (1581-1660)","datePublished":"2024-06-27T06:23:02+00:00","mainEntityOfPage":{"@id":"http:\/\/vincentians.com\/es\/san-vicente-de-paul-presbitero-1581-1660\/"},"wordCount":2326,"commentCount":0,"publisher":{"@id":"http:\/\/vincentians.com\/es\/#organization"},"image":{"@id":"http:\/\/vincentians.com\/es\/san-vicente-de-paul-presbitero-1581-1660\/#primaryimage"},"thumbnailUrl":"https:\/\/i0.wp.com\/vincentians.com\/es\/wp-content\/uploads\/sites\/11\/2013\/04\/e-3.jpg?fit=976%2C570","keywords":["Beauvais","Berulle","Chatillon","Clichy","Gondi","Pouy","T\u00fanez"],"articleSection":["Vicente de Pa\u00fal"],"inLanguage":"es","potentialAction":[{"@type":"CommentAction","name":"Comment","target":["http:\/\/vincentians.com\/es\/san-vicente-de-paul-presbitero-1581-1660\/#respond"]}]},{"@type":"WebPage","@id":"http:\/\/vincentians.com\/es\/san-vicente-de-paul-presbitero-1581-1660\/","url":"http:\/\/vincentians.com\/es\/san-vicente-de-paul-presbitero-1581-1660\/","name":"San Vicente de Pa\u00fal, presb\u00edtero (1581-1660) - Somos Vicencianos","isPartOf":{"@id":"http:\/\/vincentians.com\/es\/#website"},"primaryImageOfPage":{"@id":"http:\/\/vincentians.com\/es\/san-vicente-de-paul-presbitero-1581-1660\/#primaryimage"},"image":{"@id":"http:\/\/vincentians.com\/es\/san-vicente-de-paul-presbitero-1581-1660\/#primaryimage"},"thumbnailUrl":"https:\/\/i0.wp.com\/vincentians.com\/es\/wp-content\/uploads\/sites\/11\/2013\/04\/e-3.jpg?fit=976%2C570","datePublished":"2024-06-27T06:23:02+00:00","breadcrumb":{"@id":"http:\/\/vincentians.com\/es\/san-vicente-de-paul-presbitero-1581-1660\/#breadcrumb"},"inLanguage":"es","potentialAction":[{"@type":"ReadAction","target":["http:\/\/vincentians.com\/es\/san-vicente-de-paul-presbitero-1581-1660\/"]}]},{"@type":"ImageObject","inLanguage":"es","@id":"http:\/\/vincentians.com\/es\/san-vicente-de-paul-presbitero-1581-1660\/#primaryimage","url":"https:\/\/i0.wp.com\/vincentians.com\/es\/wp-content\/uploads\/sites\/11\/2013\/04\/e-3.jpg?fit=976%2C570","contentUrl":"https:\/\/i0.wp.com\/vincentians.com\/es\/wp-content\/uploads\/sites\/11\/2013\/04\/e-3.jpg?fit=976%2C570","width":976,"height":570},{"@type":"BreadcrumbList","@id":"http:\/\/vincentians.com\/es\/san-vicente-de-paul-presbitero-1581-1660\/#breadcrumb","itemListElement":[{"@type":"ListItem","position":1,"name":"Portada","item":"http:\/\/vincentians.com\/es\/"},{"@type":"ListItem","position":2,"name":"San Vicente de Pa\u00fal, presb\u00edtero (1581-1660)"}]},{"@type":"WebSite","@id":"http:\/\/vincentians.com\/es\/#website","url":"http:\/\/vincentians.com\/es\/","name":"Somos Vicencianos","description":"Know more to serve more","publisher":{"@id":"http:\/\/vincentians.com\/es\/#organization"},"potentialAction":[{"@type":"SearchAction","target":{"@type":"EntryPoint","urlTemplate":"http:\/\/vincentians.com\/es\/?s={search_term_string}"},"query-input":{"@type":"PropertyValueSpecification","valueRequired":true,"valueName":"search_term_string"}}],"inLanguage":"es"},{"@type":"Organization","@id":"http:\/\/vincentians.com\/es\/#organization","name":"The Vincentian Network","url":"http:\/\/vincentians.com\/es\/","logo":{"@type":"ImageObject","inLanguage":"es","@id":"http:\/\/vincentians.com\/es\/#\/schema\/logo\/image\/","url":"https:\/\/i1.wp.com\/vincentians.com\/es\/wp-content\/uploads\/sites\/11\/2016\/06\/Vincentian-Network-logo-big.png?fit=778%2C778","contentUrl":"https:\/\/i1.wp.com\/vincentians.com\/es\/wp-content\/uploads\/sites\/11\/2016\/06\/Vincentian-Network-logo-big.png?fit=778%2C778","width":778,"height":778,"caption":"The Vincentian Network"},"image":{"@id":"http:\/\/vincentians.com\/es\/#\/schema\/logo\/image\/"},"sameAs":["https:\/\/www.facebook.com\/WeAreVincentians\/","https:\/\/x.com\/WeVincentians"]},{"@type":"Person","@id":"http:\/\/vincentians.com\/es\/#\/schema\/person\/9623ef4d9aa3b2dfb8c061f1499288f2","name":"Francisco Javier Fern\u00e1ndez Chento","image":{"@type":"ImageObject","inLanguage":"es","@id":"http:\/\/vincentians.com\/es\/#\/schema\/person\/image\/","url":"https:\/\/secure.gravatar.com\/avatar\/497d5cde87b4c3d097d0315953521681ba2cd523ee66e5077c3711f7021e65de?s=96&d=mm&r=g","contentUrl":"https:\/\/secure.gravatar.com\/avatar\/497d5cde87b4c3d097d0315953521681ba2cd523ee66e5077c3711f7021e65de?s=96&d=mm&r=g","caption":"Francisco Javier Fern\u00e1ndez Chento"},"description":"Director General y cofundador de La Red de Formaci\u00f3n Vicenciana. Javier es laico vicenciano, afiliado a la Congregaci\u00f3n de la Misi\u00f3n y miembro del Equipo de Misiones Populares de la provincia can\u00f3nica de Zaragoza (Espa\u00f1a) de la Congregaci\u00f3n de la Misi\u00f3n. Graduado en la Universidad Oberta de Catalunya con cuatro grados (Asistente de direcci\u00f3n, Gesti\u00f3n Administrativa, Recursos Humanos y Contabilidad Avanzada). Bil\u00edng\u00fce Espa\u00f1ol\/Ingl\u00e9s. gestiona y mantiene varias p\u00e1ginas web cristianas y vicencianas, incluida including La Red de Formaci\u00f3n Vicenciana, de la que es cofundador. Actualmente es responsable del \u00e1rea de Espa\u00f1ol de .famvin, la Red de Noticias de la Familia Vicenciana. Tambi\u00e9n es m\u00fasico cat\u00f3lico y ha editado varios discos. Es Director General y cofundador de Trovador, una reconocida compa\u00f1\u00eda discogr\u00e1fica critiana de Espa\u00f1a. Trabaja en las Tecnolog\u00edas de la Informaci\u00f3n, ofreciendo servicios de alojamiento, dise\u00f1o y mantenimiento Web, as\u00ed como asesoramiento, formaci\u00f3n y soluciones inform\u00e1ticas, gesti\u00f3n documental y digitalizaci\u00f3n de textos, edici\u00f3n y maquetaci\u00f3n de libros, revistas, flyers, etc.","sameAs":["http:\/\/chento.org","https:\/\/www.facebook.com\/JavierChento","https:\/\/x.com\/https:\/\/twitter.com\/javierchento"],"url":"http:\/\/vincentians.com\/es\/author\/chento\/"}]}},"jetpack_publicize_connections":[],"jetpack_featured_media_url":"https:\/\/i0.wp.com\/vincentians.com\/es\/wp-content\/uploads\/sites\/11\/2013\/04\/e-3.jpg?fit=976%2C570","jetpack_sharing_enabled":true,"jetpack_shortlink":"https:\/\/wp.me\/p7ETMF-x4j","jetpack-related-posts":[{"id":387345,"url":"http:\/\/vincentians.com\/es\/fechas-en-la-vida-de-san-vicente\/","url_meta":{"origin":127119,"position":0},"title":"Fechas en la vida de San Vicente","author":"Francisco Javier Fern\u00e1ndez Chento","date":"21\/12\/2017","format":false,"excerpt":"1581: En Pouy (Landas) nace Vicente de Pa\u00fal, tercer hijo de la familia de Pa\u00fal. 1595: Vicente sale de Pouy para ir a Dax, donde vivir\u00e1 en casa del Se\u00f1or de Comet, abogado en Dax y juez en Pouy. Cursa estudios en el colegio de los Franciscanos. 1596: Vicente inicia\u2026","rel":"","context":"En \u00abVicente de Pa\u00fal\u00bb","block_context":{"text":"Vicente de Pa\u00fal","link":"http:\/\/vincentians.com\/es\/category\/la-familia-vicenciana\/fundadores\/vicente-de-paul\/"},"img":{"alt_text":"","src":"https:\/\/i0.wp.com\/vincentians.com\/es\/wp-content\/uploads\/sites\/11\/2016\/08\/con-damas-de-la-caridad.jpg?fit=1200%2C630&resize=350%2C200","width":350,"height":200,"srcset":"https:\/\/i0.wp.com\/vincentians.com\/es\/wp-content\/uploads\/sites\/11\/2016\/08\/con-damas-de-la-caridad.jpg?fit=1200%2C630&resize=350%2C200 1x, https:\/\/i0.wp.com\/vincentians.com\/es\/wp-content\/uploads\/sites\/11\/2016\/08\/con-damas-de-la-caridad.jpg?fit=1200%2C630&resize=525%2C300 1.5x, https:\/\/i0.wp.com\/vincentians.com\/es\/wp-content\/uploads\/sites\/11\/2016\/08\/con-damas-de-la-caridad.jpg?fit=1200%2C630&resize=700%2C400 2x, https:\/\/i0.wp.com\/vincentians.com\/es\/wp-content\/uploads\/sites\/11\/2016\/08\/con-damas-de-la-caridad.jpg?fit=1200%2C630&resize=1050%2C600 3x"},"classes":[]},{"id":120461,"url":"http:\/\/vincentians.com\/es\/san-vicente-de-paul-y-su-entronque-hispanico-y-x\/","url_meta":{"origin":127119,"position":1},"title":"San Vicente de Pa\u00fal y su entronque hisp\u00e1nico (y X)","author":"Francisco Javier Fern\u00e1ndez Chento","date":"09\/09\/2022","format":false,"excerpt":"Conclusiones De los estudios precedentes podemos llegar a las siguien\u00adtes conclusiones acerca del \"entronque\" de San Vicente de Pa\u00fal con Espa\u00f1a. Existen argumentos que evidencian con certeza que los padres de San Vicente de Pa\u00fal son aragoneses, proceden\u00adtes de Tamarite de Litera. Que el mismo Santo naciera en Tamarite o\u2026","rel":"","context":"En \u00abVicente de Pa\u00fal\u00bb","block_context":{"text":"Vicente de Pa\u00fal","link":"http:\/\/vincentians.com\/es\/category\/la-familia-vicenciana\/fundadores\/vicente-de-paul\/"},"img":{"alt_text":"","src":"https:\/\/i0.wp.com\/vincentians.com\/es\/wp-content\/uploads\/sites\/11\/2013\/04\/msoF811D.jpg?fit=612%2C490&resize=350%2C200","width":350,"height":200,"srcset":"https:\/\/i0.wp.com\/vincentians.com\/es\/wp-content\/uploads\/sites\/11\/2013\/04\/msoF811D.jpg?fit=612%2C490&resize=350%2C200 1x, https:\/\/i0.wp.com\/vincentians.com\/es\/wp-content\/uploads\/sites\/11\/2013\/04\/msoF811D.jpg?fit=612%2C490&resize=525%2C300 1.5x"},"classes":[]},{"id":387844,"url":"http:\/\/vincentians.com\/es\/san-vicente-amigo-de-los-pobres-anos-sin-historia-1581-1600\/","url_meta":{"origin":127119,"position":2},"title":"San Vicente: Amigo de los pobres: a\u00f1os sin historia (1581-1600)","author":"Mitxel Olabu\u00e9naga","date":"09\/10\/2016","format":false,"excerpt":"Los a\u00f1os de la infancia La etapa menos conocida en la vida de Vicente de Pa\u00fal es, sin duda alguna, la de su infancia. En esto, coincide con casi todos los grandes hombres. A\u00f1os de infancia. A\u00f1os sin historia. Y, en realidad, \u00bfqui\u00e9n po\u00add\u00eda estar interesado en ir consignando, d\u00eda\u2026","rel":"","context":"En \u00abFormaci\u00f3n Vicenciana\u00bb","block_context":{"text":"Formaci\u00f3n Vicenciana","link":"http:\/\/vincentians.com\/es\/category\/formacion-vicenciana\/"},"img":{"alt_text":"","src":"https:\/\/i0.wp.com\/vincentians.com\/es\/wp-content\/uploads\/sites\/11\/2016\/07\/st-vincent-de-paul.jpg?fit=1200%2C630&resize=350%2C200","width":350,"height":200,"srcset":"https:\/\/i0.wp.com\/vincentians.com\/es\/wp-content\/uploads\/sites\/11\/2016\/07\/st-vincent-de-paul.jpg?fit=1200%2C630&resize=350%2C200 1x, https:\/\/i0.wp.com\/vincentians.com\/es\/wp-content\/uploads\/sites\/11\/2016\/07\/st-vincent-de-paul.jpg?fit=1200%2C630&resize=525%2C300 1.5x, https:\/\/i0.wp.com\/vincentians.com\/es\/wp-content\/uploads\/sites\/11\/2016\/07\/st-vincent-de-paul.jpg?fit=1200%2C630&resize=700%2C400 2x, https:\/\/i0.wp.com\/vincentians.com\/es\/wp-content\/uploads\/sites\/11\/2016\/07\/st-vincent-de-paul.jpg?fit=1200%2C630&resize=1050%2C600 3x"},"classes":[]},{"id":121433,"url":"http:\/\/vincentians.com\/es\/san-vicente-de-paul-nacio-en-francia-vi-tercera-dificultad\/","url_meta":{"origin":127119,"position":3},"title":"San Vicente de Pa\u00fal naci\u00f3 en Francia. VI. Tercera dificultad","author":"Francisco Javier Fern\u00e1ndez Chento","date":"01\/05\/2015","format":false,"excerpt":"Tercera dificultad Es Tamarite de Litera, en la provincia de Huesca, un pa\u00eds seco, y s\u00f3lo f\u00e9rtil cuando, por excepci\u00f3n, vienen a\u00f1os lluviosos. All\u00ed naci\u00f3 el \u00ednclito S. Vicente de Pa\u00fal por los a\u00f1os de 1576, de padres humildes y cristianos. Los habi\u00adtantes de Tamarite, en su mayor parte sencillos\u2026","rel":"","context":"En \u00abVicente de Pa\u00fal\u00bb","block_context":{"text":"Vicente de Pa\u00fal","link":"http:\/\/vincentians.com\/es\/category\/la-familia-vicenciana\/fundadores\/vicente-de-paul\/"},"img":{"alt_text":"","src":"","width":0,"height":0},"classes":[]},{"id":136147,"url":"http:\/\/vincentians.com\/es\/san-vicente-de-paul-1581-1660\/","url_meta":{"origin":127119,"position":4},"title":"San Vicente de Pa\u00fal (1581-1660)","author":"Francisco Javier Fern\u00e1ndez Chento","date":"18\/01\/2015","format":false,"excerpt":"\u00abNo soy m\u00e1s que un pobre paisano\u00bb, repet\u00eda con frecuencia. \u00c9l, que viv\u00eda entre reyes y marqueses, ten\u00eda empe\u00f1o en que nadie olvidase su origen. Realmente, su pueblo natal, Pouy, en las Landas pirenaicas, no era m\u00e1s que una aldea del Municipio de Dax, y su casa, la casa de\u2026","rel":"","context":"En \u00abVicente de Pa\u00fal\u00bb","block_context":{"text":"Vicente de Pa\u00fal","link":"http:\/\/vincentians.com\/es\/category\/la-familia-vicenciana\/fundadores\/vicente-de-paul\/"},"img":{"alt_text":"vicente","src":"https:\/\/i0.wp.com\/vicencianos.org\/wp-content\/2013\/04\/vicente-300x203.jpg?resize=350%2C200","width":350,"height":200},"classes":[]},{"id":402306,"url":"http:\/\/vincentians.com\/es\/un-heroe-de-la-caridad-san-vicente-de-paul-1581-1660-1\/","url_meta":{"origin":127119,"position":5},"title":"Un h\u00e9roe de la Caridad: San Vicente de Pa\u00fal (1581-1660) (1)","author":"Mitxel Olabu\u00e9naga","date":"23\/05\/2019","format":false,"excerpt":"\u00bfQui\u00e9n es ese hombre excepcional que ha traspasado todas las fronteras por su amor a Cristo en los m\u00e1s necesitados? \u00c9l promovi\u00f3 la santidad en su entorno sacerdotal dej\u00e1ndose lle\u00advar humilde y sabiamente donde el Esp\u00edritu guiaba. Por m\u00e1s de tres siglos han seguido sus huellas ej\u00e9rcitos de caridad que\u2026","rel":"","context":"En \u00abVicente de Pa\u00fal\u00bb","block_context":{"text":"Vicente de Pa\u00fal","link":"http:\/\/vincentians.com\/es\/category\/la-familia-vicenciana\/fundadores\/vicente-de-paul\/"},"img":{"alt_text":"","src":"https:\/\/i0.wp.com\/vincentians.com\/es\/wp-content\/uploads\/sites\/11\/2017\/09\/San-Vicente-9.jpg?fit=900%2C500&resize=350%2C200","width":350,"height":200,"srcset":"https:\/\/i0.wp.com\/vincentians.com\/es\/wp-content\/uploads\/sites\/11\/2017\/09\/San-Vicente-9.jpg?fit=900%2C500&resize=350%2C200 1x, https:\/\/i0.wp.com\/vincentians.com\/es\/wp-content\/uploads\/sites\/11\/2017\/09\/San-Vicente-9.jpg?fit=900%2C500&resize=525%2C300 1.5x, https:\/\/i0.wp.com\/vincentians.com\/es\/wp-content\/uploads\/sites\/11\/2017\/09\/San-Vicente-9.jpg?fit=900%2C500&resize=700%2C400 2x"},"classes":[]}],"_links":{"self":[{"href":"http:\/\/vincentians.com\/es\/wp-json\/wp\/v2\/posts\/127119","targetHints":{"allow":["GET"]}}],"collection":[{"href":"http:\/\/vincentians.com\/es\/wp-json\/wp\/v2\/posts"}],"about":[{"href":"http:\/\/vincentians.com\/es\/wp-json\/wp\/v2\/types\/post"}],"author":[{"embeddable":true,"href":"http:\/\/vincentians.com\/es\/wp-json\/wp\/v2\/users\/4"}],"replies":[{"embeddable":true,"href":"http:\/\/vincentians.com\/es\/wp-json\/wp\/v2\/comments?post=127119"}],"version-history":[{"count":1,"href":"http:\/\/vincentians.com\/es\/wp-json\/wp\/v2\/posts\/127119\/revisions"}],"predecessor-version":[{"id":405447,"href":"http:\/\/vincentians.com\/es\/wp-json\/wp\/v2\/posts\/127119\/revisions\/405447"}],"wp:featuredmedia":[{"embeddable":true,"href":"http:\/\/vincentians.com\/es\/wp-json\/wp\/v2\/media\/404089"}],"wp:attachment":[{"href":"http:\/\/vincentians.com\/es\/wp-json\/wp\/v2\/media?parent=127119"}],"wp:term":[{"taxonomy":"category","embeddable":true,"href":"http:\/\/vincentians.com\/es\/wp-json\/wp\/v2\/categories?post=127119"},{"taxonomy":"post_tag","embeddable":true,"href":"http:\/\/vincentians.com\/es\/wp-json\/wp\/v2\/tags?post=127119"}],"curies":[{"name":"wp","href":"https:\/\/api.w.org\/{rel}","templated":true}]}}