{"id":126489,"date":"2024-01-13T08:37:02","date_gmt":"2024-01-13T07:37:02","guid":{"rendered":"http:\/\/somos.vicencianos.org\/?p=126489"},"modified":"2023-08-19T20:37:40","modified_gmt":"2023-08-19T18:37:40","slug":"el-cardenal-jean-francois-paul-retz","status":"publish","type":"post","link":"http:\/\/vincentians.com\/es\/el-cardenal-jean-francois-paul-retz\/","title":{"rendered":"El Cardenal Jean Fran\u00e7ois-Paul Retz"},"content":{"rendered":"<h2>l. <i>Los comienzos de una carrera prometedora<\/i><\/h2>\n<p>Juan Francisco Pablo de Gondi naci\u00f3 en 1613 en el castillo de Montmirail. Su bautismo lleva la fecha del 20 de setiembre. Es el tercer hijo de Felipe Manuel de Gondi, general de las galeras, y de Margarita de Silly. Pertenece a la rama francesa de la familia florentina de los Gondi; fundada por su bisabuelo Antonio, banquero en Lyon, \u00e9sta logr\u00f3 agregarse a la m\u00e1s alta aristocracia: Alberto de Gondi, hijo de Antonio, mariscal de Francia en 1573, fue elevado a la dignidad de duque y par por Enrique III (l58l). En 1622 el a\u00f1o en que su t\u00edo Juan Francisco de Gondi se convierte en el arzobispo de la capital, el joven muchacho pierde a su hermano Enrique (1610-1622) a quien sus padres destinaban a la Iglesia. Su carrera queda ya trazada: ser\u00e1 \u00e9l quien reciba las \u00f3rdenes, para respetar la tradici\u00f3n que dicta, en cada generaci\u00f3n, un Gondi ejercita altas funciones eclesi\u00e1sticas. A partir de 1623, recibe la tonsura y, en 1625, el a\u00f1o en que pierde a su madre, entra en el colegio de Clermont donde se revela como alumno muy dotado intelectualmente pero de car\u00e1cter dif\u00edcil e indisciplinado. A los 14 a\u00f1os obtiene una prebenda en el cap\u00edtulo de Notre-Dame. En 1631 es bachiller y, de 1632 a 1637, lleva adelante, con el nombre de abate de Gondi, sus estudios de teolog\u00eda, la galanter\u00eda y los duelos. Y es entre 1635 y 1637 cuando comienzan sus amores con la princesa de Gu\u00e9m\u00e9n\u00e9, m\u00e1s tarde con la duquesa de la Meilleraye y la presidenta de Pommereuil. A pesar de la fidelidad habida de los Gondi con Enrique III y Enrique IV, los lazos de la familia con Luis XIII y Richelieu no son buenos. En 1635, Richelieu obliga al hermano mayor de Gondi, Pedro, duque de Retz, a dejar en manos de su propio sobrino, el marqu\u00e9s de Pontcourlay, el cargo de general de las galeras. En 1638, Gondi ocupa el primer lugar en la licenciatura de teolog\u00eda, despu\u00e9s de una lucha cerrada con el abate de la Mothe-Houdancourt pariente y protegido del ministro y debe hacer olvidar este \u00e9xito emprendiendo un viaje a Italia. Cuando toma forma, un poco m\u00e1s tarde, la conspiraci\u00f3n del conde de Soissons (1641), Gondi pretende haber participado en ella, pero sin aducir pruebas. En todo caso, el mismo a\u00f1o, cuando Felipe Manuel de Gondi, ingresado en el Oratorio tras la muerte de su mujer, pide para su hijo la coadjutor\u00eda de Par\u00eds, es no s\u00f3lo conducido sino exiliado a Lyon. Tan s\u00f3lo despu\u00e9s de la muerte e Richelieu y de Luis XIII, la regente Ana de Austria, cediendo a las solicitudes de la marquesa de Maignelay, t\u00eda de Gondi y santa mujer donde las haya, otorga a \u00e9ste \u00faltimo el t\u00edtulo de coadjutor de su t\u00edo el arzobispo, con derecho a sucesi\u00f3n (1643). Gondi, quien no es todav\u00eda subdi\u00e1cono, se da prisa en doctorarse en teolog\u00eda, en recibir las \u00f3rdenes sagradas y, si bien \u00abten\u00eda el alma menos eclesi\u00e1stica que hubiera en el universo\u00bb, en hacer los ejercicios en San L\u00e1zaro, en casa de San Vicente de Pa\u00fal. Consagrado en enero de 1644, comienza a administrar la di\u00f3cesis y a predicar \u00abcon la ayuda natural a una ciudad tan poco acostumbrada como estaba Par\u00eds a ver a sus arzobispos en el p\u00falpito\u00bb. Se gana as\u00ed la estima de los can\u00f3nigos y de los p\u00e1rrocos, sin que por ello corte con sus relaciones \u00edntimas con sus hermosas amigas. En el ejercicio de sus funciones se muestra tan poco complaciente como puede con la Corte y llega a afirmar en la asamblea del clero de 1645 su hostilidad con la autoridad absoluta que ejerc\u00edan en vida Richelieu y Luis XIII.<\/p>\n<h2>II. <i>Gondi y la Fronda<\/i><\/h2>\n<p>La entrada de Gondi en pol\u00edtica se sit\u00faa el 26 de agosto de 1648. La Fronda parlamentaria alcanza entonces su climax y Par\u00eds es un hervidero porque la Corte ha mandado detener al consejero Brussel y al presidente de Blancmesnil. Llegado a hacer oferta de sus servicios al Palacio Real, logra que lo despidan ir\u00f3nicamente la regente y Mazarino. Sale \u00abenfurecido\u00bb de la entrevista y decide hacer lo imposible para vengarse del cardenal y expulsarlo del poder. La ocasi\u00f3n se le presenta a la salida de la Corte para San Germ\u00e1n, en la noche de los reyes de 1649. En lugar de reunirse con ellos, el coadjutor se queda en Pa\u00eds y se une a los rebeldes. Se convierte incluso en uno de sus principales dirigentes y llega hasta reunir un regimiento de caballer\u00eda ligera para combatir a las tropas reales. Estos <i>Corintios <\/i>(llamados as\u00ed porque Gondi lleva el t\u00edtulo de arzobispo de Corinto (<i>in partibus)<\/i> son derrotados adem\u00e1s por los soldados del Rey. Y cuando el parlamento de Par\u00eds, por la primavera, se inclina a la paz, hace cuanto puede, pero en vano, para impedir su conclusi\u00f3n (marzo de 1649). Poco despu\u00e9s se l\u00eda con la duquesa de Chevreuse y se convierte en amante de su hija. En los meses siguientes, la pol\u00edtica francesa est\u00e1 dominada por la querella que opone a Mazarino con el pr\u00edncipe de Cond\u00e9, habi\u00e9ndose propuesto \u00e9ste \u00faltimo invadir el Estado: es el comienzo de la Fronda de los pr\u00edncipes. Llevado por su inspiraci\u00f3n y por sus intereses, Gondi oscila entre los dos campos, sin adoptar nunca una actitud definida. En enero de 1650, decide apoyar a la Regente y a Mazarino contra el Se\u00f1or Pr\u00edncipe. A cambio de su ayuda, la Corte le promete el cardenalato. Pero tras el arresto de Cond\u00e9, como la recompensa prometida se hace esperar, intriga contra el ministro y, a finales de 1650, trabaja con un dominio sin igual, por el acercamiento de la vieja Fronda, la del Parlamento, con la Fronda de los pr\u00edncipes.<\/p>\n<p>Para finales de enero de 1651, se concluye la uni\u00f3n de las Frondas y Mazarino se ve obligado a exiliarse. El ministro sali\u00f3 de Par\u00eds durante la noche del 6 al 7 de febrero de 1651. Pues, durante la noche del 9 al 10. Gondi recibe el aviso de que Ana de Austria y el peque\u00f1o Luis XIV van a imitarlo. En nombre de Gaston de Orl\u00e9ans, ordena entonces a los coroneles de la milicia burguesa que vigilen las puertas, bloqueen el Palacio Real y los puentes. Aquel d\u00eda, el coadjutor se encuentra en el apogeo de su poder: las personas reales son, por decirlo as\u00ed, sus prisioneras. Luis XIV no le perdonar\u00e1 nunca esta afrenta. Para s\u00ed, este episodio es suficiente para explicar el odio tenaz con el que le perseguir\u00e1 el Rey. El pr\u00f3ximo abril, Cond\u00e9 rompe con la vieja Fronda y Gondi se pasa otra vez al campo de le Reina y de Mazarino. Al cabo de dos entrevistas secretas con Ana de Austria, acepta apoyar a la Corte contra el Se\u00f1or Pr\u00edncipe a cambio de un birrete cardenalicio. El choque de los dos personajes y de sus clientelas respectivas se traduce, el 21 de agosto de 1651, en el tumulto del Palacio Real en el curso del cual La Rochefoucauld intenta estrangular a Gondi entre los dos batientes de una puerta, mientras que a las dos bandas les falta poco de venir a las manos. Luego, Cond\u00e9 habi\u00e9ndose marchado de Par\u00eds para preparar la guerra civil, el coadjutor, a la par que apoyaba oficialmente a Mazarino con la pluma, publicando panfletos anti-Cond\u00e9, trabaja secreto contra \u00e9l. En enero de 1652, cuando Mazarino, de vuelta del exilio, se ha unido a la Corte, en Poitiers, Gondi propone a Gaston de Orl\u00e9ans que se ponga a la cabeza de un tercer partido opuesto tanto al ministro como al Se\u00f1or Pr\u00edncipe. La idea es irrealizable y Gondi, quien no tiene ya dominio sobre los acontecimientos, debe contentarse con aguantarlos. Al menos es ascendido al cardenalato, en febrero, por el papa Inocencio X, quien detesta a Mazarino. A partir de entonces adopta el nombre de cardenal de Retz, segundo del nombre (el primero fue su t\u00edo, obispo de Par\u00eds de 1598 a 1622). El siguiente setiembre, cuando el pueblo aspira a la paz y la victoria de la Corte es incuestionable, Retz se dirige a Compi\u00e8gne para pedir a Luis XIV que regrese a la capital. Espera de esta forma recuperar su antigua popularidad, sin conseguirlo en absoluto y se atreve a pronunciar ante el soberano un discurso cuyo exordio es una obra maestra de descarada audacia. S\u00fabdito sublevado que deber\u00eda tratar de conseguir el perd\u00f3n de sus intrigas subversivas, su osad\u00eda llega a dar lecciones a Luis XIV y poner el derecho divino de los reyes al servicio de la causa personal. Eso tampoco le ser\u00e1 perdonado. Acabada la Fronda, Retz es tenido por la Corte como agitador impenitente a quien hay que apartar del camino del mal. No hay tampoco lugar en el pavimento de Par\u00eds para dos cardenales, Mazarino y \u00e9l. El 19 de diciembre de 1652, cometido el error de dirigirse al Louvre, es aprehendido y encerrado en el castillo de Vincennes.<\/p>\n<h2>III. <i>El prisionero y el proscrito<\/i><\/h2>\n<p>Las intervenciones en favor suyo del cap\u00edtulo de Notre-Dame, de su familia o del episcopado no logran nada pero Retz, que mantiene contactos con sus amigos parisinos, consigue, desde el fondo de su prisi\u00f3n, tomar posesi\u00f3n por persona interpuesta del arzobispado, vacante por la muerte de su t\u00edo (21 de marzo de 1654). A pesar de todo, vencido por la detenci\u00f3n, firma algunos d\u00edas despu\u00e9s su dimisi\u00f3n como arzobispo. La Corte le env\u00eda bajo residencia vigilada al castillo de Nantes, donde debe morar hasta la conformaci\u00f3n de su sucesor por el papa. Ahora bien, Inocencio X no se presta al juego y rechaza la dimisi\u00f3n. La Corte, persuadida de que la negativa del papa s\u00f3lo se puede explicar por las intrigas de Retz, planea trasladarlo a Brest o a Brouage. Para evitar este triste destino, no le queda al cardenal m\u00e1s que evadirse. Cosa que logra hacer el 8 de agosto de 1654. Se fractura el hombro en la huida, pero consigue llegar a Machecoul, capital del ducado de Retz, luego a Belle-\u00cele, feudo de su familia, de donde se embarca con destino a Espa\u00f1a en un barco cargado de sardinas. Llegado a San Sebasti\u00e1n, se niega a ponerse al servicio de Felipe IV. Obtiene autorizaci\u00f3n para atravesar el pa\u00eds luego llega a Piombino, En Toscana, a bordo de una galera de la escuadra espa\u00f1ola de N\u00e1poles. El 28 de noviembre de 1654, se encuentra en Roma desde donde lanza una carta circular al episcopado franc\u00e9s que acusa al gobierno real y que irrita profundamente a Luis XIV y a Mazarino. Bien recibido por Inocencio X, se siente mucho menos favorecido por Alejandro VII a cuya elecci\u00f3n sin embargo ha contribuido. Interviene con todo sin cesar en el gobierno de su di\u00f3cesis (revoca su dimisi\u00f3n poco despu\u00e9s de evadirse donde siembra el desorden, mientras que el embajador del rey muy cristiano, Hugo de Lyon, urge al papa que le haga entrar en raz\u00f3n. Cuando el papa parece resuelto a formarle el proceso, Retz, quien se ha cargado de deudas y no tiene un c\u00e9ntimo, a principios de 1656. Lleva entonces, durante varios a\u00f1os, una vida errante y vagabunda, por Alemania, Holanda, los Pa\u00edses Bajos. A fines de 1657, redacta un panfleto muy virulento contra la alianza de Mazarino y de Cromwell. Al rev\u00e9s que Cond\u00e9, otro proscrito ilustre, no se le nombra en el tratado de los Pirineos, y ni siquiera la muerte de Mazarino mejora su situaci\u00f3n. En 1662, debe aceptar la firma de su dimisi\u00f3n como arzobispo de Par\u00eds y retirarse al se\u00f1or\u00edo de Commercy, del que hered\u00f3 en 1640 de su primo La Rochepot en compensaci\u00f3n recibe en comandita la abad\u00eda de San Dionisio y diferentes rentas de origen eclesi\u00e1stico.<\/p>\n<h2>IV. <i>Los \u00faltimos a\u00f1os<\/i><\/h2>\n<p>Inclin\u00e1ndose a la voluntad real, Retz hab\u00eda esperado entrar un d\u00eda en gracia y ocupar de nuevo altos cargos, como por ejemplo la embajada de Roma. De hecho, el odio real lo aleja definitivamente de los centros de decisi\u00f3n. Puede tan s\u00f3lo, de vez en cuando,<i> <\/i>pasar alg\u00fan tiempo en Par\u00eds o en la Corte antes de volverse a Commercy. En 1665-1666, gestiona bien una misi\u00f3n diplom\u00e1tica ante el papa, pero esta misi\u00f3n no conoce el d\u00eda despu\u00e9s. Posteriormente participa en los c\u00f3nclaves que ven la elecci\u00f3n de Clemente IX (1667), de Clemente X (1670) y de Inocencio XI (1676). Cada vez, Luis XIV le dirige una carta de agradecimiento glacial. En 1672, inicia su conversi\u00f3n, multiplica sus estancias entre los benedictinos de San Mihiel. Decide incluso, en 1675, renunciar a su dignidad cardenalicia, pero Clemente X se lo proh\u00edbe. Paga sus deudas con buenas obras. A mediados de 1675, comienza a trabajar en la redacci\u00f3n de sus <i>Memorias <\/i>para enga\u00f1ar su aburrimiento y, en 1677, estudia la filosof\u00eda cartesiana con dom Roberto Desgabetes. A partir de 1678, pasa lo mejor de su tiempo en San Dionisio, donde oficia pontificalmente en las grandes fiestas. Muere en Par\u00eds, el 24 de agosto de 1679. Su cuerpo es transportado a San Dionisio para se inhumado en la abad\u00eda, no lejos del monumento de Francisco I, mas, por voluntad de Luis XIV, ninguna inscripci\u00f3n designa su tumba. Cerca de cuarenta a\u00f1os despu\u00e9s, en 1717, el librero nanceano Juan Bautista Cusson entrega la primera edici\u00f3n de las <i>Memorias.<\/i><\/p>\n<h2><i>IV. Las memorias de Retz<\/i><\/h2>\n<p>Retz se sinti\u00f3 atormentado muy tempranamente por el demonio de la escritura. Sin duda es 1639, a su regreso de Italia, cuando compone <i>La Conjura de Fiesque<\/i>, publicada solamente en 1665, durante la Fronda, su pluma dio la luz a panfletos muy h\u00e1bilmente tramados, unas veces vehementes, otras ir\u00f3nicos y chirriantes. Pero son sobre todo las Memorias las que nos apasionan hoy. Retz las compuso a mediados de 1675 y en el transcurso de 1677 de un tir\u00f3n. Se trata ante todo de una autobiograf\u00eda por la que el cardenal se toma la revancha de todos sus fracasos volviendo a dar vida mediante el pensamiento a las horas exultantes de la Fronda. Para realizar su plan se apoya en el <i>Diario del Parlamento, <\/i>publicaci\u00f3n peri\u00f3dica de los libreros Langlois y Alliot y en la <i>Hiastoria del Tiempo, <\/i>cr\u00f3nica de los comienzos de la Fronda, que le dan la trama cronol\u00f3gicamente de de lo que se propone .por la magia de la palabra, como \u00abgran se\u00f1or del estilo\u00bb (Marc Fumaroli), restituye de forma coloreada y pintoresca, extraordinariamente vivaz, el clima tumultuoso de la Fronda. A veces se abandona ala mentira o a la fabulaci\u00f3n, ya que reconstruye con frecuencia el pasado tal como \u00e9l habr\u00eda querido vivirlo y no tal como se produjo. Profesa para la historia y los historiadores un desprecio aristocr\u00e1tico ya que \u00e9stos, sin ver aquello de que hablan, hablan necesariamente de lo que no conocen. Y con todo las Memorias de Retz son un gran libro de historia por la voluntad de comprender y explicar la pertinencia de los an\u00e1lisis, el color y la verdad de los retratos. Satisfacen plenamente al historiador de hoy por el testimonio de segundo grado que nos ofrecen sobre el universo metal de la nobleza en la primera mitad del siglo XVII. -Michel Pernot.<\/p>\n<p>El cardenal de Retz ha inscrito en la historia de su tiempo las peripecias de un fracaso pol\u00edtico resonante, pero ha adquirido, a t\u00edtulo p\u00f3stumo, una gloria literaria que nunca hab\u00eda buscado en vida. La posteridad estima sus <i>Memorias, <\/i>si bien inacabadas, muy por encima de las que la Fronda ha podido inspirar a sus autores y a sus espectadores.<\/p>\n","protected":false},"excerpt":{"rendered":"<p>l. Los comienzos de una carrera prometedora Juan Francisco Pablo de Gondi naci\u00f3 en 1613 en el castillo de Montmirail. Su bautismo lleva la fecha del 20 de setiembre. Es el tercer hijo de Felipe &#8230; <a href=\"http:\/\/vincentians.com\/es\/el-cardenal-jean-francois-paul-retz\/\" class=\"more-link\">Read More<\/a><\/p>\n","protected":false},"author":4,"featured_media":399894,"comment_status":"open","ping_status":"open","sticky":false,"template":"","format":"standard","meta":{"jetpack_post_was_ever_published":false,"_jetpack_newsletter_access":"","_jetpack_dont_email_post_to_subs":false,"_jetpack_newsletter_tier_id":0,"_jetpack_memberships_contains_paywalled_content":false,"_jetpack_memberships_contains_paid_content":false,"footnotes":"","jetpack_publicize_message":"","jetpack_publicize_feature_enabled":true,"jetpack_social_post_already_shared":true,"jetpack_social_options":{"image_generator_settings":{"template":"highway","default_image_id":0,"font":"","enabled":false},"version":2}},"categories":[17],"tags":[119,131,143,128],"class_list":["post-126489","post","type-post","status-publish","format-standard","has-post-thumbnail","hentry","category-en-tiempos-de-vicente-de-paul","tag-gondi","tag-montmirail","tag-san-lazaro","tag-silly"],"yoast_head":"<!-- This site is optimized with the Yoast SEO plugin v26.3 - https:\/\/yoast.com\/wordpress\/plugins\/seo\/ -->\n<title>El Cardenal Jean Fran\u00e7ois-Paul Retz - Somos Vicencianos<\/title>\n<meta name=\"robots\" content=\"index, follow, max-snippet:-1, max-image-preview:large, max-video-preview:-1\" \/>\n<link rel=\"canonical\" href=\"http:\/\/vincentians.com\/es\/el-cardenal-jean-francois-paul-retz\/\" \/>\n<meta property=\"og:locale\" content=\"es_ES\" \/>\n<meta property=\"og:type\" content=\"article\" \/>\n<meta property=\"og:title\" content=\"El Cardenal Jean Fran\u00e7ois-Paul Retz - Somos Vicencianos\" \/>\n<meta property=\"og:description\" content=\"l. Los comienzos de una carrera prometedora Juan Francisco Pablo de Gondi naci\u00f3 en 1613 en el castillo de Montmirail. Su bautismo lleva la fecha del 20 de setiembre. Es el tercer hijo de Felipe ... Read More\" \/>\n<meta property=\"og:url\" content=\"http:\/\/vincentians.com\/es\/el-cardenal-jean-francois-paul-retz\/\" \/>\n<meta property=\"og:site_name\" content=\"Somos Vicencianos\" \/>\n<meta property=\"article:publisher\" content=\"https:\/\/www.facebook.com\/WeAreVincentians\/\" \/>\n<meta property=\"article:author\" content=\"https:\/\/www.facebook.com\/JavierChento\" \/>\n<meta property=\"article:published_time\" content=\"2024-01-13T07:37:02+00:00\" \/>\n<meta property=\"og:image\" content=\"https:\/\/i0.wp.com\/vincentians.com\/es\/wp-content\/uploads\/sites\/11\/2016\/09\/anyos-vida-vicente.jpg?fit=1200%2C630\" \/>\n\t<meta property=\"og:image:width\" content=\"1200\" \/>\n\t<meta property=\"og:image:height\" content=\"630\" \/>\n\t<meta property=\"og:image:type\" content=\"image\/jpeg\" \/>\n<meta name=\"author\" content=\"Francisco Javier Fern\u00e1ndez Chento\" \/>\n<meta name=\"twitter:card\" content=\"summary_large_image\" \/>\n<meta name=\"twitter:creator\" content=\"@https:\/\/twitter.com\/javierchento\" \/>\n<meta name=\"twitter:site\" content=\"@WeVincentians\" \/>\n<meta name=\"twitter:label1\" content=\"Escrito por\" \/>\n\t<meta name=\"twitter:data1\" content=\"Francisco Javier Fern\u00e1ndez Chento\" \/>\n\t<meta name=\"twitter:label2\" content=\"Tiempo de lectura\" \/>\n\t<meta name=\"twitter:data2\" content=\"12 minutos\" \/>\n<script type=\"application\/ld+json\" class=\"yoast-schema-graph\">{\"@context\":\"https:\/\/schema.org\",\"@graph\":[{\"@type\":\"Article\",\"@id\":\"http:\/\/vincentians.com\/es\/el-cardenal-jean-francois-paul-retz\/#article\",\"isPartOf\":{\"@id\":\"http:\/\/vincentians.com\/es\/el-cardenal-jean-francois-paul-retz\/\"},\"author\":{\"name\":\"Francisco Javier Fern\u00e1ndez Chento\",\"@id\":\"http:\/\/vincentians.com\/es\/#\/schema\/person\/9623ef4d9aa3b2dfb8c061f1499288f2\"},\"headline\":\"El Cardenal Jean Fran\u00e7ois-Paul Retz\",\"datePublished\":\"2024-01-13T07:37:02+00:00\",\"mainEntityOfPage\":{\"@id\":\"http:\/\/vincentians.com\/es\/el-cardenal-jean-francois-paul-retz\/\"},\"wordCount\":2699,\"commentCount\":0,\"publisher\":{\"@id\":\"http:\/\/vincentians.com\/es\/#organization\"},\"image\":{\"@id\":\"http:\/\/vincentians.com\/es\/el-cardenal-jean-francois-paul-retz\/#primaryimage\"},\"thumbnailUrl\":\"https:\/\/i0.wp.com\/vincentians.com\/es\/wp-content\/uploads\/sites\/11\/2016\/09\/anyos-vida-vicente.jpg?fit=1200%2C630\",\"keywords\":[\"Gondi\",\"Montmirail\",\"San L\u00e1zaro\",\"Silly\"],\"articleSection\":[\"En tiempos de Vicente de Pa\u00fal\"],\"inLanguage\":\"es\",\"potentialAction\":[{\"@type\":\"CommentAction\",\"name\":\"Comment\",\"target\":[\"http:\/\/vincentians.com\/es\/el-cardenal-jean-francois-paul-retz\/#respond\"]}]},{\"@type\":\"WebPage\",\"@id\":\"http:\/\/vincentians.com\/es\/el-cardenal-jean-francois-paul-retz\/\",\"url\":\"http:\/\/vincentians.com\/es\/el-cardenal-jean-francois-paul-retz\/\",\"name\":\"El Cardenal Jean Fran\u00e7ois-Paul Retz - Somos Vicencianos\",\"isPartOf\":{\"@id\":\"http:\/\/vincentians.com\/es\/#website\"},\"primaryImageOfPage\":{\"@id\":\"http:\/\/vincentians.com\/es\/el-cardenal-jean-francois-paul-retz\/#primaryimage\"},\"image\":{\"@id\":\"http:\/\/vincentians.com\/es\/el-cardenal-jean-francois-paul-retz\/#primaryimage\"},\"thumbnailUrl\":\"https:\/\/i0.wp.com\/vincentians.com\/es\/wp-content\/uploads\/sites\/11\/2016\/09\/anyos-vida-vicente.jpg?fit=1200%2C630\",\"datePublished\":\"2024-01-13T07:37:02+00:00\",\"breadcrumb\":{\"@id\":\"http:\/\/vincentians.com\/es\/el-cardenal-jean-francois-paul-retz\/#breadcrumb\"},\"inLanguage\":\"es\",\"potentialAction\":[{\"@type\":\"ReadAction\",\"target\":[\"http:\/\/vincentians.com\/es\/el-cardenal-jean-francois-paul-retz\/\"]}]},{\"@type\":\"ImageObject\",\"inLanguage\":\"es\",\"@id\":\"http:\/\/vincentians.com\/es\/el-cardenal-jean-francois-paul-retz\/#primaryimage\",\"url\":\"https:\/\/i0.wp.com\/vincentians.com\/es\/wp-content\/uploads\/sites\/11\/2016\/09\/anyos-vida-vicente.jpg?fit=1200%2C630\",\"contentUrl\":\"https:\/\/i0.wp.com\/vincentians.com\/es\/wp-content\/uploads\/sites\/11\/2016\/09\/anyos-vida-vicente.jpg?fit=1200%2C630\",\"width\":1200,\"height\":630},{\"@type\":\"BreadcrumbList\",\"@id\":\"http:\/\/vincentians.com\/es\/el-cardenal-jean-francois-paul-retz\/#breadcrumb\",\"itemListElement\":[{\"@type\":\"ListItem\",\"position\":1,\"name\":\"Portada\",\"item\":\"http:\/\/vincentians.com\/es\/\"},{\"@type\":\"ListItem\",\"position\":2,\"name\":\"El Cardenal Jean Fran\u00e7ois-Paul Retz\"}]},{\"@type\":\"WebSite\",\"@id\":\"http:\/\/vincentians.com\/es\/#website\",\"url\":\"http:\/\/vincentians.com\/es\/\",\"name\":\"Somos Vicencianos\",\"description\":\"Know more to serve more\",\"publisher\":{\"@id\":\"http:\/\/vincentians.com\/es\/#organization\"},\"potentialAction\":[{\"@type\":\"SearchAction\",\"target\":{\"@type\":\"EntryPoint\",\"urlTemplate\":\"http:\/\/vincentians.com\/es\/?s={search_term_string}\"},\"query-input\":{\"@type\":\"PropertyValueSpecification\",\"valueRequired\":true,\"valueName\":\"search_term_string\"}}],\"inLanguage\":\"es\"},{\"@type\":\"Organization\",\"@id\":\"http:\/\/vincentians.com\/es\/#organization\",\"name\":\"The Vincentian Network\",\"url\":\"http:\/\/vincentians.com\/es\/\",\"logo\":{\"@type\":\"ImageObject\",\"inLanguage\":\"es\",\"@id\":\"http:\/\/vincentians.com\/es\/#\/schema\/logo\/image\/\",\"url\":\"https:\/\/i1.wp.com\/vincentians.com\/es\/wp-content\/uploads\/sites\/11\/2016\/06\/Vincentian-Network-logo-big.png?fit=778%2C778\",\"contentUrl\":\"https:\/\/i1.wp.com\/vincentians.com\/es\/wp-content\/uploads\/sites\/11\/2016\/06\/Vincentian-Network-logo-big.png?fit=778%2C778\",\"width\":778,\"height\":778,\"caption\":\"The Vincentian Network\"},\"image\":{\"@id\":\"http:\/\/vincentians.com\/es\/#\/schema\/logo\/image\/\"},\"sameAs\":[\"https:\/\/www.facebook.com\/WeAreVincentians\/\",\"https:\/\/x.com\/WeVincentians\"]},{\"@type\":\"Person\",\"@id\":\"http:\/\/vincentians.com\/es\/#\/schema\/person\/9623ef4d9aa3b2dfb8c061f1499288f2\",\"name\":\"Francisco Javier Fern\u00e1ndez Chento\",\"image\":{\"@type\":\"ImageObject\",\"inLanguage\":\"es\",\"@id\":\"http:\/\/vincentians.com\/es\/#\/schema\/person\/image\/\",\"url\":\"https:\/\/secure.gravatar.com\/avatar\/497d5cde87b4c3d097d0315953521681ba2cd523ee66e5077c3711f7021e65de?s=96&d=mm&r=g\",\"contentUrl\":\"https:\/\/secure.gravatar.com\/avatar\/497d5cde87b4c3d097d0315953521681ba2cd523ee66e5077c3711f7021e65de?s=96&d=mm&r=g\",\"caption\":\"Francisco Javier Fern\u00e1ndez Chento\"},\"description\":\"Director General y cofundador de La Red de Formaci\u00f3n Vicenciana. Javier es laico vicenciano, afiliado a la Congregaci\u00f3n de la Misi\u00f3n y miembro del Equipo de Misiones Populares de la provincia can\u00f3nica de Zaragoza (Espa\u00f1a) de la Congregaci\u00f3n de la Misi\u00f3n. Graduado en la Universidad Oberta de Catalunya con cuatro grados (Asistente de direcci\u00f3n, Gesti\u00f3n Administrativa, Recursos Humanos y Contabilidad Avanzada). Bil\u00edng\u00fce Espa\u00f1ol\/Ingl\u00e9s. gestiona y mantiene varias p\u00e1ginas web cristianas y vicencianas, incluida including La Red de Formaci\u00f3n Vicenciana, de la que es cofundador. Actualmente es responsable del \u00e1rea de Espa\u00f1ol de .famvin, la Red de Noticias de la Familia Vicenciana. Tambi\u00e9n es m\u00fasico cat\u00f3lico y ha editado varios discos. Es Director General y cofundador de Trovador, una reconocida compa\u00f1\u00eda discogr\u00e1fica critiana de Espa\u00f1a. Trabaja en las Tecnolog\u00edas de la Informaci\u00f3n, ofreciendo servicios de alojamiento, dise\u00f1o y mantenimiento Web, as\u00ed como asesoramiento, formaci\u00f3n y soluciones inform\u00e1ticas, gesti\u00f3n documental y digitalizaci\u00f3n de textos, edici\u00f3n y maquetaci\u00f3n de libros, revistas, flyers, etc.\",\"sameAs\":[\"http:\/\/chento.org\",\"https:\/\/www.facebook.com\/JavierChento\",\"https:\/\/x.com\/https:\/\/twitter.com\/javierchento\"],\"url\":\"http:\/\/vincentians.com\/es\/author\/chento\/\"}]}<\/script>\n<!-- \/ Yoast SEO plugin. -->","yoast_head_json":{"title":"El Cardenal Jean Fran\u00e7ois-Paul Retz - Somos Vicencianos","robots":{"index":"index","follow":"follow","max-snippet":"max-snippet:-1","max-image-preview":"max-image-preview:large","max-video-preview":"max-video-preview:-1"},"canonical":"http:\/\/vincentians.com\/es\/el-cardenal-jean-francois-paul-retz\/","og_locale":"es_ES","og_type":"article","og_title":"El Cardenal Jean Fran\u00e7ois-Paul Retz - Somos Vicencianos","og_description":"l. Los comienzos de una carrera prometedora Juan Francisco Pablo de Gondi naci\u00f3 en 1613 en el castillo de Montmirail. Su bautismo lleva la fecha del 20 de setiembre. Es el tercer hijo de Felipe ... Read More","og_url":"http:\/\/vincentians.com\/es\/el-cardenal-jean-francois-paul-retz\/","og_site_name":"Somos Vicencianos","article_publisher":"https:\/\/www.facebook.com\/WeAreVincentians\/","article_author":"https:\/\/www.facebook.com\/JavierChento","article_published_time":"2024-01-13T07:37:02+00:00","og_image":[{"width":1200,"height":630,"url":"https:\/\/i0.wp.com\/vincentians.com\/es\/wp-content\/uploads\/sites\/11\/2016\/09\/anyos-vida-vicente.jpg?fit=1200%2C630","type":"image\/jpeg"}],"author":"Francisco Javier Fern\u00e1ndez Chento","twitter_card":"summary_large_image","twitter_creator":"@https:\/\/twitter.com\/javierchento","twitter_site":"@WeVincentians","twitter_misc":{"Escrito por":"Francisco Javier Fern\u00e1ndez Chento","Tiempo de lectura":"12 minutos"},"schema":{"@context":"https:\/\/schema.org","@graph":[{"@type":"Article","@id":"http:\/\/vincentians.com\/es\/el-cardenal-jean-francois-paul-retz\/#article","isPartOf":{"@id":"http:\/\/vincentians.com\/es\/el-cardenal-jean-francois-paul-retz\/"},"author":{"name":"Francisco Javier Fern\u00e1ndez Chento","@id":"http:\/\/vincentians.com\/es\/#\/schema\/person\/9623ef4d9aa3b2dfb8c061f1499288f2"},"headline":"El Cardenal Jean Fran\u00e7ois-Paul Retz","datePublished":"2024-01-13T07:37:02+00:00","mainEntityOfPage":{"@id":"http:\/\/vincentians.com\/es\/el-cardenal-jean-francois-paul-retz\/"},"wordCount":2699,"commentCount":0,"publisher":{"@id":"http:\/\/vincentians.com\/es\/#organization"},"image":{"@id":"http:\/\/vincentians.com\/es\/el-cardenal-jean-francois-paul-retz\/#primaryimage"},"thumbnailUrl":"https:\/\/i0.wp.com\/vincentians.com\/es\/wp-content\/uploads\/sites\/11\/2016\/09\/anyos-vida-vicente.jpg?fit=1200%2C630","keywords":["Gondi","Montmirail","San L\u00e1zaro","Silly"],"articleSection":["En tiempos de Vicente de Pa\u00fal"],"inLanguage":"es","potentialAction":[{"@type":"CommentAction","name":"Comment","target":["http:\/\/vincentians.com\/es\/el-cardenal-jean-francois-paul-retz\/#respond"]}]},{"@type":"WebPage","@id":"http:\/\/vincentians.com\/es\/el-cardenal-jean-francois-paul-retz\/","url":"http:\/\/vincentians.com\/es\/el-cardenal-jean-francois-paul-retz\/","name":"El Cardenal Jean Fran\u00e7ois-Paul Retz - Somos Vicencianos","isPartOf":{"@id":"http:\/\/vincentians.com\/es\/#website"},"primaryImageOfPage":{"@id":"http:\/\/vincentians.com\/es\/el-cardenal-jean-francois-paul-retz\/#primaryimage"},"image":{"@id":"http:\/\/vincentians.com\/es\/el-cardenal-jean-francois-paul-retz\/#primaryimage"},"thumbnailUrl":"https:\/\/i0.wp.com\/vincentians.com\/es\/wp-content\/uploads\/sites\/11\/2016\/09\/anyos-vida-vicente.jpg?fit=1200%2C630","datePublished":"2024-01-13T07:37:02+00:00","breadcrumb":{"@id":"http:\/\/vincentians.com\/es\/el-cardenal-jean-francois-paul-retz\/#breadcrumb"},"inLanguage":"es","potentialAction":[{"@type":"ReadAction","target":["http:\/\/vincentians.com\/es\/el-cardenal-jean-francois-paul-retz\/"]}]},{"@type":"ImageObject","inLanguage":"es","@id":"http:\/\/vincentians.com\/es\/el-cardenal-jean-francois-paul-retz\/#primaryimage","url":"https:\/\/i0.wp.com\/vincentians.com\/es\/wp-content\/uploads\/sites\/11\/2016\/09\/anyos-vida-vicente.jpg?fit=1200%2C630","contentUrl":"https:\/\/i0.wp.com\/vincentians.com\/es\/wp-content\/uploads\/sites\/11\/2016\/09\/anyos-vida-vicente.jpg?fit=1200%2C630","width":1200,"height":630},{"@type":"BreadcrumbList","@id":"http:\/\/vincentians.com\/es\/el-cardenal-jean-francois-paul-retz\/#breadcrumb","itemListElement":[{"@type":"ListItem","position":1,"name":"Portada","item":"http:\/\/vincentians.com\/es\/"},{"@type":"ListItem","position":2,"name":"El Cardenal Jean Fran\u00e7ois-Paul Retz"}]},{"@type":"WebSite","@id":"http:\/\/vincentians.com\/es\/#website","url":"http:\/\/vincentians.com\/es\/","name":"Somos Vicencianos","description":"Know more to serve more","publisher":{"@id":"http:\/\/vincentians.com\/es\/#organization"},"potentialAction":[{"@type":"SearchAction","target":{"@type":"EntryPoint","urlTemplate":"http:\/\/vincentians.com\/es\/?s={search_term_string}"},"query-input":{"@type":"PropertyValueSpecification","valueRequired":true,"valueName":"search_term_string"}}],"inLanguage":"es"},{"@type":"Organization","@id":"http:\/\/vincentians.com\/es\/#organization","name":"The Vincentian Network","url":"http:\/\/vincentians.com\/es\/","logo":{"@type":"ImageObject","inLanguage":"es","@id":"http:\/\/vincentians.com\/es\/#\/schema\/logo\/image\/","url":"https:\/\/i1.wp.com\/vincentians.com\/es\/wp-content\/uploads\/sites\/11\/2016\/06\/Vincentian-Network-logo-big.png?fit=778%2C778","contentUrl":"https:\/\/i1.wp.com\/vincentians.com\/es\/wp-content\/uploads\/sites\/11\/2016\/06\/Vincentian-Network-logo-big.png?fit=778%2C778","width":778,"height":778,"caption":"The Vincentian Network"},"image":{"@id":"http:\/\/vincentians.com\/es\/#\/schema\/logo\/image\/"},"sameAs":["https:\/\/www.facebook.com\/WeAreVincentians\/","https:\/\/x.com\/WeVincentians"]},{"@type":"Person","@id":"http:\/\/vincentians.com\/es\/#\/schema\/person\/9623ef4d9aa3b2dfb8c061f1499288f2","name":"Francisco Javier Fern\u00e1ndez Chento","image":{"@type":"ImageObject","inLanguage":"es","@id":"http:\/\/vincentians.com\/es\/#\/schema\/person\/image\/","url":"https:\/\/secure.gravatar.com\/avatar\/497d5cde87b4c3d097d0315953521681ba2cd523ee66e5077c3711f7021e65de?s=96&d=mm&r=g","contentUrl":"https:\/\/secure.gravatar.com\/avatar\/497d5cde87b4c3d097d0315953521681ba2cd523ee66e5077c3711f7021e65de?s=96&d=mm&r=g","caption":"Francisco Javier Fern\u00e1ndez Chento"},"description":"Director General y cofundador de La Red de Formaci\u00f3n Vicenciana. Javier es laico vicenciano, afiliado a la Congregaci\u00f3n de la Misi\u00f3n y miembro del Equipo de Misiones Populares de la provincia can\u00f3nica de Zaragoza (Espa\u00f1a) de la Congregaci\u00f3n de la Misi\u00f3n. Graduado en la Universidad Oberta de Catalunya con cuatro grados (Asistente de direcci\u00f3n, Gesti\u00f3n Administrativa, Recursos Humanos y Contabilidad Avanzada). Bil\u00edng\u00fce Espa\u00f1ol\/Ingl\u00e9s. gestiona y mantiene varias p\u00e1ginas web cristianas y vicencianas, incluida including La Red de Formaci\u00f3n Vicenciana, de la que es cofundador. Actualmente es responsable del \u00e1rea de Espa\u00f1ol de .famvin, la Red de Noticias de la Familia Vicenciana. Tambi\u00e9n es m\u00fasico cat\u00f3lico y ha editado varios discos. Es Director General y cofundador de Trovador, una reconocida compa\u00f1\u00eda discogr\u00e1fica critiana de Espa\u00f1a. Trabaja en las Tecnolog\u00edas de la Informaci\u00f3n, ofreciendo servicios de alojamiento, dise\u00f1o y mantenimiento Web, as\u00ed como asesoramiento, formaci\u00f3n y soluciones inform\u00e1ticas, gesti\u00f3n documental y digitalizaci\u00f3n de textos, edici\u00f3n y maquetaci\u00f3n de libros, revistas, flyers, etc.","sameAs":["http:\/\/chento.org","https:\/\/www.facebook.com\/JavierChento","https:\/\/x.com\/https:\/\/twitter.com\/javierchento"],"url":"http:\/\/vincentians.com\/es\/author\/chento\/"}]}},"jetpack_publicize_connections":[],"jetpack_featured_media_url":"https:\/\/i0.wp.com\/vincentians.com\/es\/wp-content\/uploads\/sites\/11\/2016\/09\/anyos-vida-vicente.jpg?fit=1200%2C630","jetpack_sharing_enabled":true,"jetpack_shortlink":"https:\/\/wp.me\/p7ETMF-wU9","jetpack-related-posts":[{"id":121642,"url":"http:\/\/vincentians.com\/es\/san-vicente-de-paul-y-los-gondi-capitulo-04\/","url_meta":{"origin":126489,"position":0},"title":"San Vicente de Pa\u00fal y los Gondi: Cap\u00edtulo 04","author":"Francisco Javier Fern\u00e1ndez Chento","date":"05\/07\/2024","format":false,"excerpt":"Cap\u00edtulo IV Vicente de Pa\u00fal en la casa del general de las galeras. - Retratos de familia: Felipe Manuel de Gondi, su mujer Margarita de Silly y sus hijos. - Vicente de Pa\u00fal, fundador. Volvamos sobre nuestros pasos y entremos en el castillo de Montmirail donde, hacia el fin del\u2026","rel":"","context":"En \u00abVicente de Pa\u00fal\u00bb","block_context":{"text":"Vicente de Pa\u00fal","link":"http:\/\/vincentians.com\/es\/category\/la-familia-vicenciana\/fundadores\/vicente-de-paul\/"},"img":{"alt_text":"","src":"https:\/\/i0.wp.com\/vincentians.com\/es\/wp-content\/uploads\/sites\/11\/2023\/08\/aaaf.jpg?fit=1200%2C827&resize=350%2C200","width":350,"height":200,"srcset":"https:\/\/i0.wp.com\/vincentians.com\/es\/wp-content\/uploads\/sites\/11\/2023\/08\/aaaf.jpg?fit=1200%2C827&resize=350%2C200 1x, https:\/\/i0.wp.com\/vincentians.com\/es\/wp-content\/uploads\/sites\/11\/2023\/08\/aaaf.jpg?fit=1200%2C827&resize=525%2C300 1.5x, https:\/\/i0.wp.com\/vincentians.com\/es\/wp-content\/uploads\/sites\/11\/2023\/08\/aaaf.jpg?fit=1200%2C827&resize=700%2C400 2x, https:\/\/i0.wp.com\/vincentians.com\/es\/wp-content\/uploads\/sites\/11\/2023\/08\/aaaf.jpg?fit=1200%2C827&resize=1050%2C600 3x"},"classes":[]},{"id":121640,"url":"http:\/\/vincentians.com\/es\/san-vicente-de-paul-y-los-gondi-capitulo-02\/","url_meta":{"origin":126489,"position":1},"title":"San Vicente de Pa\u00fal y los Gondi: Cap\u00edtulo 02","author":"Francisco Javier Fern\u00e1ndez Chento","date":"03\/06\/2024","format":false,"excerpt":"Cap\u00edtulo II Entrada de Vicente en casa de los Gondi en el momento de nacer el cardenal de Retz. - Galer\u00eda de retratos: el mariscal de Retz; el cardenal Pierre de Gondi; Enrique de Gondi, primer cardenal de Retz. Felipe-Manuel de Gondi, general de las galeras, y su mujer Francisca-Margarita\u2026","rel":"","context":"En \u00abVicente de Pa\u00fal\u00bb","block_context":{"text":"Vicente de Pa\u00fal","link":"http:\/\/vincentians.com\/es\/category\/la-familia-vicenciana\/fundadores\/vicente-de-paul\/"},"img":{"alt_text":"","src":"https:\/\/i0.wp.com\/vincentians.com\/es\/wp-content\/uploads\/sites\/11\/2023\/08\/aaaf.jpg?fit=1200%2C827&resize=350%2C200","width":350,"height":200,"srcset":"https:\/\/i0.wp.com\/vincentians.com\/es\/wp-content\/uploads\/sites\/11\/2023\/08\/aaaf.jpg?fit=1200%2C827&resize=350%2C200 1x, https:\/\/i0.wp.com\/vincentians.com\/es\/wp-content\/uploads\/sites\/11\/2023\/08\/aaaf.jpg?fit=1200%2C827&resize=525%2C300 1.5x, https:\/\/i0.wp.com\/vincentians.com\/es\/wp-content\/uploads\/sites\/11\/2023\/08\/aaaf.jpg?fit=1200%2C827&resize=700%2C400 2x, https:\/\/i0.wp.com\/vincentians.com\/es\/wp-content\/uploads\/sites\/11\/2023\/08\/aaaf.jpg?fit=1200%2C827&resize=1050%2C600 3x"},"classes":[]},{"id":403620,"url":"http:\/\/vincentians.com\/es\/san-vicente-de-paul-y-los-gondi-ii\/","url_meta":{"origin":126489,"position":2},"title":"SAN VICENTE DE PAUL Y LOS GONDI (II)","author":"Mitxel Olabu\u00e9naga","date":"08\/08\/2021","format":false,"excerpt":"UNA MIRADA SOBRE LAS FAMILIAS DE GONDI Y SILLY 2.1. LA FAMILIA DE GONDI: La familia de Gondi en la que san Vicente vivi\u00f3 como cape\u00adll\u00e1n y como preceptor de sus hijos, estaba compuesta por Felipe Manuel de Gondi y Francisca Margarita de Silly. Esta unidad familiar ser\u00e1 el punto\u2026","rel":"","context":"En \u00abFormaci\u00f3n Vicenciana\u00bb","block_context":{"text":"Formaci\u00f3n Vicenciana","link":"http:\/\/vincentians.com\/es\/category\/formacion-vicenciana\/"},"img":{"alt_text":"","src":"https:\/\/i0.wp.com\/vincentians.com\/es\/wp-content\/uploads\/sites\/11\/2012\/05\/Limpias15.jpg?fit=550%2C370&resize=350%2C200","width":350,"height":200,"srcset":"https:\/\/i0.wp.com\/vincentians.com\/es\/wp-content\/uploads\/sites\/11\/2012\/05\/Limpias15.jpg?fit=550%2C370&resize=350%2C200 1x, https:\/\/i0.wp.com\/vincentians.com\/es\/wp-content\/uploads\/sites\/11\/2012\/05\/Limpias15.jpg?fit=550%2C370&resize=525%2C300 1.5x"},"classes":[]},{"id":131661,"url":"http:\/\/vincentians.com\/es\/la-vida-del-cardenal-de-retz-iv\/","url_meta":{"origin":126489,"position":3},"title":"La vida del Cardenal de Retz (IV)","author":"Francisco Javier Fern\u00e1ndez Chento","date":"02\/11\/2014","format":false,"excerpt":"COMBATIENTES DE LA CONTRAREFORMA Jean-Fran\u00e7ois-Paul de Gondi, el futuro memorialista, naci\u00f3 en el castillo de Montmirail, en las tierras que sus padres pose\u00edan en Brie, en septiembre de 1613. Su partida de bautismo menciona que fue llevado a las fuentes el 20*. Era el \u00faltimo de los tres hijos de\u2026","rel":"","context":"En \u00abEn tiempos de Vicente de Pa\u00fal\u00bb","block_context":{"text":"En tiempos de Vicente de Pa\u00fal","link":"http:\/\/vincentians.com\/es\/category\/historia-de-la-familia-vicenciana\/en-tiempos-de-vicente-de-paul\/"},"img":{"alt_text":"cretz","src":"https:\/\/i0.wp.com\/vicencianos.org\/wp-content\/2014\/10\/cretz.jpg?resize=350%2C200","width":350,"height":200},"classes":[]},{"id":119709,"url":"http:\/\/vincentians.com\/es\/el-senor-vicente-relee-su-vida-misionero\/","url_meta":{"origin":126489,"position":4},"title":"El Se\u00f1or Vicente relee su vida: Misionero","author":"Francisco Javier Fern\u00e1ndez Chento","date":"19\/04\/2022","format":false,"excerpt":"Siete largos a\u00f1os van ante todo a transcurrir, en la misma l\u00ednea que los tres precedentes: misionar s\u00f3lo en los pueblos de las tierras de los Gondi, y sin embargo de manera muy diferente. Entregado del todo a estas misiones a las pobres gentes de los campos, tengo ahora mi\u2026","rel":"","context":"En \u00abVicente de Pa\u00fal\u00bb","block_context":{"text":"Vicente de Pa\u00fal","link":"http:\/\/vincentians.com\/es\/category\/la-familia-vicenciana\/fundadores\/vicente-de-paul\/"},"img":{"alt_text":"","src":"https:\/\/i0.wp.com\/vincentians.com\/es\/wp-content\/uploads\/sites\/11\/2013\/04\/f-8-scaled.jpg?fit=1200%2C570&resize=350%2C200","width":350,"height":200,"srcset":"https:\/\/i0.wp.com\/vincentians.com\/es\/wp-content\/uploads\/sites\/11\/2013\/04\/f-8-scaled.jpg?fit=1200%2C570&resize=350%2C200 1x, https:\/\/i0.wp.com\/vincentians.com\/es\/wp-content\/uploads\/sites\/11\/2013\/04\/f-8-scaled.jpg?fit=1200%2C570&resize=525%2C300 1.5x, https:\/\/i0.wp.com\/vincentians.com\/es\/wp-content\/uploads\/sites\/11\/2013\/04\/f-8-scaled.jpg?fit=1200%2C570&resize=700%2C400 2x, https:\/\/i0.wp.com\/vincentians.com\/es\/wp-content\/uploads\/sites\/11\/2013\/04\/f-8-scaled.jpg?fit=1200%2C570&resize=1050%2C600 3x"},"classes":[]},{"id":121669,"url":"http:\/\/vincentians.com\/es\/san-vicente-de-paul-y-los-gondi-capitulo-10\/","url_meta":{"origin":126489,"position":5},"title":"San Vicente de Pa\u00fal y los Gondi: Cap\u00edtulo 10","author":"Francisco Javier Fern\u00e1ndez Chento","date":"11\/07\/2024","format":false,"excerpt":"Cap\u00edtulo X Nuevas misiones en las tierras de los Gondi. - Vicente de Pa\u00fal, Retz y Bossuet en San L\u00e1zaro. Un a\u00f1o despu\u00e9s de la entrada de Vicente de Pa\u00fal en los Bons-Enfants, el arzobispo de Par\u00eds, Juan Francisco de Gondi, aprob\u00f3 la obra de las Misiones; el 24 de\u2026","rel":"","context":"En \u00abVicente de Pa\u00fal\u00bb","block_context":{"text":"Vicente de Pa\u00fal","link":"http:\/\/vincentians.com\/es\/category\/la-familia-vicenciana\/fundadores\/vicente-de-paul\/"},"img":{"alt_text":"","src":"https:\/\/i0.wp.com\/vincentians.com\/es\/wp-content\/uploads\/sites\/11\/2023\/08\/aaaf.jpg?fit=1200%2C827&resize=350%2C200","width":350,"height":200,"srcset":"https:\/\/i0.wp.com\/vincentians.com\/es\/wp-content\/uploads\/sites\/11\/2023\/08\/aaaf.jpg?fit=1200%2C827&resize=350%2C200 1x, https:\/\/i0.wp.com\/vincentians.com\/es\/wp-content\/uploads\/sites\/11\/2023\/08\/aaaf.jpg?fit=1200%2C827&resize=525%2C300 1.5x, https:\/\/i0.wp.com\/vincentians.com\/es\/wp-content\/uploads\/sites\/11\/2023\/08\/aaaf.jpg?fit=1200%2C827&resize=700%2C400 2x, https:\/\/i0.wp.com\/vincentians.com\/es\/wp-content\/uploads\/sites\/11\/2023\/08\/aaaf.jpg?fit=1200%2C827&resize=1050%2C600 3x"},"classes":[]}],"_links":{"self":[{"href":"http:\/\/vincentians.com\/es\/wp-json\/wp\/v2\/posts\/126489","targetHints":{"allow":["GET"]}}],"collection":[{"href":"http:\/\/vincentians.com\/es\/wp-json\/wp\/v2\/posts"}],"about":[{"href":"http:\/\/vincentians.com\/es\/wp-json\/wp\/v2\/types\/post"}],"author":[{"embeddable":true,"href":"http:\/\/vincentians.com\/es\/wp-json\/wp\/v2\/users\/4"}],"replies":[{"embeddable":true,"href":"http:\/\/vincentians.com\/es\/wp-json\/wp\/v2\/comments?post=126489"}],"version-history":[{"count":2,"href":"http:\/\/vincentians.com\/es\/wp-json\/wp\/v2\/posts\/126489\/revisions"}],"predecessor-version":[{"id":405327,"href":"http:\/\/vincentians.com\/es\/wp-json\/wp\/v2\/posts\/126489\/revisions\/405327"}],"wp:featuredmedia":[{"embeddable":true,"href":"http:\/\/vincentians.com\/es\/wp-json\/wp\/v2\/media\/399894"}],"wp:attachment":[{"href":"http:\/\/vincentians.com\/es\/wp-json\/wp\/v2\/media?parent=126489"}],"wp:term":[{"taxonomy":"category","embeddable":true,"href":"http:\/\/vincentians.com\/es\/wp-json\/wp\/v2\/categories?post=126489"},{"taxonomy":"post_tag","embeddable":true,"href":"http:\/\/vincentians.com\/es\/wp-json\/wp\/v2\/tags?post=126489"}],"curies":[{"name":"wp","href":"https:\/\/api.w.org\/{rel}","templated":true}]}}