{"id":125853,"date":"2013-11-26T14:26:51","date_gmt":"2013-11-26T13:26:51","guid":{"rendered":"http:\/\/somos.vicencianos.org\/?p=125853"},"modified":"2016-07-26T17:41:06","modified_gmt":"2016-07-26T15:41:06","slug":"exhortacion-apostolica-evangelii-gaudium","status":"publish","type":"post","link":"http:\/\/vincentians.com\/es\/exhortacion-apostolica-evangelii-gaudium\/","title":{"rendered":"Exhortaci\u00f3n Apost\u00f3lica &quot;Evangelii gaudium&quot;"},"content":{"rendered":"<p style=\"text-align: center\"><strong>Del Sumo Pont\u00edfice Francisco<\/strong><br \/>\n<strong> a los Obispos, a los presb\u00edteros y di\u00e1conos<\/strong><br \/>\n<strong> a las personas consagradas y a los fieles laicos<\/strong><br \/>\n<strong> sobre el anuncio del Evangelio en el mundo actual<\/strong><\/p>\n<p><strong>La alegr\u00eda del Evangelio<\/strong> llena el coraz\u00f3n y la vida entera de los que se encuentran con Jes\u00fas. Quienes se dejan salvar por \u00c9l son liberados del pecado, de la tristeza, del vac\u00edo interior, del aislamiento. Con Jesucristo siempre nace y renace la alegr\u00eda. En esta Exhortaci\u00f3n quiero dirigirme a los fieles cristianos para invitarlos a una nueva etapa evangelizadora marcada por esa alegr\u00eda, e indicar caminos para la marcha de la Iglesia en los pr\u00f3ximos a\u00f1os&#8230;<\/p>\n<p>&nbsp;<\/p>\n<h2>Descarga la\u00a0Exhortaci\u00f3n Apost\u00f3lica \u00abEvangelii gaudium\u00bb en formato PDF aqu\u00ed:<\/h2>\n<div style=\"width: 266px\" class=\"wp-caption aligncenter\"><a href=\"http:\/\/vicencianos.org\/?dl_id=269\" target=\"_blank\"><img data-recalc-dims=\"1\" loading=\"lazy\" decoding=\"async\" alt=\"PDF\" src=\"https:\/\/i0.wp.com\/vicencianos.org\/wp-content\/2013\/11\/evangelii_gaudium.jpg?resize=256%2C349\" width=\"256\" height=\"349\" \/><\/a><p class=\"wp-caption-text\">Formato PDF (pincha en la imagen para descargar)<\/p><\/div>\n<p style=\"text-align: center\">\n","protected":false},"excerpt":{"rendered":"<p>Del Sumo Pont\u00edfice Francisco a los Obispos, a los presb\u00edteros y di\u00e1conos a las personas consagradas y a los fieles laicos sobre el anuncio del Evangelio en el mundo actual La alegr\u00eda del Evangelio llena &#8230; <a href=\"http:\/\/vincentians.com\/es\/exhortacion-apostolica-evangelii-gaudium\/\" class=\"more-link\">Read More<\/a><\/p>\n","protected":false},"author":4,"featured_media":125855,"comment_status":"open","ping_status":"open","sticky":false,"template":"","format":"standard","meta":{"jetpack_post_was_ever_published":false,"_jetpack_newsletter_access":"","_jetpack_dont_email_post_to_subs":false,"_jetpack_newsletter_tier_id":0,"_jetpack_memberships_contains_paywalled_content":false,"_jetpack_memberships_contains_paid_content":false,"footnotes":"","jetpack_publicize_message":"","jetpack_publicize_feature_enabled":true,"jetpack_social_post_already_shared":true,"jetpack_social_options":{"image_generator_settings":{"template":"highway","default_image_id":0,"font":"","enabled":false},"version":2}},"categories":[100],"tags":[],"class_list":["post-125853","post","type-post","status-publish","format-standard","has-post-thumbnail","hentry","category-documentos-pontificios"],"yoast_head":"<!-- This site is optimized with the Yoast SEO plugin v26.3 - https:\/\/yoast.com\/wordpress\/plugins\/seo\/ -->\n<title>Exhortaci\u00f3n Apost\u00f3lica &quot;Evangelii gaudium&quot; - Somos Vicencianos<\/title>\n<meta name=\"robots\" content=\"index, follow, max-snippet:-1, max-image-preview:large, max-video-preview:-1\" \/>\n<link rel=\"canonical\" href=\"http:\/\/vincentians.com\/es\/exhortacion-apostolica-evangelii-gaudium\/\" \/>\n<meta property=\"og:locale\" content=\"es_ES\" \/>\n<meta property=\"og:type\" content=\"article\" \/>\n<meta property=\"og:title\" content=\"Exhortaci\u00f3n Apost\u00f3lica &quot;Evangelii gaudium&quot; - Somos Vicencianos\" \/>\n<meta property=\"og:description\" content=\"Del Sumo Pont\u00edfice Francisco a los Obispos, a los presb\u00edteros y di\u00e1conos a las personas consagradas y a los fieles laicos sobre el anuncio del Evangelio en el mundo actual La alegr\u00eda del Evangelio llena ... Read More\" \/>\n<meta property=\"og:url\" content=\"http:\/\/vincentians.com\/es\/exhortacion-apostolica-evangelii-gaudium\/\" \/>\n<meta property=\"og:site_name\" content=\"Somos Vicencianos\" \/>\n<meta property=\"article:publisher\" content=\"https:\/\/www.facebook.com\/WeAreVincentians\/\" \/>\n<meta property=\"article:author\" content=\"https:\/\/www.facebook.com\/JavierChento\" \/>\n<meta property=\"article:published_time\" content=\"2013-11-26T13:26:51+00:00\" \/>\n<meta property=\"article:modified_time\" content=\"2016-07-26T15:41:06+00:00\" \/>\n<meta name=\"author\" content=\"Francisco Javier Fern\u00e1ndez Chento\" \/>\n<meta name=\"twitter:card\" content=\"summary_large_image\" \/>\n<meta name=\"twitter:creator\" content=\"@https:\/\/twitter.com\/javierchento\" \/>\n<meta name=\"twitter:site\" content=\"@WeVincentians\" \/>\n<meta name=\"twitter:label1\" content=\"Escrito por\" \/>\n\t<meta name=\"twitter:data1\" content=\"Francisco Javier Fern\u00e1ndez Chento\" \/>\n\t<meta name=\"twitter:label2\" content=\"Tiempo de lectura\" \/>\n\t<meta name=\"twitter:data2\" content=\"1 minuto\" \/>\n<script type=\"application\/ld+json\" class=\"yoast-schema-graph\">{\"@context\":\"https:\/\/schema.org\",\"@graph\":[{\"@type\":\"Article\",\"@id\":\"http:\/\/vincentians.com\/es\/exhortacion-apostolica-evangelii-gaudium\/#article\",\"isPartOf\":{\"@id\":\"http:\/\/vincentians.com\/es\/exhortacion-apostolica-evangelii-gaudium\/\"},\"author\":{\"name\":\"Francisco Javier Fern\u00e1ndez Chento\",\"@id\":\"https:\/\/vincentians.com\/es\/#\/schema\/person\/9623ef4d9aa3b2dfb8c061f1499288f2\"},\"headline\":\"Exhortaci\u00f3n Apost\u00f3lica &quot;Evangelii gaudium&quot;\",\"datePublished\":\"2013-11-26T13:26:51+00:00\",\"dateModified\":\"2016-07-26T15:41:06+00:00\",\"mainEntityOfPage\":{\"@id\":\"http:\/\/vincentians.com\/es\/exhortacion-apostolica-evangelii-gaudium\/\"},\"wordCount\":154,\"commentCount\":0,\"publisher\":{\"@id\":\"https:\/\/vincentians.com\/es\/#organization\"},\"image\":{\"@id\":\"http:\/\/vincentians.com\/es\/exhortacion-apostolica-evangelii-gaudium\/#primaryimage\"},\"thumbnailUrl\":\"\",\"articleSection\":[\"Documentos Pontificios\"],\"inLanguage\":\"es\",\"potentialAction\":[{\"@type\":\"CommentAction\",\"name\":\"Comment\",\"target\":[\"http:\/\/vincentians.com\/es\/exhortacion-apostolica-evangelii-gaudium\/#respond\"]}]},{\"@type\":\"WebPage\",\"@id\":\"http:\/\/vincentians.com\/es\/exhortacion-apostolica-evangelii-gaudium\/\",\"url\":\"http:\/\/vincentians.com\/es\/exhortacion-apostolica-evangelii-gaudium\/\",\"name\":\"Exhortaci\u00f3n Apost\u00f3lica &quot;Evangelii gaudium&quot; - Somos Vicencianos\",\"isPartOf\":{\"@id\":\"https:\/\/vincentians.com\/es\/#website\"},\"primaryImageOfPage\":{\"@id\":\"http:\/\/vincentians.com\/es\/exhortacion-apostolica-evangelii-gaudium\/#primaryimage\"},\"image\":{\"@id\":\"http:\/\/vincentians.com\/es\/exhortacion-apostolica-evangelii-gaudium\/#primaryimage\"},\"thumbnailUrl\":\"\",\"datePublished\":\"2013-11-26T13:26:51+00:00\",\"dateModified\":\"2016-07-26T15:41:06+00:00\",\"breadcrumb\":{\"@id\":\"http:\/\/vincentians.com\/es\/exhortacion-apostolica-evangelii-gaudium\/#breadcrumb\"},\"inLanguage\":\"es\",\"potentialAction\":[{\"@type\":\"ReadAction\",\"target\":[\"http:\/\/vincentians.com\/es\/exhortacion-apostolica-evangelii-gaudium\/\"]}]},{\"@type\":\"ImageObject\",\"inLanguage\":\"es\",\"@id\":\"http:\/\/vincentians.com\/es\/exhortacion-apostolica-evangelii-gaudium\/#primaryimage\",\"url\":\"\",\"contentUrl\":\"\"},{\"@type\":\"BreadcrumbList\",\"@id\":\"http:\/\/vincentians.com\/es\/exhortacion-apostolica-evangelii-gaudium\/#breadcrumb\",\"itemListElement\":[{\"@type\":\"ListItem\",\"position\":1,\"name\":\"Portada\",\"item\":\"https:\/\/vincentians.com\/es\/\"},{\"@type\":\"ListItem\",\"position\":2,\"name\":\"Exhortaci\u00f3n Apost\u00f3lica &quot;Evangelii gaudium&quot;\"}]},{\"@type\":\"WebSite\",\"@id\":\"https:\/\/vincentians.com\/es\/#website\",\"url\":\"https:\/\/vincentians.com\/es\/\",\"name\":\"Somos Vicencianos\",\"description\":\"Know more to serve more\",\"publisher\":{\"@id\":\"https:\/\/vincentians.com\/es\/#organization\"},\"potentialAction\":[{\"@type\":\"SearchAction\",\"target\":{\"@type\":\"EntryPoint\",\"urlTemplate\":\"https:\/\/vincentians.com\/es\/?s={search_term_string}\"},\"query-input\":{\"@type\":\"PropertyValueSpecification\",\"valueRequired\":true,\"valueName\":\"search_term_string\"}}],\"inLanguage\":\"es\"},{\"@type\":\"Organization\",\"@id\":\"https:\/\/vincentians.com\/es\/#organization\",\"name\":\"The Vincentian Network\",\"url\":\"https:\/\/vincentians.com\/es\/\",\"logo\":{\"@type\":\"ImageObject\",\"inLanguage\":\"es\",\"@id\":\"https:\/\/vincentians.com\/es\/#\/schema\/logo\/image\/\",\"url\":\"https:\/\/i1.wp.com\/vincentians.com\/es\/wp-content\/uploads\/sites\/11\/2016\/06\/Vincentian-Network-logo-big.png?fit=778%2C778\",\"contentUrl\":\"https:\/\/i1.wp.com\/vincentians.com\/es\/wp-content\/uploads\/sites\/11\/2016\/06\/Vincentian-Network-logo-big.png?fit=778%2C778\",\"width\":778,\"height\":778,\"caption\":\"The Vincentian Network\"},\"image\":{\"@id\":\"https:\/\/vincentians.com\/es\/#\/schema\/logo\/image\/\"},\"sameAs\":[\"https:\/\/www.facebook.com\/WeAreVincentians\/\",\"https:\/\/x.com\/WeVincentians\"]},{\"@type\":\"Person\",\"@id\":\"https:\/\/vincentians.com\/es\/#\/schema\/person\/9623ef4d9aa3b2dfb8c061f1499288f2\",\"name\":\"Francisco Javier Fern\u00e1ndez Chento\",\"image\":{\"@type\":\"ImageObject\",\"inLanguage\":\"es\",\"@id\":\"https:\/\/vincentians.com\/es\/#\/schema\/person\/image\/\",\"url\":\"https:\/\/secure.gravatar.com\/avatar\/497d5cde87b4c3d097d0315953521681ba2cd523ee66e5077c3711f7021e65de?s=96&d=mm&r=g\",\"contentUrl\":\"https:\/\/secure.gravatar.com\/avatar\/497d5cde87b4c3d097d0315953521681ba2cd523ee66e5077c3711f7021e65de?s=96&d=mm&r=g\",\"caption\":\"Francisco Javier Fern\u00e1ndez Chento\"},\"description\":\"Director General y cofundador de La Red de Formaci\u00f3n Vicenciana. Javier es laico vicenciano, afiliado a la Congregaci\u00f3n de la Misi\u00f3n y miembro del Equipo de Misiones Populares de la provincia can\u00f3nica de Zaragoza (Espa\u00f1a) de la Congregaci\u00f3n de la Misi\u00f3n. Graduado en la Universidad Oberta de Catalunya con cuatro grados (Asistente de direcci\u00f3n, Gesti\u00f3n Administrativa, Recursos Humanos y Contabilidad Avanzada). Bil\u00edng\u00fce Espa\u00f1ol\/Ingl\u00e9s. gestiona y mantiene varias p\u00e1ginas web cristianas y vicencianas, incluida including La Red de Formaci\u00f3n Vicenciana, de la que es cofundador. Actualmente es responsable del \u00e1rea de Espa\u00f1ol de .famvin, la Red de Noticias de la Familia Vicenciana. Tambi\u00e9n es m\u00fasico cat\u00f3lico y ha editado varios discos. Es Director General y cofundador de Trovador, una reconocida compa\u00f1\u00eda discogr\u00e1fica critiana de Espa\u00f1a. Trabaja en las Tecnolog\u00edas de la Informaci\u00f3n, ofreciendo servicios de alojamiento, dise\u00f1o y mantenimiento Web, as\u00ed como asesoramiento, formaci\u00f3n y soluciones inform\u00e1ticas, gesti\u00f3n documental y digitalizaci\u00f3n de textos, edici\u00f3n y maquetaci\u00f3n de libros, revistas, flyers, etc.\",\"sameAs\":[\"http:\/\/chento.org\",\"https:\/\/www.facebook.com\/JavierChento\",\"https:\/\/x.com\/https:\/\/twitter.com\/javierchento\"],\"url\":\"http:\/\/vincentians.com\/es\/author\/chento\/\"}]}<\/script>\n<!-- \/ Yoast SEO plugin. -->","yoast_head_json":{"title":"Exhortaci\u00f3n Apost\u00f3lica &quot;Evangelii gaudium&quot; - Somos Vicencianos","robots":{"index":"index","follow":"follow","max-snippet":"max-snippet:-1","max-image-preview":"max-image-preview:large","max-video-preview":"max-video-preview:-1"},"canonical":"http:\/\/vincentians.com\/es\/exhortacion-apostolica-evangelii-gaudium\/","og_locale":"es_ES","og_type":"article","og_title":"Exhortaci\u00f3n Apost\u00f3lica &quot;Evangelii gaudium&quot; - Somos Vicencianos","og_description":"Del Sumo Pont\u00edfice Francisco a los Obispos, a los presb\u00edteros y di\u00e1conos a las personas consagradas y a los fieles laicos sobre el anuncio del Evangelio en el mundo actual La alegr\u00eda del Evangelio llena ... Read More","og_url":"http:\/\/vincentians.com\/es\/exhortacion-apostolica-evangelii-gaudium\/","og_site_name":"Somos Vicencianos","article_publisher":"https:\/\/www.facebook.com\/WeAreVincentians\/","article_author":"https:\/\/www.facebook.com\/JavierChento","article_published_time":"2013-11-26T13:26:51+00:00","article_modified_time":"2016-07-26T15:41:06+00:00","author":"Francisco Javier Fern\u00e1ndez Chento","twitter_card":"summary_large_image","twitter_creator":"@https:\/\/twitter.com\/javierchento","twitter_site":"@WeVincentians","twitter_misc":{"Escrito por":"Francisco Javier Fern\u00e1ndez Chento","Tiempo de lectura":"1 minuto"},"schema":{"@context":"https:\/\/schema.org","@graph":[{"@type":"Article","@id":"http:\/\/vincentians.com\/es\/exhortacion-apostolica-evangelii-gaudium\/#article","isPartOf":{"@id":"http:\/\/vincentians.com\/es\/exhortacion-apostolica-evangelii-gaudium\/"},"author":{"name":"Francisco Javier Fern\u00e1ndez Chento","@id":"https:\/\/vincentians.com\/es\/#\/schema\/person\/9623ef4d9aa3b2dfb8c061f1499288f2"},"headline":"Exhortaci\u00f3n Apost\u00f3lica &quot;Evangelii gaudium&quot;","datePublished":"2013-11-26T13:26:51+00:00","dateModified":"2016-07-26T15:41:06+00:00","mainEntityOfPage":{"@id":"http:\/\/vincentians.com\/es\/exhortacion-apostolica-evangelii-gaudium\/"},"wordCount":154,"commentCount":0,"publisher":{"@id":"https:\/\/vincentians.com\/es\/#organization"},"image":{"@id":"http:\/\/vincentians.com\/es\/exhortacion-apostolica-evangelii-gaudium\/#primaryimage"},"thumbnailUrl":"","articleSection":["Documentos Pontificios"],"inLanguage":"es","potentialAction":[{"@type":"CommentAction","name":"Comment","target":["http:\/\/vincentians.com\/es\/exhortacion-apostolica-evangelii-gaudium\/#respond"]}]},{"@type":"WebPage","@id":"http:\/\/vincentians.com\/es\/exhortacion-apostolica-evangelii-gaudium\/","url":"http:\/\/vincentians.com\/es\/exhortacion-apostolica-evangelii-gaudium\/","name":"Exhortaci\u00f3n Apost\u00f3lica &quot;Evangelii gaudium&quot; - Somos Vicencianos","isPartOf":{"@id":"https:\/\/vincentians.com\/es\/#website"},"primaryImageOfPage":{"@id":"http:\/\/vincentians.com\/es\/exhortacion-apostolica-evangelii-gaudium\/#primaryimage"},"image":{"@id":"http:\/\/vincentians.com\/es\/exhortacion-apostolica-evangelii-gaudium\/#primaryimage"},"thumbnailUrl":"","datePublished":"2013-11-26T13:26:51+00:00","dateModified":"2016-07-26T15:41:06+00:00","breadcrumb":{"@id":"http:\/\/vincentians.com\/es\/exhortacion-apostolica-evangelii-gaudium\/#breadcrumb"},"inLanguage":"es","potentialAction":[{"@type":"ReadAction","target":["http:\/\/vincentians.com\/es\/exhortacion-apostolica-evangelii-gaudium\/"]}]},{"@type":"ImageObject","inLanguage":"es","@id":"http:\/\/vincentians.com\/es\/exhortacion-apostolica-evangelii-gaudium\/#primaryimage","url":"","contentUrl":""},{"@type":"BreadcrumbList","@id":"http:\/\/vincentians.com\/es\/exhortacion-apostolica-evangelii-gaudium\/#breadcrumb","itemListElement":[{"@type":"ListItem","position":1,"name":"Portada","item":"https:\/\/vincentians.com\/es\/"},{"@type":"ListItem","position":2,"name":"Exhortaci\u00f3n Apost\u00f3lica &quot;Evangelii gaudium&quot;"}]},{"@type":"WebSite","@id":"https:\/\/vincentians.com\/es\/#website","url":"https:\/\/vincentians.com\/es\/","name":"Somos Vicencianos","description":"Know more to serve more","publisher":{"@id":"https:\/\/vincentians.com\/es\/#organization"},"potentialAction":[{"@type":"SearchAction","target":{"@type":"EntryPoint","urlTemplate":"https:\/\/vincentians.com\/es\/?s={search_term_string}"},"query-input":{"@type":"PropertyValueSpecification","valueRequired":true,"valueName":"search_term_string"}}],"inLanguage":"es"},{"@type":"Organization","@id":"https:\/\/vincentians.com\/es\/#organization","name":"The Vincentian Network","url":"https:\/\/vincentians.com\/es\/","logo":{"@type":"ImageObject","inLanguage":"es","@id":"https:\/\/vincentians.com\/es\/#\/schema\/logo\/image\/","url":"https:\/\/i1.wp.com\/vincentians.com\/es\/wp-content\/uploads\/sites\/11\/2016\/06\/Vincentian-Network-logo-big.png?fit=778%2C778","contentUrl":"https:\/\/i1.wp.com\/vincentians.com\/es\/wp-content\/uploads\/sites\/11\/2016\/06\/Vincentian-Network-logo-big.png?fit=778%2C778","width":778,"height":778,"caption":"The Vincentian Network"},"image":{"@id":"https:\/\/vincentians.com\/es\/#\/schema\/logo\/image\/"},"sameAs":["https:\/\/www.facebook.com\/WeAreVincentians\/","https:\/\/x.com\/WeVincentians"]},{"@type":"Person","@id":"https:\/\/vincentians.com\/es\/#\/schema\/person\/9623ef4d9aa3b2dfb8c061f1499288f2","name":"Francisco Javier Fern\u00e1ndez Chento","image":{"@type":"ImageObject","inLanguage":"es","@id":"https:\/\/vincentians.com\/es\/#\/schema\/person\/image\/","url":"https:\/\/secure.gravatar.com\/avatar\/497d5cde87b4c3d097d0315953521681ba2cd523ee66e5077c3711f7021e65de?s=96&d=mm&r=g","contentUrl":"https:\/\/secure.gravatar.com\/avatar\/497d5cde87b4c3d097d0315953521681ba2cd523ee66e5077c3711f7021e65de?s=96&d=mm&r=g","caption":"Francisco Javier Fern\u00e1ndez Chento"},"description":"Director General y cofundador de La Red de Formaci\u00f3n Vicenciana. Javier es laico vicenciano, afiliado a la Congregaci\u00f3n de la Misi\u00f3n y miembro del Equipo de Misiones Populares de la provincia can\u00f3nica de Zaragoza (Espa\u00f1a) de la Congregaci\u00f3n de la Misi\u00f3n. Graduado en la Universidad Oberta de Catalunya con cuatro grados (Asistente de direcci\u00f3n, Gesti\u00f3n Administrativa, Recursos Humanos y Contabilidad Avanzada). Bil\u00edng\u00fce Espa\u00f1ol\/Ingl\u00e9s. gestiona y mantiene varias p\u00e1ginas web cristianas y vicencianas, incluida including La Red de Formaci\u00f3n Vicenciana, de la que es cofundador. Actualmente es responsable del \u00e1rea de Espa\u00f1ol de .famvin, la Red de Noticias de la Familia Vicenciana. Tambi\u00e9n es m\u00fasico cat\u00f3lico y ha editado varios discos. Es Director General y cofundador de Trovador, una reconocida compa\u00f1\u00eda discogr\u00e1fica critiana de Espa\u00f1a. Trabaja en las Tecnolog\u00edas de la Informaci\u00f3n, ofreciendo servicios de alojamiento, dise\u00f1o y mantenimiento Web, as\u00ed como asesoramiento, formaci\u00f3n y soluciones inform\u00e1ticas, gesti\u00f3n documental y digitalizaci\u00f3n de textos, edici\u00f3n y maquetaci\u00f3n de libros, revistas, flyers, etc.","sameAs":["http:\/\/chento.org","https:\/\/www.facebook.com\/JavierChento","https:\/\/x.com\/https:\/\/twitter.com\/javierchento"],"url":"http:\/\/vincentians.com\/es\/author\/chento\/"}]}},"jetpack_publicize_connections":[],"jetpack_featured_media_url":"","jetpack_sharing_enabled":true,"jetpack_shortlink":"https:\/\/wp.me\/p7ETMF-wJT","jetpack-related-posts":[{"id":138493,"url":"http:\/\/vincentians.com\/es\/exhortacion-apostolica-evangelii-nuntiandi\/","url_meta":{"origin":125853,"position":0},"title":"Exhortaci\u00f3n Apost\u00f3lica \u00abEvangelii nuntiandi\u00bb","author":"Francisco Javier Fern\u00e1ndez Chento","date":"06\/02\/2015","format":false,"excerpt":"\u00a0 Descarga la Exhortaci\u00f3n Apost\u00f3lica \"Evangelii nuntiandi\" en formato PDF aqu\u00ed: Formato PDF (pincha en la imagen para descargar)","rel":"","context":"En \u00abDocumentos Pontificios\u00bb","block_context":{"text":"Documentos Pontificios","link":"http:\/\/vincentians.com\/es\/category\/formacion-cristiana\/documentos-pontificios\/"},"img":{"alt_text":"PDF","src":"https:\/\/i0.wp.com\/vicencianos.org\/wp-content\/2015\/02\/evangelii_nuntiandi.jpg?resize=350%2C200","width":350,"height":200},"classes":[]},{"id":138728,"url":"http:\/\/vincentians.com\/es\/5o-domingo-de-t-o-reflexion-de-jose-cervantes-gabarron-2-2\/","url_meta":{"origin":125853,"position":1},"title":"5\u00ba Domingo de T.O. (reflexi\u00f3n de Jos\u00e9 Cervantes Gabarr\u00f3n)","author":"Francisco Javier Fern\u00e1ndez Chento","date":"07\/02\/2015","format":false,"excerpt":"\u201cLa dulce y confortadora alegr\u00eda de evangelizar\u201d Con estas palabras titula el papa Francisco una secci\u00f3n introductoria de su exhortaci\u00f3n Evangelii Gaudium (EG 9-13) y as\u00ed asume el mismo mensaje desarrollado por Pablo VI en la Evangelii Nuntiandi (EN 90). De este modo presenta la misi\u00f3n evangelizadora de la Iglesia\u2026","rel":"","context":"En \u00abHomil\u00edas y reflexiones, A\u00f1o B\u00bb","block_context":{"text":"Homil\u00edas y reflexiones, A\u00f1o B","link":"http:\/\/vincentians.com\/es\/category\/homilias-y-reflexiones-a-la-palabra-de-dios\/homilias-y-reflexiones-ano-b\/"},"img":{"alt_text":"","src":"https:\/\/i0.wp.com\/vincentians.com\/es\/wp-content\/uploads\/sites\/11\/2016\/07\/reflexiones-palabra-de-dios.jpg?fit=1200%2C630&resize=350%2C200","width":350,"height":200,"srcset":"https:\/\/i0.wp.com\/vincentians.com\/es\/wp-content\/uploads\/sites\/11\/2016\/07\/reflexiones-palabra-de-dios.jpg?fit=1200%2C630&resize=350%2C200 1x, https:\/\/i0.wp.com\/vincentians.com\/es\/wp-content\/uploads\/sites\/11\/2016\/07\/reflexiones-palabra-de-dios.jpg?fit=1200%2C630&resize=525%2C300 1.5x, https:\/\/i0.wp.com\/vincentians.com\/es\/wp-content\/uploads\/sites\/11\/2016\/07\/reflexiones-palabra-de-dios.jpg?fit=1200%2C630&resize=700%2C400 2x, https:\/\/i0.wp.com\/vincentians.com\/es\/wp-content\/uploads\/sites\/11\/2016\/07\/reflexiones-palabra-de-dios.jpg?fit=1200%2C630&resize=1050%2C600 3x"},"classes":[]},{"id":133434,"url":"http:\/\/vincentians.com\/es\/los-pobres-estan-felices-con-la-evangelii-gaudium\/","url_meta":{"origin":125853,"position":2},"title":"Los pobres est\u00e1n felices con la Evangelii Gaudium","author":"Francisco Javier Fern\u00e1ndez Chento","date":"31\/12\/2014","format":false,"excerpt":"Pronto est\u00e1 para cumplir su primer a\u00f1o esta Exhortaci\u00f3n Apost\u00f3lica y es indudable que se ha comentado much\u00edsimo acerca de su contenido en todo el mundo. Aquellos pensamientos suscitados desde el coraz\u00f3n del Papa Francisco se ha repartido entre art\u00edculos, comentarios, charlas, conferencias, ponencias, simposios, oraciones comunitarias, encuentros, jornadas, retiros,\u2026","rel":"","context":"En \u00abFormaci\u00f3n Cristiana\u00bb","block_context":{"text":"Formaci\u00f3n Cristiana","link":"http:\/\/vincentians.com\/es\/category\/formacion-cristiana\/"},"img":{"alt_text":"pobres evangelii gaudium 01","src":"https:\/\/i0.wp.com\/vicencianos.org\/wp-content\/2014\/12\/pobres-evangelii-gaudium-01.jpg?resize=350%2C200","width":350,"height":200,"srcset":"https:\/\/i0.wp.com\/vicencianos.org\/wp-content\/2014\/12\/pobres-evangelii-gaudium-01.jpg?resize=350%2C200 1x, https:\/\/i0.wp.com\/vicencianos.org\/wp-content\/2014\/12\/pobres-evangelii-gaudium-01.jpg?resize=525%2C300 1.5x, https:\/\/i0.wp.com\/vicencianos.org\/wp-content\/2014\/12\/pobres-evangelii-gaudium-01.jpg?resize=700%2C400 2x, https:\/\/i0.wp.com\/vicencianos.org\/wp-content\/2014\/12\/pobres-evangelii-gaudium-01.jpg?resize=1050%2C600 3x"},"classes":[]},{"id":132610,"url":"http:\/\/vincentians.com\/es\/domingo-2o-de-adviento-reflexion-de-jose-cervantes-gabarron-2\/","url_meta":{"origin":125853,"position":3},"title":"Domingo 3\u00ba de Adviento (reflexi\u00f3n de Jos\u00e9 Cervantes Gabarr\u00f3n)","author":"Francisco Javier Fern\u00e1ndez Chento","date":"12\/12\/2014","format":false,"excerpt":"La alegr\u00eda del Evangelio de Jesucristo \"La alegr\u00eda del Evangelio\u00a0llena el coraz\u00f3n y la vida entera de los que se encuentran con Jes\u00fas. Quienes se dejan salvar por \u00c9l son liberados del pecado, de la tristeza, del vac\u00edo interior, del aislamiento.\u00a0Con Jesucristo siempre nace y renace la alegr\u00eda\" (EG 1).\u2026","rel":"","context":"En \u00abHomil\u00edas y reflexiones, A\u00f1o B\u00bb","block_context":{"text":"Homil\u00edas y reflexiones, A\u00f1o B","link":"http:\/\/vincentians.com\/es\/category\/homilias-y-reflexiones-a-la-palabra-de-dios\/homilias-y-reflexiones-ano-b\/"},"img":{"alt_text":"","src":"https:\/\/i0.wp.com\/vincentians.com\/es\/wp-content\/uploads\/sites\/11\/2016\/07\/reflexiones-palabra-de-dios.jpg?fit=1200%2C630&resize=350%2C200","width":350,"height":200,"srcset":"https:\/\/i0.wp.com\/vincentians.com\/es\/wp-content\/uploads\/sites\/11\/2016\/07\/reflexiones-palabra-de-dios.jpg?fit=1200%2C630&resize=350%2C200 1x, https:\/\/i0.wp.com\/vincentians.com\/es\/wp-content\/uploads\/sites\/11\/2016\/07\/reflexiones-palabra-de-dios.jpg?fit=1200%2C630&resize=525%2C300 1.5x, https:\/\/i0.wp.com\/vincentians.com\/es\/wp-content\/uploads\/sites\/11\/2016\/07\/reflexiones-palabra-de-dios.jpg?fit=1200%2C630&resize=700%2C400 2x, https:\/\/i0.wp.com\/vincentians.com\/es\/wp-content\/uploads\/sites\/11\/2016\/07\/reflexiones-palabra-de-dios.jpg?fit=1200%2C630&resize=1050%2C600 3x"},"classes":[]},{"id":140029,"url":"http:\/\/vincentians.com\/es\/aportes-vicencianos-a-la-nueva-evangelizacion-2\/","url_meta":{"origin":125853,"position":4},"title":"Aportes vicencianos a la Nueva Evangelizaci\u00f3n","author":"Francisco Javier Fern\u00e1ndez Chento","date":"19\/02\/2015","format":false,"excerpt":"Convocados por el Superior General, P. Gregory G. Gay, los misioneros de la Congregaci\u00f3n de la Misi\u00f3n celebrar\u00e1n su 42\u00aa Asamblea General, del 27 de junio al 15 de julio de 2016. El lema de la Asamblea se centra en la entra\u00f1a evangelizadora de nuestro ser y quehacer: \u201cDej\u00e9monos renovar\u2026","rel":"","context":"En \u00abEspiritualidad vicenciana\u00bb","block_context":{"text":"Espiritualidad vicenciana","link":"http:\/\/vincentians.com\/es\/category\/espiritualidad\/espiritualidad-vicenciana\/"},"img":{"alt_text":"OLYMPUS DIGITAL CAMERA","src":"https:\/\/i0.wp.com\/vicencianos.org\/wp-content\/2015\/02\/nueva-evangelizacion1-300x225.jpg?resize=350%2C200","width":350,"height":200},"classes":[]},{"id":121490,"url":"http:\/\/vincentians.com\/es\/exhortacion-apostolica-verbum-domini-conclusion\/","url_meta":{"origin":125853,"position":5},"title":"Exhortaci\u00f3n apost\u00f3lica &quot;Verbum Domini&quot;: Conclusi\u00f3n","author":"Francisco Javier Fern\u00e1ndez Chento","date":"23\/11\/2013","format":false,"excerpt":"Conclusi\u00f3n La palabra definitiva de Dios 121. Al t\u00e9rmino de estas reflexiones con las que he querido recoger y profundizar la riqueza de la XII Asamblea General Ordinaria del S\u00ednodo de los Obispos sobre la Palabra de Dios en la vida y la misi\u00f3n de la Iglesia, deseo exhortar una\u2026","rel":"","context":"En \u00abDocumentos Pontificios\u00bb","block_context":{"text":"Documentos Pontificios","link":"http:\/\/vincentians.com\/es\/category\/formacion-cristiana\/documentos-pontificios\/"},"img":{"alt_text":"DOC","src":"https:\/\/i0.wp.com\/vicencianos.org\/vicencianos\/files\/doc.png?resize=350%2C200","width":350,"height":200},"classes":[]}],"_links":{"self":[{"href":"http:\/\/vincentians.com\/es\/wp-json\/wp\/v2\/posts\/125853","targetHints":{"allow":["GET"]}}],"collection":[{"href":"http:\/\/vincentians.com\/es\/wp-json\/wp\/v2\/posts"}],"about":[{"href":"http:\/\/vincentians.com\/es\/wp-json\/wp\/v2\/types\/post"}],"author":[{"embeddable":true,"href":"http:\/\/vincentians.com\/es\/wp-json\/wp\/v2\/users\/4"}],"replies":[{"embeddable":true,"href":"http:\/\/vincentians.com\/es\/wp-json\/wp\/v2\/comments?post=125853"}],"version-history":[{"count":0,"href":"http:\/\/vincentians.com\/es\/wp-json\/wp\/v2\/posts\/125853\/revisions"}],"wp:featuredmedia":[{"embeddable":true,"href":"http:\/\/vincentians.com\/es\/wp-json\/"}],"wp:attachment":[{"href":"http:\/\/vincentians.com\/es\/wp-json\/wp\/v2\/media?parent=125853"}],"wp:term":[{"taxonomy":"category","embeddable":true,"href":"http:\/\/vincentians.com\/es\/wp-json\/wp\/v2\/categories?post=125853"},{"taxonomy":"post_tag","embeddable":true,"href":"http:\/\/vincentians.com\/es\/wp-json\/wp\/v2\/tags?post=125853"}],"curies":[{"name":"wp","href":"https:\/\/api.w.org\/{rel}","templated":true}]}}