{"id":125829,"date":"2013-11-30T06:40:18","date_gmt":"2013-11-30T05:40:18","guid":{"rendered":"http:\/\/somos.vicencianos.org\/?p=125829"},"modified":"2016-07-26T17:23:10","modified_gmt":"2016-07-26T15:23:10","slug":"san-vicente-de-paul-siervo-de-los-pobres-05","status":"publish","type":"post","link":"http:\/\/vincentians.com\/es\/san-vicente-de-paul-siervo-de-los-pobres-05\/","title":{"rendered":"San Vicente de Pa\u00fal, siervo de los pobres (05)"},"content":{"rendered":"<h2>V. La Congregaci\u00f3n de la Misi\u00f3n<\/h2>\n<h3><i>Los Bons-Enfants <\/i>(1624)<\/h3>\n<p>Todo el a\u00f1o 1623 estuvo dedicado a las misiones en\u00adtre los campesinos, los forzados y los feligreses.<\/p>\n<p>En medio de esta actividad sustanciosa y callada, al a\u00f1o siguiente Vicente vio su nombramiento de prior de Saint-Nicolas de Grosse Sauve. Es de creer que fue la pro\u00adtecci\u00f3n de los Gondi la que le procur\u00f3 este nuevo t\u00edtulo, seg\u00fan las costumbres de entonces de honra a una persona, acumulando, de a\u00f1o en a\u00f1o, t\u00edtulos y rentas sobre sus es\u00adpaldas. Pero, aunque no fuera m\u00e1s que para no echarse sobre s\u00ed asuntos curiales, hacia los que sent\u00eda aversi\u00f3n, Vicente no hizo nada.<\/p>\n<p>Otra fue la suerte de otro t\u00edtulo, que le procuraron el mismo a\u00f1o: el de superior del colegio de los Bons-En\u00adfants. Tambi\u00e9n este t\u00edtulo le vino de los Gondi, sobre todo por los ruegos de Francisca Margarita de Silly, en quien los \u00e9xitos misionales en Folleville y en los otros centros de sus tierras hab\u00edan suscitado la idea de una institu\u00adci\u00f3n sacerdotal estable para evangelizar los campos. Para tal obra ofrec\u00eda una dotaci\u00f3n permanente, a la que ahora a\u00f1ad\u00eda el instituto de los Bons-Enfants de Par\u00eds.<\/p>\n<p>No era poco que el colegio de los Bons-Enfants fuese uno de los m\u00e1s importantes de la universidad de Par\u00eds ; aunque, en aquel tiempo, uno de los m\u00e1s abandonados, con los edificios en ruinas.<\/p>\n<p>Vicente no se desanim\u00f3 ante aquella desolaci\u00f3n: vio la belleza de la idea, y se sinti\u00f3 animado a la nueva em\u00adpresa; y, por orden del arzobispo, Juan Francisco Gondi, fue a tomar posesi\u00f3n, como superior, con <b>la <\/b>intenci\u00f3n de establecer en aquel lugar una comunidad de sacerdotes misioneros.<\/p>\n<p>El colegio, en la puerta de Saint-Victor, en sus tres edificios, a duras penas pod\u00eda hospedar a siete u ocho pen\u00adsionistas. La generala de las galeras intervino para repa\u00adrar los locales, con el fin de que estuvieran en disposi\u00adci\u00f3n de alojar a siete o m\u00e1s eclesi\u00e1sticos, bajo la direc\u00adci\u00f3n de Vicente, destinados a evangelizar los campos y es\u00adpec\u00edficamente las tierras de los Gondi, y asistir a los for\u00adzados. Su convivencia se sostendr\u00eda materialmente con las rentas de 45.000 pesetas de la fundaci\u00f3n, a base de un contrato formal.<\/p>\n<p>Dos meses despu\u00e9s de haber hecho este contrato, es decir, el 23 de junio de 1625, la piadosa testadora fue a recibir el premio de su celo. En su lecho de muerte, le asisti\u00f3, como hab\u00eda deseado, aquel sacerdote cuya santi\u00addad hab\u00eda descubierto ella con su marido. Este, a quien Vicente llev\u00f3 con toda delicadeza, a Marsella, la triste noticia, sinti\u00f3 que se romp\u00eda el \u00faltimo lazo que le un\u00eda al mundo y dese\u00f3 terminar su carrera, como sacerdote, entre los Oratorianos. Esta resoluci\u00f3n facilit\u00f3 el plan de Vicente, de abandonar el cuidado de Clichy y la casa de los Gondi, a la que la se\u00f1ora difunta le hab\u00eda vinculado por toda su existencia ; y se traslad\u00f3 al colegio de los Bons-Enfants, para convivir con Antonio Portail, Fran\u00adcisco du Coudray y Juan de la Salle, tres sacerdotes de virtudes nada comunes, iluminados por una valiosa cul\u00adtura. Con ellos constituy\u00f3 el primer n\u00facleo de una nueva Congregaci\u00f3n, destinada a servir a los pobres de los campos.<\/p>\n<p>Esta comunidad de misioneros, lo mismo que las con\u00adfraternidades de la caridad, vio que se le abr\u00eda un vasto campo de trabajo.<\/p>\n<p>Ahora la guera se hab\u00eda abatido sobre Europa y tam\u00adbi\u00e9n sobre Francia, arrastrada a ella por Richelieu, deseo\u00adso por una parte de quebrantar el poder de los hugono\u00adtes dentro y por otra de destruir el poder de los Habs\u00adburgo fuera. Los hugonotes llamaron a Francia a los ingleses, que desembarcaron en ella a mediados del a\u00f1o 1627, y, sin declarar la guerra, penetraron en el terri\u00adtorio franc\u00e9s en direcci\u00f3n a la Rochelle. Toda Europa, ardi\u00f3, especialmente despu\u00e9s que el <i>Edicto de restituci\u00f3n <\/i>del emperador Fernando II, el a\u00f1o 1629, impuso a los se\u00f1ores protestantes. del Imperio, la restituci\u00f3n de los bienes ocupados a partir del a\u00f1o 1552. La causa prin\u00adcipal de la revuelta religiosa un siglo antes hab\u00eda sido precisamente el apetito de aquellos bienes (iglesias, con\u00adventos, obras p\u00edas, legados sagrados, escuelas religiosas&#8230; ) ; y ahora, antes que renunciar al bot\u00edn, se prefirio la gue\u00adrra, en la que el cardenal cat\u00f3lico se encontr\u00f3 aliado con los autores y usufructuarios de la expoliaci\u00f3n de obras cat\u00f3licas. Con <i>ese fin se <\/i>ali\u00f3 con el rey luterano de Sue\u00adcia, Gustavo Adolfo ; que con victorias fulgurantes, como impidi\u00f3 la unificaci\u00f3n alemana bajo los Habsburgo, te\u00admida por Richelieu, as\u00ed tambi\u00e9n detuvo el renacimiento del catolicismo en gran parte de Europa. Muri\u00f3 luchando en Lutzen, el a\u00f1o 1632, cuando todav\u00eda no ten\u00eda treinta y nueve a\u00f1os de edad.<\/p>\n<p>En el v\u00f3rtice de la conflagraci\u00f3n el Santo hab\u00eda da\u00addo a la Iglesia una de las instituciones m\u00e1s benem\u00e9ritas y m\u00e1s grandes, inspiradas por la Providencia para hacer frente a las nuevas necesidades de una sociedad que es\u00adtaba experimentando un cambio borrascoso.<\/p>\n<p>Al instituir con los misioneros una \u00abpeque\u00f1a com\u00adpa\u00f1\u00eda\u00bb (Vicente insist\u00eda en este adjetivo \u00abpeque\u00f1a\u00bb, pa\u00adra construir sobre la tierra firme de la humildad), ech\u00f3 los cimientos duraderos de toda su obra, ahora vasta y compleja. O mejor, el fundamento o cimientos que estaba echando era tan s\u00f3lido y vasto que sobre \u00e9l se pudieron levantar las paredes maestras de un edificio complejo. O si se quiere, la din\u00e1mica apost\u00f3lica de aquel n\u00facleo sa\u00adcerdotal era tan eficiente que durante treinta a\u00f1os salie\u00adron de \u00e9l, con fuerza, iniciativas fecundas.<\/p>\n<p>Vicente no preve\u00eda lo que surgir\u00eda de la fundaci\u00f3n de los Bons-Enfants. Seg\u00fan un criterio que no le abandona\u00adr\u00e1 jam\u00e1s, se dej\u00f3 guiar por el Se\u00f1or, cuya voluntad dedu\u00adc\u00eda de las circunstancias y de la Iglesia: estaba, pues, con\u00advencido de que obraba bajo el impulso de Dios. Es decir, estaba convencido de que el que obraba era Dios, de cuya acci\u00f3n \u00e9l y los suyos se consideraban d\u00f3ciles instrumentos.<\/p>\n<p>Hablando de esto m\u00e1s tarde a los misioneros, sol\u00eda preguntar:<\/p>\n<p>\u2014\u00bfQui\u00e9n os ha llamado a las misiones? \u00bfYo? De ninguna manera. \u00bfPortad, a quien Dios asoci\u00f3 conmigo desde el principio? Tampoco. Ninguno de nosotros pensa\u00adba en ello ni hab\u00eda formado ning\u00fan proyecto de esta clase. \u00bf Qui\u00e9n, pues, es el autor? Dios: su Providencia pa\u00adternal ; su pur\u00edsima bondad&#8230;<\/p>\n<p>Aun al fin de su vida, la obra de la Misi\u00f3n le parec\u00eda un sue\u00f1o : no se explicaba c\u00f3mo hab\u00eda podido nacer. Ni se explicaba el origen del nombre.<\/p>\n<p>Sin embargo si hubiera querido definir toda su vida, su ministerio, se hubiera definido de suyo misionero. Ja\u00adm\u00e1s quiso ser otra cosa ni quiso que los suyos fueran otra cosa. Si desde 1617 a 1625 hab\u00eda encendido la llama del Evangelio por las tierras de los Gondi, unos cuarenta en\u00adtre ciudades, pueblos y aldeas, desde el 1625 al 1632 su acci\u00f3n se ampli\u00f3, dando y haciendo dar por sus sacerdo\u00adtes no menos de ciento cuarenta misiones.<\/p>\n<p>El 13 de febrero del a\u00f1o siguiente (1627) la Compa\u00ad\u00f1\u00eda creci\u00f3 : recibi\u00f3 al primer hermano coadjutor. En ma\u00adyo obtuvo la aprobaci\u00f3n del rey y en junio logr\u00f3 del ar\u00adzobispo la uni\u00f3n del colegio de los Bons-Enfants con la Congregaci\u00f3n. Aquel a\u00f1o el Se\u00f1or recompens\u00f3 al gran ap\u00f3stol con una alegr\u00eda extraordinaria : con el encuen\u00adtro con santa Juana de Chantal, colaboradora de san Fran\u00adcisco de Sales. Brot\u00f3 entre ambos una amistad religiosa, en la que \u00e9l fue para ella \u00abel \u00fanico padre\u00bb y ella fue para \u00e9l \u00abla \u00fanica madre\u00bb.<\/p>\n<p>Se vieron en 1627 y luego volvieron a verse en 1628, despu\u00e9s en 1635 y finalmente en 1641: pero se escribieron y, como veremos, colaboraron durante toda su existencia.<\/p>\n<p>El a\u00f1o 1628 se gast\u00f3 en obtener para la Compa\u00f1\u00eda la aprobaci\u00f3n de Roma. Con este fin Vicente escribi\u00f3 una s\u00faplica al Papa, que era Urbano VIII, acompa\u00f1\u00e1ndola con cartas de recomendaci\u00f3n del rey y del nuncio. En ella expon\u00eda c\u00f3mo la Compa\u00f1\u00eda de los sacerdotes de la Mi\u00adsi\u00f3n estaba instituida en beneficio de las poblaciones ru\u00adrales sumidas en la ignorancia religiosa y, en general, con el fin de trabajar en la \u00abconversi\u00f3n del pueblo\u00bb.<\/p>\n<p>Como la aceptaci\u00f3n tardaba, Vicente redact\u00f3 una se\u00adgunda s\u00faplica. Pero ambas fueron rechazadas, seg\u00fan el parecer de la Propaganda y, probablemente, a petici\u00f3n del padre, luego cardenal, Berulle: el consejero espiri\u00adtual, el maestro y amigo, desconfiaba de aquellas misio\u00adnes: no las hab\u00eda comprendido, aunque era una mente abierta y aunque estimaba altamente a Vicente.<\/p>\n<p>As\u00ed, a pesar de los apoyos curiales y de la corte real, la Congregaci\u00f3n de Propaganda neg\u00f3 la autorizaci\u00f3n, tras el informe desfavorable del cardenal Bentivoglio: a lo m\u00e1s se conced\u00eda que se consintiera, solo para Francia, una so\u00adciedad de veinte o veinticinco sacerdotes sin t\u00edtulo de congregaci\u00f3n o confraternidad.<\/p>\n<p>Todas aquellas dificultades inducir\u00edan cada vez m\u00e1s a Vicente a considerar que quien lo hac\u00eda todo era Dios.<\/p>\n<p>Convencido de la bondad de su obra por los frutos, con tenacidad campesina, siguiendo adelante sin desanimarse ; m\u00e1s a\u00fan, para ilustrar a los oficiales de la Santa Sede y combatir intromisiones hostiles, envi\u00f3 a Roma, como pro\u00adcurador inteligente y activo, a uno de sus sacerdotes, a Francisco du Coudray.<\/p>\n<p>Du Coudray sab\u00eda muy bien su cometido, culto, ver\u00adsado en la lengua hebrea, conocedor de hombres y de dicasterios, trabaj\u00f3 tenazmente desde el a\u00f1o 1631 al 1635 en la Ciudad Eterna, sostenido con cartas alentadoras de Vicente.<\/p>\n<p>Eran cartas que respiraban catolicidad junto con romanidad, desde la primera, del 20 de julio de 1631, en la que le escrib\u00eda:<\/p>\n<p>\u00abHas llegado por fin a Roma, donde est\u00e1 el Jefe vi\u00adsible de la Iglesia militante, donde est\u00e1n los cuerpos de san Pedro y san Pablo y de tantos otros m\u00e1rtires y santos personajes, que dieron su sangre y gastaron su vida por Jesucristo&#8230; Dichoso t\u00fa que has podido poner tus pies sobre la tierra por donde pasaron personajes tan gran\u00addes y tan santos\u00bb<span id='easy-footnote-1-125829' class='easy-footnote-margin-adjust'><\/span><span class='easy-footnote'><a href='http:\/\/vincentians.com\/es\/san-vicente-de-paul-siervo-de-los-pobres-05\/#easy-footnote-bottom-1-125829' title='t. I, p. 114.'><sup>1<\/sup><\/a><\/span>.<\/p>\n<p>Por las cartas se ve c\u00f3mo Vicente bas\u00f3 toda su acci\u00f3n ante la Curia sobre verdades elementales: la ignorancia religiosa de los pobres, el peligro de que, por ella, se per\u00addieran (\u00bfno dec\u00eda santo Tom\u00e1s que quien ignora los mis\u00adterios de la Sant\u00edsima Trinidad y de la Encarnaci\u00f3n se condena?) y la urgencia, por consiguiente, de instruir\u00adlos \u00abcon la peque\u00f1a ayuda\u00bb de las misiones.<\/p>\n<p>\u2014Por esto \u2014escrib\u00eda Vicente desde Par\u00eds en 1631\u2014tienes que hacer comprender que el pueblo pobre se con\u00addena, porque ignora las cosas necesarias para la salva\u00adci\u00f3n y porque no se confiesa. Si Su Santidad conociera es\u00adta necesidad, no tendr\u00eda paz hasta que no hubiera pues\u00adto las cosas en orden. El conocimiento que nosotros he\u00admos tenido de esa necesidad nos ha hecho erigir esta Com\u00adpa\u00f1\u00eda, para que, de alguna manera, ponga remedio a ella. Para hacer esto es preciso vivir en congregaci\u00f3n y, obser\u00advar sus cinco puntos fundamentales, a saber:<\/p>\n<ol>\n<li>dejar a los obispos la facultad de enviar a los misioneros a las partes de sus di\u00f3cesis que les parecieren m\u00e1s necesitadas;<\/li>\n<li>hacer que esos sacerdotes est\u00e9n sometidos a los p\u00e1rrocos en las parroquias a donde vayan a tener mi\u00adsi\u00f3n, mientras esta dure ;<\/li>\n<li>impedir que acepten nada de aquella gente po\u00adbre, y exigir que vivan a espensas propias ;<\/li>\n<li>evitar que prediquen, catequicen y confiesen en las ciudades, donde hay arzobispo, obispo u ordinario, ex\u00adcepto en caso de ordenandos y de cuantos hagan ejercicios cerrados ;<\/li>\n<li>obtener que el superior de la Compa\u00f1\u00eda tenga toda su direcci\u00f3n.<\/li>\n<\/ol>\n<p>\u00abEstas cinco exigencias deben ser fundamentales en esta Congregaci\u00f3n&#8230;<\/p>\n<p>\u00abMantente firme y haz comprender que hace muchos a\u00f1os que se piensa en ello y que se tiene la debida expe\u00adriencia\u00bb.<\/p>\n<p>Du Coudray se mantuvo firme, haci\u00e9ndose int\u00e9r\u00adprete elocuente de las aspiraciones del Santo ; y obtuvo la victoria: la bula <i>Salvatoris Nostri, <\/i>dada por Urbano VIII con fecha de 12 de enero de 1633, otorg\u00f3 reconocimiento pleno a la obra.<\/p>\n<h3><i>Colaboran seglares y sacerdotes<\/i><\/h3>\n<p>De esta carta se deduce tambi\u00e9n que, si la actividad misionera era la principal, no era la \u00fanica.<\/p>\n<p>En julio del a\u00f1o 1628, Vicente hab\u00eda convencido al obispo de Beauvais a reunir en el palacio episcopal a los cl\u00e9rigos pr\u00f3ximos a la ordenaci\u00f3n sacerdotal (ordenandos) para formarlos y prepararlos: y esto para poner fin a la costumbre, muy difundida, de ordenar de sacerdote a j\u00f3\u00advenes desprovistos de ciencia y conciencia sacerdotal.<\/p>\n<p>Vicente redact\u00f3 un programa apropiado de retiros: y as\u00ed ech\u00f3 los fundamentos de esos ejercicios de los orde\u00adnandos, que constituir\u00e1n una de las actividades apost\u00f3\u00adlicas m\u00e1s saludables de su familia religiosa.<\/p>\n<h3><i>San L\u00e1zaro<\/i><\/h3>\n<p>Cierto d\u00eda se present\u00f3 a Vicente un religioso: el padre Adriano Le Bon, prior de un instituto universalmente co\u00adnocido, de Par\u00eds: San L\u00e1zaro. Llegado a la presencia del Santo le propuso, de repente, que se instalara en San L\u00e1\u00adzaro. Vicente se qued\u00f3 at\u00f3nito como si le hubieran dispa\u00adrado una bombarda junto al o\u00eddo.<\/p>\n<p>Le Bon, ri\u00e9ndose, le pregunt\u00f3: \u2014\u00bfQu\u00e9? \u00bfTembl\u00e1is?<\/p>\n<p>San L\u00e1zaro (Saint-Lazare) no era una casa: era un complejo enorme de edificios y jardines, en el suburbio de San Dionisio (Saint-Denis) de Par\u00eds. Como deja enten\u00adder su nombre, al principio hab\u00eda sido una simple lepro\u00adser\u00eda. Ahora comprend\u00eda una iglesia, una c\u00e1rcel, un co\u00adrreccional, caballerizas, un molino, adem\u00e1s de habitacio\u00adnes para religiosos agustinos, que reg\u00edan aquella funda\u00adci\u00f3n, y los asilos para los enfermos. Con el tiempo los le\u00adprosos hab\u00edan ido disminuyendo ; y en esa \u00e9poca no hab\u00eda m\u00e1s de un par de ellos. Hab\u00eda adem\u00e1s presos y tres o cua\u00adtro locos.<\/p>\n<p>Los can\u00f3nigos agustinos, una docena, viv\u00edan bajo el gobierno de Adri\u00e1n Le Bon, desunidos entre s\u00ed, fastidia\u00addos quiz\u00e1s por las ocupaciones demasiado pobres y uni\u00adformes. A su sustento prove\u00edan varios feudos, distribui\u00addos por toda Francia.<\/p>\n<p>Habiendo o\u00eddo hablar de los trabajos de Vicente de Pa\u00fal, el prior pens\u00f3 cederle todo para que hiciera de ello la central de una obra activa, moderna, cual eran las Mi\u00adsiones.<\/p>\n<p>Vicente, como se ha dicho, qued\u00f3 at\u00f3nito.<\/p>\n<p>Hab\u00eda visto a su obra como una iniciativa modesta para la que era suficiente un pobre albergue; por eso admiti\u00f3 que la propuesta exced\u00eda toda su perspectiva.<\/p>\n<p>Le Bon volvi\u00f3 a la carga seis meses despu\u00e9s, acom\u00adpa\u00f1ado del p\u00e1rroco de San L\u00e1zaro, Guillermo de Les\u00adtocq. Encontr\u00f3 la misma repulsa. Invitado a comer por Vicente, admir\u00f3 en la pobreza del ambiente de los Bons\u00adEnfants, la limpieza y el orden, y en los comensales la piedad y el silencio. Precisamente por esto, los dos peti\u00adcionarios se convencieron de que val\u00eda la pena insistir, y durante otros seis meses asaltaron reiteradamente a Vi\u00adcente con ofrecimientos, mostr\u00e1ndole las ventajas para la Iglesia y para las misiones. \u00abJacob no emple\u00f3 tanta pa\u00adciencia para lograr a Raquel\u00bb, hubo de confesar el p\u00e1- TrOCO.<\/p>\n<p>Finalmente, tom\u00e1ndolo por el lado de la humildad, el prior arranc\u00f3 el consentimiento para que el asunto fue\u00adra puesto en manos de un jurista de val\u00eda, del que Vicente se estaba valiendo con provecho en su disputa con Roma: Adr\u00e9s Duval, c\u00e9lebre doctor de la Sorbona, uno de aque\u00adllos laicos profundamente religiosos que, por amor a Dios, se sent\u00edan impulsados a admirar y ayudar a un hombre de Dios.<\/p>\n<p>Duval le aconsej\u00f3 que aceptara : y Vicente acept\u00f3. Entonces se lleg\u00f3 a la estipulaci\u00f3n de un contrato, con que se estableci\u00f3 mantener en San L\u00e1zaro a los religiosos agus\u00adtinos por una pensi\u00f3n modesta de unas 200 pesetas por cada uno, en estancias separadas, de modo que no hubie\u00adra interferencias con el horario de los misioneros. En cam\u00adbio san Vicente no acept\u00f3 que los misioneros se transfor\u00admaran en can\u00f3nigos y fueran a cantar con los agustinos en el coro, con muceta y manteleta, porque esto le pare\u00adc\u00eda un principio <i>de <\/i>alejamiento de su vocaci\u00f3n, que era \u00abtrabajar incensantemente por la gente pobre de los campos\u00bb. En una carta a Lestocq, Vicente confes\u00f3 esta preo\u00adcupaci\u00f3n a\u00f1adiendo lealmente que, si no era posible sal\u00advar esta libertad de sus sacerdotes, quer\u00eda permanecer en la antigua pobreza y no \u00abdesviar los designios de Dios\u00bb. Le Bon, consinti\u00f3 tambi\u00e9n en este punto y se firm\u00f3 el acuerdo.<\/p>\n<p>El buen prior hab\u00eda logrado realizar una gran em\u00adpresa, con la que salvaba lo salvable de su comunidad y contra la que hab\u00eda encontrado y encontrar\u00eda oposicio\u00adnes diversas. A la firma del acuerdo, sigui\u00f3, al d\u00eda si\u00adguiente (8 de enero de 1632), la aprobaci\u00f3n del arzobis\u00adpo de Par\u00eds y sucesivamente del rey, de los mercaderes y regidores de la ciudad. Surgieron discusiones y resisten\u00adcias, sobre todo de los religiosos de San V\u00edctor, y Urbano VIII no envi\u00f3 su consentimiento hasta el a\u00f1o 1635.<\/p>\n<p>Las defensas principales fueron la humildad y la in\u00addiferencia de Vicente; y de la irascibilidad s\u00fabita y fre\u00adcuente de Le Bon, venci\u00f3 tambi\u00e9n siempre con su humil\u00addad. No terminaba de pedir perd\u00f3n por faltas verdaderas y sobre todo imaginarias, de tal manera que fue a arro\u00addillarse a los pies del prior por lo menos unas cincuenta veces. El prior, en el fondo, se sent\u00eda feliz y estaba orgu\u00adlloso del gesto que hab\u00eda realizado, y que complet\u00f3 con otras concesiones en los a\u00f1os siguientes, mereciendo mo\u00adrir asistido por Vicente y sus sacerdotes, con una caridad y una paciencia inestimables.<\/p>\n<p>Bajo la direcci\u00f3n del Santo, se reorganiz\u00f3 todo el re\u00adcinto. Floreci\u00f3 con nueva vida, convirti\u00e9ndose en un<sup>&#8211;<\/sup> cen\u00adtro de despertar espiritual, donde se reun\u00edan sacerdotes para hacer retiros, doctores para tener sus disputas, j\u00f3\u00advenes para prepararse al sacerdocio y seglares para hacer ejercicios. Y sigui\u00f3 hospedando a locos en la secci\u00f3n de las enfermedades mentales, a j\u00f3venes libertinos en la pri\u00adsi\u00f3n apropiada para ellos y continu\u00f3 curando leprosos cuando era preciso hacerlo. Personalmente Vicente asisti\u00f3 al viceprior de los agustinos, Maheut, enfermo de lepra, de la que muri\u00f3.<\/p>\n<p>Poco a poco San Vicente se convirti\u00f3 en el coraz\u00f3n del renacimiento religioso de Par\u00eds y de buena parte de Francia ; al que, contribuyeron, desde aquel centro, obis\u00adpos y sacerdotes, entre ellos Bossuet, y seglares reforma\u00addos en la fe y en las costumbres o convertidos del protes\u00adtantismo y mahometismo, junto a personalidades del mundo pol\u00edtico o del campo, que ven\u00edan a contemplar la juventud de la vida cristiana, que nac\u00eda de la tierra ara\u00adda, como arbusto florecido bajo la mano de experto agri\u00adcultor. En San L\u00e1zaro cotemplaban c\u00f3mo los cristianos pod\u00edan amarse, c\u00f3mo las funciones sagradas deb\u00edan cele\u00adbrarse, con solemnidad y austeridad lit\u00fargica, entre c\u00e1n\u00adticos, que conmov\u00edan los \u00e1nimos.<\/p>\n<p>Era una casa de pureza y de uni\u00f3n en medio de una ciudad fren\u00e9tica de lujuria y de intrigas.<\/p>\n<p>El edificio de los Bons-Enfants, despu\u00e9s que los mi\u00adsioneros se trasladaron a San. L\u00e1zaro, hacia el a\u00f1o 1636 se dedic\u00f3 a seminario para j\u00f3venes, y despu\u00e9s, hacia el a\u00f1o 1642, a seminario para sacerdotes. Tres a\u00f1os m\u00e1s tarde tambi\u00e9n los j\u00f3venes fueron trasladados a San L\u00e1zaro. Por esto, con sus muros viejos y sus edificios ruinosos, en cier\u00adto modo se convirti\u00f3 en el compendio topogr\u00e1fico de la obra de reconstrucci\u00f3n espiritual de san Vicente, pues en su recinto alberg\u00f3 a misioneros, eclesi\u00e1sticos, hu\u00e9rfanos, ordenandos, seminaristas, j\u00f3venes d\u00edscolos, locos y hasta leprosos: adem\u00e1s de hospedar a sacerdotes y estudiantes y proveer de personas y medios para distribuir entre los pobres \u2014hasta seiscientos al d\u00eda\u2014 comidas, vestidos, li\u00adbros, dinero, etc&#8230;<\/p>\n<p>Sin embargo la posesi\u00f3n por parte de Vicente toda\u00adv\u00eda era discutida por los antiguos ocupantes (victorinos, genovevianos y caballeros de san L\u00e1zaro), que presenta\u00adban todos los d\u00edas argumentos capciosos y un sinf\u00edn de re\u00adcursos. Estos terminaron despu\u00e9s de la muerte del Santo.<\/p>\n<p>Se necesitaba la paciencia y el desinter\u00e9s de Vicen\u00adte para no sucumbir bajo aquella petulancia. Cuando cier\u00adto d\u00eda, por ejemplo, lleg\u00f3 a conocer que la causa por la hacienda de Orsigny, de la que San L\u00e1zaro sacaba gran parte de lo necesario para su subsistencia, se hab\u00eda per\u00addido, exclam\u00f3: \u00ab\u00a1 Bendito sea Dios ! \u00ab, y se fue a adorar al Sant\u00edsimo en la capilla.<\/p>\n<p>Y eso que se trataba de un legado hecho seg\u00fan to\u00addas las normas legales ! Pero entre los jueces, algunos no perdonaban a Vicente su lucha contra el jansenismo, otros se opon\u00edan, por principio, a la ampliaci\u00f3n de la propie\u00addad eclesi\u00e1stica.<\/p>\n<p>Comentando el hecho tuvo que explicar as\u00ed su senti\u00admiento : \u00abTodo lo que Dios hace, lo hace por el mayor bien ; por consiguiente tenemos que esperar que esta p\u00e9r\u00addida nos ser\u00e1 de provecho, desde el momento que viene de Dios&#8230;\u00bb<\/p>\n<p>Y no quiso ceder a las sugestiones de juristas que le aconsejaban que presentara recurso de apelaci\u00f3n.<\/p>\n<p>No quer\u00eda pleitos ; cre\u00eda en la caridad. Y tuvo raz\u00f3n, aun esta vez: pues poco despu\u00e9s otro bienhechor leg\u00f3 a la Congregaci\u00f3n una propiedad, que no val\u00eda menos que la hacienda de Orsigny, mientras que los herederos que hab\u00edan arrancado la hacienda, m\u00e1s tarde la restituyeron espont\u00e1neamente a la Compa\u00f1\u00eda.<\/p>\n","protected":false},"excerpt":{"rendered":"<p>V. La Congregaci\u00f3n de la Misi\u00f3n Los Bons-Enfants (1624) Todo el a\u00f1o 1623 estuvo dedicado a las misiones en\u00adtre los campesinos, los forzados y los feligreses. En medio de esta actividad sustanciosa y callada, al &#8230; <a href=\"http:\/\/vincentians.com\/es\/san-vicente-de-paul-siervo-de-los-pobres-05\/\" class=\"more-link\">Read More<\/a><\/p>\n","protected":false},"author":4,"featured_media":39882,"comment_status":"open","ping_status":"open","sticky":false,"template":"","format":"standard","meta":{"jetpack_post_was_ever_published":false,"_jetpack_newsletter_access":"","_jetpack_dont_email_post_to_subs":false,"_jetpack_newsletter_tier_id":0,"_jetpack_memberships_contains_paywalled_content":false,"_jetpack_memberships_contains_paid_content":false,"footnotes":"","jetpack_publicize_message":"","jetpack_publicize_feature_enabled":true,"jetpack_social_post_already_shared":true,"jetpack_social_options":{"image_generator_settings":{"template":"highway","default_image_id":0,"font":"","enabled":false},"version":2}},"categories":[5],"tags":[130,224,148,124,175,119,172,127,143,128,129],"class_list":["post-125829","post","type-post","status-publish","format-standard","has-post-thumbnail","hentry","category-vicente-de-paul","tag-beauvais","tag-berulle","tag-clichy","tag-du-coudray","tag-folleville","tag-gondi","tag-pobreza","tag-portail","tag-san-lazaro","tag-silly","tag-urbano-viii"],"yoast_head":"<!-- This site is optimized with the Yoast SEO plugin v26.3 - https:\/\/yoast.com\/wordpress\/plugins\/seo\/ -->\n<title>San Vicente de Pa\u00fal, siervo de los pobres (05) - Somos Vicencianos<\/title>\n<meta name=\"robots\" content=\"index, follow, max-snippet:-1, max-image-preview:large, max-video-preview:-1\" \/>\n<link rel=\"canonical\" href=\"http:\/\/vincentians.com\/es\/san-vicente-de-paul-siervo-de-los-pobres-05\/\" \/>\n<meta property=\"og:locale\" content=\"es_ES\" \/>\n<meta property=\"og:type\" content=\"article\" \/>\n<meta property=\"og:title\" content=\"San Vicente de Pa\u00fal, siervo de los pobres (05) - Somos Vicencianos\" \/>\n<meta property=\"og:description\" content=\"V. La Congregaci\u00f3n de la Misi\u00f3n Los Bons-Enfants (1624) Todo el a\u00f1o 1623 estuvo dedicado a las misiones en\u00adtre los campesinos, los forzados y los feligreses. En medio de esta actividad sustanciosa y callada, al ... Read More\" \/>\n<meta property=\"og:url\" content=\"http:\/\/vincentians.com\/es\/san-vicente-de-paul-siervo-de-los-pobres-05\/\" \/>\n<meta property=\"og:site_name\" content=\"Somos Vicencianos\" \/>\n<meta property=\"article:publisher\" content=\"https:\/\/www.facebook.com\/WeAreVincentians\/\" \/>\n<meta property=\"article:author\" content=\"https:\/\/www.facebook.com\/JavierChento\" \/>\n<meta property=\"article:published_time\" content=\"2013-11-30T05:40:18+00:00\" \/>\n<meta property=\"article:modified_time\" content=\"2016-07-26T15:23:10+00:00\" \/>\n<meta name=\"author\" content=\"Francisco Javier Fern\u00e1ndez Chento\" \/>\n<meta name=\"twitter:card\" content=\"summary_large_image\" \/>\n<meta name=\"twitter:creator\" content=\"@https:\/\/twitter.com\/javierchento\" \/>\n<meta name=\"twitter:site\" content=\"@WeVincentians\" \/>\n<meta name=\"twitter:label1\" content=\"Escrito por\" \/>\n\t<meta name=\"twitter:data1\" content=\"Francisco Javier Fern\u00e1ndez Chento\" \/>\n\t<meta name=\"twitter:label2\" content=\"Tiempo de lectura\" \/>\n\t<meta name=\"twitter:data2\" content=\"19 minutos\" \/>\n<script type=\"application\/ld+json\" class=\"yoast-schema-graph\">{\"@context\":\"https:\/\/schema.org\",\"@graph\":[{\"@type\":\"Article\",\"@id\":\"http:\/\/vincentians.com\/es\/san-vicente-de-paul-siervo-de-los-pobres-05\/#article\",\"isPartOf\":{\"@id\":\"http:\/\/vincentians.com\/es\/san-vicente-de-paul-siervo-de-los-pobres-05\/\"},\"author\":{\"name\":\"Francisco Javier Fern\u00e1ndez Chento\",\"@id\":\"http:\/\/vincentians.com\/es\/#\/schema\/person\/9623ef4d9aa3b2dfb8c061f1499288f2\"},\"headline\":\"San Vicente de Pa\u00fal, siervo de los pobres (05)\",\"datePublished\":\"2013-11-30T05:40:18+00:00\",\"dateModified\":\"2016-07-26T15:23:10+00:00\",\"mainEntityOfPage\":{\"@id\":\"http:\/\/vincentians.com\/es\/san-vicente-de-paul-siervo-de-los-pobres-05\/\"},\"wordCount\":3815,\"commentCount\":0,\"publisher\":{\"@id\":\"http:\/\/vincentians.com\/es\/#organization\"},\"image\":{\"@id\":\"http:\/\/vincentians.com\/es\/san-vicente-de-paul-siervo-de-los-pobres-05\/#primaryimage\"},\"thumbnailUrl\":\"\",\"keywords\":[\"Beauvais\",\"Berulle\",\"Clichy\",\"Du Coudray\",\"Folleville\",\"Gondi\",\"Pobreza\",\"Portail\",\"San L\u00e1zaro\",\"Silly\",\"Urbano VIII\"],\"articleSection\":[\"Vicente de Pa\u00fal\"],\"inLanguage\":\"es\",\"potentialAction\":[{\"@type\":\"CommentAction\",\"name\":\"Comment\",\"target\":[\"http:\/\/vincentians.com\/es\/san-vicente-de-paul-siervo-de-los-pobres-05\/#respond\"]}]},{\"@type\":\"WebPage\",\"@id\":\"http:\/\/vincentians.com\/es\/san-vicente-de-paul-siervo-de-los-pobres-05\/\",\"url\":\"http:\/\/vincentians.com\/es\/san-vicente-de-paul-siervo-de-los-pobres-05\/\",\"name\":\"San Vicente de Pa\u00fal, siervo de los pobres (05) - Somos Vicencianos\",\"isPartOf\":{\"@id\":\"http:\/\/vincentians.com\/es\/#website\"},\"primaryImageOfPage\":{\"@id\":\"http:\/\/vincentians.com\/es\/san-vicente-de-paul-siervo-de-los-pobres-05\/#primaryimage\"},\"image\":{\"@id\":\"http:\/\/vincentians.com\/es\/san-vicente-de-paul-siervo-de-los-pobres-05\/#primaryimage\"},\"thumbnailUrl\":\"\",\"datePublished\":\"2013-11-30T05:40:18+00:00\",\"dateModified\":\"2016-07-26T15:23:10+00:00\",\"breadcrumb\":{\"@id\":\"http:\/\/vincentians.com\/es\/san-vicente-de-paul-siervo-de-los-pobres-05\/#breadcrumb\"},\"inLanguage\":\"es\",\"potentialAction\":[{\"@type\":\"ReadAction\",\"target\":[\"http:\/\/vincentians.com\/es\/san-vicente-de-paul-siervo-de-los-pobres-05\/\"]}]},{\"@type\":\"ImageObject\",\"inLanguage\":\"es\",\"@id\":\"http:\/\/vincentians.com\/es\/san-vicente-de-paul-siervo-de-los-pobres-05\/#primaryimage\",\"url\":\"\",\"contentUrl\":\"\"},{\"@type\":\"BreadcrumbList\",\"@id\":\"http:\/\/vincentians.com\/es\/san-vicente-de-paul-siervo-de-los-pobres-05\/#breadcrumb\",\"itemListElement\":[{\"@type\":\"ListItem\",\"position\":1,\"name\":\"Portada\",\"item\":\"http:\/\/vincentians.com\/es\/\"},{\"@type\":\"ListItem\",\"position\":2,\"name\":\"San Vicente de Pa\u00fal, siervo de los pobres (05)\"}]},{\"@type\":\"WebSite\",\"@id\":\"http:\/\/vincentians.com\/es\/#website\",\"url\":\"http:\/\/vincentians.com\/es\/\",\"name\":\"Somos Vicencianos\",\"description\":\"Know more to serve more\",\"publisher\":{\"@id\":\"http:\/\/vincentians.com\/es\/#organization\"},\"potentialAction\":[{\"@type\":\"SearchAction\",\"target\":{\"@type\":\"EntryPoint\",\"urlTemplate\":\"http:\/\/vincentians.com\/es\/?s={search_term_string}\"},\"query-input\":{\"@type\":\"PropertyValueSpecification\",\"valueRequired\":true,\"valueName\":\"search_term_string\"}}],\"inLanguage\":\"es\"},{\"@type\":\"Organization\",\"@id\":\"http:\/\/vincentians.com\/es\/#organization\",\"name\":\"The Vincentian Network\",\"url\":\"http:\/\/vincentians.com\/es\/\",\"logo\":{\"@type\":\"ImageObject\",\"inLanguage\":\"es\",\"@id\":\"http:\/\/vincentians.com\/es\/#\/schema\/logo\/image\/\",\"url\":\"https:\/\/i1.wp.com\/vincentians.com\/es\/wp-content\/uploads\/sites\/11\/2016\/06\/Vincentian-Network-logo-big.png?fit=778%2C778\",\"contentUrl\":\"https:\/\/i1.wp.com\/vincentians.com\/es\/wp-content\/uploads\/sites\/11\/2016\/06\/Vincentian-Network-logo-big.png?fit=778%2C778\",\"width\":778,\"height\":778,\"caption\":\"The Vincentian Network\"},\"image\":{\"@id\":\"http:\/\/vincentians.com\/es\/#\/schema\/logo\/image\/\"},\"sameAs\":[\"https:\/\/www.facebook.com\/WeAreVincentians\/\",\"https:\/\/x.com\/WeVincentians\"]},{\"@type\":\"Person\",\"@id\":\"http:\/\/vincentians.com\/es\/#\/schema\/person\/9623ef4d9aa3b2dfb8c061f1499288f2\",\"name\":\"Francisco Javier Fern\u00e1ndez Chento\",\"image\":{\"@type\":\"ImageObject\",\"inLanguage\":\"es\",\"@id\":\"http:\/\/vincentians.com\/es\/#\/schema\/person\/image\/\",\"url\":\"https:\/\/secure.gravatar.com\/avatar\/497d5cde87b4c3d097d0315953521681ba2cd523ee66e5077c3711f7021e65de?s=96&d=mm&r=g\",\"contentUrl\":\"https:\/\/secure.gravatar.com\/avatar\/497d5cde87b4c3d097d0315953521681ba2cd523ee66e5077c3711f7021e65de?s=96&d=mm&r=g\",\"caption\":\"Francisco Javier Fern\u00e1ndez Chento\"},\"description\":\"Director General y cofundador de La Red de Formaci\u00f3n Vicenciana. Javier es laico vicenciano, afiliado a la Congregaci\u00f3n de la Misi\u00f3n y miembro del Equipo de Misiones Populares de la provincia can\u00f3nica de Zaragoza (Espa\u00f1a) de la Congregaci\u00f3n de la Misi\u00f3n. Graduado en la Universidad Oberta de Catalunya con cuatro grados (Asistente de direcci\u00f3n, Gesti\u00f3n Administrativa, Recursos Humanos y Contabilidad Avanzada). Bil\u00edng\u00fce Espa\u00f1ol\/Ingl\u00e9s. gestiona y mantiene varias p\u00e1ginas web cristianas y vicencianas, incluida including La Red de Formaci\u00f3n Vicenciana, de la que es cofundador. Actualmente es responsable del \u00e1rea de Espa\u00f1ol de .famvin, la Red de Noticias de la Familia Vicenciana. Tambi\u00e9n es m\u00fasico cat\u00f3lico y ha editado varios discos. Es Director General y cofundador de Trovador, una reconocida compa\u00f1\u00eda discogr\u00e1fica critiana de Espa\u00f1a. Trabaja en las Tecnolog\u00edas de la Informaci\u00f3n, ofreciendo servicios de alojamiento, dise\u00f1o y mantenimiento Web, as\u00ed como asesoramiento, formaci\u00f3n y soluciones inform\u00e1ticas, gesti\u00f3n documental y digitalizaci\u00f3n de textos, edici\u00f3n y maquetaci\u00f3n de libros, revistas, flyers, etc.\",\"sameAs\":[\"http:\/\/chento.org\",\"https:\/\/www.facebook.com\/JavierChento\",\"https:\/\/x.com\/https:\/\/twitter.com\/javierchento\"],\"url\":\"http:\/\/vincentians.com\/es\/author\/chento\/\"}]}<\/script>\n<!-- \/ Yoast SEO plugin. -->","yoast_head_json":{"title":"San Vicente de Pa\u00fal, siervo de los pobres (05) - Somos Vicencianos","robots":{"index":"index","follow":"follow","max-snippet":"max-snippet:-1","max-image-preview":"max-image-preview:large","max-video-preview":"max-video-preview:-1"},"canonical":"http:\/\/vincentians.com\/es\/san-vicente-de-paul-siervo-de-los-pobres-05\/","og_locale":"es_ES","og_type":"article","og_title":"San Vicente de Pa\u00fal, siervo de los pobres (05) - Somos Vicencianos","og_description":"V. La Congregaci\u00f3n de la Misi\u00f3n Los Bons-Enfants (1624) Todo el a\u00f1o 1623 estuvo dedicado a las misiones en\u00adtre los campesinos, los forzados y los feligreses. En medio de esta actividad sustanciosa y callada, al ... Read More","og_url":"http:\/\/vincentians.com\/es\/san-vicente-de-paul-siervo-de-los-pobres-05\/","og_site_name":"Somos Vicencianos","article_publisher":"https:\/\/www.facebook.com\/WeAreVincentians\/","article_author":"https:\/\/www.facebook.com\/JavierChento","article_published_time":"2013-11-30T05:40:18+00:00","article_modified_time":"2016-07-26T15:23:10+00:00","author":"Francisco Javier Fern\u00e1ndez Chento","twitter_card":"summary_large_image","twitter_creator":"@https:\/\/twitter.com\/javierchento","twitter_site":"@WeVincentians","twitter_misc":{"Escrito por":"Francisco Javier Fern\u00e1ndez Chento","Tiempo de lectura":"19 minutos"},"schema":{"@context":"https:\/\/schema.org","@graph":[{"@type":"Article","@id":"http:\/\/vincentians.com\/es\/san-vicente-de-paul-siervo-de-los-pobres-05\/#article","isPartOf":{"@id":"http:\/\/vincentians.com\/es\/san-vicente-de-paul-siervo-de-los-pobres-05\/"},"author":{"name":"Francisco Javier Fern\u00e1ndez Chento","@id":"http:\/\/vincentians.com\/es\/#\/schema\/person\/9623ef4d9aa3b2dfb8c061f1499288f2"},"headline":"San Vicente de Pa\u00fal, siervo de los pobres (05)","datePublished":"2013-11-30T05:40:18+00:00","dateModified":"2016-07-26T15:23:10+00:00","mainEntityOfPage":{"@id":"http:\/\/vincentians.com\/es\/san-vicente-de-paul-siervo-de-los-pobres-05\/"},"wordCount":3815,"commentCount":0,"publisher":{"@id":"http:\/\/vincentians.com\/es\/#organization"},"image":{"@id":"http:\/\/vincentians.com\/es\/san-vicente-de-paul-siervo-de-los-pobres-05\/#primaryimage"},"thumbnailUrl":"","keywords":["Beauvais","Berulle","Clichy","Du Coudray","Folleville","Gondi","Pobreza","Portail","San L\u00e1zaro","Silly","Urbano VIII"],"articleSection":["Vicente de Pa\u00fal"],"inLanguage":"es","potentialAction":[{"@type":"CommentAction","name":"Comment","target":["http:\/\/vincentians.com\/es\/san-vicente-de-paul-siervo-de-los-pobres-05\/#respond"]}]},{"@type":"WebPage","@id":"http:\/\/vincentians.com\/es\/san-vicente-de-paul-siervo-de-los-pobres-05\/","url":"http:\/\/vincentians.com\/es\/san-vicente-de-paul-siervo-de-los-pobres-05\/","name":"San Vicente de Pa\u00fal, siervo de los pobres (05) - Somos Vicencianos","isPartOf":{"@id":"http:\/\/vincentians.com\/es\/#website"},"primaryImageOfPage":{"@id":"http:\/\/vincentians.com\/es\/san-vicente-de-paul-siervo-de-los-pobres-05\/#primaryimage"},"image":{"@id":"http:\/\/vincentians.com\/es\/san-vicente-de-paul-siervo-de-los-pobres-05\/#primaryimage"},"thumbnailUrl":"","datePublished":"2013-11-30T05:40:18+00:00","dateModified":"2016-07-26T15:23:10+00:00","breadcrumb":{"@id":"http:\/\/vincentians.com\/es\/san-vicente-de-paul-siervo-de-los-pobres-05\/#breadcrumb"},"inLanguage":"es","potentialAction":[{"@type":"ReadAction","target":["http:\/\/vincentians.com\/es\/san-vicente-de-paul-siervo-de-los-pobres-05\/"]}]},{"@type":"ImageObject","inLanguage":"es","@id":"http:\/\/vincentians.com\/es\/san-vicente-de-paul-siervo-de-los-pobres-05\/#primaryimage","url":"","contentUrl":""},{"@type":"BreadcrumbList","@id":"http:\/\/vincentians.com\/es\/san-vicente-de-paul-siervo-de-los-pobres-05\/#breadcrumb","itemListElement":[{"@type":"ListItem","position":1,"name":"Portada","item":"http:\/\/vincentians.com\/es\/"},{"@type":"ListItem","position":2,"name":"San Vicente de Pa\u00fal, siervo de los pobres (05)"}]},{"@type":"WebSite","@id":"http:\/\/vincentians.com\/es\/#website","url":"http:\/\/vincentians.com\/es\/","name":"Somos Vicencianos","description":"Know more to serve more","publisher":{"@id":"http:\/\/vincentians.com\/es\/#organization"},"potentialAction":[{"@type":"SearchAction","target":{"@type":"EntryPoint","urlTemplate":"http:\/\/vincentians.com\/es\/?s={search_term_string}"},"query-input":{"@type":"PropertyValueSpecification","valueRequired":true,"valueName":"search_term_string"}}],"inLanguage":"es"},{"@type":"Organization","@id":"http:\/\/vincentians.com\/es\/#organization","name":"The Vincentian Network","url":"http:\/\/vincentians.com\/es\/","logo":{"@type":"ImageObject","inLanguage":"es","@id":"http:\/\/vincentians.com\/es\/#\/schema\/logo\/image\/","url":"https:\/\/i1.wp.com\/vincentians.com\/es\/wp-content\/uploads\/sites\/11\/2016\/06\/Vincentian-Network-logo-big.png?fit=778%2C778","contentUrl":"https:\/\/i1.wp.com\/vincentians.com\/es\/wp-content\/uploads\/sites\/11\/2016\/06\/Vincentian-Network-logo-big.png?fit=778%2C778","width":778,"height":778,"caption":"The Vincentian Network"},"image":{"@id":"http:\/\/vincentians.com\/es\/#\/schema\/logo\/image\/"},"sameAs":["https:\/\/www.facebook.com\/WeAreVincentians\/","https:\/\/x.com\/WeVincentians"]},{"@type":"Person","@id":"http:\/\/vincentians.com\/es\/#\/schema\/person\/9623ef4d9aa3b2dfb8c061f1499288f2","name":"Francisco Javier Fern\u00e1ndez Chento","image":{"@type":"ImageObject","inLanguage":"es","@id":"http:\/\/vincentians.com\/es\/#\/schema\/person\/image\/","url":"https:\/\/secure.gravatar.com\/avatar\/497d5cde87b4c3d097d0315953521681ba2cd523ee66e5077c3711f7021e65de?s=96&d=mm&r=g","contentUrl":"https:\/\/secure.gravatar.com\/avatar\/497d5cde87b4c3d097d0315953521681ba2cd523ee66e5077c3711f7021e65de?s=96&d=mm&r=g","caption":"Francisco Javier Fern\u00e1ndez Chento"},"description":"Director General y cofundador de La Red de Formaci\u00f3n Vicenciana. Javier es laico vicenciano, afiliado a la Congregaci\u00f3n de la Misi\u00f3n y miembro del Equipo de Misiones Populares de la provincia can\u00f3nica de Zaragoza (Espa\u00f1a) de la Congregaci\u00f3n de la Misi\u00f3n. Graduado en la Universidad Oberta de Catalunya con cuatro grados (Asistente de direcci\u00f3n, Gesti\u00f3n Administrativa, Recursos Humanos y Contabilidad Avanzada). Bil\u00edng\u00fce Espa\u00f1ol\/Ingl\u00e9s. gestiona y mantiene varias p\u00e1ginas web cristianas y vicencianas, incluida including La Red de Formaci\u00f3n Vicenciana, de la que es cofundador. Actualmente es responsable del \u00e1rea de Espa\u00f1ol de .famvin, la Red de Noticias de la Familia Vicenciana. Tambi\u00e9n es m\u00fasico cat\u00f3lico y ha editado varios discos. Es Director General y cofundador de Trovador, una reconocida compa\u00f1\u00eda discogr\u00e1fica critiana de Espa\u00f1a. Trabaja en las Tecnolog\u00edas de la Informaci\u00f3n, ofreciendo servicios de alojamiento, dise\u00f1o y mantenimiento Web, as\u00ed como asesoramiento, formaci\u00f3n y soluciones inform\u00e1ticas, gesti\u00f3n documental y digitalizaci\u00f3n de textos, edici\u00f3n y maquetaci\u00f3n de libros, revistas, flyers, etc.","sameAs":["http:\/\/chento.org","https:\/\/www.facebook.com\/JavierChento","https:\/\/x.com\/https:\/\/twitter.com\/javierchento"],"url":"http:\/\/vincentians.com\/es\/author\/chento\/"}]}},"jetpack_publicize_connections":[],"jetpack_featured_media_url":"","jetpack_sharing_enabled":true,"jetpack_shortlink":"https:\/\/wp.me\/p7ETMF-wJv","jetpack-related-posts":[{"id":115258,"url":"http:\/\/vincentians.com\/es\/casas-de-la-congregacion-de-la-mision-en-paris-en-tiempos-de-san-vicente-i\/","url_meta":{"origin":125829,"position":0},"title":"Casas de la Congregaci\u00f3n de la Misi\u00f3n en Par\u00eds en tiempos de San Vicente (I)","author":"Francisco Javier Fern\u00e1ndez Chento","date":"04\/10\/2018","format":false,"excerpt":"Bons-Enfants (En la calle des Ecoles n2 2-4) Hacia 1250 ya exist\u00eda la casa con el nombre de Colegio de Bons-Enfants. Era un Colegio Menor fundado por el Rey San Luis que le dej\u00f3 unas \u00f3n0 libras de renta. La finca ten\u00eda unos 4.000 m 2 y los edificios ocupaban\u2026","rel":"","context":"En \u00abEn tiempos de Vicente de Pa\u00fal\u00bb","block_context":{"text":"En tiempos de Vicente de Pa\u00fal","link":"http:\/\/vincentians.com\/es\/category\/historia-de-la-familia-vicenciana\/en-tiempos-de-vicente-de-paul\/"},"img":{"alt_text":"","src":"https:\/\/i0.wp.com\/vincentians.com\/es\/wp-content\/uploads\/sites\/11\/2015\/04\/tres-descubrimientos-de-Vicente-de-Paul.jpg?fit=1200%2C630&resize=350%2C200","width":350,"height":200,"srcset":"https:\/\/i0.wp.com\/vincentians.com\/es\/wp-content\/uploads\/sites\/11\/2015\/04\/tres-descubrimientos-de-Vicente-de-Paul.jpg?fit=1200%2C630&resize=350%2C200 1x, https:\/\/i0.wp.com\/vincentians.com\/es\/wp-content\/uploads\/sites\/11\/2015\/04\/tres-descubrimientos-de-Vicente-de-Paul.jpg?fit=1200%2C630&resize=525%2C300 1.5x, https:\/\/i0.wp.com\/vincentians.com\/es\/wp-content\/uploads\/sites\/11\/2015\/04\/tres-descubrimientos-de-Vicente-de-Paul.jpg?fit=1200%2C630&resize=700%2C400 2x, https:\/\/i0.wp.com\/vincentians.com\/es\/wp-content\/uploads\/sites\/11\/2015\/04\/tres-descubrimientos-de-Vicente-de-Paul.jpg?fit=1200%2C630&resize=1050%2C600 3x"},"classes":[]},{"id":124197,"url":"http:\/\/vincentians.com\/es\/vicente-de-paul-el-fundador\/","url_meta":{"origin":125829,"position":1},"title":"Vicente de Pa\u00fal: El fundador","author":"Francisco Javier Fern\u00e1ndez Chento","date":"03\/03\/2023","format":false,"excerpt":"Por a\u00f1os, Vicente hab\u00eda compartido con sacerdotes y seglares su atenci\u00f3n a los pobres. Ahora empieza por reunir a estos compa\u00f1eros en una comunidad permanente. Es decir, como Jesucristo, o el ap\u00f3stol Pablo, empieza a juntar sacerdotes y ayudantes para que compartan no s\u00f3lo sus deberes sino tambi\u00e9n toda su\u2026","rel":"","context":"En \u00abVicente de Pa\u00fal\u00bb","block_context":{"text":"Vicente de Pa\u00fal","link":"http:\/\/vincentians.com\/es\/category\/la-familia-vicenciana\/fundadores\/vicente-de-paul\/"},"img":{"alt_text":"","src":"https:\/\/i0.wp.com\/vincentians.com\/es\/wp-content\/uploads\/sites\/11\/2013\/04\/d.jpg?fit=1200%2C799&resize=350%2C200","width":350,"height":200,"srcset":"https:\/\/i0.wp.com\/vincentians.com\/es\/wp-content\/uploads\/sites\/11\/2013\/04\/d.jpg?fit=1200%2C799&resize=350%2C200 1x, https:\/\/i0.wp.com\/vincentians.com\/es\/wp-content\/uploads\/sites\/11\/2013\/04\/d.jpg?fit=1200%2C799&resize=525%2C300 1.5x, https:\/\/i0.wp.com\/vincentians.com\/es\/wp-content\/uploads\/sites\/11\/2013\/04\/d.jpg?fit=1200%2C799&resize=700%2C400 2x, https:\/\/i0.wp.com\/vincentians.com\/es\/wp-content\/uploads\/sites\/11\/2013\/04\/d.jpg?fit=1200%2C799&resize=1050%2C600 3x"},"classes":[]},{"id":115682,"url":"http:\/\/vincentians.com\/es\/vicente-de-paul-carta-1025-a-juan-francisco-de-gondi-arzobispo-de-paris\/","url_meta":{"origin":125829,"position":2},"title":"Vicente de Pa\u00fal, Carta 1025: A Juan Francisco De Gondi, Arzobispo De Paris","author":"Francisco Javier Fern\u00e1ndez Chento","date":"09\/12\/2012","format":false,"excerpt":"3 septiembre 1647. Monse\u00f1or: Le renuevo una vez m\u00e1s mi obediencia, con todo el afecto y toda la humildad que me es posible. Le suplico humildemente, monse\u00f1or, que as\u00ed lo acepte, as\u00ed como tambi\u00e9n la s\u00faplica que le dirigir\u00e1 el se\u00f1or Ribier, portador de la presente, sobre la uni\u00f3n de\u2026","rel":"","context":"En \u00abEscritos de Vicente de Pa\u00fal\u00bb","block_context":{"text":"Escritos de Vicente de Pa\u00fal","link":"http:\/\/vincentians.com\/es\/category\/escritos\/escritos-de-vicente-de-paul\/"},"img":{"alt_text":"","src":"https:\/\/i0.wp.com\/vincentians.com\/es\/wp-content\/uploads\/sites\/11\/2016\/07\/escritos-vicente-de-paul.jpg?fit=1200%2C630&resize=350%2C200","width":350,"height":200,"srcset":"https:\/\/i0.wp.com\/vincentians.com\/es\/wp-content\/uploads\/sites\/11\/2016\/07\/escritos-vicente-de-paul.jpg?fit=1200%2C630&resize=350%2C200 1x, https:\/\/i0.wp.com\/vincentians.com\/es\/wp-content\/uploads\/sites\/11\/2016\/07\/escritos-vicente-de-paul.jpg?fit=1200%2C630&resize=525%2C300 1.5x, https:\/\/i0.wp.com\/vincentians.com\/es\/wp-content\/uploads\/sites\/11\/2016\/07\/escritos-vicente-de-paul.jpg?fit=1200%2C630&resize=700%2C400 2x, https:\/\/i0.wp.com\/vincentians.com\/es\/wp-content\/uploads\/sites\/11\/2016\/07\/escritos-vicente-de-paul.jpg?fit=1200%2C630&resize=1050%2C600 3x"},"classes":[]},{"id":115681,"url":"http:\/\/vincentians.com\/es\/vicente-de-paul-carta-1026-a-juan-francisco-de-gondi-arzobispo-de-paris\/","url_meta":{"origin":125829,"position":3},"title":"Vicente de Pa\u00fal, Carta 1026: A Juan Francisco De Gondi, Arzobispo De Paris","author":"Francisco Javier Fern\u00e1ndez Chento","date":"10\/12\/2012","format":false,"excerpt":"8 septiembre 1647 ...Generalmente el santo desconfiaba de las nuevas comunidades. As\u00ed se ve por una carta que escribi\u00f3 aquel mismo a\u00f1o de 1647 al se\u00f1or arzobispo de Par\u00eds, en la que une un profundo respeto a una firmeza verdaderamente sacerdotal. Un hombre, que ten\u00eda un priorato dependiente de la\u2026","rel":"","context":"En \u00abEscritos de Vicente de Pa\u00fal\u00bb","block_context":{"text":"Escritos de Vicente de Pa\u00fal","link":"http:\/\/vincentians.com\/es\/category\/escritos\/escritos-de-vicente-de-paul\/"},"img":{"alt_text":"","src":"https:\/\/i0.wp.com\/vincentians.com\/es\/wp-content\/uploads\/sites\/11\/2016\/07\/escritos-vicente-de-paul.jpg?fit=1200%2C630&resize=350%2C200","width":350,"height":200,"srcset":"https:\/\/i0.wp.com\/vincentians.com\/es\/wp-content\/uploads\/sites\/11\/2016\/07\/escritos-vicente-de-paul.jpg?fit=1200%2C630&resize=350%2C200 1x, https:\/\/i0.wp.com\/vincentians.com\/es\/wp-content\/uploads\/sites\/11\/2016\/07\/escritos-vicente-de-paul.jpg?fit=1200%2C630&resize=525%2C300 1.5x, https:\/\/i0.wp.com\/vincentians.com\/es\/wp-content\/uploads\/sites\/11\/2016\/07\/escritos-vicente-de-paul.jpg?fit=1200%2C630&resize=700%2C400 2x, https:\/\/i0.wp.com\/vincentians.com\/es\/wp-content\/uploads\/sites\/11\/2016\/07\/escritos-vicente-de-paul.jpg?fit=1200%2C630&resize=1050%2C600 3x"},"classes":[]},{"id":119709,"url":"http:\/\/vincentians.com\/es\/el-senor-vicente-relee-su-vida-misionero\/","url_meta":{"origin":125829,"position":4},"title":"El Se\u00f1or Vicente relee su vida: Misionero","author":"Francisco Javier Fern\u00e1ndez Chento","date":"19\/04\/2022","format":false,"excerpt":"Siete largos a\u00f1os van ante todo a transcurrir, en la misma l\u00ednea que los tres precedentes: misionar s\u00f3lo en los pueblos de las tierras de los Gondi, y sin embargo de manera muy diferente. Entregado del todo a estas misiones a las pobres gentes de los campos, tengo ahora mi\u2026","rel":"","context":"En \u00abVicente de Pa\u00fal\u00bb","block_context":{"text":"Vicente de Pa\u00fal","link":"http:\/\/vincentians.com\/es\/category\/la-familia-vicenciana\/fundadores\/vicente-de-paul\/"},"img":{"alt_text":"","src":"https:\/\/i0.wp.com\/vincentians.com\/es\/wp-content\/uploads\/sites\/11\/2013\/04\/f-8-scaled.jpg?fit=1200%2C570&resize=350%2C200","width":350,"height":200,"srcset":"https:\/\/i0.wp.com\/vincentians.com\/es\/wp-content\/uploads\/sites\/11\/2013\/04\/f-8-scaled.jpg?fit=1200%2C570&resize=350%2C200 1x, https:\/\/i0.wp.com\/vincentians.com\/es\/wp-content\/uploads\/sites\/11\/2013\/04\/f-8-scaled.jpg?fit=1200%2C570&resize=525%2C300 1.5x, https:\/\/i0.wp.com\/vincentians.com\/es\/wp-content\/uploads\/sites\/11\/2013\/04\/f-8-scaled.jpg?fit=1200%2C570&resize=700%2C400 2x, https:\/\/i0.wp.com\/vincentians.com\/es\/wp-content\/uploads\/sites\/11\/2013\/04\/f-8-scaled.jpg?fit=1200%2C570&resize=1050%2C600 3x"},"classes":[]},{"id":387672,"url":"http:\/\/vincentians.com\/es\/miguel-le-gras-2\/","url_meta":{"origin":125829,"position":5},"title":"Miguel Le Gras","author":"Mitxel Olabu\u00e9naga","date":"22\/04\/2016","format":false,"excerpt":"Sin trabajo Miguel Antonio Le Gras, su hijo, fue la cruz inseparable de Luisa de Marillac. Cuando Luisa viv\u00eda con su esposo, formando una familia de la burgues\u00eda, nunca se hubiera imagi\u00adnado el sufrimiento que le causar\u00eda aquel ni\u00f1o al que cuidaba con tanto esmero; ni tampo\u00adco despu\u00e9s, viuda, hubiera\u2026","rel":"","context":"En \u00abEn tiempos de Vicente de Pa\u00fal\u00bb","block_context":{"text":"En tiempos de Vicente de Pa\u00fal","link":"http:\/\/vincentians.com\/es\/category\/historia-de-la-familia-vicenciana\/en-tiempos-de-vicente-de-paul\/"},"img":{"alt_text":"Santa Luisa 2","src":"https:\/\/i0.wp.com\/vicencianos.org\/wp-content\/uploads\/2016\/04\/Santa-Luisa-2-241x300.jpg?resize=350%2C200","width":350,"height":200},"classes":[]}],"_links":{"self":[{"href":"http:\/\/vincentians.com\/es\/wp-json\/wp\/v2\/posts\/125829","targetHints":{"allow":["GET"]}}],"collection":[{"href":"http:\/\/vincentians.com\/es\/wp-json\/wp\/v2\/posts"}],"about":[{"href":"http:\/\/vincentians.com\/es\/wp-json\/wp\/v2\/types\/post"}],"author":[{"embeddable":true,"href":"http:\/\/vincentians.com\/es\/wp-json\/wp\/v2\/users\/4"}],"replies":[{"embeddable":true,"href":"http:\/\/vincentians.com\/es\/wp-json\/wp\/v2\/comments?post=125829"}],"version-history":[{"count":0,"href":"http:\/\/vincentians.com\/es\/wp-json\/wp\/v2\/posts\/125829\/revisions"}],"wp:featuredmedia":[{"embeddable":true,"href":"http:\/\/vincentians.com\/es\/wp-json\/"}],"wp:attachment":[{"href":"http:\/\/vincentians.com\/es\/wp-json\/wp\/v2\/media?parent=125829"}],"wp:term":[{"taxonomy":"category","embeddable":true,"href":"http:\/\/vincentians.com\/es\/wp-json\/wp\/v2\/categories?post=125829"},{"taxonomy":"post_tag","embeddable":true,"href":"http:\/\/vincentians.com\/es\/wp-json\/wp\/v2\/tags?post=125829"}],"curies":[{"name":"wp","href":"https:\/\/api.w.org\/{rel}","templated":true}]}}