{"id":125283,"date":"2013-11-15T06:20:35","date_gmt":"2013-11-15T05:20:35","guid":{"rendered":"http:\/\/somos.vicencianos.org\/?p=125283"},"modified":"2016-07-26T17:23:12","modified_gmt":"2016-07-26T15:23:12","slug":"un-enamorado-de-los-pobres-san-vicente-de-paul-1581-1660","status":"publish","type":"post","link":"http:\/\/vincentians.com\/es\/un-enamorado-de-los-pobres-san-vicente-de-paul-1581-1660\/","title":{"rendered":"Un enamorado de los pobres: San Vicente de Pa\u00fal (1581-1660)"},"content":{"rendered":"<p><b>Fundador de la Congregaci\u00f3n de la Misi\u00f3n (Misioneros Pa\u00fales) en 1625 y de las Hijas de la Caridad en 1633<\/b><\/p>\n<p><i><a href=\"https:\/\/i0.wp.com\/vicencianos.org\/wp-content\/2013\/11\/08DIV.jpg\"><img data-recalc-dims=\"1\" loading=\"lazy\" decoding=\"async\" class=\"alignright size-medium wp-image-125290\" alt=\"08DIV\" src=\"https:\/\/i0.wp.com\/vicencianos.org\/wp-content\/2013\/11\/08DIV-300x190.jpg?resize=300%2C190\" width=\"300\" height=\"190\" \/><\/a>Pocos hombres en la Historia y pocos corazones en el mundo han tenido el amor a los pobres que manifest\u00f3 S. Vicente de Pa\u00fal. Su figura resulta esencialmente inseparable del amor a los indigentes. Y sus gestos prof\u00e9ticos todav\u00eda repercuten en nuestros d\u00edas como desaf\u00edo y como llamada a la acci\u00f3n eficaz por el bien de los que sufren todo tipo de miseria.<\/i><\/p>\n<p><i>San Vicente de Pa\u00fal supo amar con pasi\u00f3n a todos los necesitados, a los ignorantes, a los enfermos, a los ancianos, a los mendigos, a los angustiados. Y no s\u00f3lo supo amar \u00e9l, sino que ense\u00f1\u00f3 a amar a cuantos a \u00e9l se acercaron. De modo especial, at\u00f3 al amor a los pobres a los que se enrolaron en sus congregaciones religiosas y a todos los que, desde la vida seglar, quisieron servir mejor a Cristo cumpliendo la ley de la caridad fraterna.<\/i><\/p>\n<p><i>A todos ense\u00f1\u00f3 a sacrificar su dinero, su tiempo, su vida por los pobres y a entregar en beneficio de ellos la totalidad de sus energ\u00edas. Es todav\u00eda hoy un mensajero de la caridad para con los pobres, pues se conservan no s\u00f3lo las palabras hermosas en su favor, sino sobre todo las obras fruct\u00edferas que siguen llevando el sello de su esp\u00edritu. Arrastraba en vida y sigue alentando turbas innumerables de seguidores, en quienes se unen la bondad, la compasi\u00f3n y el hero\u00edsmo, que fueron los gestos cautivadores de su persona.<\/i><\/p>\n<p><i>Ciertamente que muchos se resistieron a seguir sus consignas y, sobre todo, sus ejemplos. Pero no es menos cierto que, hasta en las esferas nobles de la sociedad clasista que le toc\u00f3 vivir, otros oyeron su voz y, en todo o en parte, la siguieron con gestos generosos que a ellos mismos les llenaron de admiraci\u00f3n.<\/i><\/p>\n<p><i>Infatigable misionero, desprendido de los bienes terrenos, abierto a todo el que pudo necesitarle, supo ver la igualdad radical de todos los seres humanos como gran principio de la cultura cristiana. El rey y la duquesa, ante Dios, son id\u00e9nticos al mendigo y al desheredado. Hay que acercarse a los dos con el mismo amor, pues ambos est\u00e1n destinados al amor y a la salvaci\u00f3n.<\/i><\/p>\n<p><i>La pedagog\u00eda de S. Vicente de Pa\u00fal no es otra que la del amor y de la igualdad de todos los hombres ante Dios:<\/i><\/p>\n<ul>\n<li><i>Es lo que expon\u00eda en <b>sus arrolladoras conferencias<\/b>, sermones, cartas, mensajes, y en sus homil\u00edas llenas de fuego, de las que no faltaron docenas cada semana de su vida. Su doctrina se mir\u00f3 siempre como un fiel reflejo del Evangelio.<\/i><\/li>\n<li><i>Fue un gran pedagogo que ense\u00f1\u00f3 a los hombres a mirar hacia los dem\u00e1s y a <b>no encerrarse en los propios intereses<\/b>. En el soldado herido o en el mendigo abandonado, que eran fruto del ego\u00edsmo humano en cualquier rinc\u00f3n del Par\u00eds y de la Francia que a \u00e9l le tocaron vivir, ense\u00f1\u00f3 con maestr\u00eda a ver al mismo Cristo demandando compasi\u00f3n.<\/i><\/li>\n<li><i>Ense\u00f1\u00f3 a todos, a los reyes tambi\u00e9n, a mirar a aquellos desgraciados con <b>la \u00f3ptica de la caridad<\/b>. Por eso, su eco qued\u00f3 resonando durante siglos, a trav\u00e9s de las m\u00faltiples obras de amor humano que siguen funcionando.<\/i><\/li>\n<li><i>Tambi\u00e9n fue exigente cuando, con <b>el prisma de la justicia,<\/b> reclamaba el cumplimiento de los deberes de la convivencia social. Porque era necesidad de justicia, no s\u00f3lo de misericordia, lo que en su entorno se respiraba. Era justicia lo que muchas veces ped\u00eda, aunque sab\u00eda suavizar sus reclamos con el aceite de la benevolencia, tal como lo precisaba aquella sociedad estamental y ego\u00edsta de su tiempo. En esto estuvo tal vez su mayor intuici\u00f3n pedag\u00f3gica.<\/i><\/li>\n<li><i>Y en todo <b>iba por delante con su ejemplo y con su palabra<\/b>, pues nunca tem\u00eda recordar que, cuando un ser humano sufre en las cercan\u00edas, los bienes que uno posee no son propios, sino que pertenecen antes que a nadie a quien los reclamaba por ser hijo de Dios.<\/i><\/li>\n<\/ul>\n<p><i>Ciertamente que estos postulados eran audaces en su tiempo y siguen siendo escandalosos en nuestros d\u00edas. Pero responden a lo m\u00e1s profundo del mensaje evang\u00e9lico. Por eso, su figura se mantiene viva a lo largo de los siglos, no s\u00f3lo por la belleza de su mensaje, sino tambi\u00e9n por los \u00ab\u00e1ngeles de caridad\u00bb que dej\u00f3 tras de s\u00ed, los seguidores y seguidoras que mantienen encendida su antorcha.<\/i><\/p>\n<h2><b>Itinerario biogr\u00e1fico<\/b><\/h2>\n<p>1581. 24 de Abril. Nace en Puy, cerca de Dax, (o tal vez en Tamarite de Litera, en Arag\u00f3n). Su padre, Juan Pa\u00fal, y su madre, Bertrana de Mora, son modestos agricultores.<\/p>\n<p>1594. Se le dedica al estudio en el Colegio de los Franciscanos de Dax. Reside en la familia del Sr. Comet, de cuyos hijos es ayo y preceptor.<\/p>\n<p>1596. 20 de Diciembre. Recibe la tonsura y la \u00d3rdenes menores, de ma\u00adnos del Obispo de Tarbes. En 1597 se traslada a Tolosa para estudiar Teolo\u00adg\u00eda. Estudia alg\u00fan tiempo en Zaragoza. El 19 de Septiembre de 1598 recibe el Subdiaconado y el 19 de Diciembre el Diaconado.<\/p>\n<p>1600. 20 de Septiembre. Es ordenado Sacerdote. Dice su primera misa. En 1601 hace un viaje a Roma. Regresa y sigue estudiando en Tolosa, al mismo tiempo que es preceptor particular para poder vivir.<\/p>\n<p>1604. Recibe el t\u00edtulo de Bachiller. Establece un peque\u00f1o pensionado en Buze. En 1605 va a Marsella para ha\u00adcerse cargo de una herencia. En Agosto es cautivado por los corsarios en un viaje a Tolosa y termina vendido como esclavo en T\u00fanez. Pertenece a varios amos.<\/p>\n<p>1607. 28 de Junio. Regresa a Francia, despu\u00e9s de haberse fugado del cautive\u00adrio. Viaja a Roma, donde no consigue un beneficio que esperaba. En 1608 se establece en Par\u00eds. Contrae amistad con Du Fresne, secretario de Margarita de Valois. En 1609 es nombrado limos\u00adnero oficial de Margarita. Se dedica a dirigir las obras de caridad. Es acusado de ladr\u00f3n.<\/p>\n<p>1610. 17 de Mayo. Nombrado Abad de San Leonardo, hace ejercicios espiritua\u00adles con Berulle. Hace voto de consa\u00adgrarse a los pobres. Renuncia a la Aba\u00add\u00eda y a su cargo en la Corte de Margari\u00adta.<\/p>\n<p>1612. 12 de Mayo. Es nombrado P\u00e1\u00adrroco rural de Cluchy. Renuncia y pasa a servir como preceptor en la Casa del Sr. Gondi. Vive como un asceta admira\u00adble.<\/p>\n<p>1615. El 27 de Mayo es designa\u00addo como can\u00f3nigo de Ecouis, cerca de Rouen. Tiene una enfermedad grave que le afecta a las piernas.<\/p>\n<p>1617. Se dedica a la atenci\u00f3n religiosa en el Se\u00f1or\u00edo de Gondi. En Marzo de nuevo es p\u00e1rroco rural en Chatillon. Funda una Cofrad\u00eda de caridad para pobres. Breve estancia en Par\u00eds, llama\u00addo por Berulle. Regresa para dar misio\u00adnes en los lugares de Gondi.<\/p>\n<p>1619. Febrero. Nombrado capell\u00e1n de los condenados al remo, da misiones entre los galeotes. Tiene muchos en\u00adcuentros con San Francisco de Sales. Sigue fundando y animando grupos de acci\u00f3n caritativa con pobres.<\/p>\n<p>1621. En Sep\u00adtiembre organiza la beneficencia de la ciudad de Ma\u00e7on.<\/p>\n<p>1622. Es nombrado Director de las Salesas de Par\u00eds. Sigue con misiones, hasta con los bandidos de las monta\u00f1as.<\/p>\n<p>1624. Marzo. Es encargado de la Di\u00adrecci\u00f3n del Colegio de Bons Enfants y se entrega de lleno a su misi\u00f3n.<\/p>\n<p>1625. 17 de Abril. Recibe una renta de Gondi para que funde una misi\u00f3n perma\u00adnente. As\u00ed nace su obra de la Misi\u00f3n. Se dedica a ella.<\/p>\n<p>1626. 24 de Abril. Es aprobada la Obra por el Arzobispo de Par\u00eds. Establece comunicaci\u00f3n con Luisa de Marillac, a fin de preparar la organizaci\u00f3n femenina de caridad que comienza a surgir. Encuen\u00adtra en ella a la mujer ideal para la empre\u00adsa y comienza a perfilar la obra de las Hijas de la Caridad.<\/p>\n<p>1628. Eleva varias s\u00faplicas a Urbano VIII para que apruebe la Congregaci\u00f3n de la Misi\u00f3n. Varias son rechazadas por las oposiciones curiales de Roma y Par\u00eds. Sigue con sus misiones y agrupa\u00adciones de Se\u00f1oras de la caridad popular.<\/p>\n<p>1632. 8 de Enero. Recibe en adminis\u00adtraci\u00f3n la Abad\u00eda de San L\u00e1zaro, que convierte en el Centro de sus misione\u00adros. Inicia copiosa correspondencia con todos sus misioneros.<\/p>\n<p>1633. 12 de Enero. Recibe la Bula \u00abSalvatori Nostri\u00bb, de Urbano VIII, apro\u00adbando la Congregaci\u00f3n. El 29 de No\u00adviembre organiza la Comunidad de las Hijas de la Caridad, bajo la direcci\u00f3n de Luisa de Marillac. Se divulgan las obras de Caridad. Viajes numerosos y fatigo\u00adsos.<\/p>\n<p>1638. Inicia la acogida de centenares de ni\u00f1os exp\u00f3sitos cada a\u00f1o. Entra en relaciones con Richelieux. Pide la paz en la guerra que Francia sostiene. Multiplica sus atenciones caritativas.<\/p>\n<p>1642. Las Hijas de la Caridad hacen sus primeros votos. Celebra Asamblea con los Cl\u00e9rigos de la Misi\u00f3n.<\/p>\n<p>1643. Ayuda a bien morir a Luis XIII. Es llamado por la Reina a formar parte del Consejo de Estado para asuntos eclesi\u00e1sticos. Tiene gran ascendiente sobre la Reina Ana de Austria. Env\u00eda varios misioneros a Irlanda.<\/p>\n<p>1648. Env\u00eda misioneros a Madagascar.<\/p>\n<p>1649. Hace grandes esfuerzos para ayudar a las v\u00edctimas de la guerra.<\/p>\n<p>1652. Varios contactos con la Reina, con Mazarino y con el Duque de Or\u00adleans, para que se mantenga la armo\u00adn\u00eda y la paz. Act\u00faa en m\u00faltiples misio\u00adnes de caridad. Se preocupa de la atenci\u00f3n catequ\u00edstica de los ancianos en sus asilos.<\/p>\n<p>1655. 22 de Setiembre. Consigue la aprobaci\u00f3n de los votos de la Congre\u00adgaci\u00f3n de la Misi\u00f3n, por Alejandro VII. Sigue de cerca el desarrollo de las Hijas de la Caridad, a trav\u00e9s de la h\u00e1bil Fundadora.<\/p>\n<p>1656. No puede salir de Par\u00eds por sus enfermedades. Gobierna sus obras por correspondencia. Sigue promoviendo nuevas Fundaciones, Hospitales y Asilos. Su actividad epistolar es inten\u00adsa.<\/p>\n<p>1659. Presiente la muerte y va organi\u00adzando cada una de sus obras.<\/p>\n<p>1660. 27 de Septiembre. Fallece pl\u00e1cida\u00admente en San L\u00e1zaro, de donde ya no hab\u00eda salido en los \u00faltimos a\u00f1os.<\/p>\n<p>El 3 de Agosto de 1728 es Beatificado por Benedicto XIII. El 16 de Junio de 1737 es canonizado por Clemente XII. El 16 de Abril de 1885 es proclamado Pa\u00adtrono Universal de las Obras de Caridad Cristiana.<\/p>\n<h2><b> Escritos<\/b><\/h2>\n<ul>\n<li>Cartas, unas 3500.<\/li>\n<li>Conferencias, recogidas por las Hijas de la Caridad.<\/li>\n<li>Conferencias a los Misioneros.<\/li>\n<li>Constituciones y reglamentos de sus diversas Fundaciones.<\/li>\n<\/ul>\n<h2><b> Ideario pedag\u00f3gico<\/b><span id='easy-footnote-1-125283' class='easy-footnote-margin-adjust'><\/span><span class='easy-footnote'><a href='http:\/\/vincentians.com\/es\/un-enamorado-de-los-pobres-san-vicente-de-paul-1581-1660\/#easy-footnote-bottom-1-125283' title='&lt;i&gt;Citas de documentos tomadas de \u00abBiograf\u00eda y Escritos de S. Vicente de Pa\u00fal\u00bb. BAC. Editorial Cat\u00f3lica. Madrid. 1955. Las Cartas y Conferencias est\u00e1n citadas por la Obra del P. Coste. \u00abS. Vicente de Pa\u00fal: Correspondence, Entretiens et Documents\u00bb. Par\u00eds. 1920-1925&lt;\/i&gt;'><sup>1<\/sup><\/a><\/span><\/h2>\n<p><b><i> 1. San Vicente de Pa\u00fal tiene la mente clavada en las necesidades de los hombres. Toda obra buena es para \u00e9l una escuela en la que hay que trabajar para servir a los hijos de Dios, espe\u00adcialmente a los pobres. Su pedagog\u00eda refleja un grito de confianza en la vida y en los hombres, entre los que siem\u00adpre quiere sembrar caridad y paz. Educar es amar y educar es servir. <\/i><\/b><i><\/i><\/p>\n<ol>\n<li><i> \u00abNi la Filosof\u00eda ni la Teolog\u00eda tienen fuerza para obrar en las almas. Es preciso que Jesucristo tome parte en ello con nosotros, o nosotros con \u00e9l, y movidos de su esp\u00edritu a la manera que \u00e9l estaba en su Padre y predicaba la doctrina que de \u00c9l hab\u00eda aprendido.\u00bb (Conferencias II. XI. 343)<\/i><\/li>\n<li><i> \u00abNuestra vocaci\u00f3n es, como la mis\u00adma de Jesucristo, anunciar el Evangelio a los pobres. \u00a1Qu\u00e9 dichosa es y c\u00f3mo hemos de amarla&#8230;! Es una obra de gran magnitud: hacer que Dios sea conocido de los pobres, predicarles a Jesucristo, decirles que el Reino de Dios est\u00e1 cerca y que es para ellos, los pobres&#8230; Evangelizar a los pobres es un oficio tan sublime, que es, por exce\u00adlencia, el oficio del Hijo de Dios. A ello estamos dedicados como instrumentos por los cuales Dios sigue realizando desde el cielo todo lo que hizo en la tierra.\u00bb (Conferencias. XII. 75)<\/i><\/li>\n<li><i> \u00abCon mucha frecuencia se echan a perder las obras buenas por querer ir demasiado aprisa y obrar seg\u00fan las propias inclinaciones que se llevan tras s\u00ed la discreci\u00f3n y el buen juicio. Y hasta puede parecer en ocasiones como factible y oportuno lo que no lo es. Y esto se ve despu\u00e9s por los malos resultados.\u00bb (Cartas. IV. 364)<\/i><\/li>\n<li><i> \u00abEs preciso que entre las Hijas de la Caridad, la que tiene cuidado de los pobres se comunique con la que tiene cuidado con los ni\u00f1os abandonados. Y la que cuida de los ni\u00f1os tiene que relacionarse con la que cuida de los pobres. Quisiera que nuestros corazones se conformasen con la Stma. Trinidad. Y as\u00ed como el Padre se da todo entero a su Hijo y el Hijo se da al Padre, de donde proviene el Esp\u00edritu Santo, del mismo modo las Hijas de la Caridad se han de unir unas a otras para producir obras de caridad que son atribuidas al Esp\u00edritu Santo, a fin de que se parezcan a la Sant\u00edsima Trinidad.\u00bb (Conferencias XII. 257)<\/i><\/li>\n<li><i> \u00abCuando se trate de hacer alguna obra buena, decid al Hijo de Dios con toda confianza: \u00abSe\u00f1or, si estuvieras en mi lugar, \u00bfc\u00f3mo te portar\u00edas en esta ocasi\u00f3n? \u00bfC\u00f3mo instruir\u00edas al pueblo? \u00bfC\u00f3mo consolar\u00edas a este enfermo de cuerpo y de esp\u00edritu?\u00bb (Conferencias XI. 348)<\/i><\/li>\n<li><i>\u00abDios trabaja con cada uno de los seres en particular: trabaja con el arte\u00adsano en su taller, trabaja con la mujer en su quehacer dom\u00e9stico, con la hor\u00admiga y la abeja para hacer su celdilla. Todo ello sin discontinuidad e incesan\u00adtemente. \u00bfPor qu\u00e9 trabajar? Unicamen\u00adte por el hombre, para conservarle la vida, para satisfacer sus necesidades. Si Dios, Emperador de todo el mundo, nunca ha estado un solo momento sin trabajar desde que el mundo es mundo, \u00bfcu\u00e1n razonable es que nosotros, que somos sus criaturas, trabajemos, como nos lo ha mandado, con el sudor de nuestro rostro?\u00bb (Conferencias IX. 489)<\/i><\/li>\n<li><i> \u00abReconociendo que hemos recibido la vida de sus manos, cometer\u00edamos una injusticia si nos neg\u00e1ramos a em\u00adplearla seg\u00fan sus planes.\u00bb (Conferencias IX. 49)<\/i><\/li>\n<li><i> \u00abValdr\u00eda m\u00e1s ser arrojados, atados de pies y manos, sobre carbones en\u00adcendidos, que hacer una obra para complacer a los hombres. Es gran locura e injusticia la de aque\u00adllos que no se preocupan de hacer sus obras por Dios, pues pierden el tiempo y el m\u00e9rito de su trabajo por no llevar en lo que hacen otras miras que las suyas\u00bb.<br \/>\n<\/i><\/li>\n<\/ol>\n<p><b><i>2. Los ni\u00f1os, en cuan\u00adto son la aurora de la vida y son los m\u00e1s necesitados de la caridad y del amor de los adul\u00adtos, representan una singular llamada de atenci\u00f3n en la generosidad de San Vicente de Pa\u00fal. Siem\u00adpre tuvo predi\u00adlecci\u00f3n por su atenci\u00f3n y tambi\u00e9n por su educaci\u00f3n. Para ellos pens\u00f3 en las Hijas de la Caridad. Por eso pone tanto empe\u00f1o en sensibilizar a sus seguido\u00adres en el amor a la infancia.<\/i><\/b><i><\/i><\/p>\n<ol>\n<li><i> \u00abVuestra Compa\u00f1\u00eda tiene tambi\u00e9n por fin instruir a las ni\u00f1as de las escue\u00adlas en el temor y amor de Dios; y esto ten\u00e9is en com\u00fan con las Ursulinas. Mas, como las casas de \u00e9stas son grandes y ricas, no pueden ir a ellas los pobres, los cuales vienen a vosotras&#8230; No s\u00e9 de nadie que est\u00e9 tan dispues\u00adto a ir a los pobres como lo est\u00e1is voso\u00adtras. No ser\u00edais Hijas de la Caridad si no estuvierais siempre prontas a asistir a los que tienen necesidad de vuestros auxilios.\u00bb\u00a0 (Conferencias VIII. 591)<\/i><\/li>\n<li><i> \u00abMe alegr\u00f3 mucho que el p\u00e1rroco permita hacer la primera comuni\u00f3n a los ni\u00f1os&#8230; Cuando los ni\u00f1os est\u00e1n bien instruidos, y por lo tanto en dispo\u00adsici\u00f3n de hacer la primera comuni\u00f3n, la misma comuni\u00f3n les dispone para ir a las siguientes&#8230;\u00bb<\/i><\/li>\n<li><i> \u00abEstos ni\u00f1os abandonados, al apren\u00adder a hablar, aprenden tambi\u00e9n a rezar. Poco a poco se les va ocupan\u00addo seg\u00fan sus disposiciones y su capa\u00adcidad.\u00bb (Conferencias XI. 63)<\/i><\/li>\n<li><i> \u00abEl Se\u00f1or dijo a los disc\u00edpulos: \u00abDe\u00adjad que los ni\u00f1os vengan a m\u00ed.\u00bb \u00a1Qu\u00e9 afecto no demostraba a los ni\u00ad\u00f1os! Cuidar de los ni\u00f1os es, en cierto mo\u00addo, hacerse ni\u00f1o; y cuidar de los ni\u00f1os abandonados es ocupar el puesto de sus padres y, en cierto sentido tambi\u00e9n, ocupar el puesto del mismo Dios, que ha dicho que, incluso si la madre se olvida de un ni\u00f1o, \u00e9l no lo abandonar\u00e1.\u00bb (Conferencia XII. 76)<\/i><\/li>\n<li><i> \u00abEst\u00e1n de enhorabuena, por haber ca\u00eddo en manos protectoras. Se los vigila para acostumbrar\u00adlos a las buenas maneras y para corre\u00adgir a tiempo sus malas inclinaciones que naturalmente poseen. unos desgra\u00adciados, si s\u00f3lo quedaran en las manos de sus propios padres, quienes de ordinario son personas muy pobres o viciosas.<\/i><\/li>\n<li><i>\u00abNo hay m\u00e1s que ver la manera como emplean el d\u00eda, para darse cuenta del fruto de esta buena obra, que es de tanta importancia.\u00bb (Conferencia a las Damas. 11 Julio 1657)<\/i><\/li>\n<li><i>\u00abHemos de evitar con mucho cuidado la aspereza y la impaciencia, sirviendo a todos con mucha afabilidad y dulzura, especialmente a los inoportunos y des\u00adcontentadizos, diciendo siempre buenas palabras&#8230; Hay que decirles siempre cosas buenas, para llevarles a Dios. Los enfermos son como ni\u00f1os en la devoci\u00f3n, aunque tengan muchos a\u00f1os. Una buena palabra salida del coraz\u00f3n y dicha con el esp\u00edritu que es debido a los o\u00eddos de los que sufren, bastar\u00e1 para llevarlos f\u00e1cilmente a Dios. Con tal de que tenga unci\u00f3n, producir\u00e1 el efecto deseado, pues entonces llega a lo hon\u00addo de sus corazones.\u00bb (Conferencia X. 25)<\/i><\/li>\n<li><i>\u00abPor otra parte, es uno de los mejores medios para conmover a las personas mayores que tienen el coraz\u00f3n obstina\u00addo y endurecido, las cuales s\u00f3lo se dejan vencer por la piedad de los ni\u00f1os y por el inter\u00e9s que por ellos nos toma\u00admos.\u00bb (Carta III. 118)<\/i><\/li>\n<\/ol>\n","protected":false},"excerpt":{"rendered":"<p>Fundador de la Congregaci\u00f3n de la Misi\u00f3n (Misioneros Pa\u00fales) en 1625 y de las Hijas de la Caridad en 1633 Pocos hombres en la Historia y pocos corazones en el mundo han tenido el amor &#8230; <a href=\"http:\/\/vincentians.com\/es\/un-enamorado-de-los-pobres-san-vicente-de-paul-1581-1660\/\" class=\"more-link\">Read More<\/a><\/p>\n","protected":false},"author":4,"featured_media":125290,"comment_status":"open","ping_status":"open","sticky":false,"template":"","format":"standard","meta":{"jetpack_post_was_ever_published":false,"_jetpack_newsletter_access":"","_jetpack_dont_email_post_to_subs":false,"_jetpack_newsletter_tier_id":0,"_jetpack_memberships_contains_paywalled_content":false,"_jetpack_memberships_contains_paid_content":false,"footnotes":"","jetpack_publicize_message":"","jetpack_publicize_feature_enabled":true,"jetpack_social_post_already_shared":true,"jetpack_social_options":{"image_generator_settings":{"template":"highway","default_image_id":0,"font":"","enabled":false},"version":2}},"categories":[5],"tags":[224,163,173,121,194,119,143,188,185,116,129],"class_list":["post-125283","post","type-post","status-publish","format-standard","has-post-thumbnail","hentry","category-vicente-de-paul","tag-berulle","tag-bons-enfants","tag-chatillon-les-dombes","tag-du-fresne","tag-ecouis","tag-gondi","tag-san-lazaro","tag-san-leonardo","tag-tarbes","tag-tunez","tag-urbano-viii"],"yoast_head":"<!-- This site is optimized with the Yoast SEO plugin v26.3 - https:\/\/yoast.com\/wordpress\/plugins\/seo\/ -->\n<title>Un enamorado de los pobres: San Vicente de Pa\u00fal (1581-1660) - Somos Vicencianos<\/title>\n<meta name=\"robots\" content=\"index, follow, max-snippet:-1, max-image-preview:large, max-video-preview:-1\" \/>\n<link rel=\"canonical\" href=\"http:\/\/vincentians.com\/es\/un-enamorado-de-los-pobres-san-vicente-de-paul-1581-1660\/\" \/>\n<meta property=\"og:locale\" content=\"es_ES\" \/>\n<meta property=\"og:type\" content=\"article\" \/>\n<meta property=\"og:title\" content=\"Un enamorado de los pobres: San Vicente de Pa\u00fal (1581-1660) - Somos Vicencianos\" \/>\n<meta property=\"og:description\" content=\"Fundador de la Congregaci\u00f3n de la Misi\u00f3n (Misioneros Pa\u00fales) en 1625 y de las Hijas de la Caridad en 1633 Pocos hombres en la Historia y pocos corazones en el mundo han tenido el amor ... Read More\" \/>\n<meta property=\"og:url\" content=\"http:\/\/vincentians.com\/es\/un-enamorado-de-los-pobres-san-vicente-de-paul-1581-1660\/\" \/>\n<meta property=\"og:site_name\" content=\"Somos Vicencianos\" \/>\n<meta property=\"article:publisher\" content=\"https:\/\/www.facebook.com\/WeAreVincentians\/\" \/>\n<meta property=\"article:author\" content=\"https:\/\/www.facebook.com\/JavierChento\" \/>\n<meta property=\"article:published_time\" content=\"2013-11-15T05:20:35+00:00\" \/>\n<meta property=\"article:modified_time\" content=\"2016-07-26T15:23:12+00:00\" \/>\n<meta name=\"author\" content=\"Francisco Javier Fern\u00e1ndez Chento\" \/>\n<meta name=\"twitter:card\" content=\"summary_large_image\" \/>\n<meta name=\"twitter:creator\" content=\"@https:\/\/twitter.com\/javierchento\" \/>\n<meta name=\"twitter:site\" content=\"@WeVincentians\" \/>\n<meta name=\"twitter:label1\" content=\"Escrito por\" \/>\n\t<meta name=\"twitter:data1\" content=\"Francisco Javier Fern\u00e1ndez Chento\" \/>\n\t<meta name=\"twitter:label2\" content=\"Tiempo de lectura\" \/>\n\t<meta name=\"twitter:data2\" content=\"15 minutos\" \/>\n<script type=\"application\/ld+json\" class=\"yoast-schema-graph\">{\"@context\":\"https:\/\/schema.org\",\"@graph\":[{\"@type\":\"Article\",\"@id\":\"http:\/\/vincentians.com\/es\/un-enamorado-de-los-pobres-san-vicente-de-paul-1581-1660\/#article\",\"isPartOf\":{\"@id\":\"http:\/\/vincentians.com\/es\/un-enamorado-de-los-pobres-san-vicente-de-paul-1581-1660\/\"},\"author\":{\"name\":\"Francisco Javier Fern\u00e1ndez Chento\",\"@id\":\"http:\/\/vincentians.com\/es\/#\/schema\/person\/9623ef4d9aa3b2dfb8c061f1499288f2\"},\"headline\":\"Un enamorado de los pobres: San Vicente de Pa\u00fal (1581-1660)\",\"datePublished\":\"2013-11-15T05:20:35+00:00\",\"dateModified\":\"2016-07-26T15:23:12+00:00\",\"mainEntityOfPage\":{\"@id\":\"http:\/\/vincentians.com\/es\/un-enamorado-de-los-pobres-san-vicente-de-paul-1581-1660\/\"},\"wordCount\":3098,\"commentCount\":0,\"publisher\":{\"@id\":\"http:\/\/vincentians.com\/es\/#organization\"},\"image\":{\"@id\":\"http:\/\/vincentians.com\/es\/un-enamorado-de-los-pobres-san-vicente-de-paul-1581-1660\/#primaryimage\"},\"thumbnailUrl\":\"\",\"keywords\":[\"Berulle\",\"Bons Enfants\",\"Chatillon\",\"Du Fresne\",\"Ecouis\",\"Gondi\",\"San L\u00e1zaro\",\"San Leonardo\",\"Tarbes\",\"T\u00fanez\",\"Urbano VIII\"],\"articleSection\":[\"Vicente de Pa\u00fal\"],\"inLanguage\":\"es\",\"potentialAction\":[{\"@type\":\"CommentAction\",\"name\":\"Comment\",\"target\":[\"http:\/\/vincentians.com\/es\/un-enamorado-de-los-pobres-san-vicente-de-paul-1581-1660\/#respond\"]}]},{\"@type\":\"WebPage\",\"@id\":\"http:\/\/vincentians.com\/es\/un-enamorado-de-los-pobres-san-vicente-de-paul-1581-1660\/\",\"url\":\"http:\/\/vincentians.com\/es\/un-enamorado-de-los-pobres-san-vicente-de-paul-1581-1660\/\",\"name\":\"Un enamorado de los pobres: San Vicente de Pa\u00fal (1581-1660) - Somos Vicencianos\",\"isPartOf\":{\"@id\":\"http:\/\/vincentians.com\/es\/#website\"},\"primaryImageOfPage\":{\"@id\":\"http:\/\/vincentians.com\/es\/un-enamorado-de-los-pobres-san-vicente-de-paul-1581-1660\/#primaryimage\"},\"image\":{\"@id\":\"http:\/\/vincentians.com\/es\/un-enamorado-de-los-pobres-san-vicente-de-paul-1581-1660\/#primaryimage\"},\"thumbnailUrl\":\"\",\"datePublished\":\"2013-11-15T05:20:35+00:00\",\"dateModified\":\"2016-07-26T15:23:12+00:00\",\"breadcrumb\":{\"@id\":\"http:\/\/vincentians.com\/es\/un-enamorado-de-los-pobres-san-vicente-de-paul-1581-1660\/#breadcrumb\"},\"inLanguage\":\"es\",\"potentialAction\":[{\"@type\":\"ReadAction\",\"target\":[\"http:\/\/vincentians.com\/es\/un-enamorado-de-los-pobres-san-vicente-de-paul-1581-1660\/\"]}]},{\"@type\":\"ImageObject\",\"inLanguage\":\"es\",\"@id\":\"http:\/\/vincentians.com\/es\/un-enamorado-de-los-pobres-san-vicente-de-paul-1581-1660\/#primaryimage\",\"url\":\"\",\"contentUrl\":\"\"},{\"@type\":\"BreadcrumbList\",\"@id\":\"http:\/\/vincentians.com\/es\/un-enamorado-de-los-pobres-san-vicente-de-paul-1581-1660\/#breadcrumb\",\"itemListElement\":[{\"@type\":\"ListItem\",\"position\":1,\"name\":\"Portada\",\"item\":\"http:\/\/vincentians.com\/es\/\"},{\"@type\":\"ListItem\",\"position\":2,\"name\":\"Un enamorado de los pobres: San Vicente de Pa\u00fal (1581-1660)\"}]},{\"@type\":\"WebSite\",\"@id\":\"http:\/\/vincentians.com\/es\/#website\",\"url\":\"http:\/\/vincentians.com\/es\/\",\"name\":\"Somos Vicencianos\",\"description\":\"Know more to serve more\",\"publisher\":{\"@id\":\"http:\/\/vincentians.com\/es\/#organization\"},\"potentialAction\":[{\"@type\":\"SearchAction\",\"target\":{\"@type\":\"EntryPoint\",\"urlTemplate\":\"http:\/\/vincentians.com\/es\/?s={search_term_string}\"},\"query-input\":{\"@type\":\"PropertyValueSpecification\",\"valueRequired\":true,\"valueName\":\"search_term_string\"}}],\"inLanguage\":\"es\"},{\"@type\":\"Organization\",\"@id\":\"http:\/\/vincentians.com\/es\/#organization\",\"name\":\"The Vincentian Network\",\"url\":\"http:\/\/vincentians.com\/es\/\",\"logo\":{\"@type\":\"ImageObject\",\"inLanguage\":\"es\",\"@id\":\"http:\/\/vincentians.com\/es\/#\/schema\/logo\/image\/\",\"url\":\"https:\/\/i1.wp.com\/vincentians.com\/es\/wp-content\/uploads\/sites\/11\/2016\/06\/Vincentian-Network-logo-big.png?fit=778%2C778\",\"contentUrl\":\"https:\/\/i1.wp.com\/vincentians.com\/es\/wp-content\/uploads\/sites\/11\/2016\/06\/Vincentian-Network-logo-big.png?fit=778%2C778\",\"width\":778,\"height\":778,\"caption\":\"The Vincentian Network\"},\"image\":{\"@id\":\"http:\/\/vincentians.com\/es\/#\/schema\/logo\/image\/\"},\"sameAs\":[\"https:\/\/www.facebook.com\/WeAreVincentians\/\",\"https:\/\/x.com\/WeVincentians\"]},{\"@type\":\"Person\",\"@id\":\"http:\/\/vincentians.com\/es\/#\/schema\/person\/9623ef4d9aa3b2dfb8c061f1499288f2\",\"name\":\"Francisco Javier Fern\u00e1ndez Chento\",\"image\":{\"@type\":\"ImageObject\",\"inLanguage\":\"es\",\"@id\":\"http:\/\/vincentians.com\/es\/#\/schema\/person\/image\/\",\"url\":\"https:\/\/secure.gravatar.com\/avatar\/497d5cde87b4c3d097d0315953521681ba2cd523ee66e5077c3711f7021e65de?s=96&d=mm&r=g\",\"contentUrl\":\"https:\/\/secure.gravatar.com\/avatar\/497d5cde87b4c3d097d0315953521681ba2cd523ee66e5077c3711f7021e65de?s=96&d=mm&r=g\",\"caption\":\"Francisco Javier Fern\u00e1ndez Chento\"},\"description\":\"Director General y cofundador de La Red de Formaci\u00f3n Vicenciana. Javier es laico vicenciano, afiliado a la Congregaci\u00f3n de la Misi\u00f3n y miembro del Equipo de Misiones Populares de la provincia can\u00f3nica de Zaragoza (Espa\u00f1a) de la Congregaci\u00f3n de la Misi\u00f3n. Graduado en la Universidad Oberta de Catalunya con cuatro grados (Asistente de direcci\u00f3n, Gesti\u00f3n Administrativa, Recursos Humanos y Contabilidad Avanzada). Bil\u00edng\u00fce Espa\u00f1ol\/Ingl\u00e9s. gestiona y mantiene varias p\u00e1ginas web cristianas y vicencianas, incluida including La Red de Formaci\u00f3n Vicenciana, de la que es cofundador. Actualmente es responsable del \u00e1rea de Espa\u00f1ol de .famvin, la Red de Noticias de la Familia Vicenciana. Tambi\u00e9n es m\u00fasico cat\u00f3lico y ha editado varios discos. Es Director General y cofundador de Trovador, una reconocida compa\u00f1\u00eda discogr\u00e1fica critiana de Espa\u00f1a. Trabaja en las Tecnolog\u00edas de la Informaci\u00f3n, ofreciendo servicios de alojamiento, dise\u00f1o y mantenimiento Web, as\u00ed como asesoramiento, formaci\u00f3n y soluciones inform\u00e1ticas, gesti\u00f3n documental y digitalizaci\u00f3n de textos, edici\u00f3n y maquetaci\u00f3n de libros, revistas, flyers, etc.\",\"sameAs\":[\"http:\/\/chento.org\",\"https:\/\/www.facebook.com\/JavierChento\",\"https:\/\/x.com\/https:\/\/twitter.com\/javierchento\"],\"url\":\"http:\/\/vincentians.com\/es\/author\/chento\/\"}]}<\/script>\n<!-- \/ Yoast SEO plugin. -->","yoast_head_json":{"title":"Un enamorado de los pobres: San Vicente de Pa\u00fal (1581-1660) - Somos Vicencianos","robots":{"index":"index","follow":"follow","max-snippet":"max-snippet:-1","max-image-preview":"max-image-preview:large","max-video-preview":"max-video-preview:-1"},"canonical":"http:\/\/vincentians.com\/es\/un-enamorado-de-los-pobres-san-vicente-de-paul-1581-1660\/","og_locale":"es_ES","og_type":"article","og_title":"Un enamorado de los pobres: San Vicente de Pa\u00fal (1581-1660) - Somos Vicencianos","og_description":"Fundador de la Congregaci\u00f3n de la Misi\u00f3n (Misioneros Pa\u00fales) en 1625 y de las Hijas de la Caridad en 1633 Pocos hombres en la Historia y pocos corazones en el mundo han tenido el amor ... Read More","og_url":"http:\/\/vincentians.com\/es\/un-enamorado-de-los-pobres-san-vicente-de-paul-1581-1660\/","og_site_name":"Somos Vicencianos","article_publisher":"https:\/\/www.facebook.com\/WeAreVincentians\/","article_author":"https:\/\/www.facebook.com\/JavierChento","article_published_time":"2013-11-15T05:20:35+00:00","article_modified_time":"2016-07-26T15:23:12+00:00","author":"Francisco Javier Fern\u00e1ndez Chento","twitter_card":"summary_large_image","twitter_creator":"@https:\/\/twitter.com\/javierchento","twitter_site":"@WeVincentians","twitter_misc":{"Escrito por":"Francisco Javier Fern\u00e1ndez Chento","Tiempo de lectura":"15 minutos"},"schema":{"@context":"https:\/\/schema.org","@graph":[{"@type":"Article","@id":"http:\/\/vincentians.com\/es\/un-enamorado-de-los-pobres-san-vicente-de-paul-1581-1660\/#article","isPartOf":{"@id":"http:\/\/vincentians.com\/es\/un-enamorado-de-los-pobres-san-vicente-de-paul-1581-1660\/"},"author":{"name":"Francisco Javier Fern\u00e1ndez Chento","@id":"http:\/\/vincentians.com\/es\/#\/schema\/person\/9623ef4d9aa3b2dfb8c061f1499288f2"},"headline":"Un enamorado de los pobres: San Vicente de Pa\u00fal (1581-1660)","datePublished":"2013-11-15T05:20:35+00:00","dateModified":"2016-07-26T15:23:12+00:00","mainEntityOfPage":{"@id":"http:\/\/vincentians.com\/es\/un-enamorado-de-los-pobres-san-vicente-de-paul-1581-1660\/"},"wordCount":3098,"commentCount":0,"publisher":{"@id":"http:\/\/vincentians.com\/es\/#organization"},"image":{"@id":"http:\/\/vincentians.com\/es\/un-enamorado-de-los-pobres-san-vicente-de-paul-1581-1660\/#primaryimage"},"thumbnailUrl":"","keywords":["Berulle","Bons Enfants","Chatillon","Du Fresne","Ecouis","Gondi","San L\u00e1zaro","San Leonardo","Tarbes","T\u00fanez","Urbano VIII"],"articleSection":["Vicente de Pa\u00fal"],"inLanguage":"es","potentialAction":[{"@type":"CommentAction","name":"Comment","target":["http:\/\/vincentians.com\/es\/un-enamorado-de-los-pobres-san-vicente-de-paul-1581-1660\/#respond"]}]},{"@type":"WebPage","@id":"http:\/\/vincentians.com\/es\/un-enamorado-de-los-pobres-san-vicente-de-paul-1581-1660\/","url":"http:\/\/vincentians.com\/es\/un-enamorado-de-los-pobres-san-vicente-de-paul-1581-1660\/","name":"Un enamorado de los pobres: San Vicente de Pa\u00fal (1581-1660) - Somos Vicencianos","isPartOf":{"@id":"http:\/\/vincentians.com\/es\/#website"},"primaryImageOfPage":{"@id":"http:\/\/vincentians.com\/es\/un-enamorado-de-los-pobres-san-vicente-de-paul-1581-1660\/#primaryimage"},"image":{"@id":"http:\/\/vincentians.com\/es\/un-enamorado-de-los-pobres-san-vicente-de-paul-1581-1660\/#primaryimage"},"thumbnailUrl":"","datePublished":"2013-11-15T05:20:35+00:00","dateModified":"2016-07-26T15:23:12+00:00","breadcrumb":{"@id":"http:\/\/vincentians.com\/es\/un-enamorado-de-los-pobres-san-vicente-de-paul-1581-1660\/#breadcrumb"},"inLanguage":"es","potentialAction":[{"@type":"ReadAction","target":["http:\/\/vincentians.com\/es\/un-enamorado-de-los-pobres-san-vicente-de-paul-1581-1660\/"]}]},{"@type":"ImageObject","inLanguage":"es","@id":"http:\/\/vincentians.com\/es\/un-enamorado-de-los-pobres-san-vicente-de-paul-1581-1660\/#primaryimage","url":"","contentUrl":""},{"@type":"BreadcrumbList","@id":"http:\/\/vincentians.com\/es\/un-enamorado-de-los-pobres-san-vicente-de-paul-1581-1660\/#breadcrumb","itemListElement":[{"@type":"ListItem","position":1,"name":"Portada","item":"http:\/\/vincentians.com\/es\/"},{"@type":"ListItem","position":2,"name":"Un enamorado de los pobres: San Vicente de Pa\u00fal (1581-1660)"}]},{"@type":"WebSite","@id":"http:\/\/vincentians.com\/es\/#website","url":"http:\/\/vincentians.com\/es\/","name":"Somos Vicencianos","description":"Know more to serve more","publisher":{"@id":"http:\/\/vincentians.com\/es\/#organization"},"potentialAction":[{"@type":"SearchAction","target":{"@type":"EntryPoint","urlTemplate":"http:\/\/vincentians.com\/es\/?s={search_term_string}"},"query-input":{"@type":"PropertyValueSpecification","valueRequired":true,"valueName":"search_term_string"}}],"inLanguage":"es"},{"@type":"Organization","@id":"http:\/\/vincentians.com\/es\/#organization","name":"The Vincentian Network","url":"http:\/\/vincentians.com\/es\/","logo":{"@type":"ImageObject","inLanguage":"es","@id":"http:\/\/vincentians.com\/es\/#\/schema\/logo\/image\/","url":"https:\/\/i1.wp.com\/vincentians.com\/es\/wp-content\/uploads\/sites\/11\/2016\/06\/Vincentian-Network-logo-big.png?fit=778%2C778","contentUrl":"https:\/\/i1.wp.com\/vincentians.com\/es\/wp-content\/uploads\/sites\/11\/2016\/06\/Vincentian-Network-logo-big.png?fit=778%2C778","width":778,"height":778,"caption":"The Vincentian Network"},"image":{"@id":"http:\/\/vincentians.com\/es\/#\/schema\/logo\/image\/"},"sameAs":["https:\/\/www.facebook.com\/WeAreVincentians\/","https:\/\/x.com\/WeVincentians"]},{"@type":"Person","@id":"http:\/\/vincentians.com\/es\/#\/schema\/person\/9623ef4d9aa3b2dfb8c061f1499288f2","name":"Francisco Javier Fern\u00e1ndez Chento","image":{"@type":"ImageObject","inLanguage":"es","@id":"http:\/\/vincentians.com\/es\/#\/schema\/person\/image\/","url":"https:\/\/secure.gravatar.com\/avatar\/497d5cde87b4c3d097d0315953521681ba2cd523ee66e5077c3711f7021e65de?s=96&d=mm&r=g","contentUrl":"https:\/\/secure.gravatar.com\/avatar\/497d5cde87b4c3d097d0315953521681ba2cd523ee66e5077c3711f7021e65de?s=96&d=mm&r=g","caption":"Francisco Javier Fern\u00e1ndez Chento"},"description":"Director General y cofundador de La Red de Formaci\u00f3n Vicenciana. Javier es laico vicenciano, afiliado a la Congregaci\u00f3n de la Misi\u00f3n y miembro del Equipo de Misiones Populares de la provincia can\u00f3nica de Zaragoza (Espa\u00f1a) de la Congregaci\u00f3n de la Misi\u00f3n. Graduado en la Universidad Oberta de Catalunya con cuatro grados (Asistente de direcci\u00f3n, Gesti\u00f3n Administrativa, Recursos Humanos y Contabilidad Avanzada). Bil\u00edng\u00fce Espa\u00f1ol\/Ingl\u00e9s. gestiona y mantiene varias p\u00e1ginas web cristianas y vicencianas, incluida including La Red de Formaci\u00f3n Vicenciana, de la que es cofundador. Actualmente es responsable del \u00e1rea de Espa\u00f1ol de .famvin, la Red de Noticias de la Familia Vicenciana. Tambi\u00e9n es m\u00fasico cat\u00f3lico y ha editado varios discos. Es Director General y cofundador de Trovador, una reconocida compa\u00f1\u00eda discogr\u00e1fica critiana de Espa\u00f1a. Trabaja en las Tecnolog\u00edas de la Informaci\u00f3n, ofreciendo servicios de alojamiento, dise\u00f1o y mantenimiento Web, as\u00ed como asesoramiento, formaci\u00f3n y soluciones inform\u00e1ticas, gesti\u00f3n documental y digitalizaci\u00f3n de textos, edici\u00f3n y maquetaci\u00f3n de libros, revistas, flyers, etc.","sameAs":["http:\/\/chento.org","https:\/\/www.facebook.com\/JavierChento","https:\/\/x.com\/https:\/\/twitter.com\/javierchento"],"url":"http:\/\/vincentians.com\/es\/author\/chento\/"}]}},"jetpack_publicize_connections":[],"jetpack_featured_media_url":"","jetpack_sharing_enabled":true,"jetpack_shortlink":"https:\/\/wp.me\/p7ETMF-wAH","jetpack-related-posts":[{"id":101413,"url":"http:\/\/vincentians.com\/es\/vida-del-senor-vicente-de-paul-panegirico\/","url_meta":{"origin":125283,"position":0},"title":"Vida del Se\u00f1or Vicente de Pa\u00fal: Paneg\u00edrico","author":"Francisco Javier Fern\u00e1ndez Chento","date":"10\/05\/2015","format":false,"excerpt":"Paneg\u00edrico El cuerpo, mediano de estatura para la \u00e9poca, alrededor de un metro sesenta y cuatro cent\u00edmetros, encontr\u00f3 suficiente acomodo en la caja de plomo. El cuerpo, pero nada m\u00e1s. No pod\u00eda caber tampoco en una placa de cobre la descripci\u00f3n de una vida como la de aquel hombre. Por\u2026","rel":"","context":"En \u00abVicente de Pa\u00fal\u00bb","block_context":{"text":"Vicente de Pa\u00fal","link":"http:\/\/vincentians.com\/es\/category\/la-familia-vicenciana\/fundadores\/vicente-de-paul\/"},"img":{"alt_text":"sanvibiblia","src":"https:\/\/i0.wp.com\/vicencianos.org\/wp-content\/2012\/08\/sanvibiblia-300x300.png?resize=350%2C200","width":350,"height":200},"classes":[]},{"id":117335,"url":"http:\/\/vincentians.com\/es\/evangelizar-siguiendo-a-san-vicente\/","url_meta":{"origin":125283,"position":1},"title":"Evangelizar siguiendo a san Vicente","author":"Francisco Javier Fern\u00e1ndez Chento","date":"14\/11\/2018","format":false,"excerpt":"Una de las opciones en Misiones Populares, tal y como lo hacemos los vicencianos, es el trabajo en equipo, que se compone de Consagrados (Pa\u00fales, Hijas de la Caridad, sacerdotes diocesanos\u2026) y Seglares Vicencianos. No lo hacemos as\u00ed por \"moda\", sino que es una de las urgencias en nuestra sociedad\u2026","rel":"","context":"En \u00abFormaci\u00f3n Vicenciana\u00bb","block_context":{"text":"Formaci\u00f3n Vicenciana","link":"http:\/\/vincentians.com\/es\/category\/formacion-vicenciana\/"},"img":{"alt_text":"","src":"https:\/\/i0.wp.com\/vincentians.com\/es\/wp-content\/uploads\/sites\/11\/2016\/09\/sencillos-como-palomas.jpg?fit=1200%2C630&resize=350%2C200","width":350,"height":200,"srcset":"https:\/\/i0.wp.com\/vincentians.com\/es\/wp-content\/uploads\/sites\/11\/2016\/09\/sencillos-como-palomas.jpg?fit=1200%2C630&resize=350%2C200 1x, https:\/\/i0.wp.com\/vincentians.com\/es\/wp-content\/uploads\/sites\/11\/2016\/09\/sencillos-como-palomas.jpg?fit=1200%2C630&resize=525%2C300 1.5x, https:\/\/i0.wp.com\/vincentians.com\/es\/wp-content\/uploads\/sites\/11\/2016\/09\/sencillos-como-palomas.jpg?fit=1200%2C630&resize=700%2C400 2x, https:\/\/i0.wp.com\/vincentians.com\/es\/wp-content\/uploads\/sites\/11\/2016\/09\/sencillos-como-palomas.jpg?fit=1200%2C630&resize=1050%2C600 3x"},"classes":[]},{"id":399448,"url":"http:\/\/vincentians.com\/es\/vicente-paul-carta-1374-edmundo-deschamps-sacerdote-la-mision-san-vicente\/","url_meta":{"origin":125283,"position":2},"title":"Vicente de Pa\u00fal, Carta 1374: Edmundo Deschamps, Sacerdote de la Misi\u00f3n, a San Vicente","author":"Francisco Javier Fern\u00e1ndez Chento","date":"30\/01\/2017","format":false,"excerpt":"[Diciembre de 1650 o enero de 1651] Hoy hemos cumplido al pie de la letra aquello que dec\u00eda Jesucristo en el euangelio, que hab\u00eda que amar y hacer el bien a los enemigos, procurando enterrar a los que hab\u00edan arrebatado los bienes y causado la ruina de nuestros pobres habitantes,\u2026","rel":"","context":"En \u00abEscritos de Vicente de Pa\u00fal\u00bb","block_context":{"text":"Escritos de Vicente de Pa\u00fal","link":"http:\/\/vincentians.com\/es\/category\/escritos\/escritos-de-vicente-de-paul\/"},"img":{"alt_text":"","src":"https:\/\/i0.wp.com\/vincentians.com\/es\/wp-content\/uploads\/sites\/11\/2016\/07\/escritos-vicente-de-paul.jpg?fit=1200%2C630&resize=350%2C200","width":350,"height":200,"srcset":"https:\/\/i0.wp.com\/vincentians.com\/es\/wp-content\/uploads\/sites\/11\/2016\/07\/escritos-vicente-de-paul.jpg?fit=1200%2C630&resize=350%2C200 1x, https:\/\/i0.wp.com\/vincentians.com\/es\/wp-content\/uploads\/sites\/11\/2016\/07\/escritos-vicente-de-paul.jpg?fit=1200%2C630&resize=525%2C300 1.5x, https:\/\/i0.wp.com\/vincentians.com\/es\/wp-content\/uploads\/sites\/11\/2016\/07\/escritos-vicente-de-paul.jpg?fit=1200%2C630&resize=700%2C400 2x, https:\/\/i0.wp.com\/vincentians.com\/es\/wp-content\/uploads\/sites\/11\/2016\/07\/escritos-vicente-de-paul.jpg?fit=1200%2C630&resize=1050%2C600 3x"},"classes":[]},{"id":130261,"url":"http:\/\/vincentians.com\/es\/un-perfil-heroico-santa-luisa-de-marillac-07\/","url_meta":{"origin":125283,"position":3},"title":"Un perfil heroico: santa Luisa de Marillac (07)","author":"Francisco Javier Fern\u00e1ndez Chento","date":"01\/03\/2015","format":false,"excerpt":"BIENAVENTURADO aquel que piensa en el necesitado y en el pobre: el Se\u00f1or le librar\u00e1 en el d\u00eda aciago. (Salmo XL.) DURANTE el ejercicio de su curato en Chatillon-les-Dombes San Vicente de Pa\u00fal, celoso del bien de sus feligreses, tuvo noticia de la miseria en que se hallaba una familia\u2026","rel":"","context":"En \u00abLuisa de Marillac\u00bb","block_context":{"text":"Luisa de Marillac","link":"http:\/\/vincentians.com\/es\/category\/la-familia-vicenciana\/fundadores\/luisa-de-marillac\/"},"img":{"alt_text":"OLYMPUS DIGITAL CAMERA","src":"https:\/\/i0.wp.com\/vicencianos.org\/wp-content\/2014\/04\/louise-marillac-300x248.jpg?resize=350%2C200","width":350,"height":200},"classes":[]},{"id":116700,"url":"http:\/\/vincentians.com\/es\/caridad-en-san-vicente-de-paul\/","url_meta":{"origin":125283,"position":4},"title":"Caridad en San Vicente de Pa\u00fal","author":"Francisco Javier Fern\u00e1ndez Chento","date":"26\/10\/2018","format":false,"excerpt":"Introducci\u00f3n Hablar de la caridad en Vicente de Pa\u00fal en esta semana de Estudios Vicencianos significa hacer una \"relectura\" de la misma. Esta relectura implica no una simple exposici\u00f3n de lo que dijo e hizo Vicente de Pa\u00fal referente a la caridad, sino un volver a leer su ense\u00f1anza y\u2026","rel":"","context":"En \u00abFormaci\u00f3n Vicenciana\u00bb","block_context":{"text":"Formaci\u00f3n Vicenciana","link":"http:\/\/vincentians.com\/es\/category\/formacion-vicenciana\/"},"img":{"alt_text":"","src":"https:\/\/i0.wp.com\/vincentians.com\/es\/wp-content\/uploads\/sites\/11\/2017\/07\/San-Vicente-7.jpg?fit=600%2C416&resize=350%2C200","width":350,"height":200,"srcset":"https:\/\/i0.wp.com\/vincentians.com\/es\/wp-content\/uploads\/sites\/11\/2017\/07\/San-Vicente-7.jpg?fit=600%2C416&resize=350%2C200 1x, https:\/\/i0.wp.com\/vincentians.com\/es\/wp-content\/uploads\/sites\/11\/2017\/07\/San-Vicente-7.jpg?fit=600%2C416&resize=525%2C300 1.5x"},"classes":[]},{"id":116634,"url":"http:\/\/vincentians.com\/es\/vicente-de-paul-carta-1040-luisa-de-marillac-a-san-vicente\/","url_meta":{"origin":125283,"position":5},"title":"Vicente de Pa\u00fal, Carta 1040: Luisa de Marillac a San Vicente","author":"Francisco Javier Fern\u00e1ndez Chento","date":"31\/12\/2012","format":false,"excerpt":"19 octubre [1647] Padre: Siento mucho que no le comunicaran que, gracias a Dios, me encontraba mejor que cuando me dej\u00f3 usted y que sigo cada d\u00eda mejor; por ello pude ir a misa el d\u00eda de san Lucas. Las se\u00f1oras de Herse, Traversay, de St.-Mand\u00e9 y Viola se reunieron\u2026","rel":"","context":"En \u00abEscritos de Vicente de Pa\u00fal\u00bb","block_context":{"text":"Escritos de Vicente de Pa\u00fal","link":"http:\/\/vincentians.com\/es\/category\/escritos\/escritos-de-vicente-de-paul\/"},"img":{"alt_text":"","src":"https:\/\/i0.wp.com\/vincentians.com\/es\/wp-content\/uploads\/sites\/11\/2016\/07\/escritos-vicente-de-paul.jpg?fit=1200%2C630&resize=350%2C200","width":350,"height":200,"srcset":"https:\/\/i0.wp.com\/vincentians.com\/es\/wp-content\/uploads\/sites\/11\/2016\/07\/escritos-vicente-de-paul.jpg?fit=1200%2C630&resize=350%2C200 1x, https:\/\/i0.wp.com\/vincentians.com\/es\/wp-content\/uploads\/sites\/11\/2016\/07\/escritos-vicente-de-paul.jpg?fit=1200%2C630&resize=525%2C300 1.5x, https:\/\/i0.wp.com\/vincentians.com\/es\/wp-content\/uploads\/sites\/11\/2016\/07\/escritos-vicente-de-paul.jpg?fit=1200%2C630&resize=700%2C400 2x, https:\/\/i0.wp.com\/vincentians.com\/es\/wp-content\/uploads\/sites\/11\/2016\/07\/escritos-vicente-de-paul.jpg?fit=1200%2C630&resize=1050%2C600 3x"},"classes":[]}],"_links":{"self":[{"href":"http:\/\/vincentians.com\/es\/wp-json\/wp\/v2\/posts\/125283","targetHints":{"allow":["GET"]}}],"collection":[{"href":"http:\/\/vincentians.com\/es\/wp-json\/wp\/v2\/posts"}],"about":[{"href":"http:\/\/vincentians.com\/es\/wp-json\/wp\/v2\/types\/post"}],"author":[{"embeddable":true,"href":"http:\/\/vincentians.com\/es\/wp-json\/wp\/v2\/users\/4"}],"replies":[{"embeddable":true,"href":"http:\/\/vincentians.com\/es\/wp-json\/wp\/v2\/comments?post=125283"}],"version-history":[{"count":0,"href":"http:\/\/vincentians.com\/es\/wp-json\/wp\/v2\/posts\/125283\/revisions"}],"wp:featuredmedia":[{"embeddable":true,"href":"http:\/\/vincentians.com\/es\/wp-json\/"}],"wp:attachment":[{"href":"http:\/\/vincentians.com\/es\/wp-json\/wp\/v2\/media?parent=125283"}],"wp:term":[{"taxonomy":"category","embeddable":true,"href":"http:\/\/vincentians.com\/es\/wp-json\/wp\/v2\/categories?post=125283"},{"taxonomy":"post_tag","embeddable":true,"href":"http:\/\/vincentians.com\/es\/wp-json\/wp\/v2\/tags?post=125283"}],"curies":[{"name":"wp","href":"https:\/\/api.w.org\/{rel}","templated":true}]}}