{"id":125210,"date":"2016-11-16T05:00:18","date_gmt":"2016-11-16T04:00:18","guid":{"rendered":"http:\/\/somos.vicencianos.org\/?p=125210"},"modified":"2016-07-26T09:55:06","modified_gmt":"2016-07-26T07:55:06","slug":"agustina-livia-pietrantoni-1864-1894","status":"publish","type":"post","link":"http:\/\/vincentians.com\/es\/agustina-livia-pietrantoni-1864-1894\/","title":{"rendered":"Agustina Livia Pietrantoni (1864-1894)"},"content":{"rendered":"<h2 align=\"left\"><i><b>Una tierra&#8230; una familia<\/b><\/i><\/h2>\n<p align=\"left\">\u00abExist\u00eda una vez y sigue existiendo todav\u00eda, con una imagen nueva, un pueblo llamado Pozzaglia, en las colinas de Sabina&#8230; y hab\u00eda una casa bendecida, nido lleno de voces infantiles, entre las cuales la de Oliva, llamada m\u00e1s tarde Livia, y quien se llamar\u00e1 en la Vida Religiosa hermana Agustina&#8230; \u00ab.<br \/>\nLa vida muy breve de la hermana Agustina, empieza y se desarrolla as\u00ed: \u00absimple, l\u00edmpida, pura, amante&#8230; pero al final&#8230; dolorosa y tr\u00e1gica&#8230; o mejor&#8230; simb\u00f3lica\u00bb. Vida que inspir\u00f3 a Pablo VI, el Papa que la Beatific\u00f3, palabras de extraodinaria poes\u00eda, para narrar el transcurso de su vida.<\/p>\n<p align=\"left\">27 de marzo de 1864. Es en el peque\u00f1o pueblo de Pozzaglia a 800 metros de altitud en la linda zona geogr\u00e1fica que se extiende entre Rieti, Orvinio, Tivoli donde nace y es bautizada Livia; \u00a1la segunda de once hermanos! Sus padres, Francisco Pietrantoni y Catalina Costantini, peque\u00f1os agricultores trabajan sus tierras y otras alquiladas. La infancia y la juventud de Livia respiran los valores de la famiglia honesta, trabajadora, religiosa y en la casa bendecida \u00abtodos estaban pendientes de hacer el bien y de rezar a menudo&#8230;\u00bb. Este per\u00edodo est\u00e1 marcado todo por la sabidur\u00eda del abuelo Domingo un verdadero \u00edcono patriarcal.<\/p>\n<p align=\"left\">A los 4 a\u00f1os, Livia recibe el sacramento de la Confirmaci\u00f3n y alrededor de 1876 hace su Primera Comuni\u00f3n, con un conocimiento ciertamente extraordinario si la juzgamos por lo que fue su posterior vida de oraci\u00f3n, generosidad y donaci\u00f3n. Muy pronto, en la gran famiglia, donde todos parec\u00edan tener derecho a su tiempo y a su ayuda, aprende de su mam\u00e1 Catalina las atenciones y los gestos maternales que emplea con dulzura a la vista de sus numerosos peque\u00f1os hermanos. Trabaja en los campos y cuida los animales, no conoce ni los juegos ni el colegio, al que ella va de una forma muy irregular, pero del que consigue obtener un provecho extraordinario, hasta el punto de merecer de sus compa\u00f1eras el t\u00edtulo de \u00abprofesora\u00bb.<\/p>\n<h2 align=\"left\"><i><b>Trabajo&#8230; orgullo<\/b><\/i><\/h2>\n<p align=\"left\">A los 7 a\u00f1os y con otros ni\u00f1os empieza a trabajar, transportando miles de baldes de piedra y arena para la construcci\u00f3n de la ruta que va de Orvinio a Poggio Moiano. A los doce a\u00f1os, se va con otras j\u00f3venes jornaleras que se dirigen a Tivoli, durante los meses del invierno para la recolecci\u00f3n de aceitunas. Precozmente sabia. Livia asume la responsabilidad moral y religiosa de sus j\u00f3venes compa\u00f1eras, las sostiene en ese rudo trabajo, lejos de la familia y se enfrenta con fuerza y coraje a los \u00abjefes\u00bb arrogantes y sin escr\u00fapulos.<\/p>\n<h2 align=\"left\"><i><b>Vocaci\u00f3n y desprendimiento<\/b><\/i><\/h2>\n<p align=\"left\">Livia es una joven agradable por su sabidur\u00eda, su sentido de ayuda al pr\u00f3jimo, su generosidad, su belleza&#8230; y varios j\u00f3venes en el pueblo tienen puestos los ojos en ella. Sus miradas de admiraci\u00f3n no pasan desapercibidas a su mam\u00e1 Catalina que sue\u00f1a con un buen partido para su hija. Pero, \u00bfqu\u00e9 piensa Livia? \u00bfQu\u00e9 secreto guarda? \u00bfPor qu\u00e9 no elije? \u00bf Por qu\u00e9 no se decide? \u00abLivia&#8230; extremadamente audaz por la voz que le habla interiormente, la voz de su vocaci\u00f3n, cede: Cristo ser\u00e1 su amor, Cristo, su Esposo\u00bb. Su b\u00fasqueda se orienta hacia una vida de sacrificio; a qui\u00e9n, en su familia o en el pueblo, quiere hacerla cambiar de opini\u00f3n, defini\u00e9ndola como un escape de la fatiga, Livia responde \u00abquiero elegir una Congregaci\u00f3n donde haya trabajo para el d\u00eda y la noche\u00bb y todos est\u00e1n seguros de la autenticidad de estas palabras. En un primer viaje a Roma, acompa\u00f1ada por su t\u00edo Fray Mateo, vive una desilusi\u00f3n dolorosa: han rechazado acogerla.<\/p>\n<p align=\"left\">Algunos meses despu\u00e9s, por tanto, la Superiora General de las Hermanas de la Caridad de Santa Juana Antida Thouret, Madre Josefina Boquien, le hace saber que la espera en la Casa General, calle Santa Mar\u00eda in Cosmedin. Livia comprende que esta vez el adi\u00f3s es definitivo. Con emoci\u00f3n, se despide de todos los habitantes del pueblo, de todos los rincones de su pueblo, sus lugares de oraci\u00f3n: la Parroquia, la Virgen de la Rifolta; abraza a sus familiares, recibe de rodillas la benedici\u00f3n del abuelo Domingo, \u00abbesa la puerta de su casa, hace el signo de la Cruz y se va corriendo\u00bb.<\/p>\n<h2 align=\"left\"><i><b>Formaci\u00f3n y servicio<\/b><\/i><\/h2>\n<p align=\"left\">23 marzo de 1886. Livia ten\u00eda 22 a\u00f1os, cuando se fue a Roma, v\u00eda S. Maria in Cosmedin. Algunos meses de postulantado y de noviciado son sufficientes para mostrar que la joven tiene la pasta de una hermana de la Caridad, es decir de una \u00absierva de los pobres\u00bb seg\u00fan la tradici\u00f3n de S. Vicente de Pa\u00fal y de Santa Juana Antida. Livia, in efecto, lleva al convento un potencial humano heredado de su familia particularmente s\u00f3lido y que ofrece garant\u00eda. En ella la mujer y la religiosa est\u00e1n en perfecta armon\u00eda. Cuando toma el h\u00e1bito religioso y se le da el nombre de hermana Agustina tiene el presentimiento que ser\u00e1 ella quien encarne una santa con ese nombre: efectivamente no conoce ninguna santa Agustina.<\/p>\n<p align=\"left\">Enviada al hospital Esp\u00edritu Santo, que tiene 700 a\u00f1os de gloriosa historia y definido como \u00abel gimnasio de la caridad cristiana\u00bb, tras las huellas de los santos que la han precedido, entre los cuales se encuentran Carlos Borromeo, Jos\u00e9 de Calasanz, Ju\u00e1n Bosco, Camilo de Lelis&#8230; la hermana Agustina aporta su contribuci\u00f3n personal y en este lugar de sufrimiento expresa su caridad hasta el hero\u00edsmo.<\/p>\n<h2 align=\"left\"><i><b>Silencio, oraci\u00f3n y bondad<\/b><\/i><\/h2>\n<p align=\"left\">El ambiente del hospital es hostil a la religi\u00f3n. La cuesti\u00f3n romana envenena los esp\u00edritus; los Padres Capuchinos son expulsados, se proh\u00edbe el crucifijo y cualquier otro signo religioso. Quisieran tambi\u00e9n alejar a las Hermanas, pero tienen miedo de la reacci\u00f3n de la gente: les hacen la vida \u00abimposible\u00bb y se les prohibe hablar de Dios; pero la hermana Agustina no tiene necesidad de su boca para \u00abproclamar a Dios\u00bb y ninguna mordaza puede impedirle anunciar el Evangelio. Primero en el cuidado de los ni\u00f1os, y despu\u00e9s de haberse contagiado mortalmente, de lo cual se recupera milagrosamente, en el cuidado de los tuberculosos, servicio de desesperaci\u00f3n y de muerte, expresa siempre una devoci\u00f3n total y una atenci\u00f3n extraordinaria a cada enfermo, sobre todo a los m\u00e1s dif\u00edciles, violentos y obscenos, como \u00abRomanelli\u00bb.<\/p>\n<p align=\"left\">En secreto, en el peque\u00f1o rinc\u00f3n oculto donde ha encontrado un sitio para que la Virgen Mar\u00eda siga en el hospital, ella le conf\u00eda a sus enfermos y le promete vigilias m\u00e1s numerosas, sacrificios m\u00e1s grandes, para obtener la gracia de la conversi\u00f3n de los m\u00e1s obstinados. \u00bfCu\u00e1ntas veces le ha presentado a Jos\u00e9 Romanelli? Es el peor de todos, el m\u00e1s vulgar y el m\u00e1s insolente sobre todo con la hermana Agustina, quien multiplica las atenciones con \u00e9l y que con gran bondad, acoge a su madre ciega cuando viene a visitarlo. De \u00e9l se puede esperar cualquier cosa, todos est\u00e1n hartos.<\/p>\n<p align=\"left\">Cuando despu\u00e9s de su en\u00e9sima bravuconer\u00eda hacia las mujeres en la lavander\u00eda, el Director lo expulsa del hospital, su rabia busca una v\u00edctima y la pobre Agustina es la elegida. \u00ab\u00a1Te matar\u00e9 con mis propias manos!\u00bb, \u00ab\u00a1Hermana Agustina, no tienes m\u00e1s de un mes de vida!\u00bb, son las amenazas que le hace llegar varias veces por medio de cartas.<\/p>\n<p align=\"left\">Romanelli no bromea, en efecto, y la hermana Agustina tampoco, no pone l\u00edmites a su generosidad por el Se\u00f1or&#8230; Est\u00e1 dispuesta a pagar con su propia vida el precio del amor, sin escapar, sin acusar. Cuando Romanelli la sorprende y la golpea cruelmente sin que ella pueda escapar, el 13 de noviembre de 1894, de sus labios no salen m\u00e1s que las invocaciones a la Virgen y las palabras de perd\u00f3n.<\/p>\n<p align=\"left\">\n<div class=\"x-embed x-is-unknown x-is-unknown\"><span class=\"embed-youtube\" style=\"text-align:center; display: block;\"><iframe loading=\"lazy\" class=\"youtube-player\" width=\"846\" height=\"476\" src=\"https:\/\/www.youtube.com\/embed\/4W-nwhsJOtQ?version=3&#038;rel=1&#038;showsearch=0&#038;showinfo=1&#038;iv_load_policy=1&#038;fs=1&#038;hl=es-ES&#038;autohide=2&#038;wmode=transparent\" allowfullscreen=\"true\" style=\"border:0;\" sandbox=\"allow-scripts allow-same-origin allow-popups allow-presentation allow-popups-to-escape-sandbox\"><\/iframe><\/span><\/div><\/p>\n","protected":false},"excerpt":{"rendered":"<p>Una tierra&#8230; una familia \u00abExist\u00eda una vez y sigue existiendo todav\u00eda, con una imagen nueva, un pueblo llamado Pozzaglia, en las colinas de Sabina&#8230; y hab\u00eda una casa bendecida, nido lleno de voces infantiles, entre &#8230; <a href=\"http:\/\/vincentians.com\/es\/agustina-livia-pietrantoni-1864-1894\/\" class=\"more-link\">Read More<\/a><\/p>\n","protected":false},"author":4,"featured_media":389846,"comment_status":"open","ping_status":"open","sticky":false,"template":"","format":"standard","meta":{"jetpack_post_was_ever_published":false,"_jetpack_newsletter_access":"","_jetpack_dont_email_post_to_subs":false,"_jetpack_newsletter_tier_id":0,"_jetpack_memberships_contains_paywalled_content":false,"_jetpack_memberships_contains_paid_content":false,"footnotes":"","jetpack_publicize_message":"","jetpack_publicize_feature_enabled":true,"jetpack_social_post_already_shared":true,"jetpack_social_options":{"image_generator_settings":{"template":"highway","default_image_id":0,"font":"","enabled":false},"version":2}},"categories":[63,347],"tags":[],"class_list":["post-125210","post","type-post","status-publish","format-standard","has-post-thumbnail","hentry","category-augustina-pietrantoni","category-hermanas-de-la-caridad-de-santa-juana-antida-thouret"],"yoast_head":"<!-- This site is optimized with the Yoast SEO plugin v26.3 - https:\/\/yoast.com\/wordpress\/plugins\/seo\/ -->\n<title>Agustina Livia Pietrantoni (1864-1894) - Somos Vicencianos<\/title>\n<meta name=\"robots\" content=\"index, follow, max-snippet:-1, max-image-preview:large, max-video-preview:-1\" \/>\n<link rel=\"canonical\" href=\"http:\/\/vincentians.com\/es\/agustina-livia-pietrantoni-1864-1894\/\" \/>\n<meta property=\"og:locale\" content=\"es_ES\" \/>\n<meta property=\"og:type\" content=\"article\" \/>\n<meta property=\"og:title\" content=\"Agustina Livia Pietrantoni (1864-1894) - Somos Vicencianos\" \/>\n<meta property=\"og:description\" content=\"Una tierra&#8230; una familia \u00abExist\u00eda una vez y sigue existiendo todav\u00eda, con una imagen nueva, un pueblo llamado Pozzaglia, en las colinas de Sabina&#8230; y hab\u00eda una casa bendecida, nido lleno de voces infantiles, entre ... Read More\" \/>\n<meta property=\"og:url\" content=\"http:\/\/vincentians.com\/es\/agustina-livia-pietrantoni-1864-1894\/\" \/>\n<meta property=\"og:site_name\" content=\"Somos Vicencianos\" \/>\n<meta property=\"article:publisher\" content=\"https:\/\/www.facebook.com\/WeAreVincentians\/\" \/>\n<meta property=\"article:author\" content=\"https:\/\/www.facebook.com\/JavierChento\" \/>\n<meta property=\"article:published_time\" content=\"2016-11-16T04:00:18+00:00\" \/>\n<meta property=\"og:image\" content=\"https:\/\/i0.wp.com\/vincentians.com\/es\/wp-content\/uploads\/sites\/11\/2013\/11\/agostina-pietrantoni.jpg?fit=1200%2C630\" \/>\n\t<meta property=\"og:image:width\" content=\"1200\" \/>\n\t<meta property=\"og:image:height\" content=\"630\" \/>\n\t<meta property=\"og:image:type\" content=\"image\/jpeg\" \/>\n<meta name=\"author\" content=\"Francisco Javier Fern\u00e1ndez Chento\" \/>\n<meta name=\"twitter:card\" content=\"summary_large_image\" \/>\n<meta name=\"twitter:creator\" content=\"@https:\/\/twitter.com\/javierchento\" \/>\n<meta name=\"twitter:site\" content=\"@WeVincentians\" \/>\n<meta name=\"twitter:label1\" content=\"Escrito por\" \/>\n\t<meta name=\"twitter:data1\" content=\"Francisco Javier Fern\u00e1ndez Chento\" \/>\n\t<meta name=\"twitter:label2\" content=\"Tiempo de lectura\" \/>\n\t<meta name=\"twitter:data2\" content=\"7 minutos\" \/>\n<script type=\"application\/ld+json\" class=\"yoast-schema-graph\">{\"@context\":\"https:\/\/schema.org\",\"@graph\":[{\"@type\":\"Article\",\"@id\":\"http:\/\/vincentians.com\/es\/agustina-livia-pietrantoni-1864-1894\/#article\",\"isPartOf\":{\"@id\":\"http:\/\/vincentians.com\/es\/agustina-livia-pietrantoni-1864-1894\/\"},\"author\":{\"name\":\"Francisco Javier Fern\u00e1ndez Chento\",\"@id\":\"http:\/\/vincentians.com\/es\/#\/schema\/person\/9623ef4d9aa3b2dfb8c061f1499288f2\"},\"headline\":\"Agustina Livia Pietrantoni (1864-1894)\",\"datePublished\":\"2016-11-16T04:00:18+00:00\",\"mainEntityOfPage\":{\"@id\":\"http:\/\/vincentians.com\/es\/agustina-livia-pietrantoni-1864-1894\/\"},\"wordCount\":1362,\"commentCount\":0,\"publisher\":{\"@id\":\"http:\/\/vincentians.com\/es\/#organization\"},\"image\":{\"@id\":\"http:\/\/vincentians.com\/es\/agustina-livia-pietrantoni-1864-1894\/#primaryimage\"},\"thumbnailUrl\":\"https:\/\/i0.wp.com\/vincentians.com\/es\/wp-content\/uploads\/sites\/11\/2013\/11\/agostina-pietrantoni.jpg?fit=1200%2C630\",\"articleSection\":[\"Augustina Pietrantoni\",\"Hermanas de la Caridad de Santa Juana Antida Thouret\"],\"inLanguage\":\"es\",\"potentialAction\":[{\"@type\":\"CommentAction\",\"name\":\"Comment\",\"target\":[\"http:\/\/vincentians.com\/es\/agustina-livia-pietrantoni-1864-1894\/#respond\"]}]},{\"@type\":\"WebPage\",\"@id\":\"http:\/\/vincentians.com\/es\/agustina-livia-pietrantoni-1864-1894\/\",\"url\":\"http:\/\/vincentians.com\/es\/agustina-livia-pietrantoni-1864-1894\/\",\"name\":\"Agustina Livia Pietrantoni (1864-1894) - Somos Vicencianos\",\"isPartOf\":{\"@id\":\"http:\/\/vincentians.com\/es\/#website\"},\"primaryImageOfPage\":{\"@id\":\"http:\/\/vincentians.com\/es\/agustina-livia-pietrantoni-1864-1894\/#primaryimage\"},\"image\":{\"@id\":\"http:\/\/vincentians.com\/es\/agustina-livia-pietrantoni-1864-1894\/#primaryimage\"},\"thumbnailUrl\":\"https:\/\/i0.wp.com\/vincentians.com\/es\/wp-content\/uploads\/sites\/11\/2013\/11\/agostina-pietrantoni.jpg?fit=1200%2C630\",\"datePublished\":\"2016-11-16T04:00:18+00:00\",\"breadcrumb\":{\"@id\":\"http:\/\/vincentians.com\/es\/agustina-livia-pietrantoni-1864-1894\/#breadcrumb\"},\"inLanguage\":\"es\",\"potentialAction\":[{\"@type\":\"ReadAction\",\"target\":[\"http:\/\/vincentians.com\/es\/agustina-livia-pietrantoni-1864-1894\/\"]}]},{\"@type\":\"ImageObject\",\"inLanguage\":\"es\",\"@id\":\"http:\/\/vincentians.com\/es\/agustina-livia-pietrantoni-1864-1894\/#primaryimage\",\"url\":\"https:\/\/i0.wp.com\/vincentians.com\/es\/wp-content\/uploads\/sites\/11\/2013\/11\/agostina-pietrantoni.jpg?fit=1200%2C630\",\"contentUrl\":\"https:\/\/i0.wp.com\/vincentians.com\/es\/wp-content\/uploads\/sites\/11\/2013\/11\/agostina-pietrantoni.jpg?fit=1200%2C630\",\"width\":1200,\"height\":630},{\"@type\":\"BreadcrumbList\",\"@id\":\"http:\/\/vincentians.com\/es\/agustina-livia-pietrantoni-1864-1894\/#breadcrumb\",\"itemListElement\":[{\"@type\":\"ListItem\",\"position\":1,\"name\":\"Portada\",\"item\":\"http:\/\/vincentians.com\/es\/\"},{\"@type\":\"ListItem\",\"position\":2,\"name\":\"Agustina Livia Pietrantoni (1864-1894)\"}]},{\"@type\":\"WebSite\",\"@id\":\"http:\/\/vincentians.com\/es\/#website\",\"url\":\"http:\/\/vincentians.com\/es\/\",\"name\":\"Somos Vicencianos\",\"description\":\"Know more to serve more\",\"publisher\":{\"@id\":\"http:\/\/vincentians.com\/es\/#organization\"},\"potentialAction\":[{\"@type\":\"SearchAction\",\"target\":{\"@type\":\"EntryPoint\",\"urlTemplate\":\"http:\/\/vincentians.com\/es\/?s={search_term_string}\"},\"query-input\":{\"@type\":\"PropertyValueSpecification\",\"valueRequired\":true,\"valueName\":\"search_term_string\"}}],\"inLanguage\":\"es\"},{\"@type\":\"Organization\",\"@id\":\"http:\/\/vincentians.com\/es\/#organization\",\"name\":\"The Vincentian Network\",\"url\":\"http:\/\/vincentians.com\/es\/\",\"logo\":{\"@type\":\"ImageObject\",\"inLanguage\":\"es\",\"@id\":\"http:\/\/vincentians.com\/es\/#\/schema\/logo\/image\/\",\"url\":\"https:\/\/i1.wp.com\/vincentians.com\/es\/wp-content\/uploads\/sites\/11\/2016\/06\/Vincentian-Network-logo-big.png?fit=778%2C778\",\"contentUrl\":\"https:\/\/i1.wp.com\/vincentians.com\/es\/wp-content\/uploads\/sites\/11\/2016\/06\/Vincentian-Network-logo-big.png?fit=778%2C778\",\"width\":778,\"height\":778,\"caption\":\"The Vincentian Network\"},\"image\":{\"@id\":\"http:\/\/vincentians.com\/es\/#\/schema\/logo\/image\/\"},\"sameAs\":[\"https:\/\/www.facebook.com\/WeAreVincentians\/\",\"https:\/\/x.com\/WeVincentians\"]},{\"@type\":\"Person\",\"@id\":\"http:\/\/vincentians.com\/es\/#\/schema\/person\/9623ef4d9aa3b2dfb8c061f1499288f2\",\"name\":\"Francisco Javier Fern\u00e1ndez Chento\",\"image\":{\"@type\":\"ImageObject\",\"inLanguage\":\"es\",\"@id\":\"http:\/\/vincentians.com\/es\/#\/schema\/person\/image\/\",\"url\":\"https:\/\/secure.gravatar.com\/avatar\/497d5cde87b4c3d097d0315953521681ba2cd523ee66e5077c3711f7021e65de?s=96&d=mm&r=g\",\"contentUrl\":\"https:\/\/secure.gravatar.com\/avatar\/497d5cde87b4c3d097d0315953521681ba2cd523ee66e5077c3711f7021e65de?s=96&d=mm&r=g\",\"caption\":\"Francisco Javier Fern\u00e1ndez Chento\"},\"description\":\"Director General y cofundador de La Red de Formaci\u00f3n Vicenciana. Javier es laico vicenciano, afiliado a la Congregaci\u00f3n de la Misi\u00f3n y miembro del Equipo de Misiones Populares de la provincia can\u00f3nica de Zaragoza (Espa\u00f1a) de la Congregaci\u00f3n de la Misi\u00f3n. Graduado en la Universidad Oberta de Catalunya con cuatro grados (Asistente de direcci\u00f3n, Gesti\u00f3n Administrativa, Recursos Humanos y Contabilidad Avanzada). Bil\u00edng\u00fce Espa\u00f1ol\/Ingl\u00e9s. gestiona y mantiene varias p\u00e1ginas web cristianas y vicencianas, incluida including La Red de Formaci\u00f3n Vicenciana, de la que es cofundador. Actualmente es responsable del \u00e1rea de Espa\u00f1ol de .famvin, la Red de Noticias de la Familia Vicenciana. Tambi\u00e9n es m\u00fasico cat\u00f3lico y ha editado varios discos. Es Director General y cofundador de Trovador, una reconocida compa\u00f1\u00eda discogr\u00e1fica critiana de Espa\u00f1a. Trabaja en las Tecnolog\u00edas de la Informaci\u00f3n, ofreciendo servicios de alojamiento, dise\u00f1o y mantenimiento Web, as\u00ed como asesoramiento, formaci\u00f3n y soluciones inform\u00e1ticas, gesti\u00f3n documental y digitalizaci\u00f3n de textos, edici\u00f3n y maquetaci\u00f3n de libros, revistas, flyers, etc.\",\"sameAs\":[\"http:\/\/chento.org\",\"https:\/\/www.facebook.com\/JavierChento\",\"https:\/\/x.com\/https:\/\/twitter.com\/javierchento\"],\"url\":\"http:\/\/vincentians.com\/es\/author\/chento\/\"}]}<\/script>\n<!-- \/ Yoast SEO plugin. -->","yoast_head_json":{"title":"Agustina Livia Pietrantoni (1864-1894) - Somos Vicencianos","robots":{"index":"index","follow":"follow","max-snippet":"max-snippet:-1","max-image-preview":"max-image-preview:large","max-video-preview":"max-video-preview:-1"},"canonical":"http:\/\/vincentians.com\/es\/agustina-livia-pietrantoni-1864-1894\/","og_locale":"es_ES","og_type":"article","og_title":"Agustina Livia Pietrantoni (1864-1894) - Somos Vicencianos","og_description":"Una tierra&#8230; una familia \u00abExist\u00eda una vez y sigue existiendo todav\u00eda, con una imagen nueva, un pueblo llamado Pozzaglia, en las colinas de Sabina&#8230; y hab\u00eda una casa bendecida, nido lleno de voces infantiles, entre ... Read More","og_url":"http:\/\/vincentians.com\/es\/agustina-livia-pietrantoni-1864-1894\/","og_site_name":"Somos Vicencianos","article_publisher":"https:\/\/www.facebook.com\/WeAreVincentians\/","article_author":"https:\/\/www.facebook.com\/JavierChento","article_published_time":"2016-11-16T04:00:18+00:00","og_image":[{"width":1200,"height":630,"url":"https:\/\/i0.wp.com\/vincentians.com\/es\/wp-content\/uploads\/sites\/11\/2013\/11\/agostina-pietrantoni.jpg?fit=1200%2C630","type":"image\/jpeg"}],"author":"Francisco Javier Fern\u00e1ndez Chento","twitter_card":"summary_large_image","twitter_creator":"@https:\/\/twitter.com\/javierchento","twitter_site":"@WeVincentians","twitter_misc":{"Escrito por":"Francisco Javier Fern\u00e1ndez Chento","Tiempo de lectura":"7 minutos"},"schema":{"@context":"https:\/\/schema.org","@graph":[{"@type":"Article","@id":"http:\/\/vincentians.com\/es\/agustina-livia-pietrantoni-1864-1894\/#article","isPartOf":{"@id":"http:\/\/vincentians.com\/es\/agustina-livia-pietrantoni-1864-1894\/"},"author":{"name":"Francisco Javier Fern\u00e1ndez Chento","@id":"http:\/\/vincentians.com\/es\/#\/schema\/person\/9623ef4d9aa3b2dfb8c061f1499288f2"},"headline":"Agustina Livia Pietrantoni (1864-1894)","datePublished":"2016-11-16T04:00:18+00:00","mainEntityOfPage":{"@id":"http:\/\/vincentians.com\/es\/agustina-livia-pietrantoni-1864-1894\/"},"wordCount":1362,"commentCount":0,"publisher":{"@id":"http:\/\/vincentians.com\/es\/#organization"},"image":{"@id":"http:\/\/vincentians.com\/es\/agustina-livia-pietrantoni-1864-1894\/#primaryimage"},"thumbnailUrl":"https:\/\/i0.wp.com\/vincentians.com\/es\/wp-content\/uploads\/sites\/11\/2013\/11\/agostina-pietrantoni.jpg?fit=1200%2C630","articleSection":["Augustina Pietrantoni","Hermanas de la Caridad de Santa Juana Antida Thouret"],"inLanguage":"es","potentialAction":[{"@type":"CommentAction","name":"Comment","target":["http:\/\/vincentians.com\/es\/agustina-livia-pietrantoni-1864-1894\/#respond"]}]},{"@type":"WebPage","@id":"http:\/\/vincentians.com\/es\/agustina-livia-pietrantoni-1864-1894\/","url":"http:\/\/vincentians.com\/es\/agustina-livia-pietrantoni-1864-1894\/","name":"Agustina Livia Pietrantoni (1864-1894) - Somos Vicencianos","isPartOf":{"@id":"http:\/\/vincentians.com\/es\/#website"},"primaryImageOfPage":{"@id":"http:\/\/vincentians.com\/es\/agustina-livia-pietrantoni-1864-1894\/#primaryimage"},"image":{"@id":"http:\/\/vincentians.com\/es\/agustina-livia-pietrantoni-1864-1894\/#primaryimage"},"thumbnailUrl":"https:\/\/i0.wp.com\/vincentians.com\/es\/wp-content\/uploads\/sites\/11\/2013\/11\/agostina-pietrantoni.jpg?fit=1200%2C630","datePublished":"2016-11-16T04:00:18+00:00","breadcrumb":{"@id":"http:\/\/vincentians.com\/es\/agustina-livia-pietrantoni-1864-1894\/#breadcrumb"},"inLanguage":"es","potentialAction":[{"@type":"ReadAction","target":["http:\/\/vincentians.com\/es\/agustina-livia-pietrantoni-1864-1894\/"]}]},{"@type":"ImageObject","inLanguage":"es","@id":"http:\/\/vincentians.com\/es\/agustina-livia-pietrantoni-1864-1894\/#primaryimage","url":"https:\/\/i0.wp.com\/vincentians.com\/es\/wp-content\/uploads\/sites\/11\/2013\/11\/agostina-pietrantoni.jpg?fit=1200%2C630","contentUrl":"https:\/\/i0.wp.com\/vincentians.com\/es\/wp-content\/uploads\/sites\/11\/2013\/11\/agostina-pietrantoni.jpg?fit=1200%2C630","width":1200,"height":630},{"@type":"BreadcrumbList","@id":"http:\/\/vincentians.com\/es\/agustina-livia-pietrantoni-1864-1894\/#breadcrumb","itemListElement":[{"@type":"ListItem","position":1,"name":"Portada","item":"http:\/\/vincentians.com\/es\/"},{"@type":"ListItem","position":2,"name":"Agustina Livia Pietrantoni (1864-1894)"}]},{"@type":"WebSite","@id":"http:\/\/vincentians.com\/es\/#website","url":"http:\/\/vincentians.com\/es\/","name":"Somos Vicencianos","description":"Know more to serve more","publisher":{"@id":"http:\/\/vincentians.com\/es\/#organization"},"potentialAction":[{"@type":"SearchAction","target":{"@type":"EntryPoint","urlTemplate":"http:\/\/vincentians.com\/es\/?s={search_term_string}"},"query-input":{"@type":"PropertyValueSpecification","valueRequired":true,"valueName":"search_term_string"}}],"inLanguage":"es"},{"@type":"Organization","@id":"http:\/\/vincentians.com\/es\/#organization","name":"The Vincentian Network","url":"http:\/\/vincentians.com\/es\/","logo":{"@type":"ImageObject","inLanguage":"es","@id":"http:\/\/vincentians.com\/es\/#\/schema\/logo\/image\/","url":"https:\/\/i1.wp.com\/vincentians.com\/es\/wp-content\/uploads\/sites\/11\/2016\/06\/Vincentian-Network-logo-big.png?fit=778%2C778","contentUrl":"https:\/\/i1.wp.com\/vincentians.com\/es\/wp-content\/uploads\/sites\/11\/2016\/06\/Vincentian-Network-logo-big.png?fit=778%2C778","width":778,"height":778,"caption":"The Vincentian Network"},"image":{"@id":"http:\/\/vincentians.com\/es\/#\/schema\/logo\/image\/"},"sameAs":["https:\/\/www.facebook.com\/WeAreVincentians\/","https:\/\/x.com\/WeVincentians"]},{"@type":"Person","@id":"http:\/\/vincentians.com\/es\/#\/schema\/person\/9623ef4d9aa3b2dfb8c061f1499288f2","name":"Francisco Javier Fern\u00e1ndez Chento","image":{"@type":"ImageObject","inLanguage":"es","@id":"http:\/\/vincentians.com\/es\/#\/schema\/person\/image\/","url":"https:\/\/secure.gravatar.com\/avatar\/497d5cde87b4c3d097d0315953521681ba2cd523ee66e5077c3711f7021e65de?s=96&d=mm&r=g","contentUrl":"https:\/\/secure.gravatar.com\/avatar\/497d5cde87b4c3d097d0315953521681ba2cd523ee66e5077c3711f7021e65de?s=96&d=mm&r=g","caption":"Francisco Javier Fern\u00e1ndez Chento"},"description":"Director General y cofundador de La Red de Formaci\u00f3n Vicenciana. Javier es laico vicenciano, afiliado a la Congregaci\u00f3n de la Misi\u00f3n y miembro del Equipo de Misiones Populares de la provincia can\u00f3nica de Zaragoza (Espa\u00f1a) de la Congregaci\u00f3n de la Misi\u00f3n. Graduado en la Universidad Oberta de Catalunya con cuatro grados (Asistente de direcci\u00f3n, Gesti\u00f3n Administrativa, Recursos Humanos y Contabilidad Avanzada). Bil\u00edng\u00fce Espa\u00f1ol\/Ingl\u00e9s. gestiona y mantiene varias p\u00e1ginas web cristianas y vicencianas, incluida including La Red de Formaci\u00f3n Vicenciana, de la que es cofundador. Actualmente es responsable del \u00e1rea de Espa\u00f1ol de .famvin, la Red de Noticias de la Familia Vicenciana. Tambi\u00e9n es m\u00fasico cat\u00f3lico y ha editado varios discos. Es Director General y cofundador de Trovador, una reconocida compa\u00f1\u00eda discogr\u00e1fica critiana de Espa\u00f1a. Trabaja en las Tecnolog\u00edas de la Informaci\u00f3n, ofreciendo servicios de alojamiento, dise\u00f1o y mantenimiento Web, as\u00ed como asesoramiento, formaci\u00f3n y soluciones inform\u00e1ticas, gesti\u00f3n documental y digitalizaci\u00f3n de textos, edici\u00f3n y maquetaci\u00f3n de libros, revistas, flyers, etc.","sameAs":["http:\/\/chento.org","https:\/\/www.facebook.com\/JavierChento","https:\/\/x.com\/https:\/\/twitter.com\/javierchento"],"url":"http:\/\/vincentians.com\/es\/author\/chento\/"}]}},"jetpack_publicize_connections":[],"jetpack_featured_media_url":"https:\/\/i0.wp.com\/vincentians.com\/es\/wp-content\/uploads\/sites\/11\/2013\/11\/agostina-pietrantoni.jpg?fit=1200%2C630","jetpack_sharing_enabled":true,"jetpack_shortlink":"https:\/\/wp.me\/p7ETMF-wzw","jetpack-related-posts":[{"id":115261,"url":"http:\/\/vincentians.com\/es\/casas-de-la-congregacion-de-la-mision-en-paris-en-tiempos-de-san-vicente-ii\/","url_meta":{"origin":125210,"position":0},"title":"Casas de la Congregaci\u00f3n de la Misi\u00f3n en Par\u00eds en tiempos de San Vicente (II)","author":"Francisco Javier Fern\u00e1ndez Chento","date":"06\/10\/2018","format":false,"excerpt":"San L\u00e1zaro El origen de la Casa de San L\u00e1zaro es dif\u00edcil de conocer al perderse sus t\u00edtulos con la guerra de los cien a\u00f1os y con las que siguieron despu\u00e9s. Parece probable que en principio hubo un monasterio dedicado a San Lorenzo pero que fue destruido por los normandos\u2026","rel":"","context":"En \u00abEn tiempos de Vicente de Pa\u00fal\u00bb","block_context":{"text":"En tiempos de Vicente de Pa\u00fal","link":"http:\/\/vincentians.com\/es\/category\/historia-de-la-familia-vicenciana\/en-tiempos-de-vicente-de-paul\/"},"img":{"alt_text":"","src":"https:\/\/i0.wp.com\/vincentians.com\/es\/wp-content\/uploads\/sites\/11\/2011\/11\/HIjas-Caridad.jpg?fit=1200%2C600&resize=350%2C200","width":350,"height":200,"srcset":"https:\/\/i0.wp.com\/vincentians.com\/es\/wp-content\/uploads\/sites\/11\/2011\/11\/HIjas-Caridad.jpg?fit=1200%2C600&resize=350%2C200 1x, https:\/\/i0.wp.com\/vincentians.com\/es\/wp-content\/uploads\/sites\/11\/2011\/11\/HIjas-Caridad.jpg?fit=1200%2C600&resize=525%2C300 1.5x, https:\/\/i0.wp.com\/vincentians.com\/es\/wp-content\/uploads\/sites\/11\/2011\/11\/HIjas-Caridad.jpg?fit=1200%2C600&resize=700%2C400 2x, https:\/\/i0.wp.com\/vincentians.com\/es\/wp-content\/uploads\/sites\/11\/2011\/11\/HIjas-Caridad.jpg?fit=1200%2C600&resize=1050%2C600 3x"},"classes":[]},{"id":118936,"url":"http:\/\/vincentians.com\/es\/requiem-por-san-agustin-de-la-laguna\/","url_meta":{"origin":125210,"position":1},"title":"Requiem por San Agust\u00edn de La Laguna","author":"Mitxel Olabu\u00e9naga","date":"10\/04\/2013","format":false,"excerpt":"Comienzo esta segunda cr\u00f3nica de La Laguna con una serie de coincidencias que me han emocionado: Como to\u00addos vosotros ya sab\u00e9is, la cr\u00f3nica tiene que ir a Madrid a media asta y con crespones negros. Pues bien; al colocar la cuartilla en la m\u00e1quina ha comenzado a sonar en mi\u2026","rel":"","context":"En \u00abHistoria de la Congregaci\u00f3n de la Misi\u00f3n en Espa\u00f1a\u00bb","block_context":{"text":"Historia de la Congregaci\u00f3n de la Misi\u00f3n en Espa\u00f1a","link":"http:\/\/vincentians.com\/es\/category\/historia-de-la-familia-vicenciana\/historia-de-la-congregacion-de-la-mision-en-espana\/"},"img":{"alt_text":"adbr","src":"https:\/\/i0.wp.com\/vicencianos.org\/wp-content\/2013\/03\/adbr.png?resize=350%2C200","width":350,"height":200},"classes":[]},{"id":118129,"url":"http:\/\/vincentians.com\/es\/sor-agustina-baztan-ha-muerto\/","url_meta":{"origin":125210,"position":2},"title":"Sor Agustina (Bazt\u00e1n) ha muerto","author":"Mitxel Olabu\u00e9naga","date":"18\/03\/2013","format":false,"excerpt":"Me ha sido confiado hacer una breve rese\u00f1a del feliz tr\u00e1nsito de Sor Agustina Bazt\u00e1n Armend\u00e1riz, Hija de la Caridad en el Hospital de Santiago de Cuenca, el d\u00eda 18 de junio de 1965. He buscado en el silencio de la oraci\u00f3n las espiguitas que debo escoger en el extenso\u2026","rel":"","context":"En \u00abBiograf\u00edas de Hijas de la Caridad\u00bb","block_context":{"text":"Biograf\u00edas de Hijas de la Caridad","link":"http:\/\/vincentians.com\/es\/category\/la-familia-vicenciana\/biografias-vicencianas\/biografias-de-hijas-de-la-caridad\/"},"img":{"alt_text":"","src":"https:\/\/i0.wp.com\/vincentians.com\/es\/wp-content\/uploads\/sites\/11\/2016\/07\/bio-hc.jpg?fit=1200%2C630&resize=350%2C200","width":350,"height":200,"srcset":"https:\/\/i0.wp.com\/vincentians.com\/es\/wp-content\/uploads\/sites\/11\/2016\/07\/bio-hc.jpg?fit=1200%2C630&resize=350%2C200 1x, https:\/\/i0.wp.com\/vincentians.com\/es\/wp-content\/uploads\/sites\/11\/2016\/07\/bio-hc.jpg?fit=1200%2C630&resize=525%2C300 1.5x, https:\/\/i0.wp.com\/vincentians.com\/es\/wp-content\/uploads\/sites\/11\/2016\/07\/bio-hc.jpg?fit=1200%2C630&resize=700%2C400 2x, https:\/\/i0.wp.com\/vincentians.com\/es\/wp-content\/uploads\/sites\/11\/2016\/07\/bio-hc.jpg?fit=1200%2C630&resize=1050%2C600 3x"},"classes":[]},{"id":131121,"url":"http:\/\/vincentians.com\/es\/el-hermano-agustin-farnell-ibars-1911-19-48\/","url_meta":{"origin":125210,"position":3},"title":"El Hermano Agust\u00edn Farnell Ibars (1911-19 48)","author":"Mitxel Olabu\u00e9naga","date":"26\/08\/2014","format":false,"excerpt":"Rdo. P. Jaime Roca, Visitador C. M. Gratia Dei nobiseum. Muy Rdo. y estimado Padre : Seg\u00fan notifiqu\u00e9 a usted por tel\u00e9fono, d\u00eda 20 de marzo del presente a\u00f1o muri\u00f3 en el hospital de L\u00e9rida nuestro caro H.\u00b0 Coadjutor Agust\u00edn Farnell Ibars a consecuencia de una pulmon\u00eda purulenta, que ni\u2026","rel":"","context":"En \u00abBiograf\u00edas de Misioneros Pa\u00fales\u00bb","block_context":{"text":"Biograf\u00edas de Misioneros Pa\u00fales","link":"http:\/\/vincentians.com\/es\/category\/la-familia-vicenciana\/biografias-vicencianas\/biografias-de-misioneros-paules\/"},"img":{"alt_text":"","src":"https:\/\/i0.wp.com\/vincentians.com\/es\/wp-content\/uploads\/sites\/11\/2016\/07\/bio-cm.jpg?fit=1200%2C630&resize=350%2C200","width":350,"height":200,"srcset":"https:\/\/i0.wp.com\/vincentians.com\/es\/wp-content\/uploads\/sites\/11\/2016\/07\/bio-cm.jpg?fit=1200%2C630&resize=350%2C200 1x, https:\/\/i0.wp.com\/vincentians.com\/es\/wp-content\/uploads\/sites\/11\/2016\/07\/bio-cm.jpg?fit=1200%2C630&resize=525%2C300 1.5x, https:\/\/i0.wp.com\/vincentians.com\/es\/wp-content\/uploads\/sites\/11\/2016\/07\/bio-cm.jpg?fit=1200%2C630&resize=700%2C400 2x, https:\/\/i0.wp.com\/vincentians.com\/es\/wp-content\/uploads\/sites\/11\/2016\/07\/bio-cm.jpg?fit=1200%2C630&resize=1050%2C600 3x"},"classes":[]},{"id":125275,"url":"http:\/\/vincentians.com\/es\/la-llamada-a-la-reforma-los-tiempos-de-trento-desde-1545-a-1650\/","url_meta":{"origin":125210,"position":4},"title":"La llamada a la Reforma: Los tiempos de Trento (desde 1545 a 1650)","author":"Francisco Javier Fern\u00e1ndez Chento","date":"14\/11\/2013","format":false,"excerpt":"HECHOS HUMANOS HECHOS EDUCATIVOS HECHOS DE IGLESIA 1547. Batalla de M\u00fchlberg.1548. Dieta de Augsburgo. \"Interim\" de Carlos V sobre la situaci\u00f3n religiosa.1547. Muere Enrique VIII, despu\u00e9s de 56 a\u00f1os de reinado. Muere Francisco I de Francia.1552. Tratado de Passeau. Se anula el \"Interim\". 1553. Mar\u00eda Tudor sube al trono ingl\u00e9s.\u2026","rel":"","context":"En \u00abEn tiempos de Vicente de Pa\u00fal\u00bb","block_context":{"text":"En tiempos de Vicente de Pa\u00fal","link":"http:\/\/vincentians.com\/es\/category\/historia-de-la-familia-vicenciana\/en-tiempos-de-vicente-de-paul\/"},"img":{"alt_text":"concilio-trento-sesion-2","src":"https:\/\/i0.wp.com\/vicencianos.org\/wp-content\/2013\/11\/concilio-trento-sesion-2-300x206.jpg?resize=350%2C200","width":350,"height":200},"classes":[]},{"id":387081,"url":"http:\/\/vincentians.com\/es\/la-diaspora-de-la-cm-espanola-tras-las-disoluciones-del-siglo-xix\/","url_meta":{"origin":125210,"position":5},"title":"La di\u00e1spora de la CM espa\u00f1ola tras las disoluciones del siglo XIX","author":"Mitxel Olabu\u00e9naga","date":"29\/02\/2016","format":false,"excerpt":"Introducci\u00f3n El convulso siglo XIX supuso un antes y un despu\u00e9s a la desfasada sociedad espa\u00f1ola. La Iglesia no se qued\u00f3 al margen de los profundos cambios ocurridos y, como no pod\u00eda ser menos, la Congregaci\u00f3n de la Misi\u00f3n sigui\u00f3 los mismos derroteros. En este sentido debemos afirmar que las\u2026","rel":"","context":"En \u00abHistoria de la Congregaci\u00f3n de la Misi\u00f3n en Espa\u00f1a\u00bb","block_context":{"text":"Historia de la Congregaci\u00f3n de la Misi\u00f3n en Espa\u00f1a","link":"http:\/\/vincentians.com\/es\/category\/historia-de-la-familia-vicenciana\/historia-de-la-congregacion-de-la-mision-en-espana\/"},"img":{"alt_text":"LOGO SEMINARIO HISTORIA 2 color","src":"https:\/\/i0.wp.com\/vicencianos.org\/wp-content\/uploads\/2016\/02\/LOGO-SEMINARIO-HISTORIA-2-color-300x300.jpg?resize=350%2C200","width":350,"height":200},"classes":[]}],"_links":{"self":[{"href":"http:\/\/vincentians.com\/es\/wp-json\/wp\/v2\/posts\/125210","targetHints":{"allow":["GET"]}}],"collection":[{"href":"http:\/\/vincentians.com\/es\/wp-json\/wp\/v2\/posts"}],"about":[{"href":"http:\/\/vincentians.com\/es\/wp-json\/wp\/v2\/types\/post"}],"author":[{"embeddable":true,"href":"http:\/\/vincentians.com\/es\/wp-json\/wp\/v2\/users\/4"}],"replies":[{"embeddable":true,"href":"http:\/\/vincentians.com\/es\/wp-json\/wp\/v2\/comments?post=125210"}],"version-history":[{"count":0,"href":"http:\/\/vincentians.com\/es\/wp-json\/wp\/v2\/posts\/125210\/revisions"}],"wp:featuredmedia":[{"embeddable":true,"href":"http:\/\/vincentians.com\/es\/wp-json\/wp\/v2\/media\/389846"}],"wp:attachment":[{"href":"http:\/\/vincentians.com\/es\/wp-json\/wp\/v2\/media?parent=125210"}],"wp:term":[{"taxonomy":"category","embeddable":true,"href":"http:\/\/vincentians.com\/es\/wp-json\/wp\/v2\/categories?post=125210"},{"taxonomy":"post_tag","embeddable":true,"href":"http:\/\/vincentians.com\/es\/wp-json\/wp\/v2\/tags?post=125210"}],"curies":[{"name":"wp","href":"https:\/\/api.w.org\/{rel}","templated":true}]}}