{"id":124203,"date":"2023-03-19T08:43:13","date_gmt":"2023-03-19T07:43:13","guid":{"rendered":"http:\/\/somos.vicencianos.org\/?p=124203"},"modified":"2022-12-29T12:48:53","modified_gmt":"2022-12-29T11:48:53","slug":"vicente-de-paul-pastor-de-lideres","status":"publish","type":"post","link":"http:\/\/vincentians.com\/es\/vicente-de-paul-pastor-de-lideres\/","title":{"rendered":"Vicente de Pa\u00fal: Pastor de l\u00edderes"},"content":{"rendered":"<p>LOS EJERCICIOS ESPIRITUALES<\/p>\n<p>El P. Vicente se emple\u00f3 en un trabajo callado que produjo grandes resultados, los ejercicios espirituales individuales. A\u00fan antes de 1635 algunos cristianos deseosos de cultivar su esp\u00edritu hab\u00edan sido recibidos en San L\u00e1zaro. Muchos eran personajes importantes de la sociedad: se\u00f1ores, obispos, sacerdotes y abogados. Otros eran personas corrientes y pobres: unas setecientas u ochocientas por a\u00f1o. Eran recibidos gratuitamente, aunque algunos, los menos, dejaran alguna contribuci\u00f3n.<\/p>\n<p>Los ejercicios vicencianos eran una copia de los que daban los jesuitas, siguiendo el plan de San Ignacio. Eso nos dice que el prop\u00f3sito de los ejercicios era centrarse en la vocaci\u00f3n personal y ofrecerse a Dios para cumplirla. Esto era hacer como hab\u00eda hecho Vicente mismo al comprometerse con su persona y sus bienes al servicio de los pobres. \u00c9l explicaba la importancia de los ejercicios en palabras que manifiestan la doctrina de San Francisco de Sales acerca de la vida devota: \u00abS\u00e9 un cristiano perfecto seg\u00fan tu estado de vida: s\u00e9 buen estudiante si eres estudiante; s\u00e9 un soldado perfecto si eres soldado; s\u00e9 un buen juez si tienes la posici\u00f3n de juez; s\u00e9 un sacerdote tan perfecto como San Carlos Borromeo si eres sacerdote. En una palabra, examina tu vocaci\u00f3n y perfecci\u00f3nate en ella\u00bb.<\/p>\n<p>Los ejercitantes meditaban en solitario y, dos veces por d\u00eda, se reun\u00edan con su director para ser guiados como conven\u00eda a cada uno. Todos los sacerdotes de la casa participaban en esta funci\u00f3n y, a veces, tambi\u00e9n los estudiantes. Todos usaban un libro de meditaciones y aconsejaban a los ejercitantes la oraci\u00f3n usando todas sus energ\u00edas espirituales, es decir, la raz\u00f3n, la memoria, el discurso mental, el deseo y la voluntad. Pero, en realidad, el fruto de los ejercicios proven\u00eda de la bondad y de la gracia del P. Vicente y de los misioneros compartiendo con los ejercitantes. Los ejercitantes, lo mismo que los asistentes a las misiones de las parroquias, se aprovechaban del carisma del P. Vicente.<\/p>\n<p>LOS EJERCICIOS DE LOS ORDENANDOS<\/p>\n<p>Tambi\u00e9n exist\u00eda otra clase de ejercicios cuyo prop\u00f3sito era preparar a los candidatos a recibir las \u00f3rdenes sagradas del subdiaconado, diaconado y sacerdocio. Ten\u00edan lugar por lo menos cuatro veces al a\u00f1o durante los tiempos, apropiados para las \u00f3rdenes: la Cuaresma, Pentecost\u00e9s y en los meses de junio y septiembre. Como no se hab\u00edan creado a\u00fan los seminarios mayores, los ejercicios espirituales eran muy importantes para preparar como era debido al candidato para la recepci\u00f3n del sacramento. Todos hab\u00edan concluido su preparaci\u00f3n intelectual pero no hab\u00edan tenido mucha oportunidad de desarrollar su espiritualidad. Era necesario recordarles incluso los deberes del Sacramento del orden a recibir. Por ello, los ejercicios eran como seminarios de diez o m\u00e1s d\u00edas de estudio con una parte dedicada a estudiar, otra al rezo y a la confesi\u00f3n. Los ejercicios resultaban caros pero los ejercitantes los hac\u00edan sin tener que pagar. Los bienhechores adinerados del P. Vicente, las Damas de la Caridad, donaban contribuciones para subvencionarlos. El P. Vicente les inculcaba la importancia de que los ordenandos vivieran santamente y les aseguraba que el sacerdocio era necesario para el florecimiento de la Iglesia y la salvaci\u00f3n de los fieles, explicando que no era posible evangelizar a los pobres sin buenos pastores que los guiaran despu\u00e9s de las misiones.<\/p>\n<p>El P. Vicente insist\u00eda en que todos sus cohermanos, sacerdotes, hermanos coadjutores y seminaristas compartieran este trabajo con los ordenandos para que todos dieran buen ejemplo de humildad y de aprecio por el sacerdocio. Sin embargo, cada grupo de ejercitantes ten\u00edan su director, que determinaba los temas y divid\u00eda a los participantes en peque\u00f1os grupos para repasar los temas despu\u00e9s de las lecciones, y lo mismo se hac\u00eda para aprender los usos lit\u00fargicos, por ejemplo, c\u00f3mo celebrar la santa Misa. Durante la comida, los ejercitantes escuchaban la lectura de un libro sobre el sacerdocio. El prop\u00f3sito de todos los actos era convencer a los asistentes de la importancia de las sagradas \u00f3rdenes.<\/p>\n<p>El P. Vicente pidi\u00f3 a varios expertos componer un libro para usarlo como manual de estos retiros. El libro, titulado \u00abInstrucciones para Sacerdotes\u00bb, no se imprimi\u00f3; estaba escrito a mano. Los conferenciantes de estos ejercicios se escog\u00edan de entre los sacerdotes m\u00e1s aptos de las Conferencias de los Martes y, con frecuencia, de entre los misioneros, incluidos los j\u00f3venes. Lo normal era que los asistentes a los ejercicios sacaran mucho provecho, pero no suced\u00eda as\u00ed con los renuentes a practicarlos. Entre los opositores se hallaban los inclinados al movimiento jansenista que despreciaban al P. Vicente y todo su ideario pastoral. No obstante, religiosos de muchas otras congregaciones copiaron el m\u00e9todo del P. Vicente e introdujeron los ejercicios previos a las ordenaciones, y muchas de las casas de la Misi\u00f3n, incluso la de Roma, tambi\u00e9n los ofrec\u00edan.<\/p>\n<p>LOS SEMINARIOS.<\/p>\n<p>Como se dijo, por este tiempo a\u00fan no exist\u00edan seminarios mayores en Francia, aunque hab\u00edan sido impuestos por el Concilio de Trento. Se hab\u00edan instituido en algunos pa\u00edses como Italia debido a la iniciativa de San Carlos Borromeo, pero en la Iglesia francesa no se hab\u00eda conseguido. Uno de los problemas era que el Concilio presupon\u00eda que el seminario menor y el mayor funcionasen como una sola instituci\u00f3n y estaba claro que as\u00ed no iba a resultar. El P. Vicente experiment\u00f3 con un seminario en Par\u00eds donde recib\u00eda candidatos desde los doce a\u00f1os; nunca dio resultado. Esto le convenci\u00f3 de que se necesitaba otra instituci\u00f3n donde recoger candidatos al sacerdocio de entre veinte y veinticinco a\u00f1os. El mismo gobierno deseaba la fundaci\u00f3n de los seminarios para mejorar la situaci\u00f3n social y varias congregaciones hab\u00edan tratado de llevarlo a cabo. Pero la estrategia del P. Vicente, y otros preocupados por renovar la iglesia francesa, fue aprovechar los ejercicios de los ordenandos mientras no se fundasen seminarios mayores. As\u00ed, los primeros seminarios de este tipo en Francia fueron realmente sesiones de ejercicios espirituales prolongados hasta tres meses e incluso hasta seis. M\u00e1s tarde esto se alarg\u00f3 hasta llegar a durar dos o tres a\u00f1os. En muchos casos se daban verdaderos cursos de estudio dentro de estos \u00abseminarios\u00bb y, otras veces, los seminaristas sal\u00edan para seguir los cursos en la universidad o en otro instituto.<\/p>\n<p>El P. Vicente, investigando la situaci\u00f3n, pensaba que en algunos de los seminarios prevalec\u00eda la formaci\u00f3n intelectual sobre la del esp\u00edritu y que en otros primaba el trabajo pastoral, que se combinaba con los ejercicios corporales del cuidado de la casa. Este segundo tipo le pareci\u00f3 m\u00e1s apropiado porque preparaba a los seminaristas para convivir con la gente corriente con la que trabajar\u00edan luego como p\u00e1rrocos celosos y dedicados.<\/p>\n<p>El primer seminario mayor iniciado por el P. Vicente fue el de Annecy, patria de San Francisco de Sales. Despu\u00e9s se hizo cargo de dos en Par\u00eds, y luego la realidad fue que todas las casas fundadas en Francia entre 1642 y 1660 hac\u00edan las dos funciones: de misionar y de atender seminaristas mayores. En total el P. Vicente estableci\u00f3 no menos de catorce seminarios. Cada uno de ellos sol\u00eda tener unos treinta y cinco seminaristas. \u00c9sta era, despu\u00e9s de las misiones, la ocupaci\u00f3n principal de la Congregaci\u00f3n. El mismo trabajo de misiones se vio muy favorecido por el buen fruto de los seminarios: buenos sacerdotes para pastorear con eficacia al pueblo de Dios.<\/p>\n<p>EL CONSEJO DE CONCIENCIA<\/p>\n<p>Al morir Luis XIII, la Reina le sucedi\u00f3 como Regente en nombre de su hijo de cuatro a\u00f1os hasta que llegase a los quince. La Reina Regente, Ana, escogi\u00f3 al P. Vicente como consejero espiritual y, tambi\u00e9n, como miembro del Consejo de Conciencia. El trabajo de este cuerpo colegiado de gobierno era asesorar a la Regenta en materias eclesi\u00e1sticas, la elecci\u00f3n de obispos, abades y otros prelados. El Gobierno franc\u00e9s, ten\u00eda entonces el derecho de designar personas para estos cargos seg\u00fan un convenio con el Santo Padre. Otro de los miembros de este consejo era el Cardenal Mazarino, Primer Ministro de Francia. Este, a pesar de ser Cardenal, no ten\u00eda \u00f3rdenes sagradas; era un pol\u00edtico seglar con una sola idea: promover los intereses del reino de Francia. Dentro del Consejo el P. Vicente ten\u00eda m\u00e1s influencia moral que muchos otros consejeros.<\/p>\n<p>El cometido m\u00e1s importante del P. Vicente en el Consejo era la selecci\u00f3n de personas apropiadas para los cargos de obispos y prelados. Insist\u00eda, por ejemplo, en la necesidad de que el obispo designado hubiera sido sacerdote por lo menos durante un a\u00f1o, o que las asistentas de las Abadesas de cualquier monasterio hubiesen cumplido no menos de veintitr\u00e9s de edad y cinco de profesi\u00f3n. Estos requisitos no son dif\u00edciles, incluso parecen insignificantes, pero ya eran un adelanto compar\u00e1ndolos con lo que antes se practicaba. Adem\u00e1s de esto, insist\u00eda en que los designados a los diferentes puestos fueran de buenas costumbres. Como era normal que los que aspiraban a estos cargos fueran solamente de familias se\u00f1oriales, el P. Vicente llevaba una lista de espera, basada en los m\u00e9ritos de todos los cualificados que ten\u00edan aspiraciones a ser designados para servir a la Iglesia.<\/p>\n<p>Como pasa en estas situaciones, muchas personas ven\u00edan al P. Vicente con peticiones o amenazas. El ten\u00eda el coraz\u00f3n justo y valiente para rechazar ambas cosas. Un d\u00eda una se\u00f1ora, cuya hija anhelaba un puesto en un monasterio, trat\u00f3 de agredirle con una silla por haber rechazado abiertamente su petici\u00f3n. Como consecuencia de esta actitud suya en esta materia, se designaron muchos buenos obispos y abades y la iglesia de Francia mejor\u00f3 bastante. Incluso despu\u00e9s de la designaci\u00f3n, muchos de los prelados acud\u00edan al P. Vicente para consultarle. Este trabajo del P. Vicente dur\u00f3 hasta su abandono del Consejo de Conciencia en el a\u00f1o 1652, a ra\u00edz de ser entronizado el joven Rey, Luis XIV.<\/p>\n<p>EL JANSENISMO<\/p>\n<p>Desde los tiempos del Nuevo Testamento han existido diferencias entre los cristianos en asuntos doctrinales. Con frecuencia estas diferencias surgen entre partidarios de una l\u00ednea de fe r\u00edgida contra otros que son m\u00e1s comprensivos. En el cap\u00edtulo tercero de la Carta a los Filipenses hay rastros de alguna controversia religiosa de este tipo. En tiempos del P. Vicente, la controversia tuvo lugar entre los seguidores de Jansenio, de una posici\u00f3n religiosa r\u00edgida, y sus contrincantes, que inclu\u00eda a los Jesuitas. El P. Vicente se encontraba, con muchos otros prelados importantes, entre los opositores al jansenismo. Eventualmente, el Santo Padre decidi\u00f3 a su favor.<\/p>\n<p>Brevemente, \u00e9sta era una contienda sobre la gracia y la salvaci\u00f3n. Los jansenistas manten\u00edan que algunos hombres no pueden salvarse. En cuanto a la acci\u00f3n pastoral, afectaba la recepci\u00f3n de los sacramentos de la confesi\u00f3n y de la comuni\u00f3n. Los jansenistas imped\u00edan a los fieles la confesi\u00f3n y la comuni\u00f3n frecuente. Los Padres Jesuitas y el P. Vicente se esforzaban por la pr\u00e1ctica de ambas cosas con relativa frecuencia. As\u00ed lo hab\u00eda hecho \u00e9l siempre en las misiones desde que fue p\u00e1rroco de Clichy. En realidad, esta revoluci\u00f3n tocaba los fundamentos mismos de su plan pastoral.<\/p>\n<p>El P. Vicente no se qued\u00f3 en solas palabras y contemplaciones, sino que puso manos a la obra oponi\u00e9ndose al jansenismo. Empez\u00f3 por invitar a una reuni\u00f3n en San L\u00e1zaro a un grupo de sacerdotes y seglares importantes para preparar una campa\u00f1a contra los jansenistas. Luego hizo una petici\u00f3n al Gran Consejo Eclesi\u00e1stico y a varios obispos, individualmente, para que escribieran al Santo Padre que pasase juicio sobre el asunto. Muchos sacerdotes y obispos estuvieron de acuerdo aunque unos pocos no; algunos, amigos del P. Vicente. \u00c9ste adiestr\u00f3 a los delegados enviados a Roma sobre c\u00f3mo llevar la estrategia en los tribunales. Por \u00faltimo, cuando se gan\u00f3 la partida en Roma, se esforz\u00f3 por evitar que los vencedores se vanagloriaran de su victoria, para no dificultar la recuperaci\u00f3n de los jansenistas. Ya antes del recurso, se hab\u00eda reunido \u00e9l mismo con uno de los grandes del jansenismo, el Abad San Cyran, y le hab\u00eda escrito para confirmarle con humildad y caridad las ventajas de la actitud compasiva.<\/p>\n<p>Dentro de su comunidad, el P. Vicente estaba vigilante, especialmente de los que ense\u00f1aban en los seminarios, y tuvo que usar sus poderes para apartar algunos de la ense\u00f1anza. Ten\u00eda un gran af\u00e1n, producto de su fe, esperanza y amor, de defender doctrina del amor salv\u00edfico de Dios, que es la base de la de aut\u00e9ntica fe del cristianismo.<\/p>\n<p>LA MISI\u00d3N DE LA CORTE<\/p>\n<p>Los sacerdotes de las Conferencias de los Martes, ayudados por algunos misioneros de la Congregaci\u00f3n de la Misi\u00f3n, predicaron una misi\u00f3n a los cortesanos del reino de los alrededores de Par\u00eds. Los asistentes recibieron la doctrina clara y verdadera sobre las buenas costumbres y deberes del cristiano.<\/p>\n<p>Muchos de ellos acudieron a la confesi\u00f3n y a la comuni\u00f3n y un buen n\u00famero de se\u00f1oras se apunt\u00f3 a la Cofrad\u00eda de la Caridad. Despu\u00e9s de la muerte del P. Vicente los sacerdotes de su Congregaci\u00f3n fueron requeridos para dirigir all\u00ed tres parroquias en la jurisdicci\u00f3n del Rey. Aunque el mismo P. Vicente no hubiera aceptado estos trabajos, \u00e9l honr\u00f3 siempre la posici\u00f3n de los se\u00f1ores y se preocup\u00f3 de que tuvieran las oportunidades de la gracia; la mayor parte de ellos ten\u00edan que vivir ahora en pobreza vergonzante.<\/p>\n<p>Es cierto que los predicadores y pastores que aprendieron del P. Vicente no se opusieron a las estructuras del pa\u00eds que daban s\u00f3lo a unos cuantos mucho poder y demasiada riqueza. Los seguidores del P. Vicente no avocaron a la plebe empobrecida a que se hiciera con el poder pol\u00edtico. Eso no era concebible en esa \u00e9poca, dado el tenor del pensamiento social de los tiempos. No obstante, en el siglo siguiente, los sembradores de esta nueva ideolog\u00eda de libertad, que empez\u00f3 a demandar la promoci\u00f3n de los pobres, reconocieron que el P. Vicente era uno de sus primeros precursores.<\/p>\n","protected":false},"excerpt":{"rendered":"<p>LOS EJERCICIOS ESPIRITUALES El P. Vicente se emple\u00f3 en un trabajo callado que produjo grandes resultados, los ejercicios espirituales individuales. A\u00fan antes de 1635 algunos cristianos deseosos de cultivar su esp\u00edritu hab\u00edan sido recibidos en &#8230; <a href=\"http:\/\/vincentians.com\/es\/vicente-de-paul-pastor-de-lideres\/\" class=\"more-link\">Read More<\/a><\/p>\n","protected":false},"author":4,"featured_media":403955,"comment_status":"open","ping_status":"open","sticky":false,"template":"","format":"standard","meta":{"jetpack_post_was_ever_published":false,"_jetpack_newsletter_access":"","_jetpack_dont_email_post_to_subs":false,"_jetpack_newsletter_tier_id":0,"_jetpack_memberships_contains_paywalled_content":false,"_jetpack_memberships_contains_paid_content":false,"footnotes":"","jetpack_publicize_message":"","jetpack_publicize_feature_enabled":true,"jetpack_social_post_already_shared":true,"jetpack_social_options":{"image_generator_settings":{"template":"highway","default_image_id":0,"font":"","enabled":false},"version":2}},"categories":[5],"tags":[148,172,143],"class_list":["post-124203","post","type-post","status-publish","format-standard","has-post-thumbnail","hentry","category-vicente-de-paul","tag-clichy","tag-pobreza","tag-san-lazaro"],"yoast_head":"<!-- This site is optimized with the Yoast SEO plugin v26.3 - https:\/\/yoast.com\/wordpress\/plugins\/seo\/ -->\n<title>Vicente de Pa\u00fal: Pastor de l\u00edderes - Somos Vicencianos<\/title>\n<meta name=\"robots\" content=\"index, follow, max-snippet:-1, max-image-preview:large, max-video-preview:-1\" \/>\n<link rel=\"canonical\" href=\"https:\/\/vincentians.com\/es\/vicente-de-paul-pastor-de-lideres\/\" \/>\n<meta property=\"og:locale\" content=\"es_ES\" \/>\n<meta property=\"og:type\" content=\"article\" \/>\n<meta property=\"og:title\" content=\"Vicente de Pa\u00fal: Pastor de l\u00edderes - Somos Vicencianos\" \/>\n<meta property=\"og:description\" content=\"LOS EJERCICIOS ESPIRITUALES El P. Vicente se emple\u00f3 en un trabajo callado que produjo grandes resultados, los ejercicios espirituales individuales. A\u00fan antes de 1635 algunos cristianos deseosos de cultivar su esp\u00edritu hab\u00edan sido recibidos en ... Read More\" \/>\n<meta property=\"og:url\" content=\"https:\/\/vincentians.com\/es\/vicente-de-paul-pastor-de-lideres\/\" \/>\n<meta property=\"og:site_name\" content=\"Somos Vicencianos\" \/>\n<meta property=\"article:publisher\" content=\"https:\/\/www.facebook.com\/WeAreVincentians\/\" \/>\n<meta property=\"article:author\" content=\"https:\/\/www.facebook.com\/JavierChento\" \/>\n<meta property=\"article:published_time\" content=\"2023-03-19T07:43:13+00:00\" \/>\n<meta property=\"og:image\" content=\"https:\/\/i0.wp.com\/vincentians.com\/es\/wp-content\/uploads\/sites\/11\/2013\/04\/g.jpg?fit=1170%2C692&ssl=1\" \/>\n\t<meta property=\"og:image:width\" content=\"1170\" \/>\n\t<meta property=\"og:image:height\" content=\"692\" \/>\n\t<meta property=\"og:image:type\" content=\"image\/jpeg\" \/>\n<meta name=\"author\" content=\"Francisco Javier Fern\u00e1ndez Chento\" \/>\n<meta name=\"twitter:card\" content=\"summary_large_image\" \/>\n<meta name=\"twitter:creator\" content=\"@https:\/\/twitter.com\/javierchento\" \/>\n<meta name=\"twitter:site\" content=\"@WeVincentians\" \/>\n<meta name=\"twitter:label1\" content=\"Escrito por\" \/>\n\t<meta name=\"twitter:data1\" content=\"Francisco Javier Fern\u00e1ndez Chento\" \/>\n\t<meta name=\"twitter:label2\" content=\"Tiempo de lectura\" \/>\n\t<meta name=\"twitter:data2\" content=\"11 minutos\" \/>\n<script type=\"application\/ld+json\" class=\"yoast-schema-graph\">{\"@context\":\"https:\/\/schema.org\",\"@graph\":[{\"@type\":\"Article\",\"@id\":\"https:\/\/vincentians.com\/es\/vicente-de-paul-pastor-de-lideres\/#article\",\"isPartOf\":{\"@id\":\"https:\/\/vincentians.com\/es\/vicente-de-paul-pastor-de-lideres\/\"},\"author\":{\"name\":\"Francisco Javier Fern\u00e1ndez Chento\",\"@id\":\"http:\/\/vincentians.com\/es\/#\/schema\/person\/9623ef4d9aa3b2dfb8c061f1499288f2\"},\"headline\":\"Vicente de Pa\u00fal: Pastor de l\u00edderes\",\"datePublished\":\"2023-03-19T07:43:13+00:00\",\"mainEntityOfPage\":{\"@id\":\"https:\/\/vincentians.com\/es\/vicente-de-paul-pastor-de-lideres\/\"},\"wordCount\":2467,\"commentCount\":0,\"publisher\":{\"@id\":\"http:\/\/vincentians.com\/es\/#organization\"},\"image\":{\"@id\":\"https:\/\/vincentians.com\/es\/vicente-de-paul-pastor-de-lideres\/#primaryimage\"},\"thumbnailUrl\":\"https:\/\/i0.wp.com\/vincentians.com\/es\/wp-content\/uploads\/sites\/11\/2013\/04\/g.jpg?fit=1170%2C692\",\"keywords\":[\"Clichy\",\"Pobreza\",\"San L\u00e1zaro\"],\"articleSection\":[\"Vicente de Pa\u00fal\"],\"inLanguage\":\"es\",\"potentialAction\":[{\"@type\":\"CommentAction\",\"name\":\"Comment\",\"target\":[\"https:\/\/vincentians.com\/es\/vicente-de-paul-pastor-de-lideres\/#respond\"]}]},{\"@type\":\"WebPage\",\"@id\":\"https:\/\/vincentians.com\/es\/vicente-de-paul-pastor-de-lideres\/\",\"url\":\"https:\/\/vincentians.com\/es\/vicente-de-paul-pastor-de-lideres\/\",\"name\":\"Vicente de Pa\u00fal: Pastor de l\u00edderes - Somos Vicencianos\",\"isPartOf\":{\"@id\":\"http:\/\/vincentians.com\/es\/#website\"},\"primaryImageOfPage\":{\"@id\":\"https:\/\/vincentians.com\/es\/vicente-de-paul-pastor-de-lideres\/#primaryimage\"},\"image\":{\"@id\":\"https:\/\/vincentians.com\/es\/vicente-de-paul-pastor-de-lideres\/#primaryimage\"},\"thumbnailUrl\":\"https:\/\/i0.wp.com\/vincentians.com\/es\/wp-content\/uploads\/sites\/11\/2013\/04\/g.jpg?fit=1170%2C692\",\"datePublished\":\"2023-03-19T07:43:13+00:00\",\"breadcrumb\":{\"@id\":\"https:\/\/vincentians.com\/es\/vicente-de-paul-pastor-de-lideres\/#breadcrumb\"},\"inLanguage\":\"es\",\"potentialAction\":[{\"@type\":\"ReadAction\",\"target\":[\"https:\/\/vincentians.com\/es\/vicente-de-paul-pastor-de-lideres\/\"]}]},{\"@type\":\"ImageObject\",\"inLanguage\":\"es\",\"@id\":\"https:\/\/vincentians.com\/es\/vicente-de-paul-pastor-de-lideres\/#primaryimage\",\"url\":\"https:\/\/i0.wp.com\/vincentians.com\/es\/wp-content\/uploads\/sites\/11\/2013\/04\/g.jpg?fit=1170%2C692\",\"contentUrl\":\"https:\/\/i0.wp.com\/vincentians.com\/es\/wp-content\/uploads\/sites\/11\/2013\/04\/g.jpg?fit=1170%2C692\",\"width\":1170,\"height\":692},{\"@type\":\"BreadcrumbList\",\"@id\":\"https:\/\/vincentians.com\/es\/vicente-de-paul-pastor-de-lideres\/#breadcrumb\",\"itemListElement\":[{\"@type\":\"ListItem\",\"position\":1,\"name\":\"Portada\",\"item\":\"http:\/\/vincentians.com\/es\/\"},{\"@type\":\"ListItem\",\"position\":2,\"name\":\"Vicente de Pa\u00fal: Pastor de l\u00edderes\"}]},{\"@type\":\"WebSite\",\"@id\":\"http:\/\/vincentians.com\/es\/#website\",\"url\":\"http:\/\/vincentians.com\/es\/\",\"name\":\"Somos Vicencianos\",\"description\":\"Know more to serve more\",\"publisher\":{\"@id\":\"http:\/\/vincentians.com\/es\/#organization\"},\"potentialAction\":[{\"@type\":\"SearchAction\",\"target\":{\"@type\":\"EntryPoint\",\"urlTemplate\":\"http:\/\/vincentians.com\/es\/?s={search_term_string}\"},\"query-input\":{\"@type\":\"PropertyValueSpecification\",\"valueRequired\":true,\"valueName\":\"search_term_string\"}}],\"inLanguage\":\"es\"},{\"@type\":\"Organization\",\"@id\":\"http:\/\/vincentians.com\/es\/#organization\",\"name\":\"The Vincentian Network\",\"url\":\"http:\/\/vincentians.com\/es\/\",\"logo\":{\"@type\":\"ImageObject\",\"inLanguage\":\"es\",\"@id\":\"http:\/\/vincentians.com\/es\/#\/schema\/logo\/image\/\",\"url\":\"https:\/\/i1.wp.com\/vincentians.com\/es\/wp-content\/uploads\/sites\/11\/2016\/06\/Vincentian-Network-logo-big.png?fit=778%2C778\",\"contentUrl\":\"https:\/\/i1.wp.com\/vincentians.com\/es\/wp-content\/uploads\/sites\/11\/2016\/06\/Vincentian-Network-logo-big.png?fit=778%2C778\",\"width\":778,\"height\":778,\"caption\":\"The Vincentian Network\"},\"image\":{\"@id\":\"http:\/\/vincentians.com\/es\/#\/schema\/logo\/image\/\"},\"sameAs\":[\"https:\/\/www.facebook.com\/WeAreVincentians\/\",\"https:\/\/x.com\/WeVincentians\"]},{\"@type\":\"Person\",\"@id\":\"http:\/\/vincentians.com\/es\/#\/schema\/person\/9623ef4d9aa3b2dfb8c061f1499288f2\",\"name\":\"Francisco Javier Fern\u00e1ndez Chento\",\"image\":{\"@type\":\"ImageObject\",\"inLanguage\":\"es\",\"@id\":\"http:\/\/vincentians.com\/es\/#\/schema\/person\/image\/\",\"url\":\"https:\/\/secure.gravatar.com\/avatar\/497d5cde87b4c3d097d0315953521681ba2cd523ee66e5077c3711f7021e65de?s=96&d=mm&r=g\",\"contentUrl\":\"https:\/\/secure.gravatar.com\/avatar\/497d5cde87b4c3d097d0315953521681ba2cd523ee66e5077c3711f7021e65de?s=96&d=mm&r=g\",\"caption\":\"Francisco Javier Fern\u00e1ndez Chento\"},\"description\":\"Director General y cofundador de La Red de Formaci\u00f3n Vicenciana. Javier es laico vicenciano, afiliado a la Congregaci\u00f3n de la Misi\u00f3n y miembro del Equipo de Misiones Populares de la provincia can\u00f3nica de Zaragoza (Espa\u00f1a) de la Congregaci\u00f3n de la Misi\u00f3n. Graduado en la Universidad Oberta de Catalunya con cuatro grados (Asistente de direcci\u00f3n, Gesti\u00f3n Administrativa, Recursos Humanos y Contabilidad Avanzada). Bil\u00edng\u00fce Espa\u00f1ol\/Ingl\u00e9s. gestiona y mantiene varias p\u00e1ginas web cristianas y vicencianas, incluida including La Red de Formaci\u00f3n Vicenciana, de la que es cofundador. Actualmente es responsable del \u00e1rea de Espa\u00f1ol de .famvin, la Red de Noticias de la Familia Vicenciana. Tambi\u00e9n es m\u00fasico cat\u00f3lico y ha editado varios discos. Es Director General y cofundador de Trovador, una reconocida compa\u00f1\u00eda discogr\u00e1fica critiana de Espa\u00f1a. Trabaja en las Tecnolog\u00edas de la Informaci\u00f3n, ofreciendo servicios de alojamiento, dise\u00f1o y mantenimiento Web, as\u00ed como asesoramiento, formaci\u00f3n y soluciones inform\u00e1ticas, gesti\u00f3n documental y digitalizaci\u00f3n de textos, edici\u00f3n y maquetaci\u00f3n de libros, revistas, flyers, etc.\",\"sameAs\":[\"http:\/\/chento.org\",\"https:\/\/www.facebook.com\/JavierChento\",\"https:\/\/x.com\/https:\/\/twitter.com\/javierchento\"],\"url\":\"http:\/\/vincentians.com\/es\/author\/chento\/\"}]}<\/script>\n<!-- \/ Yoast SEO plugin. -->","yoast_head_json":{"title":"Vicente de Pa\u00fal: Pastor de l\u00edderes - Somos Vicencianos","robots":{"index":"index","follow":"follow","max-snippet":"max-snippet:-1","max-image-preview":"max-image-preview:large","max-video-preview":"max-video-preview:-1"},"canonical":"https:\/\/vincentians.com\/es\/vicente-de-paul-pastor-de-lideres\/","og_locale":"es_ES","og_type":"article","og_title":"Vicente de Pa\u00fal: Pastor de l\u00edderes - Somos Vicencianos","og_description":"LOS EJERCICIOS ESPIRITUALES El P. Vicente se emple\u00f3 en un trabajo callado que produjo grandes resultados, los ejercicios espirituales individuales. A\u00fan antes de 1635 algunos cristianos deseosos de cultivar su esp\u00edritu hab\u00edan sido recibidos en ... Read More","og_url":"https:\/\/vincentians.com\/es\/vicente-de-paul-pastor-de-lideres\/","og_site_name":"Somos Vicencianos","article_publisher":"https:\/\/www.facebook.com\/WeAreVincentians\/","article_author":"https:\/\/www.facebook.com\/JavierChento","article_published_time":"2023-03-19T07:43:13+00:00","og_image":[{"width":1170,"height":692,"url":"https:\/\/i0.wp.com\/vincentians.com\/es\/wp-content\/uploads\/sites\/11\/2013\/04\/g.jpg?fit=1170%2C692&ssl=1","type":"image\/jpeg"}],"author":"Francisco Javier Fern\u00e1ndez Chento","twitter_card":"summary_large_image","twitter_creator":"@https:\/\/twitter.com\/javierchento","twitter_site":"@WeVincentians","twitter_misc":{"Escrito por":"Francisco Javier Fern\u00e1ndez Chento","Tiempo de lectura":"11 minutos"},"schema":{"@context":"https:\/\/schema.org","@graph":[{"@type":"Article","@id":"https:\/\/vincentians.com\/es\/vicente-de-paul-pastor-de-lideres\/#article","isPartOf":{"@id":"https:\/\/vincentians.com\/es\/vicente-de-paul-pastor-de-lideres\/"},"author":{"name":"Francisco Javier Fern\u00e1ndez Chento","@id":"http:\/\/vincentians.com\/es\/#\/schema\/person\/9623ef4d9aa3b2dfb8c061f1499288f2"},"headline":"Vicente de Pa\u00fal: Pastor de l\u00edderes","datePublished":"2023-03-19T07:43:13+00:00","mainEntityOfPage":{"@id":"https:\/\/vincentians.com\/es\/vicente-de-paul-pastor-de-lideres\/"},"wordCount":2467,"commentCount":0,"publisher":{"@id":"http:\/\/vincentians.com\/es\/#organization"},"image":{"@id":"https:\/\/vincentians.com\/es\/vicente-de-paul-pastor-de-lideres\/#primaryimage"},"thumbnailUrl":"https:\/\/i0.wp.com\/vincentians.com\/es\/wp-content\/uploads\/sites\/11\/2013\/04\/g.jpg?fit=1170%2C692","keywords":["Clichy","Pobreza","San L\u00e1zaro"],"articleSection":["Vicente de Pa\u00fal"],"inLanguage":"es","potentialAction":[{"@type":"CommentAction","name":"Comment","target":["https:\/\/vincentians.com\/es\/vicente-de-paul-pastor-de-lideres\/#respond"]}]},{"@type":"WebPage","@id":"https:\/\/vincentians.com\/es\/vicente-de-paul-pastor-de-lideres\/","url":"https:\/\/vincentians.com\/es\/vicente-de-paul-pastor-de-lideres\/","name":"Vicente de Pa\u00fal: Pastor de l\u00edderes - Somos Vicencianos","isPartOf":{"@id":"http:\/\/vincentians.com\/es\/#website"},"primaryImageOfPage":{"@id":"https:\/\/vincentians.com\/es\/vicente-de-paul-pastor-de-lideres\/#primaryimage"},"image":{"@id":"https:\/\/vincentians.com\/es\/vicente-de-paul-pastor-de-lideres\/#primaryimage"},"thumbnailUrl":"https:\/\/i0.wp.com\/vincentians.com\/es\/wp-content\/uploads\/sites\/11\/2013\/04\/g.jpg?fit=1170%2C692","datePublished":"2023-03-19T07:43:13+00:00","breadcrumb":{"@id":"https:\/\/vincentians.com\/es\/vicente-de-paul-pastor-de-lideres\/#breadcrumb"},"inLanguage":"es","potentialAction":[{"@type":"ReadAction","target":["https:\/\/vincentians.com\/es\/vicente-de-paul-pastor-de-lideres\/"]}]},{"@type":"ImageObject","inLanguage":"es","@id":"https:\/\/vincentians.com\/es\/vicente-de-paul-pastor-de-lideres\/#primaryimage","url":"https:\/\/i0.wp.com\/vincentians.com\/es\/wp-content\/uploads\/sites\/11\/2013\/04\/g.jpg?fit=1170%2C692","contentUrl":"https:\/\/i0.wp.com\/vincentians.com\/es\/wp-content\/uploads\/sites\/11\/2013\/04\/g.jpg?fit=1170%2C692","width":1170,"height":692},{"@type":"BreadcrumbList","@id":"https:\/\/vincentians.com\/es\/vicente-de-paul-pastor-de-lideres\/#breadcrumb","itemListElement":[{"@type":"ListItem","position":1,"name":"Portada","item":"http:\/\/vincentians.com\/es\/"},{"@type":"ListItem","position":2,"name":"Vicente de Pa\u00fal: Pastor de l\u00edderes"}]},{"@type":"WebSite","@id":"http:\/\/vincentians.com\/es\/#website","url":"http:\/\/vincentians.com\/es\/","name":"Somos Vicencianos","description":"Know more to serve more","publisher":{"@id":"http:\/\/vincentians.com\/es\/#organization"},"potentialAction":[{"@type":"SearchAction","target":{"@type":"EntryPoint","urlTemplate":"http:\/\/vincentians.com\/es\/?s={search_term_string}"},"query-input":{"@type":"PropertyValueSpecification","valueRequired":true,"valueName":"search_term_string"}}],"inLanguage":"es"},{"@type":"Organization","@id":"http:\/\/vincentians.com\/es\/#organization","name":"The Vincentian Network","url":"http:\/\/vincentians.com\/es\/","logo":{"@type":"ImageObject","inLanguage":"es","@id":"http:\/\/vincentians.com\/es\/#\/schema\/logo\/image\/","url":"https:\/\/i1.wp.com\/vincentians.com\/es\/wp-content\/uploads\/sites\/11\/2016\/06\/Vincentian-Network-logo-big.png?fit=778%2C778","contentUrl":"https:\/\/i1.wp.com\/vincentians.com\/es\/wp-content\/uploads\/sites\/11\/2016\/06\/Vincentian-Network-logo-big.png?fit=778%2C778","width":778,"height":778,"caption":"The Vincentian Network"},"image":{"@id":"http:\/\/vincentians.com\/es\/#\/schema\/logo\/image\/"},"sameAs":["https:\/\/www.facebook.com\/WeAreVincentians\/","https:\/\/x.com\/WeVincentians"]},{"@type":"Person","@id":"http:\/\/vincentians.com\/es\/#\/schema\/person\/9623ef4d9aa3b2dfb8c061f1499288f2","name":"Francisco Javier Fern\u00e1ndez Chento","image":{"@type":"ImageObject","inLanguage":"es","@id":"http:\/\/vincentians.com\/es\/#\/schema\/person\/image\/","url":"https:\/\/secure.gravatar.com\/avatar\/497d5cde87b4c3d097d0315953521681ba2cd523ee66e5077c3711f7021e65de?s=96&d=mm&r=g","contentUrl":"https:\/\/secure.gravatar.com\/avatar\/497d5cde87b4c3d097d0315953521681ba2cd523ee66e5077c3711f7021e65de?s=96&d=mm&r=g","caption":"Francisco Javier Fern\u00e1ndez Chento"},"description":"Director General y cofundador de La Red de Formaci\u00f3n Vicenciana. Javier es laico vicenciano, afiliado a la Congregaci\u00f3n de la Misi\u00f3n y miembro del Equipo de Misiones Populares de la provincia can\u00f3nica de Zaragoza (Espa\u00f1a) de la Congregaci\u00f3n de la Misi\u00f3n. Graduado en la Universidad Oberta de Catalunya con cuatro grados (Asistente de direcci\u00f3n, Gesti\u00f3n Administrativa, Recursos Humanos y Contabilidad Avanzada). Bil\u00edng\u00fce Espa\u00f1ol\/Ingl\u00e9s. gestiona y mantiene varias p\u00e1ginas web cristianas y vicencianas, incluida including La Red de Formaci\u00f3n Vicenciana, de la que es cofundador. Actualmente es responsable del \u00e1rea de Espa\u00f1ol de .famvin, la Red de Noticias de la Familia Vicenciana. Tambi\u00e9n es m\u00fasico cat\u00f3lico y ha editado varios discos. Es Director General y cofundador de Trovador, una reconocida compa\u00f1\u00eda discogr\u00e1fica critiana de Espa\u00f1a. Trabaja en las Tecnolog\u00edas de la Informaci\u00f3n, ofreciendo servicios de alojamiento, dise\u00f1o y mantenimiento Web, as\u00ed como asesoramiento, formaci\u00f3n y soluciones inform\u00e1ticas, gesti\u00f3n documental y digitalizaci\u00f3n de textos, edici\u00f3n y maquetaci\u00f3n de libros, revistas, flyers, etc.","sameAs":["http:\/\/chento.org","https:\/\/www.facebook.com\/JavierChento","https:\/\/x.com\/https:\/\/twitter.com\/javierchento"],"url":"http:\/\/vincentians.com\/es\/author\/chento\/"}]}},"jetpack_publicize_connections":[],"jetpack_featured_media_url":"https:\/\/i0.wp.com\/vincentians.com\/es\/wp-content\/uploads\/sites\/11\/2013\/04\/g.jpg?fit=1170%2C692","jetpack_sharing_enabled":true,"jetpack_shortlink":"https:\/\/wp.me\/p7ETMF-wjh","jetpack-related-posts":[{"id":387863,"url":"http:\/\/vincentians.com\/es\/san-vicente-amigo-de-los-pobres-anos-de-desarrollo-1633-1653\/","url_meta":{"origin":124203,"position":0},"title":"San Vicente: Amigo de los pobres: a\u00f1os de desarrollo (1633-1653)","author":"Mitxel Olabu\u00e9naga","date":"15\/10\/2016","format":false,"excerpt":"La vida en San L\u00e1zaro Las lucecillas de las habitaciones se iban apagando una tras otra. En poco tiempo, lentamente, se extinguieron todas. Ha\u00adb\u00eda silencio absoluto en la \u00abcartuja\u00bb. Bueno, una pluma raspeaba en la celda donde permanec\u00eda encendido el \u00fanico quinqu\u00e9. Era el puesto de guardia; all\u00ed viv\u00eda el\u2026","rel":"","context":"En \u00abFormaci\u00f3n Vicenciana\u00bb","block_context":{"text":"Formaci\u00f3n Vicenciana","link":"http:\/\/vincentians.com\/es\/category\/formacion-vicenciana\/"},"img":{"alt_text":"","src":"https:\/\/i0.wp.com\/vincentians.com\/es\/wp-content\/uploads\/sites\/11\/2016\/07\/st-vincent-de-paul.jpg?fit=1200%2C630&resize=350%2C200","width":350,"height":200,"srcset":"https:\/\/i0.wp.com\/vincentians.com\/es\/wp-content\/uploads\/sites\/11\/2016\/07\/st-vincent-de-paul.jpg?fit=1200%2C630&resize=350%2C200 1x, https:\/\/i0.wp.com\/vincentians.com\/es\/wp-content\/uploads\/sites\/11\/2016\/07\/st-vincent-de-paul.jpg?fit=1200%2C630&resize=525%2C300 1.5x, https:\/\/i0.wp.com\/vincentians.com\/es\/wp-content\/uploads\/sites\/11\/2016\/07\/st-vincent-de-paul.jpg?fit=1200%2C630&resize=700%2C400 2x, https:\/\/i0.wp.com\/vincentians.com\/es\/wp-content\/uploads\/sites\/11\/2016\/07\/st-vincent-de-paul.jpg?fit=1200%2C630&resize=1050%2C600 3x"},"classes":[]},{"id":127035,"url":"http:\/\/vincentians.com\/es\/afianzar-la-compania\/","url_meta":{"origin":124203,"position":1},"title":"Afianzar la Compa\u00f1\u00eda","author":"Mitxel Olabu\u00e9naga","date":"23\/01\/2024","format":false,"excerpt":"Los votos Durante el verano de 1640, mientras Luisa organizaba las comunidades de Angers y de los ni\u00f1os abandonados y se preocupaba de los galeotes, no olvidaba avanzar en las es\u00adtructuras de la Compa\u00f1\u00eda. Estaba convencida de que las Hijas de la Caridad formaban bastante m\u00e1s que una simple cofrad\u00eda;\u2026","rel":"","context":"En \u00abHistoria de las Hijas de la Caridad\u00bb","block_context":{"text":"Historia de las Hijas de la Caridad","link":"http:\/\/vincentians.com\/es\/category\/historia-de-la-familia-vicenciana\/historia-de-las-hijas-de-la-caridad\/"},"img":{"alt_text":"","src":"https:\/\/i0.wp.com\/vincentians.com\/es\/wp-content\/uploads\/sites\/11\/2013\/04\/hijas-caridaqd.jpg?fit=1200%2C675&resize=350%2C200","width":350,"height":200,"srcset":"https:\/\/i0.wp.com\/vincentians.com\/es\/wp-content\/uploads\/sites\/11\/2013\/04\/hijas-caridaqd.jpg?fit=1200%2C675&resize=350%2C200 1x, https:\/\/i0.wp.com\/vincentians.com\/es\/wp-content\/uploads\/sites\/11\/2013\/04\/hijas-caridaqd.jpg?fit=1200%2C675&resize=525%2C300 1.5x, https:\/\/i0.wp.com\/vincentians.com\/es\/wp-content\/uploads\/sites\/11\/2013\/04\/hijas-caridaqd.jpg?fit=1200%2C675&resize=700%2C400 2x, https:\/\/i0.wp.com\/vincentians.com\/es\/wp-content\/uploads\/sites\/11\/2013\/04\/hijas-caridaqd.jpg?fit=1200%2C675&resize=1050%2C600 3x"},"classes":[]},{"id":387673,"url":"http:\/\/vincentians.com\/es\/afianzar-la-compania-2\/","url_meta":{"origin":124203,"position":2},"title":"Afianzar la Compa\u00f1\u00eda","author":"Mitxel Olabu\u00e9naga","date":"17\/04\/2016","format":false,"excerpt":"Los votos Durante el verano de 1640, mientras Luisa organizaba las comunidades de Angers y de los ni\u00f1os abandonados y se preocupaba de los galeotes, no olvidaba avanzar en las es\u00adtructuras de la Compa\u00f1\u00eda. Estaba convencida de que las Hijas de la Caridad formaban bastante m\u00e1s que una simple cofrad\u00eda;\u2026","rel":"","context":"En \u00abEspiritualidad\u00bb","block_context":{"text":"Espiritualidad","link":"http:\/\/vincentians.com\/es\/category\/espiritualidad\/"},"img":{"alt_text":"LOGO HHC","src":"https:\/\/i0.wp.com\/vicencianos.org\/wp-content\/uploads\/2016\/03\/LOGO-HHC.gif?resize=350%2C200","width":350,"height":200},"classes":[]},{"id":123748,"url":"http:\/\/vincentians.com\/es\/verdad-religiosa-y-caridad-social-tercera-parte\/","url_meta":{"origin":124203,"position":3},"title":"Verdad religiosa y caridad social: Tercera parte","author":"Mitxel Olabu\u00e9naga","date":"25\/09\/2022","format":false,"excerpt":"Tercera parte: Al Servicio del Clero La \"Religi\u00f3n de San Pedro\".\u2014Urgente necesidad.\u2014Los \"Ejercicios de San Vi\u00adcente\". \u2014 Los Ordenados. \u2014 Asociaci\u00f3n Sacerdotal.\u2014Las Conferencias eclesi\u00e1sti\u00adcas y Bossuet.\u2014Difusi\u00f3n de las Conferen\u00adcias.\u2014El Clero Espa\u00f1ol.\u2014Los Seminarios en Francia.\u2014La Innovaci\u00f3n de San Vi\u00adcente.\u2014La Congregaci\u00f3n de la Misi\u00f3n y los Seminarios Conciliares.\u2014En Espa\u00f1a y sus Colonias.\u2014Episcopologio\u2026","rel":"","context":"En \u00abHistoria de la Congregaci\u00f3n de la Misi\u00f3n\u00bb","block_context":{"text":"Historia de la Congregaci\u00f3n de la Misi\u00f3n","link":"http:\/\/vincentians.com\/es\/category\/historia-de-la-familia-vicenciana\/historia-de-la-congregacion-de-la-mision\/"},"img":{"alt_text":"","src":"https:\/\/i0.wp.com\/vincentians.com\/es\/wp-content\/uploads\/sites\/11\/2013\/04\/formacion_permanente-1.jpg?fit=303%2C303&resize=350%2C200","width":350,"height":200},"classes":[]},{"id":387860,"url":"http:\/\/vincentians.com\/es\/san-vicente-amigo-de-los-pobres-anos-de-consolidacion-1625-1633\/","url_meta":{"origin":124203,"position":4},"title":"San Vicente: Amigo de los pobres: a\u00f1os de consolidaci\u00f3n (1625-1633)","author":"Mitxel Olabu\u00e9naga","date":"14\/10\/2016","format":false,"excerpt":"Las misiones El contrato de fundaci\u00f3n Vamos a entrar en la casa de los Gondi, en la calle Pa\u00ady\u00e9, en Par\u00eds, el 17 de abril de 1625. Poco despu\u00e9s de mediod\u00eda, se re\u00fanen los esposos, dos notarios y el capell\u00e1n. En sencilla cere\u00admonia, leen y firman un contrato. Vicente traz\u00f3\u2026","rel":"","context":"En \u00abFormaci\u00f3n Vicenciana\u00bb","block_context":{"text":"Formaci\u00f3n Vicenciana","link":"http:\/\/vincentians.com\/es\/category\/formacion-vicenciana\/"},"img":{"alt_text":"","src":"https:\/\/i0.wp.com\/vincentians.com\/es\/wp-content\/uploads\/sites\/11\/2016\/07\/st-vincent-de-paul.jpg?fit=1200%2C630&resize=350%2C200","width":350,"height":200,"srcset":"https:\/\/i0.wp.com\/vincentians.com\/es\/wp-content\/uploads\/sites\/11\/2016\/07\/st-vincent-de-paul.jpg?fit=1200%2C630&resize=350%2C200 1x, https:\/\/i0.wp.com\/vincentians.com\/es\/wp-content\/uploads\/sites\/11\/2016\/07\/st-vincent-de-paul.jpg?fit=1200%2C630&resize=525%2C300 1.5x, https:\/\/i0.wp.com\/vincentians.com\/es\/wp-content\/uploads\/sites\/11\/2016\/07\/st-vincent-de-paul.jpg?fit=1200%2C630&resize=700%2C400 2x, https:\/\/i0.wp.com\/vincentians.com\/es\/wp-content\/uploads\/sites\/11\/2016\/07\/st-vincent-de-paul.jpg?fit=1200%2C630&resize=1050%2C600 3x"},"classes":[]},{"id":131359,"url":"http:\/\/vincentians.com\/es\/el-senor-vicente-evolucion-de-un-santo-ix\/","url_meta":{"origin":124203,"position":5},"title":"El se\u00f1or Vicente, evoluci\u00f3n de un santo (IX)","author":"Francisco Javier Fern\u00e1ndez Chento","date":"04\/10\/2014","format":false,"excerpt":"9. BAJO LA BANDERA DE LA CARIDAD. 1.San L\u00e1zaro.- 2.Ordenandos.- 3.Educaci\u00f3n.- 4.Los Lazaristas en su casa.- 5.El se\u00f1or Vicente, familiar de los grandes: los personajes de su entorno.- 6.Bossuet.- 7.Mujeres: religiosas.- 8.Se\u00f1oras del mundo.- 9.Poderosas protectoras de la Obra vicenciana.- 10.La duquesa de Aiguillon.- 11.La reina de Polonia.- 12.Las Damas\u2026","rel":"","context":"En \u00abVicente de Pa\u00fal\u00bb","block_context":{"text":"Vicente de Pa\u00fal","link":"http:\/\/vincentians.com\/es\/category\/la-familia-vicenciana\/fundadores\/vicente-de-paul\/"},"img":{"alt_text":"coraz\u00f3n","src":"https:\/\/i0.wp.com\/vicencianos.org\/wp-content\/2014\/03\/coraz%C3%B3n.jpg?resize=350%2C200","width":350,"height":200},"classes":[]}],"_links":{"self":[{"href":"http:\/\/vincentians.com\/es\/wp-json\/wp\/v2\/posts\/124203","targetHints":{"allow":["GET"]}}],"collection":[{"href":"http:\/\/vincentians.com\/es\/wp-json\/wp\/v2\/posts"}],"about":[{"href":"http:\/\/vincentians.com\/es\/wp-json\/wp\/v2\/types\/post"}],"author":[{"embeddable":true,"href":"http:\/\/vincentians.com\/es\/wp-json\/wp\/v2\/users\/4"}],"replies":[{"embeddable":true,"href":"http:\/\/vincentians.com\/es\/wp-json\/wp\/v2\/comments?post=124203"}],"version-history":[{"count":1,"href":"http:\/\/vincentians.com\/es\/wp-json\/wp\/v2\/posts\/124203\/revisions"}],"predecessor-version":[{"id":404530,"href":"http:\/\/vincentians.com\/es\/wp-json\/wp\/v2\/posts\/124203\/revisions\/404530"}],"wp:featuredmedia":[{"embeddable":true,"href":"http:\/\/vincentians.com\/es\/wp-json\/wp\/v2\/media\/403955"}],"wp:attachment":[{"href":"http:\/\/vincentians.com\/es\/wp-json\/wp\/v2\/media?parent=124203"}],"wp:term":[{"taxonomy":"category","embeddable":true,"href":"http:\/\/vincentians.com\/es\/wp-json\/wp\/v2\/categories?post=124203"},{"taxonomy":"post_tag","embeddable":true,"href":"http:\/\/vincentians.com\/es\/wp-json\/wp\/v2\/tags?post=124203"}],"curies":[{"name":"wp","href":"https:\/\/api.w.org\/{rel}","templated":true}]}}