{"id":12417,"date":"2009-10-25T20:58:03","date_gmt":"2009-10-25T19:58:03","guid":{"rendered":"http:\/\/www.vicencianos.org\/web\/2009\/10\/25\/vicente-de-paul-conferencia-147-extracto-de-una-conferencia\/"},"modified":"2016-07-26T11:01:17","modified_gmt":"2016-07-26T09:01:17","slug":"vicente-de-paul-conferencia-147-extracto-de-una-conferencia","status":"publish","type":"post","link":"http:\/\/vincentians.com\/es\/vicente-de-paul-conferencia-147-extracto-de-una-conferencia\/","title":{"rendered":"Vicente de Pa\u00fal, Conferencia 147: Extracto De Una Conferencia"},"content":{"rendered":"<p><strong>SOBRE LA MISION DADA EN FOLLEVILLE EN 1617<\/strong><\/p>\n<p><em>Ventajas de las confesiones generales. Relato de esta misi\u00f3n.<\/em><\/p>\n<p>Despu\u00e9s de haber contado la conversi\u00f3n de un aldeano de Gannes, san Vicente a\u00f1adi\u00f3:<\/p>\n<p>\u00abLa verg\u00fcenza impide a muchas de esas buenas gentes campesinas confesarse con sus p\u00e1rrocos de todos sus pecados; y esto los mantiene en un estado de condenaci\u00f3n. A este prop\u00f3sito preguntaron un d\u00eda a uno de los hombres m\u00e1s ilustres de estos tiempos si pod\u00edan salvarse esas gentes con esa verg\u00fcenza, que les quita el \u00e1nimo para confesarse de ciertos pecados. El respondi\u00f3 que era indudable que, si mor\u00edan en ese estado, se condenar\u00edan. \u00a1Ay, Dios m\u00edo! (dije entonces en mi interior), \u00a1cu\u00e1ntos se perder\u00e1n entonces! \u00a1Y qu\u00e9 importante es la pr\u00e1ctica de la confesi\u00f3n general, para remediar esta desgracia, ya que va acompa\u00f1ada de ordinario de una verdadera contrici\u00f3n! Aquel hombre dec\u00eda en voz alta que se habr\u00eda condenado, porque estaba verdaderamente tocado del esp\u00edritu de penitencia; y cuando un alma est\u00e1 llena de \u00e9l, concibe tal horror al pecado que no s\u00f3lo se confiesa de \u00e9l al sacerdote, sino que estar\u00eda dispuesto a acusarse de \u00e9l p\u00fablicamente, si fuera necesario para su salvaci\u00f3n. He visto a algunas personas que, despu\u00e9s de su confesi\u00f3n general, deseaban declarar p\u00fablicamente sus pecados delante de todo el mundo, de forma que apenas se las pod\u00eda contener; y aunque yo les prohib\u00eda que lo hicieran, me dec\u00edan: \u00abNo, padre, se los dir\u00e9 a todos; soy un desgraciado, que merezco la muerte\u00bb. Fijaos en esta fuerza de la gracia y del arrepentimiento; yo he visto muchas veces este deseo, y se observa con frecuencia. S\u00ed, cuando Dios entra de este modo en el coraz\u00f3n, le hace concebir tal horror de las ofensas que ha cometido, que le gustar\u00eda manifestarlas a todo el mundo. Y en efecto, hay algunos que, tocados por este esp\u00edritu de compunci\u00f3n, no encuentran ninguna dificultad en decir en alta voz: \u00abSoy un malvado, porque en tal y tal ocasi\u00f3n he hecho esto y esto; le pido perd\u00f3n a Dios, al se\u00f1or p\u00e1rroco y a toda la parroquia\u00bb. Vemos c\u00f3mo lo han practicado los mayores santos. San Agust\u00edn, en sus Confesiones, manifest\u00f3 sus pecados a todo el mundo, imitando a san Pablo, que declar\u00f3 en voz alta y public\u00f3 en sus ep\u00edstolas que hab\u00eda sido un blasfemo y un perseguidor de la Iglesia, a fin de manifestar as\u00ed las misericordias de Dios para con \u00e9l. Tal es el efecto de la gracia, cuando llena un coraz\u00f3n; echa fuera de \u00e9l todo lo que le es contrario\u00bb.<\/p>\n<p>Esta gracia fue la que realiz\u00f3 este efecto saludable en el coraz\u00f3n de aquel aldeano, cuando confes\u00f3 p\u00fablicamente, y en presencia de la se\u00f1ora esposa del general, de la que era vasallo, sus confesiones sacr\u00edlegas y los enormes pecados de su vida pasada; entonces aquella virtuosa dama, llena de admiraci\u00f3n, le dijo al padre Vicente: \u00ab\u00bfQu\u00e9 es lo que acabamos de o\u00edr? Esto mismo les pasa sin duda a la mayor parte de estas gentes. Si este hombre que pasaba por hombre de bien, estaba en estado de condenaci\u00f3n, \u00bfqu\u00e9 ocurrir\u00e1 con los dem\u00e1s que viven tan mal? \u00a1Ay, padre Vicente, cu\u00e1ntas almas se pierden! \u00bfQu\u00e9 remedio podemos poner?\u00bb<\/p>\n<p>\u00abEra el mes de enero de 1617 cuando sucedi\u00f3 esto; y el d\u00eda de la conversi\u00f3n de san Pablo, que es el 25, esta se\u00f1ora me pidi\u00f3, dijo el padre Vicente, que tuviera un serm\u00f3n en la iglesia de Folleville para exhortar a sus habitantes a la confesi\u00f3n general. As\u00ed lo hice: les habl\u00e9 de su importancia y utilidad, y luego les ense\u00f1\u00e9 la manera de hacerlo debidamente. Y Dios tuvo tanto aprecio de la confianza y de la buena fe de aquella se\u00f1ora (pues el gran n\u00famero y la enormidad de mis pecados hubieran impedido el fruto de aquella acci\u00f3n), que bendijo mis palabras y todas aquellas gentes se vieron tan tocadas de Dios que acudieron a hacer su confesi\u00f3n general. Segu\u00ed instruy\u00e9ndolas y disponi\u00e9ndolas a los sacramentos, y empec\u00e9 a escucharlas en confesi\u00f3n. Pero fueron tantos los que acudieron que, no pudiendo atenderles junto con otro sacerdote que me ayudaba, la se\u00f1ora esposa del general rog\u00f3 a los padres jesuitas de Amiens que vinieran a ayudarnos; le escribi\u00f3 al padre rector, que vino personalmente, y como no pod\u00eda quedarse mucho tiempo, envi\u00f3 luego a que ocupara su puesto al reverendo padre Fourch\u00e9, de su misma compa\u00f1\u00eda, para ayudarnos a confesar, predicar y catequizar, encontrando, gracias a Dios, mucha tarea que realizar. Fuimos luego a las otras aldeas que pertenec\u00edan a aquella se\u00f1ora por aquellos contornos y nos sucedi\u00f3 como en la primera. Se reun\u00edan grandes multitudes, y Dios nos concedi\u00f3 su bendici\u00f3n por todas partes. Aquel fue el primer serm\u00f3n de la Misi\u00f3n y el \u00e9xito que Dios le dio el d\u00eda de la conversi\u00f3n de san Pablo: Dios hizo esto no sin sus designios en tal d\u00eda\u00bb.<\/p>\n","protected":false},"excerpt":{"rendered":"<p>SOBRE LA MISION DADA EN FOLLEVILLE EN 1617 Ventajas de las confesiones generales. Relato de esta misi\u00f3n. Despu\u00e9s de haber contado la conversi\u00f3n de un aldeano de Gannes, san Vicente a\u00f1adi\u00f3: \u00abLa verg\u00fcenza impide a &#8230; <a href=\"http:\/\/vincentians.com\/es\/vicente-de-paul-conferencia-147-extracto-de-una-conferencia\/\" class=\"more-link\">Read More<\/a><\/p>\n","protected":false},"author":4,"featured_media":393753,"comment_status":"open","ping_status":"open","sticky":false,"template":"","format":"standard","meta":{"jetpack_post_was_ever_published":false,"_jetpack_newsletter_access":"","_jetpack_dont_email_post_to_subs":false,"_jetpack_newsletter_tier_id":0,"_jetpack_memberships_contains_paywalled_content":false,"_jetpack_memberships_contains_paid_content":false,"footnotes":"","jetpack_publicize_message":"","jetpack_publicize_feature_enabled":true,"jetpack_social_post_already_shared":true,"jetpack_social_options":{"image_generator_settings":{"template":"highway","default_image_id":0,"font":"","enabled":false},"version":2}},"categories":[65],"tags":[175,145],"class_list":["post-12417","post","type-post","status-publish","format-standard","has-post-thumbnail","hentry","category-escritos-de-vicente-de-paul","tag-folleville","tag-gannes"],"yoast_head":"<!-- This site is optimized with the Yoast SEO plugin v26.3 - https:\/\/yoast.com\/wordpress\/plugins\/seo\/ -->\n<title>Vicente de Pa\u00fal, Conferencia 147: Extracto De Una Conferencia - Somos Vicencianos<\/title>\n<meta name=\"robots\" content=\"index, follow, max-snippet:-1, max-image-preview:large, max-video-preview:-1\" \/>\n<link rel=\"canonical\" href=\"http:\/\/vincentians.com\/es\/vicente-de-paul-conferencia-147-extracto-de-una-conferencia\/\" \/>\n<meta property=\"og:locale\" content=\"es_ES\" \/>\n<meta property=\"og:type\" content=\"article\" \/>\n<meta property=\"og:title\" content=\"Vicente de Pa\u00fal, Conferencia 147: Extracto De Una Conferencia - Somos Vicencianos\" \/>\n<meta property=\"og:description\" content=\"SOBRE LA MISION DADA EN FOLLEVILLE EN 1617 Ventajas de las confesiones generales. Relato de esta misi\u00f3n. Despu\u00e9s de haber contado la conversi\u00f3n de un aldeano de Gannes, san Vicente a\u00f1adi\u00f3: \u00abLa verg\u00fcenza impide a ... Read More\" \/>\n<meta property=\"og:url\" content=\"http:\/\/vincentians.com\/es\/vicente-de-paul-conferencia-147-extracto-de-una-conferencia\/\" \/>\n<meta property=\"og:site_name\" content=\"Somos Vicencianos\" \/>\n<meta property=\"article:publisher\" content=\"https:\/\/www.facebook.com\/WeAreVincentians\/\" \/>\n<meta property=\"article:author\" content=\"https:\/\/www.facebook.com\/JavierChento\" \/>\n<meta property=\"article:published_time\" content=\"2009-10-25T19:58:03+00:00\" \/>\n<meta property=\"article:modified_time\" content=\"2016-07-26T09:01:17+00:00\" \/>\n<meta property=\"og:image\" content=\"https:\/\/i0.wp.com\/vincentians.com\/es\/wp-content\/uploads\/sites\/11\/2016\/07\/escritos-vicente-de-paul.jpg?fit=1200%2C630\" \/>\n\t<meta property=\"og:image:width\" content=\"1200\" \/>\n\t<meta property=\"og:image:height\" content=\"630\" \/>\n\t<meta property=\"og:image:type\" content=\"image\/jpeg\" \/>\n<meta name=\"author\" content=\"Francisco Javier Fern\u00e1ndez Chento\" \/>\n<meta name=\"twitter:card\" content=\"summary_large_image\" \/>\n<meta name=\"twitter:creator\" content=\"@https:\/\/twitter.com\/javierchento\" \/>\n<meta name=\"twitter:site\" content=\"@WeVincentians\" \/>\n<meta name=\"twitter:label1\" content=\"Escrito por\" \/>\n\t<meta name=\"twitter:data1\" content=\"Francisco Javier Fern\u00e1ndez Chento\" \/>\n\t<meta name=\"twitter:label2\" content=\"Tiempo de lectura\" \/>\n\t<meta name=\"twitter:data2\" content=\"4 minutos\" \/>\n<script type=\"application\/ld+json\" class=\"yoast-schema-graph\">{\"@context\":\"https:\/\/schema.org\",\"@graph\":[{\"@type\":\"Article\",\"@id\":\"http:\/\/vincentians.com\/es\/vicente-de-paul-conferencia-147-extracto-de-una-conferencia\/#article\",\"isPartOf\":{\"@id\":\"http:\/\/vincentians.com\/es\/vicente-de-paul-conferencia-147-extracto-de-una-conferencia\/\"},\"author\":{\"name\":\"Francisco Javier Fern\u00e1ndez Chento\",\"@id\":\"https:\/\/vincentians.com\/es\/#\/schema\/person\/9623ef4d9aa3b2dfb8c061f1499288f2\"},\"headline\":\"Vicente de Pa\u00fal, Conferencia 147: Extracto De Una Conferencia\",\"datePublished\":\"2009-10-25T19:58:03+00:00\",\"dateModified\":\"2016-07-26T09:01:17+00:00\",\"mainEntityOfPage\":{\"@id\":\"http:\/\/vincentians.com\/es\/vicente-de-paul-conferencia-147-extracto-de-una-conferencia\/\"},\"wordCount\":901,\"commentCount\":0,\"publisher\":{\"@id\":\"https:\/\/vincentians.com\/es\/#organization\"},\"image\":{\"@id\":\"http:\/\/vincentians.com\/es\/vicente-de-paul-conferencia-147-extracto-de-una-conferencia\/#primaryimage\"},\"thumbnailUrl\":\"https:\/\/i0.wp.com\/vincentians.com\/es\/wp-content\/uploads\/sites\/11\/2016\/07\/escritos-vicente-de-paul.jpg?fit=1200%2C630\",\"keywords\":[\"Folleville\",\"Gannes\"],\"articleSection\":[\"Escritos de Vicente de Pa\u00fal\"],\"inLanguage\":\"es\",\"potentialAction\":[{\"@type\":\"CommentAction\",\"name\":\"Comment\",\"target\":[\"http:\/\/vincentians.com\/es\/vicente-de-paul-conferencia-147-extracto-de-una-conferencia\/#respond\"]}]},{\"@type\":\"WebPage\",\"@id\":\"http:\/\/vincentians.com\/es\/vicente-de-paul-conferencia-147-extracto-de-una-conferencia\/\",\"url\":\"http:\/\/vincentians.com\/es\/vicente-de-paul-conferencia-147-extracto-de-una-conferencia\/\",\"name\":\"Vicente de Pa\u00fal, Conferencia 147: Extracto De Una Conferencia - Somos Vicencianos\",\"isPartOf\":{\"@id\":\"https:\/\/vincentians.com\/es\/#website\"},\"primaryImageOfPage\":{\"@id\":\"http:\/\/vincentians.com\/es\/vicente-de-paul-conferencia-147-extracto-de-una-conferencia\/#primaryimage\"},\"image\":{\"@id\":\"http:\/\/vincentians.com\/es\/vicente-de-paul-conferencia-147-extracto-de-una-conferencia\/#primaryimage\"},\"thumbnailUrl\":\"https:\/\/i0.wp.com\/vincentians.com\/es\/wp-content\/uploads\/sites\/11\/2016\/07\/escritos-vicente-de-paul.jpg?fit=1200%2C630\",\"datePublished\":\"2009-10-25T19:58:03+00:00\",\"dateModified\":\"2016-07-26T09:01:17+00:00\",\"breadcrumb\":{\"@id\":\"http:\/\/vincentians.com\/es\/vicente-de-paul-conferencia-147-extracto-de-una-conferencia\/#breadcrumb\"},\"inLanguage\":\"es\",\"potentialAction\":[{\"@type\":\"ReadAction\",\"target\":[\"http:\/\/vincentians.com\/es\/vicente-de-paul-conferencia-147-extracto-de-una-conferencia\/\"]}]},{\"@type\":\"ImageObject\",\"inLanguage\":\"es\",\"@id\":\"http:\/\/vincentians.com\/es\/vicente-de-paul-conferencia-147-extracto-de-una-conferencia\/#primaryimage\",\"url\":\"https:\/\/i0.wp.com\/vincentians.com\/es\/wp-content\/uploads\/sites\/11\/2016\/07\/escritos-vicente-de-paul.jpg?fit=1200%2C630\",\"contentUrl\":\"https:\/\/i0.wp.com\/vincentians.com\/es\/wp-content\/uploads\/sites\/11\/2016\/07\/escritos-vicente-de-paul.jpg?fit=1200%2C630\",\"width\":1200,\"height\":630},{\"@type\":\"BreadcrumbList\",\"@id\":\"http:\/\/vincentians.com\/es\/vicente-de-paul-conferencia-147-extracto-de-una-conferencia\/#breadcrumb\",\"itemListElement\":[{\"@type\":\"ListItem\",\"position\":1,\"name\":\"Portada\",\"item\":\"https:\/\/vincentians.com\/es\/\"},{\"@type\":\"ListItem\",\"position\":2,\"name\":\"Vicente de Pa\u00fal, Conferencia 147: Extracto De Una Conferencia\"}]},{\"@type\":\"WebSite\",\"@id\":\"https:\/\/vincentians.com\/es\/#website\",\"url\":\"https:\/\/vincentians.com\/es\/\",\"name\":\"Somos Vicencianos\",\"description\":\"Know more to serve more\",\"publisher\":{\"@id\":\"https:\/\/vincentians.com\/es\/#organization\"},\"potentialAction\":[{\"@type\":\"SearchAction\",\"target\":{\"@type\":\"EntryPoint\",\"urlTemplate\":\"https:\/\/vincentians.com\/es\/?s={search_term_string}\"},\"query-input\":{\"@type\":\"PropertyValueSpecification\",\"valueRequired\":true,\"valueName\":\"search_term_string\"}}],\"inLanguage\":\"es\"},{\"@type\":\"Organization\",\"@id\":\"https:\/\/vincentians.com\/es\/#organization\",\"name\":\"The Vincentian Network\",\"url\":\"https:\/\/vincentians.com\/es\/\",\"logo\":{\"@type\":\"ImageObject\",\"inLanguage\":\"es\",\"@id\":\"https:\/\/vincentians.com\/es\/#\/schema\/logo\/image\/\",\"url\":\"https:\/\/i1.wp.com\/vincentians.com\/es\/wp-content\/uploads\/sites\/11\/2016\/06\/Vincentian-Network-logo-big.png?fit=778%2C778\",\"contentUrl\":\"https:\/\/i1.wp.com\/vincentians.com\/es\/wp-content\/uploads\/sites\/11\/2016\/06\/Vincentian-Network-logo-big.png?fit=778%2C778\",\"width\":778,\"height\":778,\"caption\":\"The Vincentian Network\"},\"image\":{\"@id\":\"https:\/\/vincentians.com\/es\/#\/schema\/logo\/image\/\"},\"sameAs\":[\"https:\/\/www.facebook.com\/WeAreVincentians\/\",\"https:\/\/x.com\/WeVincentians\"]},{\"@type\":\"Person\",\"@id\":\"https:\/\/vincentians.com\/es\/#\/schema\/person\/9623ef4d9aa3b2dfb8c061f1499288f2\",\"name\":\"Francisco Javier Fern\u00e1ndez Chento\",\"image\":{\"@type\":\"ImageObject\",\"inLanguage\":\"es\",\"@id\":\"https:\/\/vincentians.com\/es\/#\/schema\/person\/image\/\",\"url\":\"https:\/\/secure.gravatar.com\/avatar\/497d5cde87b4c3d097d0315953521681ba2cd523ee66e5077c3711f7021e65de?s=96&d=mm&r=g\",\"contentUrl\":\"https:\/\/secure.gravatar.com\/avatar\/497d5cde87b4c3d097d0315953521681ba2cd523ee66e5077c3711f7021e65de?s=96&d=mm&r=g\",\"caption\":\"Francisco Javier Fern\u00e1ndez Chento\"},\"description\":\"Director General y cofundador de La Red de Formaci\u00f3n Vicenciana. Javier es laico vicenciano, afiliado a la Congregaci\u00f3n de la Misi\u00f3n y miembro del Equipo de Misiones Populares de la provincia can\u00f3nica de Zaragoza (Espa\u00f1a) de la Congregaci\u00f3n de la Misi\u00f3n. Graduado en la Universidad Oberta de Catalunya con cuatro grados (Asistente de direcci\u00f3n, Gesti\u00f3n Administrativa, Recursos Humanos y Contabilidad Avanzada). Bil\u00edng\u00fce Espa\u00f1ol\/Ingl\u00e9s. gestiona y mantiene varias p\u00e1ginas web cristianas y vicencianas, incluida including La Red de Formaci\u00f3n Vicenciana, de la que es cofundador. Actualmente es responsable del \u00e1rea de Espa\u00f1ol de .famvin, la Red de Noticias de la Familia Vicenciana. Tambi\u00e9n es m\u00fasico cat\u00f3lico y ha editado varios discos. Es Director General y cofundador de Trovador, una reconocida compa\u00f1\u00eda discogr\u00e1fica critiana de Espa\u00f1a. Trabaja en las Tecnolog\u00edas de la Informaci\u00f3n, ofreciendo servicios de alojamiento, dise\u00f1o y mantenimiento Web, as\u00ed como asesoramiento, formaci\u00f3n y soluciones inform\u00e1ticas, gesti\u00f3n documental y digitalizaci\u00f3n de textos, edici\u00f3n y maquetaci\u00f3n de libros, revistas, flyers, etc.\",\"sameAs\":[\"http:\/\/chento.org\",\"https:\/\/www.facebook.com\/JavierChento\",\"https:\/\/x.com\/https:\/\/twitter.com\/javierchento\"],\"url\":\"http:\/\/vincentians.com\/es\/author\/chento\/\"}]}<\/script>\n<!-- \/ Yoast SEO plugin. -->","yoast_head_json":{"title":"Vicente de Pa\u00fal, Conferencia 147: Extracto De Una Conferencia - Somos Vicencianos","robots":{"index":"index","follow":"follow","max-snippet":"max-snippet:-1","max-image-preview":"max-image-preview:large","max-video-preview":"max-video-preview:-1"},"canonical":"http:\/\/vincentians.com\/es\/vicente-de-paul-conferencia-147-extracto-de-una-conferencia\/","og_locale":"es_ES","og_type":"article","og_title":"Vicente de Pa\u00fal, Conferencia 147: Extracto De Una Conferencia - Somos Vicencianos","og_description":"SOBRE LA MISION DADA EN FOLLEVILLE EN 1617 Ventajas de las confesiones generales. Relato de esta misi\u00f3n. Despu\u00e9s de haber contado la conversi\u00f3n de un aldeano de Gannes, san Vicente a\u00f1adi\u00f3: \u00abLa verg\u00fcenza impide a ... Read More","og_url":"http:\/\/vincentians.com\/es\/vicente-de-paul-conferencia-147-extracto-de-una-conferencia\/","og_site_name":"Somos Vicencianos","article_publisher":"https:\/\/www.facebook.com\/WeAreVincentians\/","article_author":"https:\/\/www.facebook.com\/JavierChento","article_published_time":"2009-10-25T19:58:03+00:00","article_modified_time":"2016-07-26T09:01:17+00:00","og_image":[{"width":1200,"height":630,"url":"https:\/\/i0.wp.com\/vincentians.com\/es\/wp-content\/uploads\/sites\/11\/2016\/07\/escritos-vicente-de-paul.jpg?fit=1200%2C630","type":"image\/jpeg"}],"author":"Francisco Javier Fern\u00e1ndez Chento","twitter_card":"summary_large_image","twitter_creator":"@https:\/\/twitter.com\/javierchento","twitter_site":"@WeVincentians","twitter_misc":{"Escrito por":"Francisco Javier Fern\u00e1ndez Chento","Tiempo de lectura":"4 minutos"},"schema":{"@context":"https:\/\/schema.org","@graph":[{"@type":"Article","@id":"http:\/\/vincentians.com\/es\/vicente-de-paul-conferencia-147-extracto-de-una-conferencia\/#article","isPartOf":{"@id":"http:\/\/vincentians.com\/es\/vicente-de-paul-conferencia-147-extracto-de-una-conferencia\/"},"author":{"name":"Francisco Javier Fern\u00e1ndez Chento","@id":"https:\/\/vincentians.com\/es\/#\/schema\/person\/9623ef4d9aa3b2dfb8c061f1499288f2"},"headline":"Vicente de Pa\u00fal, Conferencia 147: Extracto De Una Conferencia","datePublished":"2009-10-25T19:58:03+00:00","dateModified":"2016-07-26T09:01:17+00:00","mainEntityOfPage":{"@id":"http:\/\/vincentians.com\/es\/vicente-de-paul-conferencia-147-extracto-de-una-conferencia\/"},"wordCount":901,"commentCount":0,"publisher":{"@id":"https:\/\/vincentians.com\/es\/#organization"},"image":{"@id":"http:\/\/vincentians.com\/es\/vicente-de-paul-conferencia-147-extracto-de-una-conferencia\/#primaryimage"},"thumbnailUrl":"https:\/\/i0.wp.com\/vincentians.com\/es\/wp-content\/uploads\/sites\/11\/2016\/07\/escritos-vicente-de-paul.jpg?fit=1200%2C630","keywords":["Folleville","Gannes"],"articleSection":["Escritos de Vicente de Pa\u00fal"],"inLanguage":"es","potentialAction":[{"@type":"CommentAction","name":"Comment","target":["http:\/\/vincentians.com\/es\/vicente-de-paul-conferencia-147-extracto-de-una-conferencia\/#respond"]}]},{"@type":"WebPage","@id":"http:\/\/vincentians.com\/es\/vicente-de-paul-conferencia-147-extracto-de-una-conferencia\/","url":"http:\/\/vincentians.com\/es\/vicente-de-paul-conferencia-147-extracto-de-una-conferencia\/","name":"Vicente de Pa\u00fal, Conferencia 147: Extracto De Una Conferencia - Somos Vicencianos","isPartOf":{"@id":"https:\/\/vincentians.com\/es\/#website"},"primaryImageOfPage":{"@id":"http:\/\/vincentians.com\/es\/vicente-de-paul-conferencia-147-extracto-de-una-conferencia\/#primaryimage"},"image":{"@id":"http:\/\/vincentians.com\/es\/vicente-de-paul-conferencia-147-extracto-de-una-conferencia\/#primaryimage"},"thumbnailUrl":"https:\/\/i0.wp.com\/vincentians.com\/es\/wp-content\/uploads\/sites\/11\/2016\/07\/escritos-vicente-de-paul.jpg?fit=1200%2C630","datePublished":"2009-10-25T19:58:03+00:00","dateModified":"2016-07-26T09:01:17+00:00","breadcrumb":{"@id":"http:\/\/vincentians.com\/es\/vicente-de-paul-conferencia-147-extracto-de-una-conferencia\/#breadcrumb"},"inLanguage":"es","potentialAction":[{"@type":"ReadAction","target":["http:\/\/vincentians.com\/es\/vicente-de-paul-conferencia-147-extracto-de-una-conferencia\/"]}]},{"@type":"ImageObject","inLanguage":"es","@id":"http:\/\/vincentians.com\/es\/vicente-de-paul-conferencia-147-extracto-de-una-conferencia\/#primaryimage","url":"https:\/\/i0.wp.com\/vincentians.com\/es\/wp-content\/uploads\/sites\/11\/2016\/07\/escritos-vicente-de-paul.jpg?fit=1200%2C630","contentUrl":"https:\/\/i0.wp.com\/vincentians.com\/es\/wp-content\/uploads\/sites\/11\/2016\/07\/escritos-vicente-de-paul.jpg?fit=1200%2C630","width":1200,"height":630},{"@type":"BreadcrumbList","@id":"http:\/\/vincentians.com\/es\/vicente-de-paul-conferencia-147-extracto-de-una-conferencia\/#breadcrumb","itemListElement":[{"@type":"ListItem","position":1,"name":"Portada","item":"https:\/\/vincentians.com\/es\/"},{"@type":"ListItem","position":2,"name":"Vicente de Pa\u00fal, Conferencia 147: Extracto De Una Conferencia"}]},{"@type":"WebSite","@id":"https:\/\/vincentians.com\/es\/#website","url":"https:\/\/vincentians.com\/es\/","name":"Somos Vicencianos","description":"Know more to serve more","publisher":{"@id":"https:\/\/vincentians.com\/es\/#organization"},"potentialAction":[{"@type":"SearchAction","target":{"@type":"EntryPoint","urlTemplate":"https:\/\/vincentians.com\/es\/?s={search_term_string}"},"query-input":{"@type":"PropertyValueSpecification","valueRequired":true,"valueName":"search_term_string"}}],"inLanguage":"es"},{"@type":"Organization","@id":"https:\/\/vincentians.com\/es\/#organization","name":"The Vincentian Network","url":"https:\/\/vincentians.com\/es\/","logo":{"@type":"ImageObject","inLanguage":"es","@id":"https:\/\/vincentians.com\/es\/#\/schema\/logo\/image\/","url":"https:\/\/i1.wp.com\/vincentians.com\/es\/wp-content\/uploads\/sites\/11\/2016\/06\/Vincentian-Network-logo-big.png?fit=778%2C778","contentUrl":"https:\/\/i1.wp.com\/vincentians.com\/es\/wp-content\/uploads\/sites\/11\/2016\/06\/Vincentian-Network-logo-big.png?fit=778%2C778","width":778,"height":778,"caption":"The Vincentian Network"},"image":{"@id":"https:\/\/vincentians.com\/es\/#\/schema\/logo\/image\/"},"sameAs":["https:\/\/www.facebook.com\/WeAreVincentians\/","https:\/\/x.com\/WeVincentians"]},{"@type":"Person","@id":"https:\/\/vincentians.com\/es\/#\/schema\/person\/9623ef4d9aa3b2dfb8c061f1499288f2","name":"Francisco Javier Fern\u00e1ndez Chento","image":{"@type":"ImageObject","inLanguage":"es","@id":"https:\/\/vincentians.com\/es\/#\/schema\/person\/image\/","url":"https:\/\/secure.gravatar.com\/avatar\/497d5cde87b4c3d097d0315953521681ba2cd523ee66e5077c3711f7021e65de?s=96&d=mm&r=g","contentUrl":"https:\/\/secure.gravatar.com\/avatar\/497d5cde87b4c3d097d0315953521681ba2cd523ee66e5077c3711f7021e65de?s=96&d=mm&r=g","caption":"Francisco Javier Fern\u00e1ndez Chento"},"description":"Director General y cofundador de La Red de Formaci\u00f3n Vicenciana. Javier es laico vicenciano, afiliado a la Congregaci\u00f3n de la Misi\u00f3n y miembro del Equipo de Misiones Populares de la provincia can\u00f3nica de Zaragoza (Espa\u00f1a) de la Congregaci\u00f3n de la Misi\u00f3n. Graduado en la Universidad Oberta de Catalunya con cuatro grados (Asistente de direcci\u00f3n, Gesti\u00f3n Administrativa, Recursos Humanos y Contabilidad Avanzada). Bil\u00edng\u00fce Espa\u00f1ol\/Ingl\u00e9s. gestiona y mantiene varias p\u00e1ginas web cristianas y vicencianas, incluida including La Red de Formaci\u00f3n Vicenciana, de la que es cofundador. Actualmente es responsable del \u00e1rea de Espa\u00f1ol de .famvin, la Red de Noticias de la Familia Vicenciana. Tambi\u00e9n es m\u00fasico cat\u00f3lico y ha editado varios discos. Es Director General y cofundador de Trovador, una reconocida compa\u00f1\u00eda discogr\u00e1fica critiana de Espa\u00f1a. Trabaja en las Tecnolog\u00edas de la Informaci\u00f3n, ofreciendo servicios de alojamiento, dise\u00f1o y mantenimiento Web, as\u00ed como asesoramiento, formaci\u00f3n y soluciones inform\u00e1ticas, gesti\u00f3n documental y digitalizaci\u00f3n de textos, edici\u00f3n y maquetaci\u00f3n de libros, revistas, flyers, etc.","sameAs":["http:\/\/chento.org","https:\/\/www.facebook.com\/JavierChento","https:\/\/x.com\/https:\/\/twitter.com\/javierchento"],"url":"http:\/\/vincentians.com\/es\/author\/chento\/"}]}},"jetpack_publicize_connections":[],"jetpack_featured_media_url":"https:\/\/i0.wp.com\/vincentians.com\/es\/wp-content\/uploads\/sites\/11\/2016\/07\/escritos-vicente-de-paul.jpg?fit=1200%2C630","jetpack_sharing_enabled":true,"jetpack_shortlink":"https:\/\/wp.me\/p7ETMF-3eh","jetpack-related-posts":[{"id":119706,"url":"http:\/\/vincentians.com\/es\/el-senor-vicente-relee-su-vida-folleville\/","url_meta":{"origin":12417,"position":0},"title":"El Se\u00f1or Vicente relee su vida: Folleville","author":"Francisco Javier Fern\u00e1ndez Chento","date":"03\/03\/2022","format":false,"excerpt":"Mi celo pastoral aumentaba, yo me ocupaba entonces de los campesinos de los pueblos en las tierras de los Gondi. En efecto, los se\u00f1ores llevaban tambi\u00e9n la responsabilidad espiritual de sus s\u00fabditos. El se\u00f1or de Gondi era consciente de ello. Despu\u00e9s de su entrada solemne en Joigny, para encargarse del\u2026","rel":"","context":"En \u00abVicente de Pa\u00fal\u00bb","block_context":{"text":"Vicente de Pa\u00fal","link":"http:\/\/vincentians.com\/es\/category\/la-familia-vicenciana\/fundadores\/vicente-de-paul\/"},"img":{"alt_text":"","src":"https:\/\/i0.wp.com\/vincentians.com\/es\/wp-content\/uploads\/sites\/11\/2013\/04\/f-4-scaled.jpg?fit=1200%2C570&resize=350%2C200","width":350,"height":200,"srcset":"https:\/\/i0.wp.com\/vincentians.com\/es\/wp-content\/uploads\/sites\/11\/2013\/04\/f-4-scaled.jpg?fit=1200%2C570&resize=350%2C200 1x, https:\/\/i0.wp.com\/vincentians.com\/es\/wp-content\/uploads\/sites\/11\/2013\/04\/f-4-scaled.jpg?fit=1200%2C570&resize=525%2C300 1.5x, https:\/\/i0.wp.com\/vincentians.com\/es\/wp-content\/uploads\/sites\/11\/2013\/04\/f-4-scaled.jpg?fit=1200%2C570&resize=700%2C400 2x, https:\/\/i0.wp.com\/vincentians.com\/es\/wp-content\/uploads\/sites\/11\/2013\/04\/f-4-scaled.jpg?fit=1200%2C570&resize=1050%2C600 3x"},"classes":[]},{"id":403845,"url":"http:\/\/vincentians.com\/es\/vicente-de-paul-en-gannes-folleville-ii\/","url_meta":{"origin":12417,"position":1},"title":"VICENTE DE PAUL EN GANNES-FOLLEVILLE (II)","author":"Mitxel Olabu\u00e9naga","date":"28\/11\/2021","format":false,"excerpt":"GANNES-FOLLEVILLE Vicente de Pa\u00fal vivi\u00f3 en Gannes-Folleville, dos poblaciones de Francia, unas experiencias que no fueron novedosas para \u00e9l, pero que, con el correr de los a\u00f1os, dejaron en \u00e9l una huella extraordi\u00adnaria que transmiti\u00f3 como referente a sus seguidores. Nos estamos refiriendo a la confesi\u00f3n de un moribundo, en\u2026","rel":"","context":"En \u00abFormaci\u00f3n Vicenciana\u00bb","block_context":{"text":"Formaci\u00f3n Vicenciana","link":"http:\/\/vincentians.com\/es\/category\/formacion-vicenciana\/"},"img":{"alt_text":"","src":"https:\/\/i0.wp.com\/vincentians.com\/es\/wp-content\/uploads\/sites\/11\/2017\/04\/vicente-y-eucaristia.jpg?fit=1200%2C630&resize=350%2C200","width":350,"height":200,"srcset":"https:\/\/i0.wp.com\/vincentians.com\/es\/wp-content\/uploads\/sites\/11\/2017\/04\/vicente-y-eucaristia.jpg?fit=1200%2C630&resize=350%2C200 1x, https:\/\/i0.wp.com\/vincentians.com\/es\/wp-content\/uploads\/sites\/11\/2017\/04\/vicente-y-eucaristia.jpg?fit=1200%2C630&resize=525%2C300 1.5x, https:\/\/i0.wp.com\/vincentians.com\/es\/wp-content\/uploads\/sites\/11\/2017\/04\/vicente-y-eucaristia.jpg?fit=1200%2C630&resize=700%2C400 2x, https:\/\/i0.wp.com\/vincentians.com\/es\/wp-content\/uploads\/sites\/11\/2017\/04\/vicente-y-eucaristia.jpg?fit=1200%2C630&resize=1050%2C600 3x"},"classes":[]},{"id":131900,"url":"http:\/\/vincentians.com\/es\/el-senor-vicente-relee-su-vida-vii\/","url_meta":{"origin":12417,"position":2},"title":"El se\u00f1or Vicente relee su vida (VII)","author":"Francisco Javier Fern\u00e1ndez Chento","date":"13\/12\/2014","format":false,"excerpt":"Preceptor Fue en la segunda mitad de 1613 cuando concluy\u00f3 mi b\u00fasqueda que tanto dur\u00f3. Recib\u00eda en efecto \"el cargo de preceptor de los hijos del Se\u00f1or Philippe-Emmanuel de Gondi, Conde de Joigny, General de las Galeras de Francia \". El mayor de los hijos, Pierre, ten\u00eda 11 a\u00f1os, el\u2026","rel":"","context":"En \u00abVicente de Pa\u00fal\u00bb","block_context":{"text":"Vicente de Pa\u00fal","link":"http:\/\/vincentians.com\/es\/category\/la-familia-vicenciana\/fundadores\/vicente-de-paul\/"},"img":{"alt_text":"corazon","src":"https:\/\/i0.wp.com\/vicencianos.org\/wp-content\/2014\/12\/corazon-289x300.jpg?resize=350%2C200","width":350,"height":200},"classes":[]},{"id":403847,"url":"http:\/\/vincentians.com\/es\/vicente-de-paul-en-gannes-folleville-iii\/","url_meta":{"origin":12417,"position":3},"title":"VICENTE DE PAUL EN GANNES-FOLLEVILLE (III)","author":"Mitxel Olabu\u00e9naga","date":"30\/11\/2021","format":false,"excerpt":"2.2. IMPACTO DE LOS ACONTECIMIENTOS EN VICENTE DE PA\u00daL Que el trabajo pastoral en el campo impact\u00f3 a Vicente de Pa\u00fal no nos cabe la m\u00e1s m\u00ednima duda. La miseria religiosa y material con la que se encontr\u00f3 le interrog\u00f3 muy fuertemente, y le hizo buscar soluciones. En un principio\u2026","rel":"","context":"En \u00abFormaci\u00f3n Vicenciana\u00bb","block_context":{"text":"Formaci\u00f3n Vicenciana","link":"http:\/\/vincentians.com\/es\/category\/formacion-vicenciana\/"},"img":{"alt_text":"","src":"https:\/\/i0.wp.com\/vincentians.com\/es\/wp-content\/uploads\/sites\/11\/2017\/04\/vicente-y-eucaristia.jpg?fit=1200%2C630&resize=350%2C200","width":350,"height":200,"srcset":"https:\/\/i0.wp.com\/vincentians.com\/es\/wp-content\/uploads\/sites\/11\/2017\/04\/vicente-y-eucaristia.jpg?fit=1200%2C630&resize=350%2C200 1x, https:\/\/i0.wp.com\/vincentians.com\/es\/wp-content\/uploads\/sites\/11\/2017\/04\/vicente-y-eucaristia.jpg?fit=1200%2C630&resize=525%2C300 1.5x, https:\/\/i0.wp.com\/vincentians.com\/es\/wp-content\/uploads\/sites\/11\/2017\/04\/vicente-y-eucaristia.jpg?fit=1200%2C630&resize=700%2C400 2x, https:\/\/i0.wp.com\/vincentians.com\/es\/wp-content\/uploads\/sites\/11\/2017\/04\/vicente-y-eucaristia.jpg?fit=1200%2C630&resize=1050%2C600 3x"},"classes":[]},{"id":2322,"url":"http:\/\/vincentians.com\/es\/el-episodio-de-gannes-folleville\/","url_meta":{"origin":12417,"position":4},"title":"El episodio de Gannes \u2013 Folleville","author":"Francisco Javier Fern\u00e1ndez Chento","date":"06\/06\/2015","format":false,"excerpt":"En Gannes, a 13 kil\u00f3metros del castillo de Folleville. Era una aldea propiedad de la Se\u00f1ora de Gondi. Hoy tiene unos 300 habitantes. Enero de 1617. Un campesino de unos setenta a\u00f1os agonizaba y ten\u00eda profundos remordimientos de conciencia. Pasaba por un hombre de bien. Seg\u00fan la tradici\u00f3n era el\u2026","rel":"","context":"En \u00abCongregaci\u00f3n de la Misi\u00f3n\u00bb","block_context":{"text":"Congregaci\u00f3n de la Misi\u00f3n","link":"http:\/\/vincentians.com\/es\/category\/la-familia-vicenciana\/ramas\/congregacion-de-la-mision\/"},"img":{"alt_text":"","src":"https:\/\/i0.wp.com\/vicencianos.org\/wp-content\/2010\/01\/flopez048-300x218.jpg?resize=350%2C200","width":350,"height":200},"classes":[]},{"id":403851,"url":"http:\/\/vincentians.com\/es\/vicente-de-paul-en-gannes-folleville-v\/","url_meta":{"origin":12417,"position":5},"title":"VICENTE DE PAUL EN GANNES-FOLLEVILLE (V)","author":"Mitxel Olabu\u00e9naga","date":"04\/12\/2021","format":false,"excerpt":"2.4. ALGUNAS PREGUNTAS EN LA ACTUALIDAD: P. BERNARD KOCH, C. M. Como hemos podido apreciar, los comentaristas e int\u00e9rpretes tradicionales del pensamiento y obra de Vicente de Pa\u00fal sostienen, casi con total unanimidad, que los acontecimientos de enero de 1617 fueron para Vicente de Pa\u00fal acontecimientos excepcionales, reveladores, originales. \u00bfFueron\u2026","rel":"","context":"En \u00abFormaci\u00f3n Vicenciana\u00bb","block_context":{"text":"Formaci\u00f3n Vicenciana","link":"http:\/\/vincentians.com\/es\/category\/formacion-vicenciana\/"},"img":{"alt_text":"","src":"https:\/\/i0.wp.com\/vincentians.com\/es\/wp-content\/uploads\/sites\/11\/2017\/04\/vicente-y-eucaristia.jpg?fit=1200%2C630&resize=350%2C200","width":350,"height":200,"srcset":"https:\/\/i0.wp.com\/vincentians.com\/es\/wp-content\/uploads\/sites\/11\/2017\/04\/vicente-y-eucaristia.jpg?fit=1200%2C630&resize=350%2C200 1x, https:\/\/i0.wp.com\/vincentians.com\/es\/wp-content\/uploads\/sites\/11\/2017\/04\/vicente-y-eucaristia.jpg?fit=1200%2C630&resize=525%2C300 1.5x, https:\/\/i0.wp.com\/vincentians.com\/es\/wp-content\/uploads\/sites\/11\/2017\/04\/vicente-y-eucaristia.jpg?fit=1200%2C630&resize=700%2C400 2x, https:\/\/i0.wp.com\/vincentians.com\/es\/wp-content\/uploads\/sites\/11\/2017\/04\/vicente-y-eucaristia.jpg?fit=1200%2C630&resize=1050%2C600 3x"},"classes":[]}],"_links":{"self":[{"href":"http:\/\/vincentians.com\/es\/wp-json\/wp\/v2\/posts\/12417","targetHints":{"allow":["GET"]}}],"collection":[{"href":"http:\/\/vincentians.com\/es\/wp-json\/wp\/v2\/posts"}],"about":[{"href":"http:\/\/vincentians.com\/es\/wp-json\/wp\/v2\/types\/post"}],"author":[{"embeddable":true,"href":"http:\/\/vincentians.com\/es\/wp-json\/wp\/v2\/users\/4"}],"replies":[{"embeddable":true,"href":"http:\/\/vincentians.com\/es\/wp-json\/wp\/v2\/comments?post=12417"}],"version-history":[{"count":0,"href":"http:\/\/vincentians.com\/es\/wp-json\/wp\/v2\/posts\/12417\/revisions"}],"wp:featuredmedia":[{"embeddable":true,"href":"http:\/\/vincentians.com\/es\/wp-json\/wp\/v2\/media\/393753"}],"wp:attachment":[{"href":"http:\/\/vincentians.com\/es\/wp-json\/wp\/v2\/media?parent=12417"}],"wp:term":[{"taxonomy":"category","embeddable":true,"href":"http:\/\/vincentians.com\/es\/wp-json\/wp\/v2\/categories?post=12417"},{"taxonomy":"post_tag","embeddable":true,"href":"http:\/\/vincentians.com\/es\/wp-json\/wp\/v2\/tags?post=12417"}],"curies":[{"name":"wp","href":"https:\/\/api.w.org\/{rel}","templated":true}]}}