{"id":124164,"date":"2013-07-07T19:55:01","date_gmt":"2013-07-07T17:55:01","guid":{"rendered":"http:\/\/somos.vicencianos.org\/?p=124164"},"modified":"2016-07-27T12:10:36","modified_gmt":"2016-07-27T10:10:36","slug":"p-jose-barcelo-morey-en-memoria","status":"publish","type":"post","link":"http:\/\/vincentians.com\/es\/p-jose-barcelo-morey-en-memoria\/","title":{"rendered":"P. Jos\u00e9 Barcel\u00f3 Morey (en memoria)"},"content":{"rendered":"<div>\n<p><a href=\"http:\/\/vicencianos.org\/blog\/2013\/07\/07\/p-jose-barcelo-morey-en-memoria\/p-jose-barcelo-restos-pedro-borguny1-225x300\/\" rel=\"attachment wp-att-124165\"><img data-recalc-dims=\"1\" loading=\"lazy\" decoding=\"async\" class=\"alignleft size-full wp-image-124165\" src=\"https:\/\/i0.wp.com\/vicencianos.org\/wp-content\/2013\/07\/P.-JOS%C3%89-BARCEL%C3%93-RESTOS-PEDRO-BORGUNY1-225x300.jpg?resize=225%2C300\" alt=\"P.-JOS\u00c9-BARCEL\u00d3-RESTOS-PEDRO-BORGUNY1-225x300\" width=\"225\" height=\"300\" \/><\/a>Una vez m\u00e1s se me ha ofrecido, la opor\u00adtunidad de redactar la biograf\u00eda de un Mi\u00adsionero reci\u00e9n fallecido. Esta vez a petici\u00f3n del Visitador P. Enrique Alagarda, en la primera entrevista que tuvimos despu\u00e9s de su retorno de Palma de Mallorca, donde el d\u00eda anterior 9 de abril hab\u00eda presidido los ac\u00adtos del sepelio y Misa Exequial del benem\u00e9\u00adrito P. Jos\u00e9 Barcel\u00f3 Morey, fallecido a los 8 de la tarde del d\u00eda anterior, ya hospitalizado desde hac\u00eda pocos d\u00edas.<\/p>\n<p>Para empezar me atrevo a decir que a mi parecer se trata de uno de los Misioneros m\u00e1s preclaros, activos, edificantes que ha tenido la Provincia de Barcelona, con una sed insaciable de investigaci\u00f3n acerca de temas relacionados especialmente con los Or\u00edgenes de la Provincia y otros muchos temas vicencianos. Adem\u00e1s de su enorme celo apost\u00f3licos desarrollado sobre todo en la Misi\u00f3n de Honduras. Seguro que los m\u00fal\u00adtiples escritos publicados por este incansa\u00adble misionero en ANALES C.M. y en nues\u00adtro BUTLLLETI IMFORMATIU har\u00e1n que su nombre sea reconocido por la mayor\u00eda de los lectores tanto de nuestro pa\u00eds, como latinoamericanos que lean esta cr\u00f3nica. In\u00addiquemos brevemente sus inicios vitalicios. El P. Visitador, cuando ya casi daba por terminado este estudio, me ha entregado dos largos folios con la biograf\u00eda que el mismo P. Barcel\u00f3 hab\u00eda escrito, no deb\u00eda hacer muchos a\u00f1os, y que una breve parte de ella ir\u00e9 intercalando. Fue el menor <sup>&#8211;<\/sup>de padres realmente cristianos\u00bb . Nac\u00ed (el d\u00eda 1) en el mes del rosario de 1928 en el tranquilo y agr\u00edcola pueblo de Bonnany, de padres realmente cristianos\u00bb, en la Isla de Mallor\u00adca que tant\u00edsimos misioneros ha dado a la Congregaci\u00f3n. Recordemos que la tercera Fundaci\u00f3n de la C.M. en la Pen\u00ednsula fue erigida el a\u00f1o 1736, con los fines espec\u00edficos de dar Misiones Populares y Ejercicios Espi\u00adrituales al clero. Seg\u00fan su biograf\u00eda propia, \u00abla primaria la realic\u00e9 en la escuela p\u00fablica y parroquia\u00bb donde de los 6 a los 10 a\u00f1os fui cantador de la iglesia; cantaba con absoluta naturalidad la misa de Requiem, de Angelis, Tertia, Completas dominicales, todo en lat\u00edn y casi de memoria\u00bb. El futuro mision\u00adero pa\u00fal, despu\u00e9s de haber sido aconsejado por el P. Francisco Mas. \u00abA los diez a\u00f1os mi padre me pas\u00f3 a la Escuela Apost\u00f3lica de la Misi\u00f3n de Palma&#8230;\u00bb A los 16 a\u00f1os el ya maduro joven Jos\u00e9 Barcel\u00f3 junto con otros 5 compa\u00f1eros embarcaron hacia Barcelona para ir a empezar los dos a\u00f1os de Noviciado en Espluga de Francol\u00ed, el tradicional d\u00eda 7 de septiembre.<\/p>\n<p>Entre otros recuerdos de mi convivencia con el mod\u00e9lico Hno. Barcel\u00f3, me ha quedado en el recuerdo su aspecto que le distingu\u00eda como una persona sencilla, afable, experimentada. Fue un gran aficionado no s\u00f3lo a la m\u00fasica cantada, como hemos mencionado, sino tam\u00adbi\u00e9n tocada: \u00f3rgano y piano. Nos deleitaba sentirle tocar escogidas piezas de piano a 4 manos, en las varias veladas que ten\u00edamos durante el a\u00f1o.<\/p>\n<p>Su ordenaci\u00f3n sacerdotal, tuvo lugar el d\u00eda 15 de marzo 1953, fiesta de Sta. Luisa de Marillac de manos de Mons. Emilio Lisson, C.M., siempre dispuesto a conferir las Ordenes Menores o Mayores cuando se le solicitaba. \u00abComenzaba mi etapa de adulto el 19 de marzo, festividad de San Jos\u00e9, ono\u00adm\u00e1stico de mi abuelo, de mi padre y el pro\u00adpio; cant\u00e9 con gozo la Primera Misa en mi pueblo natal, Estuve una semana y luego, con gran pena para todos, para Barcelona donde tomar\u00eda por primera vez el avi\u00f3n de h\u00e9lice, con los compa\u00f1eros PP. Juan Company y Pa\u00adblo Sans, camino de San Pedro Sula, el 15 de abril, v\u00eda Madrid-Habana-San Pedro-Sula\u00ad Tegucigalpa&#8230; Los nueve a\u00f1os vividos en el Seminario me enriquecieron mucho intelec\u00adtual, humana y responsablemente\u00bb.<\/p>\n<p>Llegados a San Pedro Sula se dirigieron en seguida al Seminario Interdiocesano de San Jos\u00e9 de Tegucigalpa, El P. Visitador hab\u00eda es\u00adcogido a aquellos tres misioneros para unirse a varios padres ya en la Misi\u00f3n, encabeza\u00addos por el P. Mariano P\u00e9rez, Los Profesores hicieron sus reuniones de programaci\u00f3n el I de mayo, con la participaci\u00f3n del Arzo\u00adbispo Mons. Jos\u00e9 de la Cruz Turcios y el Vi\u00adcario General . \u00abCon toda ilusi\u00f3n y esfuerzo diario, propio de la juventud, me entregu\u00e9 a la delicada tarea de la formaci\u00f3n sacerdotal. Con muchas clases diarias entre los seminar\u00adistas grandes y chicos. Prefecto de disciplina de los minoristas, historia, Escritura b\u00edblica, m\u00fasica, coro musical&#8230; La satisfacci\u00f3n de haber de haber hecho cuanto pude y pre\u00adparando un grupo de j\u00f3venes hondure\u00f1os al sacerdocio, que hoy sirven en sus pueblos, me llena de gozo.<\/p>\n<p>Tras 3 meses de vacaciones en Espa\u00f1a, a principios de 1962, deseoso de convivir con su amado padre y hermanos, el P. Barcel\u00f3 volvi\u00f3 a Honduras, primero ayudando en los ministerios de la Catedral, y muy pron\u00adto escogido como encargado de la extensa Parroquia de San Jos\u00e9 del barrio Medina, ayudado por el tambi\u00e9n muy celoso P. Juan Civit como vicario. El II de Diciembre del septiembre Mons. Garc\u00eda Villas le nombraba p\u00e1rroco. Se trataba de una parroquia muy extensa, 30.000 habitantes con media doce\u00adna de barriadas algunas todav\u00eda sin iglesia. Con su vicario construyeron tres iglesias y un gran sal\u00f3n escolar apto para toda clase de actividades. Ambos se ve\u00edan obligados los domingos a celebrar 4 o m\u00e1s misas. Los barrios eran habitados mayoritariamente por obreros y clase media de la ciudad; campes\u00adinos en las aldeas, con un millar de feligreses practicantes, con siete Asociaciones parro\u00adquiales. Foment\u00f3 el acercamiento de la clase obrera a la religi\u00f3n, mediante la Hermandad de Jes\u00fas Nazareno, que lleg\u00f3 a tener un cen\u00adtenar y medio de miembros de ambos sexos. con actividades l\u00fadicas incluidas, en las que no pod\u00edan faltar los partidos de f\u00fatbol.<\/p>\n<\/div>\n<p>&nbsp;<\/p>\n<p>El a\u00f1o 2003 fue destinado a Palma de Mal\u00adlorca, sin ning\u00fan cargo en particular, pero no pod\u00eda quedarse sin prestar su ayuda en las actividades tanto en la iglesia, como fuera de casa. El P. Barcel\u00f3 demostr\u00f3 una gran simpat\u00eda con los \u00abexalumnes de la Missio\u00bb con quienes se prestaba a dialogar y aconse\u00adjar con cuantos se lo ped\u00edan sin que faltara nunca a las Reuniones que eran organizadas anualmente. Siempre que el tiempo se lo permit\u00eda, lo empleaba a la lectura, escritura, a publicar o archivar datos vicencianos en su ordenador.<\/p>\n<p>Al finalizar esta biograf\u00eda me he enterado que la mencionada historiadora y escritora Sor Rosa Mendoza hab\u00eda ido a visitar al P. Barcel\u00f3, a quien ten\u00eda una gran amistad, sin duda para saber de su estado de salud y di\u00adalogar acerca de asuntos relacionados a la C.M. o de las Hijas de la Caridad.<\/p>\n<p>El D\u00eda de la Provincia de este a\u00f1o, en la Fi\u00adesta de la Conversi\u00f3n de San Pablo de este a\u00f1o, era tradicional que fueran homenajea\u00addos y participaran en la concelebraci\u00f3n de la Eucarist\u00eda, junto con el P. Visitador, los Padres que conmemoraban alguna efem\u00e9ri\u00addes especial de vocaci\u00f3n o sacerdocio. Ellos fueron el P. Jos\u00e9 Barcel\u00f3 quien pronto cel\u00adebrar\u00eda los 60 a\u00f1os de ordenaci\u00f3n sacerdotal y 50 el P. Gaspar Sastre.<\/p>\n<p>El d\u00eda 15 de marzo, la celebraci\u00f3n fue en la tricentenaria iglesia de nuestra Casa de Pal\u00adma, con asistencia de toda la Comunidad y algunos representantes de las otras Comunidades, con la presencia de un gran grupo de Exalumnes de la Missi\u00f3.<\/p>\n<p>Quien iba a decir que poco pocas semanas m\u00e1s tarde muestra iglesia de Palma de Mal\u00adlorca volv\u00eda llenarse para asistir a la Eu\u00adcarist\u00eda del Funeral de nuestro muy amado y reverenciado por sus cohermanos, y per\u00adsonas que le hab\u00edan conocido. Hac\u00eda alg\u00fan tiempo que el P. Barcel\u00f3 se quejaba de do\u00adlores cada vez m\u00e1s intensos y que casi ya no le permit\u00edan andar sin apoyo. Estos dolores empeoraron pocos d\u00edas antes del 8 de abril y fue llevado al hospital, lugar donde el Se\u00ad\u00f1or de la Vida le ten\u00eda destinado entregar su alma al Creador.<\/p>\n<p>Creo que la mejor manera de dar fin a esta m\u00e1s o menos extensa Biograf\u00eda, es dando gracias al Due\u00f1o de la Mieses, por haber regalado a la Provincia un misionero tan al estilo de San Vicente, fiel a las 5 Virtudes propias: Sencillez, Humildad, Mansedum\u00adbre, Mortificaci\u00f3n y Celo por la salvaci\u00f3n de las almas.<\/p>\n<p>La suya ya debe estar gozando del premio de los Justos, uni\u00e9ndose a los cantos ang\u00e9licos e intercediendo por su tan amada Provincia de Barcelona y por cada uno de sus miem\u00adbros, de toda la Congregaci\u00f3n e las Hijas de la Caridad.<\/p>\n<p>Joan Sonet, C.M.<\/p>\n","protected":false},"excerpt":{"rendered":"<p>Una vez m\u00e1s se me ha ofrecido, la opor\u00adtunidad de redactar la biograf\u00eda de un Mi\u00adsionero reci\u00e9n fallecido. Esta vez a petici\u00f3n del Visitador P. Enrique Alagarda, en la primera entrevista que tuvimos despu\u00e9s de &#8230; <a href=\"http:\/\/vincentians.com\/es\/p-jose-barcelo-morey-en-memoria\/\" class=\"more-link\">Read More<\/a><\/p>\n","protected":false},"author":5,"featured_media":391249,"comment_status":"open","ping_status":"open","sticky":false,"template":"","format":"standard","meta":{"rs_blank_template":"","rs_page_bg_color":"","slide_template_v7":"","_jetpack_newsletter_access":"","_jetpack_dont_email_post_to_subs":false,"_jetpack_newsletter_tier_id":0,"_jetpack_memberships_contains_paywalled_content":false,"_jetpack_feature_clip_id":0,"_jetpack_memberships_contains_paid_content":false,"footnotes":"","jetpack_publicize_message":"","jetpack_publicize_feature_enabled":true,"jetpack_social_post_already_shared":true,"jetpack_social_options":{"image_generator_settings":{"template":"highway","default_image_id":0,"font":"","enabled":false},"version":2},"jetpack_post_was_ever_published":false},"categories":[19],"tags":[176],"class_list":["post-124164","post","type-post","status-publish","format-standard","has-post-thumbnail","hentry","category-biografias-de-misioneros-paules","tag-misiones-populares"],"yoast_head":"<!-- This site is optimized with the Yoast SEO plugin v27.9 - https:\/\/yoast.com\/product\/yoast-seo-wordpress\/ -->\n<title>P. Jos\u00e9 Barcel\u00f3 Morey (en memoria) - Somos Vicencianos<\/title>\n<meta name=\"robots\" content=\"index, follow, max-snippet:-1, max-image-preview:large, max-video-preview:-1\" \/>\n<link rel=\"canonical\" href=\"http:\/\/vincentians.com\/es\/p-jose-barcelo-morey-en-memoria\/\" \/>\n<meta property=\"og:locale\" content=\"es_ES\" \/>\n<meta property=\"og:type\" content=\"article\" \/>\n<meta property=\"og:title\" content=\"P. Jos\u00e9 Barcel\u00f3 Morey (en memoria) - Somos Vicencianos\" \/>\n<meta property=\"og:description\" content=\"Una vez m\u00e1s se me ha ofrecido, la opor\u00adtunidad de redactar la biograf\u00eda de un Mi\u00adsionero reci\u00e9n fallecido. Esta vez a petici\u00f3n del Visitador P. Enrique Alagarda, en la primera entrevista que tuvimos despu\u00e9s de ... Read More\" \/>\n<meta property=\"og:url\" content=\"http:\/\/vincentians.com\/es\/p-jose-barcelo-morey-en-memoria\/\" \/>\n<meta property=\"og:site_name\" content=\"Somos Vicencianos\" \/>\n<meta property=\"article:publisher\" content=\"https:\/\/www.facebook.com\/WeAreVincentians\/\" \/>\n<meta property=\"article:published_time\" content=\"2013-07-07T17:55:01+00:00\" \/>\n<meta property=\"article:modified_time\" content=\"2016-07-27T10:10:36+00:00\" \/>\n<meta property=\"og:image\" content=\"https:\/\/i0.wp.com\/vincentians.com\/es\/wp-content\/uploads\/sites\/11\/2016\/07\/bio-cm.jpg?fit=1200%2C630\" \/>\n\t<meta property=\"og:image:width\" content=\"1200\" \/>\n\t<meta property=\"og:image:height\" content=\"630\" \/>\n\t<meta property=\"og:image:type\" content=\"image\/jpeg\" \/>\n<meta name=\"author\" content=\"Mitxel Olabu\u00e9naga\" \/>\n<meta name=\"twitter:card\" content=\"summary_large_image\" \/>\n<meta name=\"twitter:creator\" content=\"@WeVincentians\" \/>\n<meta name=\"twitter:site\" content=\"@WeVincentians\" \/>\n<meta name=\"twitter:label1\" content=\"Escrito por\" \/>\n\t<meta name=\"twitter:data1\" content=\"Mitxel Olabu\u00e9naga\" \/>\n\t<meta name=\"twitter:label2\" content=\"Tiempo de lectura\" \/>\n\t<meta name=\"twitter:data2\" content=\"8 minutos\" \/>\n<script type=\"application\/ld+json\" class=\"yoast-schema-graph\">{\"@context\":\"https:\\\/\\\/schema.org\",\"@graph\":[{\"@type\":\"Article\",\"@id\":\"http:\\\/\\\/vincentians.com\\\/es\\\/p-jose-barcelo-morey-en-memoria\\\/#article\",\"isPartOf\":{\"@id\":\"http:\\\/\\\/vincentians.com\\\/es\\\/p-jose-barcelo-morey-en-memoria\\\/\"},\"author\":{\"name\":\"Mitxel Olabu\u00e9naga\",\"@id\":\"http:\\\/\\\/vincentians.com\\\/es\\\/#\\\/schema\\\/person\\\/7c2670b4445a7ca9d164ea6acdb31859\"},\"headline\":\"P. Jos\u00e9 Barcel\u00f3 Morey (en memoria)\",\"datePublished\":\"2013-07-07T17:55:01+00:00\",\"dateModified\":\"2016-07-27T10:10:36+00:00\",\"mainEntityOfPage\":{\"@id\":\"http:\\\/\\\/vincentians.com\\\/es\\\/p-jose-barcelo-morey-en-memoria\\\/\"},\"wordCount\":1547,\"commentCount\":0,\"publisher\":{\"@id\":\"http:\\\/\\\/vincentians.com\\\/es\\\/#organization\"},\"image\":{\"@id\":\"http:\\\/\\\/vincentians.com\\\/es\\\/p-jose-barcelo-morey-en-memoria\\\/#primaryimage\"},\"thumbnailUrl\":\"https:\\\/\\\/i0.wp.com\\\/vincentians.com\\\/es\\\/wp-content\\\/uploads\\\/sites\\\/11\\\/2016\\\/07\\\/bio-cm.jpg?fit=1200%2C630\",\"keywords\":[\"Misiones Populares\"],\"articleSection\":[\"Biograf\u00edas de Misioneros Pa\u00fales\"],\"inLanguage\":\"es\",\"potentialAction\":[{\"@type\":\"CommentAction\",\"name\":\"Comment\",\"target\":[\"http:\\\/\\\/vincentians.com\\\/es\\\/p-jose-barcelo-morey-en-memoria\\\/#respond\"]}]},{\"@type\":\"WebPage\",\"@id\":\"http:\\\/\\\/vincentians.com\\\/es\\\/p-jose-barcelo-morey-en-memoria\\\/\",\"url\":\"http:\\\/\\\/vincentians.com\\\/es\\\/p-jose-barcelo-morey-en-memoria\\\/\",\"name\":\"P. Jos\u00e9 Barcel\u00f3 Morey (en memoria) - Somos Vicencianos\",\"isPartOf\":{\"@id\":\"http:\\\/\\\/vincentians.com\\\/es\\\/#website\"},\"primaryImageOfPage\":{\"@id\":\"http:\\\/\\\/vincentians.com\\\/es\\\/p-jose-barcelo-morey-en-memoria\\\/#primaryimage\"},\"image\":{\"@id\":\"http:\\\/\\\/vincentians.com\\\/es\\\/p-jose-barcelo-morey-en-memoria\\\/#primaryimage\"},\"thumbnailUrl\":\"https:\\\/\\\/i0.wp.com\\\/vincentians.com\\\/es\\\/wp-content\\\/uploads\\\/sites\\\/11\\\/2016\\\/07\\\/bio-cm.jpg?fit=1200%2C630\",\"datePublished\":\"2013-07-07T17:55:01+00:00\",\"dateModified\":\"2016-07-27T10:10:36+00:00\",\"breadcrumb\":{\"@id\":\"http:\\\/\\\/vincentians.com\\\/es\\\/p-jose-barcelo-morey-en-memoria\\\/#breadcrumb\"},\"inLanguage\":\"es\",\"potentialAction\":[{\"@type\":\"ReadAction\",\"target\":[\"http:\\\/\\\/vincentians.com\\\/es\\\/p-jose-barcelo-morey-en-memoria\\\/\"]}]},{\"@type\":\"ImageObject\",\"inLanguage\":\"es\",\"@id\":\"http:\\\/\\\/vincentians.com\\\/es\\\/p-jose-barcelo-morey-en-memoria\\\/#primaryimage\",\"url\":\"https:\\\/\\\/i0.wp.com\\\/vincentians.com\\\/es\\\/wp-content\\\/uploads\\\/sites\\\/11\\\/2016\\\/07\\\/bio-cm.jpg?fit=1200%2C630\",\"contentUrl\":\"https:\\\/\\\/i0.wp.com\\\/vincentians.com\\\/es\\\/wp-content\\\/uploads\\\/sites\\\/11\\\/2016\\\/07\\\/bio-cm.jpg?fit=1200%2C630\",\"width\":1200,\"height\":630},{\"@type\":\"BreadcrumbList\",\"@id\":\"http:\\\/\\\/vincentians.com\\\/es\\\/p-jose-barcelo-morey-en-memoria\\\/#breadcrumb\",\"itemListElement\":[{\"@type\":\"ListItem\",\"position\":1,\"name\":\"Portada\",\"item\":\"http:\\\/\\\/vincentians.com\\\/es\\\/\"},{\"@type\":\"ListItem\",\"position\":2,\"name\":\"P. Jos\u00e9 Barcel\u00f3 Morey (en memoria)\"}]},{\"@type\":\"WebSite\",\"@id\":\"http:\\\/\\\/vincentians.com\\\/es\\\/#website\",\"url\":\"http:\\\/\\\/vincentians.com\\\/es\\\/\",\"name\":\"Somos Vicencianos\",\"description\":\"Know more to serve more\",\"publisher\":{\"@id\":\"http:\\\/\\\/vincentians.com\\\/es\\\/#organization\"},\"potentialAction\":[{\"@type\":\"SearchAction\",\"target\":{\"@type\":\"EntryPoint\",\"urlTemplate\":\"http:\\\/\\\/vincentians.com\\\/es\\\/?s={search_term_string}\"},\"query-input\":{\"@type\":\"PropertyValueSpecification\",\"valueRequired\":true,\"valueName\":\"search_term_string\"}}],\"inLanguage\":\"es\"},{\"@type\":\"Organization\",\"@id\":\"http:\\\/\\\/vincentians.com\\\/es\\\/#organization\",\"name\":\"The Vincentian Network\",\"url\":\"http:\\\/\\\/vincentians.com\\\/es\\\/\",\"logo\":{\"@type\":\"ImageObject\",\"inLanguage\":\"es\",\"@id\":\"http:\\\/\\\/vincentians.com\\\/es\\\/#\\\/schema\\\/logo\\\/image\\\/\",\"url\":\"https:\\\/\\\/i1.wp.com\\\/vincentians.com\\\/es\\\/wp-content\\\/uploads\\\/sites\\\/11\\\/2016\\\/06\\\/Vincentian-Network-logo-big.png?fit=778%2C778\",\"contentUrl\":\"https:\\\/\\\/i1.wp.com\\\/vincentians.com\\\/es\\\/wp-content\\\/uploads\\\/sites\\\/11\\\/2016\\\/06\\\/Vincentian-Network-logo-big.png?fit=778%2C778\",\"width\":778,\"height\":778,\"caption\":\"The Vincentian Network\"},\"image\":{\"@id\":\"http:\\\/\\\/vincentians.com\\\/es\\\/#\\\/schema\\\/logo\\\/image\\\/\"},\"sameAs\":[\"https:\\\/\\\/www.facebook.com\\\/WeAreVincentians\\\/\",\"https:\\\/\\\/x.com\\\/WeVincentians\"]},{\"@type\":\"Person\",\"@id\":\"http:\\\/\\\/vincentians.com\\\/es\\\/#\\\/schema\\\/person\\\/7c2670b4445a7ca9d164ea6acdb31859\",\"name\":\"Mitxel Olabu\u00e9naga\",\"image\":{\"@type\":\"ImageObject\",\"inLanguage\":\"es\",\"@id\":\"https:\\\/\\\/secure.gravatar.com\\\/avatar\\\/34137ec2e2b8939cbbed975731e71f3f4f1defc7266ded337a5ce0f925426877?s=96&d=mm&r=g\",\"url\":\"https:\\\/\\\/secure.gravatar.com\\\/avatar\\\/34137ec2e2b8939cbbed975731e71f3f4f1defc7266ded337a5ce0f925426877?s=96&d=mm&r=g\",\"contentUrl\":\"https:\\\/\\\/secure.gravatar.com\\\/avatar\\\/34137ec2e2b8939cbbed975731e71f3f4f1defc7266ded337a5ce0f925426877?s=96&d=mm&r=g\",\"caption\":\"Mitxel Olabu\u00e9naga\"},\"url\":\"http:\\\/\\\/vincentians.com\\\/es\\\/author\\\/mitxel\\\/\"}]}<\/script>\n<!-- \/ Yoast SEO plugin. -->","yoast_head_json":{"title":"P. Jos\u00e9 Barcel\u00f3 Morey (en memoria) - Somos Vicencianos","robots":{"index":"index","follow":"follow","max-snippet":"max-snippet:-1","max-image-preview":"max-image-preview:large","max-video-preview":"max-video-preview:-1"},"canonical":"http:\/\/vincentians.com\/es\/p-jose-barcelo-morey-en-memoria\/","og_locale":"es_ES","og_type":"article","og_title":"P. Jos\u00e9 Barcel\u00f3 Morey (en memoria) - Somos Vicencianos","og_description":"Una vez m\u00e1s se me ha ofrecido, la opor\u00adtunidad de redactar la biograf\u00eda de un Mi\u00adsionero reci\u00e9n fallecido. Esta vez a petici\u00f3n del Visitador P. Enrique Alagarda, en la primera entrevista que tuvimos despu\u00e9s de ... Read More","og_url":"http:\/\/vincentians.com\/es\/p-jose-barcelo-morey-en-memoria\/","og_site_name":"Somos Vicencianos","article_publisher":"https:\/\/www.facebook.com\/WeAreVincentians\/","article_published_time":"2013-07-07T17:55:01+00:00","article_modified_time":"2016-07-27T10:10:36+00:00","og_image":[{"width":1200,"height":630,"url":"https:\/\/i0.wp.com\/vincentians.com\/es\/wp-content\/uploads\/sites\/11\/2016\/07\/bio-cm.jpg?fit=1200%2C630","type":"image\/jpeg"}],"author":"Mitxel Olabu\u00e9naga","twitter_card":"summary_large_image","twitter_creator":"@WeVincentians","twitter_site":"@WeVincentians","twitter_misc":{"Escrito por":"Mitxel Olabu\u00e9naga","Tiempo de lectura":"8 minutos"},"schema":{"@context":"https:\/\/schema.org","@graph":[{"@type":"Article","@id":"http:\/\/vincentians.com\/es\/p-jose-barcelo-morey-en-memoria\/#article","isPartOf":{"@id":"http:\/\/vincentians.com\/es\/p-jose-barcelo-morey-en-memoria\/"},"author":{"name":"Mitxel Olabu\u00e9naga","@id":"http:\/\/vincentians.com\/es\/#\/schema\/person\/7c2670b4445a7ca9d164ea6acdb31859"},"headline":"P. Jos\u00e9 Barcel\u00f3 Morey (en memoria)","datePublished":"2013-07-07T17:55:01+00:00","dateModified":"2016-07-27T10:10:36+00:00","mainEntityOfPage":{"@id":"http:\/\/vincentians.com\/es\/p-jose-barcelo-morey-en-memoria\/"},"wordCount":1547,"commentCount":0,"publisher":{"@id":"http:\/\/vincentians.com\/es\/#organization"},"image":{"@id":"http:\/\/vincentians.com\/es\/p-jose-barcelo-morey-en-memoria\/#primaryimage"},"thumbnailUrl":"https:\/\/i0.wp.com\/vincentians.com\/es\/wp-content\/uploads\/sites\/11\/2016\/07\/bio-cm.jpg?fit=1200%2C630","keywords":["Misiones Populares"],"articleSection":["Biograf\u00edas de Misioneros Pa\u00fales"],"inLanguage":"es","potentialAction":[{"@type":"CommentAction","name":"Comment","target":["http:\/\/vincentians.com\/es\/p-jose-barcelo-morey-en-memoria\/#respond"]}]},{"@type":"WebPage","@id":"http:\/\/vincentians.com\/es\/p-jose-barcelo-morey-en-memoria\/","url":"http:\/\/vincentians.com\/es\/p-jose-barcelo-morey-en-memoria\/","name":"P. Jos\u00e9 Barcel\u00f3 Morey (en memoria) - Somos Vicencianos","isPartOf":{"@id":"http:\/\/vincentians.com\/es\/#website"},"primaryImageOfPage":{"@id":"http:\/\/vincentians.com\/es\/p-jose-barcelo-morey-en-memoria\/#primaryimage"},"image":{"@id":"http:\/\/vincentians.com\/es\/p-jose-barcelo-morey-en-memoria\/#primaryimage"},"thumbnailUrl":"https:\/\/i0.wp.com\/vincentians.com\/es\/wp-content\/uploads\/sites\/11\/2016\/07\/bio-cm.jpg?fit=1200%2C630","datePublished":"2013-07-07T17:55:01+00:00","dateModified":"2016-07-27T10:10:36+00:00","breadcrumb":{"@id":"http:\/\/vincentians.com\/es\/p-jose-barcelo-morey-en-memoria\/#breadcrumb"},"inLanguage":"es","potentialAction":[{"@type":"ReadAction","target":["http:\/\/vincentians.com\/es\/p-jose-barcelo-morey-en-memoria\/"]}]},{"@type":"ImageObject","inLanguage":"es","@id":"http:\/\/vincentians.com\/es\/p-jose-barcelo-morey-en-memoria\/#primaryimage","url":"https:\/\/i0.wp.com\/vincentians.com\/es\/wp-content\/uploads\/sites\/11\/2016\/07\/bio-cm.jpg?fit=1200%2C630","contentUrl":"https:\/\/i0.wp.com\/vincentians.com\/es\/wp-content\/uploads\/sites\/11\/2016\/07\/bio-cm.jpg?fit=1200%2C630","width":1200,"height":630},{"@type":"BreadcrumbList","@id":"http:\/\/vincentians.com\/es\/p-jose-barcelo-morey-en-memoria\/#breadcrumb","itemListElement":[{"@type":"ListItem","position":1,"name":"Portada","item":"http:\/\/vincentians.com\/es\/"},{"@type":"ListItem","position":2,"name":"P. Jos\u00e9 Barcel\u00f3 Morey (en memoria)"}]},{"@type":"WebSite","@id":"http:\/\/vincentians.com\/es\/#website","url":"http:\/\/vincentians.com\/es\/","name":"Somos Vicencianos","description":"Know more to serve more","publisher":{"@id":"http:\/\/vincentians.com\/es\/#organization"},"potentialAction":[{"@type":"SearchAction","target":{"@type":"EntryPoint","urlTemplate":"http:\/\/vincentians.com\/es\/?s={search_term_string}"},"query-input":{"@type":"PropertyValueSpecification","valueRequired":true,"valueName":"search_term_string"}}],"inLanguage":"es"},{"@type":"Organization","@id":"http:\/\/vincentians.com\/es\/#organization","name":"The Vincentian Network","url":"http:\/\/vincentians.com\/es\/","logo":{"@type":"ImageObject","inLanguage":"es","@id":"http:\/\/vincentians.com\/es\/#\/schema\/logo\/image\/","url":"https:\/\/i1.wp.com\/vincentians.com\/es\/wp-content\/uploads\/sites\/11\/2016\/06\/Vincentian-Network-logo-big.png?fit=778%2C778","contentUrl":"https:\/\/i1.wp.com\/vincentians.com\/es\/wp-content\/uploads\/sites\/11\/2016\/06\/Vincentian-Network-logo-big.png?fit=778%2C778","width":778,"height":778,"caption":"The Vincentian Network"},"image":{"@id":"http:\/\/vincentians.com\/es\/#\/schema\/logo\/image\/"},"sameAs":["https:\/\/www.facebook.com\/WeAreVincentians\/","https:\/\/x.com\/WeVincentians"]},{"@type":"Person","@id":"http:\/\/vincentians.com\/es\/#\/schema\/person\/7c2670b4445a7ca9d164ea6acdb31859","name":"Mitxel Olabu\u00e9naga","image":{"@type":"ImageObject","inLanguage":"es","@id":"https:\/\/secure.gravatar.com\/avatar\/34137ec2e2b8939cbbed975731e71f3f4f1defc7266ded337a5ce0f925426877?s=96&d=mm&r=g","url":"https:\/\/secure.gravatar.com\/avatar\/34137ec2e2b8939cbbed975731e71f3f4f1defc7266ded337a5ce0f925426877?s=96&d=mm&r=g","contentUrl":"https:\/\/secure.gravatar.com\/avatar\/34137ec2e2b8939cbbed975731e71f3f4f1defc7266ded337a5ce0f925426877?s=96&d=mm&r=g","caption":"Mitxel Olabu\u00e9naga"},"url":"http:\/\/vincentians.com\/es\/author\/mitxel\/"}]}},"jetpack_publicize_connections":[],"jetpack_featured_media_url":"https:\/\/i0.wp.com\/vincentians.com\/es\/wp-content\/uploads\/sites\/11\/2016\/07\/bio-cm.jpg?fit=1200%2C630","jetpack_sharing_enabled":true,"jetpack_shortlink":"https:\/\/wp.me\/p7ETMF-wiE","jetpack-related-posts":[{"id":949,"url":"http:\/\/vincentians.com\/es\/bibliografia-sobre-la-congregacion-de-la-mision-en-espana\/","url_meta":{"origin":124164,"position":0},"title":"Bibliograf\u00eda sobre la Congregaci\u00f3n de la Misi\u00f3n en Espa\u00f1a","author":"Francisco Javier Fern\u00e1ndez Chento","date":"15\/11\/2022","format":false,"excerpt":"ABAD, N.: \"Ayamonte. Una parroquia m\u00e1s a cargo de la Congregaci\u00f3n\". En Anales Madrid, 1946, pp. 238-242. ABAITUA, M.: \"Fundaciones de Ayer. 1774-1974. El pasado de la Provincia de Zaragoza\". En Anales Madrid, 1975, pp. 747-765. ABAITUA, M.: \"Los PP. Pa\u00fales en el Seminario de San Pablo (Cuenca)\". En Bolet\u00edn\u2026","rel":"","context":"En \u00abCongregaci\u00f3n de la Misi\u00f3n\u00bb","block_context":{"text":"Congregaci\u00f3n de la Misi\u00f3n","link":"http:\/\/vincentians.com\/es\/category\/la-familia-vicenciana\/ramas\/congregacion-de-la-mision\/"},"img":{"alt_text":"","src":"","width":0,"height":0},"classes":[]},{"id":59771,"url":"http:\/\/vincentians.com\/es\/la-virgen-de-la-medalla-milagrosa-en-la-missio-sus-comienzos\/","url_meta":{"origin":124164,"position":1},"title":"La Virgen de la Medalla Milagrosa en \u00abLa Missi\u00f3\u00bb. Sus comienzos","author":"Francisco Javier Fern\u00e1ndez Chento","date":"27\/11\/2020","format":false,"excerpt":"La Inmaculada La CM llega a Espa\u00f1a por Barcelona en 1704. Ya en la primera iglesia edi\u00adficada por los misioneros en la misma calle Tallers, 1710-1746, en el terreno obsequiado por el \"fundador\" Fran\u00adcisco Sentjust aparece la presencia mariana, preside el presbiterio del al\u00adtar mayor la imagen de la Inmaculada\u2026","rel":"","context":"En \u00abVirgen Mar\u00eda\u00bb","block_context":{"text":"Virgen Mar\u00eda","link":"http:\/\/vincentians.com\/es\/category\/espiritualidad\/virgen-maria\/"},"img":{"alt_text":"","src":"https:\/\/i0.wp.com\/vincentians.com\/es\/wp-content\/uploads\/sites\/11\/2016\/07\/votos-hhcc.jpg?fit=1200%2C630&resize=350%2C200","width":350,"height":200,"srcset":"https:\/\/i0.wp.com\/vincentians.com\/es\/wp-content\/uploads\/sites\/11\/2016\/07\/votos-hhcc.jpg?fit=1200%2C630&resize=350%2C200 1x, https:\/\/i0.wp.com\/vincentians.com\/es\/wp-content\/uploads\/sites\/11\/2016\/07\/votos-hhcc.jpg?fit=1200%2C630&resize=525%2C300 1.5x, https:\/\/i0.wp.com\/vincentians.com\/es\/wp-content\/uploads\/sites\/11\/2016\/07\/votos-hhcc.jpg?fit=1200%2C630&resize=700%2C400 2x, https:\/\/i0.wp.com\/vincentians.com\/es\/wp-content\/uploads\/sites\/11\/2016\/07\/votos-hhcc.jpg?fit=1200%2C630&resize=1050%2C600 3x"},"classes":[]},{"id":21455,"url":"http:\/\/vincentians.com\/es\/coloquio-sobre-la-historia-de-la-congregacion-de-la-mision-y-de-las-hijas-de-la-caridad-en-la-espana-del-siglo-xix\/","url_meta":{"origin":124164,"position":2},"title":"Coloquio sobre la historia de la Congregaci\u00f3n de la Misi\u00f3n y de las Hijas de la Caridad en la Espa\u00f1a del siglo XIX","author":"Mitxel Olabu\u00e9naga","date":"30\/08\/2012","format":false,"excerpt":"Todo efecto tiene su causa. Los Visitadores de las cuatro provincias de Espa\u00f1a en su reuni\u00f3n del 8 de noviembre del a\u00f1o 2009 decidieron convocar un coloquio sobre la historia de la Congregaci\u00f3n de la Misi\u00f3n y de las Hijas de la Caridad en Espa\u00f1a durante el S. XIX. Nombraron\u2026","rel":"","context":"En \u00abCongregaci\u00f3n de la Misi\u00f3n\u00bb","block_context":{"text":"Congregaci\u00f3n de la Misi\u00f3n","link":"http:\/\/vincentians.com\/es\/category\/la-familia-vicenciana\/ramas\/congregacion-de-la-mision\/"},"img":{"alt_text":"","src":"https:\/\/i0.wp.com\/vicencianos.org\/wp-content\/2012\/08\/sv.jpg?resize=350%2C200","width":350,"height":200},"classes":[]},{"id":95839,"url":"http:\/\/vincentians.com\/es\/recuerdo-del-p-vicente-lebbe\/","url_meta":{"origin":124164,"position":3},"title":"Recuerdo del P. Vicente Lebbe","author":"Mitxel Olabu\u00e9naga","date":"25\/05\/2018","format":false,"excerpt":"En una reuni\u00f3n en la que se hablaba sobre las posibilidades de di\u00e1logo con la nueva China, uno de los interlocutores dijo: \"Habr\u00eda que seguir el m\u00e9todo del P. Lebbe\". Pero la investigaci\u00f3n en la historia de la C.M. exigir\u00eda, en lo que cabe, la publicaci\u00f3n de nuestros documentos relativos\u2026","rel":"","context":"En \u00abBiograf\u00edas de Misioneros Pa\u00fales\u00bb","block_context":{"text":"Biograf\u00edas de Misioneros Pa\u00fales","link":"http:\/\/vincentians.com\/es\/category\/la-familia-vicenciana\/biografias-vicencianas\/biografias-de-misioneros-paules\/"},"img":{"alt_text":"","src":"https:\/\/i0.wp.com\/vincentians.com\/es\/wp-content\/uploads\/sites\/11\/2016\/07\/bio-cm.jpg?fit=1200%2C630&resize=350%2C200","width":350,"height":200,"srcset":"https:\/\/i0.wp.com\/vincentians.com\/es\/wp-content\/uploads\/sites\/11\/2016\/07\/bio-cm.jpg?fit=1200%2C630&resize=350%2C200 1x, https:\/\/i0.wp.com\/vincentians.com\/es\/wp-content\/uploads\/sites\/11\/2016\/07\/bio-cm.jpg?fit=1200%2C630&resize=525%2C300 1.5x, https:\/\/i0.wp.com\/vincentians.com\/es\/wp-content\/uploads\/sites\/11\/2016\/07\/bio-cm.jpg?fit=1200%2C630&resize=700%2C400 2x, https:\/\/i0.wp.com\/vincentians.com\/es\/wp-content\/uploads\/sites\/11\/2016\/07\/bio-cm.jpg?fit=1200%2C630&resize=1050%2C600 3x"},"classes":[]},{"id":1253,"url":"http:\/\/vincentians.com\/es\/vicente-de-paul-biografia-roman\/","url_meta":{"origin":124164,"position":4},"title":"Vicente de Pa\u00fal, biograf\u00eda (Rom\u00e1n)","author":"Francisco Javier Fern\u00e1ndez Chento","date":"23\/11\/2013","format":false,"excerpt":"PRESENTACI\u00d3N por Richard McCullen C.M. Los bosques y la niebla siemore desafiar\u00e1n la naturaleza inquisitiva del hombre. De San Vicente de Pa\u00fal se ha dicho que sus obras lo rodean como un bosque y su humildad lo envuelve como una niebla. Por ese bosque y por esa niebla nos conduce\u2026","rel":"","context":"En \u00abVicente de Pa\u00fal\u00bb","block_context":{"text":"Vicente de Pa\u00fal","link":"http:\/\/vincentians.com\/es\/category\/la-familia-vicenciana\/fundadores\/vicente-de-paul\/"},"img":{"alt_text":"0286B","src":"https:\/\/i0.wp.com\/vicencianos.org\/vicencianos\/files\/2009\/12\/0286B-187x300.jpg?resize=350%2C200","width":350,"height":200},"classes":[]},{"id":17597,"url":"http:\/\/vincentians.com\/es\/jose-maria-roman-fuentes-c-m\/","url_meta":{"origin":124164,"position":5},"title":"Jos\u00e9 Mar\u00eda Rom\u00e1n Fuentes, C.M.","author":"Mitxel Olabu\u00e9naga","date":"01\/12\/2013","format":false,"excerpt":"Los hombres somos de visi\u00f3n corta. Esto explica que, al contemplar la realidad, lo hagamos con limitaciones. As\u00ed, nos resulta imposible ver una gigantesca catedral con el microscopio de nuestra retina. Lo que ser\u00eda muy apropiado para analizar una piedrecita se torna desproporcionado para contemplar un enorme mosaico. En el\u2026","rel":"","context":"En \u00abBiograf\u00edas de Misioneros Pa\u00fales\u00bb","block_context":{"text":"Biograf\u00edas de Misioneros Pa\u00fales","link":"http:\/\/vincentians.com\/es\/category\/la-familia-vicenciana\/biografias-vicencianas\/biografias-de-misioneros-paules\/"},"img":{"alt_text":"","src":"https:\/\/i0.wp.com\/vincentians.com\/es\/wp-content\/uploads\/sites\/11\/2016\/07\/bio-cm.jpg?fit=1200%2C630&resize=350%2C200","width":350,"height":200,"srcset":"https:\/\/i0.wp.com\/vincentians.com\/es\/wp-content\/uploads\/sites\/11\/2016\/07\/bio-cm.jpg?fit=1200%2C630&resize=350%2C200 1x, https:\/\/i0.wp.com\/vincentians.com\/es\/wp-content\/uploads\/sites\/11\/2016\/07\/bio-cm.jpg?fit=1200%2C630&resize=525%2C300 1.5x, https:\/\/i0.wp.com\/vincentians.com\/es\/wp-content\/uploads\/sites\/11\/2016\/07\/bio-cm.jpg?fit=1200%2C630&resize=700%2C400 2x, https:\/\/i0.wp.com\/vincentians.com\/es\/wp-content\/uploads\/sites\/11\/2016\/07\/bio-cm.jpg?fit=1200%2C630&resize=1050%2C600 3x"},"classes":[]}],"_links":{"self":[{"href":"http:\/\/vincentians.com\/es\/wp-json\/wp\/v2\/posts\/124164","targetHints":{"allow":["GET"]}}],"collection":[{"href":"http:\/\/vincentians.com\/es\/wp-json\/wp\/v2\/posts"}],"about":[{"href":"http:\/\/vincentians.com\/es\/wp-json\/wp\/v2\/types\/post"}],"author":[{"embeddable":true,"href":"http:\/\/vincentians.com\/es\/wp-json\/wp\/v2\/users\/5"}],"replies":[{"embeddable":true,"href":"http:\/\/vincentians.com\/es\/wp-json\/wp\/v2\/comments?post=124164"}],"version-history":[{"count":0,"href":"http:\/\/vincentians.com\/es\/wp-json\/wp\/v2\/posts\/124164\/revisions"}],"wp:featuredmedia":[{"embeddable":true,"href":"http:\/\/vincentians.com\/es\/wp-json\/wp\/v2\/media\/391249"}],"wp:attachment":[{"href":"http:\/\/vincentians.com\/es\/wp-json\/wp\/v2\/media?parent=124164"}],"wp:term":[{"taxonomy":"category","embeddable":true,"href":"http:\/\/vincentians.com\/es\/wp-json\/wp\/v2\/categories?post=124164"},{"taxonomy":"post_tag","embeddable":true,"href":"http:\/\/vincentians.com\/es\/wp-json\/wp\/v2\/tags?post=124164"}],"curies":[{"name":"wp","href":"https:\/\/api.w.org\/{rel}","templated":true}]}}