{"id":123807,"date":"2022-09-27T08:37:47","date_gmt":"2022-09-27T06:37:47","guid":{"rendered":"http:\/\/somos.vicencianos.org\/?p=123807"},"modified":"2022-08-09T20:46:11","modified_gmt":"2022-08-09T18:46:11","slug":"historia-de-los-paules-en-cuba-capitulo-ix-b","status":"publish","type":"post","link":"http:\/\/vincentians.com\/es\/historia-de-los-paules-en-cuba-capitulo-ix-b\/","title":{"rendered":"Historia de los PA\u00daLES en Cuba: Cap\u00edtulo IX (B)"},"content":{"rendered":"<p><b>2. 1927. Historia de la primera casa y capilla de la Milagrosa en Santos Su\u00e1rez, <\/b><b>La Habana.<\/b> 1946: Construcci\u00f3n del templo actual de la Parroquia de la Milagrosa con la bendici\u00f3n de la primera piedra.<\/p>\n<p>Es posible que la Iglesia de la Milagrosa de La Habana haya comenzado a gestarse en la mente de los Pa\u00fales en 1918, cuando el P. Juan Alvarez, Visitador, se preocupaba porque muchos vecinos de la Ciudad de La Habana comenzaban a emigrar de sus antiguas casas situadas en el casco hist\u00f3rico o los alrededores cercanos para los nuevos barrios que surg\u00edan en el Vedado, la V\u00edbora, Luyan\u00f3, Lawton, Santos Su\u00e1rez y otros viejos lugares habitados, que comenzaban a crecer y a conectarse entre s\u00ed. Al mismo tiempo, las antiguas casas de La Habana colonial comenzaban a ser ocupadas por inmigrantes europeos, sobre todo polacos, muchos de los cuales eran de origen jud\u00edo, de manera que en pocos a\u00f1os el barrio donde se encontraba situada la Iglesia de la Merced comenz\u00f3 a ser llamado \u00abVarsovia\u00bb, recordando la capital de Polonia.<\/p>\n<p>Al mismo tiempo, los m\u00e1s ricos comenzaban a construir grandes y lujosas residencias en los mejores lugares del Vedado o Miramar. Las familias que viv\u00edan frente a la Merced, o en las esquinas aleda\u00f1as al templo, comenzaron a mudarse. Este proceso ya hab\u00eda comenzado a los inicios del siglo XX.<\/p>\n<p>Hab\u00eda sido siempre la aspiraci\u00f3n de los Padres Pa\u00fales el fundar otra casa en la Habana, pues la Merced, por raz\u00f3n del vecindario que desmejoraba mucho, ya no es lo que fue. Para las grandes fiestas todav\u00eda viene la gente, pero para el culto diario, sin las grandes familias, ya no es posible defenderlo.<\/p>\n<p>En medio de aquellos cambios que se iban desarrollando en el entorno, cuando los Pa\u00fales residentes en la Merced se enteraron de que la Sra. Mar\u00eda Dolores Mach\u00edn, Secretaria o Tesorera de las Damas de la Caridad, era la propietaria de los terrenos donde fue construido en el siglo XIX el antiguo Cementerio Espada, muy cerca de los Pa\u00fales, varios representantes de la comunidad, entre los que se encontraba el P. Chaurrondo, fueron a ver el solar para analizar la posibilidad de levantar en \u00e9l una Iglesia bajo la advocaci\u00f3n de la Virgen Milagrosa. Comunicaron la gesti\u00f3n realizada y sus conclusiones al P. Alvarez, que prometi\u00f3 hablar con Mar\u00eda Dolores, pero el asunto no progres\u00f3.<\/p>\n<p>Poco tiempo despu\u00e9s el P. Alvarez pens\u00f3 en la posibilidad de levantar una bas\u00edlica a la Milagrosa en la Loma de Chaple, que dominaba la ciudad. Para lograr su prop\u00f3sito realiz\u00f3 numerosas gestiones, adquiri\u00f3 una propiedad r\u00fastica para fomentarla y acopiar fondos, realiz\u00f3 numerosos gastos\u2026 y en definitiva no pudo materializar su sue\u00f1o. Pero dejemos que el P. Chaurrondo nos narre esta interesante historia:<\/p>\n<p>Se acarici\u00f3 la idea de levantar el templo en Marqu\u00e9s Gonz\u00e1lez y Ancha del Norte. En efecto, yo trabaj\u00e9 indeciblemente por conseguir el terreno de los Ajuria y redact\u00e9 la libreta de las colectas que corri\u00f3 por las Hermanas y por sus amigas durante el a\u00f1o 1925 y1926. Se hizo voz p\u00fablica de la idea, pero un d\u00eda so Concepci\u00f3n Crespo me manifest\u00f3 el acuerdo del Consejo de las Hermanas, final de 1925, de que ver\u00eda con disgusto que la futura Iglesia fuera Parroquia y para el p\u00fablico. La noticia hiri\u00f3 mi coraz\u00f3n y me convenc\u00ed de que el ego\u00edsmo era el \u00fanico m\u00f3vil de las Hermanas.<\/p>\n<p>Entonces resolv\u00ed delante de la Virgen de buscarle otro lugar donde levantar su templo, y de no ir a una con las Hermanas, cosa que me autoriz\u00f3 el P. Atienza, el cual era del parecer de no levantar el templo en Marqu\u00e9s Gonz\u00e1lez.<\/p>\n<p>La Virgen nos oy\u00f3. Cuando vino el P. L\u00f3pez le suger\u00ed la idea de dirigirme al Prelado, Febrero de 1927, pidi\u00e9ndole autorizaci\u00f3n para hacerla en Santos Su\u00e1rez. Acompa\u00f1\u00e9 al P. L\u00f3pez y yo se lo ped\u00ed al Sr. Arzobispo y \u00e9l me autoriz\u00f3 estableciendo temporalmente la Capilla en Serrano, N. 8.<\/p>\n<p>Se abri\u00f3 la casa en Serrano N. 8, pagando 95 pesos de alquiler y gastando como 200:00 pesos en la adaptaci\u00f3n del frente para Capilla[\/note].pero al segundo d\u00eda nos convencimos que no hab\u00edamos conseguido nada con gastar ese dinero, pues el n\u00famero de gente fue tal, que m\u00e1s de la mitad se qued\u00f3 sin o\u00edr misa. A todo esto se present\u00f3 un problema. El Se\u00f1or Arzobispo comenz\u00f3 el expediente, cont\u00e1ndonos que algunos p\u00e1rrocos le hab\u00edan contestado que no estaban de acuerdo con nuestra presencia en la zona. Pero al fin, el Sr. Arzobispo dio los dos decretos, a reserva de refrendarlos en Roma, para mayor seguridad.<\/p>\n<p>A los pocos d\u00edas de la fundaci\u00f3n se entr\u00f3 en trato para alquilar en la misma manzana una nave que desde el cicl\u00f3n estaba en mal estado. Pidi\u00f3 el due\u00f1o 70,00 pesos de alquiler y como le adelantamos hasta Junio, con esa cantidad arregl\u00f3 el local y lo que son las cosas, un fondo de manifestador hecho por el P. Vilad\u00e1s sirvi\u00f3 de altar. Siempre la sombra ben\u00e9fica del P. Vilad\u00e1s<\/p>\n<p><i>Con el P. Ayerra se comenz\u00f3 a trabajar con intensidad. La gente <\/i><i>acudi\u00f3, el Catecismo aument\u00f3 y la idea de un lugar m\u00e1s adecuado y <\/i><i>m\u00e1s presentable urg\u00eda. El P. L\u00f3pez y yo nos pusimos en marcha y <\/i><i>fuimos a visitar solares. Vimos uno en Santa Eulalia y Paz, que nos <\/i><i>pareci\u00f3 bueno, pero nada m\u00e1s. All\u00ed se nos acerc\u00f3 un hombre y nos <\/i><i>habl\u00f3 de otro solar en Goicur\u00eda y Luis Est\u00e9vez, el cual ten\u00eda la <\/i><i>ventaja de que s\u00f3lo hab\u00eda que pagar el diez por ciento al contado, y <\/i><i>el resto en hipoteca al seis por ciento. Se firm\u00f3 la opci\u00f3n, se <\/i><i>comunic\u00f3 al Sr. Arzobispo, pero \u00e9ste, antes de contestar <\/i><i>negativamente, nos llam\u00f3 al P. L\u00f3pez y a m\u00ed y nos rog\u00f3 que desisti\u00e9ramos de aquel lugar por estar en la Parroquia de Paula. Y as\u00ed lo hicimos. Pero el hombre que hab\u00eda gestionado aquel terreno no desisti\u00f3 de buscar otros. Dio con los terrenos actuales de Santos Su\u00e1rez y Paz, que pertenec\u00edan a cinco individuos, nada menos. Estos terrenos ten\u00edan el inconveniente de que hab\u00eda que pagarlos al contado y no hab\u00eda dinero. Pero ten\u00eda la ventaja de tener dos casas, una de las cuales servir\u00eda para vivienda y la otra para capilla, quedando terreno para empezar la iglesia. Entre el bodeguero de enfrente, que nos prest\u00f3 20.000 pesos, y las contribuciones de los Padres y las de algunas Hermanas, se logr\u00f3 llevar a cabo la operaci\u00f3n.<\/i><\/p>\n<p><i>Los tres Padres comenzaron la obra pues esta ten\u00eda que salir de las <\/i><i>limosnas del barrio. Se pidi\u00f3 por las casas del barrio, la <\/i><i>Asociaci\u00f3n de la Medalla Milagrosa de la Merced dio 400:00, una <\/i><i>comisi\u00f3n de se\u00f1oritas pidi\u00f3 por las casas del barrio\u2026y as\u00ed la <\/i><i>capilla qued\u00f3 terminada para primeros de Febrero. Fue <\/i><i>verdaderamente una labor intensa la realizada por los Padres en tan <\/i><i>corto tiempo.<\/i><\/p>\n<p>Esas fueron las dos primeras iniciativas para erigir un templo dedicado a la Virgen Milagrosa en La Habana. Completamos la historia con los datos siguientes:<\/p>\n<p>En 1925, el P. Alvarez viaj\u00f3 a Par\u00eds y nunca regres\u00f3 a Cuba. La Provincia se qued\u00f3 sin Visitador, aunque estaba al frente el P. Saturnino Ib\u00e1\u00f1ez, que era un hombre muy creativo y amante del progreso. Como consejero, el P. Izurriaga. Por aquel entonces, los Padres Angel Tobar e Hilario Chaurrondo, despu\u00e9s de comunicar sus prop\u00f3sitos al P. Izurriaga, fueron a ver al Arzobispo de La Habana, Mons. Manuel Ruiz, y le explicaron sus planes de fundar una nueva casa e Iglesia en La Habana. La nueva casa y futura iglesia permitir\u00eda abrir nuevos horizontes a la Congregaci\u00f3n de la Misi\u00f3n, cuyos miembros hab\u00edan aumentado porque con la persecuci\u00f3n de M\u00e9jico hab\u00edan llegado a La Habana nuevos Padres Pa\u00fales.<\/p>\n<p>El Arzobispo coment\u00f3, de muy buen grado, que si los Pa\u00fales quer\u00edan abrir dos o tres casas m\u00e1s en vez de una, \u00e9l estar\u00eda de acuerdo. Como quiera que los Pa\u00fales de La Habana no pod\u00edan hacer contratos mientras no llegara el P. Joaqu\u00edn Atienza, Comisario del P. General, Mons. Ruiz les dijo que fueran pensando en qu\u00e9 sitio podr\u00edan levantar la nueva Iglesia.<\/p>\n<p>A instancias de Mons. Ruiz, los Padres fueron a ver un templo que era propiedad de la Arquidi\u00f3cesis habanera y estaba a medio construir en la barriada del Cerro, ya que el prelado ceder\u00eda sus derechos sobre \u00e9l a la Comunidad de los Pa\u00fales. Pero los Padres no aceptaron la propuesta porque el terreno era muy peque\u00f1o. Tiempo despu\u00e9s visitaron un nuevo solar en Luyan\u00f3 que tampoco se ajustaba a sus prop\u00f3sitos, pero como Mons. Ruiz insisti\u00f3 en la necesidad de abrir una Iglesia en la zona, los Padres comenzaron a recorrer el barrio de Santos Su\u00e1rez buscando un lugar id\u00f3neo.<\/p>\n<p>En 1926 lleg\u00f3 el P. Joaqu\u00edn Atienza que se declar\u00f3 partidario de la nueva fundaci\u00f3n, pero al conocer el estado del asunto, dijo que lo correcto era esperar a que viniera el nuevo P. Visitador. A fines del mismo a\u00f1o cuando lleg\u00f3 el Visitador, P. Antonio L\u00f3pez, la cuesti\u00f3n de la nueva Iglesia fue una de las primeras que se trat\u00f3 en el Consejo con los Padres Ib\u00e1\u00f1ez, Izurriaga y Chaurrondo. Poco despu\u00e9s, <i>visitamos al Sr. Arzobispo, quedando en alquilar de inmediato una <\/i><i>casa para abrir la fundaci\u00f3n a los efectos can\u00f3nicos (y) desde all\u00ed, ya en el barrio, preparar el lugar definitivo para construir casa e Iglesia <\/i><i>en un buen solar.<\/i><\/p>\n<p>Los Padres Tobar y Chaurrondo, en sus recorridos por el barrio, finalmente encontraron una buena casa en la esquina de las calles Serrano y San Leonardo, y de inmediato pusieron manos a la obra para preparar la casa.<\/p>\n<p><i>Las Hermanas, sobre todo del Colegio de las Domiciliarias, <\/i><i>ayudaron mucho a limpiarla. El carpintero del colegio se cuid\u00f3 de <\/i><i>preparar la mesa del altar. Vinieron los bancos de ac\u00e1 y de all\u00e1. Camas, mesas, sillas, ropa de cama, vajilla, de todo apareci\u00f3 bajo la direcci\u00f3n de Sor Paulina Lourd con Sor Manuela, la Visitadora, Sor Carmen Charril, Sor Mar\u00eda Teresa de las Cat\u00f3licas, Sor Cortegui de Jes\u00fas Mar\u00eda y otros. En pocos d\u00edas (la casa) qued\u00f3 equipada del todo para tres Padres.<\/i><\/p>\n<p>La primera capilla de la Milagrosa en el barrio de Santos Su\u00e1rez, calle Serrano N. 8, fue inaugurada en marzo de 1927. En una fotograf\u00eda que se public\u00f3 en la revista La Milagrosa correspondiente a ese mes y a\u00f1o, se pod\u00eda ver a:<\/p>\n<p>Mons. Alberto M\u00e9ndez, Secretario del Arzobispado, que actu\u00f3 en la bendici\u00f3n (del nuevo templo), al p\u00e1rroco de Jes\u00fas del Monte Mons. M\u00e9ndez, en cuya jurisdicci\u00f3n estaba enclavada la capilla, los PP. L\u00f3pez, Visitador, Cipriano Izurriaga, Buenaventura Ant\u00f3n, Angel Tobar e Hilario Chaurrondo, junto con tres Hnas. de la Caridad: Sor Paulina Lourd, Superiora de las Domiciliarias, (que resid\u00edan en) la casa m\u00e1s contigua, Sor Petra Vega, del Asilo de San Vicente de Pa\u00fal y Sor Faustina de Jes\u00fas Mar\u00eda, encargada de organizar la ayuda de las Hermanas a la inauguraci\u00f3n.<\/p>\n<p>La comunidad estaba formada por los Padres Buenaventura, Ant\u00f3n, Luciano Mart\u00ednez, y Manuel Rodr\u00edguez Sorga. Resid\u00edan en la casa de dos pisos, que albergaba en los bajos la capilla y la sacrist\u00eda, y en el piso superior las habitaciones y el comedor.<\/p>\n<p>Al P. Antonio L\u00f3pez le correspondi\u00f3 el honor de celebrar la primera Eucarist\u00eda. Desde el primer momento, y seg\u00fan informes fechados en julio de 1927, se puso de manifiesto que la capilla no bastaba para recibir al numeroso p\u00fablico que acud\u00eda los domingos, y comenz\u00f3 la b\u00fasqueda de un local m\u00e1s amplio. En la calle San Leonardo, y en la misma cuadra, apareci\u00f3 una nave que desde el cicl\u00f3n estaba en mal estado. Se alquil\u00f3 ese local que con mucho trabajo fue habilitado y provisto de bancos. Ese local fue la segunda capilla en el barrio de Santos Su\u00e1rez. Ah\u00ed comenzaron, entre otras actividades, las clases de catecismo a cargo del P. Mart\u00ednez y la ofrenda de flores a la Virgen en el mes de mayo.<\/p>\n<p>Los Pa\u00fales se sintieron m\u00e1s c\u00f3modos. Viv\u00edan en un peque\u00f1o chalet y utilizaban la nueva nave reci\u00e9n habilitada, y que era al menos tres veces m\u00e1s grande que la capilla anterior, pero no estaban conformes con el peque\u00f1o progreso. Todav\u00eda era necesario conseguir un solar capaz para fabricar una gran Iglesia con la casa anexa.<\/p>\n<p>Despu\u00e9s de analizar las condiciones de un local en la calle Luis Est\u00e9vez, situado en el centro mismo de Santos Su\u00e1rez, no fue aprobado por el Arzobispo porque estaba dentro de los l\u00edmites de la Parroquia de San Francisco de Paula.<\/p>\n<p>Tiempo despu\u00e9s, apareci\u00f3 finalmente un terreno en la intersecci\u00f3n de las calles Santos Su\u00e1rez y Paz, que fue la soluci\u00f3n del problema.<\/p>\n<p><i>(Este terreno) era mucho m\u00e1s adentro del reparto, pero no <\/i><i>encontramos solar a prop\u00f3sito. La mayor parte de las casas eran peque\u00f1as propiedades que abarcaban manzanas enteras, con m\u00faltiples due\u00f1os, resultando primero que hab\u00eda que pagar mucho fabricando para derrumbarlo y luego, resultaba casi imposible aunar las voluntades y los intereses de seis o diez personas que ten\u00edan construidas sus casas, casi todas propias.<\/i><\/p>\n<p>Por la parte del frente de lo que es actualmente la Iglesia, o sea, por la calle Santos Su\u00e1rez, no hab\u00eda ning\u00fan espacio libre Pero por la calle Paz qued\u00f3 un pasillo estrecho que conduc\u00eda a un terreno interior de buen tama\u00f1o, donde se instal\u00f3 primero la capilla y despu\u00e9s el sal\u00f3n de actos. Ser\u00eda necesario demoler algunas construcciones aleda\u00f1as con el fin de que quedara un terreno capaz para la Iglesia proyectada, y conservando parte de los edificios se tendr\u00eda una casa para la comunidad, haciendo las modificaciones correspondientes.<\/p>\n<p>Faltaba el dinero necesario para hacer todo eso. La caja de la Procuradur\u00eda hab\u00eda quedado exhausta por los gastos ocasionados por la finca que se quiso fomentar y por los trabajos de prospecci\u00f3n realizados so pretexto de que parec\u00eda haber petr\u00f3leo en aquel terreno Finalmente, fue necesario pedir un pr\u00e9stamo por valor de 10,000 pesos al Banco Comercial para hacer frente a algunas obligaciones pendientes. En 1925, despu\u00e9s de la partida del P. Alvarez, el P. Izurriaga, como Procurador Provincial, obtuvo del Arzobispado otros 10,000 pesos a pr\u00e9stamo para restaurar los claustros, por lo que la deuda total alcanz\u00f3 20,000 pesos.<\/p>\n<p>La deuda con el Arzobispado se pod\u00eda pagar a largo plazo por lo que no constitu\u00eda una gran preocupaci\u00f3n, pero la del Banco Comercial ten\u00eda vencimiento a corto plazo y resultaba muy presionante: se fue pagando poco a poco y se amortiz\u00f3 en menos de un a\u00f1o. Simult\u00e1neamente, se pagaban puntualmente los intereses de la deuda contra\u00edda con el Arzobispado de La Habana.<\/p>\n<p>En 1927, la depresi\u00f3n continuaba tocando a las puertas de la econom\u00eda cubana y nadie quer\u00eda hacer negocios. Entonces, el due\u00f1o del terreno de Santos Su\u00e1rez y Paz propuso la venta de las casas y el solar a buen precio, dando una peque\u00f1a cantidad de entrada y poniendo una hipoteca a largo plazo. Las casas y solares, en conjunto, importaban algo m\u00e1s de 40,000 pesos.<\/p>\n<p>Para poder cerrar el negocio fue necesario que el P. L\u00f3pez solicitara el auxilio de algunos particulares, de los que recibi\u00f3 ciertas cantidades para el pago de la primera cantidad de entrada. Con la experiencia de lo que hab\u00eda hecho la Asociaci\u00f3n de las Cat\u00f3licas Cubanas para abrir el Sanatorio La Milagrosa, compramos sin dinero en mano. Despu\u00e9s de hacer el primer pago, lo restante se termin\u00f3 de abonar en cuatro a\u00f1os y se comenz\u00f3 la construcci\u00f3n de la nueva capilla.<\/p>\n<p><i>El 9 de octubre de 1927 efectu\u00f3se la solemne ceremonia de la <\/i><i>bendici\u00f3n de la primera piedra, de la que ahora ser\u00e1 capilla y m\u00e1s <\/i><i>tarde, bella Iglesia.<\/i><\/p>\n<p><i>En lo mejor del reparto de Santos Su\u00e1rez, calle de Paz y Santos <\/i><i>Su\u00e1rez, se extiende un amplio solar de 716 metros cuadrados, en sus <\/i><i>esquinas se cruzan los tranv\u00edas y all\u00ed se levantar\u00e1 el futuro templo.<\/i><\/p>\n<p><i>(A) las 9 de la ma\u00f1ana un grupo de Hijas de la Caridad y cientos de <\/i><i>alumnas con un numeroso p\u00fablico ocupaban el local de la bendici\u00f3n. <\/i><i>Lleg\u00f3 el P. Luciano Mart\u00ednez, alma de la empresa, con el P. Saturnino Ayerra, Superior de la Comunidad, acompa\u00f1ado de los padrinos de la <\/i><i>Capilla Sr. Juan B. Rodr\u00edguez y Dolores Dom\u00ednguez de Rodr\u00edguez, <\/i><i>procediendo a recitar las oraciones de la liturgia propia del caso. <\/i><i>Satisfechos deben sentirse los PP. Pa\u00fales, de tan decisiva cooperaci\u00f3n <\/i><i>por parte del p\u00fablico de La Habana y del barrio.<\/i><\/p>\n<p>El P. Luciano Mart\u00ednez organiz\u00f3 una colecta anual para hacer frente a los gastos de la obra. Un d\u00eda, cuando se necesitaban 300 pesos para pagar los alquileres, lleg\u00f3 un donativo justamente por esa cantidad con una carta de Don Gonzalo de Mendoza que ped\u00eda se le excusara la demora en enviar el dinero que le hab\u00edan solicitado, porque la carta con la petici\u00f3n se hab\u00eda extraviado en su oficina y pas\u00f3 el tiempo sin que llegara a sus manos.<\/p>\n<p>La nueva capilla por fin se inaugur\u00f3 en la tarde del 4 de febrero de 1927. Eran las 4:00 p.m. cuando se bendijo el peque\u00f1o templo de 30 metros de largo por 10 de ancho que ostentaba un amplio coro. En el camar\u00edn del altar se pod\u00eda ver una hermosa imagen de La Milagrosa tallada en Barcelona, que hab\u00eda sido obsequiada por la Srta. Teresa Gast\u00f3n, quien fue la madrina acompa\u00f1ada por las Hermanas Sor Faustina P\u00e9rez, Sor Petra Vega y Sor Paulina Lourd, que hab\u00edan ayudado mucho para lograr la culminaci\u00f3n exitosa de la obras, con San Jos\u00e9 y San Vicente de Pa\u00fal a ambos lados. A las cinco de la tarde el Visitador de la Congregaci\u00f3n de la Misi\u00f3n, P. Antonio L\u00f3pez, asistido por los Padres Andr\u00e9s Vega, Saturnino Ayerra, Manuel Rodr\u00edguez e Hilario Chaurrondo, bendijo la sencilla pero hermosa campana que se coloc\u00f3 a continuaci\u00f3n en el remate de<\/p>\n<p>la modesta torre.<\/p>\n<p>Al d\u00eda siguiente era domingo y Mons. Mart\u00edn Thrisler, Arzobispo de M\u00e9rida, Yucat\u00e1n, desterrado de su tierra por la persecuci\u00f3n desatada en M\u00e9xico, dijo la primera misa acompa\u00f1ado por el P. Chaurrondo\u2026<\/p>\n<p><i>La primera misa solemne fue a las nueve del domingo, oficiando el P. <\/i><i>Antonio L\u00f3pez, Visitador, ayudado por los PP. Saturnino Ib\u00e1\u00f1ez y Proto Jacinto Hern\u00e1ndez\u2026 el serm\u00f3n (estuvo a cargo) del Rvdo. P. Hilario Chaurrondo.<\/i><\/p>\n<p>Ese mismo d\u00eda, en horas de la tarde, Mons. Carlos de Jes\u00fas Mej\u00eda C.M., Obispo de Cina, dio la bendici\u00f3n con el Sant\u00edsimo y el P. Manuel M\u00e9ndez, P\u00e1rroco de Jes\u00fas del Monte, ofici\u00f3 en el Te Deum.<\/p>\n<p>La noche anterior, o sea, la noche del s\u00e1bado, el P. Luciano Mart\u00ednez, que hab\u00eda llevado encima el peso de la construcci\u00f3n, enferm\u00f3 y tuvo que ser ingresado en el Centro de Dependientes. Al visitarlo el lunes, los Pa\u00fales lo hallaron sumido en un estado depresivo y con la mente confusa, enfermedad de la que no pudo recuperarse. Los Superiores decidieron enviarlo a Espa\u00f1a, de donde nunca regres\u00f3.<\/p>\n<p>Desde 1928 hasta 1949 la capilla de Santos Su\u00e1rez fue el centro del apostolado de los Padres Pa\u00fales en aquella zona de La Habana antes de que se levantara la definitiva Iglesia de La Milagrosa que se inaugur\u00f3 en 1949.<\/p>\n<p>Desde aquella capilla, los Padres lograron universalizar el conocimiento de La Milagrosa en el barrio, con lucidas procesiones, terminales de a\u00f1o de la catequesis y la solemnidad de todas las fiestas marianas y universales. Cuidaban de la capellan\u00eda de la Domiciliaria y del catecismo en varios colegios de seglares, realizando una buena labor. .La gente se habitu\u00f3 a llamarlos (a los Pa\u00fales) para los enfermos en vez (de acudir) a la parroquia.<\/p>\n<p>Y por fin, en 1943, la Comunidad de los Pa\u00fales se prepar\u00f3 para levantar la Iglesia definitiva.<\/p>\n<p>Ese mismo a\u00f1o el P. Sime\u00f3n Obanos pas\u00f3 a dirigir la Comunidad de Santos Su\u00e1rez y su primer compromiso fue el de terminar la construcci\u00f3n de la Iglesia de la Milagrosa. Pas\u00f3 el tiempo y al cabo de tres a\u00f1os, en 1946, ya se pod\u00eda dar inicio al proyecto, por lo que se comenz\u00f3 a solicitar la cooperaci\u00f3n econ\u00f3mica de los fieles y se emitieron hojas impresas donde se narraban las historias de las apariciones de la Virgen. <b>La Obra de las <\/b><b>Misiones Parroquiales <\/b>dio su colaboraci\u00f3n al imprimir m\u00e1s de medio mill\u00f3n de estas hojas. Hab\u00eda un poco de tensi\u00f3n y prisa para poder terminar la obra, primero porque en 1947 se iba a celebrar el Centenario de la llegada de las Hijas de la Caridad a Cuba. Segundo porque se celebraba la canonizaci\u00f3n de Santa Catalina Laboure, que presenci\u00f3 las apariciones de la Virgen, y tercero por las Bodas de Oro sacerdotales del Visitador, P. Antonio L\u00f3pez. La inauguraci\u00f3n de la Iglesia de La Milagrosa ser\u00eda, por lo tanto, la conmemoraci\u00f3n m\u00e1s adecuada de estos tres acontecimientos.<\/p>\n<p>Para recaudar fondos y aprovechando las Bodas de Oro del P. L\u00f3pez, se imprimieron bonos de suscripci\u00f3n por valores que iban desde uno hasta mil pesos, con lo que se pudo juntar una suma considerable. Adem\u00e1s, se hab\u00edan guardado algunos pesos de una tirada de medio mill\u00f3n de sellos conmemorativos del Centenario de 1930.<\/p>\n<p>El P. Obanos, con la ayuda inapreciable de los Padres Isidro Nava y Ricardo Otayo, dio principio a la gran obra con la solemne colocaci\u00f3n de la primera piedra el 5 de enero de 1946 la nueva iglesia a la Sant\u00edsima Virgen de la Medalla Milagrosa, la que qued\u00f3 colocada en el centro del p\u00f3rtico.<sup>21<\/sup> El Arzobispo de Santiago de Cuba, Mons. Valent\u00edn Zubizarreta y Unamunsaga, estuvo a cargo de la ceremonia. El Visitador de los Padres Pa\u00fales y la Visitadora de las Hijas de la Caridad fueron los padrinos, y el discurso oficial fue pronunciado por el Obispo de Camag\u00fcey, Mons. Enrique P\u00e9rez Serantes, ante una muchedumbre que escuchaba emocionada sus palabras.<\/p>\n<p>La gran Iglesia deb\u00eda albergar tres altares. El local del templo ser\u00eda de ochenta metros de largo por dieciocho de ancho y doce de alto, balc\u00f3n corrido a todo alrededor, y ten\u00eda capacidad para ciento veinte personas sentadas en los bancos. El balc\u00f3n se suprimi\u00f3 por una decisi\u00f3n posterior. Para el mes de junio de 1946, el P. Obanos informaba que la construcci\u00f3n marchaba adelante. Los simpatizantes de las Hijas de la Caridad y de los Padres Pa\u00fales hab\u00edan contribuido hasta ese mes con veinticinco mil setecientos pesos.<\/p>\n<p><i>Pero las bocas abiertas de las columnas esperan con avidez de <\/i><i>hambrientos los $ 80.000 (ochenta mil pesos) restantes que todav\u00eda se <\/i><i>necesitaban para terminar este monumento en piedra a la Virgen Milagrosa.<\/i><\/p>\n<p>Se anunci\u00f3 que la nueva Iglesia estar\u00eda terminada al comenzar el a\u00f1o 1947. Para apoyar este empe\u00f1o, en la Iglesia de la Merced se hab\u00eda formado una Comisi\u00f3n que realiz\u00f3 una gran colecta con el fin de financiar la terminaci\u00f3n de la obra.<\/p>\n<p>No existen datos contables exactos sobre el costo de la construcci\u00f3n del templo. Seg\u00fan los libros de la Procuradur\u00eda Provincial, \u00e9sta aport\u00f3 82.000 pesos y las donaciones alcanzaron unos 38.000 mil. Si a esta suma se le incorporan los 45.000 mil invertidos por la Comunidad de los Pa\u00fales en la casa y templo de Santos Su\u00e1rez, se llega a un total de 165.000 pesos.<\/p>\n<p>Por falta de recursos, la obra se paralizaba a veces y continuaba en cuanto llegaban los materiales. En febrero de 1947, en Acci\u00f3n de Gracias por el fin de la Segunda Guerra Mundial, se realiz\u00f3 un Congreso Eucar\u00edstico que dio un nuevo impulso a la construcci\u00f3n. Del 9 al 18 de febrero de ese a\u00f1o se dieron misiones eucar\u00edsticas. Como las obras estaban bastante adelantadas y la Iglesia ten\u00eda m\u00e1s capacidad, se pudo celebrar en ella la Misa de Comuni\u00f3n General en que ofici\u00f3 el P. Antonio L\u00f3pez y despu\u00e9s, en horas de la tarde, sali\u00f3 una gran procesi\u00f3n que recorri\u00f3 las calles del barrio. La Virgen Milagrosa iba sobre un carruaje que estaba escoltado por dos bandas de m\u00fasica y por miles de fieles, as\u00ed como por las Hijas de la Caridad. En esa oportunidad, el p\u00fablico pudo apreciar \u00abin situ\u00bb lo que faltaba para terminar el templo.<\/p>\n<p>En junio, los Padres Sime\u00f3n Obanos, Hilario Chaurrondo y el Visitador Antonio L\u00f3pez, salieron para Par\u00eds. Los Padres Isidro Nava y Ricardo Etayo siguieron al tanto de los progresos de la obra, cuya inauguraci\u00f3n se traslad\u00f3 para 1948, pero como el P. L\u00f3pez no regres\u00f3 de su viaje porque tuvo que asumir su nuevo cargo de Asistente General, al tiempo que el P. Obanos tuvo que permanecer en Espa\u00f1a hasta 1948, se fij\u00f3 el mes de mayo de 1949 para inaugurar la Iglesia de La Milagrosa, como efectivamente sucedi\u00f3. En el peri\u00f3dico <i>Informaci\u00f3n <\/i>apareci\u00f3 la foto de la bendici\u00f3n con la siguiente nota:<\/p>\n<p><i>A las cinco de la tarde de ayer, <\/i>(7 <i>de Mayo de 1949), Su Eminencia el <\/i><i>Cardenal Manuel Arteaga Betancourt, Arzobispo de la Habana, procedi\u00f3 a bendecir solemnemente la nueva iglesia de los <\/i><i>reverendos Padres Pa\u00fales, dedicada a la Virgen La Milagrosa, en<br \/>\nla calle de Santos Su\u00e1rez y Paz, en la V\u00edbora. <\/i><\/p>\n<p>Poco antes de la anhelado momento se repartieron los Programas de la Inauguraci\u00f3n de La Milagrosa. Durante los d\u00edas 5, 6 y 7 de mayo se celebr\u00f3 un Triduo Preparatorio. El mismo d\u00eda 7 a las 5:00 p.m., el Cardenal Manuel Arteaga Betancourt bendecir\u00eda la nueva Iglesia. El d\u00eda 8 se llevar\u00eda a cabo la inauguraci\u00f3n oficial del templo junto con los siguientes actos: a las 8:00 a.m., Misa de Comuni\u00f3n General en la que oficiar\u00eda Mons. Antonio Taif , Nuncio Apost\u00f3lico de Su Santidad en Cuba, y a las 10:00 a.m., la Misa Solemne y el Te Deum de Acci\u00f3n de Gracias, en la que ofici\u00f3 el P. Aquilino S\u00e1nchez, Visitador de los Padres Pa\u00fales y Director de las Hijas de la Caridad, y en la que predic\u00f3 Mons. Evelio D\u00edaz C\u00eda, Obispo de Pinar del R\u00edo.<\/p>\n<p>Nueva Iglesia de la Milagrosa, Santos Su\u00e1rez, La Habana<\/p>\n<p>Al final de la emotiva ceremonia, el P. Aquilino S\u00e1nchez agradeci\u00f3 al p\u00fablico su generosidad y (reconoci\u00f3) los oficios de los PP. Obanos, Nava y Etayo, h\u00e9roes de la jornada larga, pero al final terminada, de la construcci\u00f3n de la nueva Iglesia. Tales fueron los or\u00edgenes del templo a la Virgen Milagrosa en Santos Su\u00e1rez. El P. Antonio L\u00f3pez, como visitador, no asisti\u00f3 a la inauguraci\u00f3n, pero tuvo la satisfacci\u00f3n de verlo a\u00f1os despu\u00e9s, con motivo de su visita can\u00f3nica que hizo a varias rep\u00fablicas hispano americanas. El verdadero impulsor y pulm\u00f3n de la obra fue el P. Obanos, mereciendo que una tarja, dedicada por los Caballeros Cat\u00f3licos, le recuerde en letras de bronce para la posteridad. La tarja est\u00e1 colocada debajo del coro, parte izquierda, y dice as\u00ed:<\/p>\n<p align=\"center\">A nuestro Consiliario R. P. S. Obanos, C.M.<\/p>\n<p align=\"center\">en testimonio de gratitud<\/p>\n<p align=\"center\">por la construcci\u00f3n<\/p>\n<p align=\"center\">de la Iglesia La Milagrosa<\/p>\n<p align=\"center\">Los Caballeros Cat\u00f3licos<\/p>\n<p align=\"center\">de la uni\u00f3n N\u00b0.44<\/p>\n<p align=\"center\">5 de Enero de 1946<\/p>\n<p align=\"center\">7 de Mayo de 1949<\/p>\n<p>Con este emotivo acto comenz\u00f3 a funcionar la magn\u00edfica Iglesia que la constancia de los Padres Pa\u00fales levant\u00f3 a la Virgen Milagrosa. Constatamos para el futuro que los autores del proyecto fueron el ingeniero de la obra y autor del proyecto, Sr. Gord\u00f3n y Sabino Lorenzo el arquitecto. Ambos continuaron tenazmente con el proyecto en cuanto aparec\u00edan los materiales. Ambos se pusieron de acuerdo, junto con los Padres, de que toda la Iglesia, de estilo rom\u00e1nico moderno, fuera revestida de piedra. Y como detalle curioso mencionamos el hecho de que el altar mayor actual fue regalado por los antiguos due\u00f1os de los Almacenes Ultra, Sr. Cesar Rodr\u00edguez y su esposa Mar\u00eda Antonia Mu\u00f1oz por el precio de 10,000 pesos. Esto fue debido a la gran amistad del P. Ricardo Etayo con el rico comerciante y due\u00f1o de dichos almacenes.<\/p>\n<p>La iglesia de la Milagrosa, despu\u00e9s de la expulsi\u00f3n de muchos de los misioneros, qued\u00f3 por alg\u00fan tiempo sin ning\u00fan padre. Volvieron a ocuparla los Padres Pedro Vila y Jos\u00e9 Mar\u00eda Ardanaz, en cuyo tiempo se construy\u00f3 la hermosa verja que hoy protege el templo de molestos gestos de la calle, al costo de 10:000 pesos.<\/p>\n<p>As\u00ed los Pa\u00fales de Cuba han ido dejando sus sudores en esta tierra cubana que han considerado siempre como suya y como prueba fehaciente de que no es verdad que han trabajado en Cuba en provecho de Espa\u00f1a, a la cual, como es natural, remitieron en esos a\u00f1os las cantidades convenidas para la formaci\u00f3n de los futuros Pa\u00fales, algunos de los cuales, sin duda, vendr\u00edan a Cuba para continuar esta hermosa tarea. As\u00ed se hizo con la Iglesia de la Milagrosa de Santos Su\u00e1rez. Y as\u00ed lo hicieron con las iglesias de Guant\u00e1namo, la casa de Caibari\u00e9n, Santiago de Cuba, y La Merced donde se han invertido grandes cantidades en el mantenimiento y construcci\u00f3n. Hay que tener en cuenta que el tiempo hace estragos en los edificios y mucho m\u00e1s en los bicentenarios como son San Francisco y la Iglesia de la Merced.<\/p>\n","protected":false},"excerpt":{"rendered":"<p>2. 1927. Historia de la primera casa y capilla de la Milagrosa en Santos Su\u00e1rez, La Habana. 1946: Construcci\u00f3n del templo actual de la Parroquia de la Milagrosa con la bendici\u00f3n de la primera piedra. &#8230; <a href=\"http:\/\/vincentians.com\/es\/historia-de-los-paules-en-cuba-capitulo-ix-b\/\" class=\"more-link\">Read More<\/a><\/p>\n","protected":false},"author":5,"featured_media":404156,"comment_status":"open","ping_status":"open","sticky":false,"template":"","format":"standard","meta":{"jetpack_post_was_ever_published":false,"_jetpack_newsletter_access":"","_jetpack_dont_email_post_to_subs":false,"_jetpack_newsletter_tier_id":0,"_jetpack_memberships_contains_paywalled_content":false,"_jetpack_memberships_contains_paid_content":false,"footnotes":"","jetpack_publicize_message":"","jetpack_publicize_feature_enabled":true,"jetpack_social_post_already_shared":true,"jetpack_social_options":{"image_generator_settings":{"template":"highway","default_image_id":0,"font":"","enabled":false},"version":2}},"categories":[252],"tags":[188],"class_list":["post-123807","post","type-post","status-publish","format-standard","has-post-thumbnail","hentry","category-historia-de-la-congregacion-de-la-mision-en-espana","tag-san-leonardo"],"yoast_head":"<!-- This site is optimized with the Yoast SEO plugin v26.3 - https:\/\/yoast.com\/wordpress\/plugins\/seo\/ -->\n<title>Historia de los PA\u00daLES en Cuba: Cap\u00edtulo IX (B) - Somos Vicencianos<\/title>\n<meta name=\"robots\" content=\"index, follow, max-snippet:-1, max-image-preview:large, max-video-preview:-1\" \/>\n<link rel=\"canonical\" href=\"http:\/\/vincentians.com\/es\/historia-de-los-paules-en-cuba-capitulo-ix-b\/\" \/>\n<meta property=\"og:locale\" content=\"es_ES\" \/>\n<meta property=\"og:type\" content=\"article\" \/>\n<meta property=\"og:title\" content=\"Historia de los PA\u00daLES en Cuba: Cap\u00edtulo IX (B) - Somos Vicencianos\" \/>\n<meta property=\"og:description\" content=\"2. 1927. Historia de la primera casa y capilla de la Milagrosa en Santos Su\u00e1rez, La Habana. 1946: Construcci\u00f3n del templo actual de la Parroquia de la Milagrosa con la bendici\u00f3n de la primera piedra. ... Read More\" \/>\n<meta property=\"og:url\" content=\"http:\/\/vincentians.com\/es\/historia-de-los-paules-en-cuba-capitulo-ix-b\/\" \/>\n<meta property=\"og:site_name\" content=\"Somos Vicencianos\" \/>\n<meta property=\"article:publisher\" content=\"https:\/\/www.facebook.com\/WeAreVincentians\/\" \/>\n<meta property=\"article:published_time\" content=\"2022-09-27T06:37:47+00:00\" \/>\n<meta property=\"og:image\" content=\"https:\/\/i0.wp.com\/vincentians.com\/es\/wp-content\/uploads\/sites\/11\/2013\/04\/iglesia_seminario-alcorisa.jpg?fit=240%2C180\" \/>\n\t<meta property=\"og:image:width\" content=\"240\" \/>\n\t<meta property=\"og:image:height\" content=\"180\" \/>\n\t<meta property=\"og:image:type\" content=\"image\/jpeg\" \/>\n<meta name=\"author\" content=\"Mitxel Olabu\u00e9naga\" \/>\n<meta name=\"twitter:card\" content=\"summary_large_image\" \/>\n<meta name=\"twitter:creator\" content=\"@WeVincentians\" \/>\n<meta name=\"twitter:site\" content=\"@WeVincentians\" \/>\n<meta name=\"twitter:label1\" content=\"Escrito por\" \/>\n\t<meta name=\"twitter:data1\" content=\"Mitxel Olabu\u00e9naga\" \/>\n\t<meta name=\"twitter:label2\" content=\"Tiempo de lectura\" \/>\n\t<meta name=\"twitter:data2\" content=\"26 minutos\" \/>\n<script type=\"application\/ld+json\" class=\"yoast-schema-graph\">{\"@context\":\"https:\/\/schema.org\",\"@graph\":[{\"@type\":\"Article\",\"@id\":\"http:\/\/vincentians.com\/es\/historia-de-los-paules-en-cuba-capitulo-ix-b\/#article\",\"isPartOf\":{\"@id\":\"http:\/\/vincentians.com\/es\/historia-de-los-paules-en-cuba-capitulo-ix-b\/\"},\"author\":{\"name\":\"Mitxel Olabu\u00e9naga\",\"@id\":\"http:\/\/vincentians.com\/es\/#\/schema\/person\/7c2670b4445a7ca9d164ea6acdb31859\"},\"headline\":\"Historia de los PA\u00daLES en Cuba: Cap\u00edtulo IX (B)\",\"datePublished\":\"2022-09-27T06:37:47+00:00\",\"mainEntityOfPage\":{\"@id\":\"http:\/\/vincentians.com\/es\/historia-de-los-paules-en-cuba-capitulo-ix-b\/\"},\"wordCount\":5179,\"commentCount\":0,\"publisher\":{\"@id\":\"http:\/\/vincentians.com\/es\/#organization\"},\"image\":{\"@id\":\"http:\/\/vincentians.com\/es\/historia-de-los-paules-en-cuba-capitulo-ix-b\/#primaryimage\"},\"thumbnailUrl\":\"https:\/\/i0.wp.com\/vincentians.com\/es\/wp-content\/uploads\/sites\/11\/2013\/04\/iglesia_seminario-alcorisa.jpg?fit=240%2C180\",\"keywords\":[\"San Leonardo\"],\"articleSection\":[\"Historia de la Congregaci\u00f3n de la Misi\u00f3n en Espa\u00f1a\"],\"inLanguage\":\"es\",\"potentialAction\":[{\"@type\":\"CommentAction\",\"name\":\"Comment\",\"target\":[\"http:\/\/vincentians.com\/es\/historia-de-los-paules-en-cuba-capitulo-ix-b\/#respond\"]}]},{\"@type\":\"WebPage\",\"@id\":\"http:\/\/vincentians.com\/es\/historia-de-los-paules-en-cuba-capitulo-ix-b\/\",\"url\":\"http:\/\/vincentians.com\/es\/historia-de-los-paules-en-cuba-capitulo-ix-b\/\",\"name\":\"Historia de los PA\u00daLES en Cuba: Cap\u00edtulo IX (B) - Somos Vicencianos\",\"isPartOf\":{\"@id\":\"http:\/\/vincentians.com\/es\/#website\"},\"primaryImageOfPage\":{\"@id\":\"http:\/\/vincentians.com\/es\/historia-de-los-paules-en-cuba-capitulo-ix-b\/#primaryimage\"},\"image\":{\"@id\":\"http:\/\/vincentians.com\/es\/historia-de-los-paules-en-cuba-capitulo-ix-b\/#primaryimage\"},\"thumbnailUrl\":\"https:\/\/i0.wp.com\/vincentians.com\/es\/wp-content\/uploads\/sites\/11\/2013\/04\/iglesia_seminario-alcorisa.jpg?fit=240%2C180\",\"datePublished\":\"2022-09-27T06:37:47+00:00\",\"breadcrumb\":{\"@id\":\"http:\/\/vincentians.com\/es\/historia-de-los-paules-en-cuba-capitulo-ix-b\/#breadcrumb\"},\"inLanguage\":\"es\",\"potentialAction\":[{\"@type\":\"ReadAction\",\"target\":[\"http:\/\/vincentians.com\/es\/historia-de-los-paules-en-cuba-capitulo-ix-b\/\"]}]},{\"@type\":\"ImageObject\",\"inLanguage\":\"es\",\"@id\":\"http:\/\/vincentians.com\/es\/historia-de-los-paules-en-cuba-capitulo-ix-b\/#primaryimage\",\"url\":\"https:\/\/i0.wp.com\/vincentians.com\/es\/wp-content\/uploads\/sites\/11\/2013\/04\/iglesia_seminario-alcorisa.jpg?fit=240%2C180\",\"contentUrl\":\"https:\/\/i0.wp.com\/vincentians.com\/es\/wp-content\/uploads\/sites\/11\/2013\/04\/iglesia_seminario-alcorisa.jpg?fit=240%2C180\",\"width\":240,\"height\":180},{\"@type\":\"BreadcrumbList\",\"@id\":\"http:\/\/vincentians.com\/es\/historia-de-los-paules-en-cuba-capitulo-ix-b\/#breadcrumb\",\"itemListElement\":[{\"@type\":\"ListItem\",\"position\":1,\"name\":\"Portada\",\"item\":\"http:\/\/vincentians.com\/es\/\"},{\"@type\":\"ListItem\",\"position\":2,\"name\":\"Historia de los PA\u00daLES en Cuba: Cap\u00edtulo IX (B)\"}]},{\"@type\":\"WebSite\",\"@id\":\"http:\/\/vincentians.com\/es\/#website\",\"url\":\"http:\/\/vincentians.com\/es\/\",\"name\":\"Somos Vicencianos\",\"description\":\"Know more to serve more\",\"publisher\":{\"@id\":\"http:\/\/vincentians.com\/es\/#organization\"},\"potentialAction\":[{\"@type\":\"SearchAction\",\"target\":{\"@type\":\"EntryPoint\",\"urlTemplate\":\"http:\/\/vincentians.com\/es\/?s={search_term_string}\"},\"query-input\":{\"@type\":\"PropertyValueSpecification\",\"valueRequired\":true,\"valueName\":\"search_term_string\"}}],\"inLanguage\":\"es\"},{\"@type\":\"Organization\",\"@id\":\"http:\/\/vincentians.com\/es\/#organization\",\"name\":\"The Vincentian Network\",\"url\":\"http:\/\/vincentians.com\/es\/\",\"logo\":{\"@type\":\"ImageObject\",\"inLanguage\":\"es\",\"@id\":\"http:\/\/vincentians.com\/es\/#\/schema\/logo\/image\/\",\"url\":\"https:\/\/i1.wp.com\/vincentians.com\/es\/wp-content\/uploads\/sites\/11\/2016\/06\/Vincentian-Network-logo-big.png?fit=778%2C778\",\"contentUrl\":\"https:\/\/i1.wp.com\/vincentians.com\/es\/wp-content\/uploads\/sites\/11\/2016\/06\/Vincentian-Network-logo-big.png?fit=778%2C778\",\"width\":778,\"height\":778,\"caption\":\"The Vincentian Network\"},\"image\":{\"@id\":\"http:\/\/vincentians.com\/es\/#\/schema\/logo\/image\/\"},\"sameAs\":[\"https:\/\/www.facebook.com\/WeAreVincentians\/\",\"https:\/\/x.com\/WeVincentians\"]},{\"@type\":\"Person\",\"@id\":\"http:\/\/vincentians.com\/es\/#\/schema\/person\/7c2670b4445a7ca9d164ea6acdb31859\",\"name\":\"Mitxel Olabu\u00e9naga\",\"image\":{\"@type\":\"ImageObject\",\"inLanguage\":\"es\",\"@id\":\"http:\/\/vincentians.com\/es\/#\/schema\/person\/image\/\",\"url\":\"https:\/\/secure.gravatar.com\/avatar\/34137ec2e2b8939cbbed975731e71f3f4f1defc7266ded337a5ce0f925426877?s=96&d=mm&r=g\",\"contentUrl\":\"https:\/\/secure.gravatar.com\/avatar\/34137ec2e2b8939cbbed975731e71f3f4f1defc7266ded337a5ce0f925426877?s=96&d=mm&r=g\",\"caption\":\"Mitxel Olabu\u00e9naga\"},\"url\":\"http:\/\/vincentians.com\/es\/author\/mitxel\/\"}]}<\/script>\n<!-- \/ Yoast SEO plugin. -->","yoast_head_json":{"title":"Historia de los PA\u00daLES en Cuba: Cap\u00edtulo IX (B) - Somos Vicencianos","robots":{"index":"index","follow":"follow","max-snippet":"max-snippet:-1","max-image-preview":"max-image-preview:large","max-video-preview":"max-video-preview:-1"},"canonical":"http:\/\/vincentians.com\/es\/historia-de-los-paules-en-cuba-capitulo-ix-b\/","og_locale":"es_ES","og_type":"article","og_title":"Historia de los PA\u00daLES en Cuba: Cap\u00edtulo IX (B) - Somos Vicencianos","og_description":"2. 1927. Historia de la primera casa y capilla de la Milagrosa en Santos Su\u00e1rez, La Habana. 1946: Construcci\u00f3n del templo actual de la Parroquia de la Milagrosa con la bendici\u00f3n de la primera piedra. ... Read More","og_url":"http:\/\/vincentians.com\/es\/historia-de-los-paules-en-cuba-capitulo-ix-b\/","og_site_name":"Somos Vicencianos","article_publisher":"https:\/\/www.facebook.com\/WeAreVincentians\/","article_published_time":"2022-09-27T06:37:47+00:00","og_image":[{"width":240,"height":180,"url":"https:\/\/i0.wp.com\/vincentians.com\/es\/wp-content\/uploads\/sites\/11\/2013\/04\/iglesia_seminario-alcorisa.jpg?fit=240%2C180","type":"image\/jpeg"}],"author":"Mitxel Olabu\u00e9naga","twitter_card":"summary_large_image","twitter_creator":"@WeVincentians","twitter_site":"@WeVincentians","twitter_misc":{"Escrito por":"Mitxel Olabu\u00e9naga","Tiempo de lectura":"26 minutos"},"schema":{"@context":"https:\/\/schema.org","@graph":[{"@type":"Article","@id":"http:\/\/vincentians.com\/es\/historia-de-los-paules-en-cuba-capitulo-ix-b\/#article","isPartOf":{"@id":"http:\/\/vincentians.com\/es\/historia-de-los-paules-en-cuba-capitulo-ix-b\/"},"author":{"name":"Mitxel Olabu\u00e9naga","@id":"http:\/\/vincentians.com\/es\/#\/schema\/person\/7c2670b4445a7ca9d164ea6acdb31859"},"headline":"Historia de los PA\u00daLES en Cuba: Cap\u00edtulo IX (B)","datePublished":"2022-09-27T06:37:47+00:00","mainEntityOfPage":{"@id":"http:\/\/vincentians.com\/es\/historia-de-los-paules-en-cuba-capitulo-ix-b\/"},"wordCount":5179,"commentCount":0,"publisher":{"@id":"http:\/\/vincentians.com\/es\/#organization"},"image":{"@id":"http:\/\/vincentians.com\/es\/historia-de-los-paules-en-cuba-capitulo-ix-b\/#primaryimage"},"thumbnailUrl":"https:\/\/i0.wp.com\/vincentians.com\/es\/wp-content\/uploads\/sites\/11\/2013\/04\/iglesia_seminario-alcorisa.jpg?fit=240%2C180","keywords":["San Leonardo"],"articleSection":["Historia de la Congregaci\u00f3n de la Misi\u00f3n en Espa\u00f1a"],"inLanguage":"es","potentialAction":[{"@type":"CommentAction","name":"Comment","target":["http:\/\/vincentians.com\/es\/historia-de-los-paules-en-cuba-capitulo-ix-b\/#respond"]}]},{"@type":"WebPage","@id":"http:\/\/vincentians.com\/es\/historia-de-los-paules-en-cuba-capitulo-ix-b\/","url":"http:\/\/vincentians.com\/es\/historia-de-los-paules-en-cuba-capitulo-ix-b\/","name":"Historia de los PA\u00daLES en Cuba: Cap\u00edtulo IX (B) - Somos Vicencianos","isPartOf":{"@id":"http:\/\/vincentians.com\/es\/#website"},"primaryImageOfPage":{"@id":"http:\/\/vincentians.com\/es\/historia-de-los-paules-en-cuba-capitulo-ix-b\/#primaryimage"},"image":{"@id":"http:\/\/vincentians.com\/es\/historia-de-los-paules-en-cuba-capitulo-ix-b\/#primaryimage"},"thumbnailUrl":"https:\/\/i0.wp.com\/vincentians.com\/es\/wp-content\/uploads\/sites\/11\/2013\/04\/iglesia_seminario-alcorisa.jpg?fit=240%2C180","datePublished":"2022-09-27T06:37:47+00:00","breadcrumb":{"@id":"http:\/\/vincentians.com\/es\/historia-de-los-paules-en-cuba-capitulo-ix-b\/#breadcrumb"},"inLanguage":"es","potentialAction":[{"@type":"ReadAction","target":["http:\/\/vincentians.com\/es\/historia-de-los-paules-en-cuba-capitulo-ix-b\/"]}]},{"@type":"ImageObject","inLanguage":"es","@id":"http:\/\/vincentians.com\/es\/historia-de-los-paules-en-cuba-capitulo-ix-b\/#primaryimage","url":"https:\/\/i0.wp.com\/vincentians.com\/es\/wp-content\/uploads\/sites\/11\/2013\/04\/iglesia_seminario-alcorisa.jpg?fit=240%2C180","contentUrl":"https:\/\/i0.wp.com\/vincentians.com\/es\/wp-content\/uploads\/sites\/11\/2013\/04\/iglesia_seminario-alcorisa.jpg?fit=240%2C180","width":240,"height":180},{"@type":"BreadcrumbList","@id":"http:\/\/vincentians.com\/es\/historia-de-los-paules-en-cuba-capitulo-ix-b\/#breadcrumb","itemListElement":[{"@type":"ListItem","position":1,"name":"Portada","item":"http:\/\/vincentians.com\/es\/"},{"@type":"ListItem","position":2,"name":"Historia de los PA\u00daLES en Cuba: Cap\u00edtulo IX (B)"}]},{"@type":"WebSite","@id":"http:\/\/vincentians.com\/es\/#website","url":"http:\/\/vincentians.com\/es\/","name":"Somos Vicencianos","description":"Know more to serve more","publisher":{"@id":"http:\/\/vincentians.com\/es\/#organization"},"potentialAction":[{"@type":"SearchAction","target":{"@type":"EntryPoint","urlTemplate":"http:\/\/vincentians.com\/es\/?s={search_term_string}"},"query-input":{"@type":"PropertyValueSpecification","valueRequired":true,"valueName":"search_term_string"}}],"inLanguage":"es"},{"@type":"Organization","@id":"http:\/\/vincentians.com\/es\/#organization","name":"The Vincentian Network","url":"http:\/\/vincentians.com\/es\/","logo":{"@type":"ImageObject","inLanguage":"es","@id":"http:\/\/vincentians.com\/es\/#\/schema\/logo\/image\/","url":"https:\/\/i1.wp.com\/vincentians.com\/es\/wp-content\/uploads\/sites\/11\/2016\/06\/Vincentian-Network-logo-big.png?fit=778%2C778","contentUrl":"https:\/\/i1.wp.com\/vincentians.com\/es\/wp-content\/uploads\/sites\/11\/2016\/06\/Vincentian-Network-logo-big.png?fit=778%2C778","width":778,"height":778,"caption":"The Vincentian Network"},"image":{"@id":"http:\/\/vincentians.com\/es\/#\/schema\/logo\/image\/"},"sameAs":["https:\/\/www.facebook.com\/WeAreVincentians\/","https:\/\/x.com\/WeVincentians"]},{"@type":"Person","@id":"http:\/\/vincentians.com\/es\/#\/schema\/person\/7c2670b4445a7ca9d164ea6acdb31859","name":"Mitxel Olabu\u00e9naga","image":{"@type":"ImageObject","inLanguage":"es","@id":"http:\/\/vincentians.com\/es\/#\/schema\/person\/image\/","url":"https:\/\/secure.gravatar.com\/avatar\/34137ec2e2b8939cbbed975731e71f3f4f1defc7266ded337a5ce0f925426877?s=96&d=mm&r=g","contentUrl":"https:\/\/secure.gravatar.com\/avatar\/34137ec2e2b8939cbbed975731e71f3f4f1defc7266ded337a5ce0f925426877?s=96&d=mm&r=g","caption":"Mitxel Olabu\u00e9naga"},"url":"http:\/\/vincentians.com\/es\/author\/mitxel\/"}]}},"jetpack_publicize_connections":[],"jetpack_featured_media_url":"https:\/\/i0.wp.com\/vincentians.com\/es\/wp-content\/uploads\/sites\/11\/2013\/04\/iglesia_seminario-alcorisa.jpg?fit=240%2C180","jetpack_sharing_enabled":true,"jetpack_shortlink":"https:\/\/wp.me\/p7ETMF-wcT","jetpack-related-posts":[{"id":124434,"url":"http:\/\/vincentians.com\/es\/historia-de-los-paules-en-cuba-capitulo-xi-b\/","url_meta":{"origin":123807,"position":0},"title":"Historia de los Pa\u00fales en Cuba (Cap\u00edtulo XI B)","author":"Mitxel Olabu\u00e9naga","date":"01\/05\/2023","format":false,"excerpt":"Para muchos cat\u00f3licos de filas, las Cartas Pastorales firmadas por los Obispos de Cuba poco despu\u00e9s de comenzar 1959 ten\u00edan un sentido pol\u00edtico contrario a la revoluci\u00f3n. Es necesario aclarar al respecto que, como pastores de la Iglesia, los Obispos no hac\u00edan m\u00e1s que obedecer los dictados de su conciencia\u2026","rel":"","context":"En \u00abHistoria de la Congregaci\u00f3n de la Misi\u00f3n\u00bb","block_context":{"text":"Historia de la Congregaci\u00f3n de la Misi\u00f3n","link":"http:\/\/vincentians.com\/es\/category\/historia-de-la-familia-vicenciana\/historia-de-la-congregacion-de-la-mision\/"},"img":{"alt_text":"","src":"https:\/\/i0.wp.com\/vincentians.com\/es\/wp-content\/uploads\/sites\/11\/2013\/05\/Cuba-Iglesia-de-La-Milagrosa-La-Habana.png?fit=1200%2C919&resize=350%2C200","width":350,"height":200,"srcset":"https:\/\/i0.wp.com\/vincentians.com\/es\/wp-content\/uploads\/sites\/11\/2013\/05\/Cuba-Iglesia-de-La-Milagrosa-La-Habana.png?fit=1200%2C919&resize=350%2C200 1x, https:\/\/i0.wp.com\/vincentians.com\/es\/wp-content\/uploads\/sites\/11\/2013\/05\/Cuba-Iglesia-de-La-Milagrosa-La-Habana.png?fit=1200%2C919&resize=525%2C300 1.5x, https:\/\/i0.wp.com\/vincentians.com\/es\/wp-content\/uploads\/sites\/11\/2013\/05\/Cuba-Iglesia-de-La-Milagrosa-La-Habana.png?fit=1200%2C919&resize=700%2C400 2x, https:\/\/i0.wp.com\/vincentians.com\/es\/wp-content\/uploads\/sites\/11\/2013\/05\/Cuba-Iglesia-de-La-Milagrosa-La-Habana.png?fit=1200%2C919&resize=1050%2C600 3x"},"classes":[]},{"id":118727,"url":"http:\/\/vincentians.com\/es\/historia-de-los-paules-en-cuba-capitulo-iii-a\/","url_meta":{"origin":123807,"position":1},"title":"Historia de los Pa\u00fales en Cuba (Cap\u00edtulo III A)","author":"Mitxel Olabu\u00e9naga","date":"21\/12\/2021","format":false,"excerpt":"CAP\u00cdTULO III. Preparando la futura morada 1. Reparaciones necesarias y urgentes en el Convento y en la Iglesia de la Merced La restauraci\u00f3n y puesta a punto del convento y de una Iglesia tan grande como la de La Merced, era un problema muy serio en La Habana de la\u2026","rel":"","context":"En \u00abHistoria de la Congregaci\u00f3n de la Misi\u00f3n\u00bb","block_context":{"text":"Historia de la Congregaci\u00f3n de la Misi\u00f3n","link":"http:\/\/vincentians.com\/es\/category\/historia-de-la-familia-vicenciana\/historia-de-la-congregacion-de-la-mision\/"},"img":{"alt_text":"","src":"https:\/\/i0.wp.com\/vincentians.com\/es\/wp-content\/uploads\/sites\/11\/2016\/10\/ranquines.jpg?fit=1200%2C630&resize=350%2C200","width":350,"height":200,"srcset":"https:\/\/i0.wp.com\/vincentians.com\/es\/wp-content\/uploads\/sites\/11\/2016\/10\/ranquines.jpg?fit=1200%2C630&resize=350%2C200 1x, https:\/\/i0.wp.com\/vincentians.com\/es\/wp-content\/uploads\/sites\/11\/2016\/10\/ranquines.jpg?fit=1200%2C630&resize=525%2C300 1.5x, https:\/\/i0.wp.com\/vincentians.com\/es\/wp-content\/uploads\/sites\/11\/2016\/10\/ranquines.jpg?fit=1200%2C630&resize=700%2C400 2x, https:\/\/i0.wp.com\/vincentians.com\/es\/wp-content\/uploads\/sites\/11\/2016\/10\/ranquines.jpg?fit=1200%2C630&resize=1050%2C600 3x"},"classes":[]},{"id":119321,"url":"http:\/\/vincentians.com\/es\/historia-de-los-paules-en-cuba-capitulo-vii-ba\/","url_meta":{"origin":123807,"position":2},"title":"Historia de los Pa\u00fales en Cuba: Cap\u00edtulo VII (BA)","author":"Mitxel Olabu\u00e9naga","date":"25\/03\/2022","format":false,"excerpt":"2. La Congregaci\u00f3n de la Misi\u00f3n y sus aportes a la cultura y a la sociedad Cubana. El Apostolado de la Prensa, la Radio y la Televisi\u00f3n. La lista de los aportes que han realizado los Padres Pa\u00fales a la cultura y a la sociedad cubana es, adem\u00e1s de larga,\u2026","rel":"","context":"En \u00abHistoria de la Congregaci\u00f3n de la Misi\u00f3n\u00bb","block_context":{"text":"Historia de la Congregaci\u00f3n de la Misi\u00f3n","link":"http:\/\/vincentians.com\/es\/category\/historia-de-la-familia-vicenciana\/historia-de-la-congregacion-de-la-mision\/"},"img":{"alt_text":"","src":"https:\/\/i0.wp.com\/vincentians.com\/es\/wp-content\/uploads\/sites\/11\/2013\/04\/f-6-scaled.jpg?fit=1200%2C570&resize=350%2C200","width":350,"height":200,"srcset":"https:\/\/i0.wp.com\/vincentians.com\/es\/wp-content\/uploads\/sites\/11\/2013\/04\/f-6-scaled.jpg?fit=1200%2C570&resize=350%2C200 1x, https:\/\/i0.wp.com\/vincentians.com\/es\/wp-content\/uploads\/sites\/11\/2013\/04\/f-6-scaled.jpg?fit=1200%2C570&resize=525%2C300 1.5x, https:\/\/i0.wp.com\/vincentians.com\/es\/wp-content\/uploads\/sites\/11\/2013\/04\/f-6-scaled.jpg?fit=1200%2C570&resize=700%2C400 2x, https:\/\/i0.wp.com\/vincentians.com\/es\/wp-content\/uploads\/sites\/11\/2013\/04\/f-6-scaled.jpg?fit=1200%2C570&resize=1050%2C600 3x"},"classes":[]},{"id":124440,"url":"http:\/\/vincentians.com\/es\/historia-de-los-paules-en-cuba-capitulo-xii-b\/","url_meta":{"origin":123807,"position":3},"title":"Historia de los PA\u00daLES en Cuba (CAP\u00cdTULO XII B)","author":"Mitxel Olabu\u00e9naga","date":"13\/05\/2023","format":false,"excerpt":"2. La Parroquia de la Milagrosa. Ya conocemos, por la lectura del cap\u00edtulo IX, los detalles que propiciaron la construcci\u00f3n de la capilla de la Milagrosa en el a\u00f1o 1927. Resumimos algunos datos. Todo comenz\u00f3 con una peque\u00f1a capilla que pronto result\u00f3 insuficiente para los fieles. En febrero de 1928,\u2026","rel":"","context":"En \u00abHistoria de la Congregaci\u00f3n de la Misi\u00f3n\u00bb","block_context":{"text":"Historia de la Congregaci\u00f3n de la Misi\u00f3n","link":"http:\/\/vincentians.com\/es\/category\/historia-de-la-familia-vicenciana\/historia-de-la-congregacion-de-la-mision\/"},"img":{"alt_text":"","src":"https:\/\/i0.wp.com\/vincentians.com\/es\/wp-content\/uploads\/sites\/11\/2013\/05\/Cuba-Iglesia-de-La-Milagrosa-La-Habana.png?fit=1200%2C919&resize=350%2C200","width":350,"height":200,"srcset":"https:\/\/i0.wp.com\/vincentians.com\/es\/wp-content\/uploads\/sites\/11\/2013\/05\/Cuba-Iglesia-de-La-Milagrosa-La-Habana.png?fit=1200%2C919&resize=350%2C200 1x, https:\/\/i0.wp.com\/vincentians.com\/es\/wp-content\/uploads\/sites\/11\/2013\/05\/Cuba-Iglesia-de-La-Milagrosa-La-Habana.png?fit=1200%2C919&resize=525%2C300 1.5x, https:\/\/i0.wp.com\/vincentians.com\/es\/wp-content\/uploads\/sites\/11\/2013\/05\/Cuba-Iglesia-de-La-Milagrosa-La-Habana.png?fit=1200%2C919&resize=700%2C400 2x, https:\/\/i0.wp.com\/vincentians.com\/es\/wp-content\/uploads\/sites\/11\/2013\/05\/Cuba-Iglesia-de-La-Milagrosa-La-Habana.png?fit=1200%2C919&resize=1050%2C600 3x"},"classes":[]},{"id":119276,"url":"http:\/\/vincentians.com\/es\/historia-de-los-paules-en-cuba-capitulo-vi-b\/","url_meta":{"origin":123807,"position":4},"title":"Historia de los Pa\u00fales en Cuba: Cap\u00edtulo VI (B)","author":"Mitxel Olabu\u00e9naga","date":"17\/04\/2013","format":false,"excerpt":"2. Nacimiento de la Rep\u00fablica y reconstrucci\u00f3n de la Iglesia. Los colegios cat\u00f3licos. El 16 de diciembre de 1898, Su Santidad hab\u00eda designado Delegado Apost\u00f3lico para las Islas de Cuba y Puerto Rico al Arzobispo de Nueva Orleans, Mons. Placide L. Chapelle. Este prelado, que era de origen norteamericano, trabaj\u00f3\u2026","rel":"","context":"En \u00abHistoria de la Congregaci\u00f3n de la Misi\u00f3n\u00bb","block_context":{"text":"Historia de la Congregaci\u00f3n de la Misi\u00f3n","link":"http:\/\/vincentians.com\/es\/category\/historia-de-la-familia-vicenciana\/historia-de-la-congregacion-de-la-mision\/"},"img":{"alt_text":"41747943_95fc4657ec","src":"https:\/\/i0.wp.com\/vicencianos.org\/wp-content\/2013\/02\/41747943_95fc4657ec.jpg?resize=350%2C200","width":350,"height":200},"classes":[]},{"id":121913,"url":"http:\/\/vincentians.com\/es\/historia-de-los-paules-en-cuba-capitulo-viii-a\/","url_meta":{"origin":123807,"position":5},"title":"Historia de los Pa\u00fales en Cuba: Cap\u00edtulo VIII (A)","author":"Mitxel Olabu\u00e9naga","date":"03\/05\/2013","format":false,"excerpt":"1. La Obra de las Misiones Parroquiales. La Congregaci\u00f3n de la Misi\u00f3n, desde su inicio en 1625, ha tenido como uno de sus fines el de dar a conocer el mensaje de Jesucristo por medio de las misiones. De ah\u00ed su nombre. Cuba no ha sido la excepci\u00f3n. Ya en\u2026","rel":"","context":"En \u00abHistoria de la Congregaci\u00f3n de la Misi\u00f3n\u00bb","block_context":{"text":"Historia de la Congregaci\u00f3n de la Misi\u00f3n","link":"http:\/\/vincentians.com\/es\/category\/historia-de-la-familia-vicenciana\/historia-de-la-congregacion-de-la-mision\/"},"img":{"alt_text":"aaa","src":"https:\/\/i0.wp.com\/vicencianos.org\/wp-content\/2013\/05\/aaa.jpg?resize=350%2C200","width":350,"height":200},"classes":[]}],"_links":{"self":[{"href":"http:\/\/vincentians.com\/es\/wp-json\/wp\/v2\/posts\/123807","targetHints":{"allow":["GET"]}}],"collection":[{"href":"http:\/\/vincentians.com\/es\/wp-json\/wp\/v2\/posts"}],"about":[{"href":"http:\/\/vincentians.com\/es\/wp-json\/wp\/v2\/types\/post"}],"author":[{"embeddable":true,"href":"http:\/\/vincentians.com\/es\/wp-json\/wp\/v2\/users\/5"}],"replies":[{"embeddable":true,"href":"http:\/\/vincentians.com\/es\/wp-json\/wp\/v2\/comments?post=123807"}],"version-history":[{"count":1,"href":"http:\/\/vincentians.com\/es\/wp-json\/wp\/v2\/posts\/123807\/revisions"}],"predecessor-version":[{"id":404392,"href":"http:\/\/vincentians.com\/es\/wp-json\/wp\/v2\/posts\/123807\/revisions\/404392"}],"wp:featuredmedia":[{"embeddable":true,"href":"http:\/\/vincentians.com\/es\/wp-json\/wp\/v2\/media\/404156"}],"wp:attachment":[{"href":"http:\/\/vincentians.com\/es\/wp-json\/wp\/v2\/media?parent=123807"}],"wp:term":[{"taxonomy":"category","embeddable":true,"href":"http:\/\/vincentians.com\/es\/wp-json\/wp\/v2\/categories?post=123807"},{"taxonomy":"post_tag","embeddable":true,"href":"http:\/\/vincentians.com\/es\/wp-json\/wp\/v2\/tags?post=123807"}],"curies":[{"name":"wp","href":"https:\/\/api.w.org\/{rel}","templated":true}]}}