{"id":12322,"date":"2009-09-23T20:17:18","date_gmt":"2009-09-23T19:17:18","guid":{"rendered":"http:\/\/www.vicencianos.org\/web\/2009\/09\/23\/vicente-de-paul-conferencia-115-repeticion-de-la-oracion-noviembre-de-1658\/"},"modified":"2016-07-26T11:01:20","modified_gmt":"2016-07-26T09:01:20","slug":"vicente-de-paul-conferencia-115-repeticion-de-la-oracion-noviembre-de-1658","status":"publish","type":"post","link":"http:\/\/vincentians.com\/es\/vicente-de-paul-conferencia-115-repeticion-de-la-oracion-noviembre-de-1658\/","title":{"rendered":"Vicente de Pa\u00fal, Conferencia 115: Repetici\u00f3n De La Oraci\u00f3n, Noviembre De 1658"},"content":{"rendered":"<p><em>Reprensi\u00f3n a un estudiante que hab\u00eda llamado a la compa\u00f1\u00eda santa compa\u00f1\u00eda. C\u00f3mo hay que hacer oraci\u00f3n. Triste estado de la religi\u00f3n en varios pa\u00edses. La compa\u00f1\u00eda tiene que pedir a Dios el don de lenguas. Manera de aprenderlas.<\/em><\/p>\n<p>El padre Vicente, en la repetici\u00f3n de la oraci\u00f3n, reprendi\u00f3 a un estudiante que, al repetir su oraci\u00f3n, utiliz\u00f3 la expresi\u00f3n santa compa\u00f1\u00eda para hablar de la compa\u00f1\u00eda, dici\u00e9ndole que hab\u00eda que decir la compa\u00f1\u00eda, o esta compa\u00f1\u00eda, pura y sencillamente.\u00a0\u00a0\u00a0\u00a0\u00a0 Dijo adem\u00e1s:<\/p>\n<p>Convendr\u00e1 ver si el asistente o el sub-asistente se tendr\u00e1n que encargar de leer ellos mismos los puntos de la meditaci\u00f3n, pues me parece que no se toma en serio la oraci\u00f3n mental y que no se entra suficientemente en la materia de la oraci\u00f3n que se propone cada d\u00eda. Quiz\u00e1s provenga esto de que no se comprenden muy bien los puntos del tema que se medita. Entonces ellos podr\u00e1n indicarlos y decir: \u00abHermanos, la meditaci\u00f3n tiende a esto; en el primer punto, meditaremos esto; en el segundo, esto; y en el tercer, esto\u00bb. Quiz\u00e1s, por este medio, pod\u00e1is entrar m\u00e1s f\u00e1cilmente en el tema de la oraci\u00f3n que haya que meditar.<\/p>\n<p>Por ejemplo, hoy se trata de la elecci\u00f3n que nuestro Se\u00f1or hizo de sus ap\u00f3stoles. Pues bien, \u00a1hab\u00eda tantas cosas y tan hermosas que meditar en este tema! Doce pobres campesinos, pobres pecadores fueron escogidos para convertir y trastornar a todo el mundo, para derribar toda la idolatr\u00eda, etc\u00e9tera. Escogi\u00f3 solamente a doce, y no m\u00e1s. Se pod\u00eda considerar en esta meditaci\u00f3n la mucha necesidad que tiene la Iglesia de buenos sacerdotes, de buenos operarios. Hay muchos, es verdad; pero entre ese n\u00famero hay bastantes que no son buenos ni tienen las cualidades que deber\u00edan tener para trabajar \u00fatilmente en la vi\u00f1a de nuestro Se\u00f1or; entre ellos hay no pocos viciosos. Pedidle, pues, a Dios, hermanos m\u00edos, que env\u00ede buenos operarios, buenos sacerdotes, a su Iglesia, buenos misioneros a la compa\u00f1\u00eda; pero que sean buenos de verdad y bien escogidos. Eso es lo que deber\u00edamos haber hecho en esta meditaci\u00f3n, que era muy indicada para ello.<\/p>\n<p>Desde Roma me escribe el padre Jolly que ha dirigido el retiro a unos treinta alumnos del colegio que tiene en Roma la Propagaci\u00f3n de la Fe, y que entre ellos hab\u00eda uno de Moravia, que es una provincia cercana a Hungr\u00eda. Ese joven le dijo al padre Jolly que en toda su provincia, que es muy grande, s\u00f3lo hab\u00eda siete u ocho sacerdotes en total. \u00bfPor culpa de qui\u00e9n? De la herej\u00eda. \u00bfNo deber\u00eda esto animarnos, hermanos m\u00edos, a entregarnos plenamente a Dios para hacernos \u00fatiles, en cuanto podamos, para servirle en nuestra vocaci\u00f3n, a fin de poder ayudar a esas pobres gentes, si la providencia de Dios nos llama a ello?<\/p>\n<p>El se\u00f1or obispo de la Rochelle, cuando era todav\u00eda obispo de Saintes, me dec\u00eda un d\u00eda que en aquella di\u00f3cesis hab\u00eda muy pocas personas que quisieran ser de Iglesia y hacerse sacerdotes; que esto se deb\u00eda a la herej\u00eda, de la que dicha di\u00f3cesis est\u00e1 muy infectada en varios lugares. Los herejes, me dec\u00eda, han hecho tan despreciable el estado de sacerdote que apenas se encontraba en su di\u00f3cesis alg\u00fan muchacho que quisiera ser de iglesia; y si el muchacho quer\u00eda, se lo imped\u00edan el padre o la madre. De hecho, en la actualidad, el seminario de Saintes cuenta solamente con cuatro o cinco seminaristas.<\/p>\n<p>Es necesario que la compa\u00f1\u00eda se aficione a pedirle a Dios el don de lenguas, que es el mismo que les dio a los ap\u00f3stoles al elegirlos para ap\u00f3stoles suyos, de forma que entend\u00edan a todos los que les hablaban, aunque fuesen de distintos pa\u00edses y de naciones diferentes; y los ap\u00f3stoles se hac\u00edan entender igualmente por ellos, habl\u00e1ndoles y respondi\u00e9ndoles en su propio idioma. Pid\u00e1mosle a Dios, hermanos m\u00edos, que nos d\u00e9 al menos el deseo de aprender las lenguas; todos tienen que estar dispuestos para ello y ped\u00edrselo a Dios. Esa grande y santa compa\u00f1\u00eda de los padres jesuitas se ha dedicado mucho a ello, y una de las primeras cosas que hacen los que son enviados a un pa\u00eds cuya lengua ignoran es dedicarse a su estudio; ponen en ello todo su empe\u00f1o e inter\u00e9s; toman a su lado a alguno del pa\u00eds o a cualquier otro que entienda su lengua, para que les ayude. Y esto es lo que deber\u00e1n practicar tambi\u00e9n los de nuestra compa\u00f1\u00eda, cuando vayan destinados a pa\u00edses extranjeros, cuando Dios los llame all\u00e1.<\/p>\n<p>Nuestro pobre, pero bienaventurado padre Nacquart as\u00ed lo hizo; pues, apenas lleg\u00f3 a Madagascar, tom\u00f3 a su lado a un franc\u00e9s que entend\u00eda la lengua de aquella isla y empez\u00f3 a estudiarla, a aprender los nombres, los verbos, m\u00e1s tarde a conjugar, y as\u00ed con todo lo dem\u00e1s; de forma que, al cabo de cuatro meses, entend\u00eda esa lengua y era capaz de empezar a tener el catecismo.<\/p>\n<p>As\u00ed pues, me gustar\u00eda que la compa\u00f1\u00eda se aficionase a obrar de esta manera, cuando se presente la ocasi\u00f3n y sea enviado alguno a un sitio cuya lengua desconozca. Pid\u00e1mosle a Dios que nos d\u00e9 esta facilidad de aprender las lenguas, puesto que \u00e9l ha querido llamarnos para las mismas funciones que encomend\u00f3 a sus ap\u00f3stoles.<\/p>\n","protected":false},"excerpt":{"rendered":"<p>Reprensi\u00f3n a un estudiante que hab\u00eda llamado a la compa\u00f1\u00eda santa compa\u00f1\u00eda. C\u00f3mo hay que hacer oraci\u00f3n. Triste estado de la religi\u00f3n en varios pa\u00edses. La compa\u00f1\u00eda tiene que pedir a Dios el don de &#8230; <a href=\"http:\/\/vincentians.com\/es\/vicente-de-paul-conferencia-115-repeticion-de-la-oracion-noviembre-de-1658\/\" class=\"more-link\">Read More<\/a><\/p>\n","protected":false},"author":4,"featured_media":393753,"comment_status":"open","ping_status":"open","sticky":false,"template":"","format":"standard","meta":{"jetpack_post_was_ever_published":false,"_jetpack_newsletter_access":"","_jetpack_dont_email_post_to_subs":false,"_jetpack_newsletter_tier_id":0,"_jetpack_memberships_contains_paywalled_content":false,"_jetpack_memberships_contains_paid_content":false,"footnotes":"","jetpack_publicize_message":"","jetpack_publicize_feature_enabled":true,"jetpack_social_post_already_shared":true,"jetpack_social_options":{"image_generator_settings":{"template":"highway","default_image_id":0,"font":"","enabled":false},"version":2}},"categories":[65],"tags":[177],"class_list":["post-12322","post","type-post","status-publish","format-standard","has-post-thumbnail","hentry","category-escritos-de-vicente-de-paul","tag-jolly"],"yoast_head":"<!-- This site is optimized with the Yoast SEO plugin v26.3 - https:\/\/yoast.com\/wordpress\/plugins\/seo\/ -->\n<title>Vicente de Pa\u00fal, Conferencia 115: Repetici\u00f3n De La Oraci\u00f3n, Noviembre De 1658 - Somos Vicencianos<\/title>\n<meta name=\"robots\" content=\"index, follow, max-snippet:-1, max-image-preview:large, max-video-preview:-1\" \/>\n<link rel=\"canonical\" href=\"http:\/\/vincentians.com\/es\/vicente-de-paul-conferencia-115-repeticion-de-la-oracion-noviembre-de-1658\/\" \/>\n<meta property=\"og:locale\" content=\"es_ES\" \/>\n<meta property=\"og:type\" content=\"article\" \/>\n<meta property=\"og:title\" content=\"Vicente de Pa\u00fal, Conferencia 115: Repetici\u00f3n De La Oraci\u00f3n, Noviembre De 1658 - Somos Vicencianos\" \/>\n<meta property=\"og:description\" content=\"Reprensi\u00f3n a un estudiante que hab\u00eda llamado a la compa\u00f1\u00eda santa compa\u00f1\u00eda. C\u00f3mo hay que hacer oraci\u00f3n. Triste estado de la religi\u00f3n en varios pa\u00edses. La compa\u00f1\u00eda tiene que pedir a Dios el don de ... Read More\" \/>\n<meta property=\"og:url\" content=\"http:\/\/vincentians.com\/es\/vicente-de-paul-conferencia-115-repeticion-de-la-oracion-noviembre-de-1658\/\" \/>\n<meta property=\"og:site_name\" content=\"Somos Vicencianos\" \/>\n<meta property=\"article:publisher\" content=\"https:\/\/www.facebook.com\/WeAreVincentians\/\" \/>\n<meta property=\"article:author\" content=\"https:\/\/www.facebook.com\/JavierChento\" \/>\n<meta property=\"article:published_time\" content=\"2009-09-23T19:17:18+00:00\" \/>\n<meta property=\"article:modified_time\" content=\"2016-07-26T09:01:20+00:00\" \/>\n<meta property=\"og:image\" content=\"https:\/\/i0.wp.com\/vincentians.com\/es\/wp-content\/uploads\/sites\/11\/2016\/07\/escritos-vicente-de-paul.jpg?fit=1200%2C630\" \/>\n\t<meta property=\"og:image:width\" content=\"1200\" \/>\n\t<meta property=\"og:image:height\" content=\"630\" \/>\n\t<meta property=\"og:image:type\" content=\"image\/jpeg\" \/>\n<meta name=\"author\" content=\"Francisco Javier Fern\u00e1ndez Chento\" \/>\n<meta name=\"twitter:card\" content=\"summary_large_image\" \/>\n<meta name=\"twitter:creator\" content=\"@https:\/\/twitter.com\/javierchento\" \/>\n<meta name=\"twitter:site\" content=\"@WeVincentians\" \/>\n<meta name=\"twitter:label1\" content=\"Escrito por\" \/>\n\t<meta name=\"twitter:data1\" content=\"Francisco Javier Fern\u00e1ndez Chento\" \/>\n\t<meta name=\"twitter:label2\" content=\"Tiempo de lectura\" \/>\n\t<meta name=\"twitter:data2\" content=\"5 minutos\" \/>\n<script type=\"application\/ld+json\" class=\"yoast-schema-graph\">{\"@context\":\"https:\/\/schema.org\",\"@graph\":[{\"@type\":\"Article\",\"@id\":\"http:\/\/vincentians.com\/es\/vicente-de-paul-conferencia-115-repeticion-de-la-oracion-noviembre-de-1658\/#article\",\"isPartOf\":{\"@id\":\"http:\/\/vincentians.com\/es\/vicente-de-paul-conferencia-115-repeticion-de-la-oracion-noviembre-de-1658\/\"},\"author\":{\"name\":\"Francisco Javier Fern\u00e1ndez Chento\",\"@id\":\"http:\/\/vincentians.com\/es\/#\/schema\/person\/9623ef4d9aa3b2dfb8c061f1499288f2\"},\"headline\":\"Vicente de Pa\u00fal, Conferencia 115: Repetici\u00f3n De La Oraci\u00f3n, Noviembre De 1658\",\"datePublished\":\"2009-09-23T19:17:18+00:00\",\"dateModified\":\"2016-07-26T09:01:20+00:00\",\"mainEntityOfPage\":{\"@id\":\"http:\/\/vincentians.com\/es\/vicente-de-paul-conferencia-115-repeticion-de-la-oracion-noviembre-de-1658\/\"},\"wordCount\":992,\"commentCount\":0,\"publisher\":{\"@id\":\"http:\/\/vincentians.com\/es\/#organization\"},\"image\":{\"@id\":\"http:\/\/vincentians.com\/es\/vicente-de-paul-conferencia-115-repeticion-de-la-oracion-noviembre-de-1658\/#primaryimage\"},\"thumbnailUrl\":\"https:\/\/i0.wp.com\/vincentians.com\/es\/wp-content\/uploads\/sites\/11\/2016\/07\/escritos-vicente-de-paul.jpg?fit=1200%2C630\",\"keywords\":[\"Jolly\"],\"articleSection\":[\"Escritos de Vicente de Pa\u00fal\"],\"inLanguage\":\"es\",\"potentialAction\":[{\"@type\":\"CommentAction\",\"name\":\"Comment\",\"target\":[\"http:\/\/vincentians.com\/es\/vicente-de-paul-conferencia-115-repeticion-de-la-oracion-noviembre-de-1658\/#respond\"]}]},{\"@type\":\"WebPage\",\"@id\":\"http:\/\/vincentians.com\/es\/vicente-de-paul-conferencia-115-repeticion-de-la-oracion-noviembre-de-1658\/\",\"url\":\"http:\/\/vincentians.com\/es\/vicente-de-paul-conferencia-115-repeticion-de-la-oracion-noviembre-de-1658\/\",\"name\":\"Vicente de Pa\u00fal, Conferencia 115: Repetici\u00f3n De La Oraci\u00f3n, Noviembre De 1658 - Somos Vicencianos\",\"isPartOf\":{\"@id\":\"http:\/\/vincentians.com\/es\/#website\"},\"primaryImageOfPage\":{\"@id\":\"http:\/\/vincentians.com\/es\/vicente-de-paul-conferencia-115-repeticion-de-la-oracion-noviembre-de-1658\/#primaryimage\"},\"image\":{\"@id\":\"http:\/\/vincentians.com\/es\/vicente-de-paul-conferencia-115-repeticion-de-la-oracion-noviembre-de-1658\/#primaryimage\"},\"thumbnailUrl\":\"https:\/\/i0.wp.com\/vincentians.com\/es\/wp-content\/uploads\/sites\/11\/2016\/07\/escritos-vicente-de-paul.jpg?fit=1200%2C630\",\"datePublished\":\"2009-09-23T19:17:18+00:00\",\"dateModified\":\"2016-07-26T09:01:20+00:00\",\"breadcrumb\":{\"@id\":\"http:\/\/vincentians.com\/es\/vicente-de-paul-conferencia-115-repeticion-de-la-oracion-noviembre-de-1658\/#breadcrumb\"},\"inLanguage\":\"es\",\"potentialAction\":[{\"@type\":\"ReadAction\",\"target\":[\"http:\/\/vincentians.com\/es\/vicente-de-paul-conferencia-115-repeticion-de-la-oracion-noviembre-de-1658\/\"]}]},{\"@type\":\"ImageObject\",\"inLanguage\":\"es\",\"@id\":\"http:\/\/vincentians.com\/es\/vicente-de-paul-conferencia-115-repeticion-de-la-oracion-noviembre-de-1658\/#primaryimage\",\"url\":\"https:\/\/i0.wp.com\/vincentians.com\/es\/wp-content\/uploads\/sites\/11\/2016\/07\/escritos-vicente-de-paul.jpg?fit=1200%2C630\",\"contentUrl\":\"https:\/\/i0.wp.com\/vincentians.com\/es\/wp-content\/uploads\/sites\/11\/2016\/07\/escritos-vicente-de-paul.jpg?fit=1200%2C630\",\"width\":1200,\"height\":630},{\"@type\":\"BreadcrumbList\",\"@id\":\"http:\/\/vincentians.com\/es\/vicente-de-paul-conferencia-115-repeticion-de-la-oracion-noviembre-de-1658\/#breadcrumb\",\"itemListElement\":[{\"@type\":\"ListItem\",\"position\":1,\"name\":\"Portada\",\"item\":\"http:\/\/vincentians.com\/es\/\"},{\"@type\":\"ListItem\",\"position\":2,\"name\":\"Vicente de Pa\u00fal, Conferencia 115: Repetici\u00f3n De La Oraci\u00f3n, Noviembre De 1658\"}]},{\"@type\":\"WebSite\",\"@id\":\"http:\/\/vincentians.com\/es\/#website\",\"url\":\"http:\/\/vincentians.com\/es\/\",\"name\":\"Somos Vicencianos\",\"description\":\"Know more to serve more\",\"publisher\":{\"@id\":\"http:\/\/vincentians.com\/es\/#organization\"},\"potentialAction\":[{\"@type\":\"SearchAction\",\"target\":{\"@type\":\"EntryPoint\",\"urlTemplate\":\"http:\/\/vincentians.com\/es\/?s={search_term_string}\"},\"query-input\":{\"@type\":\"PropertyValueSpecification\",\"valueRequired\":true,\"valueName\":\"search_term_string\"}}],\"inLanguage\":\"es\"},{\"@type\":\"Organization\",\"@id\":\"http:\/\/vincentians.com\/es\/#organization\",\"name\":\"The Vincentian Network\",\"url\":\"http:\/\/vincentians.com\/es\/\",\"logo\":{\"@type\":\"ImageObject\",\"inLanguage\":\"es\",\"@id\":\"http:\/\/vincentians.com\/es\/#\/schema\/logo\/image\/\",\"url\":\"https:\/\/i1.wp.com\/vincentians.com\/es\/wp-content\/uploads\/sites\/11\/2016\/06\/Vincentian-Network-logo-big.png?fit=778%2C778\",\"contentUrl\":\"https:\/\/i1.wp.com\/vincentians.com\/es\/wp-content\/uploads\/sites\/11\/2016\/06\/Vincentian-Network-logo-big.png?fit=778%2C778\",\"width\":778,\"height\":778,\"caption\":\"The Vincentian Network\"},\"image\":{\"@id\":\"http:\/\/vincentians.com\/es\/#\/schema\/logo\/image\/\"},\"sameAs\":[\"https:\/\/www.facebook.com\/WeAreVincentians\/\",\"https:\/\/x.com\/WeVincentians\"]},{\"@type\":\"Person\",\"@id\":\"http:\/\/vincentians.com\/es\/#\/schema\/person\/9623ef4d9aa3b2dfb8c061f1499288f2\",\"name\":\"Francisco Javier Fern\u00e1ndez Chento\",\"image\":{\"@type\":\"ImageObject\",\"inLanguage\":\"es\",\"@id\":\"http:\/\/vincentians.com\/es\/#\/schema\/person\/image\/\",\"url\":\"https:\/\/secure.gravatar.com\/avatar\/497d5cde87b4c3d097d0315953521681ba2cd523ee66e5077c3711f7021e65de?s=96&d=mm&r=g\",\"contentUrl\":\"https:\/\/secure.gravatar.com\/avatar\/497d5cde87b4c3d097d0315953521681ba2cd523ee66e5077c3711f7021e65de?s=96&d=mm&r=g\",\"caption\":\"Francisco Javier Fern\u00e1ndez Chento\"},\"description\":\"Director General y cofundador de La Red de Formaci\u00f3n Vicenciana. Javier es laico vicenciano, afiliado a la Congregaci\u00f3n de la Misi\u00f3n y miembro del Equipo de Misiones Populares de la provincia can\u00f3nica de Zaragoza (Espa\u00f1a) de la Congregaci\u00f3n de la Misi\u00f3n. Graduado en la Universidad Oberta de Catalunya con cuatro grados (Asistente de direcci\u00f3n, Gesti\u00f3n Administrativa, Recursos Humanos y Contabilidad Avanzada). Bil\u00edng\u00fce Espa\u00f1ol\/Ingl\u00e9s. gestiona y mantiene varias p\u00e1ginas web cristianas y vicencianas, incluida including La Red de Formaci\u00f3n Vicenciana, de la que es cofundador. Actualmente es responsable del \u00e1rea de Espa\u00f1ol de .famvin, la Red de Noticias de la Familia Vicenciana. Tambi\u00e9n es m\u00fasico cat\u00f3lico y ha editado varios discos. Es Director General y cofundador de Trovador, una reconocida compa\u00f1\u00eda discogr\u00e1fica critiana de Espa\u00f1a. Trabaja en las Tecnolog\u00edas de la Informaci\u00f3n, ofreciendo servicios de alojamiento, dise\u00f1o y mantenimiento Web, as\u00ed como asesoramiento, formaci\u00f3n y soluciones inform\u00e1ticas, gesti\u00f3n documental y digitalizaci\u00f3n de textos, edici\u00f3n y maquetaci\u00f3n de libros, revistas, flyers, etc.\",\"sameAs\":[\"http:\/\/chento.org\",\"https:\/\/www.facebook.com\/JavierChento\",\"https:\/\/x.com\/https:\/\/twitter.com\/javierchento\"],\"url\":\"http:\/\/vincentians.com\/es\/author\/chento\/\"}]}<\/script>\n<!-- \/ Yoast SEO plugin. -->","yoast_head_json":{"title":"Vicente de Pa\u00fal, Conferencia 115: Repetici\u00f3n De La Oraci\u00f3n, Noviembre De 1658 - Somos Vicencianos","robots":{"index":"index","follow":"follow","max-snippet":"max-snippet:-1","max-image-preview":"max-image-preview:large","max-video-preview":"max-video-preview:-1"},"canonical":"http:\/\/vincentians.com\/es\/vicente-de-paul-conferencia-115-repeticion-de-la-oracion-noviembre-de-1658\/","og_locale":"es_ES","og_type":"article","og_title":"Vicente de Pa\u00fal, Conferencia 115: Repetici\u00f3n De La Oraci\u00f3n, Noviembre De 1658 - Somos Vicencianos","og_description":"Reprensi\u00f3n a un estudiante que hab\u00eda llamado a la compa\u00f1\u00eda santa compa\u00f1\u00eda. C\u00f3mo hay que hacer oraci\u00f3n. Triste estado de la religi\u00f3n en varios pa\u00edses. La compa\u00f1\u00eda tiene que pedir a Dios el don de ... Read More","og_url":"http:\/\/vincentians.com\/es\/vicente-de-paul-conferencia-115-repeticion-de-la-oracion-noviembre-de-1658\/","og_site_name":"Somos Vicencianos","article_publisher":"https:\/\/www.facebook.com\/WeAreVincentians\/","article_author":"https:\/\/www.facebook.com\/JavierChento","article_published_time":"2009-09-23T19:17:18+00:00","article_modified_time":"2016-07-26T09:01:20+00:00","og_image":[{"width":1200,"height":630,"url":"https:\/\/i0.wp.com\/vincentians.com\/es\/wp-content\/uploads\/sites\/11\/2016\/07\/escritos-vicente-de-paul.jpg?fit=1200%2C630","type":"image\/jpeg"}],"author":"Francisco Javier Fern\u00e1ndez Chento","twitter_card":"summary_large_image","twitter_creator":"@https:\/\/twitter.com\/javierchento","twitter_site":"@WeVincentians","twitter_misc":{"Escrito por":"Francisco Javier Fern\u00e1ndez Chento","Tiempo de lectura":"5 minutos"},"schema":{"@context":"https:\/\/schema.org","@graph":[{"@type":"Article","@id":"http:\/\/vincentians.com\/es\/vicente-de-paul-conferencia-115-repeticion-de-la-oracion-noviembre-de-1658\/#article","isPartOf":{"@id":"http:\/\/vincentians.com\/es\/vicente-de-paul-conferencia-115-repeticion-de-la-oracion-noviembre-de-1658\/"},"author":{"name":"Francisco Javier Fern\u00e1ndez Chento","@id":"http:\/\/vincentians.com\/es\/#\/schema\/person\/9623ef4d9aa3b2dfb8c061f1499288f2"},"headline":"Vicente de Pa\u00fal, Conferencia 115: Repetici\u00f3n De La Oraci\u00f3n, Noviembre De 1658","datePublished":"2009-09-23T19:17:18+00:00","dateModified":"2016-07-26T09:01:20+00:00","mainEntityOfPage":{"@id":"http:\/\/vincentians.com\/es\/vicente-de-paul-conferencia-115-repeticion-de-la-oracion-noviembre-de-1658\/"},"wordCount":992,"commentCount":0,"publisher":{"@id":"http:\/\/vincentians.com\/es\/#organization"},"image":{"@id":"http:\/\/vincentians.com\/es\/vicente-de-paul-conferencia-115-repeticion-de-la-oracion-noviembre-de-1658\/#primaryimage"},"thumbnailUrl":"https:\/\/i0.wp.com\/vincentians.com\/es\/wp-content\/uploads\/sites\/11\/2016\/07\/escritos-vicente-de-paul.jpg?fit=1200%2C630","keywords":["Jolly"],"articleSection":["Escritos de Vicente de Pa\u00fal"],"inLanguage":"es","potentialAction":[{"@type":"CommentAction","name":"Comment","target":["http:\/\/vincentians.com\/es\/vicente-de-paul-conferencia-115-repeticion-de-la-oracion-noviembre-de-1658\/#respond"]}]},{"@type":"WebPage","@id":"http:\/\/vincentians.com\/es\/vicente-de-paul-conferencia-115-repeticion-de-la-oracion-noviembre-de-1658\/","url":"http:\/\/vincentians.com\/es\/vicente-de-paul-conferencia-115-repeticion-de-la-oracion-noviembre-de-1658\/","name":"Vicente de Pa\u00fal, Conferencia 115: Repetici\u00f3n De La Oraci\u00f3n, Noviembre De 1658 - Somos Vicencianos","isPartOf":{"@id":"http:\/\/vincentians.com\/es\/#website"},"primaryImageOfPage":{"@id":"http:\/\/vincentians.com\/es\/vicente-de-paul-conferencia-115-repeticion-de-la-oracion-noviembre-de-1658\/#primaryimage"},"image":{"@id":"http:\/\/vincentians.com\/es\/vicente-de-paul-conferencia-115-repeticion-de-la-oracion-noviembre-de-1658\/#primaryimage"},"thumbnailUrl":"https:\/\/i0.wp.com\/vincentians.com\/es\/wp-content\/uploads\/sites\/11\/2016\/07\/escritos-vicente-de-paul.jpg?fit=1200%2C630","datePublished":"2009-09-23T19:17:18+00:00","dateModified":"2016-07-26T09:01:20+00:00","breadcrumb":{"@id":"http:\/\/vincentians.com\/es\/vicente-de-paul-conferencia-115-repeticion-de-la-oracion-noviembre-de-1658\/#breadcrumb"},"inLanguage":"es","potentialAction":[{"@type":"ReadAction","target":["http:\/\/vincentians.com\/es\/vicente-de-paul-conferencia-115-repeticion-de-la-oracion-noviembre-de-1658\/"]}]},{"@type":"ImageObject","inLanguage":"es","@id":"http:\/\/vincentians.com\/es\/vicente-de-paul-conferencia-115-repeticion-de-la-oracion-noviembre-de-1658\/#primaryimage","url":"https:\/\/i0.wp.com\/vincentians.com\/es\/wp-content\/uploads\/sites\/11\/2016\/07\/escritos-vicente-de-paul.jpg?fit=1200%2C630","contentUrl":"https:\/\/i0.wp.com\/vincentians.com\/es\/wp-content\/uploads\/sites\/11\/2016\/07\/escritos-vicente-de-paul.jpg?fit=1200%2C630","width":1200,"height":630},{"@type":"BreadcrumbList","@id":"http:\/\/vincentians.com\/es\/vicente-de-paul-conferencia-115-repeticion-de-la-oracion-noviembre-de-1658\/#breadcrumb","itemListElement":[{"@type":"ListItem","position":1,"name":"Portada","item":"http:\/\/vincentians.com\/es\/"},{"@type":"ListItem","position":2,"name":"Vicente de Pa\u00fal, Conferencia 115: Repetici\u00f3n De La Oraci\u00f3n, Noviembre De 1658"}]},{"@type":"WebSite","@id":"http:\/\/vincentians.com\/es\/#website","url":"http:\/\/vincentians.com\/es\/","name":"Somos Vicencianos","description":"Know more to serve more","publisher":{"@id":"http:\/\/vincentians.com\/es\/#organization"},"potentialAction":[{"@type":"SearchAction","target":{"@type":"EntryPoint","urlTemplate":"http:\/\/vincentians.com\/es\/?s={search_term_string}"},"query-input":{"@type":"PropertyValueSpecification","valueRequired":true,"valueName":"search_term_string"}}],"inLanguage":"es"},{"@type":"Organization","@id":"http:\/\/vincentians.com\/es\/#organization","name":"The Vincentian Network","url":"http:\/\/vincentians.com\/es\/","logo":{"@type":"ImageObject","inLanguage":"es","@id":"http:\/\/vincentians.com\/es\/#\/schema\/logo\/image\/","url":"https:\/\/i1.wp.com\/vincentians.com\/es\/wp-content\/uploads\/sites\/11\/2016\/06\/Vincentian-Network-logo-big.png?fit=778%2C778","contentUrl":"https:\/\/i1.wp.com\/vincentians.com\/es\/wp-content\/uploads\/sites\/11\/2016\/06\/Vincentian-Network-logo-big.png?fit=778%2C778","width":778,"height":778,"caption":"The Vincentian Network"},"image":{"@id":"http:\/\/vincentians.com\/es\/#\/schema\/logo\/image\/"},"sameAs":["https:\/\/www.facebook.com\/WeAreVincentians\/","https:\/\/x.com\/WeVincentians"]},{"@type":"Person","@id":"http:\/\/vincentians.com\/es\/#\/schema\/person\/9623ef4d9aa3b2dfb8c061f1499288f2","name":"Francisco Javier Fern\u00e1ndez Chento","image":{"@type":"ImageObject","inLanguage":"es","@id":"http:\/\/vincentians.com\/es\/#\/schema\/person\/image\/","url":"https:\/\/secure.gravatar.com\/avatar\/497d5cde87b4c3d097d0315953521681ba2cd523ee66e5077c3711f7021e65de?s=96&d=mm&r=g","contentUrl":"https:\/\/secure.gravatar.com\/avatar\/497d5cde87b4c3d097d0315953521681ba2cd523ee66e5077c3711f7021e65de?s=96&d=mm&r=g","caption":"Francisco Javier Fern\u00e1ndez Chento"},"description":"Director General y cofundador de La Red de Formaci\u00f3n Vicenciana. Javier es laico vicenciano, afiliado a la Congregaci\u00f3n de la Misi\u00f3n y miembro del Equipo de Misiones Populares de la provincia can\u00f3nica de Zaragoza (Espa\u00f1a) de la Congregaci\u00f3n de la Misi\u00f3n. Graduado en la Universidad Oberta de Catalunya con cuatro grados (Asistente de direcci\u00f3n, Gesti\u00f3n Administrativa, Recursos Humanos y Contabilidad Avanzada). Bil\u00edng\u00fce Espa\u00f1ol\/Ingl\u00e9s. gestiona y mantiene varias p\u00e1ginas web cristianas y vicencianas, incluida including La Red de Formaci\u00f3n Vicenciana, de la que es cofundador. Actualmente es responsable del \u00e1rea de Espa\u00f1ol de .famvin, la Red de Noticias de la Familia Vicenciana. Tambi\u00e9n es m\u00fasico cat\u00f3lico y ha editado varios discos. Es Director General y cofundador de Trovador, una reconocida compa\u00f1\u00eda discogr\u00e1fica critiana de Espa\u00f1a. Trabaja en las Tecnolog\u00edas de la Informaci\u00f3n, ofreciendo servicios de alojamiento, dise\u00f1o y mantenimiento Web, as\u00ed como asesoramiento, formaci\u00f3n y soluciones inform\u00e1ticas, gesti\u00f3n documental y digitalizaci\u00f3n de textos, edici\u00f3n y maquetaci\u00f3n de libros, revistas, flyers, etc.","sameAs":["http:\/\/chento.org","https:\/\/www.facebook.com\/JavierChento","https:\/\/x.com\/https:\/\/twitter.com\/javierchento"],"url":"http:\/\/vincentians.com\/es\/author\/chento\/"}]}},"jetpack_publicize_connections":[],"jetpack_featured_media_url":"https:\/\/i0.wp.com\/vincentians.com\/es\/wp-content\/uploads\/sites\/11\/2016\/07\/escritos-vicente-de-paul.jpg?fit=1200%2C630","jetpack_sharing_enabled":true,"jetpack_shortlink":"https:\/\/wp.me\/p7ETMF-3cK","jetpack-related-posts":[{"id":387156,"url":"http:\/\/vincentians.com\/es\/en-comunidad-fraterna-y-espiritual\/","url_meta":{"origin":12322,"position":0},"title":"En comunidad fraterna y espiritual","author":"Mitxel Olabu\u00e9naga","date":"07\/03\/2016","format":false,"excerpt":"\u00abOs lo digo otra vez: Si aqu\u00ed en la tierra dos de vos\u00adotros se ponen de acuerdo, cualquier asunto por el que pidan les resultar\u00e1, por obra de mi Padre del cielo, pues donde est\u00e1n dos o tres re\u00adunidos apelando a m\u00ed, all\u00ed, en medio de ellos, estoy yo\u00bb. (Mt\u2026","rel":"","context":"En \u00abEspiritualidad\u00bb","block_context":{"text":"Espiritualidad","link":"http:\/\/vincentians.com\/es\/category\/espiritualidad\/"},"img":{"alt_text":"asd","src":"https:\/\/i0.wp.com\/vicencianos.org\/wp-content\/uploads\/2016\/03\/asd-300x227.jpg?resize=350%2C200","width":350,"height":200},"classes":[]},{"id":129146,"url":"http:\/\/vincentians.com\/es\/la-aprobacion-frustrada-de-la-compania\/","url_meta":{"origin":12322,"position":1},"title":"La aprobaci\u00f3n frustrada de la Compa\u00f1\u00eda","author":"Francisco Javier Fern\u00e1ndez Chento","date":"21\/06\/2025","format":false,"excerpt":"Los antecedentes Desde 1636, y con m\u00e1s realidad desde 1639, las Hijas de la Caridad ten\u00edan una exis\u00adtencia aut\u00f3noma y, en el gobierno de la Compa\u00f1\u00eda, eran independientes de hecho de las se\u00ad\u00f1oras de las Caridades. Desde 1640, los fundadores hab\u00edan ido dando a la Compa\u00f1\u00eda una organizaci\u00f3n y unas\u2026","rel":"","context":"En \u00abFormaci\u00f3n Vicenciana\u00bb","block_context":{"text":"Formaci\u00f3n Vicenciana","link":"http:\/\/vincentians.com\/es\/category\/formacion-vicenciana\/"},"img":{"alt_text":"","src":"https:\/\/i0.wp.com\/vincentians.com\/es\/wp-content\/uploads\/sites\/11\/2016\/10\/ranquines.jpg?fit=1200%2C630&resize=350%2C200","width":350,"height":200,"srcset":"https:\/\/i0.wp.com\/vincentians.com\/es\/wp-content\/uploads\/sites\/11\/2016\/10\/ranquines.jpg?fit=1200%2C630&resize=350%2C200 1x, https:\/\/i0.wp.com\/vincentians.com\/es\/wp-content\/uploads\/sites\/11\/2016\/10\/ranquines.jpg?fit=1200%2C630&resize=525%2C300 1.5x, https:\/\/i0.wp.com\/vincentians.com\/es\/wp-content\/uploads\/sites\/11\/2016\/10\/ranquines.jpg?fit=1200%2C630&resize=700%2C400 2x, https:\/\/i0.wp.com\/vincentians.com\/es\/wp-content\/uploads\/sites\/11\/2016\/10\/ranquines.jpg?fit=1200%2C630&resize=1050%2C600 3x"},"classes":[]},{"id":12106,"url":"http:\/\/vincentians.com\/es\/vicente-de-paul-conferencia-046-repeticion-de-la-oracion-del-18-de-julio-de-1055\/","url_meta":{"origin":12322,"position":2},"title":"Vicente de Pa\u00fal, Conferencia 046: Repetici\u00f3n De La Oraci\u00f3n Del 18 De Julio De 1055","author":"Francisco Javier Fern\u00e1ndez Chento","date":"16\/07\/2009","format":false,"excerpt":"18.07.55 ELOGIO DE ADRIAN BOURDOISE El padre Vicente encomienda a Adrian Bourdoise a las oraciones de la compa\u00f1\u00eda. El padre Vicente encomend\u00f3 con mucha insistencia a las oraciones de la compa\u00f1\u00eda la salud del padre Bourdoise, enfermo grave de apoplej\u00eda, y alab\u00f3 mucho el celo de este buen sacerdote por\u2026","rel":"","context":"En \u00abEscritos de Vicente de Pa\u00fal\u00bb","block_context":{"text":"Escritos de Vicente de Pa\u00fal","link":"http:\/\/vincentians.com\/es\/category\/escritos\/escritos-de-vicente-de-paul\/"},"img":{"alt_text":"","src":"https:\/\/i0.wp.com\/vincentians.com\/es\/wp-content\/uploads\/sites\/11\/2016\/07\/escritos-vicente-de-paul.jpg?fit=1200%2C630&resize=350%2C200","width":350,"height":200,"srcset":"https:\/\/i0.wp.com\/vincentians.com\/es\/wp-content\/uploads\/sites\/11\/2016\/07\/escritos-vicente-de-paul.jpg?fit=1200%2C630&resize=350%2C200 1x, https:\/\/i0.wp.com\/vincentians.com\/es\/wp-content\/uploads\/sites\/11\/2016\/07\/escritos-vicente-de-paul.jpg?fit=1200%2C630&resize=525%2C300 1.5x, https:\/\/i0.wp.com\/vincentians.com\/es\/wp-content\/uploads\/sites\/11\/2016\/07\/escritos-vicente-de-paul.jpg?fit=1200%2C630&resize=700%2C400 2x, https:\/\/i0.wp.com\/vincentians.com\/es\/wp-content\/uploads\/sites\/11\/2016\/07\/escritos-vicente-de-paul.jpg?fit=1200%2C630&resize=1050%2C600 3x"},"classes":[]},{"id":129369,"url":"http:\/\/vincentians.com\/es\/vicente-de-paul-carta-1230-a-los-superiores-de-las-casas-de-la-compania\/","url_meta":{"origin":12322,"position":3},"title":"Vicente de Pa\u00fal, Carta 1230: A los Superiores de las Casas de la Compa\u00f1\u00eda","author":"Francisco Javier Fern\u00e1ndez Chento","date":"13\/02\/2014","format":false,"excerpt":"15 enero 1650. Padre: La gracia de Nuestro Se\u00f1or sea siempre con nosotros. Ya sabe usted que todas las cosas de este mundo est\u00e1n sujetas a alteraciones, que el hombre no permanece siempre en el mismo estado y que Dios permite muchas veces que decaigan las compa\u00f1\u00edas m\u00e1s santas, as\u00ed\u2026","rel":"","context":"En \u00abEscritos de Vicente de Pa\u00fal\u00bb","block_context":{"text":"Escritos de Vicente de Pa\u00fal","link":"http:\/\/vincentians.com\/es\/category\/escritos\/escritos-de-vicente-de-paul\/"},"img":{"alt_text":"","src":"https:\/\/i0.wp.com\/vincentians.com\/es\/wp-content\/uploads\/sites\/11\/2016\/07\/escritos-vicente-de-paul.jpg?fit=1200%2C630&resize=350%2C200","width":350,"height":200,"srcset":"https:\/\/i0.wp.com\/vincentians.com\/es\/wp-content\/uploads\/sites\/11\/2016\/07\/escritos-vicente-de-paul.jpg?fit=1200%2C630&resize=350%2C200 1x, https:\/\/i0.wp.com\/vincentians.com\/es\/wp-content\/uploads\/sites\/11\/2016\/07\/escritos-vicente-de-paul.jpg?fit=1200%2C630&resize=525%2C300 1.5x, https:\/\/i0.wp.com\/vincentians.com\/es\/wp-content\/uploads\/sites\/11\/2016\/07\/escritos-vicente-de-paul.jpg?fit=1200%2C630&resize=700%2C400 2x, https:\/\/i0.wp.com\/vincentians.com\/es\/wp-content\/uploads\/sites\/11\/2016\/07\/escritos-vicente-de-paul.jpg?fit=1200%2C630&resize=1050%2C600 3x"},"classes":[]},{"id":387803,"url":"http:\/\/vincentians.com\/es\/jesus-ora-al-padre-movido-por-el-espiritu\/","url_meta":{"origin":12322,"position":4},"title":"Jes\u00fas ora al Padre, movido por el Esp\u00edritu","author":"Mitxel Olabu\u00e9naga","date":"08\/09\/2016","format":false,"excerpt":"Jes\u00fas de Nazaret es un trabajador fiel que hace de su vida oraci\u00f3n, y de la oraci\u00f3n compromiso de salvaci\u00f3n para los hombres. Trabajo y oraci\u00f3n se funden indisolublemente en su persona. Es inconcebible un Jes\u00fas que no ora expresamente al Padre y que no ense\u00f1a a sus disc\u00edpulos a\u2026","rel":"","context":"En \u00abOraci\u00f3n\u00bb","block_context":{"text":"Oraci\u00f3n","link":"http:\/\/vincentians.com\/es\/category\/espiritualidad\/oracion\/"},"img":{"alt_text":"","src":"https:\/\/i0.wp.com\/vincentians.com\/es\/wp-content\/uploads\/sites\/11\/2016\/09\/jesus-ora-al-padre.jpg?fit=1200%2C630&resize=350%2C200","width":350,"height":200,"srcset":"https:\/\/i0.wp.com\/vincentians.com\/es\/wp-content\/uploads\/sites\/11\/2016\/09\/jesus-ora-al-padre.jpg?fit=1200%2C630&resize=350%2C200 1x, https:\/\/i0.wp.com\/vincentians.com\/es\/wp-content\/uploads\/sites\/11\/2016\/09\/jesus-ora-al-padre.jpg?fit=1200%2C630&resize=525%2C300 1.5x, https:\/\/i0.wp.com\/vincentians.com\/es\/wp-content\/uploads\/sites\/11\/2016\/09\/jesus-ora-al-padre.jpg?fit=1200%2C630&resize=700%2C400 2x, https:\/\/i0.wp.com\/vincentians.com\/es\/wp-content\/uploads\/sites\/11\/2016\/09\/jesus-ora-al-padre.jpg?fit=1200%2C630&resize=1050%2C600 3x"},"classes":[]},{"id":116627,"url":"http:\/\/vincentians.com\/es\/vicente-de-paul-carta-1033-a-un-sacerdote-de-la-mision\/","url_meta":{"origin":12322,"position":5},"title":"Vicente de Pa\u00fal, Carta 1033: A un Sacerdote de La Misi\u00f3n","author":"Francisco Javier Fern\u00e1ndez Chento","date":"24\/12\/2012","format":false,"excerpt":"[Fines de septiembre o principios de octubre. 1647] Aunque estoy de retiro, no dejo de escribirle para encomendar a sus oraciones a una persona de la Compa\u00f1\u00eda, que ha muerto, el padre Nouelly, fallecido en Argel, donde hab\u00eda sido enviado para asistir a los pobres esclavos cristianos, con los que\u2026","rel":"","context":"En \u00abEscritos de Vicente de Pa\u00fal\u00bb","block_context":{"text":"Escritos de Vicente de Pa\u00fal","link":"http:\/\/vincentians.com\/es\/category\/escritos\/escritos-de-vicente-de-paul\/"},"img":{"alt_text":"","src":"https:\/\/i0.wp.com\/vincentians.com\/es\/wp-content\/uploads\/sites\/11\/2016\/07\/escritos-vicente-de-paul.jpg?fit=1200%2C630&resize=350%2C200","width":350,"height":200,"srcset":"https:\/\/i0.wp.com\/vincentians.com\/es\/wp-content\/uploads\/sites\/11\/2016\/07\/escritos-vicente-de-paul.jpg?fit=1200%2C630&resize=350%2C200 1x, https:\/\/i0.wp.com\/vincentians.com\/es\/wp-content\/uploads\/sites\/11\/2016\/07\/escritos-vicente-de-paul.jpg?fit=1200%2C630&resize=525%2C300 1.5x, https:\/\/i0.wp.com\/vincentians.com\/es\/wp-content\/uploads\/sites\/11\/2016\/07\/escritos-vicente-de-paul.jpg?fit=1200%2C630&resize=700%2C400 2x, https:\/\/i0.wp.com\/vincentians.com\/es\/wp-content\/uploads\/sites\/11\/2016\/07\/escritos-vicente-de-paul.jpg?fit=1200%2C630&resize=1050%2C600 3x"},"classes":[]}],"_links":{"self":[{"href":"http:\/\/vincentians.com\/es\/wp-json\/wp\/v2\/posts\/12322","targetHints":{"allow":["GET"]}}],"collection":[{"href":"http:\/\/vincentians.com\/es\/wp-json\/wp\/v2\/posts"}],"about":[{"href":"http:\/\/vincentians.com\/es\/wp-json\/wp\/v2\/types\/post"}],"author":[{"embeddable":true,"href":"http:\/\/vincentians.com\/es\/wp-json\/wp\/v2\/users\/4"}],"replies":[{"embeddable":true,"href":"http:\/\/vincentians.com\/es\/wp-json\/wp\/v2\/comments?post=12322"}],"version-history":[{"count":0,"href":"http:\/\/vincentians.com\/es\/wp-json\/wp\/v2\/posts\/12322\/revisions"}],"wp:featuredmedia":[{"embeddable":true,"href":"http:\/\/vincentians.com\/es\/wp-json\/wp\/v2\/media\/393753"}],"wp:attachment":[{"href":"http:\/\/vincentians.com\/es\/wp-json\/wp\/v2\/media?parent=12322"}],"wp:term":[{"taxonomy":"category","embeddable":true,"href":"http:\/\/vincentians.com\/es\/wp-json\/wp\/v2\/categories?post=12322"},{"taxonomy":"post_tag","embeddable":true,"href":"http:\/\/vincentians.com\/es\/wp-json\/wp\/v2\/tags?post=12322"}],"curies":[{"name":"wp","href":"https:\/\/api.w.org\/{rel}","templated":true}]}}