{"id":122154,"date":"2022-09-11T07:54:18","date_gmt":"2022-09-11T05:54:18","guid":{"rendered":"http:\/\/somos.vicencianos.org\/?p=122154"},"modified":"2022-08-09T20:36:23","modified_gmt":"2022-08-09T18:36:23","slug":"el-ambiente-natural","status":"publish","type":"post","link":"http:\/\/vincentians.com\/es\/el-ambiente-natural\/","title":{"rendered":"El ambiente natural"},"content":{"rendered":"<h2><b>I. La bondad del orden creado<\/b><\/h2>\n<p>311. \u00abY vio Dios que estaba bien\u00bb (Gn 1, 25). Estas palabras que leemos en el primer cap\u00edtulo del Libro del G\u00e9nesis, muestran el sentido de la obra realizada por \u00c9l. El Creador conf\u00eda al hombre, coronaci\u00f3n de toda la obra de la creaci\u00f3n, el cuidado de la tierra (cf. Gn 2, 15). De aqu\u00ed surgen obligaciones muy concretas para cada persona relativas a la ecolog\u00eda. Su cumplimiento supone la apertura a una perspectiva espiritual y \u00e9tica, que supere las actitudes y \u00ablos estilos de vida conducidos por el ego\u00edsmo que llevan al agotamiento de los recursos naturales\u00bb. (<i>Ecclesia in America<\/i>, n. 25)<\/p>\n<p>312. El s\u00e9ptimo mandamiento exige el respeto de la integridad de la creaci\u00f3n. Los animales, como las plantas y los seres inanimados, est\u00e1n naturalmente destinados al bien com\u00fan de la humanidad pasada, presente y futura. El uso de los recursos minerales, vegetales y animales del universo no puede ser separado del respeto a las exigencias morales. El dominio concedido por el Creador al hombre sobre los seres inanimados y los seres vivos no es absoluto; est\u00e1 regulado por el cuidado de la calidad de la vida del pr\u00f3jimo incluyendo la de las generaciones venideras; exige un respeto religioso de la integridad de la creaci\u00f3n. (CIC, n. 2415)<\/p>\n<h2><b>II. Problemas ambientales<\/b><\/h2>\n<p>313. Es un hecho de todos conocido que en algunas regiones existe evidente desproporci\u00f3n entre la extensi\u00f3n de tierras cultivables y el n\u00famero de habitantes; en otras, entre las riquezas del suelo y los instrumentos disponibles para el cultivo; por consiguiente, es preciso que haya una cooperaci\u00f3n internacional para procurar un m\u00e1s f\u00e1cil intercambio de bienes, capitales y personas. (<i>Pacem in Terris<\/i>, n. 101)<\/p>\n<p>314. La segunda consideraci\u00f3n se funda, en cambio, en la convicci\u00f3n, cada vez mayor tambi\u00e9n, de la limitaci\u00f3n de los recursos naturales, algunos de los cuales no son, como suele decirse, renovables. Usarlos como si fueran inagotables, con dominio absoluto, pone seriamente en peligro su futura disponibilidad, no s\u00f3lo para la generaci\u00f3n presente, sino sobre todo para las futuras. La tercera consideraci\u00f3n se refiere directamente a las consecuencias de un cierto tipo de desarrollo sobre la calidad de vida en las zonas industrializadas. Todos sabemos que el resultado directo o indirecto de la industrializaci\u00f3n es, cada vez m\u00e1s, la contaminaci\u00f3n del ambiente, con graves consecuencias para la salud de la poblaci\u00f3n. Una vez m\u00e1s, es evidente que el desarrollo, as\u00ed como la voluntad de planificaci\u00f3n que lo dirige, el uso de los recursos y el modo de utilizarlos no est\u00e1n exentos de respetar las exigencias morales. Una de \u00e9stas impone sin duda l\u00edmites al uso de la naturaleza visible. El dominio confiado al hombre por el Creador no es un poder absoluto, ni se puede hablar de libertad de \u00abusar y abusar\u00bb, o de disponer de las cosas como mejor parezca. La limitaci\u00f3n impuesta por el mismo Creador desde el principio, y expresada simb\u00f3licamente con la prohibici\u00f3n de \u00abcomer del fruto del \u00e1rbol\u00bb (cf. Gn 2, 16\u201317), muestra claramente que, ante la naturaleza visible, estamos sometidos a leyes, no s\u00f3lo biol\u00f3gicas, sino tambi\u00e9n morales, cuya transgresi\u00f3n no queda impune. (<i>Sollicitudo Rei Socialis<\/i>, n. 34)<\/p>\n<p>315. Parece que somos cada vez m\u00e1s conscientes del hecho de que la explotaci\u00f3n de la tierra, del planeta en el que vivimos, exige una planificaci\u00f3n racional y honesta. Al mismo tiempo, tal explotaci\u00f3n para fines no solamente industriales, sino tambi\u00e9n militares, el desarrollo de la t\u00e9cnica no controlado ni encuadrado en un plan a escala universal y aut\u00e9nticamente humanista, llevan muchas veces consigo la amenaza del ambiente natural del hombre, lo enajenan en sus relaciones con la naturaleza y lo apartan de ella. (<i>Redemptor Hominis<\/i>, n. 15)<\/p>\n<p>316. Es asimismo preocupante, junto con el problema del consumismo y estrictamente vinculado con \u00e9l, la cuesti\u00f3n ecol\u00f3gica. El hombre, impulsado por el deseo de tener y gozar, m\u00e1s que de ser y de crecer, consume de manera excesiva y desordenada los recursos de la tierra y su misma vida. En la ra\u00edz de la insensata destrucci\u00f3n del ambiente natural hay un error antropol\u00f3gico, por desgracia muy difundido en nuestro tiempo. El hombre, que descubre su capacidad de transformar y, en cierto sentido, de \u00abcrear\u00bb el mundo con el propio trabajo, olvida que \u00e9ste se desarrolla siempre sobre la base de la primera y originaria donaci\u00f3n de las cosas por parte de Dios. Cree que puede disponer arbitrariamente de la tierra, someti\u00e9ndola sin reservas a su voluntad como si ella no tuviese una fisonom\u00eda propia y un destino anterior dados por Dios, y que el hombre puede desarrollar ciertamente, pero que no debe traicionar. En vez de desempe\u00f1ar su papel de colaborador de Dios en la obra de la creaci\u00f3n, el hombre suplanta a Dios y con ello provoca la rebeli\u00f3n de la naturaleza, m\u00e1s bien tiranizada que gobernada por \u00e9l. Esto demuestra, sobre todo, mezquindad o estrechez de miras del hombre, animado por el deseo de poseer las cosas en vez de relacionarlas con la verdad, y falto de aquella actitud desinteresada, gratuita, est\u00e9tica que nace del asombro por el ser y por la belleza que permite leer en las cosas visibles el mensaje de Dios invisible que las ha creado. A este respecto, la humanidad de hoy debe ser consciente de sus deberes y de su cometido para con las generaciones futuras. (<i>Centesimus Annus<\/i>, n. 37)<\/p>\n<p>317. Mientras el horizonte del hombre se va as\u00ed modificando, partiendo de las im\u00e1genes que para \u00e9l se seleccionan, se hace sentir otra transformaci\u00f3n, consecuencia tan dram\u00e1tica como inesperada de la actividad humana. Bruscamente, el hombre adquiere conciencia de ella, debido a una explotaci\u00f3n inconsiderada de la naturaleza, corre el riesgo de destruirla y de ser a su vez v\u00edctima de esta degradaci\u00f3n. No s\u00f3lo el ambiente f\u00edsico constituye una amenaza permanente: contaminaciones y desechos, nuevas enfermedades, poder destructor absoluto; es el propio consorcio humano el que el hombre no domina ya, creando de esta manera para el ma\u00f1ana un ambiente que podr\u00eda resultarle intolerable. Problema social de envergadura que incumbe a la familia humana toda entera. Hacia estos aspectos nuevos es hacia donde tiene que volverse el cristiano para hacerse responsable, en uni\u00f3n con los dem\u00e1s hombres, de un destino en realidad ya com\u00fan. (<i>Octogesima Adveniens<\/i>, n. 21)<\/p>\n<p>318. Adem\u00e1s de la destrucci\u00f3n irracional del ambiente natural hay que recordar aqu\u00ed la m\u00e1s grave a\u00fan del <i>ambiente humano<\/i>, al que, sin embargo, se est\u00e1 lejos de prestar la necesaria atenci\u00f3n. Mientras nos preocupamos justamente, aunque mucho menos de lo necesario, de preservar los \u00abhabitat\u00bb naturales de las diversas especies animales amenazadas de extinci\u00f3n, porque nos damos cuenta de que cada una de ellas aporta su propia contribuci\u00f3n al equilibrio general de la tierra, nos esforzamos muy poco por <i>salvaguardar las condiciones morales de una aut\u00e9ntica \u00abecolog\u00eda humana\u00bb<\/i>. No s\u00f3lo la tierra ha sido dada por Dios al hombre, el cual debe usarla respetando la intenci\u00f3n originaria de que es un bien, seg\u00fan la cual le ha sido dada; incluso el hombre es para s\u00ed mismo un don de Dios y, por tanto, debe respetar la estructura natural y moral de la que ha sido dotado. Hay que mencionar en este contexto los graves problemas de la moderna urbanizaci\u00f3n, la necesidad de un urbanismo preocupado por la vida de las personas, as\u00ed como la debida atenci\u00f3n a una \u00abecolog\u00eda social\u00bb del trabajo. (<i>Centesimus Annus<\/i>, n. 38)<\/p>\n<h2><b>III. Administraci\u00f3n del ambiente<\/b><\/h2>\n<p>319. El hombre, llamado a cultivar y custodiar el jard\u00edn del mundo (cf. Gn 2, 15), tiene una responsabilidad espec\u00edfica sobre el ambiente de vida, o sea, sobre la creaci\u00f3n que Dios puso al servicio de su dignidad personal, de su vida: no s\u00f3lo respecto al presente, sino tambi\u00e9n a las generaciones futuras. Es la cuesti\u00f3n ecol\u00f3gica\u2014 desde la preservaci\u00f3n del \u00abh\u00e1bitat\u00bb natural de las diversas especies animales y formas de vida, hasta la \u00abecolog\u00eda humana\u00bb propiamente dicha\u2014que encuentra en la Biblia una luminosa y fuerte indicaci\u00f3n \u00e9tica para una soluci\u00f3n respetuosa del gran bien de la vida, de toda vida. En realidad, \u00abel dominio confiado al hombre por el Creador no es un poder absoluto, ni se puede hablar de libertad de \u00abusar y abusar\u00bb, o de disponer de las cosas como mejor parezca\u00bb (SRS, n. 34). (<i>Evangelium Vitae<\/i>, n. 42)<\/p>\n<p>320.A los responsables de las empresas les corresponde ante la sociedad la responsabilidad econ\u00f3mica y ecol\u00f3gica de sus operaciones. Est\u00e1n obligados a considerar el bien de las personas y no solamente el aumento de las ganancias. Sin embargo, \u00e9stas son necesarias; permiten realizar las inversiones que aseguran el porvenir de las empresas, y garantizan los puestos de trabajo. (CIC, n. 2432)<\/p>\n<p>321. Con la promoci\u00f3n de la dignidad humana se relaciona el derecho a un medio ambiente sano, ya que \u00e9ste pone de relieve el dinamismo de las relaciones entre el individuo y la sociedad. Un conjunto de normas internacionales, regionales y nacionales sobre el medio ambiente est\u00e1 dando forma jur\u00eddica gradualmente a este derecho. Sin embargo, por s\u00ed solas, las medidas jur\u00eddicas no son suficientes&#8230;. El presente y el futuro del mundo dependen de la salvaguardia de la creaci\u00f3n, porque hay una constante interacci\u00f3n entre la persona humana y la naturaleza. El poner el bien del ser humano en el centro de la atenci\u00f3n por el medio ambiente es, en realidad, el modo m\u00e1s seguro para salvaguardar la creaci\u00f3n; de ese modo, en efecto, se estimula la responsabilidad de cada uno en relaci\u00f3n con los recursos naturales y su uso racional. (<i>Mensaje de la Jornada Mundial de la Paz<\/i>, 1999, n. 10)<\/p>\n<h2><b>IV. Tecnolog\u00eda<\/b><\/h2>\n<p>322. El desarrollo de la industria y de los diversos sectores relacionados con ella\u2014hasta las m\u00e1s modernas tecnolog\u00edas de la electr\u00f3nica, especialmente en el terreno de la miniaturizaci\u00f3n, de la inform\u00e1tica, de la telem\u00e1tica y otros\u2014indica el papel de primer\u00edsima importancia que adquiere, en la interacci\u00f3n entre el sujeto y objeto del trabajo (en el sentido m\u00e1s amplio de esta palabra), precisamente esa aliada del trabajo, creada por el cerebro humano, que es la t\u00e9cnica&#8230;. Entendida aqu\u00ed no como capacidad o aptitud para el trabajo, sino como un conjunto de instrumentos de los que el hombre se vale en su trabajo, la t\u00e9cnica es indudablemente una aliada del hombre. Ella le facilita el trabajo, lo perfecciona, lo acelera y lo multiplica. Ella fomenta el aumento de la cantidad de productos del trabajo y perfecciona incluso la calidad de muchos de ellos. Es un hecho, por otra parte, que a veces, la t\u00e9cnica puede transformarse de aliada en adversaria del hombre, como cuando la mecanizaci\u00f3n del trabajo \u00absuplanta\u00bb al hombre, quit\u00e1ndole toda satisfacci\u00f3n personal y el est\u00edmulo a la creatividad y responsabilidad; cuanto quita el puesto de trabajo a muchos trabajadores antes ocupados, o cuando mediante la exaltaci\u00f3n de la m\u00e1quina reduce al hombre a ser su esclavo. (<i>Laborem Exercens<\/i>, n. 5)<\/p>\n<p>323. La presente generaci\u00f3n se siente privilegiada porque el progreso le ofrece tantas posibilidades, insospechadas hace solamente unos decenios. La actividad creadora del hombre, su inteligencia y su trabajo, han provocado cambios profundos, tanto en el dominio de la ciencia y de la t\u00e9cnica como en la vida social y cultural. El hombre ha extendido su poder sobre la naturaleza; ha adquirido un conocimiento m\u00e1s profundo de las leyes de su comportamiento social\u2026. El desarrollo de la inform\u00e1tica, por ejemplo, multiplicar\u00e1 la capacidad creadora del hombre y le permitir\u00e1 el acceso a las riquezas intelecuales y culturales do otros pueblos\u2026. Las adquisiciones de la ciencia biol\u00f3gica, psicol\u00f3gica o social ayudar\u00e1n al hombre a penetrar mejor en la riqueza de su propio ser\u2026. Pero al lado de todo esto\u2014 existen al mismo tiempo dificultades que se manifiestan en todo crecimiento. (<i>Dives in Misericordia<\/i>, n. 10)<\/p>\n","protected":false},"excerpt":{"rendered":"<p>I. La bondad del orden creado 311. \u00abY vio Dios que estaba bien\u00bb (Gn 1, 25). Estas palabras que leemos en el primer cap\u00edtulo del Libro del G\u00e9nesis, muestran el sentido de la obra realizada &#8230; <a href=\"http:\/\/vincentians.com\/es\/el-ambiente-natural\/\" class=\"more-link\">Read More<\/a><\/p>\n","protected":false},"author":4,"featured_media":404144,"comment_status":"open","ping_status":"open","sticky":false,"template":"","format":"standard","meta":{"jetpack_post_was_ever_published":false,"_jetpack_newsletter_access":"","_jetpack_dont_email_post_to_subs":false,"_jetpack_newsletter_tier_id":0,"_jetpack_memberships_contains_paywalled_content":false,"_jetpack_memberships_contains_paid_content":false,"footnotes":"","jetpack_publicize_message":"","jetpack_publicize_feature_enabled":true,"jetpack_social_post_already_shared":true,"jetpack_social_options":{"image_generator_settings":{"template":"highway","default_image_id":0,"font":"","enabled":false},"version":2}},"categories":[81],"tags":[],"class_list":["post-122154","post","type-post","status-publish","format-standard","has-post-thumbnail","hentry","category-doctrina-social-de-la-iglesia"],"yoast_head":"<!-- This site is optimized with the Yoast SEO plugin v26.3 - https:\/\/yoast.com\/wordpress\/plugins\/seo\/ -->\n<title>El ambiente natural - Somos Vicencianos<\/title>\n<meta name=\"robots\" content=\"index, follow, max-snippet:-1, max-image-preview:large, max-video-preview:-1\" \/>\n<link rel=\"canonical\" href=\"https:\/\/vincentians.com\/es\/el-ambiente-natural\/\" \/>\n<meta property=\"og:locale\" content=\"es_ES\" \/>\n<meta property=\"og:type\" content=\"article\" \/>\n<meta property=\"og:title\" content=\"El ambiente natural - Somos Vicencianos\" \/>\n<meta property=\"og:description\" content=\"I. La bondad del orden creado 311. \u00abY vio Dios que estaba bien\u00bb (Gn 1, 25). Estas palabras que leemos en el primer cap\u00edtulo del Libro del G\u00e9nesis, muestran el sentido de la obra realizada ... Read More\" \/>\n<meta property=\"og:url\" content=\"https:\/\/vincentians.com\/es\/el-ambiente-natural\/\" \/>\n<meta property=\"og:site_name\" content=\"Somos Vicencianos\" \/>\n<meta property=\"article:publisher\" content=\"https:\/\/www.facebook.com\/WeAreVincentians\/\" \/>\n<meta property=\"article:author\" content=\"https:\/\/www.facebook.com\/JavierChento\" \/>\n<meta property=\"article:published_time\" content=\"2022-09-11T05:54:18+00:00\" \/>\n<meta property=\"og:image\" content=\"https:\/\/i0.wp.com\/vincentians.com\/es\/wp-content\/uploads\/sites\/11\/2013\/04\/Avila.jpg?fit=1280%2C960&ssl=1\" \/>\n\t<meta property=\"og:image:width\" content=\"1280\" \/>\n\t<meta property=\"og:image:height\" content=\"960\" \/>\n\t<meta property=\"og:image:type\" content=\"image\/jpeg\" \/>\n<meta name=\"author\" content=\"Francisco Javier Fern\u00e1ndez Chento\" \/>\n<meta name=\"twitter:card\" content=\"summary_large_image\" \/>\n<meta name=\"twitter:creator\" content=\"@https:\/\/twitter.com\/javierchento\" \/>\n<meta name=\"twitter:site\" content=\"@WeVincentians\" \/>\n<meta name=\"twitter:label1\" content=\"Escrito por\" \/>\n\t<meta name=\"twitter:data1\" content=\"Francisco Javier Fern\u00e1ndez Chento\" \/>\n\t<meta name=\"twitter:label2\" content=\"Tiempo de lectura\" \/>\n\t<meta name=\"twitter:data2\" content=\"10 minutos\" \/>\n<script type=\"application\/ld+json\" class=\"yoast-schema-graph\">{\"@context\":\"https:\/\/schema.org\",\"@graph\":[{\"@type\":\"Article\",\"@id\":\"https:\/\/vincentians.com\/es\/el-ambiente-natural\/#article\",\"isPartOf\":{\"@id\":\"https:\/\/vincentians.com\/es\/el-ambiente-natural\/\"},\"author\":{\"name\":\"Francisco Javier Fern\u00e1ndez Chento\",\"@id\":\"http:\/\/vincentians.com\/es\/#\/schema\/person\/9623ef4d9aa3b2dfb8c061f1499288f2\"},\"headline\":\"El ambiente natural\",\"datePublished\":\"2022-09-11T05:54:18+00:00\",\"mainEntityOfPage\":{\"@id\":\"https:\/\/vincentians.com\/es\/el-ambiente-natural\/\"},\"wordCount\":2057,\"commentCount\":0,\"publisher\":{\"@id\":\"http:\/\/vincentians.com\/es\/#organization\"},\"image\":{\"@id\":\"https:\/\/vincentians.com\/es\/el-ambiente-natural\/#primaryimage\"},\"thumbnailUrl\":\"https:\/\/i0.wp.com\/vincentians.com\/es\/wp-content\/uploads\/sites\/11\/2013\/04\/Avila.jpg?fit=1280%2C960\",\"articleSection\":[\"Doctrina Social de la Iglesia\"],\"inLanguage\":\"es\",\"potentialAction\":[{\"@type\":\"CommentAction\",\"name\":\"Comment\",\"target\":[\"https:\/\/vincentians.com\/es\/el-ambiente-natural\/#respond\"]}]},{\"@type\":\"WebPage\",\"@id\":\"https:\/\/vincentians.com\/es\/el-ambiente-natural\/\",\"url\":\"https:\/\/vincentians.com\/es\/el-ambiente-natural\/\",\"name\":\"El ambiente natural - Somos Vicencianos\",\"isPartOf\":{\"@id\":\"http:\/\/vincentians.com\/es\/#website\"},\"primaryImageOfPage\":{\"@id\":\"https:\/\/vincentians.com\/es\/el-ambiente-natural\/#primaryimage\"},\"image\":{\"@id\":\"https:\/\/vincentians.com\/es\/el-ambiente-natural\/#primaryimage\"},\"thumbnailUrl\":\"https:\/\/i0.wp.com\/vincentians.com\/es\/wp-content\/uploads\/sites\/11\/2013\/04\/Avila.jpg?fit=1280%2C960\",\"datePublished\":\"2022-09-11T05:54:18+00:00\",\"breadcrumb\":{\"@id\":\"https:\/\/vincentians.com\/es\/el-ambiente-natural\/#breadcrumb\"},\"inLanguage\":\"es\",\"potentialAction\":[{\"@type\":\"ReadAction\",\"target\":[\"https:\/\/vincentians.com\/es\/el-ambiente-natural\/\"]}]},{\"@type\":\"ImageObject\",\"inLanguage\":\"es\",\"@id\":\"https:\/\/vincentians.com\/es\/el-ambiente-natural\/#primaryimage\",\"url\":\"https:\/\/i0.wp.com\/vincentians.com\/es\/wp-content\/uploads\/sites\/11\/2013\/04\/Avila.jpg?fit=1280%2C960\",\"contentUrl\":\"https:\/\/i0.wp.com\/vincentians.com\/es\/wp-content\/uploads\/sites\/11\/2013\/04\/Avila.jpg?fit=1280%2C960\",\"width\":1280,\"height\":960},{\"@type\":\"BreadcrumbList\",\"@id\":\"https:\/\/vincentians.com\/es\/el-ambiente-natural\/#breadcrumb\",\"itemListElement\":[{\"@type\":\"ListItem\",\"position\":1,\"name\":\"Portada\",\"item\":\"http:\/\/vincentians.com\/es\/\"},{\"@type\":\"ListItem\",\"position\":2,\"name\":\"El ambiente natural\"}]},{\"@type\":\"WebSite\",\"@id\":\"http:\/\/vincentians.com\/es\/#website\",\"url\":\"http:\/\/vincentians.com\/es\/\",\"name\":\"Somos Vicencianos\",\"description\":\"Know more to serve more\",\"publisher\":{\"@id\":\"http:\/\/vincentians.com\/es\/#organization\"},\"potentialAction\":[{\"@type\":\"SearchAction\",\"target\":{\"@type\":\"EntryPoint\",\"urlTemplate\":\"http:\/\/vincentians.com\/es\/?s={search_term_string}\"},\"query-input\":{\"@type\":\"PropertyValueSpecification\",\"valueRequired\":true,\"valueName\":\"search_term_string\"}}],\"inLanguage\":\"es\"},{\"@type\":\"Organization\",\"@id\":\"http:\/\/vincentians.com\/es\/#organization\",\"name\":\"The Vincentian Network\",\"url\":\"http:\/\/vincentians.com\/es\/\",\"logo\":{\"@type\":\"ImageObject\",\"inLanguage\":\"es\",\"@id\":\"http:\/\/vincentians.com\/es\/#\/schema\/logo\/image\/\",\"url\":\"https:\/\/i1.wp.com\/vincentians.com\/es\/wp-content\/uploads\/sites\/11\/2016\/06\/Vincentian-Network-logo-big.png?fit=778%2C778\",\"contentUrl\":\"https:\/\/i1.wp.com\/vincentians.com\/es\/wp-content\/uploads\/sites\/11\/2016\/06\/Vincentian-Network-logo-big.png?fit=778%2C778\",\"width\":778,\"height\":778,\"caption\":\"The Vincentian Network\"},\"image\":{\"@id\":\"http:\/\/vincentians.com\/es\/#\/schema\/logo\/image\/\"},\"sameAs\":[\"https:\/\/www.facebook.com\/WeAreVincentians\/\",\"https:\/\/x.com\/WeVincentians\"]},{\"@type\":\"Person\",\"@id\":\"http:\/\/vincentians.com\/es\/#\/schema\/person\/9623ef4d9aa3b2dfb8c061f1499288f2\",\"name\":\"Francisco Javier Fern\u00e1ndez Chento\",\"image\":{\"@type\":\"ImageObject\",\"inLanguage\":\"es\",\"@id\":\"http:\/\/vincentians.com\/es\/#\/schema\/person\/image\/\",\"url\":\"https:\/\/secure.gravatar.com\/avatar\/497d5cde87b4c3d097d0315953521681ba2cd523ee66e5077c3711f7021e65de?s=96&d=mm&r=g\",\"contentUrl\":\"https:\/\/secure.gravatar.com\/avatar\/497d5cde87b4c3d097d0315953521681ba2cd523ee66e5077c3711f7021e65de?s=96&d=mm&r=g\",\"caption\":\"Francisco Javier Fern\u00e1ndez Chento\"},\"description\":\"Director General y cofundador de La Red de Formaci\u00f3n Vicenciana. Javier es laico vicenciano, afiliado a la Congregaci\u00f3n de la Misi\u00f3n y miembro del Equipo de Misiones Populares de la provincia can\u00f3nica de Zaragoza (Espa\u00f1a) de la Congregaci\u00f3n de la Misi\u00f3n. Graduado en la Universidad Oberta de Catalunya con cuatro grados (Asistente de direcci\u00f3n, Gesti\u00f3n Administrativa, Recursos Humanos y Contabilidad Avanzada). Bil\u00edng\u00fce Espa\u00f1ol\/Ingl\u00e9s. gestiona y mantiene varias p\u00e1ginas web cristianas y vicencianas, incluida including La Red de Formaci\u00f3n Vicenciana, de la que es cofundador. Actualmente es responsable del \u00e1rea de Espa\u00f1ol de .famvin, la Red de Noticias de la Familia Vicenciana. Tambi\u00e9n es m\u00fasico cat\u00f3lico y ha editado varios discos. Es Director General y cofundador de Trovador, una reconocida compa\u00f1\u00eda discogr\u00e1fica critiana de Espa\u00f1a. Trabaja en las Tecnolog\u00edas de la Informaci\u00f3n, ofreciendo servicios de alojamiento, dise\u00f1o y mantenimiento Web, as\u00ed como asesoramiento, formaci\u00f3n y soluciones inform\u00e1ticas, gesti\u00f3n documental y digitalizaci\u00f3n de textos, edici\u00f3n y maquetaci\u00f3n de libros, revistas, flyers, etc.\",\"sameAs\":[\"http:\/\/chento.org\",\"https:\/\/www.facebook.com\/JavierChento\",\"https:\/\/x.com\/https:\/\/twitter.com\/javierchento\"],\"url\":\"http:\/\/vincentians.com\/es\/author\/chento\/\"}]}<\/script>\n<!-- \/ Yoast SEO plugin. -->","yoast_head_json":{"title":"El ambiente natural - Somos Vicencianos","robots":{"index":"index","follow":"follow","max-snippet":"max-snippet:-1","max-image-preview":"max-image-preview:large","max-video-preview":"max-video-preview:-1"},"canonical":"https:\/\/vincentians.com\/es\/el-ambiente-natural\/","og_locale":"es_ES","og_type":"article","og_title":"El ambiente natural - Somos Vicencianos","og_description":"I. La bondad del orden creado 311. \u00abY vio Dios que estaba bien\u00bb (Gn 1, 25). Estas palabras que leemos en el primer cap\u00edtulo del Libro del G\u00e9nesis, muestran el sentido de la obra realizada ... Read More","og_url":"https:\/\/vincentians.com\/es\/el-ambiente-natural\/","og_site_name":"Somos Vicencianos","article_publisher":"https:\/\/www.facebook.com\/WeAreVincentians\/","article_author":"https:\/\/www.facebook.com\/JavierChento","article_published_time":"2022-09-11T05:54:18+00:00","og_image":[{"width":1280,"height":960,"url":"https:\/\/i0.wp.com\/vincentians.com\/es\/wp-content\/uploads\/sites\/11\/2013\/04\/Avila.jpg?fit=1280%2C960&ssl=1","type":"image\/jpeg"}],"author":"Francisco Javier Fern\u00e1ndez Chento","twitter_card":"summary_large_image","twitter_creator":"@https:\/\/twitter.com\/javierchento","twitter_site":"@WeVincentians","twitter_misc":{"Escrito por":"Francisco Javier Fern\u00e1ndez Chento","Tiempo de lectura":"10 minutos"},"schema":{"@context":"https:\/\/schema.org","@graph":[{"@type":"Article","@id":"https:\/\/vincentians.com\/es\/el-ambiente-natural\/#article","isPartOf":{"@id":"https:\/\/vincentians.com\/es\/el-ambiente-natural\/"},"author":{"name":"Francisco Javier Fern\u00e1ndez Chento","@id":"http:\/\/vincentians.com\/es\/#\/schema\/person\/9623ef4d9aa3b2dfb8c061f1499288f2"},"headline":"El ambiente natural","datePublished":"2022-09-11T05:54:18+00:00","mainEntityOfPage":{"@id":"https:\/\/vincentians.com\/es\/el-ambiente-natural\/"},"wordCount":2057,"commentCount":0,"publisher":{"@id":"http:\/\/vincentians.com\/es\/#organization"},"image":{"@id":"https:\/\/vincentians.com\/es\/el-ambiente-natural\/#primaryimage"},"thumbnailUrl":"https:\/\/i0.wp.com\/vincentians.com\/es\/wp-content\/uploads\/sites\/11\/2013\/04\/Avila.jpg?fit=1280%2C960","articleSection":["Doctrina Social de la Iglesia"],"inLanguage":"es","potentialAction":[{"@type":"CommentAction","name":"Comment","target":["https:\/\/vincentians.com\/es\/el-ambiente-natural\/#respond"]}]},{"@type":"WebPage","@id":"https:\/\/vincentians.com\/es\/el-ambiente-natural\/","url":"https:\/\/vincentians.com\/es\/el-ambiente-natural\/","name":"El ambiente natural - Somos Vicencianos","isPartOf":{"@id":"http:\/\/vincentians.com\/es\/#website"},"primaryImageOfPage":{"@id":"https:\/\/vincentians.com\/es\/el-ambiente-natural\/#primaryimage"},"image":{"@id":"https:\/\/vincentians.com\/es\/el-ambiente-natural\/#primaryimage"},"thumbnailUrl":"https:\/\/i0.wp.com\/vincentians.com\/es\/wp-content\/uploads\/sites\/11\/2013\/04\/Avila.jpg?fit=1280%2C960","datePublished":"2022-09-11T05:54:18+00:00","breadcrumb":{"@id":"https:\/\/vincentians.com\/es\/el-ambiente-natural\/#breadcrumb"},"inLanguage":"es","potentialAction":[{"@type":"ReadAction","target":["https:\/\/vincentians.com\/es\/el-ambiente-natural\/"]}]},{"@type":"ImageObject","inLanguage":"es","@id":"https:\/\/vincentians.com\/es\/el-ambiente-natural\/#primaryimage","url":"https:\/\/i0.wp.com\/vincentians.com\/es\/wp-content\/uploads\/sites\/11\/2013\/04\/Avila.jpg?fit=1280%2C960","contentUrl":"https:\/\/i0.wp.com\/vincentians.com\/es\/wp-content\/uploads\/sites\/11\/2013\/04\/Avila.jpg?fit=1280%2C960","width":1280,"height":960},{"@type":"BreadcrumbList","@id":"https:\/\/vincentians.com\/es\/el-ambiente-natural\/#breadcrumb","itemListElement":[{"@type":"ListItem","position":1,"name":"Portada","item":"http:\/\/vincentians.com\/es\/"},{"@type":"ListItem","position":2,"name":"El ambiente natural"}]},{"@type":"WebSite","@id":"http:\/\/vincentians.com\/es\/#website","url":"http:\/\/vincentians.com\/es\/","name":"Somos Vicencianos","description":"Know more to serve more","publisher":{"@id":"http:\/\/vincentians.com\/es\/#organization"},"potentialAction":[{"@type":"SearchAction","target":{"@type":"EntryPoint","urlTemplate":"http:\/\/vincentians.com\/es\/?s={search_term_string}"},"query-input":{"@type":"PropertyValueSpecification","valueRequired":true,"valueName":"search_term_string"}}],"inLanguage":"es"},{"@type":"Organization","@id":"http:\/\/vincentians.com\/es\/#organization","name":"The Vincentian Network","url":"http:\/\/vincentians.com\/es\/","logo":{"@type":"ImageObject","inLanguage":"es","@id":"http:\/\/vincentians.com\/es\/#\/schema\/logo\/image\/","url":"https:\/\/i1.wp.com\/vincentians.com\/es\/wp-content\/uploads\/sites\/11\/2016\/06\/Vincentian-Network-logo-big.png?fit=778%2C778","contentUrl":"https:\/\/i1.wp.com\/vincentians.com\/es\/wp-content\/uploads\/sites\/11\/2016\/06\/Vincentian-Network-logo-big.png?fit=778%2C778","width":778,"height":778,"caption":"The Vincentian Network"},"image":{"@id":"http:\/\/vincentians.com\/es\/#\/schema\/logo\/image\/"},"sameAs":["https:\/\/www.facebook.com\/WeAreVincentians\/","https:\/\/x.com\/WeVincentians"]},{"@type":"Person","@id":"http:\/\/vincentians.com\/es\/#\/schema\/person\/9623ef4d9aa3b2dfb8c061f1499288f2","name":"Francisco Javier Fern\u00e1ndez Chento","image":{"@type":"ImageObject","inLanguage":"es","@id":"http:\/\/vincentians.com\/es\/#\/schema\/person\/image\/","url":"https:\/\/secure.gravatar.com\/avatar\/497d5cde87b4c3d097d0315953521681ba2cd523ee66e5077c3711f7021e65de?s=96&d=mm&r=g","contentUrl":"https:\/\/secure.gravatar.com\/avatar\/497d5cde87b4c3d097d0315953521681ba2cd523ee66e5077c3711f7021e65de?s=96&d=mm&r=g","caption":"Francisco Javier Fern\u00e1ndez Chento"},"description":"Director General y cofundador de La Red de Formaci\u00f3n Vicenciana. Javier es laico vicenciano, afiliado a la Congregaci\u00f3n de la Misi\u00f3n y miembro del Equipo de Misiones Populares de la provincia can\u00f3nica de Zaragoza (Espa\u00f1a) de la Congregaci\u00f3n de la Misi\u00f3n. Graduado en la Universidad Oberta de Catalunya con cuatro grados (Asistente de direcci\u00f3n, Gesti\u00f3n Administrativa, Recursos Humanos y Contabilidad Avanzada). Bil\u00edng\u00fce Espa\u00f1ol\/Ingl\u00e9s. gestiona y mantiene varias p\u00e1ginas web cristianas y vicencianas, incluida including La Red de Formaci\u00f3n Vicenciana, de la que es cofundador. Actualmente es responsable del \u00e1rea de Espa\u00f1ol de .famvin, la Red de Noticias de la Familia Vicenciana. Tambi\u00e9n es m\u00fasico cat\u00f3lico y ha editado varios discos. Es Director General y cofundador de Trovador, una reconocida compa\u00f1\u00eda discogr\u00e1fica critiana de Espa\u00f1a. Trabaja en las Tecnolog\u00edas de la Informaci\u00f3n, ofreciendo servicios de alojamiento, dise\u00f1o y mantenimiento Web, as\u00ed como asesoramiento, formaci\u00f3n y soluciones inform\u00e1ticas, gesti\u00f3n documental y digitalizaci\u00f3n de textos, edici\u00f3n y maquetaci\u00f3n de libros, revistas, flyers, etc.","sameAs":["http:\/\/chento.org","https:\/\/www.facebook.com\/JavierChento","https:\/\/x.com\/https:\/\/twitter.com\/javierchento"],"url":"http:\/\/vincentians.com\/es\/author\/chento\/"}]}},"jetpack_publicize_connections":[],"jetpack_featured_media_url":"https:\/\/i0.wp.com\/vincentians.com\/es\/wp-content\/uploads\/sites\/11\/2013\/04\/Avila.jpg?fit=1280%2C960","jetpack_sharing_enabled":true,"jetpack_shortlink":"https:\/\/wp.me\/p7ETMF-vMe","jetpack-related-posts":[{"id":2024,"url":"http:\/\/vincentians.com\/es\/27o-domingo-de-tiempo-ordinario-reflexion-de-jose-cervantes-gabarron\/","url_meta":{"origin":122154,"position":0},"title":"27\u00ba Domingo de Tiempo Ordinario (reflexi\u00f3n de Jos\u00e9 Cervantes Gabarr\u00f3n)","author":"Francisco Javier Fern\u00e1ndez Chento","date":"06\/10\/2012","format":false,"excerpt":"Acoger el Reino de Dios Jos\u00e9 Cervantes Gabarr\u00f3n, sacerdote misionero y profesor de Sagrada Escritura.El evangelio de Marcos sit\u00faa en el contexto de la ense\u00f1anza de Jes\u00fas sobre el Reino de Dios las cuestiones del divorcio y del adulterio para confirmar la grandeza divina de la uni\u00f3n del hombre y\u2026","rel":"","context":"En \u00abHomil\u00edas y reflexiones, A\u00f1o B\u00bb","block_context":{"text":"Homil\u00edas y reflexiones, A\u00f1o B","link":"http:\/\/vincentians.com\/es\/category\/homilias-y-reflexiones-a-la-palabra-de-dios\/homilias-y-reflexiones-ano-b\/"},"img":{"alt_text":"","src":"https:\/\/i0.wp.com\/vincentians.com\/es\/wp-content\/uploads\/sites\/11\/2016\/07\/reflexiones-palabra-de-dios.jpg?fit=1200%2C630&resize=350%2C200","width":350,"height":200,"srcset":"https:\/\/i0.wp.com\/vincentians.com\/es\/wp-content\/uploads\/sites\/11\/2016\/07\/reflexiones-palabra-de-dios.jpg?fit=1200%2C630&resize=350%2C200 1x, https:\/\/i0.wp.com\/vincentians.com\/es\/wp-content\/uploads\/sites\/11\/2016\/07\/reflexiones-palabra-de-dios.jpg?fit=1200%2C630&resize=525%2C300 1.5x, https:\/\/i0.wp.com\/vincentians.com\/es\/wp-content\/uploads\/sites\/11\/2016\/07\/reflexiones-palabra-de-dios.jpg?fit=1200%2C630&resize=700%2C400 2x, https:\/\/i0.wp.com\/vincentians.com\/es\/wp-content\/uploads\/sites\/11\/2016\/07\/reflexiones-palabra-de-dios.jpg?fit=1200%2C630&resize=1050%2C600 3x"},"classes":[]},{"id":122160,"url":"http:\/\/vincentians.com\/es\/la-familia\/","url_meta":{"origin":122154,"position":1},"title":"La familia","author":"Francisco Javier Fern\u00e1ndez Chento","date":"09\/05\/2013","format":false,"excerpt":"I. La instituci\u00f3n de la familia 84.\"El Creador del mundo estableci\u00f3 la sociedad conyugal como origen y fundamento de la sociedad humana\"; la familia es por ello la \"c\u00e9lula primera y vital de la sociedad\" (Apostolicam Actuositatem, n. 11). La familia posee v\u00ednculos vitales y org\u00e1nicos con la sociedad, porque\u2026","rel":"","context":"En \u00abDoctrina Social de la Iglesia\u00bb","block_context":{"text":"Doctrina Social de la Iglesia","link":"http:\/\/vincentians.com\/es\/category\/formacion-cristiana\/doctrina-social-de-la-iglesia\/"},"img":{"alt_text":"","src":"","width":0,"height":0},"classes":[]},{"id":387799,"url":"http:\/\/vincentians.com\/es\/jesus-trabaja-como-el-padre\/","url_meta":{"origin":122154,"position":2},"title":"Jes\u00fas trabaja como el Padre","author":"Mitxel Olabu\u00e9naga","date":"05\/09\/2016","format":false,"excerpt":"El designio de Dios se realiza en la acci\u00f3n. Tal modo de concebir la voluntad divina ha de entenderse bajo la triple perspectiva, trinitaria, cristol\u00f3gica y antropol\u00f3gica. El hombre es objeto preferencial de la obra de Dios y de Jes\u00fas, revelada en la creaci\u00f3n y en la encarnaci\u00f3n del Verbo.\u2026","rel":"","context":"En \u00abFormaci\u00f3n Vicenciana sin categorizar\u00bb","block_context":{"text":"Formaci\u00f3n Vicenciana sin categorizar","link":"http:\/\/vincentians.com\/es\/category\/formacion-vicenciana\/formacion-vicenciana-sin-categorizar\/"},"img":{"alt_text":"","src":"https:\/\/i0.wp.com\/vincentians.com\/es\/wp-content\/uploads\/sites\/11\/2016\/09\/jesus-discipulos.jpg?fit=1200%2C630&resize=350%2C200","width":350,"height":200,"srcset":"https:\/\/i0.wp.com\/vincentians.com\/es\/wp-content\/uploads\/sites\/11\/2016\/09\/jesus-discipulos.jpg?fit=1200%2C630&resize=350%2C200 1x, https:\/\/i0.wp.com\/vincentians.com\/es\/wp-content\/uploads\/sites\/11\/2016\/09\/jesus-discipulos.jpg?fit=1200%2C630&resize=525%2C300 1.5x, https:\/\/i0.wp.com\/vincentians.com\/es\/wp-content\/uploads\/sites\/11\/2016\/09\/jesus-discipulos.jpg?fit=1200%2C630&resize=700%2C400 2x, https:\/\/i0.wp.com\/vincentians.com\/es\/wp-content\/uploads\/sites\/11\/2016\/09\/jesus-discipulos.jpg?fit=1200%2C630&resize=1050%2C600 3x"},"classes":[]},{"id":182670,"url":"http:\/\/vincentians.com\/es\/enciclica-laudato-si-03\/","url_meta":{"origin":122154,"position":3},"title":"Enc\u00edclica \u00abLaudato Si\u00bb 03","author":"Francisco Javier Fern\u00e1ndez Chento","date":"21\/06\/2015","format":false,"excerpt":"Cap\u00edtulo segundo: El Evangelio de la creaci\u00f3n 62. \u00bfPor qu\u00e9 incluir en este documento, dirigido a todas las personas de buena voluntad, un cap\u00edtulo referido a convicciones creyentes? No ignoro que, en el campo de la pol\u00edtica y del pensamiento, algunos rechazan con fuerza la idea de un Creador, o\u2026","rel":"","context":"En \u00abDocumentos Pontificios\u00bb","block_context":{"text":"Documentos Pontificios","link":"http:\/\/vincentians.com\/es\/category\/formacion-cristiana\/documentos-pontificios\/"},"img":{"alt_text":"laudato si","src":"https:\/\/i0.wp.com\/vicencianos.org\/wp-content\/2015\/06\/laudato-si1-1024x773.jpg?resize=350%2C200","width":350,"height":200,"srcset":"https:\/\/i0.wp.com\/vicencianos.org\/wp-content\/2015\/06\/laudato-si1-1024x773.jpg?resize=350%2C200 1x, https:\/\/i0.wp.com\/vicencianos.org\/wp-content\/2015\/06\/laudato-si1-1024x773.jpg?resize=525%2C300 1.5x, https:\/\/i0.wp.com\/vicencianos.org\/wp-content\/2015\/06\/laudato-si1-1024x773.jpg?resize=700%2C400 2x"},"classes":[]},{"id":135013,"url":"http:\/\/vincentians.com\/es\/el-genesis\/","url_meta":{"origin":122154,"position":4},"title":"El G\u00e9nesis","author":"Francisco Javier Fern\u00e1ndez Chento","date":"17\/01\/2015","format":false,"excerpt":"Introducci\u00f3n \"Como sabemos, las Sagradas Escrituras son el testimonio escrito de la Palabra de Dios, el memorial can\u00f3nico que certifica el acontecimiento de la Revelaci\u00f3n. La Palabra de Dios, por lo tanto, precede y excede la Biblia. Es por esta raz\u00f3n que nuestra fe no tiene en el centro s\u00f3lo\u2026","rel":"","context":"En \u00abFormaci\u00f3n Cristiana\u00bb","block_context":{"text":"Formaci\u00f3n Cristiana","link":"http:\/\/vincentians.com\/es\/category\/formacion-cristiana\/"},"img":{"alt_text":"creacion1","src":"https:\/\/i0.wp.com\/vicencianos.org\/wp-content\/2015\/01\/creacion1.jpg?resize=350%2C200","width":350,"height":200},"classes":[]},{"id":2888,"url":"http:\/\/vincentians.com\/es\/2o-domingo-de-cuaresma-reflexion-de-jose-cervantes-gabarron\/","url_meta":{"origin":122154,"position":5},"title":"2\u00ba domingo de Cuaresma (reflexi\u00f3n de Jos\u00e9 Cervantes Gabarr\u00f3n)","author":"Francisco Javier Fern\u00e1ndez Chento","date":"23\/02\/2013","format":false,"excerpt":"El esplendor del rostro de Cristo Jos\u00e9 Cervantes Gabarr\u00f3n, sacerdote misionero y profesor de Sagrada Escritura.En el domingo de la transfiguraci\u00f3n del Se\u00f1or las lecturas b\u00edblicas presentan al Dios que se revela en la historia humana, que llama a la fe en \u00e9l y en el cumplimiento de sus promesas.\u2026","rel":"","context":"En \u00abHomil\u00edas y reflexiones, A\u00f1o C\u00bb","block_context":{"text":"Homil\u00edas y reflexiones, A\u00f1o C","link":"http:\/\/vincentians.com\/es\/category\/homilias-y-reflexiones-a-la-palabra-de-dios\/homilias-y-reflexiones-ano-c\/"},"img":{"alt_text":"","src":"https:\/\/i0.wp.com\/vincentians.com\/es\/wp-content\/uploads\/sites\/11\/2016\/07\/reflexiones-palabra-de-dios.jpg?fit=1200%2C630&resize=350%2C200","width":350,"height":200,"srcset":"https:\/\/i0.wp.com\/vincentians.com\/es\/wp-content\/uploads\/sites\/11\/2016\/07\/reflexiones-palabra-de-dios.jpg?fit=1200%2C630&resize=350%2C200 1x, https:\/\/i0.wp.com\/vincentians.com\/es\/wp-content\/uploads\/sites\/11\/2016\/07\/reflexiones-palabra-de-dios.jpg?fit=1200%2C630&resize=525%2C300 1.5x, https:\/\/i0.wp.com\/vincentians.com\/es\/wp-content\/uploads\/sites\/11\/2016\/07\/reflexiones-palabra-de-dios.jpg?fit=1200%2C630&resize=700%2C400 2x, https:\/\/i0.wp.com\/vincentians.com\/es\/wp-content\/uploads\/sites\/11\/2016\/07\/reflexiones-palabra-de-dios.jpg?fit=1200%2C630&resize=1050%2C600 3x"},"classes":[]}],"_links":{"self":[{"href":"http:\/\/vincentians.com\/es\/wp-json\/wp\/v2\/posts\/122154","targetHints":{"allow":["GET"]}}],"collection":[{"href":"http:\/\/vincentians.com\/es\/wp-json\/wp\/v2\/posts"}],"about":[{"href":"http:\/\/vincentians.com\/es\/wp-json\/wp\/v2\/types\/post"}],"author":[{"embeddable":true,"href":"http:\/\/vincentians.com\/es\/wp-json\/wp\/v2\/users\/4"}],"replies":[{"embeddable":true,"href":"http:\/\/vincentians.com\/es\/wp-json\/wp\/v2\/comments?post=122154"}],"version-history":[{"count":1,"href":"http:\/\/vincentians.com\/es\/wp-json\/wp\/v2\/posts\/122154\/revisions"}],"predecessor-version":[{"id":404384,"href":"http:\/\/vincentians.com\/es\/wp-json\/wp\/v2\/posts\/122154\/revisions\/404384"}],"wp:featuredmedia":[{"embeddable":true,"href":"http:\/\/vincentians.com\/es\/wp-json\/wp\/v2\/media\/404144"}],"wp:attachment":[{"href":"http:\/\/vincentians.com\/es\/wp-json\/wp\/v2\/media?parent=122154"}],"wp:term":[{"taxonomy":"category","embeddable":true,"href":"http:\/\/vincentians.com\/es\/wp-json\/wp\/v2\/categories?post=122154"},{"taxonomy":"post_tag","embeddable":true,"href":"http:\/\/vincentians.com\/es\/wp-json\/wp\/v2\/tags?post=122154"}],"curies":[{"name":"wp","href":"https:\/\/api.w.org\/{rel}","templated":true}]}}