{"id":122152,"date":"2013-05-17T07:54:18","date_gmt":"2013-05-17T05:54:18","guid":{"rendered":"http:\/\/somos.vicencianos.org\/?p=122152"},"modified":"2016-07-26T17:00:59","modified_gmt":"2016-07-26T15:00:59","slug":"el-reto-de-la-ensenanza-catolica","status":"publish","type":"post","link":"http:\/\/vincentians.com\/es\/el-reto-de-la-ensenanza-catolica\/","title":{"rendered":"El reto de la ense\u00f1anza cat\u00f3lica"},"content":{"rendered":"<h2><b>I. El reto de la ense\u00f1anza cat\u00f3lica<\/b><\/h2>\n<p>365. Le\u00f3n XIII, despu\u00e9s de haber formulado los principios y orientaciones para la soluci\u00f3n de la cuesti\u00f3n obrera, escribi\u00f3 unas palabras decisivas: \u00abCada uno haga la parte que le corresponde y no tenga dudas, porque el retraso podr\u00eda hacer m\u00e1s dif\u00edcil el cuidado de un mal ya tan grave\u00bb; y a\u00f1ade m\u00e1s adelante: \u00abPor lo que se refiere a la Iglesia, nunca ni bajo ning\u00fan aspecto ella regatear\u00e1 su esfuerzo\u00bb (RN, n. 51). (<i>Centesimus Annus<\/i>, n. 56)<\/p>\n<p>366.Estos son los deseos, venerables hermanos, que Nos formulamos al terminar esta carta, a la cual hemos consagrado durante mucho tiempo nuestra solicitud por la Iglesia universal; los formulamos, a fin de que el divino Redentor de los hombres, \u00abque ha venido a ser para nosotros, de parte de Dios, sabidur\u00eda, justicia, santificaci\u00f3n y redenci\u00f3n\u00bb (1 Cor 1, 30), reine y triunfe felizmente a lo largo de los siglos, en todos y sobre todo; los formulamos tambi\u00e9n para que, restaurado el recto orden social, todos los pueblos gocen, al fin, de prosperidad, de alegr\u00eda y de paz. (<i>Mater et Magistra<\/i>, n. 263)<\/p>\n<p>367. Para la Iglesia el mensaje social del Evangelio no debe considerarse como una teor\u00eda, sino, por encima de todo, un fundamento y un est\u00edmulo para la acci\u00f3n. Impulsados por este mensaje, algunos de los primeros cristianos distribu\u00edan sus bienes a los pobres, dando testimonio de que, no obstante las diversas proveniencias sociales, era posible una convivencia pac\u00edfica y solidaria. Con la fuerza del Evangelio, en el curso de los siglos, los monjes cultivaron las tierras; los religiosos y las religiosas fundaron hospitales y asilos para los pobres; las cofrad\u00edas, as\u00ed como hombres y mujeres de todas las clases sociales, se comprometieron en favor de los necesitados y marginados, convencidos de que las palabras de Cristo: \u00abCuantas veces hag\u00e1is estas cosas a uno de mis hermanos m\u00e1s peque\u00f1os, lo hab\u00e9is hecho a m\u00ed\u00bb (Mt 25, 40) no deben quedarse en un piadoso deseo, sino convertirse en compromiso concreto de vida. Hoy m\u00e1s que nunca, la Iglesia es consciente de que su mensaje social se har\u00e1 cre\u00edble por el testimonio de las obras, antes que por su coherencia y l\u00f3gica interna. De esta conciencia deriva tambi\u00e9n su opci\u00f3n preferencial por los pobres, la cual nunca es exclusiva ni discriminatoria de otros grupos. Se trata, en efecto, de una opci\u00f3n que no vale solamente para la pobreza material, pues es sabido que, especialmente en la sociedad moderna, se hallan muchas formas de pobreza no s\u00f3lo econ\u00f3mica, sino tambi\u00e9n cultural y religiosa. El amor de la Iglesia por los pobres, que es determinante y pertenece a su constante tradici\u00f3n, la impulsa a dirigirse al mundo en el cual, no obstante el progreso t\u00e9cnico-econ\u00f3mico, la pobreza amenaza con alcanzar formas gigantescas. En los pa\u00edses occidentales existe la pobreza m\u00faltiple de los grupos marginados, de los ancianos y enfermos, de las v\u00edctimas del consumismo y, m\u00e1s a\u00fan, la de tantos pr\u00f3fugos y emigrados; en los pa\u00edses en v\u00edas de desarrollo se perfilan en el horizonte crisis dram\u00e1ticas si no se toman a tiempo medidas coordinadas internacionalmente. (<i>Centesimus Annus<\/i>, n. 57)<\/p>\n<p>368. En este empe\u00f1o, deben ser ejemplo y gu\u00eda los hijos de la Iglesia, llamados, seg\u00fan el programa enunciado por el mismo Jes\u00fas en la sinagoga de Nazaret, a \u00abanunciar a los pobres la Buena Nueva&#8230; a proclamar la liberaci\u00f3n de los cautivos, la vista a los ciegos, para dar la libertad a los oprimidos y proclamar un a\u00f1o de gracia del Se\u00f1or\u00bb (Lc 4, 18\u201319). Y en esto conviene subrayar el papel preponderante que cabe a los laicos, hombres y mujeres, como se ha dicho varias veces durante la reciente Asamblea sinodal. A ellos compete animar, con su compromiso cristiano, las realidades y, en ellas, procurar ser testigos y operadores de paz y de justicia. Quiero dirigirme especialmente a quienes, por el sacramento del Bautismo y la profesi\u00f3n de un mismo Credo, comparten con nosotros una verdadera comuni\u00f3n, aunque imperfecta. Estoy seguro de que tanto la preocupaci\u00f3n que esta Enc\u00edclica transmite, como las motivaciones que la animan, les ser\u00e1n familiares, porque est\u00e1n inspiradas en el Evangelio de Jesucristo. Podemos encontrar aqu\u00ed una nueva invitaci\u00f3n a dar un testimonio un\u00e1nime de nuestras comunes convicciones sobre la dignidad del hombre, creado por Dios, redimido por Cristo, santificado por el Esp\u00edritu, y llamado en este mundo a vivir una vida conforme a esta dignidad. A quienes comparten con nosotros la herencia de Abrah\u00e1n, \u00abnuestro padre en la fe\u00bb (cf. Rom 4, 11), y la tradici\u00f3n del Antiguo Testamento, es decir, los jud\u00edos; y a quienes, como nosotros, creen en Dios justo y misericordioso, es decir, los musulmanes, dirijo igualmente, este llamado, que hago extensivo, tambi\u00e9n, a todos los seguidores de las grandes religiones del mundo. (<i>Sollicitudo Rei Socialis<\/i>, n. 47)<\/p>\n<p>369. Por ello dirigimos nuevamente a todos los cristianos, de manera apremiante, un llamamiento a la acci\u00f3n. En nuestra enc\u00edclica sobre el desarrollo de los pueblos insist\u00edamos para que todos se pusieran a la obra: \u00abLos seglares deben asumir como su tarea propia la renovaci\u00f3n del orden temporal, si la funci\u00f3n de la jerarqu\u00eda es la de ense\u00f1ar e interpretar aut\u00e9nticamente los principios morales que hay que seguir en este campo, pertenece a ellos, mediante sus iniciativas y sin esperar pasivamente consignas y directrices, penetrar del esp\u00edritu cristiano la mentalidad y las costumbres, las leyes y las estructuras de su comunidad de vida\u00bb (PP, n. 42). Que cada cual se examine para ver lo que ha hecho hasta aqu\u00ed y lo que debe hacer todav\u00eda. No basta recordar principios generales, manifestar prop\u00f3sitos, condenar las injusticias graves, proferir denuncias con cierta audacia prof\u00e9tica; todo ello no tendr\u00e1 peso real si no va acompa\u00f1ado en cada hombre por una toma de conciencia m\u00e1s viva de su propia responsabilidad y de una acci\u00f3n efectiva. Resulta demasiado f\u00e1cil echar sobre los dem\u00e1s la responsabilidad de las presentes injusticias, si al mismo tiempo no nos damos cuenta de que todos somos tambi\u00e9n responsables, y que, por tanto, la conversi\u00f3n personal es la primera exigencia. Esta humildad fundamental quitar\u00e1 a nuestra acci\u00f3n toda clase de asperezas y de sectarismos; evitar\u00e1 tambi\u00e9n el desaliento frente a una tarea que se presenta con proporciones inmensas. La esperanza del cristiano proviene en primer lugar, de saber que el Se\u00f1or est\u00e1 obrando con nosotros en el mundo, continuando en su Cuerpo que es la Iglesia\u2014y mediante ella en la humanidad entera\u2014la redenci\u00f3n consumada en la cruz, y que ha estallado en victoria la ma\u00f1ana de la resurrecci\u00f3n; le viene, adem\u00e1s, de saber que tambi\u00e9n otros hombres colaboran en acciones convergentes de justicia y de paz, porque bajo una aparente indiferencia existe en el coraz6n de todo hombre una voluntad de vida fraterna y una sed de justicia y de paz que es necesario satisfacer. (<i>Octogesima Adveniens<\/i>, n. 48)<\/p>\n","protected":false},"excerpt":{"rendered":"<p>I. El reto de la ense\u00f1anza cat\u00f3lica 365. Le\u00f3n XIII, despu\u00e9s de haber formulado los principios y orientaciones para la soluci\u00f3n de la cuesti\u00f3n obrera, escribi\u00f3 unas palabras decisivas: \u00abCada uno haga la parte que &#8230; <a href=\"http:\/\/vincentians.com\/es\/el-reto-de-la-ensenanza-catolica\/\" class=\"more-link\">Read More<\/a><\/p>\n","protected":false},"author":4,"featured_media":122145,"comment_status":"open","ping_status":"open","sticky":false,"template":"","format":"standard","meta":{"jetpack_post_was_ever_published":false,"_jetpack_newsletter_access":"","_jetpack_dont_email_post_to_subs":false,"_jetpack_newsletter_tier_id":0,"_jetpack_memberships_contains_paywalled_content":false,"_jetpack_memberships_contains_paid_content":false,"footnotes":"","jetpack_publicize_message":"","jetpack_publicize_feature_enabled":true,"jetpack_social_post_already_shared":true,"jetpack_social_options":{"image_generator_settings":{"template":"highway","default_image_id":0,"font":"","enabled":false},"version":2}},"categories":[81],"tags":[172],"class_list":["post-122152","post","type-post","status-publish","format-standard","has-post-thumbnail","hentry","category-doctrina-social-de-la-iglesia","tag-pobreza"],"yoast_head":"<!-- This site is optimized with the Yoast SEO plugin v26.3 - https:\/\/yoast.com\/wordpress\/plugins\/seo\/ -->\n<title>El reto de la ense\u00f1anza cat\u00f3lica - Somos Vicencianos<\/title>\n<meta name=\"robots\" content=\"index, follow, max-snippet:-1, max-image-preview:large, max-video-preview:-1\" \/>\n<link rel=\"canonical\" href=\"http:\/\/vincentians.com\/es\/el-reto-de-la-ensenanza-catolica\/\" \/>\n<meta property=\"og:locale\" content=\"es_ES\" \/>\n<meta property=\"og:type\" content=\"article\" \/>\n<meta property=\"og:title\" content=\"El reto de la ense\u00f1anza cat\u00f3lica - Somos Vicencianos\" \/>\n<meta property=\"og:description\" content=\"I. El reto de la ense\u00f1anza cat\u00f3lica 365. Le\u00f3n XIII, despu\u00e9s de haber formulado los principios y orientaciones para la soluci\u00f3n de la cuesti\u00f3n obrera, escribi\u00f3 unas palabras decisivas: \u00abCada uno haga la parte que ... Read More\" \/>\n<meta property=\"og:url\" content=\"http:\/\/vincentians.com\/es\/el-reto-de-la-ensenanza-catolica\/\" \/>\n<meta property=\"og:site_name\" content=\"Somos Vicencianos\" \/>\n<meta property=\"article:publisher\" content=\"https:\/\/www.facebook.com\/WeAreVincentians\/\" \/>\n<meta property=\"article:author\" content=\"https:\/\/www.facebook.com\/JavierChento\" \/>\n<meta property=\"article:published_time\" content=\"2013-05-17T05:54:18+00:00\" \/>\n<meta property=\"article:modified_time\" content=\"2016-07-26T15:00:59+00:00\" \/>\n<meta name=\"author\" content=\"Francisco Javier Fern\u00e1ndez Chento\" \/>\n<meta name=\"twitter:card\" content=\"summary_large_image\" \/>\n<meta name=\"twitter:creator\" content=\"@https:\/\/twitter.com\/javierchento\" \/>\n<meta name=\"twitter:site\" content=\"@WeVincentians\" \/>\n<meta name=\"twitter:label1\" content=\"Escrito por\" \/>\n\t<meta name=\"twitter:data1\" content=\"Francisco Javier Fern\u00e1ndez Chento\" \/>\n\t<meta name=\"twitter:label2\" content=\"Tiempo de lectura\" \/>\n\t<meta name=\"twitter:data2\" content=\"6 minutos\" \/>\n<script type=\"application\/ld+json\" class=\"yoast-schema-graph\">{\"@context\":\"https:\/\/schema.org\",\"@graph\":[{\"@type\":\"Article\",\"@id\":\"http:\/\/vincentians.com\/es\/el-reto-de-la-ensenanza-catolica\/#article\",\"isPartOf\":{\"@id\":\"http:\/\/vincentians.com\/es\/el-reto-de-la-ensenanza-catolica\/\"},\"author\":{\"name\":\"Francisco Javier Fern\u00e1ndez Chento\",\"@id\":\"https:\/\/vincentians.com\/es\/#\/schema\/person\/9623ef4d9aa3b2dfb8c061f1499288f2\"},\"headline\":\"El reto de la ense\u00f1anza cat\u00f3lica\",\"datePublished\":\"2013-05-17T05:54:18+00:00\",\"dateModified\":\"2016-07-26T15:00:59+00:00\",\"mainEntityOfPage\":{\"@id\":\"http:\/\/vincentians.com\/es\/el-reto-de-la-ensenanza-catolica\/\"},\"wordCount\":1223,\"commentCount\":0,\"publisher\":{\"@id\":\"https:\/\/vincentians.com\/es\/#organization\"},\"image\":{\"@id\":\"http:\/\/vincentians.com\/es\/el-reto-de-la-ensenanza-catolica\/#primaryimage\"},\"thumbnailUrl\":\"\",\"keywords\":[\"Pobreza\"],\"articleSection\":[\"Doctrina Social de la Iglesia\"],\"inLanguage\":\"es\",\"potentialAction\":[{\"@type\":\"CommentAction\",\"name\":\"Comment\",\"target\":[\"http:\/\/vincentians.com\/es\/el-reto-de-la-ensenanza-catolica\/#respond\"]}]},{\"@type\":\"WebPage\",\"@id\":\"http:\/\/vincentians.com\/es\/el-reto-de-la-ensenanza-catolica\/\",\"url\":\"http:\/\/vincentians.com\/es\/el-reto-de-la-ensenanza-catolica\/\",\"name\":\"El reto de la ense\u00f1anza cat\u00f3lica - Somos Vicencianos\",\"isPartOf\":{\"@id\":\"https:\/\/vincentians.com\/es\/#website\"},\"primaryImageOfPage\":{\"@id\":\"http:\/\/vincentians.com\/es\/el-reto-de-la-ensenanza-catolica\/#primaryimage\"},\"image\":{\"@id\":\"http:\/\/vincentians.com\/es\/el-reto-de-la-ensenanza-catolica\/#primaryimage\"},\"thumbnailUrl\":\"\",\"datePublished\":\"2013-05-17T05:54:18+00:00\",\"dateModified\":\"2016-07-26T15:00:59+00:00\",\"breadcrumb\":{\"@id\":\"http:\/\/vincentians.com\/es\/el-reto-de-la-ensenanza-catolica\/#breadcrumb\"},\"inLanguage\":\"es\",\"potentialAction\":[{\"@type\":\"ReadAction\",\"target\":[\"http:\/\/vincentians.com\/es\/el-reto-de-la-ensenanza-catolica\/\"]}]},{\"@type\":\"ImageObject\",\"inLanguage\":\"es\",\"@id\":\"http:\/\/vincentians.com\/es\/el-reto-de-la-ensenanza-catolica\/#primaryimage\",\"url\":\"\",\"contentUrl\":\"\"},{\"@type\":\"BreadcrumbList\",\"@id\":\"http:\/\/vincentians.com\/es\/el-reto-de-la-ensenanza-catolica\/#breadcrumb\",\"itemListElement\":[{\"@type\":\"ListItem\",\"position\":1,\"name\":\"Portada\",\"item\":\"https:\/\/vincentians.com\/es\/\"},{\"@type\":\"ListItem\",\"position\":2,\"name\":\"El reto de la ense\u00f1anza cat\u00f3lica\"}]},{\"@type\":\"WebSite\",\"@id\":\"https:\/\/vincentians.com\/es\/#website\",\"url\":\"https:\/\/vincentians.com\/es\/\",\"name\":\"Somos Vicencianos\",\"description\":\"Know more to serve more\",\"publisher\":{\"@id\":\"https:\/\/vincentians.com\/es\/#organization\"},\"potentialAction\":[{\"@type\":\"SearchAction\",\"target\":{\"@type\":\"EntryPoint\",\"urlTemplate\":\"https:\/\/vincentians.com\/es\/?s={search_term_string}\"},\"query-input\":{\"@type\":\"PropertyValueSpecification\",\"valueRequired\":true,\"valueName\":\"search_term_string\"}}],\"inLanguage\":\"es\"},{\"@type\":\"Organization\",\"@id\":\"https:\/\/vincentians.com\/es\/#organization\",\"name\":\"The Vincentian Network\",\"url\":\"https:\/\/vincentians.com\/es\/\",\"logo\":{\"@type\":\"ImageObject\",\"inLanguage\":\"es\",\"@id\":\"https:\/\/vincentians.com\/es\/#\/schema\/logo\/image\/\",\"url\":\"https:\/\/i1.wp.com\/vincentians.com\/es\/wp-content\/uploads\/sites\/11\/2016\/06\/Vincentian-Network-logo-big.png?fit=778%2C778\",\"contentUrl\":\"https:\/\/i1.wp.com\/vincentians.com\/es\/wp-content\/uploads\/sites\/11\/2016\/06\/Vincentian-Network-logo-big.png?fit=778%2C778\",\"width\":778,\"height\":778,\"caption\":\"The Vincentian Network\"},\"image\":{\"@id\":\"https:\/\/vincentians.com\/es\/#\/schema\/logo\/image\/\"},\"sameAs\":[\"https:\/\/www.facebook.com\/WeAreVincentians\/\",\"https:\/\/x.com\/WeVincentians\"]},{\"@type\":\"Person\",\"@id\":\"https:\/\/vincentians.com\/es\/#\/schema\/person\/9623ef4d9aa3b2dfb8c061f1499288f2\",\"name\":\"Francisco Javier Fern\u00e1ndez Chento\",\"image\":{\"@type\":\"ImageObject\",\"inLanguage\":\"es\",\"@id\":\"https:\/\/vincentians.com\/es\/#\/schema\/person\/image\/\",\"url\":\"https:\/\/secure.gravatar.com\/avatar\/497d5cde87b4c3d097d0315953521681ba2cd523ee66e5077c3711f7021e65de?s=96&d=mm&r=g\",\"contentUrl\":\"https:\/\/secure.gravatar.com\/avatar\/497d5cde87b4c3d097d0315953521681ba2cd523ee66e5077c3711f7021e65de?s=96&d=mm&r=g\",\"caption\":\"Francisco Javier Fern\u00e1ndez Chento\"},\"description\":\"Director General y cofundador de La Red de Formaci\u00f3n Vicenciana. Javier es laico vicenciano, afiliado a la Congregaci\u00f3n de la Misi\u00f3n y miembro del Equipo de Misiones Populares de la provincia can\u00f3nica de Zaragoza (Espa\u00f1a) de la Congregaci\u00f3n de la Misi\u00f3n. Graduado en la Universidad Oberta de Catalunya con cuatro grados (Asistente de direcci\u00f3n, Gesti\u00f3n Administrativa, Recursos Humanos y Contabilidad Avanzada). Bil\u00edng\u00fce Espa\u00f1ol\/Ingl\u00e9s. gestiona y mantiene varias p\u00e1ginas web cristianas y vicencianas, incluida including La Red de Formaci\u00f3n Vicenciana, de la que es cofundador. Actualmente es responsable del \u00e1rea de Espa\u00f1ol de .famvin, la Red de Noticias de la Familia Vicenciana. Tambi\u00e9n es m\u00fasico cat\u00f3lico y ha editado varios discos. Es Director General y cofundador de Trovador, una reconocida compa\u00f1\u00eda discogr\u00e1fica critiana de Espa\u00f1a. Trabaja en las Tecnolog\u00edas de la Informaci\u00f3n, ofreciendo servicios de alojamiento, dise\u00f1o y mantenimiento Web, as\u00ed como asesoramiento, formaci\u00f3n y soluciones inform\u00e1ticas, gesti\u00f3n documental y digitalizaci\u00f3n de textos, edici\u00f3n y maquetaci\u00f3n de libros, revistas, flyers, etc.\",\"sameAs\":[\"http:\/\/chento.org\",\"https:\/\/www.facebook.com\/JavierChento\",\"https:\/\/x.com\/https:\/\/twitter.com\/javierchento\"],\"url\":\"http:\/\/vincentians.com\/es\/author\/chento\/\"}]}<\/script>\n<!-- \/ Yoast SEO plugin. -->","yoast_head_json":{"title":"El reto de la ense\u00f1anza cat\u00f3lica - Somos Vicencianos","robots":{"index":"index","follow":"follow","max-snippet":"max-snippet:-1","max-image-preview":"max-image-preview:large","max-video-preview":"max-video-preview:-1"},"canonical":"http:\/\/vincentians.com\/es\/el-reto-de-la-ensenanza-catolica\/","og_locale":"es_ES","og_type":"article","og_title":"El reto de la ense\u00f1anza cat\u00f3lica - Somos Vicencianos","og_description":"I. El reto de la ense\u00f1anza cat\u00f3lica 365. Le\u00f3n XIII, despu\u00e9s de haber formulado los principios y orientaciones para la soluci\u00f3n de la cuesti\u00f3n obrera, escribi\u00f3 unas palabras decisivas: \u00abCada uno haga la parte que ... Read More","og_url":"http:\/\/vincentians.com\/es\/el-reto-de-la-ensenanza-catolica\/","og_site_name":"Somos Vicencianos","article_publisher":"https:\/\/www.facebook.com\/WeAreVincentians\/","article_author":"https:\/\/www.facebook.com\/JavierChento","article_published_time":"2013-05-17T05:54:18+00:00","article_modified_time":"2016-07-26T15:00:59+00:00","author":"Francisco Javier Fern\u00e1ndez Chento","twitter_card":"summary_large_image","twitter_creator":"@https:\/\/twitter.com\/javierchento","twitter_site":"@WeVincentians","twitter_misc":{"Escrito por":"Francisco Javier Fern\u00e1ndez Chento","Tiempo de lectura":"6 minutos"},"schema":{"@context":"https:\/\/schema.org","@graph":[{"@type":"Article","@id":"http:\/\/vincentians.com\/es\/el-reto-de-la-ensenanza-catolica\/#article","isPartOf":{"@id":"http:\/\/vincentians.com\/es\/el-reto-de-la-ensenanza-catolica\/"},"author":{"name":"Francisco Javier Fern\u00e1ndez Chento","@id":"https:\/\/vincentians.com\/es\/#\/schema\/person\/9623ef4d9aa3b2dfb8c061f1499288f2"},"headline":"El reto de la ense\u00f1anza cat\u00f3lica","datePublished":"2013-05-17T05:54:18+00:00","dateModified":"2016-07-26T15:00:59+00:00","mainEntityOfPage":{"@id":"http:\/\/vincentians.com\/es\/el-reto-de-la-ensenanza-catolica\/"},"wordCount":1223,"commentCount":0,"publisher":{"@id":"https:\/\/vincentians.com\/es\/#organization"},"image":{"@id":"http:\/\/vincentians.com\/es\/el-reto-de-la-ensenanza-catolica\/#primaryimage"},"thumbnailUrl":"","keywords":["Pobreza"],"articleSection":["Doctrina Social de la Iglesia"],"inLanguage":"es","potentialAction":[{"@type":"CommentAction","name":"Comment","target":["http:\/\/vincentians.com\/es\/el-reto-de-la-ensenanza-catolica\/#respond"]}]},{"@type":"WebPage","@id":"http:\/\/vincentians.com\/es\/el-reto-de-la-ensenanza-catolica\/","url":"http:\/\/vincentians.com\/es\/el-reto-de-la-ensenanza-catolica\/","name":"El reto de la ense\u00f1anza cat\u00f3lica - Somos Vicencianos","isPartOf":{"@id":"https:\/\/vincentians.com\/es\/#website"},"primaryImageOfPage":{"@id":"http:\/\/vincentians.com\/es\/el-reto-de-la-ensenanza-catolica\/#primaryimage"},"image":{"@id":"http:\/\/vincentians.com\/es\/el-reto-de-la-ensenanza-catolica\/#primaryimage"},"thumbnailUrl":"","datePublished":"2013-05-17T05:54:18+00:00","dateModified":"2016-07-26T15:00:59+00:00","breadcrumb":{"@id":"http:\/\/vincentians.com\/es\/el-reto-de-la-ensenanza-catolica\/#breadcrumb"},"inLanguage":"es","potentialAction":[{"@type":"ReadAction","target":["http:\/\/vincentians.com\/es\/el-reto-de-la-ensenanza-catolica\/"]}]},{"@type":"ImageObject","inLanguage":"es","@id":"http:\/\/vincentians.com\/es\/el-reto-de-la-ensenanza-catolica\/#primaryimage","url":"","contentUrl":""},{"@type":"BreadcrumbList","@id":"http:\/\/vincentians.com\/es\/el-reto-de-la-ensenanza-catolica\/#breadcrumb","itemListElement":[{"@type":"ListItem","position":1,"name":"Portada","item":"https:\/\/vincentians.com\/es\/"},{"@type":"ListItem","position":2,"name":"El reto de la ense\u00f1anza cat\u00f3lica"}]},{"@type":"WebSite","@id":"https:\/\/vincentians.com\/es\/#website","url":"https:\/\/vincentians.com\/es\/","name":"Somos Vicencianos","description":"Know more to serve more","publisher":{"@id":"https:\/\/vincentians.com\/es\/#organization"},"potentialAction":[{"@type":"SearchAction","target":{"@type":"EntryPoint","urlTemplate":"https:\/\/vincentians.com\/es\/?s={search_term_string}"},"query-input":{"@type":"PropertyValueSpecification","valueRequired":true,"valueName":"search_term_string"}}],"inLanguage":"es"},{"@type":"Organization","@id":"https:\/\/vincentians.com\/es\/#organization","name":"The Vincentian Network","url":"https:\/\/vincentians.com\/es\/","logo":{"@type":"ImageObject","inLanguage":"es","@id":"https:\/\/vincentians.com\/es\/#\/schema\/logo\/image\/","url":"https:\/\/i1.wp.com\/vincentians.com\/es\/wp-content\/uploads\/sites\/11\/2016\/06\/Vincentian-Network-logo-big.png?fit=778%2C778","contentUrl":"https:\/\/i1.wp.com\/vincentians.com\/es\/wp-content\/uploads\/sites\/11\/2016\/06\/Vincentian-Network-logo-big.png?fit=778%2C778","width":778,"height":778,"caption":"The Vincentian Network"},"image":{"@id":"https:\/\/vincentians.com\/es\/#\/schema\/logo\/image\/"},"sameAs":["https:\/\/www.facebook.com\/WeAreVincentians\/","https:\/\/x.com\/WeVincentians"]},{"@type":"Person","@id":"https:\/\/vincentians.com\/es\/#\/schema\/person\/9623ef4d9aa3b2dfb8c061f1499288f2","name":"Francisco Javier Fern\u00e1ndez Chento","image":{"@type":"ImageObject","inLanguage":"es","@id":"https:\/\/vincentians.com\/es\/#\/schema\/person\/image\/","url":"https:\/\/secure.gravatar.com\/avatar\/497d5cde87b4c3d097d0315953521681ba2cd523ee66e5077c3711f7021e65de?s=96&d=mm&r=g","contentUrl":"https:\/\/secure.gravatar.com\/avatar\/497d5cde87b4c3d097d0315953521681ba2cd523ee66e5077c3711f7021e65de?s=96&d=mm&r=g","caption":"Francisco Javier Fern\u00e1ndez Chento"},"description":"Director General y cofundador de La Red de Formaci\u00f3n Vicenciana. Javier es laico vicenciano, afiliado a la Congregaci\u00f3n de la Misi\u00f3n y miembro del Equipo de Misiones Populares de la provincia can\u00f3nica de Zaragoza (Espa\u00f1a) de la Congregaci\u00f3n de la Misi\u00f3n. Graduado en la Universidad Oberta de Catalunya con cuatro grados (Asistente de direcci\u00f3n, Gesti\u00f3n Administrativa, Recursos Humanos y Contabilidad Avanzada). Bil\u00edng\u00fce Espa\u00f1ol\/Ingl\u00e9s. gestiona y mantiene varias p\u00e1ginas web cristianas y vicencianas, incluida including La Red de Formaci\u00f3n Vicenciana, de la que es cofundador. Actualmente es responsable del \u00e1rea de Espa\u00f1ol de .famvin, la Red de Noticias de la Familia Vicenciana. Tambi\u00e9n es m\u00fasico cat\u00f3lico y ha editado varios discos. Es Director General y cofundador de Trovador, una reconocida compa\u00f1\u00eda discogr\u00e1fica critiana de Espa\u00f1a. Trabaja en las Tecnolog\u00edas de la Informaci\u00f3n, ofreciendo servicios de alojamiento, dise\u00f1o y mantenimiento Web, as\u00ed como asesoramiento, formaci\u00f3n y soluciones inform\u00e1ticas, gesti\u00f3n documental y digitalizaci\u00f3n de textos, edici\u00f3n y maquetaci\u00f3n de libros, revistas, flyers, etc.","sameAs":["http:\/\/chento.org","https:\/\/www.facebook.com\/JavierChento","https:\/\/x.com\/https:\/\/twitter.com\/javierchento"],"url":"http:\/\/vincentians.com\/es\/author\/chento\/"}]}},"jetpack_publicize_connections":[],"jetpack_featured_media_url":"","jetpack_sharing_enabled":true,"jetpack_shortlink":"https:\/\/wp.me\/p7ETMF-vMc","jetpack-related-posts":[{"id":121908,"url":"http:\/\/vincentians.com\/es\/la-naturaleza-de-la-ensenanza-social-de-la-iglesia\/","url_meta":{"origin":122152,"position":0},"title":"La naturaleza de la ense\u00f1anza social de la Iglesia","author":"Francisco Javier Fern\u00e1ndez Chento","date":"07\/05\/2013","format":false,"excerpt":"I. La Iglesia como Madre y Maestra 1. Madre y Maestra de pueblos, la Iglesia cat\u00f3lica fue fundada como tal por Jesucristo para que, en el transcurso de los siglos, encontraran su salvaci\u00f3n, con la plenitud de una vida m\u00e1s excelente, todos cuantos hab\u00edan de entrar en el seno de\u2026","rel":"","context":"En \u00abDoctrina Social de la Iglesia\u00bb","block_context":{"text":"Doctrina Social de la Iglesia","link":"http:\/\/vincentians.com\/es\/category\/formacion-cristiana\/doctrina-social-de-la-iglesia\/"},"img":{"alt_text":"","src":"","width":0,"height":0},"classes":[]},{"id":118226,"url":"http:\/\/vincentians.com\/es\/federico-ozanam-gran-apologeta-de-la-fe-en-el-siglo-xix\/","url_meta":{"origin":122152,"position":1},"title":"Federico Ozanam, gran apologeta de la fe en el siglo XIX","author":"Francisco Javier Fern\u00e1ndez Chento","date":"09\/09\/2020","format":false,"excerpt":"En abril de este a\u00f1o se celebrar\u00e1 el bicentenario del nacimiento de Federico Ozanam. El Consejo General de la Sociedad de San Vicente de Pa\u00fal ha organizado en Paris la celebraci\u00f3n de este acontecimiento de gran importancia para las Conferencias de Caridad y para toda la Familia Vicenciana en general.\u2026","rel":"","context":"En \u00abFederico Ozanam\u00bb","block_context":{"text":"Federico Ozanam","link":"http:\/\/vincentians.com\/es\/category\/la-familia-vicenciana\/fundadores\/federico-ozanam\/"},"img":{"alt_text":"","src":"https:\/\/i0.wp.com\/vincentians.com\/es\/wp-content\/uploads\/sites\/11\/2016\/09\/ozanam-candelas.jpg?fit=1200%2C630&resize=350%2C200","width":350,"height":200,"srcset":"https:\/\/i0.wp.com\/vincentians.com\/es\/wp-content\/uploads\/sites\/11\/2016\/09\/ozanam-candelas.jpg?fit=1200%2C630&resize=350%2C200 1x, https:\/\/i0.wp.com\/vincentians.com\/es\/wp-content\/uploads\/sites\/11\/2016\/09\/ozanam-candelas.jpg?fit=1200%2C630&resize=525%2C300 1.5x, https:\/\/i0.wp.com\/vincentians.com\/es\/wp-content\/uploads\/sites\/11\/2016\/09\/ozanam-candelas.jpg?fit=1200%2C630&resize=700%2C400 2x, https:\/\/i0.wp.com\/vincentians.com\/es\/wp-content\/uploads\/sites\/11\/2016\/09\/ozanam-candelas.jpg?fit=1200%2C630&resize=1050%2C600 3x"},"classes":[]},{"id":128503,"url":"http:\/\/vincentians.com\/es\/el-senor-portal-y-los-suyos-1855-1926-15\/","url_meta":{"origin":122152,"position":2},"title":"El Se\u00f1or Portal y los suyos (1855-1926) (15)","author":"Mitxel Olabu\u00e9naga","date":"11\/12\/2024","format":false,"excerpt":"II Unidad de la Iglesia Cap\u00edtulo IV: El Seminario de la Uni\u00f3n de las Iglesias Formar un peque\u00f1o grupo Portal se despert\u00f3 del sue\u00f1o romano en el oto\u00f1o de 1900. Durante un a\u00f1o, o algo menos, se desinteres\u00f3, no habl\u00f3 de la uni\u00f3n de las Iglesias. Ni una palabra, nada\u2026","rel":"","context":"En \u00abHistoria de la Congregaci\u00f3n de la Misi\u00f3n\u00bb","block_context":{"text":"Historia de la Congregaci\u00f3n de la Misi\u00f3n","link":"http:\/\/vincentians.com\/es\/category\/historia-de-la-familia-vicenciana\/historia-de-la-congregacion-de-la-mision\/"},"img":{"alt_text":"","src":"https:\/\/i0.wp.com\/vincentians.com\/es\/wp-content\/uploads\/sites\/11\/2013\/05\/Cuba-Iglesia-de-La-Milagrosa-La-Habana.png?fit=1200%2C919&resize=350%2C200","width":350,"height":200,"srcset":"https:\/\/i0.wp.com\/vincentians.com\/es\/wp-content\/uploads\/sites\/11\/2013\/05\/Cuba-Iglesia-de-La-Milagrosa-La-Habana.png?fit=1200%2C919&resize=350%2C200 1x, https:\/\/i0.wp.com\/vincentians.com\/es\/wp-content\/uploads\/sites\/11\/2013\/05\/Cuba-Iglesia-de-La-Milagrosa-La-Habana.png?fit=1200%2C919&resize=525%2C300 1.5x, https:\/\/i0.wp.com\/vincentians.com\/es\/wp-content\/uploads\/sites\/11\/2013\/05\/Cuba-Iglesia-de-La-Milagrosa-La-Habana.png?fit=1200%2C919&resize=700%2C400 2x, https:\/\/i0.wp.com\/vincentians.com\/es\/wp-content\/uploads\/sites\/11\/2013\/05\/Cuba-Iglesia-de-La-Milagrosa-La-Habana.png?fit=1200%2C919&resize=1050%2C600 3x"},"classes":[]},{"id":127779,"url":"http:\/\/vincentians.com\/es\/el-senor-portal-y-los-suyos-1855-1926-12\/","url_meta":{"origin":122152,"position":3},"title":"El Se\u00f1or Portal y los suyos (1855-1926) (12)","author":"Mitxel Olabu\u00e9naga","date":"19\/11\/2024","format":false,"excerpt":"Segunda parte: En el Cherche-Midi I reforma de la Iglesia Cap\u00edtulo I: El Seminario de San Vicente de Pa\u00fal: situaci\u00f3n El segundo seminario universitario de Par\u00eds El seminario San Vicente de Pa\u00fal naci\u00f3 con las prisas, e instal\u00f3 provisionalmente, desarroll\u00f3 actividades imprevistas que no reglamentaba ning\u00fan directorio. Apenas fundado, los\u2026","rel":"","context":"En \u00abHistoria de la Congregaci\u00f3n de la Misi\u00f3n\u00bb","block_context":{"text":"Historia de la Congregaci\u00f3n de la Misi\u00f3n","link":"http:\/\/vincentians.com\/es\/category\/historia-de-la-familia-vicenciana\/historia-de-la-congregacion-de-la-mision\/"},"img":{"alt_text":"","src":"https:\/\/i0.wp.com\/vincentians.com\/es\/wp-content\/uploads\/sites\/11\/2013\/04\/Avila.jpg?fit=1200%2C900&resize=350%2C200","width":350,"height":200,"srcset":"https:\/\/i0.wp.com\/vincentians.com\/es\/wp-content\/uploads\/sites\/11\/2013\/04\/Avila.jpg?fit=1200%2C900&resize=350%2C200 1x, https:\/\/i0.wp.com\/vincentians.com\/es\/wp-content\/uploads\/sites\/11\/2013\/04\/Avila.jpg?fit=1200%2C900&resize=525%2C300 1.5x, https:\/\/i0.wp.com\/vincentians.com\/es\/wp-content\/uploads\/sites\/11\/2013\/04\/Avila.jpg?fit=1200%2C900&resize=700%2C400 2x, https:\/\/i0.wp.com\/vincentians.com\/es\/wp-content\/uploads\/sites\/11\/2013\/04\/Avila.jpg?fit=1200%2C900&resize=1050%2C600 3x"},"classes":[]},{"id":104286,"url":"http:\/\/vincentians.com\/es\/novena-biblica-en-honor-al-beato-federico-ozanam-dia-segundo\/","url_meta":{"origin":122152,"position":4},"title":"Novena b\u00edblica en honor al beato Federico Ozanam: D\u00eda segundo","author":"Francisco Javier Fern\u00e1ndez Chento","date":"02\/09\/2012","format":false,"excerpt":"Oraci\u00f3n Oh Dios de Caridad infinita, que no dejas de compadecerte de nosotros y contin\u00faas la obra misericordiosa de tu Divino Hijo Jesucristo en la historia de cada hombre. Te damos infinitas gracias por el amor que se hace manifiesto por medio de la gracia bautismal en todos y cada\u2026","rel":"","context":"En \u00abFederico Ozanam\u00bb","block_context":{"text":"Federico Ozanam","link":"http:\/\/vincentians.com\/es\/category\/la-familia-vicenciana\/fundadores\/federico-ozanam\/"},"img":{"alt_text":"","src":"https:\/\/i0.wp.com\/vicencianos.org\/wp-content\/2012\/09\/beato_ozanam_pobre-225x300.jpg?resize=350%2C200","width":350,"height":200},"classes":[]},{"id":118280,"url":"http:\/\/vincentians.com\/es\/historia-de-los-paules-en-cuba-prologo\/","url_meta":{"origin":122152,"position":5},"title":"Historia de los Pa\u00fales en Cuba (Pr\u00f3logo)","author":"Mitxel Olabu\u00e9naga","date":"13\/12\/2021","format":false,"excerpt":"En las p\u00e1ginas de este libro se recoge la hermosa Historia de los Padres Pa\u00fales en Cuba, que abarca siglo y medio (1862-2012). Durante todos esos a\u00f1os, los Hijos de San Vicente han caminado junto con el Pueblo de Dios que peregrina en la Isla, dejando a cada paso un\u2026","rel":"","context":"En \u00abHistoria de la Congregaci\u00f3n de la Misi\u00f3n\u00bb","block_context":{"text":"Historia de la Congregaci\u00f3n de la Misi\u00f3n","link":"http:\/\/vincentians.com\/es\/category\/historia-de-la-familia-vicenciana\/historia-de-la-congregacion-de-la-mision\/"},"img":{"alt_text":"","src":"https:\/\/i0.wp.com\/vincentians.com\/es\/wp-content\/uploads\/sites\/11\/2016\/10\/ranquines.jpg?fit=1200%2C630&resize=350%2C200","width":350,"height":200,"srcset":"https:\/\/i0.wp.com\/vincentians.com\/es\/wp-content\/uploads\/sites\/11\/2016\/10\/ranquines.jpg?fit=1200%2C630&resize=350%2C200 1x, https:\/\/i0.wp.com\/vincentians.com\/es\/wp-content\/uploads\/sites\/11\/2016\/10\/ranquines.jpg?fit=1200%2C630&resize=525%2C300 1.5x, https:\/\/i0.wp.com\/vincentians.com\/es\/wp-content\/uploads\/sites\/11\/2016\/10\/ranquines.jpg?fit=1200%2C630&resize=700%2C400 2x, https:\/\/i0.wp.com\/vincentians.com\/es\/wp-content\/uploads\/sites\/11\/2016\/10\/ranquines.jpg?fit=1200%2C630&resize=1050%2C600 3x"},"classes":[]}],"_links":{"self":[{"href":"http:\/\/vincentians.com\/es\/wp-json\/wp\/v2\/posts\/122152","targetHints":{"allow":["GET"]}}],"collection":[{"href":"http:\/\/vincentians.com\/es\/wp-json\/wp\/v2\/posts"}],"about":[{"href":"http:\/\/vincentians.com\/es\/wp-json\/wp\/v2\/types\/post"}],"author":[{"embeddable":true,"href":"http:\/\/vincentians.com\/es\/wp-json\/wp\/v2\/users\/4"}],"replies":[{"embeddable":true,"href":"http:\/\/vincentians.com\/es\/wp-json\/wp\/v2\/comments?post=122152"}],"version-history":[{"count":0,"href":"http:\/\/vincentians.com\/es\/wp-json\/wp\/v2\/posts\/122152\/revisions"}],"wp:featuredmedia":[{"embeddable":true,"href":"http:\/\/vincentians.com\/es\/wp-json\/"}],"wp:attachment":[{"href":"http:\/\/vincentians.com\/es\/wp-json\/wp\/v2\/media?parent=122152"}],"wp:term":[{"taxonomy":"category","embeddable":true,"href":"http:\/\/vincentians.com\/es\/wp-json\/wp\/v2\/categories?post=122152"},{"taxonomy":"post_tag","embeddable":true,"href":"http:\/\/vincentians.com\/es\/wp-json\/wp\/v2\/tags?post=122152"}],"curies":[{"name":"wp","href":"https:\/\/api.w.org\/{rel}","templated":true}]}}