{"id":121814,"date":"2022-05-07T08:09:04","date_gmt":"2022-05-07T06:09:04","guid":{"rendered":"http:\/\/somos.vicencianos.org\/?p=121814"},"modified":"2022-02-14T09:33:23","modified_gmt":"2022-02-14T08:33:23","slug":"enciclica-populorum-progressio","status":"publish","type":"post","link":"http:\/\/vincentians.com\/es\/enciclica-populorum-progressio\/","title":{"rendered":"Enc\u00edclica Populorum progressio"},"content":{"rendered":"<h3><b>Contexto<\/b><\/h3>\n<p>Antes de Populorum Progressio se hab\u00edan operado importantes cambios en la convivencia humana. La ciencia y la tecnolog\u00eda hab\u00edan favorecido la globalizaci\u00f3n de las comunidades, y los viajes espaciales. La econom\u00eda crec\u00eda a pasos agigantados en la producci\u00f3n industrial y en la aportaci\u00f3n de servicios cada vez m\u00e1s sofisticados y enriquec\u00eda maravillosamente a unas naciones, mientras que simult\u00e1neamente dejaba en retraso lacerante al sector agropecuario, en pobreza a amplias zonas en un mismo pa\u00eds y en subdesarrollo a gran n\u00famero de naciones.<\/p>\n<p>Todo mundo ve\u00eda que era necesario realizar cambios para que las innovaciones econ\u00f3micas, cient\u00edficas y pol\u00edticas tomaran un rumbo humano y justo. Era necesario conducir el cambio por el hombre y para el hombre, pero era evidente que estos cambios traer\u00edan consigo inseguridad, desconcierto y angustia. En el XI Congreso de Dirigentes de Empresa, Paulo VI se hab\u00eda definido como defensor de los humildes, abogado de los pobres, profeta de la justicia, heraldo de la paz, promotor de la caridad, es por ello que uno de los frutos personales de dicho Congreso vio hacer la promulgaci\u00f3n de la enc\u00edclica Populorum Progressio.<\/p>\n<h3><b>Contenido<\/b><\/h3>\n<p>La Iglesia sigue con atenci\u00f3n el desarrollo de los pueblos, sobre todo el de los m\u00e1s necesitados. La aspiraci\u00f3n de mejorar de muchos hombres se ve impedida por la situaci\u00f3n en la que viven. Los pueblos quieren adem\u00e1s de su independencia pol\u00edtica, su independencia econ\u00f3mica. Con la descripci\u00f3n de Populorum Progressio. Se patentiza la urgencia de buscar el desarrollo solidario de la humanidad.<\/p>\n<p>El desarrollo completo del hombre no puede darse sin el desarrollo solidario de la humanidad. Hay que luchar por una verdadera uni\u00f3n entre las naciones para asistir a los pueblos m\u00e1s d\u00e9biles. El deber de solidaridad de las personas es deber tambi\u00e9n de las naciones. Los pueblos deben de llegar a ser por s\u00ed mismos art\u00edfices de su desarrollo: es la meta que hay que conseguir.<\/p>\n<p>Es necesario tambi\u00e9n el di\u00e1logo entre las naciones: Este di\u00e1logo es factor de fraternidad y ha de centrase en los hombres, no en los intereses ego\u00edstas econ\u00f3micos y pol\u00edticos. En esta labor debemos de trabajar todos. Hombres y pueblos, deben asumir su responsabilidad. A manera de conclusi\u00f3n el Papa asevera que el camino de la paz pasa por el desarrollo, pero \u00e9ste no est\u00e1 en la abundancia de riqueza ego\u00edsta, sino en la econom\u00eda puesta al servicio del hombre.<\/p>\n<h3><b>Actualidad<\/b><\/h3>\n<p>Hoy seguimos afirmando que: el desarrollo integral de los individuos y de los pueblos no puede darse sin el desarrollo solidario de la humanidad. Esta solidaridad ha fallado. Habr\u00e1 que volver los ojos a esta enc\u00edclica: qu\u00e9 no hemos hecho y qu\u00e9 debemos hacer en adelante, si a\u00fan hay tiempo antes de que los pueblos atrasados desaparezcan o se rebelen. Primero perdura la interpelaci\u00f3n: \u00bfverdaderamente buscamos construir una sociedad m\u00e1s justa y humana?, es decir \u00bfestamos verdaderamente comprometidos con el bien de todos los aspectos material, intelectual y moral de nuestros colaboradores, no s\u00f3lo de nuestra empresa, sino en la sociedad? Despu\u00e9s nos hacemos otra pregunta: \u00bfEn verdad tenemos esa buena voluntad sin la cual nuestra solidaridad no se extender\u00e1 a nivel mundial y permanecemos impasibles ante la miseria y el sufrimientos de otros? Sin nuestra participaci\u00f3n solidaria impediremos a esos pueblos llegar a ser por s\u00ed mismos art\u00edfices de su destino.<\/p>\n<p>El hombre de empresa como actor eminente de creaci\u00f3n de riqueza, si quiere ser congruente con su vocaci\u00f3n, ha de actuar efectivamente en la justa producci\u00f3n y distribuci\u00f3n de los bienes y servicios que est\u00e1n bajo su dominio. Por esta raz\u00f3n recomendamos ampliamente se lectura y divulgaci\u00f3n.<\/p>\n[\/stextbox]\n<p style=\"text-align: center\"><b>\u00abPopulorum progressio\u00bb<\/b><\/p>\n<p style=\"text-align: center\"><b>Carta enc\u00edclica del Papa Pablo VI<br \/>\nsobre la necesidad de promover el desarrollo de los pueblos<\/b><\/p>\n<h2><b>Pre\u00e1mbulo<\/b><\/h2>\n<p><b><i>Desarrollo de los pueblos<\/i><\/b><\/p>\n<p><b>1. <\/b>El desarrollo de los pueblos, y muy especialmente el de aqu\u00e9llos que se esfuerzan por escapar del hambre, de la miseria, de las enfermedades end\u00e9micas, de la ignorancia; que buscan una m\u00e1s amplia participaci\u00f3n en los frutos de la civilizaci\u00f3n, una valoraci\u00f3n m\u00e1s activa de sus cualidades humanas; que se orientan con decisi\u00f3n hacia el pleno desarrollo, es observado por la Iglesia con atenci\u00f3n. Apenas terminado el Concilio Vaticano II, una renovada toma de conciencia de las exigencias del mensaje evang\u00e9lico obliga a la Iglesia a ponerse al servicio de los hombres, para ayudarles a captar todas las dimensiones de este grave problema y convencerlos de la urgencia de una acci\u00f3n solidaria en este cambio decisivo de la historia de la humanidad.<\/p>\n<p><b><i>Ense\u00f1anzas sociales de los Papas<\/i><\/b><i><\/i><\/p>\n<p><b>2.<\/b> En sus grandes enc\u00edclicas <i>Rerum<\/i> novarum<span id='easy-footnote-1-121814' class='easy-footnote-margin-adjust'><\/span><span class='easy-footnote'><a href='http:\/\/vincentians.com\/es\/enciclica-populorum-progressio\/#easy-footnote-bottom-1-121814' title='Cf. &lt;i&gt;Acta &lt;\/i&gt;&lt;i&gt;Leonis XIII, &lt;\/i&gt;t. XI (1892), pp. 97-148.'><sup>1<\/sup><\/a><\/span>,<i> <\/i>de Le\u00f3n XIII; <i>Quadragesimo<\/i> Anno<span id='easy-footnote-2-121814' class='easy-footnote-margin-adjust'><\/span><span class='easy-footnote'><a href='http:\/\/vincentians.com\/es\/enciclica-populorum-progressio\/#easy-footnote-bottom-2-121814' title='Cf. &lt;i&gt;AAS &lt;\/i&gt;23 (1931), pp. 177-228.'><sup>2<\/sup><\/a><\/span>,<i> <\/i>de P\u00edo XI; <i>Mater et <\/i><i>magistra<\/i><span id='easy-footnote-3-121814' class='easy-footnote-margin-adjust'><\/span><span class='easy-footnote'><a href='http:\/\/vincentians.com\/es\/enciclica-populorum-progressio\/#easy-footnote-bottom-3-121814' title='Cf. &lt;i&gt;AAS &lt;\/i&gt;53 (1961), pp. 401-464.'><sup>3<\/sup><\/a><\/span> y <i>Pacem in<\/i> terris<span id='easy-footnote-4-121814' class='easy-footnote-margin-adjust'><\/span><span class='easy-footnote'><a href='http:\/\/vincentians.com\/es\/enciclica-populorum-progressio\/#easy-footnote-bottom-4-121814' title='Cf. &lt;i&gt;AAS &lt;\/i&gt;55 (1963), pp. 257-304.'><sup>4<\/sup><\/a><\/span>, de Juan XXIII \u2014sin hablar de los mensajes al mundo de P\u00edo XII<span id='easy-footnote-5-121814' class='easy-footnote-margin-adjust'><\/span><span class='easy-footnote'><a href='http:\/\/vincentians.com\/es\/enciclica-populorum-progressio\/#easy-footnote-bottom-5-121814' title='Cf. en particular Radiomensaje del 1 de junio 1941 en el 50 aniversario de la &lt;i&gt;Rerum Novarum, &lt;\/i&gt;en &lt;i&gt;AAS &lt;\/i&gt;33 (1941), pp. 195-205; Radiomensaje de Navidad 1942, en &lt;i&gt;AAS &lt;\/i&gt;35 (1943), pp. 9-24; Alocuci\u00f3n a un grupo de trabajadores en el aniversario de la &lt;i&gt;Rerum Novarum, &lt;\/i&gt;el 14 de mayo 1953, &lt;i&gt;AAS &lt;\/i&gt;45 (1953), pp. 402-408.'><sup>5<\/sup><\/a><\/span>\u2014, nuestros predecesores no faltaron al deber que ten\u00edan de proyectar sobre las cuestiones sociales de su tiempo la luz del Evangelio.<\/p>\n<p><b><i>Hecho importante<\/i><\/b><i><\/i><\/p>\n<p><b>3. <\/b>Hoy el hecho m\u00e1s importante del que todos deben adquirir conciencia es el de que la cuesti\u00f3n social ha tomado una dimensi\u00f3n mundial. Juan XXIII lo afirma sin ambages<span id='easy-footnote-6-121814' class='easy-footnote-margin-adjust'><\/span><span class='easy-footnote'><a href='http:\/\/vincentians.com\/es\/enciclica-populorum-progressio\/#easy-footnote-bottom-6-121814' title='Cf. Enc\u00edclica &lt;i&gt;Mater et Magistra, &lt;\/i&gt;15 mayo 1961, &lt;i&gt;AAS &lt;\/i&gt;45 (1961), p. 440.'><sup>6<\/sup><\/a><\/span>, y el Concilio se ha hecho eco de esta afirmaci\u00f3n en su Constituci\u00f3n pastoral sobre la Iglesia en el mundo de hoy<span id='easy-footnote-7-121814' class='easy-footnote-margin-adjust'><\/span><span class='easy-footnote'><a href='http:\/\/vincentians.com\/es\/enciclica-populorum-progressio\/#easy-footnote-bottom-7-121814' title='&lt;i&gt;Gaudium et spes, &lt;\/i&gt;nn. 63-72, &lt;i&gt;AAS &lt;\/i&gt;58 (1966), pp. 1084-1094.'><sup>7<\/sup><\/a><\/span>. Esta ense\u00f1anza es grave y su aplicaci\u00f3n urgente. Los pueblos, hambrientos interpelan hoy, con acento dram\u00e1tico, a los pueblos opulentos. La Iglesia sufre ante esta crisis de angustia, y llama a todos para que respondan con amor al llamamiento de sus hermanos.<\/p>\n<p><b><i>Nuestros viajes<\/i><\/b><i><\/i><\/p>\n<p><b>4. <\/b>Antes de nuestra elevaci\u00f3n al Sumo Pontificado, nuestros dos viajes a la Am\u00e9rica latina (1960) y al \u00c1frica (1962) nos pusieron ya en contacto inmediato con los lastimosos problemas que afligen a continentes llenos de vida y de esperanza. Revestidos de la paternidad universal, hemos podido, en nuestros viajes a Tierra Santa y a la India, ver con nuestros ojos y tocar con nuestras manos las grav\u00edsimas dificultades que abruman a pueblos de antigua civilizaci\u00f3n, en lucha con los problemas del desarrollo. Mientras que en Roma se celebraba el segundo Concilio Ecum\u00e9nico Vaticano, circunstancias providenciales nos condujeron a poder hablar directamente a la Asamblea General de las Naciones Unidas. Ante tan amplio are\u00f3pago fuimos el abogado de los pueblos pobres.<\/p>\n<p><b><i>Justicia <\/i><\/b><b><i>y paz<\/i><\/b><\/p>\n<p><b>5. <\/b>Por \u00faltimo, con la intenci\u00f3n de responder al voto del Concilio y de concretar la aportaci\u00f3n de la Santa Sede a esta gran causa de los pueblos en v\u00eda de desarrollo, recientemente hemos cre\u00eddo que era nuestro deber crear, entre los organismos centrales de la Iglesia, una Comisi\u00f3n Pontificia encargada de suscitar en todo el pueblo de Dios el pleno conocimiento de la funci\u00f3n de los tiempos actuales piden a cada uno en orden a promover el progreso de los pueblos m\u00e1s pobres, de favorecer la justicia social entre las naciones, de ofrecer a los que se hallan menos desarrollados una tal ayuda que les permita proveer, ellos mismos y para s\u00ed mismos, a su progreso<span id='easy-footnote-8-121814' class='easy-footnote-margin-adjust'><\/span><span class='easy-footnote'><a href='http:\/\/vincentians.com\/es\/enciclica-populorum-progressio\/#easy-footnote-bottom-8-121814' title='Motu Propio &lt;i&gt;Catholicam Christi Eclesiam, &lt;\/i&gt;6 enero 1967, &lt;i&gt;AAS&lt;\/i&gt; 59 (1967), p. 27.'><sup>8<\/sup><\/a><\/span>. Justicia y paz es su nombre y su programa. Pensamos que este programa puede y debe juntar a los hombres de buena voluntad con nuestros hijos cat\u00f3licos y hermanos cristianos.<\/p>\n<p>Por esto hoy dirigimos a todos este solemne llamamiento para una acci\u00f3n concreta en favor del desarrollo integral del hombre y del desarrollo solidario de la humanidad.<\/p>\n<h2><b>Primera parte: por un desarrollo integral del hombre<\/b><\/h2>\n<h3><b>I.\u2014 Los datos del problema<\/b><\/h3>\n<p><b><i>Aspiraciones de los hombres<\/i><\/b><\/p>\n<p><b>6. <\/b>Verse libres de la miseria, hallar con m\u00e1s seguridad la propia subsistencia, la salud, una ocupaci\u00f3n estable; participar todav\u00eda m\u00e1s en las responsabilidades, fuera de toda opresi\u00f3n y al abrigo de situaciones que ofenden su dignidad de hombres; ser m\u00e1s instruidos; en una palabra, hacer, conocer y tener m\u00e1s para ser m\u00e1s; tal es la aspiraci\u00f3n de los hombres de hoy. Y, sin embargo, gran n\u00famero de ellos se ve condenado a vivir en condiciones que hacen ilusorio este leg\u00edtimo deseo. Por otra parte, los pueblos llegados recientemente a la independencia nacional sienten la necesidad de a\u00f1adir a esta libertad pol\u00edtica un crecimiento aut\u00f3nomo y digno, social no menos que econ\u00f3mico, a fin de asegurar a sus ciudadanos su pleno desarrollo humano y ocupar el puesto que les corresponde en el concierto de las naciones.<\/p>\n<p><b><i>Colonizaci\u00f3n y colonialismo<\/i><\/b><i><\/i><\/p>\n<p><b>7. <\/b>Ante la amplitud y la urgencia de la labor que hay que llevar a cabo, disponemos de medios heredados del pasado, aun cuando son insuficientes. Ciertamente hay que reconocer que las potencias coloniales con frecuencia han perseguido su propio inter\u00e9s, su poder o su gloria, y que al retirarse, a veces, han dejado una situaci\u00f3n econ\u00f3mica vulnerable ligada, por ejemplo, al monocultivo, cuyo rendimiento econ\u00f3mico est\u00e1 sometido a bruscas y amplias variaciones. Pero a\u00fan reconociendo los errores de un cierto tipo de colonialismo y de sus consecuencias, es necesario al mismo tiempo rendir homenaje a las cualidades y a las realizaciones de los colonizadores, que, en las regiones abandonadas, han aportado su ciencia y su t\u00e9cnica, dejando preciosos frutos de su presencia. Por incompletas que sean, las estructuras establecidas permanecen y han hecho retroceder la ignorancia y la enfermedad, establecido comunicaciones beneficiosas y mejorado las condiciones de vida.<\/p>\n<p><b><i>Desequilibrio creciente<\/i><\/b><i><\/i><\/p>\n<p><b>8. <\/b>Aceptado lo dicho, es bien cierto que esta preparaci\u00f3n es notoriamente insuficiente para enfrentarse con la dura realidad de la econom\u00eda moderna. Dejada a s\u00ed misma, su mecanismo conduce al mundo hacia una agravaci\u00f3n, y no una atenuaci\u00f3n, de la disparidad de los niveles de vida; los pueblos ricos gozan de un r\u00e1pido crecimiento, mientras que los pobres se desarrollan lentamente. El desequilibrio crece: unos producen con exceso g\u00e9neros alimenticios que faltan cruelmente a otros, y estos \u00faltimos ven que sus exportaciones se hacen inciertas.<\/p>\n<p><b><i>Mayor toma de conciencia<\/i><\/b><i><\/i><\/p>\n<p><b>9. <\/b>Al mismo tiempo, los conflictos sociales se han ampliado hasta todas las dimensiones del mundo. La viva inquietud que se ha apoderado de las clases pobres, en los pa\u00edses que se van industrializando, se apodera ahora de aqu\u00e9llas en las que la econom\u00eda es casi exclusivamente agraria: los campesinos adquieren ellos tambi\u00e9n la conciencia de su <i>miseria, no<\/i> merecida<span id='easy-footnote-9-121814' class='easy-footnote-margin-adjust'><\/span><span class='easy-footnote'><a href='http:\/\/vincentians.com\/es\/enciclica-populorum-progressio\/#easy-footnote-bottom-9-121814' title='Enc\u00edclica &lt;i&gt;Rerum Novarum, &lt;\/i&gt;15 mayo 1891, &lt;i&gt;Acta &lt;\/i&gt;&lt;i&gt;Leonis XIII, &lt;\/i&gt;t. XI (1892), p. 98.'><sup>9<\/sup><\/a><\/span>.<i> <\/i>A \u00e9stos se a\u00f1ade el esc\u00e1ndalo de las disparidades hirientes, no solamente en el goce de los bienes, sino todav\u00eda m\u00e1s en el ejercicio del poder. Mientras que en algunas regiones una oligarqu\u00eda goza de una civilizaci\u00f3n refinada, el resto de la poblaci\u00f3n, pobre y dispersa, est\u00e1 \u00abprivada de casi todas las posibilidades de iniciativa personal y de responsabilidad, y aun muchas veces incluso viviendo en condiciones de vida y de trabajo indignas de la persona humana\u00bb<span id='easy-footnote-10-121814' class='easy-footnote-margin-adjust'><\/span><span class='easy-footnote'><a href='http:\/\/vincentians.com\/es\/enciclica-populorum-progressio\/#easy-footnote-bottom-10-121814' title='&lt;i&gt;Gaudium et spes, &lt;\/i&gt;n. 63, \u00a7 8.'><sup>10<\/sup><\/a><\/span>.<\/p>\n<p><b><i>Choque de civilizaciones<\/i><\/b><i><\/i><\/p>\n<p><b>10. <\/b>Por otra parte, el choque entre las civilizaciones tradicionales y las novedades de la civilizaci\u00f3n industrial rompe las estructuras, que no se adaptan a las nuevas condiciones. Su marco, muchas veces r\u00edgido, era el apoyo indispensable de la vida personal y familiar, y los viejos se aferran a \u00e9l, mientras que los j\u00f3venes lo rehuyen, como un obst\u00e1culo in\u00fatil, para volverse \u00e1vidamente hacia nuevas formas de vida social. El conflicto de las generaciones se agrava as\u00ed con un tr\u00e1gico dilema: o conservar instituciones y creencias ancestrales y renunciar al progreso, o abrirse a las t\u00e9cnicas y civilizaciones que vienen de fuera, pero rechazando con las tradiciones del pasado toda su riqueza humana. De hecho, los apoyos morales, espirituales y religiosos del pasado ceden con mucha frecuencia, sin que por eso mismo est\u00e9 asegurada la inserci\u00f3n en el mundo nuevo.<\/p>\n<p><b><i>Conclusi\u00f3n<\/i><\/b><i><\/i><\/p>\n<p><b>11. <\/b>En este desarrollo, la tentaci\u00f3n se hace tan violenta que amenaza arrastrar hacia los mesianismos prometedores, pero forjadores de ilusiones. \u00bfQui\u00e9n no ve los peligros que hay en ello, de reacciones populares violentas, de agitaciones insurreccionales y de deslizamientos hacia la ideolog\u00edas totalitarias? \u00c9stos son los datos del problema, cuya gravedad no puede escapar a nadie.<\/p>\n<h3><b>II.\u2014 La Iglesia y el desarrollo<\/b><\/h3>\n<p><b><i>La labor de los misioneros<\/i><\/b><\/p>\n<p><b>12. <\/b>Fiel a las ense\u00f1anzas y al ejemplo de su Divino Fundador, que dio como se\u00f1al de su misi\u00f3n el anuncio de la Buena Nueva a los pobres<span id='easy-footnote-11-121814' class='easy-footnote-margin-adjust'><\/span><span class='easy-footnote'><a href='http:\/\/vincentians.com\/es\/enciclica-populorum-progressio\/#easy-footnote-bottom-11-121814' title='Cf. &lt;i&gt;Lucas&lt;\/i&gt; 7,22.'><sup>11<\/sup><\/a><\/span>, la Iglesia nunca ha dejado de promover la elevaci\u00f3n humana de los pueblos, a los cuales llevaba la fe en Jesucristo. Al mismo tiempo que iglesias, sus misioneros han construido hospicios y hospitales, escuelas y universidades.<\/p>\n<p>Ense\u00f1ando a los ind\u00edgenas, el modo de sacar mayor provecho de los recursos naturales, los han protegido frecuentemente contra la codicia de los extranjeros. Sin duda alguna, su labor, por lo mismo que era humana, no fue perfecta y algunos pudieron mezclar algunas veces no pocos modos de pensar y de vivir de su pa\u00eds de origen con el anuncio del aut\u00e9ntico mensaje evang\u00e9lico. Pero supieron tambi\u00e9n cultivar y promover las instituciones locales.<\/p>\n<p>En muchas regiones supieron colocarse entre los precursores del progreso material no menos que de la elevaci\u00f3n cultural. Basta recordar el ejemplo del padre Carlos de Foucauld, a quien se juzg\u00f3 digno de ser llamado, por su caridad, el \u00abHermano universal\u00bb, y que compil\u00f3 un precioso diccionario de la lengua tuareg. Hemos de rendir homenaje a estos precursores muy frecuentemente ignorados, impelidos por la caridad de Cristo, lo mismo que a sus \u00e9mulos y sucesores, que siguen dedic\u00e1ndose, todav\u00eda hoy, al servicio generoso y desinteresado de aqu\u00e9llos que evangelizan.<\/p>\n<p><b><i>Iglesia y mundo<\/i><\/b><i><\/i><\/p>\n<p><b>13. <\/b>Pero en lo sucesivo las iniciativas locales e individuales no bastan ya. La presente situaci\u00f3n del mundo exige una acci\u00f3n de conjunto, que tenga como punto de partida una clara visi\u00f3n de todos los aspectos econ\u00f3micos, sociales, culturales y espirituales.<\/p>\n<p>Con la experiencia que tiene de la humanidad, la Iglesia, sin pretender de ninguna manera mezclarse en la pol\u00edtica de los Estados, \u00abs\u00f3lo desea una cosa: continuar, bajo la gu\u00eda del Esp\u00edritu Par\u00e1clito, la obra misma de Cristo, quien vino al mundo para dar testimonio de la verdad, para salvar y no para juzgar, para servir y no para ser servido\u00bb<span id='easy-footnote-12-121814' class='easy-footnote-margin-adjust'><\/span><span class='easy-footnote'><a href='http:\/\/vincentians.com\/es\/enciclica-populorum-progressio\/#easy-footnote-bottom-12-121814' title='&lt;i&gt;Gaudium et spes, &lt;\/i&gt;n.3, \u00a7 2.'><sup>12<\/sup><\/a><\/span>.<\/p>\n<p>Fundada para establecer desde ahora en la tierra el reino de los Cielos y no para conquistar un poder terrenal, afirma claramente que los dos campos son distintos, de la misma manera que son soberanos los dos poderes, el eclesi\u00e1stico y el civil, cada uno en su terreno<span id='easy-footnote-13-121814' class='easy-footnote-margin-adjust'><\/span><span class='easy-footnote'><a href='http:\/\/vincentians.com\/es\/enciclica-populorum-progressio\/#easy-footnote-bottom-13-121814' title='Cf. Enc\u00edclica &lt;i&gt;Inmortale Dei, &lt;\/i&gt;1 noviembre 1885, &lt;i&gt;Acta &lt;\/i&gt;&lt;i&gt;Leonis XIII, &lt;\/i&gt;t. V (1885), p. 127.'><sup>13<\/sup><\/a><\/span>. Pero, viviendo en la historia, ella debe \u00abescrutar a fondo los signos de los tiempos e interpretarlos a la luz del Evangelio\u00bb<span id='easy-footnote-14-121814' class='easy-footnote-margin-adjust'><\/span><span class='easy-footnote'><a href='http:\/\/vincentians.com\/es\/enciclica-populorum-progressio\/#easy-footnote-bottom-14-121814' title='&lt;i&gt;Gaudium et spes, &lt;\/i&gt;n. 4, \u00a7 1.'><sup>14<\/sup><\/a><\/span>. Tomando parte en las mejores aspiraciones de los hombres y sufriendo al no verlas satisfechas, desea ayudarles a conseguir su pleno desarrollo, y esto precisamente porque ella les propone lo que ella posee como propio: una visi\u00f3n global del hombre y de la humanidad.<\/p>\n<p><b><i>Visi\u00f3n cristiana del desarrollo<\/i><\/b><\/p>\n<p><b>14. <\/b>El desarrollo no se reduce al simple crecimiento econ\u00f3mico. Para ser aut\u00e9ntico debe ser integral, es decir, promover a todos los hombres y a todo el hombre. Con gran exactitud ha subrayado un eminente experto: \u00abNosotros no aceptamos la separaci\u00f3n de la econom\u00eda de lo humano, el desarrollo de las civilizaciones en que est\u00e1 inscrito. Lo que cuenta para nosotros es el hombre, cada hombre, cada agrupaci\u00f3n de hombres, hasta la humanidad entera\u00bb<span id='easy-footnote-15-121814' class='easy-footnote-margin-adjust'><\/span><span class='easy-footnote'><a href='http:\/\/vincentians.com\/es\/enciclica-populorum-progressio\/#easy-footnote-bottom-15-121814' title='L.J. Lebret, O.P., &lt;i&gt;Dynamique conr\u00e9te du d\u00e9veloppement, &lt;\/i&gt;Paris, Eco.'><sup>15<\/sup><\/a><\/span>.<\/p>\n<p><b><i>Vocaci\u00f3n al desarrollo<\/i><\/b><\/p>\n<p><b>15. <\/b>En los designios de Dios, cada hombre est\u00e1 llamado a desarrollarse, porque toda vida es una vocaci\u00f3n. Desde su nacimiento, ha sido dado a todos, como un germen, un conjunto de aptitudes y de cualidades para hacerlas fructificar: su floraci\u00f3n, fruto de la educaci\u00f3n recibida en el propio ambiente y del esfuerzo personal, permitir\u00e1 a cada uno orientarse hacia el destino, que le ha sido propuesto por el Creador.<\/p>\n<p>Dotado de inteligencia y de libertad, el hombre es responsable de su crecimiento lo mismo que de su salvaci\u00f3n. Ayudado, y a veces estorbado, por los que lo educan y lo rodean, cada uno permanece siempre, sean lo que sean los influjos que sobre \u00e9l se ejercen, el art\u00edfice principal de su \u00e9xito o de su fracaso: por s\u00f3lo el esfuerzo de su inteligencia y de su voluntad, cada hombre puede crecer en humanidad, valer m\u00e1s, ser m\u00e1s.<\/p>\n<p><b><i>Deber personal<\/i><\/b><\/p>\n<p><b>16. <\/b>Por otra parte, este crecimiento no es facultativo. De la misma manera que la creaci\u00f3n entera est\u00e1 ordenada a su Creador, la criatura espiritual est\u00e1 obligada a orientar espont\u00e1neamente su vida hacia Dios, verdad primera y bien soberano. Resulta as\u00ed que el crecimiento humano constituye como un resumen de nuestros deberes. M\u00e1s a\u00fan, esta armon\u00eda de la naturaleza, enriquecida por el esfuerzo personal y responsable, est\u00e1 llamada a superarse a s\u00ed misma. Por su inserci\u00f3n en el Cristo vivo, el hombre tiene el camino abierto hacia un progreso nuevo, hacia un humanismo trascendental que le da su mayor plenitud; tal es la finalidad suprema del desarrollo personal.<\/p>\n<p><b><i>Y comunitario<\/i><\/b><\/p>\n<p><b>17. <\/b>Pero cada uno de los hombres es miembro de la sociedad, pertenece a la humanidad entera. Y no es solamente \u00e9ste o aquel hombre, sino que todos los hombres est\u00e1n llamados a este desarrollo pleno. Las civilizaciones nacen, crecen y mueren. Pero como las olas del mar en el flujo de la marea van avanzando, cada una un poco m\u00e1s, en la arena de la playa, de la misma manera la humanidad avanza por el camino de la Historia. Herederos de generaciones pasadas y benefici\u00e1ndonos del trabajo de nuestros contempor\u00e1neos, estamos obligados para con todos y no podemos desinteresarnos de los que vendr\u00e1n a aumentar todav\u00eda m\u00e1s el c\u00edrculo de la familia humana. La solidaridad universal, que es un hecho y un beneficio para todos, es tambi\u00e9n un deber.<\/p>\n<p><b><i>Escala de valores<\/i><\/b><\/p>\n<p><b>18. <\/b>Este crecimiento personal y comunitario se ver\u00eda comprometido si se alterase la verdadera escala de valores. Es leg\u00edtimo el deseo de lo necesario, y el trabajar para conseguirlo es un deber: \u00abEl que no quiere trabajar, que no coma\u00bb<span id='easy-footnote-16-121814' class='easy-footnote-margin-adjust'><\/span><span class='easy-footnote'><a href='http:\/\/vincentians.com\/es\/enciclica-populorum-progressio\/#easy-footnote-bottom-16-121814' title='&lt;i&gt;2 Tesalonicenses&lt;\/i&gt; 3,10.'><sup>16<\/sup><\/a><\/span>. Pero la adquisici\u00f3n de los bienes temporales puede conducir a la codicia, al deseo de tener cada vez m\u00e1s y a la tentaci\u00f3n de acrecentar el propio poder. La avaricia de las personas, de las familias y de las naciones puede apoderarse lo mismo de los m\u00e1s desprovistos que de los m\u00e1s ricos, y suscitar en los unos y en los otros un materialismo sofocante.<\/p>\n<p><b><i>Creciente ambivalencia<\/i><\/b><i><\/i><\/p>\n<p><b>19. <\/b>As\u00ed, pues, el tener m\u00e1s, lo mismo para los pueblos que para las personas, no es el fin \u00faltimo. Todo crecimiento es ambivalente. Necesario para permitir que el hombre sea m\u00e1s hombre, lo encierra como en una prisi\u00f3n desde el momento en que se convierte en el bien supremo, que impide mirar m\u00e1s all\u00e1. Entonces los corazones se endurecen y los esp\u00edritus se cierran; los hombres ya no se unen por amistad, sino por inter\u00e9s, que pronto les hace oponerse unos a otros y desunirse. La b\u00fasqueda exclusiva del poseer se convierte en un obst\u00e1culo para el crecimiento del ser y se opone a su verdadera grandeza; para las naciones, como para las personas, la avaricia es la forma m\u00e1s evidente de un subdesarrollo moral.<\/p>\n<p><b><i>Hacia una condici\u00f3n m\u00e1s humana<\/i><\/b><i><\/i><\/p>\n<p><b>20. <\/b>Si para llevar a cabo el desarrollo se necesitan t\u00e9cnicos, cada vez en mayor n\u00famero, para este mismo desarrollo se exige m\u00e1s todav\u00eda pensadores de reflexi\u00f3n profunda que busquen un humanismo nuevo, el cual permita al hombre moderno hallarse a s\u00ed mismo, asumiendo los valores superiores del amor, de la amistad, de la oraci\u00f3n y de la contemplaci\u00f3n<span id='easy-footnote-17-121814' class='easy-footnote-margin-adjust'><\/span><span class='easy-footnote'><a href='http:\/\/vincentians.com\/es\/enciclica-populorum-progressio\/#easy-footnote-bottom-17-121814' title='Cf. por ejemplo, J. Maritain, &lt;i&gt;Les conditions spirituelles du progr\u00e9s et de la paix, &lt;\/i&gt;en &lt;i&gt;Rencontre des cultures a l&amp;#8217;UNESCO sous le signe du Concile oecum\u00e9nique Vatican II. &lt;\/i&gt;Paris, Mame, 1966, p. 66.'><sup>17<\/sup><\/a><\/span>. As\u00ed podr\u00e1 realizar, en toda su plenitud, el verdadero desarrollo, que es el paso, para cada uno y para todos, de condiciones de vida menos humanas, a condiciones m\u00e1s humanas.<\/p>\n<p><b><i>Ideal al que hay que tender<\/i><\/b><\/p>\n<p><b>21. <\/b>Menos humanas: las carencias materiales de los que est\u00e1n privados del m\u00ednimun vital y las carencias morales de los que est\u00e1n mutilados por el ego\u00edsmo. Menos humanas: las estructuras opresoras, que provienen del abuso del tener o del abuso del poder, de la explotaci\u00f3n de los trabajadores o de la injusticia de las transacciones. M\u00e1s humanas: el remontarse de la miseria a la posesi\u00f3n de lo necesario, la victoria sobre las calamidades sociales, la ampliaci\u00f3n de los conocimientos, la adquisici\u00f3n de la cultura. M\u00e1s humanas tambi\u00e9n: el aumento en la consideraci\u00f3n de la dignidad de los dem\u00e1s, la orientaci\u00f3n hacia el esp\u00edritu de pobreza<span id='easy-footnote-18-121814' class='easy-footnote-margin-adjust'><\/span><span class='easy-footnote'><a href='http:\/\/vincentians.com\/es\/enciclica-populorum-progressio\/#easy-footnote-bottom-18-121814' title='Cf. &lt;i&gt;Mateo &lt;\/i&gt;5,3.'><sup>18<\/sup><\/a><\/span>, la cooperaci\u00f3n del bien com\u00fan, la voluntad de paz. M\u00e1s humanas todav\u00eda: el reconocimiento, por parte del hombre, de los valores supremos, y de Dios, que de ellos es la fuente y el fin. M\u00e1s humanas, por fin y especialmente: la fe, don de Dios acogido por la buena voluntad de los hombres, y la unidad en la caridad de Cristo, que nos llama a todos a participar, como hijos, en la vida de Dios vivo, Padre de todos los hombres.<\/p>\n<h3><b>III.\u2014 La acci\u00f3n que debe emprenderse<\/b><\/h3>\n<p><b>22. <\/b>Llenad la tierra y sometedla<span id='easy-footnote-19-121814' class='easy-footnote-margin-adjust'><\/span><span class='easy-footnote'><a href='http:\/\/vincentians.com\/es\/enciclica-populorum-progressio\/#easy-footnote-bottom-19-121814' title='&lt;i&gt;G\u00e9nesis &lt;\/i&gt;1,28.'><sup>19<\/sup><\/a><\/span>. La Biblia, desde sus primeras p\u00e1ginas, nos ense\u00f1a que la creaci\u00f3n entera es para el hombre, quien tiene que aplicar su esfuerzo inteligente para valorizarla y, mediante su trabajo, perfeccionarla, por decirlo as\u00ed poni\u00e9ndola a su servicio. Si la tierra est\u00e1 hecha para procurar a cada uno los medios de subsistencia y los instrumentos de su progreso, todo hombre tiene el derecho de encontrar en ella lo que necesita. El reciente Concilio lo ha recordado: \u00abDios ha destinado la tierra, y todo lo que en ella se contiene, para uso de todos los hombres y de todos los pueblos, de modo que los bienes creados deben llegar a todos en forma justa, seg\u00fan la regla de la justicia, inseparable de la caridad\u00bb<span id='easy-footnote-20-121814' class='easy-footnote-margin-adjust'><\/span><span class='easy-footnote'><a href='http:\/\/vincentians.com\/es\/enciclica-populorum-progressio\/#easy-footnote-bottom-20-121814' title='&lt;i&gt;Gaudium et spes, &lt;\/i&gt;n. 69, \u00a7 1.'><sup>20<\/sup><\/a><\/span>. Todos los dem\u00e1s derechos, sean los que sean, comprendidos en ellos los de propiedad y comercio libre, a ello est\u00e1n subordinados: no deben estorbar, antes al contrario, facilitar su realizaci\u00f3n, y es un deber social grave y urgente hacerlos volver a su finalidad primera.<\/p>\n<p><b><i>La propiedad<\/i><\/b><i><\/i><\/p>\n<p><b>23. <\/b>\u00abSi alguno tiene bienes de este mundo y, viendo a su hermano en necesidad, le cierra sus entra\u00f1as, \u00bfc\u00f3mo es posible que resida en \u00e9l el amor de Dios?\u00bb<span id='easy-footnote-21-121814' class='easy-footnote-margin-adjust'><\/span><span class='easy-footnote'><a href='http:\/\/vincentians.com\/es\/enciclica-populorum-progressio\/#easy-footnote-bottom-21-121814' title='&lt;i&gt;1 Juan&lt;\/i&gt; 3,17.'><sup>21<\/sup><\/a><\/span>. Sabido es con qu\u00e9 firmeza los Padres de la Iglesia han precisado cu\u00e1l debe ser la actitud de los que poseen respecto a los que se encuentran en necesidad: \u00abNo es parte de tus bienes \u2014as\u00ed dice San Ambrosio\u2014 lo que t\u00fa des al pobre; lo que le das le pertenece. Porque lo que ha sido dado para el uso de todos, t\u00fa te lo apropias. La tierra ha sido dada para todo el mundo y no solamente para los ricos\u00bb<span id='easy-footnote-22-121814' class='easy-footnote-margin-adjust'><\/span><span class='easy-footnote'><a href='http:\/\/vincentians.com\/es\/enciclica-populorum-progressio\/#easy-footnote-bottom-22-121814' title='&lt;i&gt;De Nabuthe, &lt;\/i&gt;c. 12, n. 53. PL 14, 747. Cf. J.-R Palanque, &lt;i&gt;Saint Ambroise et l\u2019empire romain, &lt;\/i&gt;Paris, de Bocard, 1988, pp. 336 sq.'><sup>22<\/sup><\/a><\/span>.<\/p>\n<p>Es decir, que la propiedad privada no constituye para nadie un derecho incondicional y absoluto. No hay ninguna raz\u00f3n para reservarse en uso exclusivo lo que supera a la propia necesidad cuando a los dem\u00e1s les falta lo necesario. En una palabra: \u00abEl derecho de propiedad no debe jam\u00e1s ejercitarse con detrimento de la utilidad com\u00fan, seg\u00fan la doctrina tradicional de los Padres de la Iglesia y de los grandes te\u00f3logos\u00bb. Si se llegase al conflicto \u00abentre los derechos privados adquiridos y las exigencias comunitarias primordiales\u00bb, toca a los poderes p\u00fablicos \u00abprocurar una soluci\u00f3n, con la activa participaci\u00f3n de las personas y de los grupos sociales\u00bb<span id='easy-footnote-23-121814' class='easy-footnote-margin-adjust'><\/span><span class='easy-footnote'><a href='http:\/\/vincentians.com\/es\/enciclica-populorum-progressio\/#easy-footnote-bottom-23-121814' title='&lt;i&gt;Carta a la Semana Social de Brest, &lt;\/i&gt;en L &lt;i&gt;&amp;#8216;homme et la revolution urbaine. &lt;\/i&gt;Lyon, Cr\u00f3nica Social, 1965, p. 8 et 9.'><sup>23<\/sup><\/a><\/span>.<\/p>\n<p><b><i>El uso de la renta<\/i><\/b><i><\/i><\/p>\n<p><b>24. <\/b>El bien com\u00fan exige, pues, algunas veces la expropiaci\u00f3n si, por el hecho de su extensi\u00f3n, de su explotaci\u00f3n deficiente o nula, de la miseria que de ello resulta a la poblaci\u00f3n, del da\u00f1o considerable producido a los intereses del pa\u00eds, algunas posesiones sirven de obst\u00e1culo a la prosperidad colectiva.<\/p>\n<p>Afirm\u00e1ndola netamente<span id='easy-footnote-24-121814' class='easy-footnote-margin-adjust'><\/span><span class='easy-footnote'><a href='http:\/\/vincentians.com\/es\/enciclica-populorum-progressio\/#easy-footnote-bottom-24-121814' title='&lt;i&gt;Gaudium et spes,&lt;\/i&gt; n. 71, \u00a76.'><sup>24<\/sup><\/a><\/span>, el Concilio ha recordado tambi\u00e9n, no menos claramente, que la renta disponible no es cosa que queda abandonada al libre capricho de los hombres, y que las especulaciones ego\u00edstas deben ser eliminadas. Desde luego, no se podr\u00eda admitir que ciudadanos provistos de rentas abundantes, provenientes de los recursos y de la actividad nacional, las transfiriesen en parte considerable al extranjero por puro provecho personal, sin preocuparse del da\u00f1o evidente que con ello infligir\u00edan a la propia patria<span id='easy-footnote-25-121814' class='easy-footnote-margin-adjust'><\/span><span class='easy-footnote'><a href='http:\/\/vincentians.com\/es\/enciclica-populorum-progressio\/#easy-footnote-bottom-25-121814' title='Cf. &lt;i&gt;ibid, &lt;\/i&gt;n. 65, \u00a7 3.'><sup>25<\/sup><\/a><\/span>.<\/p>\n<p><b><i>La industrializaci\u00f3n<\/i><\/b><i><\/i><\/p>\n<p><b>25. <\/b>Necesaria para el crecimiento econ\u00f3mico y para el progreso humano, la industrializaci\u00f3n es al mismo tiempo se\u00f1al y factor del desarrollo. El hombre, mediante la tenaz aplicaci\u00f3n de su inteligencia y de su trabajo, arranca poco a poco sus secretos a la Naturaleza y hace un uso mejor de sus riquezas. Al mismo tiempo que disciplina sus costumbres, se desarrolla en \u00e9l el gusto por la investigaci\u00f3n y la invenci\u00f3n, la aceptaci\u00f3n del riesgo calculado, la audacia en las empresas, la iniciativa generosa y el sentido de la responsabilidad.<\/p>\n<p><b><i>Capitalismo liberal<\/i><\/b><i><\/i><\/p>\n<p><b>26. <\/b>Pero, por desgracia, sobre estas nuevas condiciones de la sociedad, ha sido construido un sistema que considera el provecho como motor esencial del progreso econ\u00f3mico, la concurrencia como ley suprema de la econom\u00eda, la propiedad privada de los medios de producci\u00f3n como un derecho absoluto, sin l\u00edmites ni obligaciones sociales correspondientes. Este liberalismo sin freno, que conduce a la dictadura, justamente fue denunciado por P\u00edo XI como generador de \u00abel imperialismo internacional del dinero\u00bb<span id='easy-footnote-26-121814' class='easy-footnote-margin-adjust'><\/span><span class='easy-footnote'><a href='http:\/\/vincentians.com\/es\/enciclica-populorum-progressio\/#easy-footnote-bottom-26-121814' title='Enc\u00edclica &lt;i&gt;Quadragesimo anno, &lt;\/i&gt;15 mayo 1931, &lt;i&gt;AAS &lt;\/i&gt;23 (1931), p. 212.'><sup>26<\/sup><\/a><\/span>.<\/p>\n<p>No hay mejor manera de reprobar un tal abuso que recordando solemnemente una vez m\u00e1s que la econom\u00eda est\u00e1 al servicio del hombre<span id='easy-footnote-27-121814' class='easy-footnote-margin-adjust'><\/span><span class='easy-footnote'><a href='http:\/\/vincentians.com\/es\/enciclica-populorum-progressio\/#easy-footnote-bottom-27-121814' title='Cf. por ejemplo, Colin Clark, &lt;i&gt;The conditions of economic progress, &lt;\/i&gt;tercera edic. London, Macmillan &amp;amp; Co. New York, St. Martin&amp;#8217; s Press, 1960, pp. 3-6.'><sup>27<\/sup><\/a><\/span>. Pero si es verdadero que un cierto capitalismo ha sido la causa de muchos sufrimientos, de injusticias y luchas fratricidas, cuyos efectos duran todav\u00eda, ser\u00eda injusto que se atribuyera a la industrializaci\u00f3n misma los males que son debidos al nefasto sistema que la acompa\u00f1a. Por el contrario, es justo reconocer la aportaci\u00f3n irreemplazable de la organizaci\u00f3n del trabajo y del progreso industrial a la obra del desarrollo.<\/p>\n<p><b><i>El trabajo<\/i><\/b><i><\/i><\/p>\n<p><b>27. <\/b>De la misma manera, aunque a veces puede llegarse a una m\u00edstica exagerada del trabajo, no es menos cierto, sin embargo, que el trabajo ha sido querido y bendecido por Dios. Creado a imagen suya, \u00abel hombre debe cooperar con el Creador en la perfecci\u00f3n de la creaci\u00f3n y marcar, a su vez, la tierra con el car\u00e1cter espiritual que \u00e9l mismo ha recibido\u00bb<span id='easy-footnote-28-121814' class='easy-footnote-margin-adjust'><\/span><span class='easy-footnote'><a href='http:\/\/vincentians.com\/es\/enciclica-populorum-progressio\/#easy-footnote-bottom-28-121814' title='&lt;i&gt;Carta a la Semana Social de Lyon, &lt;\/i&gt;en &lt;i&gt;Le travail et les travaillerus dan la soci\u00e9t\u00e9 contemporaine, &lt;\/i&gt;Lyon. Cr\u00f3nica Social, 1965, p. 6.'><sup>28<\/sup><\/a><\/span>. Dios, que ha dotado al hombre de inteligencia, le ha dado tambi\u00e9n el modo de acabar de alguna manera su obra; ya sea artista o artesano, patrono, obrero o campesino, todo trabajador es un creador. Aplic\u00e1ndose a una materia, que se le resiste, el trabajador le imprime un sello, mientras que \u00e9l adquiere tenacidad, ingenio y esp\u00edritu de invenci\u00f3n. M\u00e1s a\u00fan, viviendo en com\u00fan, participando de una misma esperanza, de un sufrimiento, de una ambici\u00f3n y de una alegr\u00eda, el trabajo une las voluntades, aproxima los esp\u00edritus y funde los corazones; al realizarlo, los hombres descubren que son hermanos<span id='easy-footnote-29-121814' class='easy-footnote-margin-adjust'><\/span><span class='easy-footnote'><a href='http:\/\/vincentians.com\/es\/enciclica-populorum-progressio\/#easy-footnote-bottom-29-121814' title='Cf. por ejemplo, M-D. Chenu, 0.P., &lt;i&gt;Pour une th\u00e9ologie du travail, &lt;\/i&gt;Paris, Editions du Seuil, 1955.'><sup>29<\/sup><\/a><\/span>.<\/p>\n<p><b><i>Su ambivalencia<\/i><\/b><i><\/i><\/p>\n<p><b>28. <\/b>El trabajo, sin duda ambivalente, porque promete el dinero, la alegr\u00eda y el poder, invita a los unos al ego\u00edsmo y a los otros a la revuelta; desarrolla tambi\u00e9n la conciencia profesional, el sentido del deber y la caridad para con el pr\u00f3jimo. M\u00e1s cient\u00edfico y mejor organizado, tiene el peligro de deshumanizar a quien lo realiza, convertido en siervo cuyo, porque el trabajo no es humano si no permanece inteligente y libre. Juan XXIII ha recordado la urgencia de restituir al trabajador su dignidad, haci\u00e9ndole participar realmente en la labor com\u00fan: \u00abSe debe tender a que la empresa se convierta en una comunidad de personas, en las relaciones, en las funciones y en la situaci\u00f3n de todo el personal\u00bb<span id='easy-footnote-30-121814' class='easy-footnote-margin-adjust'><\/span><span class='easy-footnote'><a href='http:\/\/vincentians.com\/es\/enciclica-populorum-progressio\/#easy-footnote-bottom-30-121814' title='&lt;i&gt;Mater et Magistra, AAS &lt;\/i&gt;53 (1961), p. 423.'><sup>30<\/sup><\/a><\/span>. Pero el trabajo de los hombres, mucho m\u00e1s para el cristiano, tiene todav\u00eda la misi\u00f3n de colaborar en la creaci\u00f3n del mundo sobrenatural<span id='easy-footnote-31-121814' class='easy-footnote-margin-adjust'><\/span><span class='easy-footnote'><a href='http:\/\/vincentians.com\/es\/enciclica-populorum-progressio\/#easy-footnote-bottom-31-121814' title='Cf. por ejemplo, 0. von Nell-Breuning, S.J., &lt;i&gt;Wirtschaft und Geselleschaft.&lt;\/i&gt;'><sup>31<\/sup><\/a><\/span>, no terminado hasta que lleguemos todos juntos a constituir aquel hombre perfecto, de que habla San Pablo, \u00abque realiza la plenitud de Cristo\u00bb<span id='easy-footnote-32-121814' class='easy-footnote-margin-adjust'><\/span><span class='easy-footnote'><a href='http:\/\/vincentians.com\/es\/enciclica-populorum-progressio\/#easy-footnote-bottom-32-121814' title='&lt;i&gt;Efesios&lt;\/i&gt; 4,13.'><sup>32<\/sup><\/a><\/span>.<\/p>\n<p><b><i>Urgencia de la obra que hay que realizar<\/i><\/b><\/p>\n<p><b>29. <\/b>Hay que darse prisa. Muchos hombres sufren y aumenta la distancia que separa el progreso de los unos del estancamiento y a\u00fan retroceso de los otros. Sin embargo, es necesario que la labor que hay que realizar progrese armoniosamente, so pena de ver roto el equilibrio que es indispensable. Una reforma agraria improvisada puede frustrar su finalidad. Una industrializaci\u00f3n brusca puede dislocar las estructuras, que todav\u00eda son necesarias, y engendrar miserias sociales que ser\u00edan un retroceso para la humanidad.<\/p>\n<p><b><i>Tentaci\u00f3n de la violencia<\/i><\/b><\/p>\n<p><b>30. <\/b>Es cierto que hay situaciones cuya injusticia clama al cielo. Cuando poblaciones enteras, faltas de lo necesario, viven en una tal dependencia que les impide toda iniciativa y responsabilidad, lo mismo que toda posibilidad de promoci\u00f3n cultural y de participaci\u00f3n en la vida social y pol\u00edtica, es grande la tentaci\u00f3n de rechazar con la violencia tan graves injurias contra la dignidad humana.<\/p>\n<p><b><i>Revoluci\u00f3n<\/i><\/b><i><\/i><\/p>\n<p><b>31. <\/b>Sin embargo, como es sabido, la insurrecci\u00f3n revolucionaria \u2014salvo en el caso de tiran\u00eda evidente y prolongada, que atentase gravemente a los derechos fundamentales de la persona y da\u00f1ase peligrosamente el bien com\u00fan del pa\u00eds\u2014 engendra nuevas injusticias, introduce nuevos desequilibrios y provoca nuevas ruinas. No se puede combatir un mal real al precio de un mal mayor.<\/p>\n<p><b><i>Reforma<\/i><\/b><\/p>\n<p><b>32. <\/b>Enti\u00e9ndasenos bien: la situaci\u00f3n presente tiene que afrontarse valerosamente, y combatirse y vencerse las injusticias que trae consigo. El desarrollo exige transformaciones audaces, profundamente innovadoras. Hay que emprender, sin esperar m\u00e1s, reformas urgentes. Cada uno debe aceptar generosamente su papel, sobre todo los que por su educaci\u00f3n, su situaci\u00f3n y su poder tienen grandes posibilidades de acci\u00f3n. Que, dando ejemplo, empiecen con sus propios deberes, como ya lo han hecho muchos hermanos nuestros en el Episcopado<span id='easy-footnote-33-121814' class='easy-footnote-margin-adjust'><\/span><span class='easy-footnote'><a href='http:\/\/vincentians.com\/es\/enciclica-populorum-progressio\/#easy-footnote-bottom-33-121814' title='Cf., por ejemplo, Mons. M. Larrain Errazuiz, Obispo de Talca (Chile), Presidente del CELAM, Carta Pastoral &lt;i&gt;Desarrollo: \u00c9xito o Fracaso en Am\u00e9rica Latina, &lt;\/i&gt;1965.'><sup>33<\/sup><\/a><\/span>. Responder\u00e1n as\u00ed a la expectaci\u00f3n de los hombres y ser\u00e1n fieles al Esp\u00edritu de Dios, porque es \u00abel fermento evang\u00e9lico el que ha suscitado y suscita en el coraz\u00f3n del hombre una exigencia incoercible de dignidad\u00bb<span id='easy-footnote-34-121814' class='easy-footnote-margin-adjust'><\/span><span class='easy-footnote'><a href='http:\/\/vincentians.com\/es\/enciclica-populorum-progressio\/#easy-footnote-bottom-34-121814' title='&lt;i&gt;Gaudium et spes, &lt;\/i&gt;n. 26, \u00a7 4.'><sup>34<\/sup><\/a><\/span>.<\/p>\n<p><b><i>Programas y planificaci\u00f3n<\/i><\/b><\/p>\n<p><b>33. <\/b>La sola iniciativa individual y el simple juego de la competencia no ser\u00edan suficientes para asegurar el \u00e9xito del desarrollo. No hay que arriesgarse a aumentar todav\u00eda m\u00e1s la riqueza de los ricos y la potencia de los fuertes, confirmando as\u00ed la miseria de los pobres y a\u00f1adi\u00e9ndola a la servidumbre de los oprimidos. Los programas son necesarios para \u00abanimar, estimular, coordinar, suplir e integrar\u00bb<span id='easy-footnote-35-121814' class='easy-footnote-margin-adjust'><\/span><span class='easy-footnote'><a href='http:\/\/vincentians.com\/es\/enciclica-populorum-progressio\/#easy-footnote-bottom-35-121814' title='&lt;i&gt;Mater et Magistra, AAS &lt;\/i&gt;53 (1961), p. 414.'><sup>35<\/sup><\/a><\/span> la acci\u00f3n de los individuos y de los cuerpos intermedios.<\/p>\n<p>Toca a los poderes p\u00fablicos escoger y ver el modo de imponer los objetivos que hay que proponerse, las metas que hay que fijar, los medios para llegar a ellas, estimulando al mismo tiempo todas las fuerzas agrupadas a esta acci\u00f3n com\u00fan. Pero han de tener cuidado de asociar a esta empresa las iniciativas privadas y los cuerpos intermedios. Evitar\u00e1n as\u00ed el riesgo de una colectivizaci\u00f3n integral o de una planificaci\u00f3n arbitraria que, al negar la libertad, excluir\u00eda el ejercicio de los derechos fundamentales de la persona humana.<\/p>\n<p><b><i>Al servicio del hombre<\/i><\/b><i><\/i><\/p>\n<p><b>34. <\/b>Porque todo programa concebido para aumentar la producci\u00f3n, al fin y al cabo, no tiene otra raz\u00f3n de ser que el servicio de la persona; si existe es para reducir las desigualdades, combatir las discriminaciones, librar al hombre de la esclavitud, hacerle capaz de ser por s\u00ed mismo agente responsable de su mejora material, de su progreso moral y de su desarrollo espiritual. Decir desarrollo es, efectivamente, preocuparse tanto por el progreso social como por el crecimiento econ\u00f3mico. No basta aumentar la riqueza com\u00fan para que sea repartida equitativamente. No basta promover la t\u00e9cnica para que la tierra sea humanamente m\u00e1s habitable.<\/p>\n<p>Los errores de los que han ido por delante deben advertir a los que est\u00e1n en v\u00eda de desarrollo de cu\u00e1les son los peligros que hay que evitar en este terreno. La tecnocracia del ma\u00f1ana puede engendrar males o menos temibles que los del liberalismo de ayer. Econom\u00eda y t\u00e9cnica no tienen sentido si no es por el hombre, a quien deben servir. El hombre no es verdaderamente hombre m\u00e1s que en la medida en que, due\u00f1o de sus acciones y juez de la importancia de \u00e9stos se hace \u00e9l mismo autor de su progreso, seg\u00fan la naturaleza que le ha sido dada por su Creador y de la cual asume libremente las posibilidades y las exigencias.<\/p>\n<p><b><i>Alfabetizaci\u00f3n<\/i><\/b><i><\/i><\/p>\n<p><b>35. <\/b>Se puede tambi\u00e9n afirmar que el crecimiento econ\u00f3mico depende, en primer lugar, del progreso social; por eso la educaci\u00f3n b\u00e1sica es el primer objetivo de un plan de desarrollo. Efectivamente, el hambre de instrucci\u00f3n no es menos deprimente que el hambre de alimentos: un analfabeto es un esp\u00edritu subalimentado. Saber leer y escribir, adquirir una formaci\u00f3n profesional, es recobrar la confianza en s\u00ed mismo y descubrir que se puede progresar al mismo tiempo que los dem\u00e1s.<\/p>\n<p>Como dijimos en nuestro mensaje al Congreso de la UNESCO de 1965, en Teher\u00e1n, la alfabetizaci\u00f3n es para el hombre \u00abun factor primordial de integraci\u00f3n social, no menos que de enriquecimiento personal. Para la sociedad, un instrumento privilegiado de progreso econ\u00f3mico y de desarrollo\u00bb<span id='easy-footnote-36-121814' class='easy-footnote-margin-adjust'><\/span><span class='easy-footnote'><a href='http:\/\/vincentians.com\/es\/enciclica-populorum-progressio\/#easy-footnote-bottom-36-121814' title='&lt;i&gt;L\u2019Osservatore romano, &lt;\/i&gt;11 septiembre 1965. &lt;i&gt;Documentation catolique, &lt;\/i&gt;t. 62, Paris, 1965, Col. 1674-1675.'><sup>36<\/sup><\/a><\/span>. Por eso nos alegramos del gran trabajo realizado en este dominio por las iniciativas privadas, los poderes p\u00fablicos y las organizaciones internacionales: son los primeros art\u00edfices del desarrollo, al capacitar al hombre a realizarlo por s\u00ed mismo.<\/p>\n<p><b><i>Familia<\/i><\/b><i><\/i><\/p>\n<p><b>36. <\/b>Pero el hombre no es el mismo sino en su medio social, donde la familia tiene una funci\u00f3n primordial, que ha podido ser excesiva, seg\u00fan los tiempos y los lugares en que se ha ejercitado, con detrimento de las libertades fundamentales de la persona. Los viejos cuadros sociales de los pa\u00edses en v\u00eda de desarrollo, aunque demasiado r\u00edgidos y mal organizados, sin embargo, es menester conservarlos todav\u00eda alg\u00fan tiempo, aflojando progresivamente su exagerado dominio.<\/p>\n<p>Pero la familia natural, mon\u00f3gama y estable, tal como los designios divinos la han concebido<span id='easy-footnote-37-121814' class='easy-footnote-margin-adjust'><\/span><span class='easy-footnote'><a href='http:\/\/vincentians.com\/es\/enciclica-populorum-progressio\/#easy-footnote-bottom-37-121814' title='Cf. &lt;i&gt;Mateo &lt;\/i&gt;19,6.'><sup>37<\/sup><\/a><\/span> y el cristianismo ha santificado, debe permanecer como \u00abpunto en el que coinciden distintas generaciones que se ayudan mutuamente a lograr una m\u00e1s completa sabidur\u00eda y armonizar los derechos de las personas con las dem\u00e1s exigencias de la vida social\u00bb<span id='easy-footnote-38-121814' class='easy-footnote-margin-adjust'><\/span><span class='easy-footnote'><a href='http:\/\/vincentians.com\/es\/enciclica-populorum-progressio\/#easy-footnote-bottom-38-121814' title='&lt;i&gt;Gaudium et spes, &lt;\/i&gt;n. 52, \u00a7 2.'><sup>38<\/sup><\/a><\/span>.<\/p>\n<p><b><i>Demograf\u00eda<\/i><\/b><i><\/i><\/p>\n<p><b>37. <\/b>Es cierto que muchas veces un crecimiento demogr\u00e1fico acelerado a\u00f1ade sus dificultades a los problemas del desarrollo. El volumen de la poblaci\u00f3n crece con m\u00e1s rapidez que los recursos disponibles. Nos encontramos, aparentemente, encerrados en un callej\u00f3n sin salida. Es, pues, grande la tentaci\u00f3n de frenar el crecimiento demogr\u00e1fico con medidas radicales. Es cierto que los poderes p\u00fablicos, dentro de los l\u00edmites de su competencia, pueden intervenir, llevando a cabo una informaci\u00f3n apropiada y adoptando las medidas convenientes, con tal de que est\u00e9n de acuerdo con las exigencias de la ley moral y respeten la justa libertad de los esposos.<\/p>\n<p>Sin derecho inalienable al matrimonio y a la procreaci\u00f3n, no hay dignidad humana. Al fin y al cabo es a los padres a los que les toca decidir, con pleno conocimiento de causa, el n\u00famero de sus hijos, aceptando sus responsabilidades ante Dios, ante los hijos que ya han tra\u00eddo al mundo y ante la comunidad a la que pertenecen, siguiendo las exigencias de su conciencia, instruida por la Ley de Dios aut\u00e9nticamente interpretada y sostenida por la confianza en \u00c9l<span id='easy-footnote-39-121814' class='easy-footnote-margin-adjust'><\/span><span class='easy-footnote'><a href='http:\/\/vincentians.com\/es\/enciclica-populorum-progressio\/#easy-footnote-bottom-39-121814' title='Cf. &lt;i&gt;ibid, &lt;\/i&gt;nn. 50-51 (y nota 14), y n. 87, \u00a7 2 y 3.'><sup>39<\/sup><\/a><\/span>.<\/p>\n<p><b><i>Organizaciones profesionales<\/i><\/b><\/p>\n<p><b>38. <\/b>En la obra del desarrollo, el hombre, que encuentra en la familia su medio de vida primordial, se ve frecuentemente ayudado por las organizaciones profesionales. Si su raz\u00f3n de ser es la de promover los intereses de sus miembros, su responsabilidad es grande ante la funci\u00f3n educativa que pueden y al mismo tiempo deben cumplir. A trav\u00e9s de la informaci\u00f3n que ellas procuran, de la formaci\u00f3n que ellas proponen, pueden mucho para dar a todos el sentido del bien com\u00fan y de las obligaciones que \u00e9ste supone para cada uno.<\/p>\n<p><b><i>Pluralismo leg\u00edtimo<\/i><\/b><\/p>\n<p><b>39. <\/b>Toda acci\u00f3n social implica una doctrina. El cristiano no puede admitir la que supone una filosof\u00eda materialista y atea, que no respeta ni la orientaci\u00f3n de la vida hacia su fin \u00faltimo, ni la libertad ni la dignidad humanas. Pero, con tal de que estos valores queden a salvo, un pluralismo de las organizaciones profesionales y sindicales es admisible; desde cierto punto de vista es \u00fatil, si protege la libertad y provoca la emulaci\u00f3n. Por eso, rendimos un homenaje cordial a todos los que trabajan en el servicio desinteresado de sus hermanos.<\/p>\n<p><b><i>Promoci\u00f3n cultural<\/i><\/b><\/p>\n<p><b>40. <\/b>Adem\u00e1s de las organizaciones profesionales, es de notar la actividad de las instituciones culturales. Su funci\u00f3n no es menor para el \u00e9xito del desarrollo. \u00abEl porvenir del mundo corre peligro, \u2014afirma gravemente el Concilio\u2014 si no se forman hombres m\u00e1s instruidos en esta sabidur\u00eda\u00bb. Y a\u00f1ade: \u00abMuchas naciones econ\u00f3micamente m\u00e1s pobres, pero m\u00e1s ricas de sabidur\u00eda, pueden prestar a las dem\u00e1s una extraordinaria utilidad\u00bb<span id='easy-footnote-40-121814' class='easy-footnote-margin-adjust'><\/span><span class='easy-footnote'><a href='http:\/\/vincentians.com\/es\/enciclica-populorum-progressio\/#easy-footnote-bottom-40-121814' title='&lt;i&gt;Ibid., &lt;\/i&gt;n. 15, \u00a7 3.'><sup>40<\/sup><\/a><\/span>.<\/p>\n<p>Rico o pobre, cada pa\u00eds posee una civilizaci\u00f3n, recibida de sus mayores; instituciones exigidas por la vida terrena y manifestaciones superiores \u2014art\u00edsticas, intelectuales y religiosas\u2014 de la vida del esp\u00edritu: mientras que \u00e9stas contengan verdaderos valores humanos, ser\u00eda un grave error sacrificarlas a aquellas otras. Un pueblo que lo permitiera perder\u00eda con ello lo mejor de s\u00ed mismo y sacrificar\u00eda, para vivir, sus razones de vivir. La ense\u00f1anza de Cristo vale tambi\u00e9n para los pueblos. \u00ab\u00bfDe qu\u00e9 le sirve al hombre ganar todo el mundo si pierde su alma?\u00bb<span id='easy-footnote-41-121814' class='easy-footnote-margin-adjust'><\/span><span class='easy-footnote'><a href='http:\/\/vincentians.com\/es\/enciclica-populorum-progressio\/#easy-footnote-bottom-41-121814' title='&lt;i&gt;Mateo &lt;\/i&gt;16,26.'><sup>41<\/sup><\/a><\/span>.<\/p>\n<p><b><i>Tentaci\u00f3n materialista<\/i><\/b><i><\/i><\/p>\n<p><b>41. <\/b>Los pueblos pobres jam\u00e1s estar\u00e1n suficientemente en guardia contra esta tentaci\u00f3n, que les viene de los pueblos ricos. \u00c9stos presentan, con demasiada frecuencia, con el ejemplo de sus \u00e9xitos en una civilizaci\u00f3n t\u00e9cnica y cultural, el modelo de una actividad aplicada principalmente a la conquista de la prosperidad material. No que esta \u00faltima cierre el camino por s\u00ed misma a las actividades del esp\u00edritu.<\/p>\n<p>Por el contrario, siendo \u00e9ste \u00abmenos esclavo de las cosas, puede elevarse m\u00e1s f\u00e1cilmente a la adoraci\u00f3n y a la contemplaci\u00f3n del mismo Creador\u00bb<span id='easy-footnote-42-121814' class='easy-footnote-margin-adjust'><\/span><span class='easy-footnote'><a href='http:\/\/vincentians.com\/es\/enciclica-populorum-progressio\/#easy-footnote-bottom-42-121814' title='&lt;i&gt;Gaudium et spes, &lt;\/i&gt;n. 57, \u00a7 4.'><sup>42<\/sup><\/a><\/span>; pero, a pesar de ello, \u00abla misma civilizaci\u00f3n moderna, no ciertamente por s\u00ed misma, sino porque se encuentra excesivamente aplicada a las realidades terrenales, puede hacer muchas veces m\u00e1s dif\u00edcil el acceso a Dios\u00bb<span id='easy-footnote-43-121814' class='easy-footnote-margin-adjust'><\/span><span class='easy-footnote'><a href='http:\/\/vincentians.com\/es\/enciclica-populorum-progressio\/#easy-footnote-bottom-43-121814' title='&lt;i&gt;Ibid., &lt;\/i&gt;a. 19, \u00a7 2.'><sup>43<\/sup><\/a><\/span>. En todo aquello que se les propone, los pueblos en fase de desarrollo deben, pues, saber escoger, discernir y eliminar los falsos bienes, que traer\u00edan consigo un descenso a nivel en el ideal humano, aceptando los valores sanos y ben\u00e9ficos para desarrollarlos, juntamente con los suyos, y seg\u00fan su car\u00e1cter propio.<\/p>\n<p><b><i>Conclusi\u00f3n<\/i><\/b><\/p>\n<p><b>42. <\/b>Es un humanismo pleno el que hay que promover<span id='easy-footnote-44-121814' class='easy-footnote-margin-adjust'><\/span><span class='easy-footnote'><a href='http:\/\/vincentians.com\/es\/enciclica-populorum-progressio\/#easy-footnote-bottom-44-121814' title='Cf. por ejemplo, J. Maritain, &lt;i&gt;L\u2019Humanisme integral, &lt;\/i&gt;Paris, Spes, 1945, p. 10.'><sup>44<\/sup><\/a><\/span>. \u00bfQu\u00e9 quiere decir esto sino el desarrollo integral de todo el hombre y de todos los hombres? Un humanismo cerrado, impenetrable a los valores del esp\u00edritu y a Dios, que es la fuente de ellos, podr\u00eda aparentemente triunfar; ciertamente, el hombre puede organizar la tierra sin Dios, pero, \u00abal fin y al cabo, sin Dios no puede menos de organizarla contra el hombre. El humanismo exclusivo es un humanismo inhumano\u00bb<span id='easy-footnote-45-121814' class='easy-footnote-margin-adjust'><\/span><span class='easy-footnote'><a href='http:\/\/vincentians.com\/es\/enciclica-populorum-progressio\/#easy-footnote-bottom-45-121814' title='H. de Lubac, S.J., &lt;i&gt;Le drame de l\u2019humanisme ath\u00e9e, &lt;\/i&gt;3\u00aa ed., Paros, Spes, 1945.'><sup>45<\/sup><\/a><\/span>. No hay, pues, m\u00e1s que un humanismo verdadero que se abre al Absoluto, en el reconocimiento de una vocaci\u00f3n, que da la idea verdadera de la vida humana. Lejos de ser la norma \u00faltima de los valores, el hombre no se realiza a s\u00ed mismo si no es super\u00e1ndose. Seg\u00fan la tan acertada expresi\u00f3n de Pascal: \u00abEl hombre supera infinitamente al hombre\u00bb<span id='easy-footnote-46-121814' class='easy-footnote-margin-adjust'><\/span><span class='easy-footnote'><a href='http:\/\/vincentians.com\/es\/enciclica-populorum-progressio\/#easy-footnote-bottom-46-121814' title='&lt;i&gt;Pens\u00e9es,&lt;\/i&gt; e.d. Brunschvicg, n. 434. Cf. M. Zundel, &lt;i&gt;L\u2019homme passe l\u2019homme, &lt;\/i&gt;Le Caire. Editions du Lien, 1944.'><sup>46<\/sup><\/a><\/span>.<\/p>\n<h2><b>Segunda parte: Hacia el desarrollo solidario de la Humanidad<\/b><\/h2>\n<p><b><i>Introducci\u00f3n<\/i><\/b><\/p>\n<p><b>43. <\/b>El desarrollo integral del hombre no puede darse sin el desarrollo solidario de la humanidad. Nos lo dec\u00edamos en Bombay: \u00abEl hombre debe encontrar al hombre, las naciones deben encontrarse entre s\u00ed como hermanos y hermanas, como hijos de Dios. En esta comprensi\u00f3n y amistad mutuas, en esta comuni\u00f3n sagrada, debemos igualmente comenzar a actuar a una, para edificar el porvenir com\u00fan de la humanidad\u00bb<span id='easy-footnote-47-121814' class='easy-footnote-margin-adjust'><\/span><span class='easy-footnote'><a href='http:\/\/vincentians.com\/es\/enciclica-populorum-progressio\/#easy-footnote-bottom-47-121814' title='Alocuci\u00f3n a los representantes de las religiones no-cristianas, el 3 diciembre 1964, &lt;i&gt;AAS &lt;\/i&gt;57 (1965), p. 132.'><sup>47<\/sup><\/a><\/span>.<\/p>\n<p>Suger\u00edamos tambi\u00e9n la b\u00fasqueda de medios concretos y pr\u00e1cticos de organizaci\u00f3n y cooperaci\u00f3n para poner en com\u00fan los recursos disponibles y realizar as\u00ed una verdadera comuni\u00f3n entre todas las naciones.<\/p>\n<p><b><i>Fraternidad de los pueblos<\/i><\/b><i><\/i><\/p>\n<p><b>44. <\/b>Este deber concierne en primer lugar a los m\u00e1s favorecidos. Sus obligaciones tienen sus ra\u00edces en la fraternidad humana y sobrenatural y se presentan bajo un triple aspecto: deber de solidaridad, en la ayuda que las naciones ricas deben aportar a los pa\u00edses en v\u00eda de desarrollo; deber de justicia social, enderezando las relaciones comerciales defectuosas entre los pueblos fuertes y d\u00e9biles. Deber de caridad universal, por la promoci\u00f3n de un mundo m\u00e1s humano para todos, en donde todos tengan que dar y recibir, sin que el progreso de los unos sea un obst\u00e1culo para el desarrollo de los otros. La cuesti\u00f3n es grave, ya que el provenir de la civilizaci\u00f3n mundial depende de ello.<\/p>\n<h3><b>I.\u2014 Asistencia a los d\u00e9biles<\/b><\/h3>\n<p><b><i>Lucha contra el hambre<\/i><\/b><\/p>\n<p><b>45. <\/b>Si un hermano o una hermana est\u00e1n desnudos \u2014dice Santiago\u2014, si les falta el alimento cotidiano, y alguno de vosotros les dice: \u00abAndad en paz, calentaos, saciaos\u00bb, sin darles lo necesario para su cuerpo, \u00bfpara qu\u00e9 les sirve eso?<span id='easy-footnote-48-121814' class='easy-footnote-margin-adjust'><\/span><span class='easy-footnote'><a href='http:\/\/vincentians.com\/es\/enciclica-populorum-progressio\/#easy-footnote-bottom-48-121814' title='&lt;i&gt;Santiago &lt;\/i&gt;2,15-16.'><sup>48<\/sup><\/a><\/span> Hoy en d\u00eda nadie puede ya ignorarlo: en continentes enteros son innumerables los hombres y mujeres torturados por el hambre, son innumerables los ni\u00f1os subalimentados, hasta tal punto, que un buen n\u00famero de ellos muere en la tierna edad; el crecimiento f\u00edsico y el desarrollo mental de muchos otros se ve con ello comprometido, y regiones enteras se ven as\u00ed condenadas al m\u00e1s triste desaliento.<\/p>\n<p><b><i>Hoy<\/i><\/b><\/p>\n<p><b>46.<\/b> Llamamientos angustiosos han resonado ya. El de Juan XXIII fue calurosamente recibido<span id='easy-footnote-49-121814' class='easy-footnote-margin-adjust'><\/span><span class='easy-footnote'><a href='http:\/\/vincentians.com\/es\/enciclica-populorum-progressio\/#easy-footnote-bottom-49-121814' title='Cf. &lt;i&gt;Mater et Magistra, AAS &lt;\/i&gt;53 (1961), p. 440 sq.'><sup>49<\/sup><\/a><\/span>. Nos lo hemos reiterado en nuestro mensaje de Navidad de 1963<span id='easy-footnote-50-121814' class='easy-footnote-margin-adjust'><\/span><span class='easy-footnote'><a href='http:\/\/vincentians.com\/es\/enciclica-populorum-progressio\/#easy-footnote-bottom-50-121814' title='Cf. &lt;i&gt;AAS &lt;\/i&gt;56 (1964), pp. 57-58.'><sup>50<\/sup><\/a><\/span>, y de nuevo en favor de la India en 1966<span id='easy-footnote-51-121814' class='easy-footnote-margin-adjust'><\/span><span class='easy-footnote'><a href='http:\/\/vincentians.com\/es\/enciclica-populorum-progressio\/#easy-footnote-bottom-51-121814' title='Cf. &lt;i&gt;L\u2019Osservatore Romano, &lt;\/i&gt;10 febrero 1966. &lt;i&gt;Encicliche e Discorsi di Paolo VI, &lt;\/i&gt;vol. IX, Roma, ed. Paoline, 1966, pp. 132-136; &lt;i&gt;Eclessia, &lt;\/i&gt;19 febrero 1966 (n. 1279), p. 9 (269).'><sup>51<\/sup><\/a><\/span>. La campa\u00f1a contra el hambre emprendida por la Organizaci\u00f3n Internacional para la Alimentaci\u00f3n y la Agricultura (FAO), y alentada por la Santa Sede, ha sido secundada con generosidad. Nuestra <i>Caritas Internacional <\/i>act\u00faa por todas partes, y numerosos cat\u00f3licos, bajo el impulso de nuestros hermanos en el episcopado, dan y se entregan sin reserva a fin de ayudar a los necesitados, agrandando progresivamente el c\u00edrculo de sus pr\u00f3jimos.<\/p>\n<p><b><i>Ma\u00f1ana<\/i><\/b><i><\/i><\/p>\n<p><b>47. <\/b>Pero todo ello, al igual que las inversiones privadas y p\u00fablicas ya realizadas, las ayudas y los pr\u00e9stamos otorgados, no bastan. No se trata s\u00f3lo de vencer el hambre, ni siquiera de hacer retroceder la pobreza. El combate contra la miseria, urgente y necesario, es insuficiente. Se trata de construir un mundo donde todo hombre, sin excepci\u00f3n de raza, religi\u00f3n o nacionalidad, pueda vivir una vida plenamente humana, emancipado de las servidumbres que le vienen de la parte de los hombres y de una naturaleza insuficientemente dominada; un mundo donde la libertad no sea una palabra vana y donde el pobre L\u00e1zaro pueda sentarse a la misma mesa que el rico<span id='easy-footnote-52-121814' class='easy-footnote-margin-adjust'><\/span><span class='easy-footnote'><a href='http:\/\/vincentians.com\/es\/enciclica-populorum-progressio\/#easy-footnote-bottom-52-121814' title='Cf. &lt;i&gt;Lucas&lt;\/i&gt; 13,19-31.'><sup>52<\/sup><\/a><\/span>. Ello exige a este \u00faltimo mucha generosidad, innumerables sacrificios y esfuerzo sin descanso.<\/p>\n<p>A cada cual toca examinar su conciencia, que tienen una nueva voz para nuestra \u00e9poca. \u00bfEst\u00e1 dispuesto a sostener con su dinero las obras y las empresas organizadas en favor de los m\u00e1s pobres? \u00bfA pagar m\u00e1s impuestos para que los poderes p\u00fablicos intensifiquen su esfuerzo para el desarrollo? \u00bfA comprar m\u00e1s caros los productos importados a fin de remunerar m\u00e1s justamente al productor? \u00bfA expatriarse a s\u00ed mismo, si es joven, ante la necesidad de ayudar este crecimiento de las naciones j\u00f3venes?<\/p>\n<p><b><i>Deber de solidaridad<\/i><\/b><i><\/i><\/p>\n<p><b>48. <\/b>El deber de solidaridad de las personas es tambi\u00e9n el de los pueblos: \u00abLos pueblos ya desarrollados tienen la obligaci\u00f3n grav\u00edsima de ayudar a los pa\u00edses en v\u00eda de desarrollo\u00bb<span id='easy-footnote-53-121814' class='easy-footnote-margin-adjust'><\/span><span class='easy-footnote'><a href='http:\/\/vincentians.com\/es\/enciclica-populorum-progressio\/#easy-footnote-bottom-53-121814' title='&lt;i&gt;Gaudium et spes, &lt;\/i&gt;n. 86, \u00a7 3.'><sup>53<\/sup><\/a><\/span>. Se debe poner en pr\u00e1ctica esta ense\u00f1anza conciliar. Si es normal que una poblaci\u00f3n sea el primer beneficiario de los dones otorgados por la Providencia como fruto de su trabajo, no puede ning\u00fan pueblo, sin embargo, pretender reservar sus riquezas para su uso exclusivo. Cada pueblo debe producir m\u00e1s y mejor, a la vez para dar a sus s\u00fabditos un nivel de vida verdaderamente humano y para contribuir tambi\u00e9n al desarrollo solidario de la humanidad. Ante la creciente indigencia de los pa\u00edses subdesarrollados, se debe considerar como normal el que un pa\u00eds desarrollado consagre una parte de su producci\u00f3n a satisfacer las necesidades de aqu\u00e9llos; igualmente normal que forme educadores, ingenieros, t\u00e9cnicos y sabios que pongan su ciencia y su competencia al servicio de ellos.<\/p>\n<p><b><i>Lo superfluo<\/i><\/b><i><\/i><\/p>\n<p><b>49. <\/b>Hay que decirlo una vez m\u00e1s: lo superfluo de los pa\u00edses ricos debe servir a los pa\u00edses pobres; la regla que antiguamente val\u00eda en favor de los m\u00e1s cercanos debe aplicarse hoy a la totalidad de las necesidades del mundo. Los ricos, por otra parte, ser\u00e1n los primeros beneficiados de ello. Si no, su prolongada avaricia no har\u00e1 m\u00e1s que suscitar el juicio de Dios y la c\u00f3lera de los pobres, con imprevisibles consecuencias. Replegadas en su ego\u00edsmo, las civilizaciones actualmente florecientes atentar\u00edan a sus valores m\u00e1s altos, sacrificando la voluntad de ser m\u00e1s al deseo de poseer en mayor abundancia. Y se aplicar\u00eda a ellos la par\u00e1bola del hombre rico cuyas tierras hab\u00edan producido mucho y que no sab\u00eda d\u00f3nde almacenar la cosecha: Dios le dice: \u00abInsensato, esta misma noche te pedir\u00e1n el alma\u00bb<span id='easy-footnote-54-121814' class='easy-footnote-margin-adjust'><\/span><span class='easy-footnote'><a href='http:\/\/vincentians.com\/es\/enciclica-populorum-progressio\/#easy-footnote-bottom-54-121814' title='&lt;i&gt;Lucas&lt;\/i&gt; 12,20.'><sup>54<\/sup><\/a><\/span>.<\/p>\n<p><b><i>Programas<\/i><\/b><i><\/i><\/p>\n<p><b>50. <\/b>Estos esfuerzos, a fin de obtener su plena eficacia, no deber\u00edan permanecer dispersos o aislados, y menos a\u00fan opuestos por razones de prestigio o poder: la situaci\u00f3n exige programas concertados. En efecto, un programa es m\u00e1s y es mejor que una ayuda ocasional dejada a la buena voluntad de cada uno. Supone, Nos lo hemos dicho ya antes, estudios profundos, fijar los objetivos, determinar los medios, aunar los esfuerzos, a fin de responder a las necesidades presentes y a las exigencias previsibles. M\u00e1s a\u00fan, sobrepasa las perspectivas del crecimiento econ\u00f3mico y del progreso social: da sentido y valor a la obra que debe realizarse. Arreglando el mundo, consolida y dignifica cada vez m\u00e1s al hombre.<\/p>\n<p><b><i>Fondo mundial<\/i><\/b><\/p>\n<p><b>51. <\/b>Har\u00e1 falta ir m\u00e1s lejos a\u00fan. Nos pedimos en Bombay la constituci\u00f3n de un gran <i>Fondo mundial <\/i>alimentado con una parte de los gastos militares, a fin de ayudar a los m\u00e1s desheredados<span id='easy-footnote-55-121814' class='easy-footnote-margin-adjust'><\/span><span class='easy-footnote'><a href='http:\/\/vincentians.com\/es\/enciclica-populorum-progressio\/#easy-footnote-bottom-55-121814' title='Mensaje al mundo, entregado a los periodistas el 4 de diciembre de 1964. Cf. &lt;i&gt;AAS &lt;\/i&gt;57 (1965), p. 135.'><sup>55<\/sup><\/a><\/span>. Esto que vale para la lucha inmediata contra la miseria, vale igualmente a escala del desarrollo. S\u00f3lo una colaboraci\u00f3n mundial, de la cual un fondo com\u00fan ser\u00eda al mismo tiempo s\u00edmbolo e instrumento, permitir\u00eda superar las rivalidades est\u00e9riles y suscitar un di\u00e1logo pac\u00edfico y fecundo entre todos los pueblos.<\/p>\n<p><b><i>Sus ventajas<\/i><\/b><\/p>\n<p><b>52. <\/b>Sin duda, acuerdos bilaterales o multilaterales pueden seguir existiendo: ellos permiten sustituir las relaciones de dependencia y las amarguras surgidas en la era colonial, por felices relaciones de amistad, desarrolladas sobre un pie de igualdad jur\u00eddica y pol\u00edtica. Pero, incorporados en un programa de colaboraci\u00f3n mundial, se ver\u00edan libres de toda sospecha. Las desconfianzas de los beneficiarios se atenuar\u00edan. \u00c9stos temer\u00edan menos ciertas manifestaciones disimuladas bajo la ayuda financiera o la asistencia t\u00e9cnica de lo que se ha llamado el neocolonialismo, bajo forma de presiones pol\u00edticas y de dominaci\u00f3n econ\u00f3mica encaminadas a defender o a conquistar una hegemon\u00eda dominadora.<\/p>\n<p><b><i>Su urgencia<\/i><\/b><\/p>\n<p><b>53. <\/b>\u00bfQui\u00e9n no ve adem\u00e1s que un tal fondo facilitar\u00eda la reducci\u00f3n de ciertos despilfarros, fruto del temor o del orgullo? Cuando tantos pueblos tienen hambre, cuando tantos hogares sufren la miseria, cuando tantos hombres viven sumergidos en la ignorancia, cuando aun quedan por construir tantas escuelas, hospitales, viviendas dignas de este nombre, todo derroche p\u00fablico o privado, todo gasto de ostentaci\u00f3n nacional o personal, toda carrera de armamentos, se convierte en un esc\u00e1ndalo intolerable. Nos nos vemos obligados a denunciarlo. Quieran los responsables o\u00edrnos antes de que sea demasiado tarde.<\/p>\n<p><b><i>Di\u00e1logo que debe comenzar<\/i><\/b><\/p>\n<p><b>54. <\/b>Esto quiere decir que es indispensable se establezca entre todos el di\u00e1logo, a favor del cual Nos hac\u00edamos votos en nuestra primer enc\u00edclica, <i>Ecclesiam<\/i> suam<span id='easy-footnote-56-121814' class='easy-footnote-margin-adjust'><\/span><span class='easy-footnote'><a href='http:\/\/vincentians.com\/es\/enciclica-populorum-progressio\/#easy-footnote-bottom-56-121814' title='Cf. &lt;i&gt;AAS &lt;\/i&gt;56 (1964), pp. 639 sq.'><sup>56<\/sup><\/a><\/span>. Este di\u00e1logo entre quienes aportan los medios y quienes se benefician de ellos permitir\u00e1 medir las aportaciones no s\u00f3lo de acuerdo con la generosidad y las disponibilidades de los unos, sino tambi\u00e9n en funci\u00f3n de las necesidades reales y de las posibilidades de empleo de los otros.<\/p>\n<p>Con ello los pa\u00edses en v\u00eda de desarrollo no correr\u00e1n en adelante el riego de estar abrumados de deudas, cuya satisfacci\u00f3n absorbe la mayor parte de sus beneficios. Las tasas de inter\u00e9s y la duraci\u00f3n de los pr\u00e9stamos deber\u00e1n disponerse de manera soportable para los unos y para los otros, equilibrando las ayudas gratuitas, los pr\u00e9stamos sin inter\u00e9s, o con un inter\u00e9s m\u00ednimo, y la duraci\u00f3n de las amortizaciones. A quienes proporcionen los medios financieros se les podr\u00e1 dar garant\u00edas sobre el empleo que se har\u00e1 del dinero, seg\u00fan el plan convenido y con una eficiencia razonable, puesto que no se trata de favorecer a los perezosos y par\u00e1sitos.<\/p>\n<p>Y los beneficiarios podr\u00e1n exigir que no haya ingerencias en su pol\u00edtica y que no se perturbe su estructura social. Como Estados soberanos, a ellos les corresponde dirigir por s\u00ed mismos sus asuntos, determinar su pol\u00edtica y orientarse libremente hacia la forma de sociedad que han escogido. Se trata, por tanto, de instaurar una colaboraci\u00f3n voluntaria, una participaci\u00f3n eficaz de los unos con los otros, en un plano de dignidad igual, para construir una convivencia civil verdaderamente digna del hombre.<\/p>\n<p><b><i>Su necesidad<\/i><\/b><i><\/i><\/p>\n<p><b>55. <\/b>La tarea podr\u00eda parecer imposible en regiones donde la preocupaci\u00f3n por la subsistencia cotidiana acapara toda la existencia de familias incapaces de concebir un trabajo que les prepare para un porvenir menos miserable. Y, sin embargo, es precisamente a estos hombres y mujeres a quienes hay que ayudar, a quienes hay que convencer que realicen ellos mismos su propio desarrollo y que adquieran progresivamente los medios para ello. Esta obra com\u00fan no ir\u00e1 adelante, claro est\u00e1, sin un esfuerzo concertado, constante y animoso. Pero que cada uno se persuada profundamente: est\u00e1 en juego la vida de los pueblos pobres, la paz civil de los pa\u00edses en v\u00eda de desarrollo y la paz del mundo.<\/p>\n<h3><b>II.\u2014 La equidad en las relaciones comerciales<\/b><\/h3>\n<p><b>56. <\/b>Los esfuerzos, realmente considerables, que se han hecho para ayudar en el plan financiero y t\u00e9cnico a los pa\u00edses en v\u00eda de desarrollo ser\u00edan ilusorios si sus resultados fuesen parcialmente anulados por el juego de las relaciones comerciales entre pa\u00edses ricos y entre pa\u00edses pobres. La confianza de estos \u00faltimos se quebrantar\u00eda si tuviesen la impresi\u00f3n de que una mano les quita lo que la otra les da.<\/p>\n<p><b><i>Superaci\u00f3n creciente<\/i><\/b><i><\/i><\/p>\n<p><b>57. <\/b>Las naciones altamente industrializadas exportan, sobre todo, productos elaborados, mientras que las econom\u00edas poco desarrolladas no tienen para vender m\u00e1s que productos agr\u00edcolas y materias primas. Gracias al progreso t\u00e9cnico, los primeros aumentan r\u00e1pidamente de valor y encuentran suficiente mercado. Por el contrario, los productos primarios que provienen de los pa\u00edses subdesarrollados sufren amplias y bruscas variaciones de precio, muy lejos de esa plusval\u00eda progresiva. De ah\u00ed provienen, para las naciones poco industrializadas, grandes dificultades cuando han de contar con sus exportaciones para equilibrar su econom\u00eda y realizar su plan de desarrollo. Los pueblos pobres permanecen siempre pobres, y los ricos se hacen cada vez m\u00e1s ricos.<\/p>\n<p><b><i>M\u00e1s all\u00e1 del liberalismo<\/i><\/b><\/p>\n<p><b>58. <\/b>Es evidente que la regla del libre cambio no puede seguir rigiendo ella sola las relaciones internacionales. Sus ventajas son sin duda evidentes cuando las partes no se encuentran en condiciones demasiado desiguales de potencia econ\u00f3mica: es un est\u00edmulo del progreso y recompensa del esfuerzo. Por eso los pa\u00edses industrialmente desarrollados ven en ella una ley de justicia. Pero ya no es lo mismo cuando las condiciones son demasiado desiguales de pa\u00eds a pa\u00eds: los precios que se forman \u00ablibremente\u00bb en el mercado pueden llevar consigo resultados no equitativos. Es, por consiguiente, el principio fundamental del liberalismo, como regla de los intercambios comerciales, el que est\u00e1 aqu\u00ed en litigio.<\/p>\n<p><b><i>Justicia de los contratos a escala de los pueblos<\/i><\/b><\/p>\n<p><b>59. <\/b>La ense\u00f1anza de Le\u00f3n XIII en la <i>Rerum novarum <\/i>conserva su validez: el consentimiento de las partes, si est\u00e1n en situaciones demasiado desiguales, no basta para garantizar la justicia del contrario; y la regla del libre consentimiento queda subordinada a las exigencias del derecho natural<span id='easy-footnote-57-121814' class='easy-footnote-margin-adjust'><\/span><span class='easy-footnote'><a href='http:\/\/vincentians.com\/es\/enciclica-populorum-progressio\/#easy-footnote-bottom-57-121814' title='Cf. &lt;i&gt;Acta &lt;\/i&gt;&lt;i&gt;Leonis XIII, &lt;\/i&gt;t. XI (1892), p. 131.'><sup>57<\/sup><\/a><\/span>. Lo que era verdadero acerca del justo salario individual, lo es tambi\u00e9n respecto a los contratos internacionales: una econom\u00eda de intercambio no puede seguir descansando sobre la sola ley de la libre concurrencia, que engendra tambi\u00e9n demasiado a menudo una dictadura econ\u00f3mica. El libre intercambio s\u00f3lo es equitativo si est\u00e1 sometido a las exigencias de la justicia social.<\/p>\n<p><b><i>Medidas que hay que tomar<\/i><\/b><\/p>\n<p><b>60. <\/b>Por lo dem\u00e1s, esto lo han comprendido los mismos pa\u00edses desarrollados, que se esfuerzan con medidas adecuadas por restablecer, en el seno de su propia econom\u00eda, un equilibrio que la concurrencia, dejada a su libre juego, tiende a comprometer. As\u00ed sucede que a menudo sostienen su agricultura a costa de sacrificios impuestos a los sectores econ\u00f3micos m\u00e1s favorecidos. As\u00ed tambi\u00e9n, para mantener las relaciones comerciales que se desenvuelven entre ellos, particularmente en el interior de un mercado com\u00fan, su pol\u00edtica financiera, fiscal y social se esfuerza por procurar, a industrias concurrentes de prosperidad desigual, oportunidades semejantes.<\/p>\n<p><b><i>Convenciones internacionales<\/i><\/b><\/p>\n<p><b>61. <\/b>No estar\u00eda bien usar aqu\u00ed dos pesos y dos medidas. Lo que vale en econom\u00eda nacional, lo que se admite entre pa\u00edses desarrollados, vale tambi\u00e9n en las relaciones comerciales entre pa\u00edses ricos y pa\u00edses pobres. Sin abolir el mercado de concurrencia, hay que mantenerlo dentro de los l\u00edmites que lo hacen justo y moral, y, por tanto, humano. En el comercio entre econom\u00edas desarrolladas y subdesarrolladas, las situaciones son demasiado dispares, y las libertades reales demasiado desiguales.<\/p>\n<p>La justicia social exige que el comercio internacional, para ser humano y moral, restablezca entre las partes al menos una cierta igualdad de oportunidades. Esta \u00faltima es un objetivo a largo plazo. Mas para llegar a \u00e9l es preciso crear desde ahora una igualdad real en las discusiones y negociaciones. Aqu\u00ed tambi\u00e9n ser\u00edan \u00fatiles convenciones internacionales de radio suficientemente vasto: ellas establecer\u00edan normas generales con vistas a regularizar ciertos precios, garantizar determinadas producciones, sostener ciertas industrias nacientes. \u00bfQui\u00e9n no ve que un tal esfuerzo com\u00fan hacia una mayor justicia en las relaciones comerciales entre los pueblos aportar\u00eda a los pa\u00edses en v\u00eda de desarrollo una ayuda positiva, cuyos efectos no ser\u00edan solamente inmediatos, sino duraderos?<\/p>\n<p><b><i>Obst\u00e1culos que hay que superar: el nacionalismo<\/i><\/b><i><\/i><\/p>\n<p><b>62. <\/b>Todav\u00eda otros obst\u00e1culos se oponen tambi\u00e9n a la formaci\u00f3n de un mundo m\u00e1s justo y m\u00e1s estructurado dentro de una solidaridad universal: queremos hablar del nacionalismo y del racismo. Es natural que comunidades recientemente llegadas a su independencia pol\u00edtica sean celosas de una unidad nacional aun fr\u00e1gil y se esfuercen por protegerla. Es normal tambi\u00e9n que naciones de vieja cultura est\u00e9n orgullosas del patrimonio que les ha legado su historia.<\/p>\n<p>Pero estos leg\u00edtimos sentimientos deben ser sublimados por la caridad universal, que engloba a todos los miembros de la familia humana. El nacionalismo a\u00edsla los pueblos en contra de lo que es su verdadero bien. Ser\u00eda particularmente nocivo all\u00ed en donde la debilidad de las econom\u00edas nacionales exige, por el contrario, la puesta en com\u00fan de los esfuerzos, de los conocimientos y de los medios financieros, para realizar los programas de desarrollo e incrementar los intercambios comerciales y culturales.<\/p>\n<p><b><i>El racismo<\/i><\/b><i><\/i><\/p>\n<p><b>63. <\/b>El racismo no es patrimonio exclusivo de las naciones j\u00f3venes, en las que, a veces, se disfraza bajo las rivalidades de clases y de partidos pol\u00edticos, con gran perjuicio de la justicia y con peligro de la paz civil. Durante la era colonial ha creado a menudo un muro de separaci\u00f3n entre colonizadores e ind\u00edgenas, poniendo obst\u00e1culos a una fecunda inteligencia rec\u00edproca y provocando muchos rencores como consecuencia de verdaderas injusticias.<\/p>\n<p>Es tambi\u00e9n un obst\u00e1culo a la colaboraci\u00f3n entre naciones menos favorecidas y un fermento de divisi\u00f3n y menosprecio de los derechos imprescriptibles de la persona humana, individuos y familias se ven injustamente sometidos a un r\u00e9gimen de excepci\u00f3n por raz\u00f3n de su raza o de su color.<\/p>\n<p><b><i>Hacia un mundo solidario<\/i><\/b><i><\/i><\/p>\n<p><b>64. <\/b>Una tal situaci\u00f3n, tan cargada de amenazas para el porvenir, nos aflige profundamente. Abrigamos, con todo, la esperanza de que una necesidad m\u00e1s sentida de la colaboraci\u00f3n y un sentido m\u00e1s agudo de la solidaridad acabar\u00e1n por prevalecer sobre las incomprensiones y los ego\u00edsmos. Nos esperamos que los pa\u00edses cuyo desarrollo est\u00e1 menos avanzado sabr\u00e1n aprovecharse de su vecindad para organizar entre ellos, sobre \u00e1reas territorialmente extensas, zonas de desarrollo conjunto; establecer programas comunes, coordinar las inversiones, repartir las posibilidades de producci\u00f3n, organizar los intercambios. Esperamos tambi\u00e9n que las organizaciones multilaterales e internacionales encontrar\u00e1n, por medio de una reorganizaci\u00f3n necesaria, los caminos que permitir\u00e1n a los pueblos todav\u00eda subdesarrollados salir de los atolladeros en que parecen estar encerrados y descubrir por s\u00ed mismos, dentro de la fidelidad a su peculiar modo de ser, los medios para su progreso social y humano.<\/p>\n<p><b><i>Pueblos art\u00edfices de su destino<\/i><\/b><\/p>\n<p><b>65. <\/b>Porque \u00e9sa es la meta a la que hay que llegar. La solidaridad mundial, cada d\u00eda m\u00e1s eficiente, debe permitir a todos los pueblos el llegar a ser por s\u00ed mismos art\u00edfices de su destino. El pasado ha sido marcado demasiado frecuentemente por relaciones de fuerza entre las naciones: venga ya el d\u00eda en que las relaciones internacionales lleven el cu\u00f1o del mutuo respeto y de la amistad, de la interdependencia en la colaboraci\u00f3n y de la promoci\u00f3n com\u00fan bajo la responsabilidad de cada uno. Los pueblos m\u00e1s j\u00f3venes o m\u00e1s d\u00e9biles reclaman tener su parte activa en la construcci\u00f3n de un mundo mejor, m\u00e1s respetuoso de los derechos y de la vocaci\u00f3n de cada uno. Este clamor es leg\u00edtimo; a la responsabilidad de cada uno queda el escucharlo y el responder a \u00e9l.<\/p>\n<h3><b>III.\u2014 La caridad universal<\/b><\/h3>\n<p><b>66. <\/b>El mundo est\u00e1 enfermo. Su mal est\u00e1 menos en la esterilizaci\u00f3n de los recursos y en su acaparamiento por parte de algunos que en la falta de fraternidad entre los hombres y entre los pueblos.<\/p>\n<p><b><i>El deber de la hospitalidad<\/i><\/b><i><\/i><\/p>\n<p><b>67. <\/b>Nos no insistiremos nunca demasiado en el deber de hospitalidad \u2014deber de solidaridad humana y de caridad cristiana\u2014, que incumbe tanto a las familias como a las organizaciones culturales de los pa\u00edses que acogen a los extranjeros. Es necesario multiplicar residencias y hogares que acojan, sobre todo, a los j\u00f3venes. Esto ante todo, para protegerles contra la soledad, el sentimiento de abandono, la angustia, que destruyen todo resorte moral.<\/p>\n<p>Tambi\u00e9n para defenderles contra la situaci\u00f3n malsana en que se encuentran, forzados a comparar la extrema pobreza de su patria con el lujo y el derroche que a menudo les rodea. Y asimismo para ponerles al abrigo de doctrinas subversivas y de tentaciones agresivas que les asaltan ante el recuerdo de tanta \u00abmiseria inmerecida\u00bb<span id='easy-footnote-58-121814' class='easy-footnote-margin-adjust'><\/span><span class='easy-footnote'><a href='http:\/\/vincentians.com\/es\/enciclica-populorum-progressio\/#easy-footnote-bottom-58-121814' title='Cf. &lt;i&gt;Ibid., &lt;\/i&gt;p. 98.'><sup>58<\/sup><\/a><\/span>. Sobre todo, en fin, para ofrecerles, con el calor de una acogida fraterna, el ejemplo de una vida sana, la estima de la caridad cristiana aut\u00e9ntica y eficaz, el aprecio de los valores espirituales.<\/p>\n<p><b><i>El drama de los j\u00f3venes estudiantes<\/i><\/b><\/p>\n<p><b>68. <\/b>Es doloroso pensarlo: numerosos j\u00f3venes, venidos a pa\u00edses m\u00e1s avanzados para recibir la ciencia, la competencia y la cultura que les har\u00e1n m\u00e1s aptos para servir a su patria, adquieren ciertamente una formaci\u00f3n m\u00e1s cualificada, pero pierden demasiado a menudo la estima de unos valores espirituales que muchas veces se encuentran, como precioso patrimonio, en aquellas civilizaciones que les han visto crecer.<\/p>\n<p><b><i>Trabajadores emigrantes<\/i><\/b><\/p>\n<p><b>69. <\/b>La misma acogida debe ofrecerse a los trabajadores emigrados, que viven muchas veces en condiciones inhumanas, ahorrando de su salario para sostener a sus familias, que se encuentran en la miseria en su suelo natal.<\/p>\n<p><b><i>Sentido social<\/i><\/b><\/p>\n<p><b>70.<\/b> Nuestra segunda recomendaci\u00f3n va dirigida a aqu\u00e9llos a quienes sus negocios llaman a pa\u00edses recientemente abiertos a la industrializaci\u00f3n: industriales, comerciantes, dirigentes o representantes de las grandes empresas. Sucede a menudo que no est\u00e1n desprovistos de sentido social en su propio pa\u00eds; \u00bfpor qu\u00e9 de nuevo retroceder a los principios inhumanos del individualismo cuando ellos trabajan en pa\u00edses menos desarrollados? La superioridad de su situaci\u00f3n deber\u00eda, al contrario, convertirles en los iniciadores del progreso social y de la promoci\u00f3n humana all\u00ed donde sus negocios les llaman.<\/p>\n<p>Su mismo sentido de organizaci\u00f3n deber\u00eda sugerirles los medios de valorizar el trabajo local, de formar obreros cualificados, de preparar ingenieros y mandos intermedios, de dejar sitio a sus iniciativas, de introducirles progresivamente en los puestos m\u00e1s elevados, disponi\u00e9ndoles as\u00ed para que en un pr\u00f3ximo porvenir puedan compartir con ellos las responsabilidades de la direcci\u00f3n. Que al menos la justicia regule siempre las relaciones entre jefes y subordinados que unos contratos bien establecidos rijan las obligaciones rec\u00edprocas. Que no haya nada, en fin, sea cual sea su situaci\u00f3n, que les deje injustamente sometidos a la arbitrariedad.<\/p>\n<p><b><i>Misiones de desarrollo<\/i><\/b><\/p>\n<p><b>71. <\/b>Cada vez son m\u00e1s numerosos, Nos alegramos de ello, los t\u00e9cnicos enviados en misi\u00f3n de desarrollo por las instituciones internacionales o bilaterales u organismos privados; \u00abno deben comportarse como dominadores, sino como asistentes y colaboradores\u00bb<span id='easy-footnote-59-121814' class='easy-footnote-margin-adjust'><\/span><span class='easy-footnote'><a href='http:\/\/vincentians.com\/es\/enciclica-populorum-progressio\/#easy-footnote-bottom-59-121814' title='&lt;i&gt;Gaudium et spes, &lt;\/i&gt;n. 85 \u00a7 2.'><sup>59<\/sup><\/a><\/span>. Un pueblo percibe enseguida si los que vienen en su ayuda lo hacen con o sin afecci\u00f3n, para aplicar unas t\u00e9cnicas o para darle al hombre todo su valor. Su mensaje queda expuesto a no ser recibido si no va acompa\u00f1ado del amor fraterno.<\/p>\n<p><b><i>Cualidades de los t\u00e9cnicos<\/i><\/b><i><\/i><\/p>\n<p><b>72. <\/b>A la competencia t\u00e9cnica necesaria tienen, pues, que a\u00f1adir las se\u00f1ales aut\u00e9nticas de un amor desinteresado. Libres de todo orgullo nacionalista, como de toda apariencia de racismo, los t\u00e9cnicos deben aprender a trabajar en estrecha colaboraci\u00f3n con todos. Saben que su competencia no les confiere una superioridad en todos los terrenos. La civilizaci\u00f3n que les ha formado contiene ciertamente elementos de humanismo universal, pero ella no es \u00fanica ni exclusiva y no puede ser importada sin adaptaci\u00f3n. Los agentes de estas misiones se esforzar\u00e1n sinceramente por descubrir, junto con su historia, los componentes y las riquezas culturales del pa\u00eds que les recibe. Se establecer\u00e1 con ello un contacto que fecundar\u00e1 una y otra civilizaci\u00f3n.<\/p>\n<p><b><i>Di\u00e1logo de civilizaciones<\/i><\/b><\/p>\n<p><b>73. <\/b>Entre las civilizaciones, como entre las personas, un di\u00e1logo sincero es, en efecto, creador de fraternidad. La empresa del desarrollo acercar\u00e1 a los pueblos en las realizaciones que persigue el com\u00fan esfuerzo, si todos, desde los gobernantes y sus representantes hasta el m\u00e1s humilde t\u00e9cnico, se sienten animados por un amor fraternal y movidos por el deseo sincero de construir una civilizaci\u00f3n de solidaridad mundial. Un di\u00e1logo, centrado sobre el hombre y no sobre los productos o sobre las t\u00e9cnicas, comenzar\u00e1 entonces. Ser\u00e1 fecundo si aporta a los pueblos que de \u00e9l se benefician los medios que lo eleven y lo espiritualicen; si los t\u00e9cnicos se hacen educadores y si las ense\u00f1anzas impartidas est\u00e1n marcadas por una cualidad espiritual y moral tan elevada que garanticen un desarrollo no solamente econ\u00f3mico, sino tambi\u00e9n humano. M\u00e1s all\u00e1 de la asistencia t\u00e9cnica, las relaciones as\u00ed establecidas perdurar\u00e1n. \u00bfQui\u00e9n no ve la importancia que entonces tendr\u00e1n para la paz del mundo?<\/p>\n<p><b><i>Llamamiento a los j\u00f3venes<\/i><\/b><\/p>\n<p><b>74. <\/b>Muchos j\u00f3venes han respondido ya con ardor y entrega a la llamada de P\u00edo XII para un laicado misionero<span id='easy-footnote-60-121814' class='easy-footnote-margin-adjust'><\/span><span class='easy-footnote'><a href='http:\/\/vincentians.com\/es\/enciclica-populorum-progressio\/#easy-footnote-bottom-60-121814' title='Cf. Enc\u00edclica &lt;i&gt;Fidei Domun, &lt;\/i&gt;21 abril 1957, &lt;i&gt;AAS &lt;\/i&gt;49 (1957), p. 246.'><sup>60<\/sup><\/a><\/span>. Son muchos tambi\u00e9n los que se han puesto espont\u00e1neamente a disposici\u00f3n de organismos, oficiales o privados, que colaboran con los pueblos en v\u00eda de desarrollo. Nos sentimos viva satisfacci\u00f3n al saber que en ciertas naciones el \u00abservicio militar\u00bb puede convertirse, en parte, en un \u00abservicio social\u00bb, un simple servicio. Nos bendecimos estas iniciativas y la buena voluntad de los que las secundan. \u00a1Ojal\u00e1 que todos los que se dicen de Cristo puedan escuchar su llamada: \u00abTuve hambre, y me disteis de comer; tuve sed, y me disteis de beber; fui un extranjero, y me recibisteis; estuve desnudo, y me vestisteis; enfermo, y me visitasteis; en la c\u00e1rcel, y me vinisteis a ver\u00bb<span id='easy-footnote-61-121814' class='easy-footnote-margin-adjust'><\/span><span class='easy-footnote'><a href='http:\/\/vincentians.com\/es\/enciclica-populorum-progressio\/#easy-footnote-bottom-61-121814' title='&lt;i&gt;Mateo &lt;\/i&gt;25,35-36.'><sup>61<\/sup><\/a><\/span>. Nadie puede permanecer indiferente ante la suerte de sus hermanos que todav\u00eda yacen en la miseria, presa de la ignorancia, v\u00edctimas de la inseguridad. Como el coraz\u00f3n de Cristo, el coraz\u00f3n del cristiano debe sentir compasi\u00f3n de tanta miseria: \u00abSiento compasi\u00f3n por esta muchedumbre\u00bb<span id='easy-footnote-62-121814' class='easy-footnote-margin-adjust'><\/span><span class='easy-footnote'><a href='http:\/\/vincentians.com\/es\/enciclica-populorum-progressio\/#easy-footnote-bottom-62-121814' title='&lt;i&gt;Marcos &lt;\/i&gt;8,2.'><sup>62<\/sup><\/a><\/span>.<\/p>\n<p><b><i>Plegaria y acci\u00f3n<\/i><\/b><i><\/i><\/p>\n<p><b>75. <\/b>La oraci\u00f3n de todos debe subir con fervor al Todopoderoso, a fin de que la humanidad, consciente de tan grandes calamidades, se aplique con inteligencia y firmeza a abolirlas. A esta oraci\u00f3n debe corresponder la entrega completa de cada uno, en la medida de sus fuerzas y de sus posibilidades, a la lucha contra el subdesarrollo. Que los individuos, los grupos sociales y las naciones se den fraternalmente la mano, el fuerte ayudando al d\u00e9bil a levantarse, poniendo en ello toda su competencia, su entusiasmo y su amor desinteresado. M\u00e1s que nadie, el que est\u00e1 animado de una verdadera caridad es ingenioso para descubrir las causas de la miseria, para encontrar los medios de combatirla, para vencerla con intrepidez. Amigo de la paz, \u00abproseguir\u00e1 su camino irradiando alegr\u00eda y derramando luz y gracia en el coraz\u00f3n de los hombres en toda la faz de la tierra, haci\u00e9ndoles descubrir, por encima de todas las fronteras, el rostro de los hermanos, el rostro de los amigos\u00bb<span id='easy-footnote-63-121814' class='easy-footnote-margin-adjust'><\/span><span class='easy-footnote'><a href='http:\/\/vincentians.com\/es\/enciclica-populorum-progressio\/#easy-footnote-bottom-63-121814' title='Alocuci\u00f3n de Juan XIII en la entrega del premio Balzam, el 10 mayo 1963, &lt;i&gt;AAS &lt;\/i&gt;55 (1963), p. 455.'><sup>63<\/sup><\/a><\/span>.<\/p>\n<p><b><i>El desarrollo es el nuevo nombre de la paz<\/i><\/b><i><\/i><\/p>\n<p><b>76. <\/b>Las diferencias econ\u00f3micas, sociales y culturales demasiado grandes entre los pueblos provocan tensiones y discordias, y ponen la paz en peligro. Como Nos dijimos a los padres conciliares a la vuelta de nuestro viaje de paz a la ONU, \u00abla condici\u00f3n de los pueblos en v\u00eda de desarrollo debe ser el objeto de nuestra consideraci\u00f3n, o, mejor a\u00fan, nuestra caridad con los pobres que hay en el mundo \u2014y \u00e9stos son legiones infinitas\u2014 debe ser m\u00e1s atenta, m\u00e1s activa, m\u00e1s generosa\u00bb<span id='easy-footnote-64-121814' class='easy-footnote-margin-adjust'><\/span><span class='easy-footnote'><a href='http:\/\/vincentians.com\/es\/enciclica-populorum-progressio\/#easy-footnote-bottom-64-121814' title='&lt;i&gt;AAS &lt;\/i&gt;57 (1965), p. 896.'><sup>64<\/sup><\/a><\/span>. Combatir la miseria y luchar contra la injusticia es promover, a la par que el mayor bienestar, el progreso humano y espiritual de todos, y, por consiguiente, el bien com\u00fan de la humanidad. La paz no se reduce a una ausencia de guerra, fruto del equilibrio siempre precario de las fuerzas. La paz se construye d\u00eda a d\u00eda, en la instauraci\u00f3n de un orden querido por Dios, que comporta una justicia m\u00e1s perfecta entre los hombres<span id='easy-footnote-65-121814' class='easy-footnote-margin-adjust'><\/span><span class='easy-footnote'><a href='http:\/\/vincentians.com\/es\/enciclica-populorum-progressio\/#easy-footnote-bottom-65-121814' title='Cf. Enc\u00edclica &lt;i&gt;Pacem in terris, &lt;\/i&gt;11 abril 1963, &lt;i&gt;AAS &lt;\/i&gt;55 (1963), p. 301.'><sup>65<\/sup><\/a><\/span>.<\/p>\n<p><b><i>Salir del aislamiento<\/i><\/b><\/p>\n<p><b>77. <\/b>Constructores de su propio desarrollo, los pueblos son los primeros responsables de \u00e9l. pero no lo realizar\u00e1n en el aislamiento. Los acuerdos regionales entre los pueblos d\u00e9biles, a fin de sostenerse mutuamente; los acuerdos m\u00e1s amplios para venir en su ayuda, las convenciones m\u00e1s ambiciosas entre unos y otros para establecer programas concertados, son los jalones de este camino del desarrollo que conduce a la paz.<\/p>\n<p><b><i>Hacia una autoridad mundial eficaz<\/i><\/b><\/p>\n<p><b>78. <\/b>Esta colaboraci\u00f3n internacional de alcance mundial requiere unas instituciones que la prepare, la coordinen y la rijan hasta constituir un orden jur\u00eddico universalmente reconocido. De todo coraz\u00f3n, Nos alentamos las organizaciones que han puesto mano en esta colaboraci\u00f3n para el desarrollo, y deseamos que crezca su autoridad. \u00abVuestra vocaci\u00f3n \u2014dijimos a los representantes de las Naciones Unidas en Nueva York\u2014 es la de hacer fraternizar no solamente a algunos pueblos, sino a todos los pueblos&#8230; \u00bfQui\u00e9n no ve la necesidad de llegar as\u00ed progresivamente a instaurar una autoridad mundial que pueda actuar eficazmente en el terreno jur\u00eddico y en el de la pol\u00edtica?\u00bb<span id='easy-footnote-66-121814' class='easy-footnote-margin-adjust'><\/span><span class='easy-footnote'><a href='http:\/\/vincentians.com\/es\/enciclica-populorum-progressio\/#easy-footnote-bottom-66-121814' title='&lt;i&gt;AAS &lt;\/i&gt;57 (1965), p. 880.'><sup>66<\/sup><\/a><\/span>.<\/p>\n<p><b><i>Esperanza fundada en un mundo mejor<\/i><\/b><\/p>\n<p><b>79. <\/b>Algunos creer\u00e1n ut\u00f3picas tales esperanzas. Tal vez no sea consistente su realismo y tal vez no hayan percibido el dinamismo de un mundo que quiere vivir m\u00e1s fraternalmente, y que, a pesar de sus ignorancias, sus errores, sus pecados, sus reca\u00eddas en la barbarie, y sus alejados extrav\u00edos fuera del camino de la salvaci\u00f3n, se acerca lentamente, aun sin darse de ello cuenta, hacia su Creador. Este camino hacia m\u00e1s y mejores sentimientos de humanidad pide esfuerzo y sacrificio, pero el mismo sufrimiento, aceptado por amor hacia nuestros hermanos, es portador de progreso para toda la familia humana. Los cristianos saben que la uni\u00f3n al sacrificio del Salvador contribuye a la edificaci\u00f3n del Cuerpo de Cristo en su plenitud: el pueblo de Dios reunido<span id='easy-footnote-67-121814' class='easy-footnote-margin-adjust'><\/span><span class='easy-footnote'><a href='http:\/\/vincentians.com\/es\/enciclica-populorum-progressio\/#easy-footnote-bottom-67-121814' title='Cf. &lt;i&gt;Efesios &lt;\/i&gt;4,12; &lt;i&gt;Lumen Gentium, &lt;\/i&gt;n. 13.'><sup>67<\/sup><\/a><\/span>.<\/p>\n<p><b><i>Todos solidarios<\/i><\/b><\/p>\n<p><b>80. <\/b>En esta marcha, todos somos solidarios. A todos hemos querido recordar la amplitud del drama y la urgencia de la obra que hay que llevar a cabo. La hora de la acci\u00f3n ha sonado ya: la supervivencia de tantos ni\u00f1os inocentes, el acceso a una condici\u00f3n humana de tantas familias desgraciadas, la paz del mundo, el porvenir de la civilizaci\u00f3n, est\u00e1n en juego. Todos los hombres y todos los pueblos deben asumir sus responsabilidades.<\/p>\n<h2><b>Llamamiento final<\/b><\/h2>\n<p><b><i>Cat\u00f3licos<\/i><\/b><\/p>\n<p><b>81. <\/b>Nos conjuramos en primer lugar a todos nuestros hijos. En los pa\u00edses en v\u00eda de desarrollo no menos que en los otros, los seglares deben asumir como tarea propia la renovaci\u00f3n del orden temporal. Si el papel de la jerarqu\u00eda es el de ense\u00f1ar e interpretar aut\u00e9nticamente los principios morales que hay que seguir en este terreno, a los seglares les corresponde, con su libre iniciativa y sin esperar pasivamente consignas y directrices, penetrar de esp\u00edritu cristiano la mentalidad y las costumbres, las leyes y las estructuras de la comunidad en que viven<span id='easy-footnote-68-121814' class='easy-footnote-margin-adjust'><\/span><span class='easy-footnote'><a href='http:\/\/vincentians.com\/es\/enciclica-populorum-progressio\/#easy-footnote-bottom-68-121814' title='Cf. &lt;i&gt;Apostolicam Actuositatem, &lt;\/i&gt;nn. 7, 13 y 24.'><sup>68<\/sup><\/a><\/span>. Los cambios son necesarios; las reformas profundas, indispensables: deben emplearse resueltamente en infundirles el esp\u00edritu evang\u00e9lico. A nuestros hijos cat\u00f3licos de los pa\u00edses m\u00e1s favorecidos, Nos pedimos que aporten su competencia y su activa participaci\u00f3n en las organizaciones oficiales o privadas, civiles o religiosas, dedicadas a superar las dificultades de los pa\u00edses en v\u00eda de desarrollo. Estamos seguros de que ellos pondr\u00e1n todo su empe\u00f1o para hallarse en primera fila entre aqu\u00e9llos que trabajan por llevar a la realidad de los hechos una moral internacional de justicia y equidad.<\/p>\n<p><b><i>Cristianos y creyentes<\/i><\/b><i><\/i><\/p>\n<p><b>82. <\/b>Todos los cristianos, nuestros hermanos, Nos estamos seguro de ello, querr\u00e1n ampliar su esfuerzo com\u00fan y concertado a fin de ayudar al mundo a triunfar del ego\u00edsmo, del orgullo y de las rivalidades, a superar las ambiciones y las injusticias, a abrir a todos los caminos de una vida m\u00e1s humana en la que cada uno sea amado y ayudado como su pr\u00f3jimo y su hermano. Todav\u00eda emocionado por nuestro inolvidable encuentro de Bombay con nuestros hermanos no cristianos, de nuevo Nos les invitamos a laborar con todo su coraz\u00f3n y con toda su inteligencia, para que todos los hijos de los hombres puedan llevar una vida digna de hijos de Dios.<\/p>\n<p><b><i>Hombres de buena voluntad<\/i><\/b><i><\/i><\/p>\n<p><b>83. <\/b>Finalmente, nos dirigimos a todos los hombres de buena voluntad, conscientes de que el camino de la paz pasa por el desarrollo. Delegados en las instituciones internacionales, hombres de Estado, publicistas, educadores, todos, cada uno en nuestro sitio, vosotros sois los constructores de un mundo nuevo. Nos suplicamos al Dios Todopoderoso que ilumine vuestras inteligencias y os d\u00e9 nuevas fuerzas y aliento para poner en estado de alerta a la opini\u00f3n p\u00fablica y comunicar entusiasmo a los pueblos. Educadores, a vosotros os pertenece despertar ya desde la infancia el amor a los pueblos que se encuentran en la miseria. Publicistas, a vosotros corresponde poner ante nuestros ojos el esfuerzo realizado para promover la mutua ayuda entre los pueblos, as\u00ed como tambi\u00e9n el espect\u00e1culo de las miserias que los hombres tienen tendencia a olvidar para tranquilizar sus conciencias; que los ricos sepan al menos que los pobres est\u00e1n a su puerta y aguardan las migajas de sus banquetes.<\/p>\n<p><b><i>Hombres de Estado<\/i><\/b><i><\/i><\/p>\n<p><b>84. <\/b>Hombres de Estado, a vosotros os incumbe movilizar vuestras comunidades en una solidaridad mundial m\u00e1s eficaz, y ante todo hacerles aceptar las necesarias disminuciones de su lujo y de sus dispendios para promover el desarrollo y salvar la paz. Delegados de las organizaciones internacionales, de vosotros depende que el peligroso y est\u00e9ril enfrentamiento de fuerzas deje paso a la colaboraci\u00f3n amigable, pac\u00edfica y desinteresada, a fin de lograr un progreso solidario de la humanidad en el que todos los hombres puedan desarrollarse.<\/p>\n<p><b><i>Sabios<\/i><\/b><i><\/i><\/p>\n<p><b>85. <\/b>Y si es verdad que el mundo se encuentra en un lamentable vac\u00edo de ideas, Nos hacemos un llamamiento a los pensadores y a los sabios, cat\u00f3licos, cristianos, adoradores de Dios, \u00e1vidos de absoluto, de justicia y de verdad: todos los hombres de buena voluntad. A ejemplo de Cristo, Nos nos atrevemos a rogaros con insistencia: \u00abBuscad y encontrar\u00e9is\u00bb<span id='easy-footnote-69-121814' class='easy-footnote-margin-adjust'><\/span><span class='easy-footnote'><a href='http:\/\/vincentians.com\/es\/enciclica-populorum-progressio\/#easy-footnote-bottom-69-121814' title='&lt;i&gt;Lucas&lt;\/i&gt; 11,9.'><sup>69<\/sup><\/a><\/span>; emprended los caminos que conducen, a trav\u00e9s de la colaboraci\u00f3n, de la profundizaci\u00f3n, del saber, de la amplitud del coraz\u00f3n, a una vida m\u00e1s fraterna en una comunidad humana verdaderamente universal.<\/p>\n<p><b><i>Todos a la obra<\/i><\/b><\/p>\n<p><b>86. <\/b>Vosotros todos los que hab\u00e9is o\u00eddo la llamada de los pueblos que sufren, vosotros los que trabaj\u00e1is para darles una respuesta, vosotros sois los ap\u00f3stoles del desarrollo aut\u00e9ntico y verdadero, que no consiste en la riqueza ego\u00edsta y deseada por s\u00ed misma, sino en la econom\u00eda al servicio del hombre, en el pan de cada d\u00eda distribuido a todos, como fuente de fraternidad y signo de la providencia.<\/p>\n<p><b><i>Bendici\u00f3n<\/i><\/b><\/p>\n<p><b>87. <\/b>De todo coraz\u00f3n, os bendecimos y hacemos un llamamiento a todos los hombres para que se unan fraternalmente a vosotros. Porque si el desarrollo es el nuevo nombre de la paz, \u00bfqui\u00e9n no querr\u00e1 trabajar con todas sus fuerzas para lograrlo? S\u00ed, os invitamos a todos para que respond\u00e1is a nuestro grito de angustia en el nombre del Se\u00f1or.<\/p>\n<p>Vaticano, en la fiesta de Pascua, 26 de marzo de 1967.<\/p>\n<p style=\"text-align: right\"><b>Pablo<\/b><b> <\/b><b>PP. VI<\/b><\/p>\n<hr \/>\n<h2 align=\"left\">Descarga el Documento completo en formato Word:<\/h2>\n<table border=\"0\" width=\"256\" align=\"center\">\n<tbody>\n<tr>\n<td>Formato DOC <em>(Microsoft Word):<\/em><\/td>\n<\/tr>\n<tr>\n<td><a href=\"http:\/\/vicencianos.org\/?dl_id=256\" target=\"_blank\" rel=\"noopener\"><img data-recalc-dims=\"1\" loading=\"lazy\" decoding=\"async\" src=\"https:\/\/i0.wp.com\/vicencianos.org\/vicencianos\/files\/doc.png?resize=256%2C256\" alt=\"DOC\" width=\"256\" height=\"256\" \/><\/a><\/td>\n<\/tr>\n<\/tbody>\n<\/table>\n","protected":false},"excerpt":{"rendered":"<p>Contexto Antes de Populorum Progressio se hab\u00edan operado importantes cambios en la convivencia humana. La ciencia y la tecnolog\u00eda hab\u00edan favorecido la globalizaci\u00f3n de las comunidades, y los viajes espaciales. La econom\u00eda crec\u00eda a pasos &#8230; <a href=\"http:\/\/vincentians.com\/es\/enciclica-populorum-progressio\/\" class=\"more-link\">Read More<\/a><\/p>\n","protected":false},"author":4,"featured_media":404159,"comment_status":"open","ping_status":"open","sticky":false,"template":"","format":"standard","meta":{"jetpack_post_was_ever_published":false,"_jetpack_newsletter_access":"","_jetpack_dont_email_post_to_subs":false,"_jetpack_newsletter_tier_id":0,"_jetpack_memberships_contains_paywalled_content":false,"_jetpack_memberships_contains_paid_content":false,"footnotes":"","jetpack_publicize_message":"","jetpack_publicize_feature_enabled":true,"jetpack_social_post_already_shared":true,"jetpack_social_options":{"image_generator_settings":{"template":"highway","default_image_id":0,"font":"","enabled":false},"version":2}},"categories":[100],"tags":[172],"class_list":["post-121814","post","type-post","status-publish","format-standard","has-post-thumbnail","hentry","category-documentos-pontificios","tag-pobreza"],"yoast_head":"<!-- This site is optimized with the Yoast SEO plugin v26.3 - https:\/\/yoast.com\/wordpress\/plugins\/seo\/ -->\n<title>Enc\u00edclica Populorum progressio - Somos Vicencianos<\/title>\n<meta name=\"robots\" content=\"index, follow, max-snippet:-1, max-image-preview:large, max-video-preview:-1\" \/>\n<link rel=\"canonical\" href=\"https:\/\/vincentians.com\/es\/enciclica-populorum-progressio\/\" \/>\n<meta property=\"og:locale\" content=\"es_ES\" \/>\n<meta property=\"og:type\" content=\"article\" \/>\n<meta property=\"og:title\" content=\"Enc\u00edclica Populorum progressio - Somos Vicencianos\" \/>\n<meta property=\"og:description\" content=\"Contexto Antes de Populorum Progressio se hab\u00edan operado importantes cambios en la convivencia humana. La ciencia y la tecnolog\u00eda hab\u00edan favorecido la globalizaci\u00f3n de las comunidades, y los viajes espaciales. La econom\u00eda crec\u00eda a pasos ... Read More\" \/>\n<meta property=\"og:url\" content=\"https:\/\/vincentians.com\/es\/enciclica-populorum-progressio\/\" \/>\n<meta property=\"og:site_name\" content=\"Somos Vicencianos\" \/>\n<meta property=\"article:publisher\" content=\"https:\/\/www.facebook.com\/WeAreVincentians\/\" \/>\n<meta property=\"article:author\" content=\"https:\/\/www.facebook.com\/JavierChento\" \/>\n<meta property=\"article:published_time\" content=\"2022-05-07T06:09:04+00:00\" \/>\n<meta property=\"og:image\" content=\"https:\/\/i0.wp.com\/vincentians.com\/es\/wp-content\/uploads\/sites\/11\/2013\/05\/Almeria-2.jpg?fit=600%2C400&ssl=1\" \/>\n\t<meta property=\"og:image:width\" content=\"600\" \/>\n\t<meta property=\"og:image:height\" content=\"400\" \/>\n\t<meta property=\"og:image:type\" content=\"image\/jpeg\" \/>\n<meta name=\"author\" content=\"Francisco Javier Fern\u00e1ndez Chento\" \/>\n<meta name=\"twitter:card\" content=\"summary_large_image\" \/>\n<meta name=\"twitter:creator\" content=\"@https:\/\/twitter.com\/javierchento\" \/>\n<meta name=\"twitter:site\" content=\"@WeVincentians\" \/>\n<meta name=\"twitter:label1\" content=\"Escrito por\" \/>\n\t<meta name=\"twitter:data1\" content=\"Francisco Javier Fern\u00e1ndez Chento\" \/>\n\t<meta name=\"twitter:label2\" content=\"Tiempo de lectura\" \/>\n\t<meta name=\"twitter:data2\" content=\"67 minutos\" \/>\n<script type=\"application\/ld+json\" class=\"yoast-schema-graph\">{\"@context\":\"https:\/\/schema.org\",\"@graph\":[{\"@type\":\"Article\",\"@id\":\"https:\/\/vincentians.com\/es\/enciclica-populorum-progressio\/#article\",\"isPartOf\":{\"@id\":\"https:\/\/vincentians.com\/es\/enciclica-populorum-progressio\/\"},\"author\":{\"name\":\"Francisco Javier Fern\u00e1ndez Chento\",\"@id\":\"https:\/\/vincentians.com\/es\/#\/schema\/person\/9623ef4d9aa3b2dfb8c061f1499288f2\"},\"headline\":\"Enc\u00edclica Populorum progressio\",\"datePublished\":\"2022-05-07T06:09:04+00:00\",\"mainEntityOfPage\":{\"@id\":\"https:\/\/vincentians.com\/es\/enciclica-populorum-progressio\/\"},\"wordCount\":13492,\"commentCount\":0,\"publisher\":{\"@id\":\"https:\/\/vincentians.com\/es\/#organization\"},\"image\":{\"@id\":\"https:\/\/vincentians.com\/es\/enciclica-populorum-progressio\/#primaryimage\"},\"thumbnailUrl\":\"https:\/\/i0.wp.com\/vincentians.com\/es\/wp-content\/uploads\/sites\/11\/2013\/05\/Almeria-2.jpg?fit=600%2C400\",\"keywords\":[\"Pobreza\"],\"articleSection\":[\"Documentos Pontificios\"],\"inLanguage\":\"es\",\"potentialAction\":[{\"@type\":\"CommentAction\",\"name\":\"Comment\",\"target\":[\"https:\/\/vincentians.com\/es\/enciclica-populorum-progressio\/#respond\"]}]},{\"@type\":\"WebPage\",\"@id\":\"https:\/\/vincentians.com\/es\/enciclica-populorum-progressio\/\",\"url\":\"https:\/\/vincentians.com\/es\/enciclica-populorum-progressio\/\",\"name\":\"Enc\u00edclica Populorum progressio - Somos Vicencianos\",\"isPartOf\":{\"@id\":\"https:\/\/vincentians.com\/es\/#website\"},\"primaryImageOfPage\":{\"@id\":\"https:\/\/vincentians.com\/es\/enciclica-populorum-progressio\/#primaryimage\"},\"image\":{\"@id\":\"https:\/\/vincentians.com\/es\/enciclica-populorum-progressio\/#primaryimage\"},\"thumbnailUrl\":\"https:\/\/i0.wp.com\/vincentians.com\/es\/wp-content\/uploads\/sites\/11\/2013\/05\/Almeria-2.jpg?fit=600%2C400\",\"datePublished\":\"2022-05-07T06:09:04+00:00\",\"breadcrumb\":{\"@id\":\"https:\/\/vincentians.com\/es\/enciclica-populorum-progressio\/#breadcrumb\"},\"inLanguage\":\"es\",\"potentialAction\":[{\"@type\":\"ReadAction\",\"target\":[\"https:\/\/vincentians.com\/es\/enciclica-populorum-progressio\/\"]}]},{\"@type\":\"ImageObject\",\"inLanguage\":\"es\",\"@id\":\"https:\/\/vincentians.com\/es\/enciclica-populorum-progressio\/#primaryimage\",\"url\":\"https:\/\/i0.wp.com\/vincentians.com\/es\/wp-content\/uploads\/sites\/11\/2013\/05\/Almeria-2.jpg?fit=600%2C400\",\"contentUrl\":\"https:\/\/i0.wp.com\/vincentians.com\/es\/wp-content\/uploads\/sites\/11\/2013\/05\/Almeria-2.jpg?fit=600%2C400\",\"width\":600,\"height\":400},{\"@type\":\"BreadcrumbList\",\"@id\":\"https:\/\/vincentians.com\/es\/enciclica-populorum-progressio\/#breadcrumb\",\"itemListElement\":[{\"@type\":\"ListItem\",\"position\":1,\"name\":\"Portada\",\"item\":\"https:\/\/vincentians.com\/es\/\"},{\"@type\":\"ListItem\",\"position\":2,\"name\":\"Enc\u00edclica Populorum progressio\"}]},{\"@type\":\"WebSite\",\"@id\":\"https:\/\/vincentians.com\/es\/#website\",\"url\":\"https:\/\/vincentians.com\/es\/\",\"name\":\"Somos Vicencianos\",\"description\":\"Know more to serve more\",\"publisher\":{\"@id\":\"https:\/\/vincentians.com\/es\/#organization\"},\"potentialAction\":[{\"@type\":\"SearchAction\",\"target\":{\"@type\":\"EntryPoint\",\"urlTemplate\":\"https:\/\/vincentians.com\/es\/?s={search_term_string}\"},\"query-input\":{\"@type\":\"PropertyValueSpecification\",\"valueRequired\":true,\"valueName\":\"search_term_string\"}}],\"inLanguage\":\"es\"},{\"@type\":\"Organization\",\"@id\":\"https:\/\/vincentians.com\/es\/#organization\",\"name\":\"The Vincentian Network\",\"url\":\"https:\/\/vincentians.com\/es\/\",\"logo\":{\"@type\":\"ImageObject\",\"inLanguage\":\"es\",\"@id\":\"https:\/\/vincentians.com\/es\/#\/schema\/logo\/image\/\",\"url\":\"https:\/\/i1.wp.com\/vincentians.com\/es\/wp-content\/uploads\/sites\/11\/2016\/06\/Vincentian-Network-logo-big.png?fit=778%2C778\",\"contentUrl\":\"https:\/\/i1.wp.com\/vincentians.com\/es\/wp-content\/uploads\/sites\/11\/2016\/06\/Vincentian-Network-logo-big.png?fit=778%2C778\",\"width\":778,\"height\":778,\"caption\":\"The Vincentian Network\"},\"image\":{\"@id\":\"https:\/\/vincentians.com\/es\/#\/schema\/logo\/image\/\"},\"sameAs\":[\"https:\/\/www.facebook.com\/WeAreVincentians\/\",\"https:\/\/x.com\/WeVincentians\"]},{\"@type\":\"Person\",\"@id\":\"https:\/\/vincentians.com\/es\/#\/schema\/person\/9623ef4d9aa3b2dfb8c061f1499288f2\",\"name\":\"Francisco Javier Fern\u00e1ndez Chento\",\"image\":{\"@type\":\"ImageObject\",\"inLanguage\":\"es\",\"@id\":\"https:\/\/vincentians.com\/es\/#\/schema\/person\/image\/\",\"url\":\"https:\/\/secure.gravatar.com\/avatar\/497d5cde87b4c3d097d0315953521681ba2cd523ee66e5077c3711f7021e65de?s=96&d=mm&r=g\",\"contentUrl\":\"https:\/\/secure.gravatar.com\/avatar\/497d5cde87b4c3d097d0315953521681ba2cd523ee66e5077c3711f7021e65de?s=96&d=mm&r=g\",\"caption\":\"Francisco Javier Fern\u00e1ndez Chento\"},\"description\":\"Director General y cofundador de La Red de Formaci\u00f3n Vicenciana. Javier es laico vicenciano, afiliado a la Congregaci\u00f3n de la Misi\u00f3n y miembro del Equipo de Misiones Populares de la provincia can\u00f3nica de Zaragoza (Espa\u00f1a) de la Congregaci\u00f3n de la Misi\u00f3n. Graduado en la Universidad Oberta de Catalunya con cuatro grados (Asistente de direcci\u00f3n, Gesti\u00f3n Administrativa, Recursos Humanos y Contabilidad Avanzada). Bil\u00edng\u00fce Espa\u00f1ol\/Ingl\u00e9s. gestiona y mantiene varias p\u00e1ginas web cristianas y vicencianas, incluida including La Red de Formaci\u00f3n Vicenciana, de la que es cofundador. Actualmente es responsable del \u00e1rea de Espa\u00f1ol de .famvin, la Red de Noticias de la Familia Vicenciana. Tambi\u00e9n es m\u00fasico cat\u00f3lico y ha editado varios discos. Es Director General y cofundador de Trovador, una reconocida compa\u00f1\u00eda discogr\u00e1fica critiana de Espa\u00f1a. Trabaja en las Tecnolog\u00edas de la Informaci\u00f3n, ofreciendo servicios de alojamiento, dise\u00f1o y mantenimiento Web, as\u00ed como asesoramiento, formaci\u00f3n y soluciones inform\u00e1ticas, gesti\u00f3n documental y digitalizaci\u00f3n de textos, edici\u00f3n y maquetaci\u00f3n de libros, revistas, flyers, etc.\",\"sameAs\":[\"http:\/\/chento.org\",\"https:\/\/www.facebook.com\/JavierChento\",\"https:\/\/x.com\/https:\/\/twitter.com\/javierchento\"],\"url\":\"http:\/\/vincentians.com\/es\/author\/chento\/\"}]}<\/script>\n<!-- \/ Yoast SEO plugin. -->","yoast_head_json":{"title":"Enc\u00edclica Populorum progressio - Somos Vicencianos","robots":{"index":"index","follow":"follow","max-snippet":"max-snippet:-1","max-image-preview":"max-image-preview:large","max-video-preview":"max-video-preview:-1"},"canonical":"https:\/\/vincentians.com\/es\/enciclica-populorum-progressio\/","og_locale":"es_ES","og_type":"article","og_title":"Enc\u00edclica Populorum progressio - Somos Vicencianos","og_description":"Contexto Antes de Populorum Progressio se hab\u00edan operado importantes cambios en la convivencia humana. La ciencia y la tecnolog\u00eda hab\u00edan favorecido la globalizaci\u00f3n de las comunidades, y los viajes espaciales. La econom\u00eda crec\u00eda a pasos ... Read More","og_url":"https:\/\/vincentians.com\/es\/enciclica-populorum-progressio\/","og_site_name":"Somos Vicencianos","article_publisher":"https:\/\/www.facebook.com\/WeAreVincentians\/","article_author":"https:\/\/www.facebook.com\/JavierChento","article_published_time":"2022-05-07T06:09:04+00:00","og_image":[{"width":600,"height":400,"url":"https:\/\/i0.wp.com\/vincentians.com\/es\/wp-content\/uploads\/sites\/11\/2013\/05\/Almeria-2.jpg?fit=600%2C400&ssl=1","type":"image\/jpeg"}],"author":"Francisco Javier Fern\u00e1ndez Chento","twitter_card":"summary_large_image","twitter_creator":"@https:\/\/twitter.com\/javierchento","twitter_site":"@WeVincentians","twitter_misc":{"Escrito por":"Francisco Javier Fern\u00e1ndez Chento","Tiempo de lectura":"67 minutos"},"schema":{"@context":"https:\/\/schema.org","@graph":[{"@type":"Article","@id":"https:\/\/vincentians.com\/es\/enciclica-populorum-progressio\/#article","isPartOf":{"@id":"https:\/\/vincentians.com\/es\/enciclica-populorum-progressio\/"},"author":{"name":"Francisco Javier Fern\u00e1ndez Chento","@id":"https:\/\/vincentians.com\/es\/#\/schema\/person\/9623ef4d9aa3b2dfb8c061f1499288f2"},"headline":"Enc\u00edclica Populorum progressio","datePublished":"2022-05-07T06:09:04+00:00","mainEntityOfPage":{"@id":"https:\/\/vincentians.com\/es\/enciclica-populorum-progressio\/"},"wordCount":13492,"commentCount":0,"publisher":{"@id":"https:\/\/vincentians.com\/es\/#organization"},"image":{"@id":"https:\/\/vincentians.com\/es\/enciclica-populorum-progressio\/#primaryimage"},"thumbnailUrl":"https:\/\/i0.wp.com\/vincentians.com\/es\/wp-content\/uploads\/sites\/11\/2013\/05\/Almeria-2.jpg?fit=600%2C400","keywords":["Pobreza"],"articleSection":["Documentos Pontificios"],"inLanguage":"es","potentialAction":[{"@type":"CommentAction","name":"Comment","target":["https:\/\/vincentians.com\/es\/enciclica-populorum-progressio\/#respond"]}]},{"@type":"WebPage","@id":"https:\/\/vincentians.com\/es\/enciclica-populorum-progressio\/","url":"https:\/\/vincentians.com\/es\/enciclica-populorum-progressio\/","name":"Enc\u00edclica Populorum progressio - Somos Vicencianos","isPartOf":{"@id":"https:\/\/vincentians.com\/es\/#website"},"primaryImageOfPage":{"@id":"https:\/\/vincentians.com\/es\/enciclica-populorum-progressio\/#primaryimage"},"image":{"@id":"https:\/\/vincentians.com\/es\/enciclica-populorum-progressio\/#primaryimage"},"thumbnailUrl":"https:\/\/i0.wp.com\/vincentians.com\/es\/wp-content\/uploads\/sites\/11\/2013\/05\/Almeria-2.jpg?fit=600%2C400","datePublished":"2022-05-07T06:09:04+00:00","breadcrumb":{"@id":"https:\/\/vincentians.com\/es\/enciclica-populorum-progressio\/#breadcrumb"},"inLanguage":"es","potentialAction":[{"@type":"ReadAction","target":["https:\/\/vincentians.com\/es\/enciclica-populorum-progressio\/"]}]},{"@type":"ImageObject","inLanguage":"es","@id":"https:\/\/vincentians.com\/es\/enciclica-populorum-progressio\/#primaryimage","url":"https:\/\/i0.wp.com\/vincentians.com\/es\/wp-content\/uploads\/sites\/11\/2013\/05\/Almeria-2.jpg?fit=600%2C400","contentUrl":"https:\/\/i0.wp.com\/vincentians.com\/es\/wp-content\/uploads\/sites\/11\/2013\/05\/Almeria-2.jpg?fit=600%2C400","width":600,"height":400},{"@type":"BreadcrumbList","@id":"https:\/\/vincentians.com\/es\/enciclica-populorum-progressio\/#breadcrumb","itemListElement":[{"@type":"ListItem","position":1,"name":"Portada","item":"https:\/\/vincentians.com\/es\/"},{"@type":"ListItem","position":2,"name":"Enc\u00edclica Populorum progressio"}]},{"@type":"WebSite","@id":"https:\/\/vincentians.com\/es\/#website","url":"https:\/\/vincentians.com\/es\/","name":"Somos Vicencianos","description":"Know more to serve more","publisher":{"@id":"https:\/\/vincentians.com\/es\/#organization"},"potentialAction":[{"@type":"SearchAction","target":{"@type":"EntryPoint","urlTemplate":"https:\/\/vincentians.com\/es\/?s={search_term_string}"},"query-input":{"@type":"PropertyValueSpecification","valueRequired":true,"valueName":"search_term_string"}}],"inLanguage":"es"},{"@type":"Organization","@id":"https:\/\/vincentians.com\/es\/#organization","name":"The Vincentian Network","url":"https:\/\/vincentians.com\/es\/","logo":{"@type":"ImageObject","inLanguage":"es","@id":"https:\/\/vincentians.com\/es\/#\/schema\/logo\/image\/","url":"https:\/\/i1.wp.com\/vincentians.com\/es\/wp-content\/uploads\/sites\/11\/2016\/06\/Vincentian-Network-logo-big.png?fit=778%2C778","contentUrl":"https:\/\/i1.wp.com\/vincentians.com\/es\/wp-content\/uploads\/sites\/11\/2016\/06\/Vincentian-Network-logo-big.png?fit=778%2C778","width":778,"height":778,"caption":"The Vincentian Network"},"image":{"@id":"https:\/\/vincentians.com\/es\/#\/schema\/logo\/image\/"},"sameAs":["https:\/\/www.facebook.com\/WeAreVincentians\/","https:\/\/x.com\/WeVincentians"]},{"@type":"Person","@id":"https:\/\/vincentians.com\/es\/#\/schema\/person\/9623ef4d9aa3b2dfb8c061f1499288f2","name":"Francisco Javier Fern\u00e1ndez Chento","image":{"@type":"ImageObject","inLanguage":"es","@id":"https:\/\/vincentians.com\/es\/#\/schema\/person\/image\/","url":"https:\/\/secure.gravatar.com\/avatar\/497d5cde87b4c3d097d0315953521681ba2cd523ee66e5077c3711f7021e65de?s=96&d=mm&r=g","contentUrl":"https:\/\/secure.gravatar.com\/avatar\/497d5cde87b4c3d097d0315953521681ba2cd523ee66e5077c3711f7021e65de?s=96&d=mm&r=g","caption":"Francisco Javier Fern\u00e1ndez Chento"},"description":"Director General y cofundador de La Red de Formaci\u00f3n Vicenciana. Javier es laico vicenciano, afiliado a la Congregaci\u00f3n de la Misi\u00f3n y miembro del Equipo de Misiones Populares de la provincia can\u00f3nica de Zaragoza (Espa\u00f1a) de la Congregaci\u00f3n de la Misi\u00f3n. Graduado en la Universidad Oberta de Catalunya con cuatro grados (Asistente de direcci\u00f3n, Gesti\u00f3n Administrativa, Recursos Humanos y Contabilidad Avanzada). Bil\u00edng\u00fce Espa\u00f1ol\/Ingl\u00e9s. gestiona y mantiene varias p\u00e1ginas web cristianas y vicencianas, incluida including La Red de Formaci\u00f3n Vicenciana, de la que es cofundador. Actualmente es responsable del \u00e1rea de Espa\u00f1ol de .famvin, la Red de Noticias de la Familia Vicenciana. Tambi\u00e9n es m\u00fasico cat\u00f3lico y ha editado varios discos. Es Director General y cofundador de Trovador, una reconocida compa\u00f1\u00eda discogr\u00e1fica critiana de Espa\u00f1a. Trabaja en las Tecnolog\u00edas de la Informaci\u00f3n, ofreciendo servicios de alojamiento, dise\u00f1o y mantenimiento Web, as\u00ed como asesoramiento, formaci\u00f3n y soluciones inform\u00e1ticas, gesti\u00f3n documental y digitalizaci\u00f3n de textos, edici\u00f3n y maquetaci\u00f3n de libros, revistas, flyers, etc.","sameAs":["http:\/\/chento.org","https:\/\/www.facebook.com\/JavierChento","https:\/\/x.com\/https:\/\/twitter.com\/javierchento"],"url":"http:\/\/vincentians.com\/es\/author\/chento\/"}]}},"jetpack_publicize_connections":[],"jetpack_featured_media_url":"https:\/\/i0.wp.com\/vincentians.com\/es\/wp-content\/uploads\/sites\/11\/2013\/05\/Almeria-2.jpg?fit=600%2C400","jetpack_sharing_enabled":true,"jetpack_shortlink":"https:\/\/wp.me\/p7ETMF-vGK","jetpack-related-posts":[{"id":121858,"url":"http:\/\/vincentians.com\/es\/enciclica-sollicitudo-rei-socialis\/","url_meta":{"origin":121814,"position":0},"title":"Enc\u00edclica &quot;Sollicitudo rei socialis&quot;","author":"Francisco Javier Fern\u00e1ndez Chento","date":"04\/05\/2013","format":false,"excerpt":"\"Sollicitudo rei socialis\" al cumplirse el vig\u00e9simo aniversario de la Populorum Progressio 1987.12.30 Bendici\u00f3n Venerables Hermanos, amad\u00edsimos Hijos e Hijas: salud y Bendici\u00f3n Apost\u00f3lica I.\u2014 Introducci\u00f3n 1. La preocupaci\u00f3n social de la Iglesia, orientada al desarrollo aut\u00e9ntico del hombre y de la sociedad, que respete y promueva en toda su\u2026","rel":"","context":"En \u00abDoctrina Social de la Iglesia\u00bb","block_context":{"text":"Doctrina Social de la Iglesia","link":"http:\/\/vincentians.com\/es\/category\/formacion-cristiana\/doctrina-social-de-la-iglesia\/"},"img":{"alt_text":"POPE JOHN PAUL II SEEN IN IMAGE RELEASED BY POSTULATION OF SAINTHOOD CAUSE","src":"https:\/\/i0.wp.com\/vicencianos.org\/wp-content\/2013\/05\/juan_pablo_ii-212x300.jpg?resize=350%2C200","width":350,"height":200},"classes":[]},{"id":121850,"url":"http:\/\/vincentians.com\/es\/enciclica-octogesima-adveniens\/","url_meta":{"origin":121814,"position":1},"title":"Enc\u00edclica &quot;Octogesima adveniens&quot;","author":"Francisco Javier Fern\u00e1ndez Chento","date":"02\/05\/2013","format":false,"excerpt":"\"Octogesima adveniens\" Carta apost\u00f3lica de su santidad el Papa Pablo VI al se\u00f1or cardenal Mauricio Roy, presidente del consejo para los seglares y de la comisi\u00f3n pontificia \"justicia y paz\" en ocasi\u00f3n del LXXX aniversario de la enc\u00edclica \"Rerum Novarum\" Vaticano, 14 de mayo de 1971 Introducci\u00f3n Se\u00f1or Cardenal: 1.\u2026","rel":"","context":"En \u00abDocumentos Pontificios\u00bb","block_context":{"text":"Documentos Pontificios","link":"http:\/\/vincentians.com\/es\/category\/formacion-cristiana\/documentos-pontificios\/"},"img":{"alt_text":"pablo_vi","src":"https:\/\/i0.wp.com\/vicencianos.org\/wp-content\/2013\/04\/pablo_vi-242x300.jpg?resize=350%2C200","width":350,"height":200},"classes":[]},{"id":122153,"url":"http:\/\/vincentians.com\/es\/la-comunidad-internacional\/","url_meta":{"origin":121814,"position":2},"title":"La comunidad internacional","author":"Francisco Javier Fern\u00e1ndez Chento","date":"17\/09\/2022","format":false,"excerpt":"I. La familia humana 324. Seg\u00fan la Revelaci\u00f3n b\u00edblica, Dios ha creado el ser humano\u2014 hombre y mujer\u2014a su imagen y semejanza. Este v\u00ednculo del hombre con su Creador funda su dignidad y sus derechos humanos inalienables, con Dios mismo como garante. A esos derechos personales corresponden evidentemente deberes hacia\u2026","rel":"","context":"En \u00abDoctrina Social de la Iglesia\u00bb","block_context":{"text":"Doctrina Social de la Iglesia","link":"http:\/\/vincentians.com\/es\/category\/formacion-cristiana\/doctrina-social-de-la-iglesia\/"},"img":{"alt_text":"","src":"https:\/\/i0.wp.com\/vincentians.com\/es\/wp-content\/uploads\/sites\/11\/2013\/04\/Hijas-de-la-Caridad-4.jpg?fit=640%2C426&resize=350%2C200","width":350,"height":200,"srcset":"https:\/\/i0.wp.com\/vincentians.com\/es\/wp-content\/uploads\/sites\/11\/2013\/04\/Hijas-de-la-Caridad-4.jpg?fit=640%2C426&resize=350%2C200 1x, https:\/\/i0.wp.com\/vincentians.com\/es\/wp-content\/uploads\/sites\/11\/2013\/04\/Hijas-de-la-Caridad-4.jpg?fit=640%2C426&resize=525%2C300 1.5x"},"classes":[]},{"id":40341,"url":"http:\/\/vincentians.com\/es\/paz-y-progreso-de-los-pueblos-en-la-doctrina-social-de-la-iglesia\/","url_meta":{"origin":121814,"position":3},"title":"Paz y progreso de los pueblos en la Doctrina Social de la Iglesia","author":"Francisco Javier Fern\u00e1ndez Chento","date":"01\/05\/2013","format":false,"excerpt":"El tema de la paz ha estado siempre presente en la atenci\u00f3n de la doctrina social de la Iglesia desde su inicio. Es m\u00e1s, ha asumido una importancia particular desde que Juan XXIII dedic\u00f3 a ese tema una enc\u00edclica espec\u00edfica, la Pacem in terris, de la cual se ha conmemorado\u2026","rel":"","context":"En \u00abDoctrina Social de la Iglesia\u00bb","block_context":{"text":"Doctrina Social de la Iglesia","link":"http:\/\/vincentians.com\/es\/category\/formacion-cristiana\/doctrina-social-de-la-iglesia\/"},"img":{"alt_text":"","src":"https:\/\/i0.wp.com\/vicencianos.org\/wp-content\/2011\/05\/doctrina_social_iglesia-230x300.jpg?resize=350%2C200","width":350,"height":200},"classes":[]},{"id":10068,"url":"http:\/\/vincentians.com\/es\/enciclica-caritas-in-veritate\/","url_meta":{"origin":121814,"position":4},"title":"Enc\u00edclica \u201cCaritas in Veritate\u201d","author":"Francisco Javier Fern\u00e1ndez Chento","date":"24\/11\/2009","format":false,"excerpt":"CARTA ENC\u00cdCLICA CARITAS IN VERITATE DEL SUMO\u00a0 PONT\u00cdFICE BENEDICTO\u00a0 XVI A LOS OBISPOS A LOS PRESB\u00cdTEROS Y DI\u00c1CONOS A LAS PERSONAS CONSAGRADAS A TODOS LOS FIELES LAICOS Y A TODOS LOS HOMBRES DE BUENA VOLUNTAD SOBRE EL DESARROLLO HUMANO\u00a0 INTEGRAL EN LA CARIDAD Y EN LA VERDAD Introducci\u00f3n 1. La\u2026","rel":"","context":"En \u00abDocumentos Pontificios\u00bb","block_context":{"text":"Documentos Pontificios","link":"http:\/\/vincentians.com\/es\/category\/formacion-cristiana\/documentos-pontificios\/"},"img":{"alt_text":"","src":"https:\/\/i0.wp.com\/vicencianos.org\/wp-content\/2010\/01\/caritas_in_veritate1.jpg?resize=350%2C200","width":350,"height":200},"classes":[]},{"id":122155,"url":"http:\/\/vincentians.com\/es\/pobreza-y-caridad\/","url_meta":{"origin":121814,"position":5},"title":"Pobreza y caridad","author":"Francisco Javier Fern\u00e1ndez Chento","date":"05\/09\/2022","format":false,"excerpt":"I. El esc\u00e1ndalo de la pobreza 287.Por ello, deseo llamar la atenci\u00f3n sobre algunos indicadores gen\u00e9ricos, sin excluir otros m\u00e1s espec\u00edficos. Dejando a un lado el an\u00e1lisis de cifras y estad\u00edsticas, es suficiente mirar la realidad de una multitud ingente de hombre y mujeres, ni\u00f1os, adultos y ancianos en una\u2026","rel":"","context":"En \u00abDoctrina Social de la Iglesia\u00bb","block_context":{"text":"Doctrina Social de la Iglesia","link":"http:\/\/vincentians.com\/es\/category\/formacion-cristiana\/doctrina-social-de-la-iglesia\/"},"img":{"alt_text":"","src":"https:\/\/i0.wp.com\/vincentians.com\/es\/wp-content\/uploads\/sites\/11\/2013\/04\/Avila.jpg?fit=1200%2C900&resize=350%2C200","width":350,"height":200,"srcset":"https:\/\/i0.wp.com\/vincentians.com\/es\/wp-content\/uploads\/sites\/11\/2013\/04\/Avila.jpg?fit=1200%2C900&resize=350%2C200 1x, https:\/\/i0.wp.com\/vincentians.com\/es\/wp-content\/uploads\/sites\/11\/2013\/04\/Avila.jpg?fit=1200%2C900&resize=525%2C300 1.5x, https:\/\/i0.wp.com\/vincentians.com\/es\/wp-content\/uploads\/sites\/11\/2013\/04\/Avila.jpg?fit=1200%2C900&resize=700%2C400 2x, https:\/\/i0.wp.com\/vincentians.com\/es\/wp-content\/uploads\/sites\/11\/2013\/04\/Avila.jpg?fit=1200%2C900&resize=1050%2C600 3x"},"classes":[]}],"_links":{"self":[{"href":"http:\/\/vincentians.com\/es\/wp-json\/wp\/v2\/posts\/121814","targetHints":{"allow":["GET"]}}],"collection":[{"href":"http:\/\/vincentians.com\/es\/wp-json\/wp\/v2\/posts"}],"about":[{"href":"http:\/\/vincentians.com\/es\/wp-json\/wp\/v2\/types\/post"}],"author":[{"embeddable":true,"href":"http:\/\/vincentians.com\/es\/wp-json\/wp\/v2\/users\/4"}],"replies":[{"embeddable":true,"href":"http:\/\/vincentians.com\/es\/wp-json\/wp\/v2\/comments?post=121814"}],"version-history":[{"count":1,"href":"http:\/\/vincentians.com\/es\/wp-json\/wp\/v2\/posts\/121814\/revisions"}],"predecessor-version":[{"id":404160,"href":"http:\/\/vincentians.com\/es\/wp-json\/wp\/v2\/posts\/121814\/revisions\/404160"}],"wp:featuredmedia":[{"embeddable":true,"href":"http:\/\/vincentians.com\/es\/wp-json\/wp\/v2\/media\/404159"}],"wp:attachment":[{"href":"http:\/\/vincentians.com\/es\/wp-json\/wp\/v2\/media?parent=121814"}],"wp:term":[{"taxonomy":"category","embeddable":true,"href":"http:\/\/vincentians.com\/es\/wp-json\/wp\/v2\/categories?post=121814"},{"taxonomy":"post_tag","embeddable":true,"href":"http:\/\/vincentians.com\/es\/wp-json\/wp\/v2\/tags?post=121814"}],"curies":[{"name":"wp","href":"https:\/\/api.w.org\/{rel}","templated":true}]}}