{"id":121696,"date":"2022-04-15T08:10:19","date_gmt":"2022-04-15T06:10:19","guid":{"rendered":"http:\/\/somos.vicencianos.org\/?p=121696"},"modified":"2022-02-14T09:22:14","modified_gmt":"2022-02-14T08:22:14","slug":"curso-de-doctrina-social-de-la-iglesia-en-power-point","status":"publish","type":"post","link":"http:\/\/vincentians.com\/es\/curso-de-doctrina-social-de-la-iglesia-en-power-point\/","title":{"rendered":"Curso de Doctrina Social de la Iglesia (en Power Point)"},"content":{"rendered":"<p>Presentamos un curso de Doctrina Social de la Iglesia en 10 Power Points, realizados por\u00a0Serge Nicoloff, y basado en los manuales de la Biblioteca de Iniciaci\u00f3n Teol\u00f3gica de Editorial Rialp.<\/p>\n<blockquote><p>Se llama <b>Doctrina Social de la Iglesia <\/b>a ese cuerpo de principios desarrollados a trav\u00e9s del tiempo para dar justas orientaciones ante las realidades sociales, econ\u00f3micas y pol\u00edticas en constante evoluci\u00f3n.<\/p>\n<p>Ofrece una visi\u00f3n de un orden socio-econ\u00f3mico en que no s\u00f3lo domine el criterio del lucro y lo material, sino que busque el bien com\u00fan en la construcci\u00f3n de un sistema de acuerdo con el desarrollo de la dignidad humana.<\/p>\n<p>La misma expresi\u00f3n \u00abdoctrina social\u00bb fue usada por el primera vez por P\u00edo XI en su enc\u00edclica <i>Quadragesimo anno<\/i><sup id=\"cite_ref-3\"><\/sup> quien cita a Le\u00f3n XIII, aun cuando reconoce que la preocupaci\u00f3n por los problemas econ\u00f3micos y sociales es anterior a la <i>Rerum novarum<\/i>.<\/p><\/blockquote>\n<h2>Descarga los Power Points aqu\u00ed:<\/h2>\n<table border=\"0\" width=\"100%\">\n<tbody>\n<tr>\n<td width=\"50%\">01 Doctrina Social:<\/td>\n<td width=\"50%\">02 Dignidad y derechos de la persona:<\/td>\n<\/tr>\n<tr>\n<td width=\"50%\"><a href=\"http:\/\/vicencianos.org\/?dl_id=245\" target=\"_blank\" rel=\"noopener\"><img data-recalc-dims=\"1\" loading=\"lazy\" decoding=\"async\" src=\"https:\/\/i0.wp.com\/vicencianos.org\/vicencianos\/files\/ppt.png?resize=256%2C256\" alt=\"PDF\" width=\"256\" height=\"256\" \/><\/a><\/td>\n<td width=\"50%\"><a href=\"http:\/\/vicencianos.org\/?dl_id=246\" target=\"_blank\" rel=\"noopener\"><img data-recalc-dims=\"1\" loading=\"lazy\" decoding=\"async\" src=\"https:\/\/i0.wp.com\/vicencianos.org\/vicencianos\/files\/ppt.png?resize=256%2C256\" alt=\"PDF\" width=\"256\" height=\"256\" \/><\/a><\/td>\n<\/tr>\n<tr>\n<td width=\"50%\">03 Persona y Sociedad:<\/td>\n<td width=\"50%\">04 Principios Fundamentales:<\/td>\n<\/tr>\n<tr>\n<td width=\"50%\"><a href=\"http:\/\/vicencianos.org\/?dl_id=247\" target=\"_blank\" rel=\"noopener\"><img data-recalc-dims=\"1\" loading=\"lazy\" decoding=\"async\" src=\"https:\/\/i0.wp.com\/vicencianos.org\/vicencianos\/files\/ppt.png?resize=256%2C256\" alt=\"PDF\" width=\"256\" height=\"256\" \/><\/a><\/td>\n<td width=\"50%\"><a href=\"http:\/\/vicencianos.org\/?dl_id=248\" target=\"_blank\" rel=\"noopener\"><img data-recalc-dims=\"1\" loading=\"lazy\" decoding=\"async\" src=\"https:\/\/i0.wp.com\/vicencianos.org\/vicencianos\/files\/ppt.png?resize=256%2C256\" alt=\"PDF\" width=\"256\" height=\"256\" \/><\/a><\/td>\n<\/tr>\n<tr>\n<td width=\"50%\">05 Familia y Educaci\u00f3n:<\/td>\n<td width=\"50%\">06 Trabajo y Empresa:<\/td>\n<\/tr>\n<tr>\n<td width=\"50%\"><a href=\"http:\/\/vicencianos.org\/?dl_id=249\" target=\"_blank\" rel=\"noopener\"><img data-recalc-dims=\"1\" loading=\"lazy\" decoding=\"async\" src=\"https:\/\/i0.wp.com\/vicencianos.org\/vicencianos\/files\/ppt.png?resize=256%2C256\" alt=\"PDF\" width=\"256\" height=\"256\" \/><\/a><\/td>\n<td width=\"50%\"><a href=\"http:\/\/vicencianos.org\/?dl_id=250\" target=\"_blank\" rel=\"noopener\"><img data-recalc-dims=\"1\" loading=\"lazy\" decoding=\"async\" src=\"https:\/\/i0.wp.com\/vicencianos.org\/vicencianos\/files\/ppt.png?resize=256%2C256\" alt=\"PDF\" width=\"256\" height=\"256\" \/><\/a><\/td>\n<\/tr>\n<tr>\n<td width=\"50%\">07 Actividad Econ\u00f3mica:<\/td>\n<td width=\"50%\">08 Desarrollo y Ecolog\u00eda:<\/td>\n<\/tr>\n<tr>\n<td width=\"50%\"><a href=\"http:\/\/vicencianos.org\/?dl_id=251\" target=\"_blank\" rel=\"noopener\"><img data-recalc-dims=\"1\" loading=\"lazy\" decoding=\"async\" src=\"https:\/\/i0.wp.com\/vicencianos.org\/vicencianos\/files\/ppt.png?resize=256%2C256\" alt=\"PDF\" width=\"256\" height=\"256\" \/><\/a><\/td>\n<td width=\"50%\"><a href=\"http:\/\/vicencianos.org\/?dl_id=252\" target=\"_blank\" rel=\"noopener\"><img data-recalc-dims=\"1\" loading=\"lazy\" decoding=\"async\" src=\"https:\/\/i0.wp.com\/vicencianos.org\/vicencianos\/files\/ppt.png?resize=256%2C256\" alt=\"PDF\" width=\"256\" height=\"256\" \/><\/a><\/td>\n<\/tr>\n<tr>\n<td width=\"50%\">09 Participacion en la Vida P\u00fablica:<\/td>\n<td width=\"50%\">10 Orden Internacional:<\/td>\n<\/tr>\n<tr>\n<td width=\"50%\"><a href=\"http:\/\/vicencianos.org\/?dl_id=253\" target=\"_blank\" rel=\"noopener\"><img data-recalc-dims=\"1\" loading=\"lazy\" decoding=\"async\" src=\"https:\/\/i0.wp.com\/vicencianos.org\/vicencianos\/files\/ppt.png?resize=256%2C256\" alt=\"PDF\" width=\"256\" height=\"256\" \/><\/a><\/td>\n<td width=\"50%\"><a href=\"http:\/\/vicencianos.org\/?dl_id=254\" target=\"_blank\" rel=\"noopener\"><img data-recalc-dims=\"1\" loading=\"lazy\" decoding=\"async\" src=\"https:\/\/i0.wp.com\/vicencianos.org\/vicencianos\/files\/ppt.png?resize=256%2C256\" alt=\"PDF\" width=\"256\" height=\"256\" \/><\/a><\/td>\n<\/tr>\n<\/tbody>\n<\/table>\n","protected":false},"excerpt":{"rendered":"<p>Presentamos un curso de Doctrina Social de la Iglesia en 10 Power Points, realizados por\u00a0Serge Nicoloff, y basado en los manuales de la Biblioteca de Iniciaci\u00f3n Teol\u00f3gica de Editorial Rialp. Se llama Doctrina Social de &#8230; <a href=\"http:\/\/vincentians.com\/es\/curso-de-doctrina-social-de-la-iglesia-en-power-point\/\" class=\"more-link\">Read More<\/a><\/p>\n","protected":false},"author":4,"featured_media":404141,"comment_status":"open","ping_status":"open","sticky":false,"template":"","format":"standard","meta":{"jetpack_post_was_ever_published":false,"_jetpack_newsletter_access":"","_jetpack_dont_email_post_to_subs":false,"_jetpack_newsletter_tier_id":0,"_jetpack_memberships_contains_paywalled_content":false,"_jetpack_memberships_contains_paid_content":false,"footnotes":"","jetpack_publicize_message":"","jetpack_publicize_feature_enabled":true,"jetpack_social_post_already_shared":true,"jetpack_social_options":{"image_generator_settings":{"template":"highway","default_image_id":0,"font":"","enabled":false},"version":2}},"categories":[81],"tags":[],"class_list":["post-121696","post","type-post","status-publish","format-standard","has-post-thumbnail","hentry","category-doctrina-social-de-la-iglesia"],"yoast_head":"<!-- This site is optimized with the Yoast SEO plugin v26.3 - https:\/\/yoast.com\/wordpress\/plugins\/seo\/ -->\n<title>Curso de Doctrina Social de la Iglesia (en Power Point) - Somos Vicencianos<\/title>\n<meta name=\"robots\" content=\"index, follow, max-snippet:-1, max-image-preview:large, max-video-preview:-1\" \/>\n<link rel=\"canonical\" href=\"https:\/\/vincentians.com\/es\/curso-de-doctrina-social-de-la-iglesia-en-power-point\/\" \/>\n<meta property=\"og:locale\" content=\"es_ES\" \/>\n<meta property=\"og:type\" content=\"article\" \/>\n<meta property=\"og:title\" content=\"Curso de Doctrina Social de la Iglesia (en Power Point) - Somos Vicencianos\" \/>\n<meta property=\"og:description\" content=\"Presentamos un curso de Doctrina Social de la Iglesia en 10 Power Points, realizados por\u00a0Serge Nicoloff, y basado en los manuales de la Biblioteca de Iniciaci\u00f3n Teol\u00f3gica de Editorial Rialp. Se llama Doctrina Social de ... Read More\" \/>\n<meta property=\"og:url\" content=\"https:\/\/vincentians.com\/es\/curso-de-doctrina-social-de-la-iglesia-en-power-point\/\" \/>\n<meta property=\"og:site_name\" content=\"Somos Vicencianos\" \/>\n<meta property=\"article:publisher\" content=\"https:\/\/www.facebook.com\/WeAreVincentians\/\" \/>\n<meta property=\"article:author\" content=\"https:\/\/www.facebook.com\/JavierChento\" \/>\n<meta property=\"article:published_time\" content=\"2022-04-15T06:10:19+00:00\" \/>\n<meta property=\"og:image\" content=\"https:\/\/i0.wp.com\/vincentians.com\/es\/wp-content\/uploads\/sites\/11\/2013\/04\/msoF811D.jpg?fit=612%2C490&ssl=1\" \/>\n\t<meta property=\"og:image:width\" content=\"612\" \/>\n\t<meta property=\"og:image:height\" content=\"490\" \/>\n\t<meta property=\"og:image:type\" content=\"image\/jpeg\" \/>\n<meta name=\"author\" content=\"Francisco Javier Fern\u00e1ndez Chento\" \/>\n<meta name=\"twitter:card\" content=\"summary_large_image\" \/>\n<meta name=\"twitter:creator\" content=\"@https:\/\/twitter.com\/javierchento\" \/>\n<meta name=\"twitter:site\" content=\"@WeVincentians\" \/>\n<meta name=\"twitter:label1\" content=\"Escrito por\" \/>\n\t<meta name=\"twitter:data1\" content=\"Francisco Javier Fern\u00e1ndez Chento\" \/>\n\t<meta name=\"twitter:label2\" content=\"Tiempo de lectura\" \/>\n\t<meta name=\"twitter:data2\" content=\"1 minuto\" \/>\n<script type=\"application\/ld+json\" class=\"yoast-schema-graph\">{\"@context\":\"https:\/\/schema.org\",\"@graph\":[{\"@type\":\"Article\",\"@id\":\"https:\/\/vincentians.com\/es\/curso-de-doctrina-social-de-la-iglesia-en-power-point\/#article\",\"isPartOf\":{\"@id\":\"https:\/\/vincentians.com\/es\/curso-de-doctrina-social-de-la-iglesia-en-power-point\/\"},\"author\":{\"name\":\"Francisco Javier Fern\u00e1ndez Chento\",\"@id\":\"http:\/\/vincentians.com\/es\/#\/schema\/person\/9623ef4d9aa3b2dfb8c061f1499288f2\"},\"headline\":\"Curso de Doctrina Social de la Iglesia (en Power Point)\",\"datePublished\":\"2022-04-15T06:10:19+00:00\",\"mainEntityOfPage\":{\"@id\":\"https:\/\/vincentians.com\/es\/curso-de-doctrina-social-de-la-iglesia-en-power-point\/\"},\"wordCount\":210,\"commentCount\":5,\"publisher\":{\"@id\":\"http:\/\/vincentians.com\/es\/#organization\"},\"image\":{\"@id\":\"https:\/\/vincentians.com\/es\/curso-de-doctrina-social-de-la-iglesia-en-power-point\/#primaryimage\"},\"thumbnailUrl\":\"https:\/\/i0.wp.com\/vincentians.com\/es\/wp-content\/uploads\/sites\/11\/2013\/04\/msoF811D.jpg?fit=612%2C490\",\"articleSection\":[\"Doctrina Social de la Iglesia\"],\"inLanguage\":\"es\",\"potentialAction\":[{\"@type\":\"CommentAction\",\"name\":\"Comment\",\"target\":[\"https:\/\/vincentians.com\/es\/curso-de-doctrina-social-de-la-iglesia-en-power-point\/#respond\"]}]},{\"@type\":\"WebPage\",\"@id\":\"https:\/\/vincentians.com\/es\/curso-de-doctrina-social-de-la-iglesia-en-power-point\/\",\"url\":\"https:\/\/vincentians.com\/es\/curso-de-doctrina-social-de-la-iglesia-en-power-point\/\",\"name\":\"Curso de Doctrina Social de la Iglesia (en Power Point) - Somos Vicencianos\",\"isPartOf\":{\"@id\":\"http:\/\/vincentians.com\/es\/#website\"},\"primaryImageOfPage\":{\"@id\":\"https:\/\/vincentians.com\/es\/curso-de-doctrina-social-de-la-iglesia-en-power-point\/#primaryimage\"},\"image\":{\"@id\":\"https:\/\/vincentians.com\/es\/curso-de-doctrina-social-de-la-iglesia-en-power-point\/#primaryimage\"},\"thumbnailUrl\":\"https:\/\/i0.wp.com\/vincentians.com\/es\/wp-content\/uploads\/sites\/11\/2013\/04\/msoF811D.jpg?fit=612%2C490\",\"datePublished\":\"2022-04-15T06:10:19+00:00\",\"breadcrumb\":{\"@id\":\"https:\/\/vincentians.com\/es\/curso-de-doctrina-social-de-la-iglesia-en-power-point\/#breadcrumb\"},\"inLanguage\":\"es\",\"potentialAction\":[{\"@type\":\"ReadAction\",\"target\":[\"https:\/\/vincentians.com\/es\/curso-de-doctrina-social-de-la-iglesia-en-power-point\/\"]}]},{\"@type\":\"ImageObject\",\"inLanguage\":\"es\",\"@id\":\"https:\/\/vincentians.com\/es\/curso-de-doctrina-social-de-la-iglesia-en-power-point\/#primaryimage\",\"url\":\"https:\/\/i0.wp.com\/vincentians.com\/es\/wp-content\/uploads\/sites\/11\/2013\/04\/msoF811D.jpg?fit=612%2C490\",\"contentUrl\":\"https:\/\/i0.wp.com\/vincentians.com\/es\/wp-content\/uploads\/sites\/11\/2013\/04\/msoF811D.jpg?fit=612%2C490\",\"width\":612,\"height\":490},{\"@type\":\"BreadcrumbList\",\"@id\":\"https:\/\/vincentians.com\/es\/curso-de-doctrina-social-de-la-iglesia-en-power-point\/#breadcrumb\",\"itemListElement\":[{\"@type\":\"ListItem\",\"position\":1,\"name\":\"Portada\",\"item\":\"http:\/\/vincentians.com\/es\/\"},{\"@type\":\"ListItem\",\"position\":2,\"name\":\"Curso de Doctrina Social de la Iglesia (en Power Point)\"}]},{\"@type\":\"WebSite\",\"@id\":\"http:\/\/vincentians.com\/es\/#website\",\"url\":\"http:\/\/vincentians.com\/es\/\",\"name\":\"Somos Vicencianos\",\"description\":\"Know more to serve more\",\"publisher\":{\"@id\":\"http:\/\/vincentians.com\/es\/#organization\"},\"potentialAction\":[{\"@type\":\"SearchAction\",\"target\":{\"@type\":\"EntryPoint\",\"urlTemplate\":\"http:\/\/vincentians.com\/es\/?s={search_term_string}\"},\"query-input\":{\"@type\":\"PropertyValueSpecification\",\"valueRequired\":true,\"valueName\":\"search_term_string\"}}],\"inLanguage\":\"es\"},{\"@type\":\"Organization\",\"@id\":\"http:\/\/vincentians.com\/es\/#organization\",\"name\":\"The Vincentian Network\",\"url\":\"http:\/\/vincentians.com\/es\/\",\"logo\":{\"@type\":\"ImageObject\",\"inLanguage\":\"es\",\"@id\":\"http:\/\/vincentians.com\/es\/#\/schema\/logo\/image\/\",\"url\":\"https:\/\/i1.wp.com\/vincentians.com\/es\/wp-content\/uploads\/sites\/11\/2016\/06\/Vincentian-Network-logo-big.png?fit=778%2C778\",\"contentUrl\":\"https:\/\/i1.wp.com\/vincentians.com\/es\/wp-content\/uploads\/sites\/11\/2016\/06\/Vincentian-Network-logo-big.png?fit=778%2C778\",\"width\":778,\"height\":778,\"caption\":\"The Vincentian Network\"},\"image\":{\"@id\":\"http:\/\/vincentians.com\/es\/#\/schema\/logo\/image\/\"},\"sameAs\":[\"https:\/\/www.facebook.com\/WeAreVincentians\/\",\"https:\/\/x.com\/WeVincentians\"]},{\"@type\":\"Person\",\"@id\":\"http:\/\/vincentians.com\/es\/#\/schema\/person\/9623ef4d9aa3b2dfb8c061f1499288f2\",\"name\":\"Francisco Javier Fern\u00e1ndez Chento\",\"image\":{\"@type\":\"ImageObject\",\"inLanguage\":\"es\",\"@id\":\"http:\/\/vincentians.com\/es\/#\/schema\/person\/image\/\",\"url\":\"https:\/\/secure.gravatar.com\/avatar\/497d5cde87b4c3d097d0315953521681ba2cd523ee66e5077c3711f7021e65de?s=96&d=mm&r=g\",\"contentUrl\":\"https:\/\/secure.gravatar.com\/avatar\/497d5cde87b4c3d097d0315953521681ba2cd523ee66e5077c3711f7021e65de?s=96&d=mm&r=g\",\"caption\":\"Francisco Javier Fern\u00e1ndez Chento\"},\"description\":\"Director General y cofundador de La Red de Formaci\u00f3n Vicenciana. Javier es laico vicenciano, afiliado a la Congregaci\u00f3n de la Misi\u00f3n y miembro del Equipo de Misiones Populares de la provincia can\u00f3nica de Zaragoza (Espa\u00f1a) de la Congregaci\u00f3n de la Misi\u00f3n. Graduado en la Universidad Oberta de Catalunya con cuatro grados (Asistente de direcci\u00f3n, Gesti\u00f3n Administrativa, Recursos Humanos y Contabilidad Avanzada). Bil\u00edng\u00fce Espa\u00f1ol\/Ingl\u00e9s. gestiona y mantiene varias p\u00e1ginas web cristianas y vicencianas, incluida including La Red de Formaci\u00f3n Vicenciana, de la que es cofundador. Actualmente es responsable del \u00e1rea de Espa\u00f1ol de .famvin, la Red de Noticias de la Familia Vicenciana. Tambi\u00e9n es m\u00fasico cat\u00f3lico y ha editado varios discos. Es Director General y cofundador de Trovador, una reconocida compa\u00f1\u00eda discogr\u00e1fica critiana de Espa\u00f1a. Trabaja en las Tecnolog\u00edas de la Informaci\u00f3n, ofreciendo servicios de alojamiento, dise\u00f1o y mantenimiento Web, as\u00ed como asesoramiento, formaci\u00f3n y soluciones inform\u00e1ticas, gesti\u00f3n documental y digitalizaci\u00f3n de textos, edici\u00f3n y maquetaci\u00f3n de libros, revistas, flyers, etc.\",\"sameAs\":[\"http:\/\/chento.org\",\"https:\/\/www.facebook.com\/JavierChento\",\"https:\/\/x.com\/https:\/\/twitter.com\/javierchento\"],\"url\":\"http:\/\/vincentians.com\/es\/author\/chento\/\"}]}<\/script>\n<!-- \/ Yoast SEO plugin. -->","yoast_head_json":{"title":"Curso de Doctrina Social de la Iglesia (en Power Point) - Somos Vicencianos","robots":{"index":"index","follow":"follow","max-snippet":"max-snippet:-1","max-image-preview":"max-image-preview:large","max-video-preview":"max-video-preview:-1"},"canonical":"https:\/\/vincentians.com\/es\/curso-de-doctrina-social-de-la-iglesia-en-power-point\/","og_locale":"es_ES","og_type":"article","og_title":"Curso de Doctrina Social de la Iglesia (en Power Point) - Somos Vicencianos","og_description":"Presentamos un curso de Doctrina Social de la Iglesia en 10 Power Points, realizados por\u00a0Serge Nicoloff, y basado en los manuales de la Biblioteca de Iniciaci\u00f3n Teol\u00f3gica de Editorial Rialp. Se llama Doctrina Social de ... Read More","og_url":"https:\/\/vincentians.com\/es\/curso-de-doctrina-social-de-la-iglesia-en-power-point\/","og_site_name":"Somos Vicencianos","article_publisher":"https:\/\/www.facebook.com\/WeAreVincentians\/","article_author":"https:\/\/www.facebook.com\/JavierChento","article_published_time":"2022-04-15T06:10:19+00:00","og_image":[{"width":612,"height":490,"url":"https:\/\/i0.wp.com\/vincentians.com\/es\/wp-content\/uploads\/sites\/11\/2013\/04\/msoF811D.jpg?fit=612%2C490&ssl=1","type":"image\/jpeg"}],"author":"Francisco Javier Fern\u00e1ndez Chento","twitter_card":"summary_large_image","twitter_creator":"@https:\/\/twitter.com\/javierchento","twitter_site":"@WeVincentians","twitter_misc":{"Escrito por":"Francisco Javier Fern\u00e1ndez Chento","Tiempo de lectura":"1 minuto"},"schema":{"@context":"https:\/\/schema.org","@graph":[{"@type":"Article","@id":"https:\/\/vincentians.com\/es\/curso-de-doctrina-social-de-la-iglesia-en-power-point\/#article","isPartOf":{"@id":"https:\/\/vincentians.com\/es\/curso-de-doctrina-social-de-la-iglesia-en-power-point\/"},"author":{"name":"Francisco Javier Fern\u00e1ndez Chento","@id":"http:\/\/vincentians.com\/es\/#\/schema\/person\/9623ef4d9aa3b2dfb8c061f1499288f2"},"headline":"Curso de Doctrina Social de la Iglesia (en Power Point)","datePublished":"2022-04-15T06:10:19+00:00","mainEntityOfPage":{"@id":"https:\/\/vincentians.com\/es\/curso-de-doctrina-social-de-la-iglesia-en-power-point\/"},"wordCount":210,"commentCount":5,"publisher":{"@id":"http:\/\/vincentians.com\/es\/#organization"},"image":{"@id":"https:\/\/vincentians.com\/es\/curso-de-doctrina-social-de-la-iglesia-en-power-point\/#primaryimage"},"thumbnailUrl":"https:\/\/i0.wp.com\/vincentians.com\/es\/wp-content\/uploads\/sites\/11\/2013\/04\/msoF811D.jpg?fit=612%2C490","articleSection":["Doctrina Social de la Iglesia"],"inLanguage":"es","potentialAction":[{"@type":"CommentAction","name":"Comment","target":["https:\/\/vincentians.com\/es\/curso-de-doctrina-social-de-la-iglesia-en-power-point\/#respond"]}]},{"@type":"WebPage","@id":"https:\/\/vincentians.com\/es\/curso-de-doctrina-social-de-la-iglesia-en-power-point\/","url":"https:\/\/vincentians.com\/es\/curso-de-doctrina-social-de-la-iglesia-en-power-point\/","name":"Curso de Doctrina Social de la Iglesia (en Power Point) - Somos Vicencianos","isPartOf":{"@id":"http:\/\/vincentians.com\/es\/#website"},"primaryImageOfPage":{"@id":"https:\/\/vincentians.com\/es\/curso-de-doctrina-social-de-la-iglesia-en-power-point\/#primaryimage"},"image":{"@id":"https:\/\/vincentians.com\/es\/curso-de-doctrina-social-de-la-iglesia-en-power-point\/#primaryimage"},"thumbnailUrl":"https:\/\/i0.wp.com\/vincentians.com\/es\/wp-content\/uploads\/sites\/11\/2013\/04\/msoF811D.jpg?fit=612%2C490","datePublished":"2022-04-15T06:10:19+00:00","breadcrumb":{"@id":"https:\/\/vincentians.com\/es\/curso-de-doctrina-social-de-la-iglesia-en-power-point\/#breadcrumb"},"inLanguage":"es","potentialAction":[{"@type":"ReadAction","target":["https:\/\/vincentians.com\/es\/curso-de-doctrina-social-de-la-iglesia-en-power-point\/"]}]},{"@type":"ImageObject","inLanguage":"es","@id":"https:\/\/vincentians.com\/es\/curso-de-doctrina-social-de-la-iglesia-en-power-point\/#primaryimage","url":"https:\/\/i0.wp.com\/vincentians.com\/es\/wp-content\/uploads\/sites\/11\/2013\/04\/msoF811D.jpg?fit=612%2C490","contentUrl":"https:\/\/i0.wp.com\/vincentians.com\/es\/wp-content\/uploads\/sites\/11\/2013\/04\/msoF811D.jpg?fit=612%2C490","width":612,"height":490},{"@type":"BreadcrumbList","@id":"https:\/\/vincentians.com\/es\/curso-de-doctrina-social-de-la-iglesia-en-power-point\/#breadcrumb","itemListElement":[{"@type":"ListItem","position":1,"name":"Portada","item":"http:\/\/vincentians.com\/es\/"},{"@type":"ListItem","position":2,"name":"Curso de Doctrina Social de la Iglesia (en Power Point)"}]},{"@type":"WebSite","@id":"http:\/\/vincentians.com\/es\/#website","url":"http:\/\/vincentians.com\/es\/","name":"Somos Vicencianos","description":"Know more to serve more","publisher":{"@id":"http:\/\/vincentians.com\/es\/#organization"},"potentialAction":[{"@type":"SearchAction","target":{"@type":"EntryPoint","urlTemplate":"http:\/\/vincentians.com\/es\/?s={search_term_string}"},"query-input":{"@type":"PropertyValueSpecification","valueRequired":true,"valueName":"search_term_string"}}],"inLanguage":"es"},{"@type":"Organization","@id":"http:\/\/vincentians.com\/es\/#organization","name":"The Vincentian Network","url":"http:\/\/vincentians.com\/es\/","logo":{"@type":"ImageObject","inLanguage":"es","@id":"http:\/\/vincentians.com\/es\/#\/schema\/logo\/image\/","url":"https:\/\/i1.wp.com\/vincentians.com\/es\/wp-content\/uploads\/sites\/11\/2016\/06\/Vincentian-Network-logo-big.png?fit=778%2C778","contentUrl":"https:\/\/i1.wp.com\/vincentians.com\/es\/wp-content\/uploads\/sites\/11\/2016\/06\/Vincentian-Network-logo-big.png?fit=778%2C778","width":778,"height":778,"caption":"The Vincentian Network"},"image":{"@id":"http:\/\/vincentians.com\/es\/#\/schema\/logo\/image\/"},"sameAs":["https:\/\/www.facebook.com\/WeAreVincentians\/","https:\/\/x.com\/WeVincentians"]},{"@type":"Person","@id":"http:\/\/vincentians.com\/es\/#\/schema\/person\/9623ef4d9aa3b2dfb8c061f1499288f2","name":"Francisco Javier Fern\u00e1ndez Chento","image":{"@type":"ImageObject","inLanguage":"es","@id":"http:\/\/vincentians.com\/es\/#\/schema\/person\/image\/","url":"https:\/\/secure.gravatar.com\/avatar\/497d5cde87b4c3d097d0315953521681ba2cd523ee66e5077c3711f7021e65de?s=96&d=mm&r=g","contentUrl":"https:\/\/secure.gravatar.com\/avatar\/497d5cde87b4c3d097d0315953521681ba2cd523ee66e5077c3711f7021e65de?s=96&d=mm&r=g","caption":"Francisco Javier Fern\u00e1ndez Chento"},"description":"Director General y cofundador de La Red de Formaci\u00f3n Vicenciana. Javier es laico vicenciano, afiliado a la Congregaci\u00f3n de la Misi\u00f3n y miembro del Equipo de Misiones Populares de la provincia can\u00f3nica de Zaragoza (Espa\u00f1a) de la Congregaci\u00f3n de la Misi\u00f3n. Graduado en la Universidad Oberta de Catalunya con cuatro grados (Asistente de direcci\u00f3n, Gesti\u00f3n Administrativa, Recursos Humanos y Contabilidad Avanzada). Bil\u00edng\u00fce Espa\u00f1ol\/Ingl\u00e9s. gestiona y mantiene varias p\u00e1ginas web cristianas y vicencianas, incluida including La Red de Formaci\u00f3n Vicenciana, de la que es cofundador. Actualmente es responsable del \u00e1rea de Espa\u00f1ol de .famvin, la Red de Noticias de la Familia Vicenciana. Tambi\u00e9n es m\u00fasico cat\u00f3lico y ha editado varios discos. Es Director General y cofundador de Trovador, una reconocida compa\u00f1\u00eda discogr\u00e1fica critiana de Espa\u00f1a. Trabaja en las Tecnolog\u00edas de la Informaci\u00f3n, ofreciendo servicios de alojamiento, dise\u00f1o y mantenimiento Web, as\u00ed como asesoramiento, formaci\u00f3n y soluciones inform\u00e1ticas, gesti\u00f3n documental y digitalizaci\u00f3n de textos, edici\u00f3n y maquetaci\u00f3n de libros, revistas, flyers, etc.","sameAs":["http:\/\/chento.org","https:\/\/www.facebook.com\/JavierChento","https:\/\/x.com\/https:\/\/twitter.com\/javierchento"],"url":"http:\/\/vincentians.com\/es\/author\/chento\/"}]}},"jetpack_publicize_connections":[],"jetpack_featured_media_url":"https:\/\/i0.wp.com\/vincentians.com\/es\/wp-content\/uploads\/sites\/11\/2013\/04\/msoF811D.jpg?fit=612%2C490","jetpack_sharing_enabled":true,"jetpack_shortlink":"https:\/\/wp.me\/p7ETMF-vEQ","jetpack-related-posts":[{"id":121908,"url":"http:\/\/vincentians.com\/es\/la-naturaleza-de-la-ensenanza-social-de-la-iglesia\/","url_meta":{"origin":121696,"position":0},"title":"La naturaleza de la ense\u00f1anza social de la Iglesia","author":"Francisco Javier Fern\u00e1ndez Chento","date":"07\/05\/2013","format":false,"excerpt":"I. La Iglesia como Madre y Maestra 1. Madre y Maestra de pueblos, la Iglesia cat\u00f3lica fue fundada como tal por Jesucristo para que, en el transcurso de los siglos, encontraran su salvaci\u00f3n, con la plenitud de una vida m\u00e1s excelente, todos cuantos hab\u00edan de entrar en el seno de\u2026","rel":"","context":"En \u00abDoctrina Social de la Iglesia\u00bb","block_context":{"text":"Doctrina Social de la Iglesia","link":"http:\/\/vincentians.com\/es\/category\/formacion-cristiana\/doctrina-social-de-la-iglesia\/"},"img":{"alt_text":"","src":"","width":0,"height":0},"classes":[]},{"id":116538,"url":"http:\/\/vincentians.com\/es\/christus-dominus\/","url_meta":{"origin":121696,"position":1},"title":"Christus Dominus","author":"Francisco Javier Fern\u00e1ndez Chento","date":"17\/12\/2012","format":false,"excerpt":"DECRETO CHRISTUS DOMINUS SOBRE EL MINISTERIO PASTORAL DE LOS OBISPOS Proemio 1. Cristo Se\u00f1or, Hijo de Dios vivo, que vino a salvar del pecado a su pueblo y a santificar a todos los hombres, como El fue enviado por el Padre, as\u00ed tambi\u00e9n envi\u00f3 a sus Ap\u00f3stoles, a quienes santific\u00f3,\u2026","rel":"","context":"En \u00abConcilio Vaticano II\u00bb","block_context":{"text":"Concilio Vaticano II","link":"http:\/\/vincentians.com\/es\/category\/formacion-cristiana\/concilios-ecumenicos\/concilio-vaticano-ii\/"},"img":{"alt_text":"christus_dominus","src":"https:\/\/i0.wp.com\/vicencianos.org\/wp-content\/2012\/12\/christus_dominus-244x300.jpg?resize=350%2C200","width":350,"height":200},"classes":[]},{"id":118075,"url":"http:\/\/vincentians.com\/es\/anotaciones-al-decreto-conciliar-perfectae-caritatis-iii\/","url_meta":{"origin":121696,"position":2},"title":"Anotaciones al decreto conciliar \u00abPerfectae Caritatis\u00bb (III)","author":"Francisco Javier Fern\u00e1ndez Chento","date":"17\/09\/2021","format":false,"excerpt":"VIII.\u2014Verdadera renovaci\u00f3n en Cristo por la Caridad La vida religiosa est\u00e1 unida al misterio de Cristo y de su Iglesia. El seguimiento, la imitaci\u00f3n de Cristo, mejor a\u00fan, la \"continuidad de Cris\u00adto\", en t\u00e9rminos de San Vicente, es la \"norma \u00faltima\" de la vida re\u00adligiosa, seg\u00fan el decreto conciliar. Seguir\u2026","rel":"","context":"En \u00abFormaci\u00f3n Cristiana\u00bb","block_context":{"text":"Formaci\u00f3n Cristiana","link":"http:\/\/vincentians.com\/es\/category\/formacion-cristiana\/"},"img":{"alt_text":"","src":"https:\/\/i0.wp.com\/vincentians.com\/es\/wp-content\/uploads\/sites\/11\/2016\/09\/identidad.jpg?fit=1200%2C630&resize=350%2C200","width":350,"height":200,"srcset":"https:\/\/i0.wp.com\/vincentians.com\/es\/wp-content\/uploads\/sites\/11\/2016\/09\/identidad.jpg?fit=1200%2C630&resize=350%2C200 1x, https:\/\/i0.wp.com\/vincentians.com\/es\/wp-content\/uploads\/sites\/11\/2016\/09\/identidad.jpg?fit=1200%2C630&resize=525%2C300 1.5x, https:\/\/i0.wp.com\/vincentians.com\/es\/wp-content\/uploads\/sites\/11\/2016\/09\/identidad.jpg?fit=1200%2C630&resize=700%2C400 2x, https:\/\/i0.wp.com\/vincentians.com\/es\/wp-content\/uploads\/sites\/11\/2016\/09\/identidad.jpg?fit=1200%2C630&resize=1050%2C600 3x"},"classes":[]},{"id":121548,"url":"http:\/\/vincentians.com\/es\/enciclica-quadragesimo-anno\/","url_meta":{"origin":121696,"position":3},"title":"Enc\u00edclica Quadragesimo anno","author":"Francisco Javier Fern\u00e1ndez Chento","date":"13\/04\/2022","format":false,"excerpt":"Cuando se public\u00f3 la enc\u00edclica Quadragesimo anno se hab\u00eda producido un notable cambio en las circunstancias sociales y econ\u00f3micas respecto a las que reg\u00edan cuando se public\u00f3 la enc\u00edclica Rerum novarum. Tres eran los principales datos de ese cambio: El mal padecido por la sociedad en 1891 era la lucha\u2026","rel":"","context":"En \u00abDocumentos Pontificios\u00bb","block_context":{"text":"Documentos Pontificios","link":"http:\/\/vincentians.com\/es\/category\/formacion-cristiana\/documentos-pontificios\/"},"img":{"alt_text":"","src":"https:\/\/i0.wp.com\/vincentians.com\/es\/wp-content\/uploads\/sites\/11\/2013\/04\/Biblioteca_panoramica.jpg?fit=750%2C500&resize=350%2C200","width":350,"height":200,"srcset":"https:\/\/i0.wp.com\/vincentians.com\/es\/wp-content\/uploads\/sites\/11\/2013\/04\/Biblioteca_panoramica.jpg?fit=750%2C500&resize=350%2C200 1x, https:\/\/i0.wp.com\/vincentians.com\/es\/wp-content\/uploads\/sites\/11\/2013\/04\/Biblioteca_panoramica.jpg?fit=750%2C500&resize=525%2C300 1.5x, https:\/\/i0.wp.com\/vincentians.com\/es\/wp-content\/uploads\/sites\/11\/2013\/04\/Biblioteca_panoramica.jpg?fit=750%2C500&resize=700%2C400 2x"},"classes":[]},{"id":121767,"url":"http:\/\/vincentians.com\/es\/enciclica-mater-et-magistra\/","url_meta":{"origin":121696,"position":4},"title":"Enc\u00edclica Mater et Magistra","author":"Francisco Javier Fern\u00e1ndez Chento","date":"23\/04\/2022","format":false,"excerpt":"Contexto Ya hab\u00edan pasado setenta a\u00f1os de que Le\u00f3n XIII hab\u00eda escrito la enc\u00edclica conocida como la Carta Magna del Trabajo , cuando el 15 de mayo de 1961 Juan XXIII dio a conocer su ense\u00f1anza social en Mater et Magistra . Los problemas sociales de m\u00e1s de un siglo\u2026","rel":"","context":"En \u00abDocumentos Pontificios\u00bb","block_context":{"text":"Documentos Pontificios","link":"http:\/\/vincentians.com\/es\/category\/formacion-cristiana\/documentos-pontificios\/"},"img":{"alt_text":"DOC","src":"https:\/\/i0.wp.com\/vicencianos.org\/vicencianos\/files\/doc.png?resize=350%2C200","width":350,"height":200},"classes":[]},{"id":119812,"url":"http:\/\/vincentians.com\/es\/la-predicacion-en-las-misiones-populares-dadas-por-los-pp-paules-en-espana-1940-1970\/","url_meta":{"origin":121696,"position":5},"title":"La predicaci\u00f3n en las misiones populares dadas por los PP. Pa\u00fales en Espa\u00f1a (1940-1970)","author":"Francisco Javier Fern\u00e1ndez Chento","date":"04\/05\/2013","format":false,"excerpt":"Introducci\u00f3n Despu\u00e9s de habernos situado en lo que fueron las misiones populares en el per\u00edodo 1940-1975 queremos presentar ahora cu\u00e1l era el mensaje doctrinal transmitido, es decir, cu\u00e1l era la predicaci\u00f3n que se hac\u00eda. Hay que notar que hemos reducido el per\u00edodo de estudio en cinco a\u00f1os (1940-1970). La raz\u00f3n\u2026","rel":"","context":"En \u00abMisiones \u00abAd gentes\u00bb\u00bb","block_context":{"text":"Misiones \u00abAd gentes\u00bb","link":"http:\/\/vincentians.com\/es\/category\/servicios-y-ministerios\/misiones-ad-gentes\/"},"img":{"alt_text":"mission-cross","src":"https:\/\/i0.wp.com\/vicencianos.org\/wp-content\/2013\/04\/mission-cross-300x225.jpg?resize=350%2C200","width":350,"height":200},"classes":[]}],"_links":{"self":[{"href":"http:\/\/vincentians.com\/es\/wp-json\/wp\/v2\/posts\/121696","targetHints":{"allow":["GET"]}}],"collection":[{"href":"http:\/\/vincentians.com\/es\/wp-json\/wp\/v2\/posts"}],"about":[{"href":"http:\/\/vincentians.com\/es\/wp-json\/wp\/v2\/types\/post"}],"author":[{"embeddable":true,"href":"http:\/\/vincentians.com\/es\/wp-json\/wp\/v2\/users\/4"}],"replies":[{"embeddable":true,"href":"http:\/\/vincentians.com\/es\/wp-json\/wp\/v2\/comments?post=121696"}],"version-history":[{"count":2,"href":"http:\/\/vincentians.com\/es\/wp-json\/wp\/v2\/posts\/121696\/revisions"}],"predecessor-version":[{"id":404142,"href":"http:\/\/vincentians.com\/es\/wp-json\/wp\/v2\/posts\/121696\/revisions\/404142"}],"wp:featuredmedia":[{"embeddable":true,"href":"http:\/\/vincentians.com\/es\/wp-json\/wp\/v2\/media\/404141"}],"wp:attachment":[{"href":"http:\/\/vincentians.com\/es\/wp-json\/wp\/v2\/media?parent=121696"}],"wp:term":[{"taxonomy":"category","embeddable":true,"href":"http:\/\/vincentians.com\/es\/wp-json\/wp\/v2\/categories?post=121696"},{"taxonomy":"post_tag","embeddable":true,"href":"http:\/\/vincentians.com\/es\/wp-json\/wp\/v2\/tags?post=121696"}],"curies":[{"name":"wp","href":"https:\/\/api.w.org\/{rel}","templated":true}]}}