{"id":12155,"date":"2013-11-25T08:17:42","date_gmt":"2013-11-25T07:17:42","guid":{"rendered":"http:\/\/somos.vicencianos.org\/blog\/?p=12155"},"modified":"2013-11-25T08:17:42","modified_gmt":"2013-11-25T07:17:42","slug":"caracter-propio-de-los-centros-educativos-vicencianos","status":"publish","type":"post","link":"http:\/\/vincentians.com\/es\/caracter-propio-de-los-centros-educativos-vicencianos\/","title":{"rendered":"Car\u00e1cter Propio De Los Centros Educativos Vicencianos"},"content":{"rendered":"<p style=\"text-align: justify\"><strong><span style=\"text-decoration: underline\"><a href=\"https:\/\/i0.wp.com\/vicencianos.org\/vicencianos\/files\/2010\/03\/logo-vicente.jpg\"><img data-recalc-dims=\"1\" loading=\"lazy\" decoding=\"async\" class=\"alignright size-full wp-image-12157\" alt=\"\" src=\"https:\/\/i0.wp.com\/vicencianos.org\/vicencianos\/files\/2010\/03\/logo-vicente.jpg?resize=237%2C255\" width=\"237\" height=\"255\" \/><\/a>Pre\u00e1mbulo <\/span><\/strong><\/p>\n<p style=\"text-align: justify\">En el marco de la ESCUELA CAT\u00d3LICA y con esp\u00edritu de colaboraci\u00f3n y servicio a una sociedad plural y a la Iglesia, la entidad titular de los Centros Educativos Vicencianos ofrece el Car\u00e1cter Propio:<\/p>\n<ul style=\"text-align: justify\">\n<li>Como signo de la presencia del Reino de Dios en el mundo de la educaci\u00f3n y gesto de FE y ESPERANZA en la posibilidad de un Hombre Nuevo.<\/li>\n<li>Como respuesta a las familias que deciden dar a sus hijos una educaci\u00f3n cristiana.<\/li>\n<\/ul>\n<h2 style=\"text-align: justify\"><strong><span style=\"text-decoration: underline\">1.- Escuela cristiana &#8211; vicenciana<\/span><\/strong><\/h2>\n<p style=\"text-align: justify\">Los Centros Vicencianos definen su misi\u00f3n educativa, orientada al desarrollo integral de la persona, seg\u00fan el Evangelio y con un estilo propio.<\/p>\n<p style=\"text-align: justify\">Como Escuela Cristiana, nuestros centros se proponen presentar el mensaje de Jesucristo y la Religi\u00f3n Cat\u00f3lica en la realidad socio-cultural de cada lugar, como expresi\u00f3n de su identidad y de su vocaci\u00f3n evangelizadora.<\/p>\n<p style=\"text-align: justify\">Como Escuela Vicenciana, inspirada en nuestros Fundadores, Vicente de Pa\u00fal y Luisa de Marillac, basan sus esfuerzos en la integraci\u00f3n social de los alumnos, la sensibilizaci\u00f3n por los necesitados y la valoraci\u00f3n del saber como medio para servir mejor a los dem\u00e1s.<\/p>\n<p style=\"text-align: justify\"><strong>Principios inspiradores del estilo educativo de la Escuela Vicenciana: <\/strong><\/p>\n<ul style=\"text-align: justify\">\n<li>Formaci\u00f3n integral de los alumnos de acuerdo con una concepci\u00f3n cristiana de la persona, de la vida y del mundo.<\/li>\n<li>Opci\u00f3n por los m\u00e1s d\u00e9biles en su nivel econ\u00f3mico, capacidad intelectual u otro tipo de limitaci\u00f3n.<\/li>\n<li>Vivencia de los valores evang\u00e9licos, a trav\u00e9s de los cuales revelamos que Dios nos ama.<\/li>\n<li>Compromiso por la justicia y la solidaridad universal, con una participaci\u00f3n activa en la transformaci\u00f3n y mejora de la sociedad.<\/li>\n<li>Relaciones y clima educativo basados en la sencillez.<\/li>\n<li>Respeto a la vida y a la naturaleza, fomentando la responsabilidad ante el progreso de la ciencia y la tecnolog\u00eda.<\/li>\n<\/ul>\n<h2 style=\"text-align: justify\"><strong><span style=\"text-decoration: underline\">2.- Aspectos de nuestra acci\u00f3n educativa<\/span><\/strong><\/h2>\n<p style=\"text-align: justify\">Estos PRINCIPIOS INSPIRADORES animan la acci\u00f3n educativa basada en una PEDAGOG\u00cdA ABIERTA, FLEXIBLE Y CONSTRUCTIVA, que se adapta a las necesidades de los alumnos y que incorpora las innovaciones did\u00e1cticas que la calidad educativa exige. En coherencia con estos principios, favorecemos:<\/p>\n<ul style=\"text-align: justify\">\n<li><strong>La educaci\u00f3n integral<\/strong>: desarrollo arm\u00f3nico de todas las dimensiones del alumno\/a, para que llegue al m\u00e1ximo de sus posibilidades.<\/li>\n<li><strong>La atenci\u00f3n a la diversidad<\/strong>:\n<ul>\n<li>educaci\u00f3n personalizada que da especial importancia a la acci\u00f3n tutorial, servicio de orientaci\u00f3n, etc.<\/li>\n<li>Apertura y formaci\u00f3n en el respeto a la pluralidad \u00e9tnica, cultural y religiosa para promover la integraci\u00f3n social.<\/li>\n<\/ul>\n<\/li>\n<li><strong>El compromiso social<\/strong>:\n<ul>\n<li>Conocimiento de los valores y contravalores de esta sociedad plural. An\u00e1lisis de la realidad con sentido cr\u00edtico.<\/li>\n<li>Compromiso por la justicia y promoci\u00f3n de los m\u00e1s necesitados, a trav\u00e9s de acciones concretas.<\/li>\n<\/ul>\n<\/li>\n<li><strong>Unas relaciones cercanas y de colaboraci\u00f3n: <\/strong>\n<ul>\n<li>Ambiente educativo fraterno que supone sencillez, acogida, confianza y alegr\u00eda.<\/li>\n<li>Aprendizaje cooperativo que potencia la convivencia, la participaci\u00f3n, el respeto, la capacidad de di\u00e1logo y la colaboraci\u00f3n.<\/li>\n<li>Presencia de los educadores basada en una relaci\u00f3n de cercan\u00eda, disponibilidad y con un estilo educativo coherente y de calidad.<\/li>\n<\/ul>\n<\/li>\n<li>\u0095 <strong>La educaci\u00f3n en la fe: <\/strong>\n<ul>\n<li>Integraci\u00f3n arm\u00f3nica entre la fe y el conjunto de saberes, valores, actitudes y comportamientos que favorezca la s\u00edntesis personal entre fe, cultura y vida.<\/li>\n<li>Acompa\u00f1amiento a los alumnos en su proceso de maduraci\u00f3n en la fe a trav\u00e9s de asociaciones de pastoral juvenil, especialmente de JMV.<\/li>\n<li>Propuesta de formaci\u00f3n y profundizaci\u00f3n en la fe a los miembros de la Comunidad Educativa (FOEVI, Escuela de Padres y otros grupos inspirados en el carisma vicenciano).<\/li>\n<\/ul>\n<\/li>\n<li><strong>La educaci\u00f3n para el ocio<\/strong>\n<ul>\n<li>Oferta de actividades formativas m\u00e1s all\u00e1 del horario lectivo que ayude a la Comunidad Educativa a abrirse a un mundo de dimensiones cada d\u00eda m\u00e1s amplias.<\/li>\n<\/ul>\n<\/li>\n<li><strong>Las T\u00e9cnicas de la Informaci\u00f3n y de la Comunicaci\u00f3n al servicio de la educaci\u00f3n:<\/strong>\n<ul>\n<li>Utilizaci\u00f3n de medios para el desarrollo de las competencias que demanda la sociedad en este \u00e1mbito, haciendo prevalecer los valores personales, \u00e9ticos y relacionales sobre lo meramente t\u00e9cnico.<\/li>\n<\/ul>\n<\/li>\n<li><strong>La evaluaci\u00f3n sistem\u00e1tica:<\/strong>\n<ul>\n<li>An\u00e1lisis del nivel de calidad de la acci\u00f3n educativa, orientado a una mejora continua.<\/li>\n<\/ul>\n<\/li>\n<\/ul>\n<h2 style=\"text-align: justify\"><strong><span style=\"text-decoration: underline\">3. Comunidad educativa<\/span><\/strong><\/h2>\n<p style=\"text-align: justify\">La relaci\u00f3n constante entre padres, profesores, alumnos, personal de administraci\u00f3n y servicio y entidad titular, en ambiente de corresponsabilidad, da coherencia v fecundidad a nuestra acci\u00f3n educativa y contribuye a conseguir un buen nivel de formaci\u00f3n.<\/p>\n<p style=\"text-align: justify\">Formar parte de la Comunidad Educativa compromete a:<\/p>\n<ul>\n<li style=\"text-align: justify\">Compartir y aportar, con esp\u00edritu de servicio, nuestra competencia y habilidades.<\/li>\n<li style=\"text-align: justify\">Esforzarse por construir una comunidad viva en la que todos busquemos el bien de los dem\u00e1s.<\/li>\n<\/ul>\n","protected":false},"excerpt":{"rendered":"<p>Pre\u00e1mbulo En el marco de la ESCUELA CAT\u00d3LICA y con esp\u00edritu de colaboraci\u00f3n y servicio a una sociedad plural y a la Iglesia, la entidad titular de los Centros Educativos Vicencianos ofrece el Car\u00e1cter Propio: &#8230; <a href=\"http:\/\/vincentians.com\/es\/caracter-propio-de-los-centros-educativos-vicencianos\/\" class=\"more-link\">Read More<\/a><\/p>\n","protected":false},"author":4,"featured_media":23875,"comment_status":"open","ping_status":"open","sticky":false,"template":"","format":"standard","meta":{"jetpack_post_was_ever_published":false,"_jetpack_newsletter_access":"","_jetpack_dont_email_post_to_subs":false,"_jetpack_newsletter_tier_id":0,"_jetpack_memberships_contains_paywalled_content":false,"_jetpack_memberships_contains_paid_content":false,"footnotes":"","jetpack_publicize_message":"","jetpack_publicize_feature_enabled":true,"jetpack_social_post_already_shared":true,"jetpack_social_options":{"image_generator_settings":{"template":"highway","default_image_id":0,"font":"","enabled":false},"version":2}},"categories":[321],"tags":[],"class_list":["post-12155","post","type-post","status-publish","format-standard","has-post-thumbnail","hentry","category-documentos-de-otras-ramas-e-instituciones-vicencianas"],"yoast_head":"<!-- This site is optimized with the Yoast SEO plugin v26.3 - https:\/\/yoast.com\/wordpress\/plugins\/seo\/ -->\n<title>Car\u00e1cter Propio De Los Centros Educativos Vicencianos - Somos Vicencianos<\/title>\n<meta name=\"robots\" content=\"index, follow, max-snippet:-1, max-image-preview:large, max-video-preview:-1\" \/>\n<link rel=\"canonical\" href=\"http:\/\/vincentians.com\/es\/caracter-propio-de-los-centros-educativos-vicencianos\/\" \/>\n<meta property=\"og:locale\" content=\"es_ES\" \/>\n<meta property=\"og:type\" content=\"article\" \/>\n<meta property=\"og:title\" content=\"Car\u00e1cter Propio De Los Centros Educativos Vicencianos - Somos Vicencianos\" \/>\n<meta property=\"og:description\" content=\"Pre\u00e1mbulo En el marco de la ESCUELA CAT\u00d3LICA y con esp\u00edritu de colaboraci\u00f3n y servicio a una sociedad plural y a la Iglesia, la entidad titular de los Centros Educativos Vicencianos ofrece el Car\u00e1cter Propio: ... Read More\" \/>\n<meta property=\"og:url\" content=\"http:\/\/vincentians.com\/es\/caracter-propio-de-los-centros-educativos-vicencianos\/\" \/>\n<meta property=\"og:site_name\" content=\"Somos Vicencianos\" \/>\n<meta property=\"article:publisher\" content=\"https:\/\/www.facebook.com\/WeAreVincentians\/\" \/>\n<meta property=\"article:author\" content=\"https:\/\/www.facebook.com\/JavierChento\" \/>\n<meta property=\"article:published_time\" content=\"2013-11-25T07:17:42+00:00\" \/>\n<meta name=\"author\" content=\"Francisco Javier Fern\u00e1ndez Chento\" \/>\n<meta name=\"twitter:card\" content=\"summary_large_image\" \/>\n<meta name=\"twitter:creator\" content=\"@https:\/\/twitter.com\/javierchento\" \/>\n<meta name=\"twitter:site\" content=\"@WeVincentians\" \/>\n<meta name=\"twitter:label1\" content=\"Escrito por\" \/>\n\t<meta name=\"twitter:data1\" content=\"Francisco Javier Fern\u00e1ndez Chento\" \/>\n\t<meta name=\"twitter:label2\" content=\"Tiempo de lectura\" \/>\n\t<meta name=\"twitter:data2\" content=\"4 minutos\" \/>\n<script type=\"application\/ld+json\" class=\"yoast-schema-graph\">{\"@context\":\"https:\/\/schema.org\",\"@graph\":[{\"@type\":\"Article\",\"@id\":\"http:\/\/vincentians.com\/es\/caracter-propio-de-los-centros-educativos-vicencianos\/#article\",\"isPartOf\":{\"@id\":\"http:\/\/vincentians.com\/es\/caracter-propio-de-los-centros-educativos-vicencianos\/\"},\"author\":{\"name\":\"Francisco Javier Fern\u00e1ndez Chento\",\"@id\":\"http:\/\/vincentians.com\/es\/#\/schema\/person\/9623ef4d9aa3b2dfb8c061f1499288f2\"},\"headline\":\"Car\u00e1cter Propio De Los Centros Educativos Vicencianos\",\"datePublished\":\"2013-11-25T07:17:42+00:00\",\"mainEntityOfPage\":{\"@id\":\"http:\/\/vincentians.com\/es\/caracter-propio-de-los-centros-educativos-vicencianos\/\"},\"wordCount\":812,\"commentCount\":0,\"publisher\":{\"@id\":\"http:\/\/vincentians.com\/es\/#organization\"},\"image\":{\"@id\":\"http:\/\/vincentians.com\/es\/caracter-propio-de-los-centros-educativos-vicencianos\/#primaryimage\"},\"thumbnailUrl\":\"\",\"articleSection\":[\"Documentos de otras Ramas e Instituciones vicencianas\"],\"inLanguage\":\"es\",\"potentialAction\":[{\"@type\":\"CommentAction\",\"name\":\"Comment\",\"target\":[\"http:\/\/vincentians.com\/es\/caracter-propio-de-los-centros-educativos-vicencianos\/#respond\"]}]},{\"@type\":\"WebPage\",\"@id\":\"http:\/\/vincentians.com\/es\/caracter-propio-de-los-centros-educativos-vicencianos\/\",\"url\":\"http:\/\/vincentians.com\/es\/caracter-propio-de-los-centros-educativos-vicencianos\/\",\"name\":\"Car\u00e1cter Propio De Los Centros Educativos Vicencianos - Somos Vicencianos\",\"isPartOf\":{\"@id\":\"http:\/\/vincentians.com\/es\/#website\"},\"primaryImageOfPage\":{\"@id\":\"http:\/\/vincentians.com\/es\/caracter-propio-de-los-centros-educativos-vicencianos\/#primaryimage\"},\"image\":{\"@id\":\"http:\/\/vincentians.com\/es\/caracter-propio-de-los-centros-educativos-vicencianos\/#primaryimage\"},\"thumbnailUrl\":\"\",\"datePublished\":\"2013-11-25T07:17:42+00:00\",\"breadcrumb\":{\"@id\":\"http:\/\/vincentians.com\/es\/caracter-propio-de-los-centros-educativos-vicencianos\/#breadcrumb\"},\"inLanguage\":\"es\",\"potentialAction\":[{\"@type\":\"ReadAction\",\"target\":[\"http:\/\/vincentians.com\/es\/caracter-propio-de-los-centros-educativos-vicencianos\/\"]}]},{\"@type\":\"ImageObject\",\"inLanguage\":\"es\",\"@id\":\"http:\/\/vincentians.com\/es\/caracter-propio-de-los-centros-educativos-vicencianos\/#primaryimage\",\"url\":\"\",\"contentUrl\":\"\"},{\"@type\":\"BreadcrumbList\",\"@id\":\"http:\/\/vincentians.com\/es\/caracter-propio-de-los-centros-educativos-vicencianos\/#breadcrumb\",\"itemListElement\":[{\"@type\":\"ListItem\",\"position\":1,\"name\":\"Portada\",\"item\":\"http:\/\/vincentians.com\/es\/\"},{\"@type\":\"ListItem\",\"position\":2,\"name\":\"Car\u00e1cter Propio De Los Centros Educativos Vicencianos\"}]},{\"@type\":\"WebSite\",\"@id\":\"http:\/\/vincentians.com\/es\/#website\",\"url\":\"http:\/\/vincentians.com\/es\/\",\"name\":\"Somos Vicencianos\",\"description\":\"Know more to serve more\",\"publisher\":{\"@id\":\"http:\/\/vincentians.com\/es\/#organization\"},\"potentialAction\":[{\"@type\":\"SearchAction\",\"target\":{\"@type\":\"EntryPoint\",\"urlTemplate\":\"http:\/\/vincentians.com\/es\/?s={search_term_string}\"},\"query-input\":{\"@type\":\"PropertyValueSpecification\",\"valueRequired\":true,\"valueName\":\"search_term_string\"}}],\"inLanguage\":\"es\"},{\"@type\":\"Organization\",\"@id\":\"http:\/\/vincentians.com\/es\/#organization\",\"name\":\"The Vincentian Network\",\"url\":\"http:\/\/vincentians.com\/es\/\",\"logo\":{\"@type\":\"ImageObject\",\"inLanguage\":\"es\",\"@id\":\"http:\/\/vincentians.com\/es\/#\/schema\/logo\/image\/\",\"url\":\"https:\/\/i1.wp.com\/vincentians.com\/es\/wp-content\/uploads\/sites\/11\/2016\/06\/Vincentian-Network-logo-big.png?fit=778%2C778\",\"contentUrl\":\"https:\/\/i1.wp.com\/vincentians.com\/es\/wp-content\/uploads\/sites\/11\/2016\/06\/Vincentian-Network-logo-big.png?fit=778%2C778\",\"width\":778,\"height\":778,\"caption\":\"The Vincentian Network\"},\"image\":{\"@id\":\"http:\/\/vincentians.com\/es\/#\/schema\/logo\/image\/\"},\"sameAs\":[\"https:\/\/www.facebook.com\/WeAreVincentians\/\",\"https:\/\/x.com\/WeVincentians\"]},{\"@type\":\"Person\",\"@id\":\"http:\/\/vincentians.com\/es\/#\/schema\/person\/9623ef4d9aa3b2dfb8c061f1499288f2\",\"name\":\"Francisco Javier Fern\u00e1ndez Chento\",\"image\":{\"@type\":\"ImageObject\",\"inLanguage\":\"es\",\"@id\":\"http:\/\/vincentians.com\/es\/#\/schema\/person\/image\/\",\"url\":\"https:\/\/secure.gravatar.com\/avatar\/497d5cde87b4c3d097d0315953521681ba2cd523ee66e5077c3711f7021e65de?s=96&d=mm&r=g\",\"contentUrl\":\"https:\/\/secure.gravatar.com\/avatar\/497d5cde87b4c3d097d0315953521681ba2cd523ee66e5077c3711f7021e65de?s=96&d=mm&r=g\",\"caption\":\"Francisco Javier Fern\u00e1ndez Chento\"},\"description\":\"Director General y cofundador de La Red de Formaci\u00f3n Vicenciana. Javier es laico vicenciano, afiliado a la Congregaci\u00f3n de la Misi\u00f3n y miembro del Equipo de Misiones Populares de la provincia can\u00f3nica de Zaragoza (Espa\u00f1a) de la Congregaci\u00f3n de la Misi\u00f3n. Graduado en la Universidad Oberta de Catalunya con cuatro grados (Asistente de direcci\u00f3n, Gesti\u00f3n Administrativa, Recursos Humanos y Contabilidad Avanzada). Bil\u00edng\u00fce Espa\u00f1ol\/Ingl\u00e9s. gestiona y mantiene varias p\u00e1ginas web cristianas y vicencianas, incluida including La Red de Formaci\u00f3n Vicenciana, de la que es cofundador. Actualmente es responsable del \u00e1rea de Espa\u00f1ol de .famvin, la Red de Noticias de la Familia Vicenciana. Tambi\u00e9n es m\u00fasico cat\u00f3lico y ha editado varios discos. Es Director General y cofundador de Trovador, una reconocida compa\u00f1\u00eda discogr\u00e1fica critiana de Espa\u00f1a. Trabaja en las Tecnolog\u00edas de la Informaci\u00f3n, ofreciendo servicios de alojamiento, dise\u00f1o y mantenimiento Web, as\u00ed como asesoramiento, formaci\u00f3n y soluciones inform\u00e1ticas, gesti\u00f3n documental y digitalizaci\u00f3n de textos, edici\u00f3n y maquetaci\u00f3n de libros, revistas, flyers, etc.\",\"sameAs\":[\"http:\/\/chento.org\",\"https:\/\/www.facebook.com\/JavierChento\",\"https:\/\/x.com\/https:\/\/twitter.com\/javierchento\"],\"url\":\"http:\/\/vincentians.com\/es\/author\/chento\/\"}]}<\/script>\n<!-- \/ Yoast SEO plugin. -->","yoast_head_json":{"title":"Car\u00e1cter Propio De Los Centros Educativos Vicencianos - Somos Vicencianos","robots":{"index":"index","follow":"follow","max-snippet":"max-snippet:-1","max-image-preview":"max-image-preview:large","max-video-preview":"max-video-preview:-1"},"canonical":"http:\/\/vincentians.com\/es\/caracter-propio-de-los-centros-educativos-vicencianos\/","og_locale":"es_ES","og_type":"article","og_title":"Car\u00e1cter Propio De Los Centros Educativos Vicencianos - Somos Vicencianos","og_description":"Pre\u00e1mbulo En el marco de la ESCUELA CAT\u00d3LICA y con esp\u00edritu de colaboraci\u00f3n y servicio a una sociedad plural y a la Iglesia, la entidad titular de los Centros Educativos Vicencianos ofrece el Car\u00e1cter Propio: ... Read More","og_url":"http:\/\/vincentians.com\/es\/caracter-propio-de-los-centros-educativos-vicencianos\/","og_site_name":"Somos Vicencianos","article_publisher":"https:\/\/www.facebook.com\/WeAreVincentians\/","article_author":"https:\/\/www.facebook.com\/JavierChento","article_published_time":"2013-11-25T07:17:42+00:00","author":"Francisco Javier Fern\u00e1ndez Chento","twitter_card":"summary_large_image","twitter_creator":"@https:\/\/twitter.com\/javierchento","twitter_site":"@WeVincentians","twitter_misc":{"Escrito por":"Francisco Javier Fern\u00e1ndez Chento","Tiempo de lectura":"4 minutos"},"schema":{"@context":"https:\/\/schema.org","@graph":[{"@type":"Article","@id":"http:\/\/vincentians.com\/es\/caracter-propio-de-los-centros-educativos-vicencianos\/#article","isPartOf":{"@id":"http:\/\/vincentians.com\/es\/caracter-propio-de-los-centros-educativos-vicencianos\/"},"author":{"name":"Francisco Javier Fern\u00e1ndez Chento","@id":"http:\/\/vincentians.com\/es\/#\/schema\/person\/9623ef4d9aa3b2dfb8c061f1499288f2"},"headline":"Car\u00e1cter Propio De Los Centros Educativos Vicencianos","datePublished":"2013-11-25T07:17:42+00:00","mainEntityOfPage":{"@id":"http:\/\/vincentians.com\/es\/caracter-propio-de-los-centros-educativos-vicencianos\/"},"wordCount":812,"commentCount":0,"publisher":{"@id":"http:\/\/vincentians.com\/es\/#organization"},"image":{"@id":"http:\/\/vincentians.com\/es\/caracter-propio-de-los-centros-educativos-vicencianos\/#primaryimage"},"thumbnailUrl":"","articleSection":["Documentos de otras Ramas e Instituciones vicencianas"],"inLanguage":"es","potentialAction":[{"@type":"CommentAction","name":"Comment","target":["http:\/\/vincentians.com\/es\/caracter-propio-de-los-centros-educativos-vicencianos\/#respond"]}]},{"@type":"WebPage","@id":"http:\/\/vincentians.com\/es\/caracter-propio-de-los-centros-educativos-vicencianos\/","url":"http:\/\/vincentians.com\/es\/caracter-propio-de-los-centros-educativos-vicencianos\/","name":"Car\u00e1cter Propio De Los Centros Educativos Vicencianos - Somos Vicencianos","isPartOf":{"@id":"http:\/\/vincentians.com\/es\/#website"},"primaryImageOfPage":{"@id":"http:\/\/vincentians.com\/es\/caracter-propio-de-los-centros-educativos-vicencianos\/#primaryimage"},"image":{"@id":"http:\/\/vincentians.com\/es\/caracter-propio-de-los-centros-educativos-vicencianos\/#primaryimage"},"thumbnailUrl":"","datePublished":"2013-11-25T07:17:42+00:00","breadcrumb":{"@id":"http:\/\/vincentians.com\/es\/caracter-propio-de-los-centros-educativos-vicencianos\/#breadcrumb"},"inLanguage":"es","potentialAction":[{"@type":"ReadAction","target":["http:\/\/vincentians.com\/es\/caracter-propio-de-los-centros-educativos-vicencianos\/"]}]},{"@type":"ImageObject","inLanguage":"es","@id":"http:\/\/vincentians.com\/es\/caracter-propio-de-los-centros-educativos-vicencianos\/#primaryimage","url":"","contentUrl":""},{"@type":"BreadcrumbList","@id":"http:\/\/vincentians.com\/es\/caracter-propio-de-los-centros-educativos-vicencianos\/#breadcrumb","itemListElement":[{"@type":"ListItem","position":1,"name":"Portada","item":"http:\/\/vincentians.com\/es\/"},{"@type":"ListItem","position":2,"name":"Car\u00e1cter Propio De Los Centros Educativos Vicencianos"}]},{"@type":"WebSite","@id":"http:\/\/vincentians.com\/es\/#website","url":"http:\/\/vincentians.com\/es\/","name":"Somos Vicencianos","description":"Know more to serve more","publisher":{"@id":"http:\/\/vincentians.com\/es\/#organization"},"potentialAction":[{"@type":"SearchAction","target":{"@type":"EntryPoint","urlTemplate":"http:\/\/vincentians.com\/es\/?s={search_term_string}"},"query-input":{"@type":"PropertyValueSpecification","valueRequired":true,"valueName":"search_term_string"}}],"inLanguage":"es"},{"@type":"Organization","@id":"http:\/\/vincentians.com\/es\/#organization","name":"The Vincentian Network","url":"http:\/\/vincentians.com\/es\/","logo":{"@type":"ImageObject","inLanguage":"es","@id":"http:\/\/vincentians.com\/es\/#\/schema\/logo\/image\/","url":"https:\/\/i1.wp.com\/vincentians.com\/es\/wp-content\/uploads\/sites\/11\/2016\/06\/Vincentian-Network-logo-big.png?fit=778%2C778","contentUrl":"https:\/\/i1.wp.com\/vincentians.com\/es\/wp-content\/uploads\/sites\/11\/2016\/06\/Vincentian-Network-logo-big.png?fit=778%2C778","width":778,"height":778,"caption":"The Vincentian Network"},"image":{"@id":"http:\/\/vincentians.com\/es\/#\/schema\/logo\/image\/"},"sameAs":["https:\/\/www.facebook.com\/WeAreVincentians\/","https:\/\/x.com\/WeVincentians"]},{"@type":"Person","@id":"http:\/\/vincentians.com\/es\/#\/schema\/person\/9623ef4d9aa3b2dfb8c061f1499288f2","name":"Francisco Javier Fern\u00e1ndez Chento","image":{"@type":"ImageObject","inLanguage":"es","@id":"http:\/\/vincentians.com\/es\/#\/schema\/person\/image\/","url":"https:\/\/secure.gravatar.com\/avatar\/497d5cde87b4c3d097d0315953521681ba2cd523ee66e5077c3711f7021e65de?s=96&d=mm&r=g","contentUrl":"https:\/\/secure.gravatar.com\/avatar\/497d5cde87b4c3d097d0315953521681ba2cd523ee66e5077c3711f7021e65de?s=96&d=mm&r=g","caption":"Francisco Javier Fern\u00e1ndez Chento"},"description":"Director General y cofundador de La Red de Formaci\u00f3n Vicenciana. Javier es laico vicenciano, afiliado a la Congregaci\u00f3n de la Misi\u00f3n y miembro del Equipo de Misiones Populares de la provincia can\u00f3nica de Zaragoza (Espa\u00f1a) de la Congregaci\u00f3n de la Misi\u00f3n. Graduado en la Universidad Oberta de Catalunya con cuatro grados (Asistente de direcci\u00f3n, Gesti\u00f3n Administrativa, Recursos Humanos y Contabilidad Avanzada). Bil\u00edng\u00fce Espa\u00f1ol\/Ingl\u00e9s. gestiona y mantiene varias p\u00e1ginas web cristianas y vicencianas, incluida including La Red de Formaci\u00f3n Vicenciana, de la que es cofundador. Actualmente es responsable del \u00e1rea de Espa\u00f1ol de .famvin, la Red de Noticias de la Familia Vicenciana. Tambi\u00e9n es m\u00fasico cat\u00f3lico y ha editado varios discos. Es Director General y cofundador de Trovador, una reconocida compa\u00f1\u00eda discogr\u00e1fica critiana de Espa\u00f1a. Trabaja en las Tecnolog\u00edas de la Informaci\u00f3n, ofreciendo servicios de alojamiento, dise\u00f1o y mantenimiento Web, as\u00ed como asesoramiento, formaci\u00f3n y soluciones inform\u00e1ticas, gesti\u00f3n documental y digitalizaci\u00f3n de textos, edici\u00f3n y maquetaci\u00f3n de libros, revistas, flyers, etc.","sameAs":["http:\/\/chento.org","https:\/\/www.facebook.com\/JavierChento","https:\/\/x.com\/https:\/\/twitter.com\/javierchento"],"url":"http:\/\/vincentians.com\/es\/author\/chento\/"}]}},"jetpack_publicize_connections":[],"jetpack_featured_media_url":"","jetpack_sharing_enabled":true,"jetpack_shortlink":"https:\/\/wp.me\/p7ETMF-3a3","jetpack-related-posts":[{"id":139673,"url":"http:\/\/vincentians.com\/es\/educadores-de-los-jovenes\/","url_meta":{"origin":12155,"position":0},"title":"Educadores de los j\u00f3venes","author":"Francisco Javier Fern\u00e1ndez Chento","date":"20\/02\/2015","format":false,"excerpt":"\u00abA los j\u00f3venes recomi\u00e9ndales tambi\u00e9n que sean sensatos,present\u00e1ndote en todo como modelo de buena conducta. Cuando ense\u00f1es, que se vea tu integridad y seriedad, con un hablar bien fundado e intachable\u00bb. (Tit 2, 6-8). \u00ab1. Reconociendo la gran importancia de la educaci\u00f3n tanto de j\u00f3venes como de adultos, los nuestros\u2026","rel":"","context":"En \u00abEspiritualidad vicenciana\u00bb","block_context":{"text":"Espiritualidad vicenciana","link":"http:\/\/vincentians.com\/es\/category\/espiritualidad\/espiritualidad-vicenciana\/"},"img":{"alt_text":"jovenes","src":"https:\/\/i0.wp.com\/vicencianos.org\/wp-content\/2015\/02\/jovenes-300x222.jpg?resize=350%2C200","width":350,"height":200},"classes":[]},{"id":46069,"url":"http:\/\/vincentians.com\/es\/el-mensaje-vicenciano-y-los-padres-de-nuestros-alumnos\/","url_meta":{"origin":12155,"position":1},"title":"El Mensaje vicenciano y los padres de nuestros alumnos","author":"Francisco Javier Fern\u00e1ndez Chento","date":"24\/07\/2011","format":false,"excerpt":"Me ha tocado desarrollar la incidencia del mensaje vicen\u00adciano en los padres de nuestros alumnos y a trav\u00e9s de los cauces que nos brindan nuestros centros educativos. Quiero antes de comenzar hacer unas puntualizaciones. No todos los cauces a los que me voy a referir en esta sencilla comunicaci\u00f3n, son\u2026","rel":"","context":"En \u00abFormaci\u00f3n Vicenciana\u00bb","block_context":{"text":"Formaci\u00f3n Vicenciana","link":"http:\/\/vincentians.com\/es\/category\/formacion-vicenciana\/"},"img":{"alt_text":"","src":"https:\/\/i0.wp.com\/vicencianos.org\/wp-content\/2011\/07\/escuela-229x300.jpg?resize=350%2C200","width":350,"height":200},"classes":[]},{"id":401599,"url":"http:\/\/vincentians.com\/es\/las-primeras-escuelas-vicencianas-ii\/","url_meta":{"origin":12155,"position":2},"title":"Las primeras escuelas vicencianas (II)","author":"Mitxel Olabu\u00e9naga","date":"15\/02\/2018","format":false,"excerpt":"EL PASO DE LA INSTITUCI\u00d3N A LA COMUNIDAD EDUCATIVA Hasta el Concilio Vaticano II las instituciones promotoras de Escuelas Cat\u00f3licas asum\u00edan la responsabilidad apost\u00f3lica y organi\u00adzativa totalmente y, en general, las funciones pastorales y directivas reca\u00edan sobre miembros de la propia instituci\u00f3n o entidad promoto\u00adra. As\u00ed ocurr\u00eda con nuestras escuelas.\u2026","rel":"","context":"En \u00abFormaci\u00f3n Vicenciana\u00bb","block_context":{"text":"Formaci\u00f3n Vicenciana","link":"http:\/\/vincentians.com\/es\/category\/formacion-vicenciana\/"},"img":{"alt_text":"","src":"","width":0,"height":0},"classes":[]},{"id":122918,"url":"http:\/\/vincentians.com\/es\/animacion-de-la-formacion\/","url_meta":{"origin":12155,"position":3},"title":"Animaci\u00f3n de la formaci\u00f3n","author":"Francisco Javier Fern\u00e1ndez Chento","date":"21\/09\/2022","format":false,"excerpt":"1. Introducci\u00f3n Cuando se me encomend\u00f3 presentar esta Comunicaci\u00f3n se me dijo que lo hiciera desde mi experiencia pastoral en el campo de la Familia Vicenciana. Lo voy a intentar. Quiero empezar afir\u00admando que considero una gracia muy grande el haber podido trabajar como Consiliario o Asesor o simplemente como\u2026","rel":"","context":"En \u00abFormaci\u00f3n Cristiana\u00bb","block_context":{"text":"Formaci\u00f3n Cristiana","link":"http:\/\/vincentians.com\/es\/category\/formacion-cristiana\/"},"img":{"alt_text":"","src":"https:\/\/i0.wp.com\/vincentians.com\/es\/wp-content\/uploads\/sites\/11\/2013\/04\/formacion_permanente.jpg?fit=303%2C303&resize=350%2C200","width":350,"height":200},"classes":[]},{"id":122932,"url":"http:\/\/vincentians.com\/es\/el-servicio-vicenciano-en-el-seno-de-la-iglesia\/","url_meta":{"origin":12155,"position":4},"title":"El servicio vicenciano en el seno de la Iglesia","author":"Francisco Javier Fern\u00e1ndez Chento","date":"17\/10\/2022","format":false,"excerpt":"La dimensi\u00f3n caritativa de la fe, com\u00fan a todos los cristianos, es asumida por la familia espiritual de Vicente de Pa\u00fal como el rasgo distintivo de su carisma. La principal aportaci\u00f3n que la Iglesia debe recibir de los vicencianos es una vivencia renovada de servicio y liberaci\u00f3n ante las m\u00falti\u00adples\u2026","rel":"","context":"En \u00abFormaci\u00f3n Vicenciana\u00bb","block_context":{"text":"Formaci\u00f3n Vicenciana","link":"http:\/\/vincentians.com\/es\/category\/formacion-vicenciana\/"},"img":{"alt_text":"","src":"https:\/\/i0.wp.com\/vincentians.com\/es\/wp-content\/uploads\/sites\/11\/2015\/04\/tres-descubrimientos-de-Vicente-de-Paul.jpg?fit=1200%2C630&resize=350%2C200","width":350,"height":200,"srcset":"https:\/\/i0.wp.com\/vincentians.com\/es\/wp-content\/uploads\/sites\/11\/2015\/04\/tres-descubrimientos-de-Vicente-de-Paul.jpg?fit=1200%2C630&resize=350%2C200 1x, https:\/\/i0.wp.com\/vincentians.com\/es\/wp-content\/uploads\/sites\/11\/2015\/04\/tres-descubrimientos-de-Vicente-de-Paul.jpg?fit=1200%2C630&resize=525%2C300 1.5x, https:\/\/i0.wp.com\/vincentians.com\/es\/wp-content\/uploads\/sites\/11\/2015\/04\/tres-descubrimientos-de-Vicente-de-Paul.jpg?fit=1200%2C630&resize=700%2C400 2x, https:\/\/i0.wp.com\/vincentians.com\/es\/wp-content\/uploads\/sites\/11\/2015\/04\/tres-descubrimientos-de-Vicente-de-Paul.jpg?fit=1200%2C630&resize=1050%2C600 3x"},"classes":[]},{"id":122934,"url":"http:\/\/vincentians.com\/es\/introduccion-a-la-espiritualidad-vicenciana-laical\/","url_meta":{"origin":12155,"position":5},"title":"Introducci\u00f3n a la espiritualidad vicenciana laical","author":"Francisco Javier Fern\u00e1ndez Chento","date":"24\/06\/2015","format":false,"excerpt":"1. Lo que pretendo De momento, en este trabajo, no pretendo ofre\u00adcer un tratado perfecto y acabado de la espiritua\u00adlidad vicenciana laical, sino m\u00e1s bien asentar unos principios a modo de introducci\u00f3n. El pro\u00adyecto es ofrecer algunos criterios que puedan ayudar al laico vicenciano a vivir su condici\u00f3n de cristiano,\u2026","rel":"","context":"En \u00abEspiritualidad vicenciana\u00bb","block_context":{"text":"Espiritualidad vicenciana","link":"http:\/\/vincentians.com\/es\/category\/espiritualidad\/espiritualidad-vicenciana\/"},"img":{"alt_text":"sanvi_famvi","src":"https:\/\/i0.wp.com\/vicencianos.org\/wp-content\/2010\/12\/sanvi_famvi-300x296.jpg?resize=350%2C200","width":350,"height":200},"classes":[]}],"_links":{"self":[{"href":"http:\/\/vincentians.com\/es\/wp-json\/wp\/v2\/posts\/12155","targetHints":{"allow":["GET"]}}],"collection":[{"href":"http:\/\/vincentians.com\/es\/wp-json\/wp\/v2\/posts"}],"about":[{"href":"http:\/\/vincentians.com\/es\/wp-json\/wp\/v2\/types\/post"}],"author":[{"embeddable":true,"href":"http:\/\/vincentians.com\/es\/wp-json\/wp\/v2\/users\/4"}],"replies":[{"embeddable":true,"href":"http:\/\/vincentians.com\/es\/wp-json\/wp\/v2\/comments?post=12155"}],"version-history":[{"count":0,"href":"http:\/\/vincentians.com\/es\/wp-json\/wp\/v2\/posts\/12155\/revisions"}],"wp:featuredmedia":[{"embeddable":true,"href":"http:\/\/vincentians.com\/es\/wp-json\/"}],"wp:attachment":[{"href":"http:\/\/vincentians.com\/es\/wp-json\/wp\/v2\/media?parent=12155"}],"wp:term":[{"taxonomy":"category","embeddable":true,"href":"http:\/\/vincentians.com\/es\/wp-json\/wp\/v2\/categories?post=12155"},{"taxonomy":"post_tag","embeddable":true,"href":"http:\/\/vincentians.com\/es\/wp-json\/wp\/v2\/tags?post=12155"}],"curies":[{"name":"wp","href":"https:\/\/api.w.org\/{rel}","templated":true}]}}