{"id":121490,"date":"2013-11-23T00:16:44","date_gmt":"2013-11-22T23:16:44","guid":{"rendered":"http:\/\/somos.vicencianos.org\/?p=121490"},"modified":"2016-07-26T10:12:46","modified_gmt":"2016-07-26T08:12:46","slug":"exhortacion-apostolica-verbum-domini-conclusion","status":"publish","type":"post","link":"http:\/\/vincentians.com\/es\/exhortacion-apostolica-verbum-domini-conclusion\/","title":{"rendered":"Exhortaci\u00f3n apost\u00f3lica &quot;Verbum Domini&quot;: Conclusi\u00f3n"},"content":{"rendered":"<h2><strong>Conclusi\u00f3n<\/strong><\/h2>\n<h3><strong><em>La palabra definitiva de Dios<\/em><\/strong><\/h3>\n<p>121. Al t\u00e9rmino de estas reflexiones con las que he querido recoger y profundizar la riqueza de la XII Asamblea General Ordinaria del S\u00ednodo de los Obispos sobre la Palabra de Dios en la vida y la misi\u00f3n de la Iglesia, deseo exhortar una vez m\u00e1s a todo el Pueblo de Dios, a los Pastores, a las personas consagradas y a los laicos a esforzarse para tener cada vez m\u00e1s familiaridad con la Sagrada Escritura. Nunca hemos de olvidar que el fundamento de toda espiritualidad cristiana aut\u00e9ntica y viva es<em> la Palabra de Dios anunciada, acogida, celebrada y meditada en la Iglesia<\/em>. Esta relaci\u00f3n con la divina Palabra ser\u00e1 tanto m\u00e1s intensa cuanto m\u00e1s seamos conscientes de encontrarnos ante la Palabra definitiva de Dios sobre el cosmos y sobre la historia, tanto en la Sagrada Escritura como en la Tradici\u00f3n viva de la Iglesia.<\/p>\n<p>Como nos hace contemplar el Pr\u00f3logo del Evangelio de Juan, todo el ser est\u00e1 bajo el signo de la Palabra. El Verbo sale del Padre y viene a vivir entre los suyos, y retorna al seno del Padre para llevar consigo a toda la creaci\u00f3n que ha sido creada en \u00c9l y para \u00c9l. La Iglesia vive ahora su misi\u00f3n en expectante espera de la manifestaci\u00f3n escatol\u00f3gica del Esposo: \u00ab<em>el Esp\u00edritu y la Esposa dicen: \u00a1Ven!<\/em>\u00bb (<em>Ap<\/em> 22,17). Esta espera nunca es pasiva, sino impulso misionero para anunciar la Palabra de Dios que cura y redime a cada hombre: tambi\u00e9n hoy, Jes\u00fas resucitado nos dice: \u00abId al mundo entero y proclamad el Evangelio a toda la creaci\u00f3n\u00bb (<em>Mc<\/em> 16,15).<\/p>\n<h3><strong><em>Nueva evangelizaci\u00f3n y nueva escucha<\/em><\/strong><\/h3>\n<p>122. Por eso, nuestro tiempo ha de ser cada d\u00eda m\u00e1s el de una nueva escucha de la Palabra de Dios y de una <em>nueva evangelizaci\u00f3n<\/em>. Redescubrir el puesto central de la Palabra divina en la vida cristiana nos hace reencontrar de nuevo as\u00ed el sentido m\u00e1s profundo de lo que el Papa Juan Pablo II ha pedido con vigor: continuar la <em>missio ad gentes<\/em> y emprender con todas las fuerzas la nueva evangelizaci\u00f3n, sobre todo en aquellas naciones donde el Evangelio se ha olvidado o padece la indiferencia de cierta mayor\u00eda a causa de una difundida secularizaci\u00f3n. Que el Esp\u00edritu Santo despierte en los hombres hambre y sed de la Palabra de Dios y suscite entusiastas anunciadores y testigos del Evangelio.<\/p>\n<p>A imitaci\u00f3n del gran Ap\u00f3stol de los Gentiles, que fue transformado despu\u00e9s de haber o\u00eddo la voz del Se\u00f1or (cf. <em>Hch<\/em> 9,1-30), escuchemos tambi\u00e9n nosotros la divina Palabra, que siempre nos interpela personalmente aqu\u00ed y ahora. Los <em>Hechos de los Ap\u00f3stoles<\/em> nos dicen que el Esp\u00edritu Santo \u00abapart\u00f3\u00bb a Pablo y Bernab\u00e9 para que predicaran y difundieran la Buena Nueva (cf. 13,2). As\u00ed, tambi\u00e9n hoy el Esp\u00edritu Santo llama incesantemente a oyentes y anunciadores convencidos y persuasivos de la Palabra del Se\u00f1or.<\/p>\n<h3><strong><em>La Palabra y la alegr\u00eda<\/em><\/strong><\/h3>\n<p>123. Cuanto m\u00e1s sepamos ponernos a disposici\u00f3n de la Palabra divina, tanto m\u00e1s podremos constatar que el misterio de Pentecost\u00e9s est\u00e1 vivo tambi\u00e9n hoy en la Iglesia de Dios. El Esp\u00edritu del Se\u00f1or sigue derramando sus dones sobre la Iglesia para que seamos guiados a la verdad plena, desvel\u00e1ndonos el sentido de las Escrituras y haci\u00e9ndonos anunciadores cre\u00edbles de la Palabra de salvaci\u00f3n en el mundo. Volvemos as\u00ed a la <em>Primera carta de san Juan<\/em>. En la Palabra de Dios, tambi\u00e9n nosotros hemos o\u00eddo, visto y tocado el Verbo de la Vida. Por gracia, hemos recibido el anuncio de que la vida eterna se ha manifestado, de modo que ahora reconocemos estar en comuni\u00f3n unos con otros, con quienes nos han precedido en el signo de la fe y con todos los que, diseminados por el mundo, escuchan la Palabra, celebran la Eucarist\u00eda y dan testimonio de la caridad. La comunicaci\u00f3n de este anuncio \u2013nos recuerda el ap\u00f3stol Juan\u2013 se nos ha dado \u00abpara que nuestra alegr\u00eda sea completa\u00bb (<em>1 Jn<\/em> 1,4).<\/p>\n<p>La Asamblea sinodal nos ha permitido experimentar tambi\u00e9n lo que dice el mensaje jo\u00e1nico: el anuncio de la Palabra crea <em>comuni\u00f3n<\/em> y es fuente de <em>alegr\u00eda<\/em>. Una alegr\u00eda profunda que brota del coraz\u00f3n mismo de la vida trinitaria y que se nos comunica en el Hijo. Una alegr\u00eda que es un don inefable que el mundo no puede dar. Se pueden organizar fiestas, pero no la alegr\u00eda. Seg\u00fan la Escritura, la alegr\u00eda es fruto del Esp\u00edritu Santo (cf. <em>Ga<\/em> 5,22), que nos permite entrar en la Palabra y hacer que la Palabra divina entre en nosotros trayendo frutos de vida eterna. Al anunciar con la fuerza del Esp\u00edritu Santo la Palabra de Dios, queremos tambi\u00e9n comunicar la fuente de la verdadera alegr\u00eda, no de una alegr\u00eda superficial y ef\u00edmera, sino de aquella que brota del ser conscientes de que s\u00f3lo el Se\u00f1or Jes\u00fas tiene palabras de vida eterna (cf. <em>Jn<\/em> 6,68).<\/p>\n<h3><strong><em>Mater Verbi et Mater laetitiae<\/em><\/strong><\/h3>\n<p>124. Esta \u00edntima relaci\u00f3n entre la Palabra de Dios y la alegr\u00eda se manifiesta claramente en la Madre de Dios. Recordemos las palabras de santa Isabel: \u00abDichosa t\u00fa, que has cre\u00eddo, porque lo que te ha dicho el Se\u00f1or se cumplir\u00e1\u00bb (<em>Lc <\/em>1,45). Mar\u00eda es dichosa porque tiene fe, porque ha cre\u00eddo, y en esta fe ha acogido en el propio seno al Verbo de Dios para entregarlo al mundo. La alegr\u00eda que recibe de la Palabra se puede extender ahora a todos los que, en la fe, se dejan transformar por la Palabra de Dios. El <em>Evangelio de Lucas<\/em> nos presenta en dos textos este misterio de escucha y de gozo. Jes\u00fas dice: \u00abMi madre y mis hermanos son estos: los que escuchan la Palabra de Dios y la ponen por obra\u00bb (8,21). Y, ante la exclamaci\u00f3n de una mujer que entre la muchedumbre quiere exaltar el vientre que lo ha llevado y los pechos que lo han criado, Jes\u00fas muestra el secreto de la verdadera alegr\u00eda: \u00abDichosos los que escuchan la Palabra de Dios y la cumplen\u00bb (11,28). Jes\u00fas muestra la verdadera grandeza de Mar\u00eda, abriendo as\u00ed tambi\u00e9n para todos nosotros la posibilidad de esa bienaventuranza que nace de la Palabra acogida y puesta en pr\u00e1ctica. Por eso, recuerdo a todos los cristianos que nuestra relaci\u00f3n personal y comunitaria con Dios depende del aumento de nuestra familiaridad con la Palabra divina. Finalmente, me dirijo a todos los hombres, tambi\u00e9n a los que se han alejado de la Iglesia, que han abandonado la fe o que nunca han escuchado el anuncio de salvaci\u00f3n. A cada uno de ellos, el Se\u00f1or les dice: \u00abEstoy a la puerta llamando: si alguien oye y me abre, entrar\u00e9 y comeremos juntos\u00bb (<em>Ap<\/em> 3,20).<\/p>\n<p>As\u00ed pues, que cada jornada nuestra est\u00e9 marcada por el encuentro renovado con Cristo, Verbo del Padre hecho carne. \u00c9l est\u00e1 en el principio y en el fin, y \u00abtodo se mantiene en \u00e9l\u00bb (<em>Col<\/em> 1,17). Hagamos silencio para escuchar la Palabra de Dios y meditarla, para que ella, por la acci\u00f3n eficaz del Esp\u00edritu Santo, siga morando, viviendo y habl\u00e1ndonos a lo largo de todos los d\u00edas de nuestra vida. De este modo, la Iglesia se renueva y rejuvenece siempre gracias a la Palabra del Se\u00f1or que permanece eternamente (cf. <em>1 P<\/em> 1,25; <em>Is<\/em> 40,8). Y tambi\u00e9n nosotros podemos entrar as\u00ed en el gran di\u00e1logo nupcial con que se cierra la Sagrada Escritura: \u00abEl Esp\u00edritu y la Esposa dicen: \u00ab\u00a1Ven!\u00bb. Y el que oiga, diga: \u00ab\u00a1Ven!\u00bb&#8230; Dice el que da testimonio de todo esto: \u00abS\u00ed, vengo pronto\u00bb. \u00a1Amen! \u00abVen, Se\u00f1or Jes\u00fas\u00bb\u00bb (<em>Ap<\/em> 22,17.20).<\/p>\n<p><em>Dado en Roma, junto a San Pedro, el 30 de septiembre, memoria de san Jer\u00f3nimo, del a\u00f1o 2010, sexto de mi Pontificado.<\/em><\/p>\n<p style=\"text-align: right\"><strong>BENEDICTUS PP. XVI<\/strong><\/p>\n<hr \/>\n<h2>Descarga el Documento completo en formato Word:<\/h2>\n<table width=\"256\" border=\"0\" align=\"center\">\n<tbody>\n<tr>\n<td>\n<div>Formato DOC <em>(Microsoft Word):<\/em><\/div>\n<\/td>\n<\/tr>\n<tr>\n<td>\n<div><a href=\"http:\/\/vicencianos.org\/wp-content\/verbum_domini.doc\" target=\"_blank\"><img data-recalc-dims=\"1\" loading=\"lazy\" decoding=\"async\" alt=\"DOC\" src=\"https:\/\/i0.wp.com\/vicencianos.org\/vicencianos\/files\/doc.png?resize=256%2C256\" width=\"256\" height=\"256\" \/><\/a><\/div>\n<\/td>\n<\/tr>\n<\/tbody>\n<\/table>\n","protected":false},"excerpt":{"rendered":"<p>Conclusi\u00f3n La palabra definitiva de Dios 121. Al t\u00e9rmino de estas reflexiones con las que he querido recoger y profundizar la riqueza de la XII Asamblea General Ordinaria del S\u00ednodo de los Obispos sobre la &#8230; <a href=\"http:\/\/vincentians.com\/es\/exhortacion-apostolica-verbum-domini-conclusion\/\" class=\"more-link\">Read More<\/a><\/p>\n","protected":false},"author":4,"featured_media":24269,"comment_status":"open","ping_status":"open","sticky":false,"template":"","format":"standard","meta":{"jetpack_post_was_ever_published":false,"_jetpack_newsletter_access":"","_jetpack_dont_email_post_to_subs":false,"_jetpack_newsletter_tier_id":0,"_jetpack_memberships_contains_paywalled_content":false,"_jetpack_memberships_contains_paid_content":false,"footnotes":"","jetpack_publicize_message":"","jetpack_publicize_feature_enabled":true,"jetpack_social_post_already_shared":true,"jetpack_social_options":{"image_generator_settings":{"template":"highway","default_image_id":0,"font":"","enabled":false},"version":2}},"categories":[100],"tags":[],"class_list":["post-121490","post","type-post","status-publish","format-standard","has-post-thumbnail","hentry","category-documentos-pontificios"],"yoast_head":"<!-- This site is optimized with the Yoast SEO plugin v26.3 - https:\/\/yoast.com\/wordpress\/plugins\/seo\/ -->\n<title>Exhortaci\u00f3n apost\u00f3lica &quot;Verbum Domini&quot;: Conclusi\u00f3n - Somos Vicencianos<\/title>\n<meta name=\"robots\" content=\"index, follow, max-snippet:-1, max-image-preview:large, max-video-preview:-1\" \/>\n<link rel=\"canonical\" href=\"http:\/\/vincentians.com\/es\/exhortacion-apostolica-verbum-domini-conclusion\/\" \/>\n<meta property=\"og:locale\" content=\"es_ES\" \/>\n<meta property=\"og:type\" content=\"article\" \/>\n<meta property=\"og:title\" content=\"Exhortaci\u00f3n apost\u00f3lica &quot;Verbum Domini&quot;: Conclusi\u00f3n - Somos Vicencianos\" \/>\n<meta property=\"og:description\" content=\"Conclusi\u00f3n La palabra definitiva de Dios 121. Al t\u00e9rmino de estas reflexiones con las que he querido recoger y profundizar la riqueza de la XII Asamblea General Ordinaria del S\u00ednodo de los Obispos sobre la ... Read More\" \/>\n<meta property=\"og:url\" content=\"http:\/\/vincentians.com\/es\/exhortacion-apostolica-verbum-domini-conclusion\/\" \/>\n<meta property=\"og:site_name\" content=\"Somos Vicencianos\" \/>\n<meta property=\"article:publisher\" content=\"https:\/\/www.facebook.com\/WeAreVincentians\/\" \/>\n<meta property=\"article:author\" content=\"https:\/\/www.facebook.com\/JavierChento\" \/>\n<meta property=\"article:published_time\" content=\"2013-11-22T23:16:44+00:00\" \/>\n<meta property=\"article:modified_time\" content=\"2016-07-26T08:12:46+00:00\" \/>\n<meta name=\"author\" content=\"Francisco Javier Fern\u00e1ndez Chento\" \/>\n<meta name=\"twitter:card\" content=\"summary_large_image\" \/>\n<meta name=\"twitter:creator\" content=\"@https:\/\/twitter.com\/javierchento\" \/>\n<meta name=\"twitter:site\" content=\"@WeVincentians\" \/>\n<meta name=\"twitter:label1\" content=\"Escrito por\" \/>\n\t<meta name=\"twitter:data1\" content=\"Francisco Javier Fern\u00e1ndez Chento\" \/>\n\t<meta name=\"twitter:label2\" content=\"Tiempo de lectura\" \/>\n\t<meta name=\"twitter:data2\" content=\"7 minutos\" \/>\n<script type=\"application\/ld+json\" class=\"yoast-schema-graph\">{\"@context\":\"https:\/\/schema.org\",\"@graph\":[{\"@type\":\"Article\",\"@id\":\"http:\/\/vincentians.com\/es\/exhortacion-apostolica-verbum-domini-conclusion\/#article\",\"isPartOf\":{\"@id\":\"http:\/\/vincentians.com\/es\/exhortacion-apostolica-verbum-domini-conclusion\/\"},\"author\":{\"name\":\"Francisco Javier Fern\u00e1ndez Chento\",\"@id\":\"https:\/\/vincentians.com\/es\/#\/schema\/person\/9623ef4d9aa3b2dfb8c061f1499288f2\"},\"headline\":\"Exhortaci\u00f3n apost\u00f3lica &quot;Verbum Domini&quot;: Conclusi\u00f3n\",\"datePublished\":\"2013-11-22T23:16:44+00:00\",\"dateModified\":\"2016-07-26T08:12:46+00:00\",\"mainEntityOfPage\":{\"@id\":\"http:\/\/vincentians.com\/es\/exhortacion-apostolica-verbum-domini-conclusion\/\"},\"wordCount\":1378,\"commentCount\":0,\"publisher\":{\"@id\":\"https:\/\/vincentians.com\/es\/#organization\"},\"image\":{\"@id\":\"http:\/\/vincentians.com\/es\/exhortacion-apostolica-verbum-domini-conclusion\/#primaryimage\"},\"thumbnailUrl\":\"\",\"articleSection\":[\"Documentos Pontificios\"],\"inLanguage\":\"es\",\"potentialAction\":[{\"@type\":\"CommentAction\",\"name\":\"Comment\",\"target\":[\"http:\/\/vincentians.com\/es\/exhortacion-apostolica-verbum-domini-conclusion\/#respond\"]}]},{\"@type\":\"WebPage\",\"@id\":\"http:\/\/vincentians.com\/es\/exhortacion-apostolica-verbum-domini-conclusion\/\",\"url\":\"http:\/\/vincentians.com\/es\/exhortacion-apostolica-verbum-domini-conclusion\/\",\"name\":\"Exhortaci\u00f3n apost\u00f3lica &quot;Verbum Domini&quot;: Conclusi\u00f3n - Somos Vicencianos\",\"isPartOf\":{\"@id\":\"https:\/\/vincentians.com\/es\/#website\"},\"primaryImageOfPage\":{\"@id\":\"http:\/\/vincentians.com\/es\/exhortacion-apostolica-verbum-domini-conclusion\/#primaryimage\"},\"image\":{\"@id\":\"http:\/\/vincentians.com\/es\/exhortacion-apostolica-verbum-domini-conclusion\/#primaryimage\"},\"thumbnailUrl\":\"\",\"datePublished\":\"2013-11-22T23:16:44+00:00\",\"dateModified\":\"2016-07-26T08:12:46+00:00\",\"breadcrumb\":{\"@id\":\"http:\/\/vincentians.com\/es\/exhortacion-apostolica-verbum-domini-conclusion\/#breadcrumb\"},\"inLanguage\":\"es\",\"potentialAction\":[{\"@type\":\"ReadAction\",\"target\":[\"http:\/\/vincentians.com\/es\/exhortacion-apostolica-verbum-domini-conclusion\/\"]}]},{\"@type\":\"ImageObject\",\"inLanguage\":\"es\",\"@id\":\"http:\/\/vincentians.com\/es\/exhortacion-apostolica-verbum-domini-conclusion\/#primaryimage\",\"url\":\"\",\"contentUrl\":\"\"},{\"@type\":\"BreadcrumbList\",\"@id\":\"http:\/\/vincentians.com\/es\/exhortacion-apostolica-verbum-domini-conclusion\/#breadcrumb\",\"itemListElement\":[{\"@type\":\"ListItem\",\"position\":1,\"name\":\"Portada\",\"item\":\"https:\/\/vincentians.com\/es\/\"},{\"@type\":\"ListItem\",\"position\":2,\"name\":\"Exhortaci\u00f3n apost\u00f3lica &quot;Verbum Domini&quot;: Conclusi\u00f3n\"}]},{\"@type\":\"WebSite\",\"@id\":\"https:\/\/vincentians.com\/es\/#website\",\"url\":\"https:\/\/vincentians.com\/es\/\",\"name\":\"Somos Vicencianos\",\"description\":\"Know more to serve more\",\"publisher\":{\"@id\":\"https:\/\/vincentians.com\/es\/#organization\"},\"potentialAction\":[{\"@type\":\"SearchAction\",\"target\":{\"@type\":\"EntryPoint\",\"urlTemplate\":\"https:\/\/vincentians.com\/es\/?s={search_term_string}\"},\"query-input\":{\"@type\":\"PropertyValueSpecification\",\"valueRequired\":true,\"valueName\":\"search_term_string\"}}],\"inLanguage\":\"es\"},{\"@type\":\"Organization\",\"@id\":\"https:\/\/vincentians.com\/es\/#organization\",\"name\":\"The Vincentian Network\",\"url\":\"https:\/\/vincentians.com\/es\/\",\"logo\":{\"@type\":\"ImageObject\",\"inLanguage\":\"es\",\"@id\":\"https:\/\/vincentians.com\/es\/#\/schema\/logo\/image\/\",\"url\":\"https:\/\/i1.wp.com\/vincentians.com\/es\/wp-content\/uploads\/sites\/11\/2016\/06\/Vincentian-Network-logo-big.png?fit=778%2C778\",\"contentUrl\":\"https:\/\/i1.wp.com\/vincentians.com\/es\/wp-content\/uploads\/sites\/11\/2016\/06\/Vincentian-Network-logo-big.png?fit=778%2C778\",\"width\":778,\"height\":778,\"caption\":\"The Vincentian Network\"},\"image\":{\"@id\":\"https:\/\/vincentians.com\/es\/#\/schema\/logo\/image\/\"},\"sameAs\":[\"https:\/\/www.facebook.com\/WeAreVincentians\/\",\"https:\/\/x.com\/WeVincentians\"]},{\"@type\":\"Person\",\"@id\":\"https:\/\/vincentians.com\/es\/#\/schema\/person\/9623ef4d9aa3b2dfb8c061f1499288f2\",\"name\":\"Francisco Javier Fern\u00e1ndez Chento\",\"image\":{\"@type\":\"ImageObject\",\"inLanguage\":\"es\",\"@id\":\"https:\/\/vincentians.com\/es\/#\/schema\/person\/image\/\",\"url\":\"https:\/\/secure.gravatar.com\/avatar\/497d5cde87b4c3d097d0315953521681ba2cd523ee66e5077c3711f7021e65de?s=96&d=mm&r=g\",\"contentUrl\":\"https:\/\/secure.gravatar.com\/avatar\/497d5cde87b4c3d097d0315953521681ba2cd523ee66e5077c3711f7021e65de?s=96&d=mm&r=g\",\"caption\":\"Francisco Javier Fern\u00e1ndez Chento\"},\"description\":\"Director General y cofundador de La Red de Formaci\u00f3n Vicenciana. Javier es laico vicenciano, afiliado a la Congregaci\u00f3n de la Misi\u00f3n y miembro del Equipo de Misiones Populares de la provincia can\u00f3nica de Zaragoza (Espa\u00f1a) de la Congregaci\u00f3n de la Misi\u00f3n. Graduado en la Universidad Oberta de Catalunya con cuatro grados (Asistente de direcci\u00f3n, Gesti\u00f3n Administrativa, Recursos Humanos y Contabilidad Avanzada). Bil\u00edng\u00fce Espa\u00f1ol\/Ingl\u00e9s. gestiona y mantiene varias p\u00e1ginas web cristianas y vicencianas, incluida including La Red de Formaci\u00f3n Vicenciana, de la que es cofundador. Actualmente es responsable del \u00e1rea de Espa\u00f1ol de .famvin, la Red de Noticias de la Familia Vicenciana. Tambi\u00e9n es m\u00fasico cat\u00f3lico y ha editado varios discos. Es Director General y cofundador de Trovador, una reconocida compa\u00f1\u00eda discogr\u00e1fica critiana de Espa\u00f1a. Trabaja en las Tecnolog\u00edas de la Informaci\u00f3n, ofreciendo servicios de alojamiento, dise\u00f1o y mantenimiento Web, as\u00ed como asesoramiento, formaci\u00f3n y soluciones inform\u00e1ticas, gesti\u00f3n documental y digitalizaci\u00f3n de textos, edici\u00f3n y maquetaci\u00f3n de libros, revistas, flyers, etc.\",\"sameAs\":[\"http:\/\/chento.org\",\"https:\/\/www.facebook.com\/JavierChento\",\"https:\/\/x.com\/https:\/\/twitter.com\/javierchento\"],\"url\":\"http:\/\/vincentians.com\/es\/author\/chento\/\"}]}<\/script>\n<!-- \/ Yoast SEO plugin. -->","yoast_head_json":{"title":"Exhortaci\u00f3n apost\u00f3lica &quot;Verbum Domini&quot;: Conclusi\u00f3n - Somos Vicencianos","robots":{"index":"index","follow":"follow","max-snippet":"max-snippet:-1","max-image-preview":"max-image-preview:large","max-video-preview":"max-video-preview:-1"},"canonical":"http:\/\/vincentians.com\/es\/exhortacion-apostolica-verbum-domini-conclusion\/","og_locale":"es_ES","og_type":"article","og_title":"Exhortaci\u00f3n apost\u00f3lica &quot;Verbum Domini&quot;: Conclusi\u00f3n - Somos Vicencianos","og_description":"Conclusi\u00f3n La palabra definitiva de Dios 121. Al t\u00e9rmino de estas reflexiones con las que he querido recoger y profundizar la riqueza de la XII Asamblea General Ordinaria del S\u00ednodo de los Obispos sobre la ... Read More","og_url":"http:\/\/vincentians.com\/es\/exhortacion-apostolica-verbum-domini-conclusion\/","og_site_name":"Somos Vicencianos","article_publisher":"https:\/\/www.facebook.com\/WeAreVincentians\/","article_author":"https:\/\/www.facebook.com\/JavierChento","article_published_time":"2013-11-22T23:16:44+00:00","article_modified_time":"2016-07-26T08:12:46+00:00","author":"Francisco Javier Fern\u00e1ndez Chento","twitter_card":"summary_large_image","twitter_creator":"@https:\/\/twitter.com\/javierchento","twitter_site":"@WeVincentians","twitter_misc":{"Escrito por":"Francisco Javier Fern\u00e1ndez Chento","Tiempo de lectura":"7 minutos"},"schema":{"@context":"https:\/\/schema.org","@graph":[{"@type":"Article","@id":"http:\/\/vincentians.com\/es\/exhortacion-apostolica-verbum-domini-conclusion\/#article","isPartOf":{"@id":"http:\/\/vincentians.com\/es\/exhortacion-apostolica-verbum-domini-conclusion\/"},"author":{"name":"Francisco Javier Fern\u00e1ndez Chento","@id":"https:\/\/vincentians.com\/es\/#\/schema\/person\/9623ef4d9aa3b2dfb8c061f1499288f2"},"headline":"Exhortaci\u00f3n apost\u00f3lica &quot;Verbum Domini&quot;: Conclusi\u00f3n","datePublished":"2013-11-22T23:16:44+00:00","dateModified":"2016-07-26T08:12:46+00:00","mainEntityOfPage":{"@id":"http:\/\/vincentians.com\/es\/exhortacion-apostolica-verbum-domini-conclusion\/"},"wordCount":1378,"commentCount":0,"publisher":{"@id":"https:\/\/vincentians.com\/es\/#organization"},"image":{"@id":"http:\/\/vincentians.com\/es\/exhortacion-apostolica-verbum-domini-conclusion\/#primaryimage"},"thumbnailUrl":"","articleSection":["Documentos Pontificios"],"inLanguage":"es","potentialAction":[{"@type":"CommentAction","name":"Comment","target":["http:\/\/vincentians.com\/es\/exhortacion-apostolica-verbum-domini-conclusion\/#respond"]}]},{"@type":"WebPage","@id":"http:\/\/vincentians.com\/es\/exhortacion-apostolica-verbum-domini-conclusion\/","url":"http:\/\/vincentians.com\/es\/exhortacion-apostolica-verbum-domini-conclusion\/","name":"Exhortaci\u00f3n apost\u00f3lica &quot;Verbum Domini&quot;: Conclusi\u00f3n - Somos Vicencianos","isPartOf":{"@id":"https:\/\/vincentians.com\/es\/#website"},"primaryImageOfPage":{"@id":"http:\/\/vincentians.com\/es\/exhortacion-apostolica-verbum-domini-conclusion\/#primaryimage"},"image":{"@id":"http:\/\/vincentians.com\/es\/exhortacion-apostolica-verbum-domini-conclusion\/#primaryimage"},"thumbnailUrl":"","datePublished":"2013-11-22T23:16:44+00:00","dateModified":"2016-07-26T08:12:46+00:00","breadcrumb":{"@id":"http:\/\/vincentians.com\/es\/exhortacion-apostolica-verbum-domini-conclusion\/#breadcrumb"},"inLanguage":"es","potentialAction":[{"@type":"ReadAction","target":["http:\/\/vincentians.com\/es\/exhortacion-apostolica-verbum-domini-conclusion\/"]}]},{"@type":"ImageObject","inLanguage":"es","@id":"http:\/\/vincentians.com\/es\/exhortacion-apostolica-verbum-domini-conclusion\/#primaryimage","url":"","contentUrl":""},{"@type":"BreadcrumbList","@id":"http:\/\/vincentians.com\/es\/exhortacion-apostolica-verbum-domini-conclusion\/#breadcrumb","itemListElement":[{"@type":"ListItem","position":1,"name":"Portada","item":"https:\/\/vincentians.com\/es\/"},{"@type":"ListItem","position":2,"name":"Exhortaci\u00f3n apost\u00f3lica &quot;Verbum Domini&quot;: Conclusi\u00f3n"}]},{"@type":"WebSite","@id":"https:\/\/vincentians.com\/es\/#website","url":"https:\/\/vincentians.com\/es\/","name":"Somos Vicencianos","description":"Know more to serve more","publisher":{"@id":"https:\/\/vincentians.com\/es\/#organization"},"potentialAction":[{"@type":"SearchAction","target":{"@type":"EntryPoint","urlTemplate":"https:\/\/vincentians.com\/es\/?s={search_term_string}"},"query-input":{"@type":"PropertyValueSpecification","valueRequired":true,"valueName":"search_term_string"}}],"inLanguage":"es"},{"@type":"Organization","@id":"https:\/\/vincentians.com\/es\/#organization","name":"The Vincentian Network","url":"https:\/\/vincentians.com\/es\/","logo":{"@type":"ImageObject","inLanguage":"es","@id":"https:\/\/vincentians.com\/es\/#\/schema\/logo\/image\/","url":"https:\/\/i1.wp.com\/vincentians.com\/es\/wp-content\/uploads\/sites\/11\/2016\/06\/Vincentian-Network-logo-big.png?fit=778%2C778","contentUrl":"https:\/\/i1.wp.com\/vincentians.com\/es\/wp-content\/uploads\/sites\/11\/2016\/06\/Vincentian-Network-logo-big.png?fit=778%2C778","width":778,"height":778,"caption":"The Vincentian Network"},"image":{"@id":"https:\/\/vincentians.com\/es\/#\/schema\/logo\/image\/"},"sameAs":["https:\/\/www.facebook.com\/WeAreVincentians\/","https:\/\/x.com\/WeVincentians"]},{"@type":"Person","@id":"https:\/\/vincentians.com\/es\/#\/schema\/person\/9623ef4d9aa3b2dfb8c061f1499288f2","name":"Francisco Javier Fern\u00e1ndez Chento","image":{"@type":"ImageObject","inLanguage":"es","@id":"https:\/\/vincentians.com\/es\/#\/schema\/person\/image\/","url":"https:\/\/secure.gravatar.com\/avatar\/497d5cde87b4c3d097d0315953521681ba2cd523ee66e5077c3711f7021e65de?s=96&d=mm&r=g","contentUrl":"https:\/\/secure.gravatar.com\/avatar\/497d5cde87b4c3d097d0315953521681ba2cd523ee66e5077c3711f7021e65de?s=96&d=mm&r=g","caption":"Francisco Javier Fern\u00e1ndez Chento"},"description":"Director General y cofundador de La Red de Formaci\u00f3n Vicenciana. Javier es laico vicenciano, afiliado a la Congregaci\u00f3n de la Misi\u00f3n y miembro del Equipo de Misiones Populares de la provincia can\u00f3nica de Zaragoza (Espa\u00f1a) de la Congregaci\u00f3n de la Misi\u00f3n. Graduado en la Universidad Oberta de Catalunya con cuatro grados (Asistente de direcci\u00f3n, Gesti\u00f3n Administrativa, Recursos Humanos y Contabilidad Avanzada). Bil\u00edng\u00fce Espa\u00f1ol\/Ingl\u00e9s. gestiona y mantiene varias p\u00e1ginas web cristianas y vicencianas, incluida including La Red de Formaci\u00f3n Vicenciana, de la que es cofundador. Actualmente es responsable del \u00e1rea de Espa\u00f1ol de .famvin, la Red de Noticias de la Familia Vicenciana. Tambi\u00e9n es m\u00fasico cat\u00f3lico y ha editado varios discos. Es Director General y cofundador de Trovador, una reconocida compa\u00f1\u00eda discogr\u00e1fica critiana de Espa\u00f1a. Trabaja en las Tecnolog\u00edas de la Informaci\u00f3n, ofreciendo servicios de alojamiento, dise\u00f1o y mantenimiento Web, as\u00ed como asesoramiento, formaci\u00f3n y soluciones inform\u00e1ticas, gesti\u00f3n documental y digitalizaci\u00f3n de textos, edici\u00f3n y maquetaci\u00f3n de libros, revistas, flyers, etc.","sameAs":["http:\/\/chento.org","https:\/\/www.facebook.com\/JavierChento","https:\/\/x.com\/https:\/\/twitter.com\/javierchento"],"url":"http:\/\/vincentians.com\/es\/author\/chento\/"}]}},"jetpack_publicize_connections":[],"jetpack_featured_media_url":"","jetpack_sharing_enabled":true,"jetpack_shortlink":"https:\/\/wp.me\/p7ETMF-vBw","jetpack-related-posts":[{"id":116599,"url":"http:\/\/vincentians.com\/es\/dei-verbum\/","url_meta":{"origin":121490,"position":0},"title":"Dei Verbum","author":"Francisco Javier Fern\u00e1ndez Chento","date":"18\/10\/2018","format":false,"excerpt":"Comentario a \"Dei Verbum\" Autor: Jos\u00e9 Miguel Arr\u00e1iz La Dei Verbum o Constituci\u00f3n dogm\u00e1tica de la divina revelaci\u00f3n es otro de los documentos fundamentales del Concilio Vaticano II. Su valor doctrinal fue objeto de una notificaci\u00f3n el 15 de Noviembre de 1965 que reitera una dada el a\u00f1o anterior el\u2026","rel":"","context":"En \u00abConcilio Vaticano II\u00bb","block_context":{"text":"Concilio Vaticano II","link":"http:\/\/vincentians.com\/es\/category\/formacion-cristiana\/concilios-ecumenicos\/concilio-vaticano-ii\/"},"img":{"alt_text":"","src":"https:\/\/i0.wp.com\/vincentians.com\/es\/wp-content\/uploads\/sites\/11\/2016\/09\/sencillos-como-palomas.jpg?fit=1200%2C630&resize=350%2C200","width":350,"height":200,"srcset":"https:\/\/i0.wp.com\/vincentians.com\/es\/wp-content\/uploads\/sites\/11\/2016\/09\/sencillos-como-palomas.jpg?fit=1200%2C630&resize=350%2C200 1x, https:\/\/i0.wp.com\/vincentians.com\/es\/wp-content\/uploads\/sites\/11\/2016\/09\/sencillos-como-palomas.jpg?fit=1200%2C630&resize=525%2C300 1.5x, https:\/\/i0.wp.com\/vincentians.com\/es\/wp-content\/uploads\/sites\/11\/2016\/09\/sencillos-como-palomas.jpg?fit=1200%2C630&resize=700%2C400 2x, https:\/\/i0.wp.com\/vincentians.com\/es\/wp-content\/uploads\/sites\/11\/2016\/09\/sencillos-como-palomas.jpg?fit=1200%2C630&resize=1050%2C600 3x"},"classes":[]},{"id":135013,"url":"http:\/\/vincentians.com\/es\/el-genesis\/","url_meta":{"origin":121490,"position":1},"title":"El G\u00e9nesis","author":"Francisco Javier Fern\u00e1ndez Chento","date":"17\/01\/2015","format":false,"excerpt":"Introducci\u00f3n \"Como sabemos, las Sagradas Escrituras son el testimonio escrito de la Palabra de Dios, el memorial can\u00f3nico que certifica el acontecimiento de la Revelaci\u00f3n. La Palabra de Dios, por lo tanto, precede y excede la Biblia. Es por esta raz\u00f3n que nuestra fe no tiene en el centro s\u00f3lo\u2026","rel":"","context":"En \u00abFormaci\u00f3n Cristiana\u00bb","block_context":{"text":"Formaci\u00f3n Cristiana","link":"http:\/\/vincentians.com\/es\/category\/formacion-cristiana\/"},"img":{"alt_text":"creacion1","src":"https:\/\/i0.wp.com\/vicencianos.org\/wp-content\/2015\/01\/creacion1.jpg?resize=350%2C200","width":350,"height":200},"classes":[]},{"id":144669,"url":"http:\/\/vincentians.com\/es\/cinco-piedras-lisas-para-escuchar-bien-la-palabra-de-dios\/","url_meta":{"origin":121490,"position":2},"title":"Cinco piedras lisas para escuchar bien la Palabra de Dios","author":"Francisco Javier Fern\u00e1ndez Chento","date":"09\/05\/2015","format":false,"excerpt":"Nuestras Constituciones, nuestro Documento Inter-Asambleas y tantos otros textos nos invitan a meditar la Palabra de Dios y a vivirla, lo que consiste en la llamada fundamental dirigida a todo cristiano. Jes\u00fas, con frecuencia, nos invita a ello: \u201cMientras \u00e9l hablaba estas cosas, aconteci\u00f3 que una mujer de entre el\u2026","rel":"","context":"En \u00abFormaci\u00f3n Cristiana\u00bb","block_context":{"text":"Formaci\u00f3n Cristiana","link":"http:\/\/vincentians.com\/es\/category\/formacion-cristiana\/"},"img":{"alt_text":"palabradedios","src":"https:\/\/i0.wp.com\/vicencianos.org\/wp-content\/2015\/05\/palabradedios-300x225.jpg?resize=350%2C200","width":350,"height":200},"classes":[]},{"id":132366,"url":"http:\/\/vincentians.com\/es\/domingo-4o-de-adviento-reflexion-de-jose-cervantes-gabarron\/","url_meta":{"origin":121490,"position":3},"title":"Domingo 4\u00ba de Adviento (reflexi\u00f3n de Jos\u00e9 Cervantes Gabarr\u00f3n)","author":"Francisco Javier Fern\u00e1ndez Chento","date":"16\/12\/2011","format":false,"excerpt":"Colmada de gracia El cuarto domingo de adviento anuncia la celebraci\u00f3n ya muy pr\u00f3xima del nacimiento de Jes\u00fas el Mes\u00edas, el misterio de Dios proclamado como Evangelio por el ap\u00f3stol Pablo. Los evangelios nos presentan dos figuras humanas preeminentes en los preludios de la Navidad, Mar\u00eda y Jos\u00e9, de las\u2026","rel":"","context":"En \u00abHomil\u00edas y reflexiones, A\u00f1o B\u00bb","block_context":{"text":"Homil\u00edas y reflexiones, A\u00f1o B","link":"http:\/\/vincentians.com\/es\/category\/homilias-y-reflexiones-a-la-palabra-de-dios\/homilias-y-reflexiones-ano-b\/"},"img":{"alt_text":"","src":"https:\/\/i0.wp.com\/vincentians.com\/es\/wp-content\/uploads\/sites\/11\/2016\/07\/reflexiones-palabra-de-dios.jpg?fit=1200%2C630&resize=350%2C200","width":350,"height":200,"srcset":"https:\/\/i0.wp.com\/vincentians.com\/es\/wp-content\/uploads\/sites\/11\/2016\/07\/reflexiones-palabra-de-dios.jpg?fit=1200%2C630&resize=350%2C200 1x, https:\/\/i0.wp.com\/vincentians.com\/es\/wp-content\/uploads\/sites\/11\/2016\/07\/reflexiones-palabra-de-dios.jpg?fit=1200%2C630&resize=525%2C300 1.5x, https:\/\/i0.wp.com\/vincentians.com\/es\/wp-content\/uploads\/sites\/11\/2016\/07\/reflexiones-palabra-de-dios.jpg?fit=1200%2C630&resize=700%2C400 2x, https:\/\/i0.wp.com\/vincentians.com\/es\/wp-content\/uploads\/sites\/11\/2016\/07\/reflexiones-palabra-de-dios.jpg?fit=1200%2C630&resize=1050%2C600 3x"},"classes":[]},{"id":121247,"url":"http:\/\/vincentians.com\/es\/escuchar-la-palabra-de-dios\/","url_meta":{"origin":121490,"position":4},"title":"Escuchar la Palabra de Dios","author":"Francisco Javier Fern\u00e1ndez Chento","date":"04\/05\/2013","format":false,"excerpt":"Cada ma\u00f1ana me despierta para que oiga, para que escuche como disc\u00edpulo. El Se\u00f1or Yahv\u00e9 me ha abierto el o\u00eddo. Is 50,4-5 Ante todo cada uno de nosotros se esforzar\u00e1 por convencerse de esta verdad: que la ense\u00f1anza de Cristo no puede enga\u00f1ar nunca, mientras que la del mundo es\u2026","rel":"","context":"En \u00abEspiritualidad vicenciana\u00bb","block_context":{"text":"Espiritualidad vicenciana","link":"http:\/\/vincentians.com\/es\/category\/espiritualidad\/espiritualidad-vicenciana\/"},"img":{"alt_text":"leer_la_palabra","src":"https:\/\/i0.wp.com\/vicencianos.org\/wp-content\/2013\/04\/leer_la_palabra-300x191.jpg?resize=350%2C200","width":350,"height":200},"classes":[]},{"id":134890,"url":"http:\/\/vincentians.com\/es\/2o-domingo-de-navidad-reflexion-de-jose-cervantes-gabarron\/","url_meta":{"origin":121490,"position":5},"title":"2\u00ba Domingo de Navidad (reflexi\u00f3n de Jos\u00e9 Cervantes Gabarr\u00f3n)","author":"Francisco Javier Fern\u00e1ndez Chento","date":"03\/01\/2015","format":false,"excerpt":"Felicidades: Seguimos en Navidad Seguimos en Navidad y por eso el mundo cristiano marca el comienzo del\u00a0a\u00f1o nuevo con el nacimiento de Jes\u00fas.\u00a0No es s\u00f3lo que Jes\u00fas naciera en estas fechas del a\u00f1o, sino que, porque \u00c9l naci\u00f3, vino con \u00e9l el tiempo de la gracia y del Esp\u00edritu, el\u2026","rel":"","context":"En \u00abHomil\u00edas y reflexiones, A\u00f1o B\u00bb","block_context":{"text":"Homil\u00edas y reflexiones, A\u00f1o B","link":"http:\/\/vincentians.com\/es\/category\/homilias-y-reflexiones-a-la-palabra-de-dios\/homilias-y-reflexiones-ano-b\/"},"img":{"alt_text":"","src":"https:\/\/i0.wp.com\/vincentians.com\/es\/wp-content\/uploads\/sites\/11\/2016\/07\/reflexiones-palabra-de-dios.jpg?fit=1200%2C630&resize=350%2C200","width":350,"height":200,"srcset":"https:\/\/i0.wp.com\/vincentians.com\/es\/wp-content\/uploads\/sites\/11\/2016\/07\/reflexiones-palabra-de-dios.jpg?fit=1200%2C630&resize=350%2C200 1x, https:\/\/i0.wp.com\/vincentians.com\/es\/wp-content\/uploads\/sites\/11\/2016\/07\/reflexiones-palabra-de-dios.jpg?fit=1200%2C630&resize=525%2C300 1.5x, https:\/\/i0.wp.com\/vincentians.com\/es\/wp-content\/uploads\/sites\/11\/2016\/07\/reflexiones-palabra-de-dios.jpg?fit=1200%2C630&resize=700%2C400 2x, https:\/\/i0.wp.com\/vincentians.com\/es\/wp-content\/uploads\/sites\/11\/2016\/07\/reflexiones-palabra-de-dios.jpg?fit=1200%2C630&resize=1050%2C600 3x"},"classes":[]}],"_links":{"self":[{"href":"http:\/\/vincentians.com\/es\/wp-json\/wp\/v2\/posts\/121490","targetHints":{"allow":["GET"]}}],"collection":[{"href":"http:\/\/vincentians.com\/es\/wp-json\/wp\/v2\/posts"}],"about":[{"href":"http:\/\/vincentians.com\/es\/wp-json\/wp\/v2\/types\/post"}],"author":[{"embeddable":true,"href":"http:\/\/vincentians.com\/es\/wp-json\/wp\/v2\/users\/4"}],"replies":[{"embeddable":true,"href":"http:\/\/vincentians.com\/es\/wp-json\/wp\/v2\/comments?post=121490"}],"version-history":[{"count":0,"href":"http:\/\/vincentians.com\/es\/wp-json\/wp\/v2\/posts\/121490\/revisions"}],"wp:featuredmedia":[{"embeddable":true,"href":"http:\/\/vincentians.com\/es\/wp-json\/"}],"wp:attachment":[{"href":"http:\/\/vincentians.com\/es\/wp-json\/wp\/v2\/media?parent=121490"}],"wp:term":[{"taxonomy":"category","embeddable":true,"href":"http:\/\/vincentians.com\/es\/wp-json\/wp\/v2\/categories?post=121490"},{"taxonomy":"post_tag","embeddable":true,"href":"http:\/\/vincentians.com\/es\/wp-json\/wp\/v2\/tags?post=121490"}],"curies":[{"name":"wp","href":"https:\/\/api.w.org\/{rel}","templated":true}]}}