{"id":1213,"date":"2014-12-29T03:04:09","date_gmt":"2014-12-29T02:04:09","guid":{"rendered":"http:\/\/somos.vicencianos.org\/blog\/?p=1213"},"modified":"2016-07-27T12:11:46","modified_gmt":"2016-07-27T10:11:46","slug":"momentos-dificiles-4-malaga-1936-siete-meses-de-prision","status":"publish","type":"post","link":"http:\/\/vincentians.com\/es\/momentos-dificiles-4-malaga-1936-siete-meses-de-prision\/","title":{"rendered":"Momentos dif\u00edciles 4: M\u00e1laga, 1936, siete meses de prisi\u00f3n"},"content":{"rendered":"<h2><strong>1.- Hacia la c\u00e1rcel <\/strong><\/h2>\n<p><strong><a href=\"https:\/\/i0.wp.com\/vicencianos.org\/wp-content\/2011\/06\/ESCUDOCM3.jpg\"><img data-recalc-dims=\"1\" loading=\"lazy\" decoding=\"async\" class=\"alignright size-medium wp-image-42743\" title=\"ESCUDOCM\" src=\"https:\/\/i0.wp.com\/vicencianos.org\/wp-content\/2011\/06\/ESCUDOCM3-237x300.jpg?resize=237%2C300\" alt=\"\" width=\"237\" height=\"300\" \/><\/a>1936: Julio, 18: <\/strong> por la tarde que empez\u00f3 el Movimiento, mand\u00f3 el Superior al criado y al Hermano a la calle para ver lo que pasaba. Volvieron pronto diciendo que la cosa estaba muy mal. Entre otros edificios, ard\u00eda la calle entera de Larios. Al d\u00eda siguiente marcharon todos los Padres y quedamos en casa solos los dos hermanos&#8230; y no sabiendo a donde ir nos marchamos al monte, donde nos dimos con el P. Gorospe, y desde all\u00ed ve\u00edamos lo que hac\u00edan los rojos&#8230; Al ver que nos miraban y ven\u00edan los rojos hacia nosotros huimos y nos refugiamos en un chozo, donde se hallaba el P. Villala\u00edn, el que luego se march\u00f3 a Primo L\u00f3gica.<\/p>\n<p><strong>1936: Julio, 22: <\/strong> ya andaban los camperos buscando gente de derechas para matarlas como a conejos, por lo que le entr\u00f3 mucho miedo al due\u00f1o del chozo y me dijo que fuera de las comidas, estuviera todo el tiempo en el bosque, porque le compromet\u00eda mucho.<\/p>\n<p><strong>1936: Julio, 24:<\/strong> se present\u00f3 una comisi\u00f3n preguntando por un individuo, que all\u00ed no estaba, y al verme a m\u00ed preguntaron que quien era yo; pero un amigo de toda la confianza de ellos me garantiz\u00f3 y libr\u00f3 en aquella ocasi\u00f3n.<\/p>\n<p><strong>1936: Julio, 16<\/strong>: y lleg\u00f3 el domingo, que no se me olvidar\u00e1 nunca. Hab\u00edan anunciado los peri\u00f3dicos que el Gobernador facilitaba a los trabajadores de otras provincias la vuelta a sus pueblos, y nuestro hermano pens\u00f3 en aprovecharse de esta protecci\u00f3n. Yo no le quise dejar solo, y con un guardia de asalto que vino, nos presentamos los tres al Gobernador, el cual dijo que no se pod\u00eda ir a Galicia; y para que estuvi\u00e9semos m\u00e1s seguros nos metieron en el calabozo, despu\u00e9s de registrarnos rigurosamente.<\/p>\n<h2><strong>2.- Entre los barrotes de la prisi\u00f3n. <\/strong><\/h2>\n<p>Llegada la noche se presentaron varios coches para llevarnos a la c\u00e1rcel. Como los rojos todos quer\u00edan mandar, todos quer\u00edan gloriarse llev\u00e1ndonos en el coche que cada cual se\u00f1alaba&#8230; Por fin montamos en uno de l\u00ednea, custodiados por guardias de asalto. \u00a1Oh Dios, qu\u00e9 viajecito!. A cada paso o\u00edamos un \u00a1alto! de las patrullas, que apuntaban con los fusiles y dec\u00edan: \u00abSon fascistas, a fusilarlos\u00bb. Pero los guardias contestaban: \u00abm\u00e1s alante se les fusilar\u00e1\u00bb&#8230; Por fin entramos en la c\u00e1rcel, despu\u00e9s de tomarnos la filiaci\u00f3n, y nos metieron en una sala donde hab\u00eda unos 40 presos. Y all\u00ed pasamos unos 20 d\u00edas, a los principios sin mantas ni colchoneta, durmiendo en el suelo; pero Dios nos dio el consuelo de rezar todos los d\u00edas el Rosario y o\u00edr la pl\u00e1tica de un Padre jesuita que compart\u00eda nuestra prisi\u00f3n.<\/p>\n<h2><strong>3.- Las famosas y terror\u00edficas sacas<\/strong>.<\/h2>\n<p><strong>1936:<\/strong> <strong>Agosto: <\/strong>luego nos cambiaron a un patio; y entonces empez\u00f3 el per\u00edodo de las tremendas sacas. El <strong>d\u00eda 21 de agosto<\/strong> echaron a todos los rojos presos a la calle, para fusilarnos a todos los derechistas juntos en el patio. Iban ya fusilados unos 60, cuando entr\u00f3 un sargento gritando que de parte del Gobernador y del Comit\u00e9 no sacaran m\u00e1s&#8230; Refunfu\u00f1ando de la orden, al fin cedieron. <strong>Dos d\u00edas m\u00e1s tarde<\/strong>, dorm\u00eda yo tranquilo, cuando me despertaron los milicianos que estaban llamando \u00e1 un can\u00f3nigo de C\u00f3rdoba, vecino m\u00edo, para que declarase; despu\u00e9s de \u00e9l salieron otros 90 presos de derechas, que fueron las v\u00edctimas de la segunda saca. El <strong>d\u00eda 30<\/strong> sufrimos otra saca de m\u00e1s de 80;<strong> y el 31 <\/strong>otra nueva, de m\u00e1s de 90 v\u00edctimas. Y as\u00ed otros d\u00edas: siempre que la Aviaci\u00f3n Nacional bombardeaba a M\u00e1laga. Pero m\u00e1s que los fusilados sufr\u00edamos los que aguard\u00e1bamos nuestra muerte en la pr\u00f3xima saca&#8230; Algunos de los presos se pusieron locos y otros se tiraron de los corredores y se mataron, pues o\u00edamos a los rojos vanagloriarse de los tiros que hab\u00edan pegado a los canallas fascistas, y presenci\u00e1bamos los gritos, las lamentaciones de nuestros compa\u00f1eros y los disparos que recib\u00edan. Con estas impresiones y por hallarme desnudo del todo al lado de una ventana sin cristales me entr\u00f3 un temblor como si me hubiera entrado la tremesi\u00f1a&#8230;<\/p>\n<p><strong>1936: Septiembre<\/strong>: hubo todav\u00eda otra saca m\u00e1s horrible&#8230; El <strong>24 de septiembre<\/strong> fusilaron a 120 hombres y 8 mujeres; y cuando estaban los aeroplanos de Espa\u00f1a por encima de nosotros vinieron un grupo de milicianos gritando: \u00abahora venimos por todos los canallas; \u00a1a formar la brigada!\u00bb. Nos obligaron a subir todos al sal\u00f3n para cogernos mejor. Gracias a que fingiendo un paseo de conversaci\u00f3n \u00edntima con el padre Jesuita, est\u00e1bamos confesados, y Dios nos daba valor con su gracia; pero con todo eso, aquellos d\u00edas la comida se nos convirti\u00f3 en veneno cuando la pod\u00edamos tomar, pues con frecuencia no hab\u00eda a quien repartirla, porque se hallaban unos gritando y otros llorando&#8230; \u00a1Aquello era horrible!. Mas quiso el Se\u00f1or librarnos en aquella ocasi\u00f3n como igualmente lo hizo el d\u00eda en que millares de personas alborotadas penetraron en la c\u00e1rcel gritando: \u00abHoy todos al matadero\u00bb. A m\u00ed me hab\u00edan nombrado cabo de la brigada 6\u00aa, porque dec\u00edan que ten\u00eda cara de bueno y aprovechando esta influencia mand\u00e9 que mi brigada, cerrada por dentro en la habitaci\u00f3n-sal\u00f3n, no respirase ni siquiera tosiese. Aquella turba de rojos intentaron ver por la mirilla del sal\u00f3n nuestro, pero estaba sujeta por dentro y nada vieron; aplicaron luego el o\u00eddo a la puerta, pero nada tampoco oyeron, por lo que se imaginaron que all\u00ed no hab\u00eda ya nadie&#8230; y nos dejaron en paz y con vida.<\/p>\n<h2><strong>4.- De camino hacia el Barco-C\u00e1rcel. <\/strong><\/h2>\n<p>Cuando abrieron las puertas dos cabecillas rojos, se movieron a compasi\u00f3n y se quedaron con nosotros queriendo libertarnos a todos, cada d\u00eda unos 4 \u00f3 5. Los d\u00edas primeros salieron algunos, pero no pudieron poner mas en libertad al ver las dificultades que pon\u00eda el Comit\u00e9; pero consiguieron que el comit\u00e9 mismo viniera a la c\u00e1rcel el cual orden\u00f3 que nos trasladasen al barco, Marqu\u00e9s de Ch\u00e1varri, que hab\u00eda en el puerto convertido en c\u00e1rcel, all\u00ed lo pasar\u00edamos mal, pero por entonces hab\u00edamos salvado la vida, que vale m\u00e1s que todo. \u00a1Cu\u00e1ntos abrazos llevaron entonces nuestros buenos salvadores, a los que deb\u00edamos vida despu\u00e9s de la Providencial,<\/p>\n<p>En tres camiones vigilados por otros dos de guardias civiles fuimos trasladados a la c\u00e1rcel flotante&#8230; \u00a1Qu\u00e9 triste ver a aquellas madres y a aquellos hijos besar a sus esposos y padres presos!&#8230; \u00a1C\u00f3mo ca\u00edan aquellas l\u00e1grimas, c\u00f3mo se daban aquellos abrazos, tal vez los \u00faltimos! y que no ten\u00eda all\u00ed a nadie que me viera llevar y me llorara, tuve sentimiento de pena y entonces recurr\u00ed a la Sant\u00edsima Virgen en varias advocaciones, pero especialmente a la de mi tierra&#8230; Despu\u00e9s de esto cuanto m\u00e1s horrores ve\u00eda, mas serenidad ten\u00eda y confianza en salvarme.<\/p>\n<h2><strong>5.-En el Marqu\u00e9s de Ch\u00e1varri. <\/strong><\/h2>\n<p>Aqu\u00ed entramos el <strong>29 de septiembre<\/strong> y en ese mismo d\u00eda comenzaron nuevas calamidades. Nuestra cama era el duro suelo acabado de baldear; en los tres primeros d\u00edas no comimos nada; compadecido un oficial mand\u00f3 dinero para que nos comprasen comida, el cual lleg\u00f3 pero se lo quedaron los milicianos y no vimos comida alguna. Gracias a poquito de chocolate y a unas mantas que me hab\u00eda cogido de los que llevaron a matar pude pasar as\u00ed aquellos d\u00edas. Cuando los familiares de los presos, ante aquella situaci\u00f3n, determinaron llevarles la comida, los guardias rojos se com\u00edan lo que m\u00e1s les gustaba de ella; y yo que no ten\u00eda nadie que me lo mandase tuve que acercarme a alguno de los prisioneros, de cuya caridad pude vivir. Adem\u00e1s de esto padec\u00edamos muchos malos tratos. No pod\u00edamos subir a cubierta; para lavarnos regularmente en ella ten\u00edamos que subir sin camisa, y guardar as\u00ed como tambi\u00e9n para las necesidades m\u00e1s necesarias del cuerpo. Como por no darnos facilidades est\u00e1bamos hasta tres d\u00edas en tales apuros, nos ve\u00edamos precisados a remediarlas en las bodegas. En cada colchoneta, que luego nos pudimos acarrear, dorm\u00edamos 5 \u00f3 6, sin que pudi\u00e9ramos darnos vuelta alguna; por lo que se desarroll\u00f3 una gran miseria y despu\u00e9s el contagio de la sarna que obligaba a deshacerse la piel de tanto rascarse. En aquella colchoneta, puse m\u00ed comedor, mi taller de petacas de palma, mi matadero de bichos, mi banco y m\u00ed oratorio&#8230; Y&#8230; otras m\u00e1s&#8230; \u00a1Qu\u00e9 poco necesita un hombre para vivir!.<\/p>\n<p><strong>1936: Octubre<\/strong>: al entrar en esta c\u00e1rcel flotante nos hab\u00edan asegurado que no sacar\u00edan de ella a nadie; pero nos enga\u00f1aron y el <strong>14 de octubre<\/strong> sacaron de entre nosotros a 5 Sacerdotes y los fusilaron en el muelle, pero antes nos obligaron a todos a gritar: \u00abMueran los fascistas\u00bb, grito que debi\u00f3 apenar a aquellos m\u00e1rtires de Cristo.<\/p>\n<h2><strong>6.- Declarando ante el tribunal rojo. <\/strong><\/h2>\n<p>Despu\u00e9s de cuatro largos meses de prisi\u00f3n fui conducido a declarar ante el tribunal del Comit\u00e9 rojo. Y me pregunt\u00f3 el que hac\u00eda de juez:<\/p>\n<p><em>-\u00bfT\u00fa por qu\u00e9 est\u00e1s aqu\u00ed?-<\/em>Pues, mire usted, yo vine Madrid unos d\u00edas antes de las elecciones a buscar trabajo y como ha habido tanta huelga no lo he podido encontrar y as\u00ed me cogi\u00f3 el movimiento.<\/p>\n<p>&#8211;<em>\u00bfNo tienes residencia?. <\/em>-No, porque como se me termin\u00f3 el dinero, tuve que andar de aqu\u00ed para all\u00ed, donde pod\u00eda.<\/p>\n<p>&#8211; <em>\u00bfY qui\u00e9n te meti\u00f3 en la c\u00e1rcel?.<\/em> -Pues mire usted, un guardia de asalto, quien nos acompa\u00f1\u00f3 a m\u00ed y a un compa\u00f1ero al Sr. Gobernador a que nos diese un salvoconducto para volver a nuestra tierra, y como no hab\u00eda circulaci\u00f3n me mand\u00f3 a la c\u00e1rcel para que estuviese all\u00ed m\u00e1s seguro como protegido.<\/p>\n<p>&#8211; <em>\u00bfY usted no tiene aqu\u00ed ning\u00fan conocido o amigo que le garantice?.<\/em> -No se\u00f1or, porque como le dije iba de ac\u00e1 para all\u00e1 y como no ten\u00eda dinero&#8230; nadie se me hizo amigo-<\/p>\n<p><strong>1937: Enero<\/strong>: el <strong>15 de enero<\/strong> fui llevado de nuevo ante el tribunal, me leyeron mis declaraciones, y la que hab\u00eda hecho de m\u00ed el guardia de asalto&#8230; y despu\u00e9s de hacerme otras cuantas preguntas, se miraron unos a otros, tocaron una campanilla y dieron con mis huesos otra vez en el barco&#8230; \u00a1Dios me ten\u00eda preparadas otras penalidades!.<\/p>\n<h2><strong>7.- Las escenas de dos bombardeos&#8230; a bordo del Ch\u00e1varri&#8230; <\/strong><\/h2>\n<p>Tambi\u00e9n en el barco-c\u00e1rcel fui nombrado cabo de la 3\u00aa brigada de presos. Acababa de volver a encargarme de m\u00ed mando cuando empez\u00f3 un horrible bombardeo; se o\u00eda silbar y estrellarse las bombas; un submarino rojo se arrim\u00f3 de miedo a nuestro barco, el cual daba tales botes que parec\u00eda hundirse; los presos todos se aterrorizaron; unos se escond\u00edan en los rincones de las bodegas, otros se cubr\u00edan con las colchonetas o se pon\u00edan debajo de hierros; sobre nosotros cayeron cascotes del espig\u00f3n del muelle volado por la trilita; por lo que muchos cayeron desmayados; y entonces, ayudado por Dios, pude tomar una botella con agua y me puse a reanimarles. Pero esto era como preparaci\u00f3n para sufrir otra prueba todav\u00eda m\u00e1s dura.<\/p>\n<p>Durante otro bombardeo a M\u00e1laga le toc\u00f3 tambi\u00e9n algo de \u00e9l a nuestro buque: todo \u00e9l se cubri\u00f3 de metralla, parte de su barandilla cay\u00f3 al mar, y el agua empez\u00f3 a colarse entre nosotros. A m\u00ed lado cay\u00f3 un tabl\u00f3n&#8230; pero milagrosamente a nadie hizo da\u00f1o la metralla sino a un miliciano que hac\u00eda guardia y al cual mat\u00f3 .Por suscripci\u00f3n le compramos una corona funeraria, y esta sencilla medida nos libr\u00f3 otra vez de la muerte, porque cuando vinieron a repetir la saca para tomarse las represalias por el bombardeo sufrido, los otros guardias rojos se opusieron terminantemente diciendo que nuestro barco hab\u00eda sido m\u00e1s castigado que la Ciudad&#8230; y se marcharon.<\/p>\n<h2><strong>8.- De enfermero y de Juez de Paz. <\/strong><\/h2>\n<p>Entre los presos que en el barco hab\u00eda se contaba un se\u00f1or muy acomodado, viejo y enfermo, el cual fue m\u00e1s duramente tratado que los otros. Se llen\u00f3 de miseria, y cono el Gobernador le hab\u00eda quitado las maletas, no pod\u00eda mudarse; yo me puse a sus \u00f3rdenes, le cuid\u00e9 cuanto pude, consegu\u00ed del Sr. Gobernador que le mandase las maletas, pero esto me mereci\u00f3 que infundiese sospechas de ser fascista. Un esp\u00eda que entre nosotros hab\u00eda, el mayor granuja que alumbr\u00f3 el sol y al que yo trataba por tenerlo siempre contento, inform\u00f3 favorablemente de mi. En nuestro barco metieron presos tambi\u00e9n a muchos milicianos rojos, entre los que se contaban hasta tenientes y capitanes; ya es de suponer la clase de gentuza que ser\u00edan, por lo que armaban cada l\u00edo y ri\u00f1as con los propios rojos y con los buenos detenidos, que aumentaban las angustias de la prisi\u00f3n; por lo que todo eran dar voces al cabo de al brigada para que pusiera paces&#8230; pero yo contestaba que no me hac\u00edan caso, porque as\u00ed no pon\u00eda mala cara a los m\u00edos ni a los rojos, y de esta forma no quedaba descubierto, seg\u00fan era mi intento evitar.<\/p>\n<p><strong>9.- Entre \u00a1Vivas a Espa\u00f1a! La Liberaci\u00f3n. <\/strong><\/p>\n<p><strong>1937: Febrero:<\/strong> ten\u00edamos que sufrir la \u00faltima prueba, bien pesada por cierto. Los <strong>d\u00edas 5, 6 y 7 de febrero<\/strong> se recrudecieron las amarguras; durante estos tres d\u00edas ni vimos el pan ni probamos siquiera el agua: en ayuno absoluto. Por otra parte se notaba un intenso bombardeo en toda la ciudad; nos imagin\u00e1bamos que est\u00e1bamos en capilla. El horror se apoder\u00f3 de todos. Convencidos de nuestra muerte ya inevitable y pr\u00f3xima, unos cuantos m\u00e1s animosos cogimos seis palos y un mont\u00f3n de botellas y nos preparamos a morir gloriosamente, despu\u00e9s de haber descalabrado a cuantos rojos pudi\u00e9ramos&#8230; Percibimos como acerc\u00e1ndose hacia nosotros un ruido confuso, que luego notamos eran aplausos&#8230; \u00bfQu\u00e9 hab\u00eda sucedido?. En esta zozobra angustiosa nos hall\u00e1bamos cuando advertimos atolondradas carreras sobre la cubierta del buque&#8230; y&#8230; seguidamente un \u00ab\u00a1Arriba Espa\u00f1a!\u00bb, dulce y atronador&#8230; Eran los aplausos y carrera de la Espa\u00f1a triunfante sobre la tiran\u00eda roja malague\u00f1a, que venia a libertar a los pocos restos de derechas que guardaban las c\u00e1rceles.. Sentimos ensanchar el pecho&#8230; y luego nos abrazamos todos, libertados y libertadores; y lloramos&#8230; \u00a1Dios triunfaba y nos libertaba y el ej\u00e9rcito de Franco!&#8230; A Dios la glor\u00eda&#8230; y a Dios estoy obligado a consagrar m\u00e1s fielmente mi vida, pues a \u00c9l se la debo!\u00bb.<\/p>\n","protected":false},"excerpt":{"rendered":"<p>1.- Hacia la c\u00e1rcel 1936: Julio, 18: por la tarde que empez\u00f3 el Movimiento, mand\u00f3 el Superior al criado y al Hermano a la calle para ver lo que pasaba. Volvieron pronto diciendo que la &#8230; <a href=\"http:\/\/vincentians.com\/es\/momentos-dificiles-4-malaga-1936-siete-meses-de-prision\/\" class=\"more-link\">Read More<\/a><\/p>\n","protected":false},"author":5,"featured_media":42743,"comment_status":"open","ping_status":"open","sticky":false,"template":"","format":"standard","meta":{"jetpack_post_was_ever_published":false,"_jetpack_newsletter_access":"","_jetpack_dont_email_post_to_subs":false,"_jetpack_newsletter_tier_id":0,"_jetpack_memberships_contains_paywalled_content":false,"_jetpack_memberships_contains_paid_content":false,"footnotes":"","jetpack_publicize_message":"","jetpack_publicize_feature_enabled":true,"jetpack_social_post_already_shared":true,"jetpack_social_options":{"image_generator_settings":{"template":"highway","default_image_id":0,"font":"","enabled":false},"version":2}},"categories":[252],"tags":[],"class_list":["post-1213","post","type-post","status-publish","format-standard","has-post-thumbnail","hentry","category-historia-de-la-congregacion-de-la-mision-en-espana"],"yoast_head":"<!-- This site is optimized with the Yoast SEO plugin v26.3 - https:\/\/yoast.com\/wordpress\/plugins\/seo\/ -->\n<title>Momentos dif\u00edciles 4: M\u00e1laga, 1936, siete meses de prisi\u00f3n - Somos Vicencianos<\/title>\n<meta name=\"robots\" content=\"index, follow, max-snippet:-1, max-image-preview:large, max-video-preview:-1\" \/>\n<link rel=\"canonical\" href=\"http:\/\/vincentians.com\/es\/momentos-dificiles-4-malaga-1936-siete-meses-de-prision\/\" \/>\n<meta property=\"og:locale\" content=\"es_ES\" \/>\n<meta property=\"og:type\" content=\"article\" \/>\n<meta property=\"og:title\" content=\"Momentos dif\u00edciles 4: M\u00e1laga, 1936, siete meses de prisi\u00f3n - Somos Vicencianos\" \/>\n<meta property=\"og:description\" content=\"1.- Hacia la c\u00e1rcel 1936: Julio, 18: por la tarde que empez\u00f3 el Movimiento, mand\u00f3 el Superior al criado y al Hermano a la calle para ver lo que pasaba. Volvieron pronto diciendo que la ... Read More\" \/>\n<meta property=\"og:url\" content=\"http:\/\/vincentians.com\/es\/momentos-dificiles-4-malaga-1936-siete-meses-de-prision\/\" \/>\n<meta property=\"og:site_name\" content=\"Somos Vicencianos\" \/>\n<meta property=\"article:publisher\" content=\"https:\/\/www.facebook.com\/WeAreVincentians\/\" \/>\n<meta property=\"article:published_time\" content=\"2014-12-29T02:04:09+00:00\" \/>\n<meta property=\"article:modified_time\" content=\"2016-07-27T10:11:46+00:00\" \/>\n<meta name=\"author\" content=\"Mitxel Olabu\u00e9naga\" \/>\n<meta name=\"twitter:card\" content=\"summary_large_image\" \/>\n<meta name=\"twitter:creator\" content=\"@WeVincentians\" \/>\n<meta name=\"twitter:site\" content=\"@WeVincentians\" \/>\n<meta name=\"twitter:label1\" content=\"Escrito por\" \/>\n\t<meta name=\"twitter:data1\" content=\"Mitxel Olabu\u00e9naga\" \/>\n\t<meta name=\"twitter:label2\" content=\"Tiempo de lectura\" \/>\n\t<meta name=\"twitter:data2\" content=\"13 minutos\" \/>\n<script type=\"application\/ld+json\" class=\"yoast-schema-graph\">{\"@context\":\"https:\/\/schema.org\",\"@graph\":[{\"@type\":\"Article\",\"@id\":\"http:\/\/vincentians.com\/es\/momentos-dificiles-4-malaga-1936-siete-meses-de-prision\/#article\",\"isPartOf\":{\"@id\":\"http:\/\/vincentians.com\/es\/momentos-dificiles-4-malaga-1936-siete-meses-de-prision\/\"},\"author\":{\"name\":\"Mitxel Olabu\u00e9naga\",\"@id\":\"http:\/\/vincentians.com\/es\/#\/schema\/person\/7c2670b4445a7ca9d164ea6acdb31859\"},\"headline\":\"Momentos dif\u00edciles 4: M\u00e1laga, 1936, siete meses de prisi\u00f3n\",\"datePublished\":\"2014-12-29T02:04:09+00:00\",\"dateModified\":\"2016-07-27T10:11:46+00:00\",\"mainEntityOfPage\":{\"@id\":\"http:\/\/vincentians.com\/es\/momentos-dificiles-4-malaga-1936-siete-meses-de-prision\/\"},\"wordCount\":2535,\"commentCount\":0,\"publisher\":{\"@id\":\"http:\/\/vincentians.com\/es\/#organization\"},\"image\":{\"@id\":\"http:\/\/vincentians.com\/es\/momentos-dificiles-4-malaga-1936-siete-meses-de-prision\/#primaryimage\"},\"thumbnailUrl\":\"\",\"articleSection\":[\"Historia de la Congregaci\u00f3n de la Misi\u00f3n en Espa\u00f1a\"],\"inLanguage\":\"es\",\"potentialAction\":[{\"@type\":\"CommentAction\",\"name\":\"Comment\",\"target\":[\"http:\/\/vincentians.com\/es\/momentos-dificiles-4-malaga-1936-siete-meses-de-prision\/#respond\"]}]},{\"@type\":\"WebPage\",\"@id\":\"http:\/\/vincentians.com\/es\/momentos-dificiles-4-malaga-1936-siete-meses-de-prision\/\",\"url\":\"http:\/\/vincentians.com\/es\/momentos-dificiles-4-malaga-1936-siete-meses-de-prision\/\",\"name\":\"Momentos dif\u00edciles 4: M\u00e1laga, 1936, siete meses de prisi\u00f3n - Somos Vicencianos\",\"isPartOf\":{\"@id\":\"http:\/\/vincentians.com\/es\/#website\"},\"primaryImageOfPage\":{\"@id\":\"http:\/\/vincentians.com\/es\/momentos-dificiles-4-malaga-1936-siete-meses-de-prision\/#primaryimage\"},\"image\":{\"@id\":\"http:\/\/vincentians.com\/es\/momentos-dificiles-4-malaga-1936-siete-meses-de-prision\/#primaryimage\"},\"thumbnailUrl\":\"\",\"datePublished\":\"2014-12-29T02:04:09+00:00\",\"dateModified\":\"2016-07-27T10:11:46+00:00\",\"breadcrumb\":{\"@id\":\"http:\/\/vincentians.com\/es\/momentos-dificiles-4-malaga-1936-siete-meses-de-prision\/#breadcrumb\"},\"inLanguage\":\"es\",\"potentialAction\":[{\"@type\":\"ReadAction\",\"target\":[\"http:\/\/vincentians.com\/es\/momentos-dificiles-4-malaga-1936-siete-meses-de-prision\/\"]}]},{\"@type\":\"ImageObject\",\"inLanguage\":\"es\",\"@id\":\"http:\/\/vincentians.com\/es\/momentos-dificiles-4-malaga-1936-siete-meses-de-prision\/#primaryimage\",\"url\":\"\",\"contentUrl\":\"\"},{\"@type\":\"BreadcrumbList\",\"@id\":\"http:\/\/vincentians.com\/es\/momentos-dificiles-4-malaga-1936-siete-meses-de-prision\/#breadcrumb\",\"itemListElement\":[{\"@type\":\"ListItem\",\"position\":1,\"name\":\"Portada\",\"item\":\"http:\/\/vincentians.com\/es\/\"},{\"@type\":\"ListItem\",\"position\":2,\"name\":\"Momentos dif\u00edciles 4: M\u00e1laga, 1936, siete meses de prisi\u00f3n\"}]},{\"@type\":\"WebSite\",\"@id\":\"http:\/\/vincentians.com\/es\/#website\",\"url\":\"http:\/\/vincentians.com\/es\/\",\"name\":\"Somos Vicencianos\",\"description\":\"Know more to serve more\",\"publisher\":{\"@id\":\"http:\/\/vincentians.com\/es\/#organization\"},\"potentialAction\":[{\"@type\":\"SearchAction\",\"target\":{\"@type\":\"EntryPoint\",\"urlTemplate\":\"http:\/\/vincentians.com\/es\/?s={search_term_string}\"},\"query-input\":{\"@type\":\"PropertyValueSpecification\",\"valueRequired\":true,\"valueName\":\"search_term_string\"}}],\"inLanguage\":\"es\"},{\"@type\":\"Organization\",\"@id\":\"http:\/\/vincentians.com\/es\/#organization\",\"name\":\"The Vincentian Network\",\"url\":\"http:\/\/vincentians.com\/es\/\",\"logo\":{\"@type\":\"ImageObject\",\"inLanguage\":\"es\",\"@id\":\"http:\/\/vincentians.com\/es\/#\/schema\/logo\/image\/\",\"url\":\"https:\/\/i1.wp.com\/vincentians.com\/es\/wp-content\/uploads\/sites\/11\/2016\/06\/Vincentian-Network-logo-big.png?fit=778%2C778\",\"contentUrl\":\"https:\/\/i1.wp.com\/vincentians.com\/es\/wp-content\/uploads\/sites\/11\/2016\/06\/Vincentian-Network-logo-big.png?fit=778%2C778\",\"width\":778,\"height\":778,\"caption\":\"The Vincentian Network\"},\"image\":{\"@id\":\"http:\/\/vincentians.com\/es\/#\/schema\/logo\/image\/\"},\"sameAs\":[\"https:\/\/www.facebook.com\/WeAreVincentians\/\",\"https:\/\/x.com\/WeVincentians\"]},{\"@type\":\"Person\",\"@id\":\"http:\/\/vincentians.com\/es\/#\/schema\/person\/7c2670b4445a7ca9d164ea6acdb31859\",\"name\":\"Mitxel Olabu\u00e9naga\",\"image\":{\"@type\":\"ImageObject\",\"inLanguage\":\"es\",\"@id\":\"http:\/\/vincentians.com\/es\/#\/schema\/person\/image\/\",\"url\":\"https:\/\/secure.gravatar.com\/avatar\/34137ec2e2b8939cbbed975731e71f3f4f1defc7266ded337a5ce0f925426877?s=96&d=mm&r=g\",\"contentUrl\":\"https:\/\/secure.gravatar.com\/avatar\/34137ec2e2b8939cbbed975731e71f3f4f1defc7266ded337a5ce0f925426877?s=96&d=mm&r=g\",\"caption\":\"Mitxel Olabu\u00e9naga\"},\"url\":\"http:\/\/vincentians.com\/es\/author\/mitxel\/\"}]}<\/script>\n<!-- \/ Yoast SEO plugin. -->","yoast_head_json":{"title":"Momentos dif\u00edciles 4: M\u00e1laga, 1936, siete meses de prisi\u00f3n - Somos Vicencianos","robots":{"index":"index","follow":"follow","max-snippet":"max-snippet:-1","max-image-preview":"max-image-preview:large","max-video-preview":"max-video-preview:-1"},"canonical":"http:\/\/vincentians.com\/es\/momentos-dificiles-4-malaga-1936-siete-meses-de-prision\/","og_locale":"es_ES","og_type":"article","og_title":"Momentos dif\u00edciles 4: M\u00e1laga, 1936, siete meses de prisi\u00f3n - Somos Vicencianos","og_description":"1.- Hacia la c\u00e1rcel 1936: Julio, 18: por la tarde que empez\u00f3 el Movimiento, mand\u00f3 el Superior al criado y al Hermano a la calle para ver lo que pasaba. Volvieron pronto diciendo que la ... Read More","og_url":"http:\/\/vincentians.com\/es\/momentos-dificiles-4-malaga-1936-siete-meses-de-prision\/","og_site_name":"Somos Vicencianos","article_publisher":"https:\/\/www.facebook.com\/WeAreVincentians\/","article_published_time":"2014-12-29T02:04:09+00:00","article_modified_time":"2016-07-27T10:11:46+00:00","author":"Mitxel Olabu\u00e9naga","twitter_card":"summary_large_image","twitter_creator":"@WeVincentians","twitter_site":"@WeVincentians","twitter_misc":{"Escrito por":"Mitxel Olabu\u00e9naga","Tiempo de lectura":"13 minutos"},"schema":{"@context":"https:\/\/schema.org","@graph":[{"@type":"Article","@id":"http:\/\/vincentians.com\/es\/momentos-dificiles-4-malaga-1936-siete-meses-de-prision\/#article","isPartOf":{"@id":"http:\/\/vincentians.com\/es\/momentos-dificiles-4-malaga-1936-siete-meses-de-prision\/"},"author":{"name":"Mitxel Olabu\u00e9naga","@id":"http:\/\/vincentians.com\/es\/#\/schema\/person\/7c2670b4445a7ca9d164ea6acdb31859"},"headline":"Momentos dif\u00edciles 4: M\u00e1laga, 1936, siete meses de prisi\u00f3n","datePublished":"2014-12-29T02:04:09+00:00","dateModified":"2016-07-27T10:11:46+00:00","mainEntityOfPage":{"@id":"http:\/\/vincentians.com\/es\/momentos-dificiles-4-malaga-1936-siete-meses-de-prision\/"},"wordCount":2535,"commentCount":0,"publisher":{"@id":"http:\/\/vincentians.com\/es\/#organization"},"image":{"@id":"http:\/\/vincentians.com\/es\/momentos-dificiles-4-malaga-1936-siete-meses-de-prision\/#primaryimage"},"thumbnailUrl":"","articleSection":["Historia de la Congregaci\u00f3n de la Misi\u00f3n en Espa\u00f1a"],"inLanguage":"es","potentialAction":[{"@type":"CommentAction","name":"Comment","target":["http:\/\/vincentians.com\/es\/momentos-dificiles-4-malaga-1936-siete-meses-de-prision\/#respond"]}]},{"@type":"WebPage","@id":"http:\/\/vincentians.com\/es\/momentos-dificiles-4-malaga-1936-siete-meses-de-prision\/","url":"http:\/\/vincentians.com\/es\/momentos-dificiles-4-malaga-1936-siete-meses-de-prision\/","name":"Momentos dif\u00edciles 4: M\u00e1laga, 1936, siete meses de prisi\u00f3n - Somos Vicencianos","isPartOf":{"@id":"http:\/\/vincentians.com\/es\/#website"},"primaryImageOfPage":{"@id":"http:\/\/vincentians.com\/es\/momentos-dificiles-4-malaga-1936-siete-meses-de-prision\/#primaryimage"},"image":{"@id":"http:\/\/vincentians.com\/es\/momentos-dificiles-4-malaga-1936-siete-meses-de-prision\/#primaryimage"},"thumbnailUrl":"","datePublished":"2014-12-29T02:04:09+00:00","dateModified":"2016-07-27T10:11:46+00:00","breadcrumb":{"@id":"http:\/\/vincentians.com\/es\/momentos-dificiles-4-malaga-1936-siete-meses-de-prision\/#breadcrumb"},"inLanguage":"es","potentialAction":[{"@type":"ReadAction","target":["http:\/\/vincentians.com\/es\/momentos-dificiles-4-malaga-1936-siete-meses-de-prision\/"]}]},{"@type":"ImageObject","inLanguage":"es","@id":"http:\/\/vincentians.com\/es\/momentos-dificiles-4-malaga-1936-siete-meses-de-prision\/#primaryimage","url":"","contentUrl":""},{"@type":"BreadcrumbList","@id":"http:\/\/vincentians.com\/es\/momentos-dificiles-4-malaga-1936-siete-meses-de-prision\/#breadcrumb","itemListElement":[{"@type":"ListItem","position":1,"name":"Portada","item":"http:\/\/vincentians.com\/es\/"},{"@type":"ListItem","position":2,"name":"Momentos dif\u00edciles 4: M\u00e1laga, 1936, siete meses de prisi\u00f3n"}]},{"@type":"WebSite","@id":"http:\/\/vincentians.com\/es\/#website","url":"http:\/\/vincentians.com\/es\/","name":"Somos Vicencianos","description":"Know more to serve more","publisher":{"@id":"http:\/\/vincentians.com\/es\/#organization"},"potentialAction":[{"@type":"SearchAction","target":{"@type":"EntryPoint","urlTemplate":"http:\/\/vincentians.com\/es\/?s={search_term_string}"},"query-input":{"@type":"PropertyValueSpecification","valueRequired":true,"valueName":"search_term_string"}}],"inLanguage":"es"},{"@type":"Organization","@id":"http:\/\/vincentians.com\/es\/#organization","name":"The Vincentian Network","url":"http:\/\/vincentians.com\/es\/","logo":{"@type":"ImageObject","inLanguage":"es","@id":"http:\/\/vincentians.com\/es\/#\/schema\/logo\/image\/","url":"https:\/\/i1.wp.com\/vincentians.com\/es\/wp-content\/uploads\/sites\/11\/2016\/06\/Vincentian-Network-logo-big.png?fit=778%2C778","contentUrl":"https:\/\/i1.wp.com\/vincentians.com\/es\/wp-content\/uploads\/sites\/11\/2016\/06\/Vincentian-Network-logo-big.png?fit=778%2C778","width":778,"height":778,"caption":"The Vincentian Network"},"image":{"@id":"http:\/\/vincentians.com\/es\/#\/schema\/logo\/image\/"},"sameAs":["https:\/\/www.facebook.com\/WeAreVincentians\/","https:\/\/x.com\/WeVincentians"]},{"@type":"Person","@id":"http:\/\/vincentians.com\/es\/#\/schema\/person\/7c2670b4445a7ca9d164ea6acdb31859","name":"Mitxel Olabu\u00e9naga","image":{"@type":"ImageObject","inLanguage":"es","@id":"http:\/\/vincentians.com\/es\/#\/schema\/person\/image\/","url":"https:\/\/secure.gravatar.com\/avatar\/34137ec2e2b8939cbbed975731e71f3f4f1defc7266ded337a5ce0f925426877?s=96&d=mm&r=g","contentUrl":"https:\/\/secure.gravatar.com\/avatar\/34137ec2e2b8939cbbed975731e71f3f4f1defc7266ded337a5ce0f925426877?s=96&d=mm&r=g","caption":"Mitxel Olabu\u00e9naga"},"url":"http:\/\/vincentians.com\/es\/author\/mitxel\/"}]}},"jetpack_publicize_connections":[],"jetpack_featured_media_url":"","jetpack_sharing_enabled":true,"jetpack_shortlink":"https:\/\/wp.me\/p7ETMF-jz","jetpack-related-posts":[{"id":129850,"url":"http:\/\/vincentians.com\/es\/nuestra-casa-de-barcelona-y-la-revolucion-1936\/","url_meta":{"origin":1213,"position":0},"title":"Nuestra casa de Barcelona y la revoluci\u00f3n (1936)","author":"Mitxel Olabu\u00e9naga","date":"15\/03\/2014","format":false,"excerpt":"Por encargo de nuestro Sr. Visitador voy a escribir, para nuestros hermanos ausentes que no han vivido los d\u00edas tr\u00e1gicos de la revoluci\u00f3n ni han experimentado los sinsabores 92 la dominaci\u00f3n roja, la suerte que toc\u00f3 a nuestra amadla Ca-a Central de Barcelona y a su personal. Muy apurado me\u2026","rel":"","context":"En \u00abHistoria de la Congregaci\u00f3n de la Misi\u00f3n en Espa\u00f1a\u00bb","block_context":{"text":"Historia de la Congregaci\u00f3n de la Misi\u00f3n en Espa\u00f1a","link":"http:\/\/vincentians.com\/es\/category\/historia-de-la-familia-vicenciana\/historia-de-la-congregacion-de-la-mision-en-espana\/"},"img":{"alt_text":"Barcelona 3","src":"https:\/\/i0.wp.com\/vicencianos.org\/wp-content\/2014\/02\/Barcelona-3.jpg?resize=350%2C200","width":350,"height":200},"classes":[]},{"id":131206,"url":"http:\/\/vincentians.com\/es\/el-p-juan-domenge-rosello-1877-1949\/","url_meta":{"origin":1213,"position":1},"title":"El P. Juan Domenge Rosell\u00f3 (1877 &#8211; 1949)","author":"Mitxel Olabu\u00e9naga","date":"02\/08\/2014","format":false,"excerpt":"Instant\u00e1nea biogr\u00e1fica Fue el primer d\u00eda del a\u00f1o 1949. Hac\u00eda escasamente hora y media que las saetas de todos los relojes hab\u00edanse dado un simb\u00f3lico abrazo, despu\u00e9s del cual el \u00faltimo segundo de 1948 se alejaba raudo, y llegaban, remozados, los minutos j\u00f3venes del Nuevo A\u00f1o, cuando la hermana muerte\u2026","rel":"","context":"En \u00abBiograf\u00edas de Misioneros Pa\u00fales\u00bb","block_context":{"text":"Biograf\u00edas de Misioneros Pa\u00fales","link":"http:\/\/vincentians.com\/es\/category\/la-familia-vicenciana\/biografias-vicencianas\/biografias-de-misioneros-paules\/"},"img":{"alt_text":"","src":"https:\/\/i0.wp.com\/vincentians.com\/es\/wp-content\/uploads\/sites\/11\/2016\/07\/bio-cm.jpg?fit=1200%2C630&resize=350%2C200","width":350,"height":200,"srcset":"https:\/\/i0.wp.com\/vincentians.com\/es\/wp-content\/uploads\/sites\/11\/2016\/07\/bio-cm.jpg?fit=1200%2C630&resize=350%2C200 1x, https:\/\/i0.wp.com\/vincentians.com\/es\/wp-content\/uploads\/sites\/11\/2016\/07\/bio-cm.jpg?fit=1200%2C630&resize=525%2C300 1.5x, https:\/\/i0.wp.com\/vincentians.com\/es\/wp-content\/uploads\/sites\/11\/2016\/07\/bio-cm.jpg?fit=1200%2C630&resize=700%2C400 2x, https:\/\/i0.wp.com\/vincentians.com\/es\/wp-content\/uploads\/sites\/11\/2016\/07\/bio-cm.jpg?fit=1200%2C630&resize=1050%2C600 3x"},"classes":[]},{"id":60770,"url":"http:\/\/vincentians.com\/es\/rafael-v-torres-1867-1936\/","url_meta":{"origin":1213,"position":2},"title":"Rafael V. Torres (1867-1936)","author":"Mitxel Olabu\u00e9naga","date":"09\/02\/2012","format":false,"excerpt":"\u00a1Que nunca segundas partes fueron buenas, D. Rafael! As\u00ed le amonestaban, caritativos y prudentes, sus hu\u00e9spedes, respondiendo a sus balandronadas de viejo ni\u00f1o: \"\u00a1Bah! Esto es como en M\u00e9jico. Mira que all\u00e1... \u00a1Y lo que he corrido y visto desde entonces! Vosotros sois unos ni\u00f1os. \u00a1Bobadas! \u00a1No hay que tener\u2026","rel":"","context":"En \u00abBiograf\u00edas de Misioneros Pa\u00fales\u00bb","block_context":{"text":"Biograf\u00edas de Misioneros Pa\u00fales","link":"http:\/\/vincentians.com\/es\/category\/la-familia-vicenciana\/biografias-vicencianas\/biografias-de-misioneros-paules\/"},"img":{"alt_text":"","src":"https:\/\/i0.wp.com\/vincentians.com\/es\/wp-content\/uploads\/sites\/11\/2016\/07\/bio-cm.jpg?fit=1200%2C630&resize=350%2C200","width":350,"height":200,"srcset":"https:\/\/i0.wp.com\/vincentians.com\/es\/wp-content\/uploads\/sites\/11\/2016\/07\/bio-cm.jpg?fit=1200%2C630&resize=350%2C200 1x, https:\/\/i0.wp.com\/vincentians.com\/es\/wp-content\/uploads\/sites\/11\/2016\/07\/bio-cm.jpg?fit=1200%2C630&resize=525%2C300 1.5x, https:\/\/i0.wp.com\/vincentians.com\/es\/wp-content\/uploads\/sites\/11\/2016\/07\/bio-cm.jpg?fit=1200%2C630&resize=700%2C400 2x, https:\/\/i0.wp.com\/vincentians.com\/es\/wp-content\/uploads\/sites\/11\/2016\/07\/bio-cm.jpg?fit=1200%2C630&resize=1050%2C600 3x"},"classes":[]},{"id":129988,"url":"http:\/\/vincentians.com\/es\/cronica-de-la-casa-de-figueras-1936-1939\/","url_meta":{"origin":1213,"position":3},"title":"Cr\u00f3nica de la Casa de Figueras (1936-1939)","author":"Mitxel Olabu\u00e9naga","date":"20\/03\/2014","format":false,"excerpt":"Correspondiendo a la invitaci\u00f3n para que escriba la cr\u00f3nica de esta Casa, intentar\u00e9 consignar algunas notas solamente, porque los detalles son tan numerosos que, si se escribieran, resultar\u00eda interminable. Mirada retrospectiva. \u2014 Esta Casa, en su peque\u00f1ez, estaba en estado floreciente dentro de los l\u00edmites de su fundaci\u00f3n y aun\u2026","rel":"","context":"En \u00abHistoria de la Congregaci\u00f3n de la Misi\u00f3n en Espa\u00f1a\u00bb","block_context":{"text":"Historia de la Congregaci\u00f3n de la Misi\u00f3n en Espa\u00f1a","link":"http:\/\/vincentians.com\/es\/category\/historia-de-la-familia-vicenciana\/historia-de-la-congregacion-de-la-mision-en-espana\/"},"img":{"alt_text":"msoD44B0","src":"https:\/\/i0.wp.com\/vicencianos.org\/wp-content\/2014\/03\/msoD44B0.jpg?resize=350%2C200","width":350,"height":200},"classes":[]},{"id":27199,"url":"http:\/\/vincentians.com\/es\/martires-de-la-compania-de-las-hijas-de-la-caridad\/","url_meta":{"origin":1213,"position":4},"title":"M\u00e1rtires de la Compa\u00f1\u00eda de las Hijas de la Caridad","author":"Francisco Javier Fern\u00e1ndez Chento","date":"25\/08\/2013","format":false,"excerpt":"a. Di\u00f3cesis de Madrid - Puerta de Hierro (12 de Agoto de 1936) 1. Sor Melchora-Adoraci\u00f3n Cort\u00e9s Bueno, H.C, naci\u00f3 el 4 de Mayo de 1884 en Sos del Rey Cat\u00f3lico, Zaragoza (Espa\u00f1a) y muri\u00f3 el 12 de Agoto de 1936. 2. Sor Mar\u00eda Severina D\u00edaz-Pardo Gauna, H.C., naci\u00f3 el\u2026","rel":"","context":"En \u00abHijas de la Caridad\u00bb","block_context":{"text":"Hijas de la Caridad","link":"http:\/\/vincentians.com\/es\/category\/la-familia-vicenciana\/ramas\/hijas-de-la-caridad\/"},"img":{"alt_text":"","src":"https:\/\/i0.wp.com\/vicencianos.org\/wp-content\/2011\/01\/logo_hhcc-219x300.jpg?resize=350%2C200","width":350,"height":200},"classes":[]},{"id":33636,"url":"http:\/\/vincentians.com\/es\/los-martires-de-la-familia-vicenciana-en-el-siglo-xx-la-guerra-civil-espanola-de-1936-1939-segunda-parte\/","url_meta":{"origin":1213,"position":5},"title":"Los m\u00e1rtires de la Familia Vicenciana en el siglo XX: La guerra civil espa\u00f1ola de 1936-1939 (Segunda parte)","author":"Francisco Javier Fern\u00e1ndez Chento","date":"27\/01\/2017","format":false,"excerpt":"M\u00e1rtires de la Compa\u00f1\u00eda de las Hijas de la Caridad a) Di\u00f3cesis de Madrid Puerta de Hierro (12 de Agosto de 1936) 1. Sor Melchora-Adoraci\u00f3n CORT\u00c9S BUENO, H.C, naci\u00f3 el 4 de Mayo de 1884 en Sos del Rey Cat\u00f3lico, Zaragoza (Espa\u00f1a) y muri\u00f3 el 12 de Agosto de 1936.\u2026","rel":"","context":"En \u00abHistoria sin categorizar\u00bb","block_context":{"text":"Historia sin categorizar","link":"http:\/\/vincentians.com\/es\/category\/historia-de-la-familia-vicenciana\/historia-sin-categorizar\/"},"img":{"alt_text":"","src":"https:\/\/i0.wp.com\/vincentians.com\/es\/wp-content\/uploads\/sites\/11\/2011\/11\/HIjas-Caridad.jpg?fit=1200%2C600&resize=350%2C200","width":350,"height":200,"srcset":"https:\/\/i0.wp.com\/vincentians.com\/es\/wp-content\/uploads\/sites\/11\/2011\/11\/HIjas-Caridad.jpg?fit=1200%2C600&resize=350%2C200 1x, https:\/\/i0.wp.com\/vincentians.com\/es\/wp-content\/uploads\/sites\/11\/2011\/11\/HIjas-Caridad.jpg?fit=1200%2C600&resize=525%2C300 1.5x, https:\/\/i0.wp.com\/vincentians.com\/es\/wp-content\/uploads\/sites\/11\/2011\/11\/HIjas-Caridad.jpg?fit=1200%2C600&resize=700%2C400 2x, https:\/\/i0.wp.com\/vincentians.com\/es\/wp-content\/uploads\/sites\/11\/2011\/11\/HIjas-Caridad.jpg?fit=1200%2C600&resize=1050%2C600 3x"},"classes":[]}],"_links":{"self":[{"href":"http:\/\/vincentians.com\/es\/wp-json\/wp\/v2\/posts\/1213","targetHints":{"allow":["GET"]}}],"collection":[{"href":"http:\/\/vincentians.com\/es\/wp-json\/wp\/v2\/posts"}],"about":[{"href":"http:\/\/vincentians.com\/es\/wp-json\/wp\/v2\/types\/post"}],"author":[{"embeddable":true,"href":"http:\/\/vincentians.com\/es\/wp-json\/wp\/v2\/users\/5"}],"replies":[{"embeddable":true,"href":"http:\/\/vincentians.com\/es\/wp-json\/wp\/v2\/comments?post=1213"}],"version-history":[{"count":0,"href":"http:\/\/vincentians.com\/es\/wp-json\/wp\/v2\/posts\/1213\/revisions"}],"wp:featuredmedia":[{"embeddable":true,"href":"http:\/\/vincentians.com\/es\/wp-json\/"}],"wp:attachment":[{"href":"http:\/\/vincentians.com\/es\/wp-json\/wp\/v2\/media?parent=1213"}],"wp:term":[{"taxonomy":"category","embeddable":true,"href":"http:\/\/vincentians.com\/es\/wp-json\/wp\/v2\/categories?post=1213"},{"taxonomy":"post_tag","embeddable":true,"href":"http:\/\/vincentians.com\/es\/wp-json\/wp\/v2\/tags?post=1213"}],"curies":[{"name":"wp","href":"https:\/\/api.w.org\/{rel}","templated":true}]}}