{"id":121208,"date":"2013-04-25T10:11:01","date_gmt":"2013-04-25T08:11:01","guid":{"rendered":"http:\/\/somos.vicencianos.org\/?p=121208"},"modified":"2013-04-25T10:11:01","modified_gmt":"2013-04-25T08:11:01","slug":"ser-hija-de-la-caridad-en-siria-en-tiempo-de-guerra","status":"publish","type":"post","link":"http:\/\/vincentians.com\/es\/ser-hija-de-la-caridad-en-siria-en-tiempo-de-guerra\/","title":{"rendered":"Ser Hija de la Caridad en Siria, en tiempo de guerra"},"content":{"rendered":"<p><strong><\/strong>Entrevista a una Hija de la Caridad que viene de Siria:<\/p>\n<p><a href=\"https:\/\/i0.wp.com\/vicencianos.org\/wp-content\/2013\/04\/syrie.2.jpg\"><img data-recalc-dims=\"1\" loading=\"lazy\" decoding=\"async\" class=\"alignright size-medium wp-image-121209\" alt=\"syrie.2\" src=\"https:\/\/i0.wp.com\/vicencianos.org\/wp-content\/2013\/04\/syrie.2-300x195.jpg?resize=300%2C195\" width=\"300\" height=\"195\" \/><\/a><strong>Por favor, \u00bfpuede Vd. presentarse?\u00a0<\/strong><\/p>\n<p style=\"padding-left: 30px\"><em>Soy libanesa de los suburbios de Beirut (Mreije). Entr\u00e9 Hija de la Caridad en 1969.\u00a0<\/em><\/p>\n<p><strong>\u00bfPodr\u00eda hablarnos de su vocaci\u00f3n en la familia de Vicenciana? Usted ha elegido ser Hija de la Caridad de San Vicente de Pa\u00fal.\u00a0 \u00bfPor qu\u00e9?\u00a0\u00a0\u00a0<\/strong><\/p>\n<p style=\"padding-left: 30px\"><em>Porque yo era alumna de las Hermanas y vi el ejemplo de las Hermanas consagradas al servicio de los pobres.\u00a0 Eso me atrajo.\u00a0 Y sent\u00ed que deb\u00eda ser una de ellas; para abreviar,\u00a0 sent\u00ed la llamada de Dios a unirme a ellas\u2026<\/em><\/p>\n<p><strong>\u00bfPodr\u00eda contarnos brevemente su tiempo en la Compa\u00f1\u00eda de las Hijas de la Caridad? \u00bfQu\u00e9 ha hecho usted? \u00bfCu\u00e1les han sido sus misiones principales durante estos a\u00f1os?\u00a0\u00a0\u00a0<\/strong><\/p>\n<p style=\"padding-left: 30px\"><em>Mi primera misi\u00f3n fue en la comunidad de Broman. Trabaj\u00e9 en la escuela gratuita, despu\u00e9s en una escuela de Damasco.\u00a0 De all\u00ed fui a Zouk Mikael, entonces Zghorta; y de nuevo a Damasco.\u00a0 Finalmente, fui a Hassak\u00e9 (Norte de Siria). All\u00ed estuve un a\u00f1o.\u00a0 Era una misi\u00f3n al servicio de\u00a0 Caldeos y asirios. \u00a0\u00a0<\/em><\/p>\n<p><strong>Ahora Vd. est\u00e1 en la Comunidad de Ajaltoun (L\u00edbano). Anteriormente estuvo en el Norte de Siria y se fue de\u00a0 all\u00ed\u2026 \u00bfcu\u00e1l era\u00a0 su trabajo con sus hermanas? \u00bfPuede decirnos brevemente las razones de su marcha?\u00a0<\/strong><\/p>\n<p style=\"padding-left: 30px\"><em>Para situarnos har\u00e9 un poco de historia:\u00a0\u00a0\u00a0<\/em><\/p>\n<p style=\"padding-left: 30px\"><em>La regi\u00f3n de Khabour \u2013 Tell Arbouche est\u00e1 situada al Norte de Siria en la frontera turco-iraqu\u00ed.\u00a0 Cuenta aproximadamente con unos 30 pueblos Asirios.\u00a0 S\u00f3lo Tell Arbouche es de rito\u00a0 Caldeo.\u00a0 Solamente hay unas veinte familias de Tell Sakra y Tell Chami, es decir tres pueblos.\u00a0<\/em><\/p>\n<p style=\"padding-left: 30px\"><em>Es una regi\u00f3n agr\u00edcola que cultiva trigo y algod\u00f3n, el algod\u00f3n se compra y vende al Estado por un peque\u00f1o porcentaje.\u00a0 El r\u00edo Khabur, que riega esta regi\u00f3n, est\u00e1 casi siempre seco. Por falta de agua no se pueden regar sus plantaciones.\u00a0 El mazout (combustible) es tambi\u00e9n muy escaso. Esta regi\u00f3n se ve amenazada con la emigraci\u00f3n por motivos econ\u00f3micos, clim\u00e1ticos y religiosos.\u00a0 Durante muchos a\u00f1os no hemos tenido lluvia.\u00a0 Estos pueblos Asirios han sido abandonados. La presencia de sacerdotes y religiosos est\u00e1 disminuyendo.\u00a0\u00a0 Nuestro papel como Hijas de la Caridad en la regi\u00f3n es apoyar a la minor\u00eda cristiana, sobre todo a nivel de fe con catequesis y preparaci\u00f3n de los ni\u00f1os para la primera Comuni\u00f3n\u00a0<\/em><\/p>\n<p style=\"padding-left: 30px\"><em>Nuestras obras:<\/em><\/p>\n<p style=\"padding-left: 30px\"><em>\u2014Tenemos una escuela infantil con 60 \u2013 75 ni\u00f1os de 3 y 5 a\u00f1os. \u00a0\u00a0<\/em><br \/>\n<em><em>\u2014<\/em>un centro de catequesis para 100 ni\u00f1os.\u00a0<\/em><br \/>\n<em><em>\u2014<\/em>Impartimos lecciones de franc\u00e9s sobre todo a los estudiantes que se presentan a los ex\u00e1menes oficiales.\u00a0<\/em><br \/>\n<em><em>\u2014<\/em>Trabajamos en la promoci\u00f3n de la mujer.<\/em><br \/>\n<em><em>\u2014<\/em>Participamos en clases de cocina para la mujer.\u00a0<\/em><\/p>\n<p style=\"padding-left: 30px\"><em>Con la guerra, el pueblo se ha vaciado y el trabajo es muy escaso.\u00a0 No se puede ir de un pueblo a otro porque no es seguro. Actualmente dos Hijas de la Caridad permanecen en Tell AR.\u00a0 Es un gran apoyo para las personas que permanecen all\u00ed.\u00a0\u00a0\u00a0<\/em><\/p>\n<p>\u00a0<strong>\u00bfC\u00f3mo ve usted la situaci\u00f3n en Siria hoy? \u00bfCu\u00e1l es su impresi\u00f3n? \u00bfC\u00f3mo viven los cristianos de la regi\u00f3n esta situaci\u00f3n de guerra que nunca acaba? \u00bfQu\u00e9 futuro ve Vd. para los cristianos en Siria al final de la guerra?\u00a0<\/strong><\/p>\n<p style=\"padding-left: 30px\"><em>Yo no lo s\u00e9; est\u00e1 en las manos de Dios. \u00a0 \u00a0\u00a0<\/em><\/p>\n<p><strong>\u00bfPuede decirnos que hace usted ahora en Ajaltoun? \u00bfCu\u00e1les son las actividades de la casa?\u00a0\u00a0\u00a0<\/strong><\/p>\n<p style=\"padding-left: 30px\"><em>Yo estoy en la guarder\u00eda y por la tarde superviso el tiempo de estudio en el internado. Nuestras actividades: La Escuela Primaria, Orfanato y acogida de grupos. Una de nuestras hermanas visita a los prisioneros.<\/em><\/p>\n","protected":false},"excerpt":{"rendered":"<p>Entrevista a una Hija de la Caridad que viene de Siria: Por favor, \u00bfpuede Vd. presentarse?\u00a0 Soy libanesa de los suburbios de Beirut (Mreije). Entr\u00e9 Hija de la Caridad en 1969.\u00a0 \u00bfPodr\u00eda hablarnos de su &#8230; <a href=\"http:\/\/vincentians.com\/es\/ser-hija-de-la-caridad-en-siria-en-tiempo-de-guerra\/\" class=\"more-link\">Read More<\/a><\/p>\n","protected":false},"author":4,"featured_media":121209,"comment_status":"open","ping_status":"open","sticky":false,"template":"","format":"standard","meta":{"jetpack_post_was_ever_published":false,"_jetpack_newsletter_access":"","_jetpack_dont_email_post_to_subs":false,"_jetpack_newsletter_tier_id":0,"_jetpack_memberships_contains_paywalled_content":false,"_jetpack_memberships_contains_paid_content":false,"footnotes":"","jetpack_publicize_message":"","jetpack_publicize_feature_enabled":true,"jetpack_social_post_already_shared":true,"jetpack_social_options":{"image_generator_settings":{"template":"highway","default_image_id":0,"font":"","enabled":false},"version":2}},"categories":[199,210],"tags":[],"class_list":["post-121208","post","type-post","status-publish","format-standard","has-post-thumbnail","hentry","category-hijas-de-la-caridad","category-testigos-vicencianos"],"yoast_head":"<!-- This site is optimized with the Yoast SEO plugin v26.3 - https:\/\/yoast.com\/wordpress\/plugins\/seo\/ -->\n<title>Ser Hija de la Caridad en Siria, en tiempo de guerra - Somos Vicencianos<\/title>\n<meta name=\"robots\" content=\"index, follow, max-snippet:-1, max-image-preview:large, max-video-preview:-1\" \/>\n<link rel=\"canonical\" href=\"http:\/\/vincentians.com\/es\/ser-hija-de-la-caridad-en-siria-en-tiempo-de-guerra\/\" \/>\n<meta property=\"og:locale\" content=\"es_ES\" \/>\n<meta property=\"og:type\" content=\"article\" \/>\n<meta property=\"og:title\" content=\"Ser Hija de la Caridad en Siria, en tiempo de guerra - Somos Vicencianos\" \/>\n<meta property=\"og:description\" content=\"Entrevista a una Hija de la Caridad que viene de Siria: Por favor, \u00bfpuede Vd. presentarse?\u00a0 Soy libanesa de los suburbios de Beirut (Mreije). Entr\u00e9 Hija de la Caridad en 1969.\u00a0 \u00bfPodr\u00eda hablarnos de su ... Read More\" \/>\n<meta property=\"og:url\" content=\"http:\/\/vincentians.com\/es\/ser-hija-de-la-caridad-en-siria-en-tiempo-de-guerra\/\" \/>\n<meta property=\"og:site_name\" content=\"Somos Vicencianos\" \/>\n<meta property=\"article:publisher\" content=\"https:\/\/www.facebook.com\/WeAreVincentians\/\" \/>\n<meta property=\"article:author\" content=\"https:\/\/www.facebook.com\/JavierChento\" \/>\n<meta property=\"article:published_time\" content=\"2013-04-25T08:11:01+00:00\" \/>\n<meta name=\"author\" content=\"Francisco Javier Fern\u00e1ndez Chento\" \/>\n<meta name=\"twitter:card\" content=\"summary_large_image\" \/>\n<meta name=\"twitter:creator\" content=\"@https:\/\/twitter.com\/javierchento\" \/>\n<meta name=\"twitter:site\" content=\"@WeVincentians\" \/>\n<meta name=\"twitter:label1\" content=\"Escrito por\" \/>\n\t<meta name=\"twitter:data1\" content=\"Francisco Javier Fern\u00e1ndez Chento\" \/>\n\t<meta name=\"twitter:label2\" content=\"Tiempo de lectura\" \/>\n\t<meta name=\"twitter:data2\" content=\"3 minutos\" \/>\n<script type=\"application\/ld+json\" class=\"yoast-schema-graph\">{\"@context\":\"https:\/\/schema.org\",\"@graph\":[{\"@type\":\"Article\",\"@id\":\"http:\/\/vincentians.com\/es\/ser-hija-de-la-caridad-en-siria-en-tiempo-de-guerra\/#article\",\"isPartOf\":{\"@id\":\"http:\/\/vincentians.com\/es\/ser-hija-de-la-caridad-en-siria-en-tiempo-de-guerra\/\"},\"author\":{\"name\":\"Francisco Javier Fern\u00e1ndez Chento\",\"@id\":\"http:\/\/vincentians.com\/es\/#\/schema\/person\/9623ef4d9aa3b2dfb8c061f1499288f2\"},\"headline\":\"Ser Hija de la Caridad en Siria, en tiempo de guerra\",\"datePublished\":\"2013-04-25T08:11:01+00:00\",\"mainEntityOfPage\":{\"@id\":\"http:\/\/vincentians.com\/es\/ser-hija-de-la-caridad-en-siria-en-tiempo-de-guerra\/\"},\"wordCount\":636,\"commentCount\":0,\"publisher\":{\"@id\":\"http:\/\/vincentians.com\/es\/#organization\"},\"image\":{\"@id\":\"http:\/\/vincentians.com\/es\/ser-hija-de-la-caridad-en-siria-en-tiempo-de-guerra\/#primaryimage\"},\"thumbnailUrl\":\"\",\"articleSection\":[\"Hijas de la Caridad\",\"Testigos vicencianos\"],\"inLanguage\":\"es\",\"potentialAction\":[{\"@type\":\"CommentAction\",\"name\":\"Comment\",\"target\":[\"http:\/\/vincentians.com\/es\/ser-hija-de-la-caridad-en-siria-en-tiempo-de-guerra\/#respond\"]}]},{\"@type\":\"WebPage\",\"@id\":\"http:\/\/vincentians.com\/es\/ser-hija-de-la-caridad-en-siria-en-tiempo-de-guerra\/\",\"url\":\"http:\/\/vincentians.com\/es\/ser-hija-de-la-caridad-en-siria-en-tiempo-de-guerra\/\",\"name\":\"Ser Hija de la Caridad en Siria, en tiempo de guerra - Somos Vicencianos\",\"isPartOf\":{\"@id\":\"http:\/\/vincentians.com\/es\/#website\"},\"primaryImageOfPage\":{\"@id\":\"http:\/\/vincentians.com\/es\/ser-hija-de-la-caridad-en-siria-en-tiempo-de-guerra\/#primaryimage\"},\"image\":{\"@id\":\"http:\/\/vincentians.com\/es\/ser-hija-de-la-caridad-en-siria-en-tiempo-de-guerra\/#primaryimage\"},\"thumbnailUrl\":\"\",\"datePublished\":\"2013-04-25T08:11:01+00:00\",\"breadcrumb\":{\"@id\":\"http:\/\/vincentians.com\/es\/ser-hija-de-la-caridad-en-siria-en-tiempo-de-guerra\/#breadcrumb\"},\"inLanguage\":\"es\",\"potentialAction\":[{\"@type\":\"ReadAction\",\"target\":[\"http:\/\/vincentians.com\/es\/ser-hija-de-la-caridad-en-siria-en-tiempo-de-guerra\/\"]}]},{\"@type\":\"ImageObject\",\"inLanguage\":\"es\",\"@id\":\"http:\/\/vincentians.com\/es\/ser-hija-de-la-caridad-en-siria-en-tiempo-de-guerra\/#primaryimage\",\"url\":\"\",\"contentUrl\":\"\"},{\"@type\":\"BreadcrumbList\",\"@id\":\"http:\/\/vincentians.com\/es\/ser-hija-de-la-caridad-en-siria-en-tiempo-de-guerra\/#breadcrumb\",\"itemListElement\":[{\"@type\":\"ListItem\",\"position\":1,\"name\":\"Portada\",\"item\":\"http:\/\/vincentians.com\/es\/\"},{\"@type\":\"ListItem\",\"position\":2,\"name\":\"Ser Hija de la Caridad en Siria, en tiempo de guerra\"}]},{\"@type\":\"WebSite\",\"@id\":\"http:\/\/vincentians.com\/es\/#website\",\"url\":\"http:\/\/vincentians.com\/es\/\",\"name\":\"Somos Vicencianos\",\"description\":\"Know more to serve more\",\"publisher\":{\"@id\":\"http:\/\/vincentians.com\/es\/#organization\"},\"potentialAction\":[{\"@type\":\"SearchAction\",\"target\":{\"@type\":\"EntryPoint\",\"urlTemplate\":\"http:\/\/vincentians.com\/es\/?s={search_term_string}\"},\"query-input\":{\"@type\":\"PropertyValueSpecification\",\"valueRequired\":true,\"valueName\":\"search_term_string\"}}],\"inLanguage\":\"es\"},{\"@type\":\"Organization\",\"@id\":\"http:\/\/vincentians.com\/es\/#organization\",\"name\":\"The Vincentian Network\",\"url\":\"http:\/\/vincentians.com\/es\/\",\"logo\":{\"@type\":\"ImageObject\",\"inLanguage\":\"es\",\"@id\":\"http:\/\/vincentians.com\/es\/#\/schema\/logo\/image\/\",\"url\":\"https:\/\/i1.wp.com\/vincentians.com\/es\/wp-content\/uploads\/sites\/11\/2016\/06\/Vincentian-Network-logo-big.png?fit=778%2C778\",\"contentUrl\":\"https:\/\/i1.wp.com\/vincentians.com\/es\/wp-content\/uploads\/sites\/11\/2016\/06\/Vincentian-Network-logo-big.png?fit=778%2C778\",\"width\":778,\"height\":778,\"caption\":\"The Vincentian Network\"},\"image\":{\"@id\":\"http:\/\/vincentians.com\/es\/#\/schema\/logo\/image\/\"},\"sameAs\":[\"https:\/\/www.facebook.com\/WeAreVincentians\/\",\"https:\/\/x.com\/WeVincentians\"]},{\"@type\":\"Person\",\"@id\":\"http:\/\/vincentians.com\/es\/#\/schema\/person\/9623ef4d9aa3b2dfb8c061f1499288f2\",\"name\":\"Francisco Javier Fern\u00e1ndez Chento\",\"image\":{\"@type\":\"ImageObject\",\"inLanguage\":\"es\",\"@id\":\"http:\/\/vincentians.com\/es\/#\/schema\/person\/image\/\",\"url\":\"https:\/\/secure.gravatar.com\/avatar\/497d5cde87b4c3d097d0315953521681ba2cd523ee66e5077c3711f7021e65de?s=96&d=mm&r=g\",\"contentUrl\":\"https:\/\/secure.gravatar.com\/avatar\/497d5cde87b4c3d097d0315953521681ba2cd523ee66e5077c3711f7021e65de?s=96&d=mm&r=g\",\"caption\":\"Francisco Javier Fern\u00e1ndez Chento\"},\"description\":\"Director General y cofundador de La Red de Formaci\u00f3n Vicenciana. Javier es laico vicenciano, afiliado a la Congregaci\u00f3n de la Misi\u00f3n y miembro del Equipo de Misiones Populares de la provincia can\u00f3nica de Zaragoza (Espa\u00f1a) de la Congregaci\u00f3n de la Misi\u00f3n. Graduado en la Universidad Oberta de Catalunya con cuatro grados (Asistente de direcci\u00f3n, Gesti\u00f3n Administrativa, Recursos Humanos y Contabilidad Avanzada). Bil\u00edng\u00fce Espa\u00f1ol\/Ingl\u00e9s. gestiona y mantiene varias p\u00e1ginas web cristianas y vicencianas, incluida including La Red de Formaci\u00f3n Vicenciana, de la que es cofundador. Actualmente es responsable del \u00e1rea de Espa\u00f1ol de .famvin, la Red de Noticias de la Familia Vicenciana. Tambi\u00e9n es m\u00fasico cat\u00f3lico y ha editado varios discos. Es Director General y cofundador de Trovador, una reconocida compa\u00f1\u00eda discogr\u00e1fica critiana de Espa\u00f1a. Trabaja en las Tecnolog\u00edas de la Informaci\u00f3n, ofreciendo servicios de alojamiento, dise\u00f1o y mantenimiento Web, as\u00ed como asesoramiento, formaci\u00f3n y soluciones inform\u00e1ticas, gesti\u00f3n documental y digitalizaci\u00f3n de textos, edici\u00f3n y maquetaci\u00f3n de libros, revistas, flyers, etc.\",\"sameAs\":[\"http:\/\/chento.org\",\"https:\/\/www.facebook.com\/JavierChento\",\"https:\/\/x.com\/https:\/\/twitter.com\/javierchento\"],\"url\":\"http:\/\/vincentians.com\/es\/author\/chento\/\"}]}<\/script>\n<!-- \/ Yoast SEO plugin. -->","yoast_head_json":{"title":"Ser Hija de la Caridad en Siria, en tiempo de guerra - Somos Vicencianos","robots":{"index":"index","follow":"follow","max-snippet":"max-snippet:-1","max-image-preview":"max-image-preview:large","max-video-preview":"max-video-preview:-1"},"canonical":"http:\/\/vincentians.com\/es\/ser-hija-de-la-caridad-en-siria-en-tiempo-de-guerra\/","og_locale":"es_ES","og_type":"article","og_title":"Ser Hija de la Caridad en Siria, en tiempo de guerra - Somos Vicencianos","og_description":"Entrevista a una Hija de la Caridad que viene de Siria: Por favor, \u00bfpuede Vd. presentarse?\u00a0 Soy libanesa de los suburbios de Beirut (Mreije). Entr\u00e9 Hija de la Caridad en 1969.\u00a0 \u00bfPodr\u00eda hablarnos de su ... Read More","og_url":"http:\/\/vincentians.com\/es\/ser-hija-de-la-caridad-en-siria-en-tiempo-de-guerra\/","og_site_name":"Somos Vicencianos","article_publisher":"https:\/\/www.facebook.com\/WeAreVincentians\/","article_author":"https:\/\/www.facebook.com\/JavierChento","article_published_time":"2013-04-25T08:11:01+00:00","author":"Francisco Javier Fern\u00e1ndez Chento","twitter_card":"summary_large_image","twitter_creator":"@https:\/\/twitter.com\/javierchento","twitter_site":"@WeVincentians","twitter_misc":{"Escrito por":"Francisco Javier Fern\u00e1ndez Chento","Tiempo de lectura":"3 minutos"},"schema":{"@context":"https:\/\/schema.org","@graph":[{"@type":"Article","@id":"http:\/\/vincentians.com\/es\/ser-hija-de-la-caridad-en-siria-en-tiempo-de-guerra\/#article","isPartOf":{"@id":"http:\/\/vincentians.com\/es\/ser-hija-de-la-caridad-en-siria-en-tiempo-de-guerra\/"},"author":{"name":"Francisco Javier Fern\u00e1ndez Chento","@id":"http:\/\/vincentians.com\/es\/#\/schema\/person\/9623ef4d9aa3b2dfb8c061f1499288f2"},"headline":"Ser Hija de la Caridad en Siria, en tiempo de guerra","datePublished":"2013-04-25T08:11:01+00:00","mainEntityOfPage":{"@id":"http:\/\/vincentians.com\/es\/ser-hija-de-la-caridad-en-siria-en-tiempo-de-guerra\/"},"wordCount":636,"commentCount":0,"publisher":{"@id":"http:\/\/vincentians.com\/es\/#organization"},"image":{"@id":"http:\/\/vincentians.com\/es\/ser-hija-de-la-caridad-en-siria-en-tiempo-de-guerra\/#primaryimage"},"thumbnailUrl":"","articleSection":["Hijas de la Caridad","Testigos vicencianos"],"inLanguage":"es","potentialAction":[{"@type":"CommentAction","name":"Comment","target":["http:\/\/vincentians.com\/es\/ser-hija-de-la-caridad-en-siria-en-tiempo-de-guerra\/#respond"]}]},{"@type":"WebPage","@id":"http:\/\/vincentians.com\/es\/ser-hija-de-la-caridad-en-siria-en-tiempo-de-guerra\/","url":"http:\/\/vincentians.com\/es\/ser-hija-de-la-caridad-en-siria-en-tiempo-de-guerra\/","name":"Ser Hija de la Caridad en Siria, en tiempo de guerra - Somos Vicencianos","isPartOf":{"@id":"http:\/\/vincentians.com\/es\/#website"},"primaryImageOfPage":{"@id":"http:\/\/vincentians.com\/es\/ser-hija-de-la-caridad-en-siria-en-tiempo-de-guerra\/#primaryimage"},"image":{"@id":"http:\/\/vincentians.com\/es\/ser-hija-de-la-caridad-en-siria-en-tiempo-de-guerra\/#primaryimage"},"thumbnailUrl":"","datePublished":"2013-04-25T08:11:01+00:00","breadcrumb":{"@id":"http:\/\/vincentians.com\/es\/ser-hija-de-la-caridad-en-siria-en-tiempo-de-guerra\/#breadcrumb"},"inLanguage":"es","potentialAction":[{"@type":"ReadAction","target":["http:\/\/vincentians.com\/es\/ser-hija-de-la-caridad-en-siria-en-tiempo-de-guerra\/"]}]},{"@type":"ImageObject","inLanguage":"es","@id":"http:\/\/vincentians.com\/es\/ser-hija-de-la-caridad-en-siria-en-tiempo-de-guerra\/#primaryimage","url":"","contentUrl":""},{"@type":"BreadcrumbList","@id":"http:\/\/vincentians.com\/es\/ser-hija-de-la-caridad-en-siria-en-tiempo-de-guerra\/#breadcrumb","itemListElement":[{"@type":"ListItem","position":1,"name":"Portada","item":"http:\/\/vincentians.com\/es\/"},{"@type":"ListItem","position":2,"name":"Ser Hija de la Caridad en Siria, en tiempo de guerra"}]},{"@type":"WebSite","@id":"http:\/\/vincentians.com\/es\/#website","url":"http:\/\/vincentians.com\/es\/","name":"Somos Vicencianos","description":"Know more to serve more","publisher":{"@id":"http:\/\/vincentians.com\/es\/#organization"},"potentialAction":[{"@type":"SearchAction","target":{"@type":"EntryPoint","urlTemplate":"http:\/\/vincentians.com\/es\/?s={search_term_string}"},"query-input":{"@type":"PropertyValueSpecification","valueRequired":true,"valueName":"search_term_string"}}],"inLanguage":"es"},{"@type":"Organization","@id":"http:\/\/vincentians.com\/es\/#organization","name":"The Vincentian Network","url":"http:\/\/vincentians.com\/es\/","logo":{"@type":"ImageObject","inLanguage":"es","@id":"http:\/\/vincentians.com\/es\/#\/schema\/logo\/image\/","url":"https:\/\/i1.wp.com\/vincentians.com\/es\/wp-content\/uploads\/sites\/11\/2016\/06\/Vincentian-Network-logo-big.png?fit=778%2C778","contentUrl":"https:\/\/i1.wp.com\/vincentians.com\/es\/wp-content\/uploads\/sites\/11\/2016\/06\/Vincentian-Network-logo-big.png?fit=778%2C778","width":778,"height":778,"caption":"The Vincentian Network"},"image":{"@id":"http:\/\/vincentians.com\/es\/#\/schema\/logo\/image\/"},"sameAs":["https:\/\/www.facebook.com\/WeAreVincentians\/","https:\/\/x.com\/WeVincentians"]},{"@type":"Person","@id":"http:\/\/vincentians.com\/es\/#\/schema\/person\/9623ef4d9aa3b2dfb8c061f1499288f2","name":"Francisco Javier Fern\u00e1ndez Chento","image":{"@type":"ImageObject","inLanguage":"es","@id":"http:\/\/vincentians.com\/es\/#\/schema\/person\/image\/","url":"https:\/\/secure.gravatar.com\/avatar\/497d5cde87b4c3d097d0315953521681ba2cd523ee66e5077c3711f7021e65de?s=96&d=mm&r=g","contentUrl":"https:\/\/secure.gravatar.com\/avatar\/497d5cde87b4c3d097d0315953521681ba2cd523ee66e5077c3711f7021e65de?s=96&d=mm&r=g","caption":"Francisco Javier Fern\u00e1ndez Chento"},"description":"Director General y cofundador de La Red de Formaci\u00f3n Vicenciana. Javier es laico vicenciano, afiliado a la Congregaci\u00f3n de la Misi\u00f3n y miembro del Equipo de Misiones Populares de la provincia can\u00f3nica de Zaragoza (Espa\u00f1a) de la Congregaci\u00f3n de la Misi\u00f3n. Graduado en la Universidad Oberta de Catalunya con cuatro grados (Asistente de direcci\u00f3n, Gesti\u00f3n Administrativa, Recursos Humanos y Contabilidad Avanzada). Bil\u00edng\u00fce Espa\u00f1ol\/Ingl\u00e9s. gestiona y mantiene varias p\u00e1ginas web cristianas y vicencianas, incluida including La Red de Formaci\u00f3n Vicenciana, de la que es cofundador. Actualmente es responsable del \u00e1rea de Espa\u00f1ol de .famvin, la Red de Noticias de la Familia Vicenciana. Tambi\u00e9n es m\u00fasico cat\u00f3lico y ha editado varios discos. Es Director General y cofundador de Trovador, una reconocida compa\u00f1\u00eda discogr\u00e1fica critiana de Espa\u00f1a. Trabaja en las Tecnolog\u00edas de la Informaci\u00f3n, ofreciendo servicios de alojamiento, dise\u00f1o y mantenimiento Web, as\u00ed como asesoramiento, formaci\u00f3n y soluciones inform\u00e1ticas, gesti\u00f3n documental y digitalizaci\u00f3n de textos, edici\u00f3n y maquetaci\u00f3n de libros, revistas, flyers, etc.","sameAs":["http:\/\/chento.org","https:\/\/www.facebook.com\/JavierChento","https:\/\/x.com\/https:\/\/twitter.com\/javierchento"],"url":"http:\/\/vincentians.com\/es\/author\/chento\/"}]}},"jetpack_publicize_connections":[],"jetpack_featured_media_url":"","jetpack_sharing_enabled":true,"jetpack_shortlink":"https:\/\/wp.me\/p7ETMF-vwY","jetpack-related-posts":[{"id":127199,"url":"http:\/\/vincentians.com\/es\/misioneros-vicencianos-con-dios-entre-los-mas-pobres\/","url_meta":{"origin":121208,"position":0},"title":"Misioneros Vicencianos: con Dios entre los m\u00e1s pobres","author":"Francisco Javier Fern\u00e1ndez Chento","date":"15\/01\/2024","format":false,"excerpt":"Bajo la denominaci\u00f3n de Misioneros Vicencianos se hace referencia en este art\u00edculo al carisma misionero de los Padres Pa\u00fales, Hijas de la Caridad y Misioneros Seglares Vicencianos. Una galer\u00eda de hombres y mujeres de talla excepcional que se encuentran all\u00ed donde m\u00e1s se les necesita \u2013entre los perseguidos, hu\u00e9rfanos, hambrientos,\u2026","rel":"","context":"En \u00abMisiones \u00abAd gentes\u00bb\u00bb","block_context":{"text":"Misiones \u00abAd gentes\u00bb","link":"http:\/\/vincentians.com\/es\/category\/servicios-y-ministerios\/misiones-ad-gentes\/"},"img":{"alt_text":"","src":"https:\/\/i0.wp.com\/vincentians.com\/es\/wp-content\/uploads\/sites\/11\/2016\/09\/enviados-evangelizar-pobres.jpg?fit=1200%2C630&resize=350%2C200","width":350,"height":200,"srcset":"https:\/\/i0.wp.com\/vincentians.com\/es\/wp-content\/uploads\/sites\/11\/2016\/09\/enviados-evangelizar-pobres.jpg?fit=1200%2C630&resize=350%2C200 1x, https:\/\/i0.wp.com\/vincentians.com\/es\/wp-content\/uploads\/sites\/11\/2016\/09\/enviados-evangelizar-pobres.jpg?fit=1200%2C630&resize=525%2C300 1.5x, https:\/\/i0.wp.com\/vincentians.com\/es\/wp-content\/uploads\/sites\/11\/2016\/09\/enviados-evangelizar-pobres.jpg?fit=1200%2C630&resize=700%2C400 2x, https:\/\/i0.wp.com\/vincentians.com\/es\/wp-content\/uploads\/sites\/11\/2016\/09\/enviados-evangelizar-pobres.jpg?fit=1200%2C630&resize=1050%2C600 3x"},"classes":[]},{"id":129996,"url":"http:\/\/vincentians.com\/es\/telon-de-fondo\/","url_meta":{"origin":121208,"position":1},"title":"Tel\u00f3n de fondo","author":"Francisco Javier Fern\u00e1ndez Chento","date":"22\/03\/2014","format":false,"excerpt":"Las vocaciones. A lo largo de esta biograf\u00eda, resalta c\u00f3mo la vida de Luisa de Marillac estuvo atrapa\u00adda por la existencia de la Compa\u00f1\u00eda. La Compa\u00f1\u00eda y Luisa se pertenecen. A trav\u00e9s de las Hijas de la Caridad, Luisa se meti\u00f3 en el mundo de los pobres y lleg\u00f3 a\u2026","rel":"","context":"En \u00abFormaci\u00f3n Vicenciana\u00bb","block_context":{"text":"Formaci\u00f3n Vicenciana","link":"http:\/\/vincentians.com\/es\/category\/formacion-vicenciana\/"},"img":{"alt_text":"cartel","src":"https:\/\/i0.wp.com\/vicencianos.org\/wp-content\/2014\/02\/cartel.jpg?resize=350%2C200","width":350,"height":200},"classes":[]},{"id":139374,"url":"http:\/\/vincentians.com\/es\/colaboradores-con-las-hijas-de-la-caridad\/","url_meta":{"origin":121208,"position":2},"title":"Colaboradores con las Hijas de la Caridad","author":"Francisco Javier Fern\u00e1ndez Chento","date":"11\/02\/2015","format":false,"excerpt":"\u00abLas dotes que cada uno ha \u00adrecibido \u00faselas para servir a los dem\u00e1s como buenos administradores de la m\u00faltiple gracia de Dios\u00bb.\u00ad (I Pe 4,10). \u00abTambi\u00e9n colaborar\u00e1n siempre son ellas (las Hijas de la Caridad) fraternalmente en las obras emprendidas de mutuo acuerdo\u00bb. (C 17). La ayuda espiritual a las\u2026","rel":"","context":"En \u00abEspiritualidad vicenciana\u00bb","block_context":{"text":"Espiritualidad vicenciana","link":"http:\/\/vincentians.com\/es\/category\/espiritualidad\/espiritualidad-vicenciana\/"},"img":{"alt_text":"Hijas-de-la-Caridad-","src":"https:\/\/i0.wp.com\/vicencianos.org\/wp-content\/2015\/02\/Hijas-de-la-Caridad--300x210.jpg?resize=350%2C200","width":350,"height":200},"classes":[]},{"id":129146,"url":"http:\/\/vincentians.com\/es\/la-aprobacion-frustrada-de-la-compania\/","url_meta":{"origin":121208,"position":3},"title":"La aprobaci\u00f3n frustrada de la Compa\u00f1\u00eda","author":"Francisco Javier Fern\u00e1ndez Chento","date":"21\/06\/2025","format":false,"excerpt":"Los antecedentes Desde 1636, y con m\u00e1s realidad desde 1639, las Hijas de la Caridad ten\u00edan una exis\u00adtencia aut\u00f3noma y, en el gobierno de la Compa\u00f1\u00eda, eran independientes de hecho de las se\u00ad\u00f1oras de las Caridades. Desde 1640, los fundadores hab\u00edan ido dando a la Compa\u00f1\u00eda una organizaci\u00f3n y unas\u2026","rel":"","context":"En \u00abFormaci\u00f3n Vicenciana\u00bb","block_context":{"text":"Formaci\u00f3n Vicenciana","link":"http:\/\/vincentians.com\/es\/category\/formacion-vicenciana\/"},"img":{"alt_text":"","src":"https:\/\/i0.wp.com\/vincentians.com\/es\/wp-content\/uploads\/sites\/11\/2016\/10\/ranquines.jpg?fit=1200%2C630&resize=350%2C200","width":350,"height":200,"srcset":"https:\/\/i0.wp.com\/vincentians.com\/es\/wp-content\/uploads\/sites\/11\/2016\/10\/ranquines.jpg?fit=1200%2C630&resize=350%2C200 1x, https:\/\/i0.wp.com\/vincentians.com\/es\/wp-content\/uploads\/sites\/11\/2016\/10\/ranquines.jpg?fit=1200%2C630&resize=525%2C300 1.5x, https:\/\/i0.wp.com\/vincentians.com\/es\/wp-content\/uploads\/sites\/11\/2016\/10\/ranquines.jpg?fit=1200%2C630&resize=700%2C400 2x, https:\/\/i0.wp.com\/vincentians.com\/es\/wp-content\/uploads\/sites\/11\/2016\/10\/ranquines.jpg?fit=1200%2C630&resize=1050%2C600 3x"},"classes":[]},{"id":127035,"url":"http:\/\/vincentians.com\/es\/afianzar-la-compania\/","url_meta":{"origin":121208,"position":4},"title":"Afianzar la Compa\u00f1\u00eda","author":"Mitxel Olabu\u00e9naga","date":"23\/01\/2024","format":false,"excerpt":"Los votos Durante el verano de 1640, mientras Luisa organizaba las comunidades de Angers y de los ni\u00f1os abandonados y se preocupaba de los galeotes, no olvidaba avanzar en las es\u00adtructuras de la Compa\u00f1\u00eda. Estaba convencida de que las Hijas de la Caridad formaban bastante m\u00e1s que una simple cofrad\u00eda;\u2026","rel":"","context":"En \u00abHistoria de las Hijas de la Caridad\u00bb","block_context":{"text":"Historia de las Hijas de la Caridad","link":"http:\/\/vincentians.com\/es\/category\/historia-de-la-familia-vicenciana\/historia-de-las-hijas-de-la-caridad\/"},"img":{"alt_text":"","src":"https:\/\/i0.wp.com\/vincentians.com\/es\/wp-content\/uploads\/sites\/11\/2013\/04\/hijas-caridaqd.jpg?fit=1200%2C675&resize=350%2C200","width":350,"height":200,"srcset":"https:\/\/i0.wp.com\/vincentians.com\/es\/wp-content\/uploads\/sites\/11\/2013\/04\/hijas-caridaqd.jpg?fit=1200%2C675&resize=350%2C200 1x, https:\/\/i0.wp.com\/vincentians.com\/es\/wp-content\/uploads\/sites\/11\/2013\/04\/hijas-caridaqd.jpg?fit=1200%2C675&resize=525%2C300 1.5x, https:\/\/i0.wp.com\/vincentians.com\/es\/wp-content\/uploads\/sites\/11\/2013\/04\/hijas-caridaqd.jpg?fit=1200%2C675&resize=700%2C400 2x, https:\/\/i0.wp.com\/vincentians.com\/es\/wp-content\/uploads\/sites\/11\/2013\/04\/hijas-caridaqd.jpg?fit=1200%2C675&resize=1050%2C600 3x"},"classes":[]},{"id":387673,"url":"http:\/\/vincentians.com\/es\/afianzar-la-compania-2\/","url_meta":{"origin":121208,"position":5},"title":"Afianzar la Compa\u00f1\u00eda","author":"Mitxel Olabu\u00e9naga","date":"17\/04\/2016","format":false,"excerpt":"Los votos Durante el verano de 1640, mientras Luisa organizaba las comunidades de Angers y de los ni\u00f1os abandonados y se preocupaba de los galeotes, no olvidaba avanzar en las es\u00adtructuras de la Compa\u00f1\u00eda. Estaba convencida de que las Hijas de la Caridad formaban bastante m\u00e1s que una simple cofrad\u00eda;\u2026","rel":"","context":"En \u00abEspiritualidad\u00bb","block_context":{"text":"Espiritualidad","link":"http:\/\/vincentians.com\/es\/category\/espiritualidad\/"},"img":{"alt_text":"LOGO HHC","src":"https:\/\/i0.wp.com\/vicencianos.org\/wp-content\/uploads\/2016\/03\/LOGO-HHC.gif?resize=350%2C200","width":350,"height":200},"classes":[]}],"_links":{"self":[{"href":"http:\/\/vincentians.com\/es\/wp-json\/wp\/v2\/posts\/121208","targetHints":{"allow":["GET"]}}],"collection":[{"href":"http:\/\/vincentians.com\/es\/wp-json\/wp\/v2\/posts"}],"about":[{"href":"http:\/\/vincentians.com\/es\/wp-json\/wp\/v2\/types\/post"}],"author":[{"embeddable":true,"href":"http:\/\/vincentians.com\/es\/wp-json\/wp\/v2\/users\/4"}],"replies":[{"embeddable":true,"href":"http:\/\/vincentians.com\/es\/wp-json\/wp\/v2\/comments?post=121208"}],"version-history":[{"count":0,"href":"http:\/\/vincentians.com\/es\/wp-json\/wp\/v2\/posts\/121208\/revisions"}],"wp:featuredmedia":[{"embeddable":true,"href":"http:\/\/vincentians.com\/es\/wp-json\/"}],"wp:attachment":[{"href":"http:\/\/vincentians.com\/es\/wp-json\/wp\/v2\/media?parent=121208"}],"wp:term":[{"taxonomy":"category","embeddable":true,"href":"http:\/\/vincentians.com\/es\/wp-json\/wp\/v2\/categories?post=121208"},{"taxonomy":"post_tag","embeddable":true,"href":"http:\/\/vincentians.com\/es\/wp-json\/wp\/v2\/tags?post=121208"}],"curies":[{"name":"wp","href":"https:\/\/api.w.org\/{rel}","templated":true}]}}