{"id":120719,"date":"2022-10-19T08:26:50","date_gmt":"2022-10-19T06:26:50","guid":{"rendered":"http:\/\/somos.vicencianos.org\/?p=120719"},"modified":"2022-08-09T21:24:26","modified_gmt":"2022-08-09T19:24:26","slug":"mision-ad-gentes-en-la-familia-vicenciana","status":"publish","type":"post","link":"http:\/\/vincentians.com\/es\/mision-ad-gentes-en-la-familia-vicenciana\/","title":{"rendered":"Misi\u00f3n Ad Gentes en la Familia Vicenciana"},"content":{"rendered":"<h2>Propuesta<\/h2>\n<p>Mi propuesta para el tema de la misi\u00f3n ad gentes es muy sencilla.<\/p>\n<p>El compromiso con \u00abmisiones ad gentes\u00bb, est\u00e1 en los funda\u00admentos de nuestra propia espiritualidad y carisma. Forma parte de nuestro ser. Una caracter\u00edstica a la que no hemos prestado excesiva atenci\u00f3n. Pero aunque no la hemos tenido como \u00absigno de identidad\u00bb, tampoco la hemos relegado a segundo plano. Curiosamente, nunca la hemos olvidado. Har\u00e9 un recorrido muy superficial por los hechos m\u00e1s relevantes de la historia misione\u00adra de nuestra familia vicenciana para dar soporte a esta afirma\u00adci\u00f3n. Y quiero advertir que en esta exposici\u00f3n, siempre que hable de \u00abmisiones\u00bb me referir\u00e9, siempre, a \u00abmisiones ad gentes\u00bb, y nunca a \u00abmisiones populares\u00bb.<\/p>\n<p>Por otra parte, hoy vivimos tiempos de conformismo, de indeferencia, de pasividad y de pesimismo; en la Iglesia en gene\u00adral, pero muy concretamente en nuestra familia vicenciana. La situaci\u00f3n nos est\u00e1 pidiendo a gritos, una renovaci\u00f3n seria y pro\u00adfunda. \u00bfA donde acudir? \u00bfQu\u00e9 tecla tocar para despertar esa renovaci\u00f3n? Lo m\u00e1s inmediato y m\u00e1s l\u00f3gico es echar mano de esta nuestra condici\u00f3n de misioneros.<\/p>\n<p>En este tiempo en que las vocaciones no llaman a nuestras puertas, necesitamos identificarnos plenamente como \u00abcongre\u00adgaci\u00f3n misionera, como familia misionera\u00bb; porque la acci\u00f3n de la Iglesia que hoy por hoy suscita cierta credibilidad y admira\u00adci\u00f3n en nuestra sociedad, son las misiones y los misioneros. Si queremos despertar \u00abel efecto llamada vocacional\u00bb necesitamos tocar esa nota silenciada en nuestra flauta.Y una vez identificados con esta nota fundacional de nuestro carisma, nos queda asumir compromisos hasta las \u00faltima conse\u00adcuencias. Es decir nos exige enviar misioneros a misiones. S\u00ed, ahora, precisamente ahora, que hay tanta falta de personal, que somos tan pocos y somos tan viejos. No podemos esperar a ser ricos para dar; necesitamos dar, a pesar de nuestra pobreza.<\/p>\n<p>Esto nos obligar\u00e1 a presentar, desde todos las instancias y todos los \u00e1ngulos, nuestras \u00abmisiones y nuestros misioneros\u00bb; reforzarlas, convertirlas en propuestas misioneras cre\u00edbles y ofrecerla a los j\u00f3venes. Se dec\u00eda antes, la \u00absangre de los m\u00e1rtires es semilla de cristianos\u00bb. Tal vez ahora que a\u00fan no nos matan, quien sabe si al paso que vamos, m\u00e1s adelante s\u00ed, la consigna es: \u00abla vida de los misioneros es semilla de vocaciones\u00bb.<\/p>\n<p>Y dicho esto, lo he dicho todo. O por lo menos todo lo que yo pienso sobre este tema. A partir de aqu\u00ed, solo me falta hacer el relleno. Habr\u00e1 que llenar.<\/p>\n<h2>1. Germen fundacional. La experiencia de Vicente de Pa\u00fal<\/h2>\n<p>No s\u00e9 por qu\u00e9 no nos hemos presentado como Congregaci\u00f3n Misionera \u00abad gentes\u00bb. Nunca hemos exhibido esa nota identifi\u00adcadora, no ha sido nunca para nosotros tarjeta de presentaci\u00f3n. Y sin embargo tenemos razones contundentes para hacerlo.<\/p>\n<p>La fundamental es la actitud misma de san Vicente. En 1623 hab\u00eda nacido La Congregaci\u00f3n de Propaganda FIDE. Dos arios despu\u00e9s naci\u00f3 la Congregaci\u00f3n de la Misi\u00f3n. En su fervor misio\u00adnero san Vicente \u00abla\u00bb ofrece, para ir \u00aba donde fuera necesario\u00bb. El Delegado, Cardenal Ingoli, que percibe un esp\u00edritu misionero tan decidido, propuso la fusi\u00f3n de la Congregaci\u00f3n de la Misi\u00f3n con Propaganda FIDE. san Vicente declin\u00f3 la oferta alegando el compromiso que, como Congregaci\u00f3n, hab\u00eda adquirido de dar misiones a las \u00f3rdenes de los Obispos; y que por otra parte era in\u00fatil, puesto que todos los sacerdotes est\u00e1n a disposici\u00f3n del Papa para ir a donde les mande.Deteng\u00e1monos un poco en esa acci\u00f3n misionera de san Vicente.<\/p>\n<h3><i>Madagascar<\/i><\/h3>\n<p>San Vicente se implic\u00f3 en el proyecto de misiones con una generosidad sorprendente, a pesar de los escasos resultados. Una y otra vez sigui\u00f3 enviando misioneros a Madagascar a pesar de que se mor\u00edan por el camino o a los pocos meses de llegar. Pero \u00e9l no abandon\u00f3. Sabemos de sus esfuerzos, de sus sufrimientos cada vez que recib\u00eda noticias y con qu\u00e9 dramatismo y emoci\u00f3n presentaba a la comunidad los avatares de esos misioneros. Es impresionante constatar c\u00f3mo busca permisos y apoyaturas a tra\u00adv\u00e9s de los c\u00f3nsules franceses para mantener la misi\u00f3n. Y con qu\u00e9 ah\u00ednco buscaba las \u00faltimas noticias de los comerciantes france\u00adses que le pod\u00edan proporcionar alguna informaci\u00f3n. Uno se pre\u00adgunta qu\u00e9 clase de contactos ten\u00eda para saber exactamente a qu\u00e9 puerto y qu\u00e9 barco acababa de llegar de Madagascar, que le pudieran traer noticias de los suyos.<\/p>\n<p>Y sabemos muy bien c\u00f3mo reaccionaba cuando alguien le dec\u00eda que era una tarea imposible. \u00c9l hab\u00eda descubierto en ello la voluntad de Dios y siguiendo su consigna de \u00abno adelantarse a su voluntad\u00bb, pero tampoco retrasarse, continuar\u00e1 en su empe\u00f1o hasta el fin. Si hay alguna cosa en que manifieste su tozudez, en ninguna, tanto como en \u00e9sta.<\/p>\n<p>Los datos son decepcionantes. Envi\u00f3 18 misioneros a Ma\u00addagascar, cuando la Congregaci\u00f3n no ten\u00eda m\u00e1s que 200, pero s\u00f3lo llegaron 7. Las expediciones 4<sup>a<\/sup>, 5&#8242;, y 6a no alcanzaron la meta. Ninguno vivi\u00f3 m\u00e1s de 3 a\u00f1os. Los 12 a\u00f1os en que duran\u00adte la vida de san Vicente se mantuvo la experiencia, el trabajo efectivo solo dur\u00f3 4 a\u00f1os y medio. Despu\u00e9s de su muerte a\u00fan se mantuvo durante 12 a\u00f1os m\u00e1s, en los que se enviaron 33 misio\u00adneros; s\u00f3lo 2 sobrevivieron.La epopeya que se libr\u00f3 en Madagascar es suficientemente contundente para que la nota de \u00abmisioneros\u00bb la hubi\u00e9ramos podido exhibir en nuestra carta de presentaci\u00f3n.<\/p>\n<h3><i>Argel<\/i><\/h3>\n<p>Pero su abanico misionero no se limit\u00f3 a los pueblos infieles de \u00c1frica. El mismo empe\u00f1o mostr\u00f3 con el mundo musulm\u00e1n. No es cuesti\u00f3n de disertar sobre la verdad o no de su cautiverio en Argel, pero qu\u00e9 \u00e9l ten\u00eda su corazoncito comprometido con la evangelizaci\u00f3n de ese mundo, es innegable. Argel, Berber\u00eda, Bizerta, T\u00fanez, ser\u00e1n reclamados por \u00e9l, como campos propios de misi\u00f3n para la Congregaci\u00f3n.<\/p>\n<p>Y vuelve San Vicente a mover, otra vez m\u00e1s, sus contactos con el Gobierno para conseguir permisos y nombramientos y representaciones para sus misioneros, a fin de que puedan reali\u00adzar la misi\u00f3n con libertad. Fruto de estas gestiones son nombra\u00addos c\u00f3nsules de Francia en T\u00fanez los Hermanos de la Congrega\u00adci\u00f3n Barreau y Dubordieu; lo que facilit\u00f3 enormemente las posibilidades de atenci\u00f3n a los esclavos y la predicaci\u00f3n.<\/p>\n<p>Y aunque la misi\u00f3n no pretend\u00eda directamente la conversi\u00f3n de los musulmanes, sino la atenci\u00f3n a los cristianos y la libera\u00adci\u00f3n de los esclavos y prisioneros, sin embargo las conversiones tampoco faltaron. Incluso hasta el hijo del Bey, el pr\u00edncipe Keruby se convirti\u00f3 al catolicismo, lo que produjo una enorme convulsi\u00f3n, no solo en su familia, sino el todo el territorio de T\u00fanez.<\/p>\n<p>Y tambi\u00e9n aqu\u00ed hubo misioneros que murieron, incluso m\u00e1r\u00adtires. Luis Guerin, el Hno. Francillon, Juan y Felipe Levacher, Luis Noel, Juan Dieppe, Santiago Le Sage son nombres que se suman a esa larga lista de misioneros que entregaron sus vidas en esa labor de \u00abmisiones\u00bb promovida por San Vicente.<\/p>\n<h3><i>Irlanda, Escocia y las H\u00e9bridas<\/i><\/h3>\n<p>La visi\u00f3n misionera de Vicente iba en serio. Si en Madagas\u00adcar sent\u00eda la urgencia de la salvaci\u00f3n de los paganos y en T\u00fanez y Argel la conversi\u00f3n de los musulmanes, en Escocia, Irlanda, y las H\u00e9bridas era la lucha contra la avanzadilla protestante. Descubrir la \u00abVoluntad de Dios\u00bb, paso imprescindible para acometer cualquiera de sus obras, aqu\u00ed se le manifest\u00f3 con cla\u00adridad porque preced\u00eda la llamada de los obispos de aquellas Iglesias pidiendo auxilio.<\/p>\n<p>Una misi\u00f3n que le exigi\u00f3 un gran n\u00famero de misioneros. Y desde all\u00ed tambi\u00e9n llegaron los mejores \u00e9xitos conquista\u00addos y las mayores alabanzas por parte de los obispos que recibieron la ayuda. Pero no s\u00f3lo alabanzas, tambi\u00e9n m\u00e1rti\u00adres. El estudiante pa\u00fal, Tadeo Lee de 25 a\u00f1os, fue martiriza\u00addo delante de su propia madre. Primero le cortaron las manos y los pies y acabaron aplast\u00e1ndole la cabeza. \u00c9l es el m\u00e1s joven de nuestros m\u00e1rtires, y a la vez, nuestro m\u00e1rtir m\u00e1s desconocido.<\/p>\n<p>Por supuesto que no es el momento de hacer la historia de nuestras \u00abmisiones\u00bb. Se trata tan s\u00f3lo, de constatar el sentido y la visi\u00f3n misionera que san Vicente tuvo. Nosotros no la hemos ni explotado, ni exhibido; nunca nos hemos identificado ni como Congregaci\u00f3n, ni como familia misionera.<\/p>\n<h2>2. La semilla de san Vicente da fruto en la Familia Vicenciana<\/h2>\n<h3><i>1. Experiencia misionera de la C.M.<\/i><\/h3>\n<p>Y despu\u00e9s de la muerte de san Vicente no se ha olvidado nunca este empuje misionero que \u00e9l infundi\u00f3 en la Congrega\u00adci\u00f3n. Por eso las \u00abmisiones\u00bb van parejo con la extensi\u00f3n de la misma Congregaci\u00f3n.<\/p>\n<p>El siglo xvm fue un tiempo de la consolidaci\u00f3n de la Congre\u00adgaci\u00f3n en Europa. Se afianza en Italia; se consolida en la propia Francia y se mantiene en Polonia, Escocia e Irlanda.<\/p>\n<ul>\n<li>Espa\u00f1a en 1704 inicia su andadura.<\/li>\n<li>Portugal en 1739.<\/li>\n<li>Austria en 1760.<\/li>\n<li>Hungr\u00eda en 1761.<\/li>\n<\/ul>\n<p>Y ya finalizando el siglo, se comienzan las fundaciones en el Oriente Medio que, evidentemente, tienen un marcado signo misionero: en la d\u00e9cada de los 80 se funda en<\/p>\n<ul>\n<li>Esmirna en 1782.<\/li>\n<li>Turqu\u00eda, Grecia y Bulgaria en 1783.<\/li>\n<li>L\u00edbano, Egipto, Israel y Siria en 1784.<\/li>\n<\/ul>\n<p>El sue\u00f1o de Vicente no se hab\u00eda dormido.<\/p>\n<p>Ser\u00e1 en el siglo xtx cuando se despliegue con fuerza impre\u00adsionante nuestro esp\u00edritu misionero. En la primera mitad del siglo se funda la Congregaci\u00f3n en<\/p>\n<ul>\n<li>\u00a0Brasil en 1811.<\/li>\n<li>Estados Unidos en 1815<\/li>\n<li>Abisinia y Etiop\u00eda 1837.<\/li>\n<li>Persia en 1841.<\/li>\n<li>M\u00e9jico y China en 1844.<\/li>\n<li>Cuba en 1846.<\/li>\n<li>Alemania y Yugoslavia en 1851.<\/li>\n<\/ul>\n<p>En la segunda mitad continuar\u00e1n las fundaciones misioneras de Colombia, Ecuador, Costa Rica, Paraguay, Uruguay, Austra\u00adlia, El Salvador.<\/p>\n<p>Honduras, India, Indonesia y Venezuela se fundar\u00e1n en la la parte del siglo xx.<\/p>\n<p>Nuestra heroica gesta misionera en China, comienza con el siglo siglo xvin. Una andadura heroica que no solo nos dio a los dos misioneros m\u00e1s famosos, Clet y Perboyre, sino adem\u00e1s una innumerable legi\u00f3n de m\u00e1rtires de los que ni sus nombre cono\u00adcemos. La vitalidad de la Misi\u00f3n en China lleg\u00f3 hasta nuestros d\u00edas. Durante much\u00edsimos a\u00f1os en el Cat\u00e1logo de la Congre\u00adgaci\u00f3n, y ario tras a\u00f1o, se insertaban el nombre de m\u00e1s \u00abde 130 misioneros\u00bb, todos ellos chinos, con una curiosa nota: \u00abestos son los nombres de nuestros cohermanos chinos, de los que no tene\u00admos noticias\u00bb . Consult\u00e9 al azar un cat\u00e1logo de la Congregaci\u00f3n, el del a\u00f1o 1956, ocho a\u00f1os despu\u00e9s del inicio del Revoluci\u00f3n China, y encontr\u00e9 que a\u00fan se segu\u00eda publicando esa famosa lista: hab\u00eda 130 misioneros nativos, 80 en la Provincia Septentrional y 50 en Provincia Meridional.A la sangrienta y criminal revoluci\u00f3n de Mao, que se llev\u00f3 por delante \u00a1 \u00a170 millones de v\u00edctimas!!, nosotros aportamos un n\u00famero de m\u00e1rtires muy considerable, misioneros y cristianos de nuestras misiones.<\/p>\n<h4><i>Definici\u00f3n misionera de la C.M.<\/i><\/h4>\n<p>No solo es historia, no s\u00f3lo es a\u00f1oranza rom\u00e1ntica del funda\u00addor, es definici\u00f3n y compromiso presente, manifestado en las Constituciones y Estatutos.<\/p>\n<p>La C. 16, al definir las l\u00edneas pastorales de la CM, determina que, entre las obras de apostolado, las misiones ad gentes ocupa un lugar destacado\u00bb<\/p>\n<p>La C. 12 habla de \u00bb la disponibilidad de ir al mundo entero a ejemplo de los primeros misioneros de la Congregaci\u00f3n\u00bb .<\/p>\n<p>Pero no se queda en simples compromisos generales, los Estatutos bajan a compromisos concretos que afectan a la orga\u00adnizaci\u00f3n de cada provincia. Dice el E 5, 2. <i>Cada Provincia de la Congregaci\u00f3n debe aceptar al menos un territorio de misi\u00f3n donde enviar misioneros como obreros a la vi\u00f1a del Se\u00f1or.<\/i><\/p>\n<p>Es que ya en la Asamblea del 92, la Congregaci\u00f3n hab\u00eda declarado: <i>somos conscientes de ser una Congregaci\u00f3n misio\u00adnera (ad gentes) <\/i>y fue ese precisamente en ese a\u00f1o cuando el P. Maloney, el Superior General, hace su primer llamamiento a las Misiones Internacionales. Y, como respuesta , surgen misio\u00adnes nuevas o se refuerzan las que estaban m\u00e1s d\u00e9biles: Cuba; El Alto, Bolivia; Albania; Tanzania; Mozambique; Islas Salo\u00adm\u00f3n; China.Desde los documentos oficiales, as\u00ed como desde las disposi\u00adciones emanadas desde las Asambleas y el llamamiento del P. General, se deduce que la CM desea darle un nuevo \u00e9nfasis a la dimisi\u00f3n misionera ad gentes.<\/p>\n<p>S\u00ed, definitivamente nuestras ra\u00edces misioneras nunca se han secado. Los ideales de san Vicente se han mantenido siempre vivos y se han ido haciendo realidad, poco a poco, en el trans\u00adcurso de los a\u00f1os. Por eso insisto que no entiendo por qu\u00e9 nunca hemos exhibido en nuestra carta de presentaci\u00f3n ese \u00absello mi\u00adsionero ad gentes\u00bb.<\/p>\n<p>Ese car\u00e1cter misionero no es s\u00f3lo y exclusivo de la Congre\u00adgaci\u00f3n. Es patrimonio com\u00fan de las obras de san Vicente y por tanto de la Familia Vicenciana.<\/p>\n<h3><i>2. Las Hijas de la Caridad como misioneras<\/i><\/h3>\n<p>Lo intent\u00f3, pero alguien le aconsej\u00f3 que no, y san Vicente, para no \u00abadelantarse a la Voluntad de Dios\u00bb, no se atrevi\u00f3 a enviar a las reci\u00e9n nacidas Hijas de la Caridad a Madagascar. S\u00f3lo en 1898, casi al final de la primera expansi\u00f3n misionera de HdC. fue asumida por ellas esta misi\u00f3n. Canad\u00e1 fue otro de los intentos que tampoco fragu\u00f3.<\/p>\n<p>\u00c9l hab\u00eda despertado en ellas el entusiasmo: <i>Ten\u00e9is que estar dispuestas a ir a cualquier parte, a donde Dios quiera, si es al \u00c1frica a \u00c1frica. <\/i>(SVP, IX, 743) y ellas estaban dispuestas a responder con generosidad.<\/p>\n<p>Por eso el P. Francisco Mousnier, que se preparaba para ir a Madagascar, encuentra Hermanas dispuestas a acompa\u00f1arle en la comunidad de Nantes.De este esp\u00edritu misionero deja constancia santa Luisa cuando le dice a san Vicente que las Hermanas, <b>oran por las misiones.<\/b><\/p>\n<p>Pero no son s\u00f3lo oraciones. Hay una aut\u00e9ntica efervescencia misionera entre las primeras Hermanas. Por una carta en la que san Vicente responde a la Hermana Nicolasa Haran, sabemos que ella se le habr\u00eda ofrecido voluntaria para la misi\u00f3n de Mada\u00adgascar . No fue elegida para la misi\u00f3n, pero fue elegida para ser la tercera Superiora General.<\/p>\n<p>Todav\u00eda no hab\u00eda llegado, en la sensibilidad de la Iglesia, la hora de \u00abenviar religiosas\u00bb a misiones. Pero en cuanto des\u00adpert\u00f3 esta sensibilidad, las Hijas de la Caridad partieron las primeras. Fue en 1847, a petici\u00f3n e impulso de Propaganda FIDE, cuando salen para China las primeras \u00abreligiosas misioneras\u00bb de la Iglesia: eran Hijas de la Caridad. La semi\u00adlla misionera sembrada por san Vicente empezaba a dar su fruto. Hubo que esperar hasta la segunda mitad del siglo xIx, la \u00e9poca del P. Etienne, para que empiece su primera expan\u00adsi\u00f3n misionera.<\/p>\n<p>En esta segunda mitad del siiglo xix, la Compa\u00f1\u00eda se extien\u00adde por 33 naciones nuevas; y fuera de los pa\u00edses Europeos, todas la nuevas fundaciones tienen un inequ\u00edvoco car\u00e1cter misional: Turqu\u00eda, Argelia, L\u00edbano, Siria, Persia, Filipinas, Israel, Abisinia, y casi todos los pa\u00edses de Am\u00e9rica Latina. A lo largo de siglo xx continuar\u00e1 este impulso misionero en una segunda oleada: se completan la fundaciones en los pa\u00edses de Am\u00e9rica Latina que faltaban y comienzan las misiones de la \u00c1frica profunda: Zaire, Camer\u00fan, Congo, Burundi, Rwuanda, Nigeria. Pero tambi\u00e9n se abren las rutas del Lejano Oriente: VietNan, Indonesia, Jap\u00f3n, India, Formosa, Tailandia, Nueva Zelanda, Islas Fidji.<\/p>\n<p>Hoy, miles de Hermanas misioneras son testigos del Evan\u00adgelio en todos los pa\u00edses del mundo. En 20 pa\u00edses de Am\u00e9rica Latina hay 4.796 misioneras. En 16 pa\u00edses de Asia hay 1.679. En 19 pa\u00edses de \u00c1frica hay 913 misioneras. Unas 6.400 Hijas de la Caridad, lo que supone un 25% del total, trabajan en difici\u00adl\u00edsimas condiciones en los pa\u00edses m\u00e1s empobrecidos de \u00c1frica, Asia y Am\u00e9rica, lo mismo que en los inh\u00f3spitos pa\u00edses del isl\u00e1n, que le aceptan, hasta el abuso, su caridad y su servicio, pero no les permiten, de ninguna manera, expresar su condi\u00adci\u00f3n religiosa o su fe cristiana. \u00bfPero cu\u00e1ndo las dificultades humanas, y la pobreza, o incluso el acoso religioso, ha sido obst\u00e1culo para ellas?<\/p>\n<h4><i>Definici\u00f3n misionera de las Hijas de la Caridad<\/i><\/h4>\n<p>Aquel primer entusiasmo no qued\u00f3 en buenas palabras o en un sentimiento rom\u00e1ntico de los Fundadores. Las Hijas de la Caridad acaban de definirse misioneras en sus \u00faltimas Constitu\u00adciones: <i>La Compa\u00f1\u00eda es misionera por naturaleza; por eso se empe\u00f1a en conservar la agilidad <\/i>y <i>la flexibilidad necesarias para poder responder a las llamadas de la Iglesia.<\/i><\/p>\n<p>Unas Constituciones que dan amplitud y libertad total a cada una de ellas para elegir este servicio misionero: <i>Las Hermanas que se sientan llamadas mu\u00e9strense especialmente disponibles para ser enviadas a la Misi\u00f3n ad gentes. <\/i>(Cons. 2, 10). Pero tambi\u00e9n se abre la puerta para nuevas fundaciones misioneras independientemente de la nacionalidad de sus misioneras: <i>Las Hermanas de diversas nacionalidades pueden ser enviadas a una nueva misi\u00f3n <\/i>(E. 6).<\/p>\n<p>Y tan en serio ha penetrado esta dimensi\u00f3n misionera en la sensibilidad de la Hijas de la Caridad que, tras la Asamblea General del 68, se erigi\u00f3 en Par\u00eds el \u00abCentro Internacional de actividades Misioneras\u00bb para la formaci\u00f3n de las que salen para misiones.<\/p>\n<h3><i>3. La dimensi\u00f3n misionera de JMV<\/i><\/h3>\n<p>Tras el Concilio Vaticano II despierta la Asociaci\u00f3n de l@s Hij@s de Mar\u00eda y se transforma en JMV, seg\u00fan la terminolog\u00eda de nuestro pa\u00eds, aunque en otras latitudes mantienen nombres diversos. Nombres diversos, pero l\u00edneas fundamentales comunes. Y una de esas l\u00edneas maestras es la de ser \u00bb juventud misionera\u00bb.<\/p>\n<p>No es el momento de analizar \u00abel misionerismo\u00bb de la espiri\u00adtualidad de JMV. Tan solo quiero resaltar unas pinceladas de esta vertiente.<\/p>\n<p>Hablar de misiones, orar por las misiones, colaborar con las misiones era cosa com\u00fan y corriente, era lo normal en un grupo juvenil religioso. El gran salto misionero fue insertarlos en \u00abla misi\u00f3n\u00bb. Y se empez\u00f3 en Honduras. En Honduras se daban una serie de circunstancias que resultaba el lugar ideal. Hab\u00eda una Di\u00f3cesis, la de San Pedro de Sula, que ten\u00eda un Obispo pa\u00fal, Mons. Brufau. San Pedro de Sula era el centro de la Misi\u00f3n de los Pa\u00fales de la Prov. de Barcelona. Y all\u00ed mismo las Hijas de la Cari\u00addad manten\u00edan una intensa actividad misional. Y se a\u00f1ad\u00eda adem\u00e1s la sinton\u00eda de los PP. de Barcelona con la idea, punto decisivo \u00e9ste, ya que las prevenciones, las dudas, el no divisar el camino claro, constituy\u00f3 el principal obst\u00e1culo del inicio. Pero los PP. de Barce\u00adlona, por su cuenta, hab\u00edan organizado LAMVI, (Laicos Misione\u00adros Vicencianos) como una plataforma para enviar seglares a cola\u00adborar en los trabajos de la misi\u00f3n, sin importar cual hubiera sido el camino eclesial y misionero del candidato, mientras reuniera las condiciones b\u00e1sicas. Y en 1985 sale la primera expedici\u00f3n misio\u00adnera de JMV compuesta por 21 j\u00f3venes, asistidos por el P. Juan Amengual, c.m. Desde ese momento, todos los arios, JVM conti\u00adnu\u00f3 saliendo para Honduras. Pero el horizonte se ampli\u00f3.<\/p>\n<ul>\n<li>En 1986 Santo Domingo.<\/li>\n<li>En 1989 M\u00e9jico.<\/li>\n<li>En 1991 Argentina.<\/li>\n<li>En 1992 se fund\u00f3 la misi\u00f3n permanente en El Alto, Bolivia.<\/li>\n<li>En 1993 Puerto Rico.<\/li>\n<li>En 1994 Cuba.<\/li>\n<\/ul>\n<p>La dimensi\u00f3n misionera se afianza: se da un paso decisivo: se aceptan las misiones permanentes de JMV. Honduras, Bolivia y Mozambique son tres lugares de referencia y de trabajo apost\u00f3\u00adlico. Pero esta dimensi\u00f3n misionera del JMV de Espa\u00f1a, es cono\u00adcida por todos; no merece la pena abundar en ello.<\/p>\n<p>Quisiera dar unos cuantos datos de otros pa\u00edses, tan solo para dejar claro que en todas partes, los j\u00f3venes de nuestra familia se sienten identificados como misioneros.<\/p>\n<p>Otros pa\u00edses van desarrollando esta dimensi\u00f3n, con experien\u00adcias quiz\u00e1s menos vistosas y no tan sistem\u00e1ticas, pero no menos meritorias que las de JMV de Espa\u00f1a, si se tiene en cuenta que estas experiencias de otros pa\u00edses son sostenidas econ\u00f3micamen\u00adte por la propia Asociaci\u00f3n:<\/p>\n<p><b>Italia, <\/b>lleva varios a\u00f1os enviando personal y ayuda econ\u00f3mica a la Asociaci\u00f3n Mariana de Eritrea. Llevan 2 veranos enviando gente (un grupo no mayor de 20 personas) a Albania, por un mes, para un campo de misi\u00f3n. Est\u00e1n apoyando el grupo de JMV en Reshen, que apenas tiene 3 arios.<\/p>\n<p><b>Eslovaquia <\/b>env\u00eda dinero a Hait\u00ed, Siberia y Ucrania. Este ario, por ejemplo, han recogido 16.000 coronas para proyectos de \u00abLucha contra el Hambre\u00bb en estos pa\u00edses. JMV-Eslovaquia est\u00e1 encargada tambi\u00e9n de un peque\u00f1o grupo de j\u00f3venes en la rep\u00fablica Checa, al que atienden anualmente. Sue\u00f1an con enviar j\u00f3venes para apoyar JMV en la nueva Provincia de San Cirilo y San Metodio en Bielorrusia.<\/p>\n<p><b>Portugal <\/b>ha tenido una comunidad permanente de 3 j\u00f3venes para llevar a cabo el proyecto \u00abManos Abiertas-Mozambique\u00bb en la Parroquia de Chokwe, con el P. Jos\u00e9 Lu\u00eds Fern\u00e1ndez. Lamen\u00adtablemente el proyecto ha tenido que detenerse por falta de recursos econ\u00f3micos, pero ha sido una experiencia muy nutriti\u00adva para los j\u00f3venes. Tienen la esperanza de reabrirlo y est\u00e1n soli\u00adcitando nuevos voluntarios y nuevas subvenciones.<\/p>\n<p><b>Francia <\/b>env\u00eda cada verano un peque\u00f1o grupo de j\u00f3venes a Eslovaquia por un mes, para el campamento misionero.<b>Argelia <\/b>env\u00eda cada verano un grupo de j\u00f3venes como volun\u00adtarios por un mes a Lourdes, para el servicio de los enfermos.<\/p>\n<p>Es solo una peque\u00f1a muestra, pero todos, y en todas partes, este car\u00e1cter misionero lo llevan inculcado en su ser.<\/p>\n<h3><i>4. Dimensi\u00f3n misionera de Misevi<\/i><\/h3>\n<p>Misevi es el hermano peque\u00f1o de la Gran Familia Vicencia\u00adna. Acaba de nacer, como quien dice; pero justamente ha nacido con una vocaci\u00f3n misionera irrenunciable.<\/p>\n<p>Misevi ha nacido para dar cabida a las ansias misioneras de los miembros de la familia vicenciana. Es una Asociaci\u00f3n de \u00absegunda pertenencia\u00bb. Dicho de otro modo, no se entra a formar parte de Misevi si no se procede da alguna otra rama de la Fami\u00adlia Vicenciana. Y esto es precisamente lo que resalta la condici\u00f3n misionera de Misevi.<\/p>\n<p>Mucho tuvieron que ver en esta novel asociaci\u00f3n, los J\u00f3venes de JMV. Lleg\u00f3 un d\u00eda que dejaron de ser j\u00f3venes, pero no quisie\u00adron dejar de ser misioneros. Si un integrante de AIC, de Confe\u00adrencias, o de AMM, desean hacer una experiencia misional, Misevi coordina el camino para realizarla.<\/p>\n<p>Y esta comunidad primera, a la que pertenece el futuro misio\u00adnero, lo pone en contacto con la segunda, Misevi; y as\u00ed, presen\u00adtado, enviado, por la comunidad primera, entra en el caldo de cultivo de Misevi, para que sus aspiraciones puedan ser canali\u00adzadas satisfactoriamente.<\/p>\n<p>No hay muchas experiencias; aun est\u00e1n trazando el camino; aun est\u00e1n haciendo sus definiciones; aun est\u00e1n proyectado su andadura futura; pero con todo eso, y eso es precisamente lo que nos importa destacar, su voluntad y su deseo, es ser misioneros. Ellos han bebido en las corrientes genuinas de la Vocaci\u00f3n Vicenciana.<\/p>\n<p>Misevi tiene su partida de nacimiento el 5 de julio de 1997, el d\u00eda en que el Superior General aprueba los Estatutos. Y su bau\u00adtismo oficial fue el 7 de abril de 1999 al ser ratificados por la Santa Sede a petici\u00f3n del P. General.Ha habido ciertos momento de mayor inflexi\u00f3n en esta su corta historia. La Asamblea Internacional de Los Molinos, Madrid en 2001, en la que se concretiza su identidad y se mar\u00adcan las futuras l\u00edneas de acci\u00f3n. El Encuentro Internacional de M\u00e9jico en 2003, que abre sus brazos al mundo. La Asamblea del 2004 va escribiendo su historia y se escribe en clave misionera. \u00abAbre tus ojos al mundo y tu coraz\u00f3n a la Misi\u00f3n\u00bb dec\u00eda el cartel identificativo de la \u00faltima Asamblea General del 2005 celebrada en el Bergeau, en el coraz\u00f3n palpitante de la cuna Vicenciana.<\/p>\n<p>Tal vez el nacimiento y la existencia incipiente de Misevi corrobora m\u00e1s que ning\u00fan otro documento, la condici\u00f3n misio\u00adnera de la Familia Vicenciana. A 400 a\u00f1os, la semilla sigue pro\u00adduciendo frutos; y sus frutos son misioneros. A 400 a\u00f1os nace un brote nuevo, un renuevo y ese renuevo es misionero. \u00a1 \u00a1Significa\u00adtivo!! \u00bfVerdad?<\/p>\n<h3><i>5. Las asociaciones seglares de adultos<\/i><\/h3>\n<p>Las asociaciones de adultos m\u00e1s numerosas de nuestra fami\u00adlia, al tiempo que tambi\u00e9n son las m\u00e1s numerosas de la Iglesia, la AMM, la MC y Las Conferencias, tienen su peculiar modo de vivir el \u00abenv\u00edo misionero\u00bb. Ellos no desplazan, no env\u00edan misio\u00adneros a los pa\u00edses de misi\u00f3n, como hacen todos los dem\u00e1s. Ellos van y fundan; ellos van y organizan la asociaci\u00f3n entre la misma gente y con los mismos nativos; ellos implantan la asociaci\u00f3n, que es implantar la Iglesia, en los propios pa\u00edses de misi\u00f3n. Para ellos, hacer misi\u00f3n es integrar en el trabajo apost\u00f3lico y social a los aut\u00f3ctonos de cada cultura. No encontramos personal envia\u00addo desde la Oficina Central, o desde las Oficinas Nacionales, para que funden la asociaci\u00f3n en tal o cual pa\u00eds. Y esta perspec\u00adtiva necesitamos tenerla muy en cuanta, porque al visualizar el crecimiento de cada una de estas asociaciones, como se muestra en los anexos finales, estamos hablando de su peculiar respuesta a ese \u00abenv\u00edo misionero\u00bb.Tienen similar recorrido. Crecieron a un ritmo arrollador. Es la respuesta que la Familia Vicenciana da a ese \u00abactual reclamo para que los seglares asuman su propia voz en la Iglesia\u00bb. Los seglares de la familia vicenciana lo han asumido, se han soltado de las riendas protectoras y de la dependencia clerical o congre\u00adgacional para hacer su propio camino. Ellos han asumido bajo su propia responsabilidad, el ser los ejecutores de la fundaci\u00f3n y del crecimiento de s\u00ed mismos.<\/p>\n<p>En muchas cosas, la familia vicenciana fuimos los primeros, marcamos el camino a la Iglesia. Las Hijas de la Caridad fueron la primeras \u00abreligiosas\u00bb que abandonaron los conventos y salie\u00adron a las calles a servir a los pobres. Las Damas de la Caridad fueron las primeras seglares, y curiosamente mujeres, a quienes la Iglesia moderna le conf\u00eda un papel de gran responsabilidad, responsabilidad diaconal: la atenci\u00f3n de los enfermos y necesi\u00adtados. Las Hijas de la Caridad fue la primera Comunidad \u00abreli\u00adgiosa\u00bb femenina en ser enviadas a \u00abmisiones\u00bb, concretamente a China. En este asumir responsabilidades propias y ser due\u00f1os de su propio destino, que hoy la voz de los seglares cr\u00edticos recla\u00adman para s\u00ed, \u00a1 \u00a1tambi\u00e9n!! Ellos llevan la iniciativa.<\/p>\n<p>No cabe duda, tenemos, llevamos, en nuestros genes funda\u00adcionales semillas transformadoras, semillas renovadoras. \u00bfQu\u00e9 nos pasa que siempre vamos a remolque de todos los cambios y transformaciones? \u00bfNo nos estaremos convirtiendo en el \u00e1guila que vivi\u00f3 siempre entre gallinas y nunca se atrevi\u00f3 a remontar el vuelo a las alturas?<\/p>\n<p>Ni que decir tiene que las Asociaciones laicales de la Familia Vicenciana responden entusiastas cuando hay peticiones de las tierras de misi\u00f3n, con su oraci\u00f3n, su trabajo, su colaboraci\u00f3n y con sus donaciones econ\u00f3micas. Que lo digan si no AMVE\u00ad-COVIDE. Que lo diga si no los propios misioneros que han acu\u00addido a los grupos particulares de cada una de las Asociaciones con proyectos para el desarrollo o la acci\u00f3n social o el apostolado. Que lo digan si no los \u00abHermanamientos\u00bb de los grupos de AIC, que actualmente est\u00e1n en funcionamiento entre Cuba y Espa\u00f1a o Mozambique y Espa\u00f1a. Y las ayudas que se est\u00e1n organizando entre Las Conferencias de los pa\u00edses del primer mundo con las Conferencias de los pa\u00edses del tercer mundo. La Familia Vicen\u00adciana lleva un chip misionero en la sangre.<\/p>\n<h2>3. Conclusi\u00f3n<\/h2>\n<p>Y si esto es as\u00ed, como lo es \u00bfcuando ser\u00e1, digo yo, que nos decidamos a incluir en nuestra \u00abtarjeta de identidad\u00bb este car\u00e1c\u00adter misionero? \u00bfCuando ser\u00e1 que empecemos a presentarnos ante la comunidad eclesial como una Familia Misionera \u00abad gentes\u00bb?<\/p>\n<p>Pero sobre todo \u00bfcuando empezaremos a actuar en conse\u00adcuencia? Tal vez hoy lo necesitamos m\u00e1s que nunca. Cuando miramos a un futuro cercano, nos aterra ver que no hay vocacio\u00adnes; no hay continuadores del carisma.<\/p>\n<p>Esta nota entusiasta de misionerismo \u00bfno pod\u00eda ser el revul\u00adsivo que nos hace falta? Hoy d\u00eda a\u00fan permanece en la sociedad, y incluso entre los ciudadanos que no van a misa, la admiraci\u00f3n y la confianza en la labor misionera, \u00bfpor qu\u00e9 no explotar ese fil\u00f3n? No es un a\u00f1adido que nos pongamos, no es una nota ficti\u00adcia que nos apropiemos, es una vena por la que corre sabia rege\u00adneradora desde nuestros fundadores.<\/p>\n<p>Los recursos los tenemos todos a la mano. Tenemos misiones y misioneros en todo el mundo y en todas las latitudes y cultu\u00adras. Tenemos informaci\u00f3n y testimonios de todos los continentes y naciones del mundo a los que echar mano para presentar a nuestros feligreses y colaboradores. Cada a\u00f1o vienen de vacaciones, muchos misioneros a los que podemos, y debemos, presen\u00adtar y promocionar para que el fuego prenda. Deber\u00edamos tomar contacto con cada uno de esos misioneros para que durante el a\u00f1o, con sus vidas, con sus noticias, con sus trabajos, mantengan vivo el entusiasmo y la llama que transforma el coraz\u00f3n del cris\u00adtiano y \u00a1 \u00a1el nuestro!!\u00bfYa se nos olvid\u00f3 el entusiasmo, el optimismo, la admiraci\u00f3n que sentimos todos por las misiones, cuando ocupaban el centro de nuestros movimientos y nuestro trabajo pastoral? \u00a1 \u00a1Cierto que las cosas han cambiado!! Pero a\u00fan fascina el trabajo de los misioneros; a\u00fan la sociedad cree en la labor que ellos realizan; a\u00fan hay una brasa ardiendo que no est\u00e1 apagada y un rescoldo que podemos y debemos avivar. Qui\u00e9n quita que al mismo tiem\u00adpo avivemos el entusiasmo y la generosidad de los j\u00f3venes que, si hoy est\u00e1n encandilados y deslumbrados por los atractivos de esta sociedad de consumo, tal vez es porque no les estamos ofre\u00adciendo una Iglesia ilusionada y entusiasmada en la que creer.<\/p>\n<p>Se nos dijo: \u00absangre de m\u00e1rtires es semilla de cristianos\u00bb. Hoy podemos afirmar: \u00abla vida de los misioneros es semilla de vocaciones\u00bb. \u00bfHay alguien que se atreva a rebatir esta afirmaci\u00f3n?<\/p>\n<p>Ahora que tan escasos andamos de personal en nuestras comunidades y parroquias, ahora que casi todos somos m\u00e1s viejos, \u00bfse nos propone enviar misioneros? \u00a1 \u00a1Pues s\u00ed, ahora!! Recuerden el consejo del Sr. obispo al p\u00e1rroco de una barriada marginal. El cura en cuesti\u00f3n ten\u00eda una ropa de Iglesia lamen\u00adtable, unos objetos de culto impresentables y \u00e9l mismo andaba con un sotana ra\u00edda que daba pena&#8230;. \u2014\u00bbConstruya, sr. cura, cons\u00adtruya\u00bb, le dijo el obispo\u2014. Pero si no tengo dinero, \u00bfc\u00f3mo voy a construir? La gente de la parroquia es muy pobre; a los organis\u00admos oficiales no les interesa, a nadie le preocupa ese barrio&#8230; \u2014\u00bbConstruya, Sr. cura, construya\u00bb\u2014Y el cura se puso a construir. El resultado se hizo evidente, en muy poco tiempo se renova\u00adron los objetos del culto y las ropas de la Iglesia y la sotana del cura. \u00abDesde vuestra pobreza, sed generosos\u00bb.<\/p>\n<h2>Expansi\u00f3n de la Familia Vicenciana en el mundo<\/h2>\n<p><em>Datos recogidos por P. Corcuera c.m. en \u00abUn hombre para nuestro mundo\u00bb<\/em><\/p>\n<h3>La Congregaci\u00f3n de la Misi\u00f3n \u2014 Hijas de la Caridad<\/h3>\n<p><em>En vida de San Vicente<\/em><\/p>\n<ul>\n<li>1625 Francia<\/li>\n<li>1642 Italia (Monte Citorio)<\/li>\n<li>1645 T\u00fanez, Irlanda, Escocia<\/li>\n<li>1648 Madagascar<\/li>\n<li>1651 Polonia<\/li>\n<\/ul>\n<p><i>Despu\u00e9s de la muerte de san Vicente<\/i><\/p>\n<ul>\n<li>1667 Argel<\/li>\n<li>1704 Espa\u00f1a<\/li>\n<li>1712 Isla Borb\u00f3n (Mascare\u00f1a)<\/li>\n<li>1739 Portugal<\/li>\n<li>1746 Bielorrusia<\/li>\n<li>1760 Austria<\/li>\n<li>1761 Hungr\u00eda<\/li>\n<li>1782 Esmirna, Goa<\/li>\n<li>1783 Turqu\u00eda, Grecia, Bulgaria<\/li>\n<li>1784 L\u00edbano, Israel, Siria, Egipto<\/li>\n<li>1811 Brasil<\/li>\n<li>1815 Estados Unidos<\/li>\n<li>1833 Irlanda (2\u00aa \u00e9poca)<\/li>\n<li>1837 Abisinia (Etiop\u00eda)<\/li>\n<li>1841 Persia, (Ir\u00e1n)<\/li>\n<li>1842 Argel (2\u00aa \u00e9poca)<\/li>\n<li>1844 M\u00e9jico-China<\/li>\n<li>1846 Cuba<\/li>\n<li>1851 Alemania<\/li>\n<li>1852 Yugoslavia<\/li>\n<li>1853 Chile, Inglaterra, Austria (2vez)<\/li>\n<li>1858 B\u00e9lgica, Per\u00fa<\/li>\n<li>1859 Argentina, Escocia (2\u00aa \u00e9poca)<\/li>\n<li>1862 Filipinas<\/li>\n<li>1863 Suiza<\/li>\n<li>1870 Colombia<\/li>\n<li>1871 Ecuador<\/li>\n<li>1877 Costa Rica<\/li>\n<li>1880 Paraguay, Holanda<\/li>\n<li>1884 Uruguay<\/li>\n<li>1886 Australia<\/li>\n<li>1896 Madagascar\u00a0<i><\/i>(2\u00aa<i> <\/i>\u00e9poca)<\/li>\n<li>1898 San Salvador<\/li>\n<li>1816 Honduras<\/li>\n<li>1822 India<\/li>\n<li>1823 Indonesia<\/li>\n<li>1831 Venezuela<\/li>\n<li>1833 Bolivia<\/li>\n<li>1840 Mozambique<\/li>\n<li>1952 Formosa<\/li>\n<\/ul>\n<h3>Hijas de la Caridad<\/h3>\n<ul>\n<li>1633 Francia<\/li>\n<li>1652 Polonia<\/li>\n<li>Muere Santa Luisa<\/li>\n<li>1790 Espa\u00f1a<\/li>\n<li>1810 Suiza<\/li>\n<li><i>1830 Apariciones de La Milagrosa<\/i><\/li>\n<li>1833 Italia<\/li>\n<li>1838 Portugal<\/li>\n<li>1839 Turqu\u00eda<\/li>\n<li>1841 Grecia<\/li>\n<li>1842 Argelia<\/li>\n<li>1843 Yugoeslavia<\/li>\n<li>1844 Egipto, M\u00e9jico<\/li>\n<li>1847 Gran Breta\u00f1a, L\u00edbano, Siria, Cuba, Puerto Rico<\/li>\n<li>1848 China<\/li>\n<li>1849 Brasil<\/li>\n<li>1850 Austria, Estados Unidos<\/li>\n<li>1852 Alemania<\/li>\n<li>1853 Chile, Hungr\u00eda<\/li>\n<li>1854 B\u00e9lgica<\/li>\n<li>1855 Irlanda<\/li>\n<li>1856 Persia (Ir\u00e1n)<\/li>\n<li>1857 Checoslovaquia<\/li>\n<li>1858 Per\u00fa<\/li>\n<li>1859 Argentina<\/li>\n<li>1860 Escocia, Isla Borb\u00f3n<\/li>\n<li>1862 Filipinas, Guatemala<\/li>\n<li>1870 Ecuador, Uruguay, Salvador<\/li>\n<li>1875 Nicaragua, Panam\u00e1<\/li>\n<li>1878 Abisinia<\/li>\n<li>1879 Rumania<\/li>\n<li>1880 Paraguay<\/li>\n<li>1882 Colombia<\/li>\n<li>1883 Bolivia<\/li>\n<li>1886 Israel<\/li>\n<li>1887 Jordania, Madagascar<\/li>\n<li>1889 Albania<\/li>\n<li>1895 T\u00fanez<\/li>\n<li>1896 Costa Rica<\/li>\n<li>1902 Pa\u00edses Bajos<\/li>\n<li>1904 Dinamarca<\/li>\n<li>1918 Marruecos<\/li>\n<li>1925 Zaire<\/li>\n<li>1926 Australia<\/li>\n<li>1928 Vietnan<\/li>\n<li>1931 Honduras, Indonesia<\/li>\n<li>1932 Jap\u00f3n<\/li>\n<li>1940 India<\/li>\n<li>1942 Mozambique<\/li>\n<li>1947 Canad\u00e1<\/li>\n<li>1950 Venezuela<\/li>\n<li>1952 Santo Domingo<\/li>\n<li>1959 Formosa<\/li>\n<li>1963 Nigeria<\/li>\n<li>1970 Camer\u00fan, Tailandia<\/li>\n<li>1971 Congo<\/li>\n<li>1972 Burundi<\/li>\n<li>1973 Hait\u00ed<\/li>\n<li>1974 Rwanda<\/li>\n<li>1978 Nueva Zelanda, Corea<\/li>\n<li>1980 Islas Fidji<\/li>\n<\/ul>\n<h3>Sociedad de san Vicente de Pa\u00fal (Conferencias)<\/h3>\n<p>(Datos suministrados por la Secreta\u00adr\u00eda Internacional de Conferencias).<\/p>\n<ul>\n<li>1833 Francia<\/li>\n<li>1842 B\u00e9lgica, Italia<\/li>\n<li>1844 Inglaterra, Irlanda, M\u00e9jico<\/li>\n<li>1845 Escocia, Alemania, USA, Argel<\/li>\n<li>1846 Turqu\u00eda, Suiza, Canad\u00e1, Holanda<\/li>\n<li>1849 Espa\u00f1a, Austria<\/li>\n<li>1850 Malta<\/li>\n<li>1851 Palestina<\/li>\n<li>1853 Egipto<\/li>\n<li>1854 Luxemburgo, Chile, India, Australia<\/li>\n<li>1855 San Mauricio<\/li>\n<li>1856 Sur Africa<\/li>\n<li>1857 Colombia y Trinidad y Tobago<\/li>\n<li>1858 Cuba, Uruguay, Guyana<\/li>\n<li>1859 Portugal y Argentina<\/li>\n<li>1860 Gibraltar, L\u00edbano, Filipinas<\/li>\n<li>1862 Bahamas<\/li>\n<li>1863 Siria, Chequia y Hong Kong<\/li>\n<li>1864 Ecuador, Argentina<\/li>\n<li>1867 Eslovaquia<\/li>\n<li>1869 Pakist\u00e1n<\/li>\n<li>1872 Brasil<\/li>\n<li>1876 M\u00f3naco, Eslovenia<\/li>\n<li>1877 Nueva Zelanda,<\/li>\n<li>1878 Hait\u00ed<\/li>\n<li>1882 Polonia<\/li>\n<li>1883 Panam\u00e1, Per\u00fa, Singapur<\/li>\n<li>1885 Guatemala, Venezuela<\/li>\n<li>1888 Costa Rica<\/li>\n<li>1894 Paraguay<\/li>\n<li>1897 Nicaragua<\/li>\n<li>1904 Jamaica, Sri Lanka<\/li>\n<li>1905 Benin<\/li>\n<li>1908 Cabo Verde<\/li>\n<li>1910 Santa Lucia<\/li>\n<li>1913 Barbados<\/li>\n<li>1915 Republica Dominicana, Jap\u00f3n<\/li>\n<li>1920 Israel<\/li>\n<li>1923 Grenada<\/li>\n<li>1932 Kenya<\/li>\n<li>1933 Madagascar, Tanzania, Indonesia, Malasia<\/li>\n<li>1935 Mozambique<\/li>\n<li>1937 Angola<\/li>\n<li>1939 Sud\u00e1n<\/li>\n<li>1942 Zaire<\/li>\n<li>1943 Guinea Bissau<\/li>\n<li>1947 Tailandia<\/li>\n<li>1950 Bolivia, Zambia<\/li>\n<li>1952 Costa de Marfil<\/li>\n<li>1955 Bangladesh, Fidji<\/li>\n<li>1956 Ghana<\/li>\n<li>1957 Jordania<\/li>\n<li>1958 Zimbabwe, Uganda<\/li>\n<li>1959 El Salvador<\/li>\n<li>1960 Ruanda, Nigeria, Bostwana<\/li>\n<li>1961 Camer\u00fan, Liberia<\/li>\n<li>1963 Taiwan, Islas Carolinas, Pap\u00faa<\/li>\n<li>1967 Rp. Centroafricana, Samoa<\/li>\n<li>1968 Gambia, Sierra Leona, Malawi<\/li>\n<li>1969 Swazilandia<\/li>\n<li>1972 Burundi<\/li>\n<li>1973 Dominica, Korea<\/li>\n<li>1974 Honduras, Burkina Faso<\/li>\n<li>1975 Etiop\u00eda<\/li>\n<li>1978 Islas Salom\u00f3n<\/li>\n<li>1985 Bahrein<\/li>\n<li>1986 Republica del Congo<\/li>\n<li>1987 Namibia<\/li>\n<li>1988 Antigua<\/li>\n<li>1990 Rumania<\/li>\n<li>1991 Guinea, Vanuatu<\/li>\n<li>1992 Croacia, Hungr\u00eda, Lesotho<\/li>\n<li>1993 Ucrania, Belice, Vietnan<\/li>\n<li>1996 Lituania, Senegal, Erytrea<\/li>\n<li>1999 Bosnia Herzegovina, Camboya<\/li>\n<li>2002 Mali<\/li>\n<li>2003 Serbia Montenegro<\/li>\n<li>2004 Arabia Saudita, Granadinas<\/li>\n<\/ul>\n","protected":false},"excerpt":{"rendered":"<p>Propuesta Mi propuesta para el tema de la misi\u00f3n ad gentes es muy sencilla. El compromiso con \u00abmisiones ad gentes\u00bb, est\u00e1 en los funda\u00admentos de nuestra propia espiritualidad y carisma. Forma parte de nuestro ser. &#8230; <a href=\"http:\/\/vincentians.com\/es\/mision-ad-gentes-en-la-familia-vicenciana\/\" class=\"more-link\">Read More<\/a><\/p>\n","protected":false},"author":4,"featured_media":402733,"comment_status":"open","ping_status":"open","sticky":false,"template":"","format":"standard","meta":{"jetpack_post_was_ever_published":false,"_jetpack_newsletter_access":"","_jetpack_dont_email_post_to_subs":false,"_jetpack_newsletter_tier_id":0,"_jetpack_memberships_contains_paywalled_content":false,"_jetpack_memberships_contains_paid_content":false,"footnotes":"","jetpack_publicize_message":"","jetpack_publicize_feature_enabled":true,"jetpack_social_post_already_shared":true,"jetpack_social_options":{"image_generator_settings":{"template":"highway","default_image_id":0,"font":"","enabled":false},"version":2}},"categories":[201],"tags":[233,168,161,288,176,196,172,147,116],"class_list":["post-120719","post","type-post","status-publish","format-standard","has-post-thumbnail","hentry","category-misiones-ad-gentes","tag-abisinia","tag-argel","tag-etienne","tag-levacher","tag-misiones-populares","tag-perboyre","tag-pobreza","tag-santo-domingo","tag-tunez"],"yoast_head":"<!-- This site is optimized with the Yoast SEO plugin v26.3 - https:\/\/yoast.com\/wordpress\/plugins\/seo\/ -->\n<title>Misi\u00f3n Ad Gentes en la Familia Vicenciana - Somos Vicencianos<\/title>\n<meta name=\"robots\" content=\"index, follow, max-snippet:-1, max-image-preview:large, max-video-preview:-1\" \/>\n<link rel=\"canonical\" href=\"http:\/\/vincentians.com\/es\/mision-ad-gentes-en-la-familia-vicenciana\/\" \/>\n<meta property=\"og:locale\" content=\"es_ES\" \/>\n<meta property=\"og:type\" content=\"article\" \/>\n<meta property=\"og:title\" content=\"Misi\u00f3n Ad Gentes en la Familia Vicenciana - Somos Vicencianos\" \/>\n<meta property=\"og:description\" content=\"Propuesta Mi propuesta para el tema de la misi\u00f3n ad gentes es muy sencilla. El compromiso con \u00abmisiones ad gentes\u00bb, est\u00e1 en los funda\u00admentos de nuestra propia espiritualidad y carisma. Forma parte de nuestro ser. ... Read More\" \/>\n<meta property=\"og:url\" content=\"http:\/\/vincentians.com\/es\/mision-ad-gentes-en-la-familia-vicenciana\/\" \/>\n<meta property=\"og:site_name\" content=\"Somos Vicencianos\" \/>\n<meta property=\"article:publisher\" content=\"https:\/\/www.facebook.com\/WeAreVincentians\/\" \/>\n<meta property=\"article:author\" content=\"https:\/\/www.facebook.com\/JavierChento\" \/>\n<meta property=\"article:published_time\" content=\"2022-10-19T06:26:50+00:00\" \/>\n<meta property=\"og:image\" content=\"https:\/\/i0.wp.com\/vincentians.com\/es\/wp-content\/uploads\/sites\/11\/2015\/02\/St_Vincent_De_Paul_-bible-1.jpg?fit=1200%2C630\" \/>\n\t<meta property=\"og:image:width\" content=\"1200\" \/>\n\t<meta property=\"og:image:height\" content=\"630\" \/>\n\t<meta property=\"og:image:type\" content=\"image\/jpeg\" \/>\n<meta name=\"author\" content=\"Francisco Javier Fern\u00e1ndez Chento\" \/>\n<meta name=\"twitter:card\" content=\"summary_large_image\" \/>\n<meta name=\"twitter:creator\" content=\"@https:\/\/twitter.com\/javierchento\" \/>\n<meta name=\"twitter:site\" content=\"@WeVincentians\" \/>\n<meta name=\"twitter:label1\" content=\"Escrito por\" \/>\n\t<meta name=\"twitter:data1\" content=\"Francisco Javier Fern\u00e1ndez Chento\" \/>\n\t<meta name=\"twitter:label2\" content=\"Tiempo de lectura\" \/>\n\t<meta name=\"twitter:data2\" content=\"29 minutos\" \/>\n<script type=\"application\/ld+json\" class=\"yoast-schema-graph\">{\"@context\":\"https:\/\/schema.org\",\"@graph\":[{\"@type\":\"Article\",\"@id\":\"http:\/\/vincentians.com\/es\/mision-ad-gentes-en-la-familia-vicenciana\/#article\",\"isPartOf\":{\"@id\":\"http:\/\/vincentians.com\/es\/mision-ad-gentes-en-la-familia-vicenciana\/\"},\"author\":{\"name\":\"Francisco Javier Fern\u00e1ndez Chento\",\"@id\":\"https:\/\/vincentians.com\/es\/#\/schema\/person\/9623ef4d9aa3b2dfb8c061f1499288f2\"},\"headline\":\"Misi\u00f3n Ad Gentes en la Familia Vicenciana\",\"datePublished\":\"2022-10-19T06:26:50+00:00\",\"mainEntityOfPage\":{\"@id\":\"http:\/\/vincentians.com\/es\/mision-ad-gentes-en-la-familia-vicenciana\/\"},\"wordCount\":5818,\"commentCount\":0,\"publisher\":{\"@id\":\"https:\/\/vincentians.com\/es\/#organization\"},\"image\":{\"@id\":\"http:\/\/vincentians.com\/es\/mision-ad-gentes-en-la-familia-vicenciana\/#primaryimage\"},\"thumbnailUrl\":\"https:\/\/i0.wp.com\/vincentians.com\/es\/wp-content\/uploads\/sites\/11\/2015\/02\/St_Vincent_De_Paul_-bible-1.jpg?fit=1200%2C630\",\"keywords\":[\"Abisinia\",\"Argel\",\"Etienne\",\"Levacher\",\"Misiones Populares\",\"Perboyre\",\"Pobreza\",\"Santo Domingo\",\"T\u00fanez\"],\"articleSection\":[\"Misiones \u00abAd gentes\u00bb\"],\"inLanguage\":\"es\",\"potentialAction\":[{\"@type\":\"CommentAction\",\"name\":\"Comment\",\"target\":[\"http:\/\/vincentians.com\/es\/mision-ad-gentes-en-la-familia-vicenciana\/#respond\"]}]},{\"@type\":\"WebPage\",\"@id\":\"http:\/\/vincentians.com\/es\/mision-ad-gentes-en-la-familia-vicenciana\/\",\"url\":\"http:\/\/vincentians.com\/es\/mision-ad-gentes-en-la-familia-vicenciana\/\",\"name\":\"Misi\u00f3n Ad Gentes en la Familia Vicenciana - Somos Vicencianos\",\"isPartOf\":{\"@id\":\"https:\/\/vincentians.com\/es\/#website\"},\"primaryImageOfPage\":{\"@id\":\"http:\/\/vincentians.com\/es\/mision-ad-gentes-en-la-familia-vicenciana\/#primaryimage\"},\"image\":{\"@id\":\"http:\/\/vincentians.com\/es\/mision-ad-gentes-en-la-familia-vicenciana\/#primaryimage\"},\"thumbnailUrl\":\"https:\/\/i0.wp.com\/vincentians.com\/es\/wp-content\/uploads\/sites\/11\/2015\/02\/St_Vincent_De_Paul_-bible-1.jpg?fit=1200%2C630\",\"datePublished\":\"2022-10-19T06:26:50+00:00\",\"breadcrumb\":{\"@id\":\"http:\/\/vincentians.com\/es\/mision-ad-gentes-en-la-familia-vicenciana\/#breadcrumb\"},\"inLanguage\":\"es\",\"potentialAction\":[{\"@type\":\"ReadAction\",\"target\":[\"http:\/\/vincentians.com\/es\/mision-ad-gentes-en-la-familia-vicenciana\/\"]}]},{\"@type\":\"ImageObject\",\"inLanguage\":\"es\",\"@id\":\"http:\/\/vincentians.com\/es\/mision-ad-gentes-en-la-familia-vicenciana\/#primaryimage\",\"url\":\"https:\/\/i0.wp.com\/vincentians.com\/es\/wp-content\/uploads\/sites\/11\/2015\/02\/St_Vincent_De_Paul_-bible-1.jpg?fit=1200%2C630\",\"contentUrl\":\"https:\/\/i0.wp.com\/vincentians.com\/es\/wp-content\/uploads\/sites\/11\/2015\/02\/St_Vincent_De_Paul_-bible-1.jpg?fit=1200%2C630\",\"width\":1200,\"height\":630},{\"@type\":\"BreadcrumbList\",\"@id\":\"http:\/\/vincentians.com\/es\/mision-ad-gentes-en-la-familia-vicenciana\/#breadcrumb\",\"itemListElement\":[{\"@type\":\"ListItem\",\"position\":1,\"name\":\"Portada\",\"item\":\"https:\/\/vincentians.com\/es\/\"},{\"@type\":\"ListItem\",\"position\":2,\"name\":\"Misi\u00f3n Ad Gentes en la Familia Vicenciana\"}]},{\"@type\":\"WebSite\",\"@id\":\"https:\/\/vincentians.com\/es\/#website\",\"url\":\"https:\/\/vincentians.com\/es\/\",\"name\":\"Somos Vicencianos\",\"description\":\"Know more to serve more\",\"publisher\":{\"@id\":\"https:\/\/vincentians.com\/es\/#organization\"},\"potentialAction\":[{\"@type\":\"SearchAction\",\"target\":{\"@type\":\"EntryPoint\",\"urlTemplate\":\"https:\/\/vincentians.com\/es\/?s={search_term_string}\"},\"query-input\":{\"@type\":\"PropertyValueSpecification\",\"valueRequired\":true,\"valueName\":\"search_term_string\"}}],\"inLanguage\":\"es\"},{\"@type\":\"Organization\",\"@id\":\"https:\/\/vincentians.com\/es\/#organization\",\"name\":\"The Vincentian Network\",\"url\":\"https:\/\/vincentians.com\/es\/\",\"logo\":{\"@type\":\"ImageObject\",\"inLanguage\":\"es\",\"@id\":\"https:\/\/vincentians.com\/es\/#\/schema\/logo\/image\/\",\"url\":\"https:\/\/i1.wp.com\/vincentians.com\/es\/wp-content\/uploads\/sites\/11\/2016\/06\/Vincentian-Network-logo-big.png?fit=778%2C778\",\"contentUrl\":\"https:\/\/i1.wp.com\/vincentians.com\/es\/wp-content\/uploads\/sites\/11\/2016\/06\/Vincentian-Network-logo-big.png?fit=778%2C778\",\"width\":778,\"height\":778,\"caption\":\"The Vincentian Network\"},\"image\":{\"@id\":\"https:\/\/vincentians.com\/es\/#\/schema\/logo\/image\/\"},\"sameAs\":[\"https:\/\/www.facebook.com\/WeAreVincentians\/\",\"https:\/\/x.com\/WeVincentians\"]},{\"@type\":\"Person\",\"@id\":\"https:\/\/vincentians.com\/es\/#\/schema\/person\/9623ef4d9aa3b2dfb8c061f1499288f2\",\"name\":\"Francisco Javier Fern\u00e1ndez Chento\",\"image\":{\"@type\":\"ImageObject\",\"inLanguage\":\"es\",\"@id\":\"https:\/\/vincentians.com\/es\/#\/schema\/person\/image\/\",\"url\":\"https:\/\/secure.gravatar.com\/avatar\/497d5cde87b4c3d097d0315953521681ba2cd523ee66e5077c3711f7021e65de?s=96&d=mm&r=g\",\"contentUrl\":\"https:\/\/secure.gravatar.com\/avatar\/497d5cde87b4c3d097d0315953521681ba2cd523ee66e5077c3711f7021e65de?s=96&d=mm&r=g\",\"caption\":\"Francisco Javier Fern\u00e1ndez Chento\"},\"description\":\"Director General y cofundador de La Red de Formaci\u00f3n Vicenciana. Javier es laico vicenciano, afiliado a la Congregaci\u00f3n de la Misi\u00f3n y miembro del Equipo de Misiones Populares de la provincia can\u00f3nica de Zaragoza (Espa\u00f1a) de la Congregaci\u00f3n de la Misi\u00f3n. Graduado en la Universidad Oberta de Catalunya con cuatro grados (Asistente de direcci\u00f3n, Gesti\u00f3n Administrativa, Recursos Humanos y Contabilidad Avanzada). Bil\u00edng\u00fce Espa\u00f1ol\/Ingl\u00e9s. gestiona y mantiene varias p\u00e1ginas web cristianas y vicencianas, incluida including La Red de Formaci\u00f3n Vicenciana, de la que es cofundador. Actualmente es responsable del \u00e1rea de Espa\u00f1ol de .famvin, la Red de Noticias de la Familia Vicenciana. Tambi\u00e9n es m\u00fasico cat\u00f3lico y ha editado varios discos. Es Director General y cofundador de Trovador, una reconocida compa\u00f1\u00eda discogr\u00e1fica critiana de Espa\u00f1a. Trabaja en las Tecnolog\u00edas de la Informaci\u00f3n, ofreciendo servicios de alojamiento, dise\u00f1o y mantenimiento Web, as\u00ed como asesoramiento, formaci\u00f3n y soluciones inform\u00e1ticas, gesti\u00f3n documental y digitalizaci\u00f3n de textos, edici\u00f3n y maquetaci\u00f3n de libros, revistas, flyers, etc.\",\"sameAs\":[\"http:\/\/chento.org\",\"https:\/\/www.facebook.com\/JavierChento\",\"https:\/\/x.com\/https:\/\/twitter.com\/javierchento\"],\"url\":\"http:\/\/vincentians.com\/es\/author\/chento\/\"}]}<\/script>\n<!-- \/ Yoast SEO plugin. -->","yoast_head_json":{"title":"Misi\u00f3n Ad Gentes en la Familia Vicenciana - Somos Vicencianos","robots":{"index":"index","follow":"follow","max-snippet":"max-snippet:-1","max-image-preview":"max-image-preview:large","max-video-preview":"max-video-preview:-1"},"canonical":"http:\/\/vincentians.com\/es\/mision-ad-gentes-en-la-familia-vicenciana\/","og_locale":"es_ES","og_type":"article","og_title":"Misi\u00f3n Ad Gentes en la Familia Vicenciana - Somos Vicencianos","og_description":"Propuesta Mi propuesta para el tema de la misi\u00f3n ad gentes es muy sencilla. El compromiso con \u00abmisiones ad gentes\u00bb, est\u00e1 en los funda\u00admentos de nuestra propia espiritualidad y carisma. Forma parte de nuestro ser. ... Read More","og_url":"http:\/\/vincentians.com\/es\/mision-ad-gentes-en-la-familia-vicenciana\/","og_site_name":"Somos Vicencianos","article_publisher":"https:\/\/www.facebook.com\/WeAreVincentians\/","article_author":"https:\/\/www.facebook.com\/JavierChento","article_published_time":"2022-10-19T06:26:50+00:00","og_image":[{"width":1200,"height":630,"url":"https:\/\/i0.wp.com\/vincentians.com\/es\/wp-content\/uploads\/sites\/11\/2015\/02\/St_Vincent_De_Paul_-bible-1.jpg?fit=1200%2C630","type":"image\/jpeg"}],"author":"Francisco Javier Fern\u00e1ndez Chento","twitter_card":"summary_large_image","twitter_creator":"@https:\/\/twitter.com\/javierchento","twitter_site":"@WeVincentians","twitter_misc":{"Escrito por":"Francisco Javier Fern\u00e1ndez Chento","Tiempo de lectura":"29 minutos"},"schema":{"@context":"https:\/\/schema.org","@graph":[{"@type":"Article","@id":"http:\/\/vincentians.com\/es\/mision-ad-gentes-en-la-familia-vicenciana\/#article","isPartOf":{"@id":"http:\/\/vincentians.com\/es\/mision-ad-gentes-en-la-familia-vicenciana\/"},"author":{"name":"Francisco Javier Fern\u00e1ndez Chento","@id":"https:\/\/vincentians.com\/es\/#\/schema\/person\/9623ef4d9aa3b2dfb8c061f1499288f2"},"headline":"Misi\u00f3n Ad Gentes en la Familia Vicenciana","datePublished":"2022-10-19T06:26:50+00:00","mainEntityOfPage":{"@id":"http:\/\/vincentians.com\/es\/mision-ad-gentes-en-la-familia-vicenciana\/"},"wordCount":5818,"commentCount":0,"publisher":{"@id":"https:\/\/vincentians.com\/es\/#organization"},"image":{"@id":"http:\/\/vincentians.com\/es\/mision-ad-gentes-en-la-familia-vicenciana\/#primaryimage"},"thumbnailUrl":"https:\/\/i0.wp.com\/vincentians.com\/es\/wp-content\/uploads\/sites\/11\/2015\/02\/St_Vincent_De_Paul_-bible-1.jpg?fit=1200%2C630","keywords":["Abisinia","Argel","Etienne","Levacher","Misiones Populares","Perboyre","Pobreza","Santo Domingo","T\u00fanez"],"articleSection":["Misiones \u00abAd gentes\u00bb"],"inLanguage":"es","potentialAction":[{"@type":"CommentAction","name":"Comment","target":["http:\/\/vincentians.com\/es\/mision-ad-gentes-en-la-familia-vicenciana\/#respond"]}]},{"@type":"WebPage","@id":"http:\/\/vincentians.com\/es\/mision-ad-gentes-en-la-familia-vicenciana\/","url":"http:\/\/vincentians.com\/es\/mision-ad-gentes-en-la-familia-vicenciana\/","name":"Misi\u00f3n Ad Gentes en la Familia Vicenciana - Somos Vicencianos","isPartOf":{"@id":"https:\/\/vincentians.com\/es\/#website"},"primaryImageOfPage":{"@id":"http:\/\/vincentians.com\/es\/mision-ad-gentes-en-la-familia-vicenciana\/#primaryimage"},"image":{"@id":"http:\/\/vincentians.com\/es\/mision-ad-gentes-en-la-familia-vicenciana\/#primaryimage"},"thumbnailUrl":"https:\/\/i0.wp.com\/vincentians.com\/es\/wp-content\/uploads\/sites\/11\/2015\/02\/St_Vincent_De_Paul_-bible-1.jpg?fit=1200%2C630","datePublished":"2022-10-19T06:26:50+00:00","breadcrumb":{"@id":"http:\/\/vincentians.com\/es\/mision-ad-gentes-en-la-familia-vicenciana\/#breadcrumb"},"inLanguage":"es","potentialAction":[{"@type":"ReadAction","target":["http:\/\/vincentians.com\/es\/mision-ad-gentes-en-la-familia-vicenciana\/"]}]},{"@type":"ImageObject","inLanguage":"es","@id":"http:\/\/vincentians.com\/es\/mision-ad-gentes-en-la-familia-vicenciana\/#primaryimage","url":"https:\/\/i0.wp.com\/vincentians.com\/es\/wp-content\/uploads\/sites\/11\/2015\/02\/St_Vincent_De_Paul_-bible-1.jpg?fit=1200%2C630","contentUrl":"https:\/\/i0.wp.com\/vincentians.com\/es\/wp-content\/uploads\/sites\/11\/2015\/02\/St_Vincent_De_Paul_-bible-1.jpg?fit=1200%2C630","width":1200,"height":630},{"@type":"BreadcrumbList","@id":"http:\/\/vincentians.com\/es\/mision-ad-gentes-en-la-familia-vicenciana\/#breadcrumb","itemListElement":[{"@type":"ListItem","position":1,"name":"Portada","item":"https:\/\/vincentians.com\/es\/"},{"@type":"ListItem","position":2,"name":"Misi\u00f3n Ad Gentes en la Familia Vicenciana"}]},{"@type":"WebSite","@id":"https:\/\/vincentians.com\/es\/#website","url":"https:\/\/vincentians.com\/es\/","name":"Somos Vicencianos","description":"Know more to serve more","publisher":{"@id":"https:\/\/vincentians.com\/es\/#organization"},"potentialAction":[{"@type":"SearchAction","target":{"@type":"EntryPoint","urlTemplate":"https:\/\/vincentians.com\/es\/?s={search_term_string}"},"query-input":{"@type":"PropertyValueSpecification","valueRequired":true,"valueName":"search_term_string"}}],"inLanguage":"es"},{"@type":"Organization","@id":"https:\/\/vincentians.com\/es\/#organization","name":"The Vincentian Network","url":"https:\/\/vincentians.com\/es\/","logo":{"@type":"ImageObject","inLanguage":"es","@id":"https:\/\/vincentians.com\/es\/#\/schema\/logo\/image\/","url":"https:\/\/i1.wp.com\/vincentians.com\/es\/wp-content\/uploads\/sites\/11\/2016\/06\/Vincentian-Network-logo-big.png?fit=778%2C778","contentUrl":"https:\/\/i1.wp.com\/vincentians.com\/es\/wp-content\/uploads\/sites\/11\/2016\/06\/Vincentian-Network-logo-big.png?fit=778%2C778","width":778,"height":778,"caption":"The Vincentian Network"},"image":{"@id":"https:\/\/vincentians.com\/es\/#\/schema\/logo\/image\/"},"sameAs":["https:\/\/www.facebook.com\/WeAreVincentians\/","https:\/\/x.com\/WeVincentians"]},{"@type":"Person","@id":"https:\/\/vincentians.com\/es\/#\/schema\/person\/9623ef4d9aa3b2dfb8c061f1499288f2","name":"Francisco Javier Fern\u00e1ndez Chento","image":{"@type":"ImageObject","inLanguage":"es","@id":"https:\/\/vincentians.com\/es\/#\/schema\/person\/image\/","url":"https:\/\/secure.gravatar.com\/avatar\/497d5cde87b4c3d097d0315953521681ba2cd523ee66e5077c3711f7021e65de?s=96&d=mm&r=g","contentUrl":"https:\/\/secure.gravatar.com\/avatar\/497d5cde87b4c3d097d0315953521681ba2cd523ee66e5077c3711f7021e65de?s=96&d=mm&r=g","caption":"Francisco Javier Fern\u00e1ndez Chento"},"description":"Director General y cofundador de La Red de Formaci\u00f3n Vicenciana. Javier es laico vicenciano, afiliado a la Congregaci\u00f3n de la Misi\u00f3n y miembro del Equipo de Misiones Populares de la provincia can\u00f3nica de Zaragoza (Espa\u00f1a) de la Congregaci\u00f3n de la Misi\u00f3n. Graduado en la Universidad Oberta de Catalunya con cuatro grados (Asistente de direcci\u00f3n, Gesti\u00f3n Administrativa, Recursos Humanos y Contabilidad Avanzada). Bil\u00edng\u00fce Espa\u00f1ol\/Ingl\u00e9s. gestiona y mantiene varias p\u00e1ginas web cristianas y vicencianas, incluida including La Red de Formaci\u00f3n Vicenciana, de la que es cofundador. Actualmente es responsable del \u00e1rea de Espa\u00f1ol de .famvin, la Red de Noticias de la Familia Vicenciana. Tambi\u00e9n es m\u00fasico cat\u00f3lico y ha editado varios discos. Es Director General y cofundador de Trovador, una reconocida compa\u00f1\u00eda discogr\u00e1fica critiana de Espa\u00f1a. Trabaja en las Tecnolog\u00edas de la Informaci\u00f3n, ofreciendo servicios de alojamiento, dise\u00f1o y mantenimiento Web, as\u00ed como asesoramiento, formaci\u00f3n y soluciones inform\u00e1ticas, gesti\u00f3n documental y digitalizaci\u00f3n de textos, edici\u00f3n y maquetaci\u00f3n de libros, revistas, flyers, etc.","sameAs":["http:\/\/chento.org","https:\/\/www.facebook.com\/JavierChento","https:\/\/x.com\/https:\/\/twitter.com\/javierchento"],"url":"http:\/\/vincentians.com\/es\/author\/chento\/"}]}},"jetpack_publicize_connections":[],"jetpack_featured_media_url":"https:\/\/i0.wp.com\/vincentians.com\/es\/wp-content\/uploads\/sites\/11\/2015\/02\/St_Vincent_De_Paul_-bible-1.jpg?fit=1200%2C630","jetpack_sharing_enabled":true,"jetpack_shortlink":"https:\/\/wp.me\/p7ETMF-vp5","jetpack-related-posts":[{"id":117943,"url":"http:\/\/vincentians.com\/es\/entrevista-a-asuncion-gascon\/","url_meta":{"origin":120719,"position":0},"title":"Entrevista a Asunci\u00f3n Gasc\u00f3n, misionera seglar","author":"Francisco Javier Fern\u00e1ndez Chento","date":"28\/02\/2013","format":false,"excerpt":"Asun es laica y desde hace casi 30 a\u00f1os dedica su vida al trabajo misionero, fundamentalmente en las Misiones Populares Vicencianas en Espa\u00f1a (en el Equipo de Misiones Populares de los Pa\u00fales de Zaragoza). Tambi\u00e9n ha realizado esta labor en otros pa\u00edses. Esta entrevista fue emitida por el programa \"Vidas\u2026","rel":"","context":"En \u00abMisiones \u00abAd gentes\u00bb\u00bb","block_context":{"text":"Misiones \u00abAd gentes\u00bb","link":"http:\/\/vincentians.com\/es\/category\/servicios-y-ministerios\/misiones-ad-gentes\/"},"img":{"alt_text":"","src":"https:\/\/i0.wp.com\/img.youtube.com\/vi\/dpagf2j9EK8\/0.jpg?resize=350%2C200","width":350,"height":200},"classes":[]},{"id":136778,"url":"http:\/\/vincentians.com\/es\/enviados-ad-gentes\/","url_meta":{"origin":120719,"position":1},"title":"Enviados \u00abAd Gentes\u00bb","author":"Francisco Javier Fern\u00e1ndez Chento","date":"07\/02\/2015","format":false,"excerpt":"\u00abSabed que vamos a dedi\u00adcarnos a los paganos. As\u00ed \u00adnos lo ha mandado el Se\u00f1or: Yo te har\u00e9 luz de las naciones, para que lleves la salvaci\u00f3n hasta el extremo \u00adde la tierra\u00bb. (Hch 13,47). \u00abEntre las obras de apostolado de la Congregaci\u00f3n ocupan un lugar destacado las Misiones \u00abad\u2026","rel":"","context":"En \u00abEspiritualidad vicenciana\u00bb","block_context":{"text":"Espiritualidad vicenciana","link":"http:\/\/vincentians.com\/es\/category\/espiritualidad\/espiritualidad-vicenciana\/"},"img":{"alt_text":"mision_ad_gentes","src":"https:\/\/i0.wp.com\/vicencianos.org\/wp-content\/2013\/05\/mision_ad_gentes-300x225.jpg?resize=350%2C200","width":350,"height":200},"classes":[]},{"id":127199,"url":"http:\/\/vincentians.com\/es\/misioneros-vicencianos-con-dios-entre-los-mas-pobres\/","url_meta":{"origin":120719,"position":2},"title":"Misioneros Vicencianos: con Dios entre los m\u00e1s pobres","author":"Francisco Javier Fern\u00e1ndez Chento","date":"15\/01\/2024","format":false,"excerpt":"Bajo la denominaci\u00f3n de Misioneros Vicencianos se hace referencia en este art\u00edculo al carisma misionero de los Padres Pa\u00fales, Hijas de la Caridad y Misioneros Seglares Vicencianos. Una galer\u00eda de hombres y mujeres de talla excepcional que se encuentran all\u00ed donde m\u00e1s se les necesita \u2013entre los perseguidos, hu\u00e9rfanos, hambrientos,\u2026","rel":"","context":"En \u00abMisiones \u00abAd gentes\u00bb\u00bb","block_context":{"text":"Misiones \u00abAd gentes\u00bb","link":"http:\/\/vincentians.com\/es\/category\/servicios-y-ministerios\/misiones-ad-gentes\/"},"img":{"alt_text":"","src":"https:\/\/i0.wp.com\/vincentians.com\/es\/wp-content\/uploads\/sites\/11\/2016\/09\/enviados-evangelizar-pobres.jpg?fit=1200%2C630&resize=350%2C200","width":350,"height":200,"srcset":"https:\/\/i0.wp.com\/vincentians.com\/es\/wp-content\/uploads\/sites\/11\/2016\/09\/enviados-evangelizar-pobres.jpg?fit=1200%2C630&resize=350%2C200 1x, https:\/\/i0.wp.com\/vincentians.com\/es\/wp-content\/uploads\/sites\/11\/2016\/09\/enviados-evangelizar-pobres.jpg?fit=1200%2C630&resize=525%2C300 1.5x, https:\/\/i0.wp.com\/vincentians.com\/es\/wp-content\/uploads\/sites\/11\/2016\/09\/enviados-evangelizar-pobres.jpg?fit=1200%2C630&resize=700%2C400 2x, https:\/\/i0.wp.com\/vincentians.com\/es\/wp-content\/uploads\/sites\/11\/2016\/09\/enviados-evangelizar-pobres.jpg?fit=1200%2C630&resize=1050%2C600 3x"},"classes":[]},{"id":132875,"url":"http:\/\/vincentians.com\/es\/estatutos-de-misevi-en-colombia\/","url_meta":{"origin":120719,"position":3},"title":"Estatutos de MISEVI en Colombia","author":"Francisco Javier Fern\u00e1ndez Chento","date":"17\/12\/2014","format":false,"excerpt":"CONREGAZIONE DELLA MISSIONE Cuna Generaiizia Roma 27 de abril 2005 Padre Gabriel NARANJO SALAZAR, CM Visitador Bogot\u00e1 Querido Gabriel: \u00a1Que la gracia y la paz del Se\u00f1or Jesucristo llenen tu coraz\u00f3n ahora y siempre! Por medio de la presente quiero felicitarte a Ti y en tu nombre, a los miembros\u2026","rel":"","context":"En \u00abDocumentos de Misioneros Seglares Vicencianos\u00bb","block_context":{"text":"Documentos de Misioneros Seglares Vicencianos","link":"http:\/\/vincentians.com\/es\/category\/formacion-vicenciana\/documentos-oficiales-de-la-familia-vicenciana\/documentos-de-misioneros-seglares-vicencianos\/"},"img":{"alt_text":"misevi_colombia","src":"https:\/\/i0.wp.com\/vicencianos.org\/wp-content\/2014\/12\/misevi_colombia-175x300.jpg?resize=350%2C200","width":350,"height":200},"classes":[]},{"id":114096,"url":"http:\/\/vincentians.com\/es\/los-misioneros-paules-de-la-provincia-de-zaragoza-estrenan-web-de-misiones-populares\/","url_meta":{"origin":120719,"position":4},"title":"Los Misioneros Pa\u00fales de la Provincia de Zaragoza estrenan Web de Misiones Populares","author":"Francisco Javier Fern\u00e1ndez Chento","date":"25\/10\/2012","format":false,"excerpt":"Con el inicio del nuevo curso, el equipo de Misiones Populares de la Provincia Can\u00f3nica de Zaragoza estrena, tambi\u00e9n, una p\u00e1gina web espec\u00edfica en donde se podr\u00e1 ir siguiendo la vida diaria de las misiones populares que realizan. La direcci\u00f3n de la p\u00e1gina es: http:\/\/misiones-populares.es Con el tiempo y poco\u2026","rel":"","context":"En \u00abMisiones \u00abAd gentes\u00bb\u00bb","block_context":{"text":"Misiones \u00abAd gentes\u00bb","link":"http:\/\/vincentians.com\/es\/category\/servicios-y-ministerios\/misiones-ad-gentes\/"},"img":{"alt_text":"","src":"https:\/\/i0.wp.com\/vicencianos.org\/wp-content\/2012\/10\/web_misiones-300x234.jpg?resize=350%2C200","width":350,"height":200},"classes":[]},{"id":40114,"url":"http:\/\/vincentians.com\/es\/las-provincias-europeas-de-la-c-m-y-la-mision-ad-gentes\/","url_meta":{"origin":120719,"position":5},"title":"Las provincias europeas de la C.M. y la misi\u00f3n \u201cad gentes\u201d","author":"Francisco Javier Fern\u00e1ndez Chento","date":"22\/10\/2020","format":false,"excerpt":"Este n\u00famero de Vincentiana trata de ofrecer a los lectores algunas pinceladas sobre las provincias europeas de la C. M. El comit\u00e9 responsable de la revista me pidi\u00f3 que escribiera un art\u00edculo sobre la misi\u00f3n \"ad gentes\", impulsada en el pasado y en la actualidad por las provincias del viejo\u2026","rel":"","context":"En \u00abCongregaci\u00f3n de la Misi\u00f3n\u00bb","block_context":{"text":"Congregaci\u00f3n de la Misi\u00f3n","link":"http:\/\/vincentians.com\/es\/category\/la-familia-vicenciana\/ramas\/congregacion-de-la-mision\/"},"img":{"alt_text":"","src":"https:\/\/i0.wp.com\/vincentians.com\/es\/wp-content\/uploads\/sites\/11\/2016\/10\/ranquines.jpg?fit=1200%2C630&resize=350%2C200","width":350,"height":200,"srcset":"https:\/\/i0.wp.com\/vincentians.com\/es\/wp-content\/uploads\/sites\/11\/2016\/10\/ranquines.jpg?fit=1200%2C630&resize=350%2C200 1x, https:\/\/i0.wp.com\/vincentians.com\/es\/wp-content\/uploads\/sites\/11\/2016\/10\/ranquines.jpg?fit=1200%2C630&resize=525%2C300 1.5x, https:\/\/i0.wp.com\/vincentians.com\/es\/wp-content\/uploads\/sites\/11\/2016\/10\/ranquines.jpg?fit=1200%2C630&resize=700%2C400 2x, https:\/\/i0.wp.com\/vincentians.com\/es\/wp-content\/uploads\/sites\/11\/2016\/10\/ranquines.jpg?fit=1200%2C630&resize=1050%2C600 3x"},"classes":[]}],"_links":{"self":[{"href":"http:\/\/vincentians.com\/es\/wp-json\/wp\/v2\/posts\/120719","targetHints":{"allow":["GET"]}}],"collection":[{"href":"http:\/\/vincentians.com\/es\/wp-json\/wp\/v2\/posts"}],"about":[{"href":"http:\/\/vincentians.com\/es\/wp-json\/wp\/v2\/types\/post"}],"author":[{"embeddable":true,"href":"http:\/\/vincentians.com\/es\/wp-json\/wp\/v2\/users\/4"}],"replies":[{"embeddable":true,"href":"http:\/\/vincentians.com\/es\/wp-json\/wp\/v2\/comments?post=120719"}],"version-history":[{"count":1,"href":"http:\/\/vincentians.com\/es\/wp-json\/wp\/v2\/posts\/120719\/revisions"}],"predecessor-version":[{"id":404403,"href":"http:\/\/vincentians.com\/es\/wp-json\/wp\/v2\/posts\/120719\/revisions\/404403"}],"wp:featuredmedia":[{"embeddable":true,"href":"http:\/\/vincentians.com\/es\/wp-json\/wp\/v2\/media\/402733"}],"wp:attachment":[{"href":"http:\/\/vincentians.com\/es\/wp-json\/wp\/v2\/media?parent=120719"}],"wp:term":[{"taxonomy":"category","embeddable":true,"href":"http:\/\/vincentians.com\/es\/wp-json\/wp\/v2\/categories?post=120719"},{"taxonomy":"post_tag","embeddable":true,"href":"http:\/\/vincentians.com\/es\/wp-json\/wp\/v2\/tags?post=120719"}],"curies":[{"name":"wp","href":"https:\/\/api.w.org\/{rel}","templated":true}]}}