{"id":120618,"date":"2022-09-15T08:26:49","date_gmt":"2022-09-15T06:26:49","guid":{"rendered":"http:\/\/somos.vicencianos.org\/?p=120618"},"modified":"2022-08-09T20:38:52","modified_gmt":"2022-08-09T18:38:52","slug":"pastoral-de-la-familia-un-reto-en-un-mundo-de-deterioro-familiar","status":"publish","type":"post","link":"http:\/\/vincentians.com\/es\/pastoral-de-la-familia-un-reto-en-un-mundo-de-deterioro-familiar\/","title":{"rendered":"Pastoral de la familia, un reto en un mundo de deterioro familiar"},"content":{"rendered":"<p style=\"padding-left: 30px\">\u00abEl mensaje evang\u00e9lico sobre la familia est\u00e1 hoy en el centro de una atenci\u00f3n decisiva para la existencia cristiana y la nueva evangelizaci\u00f3n&#8230; Anunciar ese proyecto divino en su plenitud y autenticidad abre el camino a una verdadera promoci\u00f3n humana y cristiana\u00bb (JUAN PABLO II, 23.3.92).<\/p>\n<p style=\"padding-left: 30px\">\u00abLa pastoral familiar no puede limitarse a una actitud meramen\u00adte protectora, debe ser previsora, audaz y positiva. Ha de discer\u00adnir con sabidur\u00eda evang\u00e9lica los retos que los cambios cultura\u00adles plantean a la familia. Ha de denunciar las violaciones contra la justicia y la dignidad de la familia. Ha de acompa\u00f1ar a las familias en los sectores m\u00e1s pobres, rurales y urbanos, promo\u00adviendo la solidaridad\u00bb (Documento de Santo Domingo, 222).<\/p>\n<p style=\"padding-left: 30px\">\u00abPor eso, hab\u00e9is hecho bien en tomar como punto prioritario de vuestro compromiso la atenci\u00f3n a las familias, tanto a las que se est\u00e1n formando como a las ya formadas, que quiz\u00e1 atraviesan dificultades. La familia que, en el \u00e1mbito natural es la c\u00e9lula de la sociedad, en el sobrenatural es escuela fundamental de forma\u00adci\u00f3n cristiana. Con raz\u00f3n el Concilio Vaticano II la present\u00f3 como &#8216;iglesia dom\u00e9stica&#8217;, afirmando que en ella \u00ablos padres han de ser para sus hijos los primeros anunciadores de la fe con su palabra y con su ejemplo, y han de favorecer la vocaci\u00f3n perso\u00adnal de cada uno y, con cuidado especial, la vocaci\u00f3n a la vida consagrada\u00bb (LG 11)\u00bb (BENEDICTO XVI, <i>Discurso a los obispos de la Rep\u00fablica checa en &#8216;visita ad limina&#8217;, <\/i>18.11.2005).<\/p>\n<h2>Introducci\u00f3n<\/h2>\n<h3>1. La familia, realidad humana y realidad de salvaci\u00f3n<\/h3>\n<h4><i>a.\u00a0 <\/i><i>Realidad humana<\/i><\/h4>\n<p>\u00abLa familia constituye, m\u00e1s que una unidad jur\u00eddica, social y econ\u00f3mica, una comunidad de amor y de solidaridad, insustitui\u00adble para la ense\u00f1anza y transmisi\u00f3n de los valores culturales, \u00e9ti\u00adcos, sociales, espirituales y religiosos, esenciales para el desarro\u00adllo y bienestar de sus miembros y de la sociedad; la familia es el lugar donde se encuentran diferentes generaciones y donde se ayudan mutuamente a crecer en sabidur\u00eda humana y a armonizar los derechos individuales con las dem\u00e1s exigencias de la vida social\u00bb (SANTA SEDE, <i>Carta de los Derechos de la Familia, <\/i>E, F).<\/p>\n<p>La familia, aunque tenga su origen en el designio salvador de Dios, es una realidad humana que goza de propia autonom\u00eda. La Iglesia no la ha inventado ni puede acapararla. Hay, pues, un margen para las actuaciones sobre la familia por parte de la sociedad civil.<\/p>\n<p>Ahora bien, si el camino de la Iglesia es el hombre (cfr. JUAN PABLO II, RH 14), entre los numerosos caminos por los que la Iglesia se acerca al hombre, el primero y el m\u00e1s importante es el camino de la familia (cfr. JUAN PABLO II, CF 2). Cuando nos dirigimos al hombre hemos de tener en cuenta el h\u00e1bitat que lo configura, esto es, la familia, porque de lo contrario la semilla del Evangelio no puede echar ra\u00edces en \u00e9l. La familia es la c\u00e9lula fun\u00addamental de la sociedad, cuna de la vida y del amor en la que el hombre nace y crece. Por tanto se ha de reservar a esta comunidad por parte de la sociedad y de la Iglesia una solicitud privilegiada.<\/p>\n<h4><i>b.\u00a0 <\/i><i>Realidad de salvaci\u00f3n<\/i><\/h4>\n<p>La familia es una realidad humana que puede ser vivida &#8216;en el Se\u00f1or&#8217;. Esta posibilidad se sustenta en que la Iglesia realiza su misi\u00f3n encarnada en las realidades temporales y una de ellas, no precisamente de importancia menor, es la familia. Ni la doctrina ni la acci\u00f3n pastoral de la Iglesia son abstractas ni se realizan en el vac\u00edo. La insistencia de la Iglesia en anunciar p\u00fablicamente y convertir en socialmente eficaz su doctrina acerca del matrimo\u00adnio y de la familia no es, pues, ninguna intromisi\u00f3n indebida en un \u00e1mbito que le es ajeno. El futuro de la sociedad y de la Igle\u00adsia se juega en la familia. Benedicto XVI, conversando con los sacerdotes y di\u00e1conos de Roma, les dec\u00eda:\u00bbSin la confianza en Dios, sin la confianza en Cristo, que nos da tambi\u00e9n la capacidad de la fe y de la vida, la familia no puede sobrevivir. Lo vemos hoy. S\u00f3lo la fe en Cristo, s\u00f3lo la participaci\u00f3n en la fe de la Igle\u00adsia salva a la familia; y, por otra parte, la Iglesia s\u00f3lo puede vivir si se salva la familia. Yo ahora no tengo la receta de c\u00f3mo se puede hacer esto. Pero creo que debemos tenerlo siempre presen\u00adte. Por eso, tenemos que hacer todo lo que favorezca la familia: c\u00edrculos familiares, catequesis familiares, ense\u00f1ar la oraci\u00f3n en familia. Esto es muy importante: donde se hace oraci\u00f3n juntos, est\u00e1 presente el Se\u00f1or, est\u00e1 presente la fuerza que puede romper incluso la &#8216;esclerocard\u00eda&#8217;, la dureza del coraz\u00f3n que, seg\u00fan el Se\u00f1or, es el verdadero motivo del divorcio. S\u00f3lo la presencia del Se\u00f1or, y nada m\u00e1s, nos ayuda a vivir realmente lo que desde el inicio el Creador quiso y el Redentor renov\u00f3. Ense\u00f1ar la oraci\u00f3n en familia y as\u00ed invitar a la oraci\u00f3n con la Iglesia<span id='easy-footnote-1-120618' class='easy-footnote-margin-adjust'><\/span><span class='easy-footnote'><a href='http:\/\/vincentians.com\/es\/pastoral-de-la-familia-un-reto-en-un-mundo-de-deterioro-familiar\/#easy-footnote-bottom-1-120618' title='BENEDICTO XVI, &lt;i&gt;Encuentro con los sacerdotes y di\u00e1conos de la di\u00f3cesis de Roma, &lt;\/i&gt;2.3.2006.'><sup>1<\/sup><\/a><\/span>.<\/p>\n<p>Dentro de la visi\u00f3n cristiana de la familia como realidad de salvaci\u00f3n destacamos:<\/p>\n<ul>\n<li>el sacramento del matrimonio como fundamento de la vida familiar: la familia cristiana queda constituida por \u00e9l en revelaci\u00f3n de la ternura y fidelidad del amor de Dios a los hombres. M\u00e1s a\u00fan, no s\u00f3lo lo revela, sino que lo hace pre\u00adsente. Haci\u00e9ndose un poco m\u00e1s felices cada d\u00eda el uno al otro, los esposos vienen convocados a encontrar juntos en el amor de Dios la felicidad plena que ans\u00edan.<\/li>\n<li>la familia como &#8216;Iglesia dom\u00e9stica&#8217;: Como Iglesia en pe\u00adque\u00f1o la familia es comunidad de fe, de amor y santuario de vida. Y tiene las funciones de la Iglesia grande: prof\u00e9tica, sacerdotal y regia.<\/li>\n<li>la familia cristiana vive atravesada por la culpa y por la gra\u00adcia. Las familias cristianas no son extraterrestres. Caminan hacia Dios en este mundo con alegr\u00eda pero tambi\u00e9n con pro\u00adblemas, fallos, fracasos&#8230; Lo que ocurre es que tratan de ver\u00adlo todo con los ojos de Dios. Es El quien les da fortaleza para perdonar y para pedir perd\u00f3n cuando resulta dif\u00edcil, etc&#8230;<\/li>\n<\/ul>\n<h3>2. El deterioro de la familia en la sociedad actual<\/h3>\n<p>El cambio cultural que estamos viviendo afecta tan fuerte\u00admente a las familias que no s\u00f3lo se habla de crisis de la familia, sino de deterioro e incluso de desintegraci\u00f3n de la misma familia.<\/p>\n<h4><i>a. Identidad de la familia<\/i><\/h4>\n<p>Hoy nos encontramos con una dificultad a\u00f1adida. Al hablar de familia hemos de clarificar de qu\u00e9 familia hablamos. Ni en el \u00e1mbito de la vida real, ni en el legislativo, ni en el institucional encontramos hoy con un concepto un\u00edvoco de familia. En la cul\u00adtura actual la familia viene concebida de muy diversas y aun opuestas maneras. Por eso es necesario adelantar que nosotros entendemos por familia la uni\u00f3n estable de un hombre y de una mujer, fundada en el sacramento del matrimonio y abierta a la procreaci\u00f3n. \u00abLa Iglesia sabe muy bien, proclama Benedicto XVI, que el mensaje cristiano refuerza e ilumina los principios b\u00e1sicos de toda convivencia, como el don sagrado de la vida, la dignidad de la persona junto con la igualdad e inviolabilidad de sus derechos, el valor irrenunciable del matrimonio y de la fami\u00adlia que no se puede equiparar ni confundir con otras formas de uniones humanas\u00bb<span id='easy-footnote-2-120618' class='easy-footnote-margin-adjust'><\/span><span class='easy-footnote'><a href='http:\/\/vincentians.com\/es\/pastoral-de-la-familia-un-reto-en-un-mundo-de-deterioro-familiar\/#easy-footnote-bottom-2-120618' title='BENEDICTO XVI, &lt;i&gt;Discurso al embajador de M\u00e9jico ante la Santa Sede, &lt;\/i&gt;23.9.2005.'><sup>2<\/sup><\/a><\/span>.<\/p>\n<p>En el momento actual, la cultura de indiferencia religiosa, de permisivismo moral, de consumismo, de hedonismo, de la irrele\u00advancia de Dios y de la Iglesia en la vida real de la gente&#8230;, est\u00e1n afectando seriamente a la familia. \u00abCon demasiada frecuencia se desconoce que el matrimonio y la familia son un proyecto de Dios, que invita al hombre y a la mujer creados por amor a realizar su proyecto de amor en fidelidad hasta la muerte, debido al secula\u00adrismo reinante, a la inmadurez psicol\u00f3gica y a causas socioecon\u00f3\u00admicas y pol\u00edticas, que llevan a quebrantar los valores morales y \u00e9ticos de la misma familia\u00bb <i>(Documento de Santo Domingo, <\/i>217).<\/p>\n<h4><i>b. Cambios socio-culturales<\/i><\/h4>\n<p>\u00abLa familia en los tiempos modernos, afirmaba Juan Pablo II al comienzo de la <i>Familiaris consortio, <\/i>ha sufrido quiz\u00e1 como ninguna otra instituci\u00f3n la acometida de las transformaciones amplias, profundas y r\u00e1pidas de la sociedad y de la cultura\u00bb<span id='easy-footnote-3-120618' class='easy-footnote-margin-adjust'><\/span><span class='easy-footnote'><a href='http:\/\/vincentians.com\/es\/pastoral-de-la-familia-un-reto-en-un-mundo-de-deterioro-familiar\/#easy-footnote-bottom-3-120618' title='JUAN PABLO II, FC 1.'><sup>3<\/sup><\/a><\/span>.<\/p>\n<ul>\n<li><i>Factores econ\u00f3micos. <\/i>Con la complejidad que les carac\u00adteriza, configuran en gran parte la manera de vivir en fami\u00adlia, determinan sus valores, organizan su funcionamiento e influyen en la definici\u00f3n del mismo proyecto familiar. En nuestras ciudades frecuentemente la vida familiar se ve reducida a unos escasos metros cuadrados que, por otra parte, suponen un desembolso econ\u00f3mico que repercute negativamente en otras posibilidades familiares. Todo esto dentro del anonimato y la masificaci\u00f3n que trae consigo la vida urbana. La familia ya no es una unidad econ\u00f3mica aut\u00f3noma, sino un elemento de un engranaje econ\u00f3mico mucho m\u00e1s amplio. El horario laboral y las posibilidades de desplazamien\u00adtos condicionan las relaciones familiares y sociales. El consumismo en el que viven sumergidas las familias es fruto principalmente de los mecanismos econ\u00f3micos y constituye hoy para muchos la medida del nivel de felicidad.<\/li>\n<li><i>Reproducci\u00f3n. <\/i>En nuestro contexto cultural ya no se reco\u00adnoce socialmente el matrimonio como el \u00fanico lugar apropiado para la generaci\u00f3n de los hijos. Ni, por otra parte, se estima el valor del hijo como regalo de Dios a la familia y a la sociedad. El c\u00e1lculo premeditado a la hora de transmitir la vida desemboca en una dr\u00e1stica reducci\u00f3n de la natalidad que ha adquirido entre nosotros los nive\u00adles m\u00e1s bajos del mundo. A\u00f1\u00e1dase que no se dedica tiem\u00adpo a la educaci\u00f3n de los hijos y que los ancianos no son atendidos generalmente en los hogares, sino en las resi\u00addencias de mayores.<\/li>\n<li><i>Libertad individual <\/i>frente al proyecto conjunto. Hoy pri\u00adman los aspectos subjetivos y personales sobre los objeti\u00advos y jur\u00eddico-institucionales. El matrimonio y la familia los hacen, los deshacen y los rehacen quienes los viven. Las normas externas y las imposiciones \u00e9ticas \u2014se mani\u00adfiesta como algo indiscutible\u2014 no pueden sostener la fami\u00adlia al margen de los sentimientos de amor de las personas. La consolidaci\u00f3n de la libertad individual lleva en la vida social a una tolerancia que deriva f\u00e1cilmente en la indife\u00adrencia respecto a la valoraci\u00f3n \u00e9tica de los comportamien\u00adtos. No negamos la libertad individual, pero hemos de denunciar que se ha olvidado que la libertad personal tiene sus l\u00edmites cuando se encuentra con las libertades de otras personas. En virtud de la afirmaci\u00f3n exacerbada de la libertad del individuo en nuestra cultura, todo proyecto com\u00fan es visto como un atentado contra esa libertad indi\u00advidual. Comentaba el Papa actual con los sacerdotes y di\u00e1\u00adconos de Roma en la ocasi\u00f3n citada: \u00abLos padres, como se ha dicho, en gran parte se desentienden de la formaci\u00f3n de la familia. Y adem\u00e1s, tambi\u00e9n las madres se ven obligadas a trabajar fuera de casa. La comuni\u00f3n entre ellos es muy fr\u00e1gil. Cada uno vive su mundo: son islas del pensamiento, del sentimiento, que no se unen. El gran problema de este tiempo \u2014en el que cada uno, al querer tener la vida para s\u00ed mismo, la pierde porque se a\u00edsla y a\u00edsla al otro de s\u00ed\u2014 con\u00adsiste precisamente en recuperar la profunda comuni\u00f3n que, en definitiva, s\u00f3lo puede venir de un fondo com\u00fan a todas las almas, de la presencia divina que nos une a todos. Es necesario superar la soledad y tambi\u00e9n la incomprensi\u00f3n, porque tambi\u00e9n esta \u00faltima depende del hecho de que el pensamiento hoy es fragmentado. Cada quien tiene su modo de pensar, de vivir y no hay una comunicaci\u00f3n en una visi\u00f3n profunda de la vida\u00bb.<\/li>\n<li><i>Moral de situaci\u00f3n <\/i>frente a moral objetiva. No se admiten criterios objetivos de moralidad. El individuo es considera\u00addo como la medida del vivir y de los comportamientos. Una cosa o un comportamiento es bueno o malo depen\u00addiendo del uso que se haga de \u00e9l. El subjetivismo y relati\u00advismo moral perjudican seriamente la concepci\u00f3n cristiana de la sexualidad, de la convivencia conyugal, de la procre\u00adaci\u00f3n, de la fidelidad matrimonial, de la entrega ilimitada, de los valores en los que educar&#8230;<\/li>\n<li><i>Cultura del fragmento <\/i>frente a la visi\u00f3n global. La fe cris\u00adtiana abarca toda la persona y aporta una visi\u00f3n global. El hombre de hoy no entiende el todo y se queda en el frag\u00admento, por tanto tiene dificultades para captar la visi\u00f3n cristiana de la familia.<\/li>\n<li><i>Disfrute del presente <\/i>frente a proyectos de futuro. Hoy se vive fundamentalmente el presente y con vistas a disfru\u00adtarlo mientras que en nuestras familias han contado siem\u00adpre mucho los proyectos de futuro compartidos.<\/li>\n<li>Influjo negativo de los <i>medios de comunicaci\u00f3n social. <\/i>Los medios de comunicaci\u00f3n social poseen hoy una fuerza especial para configurar las ideas, los juicios de valor, los sentimientos y, en definitiva, los comportamientos de las personas y de los grupos. Pues bien, en la actualidad agre\u00adden la intimidad de la vida familiar y ofrecen, sobre todo la televisi\u00f3n, la imagen de unas relaciones de pareja, espe\u00adcialmente lesivas de la dignidad de la mujer. Presentan frecuentemente familias rotas o a punto de romperse, dominadas por el af\u00e1n de poder, de disfrutar, con actitudes violentas, etc&#8230; No hay m\u00e1s que ver cualquier telenovela al uso.<\/li>\n<li>Repercusi\u00f3n negativa de la <i>legislaci\u00f3n vigente. <\/i>No preten\u00adde precisamente favorecer la familia, sino que a veces la perjudica gravemente. La Conferencia Episcopal Espa\u00f1ola ha calificado de &#8216;injustas&#8217; las leyes que reconocen el matri\u00admonio de homosexuales, de reproducci\u00f3n asistida, de divorcio expr\u00e9s&#8230; El origen de estas leyes se remonta a una concepci\u00f3n de la autoridad legislativa en virtud de la cual \u00e9sta no est\u00e1 para se\u00f1alar lo bueno y lo malo, sino para reco\u00adger y transformar en normas de convivencia lo que piensa y desea la mayor\u00eda de la poblaci\u00f3n.<\/li>\n<\/ul>\n<p>Con todo no todo depende de factores externos a la familias. Internamente nuestras familias poseen una fe debilitada y care\u00adcen de coraje para empe\u00f1arse en practicar desde el Evangelio un estilo de vida alternativo.<\/p>\n<p>Por otra parte, no es bueno confundir realismo con pesimis\u00admo. Una visi\u00f3n fundamentalmente positiva de la familia actual es imprescindible como base de la pastoral familiar. Por encima de los influjos negativos que el cambio socio-cultural actual acarrea a las familias, Juan Pablo II valoraba m\u00e1s lo positivo de car\u00e1cter personalista y social<span id='easy-footnote-4-120618' class='easy-footnote-margin-adjust'><\/span><span class='easy-footnote'><a href='http:\/\/vincentians.com\/es\/pastoral-de-la-familia-un-reto-en-un-mundo-de-deterioro-familiar\/#easy-footnote-bottom-4-120618' title='\u00abLa familia vive hoy una etapa afortunada por la creciente afirmaci\u00f3n de sus valores personalistas y sociales en el seno de la comunidad civil y de la Iglesia. Pero, al mismo tiempo, sus valores fundamentales, los del amor y de la vida, est\u00e1n hoy gravemente amenazados bajo muchas formas y a diversos niveles\u00bb (JUAN PABLO II, &lt;i&gt;Discurso a la Confederaci\u00f3n Italiana de Asesores Familiares &lt;\/i&gt;[2 de marzo de 19901: Ecclesia 2.187 (4.8.90) 26).'><sup>4<\/sup><\/a><\/span>. Ha cambiado notablemente el modo de vivir las relaciones en la misma pareja y entre padres e hijos. La promoci\u00f3n cultural y laboral de la mujer reclama una relaci\u00f3n m\u00e1s igualitaria entre los esposos y la comunicaci\u00f3n entre padres e hijos es m\u00e1s fluida y dialogante y menos autorita\u00adria. El mismo Juan Pablo II utilizaba t\u00e9rminos econ\u00f3micos cuan\u00addo hablaba de pastoral familiar a los obispos: \u00abEn toda di\u00f3cesis \u2014grande o peque\u00f1a, rica o pobre, con clero suficiente o no\u2014 el obispo actuar\u00e1 con sabidur\u00eda pastoral, har\u00e1 una inversi\u00f3n alta\u00admente compensatoria, construir\u00e1 a medio plazo su Iglesia parti\u00adcular, en la medida en que otorgue el m\u00e1ximo apoyo a una pas\u00adtoral familiar efectiva\u00bb<span id='easy-footnote-5-120618' class='easy-footnote-margin-adjust'><\/span><span class='easy-footnote'><a href='http:\/\/vincentians.com\/es\/pastoral-de-la-familia-un-reto-en-un-mundo-de-deterioro-familiar\/#easy-footnote-bottom-5-120618' title='Ib\u00eddem, 47.'><sup>5<\/sup><\/a><\/span>. La pastoral familiar es el coraz\u00f3n de la evangelizaci\u00f3n, que pasa necesariamente a trav\u00e9s de la familia, objeto y sujeto del anuncio del Evangelio<span id='easy-footnote-6-120618' class='easy-footnote-margin-adjust'><\/span><span class='easy-footnote'><a href='http:\/\/vincentians.com\/es\/pastoral-de-la-familia-un-reto-en-un-mundo-de-deterioro-familiar\/#easy-footnote-bottom-6-120618' title='\u00abCon raz\u00f3n se insiste mucho hoy en el puesto central que se ha de reser\u00advar a la pastoral familiar en la programaci\u00f3n de actividades de las di\u00f3cesis y de las Conferencias Episcopales. En efecto, la evangelizaci\u00f3n pasa necesa\u00adriamente a trav\u00e9s de la familia que es, a su vez, objeto y sujeto del anuncio del Evangelio&amp;#8230; Los mismos problemas que afrontan el matrimonio y la familia estimulan la creatividad de quienes se ocupan de la pastoral familiar, coraz\u00f3n de la evangelizaci\u00f3n&amp;#8230; Las di\u00f3cesis, las parroquias, los movimientos apost\u00f3\u00adlicos no pueden menos de esforzarse por crear estructuras capaces de dar respuestas adecuadas a los desaf\u00edos actuales que ata\u00f1en a la instituci\u00f3n de la familia&amp;#8230; [&amp;#8230;] Los planes de pastoral org\u00e1nica, a cualquier nivel, no deben pres\u00adcindir nunca de tomar en consideraci\u00f3n la pastoral de la familia (n\u00famero 70)&amp;#8230; La familia, por tanto, debe estar en el centro de las preocupaciones de toda comunidad diocesana, de toda parroquia y estructura pastoral sensible a las exigencias de nuestros tiempos\u00bb (JUAN PABLO II, &lt;i&gt;Discurso al&lt;\/i&gt;&lt;i&gt; Pontificio Con\u00adsejo para la Familia, &lt;\/i&gt;30.1.93: Ecclesia 2.623 (13.3.93) 25 y 27).'><sup>6<\/sup><\/a><\/span>. El aprecio a la pastoral familiar se tiene que demostrar \u00abconcedi\u00e9ndole un lugar pri\u00advilegiado en el conjunto de la pastoral diocesana\u00bb<span id='easy-footnote-7-120618' class='easy-footnote-margin-adjust'><\/span><span class='easy-footnote'><a href='http:\/\/vincentians.com\/es\/pastoral-de-la-familia-un-reto-en-un-mundo-de-deterioro-familiar\/#easy-footnote-bottom-7-120618' title='Ya en la FC. n. 65 hab\u00eda dicho: \u00abPor ello hay que subrayar una vez m\u00e1s la urgencia de la intervenci\u00f3n pastoral de la Iglesia en apoyo de la familia. Hay que llevar a cabo toda clase de esfuerzos para que la pastoral de la familia adquiera consistencia y se desarrolle dedic\u00e1ndose a un sector verdaderamente prioritario, con la certeza de que la evangelizaci\u00f3n, en el futuro, depende en gran parte de la Iglesia dom\u00e9stica\u00bb.'><sup>7<\/sup><\/a><\/span>.<\/p>\n<p>En consecuencia, m\u00e1s que caer en lamentaciones o en falsos victimismos, sinti\u00e9ndonos como perseguidos por la sociedad actual, es preferible que los matrimonios cristianos comiencen por dar testimonio de lo que ha acontecido en su vida cuando se han abierto al mensaje de Jes\u00fas sobre la familia. En un segundo momento ellos mismos sentir\u00e1n la necesidad de profundizar en las razones y los motivos que explican el bien que reporta tratar de vivir sinceramente el Evangelio de la familia.<\/p>\n<h2>I. Luces y sombras de la pastoral familiar, hoy<\/h2>\n<p>La pastoral familiar se ha desarrollado en Espa\u00f1a de un modo m\u00e1s que notable durante estos 30 \u00faltimos a\u00f1os<span id='easy-footnote-8-120618' class='easy-footnote-margin-adjust'><\/span><span class='easy-footnote'><a href='http:\/\/vincentians.com\/es\/pastoral-de-la-familia-un-reto-en-un-mundo-de-deterioro-familiar\/#easy-footnote-bottom-8-120618' title='Para ampliar se puede consultar mi aportaci\u00f3n sobre la pastoral familiar en Espa\u00f1a en: SUBCOMISION MATRIMONIO Y FAMILIA (CEAS), &lt;i&gt;Pastoral familiar en Espa\u00f1a, &lt;\/i&gt;Madrid 1992, 38-62.'><sup>8<\/sup><\/a><\/span>. Varios factores han contribuido a ello. Enumero algunos sin \u00e1nimo de ser exhaustivo y m\u00e1s bien por orden cronol\u00f3gico: el documento de los obispos espa\u00f1oles (1979) en la preparaci\u00f3n del S\u00ednodo de la Familia (1980), la creaci\u00f3n de la Subcomisi\u00f3n de Familia y de la Vida en la CEAS, la <i>Familiaris consortio <\/i>de Juan Pablo II (1981), la <i>Carta a las familias <\/i>(1994), la Instrucci\u00f3n pastoral de la CEE, <i>La familia, santuario de la vida y esperanza de la socie\u00addad <\/i>(2001), el <i>Directorio de Pastoral Familiar <\/i>(2003), la creaci\u00f3n de Institutos sobre el matrimonio y la familia en Universi\u00addades como la Lateranense (que tiene una extensi\u00f3n en Valencia, etc..), las de Salamanca y Comillas, el V Encuentro mundial de las familias en Valencia y su preparaci\u00f3n (2006), etc&#8230; Los segla\u00adres cristianos han comenzado a implicarse en esta pastoral, espe\u00adcialmente los pertenecientes a Movimientos Familiares&#8230;<\/p>\n<p>Todo esto ha contribuido a aumentar la <i>sensibilidad respecto a la necesidad de la pastoral familiar. <\/i>Dif\u00edcilmente encontraremos hoy un obispo, un sacerdote o un seglar que no se muestre conven\u00adcido de que hay que prestar mayor atenci\u00f3n pastoral a la familia. La falta de imaginaci\u00f3n, carecer de medios adecuados, la indecisi\u00f3n a \u00faltima hora, no contar con los agentes precisos&#8230; pueden contribuir, sin embargo, a paralizar la acci\u00f3n evangelizadora. De todos modos, tambi\u00e9n han surgido iniciativas muy interesantes.<\/p>\n<p>La pastoral familiar presta cada vez <i>mayor atenci\u00f3n al cam\u00adbio social <\/i>que afecta a las familias y trata de discernir lo verda\u00adderamente importante de lo accesorio y puramente coyuntural. El deber de asumir la realidad se tiene normalmente en cuenta. No se trata de reproducir sin m\u00e1s la familia tradicional ni se dan por buenos sin m\u00e1s los nuevos modos de convivencia que hoy se quieren llamar familia.<\/p>\n<p>Nuestra pastoral familiar pretende ser <i>evangelizadora: <\/i>propone cada d\u00eda mejor la Buena Noticia de Jes\u00fas sobre la familia, evitan\u00addo moralismos y legalismos: \u00abA veces \u2014ense\u00f1aba Juan Pablo II\u2014puede ser necesario recordar a vuestros colaboradores que la aten\u00adci\u00f3n pastoral a las familias no es cuesti\u00f3n de programas nuevos y, acaso, superficiales, sino que es el resultado de una catequesis inci\u00adsiva que conduce a los matrimonios y a sus hijos a una fe m\u00e1s pro\u00adfunda, a una participaci\u00f3n m\u00e1s generosa en los sacramentos \u2014sobre todo en la Penitencia y en la Santa Eucarist\u00eda\u2014 a una m\u00e1s fervoro\u00adsa vida de oraci\u00f3n y a un m\u00e1s generoso servicio mutuo\u00bb<span id='easy-footnote-9-120618' class='easy-footnote-margin-adjust'><\/span><span class='easy-footnote'><a href='http:\/\/vincentians.com\/es\/pastoral-de-la-familia-un-reto-en-un-mundo-de-deterioro-familiar\/#easy-footnote-bottom-9-120618' title='JUAN PABLO II, &lt;i&gt;Discurso a la Conferencia Episcopal Ugandesa, &lt;\/i&gt;Kampa\u00adla 7.2.93: Ecclesia 2.622 (6.3.93) 27.'><sup>9<\/sup><\/a><\/span>.<\/p>\n<p>Sin embargo no faltan deficiencias y aspectos negativos:<\/p>\n<ul>\n<li>La pastoral de la familia no ha adquirido <i>ni la prioridad ni la centralidad <\/i>que los Papas y los obispos han pedido para ella en los \u00faltimos arios. En muchas di\u00f3cesis y parroquias sigue siendo un &#8216;lujo&#8217; al alcance de parroquias urbanas con posibilidades econ\u00f3micas y brilla por su ausencia en parro\u00adquias rurales o en las de la periferia de la ciudad. Tampoco es todo lo previsora, audaz y positiva que debiera ser<span id='easy-footnote-10-120618' class='easy-footnote-margin-adjust'><\/span><span class='easy-footnote'><a href='http:\/\/vincentians.com\/es\/pastoral-de-la-familia-un-reto-en-un-mundo-de-deterioro-familiar\/#easy-footnote-bottom-10-120618' title='\u00abLa pastoral familiar no puede limitarse a una actitud meramente protec\u00adtora, debe ser previsora, audaz y positiva. Ha de discernir con sabidur\u00eda evan\u00adg\u00e9lica los retos que los cambios culturales plantean a la familia. Ha de denun\u00adciar las violaciones contra la justicia y la dignidad de la familia. Ha de acompa\u00f1ar a las familias en los sectores m\u00e1s pobres, rurales y urbanos, promo\u00adviendo la solidaridad\u00bb &lt;i&gt;(Documento de Santo Domingo, &lt;\/i&gt;222).'><sup>10<\/sup><\/a><\/span>.<\/li>\n<li>Se echa de menos, en general, una evangelizaci\u00f3n integral de la familia. Se trata en muchos casos de <i>acciones aisla\u00addas <\/i>y <i>no articuladas, <\/i>dirigidas a remediar situaciones limi\u00adte o propias de una &#8216;pastoral de urgencia&#8217; que no tiene en cuenta la prevenci\u00f3n y la ayuda permanente. No se conec\u00adtan esfuerzos ni se trabaja con visi\u00f3n de conjunto. Falta a veces proponer objetivos concretos, operativos y evalua\u00adbles, marcar prioridades, coordinar&#8230; Es necesario un plan\u00adteamiento nuevo de la pastoral familiar insertado plena\u00admente en la pastoral general y no concebido como un ap\u00e9ndice de la misma.<\/li>\n<li>Esta pastoral todav\u00eda en muchas de nuestras parroquias no es propiamente familiar, sino <i>prematrimonial, <\/i>es decir, queda reducida a la preparaci\u00f3n al matrimonio. Y sigue siendo excesivamente <i>clerical. <\/i>Salvo honrosas excepciones, no se valora suficientemente ni se les integra realmente d\u00e1ndoles su papel en la toma de decisiones a los matrimo\u00adnios cristianos, que debieran ser los aut\u00e9nticos protagonis\u00adtas en esta pastoral por raz\u00f3n del sacramento del matrimonio que han celebrado (cfr. JUAN PABLO II, CL 40). La familia no es s\u00f3lo destinataria de la pastoral familiar, sino que tiene que llegar a ser protagonista de la misma. Cuan\u00addo, como &#8216;Iglesia dom\u00e9stica&#8217;, acoge el don de Dios que la renueva y vivifica, la anima y promociona, inmediatamen\u00adte se siente llamada a desarrollar su misi\u00f3n evangelizadora hacia las dem\u00e1s familias.<\/li>\n<li>Es preciso prestar <i>mayor atenci\u00f3n a las familias con pro\u00adblemas <\/i>de todo tipo. Desde las afectadas por la droga o el desempleo, separaciones, divorcios, situaciones can\u00f3nica\u00admente irregulares&#8230; hasta las afectadas por lo que llama\u00admos violencia dom\u00e9stica. Las familias experimentan a lo largo de su vida &#8216;crisis&#8217; que conllevan peligros y riesgos, pero tambi\u00e9n abren horizontes nuevos y son potencial de futuro. En gran parte depende de la reacci\u00f3n ante ellas. Hoy las situaciones dif\u00edciles se han multiplicado. En esta pastoral llegamos casi exclusivamente a las familias de nuestro propio c\u00edrculo, cercanas a nuestra manera de pen\u00adsar y vivir. La preocupaci\u00f3n por acercarnos a los &#8216;alejados&#8217; no suele traducirse en la mayor\u00eda de los casos en acciones concretas. Hemos de acentuar las presencias de acogida, de solidaridad, de acompa\u00f1amiento, de ayuda eficaz&#8230; respec\u00adto a las familias con problemas, ayudando a asumirlos, no desde la resignaci\u00f3n o la culpabilidad, sino en una din\u00e1mi\u00adca positiva que permite apreciar, en medio muchas veces de la tragedia, su densidad humana. Todo esto incluye unas opciones de acompa\u00f1amiento permanente, de orientaci\u00f3n y terapia familiar.<\/li>\n<li>En cuanto a los <i>agentes de pastoral familiar <\/i>han crecido en n\u00famero y, en general, ha mejorado su preparaci\u00f3n espec\u00ed\u00adfica a trav\u00e9s de los diversos tipos de cursos impartidos en las &#8216;Escuelas de Agentes de Pastoral Familiar&#8217;. Pero esto no obsta para que tengamos que reconocer que son insuficientes para el trabajo que hay que desarrollar y que <i>sobra voluntarismo y falta rigor <\/i>en lo que se supone una verda\u00addera preparaci\u00f3n. \u00abNo basta en este campo la buena volun\u00adtad, es necesario profundizar en la verdad del matrimonio y la familia, adquiriendo un conocimiento capaz de ofrecer ayuda efectiva en los problemas reales que se presentan\u00bb, afirman los obispos espa\u00f1oles<span id='easy-footnote-11-120618' class='easy-footnote-margin-adjust'><\/span><span class='easy-footnote'><a href='http:\/\/vincentians.com\/es\/pastoral-de-la-familia-un-reto-en-un-mundo-de-deterioro-familiar\/#easy-footnote-bottom-11-120618' title='CEE, &lt;i&gt;La familia, santuario de la vida y esperanza del mundo &lt;\/i&gt;(2001),n\u00b0 175.'><sup>11<\/sup><\/a><\/span>. La presencia de los laicos en este campo tan ministerialmente laical es decisiva por\u00adque son ellos los que mejor conocen, porque las viven y experimentan en su propia carne, las realidades concretas de la vida familiar. \u00abEl matrimonio y la familia constituyen <i>el primer campo para el compromiso social de los fieles laicos. <\/i>Es un compromiso que s\u00f3lo puede llevarse acabo adecuadamente teniendo la convicci\u00f3n del valor \u00fanico de la familia para el desarrollo de la sociedad y de la misma Iglesia\u00bb (JUAN PABLO II, <i>CL <\/i>40)<\/li>\n<\/ul>\n<h2>II. Una verdadera pastoral de la familia<\/h2>\n<h3><i>a. De una teolog\u00eda y pastoral del matrimonio a una teolog\u00eda y pastoral de la familia<\/i><\/h3>\n<p>Faltan las bases de una teolog\u00eda de la familia desarrollada como realidad eclesial para llevar adelante una pastoral familiar. Tenemos, acaso, una visi\u00f3n can\u00f3nica, moral y \u2014ojal\u00e1\u2014 teol\u00f3gica del matrimonio. Por eso en ocasiones llamamos pastoral familiar a lo que no es m\u00e1s que pastoral matrimonial. Sin embargo no po\u00addemos ignorar los magn\u00edficos estudios b\u00edblicos sobre la familia, ni los estudios sistem\u00e1ticos sobre la familia como icono de la Tri\u00adnidad, como Iglesia dom\u00e9stica, la relaci\u00f3n familia y Eucarist\u00eda.<\/p>\n<h3><i>b. <\/i><i>La familia lugar de socializaci\u00f3n y de iniciaci\u00f3n a la vida de la Iglesia.<\/i><\/h3>\n<p>La familia es hoy com\u00fanmente reconocida como un lugar muy id\u00f3neo para introducir en la vida social. Aunque la pastoral familiar no se agota ni mucho menos en la iniciaci\u00f3n a la vida de la Iglesia, \u00e9sta es una de sus tareas importantes.<\/p>\n<h3><i>c.\u00a0 <\/i><i>La familia objeto y sujeto de la acci\u00f3n pastoral de la Iglesia<\/i><\/h3>\n<p>La familia viene siendo objeto del cuidado pastoral de la Igle\u00adsia, pero apenas se le tiene en cuenta como sujeto de la acci\u00f3n pastoral. Las familias han de ser evangelizadas por las familias mismas. Los esposos cristianos han de ser protagonistas en la pastoral familiar.<\/p>\n<h3><i>d. <\/i><i>La familia como &#8216;Iglesia dom\u00e9stica&#8217;<\/i><\/h3>\n<p>Este es quiz\u00e1 el aspecto m\u00e1s desarrollado en teolog\u00eda de la familia, junto con su condici\u00f3n de icono de la Trinidad.<\/p>\n<p>Desde la concepci\u00f3n de la familia como Iglesia dom\u00e9stica se han desarrollado dimensiones como \u00e9stas:<\/p>\n<ul>\n<li>Posibilitar en la familia las primeras experiencias de comu\u00adni\u00f3n: acogida en el amor, reconocimiento de la dignidad personal, ejercicio de la gratitud y la gratuidad, atenci\u00f3n especial a los m\u00e1s necesitados&#8230;<\/li>\n<li>Hacer de la familia un lugar privilegiado para la transmi\u00adsi\u00f3n de la fe y de los valores evang\u00e9licos<\/li>\n<li>Comprender la familia como lugar de iniciaci\u00f3n en la oraci\u00f3n<\/li>\n<li>Hacer de la familia el lugar del compromiso compartido.<\/li>\n<\/ul>\n<h2>III. La pastoral familiar no es una pastoral sectorial, sino integral, constituye una dimensi\u00f3n esencial de la evangelizaci\u00f3n<\/h2>\n<p>La pastoral familiar no es una &#8216;pastoral sectorial&#8217;, sino <i>inte\u00adgral, <\/i>una dimensi\u00f3n esencial de la evangelizaci\u00f3n: \u00abAnte los problemas centrales de la persona y de su vocaci\u00f3n, la actividad pastoral de la Iglesia no puede responder con un empe\u00f1o secto\u00adrial de su apostolado. Es necesario emprender una acci\u00f3n pasto\u00adral en la cual las verdades centrales de la fe irradien su fuerza evangelizadora en los diversos campos de la existencia, especial\u00admente en el de la familia\u00bb<span id='easy-footnote-12-120618' class='easy-footnote-margin-adjust'><\/span><span class='easy-footnote'><a href='http:\/\/vincentians.com\/es\/pastoral-de-la-familia-un-reto-en-un-mundo-de-deterioro-familiar\/#easy-footnote-bottom-12-120618' title='JUAN PABLO II, &lt;i&gt;Discurso a los participantes en el II Congreso Interna\u00adcional Teol\u00f3gico Pastoral sobre la familia &lt;\/i&gt;[R\u00edo de Janeiro 3.10.97] : L&amp;#8217;Oss\u00adRom. [5.10.97] 5.'><sup>12<\/sup><\/a><\/span>. Y el Directorio de Pastoral Familiar en el n. 3 se\u00f1ala: \u00abEn consecuencia, este Directorio plantea una pastoral familiar concebida como una <i>dimensi\u00f3n esencial de toda evangelizaci\u00f3n: <\/i>se trata del modo c\u00f3mo la Iglesia es fuente de vida para las familias cristianas y, a su vez, c\u00f3mo las familias cristianas son protagonistas de la evangelizaci\u00f3n de la Iglesia. No se reduce, por tanto, a una serie de actividades a realizar con los matrimonios y la familia. Su fin es \u00abayudar a la familia a alcanzar su plenitud de vida humana y cristiana\u00bb.<\/p>\n<p>La aut\u00e9ntica atenci\u00f3n pastoral a las familias requiere un esfuerzo permanente de an\u00e1lisis de los rasgos caracter\u00edsticos que adquiere la familia en cada momento hist\u00f3rico y, sobre todo, una reflexi\u00f3n l\u00facida sobre el designio de Dios acerca de ella. No con\u00adsiste en una serie de actividades ajenas a lo que es la vida normal de la familia, sino que se dirige a que \u00e9sta tome conciencia de su naturaleza y su misi\u00f3n en la Iglesia y en el mundo. Son las pro\u00adpias familias cristianas, en virtud del sacramento del bautismo al que concreta y especifica despu\u00e9s el sacramento del matrimonio, quienes han de ser verdaderos sujetos y protagonistas de la pas\u00adtoral familiar (FC 71).<\/p>\n<p>Toda pastoral familiar ha de ser <i>progresiva <\/i>desarroll\u00e1ndose en las distintas etapas de su formaci\u00f3n. \u00abEs necesario hacer de la pastoral familiar una prioridad b\u00e1sica, sentida, real y operante. B\u00e1sica, como frontera de la nueva evangelizaci\u00f3n. Sentida, esto es, acogida y asu\u00admida por toda la comunidad diocesana. Real porque ser\u00e1 respaldada concreta y decididamente con el acompa\u00f1amiento del obispo dioce\u00adsano y sus p\u00e1rrocos. Operante significa que debe estar inserta en una pastoral org\u00e1nica\u00bb <i>(Documento de Santo Domingo, <\/i>64).<\/p>\n<p>El Directorio de Pastoral Familiar de la Conferencia Episco\u00adpal Espa\u00f1ola (n. 71) resume as\u00ed las <i>caracter\u00edsticas espec\u00edficas <\/i>de la pastoral familiar: \u00abLa nueva evangelizaci\u00f3n del matrimonio y la familia requiere entonces de una pastoral con unas caracter\u00eds\u00adticas espec\u00edficas que es preciso destacar. En primer lugar, no se trata de una pastoral sectorial que se pueda reducir a unas accio\u00adnes concretas en un momento determinado y sobre personas en una situaci\u00f3n espec\u00edfica. Por el contrario, ha de ser una pastoral <i>integral, <\/i>porque en ella est\u00e1 en juego la globalidad de la verdad del hombre y de su despertar religioso. En su desarrollo est\u00e1n implicadas las claves fundamentales de toda existencia humana. Tambi\u00e9n debe llevarse a cabo como una pastoral <i>progresiva <\/i>que ha de guiarse seg\u00fan el proceso de la vida en la que el hombre crece, en y a trav\u00e9s de la familia, como taller de humanidad. A estas caracter\u00edsticas b\u00e1sicas se han de ce\u00f1ir todas las actividades dirigidas a la pastoral familiar para que no se conviertan en una superestructura superpuesta a la vida de las familias. En definitiva, se puede definir la pastoral familiar como \u00abla acci\u00f3n evangeliza\u00addora que realiza la Iglesia, orientada por sus pastores, en la familia y con la familia como conjunto, <i>acompa\u00f1\u00e1ndola <\/i>en todas las etapas y situaciones de su camino\u00bb. Es un camino imprescindible para superar la escisi\u00f3n entre la fe que se piensa y la vida que se vive, pues la familia es el \u00ablugar\u00bb privilegiado donde se realiza esa uni\u00f3n a partir del \u00abdespertar religioso\u00bb [&#8230;] El fin de toda la pastoral familiar \u2014que es una dimensi\u00f3n esencial de la acci\u00f3n de la Iglesia\u2014 es llevar a plenitud la vocaci\u00f3n matrimonial\u00bb.<\/p>\n<p>La Conferencia Episcopal Espa\u00f1ola marca pautas de pastoral familiar en <i>La familia, santuario de la vida <\/i>y <i>esperanza de la sociedad <\/i>[2001]165-178.<\/p>\n<p>La <i>finalidad <\/i>de la Pastoral Familiar, teniendo en cuenta que la misi\u00f3n de la familia es &#8216;custodiar, revelar y comunicar el amor\u00bb (FC 17), servir a la vida, contribuir al desarrollo de la Iglesia y de la sociedad, ser\u00e1 ayudar a la familia para que alcance su ple\u00adnitud de vida humana y cristiana. Esta la consigue la familia no por la adquisici\u00f3n de riqueza, prestigio, poder&#8230;, sino mediante el cultivo del respeto y el amor que dan como fruto un comple\u00adjo de vinculaciones familiares sanas que contribuyen a una sociedad estable y vigorosa. El fundamento de la familia es el matrimonio que, una vez contra\u00eddo, crea un v\u00ednculo que no depende de la voluntad humana y que precede a toda autoridad p\u00fablica (Cf. GS 48); en consecuencia, la pastoral de la familia desarrollar\u00e1 la conyugalidad, que se ampliar\u00e1 a la relaci\u00f3n entre padres e hijos y dem\u00e1s miembros de la familia. Para todo esto la pastoral familiar fomentar\u00e1 una aut\u00e9ntica espiritualidad familiar e impulsar\u00e1 a las familias para que se comprometan en la actividad evangelizadora de la Iglesia construyendo la civi\u00adlizaci\u00f3n del amor.<\/p>\n<p>En resumen, es necesaria y urgente una pastoral familiar m\u00e1s incisiva y revitalizada. El Papa Juan Pablo II ha recordado que \u00abuna pastoral familiar as\u00ed revitalizada dejar\u00e1 sentir su ben\u00e9fica influencia en otros sectores, especialmente en la pas\u00adtoral de j\u00f3venes, en la pastoral vocacional y, en \u00faltimo t\u00e9rmino, en el florecimiento de vuestras di\u00f3cesis y de la misma sociedad espa\u00f1ola\u00bb.<\/p>\n<p>Siguiendo la estela del Siervo de Dios Juan Pablo II, Bene\u00addicto XVI, y con \u00e9l la Iglesia entera, se ha decantado a favor de la familia en el actual momento hist\u00f3rico y la ha convocado con papel de protagonista a la nueva evangelizaci\u00f3n. \u00abEn la Iglesia y en la sociedad \u2014proclamaba el Papa Wojtyla\u2014 \u00e9sta es la hora de la familia. Esta est\u00e1 llamada a un papel de primer plano en la obra de la nueva evangelizaci\u00f3n\u00bb<span id='easy-footnote-13-120618' class='easy-footnote-margin-adjust'><\/span><span class='easy-footnote'><a href='http:\/\/vincentians.com\/es\/pastoral-de-la-familia-un-reto-en-un-mundo-de-deterioro-familiar\/#easy-footnote-bottom-13-120618' title='JUAN PABLO II, &lt;i&gt;Encuentro con las familias [8. 10. 94]: &lt;\/i&gt;AAS 87 (1995) 587.'><sup>13<\/sup><\/a><\/span>. \u00abLa evangelizaci\u00f3n de la familia \u2014recuerda el Papa Ratzinger\u2014 constituye asimismo una prioridad pastoral [&#8230;] Con este esp\u00edritu conviene prestar aten\u00adci\u00f3n a la preparaci\u00f3n humana y espiritual de las parejas y al seguimiento pastoral de las familias, recordando la dignidad eminente del matrimonio cristiano, \u00fanico e indisoluble, y propo\u00adniendo una espiritualidad conyugal s\u00f3lida, para que las familias crezcan en santidad\u00bb<span id='easy-footnote-14-120618' class='easy-footnote-margin-adjust'><\/span><span class='easy-footnote'><a href='http:\/\/vincentians.com\/es\/pastoral-de-la-familia-un-reto-en-un-mundo-de-deterioro-familiar\/#easy-footnote-bottom-14-120618' title='BENEDICTO XVI, &lt;i&gt;Discurso al segundo grupo de obispos de la R. D. del Congo en visita ad limina, &lt;\/i&gt;6.2.2006.'><sup>14<\/sup><\/a><\/span>.<\/p>\n<p>En toda acci\u00f3n pastoral es muy importante el talante, el esti\u00adlo con que se lleva a cabo. Hemos de optar por un estilo evang\u00e9\u00adlico. No se trata infundir miedos a los matrimonios, de echar sobre sus espaldas pesos insoportables, de cargar la mano en sus obligaciones para con los hijos. La pastoral familiar consiste, ante todo, en proclamar el \u00abevangelio de la familia\u00bb<span id='easy-footnote-15-120618' class='easy-footnote-margin-adjust'><\/span><span class='easy-footnote'><a href='http:\/\/vincentians.com\/es\/pastoral-de-la-familia-un-reto-en-un-mundo-de-deterioro-familiar\/#easy-footnote-bottom-15-120618' title='\u00abProclamar constantemente con fuerza y claridad el \u00abevangelio de la familia\u00bb. Evangelio exigente y hasta severo en muchas de sus p\u00e1ginas, espe\u00adcialmente en lo que se refiere a la unidad e indisolubilidad, a la fidelidad y a la estabilidad del v\u00ednculo matrimonial, a los deberes mutuos de los c\u00f3nyuges en particular en lo que se refiere al respeto a la moral conyugal, contenida de forma concreta en la \u00abHumanae vitae\u00bb y a los que rigen las relaciones entre padres e hijos. Pero sobre todo, es un evangelio de fe, de amor mutuo, de hu\u00admildad y amoroso servicio, sacrificado de unos para con otros, un evangelio de esperanza y de fidelidad\u00bb (JUAN PABLO II, A &lt;i&gt;los obispos brasile\u00f1os, &lt;\/i&gt;1990).'><sup>15<\/sup><\/a><\/span>.<\/p>\n<p>Recordemos, finalmente, que \u00abtoda nueva evangelizaci\u00f3n necesita <i>nuevos evangelizadores, <\/i>el testimonio vivido es el fundamento de la transmisi\u00f3n de c\u00f3mo la fe es vida, y no se da testimonio sin testigos. La concienciaci\u00f3n y formaci\u00f3n de los mismos ha de ser entonces el quicio de esta pastoral, que se corresponde con la <i>dimensi\u00f3n familiar <\/i>de la misma Iglesia sos\u00adtenida por la vida de las familias cristianas (CEE, <i>Directorio de pastoral familiar, <\/i>n. 23).<\/p>\n<h2>IV. Servicio pastoral a la familia como comunidad de fe, de amor y santuario de vida<\/h2>\n<p>En este apartado resumo principalmente lo que afirman los OBISPOS DE PAMPLONA Y TUDELA, BILBAO, SAN SEBASTI\u00c1N Y VITORIA, <i>Redescubrir la fami\u00adlia, <\/i>Carta Pastoral de 1995, en CEE, <i>Los obispos espa\u00f1oles y la familia. Escri\u00adtos pastorales, <\/i>Edice, Madrid 2006, 13-81.<\/p>\n<h3>A. Como comunidad de fe<\/h3>\n<h4><i>1. <\/i><i>La familia cristiana anuncia la fe <\/i>y <i>la educa<\/i><\/h4>\n<p>La misi\u00f3n de proclamar expl\u00edcitamente la fe en Jes\u00fas como don liberador para los hombres alcanza a todos cuantos forma\u00admos la Iglesia. Por eso nuestras familias han de pasar de una fe vergonzante, caracterizada por el silencio respecto a lo religioso y por el miedo a manifestarse como cristiana, a una fe confesante, es decir, a una fe que se anuncia, se testifica y se educa. La fe d\u00e9bil, insegura y llena de dudas de muchos padres no puede ser transmitida porque es est\u00e9ril. Tampoco pueden paralizar un cierto pudor religioso o el miedo a invadir la intimidad de los hijos. Cuando los padres creen con una fe firme, aunque no sea muy ilustrada, la comunican a sus hijos espont\u00e1neamente, casi sin propo\u00adn\u00e9rselo. Si los padres irradian algo de la bondad, de la acogida y de la gratuidad de Dios, los hijos se sentir\u00e1n seguros y confiados. Se sentir\u00e1n capacitados para establecer relaciones positivas y fecundas con los dem\u00e1s y todo esto les permitir\u00e1 abrirse al descu\u00adbrimiento de Dios para orientar hacia El la mente y el coraz\u00f3n.<\/p>\n<h4><i>2. La familia, primera &#8216;escuela&#8217; de educaci\u00f3n en la fe<\/i><\/h4>\n<p>Las familias han de recuperar la confianza en su capacidad educativa sin caer en la tentaci\u00f3n de pensar que hoy son los medios de comunicaci\u00f3n social, los amigos y los colegios los que influyen m\u00e1s directamente en la educaci\u00f3n de sus hijos.<\/p>\n<p>\u00abEs la instituci\u00f3n familiar \u2014no duda en afirmar Gerardo Pastor\u2014 la que mayor influjo ejerce sobre el desarrollo psicosocial del ser humano, pues, precisamente dentro de este \u00e1mbito interactivo \u00ednti\u00admo, es donde ocurren las m\u00e1s tempranas e intensas experiencias de cognici\u00f3n y significado, de deseos y frustraciones, de emocio\u00adnes como miedo, amor, placer, seguridad y afecto, experiencias que configurar\u00e1n para toda la vida la urdimbre b\u00e1sica de una per\u00adsonalidad infantil ahora en ciernes. Ni las guarder\u00edas o escuelas ni los grupos de coet\u00e1neos, ni las parroquias, ni los medios de comu\u00adnicaci\u00f3n social (prensa, radio y televisi\u00f3n), logran penetrar tan a fondo en la intimidad infantil como los parientes primarios, esos seres de quienes se depende absolutamente durante los seis o nueve primeros arios de la vida (padres, hermanos y tutores)\u00bb<span id='easy-footnote-16-120618' class='easy-footnote-margin-adjust'><\/span><span class='easy-footnote'><a href='http:\/\/vincentians.com\/es\/pastoral-de-la-familia-un-reto-en-un-mundo-de-deterioro-familiar\/#easy-footnote-bottom-16-120618' title='G. PASTOR RAMOS, &lt;i&gt;La familia y la transmisi\u00f3n de valores: &lt;\/i&gt;Misi\u00f3n Abierta 1 (1991) 23.'><sup>16<\/sup><\/a><\/span>.<\/p>\n<p>La educaci\u00f3n de la fe en los hogares tropieza con particulares dificultades: ya no se irradia una fe vivida y confesada espont\u00e1\u00adneamente. Predominan hoy sentimientos de impotencia y frus\u00adtraci\u00f3n en los pocos padres que se toman en serio la formaci\u00f3n cristiana de sus hijos. Pero la mayor\u00eda de los padres que se casa\u00adron por la Iglesia o no se plantean este tema o se lo conf\u00edan a los abuelos y al colegio al que env\u00edan a sus hijos. Desde aqu\u00ed quie\u00adro hacer llegar mi agradecimiento sincero, en nombre de la Igle\u00adsia, a tantos abuelos que realizan la tarea de transmitir la fe a sus nietos con paciente entusiasmo. Es necesario creer en la familia como escuela fundamental de la fe: \u00abTambi\u00e9n la familia cristia\u00adna, ense\u00f1aba Juan Pablo II, en cuanto &#8216;Iglesia dom\u00e9stica consti\u00adtuye la escuela primigenia y fundamental para la formaci\u00f3n en la fe. El padre y la madre reciben en el sacramento del matrimonio la gracia y la responsabilidad de la educaci\u00f3n cristiana en rela\u00adci\u00f3n con los hijos a los que testifican y transmiten a la vez los valores humanos y religiosos\u00bb<span id='easy-footnote-17-120618' class='easy-footnote-margin-adjust'><\/span><span class='easy-footnote'><a href='http:\/\/vincentians.com\/es\/pastoral-de-la-familia-un-reto-en-un-mundo-de-deterioro-familiar\/#easy-footnote-bottom-17-120618' title='JUAN PABLO II, &lt;i&gt;CL &lt;\/i&gt;62.'><sup>17<\/sup><\/a><\/span>.<\/p>\n<p>No se debe aguardar a que los hijos sean mayores para que ellos mismos hagan una opci\u00f3n de fe. Quien reconozca que la vida de los hijos es confiada a los padres en su totalidad, mate\u00adrial y espiritual, y quien sea consciente del influjo de la fe en la estructuraci\u00f3n de la personalidad y a la hora de modelar convic\u00adciones y sentimientos desde los primeros momentos de la exis\u00adtencia, pronto ejercer\u00e1 la ineludible tarea de ayudar a sus hijos en el desarrollo integral de su personalidad que incluye la dimen\u00adsi\u00f3n religiosa en su tarea educativa.<\/p>\n<p>La educaci\u00f3n en la fe realizada en la familia no se reduce a la mera transmisi\u00f3n de conocimientos religiosos. Los incluye, pero dentro de un proceso que ayuda a ir construyendo la pro\u00adpia vida desde la fe y desde los valores evang\u00e9licos que deben inspirarla.<\/p>\n<p>Por otra parte, la transmisi\u00f3n y la educaci\u00f3n de la fe en el \u00e1mbito familiar re\u00fane unas caracter\u00edsticas muy precisas y precio\u00adsas: se realiza desde la cercan\u00eda de un clima lleno de amor per\u00adsonalizado, en la naturalidad de lo sencillo y normal de cada d\u00eda, desde el sentimiento de seguridad y confianza por parte de los hijos, alimentada por un trato afectuoso y positivo.<\/p>\n<h4><i>3. La familia evangelizada y evangelizadora<\/i><\/h4>\n<p>Dios no llama s\u00f3lo al matrimonio, sino que llama en el matri\u00admonio. Toda la vida de los esposos, y se puede decir leg\u00edtima\u00admente que de la familia, puede ser una continua acogida de la lla\u00admada de Dios que transmite la buena noticia sobre la familia. Pero es muy dif\u00edcil, pr\u00e1cticamente imposible, para los padres transmitir a los hijos una fe que ellos no viven. Sin el testimonio personal, la autoridad de los padres cede y se quiebra. Por eso, si quieren de verdad evangelizar, han de optar por abrirse perma\u00adnentemente al Evangelio, por vivir inmersos en un proceso con\u00adtinuo de conversi\u00f3n. Y en algunos momentos, ser\u00e1n sus mismos hijos quienes les evangelicen.<\/p>\n<h4><i>4. La familia cristiana celebra la fe <\/i>y <i>ora en com\u00fan<\/i><\/h4>\n<p>La vida del creyente es un continuo di\u00e1logo con Dios que se traduce en oraci\u00f3n. La oraci\u00f3n en familia es una expresi\u00f3n de la vida de fe compartida y es fuerza que le ayuda a hacer m\u00e1s con\u00adsistente su unidad.<\/p>\n<p>Los esposos cristianos oran juntos. Siguen acogiendo el don que Dios les viene haciendo a partir de la celebraci\u00f3n sacramental de su matrimonio. Por otra parte, muchos matrimonios cristianos pueden dar testimonio de c\u00f3mo hallarse juntos ante Dios y comu\u00adnicarse con El es un camino v\u00e1lido para superar la superficialidad y ahondar en la propia comunicaci\u00f3n. Pero la comuni\u00f3n de amor y de vida propia de la familia impulsa a que los padres oren en comunidad con sus hijos, siempre que sea posible. La falta de experiencia religiosa y oracional de los padres puede ser una difi\u00adcultad real as\u00ed como tambi\u00e9n las diferentes sensibilidades de sus hijos ante lo religioso. Habr\u00e1 que supe:ar estas dificultades porque si los padres y los hijos no experimentan la necesidad de orar jun\u00adtos es que no han acogido sinceramente el evangelio de Jes\u00fas.<\/p>\n<p>No olvidemos, por otra parte, que la oraci\u00f3n en familia \u00abtiene como contenido original la misma vida de familia que en las diver\u00adsas circunstancias es interpretada como vocaci\u00f3n de Dios y es actuada como respuesta filial a su llamada\u00bb (JUAN PABLO II, FC 59). Y que la oraci\u00f3n en familia es la v\u00eda natural para facilitar el des\u00adpertar religioso que influir\u00e1 decisivamente el futuro del creyente.<\/p>\n<p>La oraci\u00f3n en familia prepara para la oraci\u00f3n y la celebraci\u00f3n lit\u00fargica. Participando activamente en las celebraciones lit\u00fargi\u00adcas y en la oraci\u00f3n de la Iglesia, la familia cristiana se siente peque\u00f1a Iglesia dom\u00e9stica y se manifiesta como porci\u00f3n viva de la comunidad cristiana grande que es la Iglesia. Esta realidad ha de llevar a los padres a velar para que sus hijos participen sobre todo en la Eucarist\u00eda dominical y a que, sobre todo las celebra\u00adciones de la Primera Comuni\u00f3n y la Confirmaci\u00f3n, no sean actos meramente sociales con abundantes elementos festivos incorpo\u00adrados artificialmente y en no pocas ocasiones superfluos.<\/p>\n<h3>B. Comunidad de amor abierta a la sociedad<\/h3>\n<p>La familia cristiana, si quiere ser fiel al evangelio de Jesu\u00adcristo y a su condici\u00f3n de peque\u00f1a Iglesia, no pude encerrarse en s\u00ed misma, sino que ha de abrirse a la sociedad en la que vive y a las exigencias universales del amor cristiano. En la Iglesia y en la sociedad irradiar\u00e1 las formas propias del amor cristia\u00adno: respeto y promoci\u00f3n de la dignidad de cada persona, prefe\u00adrencia por los m\u00e1s d\u00e9biles, solidaridad con los pobres. Desper\u00adtando a la experiencia de la paternidad de Dios, a trav\u00e9s de las relaciones vividas en la familia, ayuda a descubrir en el rostro de cada hombre, especialmente en el pobre y necesitado, el ros\u00adtro del mismo Jesucristo.<\/p>\n<p>Abierta a la sociedad en el amor, la familia educa en los valo\u00adres de la verdad, la justicia y el amor que sustentan la conviven\u00adcia verdaderamente humana. No faltan familias cristianas que en su proyecto de vida incluyen la solidaridad y la sensibilidad ante las m\u00faltiples formas de pobreza y marginaci\u00f3n.<\/p>\n<p>Viviendo en una sociedad violenta como la nuestra, las fami\u00adlias experimentan en su seno diferencias, enfrentamientos y divi\u00adsiones. Por eso es especialmente necesario que se conviertan en comunidades donde se vive el perd\u00f3n y la reconciliaci\u00f3n.<\/p>\n<h3>C. Santuario de la vida<\/h3>\n<p>La relaci\u00f3n conyugal y su plena expresi\u00f3n en la comunicaci\u00f3n y mutua donaci\u00f3n sexual est\u00e1n ordenadas por su propia din\u00e1mica interna a la procreaci\u00f3n. Por tanto la apertura de la relaci\u00f3n sexual a la transmisi\u00f3n de la vida no es algo a\u00f1adido, arbitrario y extr\u00edn\u00adseco a merced de la mera voluntad de los esposos.<\/p>\n<p>La renuncia al hijo, aplazar su concepci\u00f3n por motivos ego\u00ad\u00edstas, el miedo a la procreaci\u00f3n, se oponen a la plena expresi\u00f3n y expansi\u00f3n del amor conyugal y conducen probablemente a experimentar la frustraci\u00f3n. As\u00ed como el placer sexual que no es expresi\u00f3n de verdadera comuni\u00f3n de amor, lleva consigo con\u00advertir en cosa a la otra persona, de modo semejante separar capri\u00adchosamente la donaci\u00f3n amorosa y la fecundidad conduce a la p\u00e9rdida del sentido de gratuidad en las relaciones humanas, a la conversi\u00f3n de lo m\u00e1s \u00edntimamente personal en mercanc\u00eda de uso y abuso, y a la inconfesada persuasi\u00f3n de que todo se puede comprar y vender&#8230;<\/p>\n<p>Dios, por medio de la naturaleza, ha confiado a los esposos que se aman la tarea de transmitir la vida que la humanidad nece\u00adsita, aunque la ciencia pueda hacerlo por otros caminos. Pero nunca ser\u00e1 lo mismo fabricar un hijo que procrearlo. El ser humano s\u00f3lo encuentra el &#8216;hogar adecuado&#8217; para nacer y crecer en el seno de la familia.<\/p>\n<p>Los hijos, engendrados por el amor de los esposos, no son un factor desestabilizador de la armon\u00eda conyugal y deben ser reci\u00adbidos como elementos enriquecedores de la familia que recla\u00adman una responsabilidad compartida por parte de los padres y les estimulan a ahondar y consolidar su amor conyugal.<\/p>\n<p>Tambi\u00e9n los matrimonios que, en contra de su voluntad, no pueden tener hijos, pueden vivir una fecundidad que la naturaleza les niega. La adopci\u00f3n de ni\u00f1os, la dedicaci\u00f3n a obras de car\u00e1cter social y la entrega canalizada a trav\u00e9s del compromiso apost\u00f3lico pueden hacer fecundo el amor gozosamente compartido.<\/p>\n<p>La educaci\u00f3n de los hijos es una nueva forma de generaci\u00f3n espiritual. El hijo no es un producto fabricado por los padres para que luego sea la sociedad quien configura sus ideas y sentimien\u00adtos en funci\u00f3n de sus propios intereses, ajenos muchas veces a la voluntad de los padres. Estos tienen un derecho primario e intransferible a educar a sus hijos. Los sentimientos m\u00e1s profun\u00addos, las convicciones m\u00e1s hondas y los valores \u2014tambi\u00e9n religio\u00adsos\u2014 que inspiran toda la vida se adquieren en el seno del hogar. Por tanto, aunque no resulte f\u00e1cil, los padres no pueden renun\u00adciar a la tarea de educar a sus hijos, tarea en la que experimenta\u00adr\u00e1n tambi\u00e9n uno de sus mayores gozos.<\/p>\n<h2>V. Acciones concretas de pastoral familiar<\/h2>\n<p>La atenci\u00f3n pastoral a los matrimonios y a las familias cris\u00adtianas debe traducirse en acciones concretas como la atenci\u00f3n espiritual y la formaci\u00f3n permanente de los matrimonios, sobre todo en su misi\u00f3n de padres, la potenciaci\u00f3n de los movimientos y asociaciones que cultivan la espiritualidad conyugal y familiar, la formaci\u00f3n cristiana de las familias y la defensa de sus valores \u2014tambi\u00e9n en el campo legislativo, de la ense\u00f1anza y de los medios de comunicaci\u00f3n social\u2014 frente al deterioro causado por la cultura dominante. Hay que prestar atenci\u00f3n a un proceso gra\u00addual y continuo que abarca los siguientes momentos principales:<\/p>\n<h3>1. La preparaci\u00f3n al matrimonio<\/h3>\n<p>Al noviazgo se le ha de prestar una atenci\u00f3n especial pues \u00abes el momento del nacimiento y configuraci\u00f3n del amor, cuando se inicia un proceso de conocimiento mutuo y de maduraci\u00f3n afec\u00adtiva, que requiere una aut\u00e9ntica verificaci\u00f3n: porque s\u00f3lo el amor verdadero construye. Por ello se requiere una ayuda espec\u00edfica que se les ha de ofrecer por medios adecuados a su situaci\u00f3n per\u00adsonal. Gracias a ella, encontrar\u00e1n un apoyo decisivo para inter\u00adpretar rectamente los acontecimientos que est\u00e1n viviendo, descu\u00adbriendo la vocaci\u00f3n al amor como tarea de su vida en el marco de una espiritualidad y en referencia a la comunidad cristiana\u00bb<span id='easy-footnote-18-120618' class='easy-footnote-margin-adjust'><\/span><span class='easy-footnote'><a href='http:\/\/vincentians.com\/es\/pastoral-de-la-familia-un-reto-en-un-mundo-de-deterioro-familiar\/#easy-footnote-bottom-18-120618' title='CEE, &lt;i&gt;La familia, santuario de la vida y esperanza de la sociedad, &lt;\/i&gt;n. 169.'><sup>18<\/sup><\/a><\/span>. En este sentido Benedicto XVI reclama para los j\u00f3venes una educaci\u00f3n afectiva y moral exigente: \u00abPor eso, es preciso promo\u00adver una pastoral familiar que ofrezca a los j\u00f3venes una educaci\u00f3n afectiva y moral exigente, prepar\u00e1ndolos para comprometerse a vivir el amor conyugal de manera responsable, condici\u00f3n impor\u00adtante para la estabilidad social de las familias y de toda la sociedad.<\/p>\n<p>Ojal\u00e1 que mediante una formaci\u00f3n inicial y permanente ayud\u00e9is a las farnilias cristianas a percibir la grandeza y la importancia de su vocaci\u00f3n, exhort\u00e1ndolas sin cesar a renovar su comuni\u00f3n a trav\u00e9s de la fidelidad diaria a la promesa de la entrega mutua total, \u00fanica y exclusiva, que implica el matrimonio\u00bb<span id='easy-footnote-19-120618' class='easy-footnote-margin-adjust'><\/span><span class='easy-footnote'><a href='http:\/\/vincentians.com\/es\/pastoral-de-la-familia-un-reto-en-un-mundo-de-deterioro-familiar\/#easy-footnote-bottom-19-120618' title='BENEDICTO XVI, &lt;i&gt;Discurso a los obispos de Camer\u00fan en visita ad limina apostolorum, &lt;\/i&gt;18.3.2006.'><sup>19<\/sup><\/a><\/span>.<\/p>\n<p>La preparaci\u00f3n al matrimonio<span id='easy-footnote-20-120618' class='easy-footnote-margin-adjust'><\/span><span class='easy-footnote'><a href='http:\/\/vincentians.com\/es\/pastoral-de-la-familia-un-reto-en-un-mundo-de-deterioro-familiar\/#easy-footnote-bottom-20-120618' title='Cf. FC 66, 70-75; PONTIFICIO CONSEJO PARA LA FAMILIA, &lt;i&gt;Preparaci\u00f3n al sacramento del matrimonio &lt;\/i&gt;(Roma 13.5.1996).'><sup>20<\/sup><\/a><\/span> nunca puede reducirse a los requisitos inmediatos para una celebraci\u00f3n can\u00f3nicamente v\u00e1li\u00adda de la boda, sino que es un proceso \u00aban\u00e1logo al catecumena\u00addo\u00bb (FC. 66), que comienza en los primeros a\u00f1os de la vida y no termina nunca del todo. En la realidad este proceso o no se da o existe m\u00ednimamente. Muchas veces lo que realmente se preten\u00adde es no dejar un vac\u00edo. El car\u00e1cter catecumenal se reduce en ocasiones a pasar como de puntillas sobre el amor conyugal y el matrimonio en el plan de Dios y como sacramento de la Iglesia. Cuando convocamos a la preparaci\u00f3n al matrimonio de una manera demasiado abierta, es muy dif\u00edcil hacer de la preparaci\u00f3n algo que tenga sabor verdaderamente catecumenal, dada la dis\u00adparidad de niveles de fe, desigualdad de formaci\u00f3n, intereses, motivaciones, etc&#8230; Llegamos a los novios demasiado tarde, des\u00adpu\u00e9s de un vac\u00edo catequ\u00e9tico de a\u00f1os; cuando lo que m\u00e1s nece\u00adsitan es un redescubrimiento de la fe cristiana antes que una pre\u00adparaci\u00f3n al matrimonio. De todos modos, creo que es un reto que tenemos delante para estimular la creatividad. Cuidando, por supuesto, no caer en elitismos de ning\u00fan tipo.<\/p>\n<p>La <i>Familiaris consortio <\/i>(n\u00b0 66) distingue tres etapas en la preparaci\u00f3n al matrimonio: remota, pr\u00f3xima e inmediata.<\/p>\n<p>a. <i>Remota: <\/i>todo lo que contribuye a la madurez de la persona puede considerarse como preparaci\u00f3n al matrimonio. En esta etapa juega un papel primordial la familia, m\u00e1s testimoniando con su vida unos valores que adoctrinando a los hijos.<\/p>\n<p>b. <i>Pr\u00f3xima: <\/i>Hay que cuidar la acogida cordial de los novios, una tarea que reclama calor humano, inter\u00e9s por sus preocupa\u00adciones y comuni\u00f3n con sus ilusiones y proyectos. Luego vendr\u00e1 una catequesis intensa que capacite para asumir libremente las exigencias del matrimonio cristiano. Creo sinceramente que esto todav\u00eda es m\u00e1s prop\u00f3sito que realidad entre nosotros. \u00abLos Cur\u00adsos prematrimoniales \u2014afirman los obispos espa\u00f1oles en <i>La familia, santuario de la vida&#8230; <\/i>n. 171\u2014 suponen una ocasi\u00f3n \u00fanica para muchas personas en orden a comprender el designio de Dios sobre el matrimonio y la familia. Ante la secularizaci\u00f3n del matrimonio y las dificultades de asumir las obligaciones al mismo, se comprende su necesidad. Estos cursos forman parte de la labor pastoral de la Iglesia, y muchas veces son el primer encuentro de los novios con ella despu\u00e9s de a\u00f1os de ausencia. Es necesario, por tanto, guardar su sentido enteramente eclesial evi\u00adtando presentar opiniones personales en temas en los que se juega la verdad del matrimonio y la familia. La integridad de esta verdad exige el incluir los aspectos evang\u00e9licos, eclesiales, morales y humanos del matrimonio. Ha de presentarse el n\u00facleo del mensaje cristiano como algo que afecta al sentido de la vida del hombre y origine una esperanza en la vida nueva otorgada por Cristo. Es especialmente importante que los sacerdotes dia\u00adloguen personalmente con los novios de tal manera que les ayu\u00adden a profundizar en su proyecto y motivaciones, a verificar su madurez y las condiciones de validez del matrimonio, y a prepa\u00adrarse espiritualmente para recibir este sacramento. As\u00ed su cele\u00adbraci\u00f3n supondr\u00e1 un crecimiento en la fe y un reconocimiento y adhesi\u00f3n a la Iglesia\u00bb.<\/p>\n<p>\u00abSe trata de programar, indica el Directorio de Pastoral Fami\u00adliar en el n\u00b0 109, a modo de \u00abcatecumenado\u00bb un <i>\u00abitinerario de fe\u00bb <\/i>en el que, de manera gradual y progresiva, se acompa\u00f1ar\u00e1 a los que se preparan para el matrimonio. En ning\u00fan caso se pue\u00adden reducir a la transmisi\u00f3n de unas verdades, sino que debe consistir en una verdadera <i>formaci\u00f3n integral <\/i>de las personas en un crecimiento humano, que comprende la maduraci\u00f3n en las virtudes humanas, en la fe, la oraci\u00f3n, la vida lit\u00fargica, el com\u00adpromiso eclesial y social, etc.\u00bb&#8216;<\/p>\n<p>c. <i>Inmediata: <\/i>\u00e9sta se orienta ya a la preparaci\u00f3n de la celebra\u00adci\u00f3n del sacramento en los momentos cercanos a la boda.<\/p>\n<p>El di\u00e1logo pastoral con los novios tiene que combinar siem\u00adpre la acogida, la comprensi\u00f3n y la ayuda con la exigencia prof\u00e9tica para que no se instrumentalice el sacramento del matrimonio.<\/p>\n<p>\u00abDesde esta perspectiva, la pastoral de preparaci\u00f3n al matri\u00admonio habr\u00e1 de realizarse de manera que se pueda calificar como:<\/p>\n<ul>\n<li>de <i>anuncio, <\/i>capaz de mostrar la excelencia de la vocaci\u00f3n matrimonial en el plan de Dios;<\/li>\n<li>de <i>ayuda y acogida, <\/i>que ofrezca un camino de seguimien\u00adto para una aut\u00e9ntica formaci\u00f3n en la madurez de la perso\u00adna, seg\u00fan la medida de Cristo;<\/li>\n<li><i>diferenciada, <\/i>acomodada a la diversa condici\u00f3n y forma\u00adci\u00f3n de las personas;<\/li>\n<li><i>progresiva, <\/i>seg\u00fan el plano de superaci\u00f3n y exigencia que comporta siempre la fidelidad al designio divino sobre las personas; y<\/li>\n<li><i>pr\u00e1ctica, <\/i>que tenga en cuenta todas las posibilidades de actuaci\u00f3n en este \u00e1mbito y la coordinaci\u00f3n de las mismas.<\/li>\n<\/ul>\n<p>De la profundidad y solidez de esta preparaci\u00f3n van a depen\u00adder, en gran medida, las sucesivas etapas de la pastoral familiar. Se ha de dar un cuidado especial a esta preparaci\u00f3n, proporcio\u00adnando medios, personas y actividades significativas que sean, en su conjunto, claro y vivo anuncio de la verdad del Evan\u00adgelio del matrimonio y la familia\u00bb (DIRECTORIO DE PASTORAL FAMILIAR, n. 76).<\/p>\n<h3>2. La celebraci\u00f3n del matrimonio<\/h3>\n<p>Creo que es una necesidad sentida \u2014y en las Orientaciones del Nuevo Ritual se reclama\u2014 que las celebraciones del sacramento del matrimonio sean diferenciadas, es decir, tengan en cuenta el nivel de fe y la situaci\u00f3n peculiar tanto de los novios como de sus acompa\u00f1antes. Se ha de aspirar a una celebraci\u00f3n &#8216;v\u00e1lida, digna y fructuosa&#8217; en la que el rito sea &#8216;sencillo y digno&#8217;, incorporando elementos de la propia cultura que ayuden a expresar el profundo significado humano y cristiano de la alianza conyugal (FC. 67).<\/p>\n<p>La celebraci\u00f3n del sacramento del matrimonio no puede verse reducida a un mero acto social, sino que ha de ser una cele\u00adbraci\u00f3n festiva en la que se ponga de manifiesto la experiencia salv\u00edfica de &#8216;amarse en el Se\u00f1or&#8217; que viven los esposos purifica\u00adda y potenciada por el sacramento. Para que esto ocurra son necesarias unas actitudes previas:<\/p>\n<ul>\n<li>Por una parte, <i>conocer y respetar la din\u00e1mica de la cele\u00adbraci\u00f3n, <\/i>para \u2014desde ese conocimiento y respeto\u2014 introdu\u00adcir las modificaciones necesarias. La Iglesia, presidida por su ministro, acoge a los contrayentes; la Palabra de Dios los ilumina; las preguntas del escrutinio les preparan para el compromiso matrimonial; el consentimiento matrimo\u00adnial culmina sacramentalmente su amor y su entrega mutua, proyect\u00e1ndolos e injert\u00e1ndolos en el amor de Cris\u00adto a su Iglesia; la comuni\u00f3n del cuerpo y la sangre de Cris\u00adto les fortalece para vivir su amor como sacramento del amor nupcial del Se\u00f1or para con su Iglesia y los ritos con\u00adclusivos les recuerdan su misi\u00f3n en el mundo.<\/li>\n<li>Tomar muy en serio la <i>participaci\u00f3n activa de los contrayen\u00adtes, <\/i>ministros del sacramento, y de toda la asamblea cristiana. Los novios deben elegir las lecturas, los cantos, las peticiones, la f\u00f3rmula de consentimiento, etc&#8230; entre las muchas y ricas posibilidades que ofrece el Nuevo Ritual. Incluso puede ayudar mucho a todos el que brevemente manifiesten ante la asamblea por qu\u00e9 han decidido celebrar el sacramento, qu\u00e9 esperan del Se\u00f1or y de sus familiares, de sus amigos y de la comunidad cristiana en la que van a vivir como casados&#8230;<\/li>\n<li><i>Particular cuidado exige la homil\u00eda <\/i>por parte del sacerdo\u00adte o del di\u00e1cono. Se ha de evitar por todos los medios car\u00adgar las tintas en los aspectos sombr\u00edos de la convivencia matrimonial o exaltar con ternura y lirismo la fecundidad f\u00edsica, dando ya prematuros consejos pedag\u00f3gicos. No es el momento adecuado. Tampoco es oportuno. Por otra parte, la homil\u00eda no puede suplir una seria preparaci\u00f3n al matrimonio que se ha omitido. En cambio, puede servir para ayudar a los novios a penetrar en el hondo sentido de su experiencia de maduraci\u00f3n en el amor desde la fe, lo que puede significar hacer de vida de casados un signo efi\u00adcaz del amor de Dios a los hombres, las actitudes profun\u00addas con las que merece la pena afrontar esta nueva etapa de sus vidas&#8230; Alguno de estos aspectos \u2014y brevemente\u2014puede ser tocado en la homil\u00eda. Sin descuidar que el hogar cristiano tiene que ser un hogar abierto, comprometido en la lucha por la justicia, comunidad siempre dispuesta a acoger el evangelio y a evangelizar&#8230;<\/li>\n<\/ul>\n<p>\u00abPor lo que respecta a la celebraci\u00f3n, dicen los obispos espa\u00ad\u00f1oles en <i>La familia, santuario de la vida&#8230; <\/i>n. 172, se ha de procu\u00adrar que los novios sean verdaderamente &#8216;celebrantes&#8217; de su matri\u00admonio. En este sentido no dejamos de aconsejar la celebraci\u00f3n del matrimonio en el marco de la celebraci\u00f3n Eucar\u00edstica, as\u00ed como que se proponga a los contrayentes que reciban convenientemente el sacramento de la Penitencia. Se ha de cuidar en especial la misma celebraci\u00f3n para que guarde siempre su significado de un acto sacro, por encima de los formalismos sociales siempre pre\u00adsentes. Pues por el sacramento del matrimonio los contrayentes se insertan de modo especial en la historia de la salvaci\u00f3n\u00bb.<\/p>\n<h3>3. Atenci\u00f3n pastoral a la familia constituida<\/h3>\n<p>\u00abLa verdadera pastoral familiar comienza una vez que la fami\u00adlia se ha constituido. Es el momento en que tanto las dem\u00e1s fami\u00adlias de la comunidad eclesial como los mismos sacerdotes y reli\u00adgiosos deben saber acompa\u00f1ar con sencillez y naturalizad evang\u00e9lica a los esposos que se encuentran en una situaci\u00f3n nueva en su vida. En ella se enfrentan a nuevas responsabilidades que implican verdaderos retos y que en ocasiones son fuentes de con\u00adflicto y de dificultades, como pueden ser las creadas por la adap\u00adtaci\u00f3n a la vida com\u00fan o por el nacimiento de los hijos\u00bb (CEE, <i>La familia, santuario de la vida y esperanza de la sociedad, <\/i>n. 173).<\/p>\n<p>La acci\u00f3n pastoral postmatrimonial abarca el conjunto de acciones con las que la comunidad cristiana ayuda a los esposos, y a la familias, a profundizar en su vocaci\u00f3n y misi\u00f3n, \u00aba vivir responsablemente las exigencias de comuni\u00f3n y servicio a la vida, y a conciliar la intimidad de la vida en casa con la acci\u00f3n generadora para edificar la Iglesia y la sociedad humana\u00bb<span id='easy-footnote-21-120618' class='easy-footnote-margin-adjust'><\/span><span class='easy-footnote'><a href='http:\/\/vincentians.com\/es\/pastoral-de-la-familia-un-reto-en-un-mundo-de-deterioro-familiar\/#easy-footnote-bottom-21-120618' title='Juan PABLO II, &lt;i&gt;FC &lt;\/i&gt;69.'><sup>21<\/sup><\/a><\/span>.<\/p>\n<h4><i>a. Grupos, movimientos y asociaciones familiares<\/i><\/h4>\n<p>Los grupos de matrimonios j\u00f3venes han nacido algunas veces como continuidad de la preparaci\u00f3n al matrimonio y como res\u00adpuesta a la invitaci\u00f3n que el Papa formul\u00f3 de prestar especial atenci\u00f3n a las familias j\u00f3venes \u00abporque encontr\u00e1ndose en un con\u00adtexto de valores nuevos y nuevas responsabilidades, est\u00e1n expues\u00adtas, especialmente en los primeros arios de matrimonio, a eventua\u00adles dificultades como las creadas por la adaptaci\u00f3n a la vida en com\u00fan o por el nacimiento de los hijos. Los c\u00f3nyuges j\u00f3venes sepan aceptar cordialmente y valorar inteligentemente la ayuda discreta, delicada y valiente de otras parejas que desde hace tiem\u00adpo tienen ya experiencia del matrimonio y la familia\u00bb (FC. 69).<\/p>\n<p>\u00abUna de las etapas de importancia decisiva en la pastoral matrimonial, nos recuerda el Directorio de Pastoral Familiar n.156, es la que viene determinada por los primeros a\u00f1os que siguen a la celebraci\u00f3n del matrimonio. De c\u00f3mo se viva depen\u00adde en gran medida el \u00e9xito en las etapas posteriores. Es el momento de convertir su proyecto de comuni\u00f3n de personas en una realidad viva y existencial en medio del mundo, y de sus variadas circunstancias y acontecimientos. Es un importante cambio en la vida de los esposos, por lo que se ha de \u00abayudar a la pareja a descubrir y a vivir su nueva vocaci\u00f3n y misi\u00f3n\u00bb. Una ayuda que, siendo siempre necesaria, es tanto m\u00e1s urgente y reviste una mayor necesidad si, como es frecuente, existen carencias en su vida cristiana y su formaci\u00f3n. Se trata fundamen\u00adtalmente de una tarea de <i>acompa\u00f1amiento, <\/i>para que no se encuentren solos sino apoyados en esta tarea y en la superaci\u00f3n de las dificultades de la convivencia y de la vida. Es hacer efec\u00adtiva la presencia <i>eclesial <\/i>como el \u00ablugar\u00bb de la vida que les per\u00admite renovar la vida familiar que han comenzado\u00bb.<\/p>\n<p>Maite Melendo, psic\u00f3loga especialista en problemas familia\u00adres, sostiene tambi\u00e9n que el acompa\u00f1amiento pastoral a las fami\u00adlias j\u00f3venes, particularmente durante los primeros cinco a\u00f1os, es muy importante \u00abporque en ellos se va iniciando y consolidando el lenguaje propio de la comunicaci\u00f3n entre los dos. Durante esos primeros a\u00f1os se est\u00e1n poniendo los cimientos del resto de la vida en com\u00fan. Las dificultades del comienzo y el c\u00f3mo se enfocan influyen en los a\u00f1os posteriores. Cuando se empieza a vivir juntos se crean y nacen determinadas costumbres. El com\u00adportamiento rec\u00edproco asume formas siempre recurrentes, lo que en psicolog\u00eda se llama \u00abpatrones de comportamiento\u00bb<span id='easy-footnote-22-120618' class='easy-footnote-margin-adjust'><\/span><span class='easy-footnote'><a href='http:\/\/vincentians.com\/es\/pastoral-de-la-familia-un-reto-en-un-mundo-de-deterioro-familiar\/#easy-footnote-bottom-22-120618' title='M. MELENDO, &lt;i&gt;Comunicaci\u00f3n e integraci\u00f3n personal, &lt;\/i&gt;Santander 1985, 155.'><sup>22<\/sup><\/a><\/span>.<\/p>\n<p>Hemos de reconocer que formar estos grupos no es f\u00e1cil. Cuando se consolidan, sin embargo, pueden permanecer reuni\u00e9ndose bastante tiempo. Normalmente se estudian y comparten aspectos de car\u00e1cter m\u00e1s bien antropol\u00f3gico en un primer momento. Si en un segundo momento se pasa \u2014como es necesa\u00adrio pasar\u2014 a contenidos de car\u00e1cter m\u00e1s marcadamente catecu\u00admenal, suele haber parejas que se apartan del grupo. Pero es un riesgo que hay que correr necesariamente.<\/p>\n<p>A partir de los a\u00f1os 50 han surgido en la Iglesia una variada gama de movimientos matrimoniales o familiares: Equipos de Nuestra Se\u00f1ora (ENS), Encuentro Matrimonial (EM), Movi\u00admiento Familiar Cristiano (MFC), Matrimonios ACIT (=Coope\u00adradores de la Instituci\u00f3n Teresiana), Hogares Don Bosco, Cen\u00adtros de Preparaci\u00f3n al matrimonio (CPM), Matrimonios de Hermandades del Trabajo, etc&#8230;<\/p>\n<p>Crist\u00f3bal Sarrias public\u00f3 en 1979 un art\u00edculo sobre los movi\u00admientos matrimoniales en Espa\u00f1a, que se basaba en una encues\u00adta realizada previamente. Para un 71,5 por 100, sus relaciones conyugales han mejorado desde su pertenencia a este tipo de movimientos. Igualmente han mejorado su preocupaci\u00f3n por la evangelizaci\u00f3n y su disposici\u00f3n a comprender a los hijos.<\/p>\n<p>De los movimientos y asociaciones apost\u00f3licas familiares dijo Mons. Dorado en el S\u00ednodo de 1980: \u00abEn estos \u00faltimos arios han contribuido a un incremento de la conciencia sacramental de los casados y de su vocaci\u00f3n a la vida evang\u00e9lica, que los han capacitado en su funci\u00f3n educadora y que han hecho presente a la familia en la Iglesia y en la sociedad. Su experiencia constitu\u00adye una riqueza que debe ser tenida en cuenta al pensar, con sen\u00adtido de futuro, en la misi\u00f3n de la familia en la Iglesia y en el mundo de hoy. La Iglesia de hoy necesita la presencia activa y espec\u00edfica de los movimientos asociaciones familiares de clara identidad cristiana y eclesial, que sin recluirse en el intimismo de las relaciones intersubjetivas en el seno de la familia, que termi\u00adnar\u00eda por convertirse en un ego\u00edsmo de grupo, sepan desarrollar todo el dinamismo del amor cristiano que los lleve a enfrentarse con los problemas sociales que afectan a la familia \u2014falta de viviendas dignas, salarios de hambre, paro, falta de escuelas\u2014 y que los impulse a asumir su responsabilidad en la elaboraci\u00f3n de unas leyes justas y en la consecuci\u00f3n de un orden social m\u00e1s humano y m\u00e1s fraterno\u00bb.<\/p>\n<p>Estos dos peligros que se\u00f1ala Mons. Dorado, a saber, recluir\u00adse en el intimismo y la falta de coraje para enfrentarse con los problemas sociales que afectan a la familia son, desgraciada\u00admente, en muchas ocasiones m\u00e1s que peligros, realidades.<\/p>\n<p>Los matrimonios pertenecientes a Movimientos son frecuen\u00adtemente el alma de la pastoral familiar diocesana y parroquial y cada d\u00eda se van incorporando m\u00e1s a este trabajo. Pero son pocos. Muchos se contentan con trabajar dentro de su propio Movi\u00admiento y no son sensibles a esta labor apost\u00f3lica m\u00e1s abierta y en colaboraci\u00f3n con otros matrimonios que no pertenecen a movimientos.<\/p>\n<p>Los movimientos familiares acusan el problema de la apat\u00eda por parte de los matrimonios j\u00f3venes a la hora de asociarse. Hoy cuesta mucho la iniciaci\u00f3n porque la militancia cristiana nunca ha sido f\u00e1cil y menos en la actualidad. Se quejan los movimien\u00adtos de que las parroquias no muestran inter\u00e9s por ellos. Las parroquias a su vez les echan en cara que algunos de estos matri\u00admonios se quedan en la vivencia individualista de la fe o en la relaci\u00f3n de pareja y no trabajan en pastoral familiar. Los sacer\u00addotes y matrimonios cristianos deber\u00edamos ser m\u00e1s incisivos a la hora de promover y urgir la creaci\u00f3n de grupos y movimientos familiares, comprometi\u00e9ndonos sinceramente en el acompa\u00f1a\u00admiento de estos mismos grupos y movimientos.<\/p>\n<h4><i>b. Escuelas de padres<\/i><\/h4>\n<p>Ponen de relieve una constataci\u00f3n importante: dif\u00edcilmente se puede trabajar educativamente con los hijos si no se trabaja al mismo tiempo con los padres. Las escuelas de padres, con unos m\u00e9todos u otros, ayudan a captar la evoluci\u00f3n psicol\u00f3gica del ni\u00f1o\/a para adecuar a ella el trabajo educativo y estimulan la colaboraci\u00f3n de los padres con los Centros educativos de sus hijos. Desde ah\u00ed se pretende concienciarles de que ser\u00e1n educa\u00addores de m\u00e1s calidad si mejora su relaci\u00f3n conyugal y su viven\u00adcia de la fe. Joaqu\u00edn Ma Garcia de Dios, indiscutible experto en este tema, distingue varios tipos de escuelas de padres: acad\u00e9mi\u00adca, grupa!, proselitista, burocr\u00e1tica y participativa. Esta \u00faltima es la que garantiza mejores resultados.<\/p>\n<h4><i>c. <\/i><i>Semanas o Jornadas de la Familia<\/i><\/h4>\n<p>Las Jornadas o Semanas de la Familia se han ido generalizan\u00addo poco a poco. Sensibilizan cada vez con m\u00e1s fuerza en torno a la problem\u00e1tica y el papel de la familia en la Iglesia y en la socie\u00addad de hoy. El que la familia sea protagonista durante alg\u00fan tiempo en los medios de comunicaci\u00f3n locales y, en algunos casos, que las parroquias y movimientos familiares trabajen con\u00adjuntamente en ellas puede resultar muy interesante.<\/p>\n<h4><i>d. <\/i><i>Escuelas de Agentes de Pastoral Familiar<\/i><\/h4>\n<p>En muchas ocasiones se invoca, no s\u00e9 si como verdadera raz\u00f3n o como excusa, que no se puede hacer pastoral familiar por carecer de matrimonios preparados. Estas escuelas pretenden precisamente responder a esta necesidad. Quieren aportar una formaci\u00f3n te\u00f3rico-pr\u00e1ctica. No s\u00f3lo se tocan temas de sociolog\u00eda de la familia, psicolog\u00eda de la comunicaci\u00f3n, sexolog\u00eda, teolog\u00eda del matrimonio, moral y pastoral familiar&#8230;, sino que se preten\u00adde ayudar a vivir el designio de Dios sobre el matrimonio y la familia para que puedan transmitir sus propias vivencias de fe.<\/p>\n<p>La Conferencia Episcopal Espa\u00f1ola en el documento <i>La familia, santuario de la vida&#8230; <\/i>n. 175, recomienda as\u00ed la necesi\u00addad de agentes de pastoral bien formados: \u00abLa dificultad actual de la problem\u00e1tica familiar y la multitud de los temas implicados exigen unos agentes de pastoral familiar especialmente formados para esta actividad espec\u00edfica. No basta en este campo la buena voluntad, es necesario profundizar en la verdad del matrimonio y la familia, adquiriendo un conocimiento capaz de ofrecer ayuda efectiva en los problemas reales que se presentan\u00bb.<\/p>\n<h4><i>e. Atenci\u00f3n a familias con dificultades<\/i><\/h4>\n<p>Los obispos espa\u00f1oles en 1979 describ\u00edan as\u00ed la situaci\u00f3n y reclamaban una atenci\u00f3n prioritaria para estas familias: \u00abObjeto muy preferente de una pastoral familiar, inspirada en criterios evang\u00e9licos, deben ser aquellos hogares, marcados por el sufri\u00admiento, por el abandono o por la cruz: matrimonios ancianos, familias con hijos subnormales o disgregados por la emigraci\u00f3n y familias de presos, de viudas, de madres solteras, de separadas judicialmente. A la luz del Evangelio, no dudamos que se trata de situaciones que merecen una atenci\u00f3n prioritaria de la Iglesia, aun cuando no est\u00e9 a nuestro alcance dar a cada caso una soluci\u00f3n satisfactoria\u00bb<span id='easy-footnote-23-120618' class='easy-footnote-margin-adjust'><\/span><span class='easy-footnote'><a href='http:\/\/vincentians.com\/es\/pastoral-de-la-familia-un-reto-en-un-mundo-de-deterioro-familiar\/#easy-footnote-bottom-23-120618' title='CEE, &lt;i&gt;Matrimonio y familia hoy, n. &lt;\/i&gt;129.'><sup>23<\/sup><\/a><\/span>. No podemos dispensarnos de conocer con rea\u00adlismo estas situaciones, manifestar aut\u00e9ntica solidaridad cristiana, buscar remedio a trav\u00e9s de los cauces legislativos y sociales, tra\u00adtando de incorporarlas a la sociedad y a la comunidad cristiana.<\/p>\n<p>\u00abLa pastoral familiar \u2014siguen diciendo en el n\u00b0 130\u2014 tiene que incorporar como objetivos urgentes: el conocimiento real de estas situaciones, una solidaridad aut\u00e9ntica de los cristianos con esas familias, la b\u00fasqueda de cauces legislativos y sociales para remediar sus problemas y, sobre todo, la apertura de todos para incorporarlas a la sociedad y a la comunidad cristiana<span id='easy-footnote-24-120618' class='easy-footnote-margin-adjust'><\/span><span class='easy-footnote'><a href='http:\/\/vincentians.com\/es\/pastoral-de-la-familia-un-reto-en-un-mundo-de-deterioro-familiar\/#easy-footnote-bottom-24-120618' title='Ibid., n. 130.'><sup>24<\/sup><\/a><\/span>.<\/p>\n<p>Habr\u00eda que hablar tambi\u00e9n de la acogida a las familias en situaciones irregulares conjugando la verdad con la caridad, pero ser\u00eda demasiado largo para el momento.<\/p>\n<h2>Balance final<\/h2>\n<ul>\n<li>En pastoral familiar podemos afirmar con el cardenal Tettamanzi, arzobispo de Mil\u00e1n, \u00abno es poco lo que se ha hecho, pero es mucho lo que hay que hacer a\u00fan\u00bb.<\/li>\n<li>La pastoral familiar ha superado una etapa de nacimiento, pero no ha llegado a la madurez; es a\u00fan joven y desde ah\u00ed se explica la fatiga y las dificultades para su consolidaci\u00f3n.<\/li>\n<li>Cada vez m\u00e1s la pastoral familiar es una realidad donde emerge la &#8216;paradoja&#8217; de la vivencia cristiana del matrimo\u00adnio y la familia, respecto a una mentalidad que se deja guiar por el esp\u00edritu del tiempo. Si se da alguna experien\u00adcia humana donde los cristianos han de dar testimonio de la novedad del Evangelio, \u00e9sta es precisamente la vida familiar. La atenci\u00f3n prestada a las relaciones entre los esposos, la fidelidad vivida, la apertura a la vida, la aco\u00adgida y hospitalidad respecto a ni\u00f1os y ancianos, la experi\u00admentaci\u00f3n de modos nuevos de relacionarse entre las fami\u00adlias&#8230; chocan frontalmente con la cultura actual. Aunque hemos de reconocer, desgraciadamente, que muchas fami\u00adlias cristianas no representan una alternativa al estilo de vida de las familias que no creen.<\/li>\n<\/ul>\n","protected":false},"excerpt":{"rendered":"<p>\u00abEl mensaje evang\u00e9lico sobre la familia est\u00e1 hoy en el centro de una atenci\u00f3n decisiva para la existencia cristiana y la nueva evangelizaci\u00f3n&#8230; Anunciar ese proyecto divino en su plenitud y autenticidad abre el camino &#8230; <a href=\"http:\/\/vincentians.com\/es\/pastoral-de-la-familia-un-reto-en-un-mundo-de-deterioro-familiar\/\" class=\"more-link\">Read More<\/a><\/p>\n","protected":false},"author":4,"featured_media":404055,"comment_status":"open","ping_status":"open","sticky":false,"template":"","format":"standard","meta":{"jetpack_post_was_ever_published":false,"_jetpack_newsletter_access":"","_jetpack_dont_email_post_to_subs":false,"_jetpack_newsletter_tier_id":0,"_jetpack_memberships_contains_paywalled_content":false,"_jetpack_memberships_contains_paid_content":false,"footnotes":"","jetpack_publicize_message":"","jetpack_publicize_feature_enabled":true,"jetpack_social_post_already_shared":true,"jetpack_social_options":{"image_generator_settings":{"template":"highway","default_image_id":0,"font":"","enabled":false},"version":2}},"categories":[29],"tags":[172,147],"class_list":["post-120618","post","type-post","status-publish","format-standard","has-post-thumbnail","hentry","category-formacion-cristiana","tag-pobreza","tag-santo-domingo"],"yoast_head":"<!-- This site is optimized with the Yoast SEO plugin v26.3 - https:\/\/yoast.com\/wordpress\/plugins\/seo\/ -->\n<title>Pastoral de la familia, un reto en un mundo de deterioro familiar - Somos Vicencianos<\/title>\n<meta name=\"robots\" content=\"index, follow, max-snippet:-1, max-image-preview:large, max-video-preview:-1\" \/>\n<link rel=\"canonical\" href=\"https:\/\/vincentians.com\/es\/pastoral-de-la-familia-un-reto-en-un-mundo-de-deterioro-familiar\/\" \/>\n<meta property=\"og:locale\" content=\"es_ES\" \/>\n<meta property=\"og:type\" content=\"article\" \/>\n<meta property=\"og:title\" content=\"Pastoral de la familia, un reto en un mundo de deterioro familiar - Somos Vicencianos\" \/>\n<meta property=\"og:description\" content=\"\u00abEl mensaje evang\u00e9lico sobre la familia est\u00e1 hoy en el centro de una atenci\u00f3n decisiva para la existencia cristiana y la nueva evangelizaci\u00f3n&#8230; Anunciar ese proyecto divino en su plenitud y autenticidad abre el camino ... Read More\" \/>\n<meta property=\"og:url\" content=\"https:\/\/vincentians.com\/es\/pastoral-de-la-familia-un-reto-en-un-mundo-de-deterioro-familiar\/\" \/>\n<meta property=\"og:site_name\" content=\"Somos Vicencianos\" \/>\n<meta property=\"article:publisher\" content=\"https:\/\/www.facebook.com\/WeAreVincentians\/\" \/>\n<meta property=\"article:author\" content=\"https:\/\/www.facebook.com\/JavierChento\" \/>\n<meta property=\"article:published_time\" content=\"2022-09-15T06:26:49+00:00\" \/>\n<meta property=\"og:image\" content=\"https:\/\/i0.wp.com\/vincentians.com\/es\/wp-content\/uploads\/sites\/11\/2013\/04\/Hijas-de-la-Caridad-4.jpg?fit=640%2C426&ssl=1\" \/>\n\t<meta property=\"og:image:width\" content=\"640\" \/>\n\t<meta property=\"og:image:height\" content=\"426\" \/>\n\t<meta property=\"og:image:type\" content=\"image\/jpeg\" \/>\n<meta name=\"author\" content=\"Francisco Javier Fern\u00e1ndez Chento\" \/>\n<meta name=\"twitter:card\" content=\"summary_large_image\" \/>\n<meta name=\"twitter:creator\" content=\"@https:\/\/twitter.com\/javierchento\" \/>\n<meta name=\"twitter:site\" content=\"@WeVincentians\" \/>\n<meta name=\"twitter:label1\" content=\"Escrito por\" \/>\n\t<meta name=\"twitter:data1\" content=\"Francisco Javier Fern\u00e1ndez Chento\" \/>\n\t<meta name=\"twitter:label2\" content=\"Tiempo de lectura\" \/>\n\t<meta name=\"twitter:data2\" content=\"64 minutos\" \/>\n<script type=\"application\/ld+json\" class=\"yoast-schema-graph\">{\"@context\":\"https:\/\/schema.org\",\"@graph\":[{\"@type\":\"Article\",\"@id\":\"https:\/\/vincentians.com\/es\/pastoral-de-la-familia-un-reto-en-un-mundo-de-deterioro-familiar\/#article\",\"isPartOf\":{\"@id\":\"https:\/\/vincentians.com\/es\/pastoral-de-la-familia-un-reto-en-un-mundo-de-deterioro-familiar\/\"},\"author\":{\"name\":\"Francisco Javier Fern\u00e1ndez Chento\",\"@id\":\"http:\/\/vincentians.com\/es\/#\/schema\/person\/9623ef4d9aa3b2dfb8c061f1499288f2\"},\"headline\":\"Pastoral de la familia, un reto en un mundo de deterioro familiar\",\"datePublished\":\"2022-09-15T06:26:49+00:00\",\"mainEntityOfPage\":{\"@id\":\"https:\/\/vincentians.com\/es\/pastoral-de-la-familia-un-reto-en-un-mundo-de-deterioro-familiar\/\"},\"wordCount\":12725,\"commentCount\":0,\"publisher\":{\"@id\":\"http:\/\/vincentians.com\/es\/#organization\"},\"image\":{\"@id\":\"https:\/\/vincentians.com\/es\/pastoral-de-la-familia-un-reto-en-un-mundo-de-deterioro-familiar\/#primaryimage\"},\"thumbnailUrl\":\"https:\/\/i0.wp.com\/vincentians.com\/es\/wp-content\/uploads\/sites\/11\/2013\/04\/Hijas-de-la-Caridad-4.jpg?fit=640%2C426\",\"keywords\":[\"Pobreza\",\"Santo Domingo\"],\"articleSection\":[\"Formaci\u00f3n Cristiana\"],\"inLanguage\":\"es\",\"potentialAction\":[{\"@type\":\"CommentAction\",\"name\":\"Comment\",\"target\":[\"https:\/\/vincentians.com\/es\/pastoral-de-la-familia-un-reto-en-un-mundo-de-deterioro-familiar\/#respond\"]}]},{\"@type\":\"WebPage\",\"@id\":\"https:\/\/vincentians.com\/es\/pastoral-de-la-familia-un-reto-en-un-mundo-de-deterioro-familiar\/\",\"url\":\"https:\/\/vincentians.com\/es\/pastoral-de-la-familia-un-reto-en-un-mundo-de-deterioro-familiar\/\",\"name\":\"Pastoral de la familia, un reto en un mundo de deterioro familiar - Somos Vicencianos\",\"isPartOf\":{\"@id\":\"http:\/\/vincentians.com\/es\/#website\"},\"primaryImageOfPage\":{\"@id\":\"https:\/\/vincentians.com\/es\/pastoral-de-la-familia-un-reto-en-un-mundo-de-deterioro-familiar\/#primaryimage\"},\"image\":{\"@id\":\"https:\/\/vincentians.com\/es\/pastoral-de-la-familia-un-reto-en-un-mundo-de-deterioro-familiar\/#primaryimage\"},\"thumbnailUrl\":\"https:\/\/i0.wp.com\/vincentians.com\/es\/wp-content\/uploads\/sites\/11\/2013\/04\/Hijas-de-la-Caridad-4.jpg?fit=640%2C426\",\"datePublished\":\"2022-09-15T06:26:49+00:00\",\"breadcrumb\":{\"@id\":\"https:\/\/vincentians.com\/es\/pastoral-de-la-familia-un-reto-en-un-mundo-de-deterioro-familiar\/#breadcrumb\"},\"inLanguage\":\"es\",\"potentialAction\":[{\"@type\":\"ReadAction\",\"target\":[\"https:\/\/vincentians.com\/es\/pastoral-de-la-familia-un-reto-en-un-mundo-de-deterioro-familiar\/\"]}]},{\"@type\":\"ImageObject\",\"inLanguage\":\"es\",\"@id\":\"https:\/\/vincentians.com\/es\/pastoral-de-la-familia-un-reto-en-un-mundo-de-deterioro-familiar\/#primaryimage\",\"url\":\"https:\/\/i0.wp.com\/vincentians.com\/es\/wp-content\/uploads\/sites\/11\/2013\/04\/Hijas-de-la-Caridad-4.jpg?fit=640%2C426\",\"contentUrl\":\"https:\/\/i0.wp.com\/vincentians.com\/es\/wp-content\/uploads\/sites\/11\/2013\/04\/Hijas-de-la-Caridad-4.jpg?fit=640%2C426\",\"width\":640,\"height\":426},{\"@type\":\"BreadcrumbList\",\"@id\":\"https:\/\/vincentians.com\/es\/pastoral-de-la-familia-un-reto-en-un-mundo-de-deterioro-familiar\/#breadcrumb\",\"itemListElement\":[{\"@type\":\"ListItem\",\"position\":1,\"name\":\"Portada\",\"item\":\"http:\/\/vincentians.com\/es\/\"},{\"@type\":\"ListItem\",\"position\":2,\"name\":\"Pastoral de la familia, un reto en un mundo de deterioro familiar\"}]},{\"@type\":\"WebSite\",\"@id\":\"http:\/\/vincentians.com\/es\/#website\",\"url\":\"http:\/\/vincentians.com\/es\/\",\"name\":\"Somos Vicencianos\",\"description\":\"Know more to serve more\",\"publisher\":{\"@id\":\"http:\/\/vincentians.com\/es\/#organization\"},\"potentialAction\":[{\"@type\":\"SearchAction\",\"target\":{\"@type\":\"EntryPoint\",\"urlTemplate\":\"http:\/\/vincentians.com\/es\/?s={search_term_string}\"},\"query-input\":{\"@type\":\"PropertyValueSpecification\",\"valueRequired\":true,\"valueName\":\"search_term_string\"}}],\"inLanguage\":\"es\"},{\"@type\":\"Organization\",\"@id\":\"http:\/\/vincentians.com\/es\/#organization\",\"name\":\"The Vincentian Network\",\"url\":\"http:\/\/vincentians.com\/es\/\",\"logo\":{\"@type\":\"ImageObject\",\"inLanguage\":\"es\",\"@id\":\"http:\/\/vincentians.com\/es\/#\/schema\/logo\/image\/\",\"url\":\"https:\/\/i1.wp.com\/vincentians.com\/es\/wp-content\/uploads\/sites\/11\/2016\/06\/Vincentian-Network-logo-big.png?fit=778%2C778\",\"contentUrl\":\"https:\/\/i1.wp.com\/vincentians.com\/es\/wp-content\/uploads\/sites\/11\/2016\/06\/Vincentian-Network-logo-big.png?fit=778%2C778\",\"width\":778,\"height\":778,\"caption\":\"The Vincentian Network\"},\"image\":{\"@id\":\"http:\/\/vincentians.com\/es\/#\/schema\/logo\/image\/\"},\"sameAs\":[\"https:\/\/www.facebook.com\/WeAreVincentians\/\",\"https:\/\/x.com\/WeVincentians\"]},{\"@type\":\"Person\",\"@id\":\"http:\/\/vincentians.com\/es\/#\/schema\/person\/9623ef4d9aa3b2dfb8c061f1499288f2\",\"name\":\"Francisco Javier Fern\u00e1ndez Chento\",\"image\":{\"@type\":\"ImageObject\",\"inLanguage\":\"es\",\"@id\":\"http:\/\/vincentians.com\/es\/#\/schema\/person\/image\/\",\"url\":\"https:\/\/secure.gravatar.com\/avatar\/497d5cde87b4c3d097d0315953521681ba2cd523ee66e5077c3711f7021e65de?s=96&d=mm&r=g\",\"contentUrl\":\"https:\/\/secure.gravatar.com\/avatar\/497d5cde87b4c3d097d0315953521681ba2cd523ee66e5077c3711f7021e65de?s=96&d=mm&r=g\",\"caption\":\"Francisco Javier Fern\u00e1ndez Chento\"},\"description\":\"Director General y cofundador de La Red de Formaci\u00f3n Vicenciana. Javier es laico vicenciano, afiliado a la Congregaci\u00f3n de la Misi\u00f3n y miembro del Equipo de Misiones Populares de la provincia can\u00f3nica de Zaragoza (Espa\u00f1a) de la Congregaci\u00f3n de la Misi\u00f3n. Graduado en la Universidad Oberta de Catalunya con cuatro grados (Asistente de direcci\u00f3n, Gesti\u00f3n Administrativa, Recursos Humanos y Contabilidad Avanzada). Bil\u00edng\u00fce Espa\u00f1ol\/Ingl\u00e9s. gestiona y mantiene varias p\u00e1ginas web cristianas y vicencianas, incluida including La Red de Formaci\u00f3n Vicenciana, de la que es cofundador. Actualmente es responsable del \u00e1rea de Espa\u00f1ol de .famvin, la Red de Noticias de la Familia Vicenciana. Tambi\u00e9n es m\u00fasico cat\u00f3lico y ha editado varios discos. Es Director General y cofundador de Trovador, una reconocida compa\u00f1\u00eda discogr\u00e1fica critiana de Espa\u00f1a. Trabaja en las Tecnolog\u00edas de la Informaci\u00f3n, ofreciendo servicios de alojamiento, dise\u00f1o y mantenimiento Web, as\u00ed como asesoramiento, formaci\u00f3n y soluciones inform\u00e1ticas, gesti\u00f3n documental y digitalizaci\u00f3n de textos, edici\u00f3n y maquetaci\u00f3n de libros, revistas, flyers, etc.\",\"sameAs\":[\"http:\/\/chento.org\",\"https:\/\/www.facebook.com\/JavierChento\",\"https:\/\/x.com\/https:\/\/twitter.com\/javierchento\"],\"url\":\"http:\/\/vincentians.com\/es\/author\/chento\/\"}]}<\/script>\n<!-- \/ Yoast SEO plugin. -->","yoast_head_json":{"title":"Pastoral de la familia, un reto en un mundo de deterioro familiar - Somos Vicencianos","robots":{"index":"index","follow":"follow","max-snippet":"max-snippet:-1","max-image-preview":"max-image-preview:large","max-video-preview":"max-video-preview:-1"},"canonical":"https:\/\/vincentians.com\/es\/pastoral-de-la-familia-un-reto-en-un-mundo-de-deterioro-familiar\/","og_locale":"es_ES","og_type":"article","og_title":"Pastoral de la familia, un reto en un mundo de deterioro familiar - Somos Vicencianos","og_description":"\u00abEl mensaje evang\u00e9lico sobre la familia est\u00e1 hoy en el centro de una atenci\u00f3n decisiva para la existencia cristiana y la nueva evangelizaci\u00f3n&#8230; Anunciar ese proyecto divino en su plenitud y autenticidad abre el camino ... Read More","og_url":"https:\/\/vincentians.com\/es\/pastoral-de-la-familia-un-reto-en-un-mundo-de-deterioro-familiar\/","og_site_name":"Somos Vicencianos","article_publisher":"https:\/\/www.facebook.com\/WeAreVincentians\/","article_author":"https:\/\/www.facebook.com\/JavierChento","article_published_time":"2022-09-15T06:26:49+00:00","og_image":[{"width":640,"height":426,"url":"https:\/\/i0.wp.com\/vincentians.com\/es\/wp-content\/uploads\/sites\/11\/2013\/04\/Hijas-de-la-Caridad-4.jpg?fit=640%2C426&ssl=1","type":"image\/jpeg"}],"author":"Francisco Javier Fern\u00e1ndez Chento","twitter_card":"summary_large_image","twitter_creator":"@https:\/\/twitter.com\/javierchento","twitter_site":"@WeVincentians","twitter_misc":{"Escrito por":"Francisco Javier Fern\u00e1ndez Chento","Tiempo de lectura":"64 minutos"},"schema":{"@context":"https:\/\/schema.org","@graph":[{"@type":"Article","@id":"https:\/\/vincentians.com\/es\/pastoral-de-la-familia-un-reto-en-un-mundo-de-deterioro-familiar\/#article","isPartOf":{"@id":"https:\/\/vincentians.com\/es\/pastoral-de-la-familia-un-reto-en-un-mundo-de-deterioro-familiar\/"},"author":{"name":"Francisco Javier Fern\u00e1ndez Chento","@id":"http:\/\/vincentians.com\/es\/#\/schema\/person\/9623ef4d9aa3b2dfb8c061f1499288f2"},"headline":"Pastoral de la familia, un reto en un mundo de deterioro familiar","datePublished":"2022-09-15T06:26:49+00:00","mainEntityOfPage":{"@id":"https:\/\/vincentians.com\/es\/pastoral-de-la-familia-un-reto-en-un-mundo-de-deterioro-familiar\/"},"wordCount":12725,"commentCount":0,"publisher":{"@id":"http:\/\/vincentians.com\/es\/#organization"},"image":{"@id":"https:\/\/vincentians.com\/es\/pastoral-de-la-familia-un-reto-en-un-mundo-de-deterioro-familiar\/#primaryimage"},"thumbnailUrl":"https:\/\/i0.wp.com\/vincentians.com\/es\/wp-content\/uploads\/sites\/11\/2013\/04\/Hijas-de-la-Caridad-4.jpg?fit=640%2C426","keywords":["Pobreza","Santo Domingo"],"articleSection":["Formaci\u00f3n Cristiana"],"inLanguage":"es","potentialAction":[{"@type":"CommentAction","name":"Comment","target":["https:\/\/vincentians.com\/es\/pastoral-de-la-familia-un-reto-en-un-mundo-de-deterioro-familiar\/#respond"]}]},{"@type":"WebPage","@id":"https:\/\/vincentians.com\/es\/pastoral-de-la-familia-un-reto-en-un-mundo-de-deterioro-familiar\/","url":"https:\/\/vincentians.com\/es\/pastoral-de-la-familia-un-reto-en-un-mundo-de-deterioro-familiar\/","name":"Pastoral de la familia, un reto en un mundo de deterioro familiar - Somos Vicencianos","isPartOf":{"@id":"http:\/\/vincentians.com\/es\/#website"},"primaryImageOfPage":{"@id":"https:\/\/vincentians.com\/es\/pastoral-de-la-familia-un-reto-en-un-mundo-de-deterioro-familiar\/#primaryimage"},"image":{"@id":"https:\/\/vincentians.com\/es\/pastoral-de-la-familia-un-reto-en-un-mundo-de-deterioro-familiar\/#primaryimage"},"thumbnailUrl":"https:\/\/i0.wp.com\/vincentians.com\/es\/wp-content\/uploads\/sites\/11\/2013\/04\/Hijas-de-la-Caridad-4.jpg?fit=640%2C426","datePublished":"2022-09-15T06:26:49+00:00","breadcrumb":{"@id":"https:\/\/vincentians.com\/es\/pastoral-de-la-familia-un-reto-en-un-mundo-de-deterioro-familiar\/#breadcrumb"},"inLanguage":"es","potentialAction":[{"@type":"ReadAction","target":["https:\/\/vincentians.com\/es\/pastoral-de-la-familia-un-reto-en-un-mundo-de-deterioro-familiar\/"]}]},{"@type":"ImageObject","inLanguage":"es","@id":"https:\/\/vincentians.com\/es\/pastoral-de-la-familia-un-reto-en-un-mundo-de-deterioro-familiar\/#primaryimage","url":"https:\/\/i0.wp.com\/vincentians.com\/es\/wp-content\/uploads\/sites\/11\/2013\/04\/Hijas-de-la-Caridad-4.jpg?fit=640%2C426","contentUrl":"https:\/\/i0.wp.com\/vincentians.com\/es\/wp-content\/uploads\/sites\/11\/2013\/04\/Hijas-de-la-Caridad-4.jpg?fit=640%2C426","width":640,"height":426},{"@type":"BreadcrumbList","@id":"https:\/\/vincentians.com\/es\/pastoral-de-la-familia-un-reto-en-un-mundo-de-deterioro-familiar\/#breadcrumb","itemListElement":[{"@type":"ListItem","position":1,"name":"Portada","item":"http:\/\/vincentians.com\/es\/"},{"@type":"ListItem","position":2,"name":"Pastoral de la familia, un reto en un mundo de deterioro familiar"}]},{"@type":"WebSite","@id":"http:\/\/vincentians.com\/es\/#website","url":"http:\/\/vincentians.com\/es\/","name":"Somos Vicencianos","description":"Know more to serve more","publisher":{"@id":"http:\/\/vincentians.com\/es\/#organization"},"potentialAction":[{"@type":"SearchAction","target":{"@type":"EntryPoint","urlTemplate":"http:\/\/vincentians.com\/es\/?s={search_term_string}"},"query-input":{"@type":"PropertyValueSpecification","valueRequired":true,"valueName":"search_term_string"}}],"inLanguage":"es"},{"@type":"Organization","@id":"http:\/\/vincentians.com\/es\/#organization","name":"The Vincentian Network","url":"http:\/\/vincentians.com\/es\/","logo":{"@type":"ImageObject","inLanguage":"es","@id":"http:\/\/vincentians.com\/es\/#\/schema\/logo\/image\/","url":"https:\/\/i1.wp.com\/vincentians.com\/es\/wp-content\/uploads\/sites\/11\/2016\/06\/Vincentian-Network-logo-big.png?fit=778%2C778","contentUrl":"https:\/\/i1.wp.com\/vincentians.com\/es\/wp-content\/uploads\/sites\/11\/2016\/06\/Vincentian-Network-logo-big.png?fit=778%2C778","width":778,"height":778,"caption":"The Vincentian Network"},"image":{"@id":"http:\/\/vincentians.com\/es\/#\/schema\/logo\/image\/"},"sameAs":["https:\/\/www.facebook.com\/WeAreVincentians\/","https:\/\/x.com\/WeVincentians"]},{"@type":"Person","@id":"http:\/\/vincentians.com\/es\/#\/schema\/person\/9623ef4d9aa3b2dfb8c061f1499288f2","name":"Francisco Javier Fern\u00e1ndez Chento","image":{"@type":"ImageObject","inLanguage":"es","@id":"http:\/\/vincentians.com\/es\/#\/schema\/person\/image\/","url":"https:\/\/secure.gravatar.com\/avatar\/497d5cde87b4c3d097d0315953521681ba2cd523ee66e5077c3711f7021e65de?s=96&d=mm&r=g","contentUrl":"https:\/\/secure.gravatar.com\/avatar\/497d5cde87b4c3d097d0315953521681ba2cd523ee66e5077c3711f7021e65de?s=96&d=mm&r=g","caption":"Francisco Javier Fern\u00e1ndez Chento"},"description":"Director General y cofundador de La Red de Formaci\u00f3n Vicenciana. Javier es laico vicenciano, afiliado a la Congregaci\u00f3n de la Misi\u00f3n y miembro del Equipo de Misiones Populares de la provincia can\u00f3nica de Zaragoza (Espa\u00f1a) de la Congregaci\u00f3n de la Misi\u00f3n. Graduado en la Universidad Oberta de Catalunya con cuatro grados (Asistente de direcci\u00f3n, Gesti\u00f3n Administrativa, Recursos Humanos y Contabilidad Avanzada). Bil\u00edng\u00fce Espa\u00f1ol\/Ingl\u00e9s. gestiona y mantiene varias p\u00e1ginas web cristianas y vicencianas, incluida including La Red de Formaci\u00f3n Vicenciana, de la que es cofundador. Actualmente es responsable del \u00e1rea de Espa\u00f1ol de .famvin, la Red de Noticias de la Familia Vicenciana. Tambi\u00e9n es m\u00fasico cat\u00f3lico y ha editado varios discos. Es Director General y cofundador de Trovador, una reconocida compa\u00f1\u00eda discogr\u00e1fica critiana de Espa\u00f1a. Trabaja en las Tecnolog\u00edas de la Informaci\u00f3n, ofreciendo servicios de alojamiento, dise\u00f1o y mantenimiento Web, as\u00ed como asesoramiento, formaci\u00f3n y soluciones inform\u00e1ticas, gesti\u00f3n documental y digitalizaci\u00f3n de textos, edici\u00f3n y maquetaci\u00f3n de libros, revistas, flyers, etc.","sameAs":["http:\/\/chento.org","https:\/\/www.facebook.com\/JavierChento","https:\/\/x.com\/https:\/\/twitter.com\/javierchento"],"url":"http:\/\/vincentians.com\/es\/author\/chento\/"}]}},"jetpack_publicize_connections":[],"jetpack_featured_media_url":"https:\/\/i0.wp.com\/vincentians.com\/es\/wp-content\/uploads\/sites\/11\/2013\/04\/Hijas-de-la-Caridad-4.jpg?fit=640%2C426","jetpack_sharing_enabled":true,"jetpack_shortlink":"https:\/\/wp.me\/p7ETMF-vns","jetpack-related-posts":[{"id":135582,"url":"http:\/\/vincentians.com\/es\/celam-documento-de-la-aparecida-2007\/","url_meta":{"origin":120618,"position":0},"title":"Celam: Documento de La Aparecida (2007)","author":"Francisco Javier Fern\u00e1ndez Chento","date":"01\/02\/2015","format":false,"excerpt":"Resumen 1. Los obispos reunidos en la V Conferencia General del Episcopado de Am\u00e9rica Latina y El Caribe quieren impulsar, con el acontecimiento celebrado junto a Nuestra Se\u00f1ora Aparecida en el esp\u00edritu de \u201cun nuevo Pentecost\u00e9s\u201d, y con el documento final que resume las conclusiones de su di\u00e1logo, una renovaci\u00f3n\u2026","rel":"","context":"En \u00abConsejo Episcopal Latinoamericano\u00bb","block_context":{"text":"Consejo Episcopal Latinoamericano","link":"http:\/\/vincentians.com\/es\/category\/formacion-cristiana\/consejo-episcopal-latinoamericano\/"},"img":{"alt_text":"","src":"https:\/\/i0.wp.com\/vincentians.com\/es\/wp-content\/uploads\/sites\/11\/2016\/07\/celam.jpg?fit=1200%2C630&resize=350%2C200","width":350,"height":200,"srcset":"https:\/\/i0.wp.com\/vincentians.com\/es\/wp-content\/uploads\/sites\/11\/2016\/07\/celam.jpg?fit=1200%2C630&resize=350%2C200 1x, https:\/\/i0.wp.com\/vincentians.com\/es\/wp-content\/uploads\/sites\/11\/2016\/07\/celam.jpg?fit=1200%2C630&resize=525%2C300 1.5x, https:\/\/i0.wp.com\/vincentians.com\/es\/wp-content\/uploads\/sites\/11\/2016\/07\/celam.jpg?fit=1200%2C630&resize=700%2C400 2x, https:\/\/i0.wp.com\/vincentians.com\/es\/wp-content\/uploads\/sites\/11\/2016\/07\/celam.jpg?fit=1200%2C630&resize=1050%2C600 3x"},"classes":[]},{"id":139666,"url":"http:\/\/vincentians.com\/es\/pastores-de-comunidades-cristianas\/","url_meta":{"origin":120618,"position":1},"title":"Pastores de Comunidades Cristianas","author":"Francisco Javier Fern\u00e1ndez Chento","date":"23\/02\/2015","format":false,"excerpt":"\u00abTened cuidado de vosotros y de todo el reba\u00f1o en que \u00adel Esp\u00edritu os ha puesto como guardianes, siendo as\u00ed pastores de la Iglesia de \u00adDios, que \u00e9l adquiri\u00f3 con la sangre de su Hijo\u00bb. (Hch 20,28). \u00ab1. Entre las actividades apost\u00f3licas de la Congregaci\u00f3n se cuentan las parroquias, con\u2026","rel":"","context":"En \u00abEspiritualidad vicenciana\u00bb","block_context":{"text":"Espiritualidad vicenciana","link":"http:\/\/vincentians.com\/es\/category\/espiritualidad\/espiritualidad-vicenciana\/"},"img":{"alt_text":"comunidad joven","src":"https:\/\/i0.wp.com\/vicencianos.org\/wp-content\/2015\/02\/comunidad-joven-300x223.jpg?resize=350%2C200","width":350,"height":200},"classes":[]},{"id":120614,"url":"http:\/\/vincentians.com\/es\/una-antropologia-de-la-santidad-un-reto-para-la-familia-vicenciana\/","url_meta":{"origin":120618,"position":2},"title":"Una antropolog\u00eda de la santidad: un reto para la Familia Vicenciana","author":"Francisco Javier Fern\u00e1ndez Chento","date":"19\/03\/2015","format":false,"excerpt":"Introducci\u00f3n Necesidad de la santidad de vida Agradezco de nuevo a los PP. Pa\u00fales de esta casa la invita\u00adci\u00f3n que me hab\u00e9is hecho para compartir un tiempo de reflexi\u00f3n y meditaci\u00f3n en alta voz sobre lo m\u00e1s necesario en nuestro tiem\u00adpo. Os hablo desde el coraz\u00f3n, desde la experiencia de\u2026","rel":"","context":"En \u00abEspiritualidad vicenciana\u00bb","block_context":{"text":"Espiritualidad vicenciana","link":"http:\/\/vincentians.com\/es\/category\/espiritualidad\/espiritualidad-vicenciana\/"},"img":{"alt_text":"arbol_vicenciano_color1","src":"https:\/\/i0.wp.com\/vicencianos.org\/wp-content\/2012\/12\/arbol_vicenciano_color1-252x300.jpg?resize=350%2C200","width":350,"height":200},"classes":[]},{"id":141245,"url":"http:\/\/vincentians.com\/es\/ano-de-la-vida-consagrada\/","url_meta":{"origin":120618,"position":3},"title":"A\u00f1o de la Vida Consagrada","author":"Francisco Javier Fern\u00e1ndez Chento","date":"08\/03\/2015","format":false,"excerpt":"Cuando se lee o se estudia la Historia de la Espiritualidad Cristiana, aparece \u00e9sta en buena medida determinada por los grandes maestros que han impulsado o protagonizado la vida consagrada: San Basilio, San Agust\u00edn, San Benito, San Bernardo, San Francisco de As\u00eds, Santo Domingo de Guzm\u00e1n\u2026 A trav\u00e9s de todos\u2026","rel":"","context":"En \u00abFormaci\u00f3n Cristiana\u00bb","block_context":{"text":"Formaci\u00f3n Cristiana","link":"http:\/\/vincentians.com\/es\/category\/formacion-cristiana\/"},"img":{"alt_text":"vida_consagrada","src":"https:\/\/i0.wp.com\/vicencianos.org\/wp-content\/2015\/03\/vida_consagrada.jpg?resize=350%2C200","width":350,"height":200,"srcset":"https:\/\/i0.wp.com\/vicencianos.org\/wp-content\/2015\/03\/vida_consagrada.jpg?resize=350%2C200 1x, https:\/\/i0.wp.com\/vicencianos.org\/wp-content\/2015\/03\/vida_consagrada.jpg?resize=525%2C300 1.5x"},"classes":[]},{"id":120725,"url":"http:\/\/vincentians.com\/es\/los-movimientos-juveniles-como-transmisores-de-la-fe\/","url_meta":{"origin":120618,"position":4},"title":"Los movimientos juveniles como transmisores de la fe","author":"Francisco Javier Fern\u00e1ndez Chento","date":"15\/10\/2022","format":false,"excerpt":"En la Jornada Mundial de la Juventud en Colonia (agosto de 2005) pude sentir el peso de los \"movimientos juve\u00adniles\" en la pastoral con j\u00f3venes. A pesar de la unidad que se viv\u00eda entre todos los convocados por Cristo, se apreciaba la pluralidad y riqueza de \"carismas\" que se manifestaban\u2026","rel":"","context":"En \u00abJuventud\u00bb","block_context":{"text":"Juventud","link":"http:\/\/vincentians.com\/es\/category\/servicios-y-ministerios\/juventud\/"},"img":{"alt_text":"","src":"https:\/\/i0.wp.com\/vincentians.com\/es\/wp-content\/uploads\/sites\/11\/2016\/08\/iglesia-de-los-pobres.jpg?fit=1200%2C630&resize=350%2C200","width":350,"height":200,"srcset":"https:\/\/i0.wp.com\/vincentians.com\/es\/wp-content\/uploads\/sites\/11\/2016\/08\/iglesia-de-los-pobres.jpg?fit=1200%2C630&resize=350%2C200 1x, https:\/\/i0.wp.com\/vincentians.com\/es\/wp-content\/uploads\/sites\/11\/2016\/08\/iglesia-de-los-pobres.jpg?fit=1200%2C630&resize=525%2C300 1.5x, https:\/\/i0.wp.com\/vincentians.com\/es\/wp-content\/uploads\/sites\/11\/2016\/08\/iglesia-de-los-pobres.jpg?fit=1200%2C630&resize=700%2C400 2x, https:\/\/i0.wp.com\/vincentians.com\/es\/wp-content\/uploads\/sites\/11\/2016\/08\/iglesia-de-los-pobres.jpg?fit=1200%2C630&resize=1050%2C600 3x"},"classes":[]},{"id":141368,"url":"http:\/\/vincentians.com\/es\/4o-domingo-de-cuaresma-reflexion-de-jose-antonio-pagola-3\/","url_meta":{"origin":120618,"position":5},"title":"4\u00ba domingo de Cuaresma (reflexi\u00f3n de Jos\u00e9 Antonio Pagola)","author":"Francisco Javier Fern\u00e1ndez Chento","date":"09\/03\/2015","format":false,"excerpt":"Dios ama el mundo No es una frase m\u00e1s. Palabras que se podr\u00edan eliminar del Evangelio, sin que nada importante cambiara. Es la afirmaci\u00f3n que recoge el n\u00facleo esencial de la fe cristiana. \u00abTanto am\u00f3 Dios al mundo que entreg\u00f3 a su Hijo \u00fanico\u00bb. Este amor de Dios es el\u2026","rel":"","context":"En \u00abHomil\u00edas y reflexiones, A\u00f1o B\u00bb","block_context":{"text":"Homil\u00edas y reflexiones, A\u00f1o B","link":"http:\/\/vincentians.com\/es\/category\/homilias-y-reflexiones-a-la-palabra-de-dios\/homilias-y-reflexiones-ano-b\/"},"img":{"alt_text":"","src":"https:\/\/i0.wp.com\/vincentians.com\/es\/wp-content\/uploads\/sites\/11\/2016\/07\/reflexiones-pagola.jpg?fit=1200%2C630&resize=350%2C200","width":350,"height":200,"srcset":"https:\/\/i0.wp.com\/vincentians.com\/es\/wp-content\/uploads\/sites\/11\/2016\/07\/reflexiones-pagola.jpg?fit=1200%2C630&resize=350%2C200 1x, https:\/\/i0.wp.com\/vincentians.com\/es\/wp-content\/uploads\/sites\/11\/2016\/07\/reflexiones-pagola.jpg?fit=1200%2C630&resize=525%2C300 1.5x, https:\/\/i0.wp.com\/vincentians.com\/es\/wp-content\/uploads\/sites\/11\/2016\/07\/reflexiones-pagola.jpg?fit=1200%2C630&resize=700%2C400 2x, https:\/\/i0.wp.com\/vincentians.com\/es\/wp-content\/uploads\/sites\/11\/2016\/07\/reflexiones-pagola.jpg?fit=1200%2C630&resize=1050%2C600 3x"},"classes":[]}],"_links":{"self":[{"href":"http:\/\/vincentians.com\/es\/wp-json\/wp\/v2\/posts\/120618","targetHints":{"allow":["GET"]}}],"collection":[{"href":"http:\/\/vincentians.com\/es\/wp-json\/wp\/v2\/posts"}],"about":[{"href":"http:\/\/vincentians.com\/es\/wp-json\/wp\/v2\/types\/post"}],"author":[{"embeddable":true,"href":"http:\/\/vincentians.com\/es\/wp-json\/wp\/v2\/users\/4"}],"replies":[{"embeddable":true,"href":"http:\/\/vincentians.com\/es\/wp-json\/wp\/v2\/comments?post=120618"}],"version-history":[{"count":1,"href":"http:\/\/vincentians.com\/es\/wp-json\/wp\/v2\/posts\/120618\/revisions"}],"predecessor-version":[{"id":404386,"href":"http:\/\/vincentians.com\/es\/wp-json\/wp\/v2\/posts\/120618\/revisions\/404386"}],"wp:featuredmedia":[{"embeddable":true,"href":"http:\/\/vincentians.com\/es\/wp-json\/wp\/v2\/media\/404055"}],"wp:attachment":[{"href":"http:\/\/vincentians.com\/es\/wp-json\/wp\/v2\/media?parent=120618"}],"wp:term":[{"taxonomy":"category","embeddable":true,"href":"http:\/\/vincentians.com\/es\/wp-json\/wp\/v2\/categories?post=120618"},{"taxonomy":"post_tag","embeddable":true,"href":"http:\/\/vincentians.com\/es\/wp-json\/wp\/v2\/tags?post=120618"}],"curies":[{"name":"wp","href":"https:\/\/api.w.org\/{rel}","templated":true}]}}