{"id":119881,"date":"2015-02-15T03:30:15","date_gmt":"2015-02-15T02:30:15","guid":{"rendered":"http:\/\/somos.vicencianos.org\/?p=119881"},"modified":"2016-07-26T19:17:55","modified_gmt":"2016-07-26T17:17:55","slug":"identificacion-de-jesucristo-con-el-pobre-parte-ii-capitulo-2","status":"publish","type":"post","link":"http:\/\/vincentians.com\/es\/identificacion-de-jesucristo-con-el-pobre-parte-ii-capitulo-2\/","title":{"rendered":"Identificaci\u00f3n de Jesucristo con el pobre. Parte II, Cap\u00edtulo 2"},"content":{"rendered":"<h2>II: La naturaleza y la gracia en san Vicente<\/h2>\n<p>Vicente de Pa\u00fal para cumplir su misi\u00f3n estaba dotado de cualidades naturales y sobrenaturales. Es dif\u00edcil hallar un coraz\u00f3n m\u00e1s grande, junto a un gran car\u00e1cter.Am\u00f3 la parte m\u00edsera y problem\u00e1tica de la humanidad porque detr\u00e1s de un rostro sufriente, de unos miembros cubiertos de harapos, su fe viva de santo descubr\u00eda el divino Paciente.<\/p>\n<p>Pero he aqu\u00ed un punto que si insisti\u00e9ramos en \u00e9l exclusi\u00advamente nos dar\u00eda una idea incompleta o deformada del alma de Vicente de Pa\u00fal.<\/p>\n<p>Podr\u00eda seguirse el pensar que am\u00f3 m\u00edsticamente a Cristo oculto y representado en la persona de los pobres, pero no a los pobres mismos: el amor y veneraci\u00f3n de Vicente pasa\u00adr\u00eda as\u00ed a trav\u00e9s de estas figuras dolientes pero no se deten\u00addr\u00eda en ellas, incluso podr\u00eda coexistir con cierta repugnancia natural.<\/p>\n<p>Ya hemos visto en la la Parte que no es \u00e9ste el sentido querido por Jes\u00fas al darse a amar en la persona de los m\u00e1s peque\u00f1os. No puede ser un amor de sustituci\u00f3n sino de complemento.<\/p>\n<h3><i>1. Distintas facetas de una misma caridad<\/i><\/h3>\n<p>En la mayor\u00eda de los hombres a\u00fan los mejores, la fra\u00adternidad es una virtud, conclusi\u00f3n de un razonamiento o ascesis cristiana.<\/p>\n<p>En el fondo de su alma Vicente, espont\u00e1neamente, natu\u00adralmente, se siente hermano del abandonado y del miserable. Si hace sentarse cada d\u00eda dos pobres a su mesa es sin duda para honrar a N. Se\u00f1or en su persona. Pero \u00e9l no tiene ne\u00adcesidad de este motivo de religi\u00f3n para acogerlos cort\u00e9s\u00admente y servirlos de sus manos. Son sus hermanos. El los acoge como hermanos.El amor de Vicente por sus pobres siendo uno s\u00f3lo, en realidad reviste netamente dos aspectos.<\/p>\n<p>El ama al hombre, al pobre especialmente, como hom\u00adbre, como hermano, y como miembro sufriente de Cristo, como Cristo mismo.<\/p>\n<p>El primer aspecto es de orden humano; si se quiere, de fraternidad cristiana; el segundo es puramente m\u00edstico.<\/p>\n<p>Sabemos que lo sobrenatural no anula sino que com\u00adpleta los valores naturales. Es precisamente de la fusi\u00f3n de elementos naturales y sobrenaturales, del amor al hermano y del amor a Cristo, que nace la milagrosa caridad de que rebosa el coraz\u00f3n de este santo.<\/p>\n<p>Nacido entre pobres gentes, hechas al trabajo y a la austeridad, Vicente ha formado su infancia en estas precio\u00adsas cualidades que han distinguido a las gentes del campo.<\/p>\n<p>Y de aqu\u00ed ha provenido su intenso amor a las pobres gentes. Este hombre, como se complace en llamarle un autor dando aqu\u00ed a esta palabra todo su contenido humano, tiene necesidad de los hombres para llegar a Dios<span id='easy-footnote-1-119881' class='easy-footnote-margin-adjust'><\/span><span class='easy-footnote'><a href='http:\/\/vincentians.com\/es\/identificacion-de-jesucristo-con-el-pobre-parte-ii-capitulo-2\/#easy-footnote-bottom-1-119881' title='\u00abTras humain, tr\u00e9s impressonnable \u00e1 tont ce que disent, font ou souffrent ses fr\u00e9res humains, il a besoin du commerce des hommes pour s&amp;#8217;\u00e9panouir mame \u00e1 la vertu. &lt;i&gt;Muy humano, f\u00e1cilmente impresionable por todo lo que dicen, hacen o sufren sus hermanos los hombres, tiene ne\u00adcesidad del trato con los seres humanos para realizarse a\u00fan por lo que respecta a la virtud\u00bb. &lt;\/i&gt;HENRI BR\u00c9MOND, &lt;i&gt;Histoire litt\u00e9raire du sentiment religieux en France. &lt;\/i&gt;Paris, 1929, t. III, p. 248.'><sup>1<\/sup><\/a><\/span>.<\/p>\n<p>Se halla bien entre las gentes pobres. Mucho m\u00e1s a su gusto que cuando se ve obligado a frecuentar los lujosos ambientes de la Corte de la que no lleg\u00f3 a aprender las ma\u00adneras, ni le suscitaba inter\u00e9s alguno hacerlo, como tantos finos y cortesanos eclesi\u00e1sticos de su tiempo.La veracidad y las cualidades humanas de coraz\u00f3n y de alma nacen como en terreno m\u00e1s propio entre los pueblos campesinos y las pobres gentes en general que en los ambien\u00adtes cultivados y artificiales donde se mov\u00eda la aristocracia en tiempo de San Vicente especialmente<span id='easy-footnote-2-119881' class='easy-footnote-margin-adjust'><\/span><span class='easy-footnote'><a href='http:\/\/vincentians.com\/es\/identificacion-de-jesucristo-con-el-pobre-parte-ii-capitulo-2\/#easy-footnote-bottom-2-119881' title='\u00abEn toutes les choses, il r\u00e9agira en paysan, sans se laisser \u00e9blouir par le faux \u00e9clat&amp;#8230; Il saura que toute la vie n&amp;#8217;est pas concentr\u00e9e \u00e1 Paris, \u00e1 la Cour, \u00e1 la universit\u00e9, aux cercles mondains, mais qu&amp;#8217;il y a les champs, les bl\u00e9s, les troupeaux. et les gens des champs qui peinent, des ames sim\u00adples, tras dignes de connaitre Dieu et de l&amp;#8217;aimer. &lt;i&gt;En toda circunstancia re\u00adaccionar\u00e1 como un campesino, sin dejarse deslumbrar por falsos resplan\u00addores&amp;#8230; Se dar\u00e1 cuenta que toda la vida no se halla concentrada en Par\u00eds, en la Corte, en la universidad, en los c\u00edrculos mundanos, sino que hay adem\u00e1s los campos, los trigales, los reba\u00f1os y las gentes del campo que viven penosamente, almas sencillas muy dignas de conocer a Dios y de amarle\u00bb. &lt;\/i&gt;J. CALVET, &lt;i&gt;op. cit., &lt;\/i&gt;p. 16.'><sup>2<\/sup><\/a><\/span>.<\/p>\n<p>Este art\u00edfice de la caridad organizada, como todos los hombres superiores de una rica personalidad, buscaba y ha\u00adllaba sus colaboradores a los que comunicaba su celo.<\/p>\n<p>Vicente de Pa\u00fal ha sabido dar el impulso vital a almas generosas, para dedicar plenamente todas sus vidas a una cosa dif\u00edcil: el alivio y consolaci\u00f3n de los m\u00edseros. En su tiempo y en todos los tiempos, pues el \u00edmpetu del esp\u00edritu potente que ha vivificado este santo sobrepasa los l\u00edmites de su existencia terrena y se extiende indefinidamente, comuni\u00adc\u00e1ndose a miles de almas.<\/p>\n<h3>2. <i>Las dos caras de la Medalla<\/i><\/h3>\n<p>El Santo sab\u00eda bien las dificultades que surgir\u00edan ante los m\u00e1s generosos. Oigamos una de sus caracter\u00edsticas pl\u00e1ticas:<\/p>\n<p>\u00ab\u00bfC\u00f3mo ver bajo apariencias tan deprimentes la ma\u00adjestad de Dios? Volved la medalla y ver\u00e9is por las luces de la fe, al Hijo de Dios que ha querido ser pobre y ser repre\u00adsentado por estos pobres\u00bb<span id='easy-footnote-3-119881' class='easy-footnote-margin-adjust'><\/span><span class='easy-footnote'><a href='http:\/\/vincentians.com\/es\/identificacion-de-jesucristo-con-el-pobre-parte-ii-capitulo-2\/#easy-footnote-bottom-3-119881' title='\u00abComment voir sous des apparences si d\u00e9primentes la majest\u00e9 de Dieu? Tournez la m\u00e9daille et vous verrez par les lumi\u00e9res de la foi que le Fils de Dieu, qui a voulu \u00e9tre pauvre nous est repr\u00e9sent\u00e9 par ces pauvres\u00bb. SVP XI, 32, &lt;i&gt;Entretien sur l&amp;#8217;esprit de foi.&lt;\/i&gt;'><sup>3<\/sup><\/a><\/span>.<\/p>\n<p>\u00bfNo es \u00e9sto sugestivo? Vicente ha sabido expresar con una frase feliz y de f\u00e1cil alcance la maravillosa realidad sobrenatural de Cristo oculto en el pobre. A\u00fan detr\u00e1s de las humildes y groseras apariencias se puede distinguir la faz su\u00adfriente de Cristo, como entre los pliegues de la s\u00e1bana que le cubr\u00eda en el sepulcro, como en un reverso de medalla. He aqu\u00ed dos aspectos que se distinguen netamente en la mente y el coraz\u00f3n de Vicente, del Santo.<\/p>\n<p>Como una medalla, como una moneda, el pobre est\u00e1 marcado con este sello real. Anverso y reverso. Uno visible, otro invisible, oculto a los sentidos, pero la fe lo adivina.<\/p>\n<p>Por la efigie de C\u00e9sar esculpida en la moneda, Jes\u00fas arguye de la liceidad y obligaci\u00f3n de devolv\u00e9rsela en tributo a C\u00e9sar. He aqu\u00ed una relaci\u00f3n tan directa que da la imagen esculpida en el bronce.<\/p>\n<p>De modo parecido San Vicente en los rostros bronc\u00edneos, deca\u00eddos del pobre, ve grabada la faz de Jes\u00fas. \u00abCujus est figura haec&#8230;?\u00bb. \u00bfA qui\u00e9n pertenecen estos rasgos tristes y desechos? Su fe ardiente de santo es la que responde: <i>A Jes\u00fas.<\/i>Para hacer amables a sus colaboradores de todos los tiempos la miseria y los andrajos, Vicente apela pues a este reverso de medalla, a los rasgos amables de Cristo.<\/p>\n<p>Pero \u00e9l personalmente ama las dos caras de la medalla, incluso el aspecto puramente humano, de modo que da la impresi\u00f3n de que seguir\u00eda amando al pobre, prescindiendo de los rasgos adorables del divino Pobre. Esta visi\u00f3n de fe es para el coraz\u00f3n de San Vicente m\u00e1s que un impulso a amar, un coronamiento de una invencible inclinaci\u00f3n que ya existe.<\/p>\n<h3>3. <i>Una extra\u00f1a felicidad<\/i><\/h3>\n<p>Vicente no demuestra sentir repugnancia natural alguna. Al contrario, sus palabras revelan siempre gozo y felicidad sinceramente sentidas en el humilde servicio de sus pobres. Aunque s\u00f3lo fuera por \u00e9sto el coraz\u00f3n del Santo pertenecer\u00eda a una categor\u00eda singular. Halla su m\u00e1s intensa, su \u00fanica feli\u00adcidad, en lo que es evitado por el com\u00fan de los hombres.<\/p>\n<p>Dice y repite que es un honor servir a los pobres, que su dignidad est\u00e1 por encima de la de los reyes \u2014majestad cu\u00adbierta de andrajos\u2014 que es una felicidad.<\/p>\n<p>Hay una especie de lirismo en las palabras de Vicente de Pa\u00fal cuando canta este gozo. Lirismo contenido porque \u00e9l se reprime ,pero lirismo evidente en las exclamaciones que cortan las frases, en las suspensiones bruscas de lo que iba a expresar. Y termina por decir buenamente:<\/p>\n<p>\u00abPor lo que a m\u00ed se refiere, hermanas m\u00edas (habla a las Hijas de la Caridad) os confieso que jam\u00e1s he sentido m\u00e1s consuelo que cuando tengo el honor de servir a los pobres: &#8216;jucundus horno (qui miseretur)&#8217;. El hombre es feliz de ejer\u00adcitar la caridad'\u00bb<span id='easy-footnote-4-119881' class='easy-footnote-margin-adjust'><\/span><span class='easy-footnote'><a href='http:\/\/vincentians.com\/es\/identificacion-de-jesucristo-con-el-pobre-parte-ii-capitulo-2\/#easy-footnote-bottom-4-119881' title='\u00abPour moi, mes soeurs, je vous avoue que jamais je n&amp;#8217;ai plus de consolation que quand j&amp;#8217;ai l&amp;#8217;honneur de servir les pauvres. Jucundus homo. L&amp;#8217;homme est heureux de pratiquer la charit\u00e9\u00bb. SVP. X, 681.'><sup>4<\/sup><\/a><\/span>.\u00bfNo es \u00e9sto admirable?<\/p>\n<p>Pues este mismo sentimiento arrel\u00f3 pronto en las prime\u00adras Hijas de San Vicente que se inflamaron del mismo esp\u00ed\u00adritu. Como el ejemplo que tanto emocionaba al Santo al proponerlo como modelo, de aquella Sor B\u00e1rbara que la Duquesa de Aiguillon quer\u00eda retener para su servicio.<\/p>\n<p>Ante tal proposici\u00f3n que hubieran envidiado tantas j\u00f3\u00advenes, la humilde hermana respond\u00eda con semblante triste hasta llorar. Como la gran dama insistiese pregunt\u00e1ndole por el motivo de su silencio y sus l\u00e1grimas, le maravill\u00f3 o\u00edr esta respuesta: \u00abSe\u00f1ora, yo estoy para los pobres; para \u00e9sto me entregu\u00e9 a Dios. Hallar\u00e9is muchas personas de m\u00e9rito para vuestro servicio; permitidme entregarme a la obra para la que Dios me ha llamado\u00bb<span id='easy-footnote-5-119881' class='easy-footnote-margin-adjust'><\/span><span class='easy-footnote'><a href='http:\/\/vincentians.com\/es\/identificacion-de-jesucristo-con-el-pobre-parte-ii-capitulo-2\/#easy-footnote-bottom-5-119881' title='Conf. SVP. IX, 685.'><sup>5<\/sup><\/a><\/span>.<\/p>\n<p>San Vicente reconoc\u00eda en este rasgo a su verdadera hija. Estos ejemplos no se limitan a los tiempos del Fundador. Se han ido repitiendo tantas veces en el curso del tiempo.<\/p>\n<h3>4. <i>El respeto a los pobres<\/i><\/h3>\n<p>Hermano de pobres gentes, hijo de humildes campesinos que viven penosamente y sufren, habla de ellos no en este tono desde\u00f1oso, aunque de gran estilo literario, que uno ex\u00adtra\u00f1a hallar en un La Bruy\u00e9re<span id='easy-footnote-6-119881' class='easy-footnote-margin-adjust'><\/span><span class='easy-footnote'><a href='http:\/\/vincentians.com\/es\/identificacion-de-jesucristo-con-el-pobre-parte-ii-capitulo-2\/#easy-footnote-bottom-6-119881' title='\u00abL&amp;#8217;on voit certains animaux farouches, des males et des femelles, r\u00e9pandus par la campagne, noirs, livides, et tout brul\u00e9s du soleil, atta\u00adch\u00e9s a la terre qu&amp;#8217;ils fuillent et qu&amp;#8217;ils r\u00e9muent avec une opini\u00e1tret\u00e9 in\u00advincible; ils ont comme une voix articul\u00e9e, et quand ils se l\u00e9vent sur leurs pieds, ils montrent une face humaine, et, en effet, ils sont des hommes&amp;#8230; &lt;i&gt;Se ven ciertos animales ariscos, machos y hembras, espar\u00adcidos por los campos, bronc\u00edneos, l\u00edvidos, quemados del sol, apegados a la tierra que hurgan y remueven con una tenacidad invencible; tienen una como voz articulada y cuando se enderezan sobre sus pies. muestran una faz humana, y en efecto, se trata de hombres&amp;#8230;\u00bb. &lt;\/i&gt;Citado por J. CALVET, en &lt;i&gt;Saint Vincent de Paul, &lt;\/i&gt;Paris, 1948, p. 10.'><sup>6<\/sup><\/a><\/span> sino con dignidad, con bon\u00addad. Aprecia aquellas pobres gentes que conoc\u00eda bien. Lejos de sentir desprecio, las propon\u00eda con frecuencia a sus Misio\u00adneros e Hijas de la Caridad como modelos para su imitaci\u00f3n:\u00bb\u00bfHab\u00e9is visto, les dice, personas m\u00e1s llenas de confianza que las buenas gentes del campo? Ellos siembran su grano y quedan esperando de Dios el bien de su cosecha; y si Dios permite que no sea buena, ellos no cesan por \u00e9sto de poner su confianza en El para su alimento de todo el a\u00f1o. Si les sobrevienen p\u00e9rdidas, el amor que tienen de su pobreza, por sumisi\u00f3n a Dios, les hace decir: &#8216;Dios nos lo hab\u00eda dado, Dios nos lo ha quitado; bendito sea su santo nombre&#8230;&#8217; \u00bfNo hab\u00e9is o\u00eddo decir que Dios ha elegido a los pobres para ha\u00adcerlos ricos en la fe?\u00bb. San Vicente alude impl\u00edcitamente en esta \u00faltima frase al pasaje de Santiago, 5, 1 que deb\u00eda medi\u00adtar con particular veneraci\u00f3n. Es la expresi\u00f3n inspirada m\u00e1s exacta de sus propios sentimientos.<\/p>\n<p>Cuando se quiere excitar la compasi\u00f3n para los que su\u00adfren no conviene envilecerlos. Mas para hallar el tono justo es necesario amar.<\/p>\n<p>San Vicente dec\u00eda con frecuencia: \u00abTengamos afecto a las pobres gentes del campo que nos alimentan con su trabajo\u00bb<span id='easy-footnote-7-119881' class='easy-footnote-margin-adjust'><\/span><span class='easy-footnote'><a href='http:\/\/vincentians.com\/es\/identificacion-de-jesucristo-con-el-pobre-parte-ii-capitulo-2\/#easy-footnote-bottom-7-119881' title='Cfr. SVP. IX, p. 277.'><sup>7<\/sup><\/a><\/span>.\u00bfQu\u00e9 puede decirse de mayor fineza y perspicacia psico\u00adl\u00f3gica? Porque el Santo sab\u00eda bien que para aficionar a sus hijas en el servicio de sus pobres, \u00e9ste era tambi\u00e9n un modo eficaz, inspirarles el afecto que para ellos sent\u00eda \u00e9l mismo.<\/p>\n<h3>5. <i>Las preferencias del Santo<\/i><\/h3>\n<p>Muchos rasgos y palabras de San Vicente nos dejan en\u00adtrever la riqueza de coraz\u00f3n y de humanidad de que Dios le hab\u00eda colmado, que formaba en \u00e9l un instinto, una segun\u00adda naturaleza.<\/p>\n<p>Despu\u00e9s de haberle sido entregada la grande y rica Aba\u00add\u00eda de San L\u00e1zaro para su naciente Compa\u00f1\u00eda, la inaudita donaci\u00f3n suscit\u00f3 m\u00e1s de un pleito para discutirle la posesi\u00f3n.<\/p>\n<p>La alternativa de poseer pac\u00edficamente el grande Prio\u00adrato tan necesario al desarrollo de la Compa\u00f1\u00eda o verse obli\u00adgado a abandonarlo era como para agitar el \u00e1nimo a un car\u00e1cter o una virtud incluso no com\u00fan. As\u00ed era. Al &#8216;se\u00f1or Vicente&#8217; no dejaba de acarrearle un tanto de preocupaci\u00f3n este asunto.<\/p>\n<p>Pero el motivo de \u00e9sta su turbaci\u00f3n de \u00e1nimo no pod\u00eda ser m\u00e1s extra\u00f1o. Vicente lo confiesa con su tono propio de hombre bueno, sin darse cuenta que la declaraci\u00f3n que hace ingenuamente era como para desconcertar al com\u00fan de los humanos.<\/p>\n<p>Hablando del cuidado que se deb\u00eda a unos pobres pen\u00adsionados y algunos alienados que albergaba en San L\u00e1zaro, dice: \u00abPor aquel tiempo ten\u00edamos un proceso en el que se discut\u00eda si ser\u00edamos echados o mantenidos en la Casa de San L\u00e1zaro; y recuerdo que me preguntaba entonces a m\u00ed mismo: &#8216;Si te fuera preciso dejar ahora la Casa \u00bfqu\u00e9 es lo que te afecta o afectar\u00eda m\u00e1s? \u00bfqu\u00e9 cosa te causar\u00eda m\u00e1s dis\u00adgusto o sentimiento?&#8217; Y me parec\u00eda en aquellos momentos que ser\u00eda el hecho de no ver m\u00e1s estas pobres gentes y verme obligado a abandonar su cuidado y servicio\u00bb.<\/p>\n<p>Su sensibilidad exquisita se revela<span id='easy-footnote-8-119881' class='easy-footnote-margin-adjust'><\/span><span class='easy-footnote'><a href='http:\/\/vincentians.com\/es\/identificacion-de-jesucristo-con-el-pobre-parte-ii-capitulo-2\/#easy-footnote-bottom-8-119881' title='Cfr. SVP. XI, 22.'><sup>8<\/sup><\/a><\/span><b><\/b> a veces con rasgos franciscanos; como en una ocasi\u00f3n estando enfermo, un Her\u00admano quer\u00eda prepararle un par de pichones y el Santo viendo las inocentes aves no permiti\u00f3 que fueran sacrificadas por su causa.<\/p>\n<p>Este hombre se interesaba siempre por los hombres<span id='easy-footnote-9-119881' class='easy-footnote-margin-adjust'><\/span><span class='easy-footnote'><a href='http:\/\/vincentians.com\/es\/identificacion-de-jesucristo-con-el-pobre-parte-ii-capitulo-2\/#easy-footnote-bottom-9-119881' title='\u00abIl aime les hommes: voil\u00e1 Pessentiel de son caract\u00e9re. &lt;i&gt;Ama a los hombres: he aqu\u00ed lo esencial de su car\u00e1cter\u00bb. &lt;\/i&gt;DANIEL-ROPS, &lt;i&gt;op. cit., &lt;\/i&gt;p. 22.'><sup>9<\/sup><\/a><\/span>. Le era imposible ver sufrir a sus hermanos sin conmoverse profundamente, sin entrar en vibraci\u00f3n y buscar el remedio.<\/p>\n<h3>6. <i>La par\u00e1bola del Buen Samaritano<\/i><\/h3>\n<p>Es precisamente la acci\u00f3n lo que manifiesta el tono de la compasi\u00f3n. Un ligero movimiento de compasi\u00f3n a vista del sufrimiento del pr\u00f3jimo lo experimenta todo coraz\u00f3n humano, a menos que est\u00e9 pervertido. Pero esta conmoci\u00f3n, en el com\u00fan de los hombres no tiene el voltaje, la tensi\u00f3n suficiente para provocar la acci\u00f3n.<\/p>\n<p>El sacerdote y el levita en la par\u00e1bola del Buen Samari\u00adtano es de creer que no pasar\u00edan totalmente indiferentes ante el pobre viajero ca\u00eddo en manos de ladrones. No eran per\u00adversos o inhumanos. Experimentar\u00edan sin duda el sentido de compasi\u00f3n. Es la reacci\u00f3n natural a la vista de una tal desgracia. Incluso se despertar\u00eda el deseo de ayudarle. Pero&#8230; ten\u00edan prisa. Deb\u00edan asistir a los Oficios del Templo. \u00bfQu\u00e9 m\u00e1s importante que los sacrificios y el culto a Yahv\u00e9h? Y se perdieron camino adelante.S\u00f3lo en el Buen Samaritano la compasi\u00f3n lleg\u00f3 al punto de posponer el objeto de su propio viaje y entregarse perso\u00adnalmente con su dinero y su pollino, todo lo que tuvo a mano, en remediar aquella tragedia.<\/p>\n<p>A esta categor\u00eda pertenec\u00eda Vicente. Sus entra\u00f1as se con\u00admov\u00edan y su compasi\u00f3n por ser intensa era siempre eficaz. Podr\u00edamos multiplicar los detalles. Su vida toda es un ejem\u00adplo de ello.<\/p>\n<p>Para \u00e9l los m\u00e1s infelices de los hombres era aquella \u00abres sacra, miser\u00bb<span id='easy-footnote-10-119881' class='easy-footnote-margin-adjust'><\/span><span class='easy-footnote'><a href='http:\/\/vincentians.com\/es\/identificacion-de-jesucristo-con-el-pobre-parte-ii-capitulo-2\/#easy-footnote-bottom-10-119881' title='\u00abEl pobre o m\u00edsero tiene un no-s\u00e9-qu\u00e9 de sagrado\u00bb.'><sup>10<\/sup><\/a><\/span>, seg\u00fan la bella expresi\u00f3n que supo formular la antig\u00fcedad pagana. Quiz\u00e1 sea \u00e9sta la palabra exacta. El sufrir humano era para Vicente algo sagrado. Por esto sacri\u00adficaba a \u00e9l cosas tambi\u00e9n sagradas como el oro de los c\u00e1lices.<\/p>\n<p>Esa es la viva expresi\u00f3n que usa para recomendar el cuidado de los enfermos en su Comunidad: \u00abMe sentir\u00eda contento, escribe, si se me dijera de alg\u00fan lugar que alguno de la Compa\u00f1\u00eda ha vendido los c\u00e1lices para \u00e9sto\u00bb<span id='easy-footnote-11-119881' class='easy-footnote-margin-adjust'><\/span><span class='easy-footnote'><a href='http:\/\/vincentians.com\/es\/identificacion-de-jesucristo-con-el-pobre-parte-ii-capitulo-2\/#easy-footnote-bottom-11-119881' title='SVP. I, 531, &lt;i&gt;Lettre \u00e1 Pierre du Chesne.&lt;\/i&gt;'><sup>11<\/sup><\/a><\/span>.<\/p>\n<h3>7. <i>La inversi\u00f3n del mandamiento<\/i><\/h3>\n<p>Luisa de Marillac le conoce bien cuando le escribe re\u00adcomend\u00e1ndole el cuidado de su salud ya bastante maltrecha, con una expresi\u00f3n peregrina: \u00abTened compasi\u00f3n de vuestro cuerpo, como la tendr\u00edais de un pobre\u00bb.<\/p>\n<p>No pod\u00eda hallar un motivo m\u00e1s sutil.<\/p>\n<p>Esto nos hace pensar que San Vicente lleg\u00f3 a una admi\u00adrable inversi\u00f3n de la palabra evang\u00e9lica: Para asegurar bien la caridad fraterna, Jes\u00fas no hall\u00f3 medida mejor que el amor del hombre a s\u00ed mismo: \u00abAmar\u00e1s a tu pr\u00f3jimo como a ti mismo\u00bb.<\/p>\n<p>Eso es mucho ciertamente. Pero \u00bfqui\u00e9n hubiera imagina\u00addo que alguna vez debiera el amor al hermano ser medida para el amor debido a s\u00ed mismo?<\/p>\n<p>Esas son las regiones de la santidad, m\u00e1s alla de los co\u00admunes l\u00edmites humanos.<\/p>\n<h3><i>8. <\/i><i>\u00bfFue San Vicente un m\u00edstico?<\/i><\/h3>\n<p>Vemos pues que el coraz\u00f3n de este Santo estaba excep\u00adcionalmente dotado para cumplir su misi\u00f3n. De esta rique\u00adza de alma hemos dado algunos rasgos, para mejor com\u00adprenderlo.<\/p>\n<p>Concluyamos pues como respuesta a la pregunta que for\u00admul\u00e1bamos al principio de este cap\u00edtulo \u2014sobre el doble aspecto que parec\u00eda revestir su caridad\u2014 que San Vicente posey\u00f3 profundamente el sentimiento de fraternidad.<\/p>\n<p>Se sent\u00eda naturalmente hermano de los m\u00e1s miserables. Esta era la inclinaci\u00f3n natural de un coraz\u00f3n bueno, la vir\u00adtud de un cristiano, el eco del Padrenuestro rezado y meditado. Am\u00f3 a sus hermanos porque eran hombres y porque eran hijos del mismo Padre.Pero descubrimos no menos claramente otra fase de la misma caridad, m\u00e1s teol\u00f3gica, m\u00e1s profunda, m\u00e1s m\u00edstica. No ya caridad para los hombres por amor de Dios, sino amor a Cristo mismo en los pobres, de un modo personal y directo. No pod\u00eda menos de llevarle a este punto la m\u00e1s sorprendente revelaci\u00f3n sobre la caridad, la asidua medita\u00adci\u00f3n del Evangelio y de las palabras de Jes\u00fas y su profundo sentido m\u00edstico.<\/p>\n<p>A este punto es oportuno preguntarnos: \u00bffue San Vi\u00adcente lo que podr\u00edamos llamar un m\u00edstico?<\/p>\n<p>Aunque algunos pasajes de sus discursos hagan pensar que est\u00e1 m\u00e1s orientado a la asc\u00e9tica que a la m\u00edstica, no era en modo alguno enemigo de la contemplaci\u00f3n. Es cierto que \u00e9l mismo, por su costumbre de rebajarse sinceramente, se estima &#8216;el menos espiritual y m\u00edstico de los hombres&#8217;. As\u00ed se expresa escribiendo a un cartujo. \u00bfQu\u00e9 expresi\u00f3n de humildad pod\u00eda hallar m\u00e1s apta escribiendo a un hombre dedicado por su estado a la contemplaci\u00f3n?<\/p>\n<p>Sin embargo los que le han estudiado de cerca recono\u00adcen en \u00e9l un gran m\u00edstico. No suscribir\u00eda enteramente la fra\u00adse de un ilustre historiador cuando dice de San Vicente que \u00abno son los pobres los que lo han dado a Dios, sino al con\u00adtrario, es Dios quien lo dio a los pobres\u00bb. Eran las dos cosas simult\u00e1neas y complementarias. Busc\u00f3 a &#8216;Dios invisible en el hermano visible&#8217;, seg\u00fan la expresi\u00f3n de San Juan, como nos parece haber venido demostrando.<\/p>\n<p>Pero s\u00ed es cierto que en San Vicente la caridad se apoy\u00f3 no s\u00f3lo en un coraz\u00f3n dotado excepcionalmente de huma\u00adnidad; sino m\u00e1s a\u00fan, el buen sentido y la caridad se apoyan en \u00e9l en altas intuiciones m\u00edsticas. Hasta el punto que podemos afirmar con el autor aludido, que este grande hombre de obras nos lo ha dado la m\u00edstica<span id='easy-footnote-12-119881' class='easy-footnote-margin-adjust'><\/span><span class='easy-footnote'><a href='http:\/\/vincentians.com\/es\/identificacion-de-jesucristo-con-el-pobre-parte-ii-capitulo-2\/#easy-footnote-bottom-12-119881' title='\u00abCe n&amp;#8217;est pas l&amp;#8217;amour des hommes qui l&amp;#8217;a conduit \u00e1 la saintet\u00e9. C&amp;#8217;est plut\u00f3t la saintet\u00e9 qui l&amp;#8217;a rendu vraiment et efficacement charitable; ce ne sont pas les pauvres qui l&amp;#8217;ont donn\u00e9 \u00e1 Dieu, mais Dieu au contrai\u00adre qui l&amp;#8217;a donn\u00e9 aux pauvres. Qui le voit plus philantrope que mystique, qui ne le voit avant tout mystique, se repr\u00e9sente un Vincent de Paul qui ne fut jamais&amp;#8230; Chez lui, et le bon sens et la chant\u00e9 s&amp;#8217;appuient sur des hautes vues mystiques&amp;#8230; Le plus grand de nos hommes d&amp;#8217;oeuvres, c&amp;#8217;est le mysticisme qui nous l&amp;#8217;a donn\u00e9. &lt;i&gt;No es el amor a los hombres el que lo ha llevado a la santidad. Es m\u00e1s bien la santidad que lo ha hecho verdadera y eficazmente caritativo; no son los pobres quienes lo han dado a Dios, sino por el contrario, es Dios quien lo ha dado a los pobres. Quien lo ve m\u00e1s como fil\u00e1ntropo que como m\u00edstico, quien no le ve m\u00edstico antes que nada se imagina un Vicente de Pa\u00fal que no ha existido&amp;#8230; En \u00e9l el buen sentido y la caridad se apoyan en las miras de elevada m\u00edstica&amp;#8230; Es el misticismo que nos ha dado al m\u00e1s grande de nuestros hombres de obras\u00bb. &lt;\/i&gt;HENRI BR\u00c9MOND, &lt;i&gt;Histoire litt\u00e9raire du sentiment r\u00e9ligieux en France, &lt;\/i&gt;t. III, p. 246.'><sup>12<\/sup><\/a><\/span>.<\/p>\n<p>San Vicente que despleg\u00f3 su palabra sencilla siempre, altamente elocuente a veces, hasta formar sus conferen\u00adcias una joya de la literatura de espiritualidad del Si\u00adglo de Oro franc\u00e9s, como ya dijimos; y algunos de sus sermones una verdadera p\u00e1gina de antolog\u00eda; que medit\u00f3 y expuso todos los motivos que pod\u00edan conmover el coraz\u00f3n humano e inclinarlo a la caridad, \u00bfc\u00f3mo no iba a profundi\u00adzar y explotar la mina aur\u00edfera de la palabra evang\u00e9lica que nos revela la misteriosa presencia de Jes\u00fas en &#8216;los m\u00e1s pe\u00adque\u00f1os&#8217;?<\/p>\n<p>San Pablo despu\u00e9s de haber meditado y formulado la doctrina del Cristo Total, esta misteriosa verdad se repite incesantemente en las p\u00e1ginas de sus ep\u00edstolas, le sirve de base de su teolog\u00eda y de sus ense\u00f1anzas morales a las diver\u00adsas iglesias: la uni\u00f3n que debe existir entre los cristianos es ilustrada por su pertenencia al mismo Cuerpo de Cristo; la santidad y respeto debido a su cuerpo es porque son miem\u00adbros del Cuerpo M\u00edstico de Cristo. Y as\u00ed del resto de su en\u00adse\u00f1anza. Esta doctrina cristaliza en f\u00f3rmulas tan conocidas, tantas veces repetidas por San Pablo: \u00abOmnia et in omnibus Christus\u00bb. \u00abIn Christo Jesu\u00bb<span id='easy-footnote-13-119881' class='easy-footnote-margin-adjust'><\/span><span class='easy-footnote'><a href='http:\/\/vincentians.com\/es\/identificacion-de-jesucristo-con-el-pobre-parte-ii-capitulo-2\/#easy-footnote-bottom-13-119881' title='\u00abJes\u00fas es el todo y en todas las cosas\u00bb. \u00abEn Cristo Jes\u00fas\u00bb.'><sup>13<\/sup><\/a><\/span>.<\/p>\n<p>De modo parecido San Vicente descubrir\u00e1 la m\u00edstica verdad de la presencia de Jes\u00fas en los pobres y esta conside\u00adraci\u00f3n formar\u00e1 la base de su doctrina sobre la caridad y vendr\u00e1 a sus labios expresada en diversas formas y en frases que se repiten con gran frecuencia. Es as\u00ed que puede ilustrar\u00adnos la doctrina que venimos estudiando de la identificaci\u00f3n de Cristo y el pobre, como veremos m\u00e1s expresamente en el siguiente cap\u00edtulo.<\/p>\n","protected":false},"excerpt":{"rendered":"<p>II: La naturaleza y la gracia en san Vicente Vicente de Pa\u00fal para cumplir su misi\u00f3n estaba dotado de cualidades naturales y sobrenaturales. Es dif\u00edcil hallar un coraz\u00f3n m\u00e1s grande, junto a un gran car\u00e1cter.Am\u00f3 &#8230; <a href=\"http:\/\/vincentians.com\/es\/identificacion-de-jesucristo-con-el-pobre-parte-ii-capitulo-2\/\" class=\"more-link\">Read More<\/a><\/p>\n","protected":false},"author":4,"featured_media":119846,"comment_status":"open","ping_status":"open","sticky":false,"template":"","format":"standard","meta":{"jetpack_post_was_ever_published":false,"_jetpack_newsletter_access":"","_jetpack_dont_email_post_to_subs":false,"_jetpack_newsletter_tier_id":0,"_jetpack_memberships_contains_paywalled_content":false,"_jetpack_memberships_contains_paid_content":false,"footnotes":"","jetpack_publicize_message":"","jetpack_publicize_feature_enabled":true,"jetpack_social_post_already_shared":true,"jetpack_social_options":{"image_generator_settings":{"template":"highway","default_image_id":0,"font":"","enabled":false},"version":2}},"categories":[28],"tags":[228,150,152,172,143],"class_list":["post-119881","post","type-post","status-publish","format-standard","has-post-thumbnail","hentry","category-formacion-vicenciana","tag-calvet","tag-du-chesne","tag-duquesa-de-aiguillon","tag-pobreza","tag-san-lazaro"],"yoast_head":"<!-- This site is optimized with the Yoast SEO plugin v26.3 - https:\/\/yoast.com\/wordpress\/plugins\/seo\/ -->\n<title>Identificaci\u00f3n de Jesucristo con el pobre. Parte II, Cap\u00edtulo 2 - Somos Vicencianos<\/title>\n<meta name=\"robots\" content=\"index, follow, max-snippet:-1, max-image-preview:large, max-video-preview:-1\" \/>\n<link rel=\"canonical\" href=\"http:\/\/vincentians.com\/es\/identificacion-de-jesucristo-con-el-pobre-parte-ii-capitulo-2\/\" \/>\n<meta property=\"og:locale\" content=\"es_ES\" \/>\n<meta property=\"og:type\" content=\"article\" \/>\n<meta property=\"og:title\" content=\"Identificaci\u00f3n de Jesucristo con el pobre. Parte II, Cap\u00edtulo 2 - Somos Vicencianos\" \/>\n<meta property=\"og:description\" content=\"II: La naturaleza y la gracia en san Vicente Vicente de Pa\u00fal para cumplir su misi\u00f3n estaba dotado de cualidades naturales y sobrenaturales. Es dif\u00edcil hallar un coraz\u00f3n m\u00e1s grande, junto a un gran car\u00e1cter.Am\u00f3 ... Read More\" \/>\n<meta property=\"og:url\" content=\"http:\/\/vincentians.com\/es\/identificacion-de-jesucristo-con-el-pobre-parte-ii-capitulo-2\/\" \/>\n<meta property=\"og:site_name\" content=\"Somos Vicencianos\" \/>\n<meta property=\"article:publisher\" content=\"https:\/\/www.facebook.com\/WeAreVincentians\/\" \/>\n<meta property=\"article:author\" content=\"https:\/\/www.facebook.com\/JavierChento\" \/>\n<meta property=\"article:published_time\" content=\"2015-02-15T02:30:15+00:00\" \/>\n<meta property=\"article:modified_time\" content=\"2016-07-26T17:17:55+00:00\" \/>\n<meta name=\"author\" content=\"Francisco Javier Fern\u00e1ndez Chento\" \/>\n<meta name=\"twitter:card\" content=\"summary_large_image\" \/>\n<meta name=\"twitter:creator\" content=\"@https:\/\/twitter.com\/javierchento\" \/>\n<meta name=\"twitter:site\" content=\"@WeVincentians\" \/>\n<meta name=\"twitter:label1\" content=\"Escrito por\" \/>\n\t<meta name=\"twitter:data1\" content=\"Francisco Javier Fern\u00e1ndez Chento\" \/>\n\t<meta name=\"twitter:label2\" content=\"Tiempo de lectura\" \/>\n\t<meta name=\"twitter:data2\" content=\"21 minutos\" \/>\n<script type=\"application\/ld+json\" class=\"yoast-schema-graph\">{\"@context\":\"https:\/\/schema.org\",\"@graph\":[{\"@type\":\"Article\",\"@id\":\"http:\/\/vincentians.com\/es\/identificacion-de-jesucristo-con-el-pobre-parte-ii-capitulo-2\/#article\",\"isPartOf\":{\"@id\":\"http:\/\/vincentians.com\/es\/identificacion-de-jesucristo-con-el-pobre-parte-ii-capitulo-2\/\"},\"author\":{\"name\":\"Francisco Javier Fern\u00e1ndez Chento\",\"@id\":\"http:\/\/vincentians.com\/es\/#\/schema\/person\/9623ef4d9aa3b2dfb8c061f1499288f2\"},\"headline\":\"Identificaci\u00f3n de Jesucristo con el pobre. Parte II, Cap\u00edtulo 2\",\"datePublished\":\"2015-02-15T02:30:15+00:00\",\"dateModified\":\"2016-07-26T17:17:55+00:00\",\"mainEntityOfPage\":{\"@id\":\"http:\/\/vincentians.com\/es\/identificacion-de-jesucristo-con-el-pobre-parte-ii-capitulo-2\/\"},\"wordCount\":4123,\"commentCount\":0,\"publisher\":{\"@id\":\"http:\/\/vincentians.com\/es\/#organization\"},\"image\":{\"@id\":\"http:\/\/vincentians.com\/es\/identificacion-de-jesucristo-con-el-pobre-parte-ii-capitulo-2\/#primaryimage\"},\"thumbnailUrl\":\"\",\"keywords\":[\"Calvet\",\"Du Chesne\",\"Duquesa de Aiguillon\",\"Pobreza\",\"San L\u00e1zaro\"],\"articleSection\":[\"Formaci\u00f3n Vicenciana\"],\"inLanguage\":\"es\",\"potentialAction\":[{\"@type\":\"CommentAction\",\"name\":\"Comment\",\"target\":[\"http:\/\/vincentians.com\/es\/identificacion-de-jesucristo-con-el-pobre-parte-ii-capitulo-2\/#respond\"]}]},{\"@type\":\"WebPage\",\"@id\":\"http:\/\/vincentians.com\/es\/identificacion-de-jesucristo-con-el-pobre-parte-ii-capitulo-2\/\",\"url\":\"http:\/\/vincentians.com\/es\/identificacion-de-jesucristo-con-el-pobre-parte-ii-capitulo-2\/\",\"name\":\"Identificaci\u00f3n de Jesucristo con el pobre. Parte II, Cap\u00edtulo 2 - Somos Vicencianos\",\"isPartOf\":{\"@id\":\"http:\/\/vincentians.com\/es\/#website\"},\"primaryImageOfPage\":{\"@id\":\"http:\/\/vincentians.com\/es\/identificacion-de-jesucristo-con-el-pobre-parte-ii-capitulo-2\/#primaryimage\"},\"image\":{\"@id\":\"http:\/\/vincentians.com\/es\/identificacion-de-jesucristo-con-el-pobre-parte-ii-capitulo-2\/#primaryimage\"},\"thumbnailUrl\":\"\",\"datePublished\":\"2015-02-15T02:30:15+00:00\",\"dateModified\":\"2016-07-26T17:17:55+00:00\",\"breadcrumb\":{\"@id\":\"http:\/\/vincentians.com\/es\/identificacion-de-jesucristo-con-el-pobre-parte-ii-capitulo-2\/#breadcrumb\"},\"inLanguage\":\"es\",\"potentialAction\":[{\"@type\":\"ReadAction\",\"target\":[\"http:\/\/vincentians.com\/es\/identificacion-de-jesucristo-con-el-pobre-parte-ii-capitulo-2\/\"]}]},{\"@type\":\"ImageObject\",\"inLanguage\":\"es\",\"@id\":\"http:\/\/vincentians.com\/es\/identificacion-de-jesucristo-con-el-pobre-parte-ii-capitulo-2\/#primaryimage\",\"url\":\"\",\"contentUrl\":\"\"},{\"@type\":\"BreadcrumbList\",\"@id\":\"http:\/\/vincentians.com\/es\/identificacion-de-jesucristo-con-el-pobre-parte-ii-capitulo-2\/#breadcrumb\",\"itemListElement\":[{\"@type\":\"ListItem\",\"position\":1,\"name\":\"Portada\",\"item\":\"http:\/\/vincentians.com\/es\/\"},{\"@type\":\"ListItem\",\"position\":2,\"name\":\"Identificaci\u00f3n de Jesucristo con el pobre. Parte II, Cap\u00edtulo 2\"}]},{\"@type\":\"WebSite\",\"@id\":\"http:\/\/vincentians.com\/es\/#website\",\"url\":\"http:\/\/vincentians.com\/es\/\",\"name\":\"Somos Vicencianos\",\"description\":\"Know more to serve more\",\"publisher\":{\"@id\":\"http:\/\/vincentians.com\/es\/#organization\"},\"potentialAction\":[{\"@type\":\"SearchAction\",\"target\":{\"@type\":\"EntryPoint\",\"urlTemplate\":\"http:\/\/vincentians.com\/es\/?s={search_term_string}\"},\"query-input\":{\"@type\":\"PropertyValueSpecification\",\"valueRequired\":true,\"valueName\":\"search_term_string\"}}],\"inLanguage\":\"es\"},{\"@type\":\"Organization\",\"@id\":\"http:\/\/vincentians.com\/es\/#organization\",\"name\":\"The Vincentian Network\",\"url\":\"http:\/\/vincentians.com\/es\/\",\"logo\":{\"@type\":\"ImageObject\",\"inLanguage\":\"es\",\"@id\":\"http:\/\/vincentians.com\/es\/#\/schema\/logo\/image\/\",\"url\":\"https:\/\/i1.wp.com\/vincentians.com\/es\/wp-content\/uploads\/sites\/11\/2016\/06\/Vincentian-Network-logo-big.png?fit=778%2C778\",\"contentUrl\":\"https:\/\/i1.wp.com\/vincentians.com\/es\/wp-content\/uploads\/sites\/11\/2016\/06\/Vincentian-Network-logo-big.png?fit=778%2C778\",\"width\":778,\"height\":778,\"caption\":\"The Vincentian Network\"},\"image\":{\"@id\":\"http:\/\/vincentians.com\/es\/#\/schema\/logo\/image\/\"},\"sameAs\":[\"https:\/\/www.facebook.com\/WeAreVincentians\/\",\"https:\/\/x.com\/WeVincentians\"]},{\"@type\":\"Person\",\"@id\":\"http:\/\/vincentians.com\/es\/#\/schema\/person\/9623ef4d9aa3b2dfb8c061f1499288f2\",\"name\":\"Francisco Javier Fern\u00e1ndez Chento\",\"image\":{\"@type\":\"ImageObject\",\"inLanguage\":\"es\",\"@id\":\"http:\/\/vincentians.com\/es\/#\/schema\/person\/image\/\",\"url\":\"https:\/\/secure.gravatar.com\/avatar\/497d5cde87b4c3d097d0315953521681ba2cd523ee66e5077c3711f7021e65de?s=96&d=mm&r=g\",\"contentUrl\":\"https:\/\/secure.gravatar.com\/avatar\/497d5cde87b4c3d097d0315953521681ba2cd523ee66e5077c3711f7021e65de?s=96&d=mm&r=g\",\"caption\":\"Francisco Javier Fern\u00e1ndez Chento\"},\"description\":\"Director General y cofundador de La Red de Formaci\u00f3n Vicenciana. Javier es laico vicenciano, afiliado a la Congregaci\u00f3n de la Misi\u00f3n y miembro del Equipo de Misiones Populares de la provincia can\u00f3nica de Zaragoza (Espa\u00f1a) de la Congregaci\u00f3n de la Misi\u00f3n. Graduado en la Universidad Oberta de Catalunya con cuatro grados (Asistente de direcci\u00f3n, Gesti\u00f3n Administrativa, Recursos Humanos y Contabilidad Avanzada). Bil\u00edng\u00fce Espa\u00f1ol\/Ingl\u00e9s. gestiona y mantiene varias p\u00e1ginas web cristianas y vicencianas, incluida including La Red de Formaci\u00f3n Vicenciana, de la que es cofundador. Actualmente es responsable del \u00e1rea de Espa\u00f1ol de .famvin, la Red de Noticias de la Familia Vicenciana. Tambi\u00e9n es m\u00fasico cat\u00f3lico y ha editado varios discos. Es Director General y cofundador de Trovador, una reconocida compa\u00f1\u00eda discogr\u00e1fica critiana de Espa\u00f1a. Trabaja en las Tecnolog\u00edas de la Informaci\u00f3n, ofreciendo servicios de alojamiento, dise\u00f1o y mantenimiento Web, as\u00ed como asesoramiento, formaci\u00f3n y soluciones inform\u00e1ticas, gesti\u00f3n documental y digitalizaci\u00f3n de textos, edici\u00f3n y maquetaci\u00f3n de libros, revistas, flyers, etc.\",\"sameAs\":[\"http:\/\/chento.org\",\"https:\/\/www.facebook.com\/JavierChento\",\"https:\/\/x.com\/https:\/\/twitter.com\/javierchento\"],\"url\":\"http:\/\/vincentians.com\/es\/author\/chento\/\"}]}<\/script>\n<!-- \/ Yoast SEO plugin. -->","yoast_head_json":{"title":"Identificaci\u00f3n de Jesucristo con el pobre. Parte II, Cap\u00edtulo 2 - Somos Vicencianos","robots":{"index":"index","follow":"follow","max-snippet":"max-snippet:-1","max-image-preview":"max-image-preview:large","max-video-preview":"max-video-preview:-1"},"canonical":"http:\/\/vincentians.com\/es\/identificacion-de-jesucristo-con-el-pobre-parte-ii-capitulo-2\/","og_locale":"es_ES","og_type":"article","og_title":"Identificaci\u00f3n de Jesucristo con el pobre. Parte II, Cap\u00edtulo 2 - Somos Vicencianos","og_description":"II: La naturaleza y la gracia en san Vicente Vicente de Pa\u00fal para cumplir su misi\u00f3n estaba dotado de cualidades naturales y sobrenaturales. Es dif\u00edcil hallar un coraz\u00f3n m\u00e1s grande, junto a un gran car\u00e1cter.Am\u00f3 ... Read More","og_url":"http:\/\/vincentians.com\/es\/identificacion-de-jesucristo-con-el-pobre-parte-ii-capitulo-2\/","og_site_name":"Somos Vicencianos","article_publisher":"https:\/\/www.facebook.com\/WeAreVincentians\/","article_author":"https:\/\/www.facebook.com\/JavierChento","article_published_time":"2015-02-15T02:30:15+00:00","article_modified_time":"2016-07-26T17:17:55+00:00","author":"Francisco Javier Fern\u00e1ndez Chento","twitter_card":"summary_large_image","twitter_creator":"@https:\/\/twitter.com\/javierchento","twitter_site":"@WeVincentians","twitter_misc":{"Escrito por":"Francisco Javier Fern\u00e1ndez Chento","Tiempo de lectura":"21 minutos"},"schema":{"@context":"https:\/\/schema.org","@graph":[{"@type":"Article","@id":"http:\/\/vincentians.com\/es\/identificacion-de-jesucristo-con-el-pobre-parte-ii-capitulo-2\/#article","isPartOf":{"@id":"http:\/\/vincentians.com\/es\/identificacion-de-jesucristo-con-el-pobre-parte-ii-capitulo-2\/"},"author":{"name":"Francisco Javier Fern\u00e1ndez Chento","@id":"http:\/\/vincentians.com\/es\/#\/schema\/person\/9623ef4d9aa3b2dfb8c061f1499288f2"},"headline":"Identificaci\u00f3n de Jesucristo con el pobre. Parte II, Cap\u00edtulo 2","datePublished":"2015-02-15T02:30:15+00:00","dateModified":"2016-07-26T17:17:55+00:00","mainEntityOfPage":{"@id":"http:\/\/vincentians.com\/es\/identificacion-de-jesucristo-con-el-pobre-parte-ii-capitulo-2\/"},"wordCount":4123,"commentCount":0,"publisher":{"@id":"http:\/\/vincentians.com\/es\/#organization"},"image":{"@id":"http:\/\/vincentians.com\/es\/identificacion-de-jesucristo-con-el-pobre-parte-ii-capitulo-2\/#primaryimage"},"thumbnailUrl":"","keywords":["Calvet","Du Chesne","Duquesa de Aiguillon","Pobreza","San L\u00e1zaro"],"articleSection":["Formaci\u00f3n Vicenciana"],"inLanguage":"es","potentialAction":[{"@type":"CommentAction","name":"Comment","target":["http:\/\/vincentians.com\/es\/identificacion-de-jesucristo-con-el-pobre-parte-ii-capitulo-2\/#respond"]}]},{"@type":"WebPage","@id":"http:\/\/vincentians.com\/es\/identificacion-de-jesucristo-con-el-pobre-parte-ii-capitulo-2\/","url":"http:\/\/vincentians.com\/es\/identificacion-de-jesucristo-con-el-pobre-parte-ii-capitulo-2\/","name":"Identificaci\u00f3n de Jesucristo con el pobre. Parte II, Cap\u00edtulo 2 - Somos Vicencianos","isPartOf":{"@id":"http:\/\/vincentians.com\/es\/#website"},"primaryImageOfPage":{"@id":"http:\/\/vincentians.com\/es\/identificacion-de-jesucristo-con-el-pobre-parte-ii-capitulo-2\/#primaryimage"},"image":{"@id":"http:\/\/vincentians.com\/es\/identificacion-de-jesucristo-con-el-pobre-parte-ii-capitulo-2\/#primaryimage"},"thumbnailUrl":"","datePublished":"2015-02-15T02:30:15+00:00","dateModified":"2016-07-26T17:17:55+00:00","breadcrumb":{"@id":"http:\/\/vincentians.com\/es\/identificacion-de-jesucristo-con-el-pobre-parte-ii-capitulo-2\/#breadcrumb"},"inLanguage":"es","potentialAction":[{"@type":"ReadAction","target":["http:\/\/vincentians.com\/es\/identificacion-de-jesucristo-con-el-pobre-parte-ii-capitulo-2\/"]}]},{"@type":"ImageObject","inLanguage":"es","@id":"http:\/\/vincentians.com\/es\/identificacion-de-jesucristo-con-el-pobre-parte-ii-capitulo-2\/#primaryimage","url":"","contentUrl":""},{"@type":"BreadcrumbList","@id":"http:\/\/vincentians.com\/es\/identificacion-de-jesucristo-con-el-pobre-parte-ii-capitulo-2\/#breadcrumb","itemListElement":[{"@type":"ListItem","position":1,"name":"Portada","item":"http:\/\/vincentians.com\/es\/"},{"@type":"ListItem","position":2,"name":"Identificaci\u00f3n de Jesucristo con el pobre. Parte II, Cap\u00edtulo 2"}]},{"@type":"WebSite","@id":"http:\/\/vincentians.com\/es\/#website","url":"http:\/\/vincentians.com\/es\/","name":"Somos Vicencianos","description":"Know more to serve more","publisher":{"@id":"http:\/\/vincentians.com\/es\/#organization"},"potentialAction":[{"@type":"SearchAction","target":{"@type":"EntryPoint","urlTemplate":"http:\/\/vincentians.com\/es\/?s={search_term_string}"},"query-input":{"@type":"PropertyValueSpecification","valueRequired":true,"valueName":"search_term_string"}}],"inLanguage":"es"},{"@type":"Organization","@id":"http:\/\/vincentians.com\/es\/#organization","name":"The Vincentian Network","url":"http:\/\/vincentians.com\/es\/","logo":{"@type":"ImageObject","inLanguage":"es","@id":"http:\/\/vincentians.com\/es\/#\/schema\/logo\/image\/","url":"https:\/\/i1.wp.com\/vincentians.com\/es\/wp-content\/uploads\/sites\/11\/2016\/06\/Vincentian-Network-logo-big.png?fit=778%2C778","contentUrl":"https:\/\/i1.wp.com\/vincentians.com\/es\/wp-content\/uploads\/sites\/11\/2016\/06\/Vincentian-Network-logo-big.png?fit=778%2C778","width":778,"height":778,"caption":"The Vincentian Network"},"image":{"@id":"http:\/\/vincentians.com\/es\/#\/schema\/logo\/image\/"},"sameAs":["https:\/\/www.facebook.com\/WeAreVincentians\/","https:\/\/x.com\/WeVincentians"]},{"@type":"Person","@id":"http:\/\/vincentians.com\/es\/#\/schema\/person\/9623ef4d9aa3b2dfb8c061f1499288f2","name":"Francisco Javier Fern\u00e1ndez Chento","image":{"@type":"ImageObject","inLanguage":"es","@id":"http:\/\/vincentians.com\/es\/#\/schema\/person\/image\/","url":"https:\/\/secure.gravatar.com\/avatar\/497d5cde87b4c3d097d0315953521681ba2cd523ee66e5077c3711f7021e65de?s=96&d=mm&r=g","contentUrl":"https:\/\/secure.gravatar.com\/avatar\/497d5cde87b4c3d097d0315953521681ba2cd523ee66e5077c3711f7021e65de?s=96&d=mm&r=g","caption":"Francisco Javier Fern\u00e1ndez Chento"},"description":"Director General y cofundador de La Red de Formaci\u00f3n Vicenciana. Javier es laico vicenciano, afiliado a la Congregaci\u00f3n de la Misi\u00f3n y miembro del Equipo de Misiones Populares de la provincia can\u00f3nica de Zaragoza (Espa\u00f1a) de la Congregaci\u00f3n de la Misi\u00f3n. Graduado en la Universidad Oberta de Catalunya con cuatro grados (Asistente de direcci\u00f3n, Gesti\u00f3n Administrativa, Recursos Humanos y Contabilidad Avanzada). Bil\u00edng\u00fce Espa\u00f1ol\/Ingl\u00e9s. gestiona y mantiene varias p\u00e1ginas web cristianas y vicencianas, incluida including La Red de Formaci\u00f3n Vicenciana, de la que es cofundador. Actualmente es responsable del \u00e1rea de Espa\u00f1ol de .famvin, la Red de Noticias de la Familia Vicenciana. Tambi\u00e9n es m\u00fasico cat\u00f3lico y ha editado varios discos. Es Director General y cofundador de Trovador, una reconocida compa\u00f1\u00eda discogr\u00e1fica critiana de Espa\u00f1a. Trabaja en las Tecnolog\u00edas de la Informaci\u00f3n, ofreciendo servicios de alojamiento, dise\u00f1o y mantenimiento Web, as\u00ed como asesoramiento, formaci\u00f3n y soluciones inform\u00e1ticas, gesti\u00f3n documental y digitalizaci\u00f3n de textos, edici\u00f3n y maquetaci\u00f3n de libros, revistas, flyers, etc.","sameAs":["http:\/\/chento.org","https:\/\/www.facebook.com\/JavierChento","https:\/\/x.com\/https:\/\/twitter.com\/javierchento"],"url":"http:\/\/vincentians.com\/es\/author\/chento\/"}]}},"jetpack_publicize_connections":[],"jetpack_featured_media_url":"","jetpack_sharing_enabled":true,"jetpack_shortlink":"https:\/\/wp.me\/p7ETMF-vbz","jetpack-related-posts":[{"id":116232,"url":"http:\/\/vincentians.com\/es\/la-fe-de-san-vicente\/","url_meta":{"origin":119881,"position":0},"title":"La Fe de san Vicente","author":"Francisco Javier Fern\u00e1ndez Chento","date":"14\/10\/2018","format":false,"excerpt":"I. San Vicente: un creyente Para abordar cualquier tema referente a San Vicente, el m\u00e9todo m\u00e1s seguro siempre es el de volver a la experiencia y al recorrido del Fundador. Por temperamento y por formaci\u00f3n, Vicente de Pa\u00fal fue siem\u00adpre un hombre que concedi\u00f3 gran importancia a la vida, al\u2026","rel":"","context":"En \u00abFormaci\u00f3n Vicenciana\u00bb","block_context":{"text":"Formaci\u00f3n Vicenciana","link":"http:\/\/vincentians.com\/es\/category\/formacion-vicenciana\/"},"img":{"alt_text":"","src":"","width":0,"height":0},"classes":[]},{"id":119883,"url":"http:\/\/vincentians.com\/es\/identificacion-de-jesucristo-con-el-pobre-epilogo-y-bibliografia\/","url_meta":{"origin":119881,"position":1},"title":"Identificaci\u00f3n de Jesucristo con el pobre. Ep\u00edlogo y Bibliograf\u00eda","author":"Francisco Javier Fern\u00e1ndez Chento","date":"17\/02\/2015","format":false,"excerpt":"Ep\u00edlogo Estos breves cap\u00edtulos habr\u00e1n bastado a demostrar c\u00f3mo San Vicente comprendi\u00f3 la verdad m\u00edstica de la identifica\u00adci\u00f3n de Jes\u00fas con 'los m\u00e1s peque\u00f1os'. Hemos visto primeramente la orientaci\u00f3n marcada de la espiritualidad del Santo hacia la persona de Jesucristo, tendencia propia de la escuela francesa de su tiempo. Despu\u00e9s\u2026","rel":"","context":"En \u00abFormaci\u00f3n Vicenciana\u00bb","block_context":{"text":"Formaci\u00f3n Vicenciana","link":"http:\/\/vincentians.com\/es\/category\/formacion-vicenciana\/"},"img":{"alt_text":"","src":"","width":0,"height":0},"classes":[]},{"id":119880,"url":"http:\/\/vincentians.com\/es\/identificacion-de-jesucristo-con-el-pobre-parte-ii-capitulo-1\/","url_meta":{"origin":119881,"position":2},"title":"Identificaci\u00f3n de Jesucristo con el pobre. Parte II, Cap\u00edtulo 1","author":"Francisco Javier Fern\u00e1ndez Chento","date":"14\/02\/2015","format":false,"excerpt":"Parte II: La identificaci\u00f3n en san Vicente de Pa\u00fal Hemos estudiado a la luz de las divinas p\u00e1ginas la doc\u00adtrina admirable de la identificaci\u00f3n de Jesucristo con los m\u00e1s peque\u00f1os.Veamos ahora como segunda parte esta misma doctrina realizada. Iluminada por el esplendor de la santidad. Porque los santos son \u00e9sto\u2026","rel":"","context":"En \u00abFormaci\u00f3n Vicenciana\u00bb","block_context":{"text":"Formaci\u00f3n Vicenciana","link":"http:\/\/vincentians.com\/es\/category\/formacion-vicenciana\/"},"img":{"alt_text":"","src":"","width":0,"height":0},"classes":[]},{"id":131345,"url":"http:\/\/vincentians.com\/es\/el-senor-vicente-evolucion-de-un-santo-ii\/","url_meta":{"origin":119881,"position":3},"title":"El se\u00f1or Vicente, evoluci\u00f3n de un santo (II)","author":"Francisco Javier Fern\u00e1ndez Chento","date":"20\/09\/2014","format":false,"excerpt":"2. LA INFANCIA. 1. La madre.- 2. Lugar y fecha de nacimiento de Vicente de Pa\u00fal.- 3. El primer bi\u00f3grafo.- 4. Las Landas.- 5. El campesino de la \u00e9poca.- 6. La familia del santo.- 7. La casa familiar actualmente.- 8- El ni\u00f1o.- 9. El hogar.- 10. La Sant\u00edsima Virgen y\u2026","rel":"","context":"En \u00abVicente de Pa\u00fal\u00bb","block_context":{"text":"Vicente de Pa\u00fal","link":"http:\/\/vincentians.com\/es\/category\/la-familia-vicenciana\/fundadores\/vicente-de-paul\/"},"img":{"alt_text":"coraz\u00f3n","src":"https:\/\/i0.wp.com\/vicencianos.org\/wp-content\/2014\/03\/coraz%C3%B3n.jpg?resize=350%2C200","width":350,"height":200},"classes":[]},{"id":119413,"url":"http:\/\/vincentians.com\/es\/san-vicente-de-paul-fundador\/","url_meta":{"origin":119881,"position":4},"title":"San Vicente de Pa\u00fal, fundador","author":"Francisco Javier Fern\u00e1ndez Chento","date":"06\/04\/2013","format":false,"excerpt":"La Comunidad de las Hijas de la Caridad y su estilo emi\u00adnentemente apost\u00f3lico, no han sido creaciones espont\u00e1neas, que podr\u00edan estudiarse y profundizar independientemente de todo con\u00adtexto. Antes de ser una Instituci\u00f3n, fue una etapa en el recorrido de Vicente de Pa\u00fal. Pero, para hacernos una idea justa de la\u2026","rel":"","context":"En \u00abFormaci\u00f3n Vicenciana\u00bb","block_context":{"text":"Formaci\u00f3n Vicenciana","link":"http:\/\/vincentians.com\/es\/category\/formacion-vicenciana\/"},"img":{"alt_text":"","src":"https:\/\/i0.wp.com\/vicencianos.org\/wp-content\/2012\/07\/saint-vincent-de-paul-111-197x300.jpg?resize=350%2C200","width":350,"height":200},"classes":[]},{"id":116700,"url":"http:\/\/vincentians.com\/es\/caridad-en-san-vicente-de-paul\/","url_meta":{"origin":119881,"position":5},"title":"Caridad en San Vicente de Pa\u00fal","author":"Francisco Javier Fern\u00e1ndez Chento","date":"26\/10\/2018","format":false,"excerpt":"Introducci\u00f3n Hablar de la caridad en Vicente de Pa\u00fal en esta semana de Estudios Vicencianos significa hacer una \"relectura\" de la misma. Esta relectura implica no una simple exposici\u00f3n de lo que dijo e hizo Vicente de Pa\u00fal referente a la caridad, sino un volver a leer su ense\u00f1anza y\u2026","rel":"","context":"En \u00abFormaci\u00f3n Vicenciana\u00bb","block_context":{"text":"Formaci\u00f3n Vicenciana","link":"http:\/\/vincentians.com\/es\/category\/formacion-vicenciana\/"},"img":{"alt_text":"","src":"https:\/\/i0.wp.com\/vincentians.com\/es\/wp-content\/uploads\/sites\/11\/2017\/07\/San-Vicente-7.jpg?fit=600%2C416&resize=350%2C200","width":350,"height":200,"srcset":"https:\/\/i0.wp.com\/vincentians.com\/es\/wp-content\/uploads\/sites\/11\/2017\/07\/San-Vicente-7.jpg?fit=600%2C416&resize=350%2C200 1x, https:\/\/i0.wp.com\/vincentians.com\/es\/wp-content\/uploads\/sites\/11\/2017\/07\/San-Vicente-7.jpg?fit=600%2C416&resize=525%2C300 1.5x"},"classes":[]}],"_links":{"self":[{"href":"http:\/\/vincentians.com\/es\/wp-json\/wp\/v2\/posts\/119881","targetHints":{"allow":["GET"]}}],"collection":[{"href":"http:\/\/vincentians.com\/es\/wp-json\/wp\/v2\/posts"}],"about":[{"href":"http:\/\/vincentians.com\/es\/wp-json\/wp\/v2\/types\/post"}],"author":[{"embeddable":true,"href":"http:\/\/vincentians.com\/es\/wp-json\/wp\/v2\/users\/4"}],"replies":[{"embeddable":true,"href":"http:\/\/vincentians.com\/es\/wp-json\/wp\/v2\/comments?post=119881"}],"version-history":[{"count":0,"href":"http:\/\/vincentians.com\/es\/wp-json\/wp\/v2\/posts\/119881\/revisions"}],"wp:featuredmedia":[{"embeddable":true,"href":"http:\/\/vincentians.com\/es\/wp-json\/"}],"wp:attachment":[{"href":"http:\/\/vincentians.com\/es\/wp-json\/wp\/v2\/media?parent=119881"}],"wp:term":[{"taxonomy":"category","embeddable":true,"href":"http:\/\/vincentians.com\/es\/wp-json\/wp\/v2\/categories?post=119881"},{"taxonomy":"post_tag","embeddable":true,"href":"http:\/\/vincentians.com\/es\/wp-json\/wp\/v2\/tags?post=119881"}],"curies":[{"name":"wp","href":"https:\/\/api.w.org\/{rel}","templated":true}]}}