{"id":119814,"date":"2022-04-05T08:11:30","date_gmt":"2022-04-05T06:11:30","guid":{"rendered":"http:\/\/somos.vicencianos.org\/?p=119814"},"modified":"2022-02-14T09:11:45","modified_gmt":"2022-02-14T08:11:45","slug":"ayer-y-hoy-de-las-misiones-vicencianas-en-espana-vision-historica-1965-1978","status":"publish","type":"post","link":"http:\/\/vincentians.com\/es\/ayer-y-hoy-de-las-misiones-vicencianas-en-espana-vision-historica-1965-1978\/","title":{"rendered":"Ayer y hoy de las Misiones Vicencianas en Espa\u00f1a. Visi\u00f3n hist\u00f3rica: 1965-1978"},"content":{"rendered":"<p>El contenido de la presente \u00abcomunicaci\u00f3n\u00bb se circunscribe tan s\u00f3lo a los a\u00f1os que se indican en el ep\u00edgrafe. Por consi\u00adguiente, todos los hechos misioneros que en ella se describan no se remontar\u00e1n, ni por detr\u00e1s ni por delante, a ninguna otra \u00e9poca hist\u00f3rica que no sea la enunciada en el t\u00edtulo. En cualquier caso, las alusiones que hagamos a hechos acaecidos fuera de este per\u00edodo, se introducen aqu\u00ed solamente por cuanto las consideramos pertinentes para aclarar lo que afirmamos en nuestro estudio.<\/p>\n<h2><i>\u00bfA\u00f1os de \u00abcrisis\u00bb o a\u00f1os \u00abpuente\u00bb?<\/i><\/h2>\n<p>No es cosa f\u00e1cil, y a veces hasta resulta inc\u00f3modo, hurgar en la \u00abmemoria hist\u00f3rica\u00bb. Sin embargo hay que hacerlo, porque s\u00f3lo conociendo el pasado se puede analizar el presente y a\u00fan intuir el futuro. La historia jam\u00e1s podr\u00e1 ser borrada. Al contrario, se levanta ante nosotros como una interpelaci\u00f3n constante, que nos relanza hacia un futuro esperanzador. Lo que aqu\u00ed se dice de la \u00abmemoria hist\u00f3rica\u00bb en general puede aplicarse, con las matizaciones del caso, a la historia misionera y, m\u00e1s concretamente a\u00fan, a la historia reciente de las Misio\u00adnes Populares Vicencianas en Espa\u00f1a.<\/p>\n<p>El prop\u00f3sito de este estudio consiste en hacer la descripci\u00f3n de una peque\u00f1a parte de esa historia, a saber, la del per\u00edodo comprendido entre los a\u00f1os 1965-1978. Los hemos llamado \u00aba\u00f1os-puente\u00bb, porque en ellos se realiz\u00f3 la transici\u00f3n de los viejos, a los nuevos m\u00e9todos de predicaci\u00f3n misionera.<\/p>\n<h3>a) <i>\u00abCrisis\u00bb de las misiones populares<\/i><\/h3>\n<p>A diferencia de las anteriores, las d\u00e9cadas que siguen inmediatamente al Concilio Vaticano II, se caracterizan por la \u00abdecadencia de las misiones\u00bb<span id='easy-footnote-1-119814' class='easy-footnote-margin-adjust'><\/span><span class='easy-footnote'><a href='http:\/\/vincentians.com\/es\/ayer-y-hoy-de-las-misiones-vicencianas-en-espana-vision-historica-1965-1978\/#easy-footnote-bottom-1-119814' title='&lt;i&gt;Anales, &lt;\/i&gt;1973, pp. 3, 81.'><sup>1<\/sup><\/a><\/span>. En esto est\u00e1n de acuerdo todos los cronistas y escritores de la \u00e9poca: \u00abLa aton\u00eda de las nuevas generaciones en relaci\u00f3n con las misiones se debe a la ignoran\u00adcia y falta de ilusi\u00f3n de los j\u00f3venes&#8230;\u00bb<span id='easy-footnote-2-119814' class='easy-footnote-margin-adjust'><\/span><span class='easy-footnote'><a href='http:\/\/vincentians.com\/es\/ayer-y-hoy-de-las-misiones-vicencianas-en-espana-vision-historica-1965-1978\/#easy-footnote-bottom-2-119814' title='&lt;i&gt;Ibid., &lt;\/i&gt;1967, p. 308.'><sup>2<\/sup><\/a><\/span>. Las misiones popula\u00adres, en efecto, estaban atravesando entonces por una crisis profunda, hasta tal punto, que el autor de una interesante s\u00edntesis sobre los ministerios pastorales realizados por la pro\u00advincia de Madrid para ser enviada a la Asamblea General Extraordinaria de la Congregaci\u00f3n de la Misi\u00f3n (1968-1969), escrib\u00eda: \u00abCon ser las misiones el ministerio principal y m\u00e1s propio de la Compa\u00f1\u00eda, ni las preguntas que sobre ellas se hacen en el cuestionario parecen estar a la altura de esta importancia, ni las respuestas parecen tampoco estar escritas con mucho entusiasmo\u00bb<span id='easy-footnote-3-119814' class='easy-footnote-margin-adjust'><\/span><span class='easy-footnote'><a href='http:\/\/vincentians.com\/es\/ayer-y-hoy-de-las-misiones-vicencianas-en-espana-vision-historica-1965-1978\/#easy-footnote-bottom-3-119814' title='&lt;i&gt;Ibid., &lt;\/i&gt;1969, pp. 277-278.'><sup>3<\/sup><\/a><\/span>. Otro misionero, cronista oficial de una de las provincias de la C. M. en Espa\u00f1a, a\u00f1ad\u00eda: \u00abSobre las misiones, puesto que al parecer, uno de los factores negativos principales para su buena marcha radica en la crisis de perso\u00adnal: escasez de misioneros j\u00f3venes que reemplacen a los vetera\u00adnos, se deduce la necesidad de crear un equipo misionero m\u00e1s joven y m\u00e1s dedicado a este ministerio, aunque tenga que ser m\u00e1s reducido. Igualmente el intercambio y estrechamiento de filas con las otras provincias en el estudio de la problem\u00e1tica y puesta al d\u00eda en su realizaci\u00f3n\u00bb<span id='easy-footnote-4-119814' class='easy-footnote-margin-adjust'><\/span><span class='easy-footnote'><a href='http:\/\/vincentians.com\/es\/ayer-y-hoy-de-las-misiones-vicencianas-en-espana-vision-historica-1965-1978\/#easy-footnote-bottom-4-119814' title='&lt;i&gt;Ibid. , &lt;\/i&gt;1977, pp. 833.'><sup>4<\/sup><\/a><\/span>. Los testimonios precedentes son el mejor aval escrito que habla de la existencia de una crisis innegable en nuestras misiones populares.<\/p>\n<p>Por su parte, el Superior General de la C. M. apuntaba algunas posibles causas de dicha crisis misionera: \u00abNos debe\u00admos preguntar a nosotros mismos: el descenso gradual de las misiones populares ser\u00e1 debido<\/p>\n<ul>\n<li>\u00bfsolamente a razones sociol\u00f3gicas y religiosas que han hecho que este ministerio sea menos \u00fatil que en tiempos pasados?<\/li>\n<li>\u00bfa una demasiado f\u00e1cil selecci\u00f3n por nuestra parte de otros ministerios m\u00e1s gen\u00e9ricos?<\/li>\n<li>\u00bfa un cierto debilitamiento de nuestro celo para la salvaci\u00f3n de los pobres, o a una cierta falta de confianza en la gracia de Nuestro Se\u00f1or Jesucristo?<\/li>\n<li>\u00bfal fallo, por nuestra parte, de no haber inventado nuevos caminos o maneras nuevas de llegar a la mente y al coraz\u00f3n del hombre moderno?\u00bb (cf. Anales, 1983, pp. 485\u00ad486).<\/li>\n<\/ul>\n<h3>b) <i>Los a\u00f1os \u00abpuente\u00bb<\/i><\/h3>\n<p>Pero los arios a que se refieren estas p\u00e1ginas, adem\u00e1s de \u00abcr\u00edticos\u00bb, fueron tambi\u00e9n \u00aba\u00f1os-puente\u00bb, lo que indica que no todo en ellos fue negativo, sino que hubo mucho de positivo y aprovechable. Fueron a\u00f1os de b\u00fasqueda. Durante esta \u00e9poca, en efecto, se fue gestando paulatinamente el paso de la \u00abmisi\u00f3n tradicional\u00bb a la \u00abmisi\u00f3n renovada\u00bb. Los observadores inter\u00adnos de la vida y ministerios de la Congregaci\u00f3n no dejaban de reconocer que las provincias espa\u00f1olas, unas m\u00e1s y otras menos, segu\u00edan conservando una fidelidad, aunque m\u00ednima, al \u00abgran ministerio de las misiones parroquiales\u00bb. Sin embargo, matizaba a continuaci\u00f3n: \u00abEn Espa\u00f1a hay todav\u00eda muchos ambientes donde la disponibilidad del pueblo de Dios es espl\u00e9ndida, lo cual plantea al mismo tiempo un serio problema sobre la orientaci\u00f3n adecuada de la evangelizaci\u00f3n en profun\u00addidad\u00bb. Y reconoc\u00edan que \u00abun equipo de misioneros organiza misiones y hace experiencias en este campo para ponerlas al d\u00eda\u00bb<span id='easy-footnote-5-119814' class='easy-footnote-margin-adjust'><\/span><span class='easy-footnote'><a href='http:\/\/vincentians.com\/es\/ayer-y-hoy-de-las-misiones-vicencianas-en-espana-vision-historica-1965-1978\/#easy-footnote-bottom-5-119814' title='&lt;i&gt;Ibid., &lt;\/i&gt;1976, pp. 27-28.'><sup>5<\/sup><\/a><\/span>.<\/p>\n<p>La decantaci\u00f3n de todas estas experiencias se ver\u00eda m\u00e1s tarde: a finales de la d\u00e9cada de los 70. Mientras tanto iban apareciendo en el campo de la pastoral de misiones populares no pocos factores clave que hablaban ya, cierto que muy \u00absubterr\u00e1neamente\u00bb, de renovaci\u00f3n misional.<\/p>\n<h2><i>Por las sendas de la renovaci\u00f3n misionera<\/i><\/h2>\n<p>La experimentaci\u00f3n y la b\u00fasqueda son categor\u00edas innatas en la Congregaci\u00f3n de la Misi\u00f3n. Ella nace precisamente buscando y experimentando. Por eso, cuando el Fundador estima que ha llegado el momento de que la Comunidad por \u00e9l fundada disponga de un proyecto de vida y apostolado escrito, recordar\u00e1 a sus primeros compa\u00f1eros c\u00f3mo comenzaron a vivirlo primero experimentalmente<span id='easy-footnote-6-119814' class='easy-footnote-margin-adjust'><\/span><span class='easy-footnote'><a href='http:\/\/vincentians.com\/es\/ayer-y-hoy-de-las-misiones-vicencianas-en-espana-vision-historica-1965-1978\/#easy-footnote-bottom-6-119814' title='&lt;i&gt;Reglas Comunes, &lt;\/i&gt;carta pr\u00f3logo de San Vicente de Pa\u00fal.'><sup>6<\/sup><\/a><\/span>. San Vicente de Pa\u00fal era, como se ve por la carta-pr\u00f3logo de las Reglas Comunes, un hombre pragm\u00e1tico. Y ese mismo talante lo hered\u00f3 su Congre\u00adgaci\u00f3n.<\/p>\n<p>Siguiendo esa misma l\u00ednea experiencial, coloqu\u00e9monos ahora en unos a\u00f1os m\u00e1s cercanos a nosotros. Veremos c\u00f3mo la Hermandad Misionera de San Vicente de Pa\u00fal surgi\u00f3 precisa\u00admente como resultado de unas experiencias apost\u00f3licas realiza\u00addas al alim\u00f3n entre padres pa\u00fales y sacerdotes diocesanos. En 1945, una memorable conferencia de Pedro Langarica, C. M. al clero de la ciudad de Pamplona, fue el motivo determinante que movi\u00f3 a Mons. Olaechea a encomendarnos la direcci\u00f3n de la misi\u00f3n a aquella ciudad<span id='easy-footnote-7-119814' class='easy-footnote-margin-adjust'><\/span><span class='easy-footnote'><a href='http:\/\/vincentians.com\/es\/ayer-y-hoy-de-las-misiones-vicencianas-en-espana-vision-historica-1965-1978\/#easy-footnote-bottom-7-119814' title='&lt;i&gt;Anales, &lt;\/i&gt;1945, pp. 124-125. Cons\u00faltese tambi\u00e9n Eugenio Escribano, \u00abManual del misionero\u00bb t. I., Madrid 1943, p. 7; Cf. Anales, 1941, pp. 169-172.'><sup>7<\/sup><\/a><\/span>. He aqu\u00ed dos hechos-clave que han sido considerados por todos como el embri\u00f3n germinal de lo que m\u00e1s tarde ser\u00eda la Hermandad Misionera, dada a luz p\u00fablica y oficialmente en la misi\u00f3n de Valencia (1949). Aunque estos hechos no pertenecen a la \u00e9poca que historiamos, deja\u00admos constancia de ellos para que se vea c\u00f3mo nuestras misio\u00adnes fueron evolucionando y enriqueci\u00e9ndose al paso de la experiencia pastoral y seg\u00fan lo impon\u00edan las necesidades reales de la evangelizaci\u00f3n.<\/p>\n<p>Adentr\u00e1ndonos ya en nuestro tema, nos colocamos en los a\u00f1os 60. En 1965, para ser m\u00e1s exactos. A partir de esta fecha, van a ir apareciendo una serie de factores que ser\u00e1n decisivos en la renovaci\u00f3n de nuestras misiones.<\/p>\n<p>Estos factores son, a mi juicio, de tres clases: personales, estructurales y tem\u00e1ticos. Como siempre que se trata de la historia salv\u00edfica, y las misiones tienen mucho que ver con ella, el \u00abacontecimiento\u00bb es el que contribuye al cambio, o lo provoca. Pero&#8230;, citemos ya, uno por uno, esos \u00abfactores\u00bb.<\/p>\n<h3>a) <i>El factor personal<\/i><\/h3>\n<p>Digamos algo, en primer lugar, de las personas que son los agentes imprescindibles en toda evangelizaci\u00f3n.<\/p>\n<p>Cuando est\u00e1 declinando la llamada \u00abedad de oro\u00bb de las misiones populares vicencianas, se predica la gran misi\u00f3n a la ciudad de Sevilla<span id='easy-footnote-8-119814' class='easy-footnote-margin-adjust'><\/span><span class='easy-footnote'><a href='http:\/\/vincentians.com\/es\/ayer-y-hoy-de-las-misiones-vicencianas-en-espana-vision-historica-1965-1978\/#easy-footnote-bottom-8-119814' title='&lt;i&gt;Anales, &lt;\/i&gt;1986, pp. 82, 86.'><sup>8<\/sup><\/a><\/span>, que hab\u00eda sido precedida por otra de no menos importancia en Jerez de la Frontera, en el oto\u00f1o ante\u00adrior.<\/p>\n<ul>\n<li>Pues bien; es precisamente en Sevilla donde, por vez primera, irrumpen con entusiasmo y eficacia en nuestras mi\u00adsiones los <i>laicos vicencianos femeninos. <\/i>Aquellos seglares eran las <i>Voluntarias de la Caridad, <\/i>entonces conocidas con el nom\u00adbre de <i>Damas<\/i><span id='easy-footnote-9-119814' class='easy-footnote-margin-adjust'><\/span><span class='easy-footnote'><a href='http:\/\/vincentians.com\/es\/ayer-y-hoy-de-las-misiones-vicencianas-en-espana-vision-historica-1965-1978\/#easy-footnote-bottom-9-119814' title='&lt;i&gt;Justicia y Caridad, &lt;\/i&gt;mayo-junio, 1965, p. 23.'><sup>9<\/sup><\/a><\/span>. Conviene que retengamos este dato que nos permitir\u00e1 valorar el talante renovador por el que caminaban nuestras misiones en aquellas calendas<span id='easy-footnote-10-119814' class='easy-footnote-margin-adjust'><\/span><span class='easy-footnote'><a href='http:\/\/vincentians.com\/es\/ayer-y-hoy-de-las-misiones-vicencianas-en-espana-vision-historica-1965-1978\/#easy-footnote-bottom-10-119814' title='&lt;i&gt;Ibid., &lt;\/i&gt;1986, pp. 45-49.'><sup>10<\/sup><\/a><\/span>.<\/li>\n<li>Todav\u00eda m\u00e1s. Hablando de personas y de su decisiva presencia en el apostolado de la Iglesia, \u00bfc\u00f3mo olvidar a las <i>Hijas de la Caridad? <\/i>Ellas fueron, juntamente con las Damas, la novedad m\u00e1s brillante y eficaz en este despegue renovador de las misiones populares vicencianas por aquellos d\u00edas<span id='easy-footnote-11-119814' class='easy-footnote-margin-adjust'><\/span><span class='easy-footnote'><a href='http:\/\/vincentians.com\/es\/ayer-y-hoy-de-las-misiones-vicencianas-en-espana-vision-historica-1965-1978\/#easy-footnote-bottom-11-119814' title='&lt;i&gt;Anales, &lt;\/i&gt;1983, pp. 661-669.'><sup>11<\/sup><\/a><\/span>.<\/li>\n<\/ul>\n<p>Me limito, por el momento, a consignar la aparici\u00f3n de unas y otras en el campo de las misiones populares. M\u00e1s adelante especificar\u00e9 sus tareas y lo valioso de la aportaci\u00f3n de entrambas.<\/p>\n<h3>b) <i>La tem\u00e1tica misionera<\/i><\/h3>\n<p>En la tarea renovadora de las misiones subyace siempre, como elemento important\u00edsimo, el asunto de los <i>temarios. <\/i>Ya el cardenal Taranc\u00f3n, entonces arzobispo de Oviedo, lo reco\u00adnoc\u00eda sin ambages: \u00abLas misiones est\u00e1n en crisis; no damos con un temario adecuado\u00bb<span id='easy-footnote-12-119814' class='easy-footnote-margin-adjust'><\/span><span class='easy-footnote'><a href='http:\/\/vincentians.com\/es\/ayer-y-hoy-de-las-misiones-vicencianas-en-espana-vision-historica-1965-1978\/#easy-footnote-bottom-12-119814' title='&lt;i&gt;Ibid., &lt;\/i&gt;1967, pp. 310-312.'><sup>12<\/sup><\/a><\/span>.<\/p>\n<ul>\n<li>Hay que reconocer que nuestros misioneros, para ser m\u00e1s concretos, los que hab\u00edan ido a la misi\u00f3n de Buenos Aires (1960), se hab\u00edan familiarizado un tanto con otra clase de contenidos tem\u00e1ticos mucho m\u00e1s positivos que los utilizados por nosotros habitualmente. Aquel temario estaba inspirado en el de la misi\u00f3n de Mil\u00e1n (Italia). Sin embargo, fue con ocasi\u00f3n de <i>la misi\u00f3n de Sevilla <\/i>cuando, entre nosotros, se pens\u00f3, y se puso en pr\u00e1ctica, una formulaci\u00f3n tem\u00e1tica mucho m\u00e1s positiva y actualizada de nuestras \u00abfunciones\u00bb<span id='easy-footnote-13-119814' class='easy-footnote-margin-adjust'><\/span><span class='easy-footnote'><a href='http:\/\/vincentians.com\/es\/ayer-y-hoy-de-las-misiones-vicencianas-en-espana-vision-historica-1965-1978\/#easy-footnote-bottom-13-119814' title='&lt;i&gt;Ibid., &lt;\/i&gt;1979, pp. 51-74; Cf. tambi\u00e9n una separata de Anales, pre\u00e1mbu\u00adlo, pp. 1-4.'><sup>13<\/sup><\/a><\/span>.<\/li>\n<li>En 1968, Rafael Ortega, C. M., pronunciaba en Maja\u00addahonda (Madrid) una conferencia sobre teolog\u00eda pastoral titulada <i>\u00abnuevos m\u00e9todos de evangelizaci\u00f3n\u00bb, <\/i>que abri\u00f3 unas pistas ricas \u00aby profundas para la renovaci\u00f3n del temario de nuestra predicaci\u00f3n misionera<span id='easy-footnote-14-119814' class='easy-footnote-margin-adjust'><\/span><span class='easy-footnote'><a href='http:\/\/vincentians.com\/es\/ayer-y-hoy-de-las-misiones-vicencianas-en-espana-vision-historica-1965-1978\/#easy-footnote-bottom-14-119814' title='&lt;i&gt;Anales, &lt;\/i&gt;1968, pp. 466-479. Las ideas expuestas en este art\u00edculo fueron despu\u00e9s ampliadas y profundizadas por su mismo autor en el libro \u00abLa gran noticia\u00bb, Ediciones Paulinas, Bogot\u00e1 1979, 244 p\u00e1ginas.'><sup>14<\/sup><\/a><\/span>.<\/li>\n<li>Otro de los grandes hitos renovadores de nuestras misiones, surgido a ra\u00edz del Concilio, fue la 1.a <i>Asamblea Nacional de la Hermandad Misionera. <\/i>En ella se cre\u00f3, entre otras, una importante comisi\u00f3n encargada de sugerir princi\u00adpios doctrinales para la elaboraci\u00f3n del temario misional. Con raz\u00f3n dec\u00edan las cr\u00f3nicas que la Hermandad \u00abprosegu\u00eda su meritoria labor de revisi\u00f3n de los problemas de la pastoral misionera\u00bb<span id='easy-footnote-15-119814' class='easy-footnote-margin-adjust'><\/span><span class='easy-footnote'><a href='http:\/\/vincentians.com\/es\/ayer-y-hoy-de-las-misiones-vicencianas-en-espana-vision-historica-1965-1978\/#easy-footnote-bottom-15-119814' title='&lt;i&gt;Anales, &lt;\/i&gt;1966, pp. 343-344; 443.'><sup>15<\/sup><\/a><\/span>.<\/li>\n<li>Con toda probabilidad, uno de los acontecimientos m\u00e1s relevantes d\u00e9 estos a\u00f1os, relacionado con la actualizaci\u00f3n de las misiones parroquiales vicencianas, fue la <i>Semana de Estudios sobre Misiones Parroquiales, <\/i>celebrada en Madrid durante la segunda quincena del mes de septiembre del a\u00f1o 1972. El libro \u00abLas misiones populares, hoy\u00bb, de la Editorial \u00abLa Milagrosa\u00bb, recoge las ponencias y conclusiones de aque\u00adllas intensas jornadas de estudio<span id='easy-footnote-16-119814' class='easy-footnote-margin-adjust'><\/span><span class='easy-footnote'><a href='http:\/\/vincentians.com\/es\/ayer-y-hoy-de-las-misiones-vicencianas-en-espana-vision-historica-1965-1978\/#easy-footnote-bottom-16-119814' title='&lt;i&gt;Ibid., &lt;\/i&gt;1972, pp. 479-492; 493-494; 557-575; Cf. \u00abLas misiones popula\u00adres, hoy\u00bb, Editorial La Milagrosa, 1973.'><sup>16<\/sup><\/a><\/span>.<\/li>\n<\/ul>\n<h3><i>c) Procedimientos y m\u00e9todos<\/i><\/h3>\n<p>Habr\u00edan de pasar todav\u00eda algunos a\u00f1os para que los m\u00e9to\u00addos misioneros cambiasen en profundidad. Mientras tanto, en nuestras misiones continuaba mandando el m\u00e9todo tradicio\u00adnal en el que, justo es decirlo, se iban introduciendo poco a poco algunos elementos renovadores.<\/p>\n<ul>\n<li>Tal ocurr\u00eda, por ejemplo, con la llamada <i>\u00abmisi\u00f3n infan\u00adtil\u00bb. <\/i>Precisamente en las misiones de Asturias, a\u00f1o 1970, se ensay\u00f3, con provecho, un nuevo ordenamiento celebrativo, mucho m\u00e1s lit\u00fargico, en el que prevalec\u00edan los \u00absignos\u00bb sacra\u00admentales, llenos de gran pedagog\u00eda, sobre aquellas cl\u00e1sicas \u00abpoes\u00edas\u00bb, que los ni\u00f1os sol\u00edan recitar como colof\u00f3n de su misioncita en la llamada \u00abfiesta infantil\u00bb.<\/li>\n<li>Otro tanto ocurr\u00eda con la <i>misi\u00f3n a la juventud, <\/i>que tambi\u00e9n comenz\u00f3 a evolucionar. Lenta, pero progresivamente, se fue habituando a los j\u00f3venes a entrar en un ambiente particip&#8217; ativo. Se comenzaba a dialogar sencilla y confiada\u00admente en clima de familia y de cercan\u00eda, utilizando la metodo\u00adlog\u00eda de las \u00abejercitaciones por un mundo mejor\u00bb: ver, juzgar <i>y <\/i>actuar.<\/li>\n<li>En cuanto a los m\u00e9todos masivos y un tanto ruidosos: rosarios de aurora, procesiones&#8230; etc., fueron recort\u00e1ndose poco a poco, sin eliminarlos del todo. Hab\u00eda que ponerse a tono con un estilo conciliar respetuoso con la libertad de las personas. Sin embargo, nada de esto signific\u00f3 para nuestras misiones un \u00abencerrarse en la sacrist\u00eda\u00bb. La misi\u00f3n popular vicenciana se caracteriz\u00f3 siempre por su peculiar \u00abpopulari\u00addad\u00bb, fruto precisamente del car\u00e1cter \u00absecular\u00bb de la Congre\u00adgaci\u00f3n de la Misi\u00f3n. El misionero vicenciano de todos los tiempos ha sido un hombre cristiano que, con este o aquel m\u00e9todo, se distingui\u00f3 por su saber estar en medio del pueblo, acerc\u00e1ndose, de manera especial, a los alejados (cf. Anales, 1945, pp. 124-125).<\/li>\n<\/ul>\n<p>En resumen, est\u00e1bamos todav\u00eda bastante lejos de la verda\u00addera \u00abmisi\u00f3n renovada\u00bb; pero todos estos factores eran ya, aunque t\u00edmidos, unos significativos avances.<\/p>\n<h3>d) <i>Influencia de otros factores<\/i><\/h3>\n<p>Hay todav\u00eda otros dos factores, que creo conveniente des\u00adtacar.<\/p>\n<p>El primero proviene de las instancias supremas de la Con\u00adgregaci\u00f3n; del <i>Superior General, P. Slattery, <\/i>concretamente, quien instaba con apremio a una diligente promoci\u00f3n de las misiones populares por medio de una carta circular que \u00e9l mismo titulaba \u00abde missionibus sedulo promovendis\u00bb<span id='easy-footnote-17-119814' class='easy-footnote-margin-adjust'><\/span><span class='easy-footnote'><a href='http:\/\/vincentians.com\/es\/ayer-y-hoy-de-las-misiones-vicencianas-en-espana-vision-historica-1965-1978\/#easy-footnote-bottom-17-119814' title='&lt;i&gt;Vincentiana, &lt;\/i&gt;n. 2, a\u00f1o 1965; cf. Anales, 1965, pp. 480-483.'><sup>17<\/sup><\/a><\/span>.<\/p>\n<p>En la historia contempor\u00e1nea de las misiones populares vicencianas hay, sin embargo, un acontecimiento de especial relevancia. Me refiero al <i>Encuentro de la Hermandad Misionera con el Episcopado espa\u00f1ol. <\/i>Tuvo lugar en Roma en el oto\u00f1o de 1965, en v\u00edsperas de la conclusi\u00f3n del Vaticano II. Don Jos\u00e9 Mar\u00eda Eguaras, vicesecretario del episcopado y miembro exi\u00admio de la Hermandad, tuvo la feliz ocurrencia de preparar un encuentro del padre Langarica con los obispos de Espa\u00f1a sobre el tema \u00abLa Hermandad Misionera: naturaleza, objeti\u00advos, fines y miembros\u00bb. A esta conferencia asistieron tambi\u00e9n algunos Prelados pa\u00fales de Hispanoam\u00e9rica y no pocos sacer\u00addotes del Colegio Espa\u00f1ol en la \u00abciudad eterna\u00bb<span id='easy-footnote-18-119814' class='easy-footnote-margin-adjust'><\/span><span class='easy-footnote'><a href='http:\/\/vincentians.com\/es\/ayer-y-hoy-de-las-misiones-vicencianas-en-espana-vision-historica-1965-1978\/#easy-footnote-bottom-18-119814' title='&lt;i&gt;Anales, &lt;\/i&gt;1965, pp. 733-749.'><sup>18<\/sup><\/a><\/span>.<\/p>\n<p>Hasta aqu\u00ed, los que me parecen jalones m\u00e1s destacados de aquellos a\u00f1os \u00abpuente\u00bb de 1965-1978.<\/p>\n<h2><i>Concilio Vaticano II y misiones<\/i><\/h2>\n<p>Una de las dimensiones m\u00e1s importantes del Vaticano II fue la misionera. El 6 de agosto de 1964, Pablo VI publicaba su carta enc\u00edclica program\u00e1tica \u00abEcclesiam suam\u00bb, sobre los ca\u00adminos que la Iglesia cat\u00f3lica debe seguir en la actualidad para cumplir su misi\u00f3n. Era una enc\u00edclica abiertamente misionera; de acercamiento al mundo contempor\u00e1neo \u00abcon el que la Iglesia debe entablar di\u00e1logo\u00bb<span id='easy-footnote-19-119814' class='easy-footnote-margin-adjust'><\/span><span class='easy-footnote'><a href='http:\/\/vincentians.com\/es\/ayer-y-hoy-de-las-misiones-vicencianas-en-espana-vision-historica-1965-1978\/#easy-footnote-bottom-19-119814' title='Pablo VI en \u00abEclesiam suam\u00bb, n. 60.'><sup>19<\/sup><\/a><\/span>.<\/p>\n<p>A los pa\u00fales espa\u00f1oles, este talante misionero de la Iglesia del Concilio no les era extra\u00f1a ni desconocido. Ellos hab\u00edan tenido siempre plena conciencia misionera. Y la hab\u00edan ejerci\u00adtado y la segu\u00edan ejercitando. Pi\u00e9nsese en las misiones de Sevilla, Avila, Melilla, Chiclana, Ayamonte, Vejer de la Fron\u00adtera, etc.<span id='easy-footnote-20-119814' class='easy-footnote-margin-adjust'><\/span><span class='easy-footnote'><a href='http:\/\/vincentians.com\/es\/ayer-y-hoy-de-las-misiones-vicencianas-en-espana-vision-historica-1965-1978\/#easy-footnote-bottom-20-119814' title='&lt;i&gt;Anales, &lt;\/i&gt;1965, pp. 248-314; 322-329; 330-333; 338-349.'><sup>20<\/sup><\/a><\/span>; o en las misiones colectivas en algunos arcipres\u00adtrazgos de las di\u00f3cesis de Coria-C\u00e1ceres y de Ciudad Rodrigo, todas ellas predicadas en el a\u00f1o 1965. Al a\u00f1o siguiente, se inician los compromisos misioneros en gran escala con la di\u00f3cesis de Oviedo, que ser\u00e1 evangelizada por zonas pastorales durante cinco a\u00f1os. En estas misiones colaboraron brillante y eficazmente las Damas y las Hijas de la Caridad (cf. Anales, 1983, pp. 661-669). En 1970, se asume el compromiso de misionar toda la extensa di\u00f3cesis alcarre\u00f1a. Esta nos ocupar\u00e1 ocho a\u00f1os, es decir, hasta 1978. Se misionan tambi\u00e9n en su totalidad las de Coria-C\u00e1ceres y Ciudad Rodrigo. El carisma misionero vicenciano segu\u00eda estando vivo, al menos en un \u00abpeque\u00f1o resto\u00bb, y ello a pesar de las voces de descontento que surg\u00edan dentro de la propia comunidad<span id='easy-footnote-21-119814' class='easy-footnote-margin-adjust'><\/span><span class='easy-footnote'><a href='http:\/\/vincentians.com\/es\/ayer-y-hoy-de-las-misiones-vicencianas-en-espana-vision-historica-1965-1978\/#easy-footnote-bottom-21-119814' title='&lt;i&gt;Ibid., &lt;\/i&gt;1976, p. 387.'><sup>21<\/sup><\/a><\/span>.<\/p>\n<p>El salto definitivo de la \u00abmisi\u00f3n tradicional\u00bb a la \u00abrenova\u00adda\u00bb ocurri\u00f3 en el mes de febrero de 1978, en Hinojosa de Duero, di\u00f3cesis de Ciudad Rodrigo<span id='easy-footnote-22-119814' class='easy-footnote-margin-adjust'><\/span><span class='easy-footnote'><a href='http:\/\/vincentians.com\/es\/ayer-y-hoy-de-las-misiones-vicencianas-en-espana-vision-historica-1965-1978\/#easy-footnote-bottom-22-119814' title='&lt;i&gt;Ibid., &lt;\/i&gt;1978, pp. 424-426; cf. Vincentiana, 1978, pp. 219-222.'><sup>22<\/sup><\/a><\/span>. Este pueblo hab\u00eda sido misionado diez a\u00f1os antes por una bina de misioneros pa\u00fales y el p\u00e1rroco actual, el mismo de ayer, quer\u00eda una nueva evangeli\u00adzaci\u00f3n de su parroquia, distinta a la anterior, es decir, una misi\u00f3n por \u00abpeque\u00f1os grupos\u00bb o \u00abpeque\u00f1as comunidades cristianas\u00bb (nosotros las denominamos entonces \u00abcomunidades cristianas de caridad\u00bb). Los agentes de esta nueva experiencia misionera fuimos dos pa\u00fales y dos Hijas de la Caridad. Aque\u00adlla experiencia result\u00f3 enriquecedora. Todo era nuevo y joven para nosotros: el m\u00e9todo, los procedimientos, el sentido de equipo, las catequesis, la planificaci\u00f3n en com\u00fan, la revisi\u00f3n del proyecto misionero, la vida profundamente fraternal, las celebraciones lit\u00fargicas tan vivas, y aquel \u00ab\u00e1gape\u00bb cristiano con que cerramos la misi\u00f3n&#8230; etc. Recuerdo que a falta de temario propio para utilizar en las catequesis de los \u00abpeque\u00f1os grupos\u00bb, tuvimos que echar mano del material did\u00e1ctico del equipo CESPLAM, de los PP. Redentoristas. \u00abEl grupo cris\u00adtiano dialoga\u00bb, o algo as\u00ed, era el t\u00edtulo del folleto que nos sirvi\u00f3 de base para las catequesis. Entre nosotros estaba comenzando (mejor: hab\u00eda comenzado ya), un nuevo tipo de misi\u00f3n.<\/p>\n<p>Aquel ensayo de \u00abmisi\u00f3n nueva\u00bb qued\u00f3 algo dormido durante un par de a\u00f1os, poco m\u00e1s o menos. Pero enseguida, al comenzar la d\u00e9cada de los a\u00f1os 80 se puso nuevamente en marcha: la di\u00f3cesis de Granada (1981), los pueblos de Baena y Punta Umbr\u00eda (1982), otra vez la di\u00f3cesis de Granada y Almer\u00eda (1984), la ciudad de Segovia (1984), las di\u00f3cesis de Navarra (1985), Avila (1985), Granada (1985), Huelva (1986), Toledo (1986), Cuenca (1986), Albacete (1986)&#8230;, etc., han sido testigos de este nuevo proyecto misionero que est\u00e1 dando mucho fruto. Hasta en el lejano Vicariato Apost\u00f3lico de El Pet\u00e9n (Guatemala) cuaj\u00f3 con provecho este nuevo tipo de evangelizaci\u00f3n en l\u00ednea neocatecumenal. Nuestro cohermano el obispo Mons. Jorge Mario se convirti\u00f3 en el mejor propa\u00adgandista que hasta ahora haya tenido la \u00abmisi\u00f3n renovada\u00bb: \u00abPara m\u00ed, esta promoci\u00f3n de las comunidades es el fruto m\u00e1s valioso para Flores, y creo que tambi\u00e9n para Santa Elena y San Benito. Las reuniones de las comunidades de caridad contin\u00faan cada semana con marcado entusiasmo e inter\u00e9s\u00bb<span id='easy-footnote-23-119814' class='easy-footnote-margin-adjust'><\/span><span class='easy-footnote'><a href='http:\/\/vincentians.com\/es\/ayer-y-hoy-de-las-misiones-vicencianas-en-espana-vision-historica-1965-1978\/#easy-footnote-bottom-23-119814' title='&lt;i&gt;Ibid., &lt;\/i&gt;1985, p. 679.'><sup>23<\/sup><\/a><\/span>.<\/p>\n<h2><i>Estad\u00edstica misionera<\/i><\/h2>\n<p>En la d\u00e9cada de los a\u00f1os 70 era frecuente leer en los boletines de las provincias de la C. M. de Espa\u00f1a frases como estas: \u00abHoy apenas si se dan misiones colectivas\u00bb, o, \u00abdentro de la precariedad general, se han dado algunas aisladas\u00bb, o, \u00abse habla mucho de la decadencia de las misiones\u00bb<span id='easy-footnote-24-119814' class='easy-footnote-margin-adjust'><\/span><span class='easy-footnote'><a href='http:\/\/vincentians.com\/es\/ayer-y-hoy-de-las-misiones-vicencianas-en-espana-vision-historica-1965-1978\/#easy-footnote-bottom-24-119814' title='&lt;i&gt;Ibid., &lt;\/i&gt;1969, p. 80; 1973, pp. 3 y 81.'><sup>24<\/sup><\/a><\/span>. Esas expre\u00adsiones no eran exageradas ni pesimistas. Reflejaban la pura verdad. Sin embargo, y pese a todo, tambi\u00e9n era cierto que permanec\u00eda un \u00abresto\u00bb que misionaba con regularidad, sin dejarse abatir por el desaliento. Hubo di\u00f3cesis que fueron misionadas totalmente, por ejemplo: Sig\u00fcenza-Guadalajara, Coria-C\u00e1ceres, Ciudad Rodrigo. Otras lo fueron en grandes zonas de su poblaci\u00f3n: Oviedo, Burgos,. Cuenca. Y, finalmen\u00adte, muchas m\u00e1s lo fueron s\u00f3lo ocasionalmente.<\/p>\n<p>Resulta dificil hacer estad\u00edstica de la \u00e9poca que nos ocupa, porque los cronistas no siempre fueron fieles en consignar por escrito los pueblos que misionaban. A\u00fan en este tiempo se daban \u00abmisiones colectivas\u00bb, sobre todo en las di\u00f3cesis m\u00e1s rurales y humildes. A modo de comprobaci\u00f3n num\u00e9rica de lo que afirmo, ofrezco los datos que he podido investigar en Anales al respecto. La estad\u00edstica se refiere solamente a los a\u00f1os 1966-1978:<\/p>\n<ul>\n<li>Di\u00f3cesis de Coria-C\u00e1ceres, arciprestrazgos misionados: 15<\/li>\n<li>Di\u00f3cesis de Ciudad Rodrigo, arciprestazgos misionados: 9<\/li>\n<li>Di\u00f3cesis de Oviedo, arciprestazgos misionados: 18<\/li>\n<li>Di\u00f3cesis de Sig\u00fcenza-Guadalajara, arciprestazgos misionados: 14<\/li>\n<li>Di\u00f3cesis de Cuenca, arciprestazgos misionados: 3<\/li>\n<li>Di\u00f3cesis de Burgos, arciprestazgos misionados: 3<\/li>\n<li>Total arciprestazgos: 62<\/li>\n<\/ul>\n<p>Calculando un promedio de 10 parroquias por arciprestaz\u00adgo, tenemos un total de 620 parroquias misionadas en estos trece a\u00f1os.<\/p>\n<p>Hay todav\u00eda algo m\u00e1s. Durante este mismo per\u00edodo se misionaron, adem\u00e1s, algunas zonas urbanas de importancia. Entre las ciudades evangelizadas hay que recordar: Avila, Ubeda, Granada (en colaboraci\u00f3n con la FEDAP), C\u00e1ceres, Teruel, Badajoz (con los PP. Redentoristas), Vitoria (con las \u00abJornadas de Renovaci\u00f3n en Cristo\u00bb), Guadalajara, Cuenca, Burgos (con las \u00abJornadas de Renovaci\u00f3n en Cristo\u00bb). A\u00f1a\u00addiendo al n\u00famero de parroquias citadas m\u00e1s arriba los 120 \u00abcentros misionales\u00bb correspondientes a la totalidad de las ciudades que acabamos de enumerar, tenemos un total de <i>740 misiones <\/i>predicadas en el per\u00edodo que abarca nuestro estudio. Y no contabilizo, por su complejidad, otras muchas misiones ocasionales y aisladas. Con toda seguridad se acercan mucho a las <i>mil, <\/i>si no rebasan este n\u00famero, las misiones predicadas en los a\u00f1os 1966-1978.<\/p>\n<p>En cuanto a los Padres Pa\u00fales que misionaron, contamos un total de <i>172. <\/i>De estos, una gran mayor\u00eda, 69 exactamente, predicaron misiones muy rara y ocasionalmente: una sola vez, para ser m\u00e1s exactos. De aquel total de misioneros, s\u00f3lo 25 superan (y algunos con creces) las diez misiones predicadas; y 78 est\u00e1n por debajo de esa \u00faltima cifra.<\/p>\n<p>Si queremos contabilizar los sacerdotes de la Hermandad, los c\u00e1lculos resultan mucho m\u00e1s dif\u00edciles todav\u00eda, pues sus nombres casi nunca aparecen. Las cr\u00f3nicas solamente citan el n\u00famero global de los que asistieron. A\u00fan as\u00ed, se sabe con certeza que, durante las fechas de nuestro estudio, los sacerdo\u00adtes de la Hermanad misionaron en 24 ocasiones, principalmen\u00adte en ciudades y arciprestazgos extensos. En diez de esas misiones, el n\u00famero de sacerdotes de la Hermandad misione\u00adros oscilaba entre los 15 y 20, por misi\u00f3n. En el resto, el n\u00famero era bastante inferior a los 10.<\/p>\n<h2><i>Dimensi\u00f3n misonera de la \u00abfamilia vicenciana\u00bb<\/i><\/h2>\n<p>En la familia vicenciana todos somos misioneros. Nuestro carisma consiste en anunciar el evangelio de Jesucristo a los pobres. En la Congregaci\u00f3n este carisma se manifiesta, aunque no exclusivamente, a trav\u00e9s del ejercicio de las misiones popu\u00adlares, de cuya importancia escribe el Fundador: \u00abEl nombre de misioneros o sacerdotes de la Misi\u00f3n, nombre que no nos hemos apropiado indebidamente, sino que por benepl\u00e1cito de Dios nos ha impuesto la voz com\u00fan del pueblo, muestra con claridad que el ministerio de las misiones debe ser para noso\u00adtros el primero y principal de entre los trabajos por el pr\u00f3ji\u00admo&#8230;\u00bb<span id='easy-footnote-25-119814' class='easy-footnote-margin-adjust'><\/span><span class='easy-footnote'><a href='http:\/\/vincentians.com\/es\/ayer-y-hoy-de-las-misiones-vicencianas-en-espana-vision-historica-1965-1978\/#easy-footnote-bottom-25-119814' title='&lt;i&gt;Reglas Comunes &lt;\/i&gt;XI, 10.'><sup>25<\/sup><\/a><\/span>.<\/p>\n<p>El encuentro de Bogot\u00e1 (1983), por su parte, reconoc\u00eda: \u00abSe ve ya en tiempos de San Vicente, como ahora a trav\u00e9s de la experiencia de varias provincias, que para realizar la misi\u00f3n, obra com\u00fan de la comunidad cristiana, debemos contar con la colaboraci\u00f3n de las Hijas de la Caridad, especialmente para ciertas tareas misioneras\u00bb. Y hablando de los laicos, los consi\u00adderaba de gran importancia por la aportaci\u00f3n que ellos pod\u00edan brindar en la edificaci\u00f3n del reino de Dios<span id='easy-footnote-26-119814' class='easy-footnote-margin-adjust'><\/span><span class='easy-footnote'><a href='http:\/\/vincentians.com\/es\/ayer-y-hoy-de-las-misiones-vicencianas-en-espana-vision-historica-1965-1978\/#easy-footnote-bottom-26-119814' title='&lt;i&gt;&lt;\/i&gt;&lt;i&gt;Anales, &lt;\/i&gt;1983, p. 661; cf. &lt;i&gt;&amp;#8216;bid., &lt;\/i&gt;1983, p. 490.'><sup>26<\/sup><\/a><\/span>.<\/p>\n<p>La incorporaci\u00f3n a la obra de las misiones populares de las distintas ramas de la <i>Familia Vicenciana, <\/i>constituye uno de los hechos m\u00e1s relevantes de nuestra rica y secular experiencia misionera. Es, adem\u00e1s, la verificaci\u00f3n m\u00e1s patente de aquella evoluci\u00f3n renovadora que estaban experimentando nuestras misiones en ese periodo postconciliar que hemos denominado <i>\u00aba\u00f1os<\/i><i>&#8211;<\/i><i>puente\u00bb.<\/i><\/p>\n<p>Veamos, en concreto, c\u00f3mo se realiza.<\/p>\n<h3>a) <i>El laicado vicenciano: Voluntarias de la Caridad<\/i><\/h3>\n<p>La d\u00e9cada de los a\u00f1os 40 y la de los 50, ha pasado a la historia gloriosa de las misiones populares vicencianas como la \u00e9poca de la incorporaci\u00f3n multitudinaria de los <i>sacerdotes diocesanos <\/i>a las tareas de la evangelizaci\u00f3n popular. La de los 60 contempl\u00f3 con gozo la llegada del <i>laicado vicenciano <\/i>y de las <i>Hijas de la Caridad.<\/i><\/p>\n<p>A mediados de los a\u00f1os 60 y antes de que fuera aprobado en el Concilio Vaticano II el decreto sobre el apostolado de los laicos (9 de noviembre de 1965), los Pa\u00fales espa\u00f1oles hab\u00edan incorporado ya a los seglares al ejercicio del ministerio prof\u00e9ti\u00adco en la Iglesia. Fue en la misi\u00f3n de Sevilla, predicada desde el 31 de enero al 14 de febrero de 1965. Aquellos seglares vicen\u00adcianos eran las <i>Voluntarias de la Caridad, <\/i>entonces llamadas Damas. Participaron en aquella misi\u00f3n 150, 70 de las cuales proven\u00edan de otras di\u00f3cesis y provincias espa\u00f1olas. \u00abEn Sevi\u00adlla, escrib\u00eda el cronista, se est\u00e1 ensayando con \u00f3ptimos resulta\u00addos la integraci\u00f3n de los seglares en esta forma de apostolado, las misiones parroquiales\u00bb<span id='easy-footnote-27-119814' class='easy-footnote-margin-adjust'><\/span><span class='easy-footnote'><a href='http:\/\/vincentians.com\/es\/ayer-y-hoy-de-las-misiones-vicencianas-en-espana-vision-historica-1965-1978\/#easy-footnote-bottom-27-119814' title='&lt;i&gt;Justicia y Caridad, &lt;\/i&gt;mayo-junio, 1965, p. 23.'><sup>27<\/sup><\/a><\/span>. El total de Voluntarias de la Caridad misioneras se eleva a 286, y su colaboraci\u00f3n en las misiones dur\u00f3 diez a\u00f1os, es decir, hasta 1975.<\/p>\n<p>En cuanto al trabajo misionero, he aqu\u00ed c\u00f3mo lo describen ellas mismas: \u00abHicimos todo lo que muchas de nosotras no hacemos en nuestras casas, a saber, barrer, limpiar, llevar piedras y espuertas de escombros con la juventud del barrio para rellenar y endurecer las humedades del suelo; organizar guarder\u00edas infantiles provisionales para quedarse con los ni\u00f1os mientras sus madres van a la misi\u00f3n; escribir a m\u00e1quina, fregar, arreglar las iglesias, hacer de carpinteros y alba\u00f1iles en la instalaci\u00f3n de los centros y sus altares; visitar enfermos y prepararlos; instruir a ni\u00f1os y adultos para el bautismo y la primera comuni\u00f3n; arreglar la documentaci\u00f3n y tr\u00e1mites para ingreso en centros ben\u00e9ficos, etc. Poco m\u00e1s o menos lo que hacemos en el suburbio en nuestra visita semanal, pero ahora con m\u00e1s intensidad y diariamente, ma\u00f1ana y tarde, desde el rosario de aurora hasta el \u00faltimo acto de misi\u00f3n\u00bb<span id='easy-footnote-28-119814' class='easy-footnote-margin-adjust'><\/span><span class='easy-footnote'><a href='http:\/\/vincentians.com\/es\/ayer-y-hoy-de-las-misiones-vicencianas-en-espana-vision-historica-1965-1978\/#easy-footnote-bottom-28-119814' title='Cf. \u00abSevilla, misi\u00f3n 1965\u00bb, Editorial La Milagrosa, Madrid 1965, pp. 83-88; cf. tambi\u00e9n Anales, 1986, p. 86.'><sup>28<\/sup><\/a><\/span>.<\/p>\n<p>En la misi\u00f3n de Ciudad Rodrigo (Salamanca), del 12-26 febrero 1967 \u00abuna voluntaria, no encontrando momento m\u00e1s propicio para preparar a la confesi\u00f3n a una mujer, que ten\u00eda que ir a lavar, se fue con ella al r\u00edo, y al llegar, se puso a lavar con ella, mientras la iba instruyendo. Cuando terminaron la faena y se pusieron de pie, la mujer estaba llorando: \u00a1Ay, se\u00f1orita, le dijo, yo cre\u00eda que ustedes no sab\u00edan lavar!\u00bb. Y conforme apunta la cronista, en aquella misi\u00f3n se hicieron tambi\u00e9n gestiones para colegios, colocaciones laborales, cl\u00edni\u00adcas, aparatos ortop\u00e9dicos&#8230; etc.<span id='easy-footnote-29-119814' class='easy-footnote-margin-adjust'><\/span><span class='easy-footnote'><a href='http:\/\/vincentians.com\/es\/ayer-y-hoy-de-las-misiones-vicencianas-en-espana-vision-historica-1965-1978\/#easy-footnote-bottom-29-119814' title='&lt;i&gt;Justicia y Caridad, &lt;\/i&gt;1986, p. 47.'><sup>29<\/sup><\/a><\/span>.<\/p>\n<h3>b) <i>Las Hijas de la Caridad<\/i><\/h3>\n<p>Se incorporan un a\u00f1o m\u00e1s tarde que las Voluntarias, pero despu\u00e9s su cooperaci\u00f3n fue m\u00e1s numerosa y constante. Desde el a\u00f1o 1966 hasta hoy no han dejado de colaborar activamente en las misiones, hasta tal punto que las cr\u00f3nicas las consideran casi como imprescindibles. El n\u00famero de Hijas de la Caridad presentes en la evangelizaci\u00f3n popular asciende a 494; y las di\u00f3cesis que han recorrido, juntamente con nosotros, pasan de las veinte.<\/p>\n<p>La tarea de las Hermanas fue variad\u00edsima. Trabajaron de manera activa en los campos de la catequesis, la liturgia, la juventud y, sobre todo, en el de la promoci\u00f3n humana y el servicio asistencial a los pobres, aspectos estos \u00faltimos particu\u00adlarmente esenciales y propios de su vocaci\u00f3n. Con raz\u00f3n se dec\u00eda que \u00absu trabajo es insustituible, eficac\u00edsimo; hicieron todo menos decir misa y confesar\u00bb<span id='easy-footnote-30-119814' class='easy-footnote-margin-adjust'><\/span><span class='easy-footnote'><a href='http:\/\/vincentians.com\/es\/ayer-y-hoy-de-las-misiones-vicencianas-en-espana-vision-historica-1965-1978\/#easy-footnote-bottom-30-119814' title='&lt;i&gt;Anales, &lt;\/i&gt;1983, pp. 661-668.'><sup>30<\/sup><\/a><\/span>.<\/p>\n<p>Los primeros en valorar el trabajo misionero de las Herma\u00adnas fueron los mismos sacerdotes diocesanos que las llamaron. Las Hijas de la Caridad, dec\u00edan, son, entre las otras religiosas, las m\u00e1s sencillas; las que mejor se adaptan al pueblo, por su esp\u00edritu y ministerios; las que realizan los mayores sacrificios, y con la mayor naturalidad. Por eso las hemos elegido. Y a\u00f1a\u00add\u00edan: \u00abNo nos arrepentimos de haberlas llamado. Lejos de defraudar nuestras esperanzas las han superado. Han salvado la misi\u00f3n en muchos casos. Han hecho cosas que no pod\u00edamos ni so\u00f1ar\u00bb<span id='easy-footnote-31-119814' class='easy-footnote-margin-adjust'><\/span><span class='easy-footnote'><a href='http:\/\/vincentians.com\/es\/ayer-y-hoy-de-las-misiones-vicencianas-en-espana-vision-historica-1965-1978\/#easy-footnote-bottom-31-119814' title='&lt;i&gt;Ibid., &lt;\/i&gt;1967, pp. 578-585.'><sup>31<\/sup><\/a><\/span>. Por su parte, un sacerdote de la Congregaci\u00f3n, testigo muchas veces de la actividad apost\u00f3lica de las Herma\u00adnas, conclu\u00eda: \u00abla colaboraci\u00f3n de las Hijas de la Caridad cada d\u00eda es m\u00e1s de agradecer y es m\u00e1s eficaz no s\u00f3lo en la prepara\u00adci\u00f3n sino en el desarrollo de la misi\u00f3n. Dan un rostro de la Iglesia muy amable y acogedor. La juventud se re\u00fane en torno a ellas de modo espont\u00e1neo, y les hablan con un tono distinto y muy femenino\u00bb<span id='easy-footnote-32-119814' class='easy-footnote-margin-adjust'><\/span><span class='easy-footnote'><a href='http:\/\/vincentians.com\/es\/ayer-y-hoy-de-las-misiones-vicencianas-en-espana-vision-historica-1965-1978\/#easy-footnote-bottom-32-119814' title='&lt;i&gt;Ibid., &lt;\/i&gt;1974, p. 46. En Anales, 1983, pp. 665-667 se describe detallada\u00admente el trabajo de las Hermanas en las misiones populares de Asturias, dividi\u00e9ndolo en tres partes: La pre-misi\u00f3n, la misi\u00f3n propiamente dicha y la post-misi\u00f3n. Este mismo esquema de trabajo fue, poco m\u00e1s o menos, el que realizaron en las subsiguientes misiones.'><sup>32<\/sup><\/a><\/span>.<\/p>\n<h2><i>La formaci\u00f3n misionera<\/i><\/h2>\n<p>Probablemente nunca como en esta \u00e9poca se ha sentido la necesidad de una puesta al d\u00eda de los evangelizadores para el ejercicio de la misi\u00f3n. De aqu\u00ed el inter\u00e9s por la formaci\u00f3n de agentes pastorales competentes. Al decir <i>\u00abformaci\u00f3n misione\u00adra\u00bb, <\/i>no intento referirme a la formaci\u00f3n acad\u00e9mica o sistem\u00e1ti\u00adca que se recibe en los seminarios y universidades de estudios, sino a aquella otra m\u00e1s ocasional y pr\u00e1ctica que se imparte a modo de preparaci\u00f3n inmediata a aquellos agentes que est\u00e1n a punto de salir a la misi\u00f3n.<\/p>\n<p>Desde mucho antes del Concilio, los Padres Paules hab\u00edan comprendido que era necesario formar misioneramente a aquella multitud de sacerdotes diocesanos que se iban incorpo\u00adrando a las misiones populares a trav\u00e9s de nuestra Herman\u00addad. Eran los a\u00f1os fecundos de las frecuentes convocatorias para cursillos misioneros<span id='easy-footnote-33-119814' class='easy-footnote-margin-adjust'><\/span><span class='easy-footnote'><a href='http:\/\/vincentians.com\/es\/ayer-y-hoy-de-las-misiones-vicencianas-en-espana-vision-historica-1965-1978\/#easy-footnote-bottom-33-119814' title='&lt;i&gt;Anales, &lt;\/i&gt;1953, pp. 33-41; 329-338; cf. &lt;i&gt;ibid., &lt;\/i&gt;1964, pp. 661-673 donde se ofrece un interesant\u00edsimo informe.'><sup>33<\/sup><\/a><\/span>. Al igual que entonces, tambi\u00e9n durante estos <i>\u00aba\u00f1os<\/i><i>&#8211;<\/i><i>puente\u00bb <\/i>se programaron cursillos y en\u00adcuentros de pastoral misionera. Unas veces eran cerrados, es decir, pensando solamente en nosotros los paules, que necesi\u00adt\u00e1bamos no menos que los dem\u00e1s de un estudio sereno y reflexivo sobre las misiones. Y otras, abiertos a todos aquellos miembros del pueblo de Dios comprometidos, juntamente con nosotros, en la com\u00fan tarea misionera. He aqu\u00ed los m\u00e1s no\u00adtables:<\/p>\n<ul>\n<li>La 1\u00aa <i>Asamblea Nacional de la Hermandad Misionera <\/i>de San Vicente de Pa\u00fal. Se celebr\u00f3 en Madrid del 27 al 30 de septiembre de 1966. A la clausura asisti\u00f3 el arzobispo de Valencia Monse\u00f1or Olaechea, gran amigo de la Congregaci\u00f3n e impulsor entusiasta de la Hermandad<span id='easy-footnote-34-119814' class='easy-footnote-margin-adjust'><\/span><span class='easy-footnote'><a href='http:\/\/vincentians.com\/es\/ayer-y-hoy-de-las-misiones-vicencianas-en-espana-vision-historica-1965-1978\/#easy-footnote-bottom-34-119814' title='Anales, 1986, p. 84.'><sup>34<\/sup><\/a><\/span>.<\/li>\n<li>La <i>Semana de Estudios sobre Misiones Populares, <\/i>cele\u00adbrada tambi\u00e9n en Madrid del 11 al 15 de septiembre de 1972. Se matricularon 280 semanistas (cl\u00e9rigos, religiosos, laicos e Hijas de la Caridad)<span id='easy-footnote-35-119814' class='easy-footnote-margin-adjust'><\/span><span class='easy-footnote'><a href='http:\/\/vincentians.com\/es\/ayer-y-hoy-de-las-misiones-vicencianas-en-espana-vision-historica-1965-1978\/#easy-footnote-bottom-35-119814' title='Ibid., 1972, pp. 479-492; 493-494; 557-575.'><sup>35<\/sup><\/a><\/span>.<\/li>\n<li>Las <i>Convivencias de Hortaleza<\/i><i>&#8211;<\/i><i>Madrid <\/i>del verano de 1970. Asistieron a ellas 68 misioneros de la provincia matriten\u00adse de la C. M., y en ellas ocup\u00f3 un lugar destacado el estudio sobre misiones populares<span id='easy-footnote-36-119814' class='easy-footnote-margin-adjust'><\/span><span class='easy-footnote'><a href='http:\/\/vincentians.com\/es\/ayer-y-hoy-de-las-misiones-vicencianas-en-espana-vision-historica-1965-1978\/#easy-footnote-bottom-36-119814' title='Ibid., 1970, pp. 455-457.'><sup>36<\/sup><\/a><\/span>.<\/li>\n<li>En oto\u00f1o del a\u00f1o 1976, de nuevo la provincia de Madrid convocaba una reuni\u00f3n de misioneros para estudiar la <i>problem\u00e1tica de nuestras misiones <\/i>a la luz de la exhortaci\u00f3n apost\u00f3lica de Pablo VI \u00abEvangelii nuntiandi\u00bb. Entonces se hizo hincapi\u00e9 en la necesidad de que el mensaje de salvaci\u00f3n que anuncian nuestras misiones fuera siempre integral, es decir, que partiendo de Cristo, descienda hasta la problem\u00e1tica temporal del hombre, pero sin caer en una simple liberaci\u00f3n econ\u00f3mico-pol\u00edtico-social. Y se recomendaba tambi\u00e9n viva\u00admente la utilizaci\u00f3n de los medios audiovisuales&#8230; etc.<span id='easy-footnote-37-119814' class='easy-footnote-margin-adjust'><\/span><span class='easy-footnote'><a href='http:\/\/vincentians.com\/es\/ayer-y-hoy-de-las-misiones-vicencianas-en-espana-vision-historica-1965-1978\/#easy-footnote-bottom-37-119814' title='&lt;i&gt;Ibid., &lt;\/i&gt;1976, pp. 833-838.'><sup>37<\/sup><\/a><\/span>.<\/li>\n<li><i>Convivencias en Casablanca-Zaragoza. <\/i>Casi al mismo tiempo que la anterior, pero en distinto lugar y con distinta programaci\u00f3n, nuestros cohermanos de Zaragoza se reun\u00edan para abordar la problem\u00e1tica de las misiones y su metodo\u00adlog\u00eda<span id='easy-footnote-38-119814' class='easy-footnote-margin-adjust'><\/span><span class='easy-footnote'><a href='http:\/\/vincentians.com\/es\/ayer-y-hoy-de-las-misiones-vicencianas-en-espana-vision-historica-1965-1978\/#easy-footnote-bottom-38-119814' title='&lt;i&gt;&lt;\/i&gt;&lt;i&gt;Ibid., &lt;\/i&gt;1976, p. 785.'><sup>38<\/sup><\/a><\/span>.<\/li>\n<\/ul>\n<p>Los esfuerzos que hac\u00edamos los pa\u00fales para no perder el tren de la renovaci\u00f3n y actualizaci\u00f3n de las misiones eran verdaderamente notables. No se desperdiciaba ocasi\u00f3n para cultivar con esmero la preparaci\u00f3n misionera de nuestros agentes apost\u00f3licos. Adem\u00e1s de lo que llevamos dicho, los cursillos para sacerdotes en Gij\u00f3n, Sig\u00fcenza, Lugo, Aranda de Duero, Burgos, Oviedo (dos veces) y Corias-Cangas de Narcea (Asturias), son la mejor demostraci\u00f3n f\u00e1ctica.<\/p>\n<h2><i>Publicaciones misioneras<\/i><\/h2>\n<p>Cierto que el ejercicio de la actividad literaria en general no ha sido virtud frecuentada por los miembros de la Congrega\u00adci\u00f3n de la Misi\u00f3n. Sin embargo, tampoco han faltado quienes la practicaran. Por lo que hace al campo de la pastoral misio\u00adnera:<\/p>\n<ul>\n<li>Con ocasi\u00f3n de las misiones de Jerez de la Frontera y Sevilla, se revisan a fondo los viejos esquemas de \u00abpredicaci\u00f3n misionera\u00bb del padre Eugenio Escribano. Fruto de ese estudio y readaptaci\u00f3n ser\u00e1 el librito de bolsillo que aparezca en 1964 con el t\u00edtulo de \u00abManual del misionero, t. IV, esquemas misio\u00adnales 3.a serie\u00bb. Este librito aparecer\u00e1 notablemente mejorado en relaci\u00f3n con su hom\u00f3logo anterior, precediendo a cada uno de los temas de \u00edndole doctrinal una breve introducci\u00f3n de ambientaci\u00f3n pastoral.<\/li>\n<li>La conferencia ya citada de Rafael Ortega sobre los \u00abnuevos m\u00e9todos de la evangelizaci\u00f3n\u00bb (cf. Anales, 1968, pp. 473-479) fue m\u00e1s tarde ampliada por el mismo autor en su libro \u00abLa gran noticia\u00bb, que sirvi\u00f3 de texto inspirador de los temas misionales de estos a\u00f1os.<\/li>\n<li>Por su parte, la organizaci\u00f3n de la Semana de Estudios sobre misiones del a\u00f1o 1972 tuvo el acierto de recoger en un volumen bien cuidado de casi doscientas p\u00e1ginas, todas las ponencias de aquellas jornadas. El t\u00edtulo del libro es: \u00abLas misiones populares, hoy\u00bb.<\/li>\n<li>No es justo silenciar, hablando de publicaciones y estu\u00addios sobre misiones populares, la meritoria labor literaria del padre Pardo en Anales desde donde sus frecuentes art\u00edculos alertaban sobre la importancia de nuestro primer ministerio o sobre la urgencia de una renovaci\u00f3n en profundidad. \u00abEs reconocida, escrib\u00eda, la utilidad de las misiones parroquiales, pero est\u00e1n siendo criticadas en su forma; ser\u00e1 precisa una adaptaci\u00f3n\u00bb<span id='easy-footnote-39-119814' class='easy-footnote-margin-adjust'><\/span><span class='easy-footnote'><a href='http:\/\/vincentians.com\/es\/ayer-y-hoy-de-las-misiones-vicencianas-en-espana-vision-historica-1965-1978\/#easy-footnote-bottom-39-119814' title='&lt;i&gt;Ibid., &lt;\/i&gt;1970, p. 104 ss.'><sup>39<\/sup><\/a><\/span>. Y como fruto de sus a\u00f1os de magisterio en el Instituto de Teolog\u00eda Pastoral de la CONFER, public\u00f3 una obra mayor que lleva por t\u00edtulo \u00abPastoral de las Misiones Parroquiales\u00bb<span id='easy-footnote-40-119814' class='easy-footnote-margin-adjust'><\/span><span class='easy-footnote'><a href='http:\/\/vincentians.com\/es\/ayer-y-hoy-de-las-misiones-vicencianas-en-espana-vision-historica-1965-1978\/#easy-footnote-bottom-40-119814' title='&lt;i&gt;Ibid., &lt;\/i&gt;1966, pp. 61-63; cf. Anales, 1967, pp. 62-64; 198-202.'><sup>40<\/sup><\/a><\/span>.<\/li>\n<\/ul>\n<h2><i>El reto de las misiones populares, hoy<\/i><\/h2>\n<p>La visita de Juan Pablo II a Espa\u00f1a en octubre-noviembre de 1982 fue, ante todo, un acontecimiento misionero de primer orden. As\u00ed lo reconoci\u00f3 alg\u00fan obispo que lleg\u00f3 a hablar de ella como si se tratara de una gran misi\u00f3n general a nuestro pa\u00eds. En junio de 1983, el episcopado espa\u00f1ol, reunido en una de sus asambleas plenarias habituales, adopt\u00f3 como objetivo priori\u00adtario de las preocupaciones pastorales de la Conferencia el servicio a la fe del Pueblo de Dios y del pueblo en general. Con ello se iniciaba una \u00e9poca nueva en la vida de la Iglesia espa\u00f1ola caracterizada por la preocupaci\u00f3n dominante en favor de una pastoral evangelizadora y misionera. Uno de los frutos mejor logrados de dicha actitud misionera fue la publi\u00adcaci\u00f3n, en junio de 1985, del valioso documento \u00abTestigos del Dios vivo\u00bb, que es una reflexi\u00f3n sobre la misi\u00f3n o identidad de la Iglesia en nuestra sociedad<span id='easy-footnote-41-119814' class='easy-footnote-margin-adjust'><\/span><span class='easy-footnote'><a href='http:\/\/vincentians.com\/es\/ayer-y-hoy-de-las-misiones-vicencianas-en-espana-vision-historica-1965-1978\/#easy-footnote-bottom-41-119814' title='\u00abTestigos del Dios vivo\u00bb, Documento de la Conferencia Episcopal Espa\u00f1ola, aprobado en la XLII Plenaria, 28 junio de 1985.'><sup>41<\/sup><\/a><\/span>.<\/p>\n<p>En septiembre de ese mismo a\u00f1o se celebra en Madrid el \u00abCongreso de evangelizaci\u00f3n y hombre de hoy\u00bb, que fue asumido como propio por la Conferencia Episcopal Espa\u00f1ola y al que asistieron la casi totalidad de sus obispos. La riqueza doctrinal, espiritual y eclesial de aquel congreso ha quedado recogida en un voluminoso libro de 560 p\u00e1ginas que lleva el mismo t\u00edtulo del Congreso<span id='easy-footnote-42-119814' class='easy-footnote-margin-adjust'><\/span><span class='easy-footnote'><a href='http:\/\/vincentians.com\/es\/ayer-y-hoy-de-las-misiones-vicencianas-en-espana-vision-historica-1965-1978\/#easy-footnote-bottom-42-119814' title='\u00abEvangelizaci\u00f3n y hombre de hoy\u00bb, La edici\u00f3n, Editorial de la Conferencia Episcopal Espa\u00f1ola, Madrid 1986.'><sup>42<\/sup><\/a><\/span>.<\/p>\n<p>Por lo que hace a la reflexi\u00f3n y a la actividad misioneras, nuestra Congregaci\u00f3n no se ha quedado atr\u00e1s. Es un hecho que en todas las provincias espa\u00f1olas surgen con pujanza las misiones. Las causas de este vigoroso resurgimiento son, indu\u00addablemente, m\u00faltiples. Quiz\u00e1s la m\u00e1s decisiva haya que poner\u00adla en aquel impulso audaz y valiente que las misiones recibie\u00adron en Bogot\u00e1 el a\u00f1o 1983. Aquel encuentro de Visitadores de la C. M. elabor\u00f3 unas ricas y oportunas \u00abPropuestas\u00bb<span id='easy-footnote-43-119814' class='easy-footnote-margin-adjust'><\/span><span class='easy-footnote'><a href='http:\/\/vincentians.com\/es\/ayer-y-hoy-de-las-misiones-vicencianas-en-espana-vision-historica-1965-1978\/#easy-footnote-bottom-43-119814' title='&lt;i&gt;Anales, &lt;\/i&gt;1983, pp. 381-387.'><sup>43<\/sup><\/a><\/span>; y confi\u00f3 despu\u00e9s al Superior General con su Consejo el compro\u00admiso de escribir una carta a la Congregaci\u00f3n, usando, el mate\u00adrial de la s\u00edntesis<span id='easy-footnote-44-119814' class='easy-footnote-margin-adjust'><\/span><span class='easy-footnote'><a href='http:\/\/vincentians.com\/es\/ayer-y-hoy-de-las-misiones-vicencianas-en-espana-vision-historica-1965-1978\/#easy-footnote-bottom-44-119814' title='&lt;i&gt;Anales, &lt;\/i&gt;1983, pp. 484-492.'><sup>44<\/sup><\/a><\/span>. El compromiso fue cumplido fiel y r\u00e1pida\u00admente por el Rvdmo. P. McCullen quien, con fecha del 24 de abril de 1983, brind\u00f3 a la Compa\u00f1\u00eda una Oportun\u00edsima carta, densa de contenido y cargada de esperanza. La historia con\u00adtempor\u00e1nea de la \u00abpeque\u00f1a compa\u00f1\u00eda\u00bb, tiene mucho que agra\u00addecer a quienes trabajaron esos interesantes documentos que afrontan con fe y valent\u00eda la crisis misionera, aportando solu\u00adciones reales para superarla, en la l\u00ednea del m\u00e1s genuino esp\u00edritu de la Congregaci\u00f3n de la Misi\u00f3n. Ahora s\u00f3lo queda releerlos, reflexionar sobre ellos y, lo que es m\u00e1s importante, hacerlos realidad pr\u00e1ctica, poni\u00e9ndonos todos en \u00abestado de Misi\u00f3n\u00bb.<\/p>\n<p>El trabajo de aquel \u00abpeque\u00f1o resto\u00bb de misioneros que, a\u00fan en tiempo de crisis, deambulaba por pueblos y ciudades evangelizando, y, a la vez, aguardando en esperanza, no fue del todo est\u00e9ril. \u00a1Ojal\u00e1 ahora las generaciones j\u00f3venes asuman el compromiso de las misiones populares con un nuevo e ilusio\u00adnado vigor!<\/p>\n<p>In nomine Domini.<\/p>\n","protected":false},"excerpt":{"rendered":"<p>El contenido de la presente \u00abcomunicaci\u00f3n\u00bb se circunscribe tan s\u00f3lo a los a\u00f1os que se indican en el ep\u00edgrafe. Por consi\u00adguiente, todos los hechos misioneros que en ella se describan no se remontar\u00e1n, ni por &#8230; <a href=\"http:\/\/vincentians.com\/es\/ayer-y-hoy-de-las-misiones-vicencianas-en-espana-vision-historica-1965-1978\/\" class=\"more-link\">Read More<\/a><\/p>\n","protected":false},"author":4,"featured_media":388395,"comment_status":"open","ping_status":"open","sticky":false,"template":"","format":"standard","meta":{"jetpack_post_was_ever_published":false,"_jetpack_newsletter_access":"","_jetpack_dont_email_post_to_subs":false,"_jetpack_newsletter_tier_id":0,"_jetpack_memberships_contains_paywalled_content":false,"_jetpack_memberships_contains_paid_content":false,"footnotes":"","jetpack_publicize_message":"","jetpack_publicize_feature_enabled":true,"jetpack_social_post_already_shared":true,"jetpack_social_options":{"image_generator_settings":{"template":"highway","default_image_id":0,"font":"","enabled":false},"version":2}},"categories":[201],"tags":[],"class_list":["post-119814","post","type-post","status-publish","format-standard","has-post-thumbnail","hentry","category-misiones-ad-gentes"],"yoast_head":"<!-- This site is optimized with the Yoast SEO plugin v26.3 - https:\/\/yoast.com\/wordpress\/plugins\/seo\/ -->\n<title>Ayer y hoy de las Misiones Vicencianas en Espa\u00f1a. Visi\u00f3n hist\u00f3rica: 1965-1978 - Somos Vicencianos<\/title>\n<meta name=\"robots\" content=\"index, follow, max-snippet:-1, max-image-preview:large, max-video-preview:-1\" \/>\n<link rel=\"canonical\" href=\"http:\/\/vincentians.com\/es\/ayer-y-hoy-de-las-misiones-vicencianas-en-espana-vision-historica-1965-1978\/\" \/>\n<meta property=\"og:locale\" content=\"es_ES\" \/>\n<meta property=\"og:type\" content=\"article\" \/>\n<meta property=\"og:title\" content=\"Ayer y hoy de las Misiones Vicencianas en Espa\u00f1a. Visi\u00f3n hist\u00f3rica: 1965-1978 - Somos Vicencianos\" \/>\n<meta property=\"og:description\" content=\"El contenido de la presente \u00abcomunicaci\u00f3n\u00bb se circunscribe tan s\u00f3lo a los a\u00f1os que se indican en el ep\u00edgrafe. Por consi\u00adguiente, todos los hechos misioneros que en ella se describan no se remontar\u00e1n, ni por ... Read More\" \/>\n<meta property=\"og:url\" content=\"http:\/\/vincentians.com\/es\/ayer-y-hoy-de-las-misiones-vicencianas-en-espana-vision-historica-1965-1978\/\" \/>\n<meta property=\"og:site_name\" content=\"Somos Vicencianos\" \/>\n<meta property=\"article:publisher\" content=\"https:\/\/www.facebook.com\/WeAreVincentians\/\" \/>\n<meta property=\"article:author\" content=\"https:\/\/www.facebook.com\/JavierChento\" \/>\n<meta property=\"article:published_time\" content=\"2022-04-05T06:11:30+00:00\" \/>\n<meta property=\"og:image\" content=\"https:\/\/i0.wp.com\/vincentians.com\/es\/wp-content\/uploads\/sites\/11\/2016\/07\/espiritualidad-vicenciana.jpg?fit=1200%2C630\" \/>\n\t<meta property=\"og:image:width\" content=\"1200\" \/>\n\t<meta property=\"og:image:height\" content=\"630\" \/>\n\t<meta property=\"og:image:type\" content=\"image\/jpeg\" \/>\n<meta name=\"author\" content=\"Francisco Javier Fern\u00e1ndez Chento\" \/>\n<meta name=\"twitter:card\" content=\"summary_large_image\" \/>\n<meta name=\"twitter:creator\" content=\"@https:\/\/twitter.com\/javierchento\" \/>\n<meta name=\"twitter:site\" content=\"@WeVincentians\" \/>\n<meta name=\"twitter:label1\" content=\"Escrito por\" \/>\n\t<meta name=\"twitter:data1\" content=\"Francisco Javier Fern\u00e1ndez Chento\" \/>\n\t<meta name=\"twitter:label2\" content=\"Tiempo de lectura\" \/>\n\t<meta name=\"twitter:data2\" content=\"33 minutos\" \/>\n<script type=\"application\/ld+json\" class=\"yoast-schema-graph\">{\"@context\":\"https:\/\/schema.org\",\"@graph\":[{\"@type\":\"Article\",\"@id\":\"http:\/\/vincentians.com\/es\/ayer-y-hoy-de-las-misiones-vicencianas-en-espana-vision-historica-1965-1978\/#article\",\"isPartOf\":{\"@id\":\"http:\/\/vincentians.com\/es\/ayer-y-hoy-de-las-misiones-vicencianas-en-espana-vision-historica-1965-1978\/\"},\"author\":{\"name\":\"Francisco Javier Fern\u00e1ndez Chento\",\"@id\":\"http:\/\/vincentians.com\/es\/#\/schema\/person\/9623ef4d9aa3b2dfb8c061f1499288f2\"},\"headline\":\"Ayer y hoy de las Misiones Vicencianas en Espa\u00f1a. Visi\u00f3n hist\u00f3rica: 1965-1978\",\"datePublished\":\"2022-04-05T06:11:30+00:00\",\"mainEntityOfPage\":{\"@id\":\"http:\/\/vincentians.com\/es\/ayer-y-hoy-de-las-misiones-vicencianas-en-espana-vision-historica-1965-1978\/\"},\"wordCount\":6612,\"commentCount\":0,\"publisher\":{\"@id\":\"http:\/\/vincentians.com\/es\/#organization\"},\"image\":{\"@id\":\"http:\/\/vincentians.com\/es\/ayer-y-hoy-de-las-misiones-vicencianas-en-espana-vision-historica-1965-1978\/#primaryimage\"},\"thumbnailUrl\":\"https:\/\/i0.wp.com\/vincentians.com\/es\/wp-content\/uploads\/sites\/11\/2016\/07\/espiritualidad-vicenciana.jpg?fit=1200%2C630\",\"articleSection\":[\"Misiones \u00abAd gentes\u00bb\"],\"inLanguage\":\"es\",\"potentialAction\":[{\"@type\":\"CommentAction\",\"name\":\"Comment\",\"target\":[\"http:\/\/vincentians.com\/es\/ayer-y-hoy-de-las-misiones-vicencianas-en-espana-vision-historica-1965-1978\/#respond\"]}]},{\"@type\":\"WebPage\",\"@id\":\"http:\/\/vincentians.com\/es\/ayer-y-hoy-de-las-misiones-vicencianas-en-espana-vision-historica-1965-1978\/\",\"url\":\"http:\/\/vincentians.com\/es\/ayer-y-hoy-de-las-misiones-vicencianas-en-espana-vision-historica-1965-1978\/\",\"name\":\"Ayer y hoy de las Misiones Vicencianas en Espa\u00f1a. Visi\u00f3n hist\u00f3rica: 1965-1978 - Somos Vicencianos\",\"isPartOf\":{\"@id\":\"http:\/\/vincentians.com\/es\/#website\"},\"primaryImageOfPage\":{\"@id\":\"http:\/\/vincentians.com\/es\/ayer-y-hoy-de-las-misiones-vicencianas-en-espana-vision-historica-1965-1978\/#primaryimage\"},\"image\":{\"@id\":\"http:\/\/vincentians.com\/es\/ayer-y-hoy-de-las-misiones-vicencianas-en-espana-vision-historica-1965-1978\/#primaryimage\"},\"thumbnailUrl\":\"https:\/\/i0.wp.com\/vincentians.com\/es\/wp-content\/uploads\/sites\/11\/2016\/07\/espiritualidad-vicenciana.jpg?fit=1200%2C630\",\"datePublished\":\"2022-04-05T06:11:30+00:00\",\"breadcrumb\":{\"@id\":\"http:\/\/vincentians.com\/es\/ayer-y-hoy-de-las-misiones-vicencianas-en-espana-vision-historica-1965-1978\/#breadcrumb\"},\"inLanguage\":\"es\",\"potentialAction\":[{\"@type\":\"ReadAction\",\"target\":[\"http:\/\/vincentians.com\/es\/ayer-y-hoy-de-las-misiones-vicencianas-en-espana-vision-historica-1965-1978\/\"]}]},{\"@type\":\"ImageObject\",\"inLanguage\":\"es\",\"@id\":\"http:\/\/vincentians.com\/es\/ayer-y-hoy-de-las-misiones-vicencianas-en-espana-vision-historica-1965-1978\/#primaryimage\",\"url\":\"https:\/\/i0.wp.com\/vincentians.com\/es\/wp-content\/uploads\/sites\/11\/2016\/07\/espiritualidad-vicenciana.jpg?fit=1200%2C630\",\"contentUrl\":\"https:\/\/i0.wp.com\/vincentians.com\/es\/wp-content\/uploads\/sites\/11\/2016\/07\/espiritualidad-vicenciana.jpg?fit=1200%2C630\",\"width\":1200,\"height\":630},{\"@type\":\"BreadcrumbList\",\"@id\":\"http:\/\/vincentians.com\/es\/ayer-y-hoy-de-las-misiones-vicencianas-en-espana-vision-historica-1965-1978\/#breadcrumb\",\"itemListElement\":[{\"@type\":\"ListItem\",\"position\":1,\"name\":\"Portada\",\"item\":\"http:\/\/vincentians.com\/es\/\"},{\"@type\":\"ListItem\",\"position\":2,\"name\":\"Ayer y hoy de las Misiones Vicencianas en Espa\u00f1a. Visi\u00f3n hist\u00f3rica: 1965-1978\"}]},{\"@type\":\"WebSite\",\"@id\":\"http:\/\/vincentians.com\/es\/#website\",\"url\":\"http:\/\/vincentians.com\/es\/\",\"name\":\"Somos Vicencianos\",\"description\":\"Know more to serve more\",\"publisher\":{\"@id\":\"http:\/\/vincentians.com\/es\/#organization\"},\"potentialAction\":[{\"@type\":\"SearchAction\",\"target\":{\"@type\":\"EntryPoint\",\"urlTemplate\":\"http:\/\/vincentians.com\/es\/?s={search_term_string}\"},\"query-input\":{\"@type\":\"PropertyValueSpecification\",\"valueRequired\":true,\"valueName\":\"search_term_string\"}}],\"inLanguage\":\"es\"},{\"@type\":\"Organization\",\"@id\":\"http:\/\/vincentians.com\/es\/#organization\",\"name\":\"The Vincentian Network\",\"url\":\"http:\/\/vincentians.com\/es\/\",\"logo\":{\"@type\":\"ImageObject\",\"inLanguage\":\"es\",\"@id\":\"http:\/\/vincentians.com\/es\/#\/schema\/logo\/image\/\",\"url\":\"https:\/\/i1.wp.com\/vincentians.com\/es\/wp-content\/uploads\/sites\/11\/2016\/06\/Vincentian-Network-logo-big.png?fit=778%2C778\",\"contentUrl\":\"https:\/\/i1.wp.com\/vincentians.com\/es\/wp-content\/uploads\/sites\/11\/2016\/06\/Vincentian-Network-logo-big.png?fit=778%2C778\",\"width\":778,\"height\":778,\"caption\":\"The Vincentian Network\"},\"image\":{\"@id\":\"http:\/\/vincentians.com\/es\/#\/schema\/logo\/image\/\"},\"sameAs\":[\"https:\/\/www.facebook.com\/WeAreVincentians\/\",\"https:\/\/x.com\/WeVincentians\"]},{\"@type\":\"Person\",\"@id\":\"http:\/\/vincentians.com\/es\/#\/schema\/person\/9623ef4d9aa3b2dfb8c061f1499288f2\",\"name\":\"Francisco Javier Fern\u00e1ndez Chento\",\"image\":{\"@type\":\"ImageObject\",\"inLanguage\":\"es\",\"@id\":\"http:\/\/vincentians.com\/es\/#\/schema\/person\/image\/\",\"url\":\"https:\/\/secure.gravatar.com\/avatar\/497d5cde87b4c3d097d0315953521681ba2cd523ee66e5077c3711f7021e65de?s=96&d=mm&r=g\",\"contentUrl\":\"https:\/\/secure.gravatar.com\/avatar\/497d5cde87b4c3d097d0315953521681ba2cd523ee66e5077c3711f7021e65de?s=96&d=mm&r=g\",\"caption\":\"Francisco Javier Fern\u00e1ndez Chento\"},\"description\":\"Director General y cofundador de La Red de Formaci\u00f3n Vicenciana. Javier es laico vicenciano, afiliado a la Congregaci\u00f3n de la Misi\u00f3n y miembro del Equipo de Misiones Populares de la provincia can\u00f3nica de Zaragoza (Espa\u00f1a) de la Congregaci\u00f3n de la Misi\u00f3n. Graduado en la Universidad Oberta de Catalunya con cuatro grados (Asistente de direcci\u00f3n, Gesti\u00f3n Administrativa, Recursos Humanos y Contabilidad Avanzada). Bil\u00edng\u00fce Espa\u00f1ol\/Ingl\u00e9s. gestiona y mantiene varias p\u00e1ginas web cristianas y vicencianas, incluida including La Red de Formaci\u00f3n Vicenciana, de la que es cofundador. Actualmente es responsable del \u00e1rea de Espa\u00f1ol de .famvin, la Red de Noticias de la Familia Vicenciana. Tambi\u00e9n es m\u00fasico cat\u00f3lico y ha editado varios discos. Es Director General y cofundador de Trovador, una reconocida compa\u00f1\u00eda discogr\u00e1fica critiana de Espa\u00f1a. Trabaja en las Tecnolog\u00edas de la Informaci\u00f3n, ofreciendo servicios de alojamiento, dise\u00f1o y mantenimiento Web, as\u00ed como asesoramiento, formaci\u00f3n y soluciones inform\u00e1ticas, gesti\u00f3n documental y digitalizaci\u00f3n de textos, edici\u00f3n y maquetaci\u00f3n de libros, revistas, flyers, etc.\",\"sameAs\":[\"http:\/\/chento.org\",\"https:\/\/www.facebook.com\/JavierChento\",\"https:\/\/x.com\/https:\/\/twitter.com\/javierchento\"],\"url\":\"http:\/\/vincentians.com\/es\/author\/chento\/\"}]}<\/script>\n<!-- \/ Yoast SEO plugin. -->","yoast_head_json":{"title":"Ayer y hoy de las Misiones Vicencianas en Espa\u00f1a. Visi\u00f3n hist\u00f3rica: 1965-1978 - Somos Vicencianos","robots":{"index":"index","follow":"follow","max-snippet":"max-snippet:-1","max-image-preview":"max-image-preview:large","max-video-preview":"max-video-preview:-1"},"canonical":"http:\/\/vincentians.com\/es\/ayer-y-hoy-de-las-misiones-vicencianas-en-espana-vision-historica-1965-1978\/","og_locale":"es_ES","og_type":"article","og_title":"Ayer y hoy de las Misiones Vicencianas en Espa\u00f1a. Visi\u00f3n hist\u00f3rica: 1965-1978 - Somos Vicencianos","og_description":"El contenido de la presente \u00abcomunicaci\u00f3n\u00bb se circunscribe tan s\u00f3lo a los a\u00f1os que se indican en el ep\u00edgrafe. Por consi\u00adguiente, todos los hechos misioneros que en ella se describan no se remontar\u00e1n, ni por ... Read More","og_url":"http:\/\/vincentians.com\/es\/ayer-y-hoy-de-las-misiones-vicencianas-en-espana-vision-historica-1965-1978\/","og_site_name":"Somos Vicencianos","article_publisher":"https:\/\/www.facebook.com\/WeAreVincentians\/","article_author":"https:\/\/www.facebook.com\/JavierChento","article_published_time":"2022-04-05T06:11:30+00:00","og_image":[{"width":1200,"height":630,"url":"https:\/\/i0.wp.com\/vincentians.com\/es\/wp-content\/uploads\/sites\/11\/2016\/07\/espiritualidad-vicenciana.jpg?fit=1200%2C630","type":"image\/jpeg"}],"author":"Francisco Javier Fern\u00e1ndez Chento","twitter_card":"summary_large_image","twitter_creator":"@https:\/\/twitter.com\/javierchento","twitter_site":"@WeVincentians","twitter_misc":{"Escrito por":"Francisco Javier Fern\u00e1ndez Chento","Tiempo de lectura":"33 minutos"},"schema":{"@context":"https:\/\/schema.org","@graph":[{"@type":"Article","@id":"http:\/\/vincentians.com\/es\/ayer-y-hoy-de-las-misiones-vicencianas-en-espana-vision-historica-1965-1978\/#article","isPartOf":{"@id":"http:\/\/vincentians.com\/es\/ayer-y-hoy-de-las-misiones-vicencianas-en-espana-vision-historica-1965-1978\/"},"author":{"name":"Francisco Javier Fern\u00e1ndez Chento","@id":"http:\/\/vincentians.com\/es\/#\/schema\/person\/9623ef4d9aa3b2dfb8c061f1499288f2"},"headline":"Ayer y hoy de las Misiones Vicencianas en Espa\u00f1a. Visi\u00f3n hist\u00f3rica: 1965-1978","datePublished":"2022-04-05T06:11:30+00:00","mainEntityOfPage":{"@id":"http:\/\/vincentians.com\/es\/ayer-y-hoy-de-las-misiones-vicencianas-en-espana-vision-historica-1965-1978\/"},"wordCount":6612,"commentCount":0,"publisher":{"@id":"http:\/\/vincentians.com\/es\/#organization"},"image":{"@id":"http:\/\/vincentians.com\/es\/ayer-y-hoy-de-las-misiones-vicencianas-en-espana-vision-historica-1965-1978\/#primaryimage"},"thumbnailUrl":"https:\/\/i0.wp.com\/vincentians.com\/es\/wp-content\/uploads\/sites\/11\/2016\/07\/espiritualidad-vicenciana.jpg?fit=1200%2C630","articleSection":["Misiones \u00abAd gentes\u00bb"],"inLanguage":"es","potentialAction":[{"@type":"CommentAction","name":"Comment","target":["http:\/\/vincentians.com\/es\/ayer-y-hoy-de-las-misiones-vicencianas-en-espana-vision-historica-1965-1978\/#respond"]}]},{"@type":"WebPage","@id":"http:\/\/vincentians.com\/es\/ayer-y-hoy-de-las-misiones-vicencianas-en-espana-vision-historica-1965-1978\/","url":"http:\/\/vincentians.com\/es\/ayer-y-hoy-de-las-misiones-vicencianas-en-espana-vision-historica-1965-1978\/","name":"Ayer y hoy de las Misiones Vicencianas en Espa\u00f1a. Visi\u00f3n hist\u00f3rica: 1965-1978 - Somos Vicencianos","isPartOf":{"@id":"http:\/\/vincentians.com\/es\/#website"},"primaryImageOfPage":{"@id":"http:\/\/vincentians.com\/es\/ayer-y-hoy-de-las-misiones-vicencianas-en-espana-vision-historica-1965-1978\/#primaryimage"},"image":{"@id":"http:\/\/vincentians.com\/es\/ayer-y-hoy-de-las-misiones-vicencianas-en-espana-vision-historica-1965-1978\/#primaryimage"},"thumbnailUrl":"https:\/\/i0.wp.com\/vincentians.com\/es\/wp-content\/uploads\/sites\/11\/2016\/07\/espiritualidad-vicenciana.jpg?fit=1200%2C630","datePublished":"2022-04-05T06:11:30+00:00","breadcrumb":{"@id":"http:\/\/vincentians.com\/es\/ayer-y-hoy-de-las-misiones-vicencianas-en-espana-vision-historica-1965-1978\/#breadcrumb"},"inLanguage":"es","potentialAction":[{"@type":"ReadAction","target":["http:\/\/vincentians.com\/es\/ayer-y-hoy-de-las-misiones-vicencianas-en-espana-vision-historica-1965-1978\/"]}]},{"@type":"ImageObject","inLanguage":"es","@id":"http:\/\/vincentians.com\/es\/ayer-y-hoy-de-las-misiones-vicencianas-en-espana-vision-historica-1965-1978\/#primaryimage","url":"https:\/\/i0.wp.com\/vincentians.com\/es\/wp-content\/uploads\/sites\/11\/2016\/07\/espiritualidad-vicenciana.jpg?fit=1200%2C630","contentUrl":"https:\/\/i0.wp.com\/vincentians.com\/es\/wp-content\/uploads\/sites\/11\/2016\/07\/espiritualidad-vicenciana.jpg?fit=1200%2C630","width":1200,"height":630},{"@type":"BreadcrumbList","@id":"http:\/\/vincentians.com\/es\/ayer-y-hoy-de-las-misiones-vicencianas-en-espana-vision-historica-1965-1978\/#breadcrumb","itemListElement":[{"@type":"ListItem","position":1,"name":"Portada","item":"http:\/\/vincentians.com\/es\/"},{"@type":"ListItem","position":2,"name":"Ayer y hoy de las Misiones Vicencianas en Espa\u00f1a. Visi\u00f3n hist\u00f3rica: 1965-1978"}]},{"@type":"WebSite","@id":"http:\/\/vincentians.com\/es\/#website","url":"http:\/\/vincentians.com\/es\/","name":"Somos Vicencianos","description":"Know more to serve more","publisher":{"@id":"http:\/\/vincentians.com\/es\/#organization"},"potentialAction":[{"@type":"SearchAction","target":{"@type":"EntryPoint","urlTemplate":"http:\/\/vincentians.com\/es\/?s={search_term_string}"},"query-input":{"@type":"PropertyValueSpecification","valueRequired":true,"valueName":"search_term_string"}}],"inLanguage":"es"},{"@type":"Organization","@id":"http:\/\/vincentians.com\/es\/#organization","name":"The Vincentian Network","url":"http:\/\/vincentians.com\/es\/","logo":{"@type":"ImageObject","inLanguage":"es","@id":"http:\/\/vincentians.com\/es\/#\/schema\/logo\/image\/","url":"https:\/\/i1.wp.com\/vincentians.com\/es\/wp-content\/uploads\/sites\/11\/2016\/06\/Vincentian-Network-logo-big.png?fit=778%2C778","contentUrl":"https:\/\/i1.wp.com\/vincentians.com\/es\/wp-content\/uploads\/sites\/11\/2016\/06\/Vincentian-Network-logo-big.png?fit=778%2C778","width":778,"height":778,"caption":"The Vincentian Network"},"image":{"@id":"http:\/\/vincentians.com\/es\/#\/schema\/logo\/image\/"},"sameAs":["https:\/\/www.facebook.com\/WeAreVincentians\/","https:\/\/x.com\/WeVincentians"]},{"@type":"Person","@id":"http:\/\/vincentians.com\/es\/#\/schema\/person\/9623ef4d9aa3b2dfb8c061f1499288f2","name":"Francisco Javier Fern\u00e1ndez Chento","image":{"@type":"ImageObject","inLanguage":"es","@id":"http:\/\/vincentians.com\/es\/#\/schema\/person\/image\/","url":"https:\/\/secure.gravatar.com\/avatar\/497d5cde87b4c3d097d0315953521681ba2cd523ee66e5077c3711f7021e65de?s=96&d=mm&r=g","contentUrl":"https:\/\/secure.gravatar.com\/avatar\/497d5cde87b4c3d097d0315953521681ba2cd523ee66e5077c3711f7021e65de?s=96&d=mm&r=g","caption":"Francisco Javier Fern\u00e1ndez Chento"},"description":"Director General y cofundador de La Red de Formaci\u00f3n Vicenciana. Javier es laico vicenciano, afiliado a la Congregaci\u00f3n de la Misi\u00f3n y miembro del Equipo de Misiones Populares de la provincia can\u00f3nica de Zaragoza (Espa\u00f1a) de la Congregaci\u00f3n de la Misi\u00f3n. Graduado en la Universidad Oberta de Catalunya con cuatro grados (Asistente de direcci\u00f3n, Gesti\u00f3n Administrativa, Recursos Humanos y Contabilidad Avanzada). Bil\u00edng\u00fce Espa\u00f1ol\/Ingl\u00e9s. gestiona y mantiene varias p\u00e1ginas web cristianas y vicencianas, incluida including La Red de Formaci\u00f3n Vicenciana, de la que es cofundador. Actualmente es responsable del \u00e1rea de Espa\u00f1ol de .famvin, la Red de Noticias de la Familia Vicenciana. Tambi\u00e9n es m\u00fasico cat\u00f3lico y ha editado varios discos. Es Director General y cofundador de Trovador, una reconocida compa\u00f1\u00eda discogr\u00e1fica critiana de Espa\u00f1a. Trabaja en las Tecnolog\u00edas de la Informaci\u00f3n, ofreciendo servicios de alojamiento, dise\u00f1o y mantenimiento Web, as\u00ed como asesoramiento, formaci\u00f3n y soluciones inform\u00e1ticas, gesti\u00f3n documental y digitalizaci\u00f3n de textos, edici\u00f3n y maquetaci\u00f3n de libros, revistas, flyers, etc.","sameAs":["http:\/\/chento.org","https:\/\/www.facebook.com\/JavierChento","https:\/\/x.com\/https:\/\/twitter.com\/javierchento"],"url":"http:\/\/vincentians.com\/es\/author\/chento\/"}]}},"jetpack_publicize_connections":[],"jetpack_featured_media_url":"https:\/\/i0.wp.com\/vincentians.com\/es\/wp-content\/uploads\/sites\/11\/2016\/07\/espiritualidad-vicenciana.jpg?fit=1200%2C630","jetpack_sharing_enabled":true,"jetpack_shortlink":"https:\/\/wp.me\/p7ETMF-vau","jetpack-related-posts":[{"id":109333,"url":"http:\/\/vincentians.com\/es\/mision-historica-de-la-milagrosa\/","url_meta":{"origin":119814,"position":0},"title":"Misi\u00f3n hist\u00f3rica de La Milagrosa","author":"Francisco Javier Fern\u00e1ndez Chento","date":"27\/11\/2022","format":false,"excerpt":"Amadas Hermanas, se\u00f1ores y amados sacerdotes: El t\u00edtulo de la conferencia quiz\u00e1 pueda parecer a algunos ex\u00adcesivamente ambicioso: LA MISION HISTORICA DE LA MILA\u00adGROSA. En realidad a m\u00ed tambi\u00e9n me lo parece, sobre todo una vez que lo vi estampado en letras de molde; porque mi prop\u00f3sito es muy sencillo.\u2026","rel":"","context":"En \u00abVirgen Mar\u00eda\u00bb","block_context":{"text":"Virgen Mar\u00eda","link":"http:\/\/vincentians.com\/es\/category\/espiritualidad\/virgen-maria\/"},"img":{"alt_text":"","src":"https:\/\/i0.wp.com\/vincentians.com\/es\/wp-content\/uploads\/sites\/11\/2018\/11\/La-milagrosa3.jpg?fit=670%2C430&resize=350%2C200","width":350,"height":200,"srcset":"https:\/\/i0.wp.com\/vincentians.com\/es\/wp-content\/uploads\/sites\/11\/2018\/11\/La-milagrosa3.jpg?fit=670%2C430&resize=350%2C200 1x, https:\/\/i0.wp.com\/vincentians.com\/es\/wp-content\/uploads\/sites\/11\/2018\/11\/La-milagrosa3.jpg?fit=670%2C430&resize=525%2C300 1.5x"},"classes":[]},{"id":121735,"url":"http:\/\/vincentians.com\/es\/el-signo-de-estos-tiempos-tesis-6a-liberacion-de-los-pobres-signo-de-todo-tiempo\/","url_meta":{"origin":119814,"position":1},"title":"El signo de estos tiempos. Tesis 6\u00aa: Liberaci\u00f3n de los pobres, signo de todo tiempo","author":"Francisco Javier Fern\u00e1ndez Chento","date":"03\/07\/2015","format":false,"excerpt":"Tesis 6\u00aa: Liberaci\u00f3n de los pobres, signo de todo tiempo \"El que es\" se revela a Mois\u00e9s como un Dios liberador de los pobres, el pueblo hebreo reducido a esclavitud. En la plenitud de los tiempos env\u00eda a su Hijo a evangelizar a los pobres, siendo pobre El mismo. Su\u2026","rel":"","context":"En \u00abFormaci\u00f3n Vicenciana\u00bb","block_context":{"text":"Formaci\u00f3n Vicenciana","link":"http:\/\/vincentians.com\/es\/category\/formacion-vicenciana\/"},"img":{"alt_text":"","src":"","width":0,"height":0},"classes":[]},{"id":131838,"url":"http:\/\/vincentians.com\/es\/francois-watel-c-m-1651-1710-superior-general\/","url_meta":{"origin":119814,"position":2},"title":"Fran\u00e7ois Watel, C.M. (1651-1710) (Superior General)","author":"Mitxel Olabu\u00e9naga","date":"14\/12\/2014","format":false,"excerpt":"Fran\u00e7ois Watel sucedi\u00f3 al P. Nicolas Pierron en el gobierno de la CM despu\u00e9s de una asamblea general que sufri\u00f3 un retraso de tres d\u00edas debido a las tensiones nacionalistas entre italianos y franceses. Watel sali\u00f3 elegido a pesar de no estar entre la lista de los favoritos. Nace en\u2026","rel":"","context":"En \u00abBiograf\u00edas de Misioneros Pa\u00fales\u00bb","block_context":{"text":"Biograf\u00edas de Misioneros Pa\u00fales","link":"http:\/\/vincentians.com\/es\/category\/la-familia-vicenciana\/biografias-vicencianas\/biografias-de-misioneros-paules\/"},"img":{"alt_text":"","src":"https:\/\/i0.wp.com\/vincentians.com\/es\/wp-content\/uploads\/sites\/11\/2016\/07\/bio-cm.jpg?fit=1200%2C630&resize=350%2C200","width":350,"height":200,"srcset":"https:\/\/i0.wp.com\/vincentians.com\/es\/wp-content\/uploads\/sites\/11\/2016\/07\/bio-cm.jpg?fit=1200%2C630&resize=350%2C200 1x, https:\/\/i0.wp.com\/vincentians.com\/es\/wp-content\/uploads\/sites\/11\/2016\/07\/bio-cm.jpg?fit=1200%2C630&resize=525%2C300 1.5x, https:\/\/i0.wp.com\/vincentians.com\/es\/wp-content\/uploads\/sites\/11\/2016\/07\/bio-cm.jpg?fit=1200%2C630&resize=700%2C400 2x, https:\/\/i0.wp.com\/vincentians.com\/es\/wp-content\/uploads\/sites\/11\/2016\/07\/bio-cm.jpg?fit=1200%2C630&resize=1050%2C600 3x"},"classes":[]},{"id":120365,"url":"http:\/\/vincentians.com\/es\/dinamica-y-contenidos-de-la-mision-popular\/","url_meta":{"origin":119814,"position":3},"title":"Din\u00e1mica y contenidos de la misi\u00f3n popular","author":"Francisco Javier Fern\u00e1ndez Chento","date":"10\/05\/2013","format":false,"excerpt":"Abordar la din\u00e1mica y contenidos de la misi\u00f3n popular es arriesgado, por lo mucho vivido y por lo poco sistematizado en publicaciones. Estas p\u00e1ginas van a correr, pues, un riesgo. Salen alentadas por el deseo de contribuci\u00f3n a la s\u00edntesis de una riqueza pastoral escondida en la historia, y a\u2026","rel":"","context":"En \u00abMisiones \u00abAd gentes\u00bb\u00bb","block_context":{"text":"Misiones \u00abAd gentes\u00bb","link":"http:\/\/vincentians.com\/es\/category\/servicios-y-ministerios\/misiones-ad-gentes\/"},"img":{"alt_text":"granados","src":"https:\/\/i0.wp.com\/vicencianos.org\/wp-content\/2013\/04\/granados-300x186.jpg?resize=350%2C200","width":350,"height":200},"classes":[]},{"id":118727,"url":"http:\/\/vincentians.com\/es\/historia-de-los-paules-en-cuba-capitulo-iii-a\/","url_meta":{"origin":119814,"position":4},"title":"Historia de los Pa\u00fales en Cuba (Cap\u00edtulo III A)","author":"Mitxel Olabu\u00e9naga","date":"21\/12\/2021","format":false,"excerpt":"CAP\u00cdTULO III. Preparando la futura morada 1. Reparaciones necesarias y urgentes en el Convento y en la Iglesia de la Merced La restauraci\u00f3n y puesta a punto del convento y de una Iglesia tan grande como la de La Merced, era un problema muy serio en La Habana de la\u2026","rel":"","context":"En \u00abHistoria de la Congregaci\u00f3n de la Misi\u00f3n\u00bb","block_context":{"text":"Historia de la Congregaci\u00f3n de la Misi\u00f3n","link":"http:\/\/vincentians.com\/es\/category\/historia-de-la-familia-vicenciana\/historia-de-la-congregacion-de-la-mision\/"},"img":{"alt_text":"","src":"https:\/\/i0.wp.com\/vincentians.com\/es\/wp-content\/uploads\/sites\/11\/2016\/10\/ranquines.jpg?fit=1200%2C630&resize=350%2C200","width":350,"height":200,"srcset":"https:\/\/i0.wp.com\/vincentians.com\/es\/wp-content\/uploads\/sites\/11\/2016\/10\/ranquines.jpg?fit=1200%2C630&resize=350%2C200 1x, https:\/\/i0.wp.com\/vincentians.com\/es\/wp-content\/uploads\/sites\/11\/2016\/10\/ranquines.jpg?fit=1200%2C630&resize=525%2C300 1.5x, https:\/\/i0.wp.com\/vincentians.com\/es\/wp-content\/uploads\/sites\/11\/2016\/10\/ranquines.jpg?fit=1200%2C630&resize=700%2C400 2x, https:\/\/i0.wp.com\/vincentians.com\/es\/wp-content\/uploads\/sites\/11\/2016\/10\/ranquines.jpg?fit=1200%2C630&resize=1050%2C600 3x"},"classes":[]},{"id":118916,"url":"http:\/\/vincentians.com\/es\/cronica-de-la-vice-provincia-de-cuttack-india-1964\/","url_meta":{"origin":119814,"position":5},"title":"Cr\u00f3nica de la Vice-Provincia de Cuttack, India (1964)","author":"Mitxel Olabu\u00e9naga","date":"31\/03\/2013","format":false,"excerpt":"Con el pseud\u00f3nimo de G. Pondo, bajo el cual se oculta el nombre de un veterano misionero, tambi\u00e9n conocido por \"el Benjam\u00edn de la Misi\u00f3n\", nos llega esta panor\u00e1mi\u00adca de la Viceprovincia de Cuttack en este a\u00f1o de 1964. Actualmente la revista \"Reina de las Misiones\" y, anteriormente, aquellas revistas\u2026","rel":"","context":"En \u00abHistoria de la Congregaci\u00f3n de la Misi\u00f3n en Espa\u00f1a\u00bb","block_context":{"text":"Historia de la Congregaci\u00f3n de la Misi\u00f3n en Espa\u00f1a","link":"http:\/\/vincentians.com\/es\/category\/historia-de-la-familia-vicenciana\/historia-de-la-congregacion-de-la-mision-en-espana\/"},"img":{"alt_text":"cuttackmap_3304","src":"https:\/\/i0.wp.com\/vicencianos.org\/wp-content\/2013\/03\/cuttackmap_3304.jpg?resize=350%2C200","width":350,"height":200},"classes":[]}],"_links":{"self":[{"href":"http:\/\/vincentians.com\/es\/wp-json\/wp\/v2\/posts\/119814","targetHints":{"allow":["GET"]}}],"collection":[{"href":"http:\/\/vincentians.com\/es\/wp-json\/wp\/v2\/posts"}],"about":[{"href":"http:\/\/vincentians.com\/es\/wp-json\/wp\/v2\/types\/post"}],"author":[{"embeddable":true,"href":"http:\/\/vincentians.com\/es\/wp-json\/wp\/v2\/users\/4"}],"replies":[{"embeddable":true,"href":"http:\/\/vincentians.com\/es\/wp-json\/wp\/v2\/comments?post=119814"}],"version-history":[{"count":2,"href":"http:\/\/vincentians.com\/es\/wp-json\/wp\/v2\/posts\/119814\/revisions"}],"predecessor-version":[{"id":404128,"href":"http:\/\/vincentians.com\/es\/wp-json\/wp\/v2\/posts\/119814\/revisions\/404128"}],"wp:featuredmedia":[{"embeddable":true,"href":"http:\/\/vincentians.com\/es\/wp-json\/wp\/v2\/media\/388395"}],"wp:attachment":[{"href":"http:\/\/vincentians.com\/es\/wp-json\/wp\/v2\/media?parent=119814"}],"wp:term":[{"taxonomy":"category","embeddable":true,"href":"http:\/\/vincentians.com\/es\/wp-json\/wp\/v2\/categories?post=119814"},{"taxonomy":"post_tag","embeddable":true,"href":"http:\/\/vincentians.com\/es\/wp-json\/wp\/v2\/tags?post=119814"}],"curies":[{"name":"wp","href":"https:\/\/api.w.org\/{rel}","templated":true}]}}