{"id":119746,"date":"2013-05-09T09:02:22","date_gmt":"2013-05-09T07:02:22","guid":{"rendered":"http:\/\/somos.vicencianos.org\/?p=119746"},"modified":"2016-07-26T17:23:20","modified_gmt":"2016-07-26T15:23:20","slug":"el-senor-vicente-relee-su-vida-socorros-en-la-lorena","status":"publish","type":"post","link":"http:\/\/vincentians.com\/es\/el-senor-vicente-relee-su-vida-socorros-en-la-lorena\/","title":{"rendered":"El Se\u00f1or Vicente relee su vida: Socorros en la Lorena"},"content":{"rendered":"<p>Pero a estos terrores y a estas crueldades se han de a\u00f1adir otras m\u00e1s\u2026 La pol\u00edtica hab\u00eda hecho su camino\u2026 Algunos nobles, opuestos a Richelieu, entre los cuales la Duquesa de Chevreuse y el propio hermano del rey \u2013Gast\u00f3n de Orl\u00e9ans- se hab\u00edan refugiado en Lorena, entre ellos el duque Carlos IV, los ayudaba a pelear\u2026La Lorena siendo una regi\u00f3n independiente incorporada al Imperio germ\u00e1nico, excepto las ciudades-Obispados de Metz, Toul y Verdun, ocupadas por Francia desde 1552. En 1631, Richelieu empuj\u00f3 a Luis XIII a entrar en Lorena. Despu\u00e9s de una paz forzada, el Duque crey\u00f3 poder desafiarle. S\u00f3lo pudo lograr que le cayera una campa\u00f1a de castigo, en 1632, luego ya abiertamente una invasi\u00f3n, en 1633\u2026Todas las desgracias de la guerra se abat\u00edan sobre esta pobre regi\u00f3n. Tomada Nancy y ocupada definitivamente, el Duque va a llevar una vida errante, prosiguiendo a pesar de todo la guerra. Y ahora, en 1659, no se ha acabado todo\u2026<\/p>\n<p>La Lorena no se encontraba desguarnecida espiritualmente; Pierre Fourier, en particular, la hab\u00eda dotado con sus Hermanas de Nuestra Se\u00f1ora y con sus Can\u00f3nigo Regulares de Nuestro Salvador. No obstante, el administrador de la di\u00f3cesis de Toul, que pronto fue su obispo, nos llamaba, y fue en 1635 cuando fundamos all\u00ed una casa de misi\u00f3n, en un hospital, con dos cohermanos. Desde 1636 o 1637<span id='easy-footnote-1-119746' class='easy-footnote-margin-adjust'><\/span><span class='easy-footnote'><a href='http:\/\/vincentians.com\/es\/el-senor-vicente-relee-su-vida-socorros-en-la-lorena\/#easy-footnote-bottom-1-119746' title='Ab. II, 375; Coll. I, 291-292; I, 538.'><sup>1<\/sup><\/a><\/span> , ellos se albergan, cuidan y aseguran tanto a los soldados heridos como a innumerables pobres refugiados de los campos circundantes\u2026 Me han hecho conocer estas miserias, y todas las atrocidades. El 1\u00ba de setiembre de 1636, escribo a nuestro cohermano Robert de Sergis, capell\u00e1n en los ej\u00e9rcitos, para que intervenga a favor de la gente de Clichy enrolada a la fuerza<span id='easy-footnote-2-119746' class='easy-footnote-margin-adjust'><\/span><span class='easy-footnote'><a href='http:\/\/vincentians.com\/es\/el-senor-vicente-relee-su-vida-socorros-en-la-lorena\/#easy-footnote-bottom-2-119746' title='Cf. S. V. I, 542, 552.'><sup>2<\/sup><\/a><\/span>. A finales de 1638, y 1639<span id='easy-footnote-3-119746' class='easy-footnote-margin-adjust'><\/span><span class='easy-footnote'><a href='http:\/\/vincentians.com\/es\/el-senor-vicente-relee-su-vida-socorros-en-la-lorena\/#easy-footnote-bottom-3-119746' title='Ab. III, 298; Col. I, 289.'><sup>3<\/sup><\/a><\/span>, los refugiados loreneses empiezan a afluir a Par\u00eds. Con la Se\u00f1orita, tratamos de cobijar a los que podemos; a primeros de mayo de 1639, en la Chapelle, cerca de San L\u00e1zaro, reunimos a trescientos, a los que se han podido encontrar, para darles una misi\u00f3n de ocho d\u00edas, distribuy\u00e9ndoles pan.<\/p>\n<p>Pero hay que continuar socorriendo a los de Lorena, de quienes oigo tal cantidad de desgracias horribles. No se trata de una suma de miserias individuales: es una miseria en masa, toda una regi\u00f3n machacada, por siete cuerpos de ej\u00e9rcitos armados. Yo trato de recoger por todas partes. Pido a mis cohermanos que se priven; nos hemos puesto dos veces a pan y agua durante a\u00f1os. Les dec\u00eda: <i>\u00ab\u00bfno es acaso justo que nos privemos de algo para compadecer y participar en las miserias p\u00fablicas?\u00bb<\/i> Y tambi\u00e9n: \u00ab\u00bf<i>no debemos recortar algo de nuestro ordinario para su alivio?\u00bb<\/i><span id='easy-footnote-4-119746' class='easy-footnote-margin-adjust'><\/span><span class='easy-footnote'><a href='http:\/\/vincentians.com\/es\/el-senor-vicente-relee-su-vida-socorros-en-la-lorena\/#easy-footnote-bottom-4-119746' title='Ab. III, 298; Col. I, 289.'><sup>4<\/sup><\/a><\/span>\n<p>A miseria de masa, remedios en masa\u2026 Hubo que improvisar medios de masa: todo un circuito de informaci\u00f3n, de colectas y de transporte. En abril, env\u00eda a seis misioneros de refuerzo\u2026 \u00bfD\u00f3nde encontrarlos? Yo no tengo a la mano m\u00e1s que dos sacerdotes<span id='easy-footnote-5-119746' class='easy-footnote-margin-adjust'><\/span><span class='easy-footnote'><a href='http:\/\/vincentians.com\/es\/el-senor-vicente-relee-su-vida-socorros-en-la-lorena\/#easy-footnote-bottom-5-119746' title='Cf. S. V. I, 552; ver tambi\u00e9n &lt;i&gt;noticias&lt;\/i&gt;.'><sup>5<\/sup><\/a><\/span>. Env\u00edo con ellos a cuatro estudiantes seminaristas; en octubre enviar\u00e9 todav\u00eda a dos sacerdotes y a un hermano, y a tres en 1640.Tengo que recordar a otro hermano, Mathieu Regnard: \u00e9l va a desplegar tesoros de ingenio, en 54 viajes, entre 1639 y 1649, para transportar sumas incre\u00edbles<span id='easy-footnote-6-119746' class='easy-footnote-margin-adjust'><\/span><span class='easy-footnote'><a href='http:\/\/vincentians.com\/es\/el-senor-vicente-relee-su-vida-socorros-en-la-lorena\/#easy-footnote-bottom-6-119746' title='Cf. Ab. II, 381.'><sup>6<\/sup><\/a><\/span>, un mill\u00f3n quinientas o seiscientas mil libras, se han calculado\u2026 Ha contado todas sus artes para escapar a los bandidos y a la soldadesca.<\/p>\n<p>Tambi\u00e9n pruebo a actuar a nivel pol\u00edtico. Para ello voy a ver a Richelieu, para que haga la paz. En vano\u2026 Voy a ver al Rey, a la Reina: consienten en varias ocasiones sumas considerables para ayudar a estos pobres, sobre todo a las religiosas\u2026 pero ellos contin\u00faan la guerra! En el mismo lugar, sacerdotes y hermanos reparten las ayudas por toda la regi\u00f3n, circulando de una ciudad a otra. Seg\u00fan el reglamento que les he escrito el 15 de abril de 1639<span id='easy-footnote-7-119746' class='easy-footnote-margin-adjust'><\/span><span class='easy-footnote'><a href='http:\/\/vincentians.com\/es\/el-senor-vicente-relee-su-vida-socorros-en-la-lorena\/#easy-footnote-bottom-7-119746' title='Col. I, 290.'><sup>7<\/sup><\/a><\/span>, ellos ponen a trabajar a los p\u00e1rrocos, o cuando ya no hay, a los laicos m\u00e1s cualificados; todo el pueblo arrima el hombro con ellos. Sin embargo, en Par\u00eds, las generosidades se cansan\u2026 El 28 de febrero informo a un cohermano de Roma:<\/p>\n<p>\u00ab<i>Continuamos asistiendo a esa pobre gente con quinientas libras al mes en cada una de las dichas ciudades; pero ciertamente, Se\u00f1or, me tremo mucho que no podamos continuar por largo tiempo, pues tal es la dificultad de encontrar 2 500 libras todos los<\/i> meses\u00bb<span id='easy-footnote-8-119746' class='easy-footnote-margin-adjust'><\/span><span class='easy-footnote'><a href='http:\/\/vincentians.com\/es\/el-senor-vicente-relee-su-vida-socorros-en-la-lorena\/#easy-footnote-bottom-8-119746' title='S. V. II, 32.'><sup>8<\/sup><\/a><\/span>.<\/p>\n<p>Se me ha ocurrido pedir a los misioneros que me escriban a menudo las miserias que ven y los socorros que entregan, y yo hago circular estas cartas, que demuestran el empleo de las donaciones y estimulan a nuevas larguezas. \u00ab<i>Yo se lo hago ver a estas buenas damas, cada mes. [\u2026]y eso las consuela mucho. Empleamos, el s\u00e1bado pasado, en ver las dem\u00e1s cartas, que fueron para ellos un gran<\/i> consuelo\u00bb<span id='easy-footnote-9-119746' class='easy-footnote-margin-adjust'><\/span><span class='easy-footnote'><a href='http:\/\/vincentians.com\/es\/el-senor-vicente-relee-su-vida-socorros-en-la-lorena\/#easy-footnote-bottom-9-119746' title='S. V. II, 61.'><sup>9<\/sup><\/a><\/span>. Fue en julio de 1640 cuando escrib\u00eda esto a un cohermano, pero tantas veces he cre\u00eddo que las fuentes se agotaban, vi\u00e9ndome acorralado por no poder responder ya a las llamadas\u2026 Y cada vez ha llegado el man\u00e1\u2026 Creo de verdad que es entonces cuando, poco a poco, he ido aprendiendo lo que es poner la confianza en la Providencia, es decir creer que el Esp\u00edritu Santo puede mover los corazones\u2026<\/p>\n<p>Sin embargo, Las damas de la Caridad de Par\u00eds, a quienes yo hab\u00eda recurrido, ten\u00eda all\u00ed tanto que hacer. Aparte de los pobres a quienes socorr\u00edan durante a\u00f1os, exist\u00edan ahora los refugiados que se amontonaban, incluso nobles loreneses llegaban a Par\u00eds en la extrema miseria\u2026<\/p>\n","protected":false},"excerpt":{"rendered":"<p>Pero a estos terrores y a estas crueldades se han de a\u00f1adir otras m\u00e1s\u2026 La pol\u00edtica hab\u00eda hecho su camino\u2026 Algunos nobles, opuestos a Richelieu, entre los cuales la Duquesa de Chevreuse y el propio &#8230; <a href=\"http:\/\/vincentians.com\/es\/el-senor-vicente-relee-su-vida-socorros-en-la-lorena\/\" class=\"more-link\">Read More<\/a><\/p>\n","protected":false},"author":4,"featured_media":50948,"comment_status":"open","ping_status":"open","sticky":false,"template":"","format":"standard","meta":{"jetpack_post_was_ever_published":false,"_jetpack_newsletter_access":"","_jetpack_dont_email_post_to_subs":false,"_jetpack_newsletter_tier_id":0,"_jetpack_memberships_contains_paywalled_content":false,"_jetpack_memberships_contains_paid_content":false,"footnotes":"","jetpack_publicize_message":"","jetpack_publicize_feature_enabled":true,"jetpack_social_post_already_shared":true,"jetpack_social_options":{"image_generator_settings":{"template":"highway","default_image_id":0,"font":"","enabled":false},"version":2}},"categories":[5],"tags":[148,143],"class_list":["post-119746","post","type-post","status-publish","format-standard","has-post-thumbnail","hentry","category-vicente-de-paul","tag-clichy","tag-san-lazaro"],"yoast_head":"<!-- This site is optimized with the Yoast SEO plugin v26.3 - https:\/\/yoast.com\/wordpress\/plugins\/seo\/ -->\n<title>El Se\u00f1or Vicente relee su vida: Socorros en la Lorena - Somos Vicencianos<\/title>\n<meta name=\"robots\" content=\"index, follow, max-snippet:-1, max-image-preview:large, max-video-preview:-1\" \/>\n<link rel=\"canonical\" href=\"http:\/\/vincentians.com\/es\/el-senor-vicente-relee-su-vida-socorros-en-la-lorena\/\" \/>\n<meta property=\"og:locale\" content=\"es_ES\" \/>\n<meta property=\"og:type\" content=\"article\" \/>\n<meta property=\"og:title\" content=\"El Se\u00f1or Vicente relee su vida: Socorros en la Lorena - Somos Vicencianos\" \/>\n<meta property=\"og:description\" content=\"Pero a estos terrores y a estas crueldades se han de a\u00f1adir otras m\u00e1s\u2026 La pol\u00edtica hab\u00eda hecho su camino\u2026 Algunos nobles, opuestos a Richelieu, entre los cuales la Duquesa de Chevreuse y el propio ... Read More\" \/>\n<meta property=\"og:url\" content=\"http:\/\/vincentians.com\/es\/el-senor-vicente-relee-su-vida-socorros-en-la-lorena\/\" \/>\n<meta property=\"og:site_name\" content=\"Somos Vicencianos\" \/>\n<meta property=\"article:publisher\" content=\"https:\/\/www.facebook.com\/WeAreVincentians\/\" \/>\n<meta property=\"article:author\" content=\"https:\/\/www.facebook.com\/JavierChento\" \/>\n<meta property=\"article:published_time\" content=\"2013-05-09T07:02:22+00:00\" \/>\n<meta property=\"article:modified_time\" content=\"2016-07-26T15:23:20+00:00\" \/>\n<meta name=\"author\" content=\"Francisco Javier Fern\u00e1ndez Chento\" \/>\n<meta name=\"twitter:card\" content=\"summary_large_image\" \/>\n<meta name=\"twitter:creator\" content=\"@https:\/\/twitter.com\/javierchento\" \/>\n<meta name=\"twitter:site\" content=\"@WeVincentians\" \/>\n<meta name=\"twitter:label1\" content=\"Escrito por\" \/>\n\t<meta name=\"twitter:data1\" content=\"Francisco Javier Fern\u00e1ndez Chento\" \/>\n\t<meta name=\"twitter:label2\" content=\"Tiempo de lectura\" \/>\n\t<meta name=\"twitter:data2\" content=\"5 minutos\" \/>\n<script type=\"application\/ld+json\" class=\"yoast-schema-graph\">{\"@context\":\"https:\/\/schema.org\",\"@graph\":[{\"@type\":\"Article\",\"@id\":\"http:\/\/vincentians.com\/es\/el-senor-vicente-relee-su-vida-socorros-en-la-lorena\/#article\",\"isPartOf\":{\"@id\":\"http:\/\/vincentians.com\/es\/el-senor-vicente-relee-su-vida-socorros-en-la-lorena\/\"},\"author\":{\"name\":\"Francisco Javier Fern\u00e1ndez Chento\",\"@id\":\"http:\/\/vincentians.com\/es\/#\/schema\/person\/9623ef4d9aa3b2dfb8c061f1499288f2\"},\"headline\":\"El Se\u00f1or Vicente relee su vida: Socorros en la Lorena\",\"datePublished\":\"2013-05-09T07:02:22+00:00\",\"dateModified\":\"2016-07-26T15:23:20+00:00\",\"mainEntityOfPage\":{\"@id\":\"http:\/\/vincentians.com\/es\/el-senor-vicente-relee-su-vida-socorros-en-la-lorena\/\"},\"wordCount\":1020,\"commentCount\":0,\"publisher\":{\"@id\":\"http:\/\/vincentians.com\/es\/#organization\"},\"image\":{\"@id\":\"http:\/\/vincentians.com\/es\/el-senor-vicente-relee-su-vida-socorros-en-la-lorena\/#primaryimage\"},\"thumbnailUrl\":\"\",\"keywords\":[\"Clichy\",\"San L\u00e1zaro\"],\"articleSection\":[\"Vicente de Pa\u00fal\"],\"inLanguage\":\"es\",\"potentialAction\":[{\"@type\":\"CommentAction\",\"name\":\"Comment\",\"target\":[\"http:\/\/vincentians.com\/es\/el-senor-vicente-relee-su-vida-socorros-en-la-lorena\/#respond\"]}]},{\"@type\":\"WebPage\",\"@id\":\"http:\/\/vincentians.com\/es\/el-senor-vicente-relee-su-vida-socorros-en-la-lorena\/\",\"url\":\"http:\/\/vincentians.com\/es\/el-senor-vicente-relee-su-vida-socorros-en-la-lorena\/\",\"name\":\"El Se\u00f1or Vicente relee su vida: Socorros en la Lorena - Somos Vicencianos\",\"isPartOf\":{\"@id\":\"http:\/\/vincentians.com\/es\/#website\"},\"primaryImageOfPage\":{\"@id\":\"http:\/\/vincentians.com\/es\/el-senor-vicente-relee-su-vida-socorros-en-la-lorena\/#primaryimage\"},\"image\":{\"@id\":\"http:\/\/vincentians.com\/es\/el-senor-vicente-relee-su-vida-socorros-en-la-lorena\/#primaryimage\"},\"thumbnailUrl\":\"\",\"datePublished\":\"2013-05-09T07:02:22+00:00\",\"dateModified\":\"2016-07-26T15:23:20+00:00\",\"breadcrumb\":{\"@id\":\"http:\/\/vincentians.com\/es\/el-senor-vicente-relee-su-vida-socorros-en-la-lorena\/#breadcrumb\"},\"inLanguage\":\"es\",\"potentialAction\":[{\"@type\":\"ReadAction\",\"target\":[\"http:\/\/vincentians.com\/es\/el-senor-vicente-relee-su-vida-socorros-en-la-lorena\/\"]}]},{\"@type\":\"ImageObject\",\"inLanguage\":\"es\",\"@id\":\"http:\/\/vincentians.com\/es\/el-senor-vicente-relee-su-vida-socorros-en-la-lorena\/#primaryimage\",\"url\":\"\",\"contentUrl\":\"\"},{\"@type\":\"BreadcrumbList\",\"@id\":\"http:\/\/vincentians.com\/es\/el-senor-vicente-relee-su-vida-socorros-en-la-lorena\/#breadcrumb\",\"itemListElement\":[{\"@type\":\"ListItem\",\"position\":1,\"name\":\"Portada\",\"item\":\"http:\/\/vincentians.com\/es\/\"},{\"@type\":\"ListItem\",\"position\":2,\"name\":\"El Se\u00f1or Vicente relee su vida: Socorros en la Lorena\"}]},{\"@type\":\"WebSite\",\"@id\":\"http:\/\/vincentians.com\/es\/#website\",\"url\":\"http:\/\/vincentians.com\/es\/\",\"name\":\"Somos Vicencianos\",\"description\":\"Know more to serve more\",\"publisher\":{\"@id\":\"http:\/\/vincentians.com\/es\/#organization\"},\"potentialAction\":[{\"@type\":\"SearchAction\",\"target\":{\"@type\":\"EntryPoint\",\"urlTemplate\":\"http:\/\/vincentians.com\/es\/?s={search_term_string}\"},\"query-input\":{\"@type\":\"PropertyValueSpecification\",\"valueRequired\":true,\"valueName\":\"search_term_string\"}}],\"inLanguage\":\"es\"},{\"@type\":\"Organization\",\"@id\":\"http:\/\/vincentians.com\/es\/#organization\",\"name\":\"The Vincentian Network\",\"url\":\"http:\/\/vincentians.com\/es\/\",\"logo\":{\"@type\":\"ImageObject\",\"inLanguage\":\"es\",\"@id\":\"http:\/\/vincentians.com\/es\/#\/schema\/logo\/image\/\",\"url\":\"https:\/\/i1.wp.com\/vincentians.com\/es\/wp-content\/uploads\/sites\/11\/2016\/06\/Vincentian-Network-logo-big.png?fit=778%2C778\",\"contentUrl\":\"https:\/\/i1.wp.com\/vincentians.com\/es\/wp-content\/uploads\/sites\/11\/2016\/06\/Vincentian-Network-logo-big.png?fit=778%2C778\",\"width\":778,\"height\":778,\"caption\":\"The Vincentian Network\"},\"image\":{\"@id\":\"http:\/\/vincentians.com\/es\/#\/schema\/logo\/image\/\"},\"sameAs\":[\"https:\/\/www.facebook.com\/WeAreVincentians\/\",\"https:\/\/x.com\/WeVincentians\"]},{\"@type\":\"Person\",\"@id\":\"http:\/\/vincentians.com\/es\/#\/schema\/person\/9623ef4d9aa3b2dfb8c061f1499288f2\",\"name\":\"Francisco Javier Fern\u00e1ndez Chento\",\"image\":{\"@type\":\"ImageObject\",\"inLanguage\":\"es\",\"@id\":\"http:\/\/vincentians.com\/es\/#\/schema\/person\/image\/\",\"url\":\"https:\/\/secure.gravatar.com\/avatar\/497d5cde87b4c3d097d0315953521681ba2cd523ee66e5077c3711f7021e65de?s=96&d=mm&r=g\",\"contentUrl\":\"https:\/\/secure.gravatar.com\/avatar\/497d5cde87b4c3d097d0315953521681ba2cd523ee66e5077c3711f7021e65de?s=96&d=mm&r=g\",\"caption\":\"Francisco Javier Fern\u00e1ndez Chento\"},\"description\":\"Director General y cofundador de La Red de Formaci\u00f3n Vicenciana. Javier es laico vicenciano, afiliado a la Congregaci\u00f3n de la Misi\u00f3n y miembro del Equipo de Misiones Populares de la provincia can\u00f3nica de Zaragoza (Espa\u00f1a) de la Congregaci\u00f3n de la Misi\u00f3n. Graduado en la Universidad Oberta de Catalunya con cuatro grados (Asistente de direcci\u00f3n, Gesti\u00f3n Administrativa, Recursos Humanos y Contabilidad Avanzada). Bil\u00edng\u00fce Espa\u00f1ol\/Ingl\u00e9s. gestiona y mantiene varias p\u00e1ginas web cristianas y vicencianas, incluida including La Red de Formaci\u00f3n Vicenciana, de la que es cofundador. Actualmente es responsable del \u00e1rea de Espa\u00f1ol de .famvin, la Red de Noticias de la Familia Vicenciana. Tambi\u00e9n es m\u00fasico cat\u00f3lico y ha editado varios discos. Es Director General y cofundador de Trovador, una reconocida compa\u00f1\u00eda discogr\u00e1fica critiana de Espa\u00f1a. Trabaja en las Tecnolog\u00edas de la Informaci\u00f3n, ofreciendo servicios de alojamiento, dise\u00f1o y mantenimiento Web, as\u00ed como asesoramiento, formaci\u00f3n y soluciones inform\u00e1ticas, gesti\u00f3n documental y digitalizaci\u00f3n de textos, edici\u00f3n y maquetaci\u00f3n de libros, revistas, flyers, etc.\",\"sameAs\":[\"http:\/\/chento.org\",\"https:\/\/www.facebook.com\/JavierChento\",\"https:\/\/x.com\/https:\/\/twitter.com\/javierchento\"],\"url\":\"http:\/\/vincentians.com\/es\/author\/chento\/\"}]}<\/script>\n<!-- \/ Yoast SEO plugin. -->","yoast_head_json":{"title":"El Se\u00f1or Vicente relee su vida: Socorros en la Lorena - Somos Vicencianos","robots":{"index":"index","follow":"follow","max-snippet":"max-snippet:-1","max-image-preview":"max-image-preview:large","max-video-preview":"max-video-preview:-1"},"canonical":"http:\/\/vincentians.com\/es\/el-senor-vicente-relee-su-vida-socorros-en-la-lorena\/","og_locale":"es_ES","og_type":"article","og_title":"El Se\u00f1or Vicente relee su vida: Socorros en la Lorena - Somos Vicencianos","og_description":"Pero a estos terrores y a estas crueldades se han de a\u00f1adir otras m\u00e1s\u2026 La pol\u00edtica hab\u00eda hecho su camino\u2026 Algunos nobles, opuestos a Richelieu, entre los cuales la Duquesa de Chevreuse y el propio ... Read More","og_url":"http:\/\/vincentians.com\/es\/el-senor-vicente-relee-su-vida-socorros-en-la-lorena\/","og_site_name":"Somos Vicencianos","article_publisher":"https:\/\/www.facebook.com\/WeAreVincentians\/","article_author":"https:\/\/www.facebook.com\/JavierChento","article_published_time":"2013-05-09T07:02:22+00:00","article_modified_time":"2016-07-26T15:23:20+00:00","author":"Francisco Javier Fern\u00e1ndez Chento","twitter_card":"summary_large_image","twitter_creator":"@https:\/\/twitter.com\/javierchento","twitter_site":"@WeVincentians","twitter_misc":{"Escrito por":"Francisco Javier Fern\u00e1ndez Chento","Tiempo de lectura":"5 minutos"},"schema":{"@context":"https:\/\/schema.org","@graph":[{"@type":"Article","@id":"http:\/\/vincentians.com\/es\/el-senor-vicente-relee-su-vida-socorros-en-la-lorena\/#article","isPartOf":{"@id":"http:\/\/vincentians.com\/es\/el-senor-vicente-relee-su-vida-socorros-en-la-lorena\/"},"author":{"name":"Francisco Javier Fern\u00e1ndez Chento","@id":"http:\/\/vincentians.com\/es\/#\/schema\/person\/9623ef4d9aa3b2dfb8c061f1499288f2"},"headline":"El Se\u00f1or Vicente relee su vida: Socorros en la Lorena","datePublished":"2013-05-09T07:02:22+00:00","dateModified":"2016-07-26T15:23:20+00:00","mainEntityOfPage":{"@id":"http:\/\/vincentians.com\/es\/el-senor-vicente-relee-su-vida-socorros-en-la-lorena\/"},"wordCount":1020,"commentCount":0,"publisher":{"@id":"http:\/\/vincentians.com\/es\/#organization"},"image":{"@id":"http:\/\/vincentians.com\/es\/el-senor-vicente-relee-su-vida-socorros-en-la-lorena\/#primaryimage"},"thumbnailUrl":"","keywords":["Clichy","San L\u00e1zaro"],"articleSection":["Vicente de Pa\u00fal"],"inLanguage":"es","potentialAction":[{"@type":"CommentAction","name":"Comment","target":["http:\/\/vincentians.com\/es\/el-senor-vicente-relee-su-vida-socorros-en-la-lorena\/#respond"]}]},{"@type":"WebPage","@id":"http:\/\/vincentians.com\/es\/el-senor-vicente-relee-su-vida-socorros-en-la-lorena\/","url":"http:\/\/vincentians.com\/es\/el-senor-vicente-relee-su-vida-socorros-en-la-lorena\/","name":"El Se\u00f1or Vicente relee su vida: Socorros en la Lorena - Somos Vicencianos","isPartOf":{"@id":"http:\/\/vincentians.com\/es\/#website"},"primaryImageOfPage":{"@id":"http:\/\/vincentians.com\/es\/el-senor-vicente-relee-su-vida-socorros-en-la-lorena\/#primaryimage"},"image":{"@id":"http:\/\/vincentians.com\/es\/el-senor-vicente-relee-su-vida-socorros-en-la-lorena\/#primaryimage"},"thumbnailUrl":"","datePublished":"2013-05-09T07:02:22+00:00","dateModified":"2016-07-26T15:23:20+00:00","breadcrumb":{"@id":"http:\/\/vincentians.com\/es\/el-senor-vicente-relee-su-vida-socorros-en-la-lorena\/#breadcrumb"},"inLanguage":"es","potentialAction":[{"@type":"ReadAction","target":["http:\/\/vincentians.com\/es\/el-senor-vicente-relee-su-vida-socorros-en-la-lorena\/"]}]},{"@type":"ImageObject","inLanguage":"es","@id":"http:\/\/vincentians.com\/es\/el-senor-vicente-relee-su-vida-socorros-en-la-lorena\/#primaryimage","url":"","contentUrl":""},{"@type":"BreadcrumbList","@id":"http:\/\/vincentians.com\/es\/el-senor-vicente-relee-su-vida-socorros-en-la-lorena\/#breadcrumb","itemListElement":[{"@type":"ListItem","position":1,"name":"Portada","item":"http:\/\/vincentians.com\/es\/"},{"@type":"ListItem","position":2,"name":"El Se\u00f1or Vicente relee su vida: Socorros en la Lorena"}]},{"@type":"WebSite","@id":"http:\/\/vincentians.com\/es\/#website","url":"http:\/\/vincentians.com\/es\/","name":"Somos Vicencianos","description":"Know more to serve more","publisher":{"@id":"http:\/\/vincentians.com\/es\/#organization"},"potentialAction":[{"@type":"SearchAction","target":{"@type":"EntryPoint","urlTemplate":"http:\/\/vincentians.com\/es\/?s={search_term_string}"},"query-input":{"@type":"PropertyValueSpecification","valueRequired":true,"valueName":"search_term_string"}}],"inLanguage":"es"},{"@type":"Organization","@id":"http:\/\/vincentians.com\/es\/#organization","name":"The Vincentian Network","url":"http:\/\/vincentians.com\/es\/","logo":{"@type":"ImageObject","inLanguage":"es","@id":"http:\/\/vincentians.com\/es\/#\/schema\/logo\/image\/","url":"https:\/\/i1.wp.com\/vincentians.com\/es\/wp-content\/uploads\/sites\/11\/2016\/06\/Vincentian-Network-logo-big.png?fit=778%2C778","contentUrl":"https:\/\/i1.wp.com\/vincentians.com\/es\/wp-content\/uploads\/sites\/11\/2016\/06\/Vincentian-Network-logo-big.png?fit=778%2C778","width":778,"height":778,"caption":"The Vincentian Network"},"image":{"@id":"http:\/\/vincentians.com\/es\/#\/schema\/logo\/image\/"},"sameAs":["https:\/\/www.facebook.com\/WeAreVincentians\/","https:\/\/x.com\/WeVincentians"]},{"@type":"Person","@id":"http:\/\/vincentians.com\/es\/#\/schema\/person\/9623ef4d9aa3b2dfb8c061f1499288f2","name":"Francisco Javier Fern\u00e1ndez Chento","image":{"@type":"ImageObject","inLanguage":"es","@id":"http:\/\/vincentians.com\/es\/#\/schema\/person\/image\/","url":"https:\/\/secure.gravatar.com\/avatar\/497d5cde87b4c3d097d0315953521681ba2cd523ee66e5077c3711f7021e65de?s=96&d=mm&r=g","contentUrl":"https:\/\/secure.gravatar.com\/avatar\/497d5cde87b4c3d097d0315953521681ba2cd523ee66e5077c3711f7021e65de?s=96&d=mm&r=g","caption":"Francisco Javier Fern\u00e1ndez Chento"},"description":"Director General y cofundador de La Red de Formaci\u00f3n Vicenciana. Javier es laico vicenciano, afiliado a la Congregaci\u00f3n de la Misi\u00f3n y miembro del Equipo de Misiones Populares de la provincia can\u00f3nica de Zaragoza (Espa\u00f1a) de la Congregaci\u00f3n de la Misi\u00f3n. Graduado en la Universidad Oberta de Catalunya con cuatro grados (Asistente de direcci\u00f3n, Gesti\u00f3n Administrativa, Recursos Humanos y Contabilidad Avanzada). Bil\u00edng\u00fce Espa\u00f1ol\/Ingl\u00e9s. gestiona y mantiene varias p\u00e1ginas web cristianas y vicencianas, incluida including La Red de Formaci\u00f3n Vicenciana, de la que es cofundador. Actualmente es responsable del \u00e1rea de Espa\u00f1ol de .famvin, la Red de Noticias de la Familia Vicenciana. Tambi\u00e9n es m\u00fasico cat\u00f3lico y ha editado varios discos. Es Director General y cofundador de Trovador, una reconocida compa\u00f1\u00eda discogr\u00e1fica critiana de Espa\u00f1a. Trabaja en las Tecnolog\u00edas de la Informaci\u00f3n, ofreciendo servicios de alojamiento, dise\u00f1o y mantenimiento Web, as\u00ed como asesoramiento, formaci\u00f3n y soluciones inform\u00e1ticas, gesti\u00f3n documental y digitalizaci\u00f3n de textos, edici\u00f3n y maquetaci\u00f3n de libros, revistas, flyers, etc.","sameAs":["http:\/\/chento.org","https:\/\/www.facebook.com\/JavierChento","https:\/\/x.com\/https:\/\/twitter.com\/javierchento"],"url":"http:\/\/vincentians.com\/es\/author\/chento\/"}]}},"jetpack_publicize_connections":[],"jetpack_featured_media_url":"","jetpack_sharing_enabled":true,"jetpack_shortlink":"https:\/\/wp.me\/p7ETMF-v9o","jetpack-related-posts":[{"id":131907,"url":"http:\/\/vincentians.com\/es\/el-senor-vicente-relee-su-vida-x\/","url_meta":{"origin":119746,"position":0},"title":"El se\u00f1or Vicente relee su vida (X)","author":"Francisco Javier Fern\u00e1ndez Chento","date":"19\/12\/2014","format":false,"excerpt":"Al servicio de los Sacerdotes y de los creyentes En ese mismo a\u00f1o 1633, varios sacerdotes que hab\u00edan pasado por los Ejercicios de los Ordenandos hab\u00edan pedido continuar recibiendo un impulso para su celo misionero y para su vida espiritual. Hab\u00edan propuesto encontrase regularmente conmigo con este fin. Esto acab\u00f3\u2026","rel":"","context":"En \u00abVicente de Pa\u00fal\u00bb","block_context":{"text":"Vicente de Pa\u00fal","link":"http:\/\/vincentians.com\/es\/category\/la-familia-vicenciana\/fundadores\/vicente-de-paul\/"},"img":{"alt_text":"corazon","src":"https:\/\/i0.wp.com\/vicencianos.org\/wp-content\/2014\/12\/corazon-289x300.jpg?resize=350%2C200","width":350,"height":200},"classes":[]},{"id":17790,"url":"http:\/\/vincentians.com\/es\/san-vicente-de-paul-su-vida-su-tiempo-sus-obras-su-influencia-libro-8-capitulo-3-a\/","url_meta":{"origin":119746,"position":1},"title":"San Vicente de Pa\u00fal. Su vida, su tiempo; sus obras, su influencia. Libro 8, cap\u00edtulo 3 (a)","author":"Francisco Javier Fern\u00e1ndez Chento","date":"30\/01\/2015","format":false,"excerpt":"Cap\u00edtulo Tercero: Provincias Salvadas Art. I: La Lorena. I. Desgracias de la Lorena. Desde 1639, durante el \u00faltimo periodo de la guerra de los Treinta A\u00f1os, Vicente hab\u00eda hecho, de alguna manera, en Lorena, su primer ensayo de su caridad universal, y desde el primer intento, hab\u00eda operado prodigios que\u2026","rel":"","context":"En \u00abVicente de Pa\u00fal\u00bb","block_context":{"text":"Vicente de Pa\u00fal","link":"http:\/\/vincentians.com\/es\/category\/la-familia-vicenciana\/fundadores\/vicente-de-paul\/"},"img":{"alt_text":"","src":"","width":0,"height":0},"classes":[]},{"id":35811,"url":"http:\/\/vincentians.com\/es\/ano-1631\/","url_meta":{"origin":119746,"position":2},"title":"A\u00f1o 1631","author":"Francisco Javier Fern\u00e1ndez Chento","date":"01\/02\/2017","format":false,"excerpt":"El a\u00f1o 1631 en Francia: 23 enero: Francia promete ayuda financiera a Gustavo Adolfo de Suecia por el Tratado de B\u00e4rwald, negociado por Charnace, embajador franc\u00e9s en Suecia (R. 532). Fue renovado el 19\/IV\/1633 y el 30\/III\/1636. Esto hace que el emperador retarde la soluci\u00f3n de Mantua que se est\u00e1\u2026","rel":"","context":"En \u00abEn tiempos de Vicente de Pa\u00fal\u00bb","block_context":{"text":"En tiempos de Vicente de Pa\u00fal","link":"http:\/\/vincentians.com\/es\/category\/historia-de-la-familia-vicenciana\/en-tiempos-de-vicente-de-paul\/"},"img":{"alt_text":"","src":"https:\/\/i0.wp.com\/vincentians.com\/es\/wp-content\/uploads\/sites\/11\/2016\/08\/benito-perez-galdos.jpg?fit=1200%2C630&resize=350%2C200","width":350,"height":200,"srcset":"https:\/\/i0.wp.com\/vincentians.com\/es\/wp-content\/uploads\/sites\/11\/2016\/08\/benito-perez-galdos.jpg?fit=1200%2C630&resize=350%2C200 1x, https:\/\/i0.wp.com\/vincentians.com\/es\/wp-content\/uploads\/sites\/11\/2016\/08\/benito-perez-galdos.jpg?fit=1200%2C630&resize=525%2C300 1.5x, https:\/\/i0.wp.com\/vincentians.com\/es\/wp-content\/uploads\/sites\/11\/2016\/08\/benito-perez-galdos.jpg?fit=1200%2C630&resize=700%2C400 2x, https:\/\/i0.wp.com\/vincentians.com\/es\/wp-content\/uploads\/sites\/11\/2016\/08\/benito-perez-galdos.jpg?fit=1200%2C630&resize=1050%2C600 3x"},"classes":[]},{"id":35941,"url":"http:\/\/vincentians.com\/es\/ano-1632\/","url_meta":{"origin":119746,"position":3},"title":"A\u00f1o 1632","author":"Francisco Javier Fern\u00e1ndez Chento","date":"23\/03\/2022","format":false,"excerpt":"El a\u00f1o 1632 en Francia: 3 enero: Gast\u00f3n se casa en secreto con Margarita, la hermana del duque de Lorena, quien ocult\u00e1ndole el casamiento, firma con Luis XIII el tratado de Vic (6 de enero) por el cual Carlos IV cede Marsal a Francia por tres a\u00f1os, concede a los\u2026","rel":"","context":"En \u00abEn tiempos de Vicente de Pa\u00fal\u00bb","block_context":{"text":"En tiempos de Vicente de Pa\u00fal","link":"http:\/\/vincentians.com\/es\/category\/historia-de-la-familia-vicenciana\/en-tiempos-de-vicente-de-paul\/"},"img":{"alt_text":"","src":"https:\/\/i0.wp.com\/vincentians.com\/es\/wp-content\/uploads\/sites\/11\/2015\/04\/tres-descubrimientos-de-Vicente-de-Paul.jpg?fit=1200%2C630&resize=350%2C200","width":350,"height":200,"srcset":"https:\/\/i0.wp.com\/vincentians.com\/es\/wp-content\/uploads\/sites\/11\/2015\/04\/tres-descubrimientos-de-Vicente-de-Paul.jpg?fit=1200%2C630&resize=350%2C200 1x, https:\/\/i0.wp.com\/vincentians.com\/es\/wp-content\/uploads\/sites\/11\/2015\/04\/tres-descubrimientos-de-Vicente-de-Paul.jpg?fit=1200%2C630&resize=525%2C300 1.5x, https:\/\/i0.wp.com\/vincentians.com\/es\/wp-content\/uploads\/sites\/11\/2015\/04\/tres-descubrimientos-de-Vicente-de-Paul.jpg?fit=1200%2C630&resize=700%2C400 2x, https:\/\/i0.wp.com\/vincentians.com\/es\/wp-content\/uploads\/sites\/11\/2015\/04\/tres-descubrimientos-de-Vicente-de-Paul.jpg?fit=1200%2C630&resize=1050%2C600 3x"},"classes":[]},{"id":38062,"url":"http:\/\/vincentians.com\/es\/el-senor-vicente-visto-por-su-secretario-luis-robineau-articulos-166-al-170\/","url_meta":{"origin":119746,"position":4},"title":"El se\u00f1or Vicente visto por su secretario, Luis Robineau. Art\u00edculos 166 al 170","author":"Francisco Javier Fern\u00e1ndez Chento","date":"04\/03\/2014","format":false,"excerpt":"166. Aguanta unos insultos en un pleito. Un d\u00eda sufri\u00f3 con tanta humildad y paciencia los insultos, palabras injuriosas y ofensivas, que le dijo la parte contraria en presencia, ade\u00adm\u00e1s, de algunos externos, que uno de dichos abogados me ha dicho, que era admirable ver con qu\u00e9 paciencia toleraba el\u2026","rel":"","context":"En \u00abEscritos de Luis Robineau\u00bb","block_context":{"text":"Escritos de Luis Robineau","link":"http:\/\/vincentians.com\/es\/category\/escritos\/escritos-de-luis-robineau\/"},"img":{"alt_text":"","src":"","width":0,"height":0},"classes":[]},{"id":129500,"url":"http:\/\/vincentians.com\/es\/san-vicente-de-paul-su-vida-su-tiempo-sus-obras-su-influencia-libro-8-capitulo-3-b\/","url_meta":{"origin":119746,"position":5},"title":"San Vicente de Pa\u00fal. Su vida, su tiempo; sus obras, su influencia. Libro 8, cap\u00edtulo 3 (b)","author":"Francisco Javier Fern\u00e1ndez Chento","date":"31\/01\/2015","format":false,"excerpt":"Cap\u00edtulo Tercero: Provincias Salvadas (cont.) III. Extensi\u00f3n de las caridades de Vicente. Tales fueron las caridades primeras ejercidas por San Vicente en Lorena. Costaron tan caras a su casa y a la bolsa de las Damas, que se vio tristemente reducido a esperar el final del a\u00f1o 1639 para extenderlas\u2026","rel":"","context":"En \u00abVicente de Pa\u00fal\u00bb","block_context":{"text":"Vicente de Pa\u00fal","link":"http:\/\/vincentians.com\/es\/category\/la-familia-vicenciana\/fundadores\/vicente-de-paul\/"},"img":{"alt_text":"","src":"","width":0,"height":0},"classes":[]}],"_links":{"self":[{"href":"http:\/\/vincentians.com\/es\/wp-json\/wp\/v2\/posts\/119746","targetHints":{"allow":["GET"]}}],"collection":[{"href":"http:\/\/vincentians.com\/es\/wp-json\/wp\/v2\/posts"}],"about":[{"href":"http:\/\/vincentians.com\/es\/wp-json\/wp\/v2\/types\/post"}],"author":[{"embeddable":true,"href":"http:\/\/vincentians.com\/es\/wp-json\/wp\/v2\/users\/4"}],"replies":[{"embeddable":true,"href":"http:\/\/vincentians.com\/es\/wp-json\/wp\/v2\/comments?post=119746"}],"version-history":[{"count":0,"href":"http:\/\/vincentians.com\/es\/wp-json\/wp\/v2\/posts\/119746\/revisions"}],"wp:featuredmedia":[{"embeddable":true,"href":"http:\/\/vincentians.com\/es\/wp-json\/"}],"wp:attachment":[{"href":"http:\/\/vincentians.com\/es\/wp-json\/wp\/v2\/media?parent=119746"}],"wp:term":[{"taxonomy":"category","embeddable":true,"href":"http:\/\/vincentians.com\/es\/wp-json\/wp\/v2\/categories?post=119746"},{"taxonomy":"post_tag","embeddable":true,"href":"http:\/\/vincentians.com\/es\/wp-json\/wp\/v2\/tags?post=119746"}],"curies":[{"name":"wp","href":"https:\/\/api.w.org\/{rel}","templated":true}]}}