{"id":119624,"date":"2013-04-12T20:10:49","date_gmt":"2013-04-12T18:10:49","guid":{"rendered":"http:\/\/somos.vicencianos.org\/?p=119624"},"modified":"2016-07-26T17:27:27","modified_gmt":"2016-07-26T15:27:27","slug":"mirada-de-fe-del-itinerario-espiritual-de-luisa-de-marillac","status":"publish","type":"post","link":"http:\/\/vincentians.com\/es\/mirada-de-fe-del-itinerario-espiritual-de-luisa-de-marillac\/","title":{"rendered":"Mirada de fe del itinerario espiritual de Luisa de Marillac"},"content":{"rendered":"<h2><b>Introducci\u00f3n<\/b><\/h2>\n<div id=\"attachment_29263\" style=\"width: 191px\" class=\"wp-caption alignright\"><a href=\"https:\/\/i0.wp.com\/vicencianos.org\/wp-content\/2011\/02\/luisa_marillac.jpg\"><img data-recalc-dims=\"1\" loading=\"lazy\" decoding=\"async\" aria-describedby=\"caption-attachment-29263\" class=\"size-medium wp-image-29263\" alt=\"Luisa de Marillac\" src=\"https:\/\/i0.wp.com\/vicencianos.org\/wp-content\/2011\/02\/luisa_marillac-181x300.jpg?resize=181%2C300\" width=\"181\" height=\"300\" \/><\/a><p id=\"caption-attachment-29263\" class=\"wp-caption-text\">Luisa de Marillac<\/p><\/div>\n<p>La mirada de fe es un hecho humano fundamental que nos orienta hacia Dios y nos invita a vivir de su Esp\u00edritu. La presencia de los Santos es un recuerdo continuo de las cosas del cielo. La Iglesia nos ense\u00f1a que los santos son inseparables de la plenitud de los misterios de Cristo en lo concreto, del mismo modo que lo son del misterio de la santa Iglesia por su calidad.<\/p>\n<p>La Sagrada Escritura nos recuerda nuestros deberes: \u00ab<i>Sed santos, porque yo, vuestro Dios, soy santo\u00bb <\/i>(Lev 19, 2). Jes\u00fas responde en eco: <i>\u00abSed perfectos como vuestro Padre celestial es perfecto\u00bb <\/i>Cristo invita a seguirle y creer no es s\u00f3lo adherirse intelectualmente a lo que \u00e9l dice, sino comprometerse con El <i>\u00abSi alguno quiere venir en pos de m\u00ed, que se niegue a s\u00ed mismo, tome su cruz y me siga\u00bb.<\/i> El camino de la fe es un camino de prueba y de libertad, pero es tambi\u00e9n la obra de la gracia. Esta gracia, con frecuencia es oscura. Reside tambi\u00e9n en el sufrimiento, pero Dios siempre nos precede como gracia. Si crecemos en <b>el hacer<\/b>, es preciso tambi\u00e9n hacerlo en <b>el ser,<\/b> en el arte de vivir.<\/p>\n<p>Esta mirada de fe nos permite ver, escrutar lo esencial de la vida de Luisa de Marillac, en la confusi\u00f3n de las cosas del mundo, \u00abUna misma es la santidad que cultivan, en los m\u00faltiples g\u00e9neros de vida y ocupaciones, todos los que son guiados por el Esp\u00edritu de Dios, y obedientes a la voz del Padre, ador\u00e1ndole en esp\u00edritu y verdad, siguen a Cristo pobre, humilde y cargado con la cruz, a fin de merecer ser hechos part\u00edcipes de su gloria\u00bb<span id='easy-footnote-1-119624' class='easy-footnote-margin-adjust'><\/span><span class='easy-footnote'><a href='http:\/\/vincentians.com\/es\/mirada-de-fe-del-itinerario-espiritual-de-luisa-de-marillac\/#easy-footnote-bottom-1-119624' title='Lumen Gentium. n\u00b0 41'><sup>1<\/sup><\/a><\/span>.<\/p>\n<p style=\"text-align: center\"><i>\u00abLa caridad de Jesucristo crucificado nos apremia\u00bb<\/i><\/p>\n<h2 style=\"text-align: center\"><b>El camino de santidad de Luisa de Marillac<\/b><\/h2>\n<p style=\"text-align: center\"><i>\u00abEntregada a Dios al servicio de los dem\u00e1s\u00bb<\/i><\/p>\n<p>Con firme suavidad, el Se\u00f1or Vicente le indica el camino \u00abDios es amor y quiere que vayamos a El por amor\u00bb<span id='easy-footnote-2-119624' class='easy-footnote-margin-adjust'><\/span><span class='easy-footnote'><a href='http:\/\/vincentians.com\/es\/mirada-de-fe-del-itinerario-espiritual-de-luisa-de-marillac\/#easy-footnote-bottom-2-119624' title='SV. I. 51 [49] a Luisa de Marillac. pp.148-149'><sup>2<\/sup><\/a><\/span>. Es a la vez una etapa ascendente y descendente. Luisa sube espiritualmente y se despoja humanamente. En un contexto de des\u00f3rdenes pol\u00edticos (la Fronda), de fundaciones fuera de Paris, de formaci\u00f3n de las Hermanas, imperturbablemente, contin\u00faa realizando su resoluci\u00f3n: <b>adhesi\u00f3n a la voluntad de Dios, <\/b>despojo total de todo lo que aun conserva el aspecto humano. Hab\u00eda le\u00eddo en Granada: \u00abDios es el que es y cuenta s\u00f3lo una realidad: Dios\u00bb<i>.<\/i> No hay, pues, m\u00e1s que perder su ser en el ser de Dios.<\/p>\n<p>En la conferencia del 3 de julio de 1660 presidida por el Se\u00f1or Vicente, algunas nociones aportadas por las Hermanas permitir\u00e1n conocer mejor a Luisa de Marillac como instrumento de Dios para formar a las Hermanas, perfeccionar lo que hab\u00eda comenzado y descubrir los designios de Dios sobre la Compa\u00f1\u00eda. La correspondencia con las Hermanas que est\u00e1n lejos, nos ilustran sus cualidades personales, su esp\u00edritu de adaptaci\u00f3n y la uni\u00f3n entre el quehacer diario y la intervenci\u00f3n divina.<\/p>\n<h3><b>\u00bfC\u00f3mo lo vivi\u00f3 Luisa de Marillac? <\/b><\/h3>\n<p>En la imposibilidad de trazar de nuevo lo vivido de la historia diaria, hemos retenido algunas l\u00edneas seguras: la docilidad al Esp\u00edritu Santo, el abandono y la confianza en la Providencia y la ascesis. La vida de Luisa es un conjunto de fidelidades que se convierten en la gran fidelidad a las inspiraciones del Esp\u00edritu Santo el d\u00eda de Pentecost\u00e9s de 1623.<\/p>\n<p>\u00bfPor qu\u00e9 hace referencia al Esp\u00edritu Santo en sus escritos? La iluminaci\u00f3n de Pentecost\u00e9s es bien conocida por ella misma: las tinieblas en las que estaba sumergida, se encuentra iluminada y el coraz\u00f3n sosegado por la certeza de la grata presencia que le habitaba y que le hac\u00eda presagiar su futura misi\u00f3n. Esta claridad que, de repente la invade, fue la respuesta a su alma sedienta de Dios.<\/p>\n<p>Algunos aspectos de su vida permiten comprender mejor y esbozar su disponibilidad al Esp\u00edritu Santo.<\/p>\n<h3><b>Su ni\u00f1ez<\/b><\/h3>\n<p>En primer lugar,\u00a1qu\u00e9 doloroso fue para Luisa saber y comprender su origen! No se rebela, pero sufre por no ser como las otras que vuelven a su familia. Hasta los trece a\u00f1os, vivir\u00e1 en el Convento Real de Poissy donde est\u00e1 su t\u00eda, Luisa de Marillac. Es pues en este marco monacal donde comienzan a germinar las gracias de su bautismo.<\/p>\n<p>Esta atm\u00f3sfera de contemplaci\u00f3n y oraci\u00f3n en la que Luisa estaba inmersa, que no conoci\u00f3 idas y venidas de una vuelta a la familia, \u00bfno es esto lo que sencillamente la hac\u00eda, m\u00e1s que a las dem\u00e1s, receptiva a escuchar a Dios a trav\u00e9s de las jornadas ritmadas por el sonido de la campana?<\/p>\n<p>Es lo que dir\u00e1 mucho tiempo despu\u00e9s a Margarita Ch\u00e9tif: \u00abDesde mi infancia, he tenido gusto y facilidad por la meditaci\u00f3n\u00bb Y, puesto que la educaci\u00f3n fue muy avanzada, no dej\u00f3 de estimular su esp\u00edritu y su inteligencia a la cultura y a las artes del siglo con este sentido religioso en el que Dios es el comienzo y el fin de todo conocimiento.<\/p>\n<h3><b>1604-1613<\/b><\/h3>\n<p>El tiempo de Poissy no dura. Luisa est\u00e1 a pensi\u00f3n en casa de una buena se\u00f1orita. Es un cambio de medio pero se adapta con el sentido que le daba su piedad. Comulgando con las evoluciones religiosas de su tiempo que pone en pr\u00e1ctica el Concilio de Trento, se alimenta de B\u00e9rulle, de los escritos de san Francisco de Sales que hac\u00edan furor en la \u00e9poca. Las Capuchinas se instalan en Paris y Luisa sue\u00f1a con formar parte de ellas. A las primeras Carmelitas las recibe, en nombre de la Reina, su t\u00edo Miguel de Marillac. Este confidente no teme escribirle un d\u00eda: <i>\u00abEl alma pobre, que se reconoce y acepta como tal, espera de Dios lo que \u00e9l disponga\u2026 Se contenta con someterse a Dios y no intenta dictarle la manera c\u00f3mo ha de conducirla\u00bb<\/i><span id='easy-footnote-3-119624' class='easy-footnote-margin-adjust'><\/span><span class='easy-footnote'><a href='http:\/\/vincentians.com\/es\/mirada-de-fe-del-itinerario-espiritual-de-luisa-de-marillac\/#easy-footnote-bottom-3-119624' title='Luisa de Marillac, Jean Calvet. Ceme. p. 32 Carta del 6 de marzo de 1620'><sup>3<\/sup><\/a><\/span>. No teme ayudarla a ser m\u00e1s d\u00f3cil al Esp\u00edritu Santo y Luisa comprende bien este lenguaje.<\/p>\n<h3><b>Despu\u00e9s de 1625<\/b><\/h3>\n<p><b> <\/b> La santidad es una obra larga y dif\u00edcil, es la obra del Esp\u00edritu Santo la que d\u00eda tras d\u00eda, perfila el alma para hacerla pura y agradable a Dios. El Se\u00f1or Vicente ser\u00e1 el instrumento de la liberaci\u00f3n progresiva de los escr\u00fapulos de Luisa y de los lazos que a\u00fan la retienen cautiva y le impiden confiar en los impulsos del Esp\u00edritu con toda humildad y obediencia.<\/p>\n<p>\u00bfCu\u00e1ntos retiros no har\u00eda para consagrarse m\u00e1s totalmente al Se\u00f1or y a sus miembros sufrientes, los pobres? Al finalizar una de sus oraciones, escribe:<\/p>\n<p><i>\u00abNo es, pues, bastante que me ense\u00f1es, oh Salvador m\u00edo, los medios para prepararme a la venida del Esp\u00edritu Santo, sino que hace falta que t\u00fa, alma m\u00eda, trabajes de verdad para vaciarte de todos los impedimentos, y act\u00faes, o mejor dicho <b>dejes actuar<\/b> plenamente a la gracia que el Esp\u00edritu Santo quiere derramar en todas las potencias de nuestro ser; y esto no podr\u00e1 ocurrir sino mediante la destrucci\u00f3n de mis malos h\u00e1bitos que cuando llega el caso se oponen a ello\u00bb<\/i><span id='easy-footnote-4-119624' class='easy-footnote-margin-adjust'><\/span><span class='easy-footnote'><a href='http:\/\/vincentians.com\/es\/mirada-de-fe-del-itinerario-espiritual-de-luisa-de-marillac\/#easy-footnote-bottom-4-119624' title='E. 98 (A. 26) Razones para darse a Dios a fin de participar en la recepci\u00f3n del Esp\u00edritu Santo el d\u00eda de Pentecost\u00e9s. 807-811'><sup>4<\/sup><\/a><\/span>.<\/p>\n<p>\u00bfC\u00f3mo no mencionar la ca\u00edda del techo? Apenas acaba Luisa de dejar la habitaci\u00f3n donde estaba con sus Hermanas, cuando el techo se cae. Era la v\u00edspera de Pentecost\u00e9s de 1644. \u00bfQu\u00e9 camino recorrido entre estos dos Pentecost\u00e9s: 1623, toda iluminada y 1644? Este \u00faltimo la confirma en sus asuntos, poniendo fin a las inquietudes que se hac\u00eda con relaci\u00f3n al futuro de la Compa\u00f1\u00eda.<\/p>\n<p>As\u00ed, la santidad se abre paso en el coraz\u00f3n de Luisa. En su oraci\u00f3n casi continua Luisa se deja impregnar por el Evangelio que, cuanto m\u00e1s contempla y medita, m\u00e1s ve a Dios en los pobres. Contemplaci\u00f3n y acci\u00f3n, es todo uno: la una invade a la otra y viceversa.<\/p>\n<p>Lo que ella desea para ella misma, lo desea para sus hijas: <i>\u00abHay que (ser) totalmente de Dios, \u00bfQui\u00e9nes somos nosotras para querer escoger libremente nuestros caminos? Dejemos que Dios act\u00fae\u00bb<\/i><span id='easy-footnote-5-119624' class='easy-footnote-margin-adjust'><\/span><span class='easy-footnote'><a href='http:\/\/vincentians.com\/es\/mirada-de-fe-del-itinerario-espiritual-de-luisa-de-marillac\/#easy-footnote-bottom-5-119624' title='C. 245 (L. 320) A mi querida Sor Cecilia 1. pp.246-247'><sup>5<\/sup><\/a><\/span>.<\/p>\n<p>En una instrucci\u00f3n a las Hermanas de Montreuil, les dice algunas palabras para dejarse invadir por el Esp\u00edritu: <i>\u00abSer\u00e1 por eso conveniente que todas las ma\u00f1anas las Hermanas pidan, cada una interiormente la bendici\u00f3n de nuestro bondadoso Dios para actuar seg\u00fan el esp\u00edritu de su Hijo\u2026 o m\u00e1s bien que ese mismo esp\u00edritu act\u00fae por medio de ellas; para asemejarnos a la Sant\u00edsima Trinidad, no ser m\u00e1s que un coraz\u00f3n\u00bb<\/i><span id='easy-footnote-6-119624' class='easy-footnote-margin-adjust'><\/span><span class='easy-footnote'><a href='http:\/\/vincentians.com\/es\/mirada-de-fe-del-itinerario-espiritual-de-luisa-de-marillac\/#easy-footnote-bottom-6-119624' title='E. 55 (A. 85) Instrucciones a las Hermanas enviadas a Montreuil-sur-Mer. pp.758-762'><sup>6<\/sup><\/a><\/span>.<\/p>\n<p>Siempre prosternada humildemente ante Dios, ella siente en una de sus oraciones unos medios de los que se sirve para participar en la recepci\u00f3n del Esp\u00edritu Santo: <i>\u00ab\u2026 \u00a1Quita mi ceguera, Luz eterna! da sencillez a mi alma, Unidad perfecta! \u00a1humilla mi coraz\u00f3n para asentar el fundamento de tus gracias! y que la capacidad de amar que has puesto en mi alma no se detenga ya nunca m\u00e1s en el desarreglo de mi propia suficiencia que no es, en efecto, m\u00e1s que un obst\u00e1culo y un impedimento al puro Amor que he de recibir con la efusi\u00f3n del Esp\u00edritu<\/i> Santo\u2026\u00bb<span id='easy-footnote-7-119624' class='easy-footnote-margin-adjust'><\/span><span class='easy-footnote'><a href='http:\/\/vincentians.com\/es\/mirada-de-fe-del-itinerario-espiritual-de-luisa-de-marillac\/#easy-footnote-bottom-7-119624' title='E. 98 (A. 26) Razones para darse a Dios a fin de participar en la recepci\u00f3n del Esp\u00edritu Santo el d\u00eda de Pentecost\u00e9s. 807-811'><sup>7<\/sup><\/a><\/span>.<\/p>\n<p><i>\u00ab\u00a1Oh Amor puro, cu\u00e1nto te amo! Pues eres fuerte como la muerte, aparta de mi cuanto te sea contrario\u00bb<\/i><span id='easy-footnote-8-119624' class='easy-footnote-margin-adjust'><\/span><span class='easy-footnote'><a href='http:\/\/vincentians.com\/es\/mirada-de-fe-del-itinerario-espiritual-de-luisa-de-marillac\/#easy-footnote-bottom-8-119624' title='E. 105 (A. 27) Pr\u00e1ctica del puro Amor. pp.819-823.'><sup>8<\/sup><\/a><\/span>.<\/p>\n<h2><b>El abandono y la confianza en la Providencia<\/b><\/h2>\n<p>Dejarse conducir por la Providencia, confiar en la Providencia, abandonarse en la Providencia, son otros tantos t\u00e9rminos que a menudo encontramos en los escritos de Luisa de Marillac: correspondencia con las primeras Hermanas o notas personales. Si Luisa habla y escribe as\u00ed, es para compartir con ellas los sentimientos que la impregnan profundamente.<\/p>\n<p>En ella, el empleo de la palabra <b>Providencia <\/b>traduce a la vez su confianza total en Dios y el abandono en la fe a sus designios. A veces, emplea sencillamente esta palabra para significar la acci\u00f3n de Dios en una u otra circunstancia. El Se\u00f1or Vicente la ayud\u00f3 en este proceso que la llevar\u00e1 a un completo abandono en Dios, liber\u00e1ndola de una ansiedad natural. Hacia 1629, la invita a no adelantarse a la Providencia: <i>\u00abDios, hija m\u00eda, tiene grandes tesoros ocultos en su <b>santa Providencia<\/b>; \u00a1y c\u00f3mo honran maravillosamente a Nuestro Se\u00f1or los que la siguen y no se adelantan a ella!\u00bb<\/i><span id='easy-footnote-9-119624' class='easy-footnote-margin-adjust'><\/span><span class='easy-footnote'><a href='http:\/\/vincentians.com\/es\/mirada-de-fe-del-itinerario-espiritual-de-luisa-de-marillac\/#easy-footnote-bottom-9-119624' title='SV I, Carta 30 [31] a Luisa de Marillac. p.131'><sup>9<\/sup><\/a><\/span>\n<p>En 1632, le escribe : <i>\u00abque alabo a Dios por haberla consolado y que lo que me parece que El pide de usted es que honre su santa Providencia en su conducta, sin prisas ni fatigas\u00bb<\/i><span id='easy-footnote-10-119624' class='easy-footnote-margin-adjust'><\/span><span class='easy-footnote'><a href='http:\/\/vincentians.com\/es\/mirada-de-fe-del-itinerario-espiritual-de-luisa-de-marillac\/#easy-footnote-bottom-10-119624' title='SV I. 155 [147] a Luisa de Marillac. pp.261-262'><sup>10<\/sup><\/a><\/span>.<\/p>\n<p>M\u00e1s tarde, en 1652, el Se\u00f1or Vicente la renueva en este camino: <i>\u00abLo que Nuestro Se\u00f1or guarda est\u00e1 bien guardado; es justo que nos pongamos en manos de su adorable providencia\u00bb<\/i><span id='easy-footnote-11-119624' class='easy-footnote-margin-adjust'><\/span><span class='easy-footnote'><a href='http:\/\/vincentians.com\/es\/mirada-de-fe-del-itinerario-espiritual-de-luisa-de-marillac\/#easy-footnote-bottom-11-119624' title='SV IV, 1569 [1501] a Luisa de marillac. pp.364-365'><sup>11<\/sup><\/a><\/span>.<\/p>\n<p>Luisa ha vivido y ha sabido compartir con las primeras Hermanas esta fe y esta confianza en la Providencia basada en su amor de Dios. Lo que escribe no puede ser m\u00e1s que el reflejo de lo que piensa, de lo que vive y de lo que la habita hasta el final de su vida.<\/p>\n<p>En las observaciones de Maturina Gu\u00e9rin sobre Luisa de Marillac, leemos: <i>\u00bb \u2026y en seguida volv\u00eda a la disposici\u00f3n de la divina Providencia\u2026\u00bb<\/i><span id='easy-footnote-12-119624' class='easy-footnote-margin-adjust'><\/span><span class='easy-footnote'><a href='http:\/\/vincentians.com\/es\/mirada-de-fe-del-itinerario-espiritual-de-luisa-de-marillac\/#easy-footnote-bottom-12-119624' title='La Compa\u00f1\u00eda de las Hijas de la Caridad en sus or\u00edgenes .Ceme. Documentos. p. 815'><sup>12<\/sup><\/a><\/span>\n<p>Las Hermanas est\u00e1n dispersas por diferentes lugares, algunas veces muy lejos de Paris. Es en su correspondencia donde se encuentran sus consejos, sus est\u00edmulos y los fuertes sentimientos que la habitan y que ella quiere compartir.<\/p>\n<p>La Providencia provee nuestras necesidades o se hace esperar. Luisa escribe a Sor Jeanne Etienne en Chantilly en 1647: \u00ab<i>He estado esperando a escribirle al mismo tiempo que le enviaba una hermana. Hasta ahora la Providencia no ha permitido que encontr\u00e1ramos una apropiada para ah\u00ed\u00bb<\/i><span id='easy-footnote-13-119624' class='easy-footnote-margin-adjust'><\/span><span class='easy-footnote'><a href='http:\/\/vincentians.com\/es\/mirada-de-fe-del-itinerario-espiritual-de-luisa-de-marillac\/#easy-footnote-bottom-13-119624' title='Santa Luisa de M. Correspondencia y escritos. C. 219 (L. 197) A mi querida Sor Juana Etienne. p.226'><sup>13<\/sup><\/a><\/span>.<\/p>\n<p>En otros escritos, encuentra en la Providencia, la expresi\u00f3n de la voluntad de Dios, que hay que aceptar y en la que hay que abandonarse. En 1656, escribe a Carlota Royer en Richelieu : <i>\u00abYa ve usted, querida Hermana, que el camino por el que Dios quiere vaya hacia El es el camino real de la Cruz; no dudo de que se deja usted llevar por \u00e9l de buen grado y alegremente para cumplir su santa voluntad, como creo lo hizo cuando su Providencia carg\u00f3 sobre usted el cuidado de esa peque\u00f1a familia\u00bb<\/i><span id='easy-footnote-14-119624' class='easy-footnote-margin-adjust'><\/span><span class='easy-footnote'><a href='http:\/\/vincentians.com\/es\/mirada-de-fe-del-itinerario-espiritual-de-luisa-de-marillac\/#easy-footnote-bottom-14-119624' title='Santa Luisa de M. Correspondencia y escritos. C. 557 (L. 500) A Sor Carlota Royer p.512'><sup>14<\/sup><\/a><\/span>.<\/p>\n<p>Puesto que Dios nos conduce y provee todas nuestras necesidades, abandon\u00e9monos en la fe a su acci\u00f3n, \u00e9l sabe lo que necesitamos. Es en esta l\u00ednea en la que escribe a las Hermanas del Hospital general de Nantes en 1658: <i>\u00abTrabajando por mantener el recogimiento interior en medio de sus ocupaciones, especialmente en la de estar sometidas al benepl\u00e1cito divino, <b>abandonadas a la Providencia <\/b>y no entregadas a un cuidado ansioso por conocer todos los movimientos de nuestro esp\u00edritu\u00bb<\/i><span id='easy-footnote-15-119624' class='easy-footnote-margin-adjust'><\/span><span class='easy-footnote'><a href='http:\/\/vincentians.com\/es\/mirada-de-fe-del-itinerario-espiritual-de-luisa-de-marillac\/#easy-footnote-bottom-15-119624' title='Santa Luisa de M. Correspondencia y escritos. C. 638 (L. 581) A las Hermanas del Hospital General. pp.580-581'><sup>15<\/sup><\/a><\/span>.<\/p>\n<p>A Maturina Gu\u00e9rin en la F\u00e8re en 1659, le escribe: \u00ab<i>el abandono de todas las cosas <b>a la Providencia<\/b>\u00ab<\/i><span id='easy-footnote-16-119624' class='easy-footnote-margin-adjust'><\/span><span class='easy-footnote'><a href='http:\/\/vincentians.com\/es\/mirada-de-fe-del-itinerario-espiritual-de-luisa-de-marillac\/#easy-footnote-bottom-16-119624' title='Santa Luisa de M. Correspondencia y escritos. C. 708 (L. 643) A mi querida Sor Maturina Gu\u00e9rin 1 pp.637-638'><sup>16<\/sup><\/a><\/span>.<\/p>\n<p>Estos t\u00e9rminos traducen lo que ella misma vive y c\u00f3mo ha estado moldeada, ya que podemos presentir en todas estas acciones una entera disponibilidad a la voluntad de Dios y su deseo de imitar a Cristo. Es feliz al observar este mismo abandono en Maturina Gu\u00e9rin a la que escribe en 1659 :<i>\u00abEs un gran consuelo para m\u00ed esa confianza que el Se\u00f1or le da en su divina Providencia\u00bb<\/i><span id='easy-footnote-17-119624' class='easy-footnote-margin-adjust'><\/span><span class='easy-footnote'><a href='http:\/\/vincentians.com\/es\/mirada-de-fe-del-itinerario-espiritual-de-luisa-de-marillac\/#easy-footnote-bottom-17-119624' title='La Compa\u00f1\u00eda de las Hijas de la Caridad en sus or\u00edgenes .Ceme. Documentos. p. 763'><sup>17<\/sup><\/a><\/span>.<\/p>\n<p>Esta confianza en la Providencia parece primordial para vivir sencillamente con Dios y aconseja esta pr\u00e1ctica a Francisca Carcireux en 1556: <i>\u00abTenemos que simplificarnos mediante un completo abandono a la direcci\u00f3n de su <b>divina Providencia<\/b>\u00ab<\/i><span id='easy-footnote-18-119624' class='easy-footnote-margin-adjust'><\/span><span class='easy-footnote'><a href='http:\/\/vincentians.com\/es\/mirada-de-fe-del-itinerario-espiritual-de-luisa-de-marillac\/#easy-footnote-bottom-18-119624' title='Santa Luisa de M. Correspondencia y escritos. C. 542 (L. 531 bis) A Sor Carcireux 1. pp.499-500'><sup>18<\/sup><\/a><\/span>.<\/p>\n<p>\u00abMe abandono enteramente a las disposiciones de tu<i> <b>Santa Providencia<\/b>\u00ab<\/i>. Esta frase extra\u00edda de sus escritos es el reflejo de su fe profunda y de la solidez de su vida de intimidad con Dios. Sus hijas supieron descubrir el mensaje que quer\u00eda transmitirles, ya que una de ellas est\u00e1 sacada de la conferencia sobre las virtudes de la fundadora <i>\u00abTen\u00eda una confianza admirable en la <b>Providencia de Dios<\/b> para todas las cosas y especialmente en lo que se refer\u00eda a la Compa\u00f1\u00eda, recomend\u00e1ndonos que nos pusi\u00e9ramos en manos de Dios\u2026\u00bb<\/i> <i>SV IX-2.<\/i> <i>118.(03.07.60) Sobre las virtudes de Luisa de Marillac. Pp.1218-1231<\/i><\/p>\n<p>Esta devoci\u00f3n de nuestros santos Fundadores en la Providencia divina es deseada y querida por todas las Hermanas, porque debe ser el reflejo de la vida de fe que debe animar a cada una. Tambi\u00e9n en las Reglas comunes de las Hijas de la Caridad est\u00e1 escrito: <i>\u00abTendr\u00e1n <b>gran confianza en la divina Providencia<\/b>, abandon\u00e1ndose a ella totalmente como lo hace un ni\u00f1o con su nodriza\u00bb <\/i><\/p>\n<p>En conclusi\u00f3n, las palabras Providencia de Dios no son de ning\u00fan modo palabras del pasado utilizadas para tranquilizar. Luisa se expresa por ella misma con fuerza: \u00ab<i>Necesito practicar una gran humildad y desconfianza en m\u00ed misma, abandon\u00e1ndome continuamente en la Providencia e imitar tanto como pueda a Nuestro Se\u00f1or que vino a la tierra para cumplir la sant\u00edsima voluntad de Dios, su Padre, ayudar al pr\u00f3jimo todo lo que pueda, tanto a las almas como a los cuerpos por el amor que Dios nos tiene a todos por igual y practicar con esmero mis ejercicios\u00bb<\/i><span id='easy-footnote-19-119624' class='easy-footnote-margin-adjust'><\/span><span class='easy-footnote'><a href='http:\/\/vincentians.com\/es\/mirada-de-fe-del-itinerario-espiritual-de-luisa-de-marillac\/#easy-footnote-bottom-19-119624' title='Santa Luisa de M. Correspondencia y escritos. E. 66 (M. 40 bis) (Abandono en la Providencia). p.772'><sup>19<\/sup><\/a><\/span>.<\/p>\n<h2><b>Un camino de santidad: la ascesis<\/b><\/h2>\n<p>El documento sobre \u00abla formaci\u00f3n en los Institutos religiosos\u00bb traz\u00f3 algunas l\u00edneas seguras para la formaci\u00f3n seg\u00fan el decreto Perfectae Caritatis. Estas l\u00edneas seguras, se encuentran en el segundo cap\u00edtulo: \u00abla ascesis\u00bb.<\/p>\n<p>\u00bfQu\u00e9 dice el documento? <i>\u00abCaminar en pos de Cristo lleva a compartir cada vez m\u00e1s consciente y concretamente el misterio de su pasi\u00f3n, de su muerte y de su resurrecci\u00f3n el misterio pascual debe ser como el n\u00facleo de los programas de formaci\u00f3n fuente de vida y de madurez. Sobre este fundamento se forma el hombre nuevo\u00bb.<\/i><\/p>\n<p><i> <\/i>Este pasaje conduce a inscribir en el programa de una formaci\u00f3n integral, una <b>ascesis personal<\/b> diaria que necesariamente pasa por la Cruz. En la vida de Luisa de Marillac, encontramos todos estos elementos. La palabra <b>ascesis<\/b> no formaba parte del vocabulario de su tiempo, pero Luisa de Marillac ten\u00eda el <b>esp\u00edritu<\/b>. La ascesis forma parte de su vida personal y del programa de formaci\u00f3n de las Hermanas. Esta ascesis se presenta a las Hermanas como un acto de amor a Cristo, muerto y resucitado. La mortificaci\u00f3n, esta muerte diaria a uno mismo, actualiza la de Jes\u00fas y prolonga la fecundidad en su cuerpo que es la Iglesia.<\/p>\n<p>La Pasi\u00f3n del Cristo es un prodigioso poder de conversi\u00f3n. Luisa lo percibe durante su retiro anual en 1632 : \u00ab<i>Nada puede separarme de Jes\u00fas si no es el pecado, el cual ha de ser castigado ahora personalmente\u00bb<\/i><span id='easy-footnote-20-119624' class='easy-footnote-margin-adjust'><\/span><span class='easy-footnote'><a href='http:\/\/vincentians.com\/es\/mirada-de-fe-del-itinerario-espiritual-de-luisa-de-marillac\/#easy-footnote-bottom-20-119624' title='Santa Luisa de M. Correspondencia y escritos E. 22 (A. 5) (Ejercicios Espirituales). pp.689-692'><sup>20<\/sup><\/a><\/span>.<\/p>\n<p>Al contemplar la muerte y la resurrecci\u00f3n de Cristo, ella desea tomar a Jes\u00fas crucificado como modelo de vida. En una de sus meditaciones, escribe: <i>\u00abescoger la vida de Jes\u00fas Crucificado como modelo de nuestra vida<\/i>\u00ab, con frecuencia invita a las Hermanas a adherirse plenamente al misterio de muerte y resurrecci\u00f3n de Cristo:<i> \u00abRuego a nuestro amado Jes\u00fas crucificado que nos sujete fuertemente a su cruz\u2026\u00bb<\/i><span id='easy-footnote-21-119624' class='easy-footnote-margin-adjust'><\/span><span class='easy-footnote'><a href='http:\/\/vincentians.com\/es\/mirada-de-fe-del-itinerario-espiritual-de-luisa-de-marillac\/#easy-footnote-bottom-21-119624' title='Santa Luisa de M. Correspondencia y escritos C. 51 (L. 46) A mi querida Sor Isabel Mart\u00edn. pp.62-63'><sup>21<\/sup><\/a><\/span>\n<p>La ascesis, esta v\u00eda real de la Cruz, no puede vivirse m\u00e1s que en la alegr\u00eda del amor. Luisa utiliza incluso el t\u00e9rmino <b>suavidad <\/b>al escribir a Margarita Chetif : \u00ab<i>Tengo la seguridad, querida Hermana, de que Nuestro Se\u00f1or le habr\u00e1 hecho gustar la <b>suavidad <\/b>que las almas llenas de su santo amor experimentan en medio de los sufrimientos y angustias de esta vida. Si as\u00ed no fuera se hallara usted todav\u00eda en el Calvario, tenga por cierto que Jes\u00fas Crucificado se complace en verla all\u00ed retirada, y si tiene valor suficiente para querer permanecer en tal lugar<\/i>\u00ab. C. 604 (L. 545 bis) A Sor Margarita Ch\u00e9tif en Arras 1. pp.552-553<\/p>\n<p>Para Luisa, la ascesis no es un conjunto de ejercicios m\u00e1s o menos dif\u00edciles que marcan el menosprecio del cuerpo, sino todo lo contrario, es un acto de <b>amor<\/b>, una plena adhesi\u00f3n a Cristo Redentor. Ella desea hacer de su vida una respuesta de amor a Cristo: \u00ab<i>\u2026Vivamos, pues, como muertas en Jesucristo y por lo tanto, ya no m\u00e1s resistencia a Jes\u00fas, no m\u00e1s acciones que por Jes\u00fas, no ya m\u00e1s pensamientos que en Jes\u00fas, en una palabra, no ya m\u00e1s vida que para Jes\u00fas y el pr\u00f3jimo, para que en este amor unitivo ame yo todo lo que Jes\u00fas ama\u2026\u00bb<\/i><span id='easy-footnote-22-119624' class='easy-footnote-margin-adjust'><\/span><span class='easy-footnote'><a href='http:\/\/vincentians.com\/es\/mirada-de-fe-del-itinerario-espiritual-de-luisa-de-marillac\/#easy-footnote-bottom-22-119624' title='Santa Luisa de M. Correspondencia y escritos E. 69 (A. 23) (Pensamientos sobre el Bautismo). pp.774-775'><sup>22<\/sup><\/a><\/span>\n<p>Esta mediaci\u00f3n, sacada de los pensamientos sobre el bautismo, recuerda otro texto de san Vicente cuando escribe al Padre Portail, el himno a Jesucristo que muestra bien el lugar central que ocupa el Hijo de Dios en la fe y la vida del Se\u00f1or Vicente : <i>\u00abAcu\u00e9rdese, padre, de que vivimos en Jesucristo por la muerte en Jesucristo, y que hemos de morir en Jesucristo por la vida de Jesucristo, y que nuestra vida tiene que estar oculta en Jesucristo y llena de Jesucristo, y que, para morir como Jesucristo, hay que vivir como Jesucristo \u2026\u00bb<\/i><span id='easy-footnote-23-119624' class='easy-footnote-margin-adjust'><\/span><span class='easy-footnote'><a href='http:\/\/vincentians.com\/es\/mirada-de-fe-del-itinerario-espiritual-de-luisa-de-marillac\/#easy-footnote-bottom-23-119624' title='SV I. 198 [197] a Antonio Portail, Sacerdote de la Misi\u00f3n. pp.319-323'><sup>23<\/sup><\/a><\/span>\n<p>Muerte y resurrecci\u00f3n eran palabras familiares para Luisa. \u00bfPor qu\u00e9 mortificarse? Expresa sus pensamientos en una de sus meditaciones para preparar la conferencia: \u00bb <i>nuestras almas en el estado de su creaci\u00f3n, porque habiendo sido hechas a imagen de Dios, est\u00e1n en cierto modo desfiguradas cuando no mortifican sus pasiones y se dejan llevar de ellas\u00bb<\/i><span id='easy-footnote-24-119624' class='easy-footnote-margin-adjust'><\/span><span class='easy-footnote'><a href='http:\/\/vincentians.com\/es\/mirada-de-fe-del-itinerario-espiritual-de-luisa-de-marillac\/#easy-footnote-bottom-24-119624' title='Santa Luisa de M. Correspondencia y escritos E. 82 (A. 67) (Sobre la mortificaci\u00f3n). pp.787-788'><sup>24<\/sup><\/a><\/span>\n<p>La mortificaci\u00f3n es la vida del alma,\u2026 si no la mortificamos, muere siguiendo sus pasiones\u2026una tercera raz\u00f3n si no practicamos la virtud de la mortificaci\u00f3n, no sabremos soportarnos unas a otras\u2026 y Luisa entra en lo concreto de la vida:<\/p>\n<ul>\n<li>Mortificar con frecuencia nuestro propio juicio<\/li>\n<li>Mortificar tambi\u00e9n nuestra voluntad para inclinarnos m\u00e1s a la de nuestras Hermanas.<\/li>\n<li>Nos es muy necesaria la mortificaci\u00f3n rigurosa de nuestra curiosidad, principalmente cuando las Hermanas se encuentran reunidas: de ordinario, hay una premura para informarse de los defectos y car\u00e1cter de las dem\u00e1s y tambi\u00e9n para decir lo que se sabe acerca de ello\u2026<\/li>\n<li>Empe\u00f1arnos en mortificar los resentimientos y aun deseos de peque\u00f1as venganzas que pueden sembrar la turbaci\u00f3n entre las Hermanas de las Parroquias cuando alguna se ha dejado ir a contar los disgustillos que han tenido rec\u00edprocamente.<\/li>\n<li>Para mantenerse en su vocaci\u00f3n, las Hijas de la Caridad deben velar continuamente sobre sus sentidos y sus pasiones.<\/li>\n<\/ul>\n<p>Luisa recomienda <i>\u00abque hemos de emprender generosamente este trabajo durante toda nuestra vida ya como no es m\u00e1s que mortificar, no es morir, y as\u00ed nuestras pasiones seguir\u00e1n vivas, y tenemos que velar de continuo y trabajar en mortificarlas\u00bb<\/i>.<\/p>\n<p>\u00cdntimamente penetrada del misterio de la Cruz que recuerda en sus instrucciones, sus meditaciones, su correspondencia, Luisa de Marillac comparte su experiencia de Cristo, nos desvela su riqueza espiritual al servicio de la peque\u00f1a Compa\u00f1\u00eda en la formaci\u00f3n de las Hermanas. Sus exigencias se refieren tanto a las reci\u00e9n llegadas como a las Hermanas en particular y a las comunidades:<\/p>\n<p>A Margarita Ch\u00e9tif : <i>\u00bb lo que se necesitan son esp\u00edritus, que quieran morir a si mismas por la mortificaci\u00f3n y la verdadera renuncia, ya hecha en el santo bautismo, y que el esp\u00edritu de Jesucristo reine en ellas \u2026<\/i>\u00ab<span id='easy-footnote-25-119624' class='easy-footnote-margin-adjust'><\/span><span class='easy-footnote'><a href='http:\/\/vincentians.com\/es\/mirada-de-fe-del-itinerario-espiritual-de-luisa-de-marillac\/#easy-footnote-bottom-25-119624' title='Santa Luisa de M. Correspondencia y escritos C. 717 (L. 651) A mi querida Sor Margarita Ch\u00e9tif. pp.647-648'><sup>25<\/sup><\/a><\/span>\n<p>Luisa recuerda la utilidad de la pr\u00e1ctica de la mortificaci\u00f3n.<\/p>\n<p><b>A Anne Hardemont,<\/b> le recuerda que, para trabajar \u00fatilmente en la obra de Dios, <i>\u00ab\u2026 no basta con ir y dar, sino que es necesario un coraz\u00f3n purificado de todo inter\u00e9s y no dejar nunca de trabajar en la mortificaci\u00f3n general de todos los sentidos y pasiones, y para ello, queridas Hermanas, hemos de tener continuamente ante la vista nuestro modelo que es la vida ejemplar de Jesucristo\u00bb<\/i><span id='easy-footnote-26-119624' class='easy-footnote-margin-adjust'><\/span><span class='easy-footnote'><a href='http:\/\/vincentians.com\/es\/mirada-de-fe-del-itinerario-espiritual-de-luisa-de-marillac\/#easy-footnote-bottom-26-119624' title='Santa Luisa de M. Correspondencia y escritos C. 257 (L. 217) A Sor Ana Hardemont 1. pp.259-260'><sup>26<\/sup><\/a><\/span>\n<p>A <strong>Cecilia Angiboust<\/strong>: <i>\u00abdesconf\u00eden de ustedes mismas y piensen que el hombre viejo no ha muerto del todo en ustedes\u00bb<\/i><span id='easy-footnote-27-119624' class='easy-footnote-margin-adjust'><\/span><span class='easy-footnote'><a href='http:\/\/vincentians.com\/es\/mirada-de-fe-del-itinerario-espiritual-de-luisa-de-marillac\/#easy-footnote-bottom-27-119624' title='Santa Luisa de M. Correspondencia y escritos C. 495 (L. 394) (A Sor Cecilia Angiboust, Angers). pp.461-462'><sup>27<\/sup><\/a><\/span>.<\/p>\n<p>A <strong>Francisca Carcireux<\/strong>: <i>\u00abS\u00f3lo le dir\u00e9, querida Hermana, si me lo permite, que he alabado a Dios varias veces por las gracias que le ha concedido y le he pedido que sepa usted olvidarse de s\u00ed misma y mortificar el deseo de su propia satisfacci\u00f3n que se oculta en usted bajo la apariencia enga\u00f1osa de buscar una mayor perfecci\u00f3n \u2026\u00bb<\/i><span id='easy-footnote-28-119624' class='easy-footnote-margin-adjust'><\/span><span class='easy-footnote'><a href='http:\/\/vincentians.com\/es\/mirada-de-fe-del-itinerario-espiritual-de-luisa-de-marillac\/#easy-footnote-bottom-28-119624' title='Santa Luisa de M. Correspondencia y escritos C. 549 (L. 557 bis) A Sor Carcireux 1. p.505'><sup>28<\/sup><\/a><\/span>\n<p><i> \u2026 \u00abNo tolerar nada en nuestra voluntad que se oponga a la voluntad de Dios; darnos por completo a El para no descuidar ninguna de las pr\u00e1cticas que se nos aconsejan, para desprendernos de nuestro propio juicio y trabajar en <b>mortificar nuestras inclinaciones<\/b> aun en las cosas que nos parecen buenas\u00bb<\/i><span id='easy-footnote-29-119624' class='easy-footnote-margin-adjust'><\/span><span class='easy-footnote'><a href='http:\/\/vincentians.com\/es\/mirada-de-fe-del-itinerario-espiritual-de-luisa-de-marillac\/#easy-footnote-bottom-29-119624' title='Santa Luisa de M. Correspondencia y escritos C. 542 (L. 531 bis) A Sor Carcireux 1. pp.499-500'><sup>29<\/sup><\/a><\/span>.<\/p>\n<p>Luisa se dirige a las comunidades a trav\u00e9s de la hermana Sirviente :<\/p>\n<p><b>A Sor Hellot<\/b> despu\u00e9s de un contratiempo: <i>\u00ab\u2026 en cuanto a lo que ha ocurrido despu\u00e9s, hay que recibirlo con amor y saber servirse de tales ocasiones para morir enteramente a nosotras mismas\u00bb<\/i><span id='easy-footnote-30-119624' class='easy-footnote-margin-adjust'><\/span><span class='easy-footnote'><a href='http:\/\/vincentians.com\/es\/mirada-de-fe-del-itinerario-espiritual-de-luisa-de-marillac\/#easy-footnote-bottom-30-119624' title='Santa Luisa de M. Correspondencia y escritos C. 168 (L. 156) Para Sor Hellot. pp.172-173'><sup>30<\/sup><\/a><\/span>\u2026 <i>\u00abqueridas Hermanas, si se mantienen con frecuencia en la presencia de Dios, su bondad no dejar\u00e1 de hacerles ver todo lo que pide de ustedes, tanto en la mortificaci\u00f3n de sus sentidos y pasiones como en la pr\u00e1ctica de las virtudes que quiere ver en ustedes para que le sean<\/i> gratas\u00bb<span id='easy-footnote-31-119624' class='easy-footnote-margin-adjust'><\/span><span class='easy-footnote'><a href='http:\/\/vincentians.com\/es\/mirada-de-fe-del-itinerario-espiritual-de-luisa-de-marillac\/#easy-footnote-bottom-31-119624' title='Santa Luisa de M. Correspondencia y escritos C. 211 (L. 193) (A Sor Hellot) 1. pp.218-219'><sup>31<\/sup><\/a><\/span>.<\/p>\n<p><b>A la comunidad de Nantes<\/b>: <i>\u00ab\u2026<\/i> <i>no podremos tener paz con Dios, con el pr\u00f3jimo y con nosotras mismas si Jesucristo no nos la da, y que no nos la dar\u00e1 sino por los m\u00e9ritos de sus llagas y sufrimientos, los que no nos ser\u00e1n nunca aplicados sin la <b>mortificaci\u00f3n de nosotros mismos<\/b>, que adquiriremos imit\u00e1ndole en el cumplimiento de la voluntad de Dios\u00bb<\/i><span id='easy-footnote-32-119624' class='easy-footnote-margin-adjust'><\/span><span class='easy-footnote'><a href='http:\/\/vincentians.com\/es\/mirada-de-fe-del-itinerario-espiritual-de-luisa-de-marillac\/#easy-footnote-bottom-32-119624' title='Santa Luisa de M. Correspondencia y escritos C. 191 (L. 174) (A nuestras queridas Hermanas las Hijas de la Caridad. pp.197-199'><sup>32<\/sup><\/a><\/span>.<\/p>\n<p><b>A la Hermana Sirviente, Juana Lepintre<\/b> : <i>\u00bb \u2026 Le ruego querida Hermana, lo encomiende con frecuencia a las oraciones de nuestras queridas hermanas, a las que quisiera ver muy valientes en el amor de Dios y en la pr\u00e1ctica de las <b>mortificaciones interiores<\/b>: \u00a1qu\u00e9 razonable ser\u00eda que aquellas a las que Dios ha llamado al seguimiento de su Hijo, tratasen de hacerse perfectas como El!\u00bb<\/i><span id='easy-footnote-33-119624' class='easy-footnote-margin-adjust'><\/span><span class='easy-footnote'><a href='http:\/\/vincentians.com\/es\/mirada-de-fe-del-itinerario-espiritual-de-luisa-de-marillac\/#easy-footnote-bottom-33-119624' title='Santa Luisa de M. Correspondencia y escritos C. 384 (L. 328) A mi querida Sor Juana Lepintre 1. p.364'><sup>33<\/sup><\/a><\/span>.<\/p>\n<p><b>A la comunidad de Chateaudun<\/b>, Sor Juana Delacroix es la Hna Sirviente: <i>\u00aby que me diga, sobre todo, si mientras trabajan en el servicio exterior, su interior se ocupa, por amor de Nuestro Se\u00f1or, en velar sobre s\u00ed mismas para <b>vencer y dominar sus pasiones,<\/b> negando a los sentidos lo que puede llevarlas a ofender a Dios\u2026\u00bb<\/i><span id='easy-footnote-34-119624' class='easy-footnote-margin-adjust'><\/span><span class='easy-footnote'><a href='http:\/\/vincentians.com\/es\/mirada-de-fe-del-itinerario-espiritual-de-luisa-de-marillac\/#easy-footnote-bottom-34-119624' title='Santa Luisa de M. Correspondencia y escritos C. 722 (L. 656) A mi querida Sor Juana Delacroix. pp.652-653'><sup>34<\/sup><\/a><\/span>.<\/p>\n<p><b> A la comunidad de Angers,<\/b> \u00abCr\u00e9anme, nuestro principal cuidado ha de ser tambi\u00e9n el mortificarnos mucho, no con penitencias exteriores, sino con una sumisi\u00f3n que parta de una verdadera y s\u00f3lida humildad, que ame el desprecio y declare la guerra a nuestros sentidos y pasiones, entreg\u00e1ndonos con toda exactitud a la obediencia, a todas las virtudes y tambi\u00e9n a la cordialidad entre nosotras, sin preferencias, esa cordialidad que impide las murmuraciones\u2026\u00bb<span id='easy-footnote-35-119624' class='easy-footnote-margin-adjust'><\/span><span class='easy-footnote'><a href='http:\/\/vincentians.com\/es\/mirada-de-fe-del-itinerario-espiritual-de-luisa-de-marillac\/#easy-footnote-bottom-35-119624' title='Santa Luisa de M. Correspondencia y escritos C. 540 (L. 485) (A las Hermanas de Angers )1. pp.497-498'><sup>35<\/sup><\/a><\/span>\n<p>Resumiendo, podr\u00edamos decir que Luisa de Marillac, como todos los maestros espirituales, invita a la Hermanas a seguir a Cristo: \u00abno podemos llegar si no es siguiendo a Jes\u00fas en sus trabajos y sufrimientos! y a\u00fan no nos habr\u00eda podido llevar a ella si su perseverancia no le hubiera llevado a El a la muerte de cruz\u00bb C. 33 (L. 426) (A las Hermanas del Hospital de Angers).p.47<\/p>\n<p>Es en el silencio de la oraci\u00f3n, ese tiempo de contemplaci\u00f3n de Cristo encarnado, de Cristo redentor donde las Hermanas sacaron las fuerzas necesarias para realizar las exigencias de su vocaci\u00f3n. \u00bfNo se le dec\u00eda a B\u00e1rbara Angiboust en una carta?: <i>\u00abSean, pues, animosas avanzando por momentos por el camino en el que Dios las ha puesto para que vayan hacia El\u00bb.<\/i> C. 426 (L. 360 bis) (A Sor Cecilia Angiboust, Angers) 1. Pp.402-403<\/p>\n<p>La mirada de fe, en el camino de santidad de Luisa de Marillac, se detiene en algunas l\u00edneas seguras, entre las que se encuentra la docilidad al Esp\u00edritu Santo, el abandono a la divina Providencia y la ascesis permiti\u00e9ndole realizar el plan de Dios en su <b>\u00abser y hacer\u00bb<\/b>, la contemplaci\u00f3n de Cristo en el pobre, la vivencia de la ayuda mutua fraterna y Mar\u00eda nuestra \u00fanica Madre.<\/p>\n<p>Al final de su vida, vuelve sobre lo que siempre la ha hecho vibrar: \u00ab<i>Quiera Dios que pueda escribir por completo los pensamientos que su bondad me ha concedido la gracia de tener sobre la Concepci\u00f3n Inmaculada de la Sant\u00edsima Virgen, para que el verdadero conocimiento que he tenido de sus m\u00e9ritos y del honor que le debo, as\u00ed como la voluntad de tribut\u00e1rselo, no se aparten nunca de mi coraz\u00f3n\u2026<\/i> <i>Por eso, quiero durante toda mi vida y en la eternidad, amarla y honrarla\u2026\u00bb<\/i><span id='easy-footnote-36-119624' class='easy-footnote-margin-adjust'><\/span><span class='easy-footnote'><a href='http:\/\/vincentians.com\/es\/mirada-de-fe-del-itinerario-espiritual-de-luisa-de-marillac\/#easy-footnote-bottom-36-119624' title='Santa Luisa de M. Correspondencia y escritos E. 106. (A. 31 bis) (Pensamientos sobre la Inmaculada Concepci\u00f3n de la Virgen Mar\u00eda). pp.823-824'><sup>36<\/sup><\/a><\/span>\n<p>Su testamento espiritual, recogido por las Hermanas que la asistieron en sus \u00faltimos momentos, recuerda \u00abla gracia de perseverar en su vocaci\u00f3n para que puedan servirle en la forma que El pide de ustedes y pidan mucho a la Sant\u00edsima Virgen que sea Ella su \u00fanica Madre\u00bb.<\/p>\n<p>De las alturas de la fe donde hab\u00eda establecido sus pensamientos, Luisa de Marillac ve\u00eda en sus pobres hijas, esposas de Jesucristo, siervas de los pobres. En las recomendaciones que ella dirig\u00eda a la Comunidad, volv\u00eda sin cesar a su culto de predilecto: el esp\u00edritu de paz, el apoyo, la cordialidad. Por eso, en el tiempo de Navidad, Epifan\u00eda, ella sugiere <i>\u00ab\u2026 Podemos tambi\u00e9n ofrecerlos ante el pesebre como los presentes de los tres Reyes. La limosna en vez del oro, el ayuno en vez de la mirra y la oraci\u00f3n como el incienso: y tambi\u00e9n present\u00e1rselos los tres a la Sant\u00edsima Trinidad: la oraci\u00f3n al Padre, el ayuno al Hijo y la limosna al Esp\u00edritu Santo; haci\u00e9ndolo as\u00ed, adoraremos a nuestro Dios encarnado con los \u00e1ngeles por medio de la oraci\u00f3n, con los Reyes por medio de la limosna y con los pastores por el ayuno, y Dios nos bendecir\u00e1\u00bb<\/i><\/p>\n<h2><b> Conclusi\u00f3n<\/b><\/h2>\n<p>Gobillon, su primer bi\u00f3grafo, termina su cuarto libro, cap\u00edtulo quinto, por los \u00faltimos momentos de Luisa y sobre todo por el elogio de su caridad, de la que hizo profesi\u00f3n toda su vida y en la que persever\u00f3 hasta la muerte.<\/p>\n<p><i>\u00abEs esta virtud la que hace a los santos y la que, seg\u00fan el sentir del Ap\u00f3stol, es un don m\u00e1s excelente que la gracia de los milagros. Sin embargo, parece que Dios no se contenta con haber dado a conocer el m\u00e9rito de esta sierva fiel por tantos bienes como \u00e9l ha obrado por su ministerio; sino que incluso tiene alg\u00fan designio de declararse, por medio de pruebas sensibles, sobre el juicio que ha pronunciado en su muerte; y que quiere manifestar su gloria por los hechos extraordinarios que hace aparecer en su tumba. De cuando en cuando sale de ella como un dulce vapor que expande un olor semejante al de la violeta y el lirio; de lo cual hay gran n\u00famero de personas que pueden dar testimonio. Y lo que es m\u00e1s sorprendente es que las Hijas de la Caridad que vienen a orar sobre su tumba, vuelven a veces tan impregnadas de este olor, que lo llevan consigo a las hermanas enfermas en la enfermer\u00eda de la casa. Podr\u00eda yo a\u00f1adir el testimonio de la experiencia que tengo hecha de ello varias veces, si ello fuera de alg\u00fan valor en esta circunstancia; y podr\u00eda decir que, despu\u00e9s de haber tomado todas las precauciones posibles para examinar si esto no ser\u00e1 efecto de alguna causa natural, no he podido descubrir ninguna a la que se le pueda atribuir. Pero de cualquier naturaleza que sea el olor que se desprende del sepulcro de esta sierva de los pobres, sale uno enteramente espiritual de los ejemplos de su vida, m\u00e1s precioso que todos los perfumes, que es una obra maravillosa de la gracia y la se\u00f1al m\u00e1s gloriosa de su santidad: es ese verdadero perfume que penetra el coraz\u00f3n de sus hijas\u2026para comprometerlas en su imitaci\u00f3n\u00bb<\/i><span id='easy-footnote-37-119624' class='easy-footnote-margin-adjust'><\/span><span class='easy-footnote'><a href='http:\/\/vincentians.com\/es\/mirada-de-fe-del-itinerario-espiritual-de-luisa-de-marillac\/#easy-footnote-bottom-37-119624' title='Vida de la Se\u00f1orita Le Gras por N. Gobillon 1676, Ceme. p. 185'><sup>37<\/sup><\/a><\/span>.<\/p>\n<p>El 24 de julio de 1660, en la conferencia del Se\u00f1or Vicente sobre las virtudes de Luisa de Marillac exclam\u00f3:<\/p>\n<p><i>\u00ab\u00a1Qu\u00e9 hermoso cuadro, Dios m\u00edo! \u00a1<\/i>Ved<i> qu\u00e9 cuadro! \u00bfY c\u00f3mo vais a utilizarlo, hijas m\u00edas? Procurando conformar vuestra vida con la suya\u00bb<\/i><\/p>\n","protected":false},"excerpt":{"rendered":"<p>Introducci\u00f3n La mirada de fe es un hecho humano fundamental que nos orienta hacia Dios y nos invita a vivir de su Esp\u00edritu. La presencia de los Santos es un recuerdo continuo de las cosas &#8230; <a href=\"http:\/\/vincentians.com\/es\/mirada-de-fe-del-itinerario-espiritual-de-luisa-de-marillac\/\" class=\"more-link\">Read More<\/a><\/p>\n","protected":false},"author":4,"featured_media":29263,"comment_status":"open","ping_status":"open","sticky":false,"template":"","format":"standard","meta":{"jetpack_post_was_ever_published":false,"_jetpack_newsletter_access":"","_jetpack_dont_email_post_to_subs":false,"_jetpack_newsletter_tier_id":0,"_jetpack_memberships_contains_paywalled_content":false,"_jetpack_memberships_contains_paid_content":false,"footnotes":"","jetpack_publicize_message":"","jetpack_publicize_feature_enabled":true,"jetpack_social_post_already_shared":true,"jetpack_social_options":{"image_generator_settings":{"template":"highway","default_image_id":0,"font":"","enabled":false},"version":2}},"categories":[226,18],"tags":[224,228,161,162,138,127],"class_list":["post-119624","post","type-post","status-publish","format-standard","has-post-thumbnail","hentry","category-espiritualidad-vicenciana","category-luisa-de-marillac","tag-berulle","tag-calvet","tag-etienne","tag-gobillon","tag-montreuil","tag-portail"],"yoast_head":"<!-- This site is optimized with the Yoast SEO plugin v26.3 - https:\/\/yoast.com\/wordpress\/plugins\/seo\/ -->\n<title>Mirada de fe del itinerario espiritual de Luisa de Marillac - Somos Vicencianos<\/title>\n<meta name=\"robots\" content=\"index, follow, max-snippet:-1, max-image-preview:large, max-video-preview:-1\" \/>\n<link rel=\"canonical\" href=\"http:\/\/vincentians.com\/es\/mirada-de-fe-del-itinerario-espiritual-de-luisa-de-marillac\/\" \/>\n<meta property=\"og:locale\" content=\"es_ES\" \/>\n<meta property=\"og:type\" content=\"article\" \/>\n<meta property=\"og:title\" content=\"Mirada de fe del itinerario espiritual de Luisa de Marillac - Somos Vicencianos\" \/>\n<meta property=\"og:description\" content=\"Introducci\u00f3n La mirada de fe es un hecho humano fundamental que nos orienta hacia Dios y nos invita a vivir de su Esp\u00edritu. La presencia de los Santos es un recuerdo continuo de las cosas ... Read More\" \/>\n<meta property=\"og:url\" content=\"http:\/\/vincentians.com\/es\/mirada-de-fe-del-itinerario-espiritual-de-luisa-de-marillac\/\" \/>\n<meta property=\"og:site_name\" content=\"Somos Vicencianos\" \/>\n<meta property=\"article:publisher\" content=\"https:\/\/www.facebook.com\/WeAreVincentians\/\" \/>\n<meta property=\"article:author\" content=\"https:\/\/www.facebook.com\/JavierChento\" \/>\n<meta property=\"article:published_time\" content=\"2013-04-12T18:10:49+00:00\" \/>\n<meta property=\"article:modified_time\" content=\"2016-07-26T15:27:27+00:00\" \/>\n<meta name=\"author\" content=\"Francisco Javier Fern\u00e1ndez Chento\" \/>\n<meta name=\"twitter:card\" content=\"summary_large_image\" \/>\n<meta name=\"twitter:creator\" content=\"@https:\/\/twitter.com\/javierchento\" \/>\n<meta name=\"twitter:site\" content=\"@WeVincentians\" \/>\n<meta name=\"twitter:label1\" content=\"Escrito por\" \/>\n\t<meta name=\"twitter:data1\" content=\"Francisco Javier Fern\u00e1ndez Chento\" \/>\n\t<meta name=\"twitter:label2\" content=\"Tiempo de lectura\" \/>\n\t<meta name=\"twitter:data2\" content=\"29 minutos\" \/>\n<script type=\"application\/ld+json\" class=\"yoast-schema-graph\">{\"@context\":\"https:\/\/schema.org\",\"@graph\":[{\"@type\":\"Article\",\"@id\":\"http:\/\/vincentians.com\/es\/mirada-de-fe-del-itinerario-espiritual-de-luisa-de-marillac\/#article\",\"isPartOf\":{\"@id\":\"http:\/\/vincentians.com\/es\/mirada-de-fe-del-itinerario-espiritual-de-luisa-de-marillac\/\"},\"author\":{\"name\":\"Francisco Javier Fern\u00e1ndez Chento\",\"@id\":\"http:\/\/vincentians.com\/es\/#\/schema\/person\/9623ef4d9aa3b2dfb8c061f1499288f2\"},\"headline\":\"Mirada de fe del itinerario espiritual de Luisa de Marillac\",\"datePublished\":\"2013-04-12T18:10:49+00:00\",\"dateModified\":\"2016-07-26T15:27:27+00:00\",\"mainEntityOfPage\":{\"@id\":\"http:\/\/vincentians.com\/es\/mirada-de-fe-del-itinerario-espiritual-de-luisa-de-marillac\/\"},\"wordCount\":5775,\"commentCount\":0,\"publisher\":{\"@id\":\"http:\/\/vincentians.com\/es\/#organization\"},\"image\":{\"@id\":\"http:\/\/vincentians.com\/es\/mirada-de-fe-del-itinerario-espiritual-de-luisa-de-marillac\/#primaryimage\"},\"thumbnailUrl\":\"\",\"keywords\":[\"Berulle\",\"Calvet\",\"Etienne\",\"Gobillon\",\"Montreuil\",\"Portail\"],\"articleSection\":[\"Espiritualidad vicenciana\",\"Luisa de Marillac\"],\"inLanguage\":\"es\",\"potentialAction\":[{\"@type\":\"CommentAction\",\"name\":\"Comment\",\"target\":[\"http:\/\/vincentians.com\/es\/mirada-de-fe-del-itinerario-espiritual-de-luisa-de-marillac\/#respond\"]}]},{\"@type\":\"WebPage\",\"@id\":\"http:\/\/vincentians.com\/es\/mirada-de-fe-del-itinerario-espiritual-de-luisa-de-marillac\/\",\"url\":\"http:\/\/vincentians.com\/es\/mirada-de-fe-del-itinerario-espiritual-de-luisa-de-marillac\/\",\"name\":\"Mirada de fe del itinerario espiritual de Luisa de Marillac - Somos Vicencianos\",\"isPartOf\":{\"@id\":\"http:\/\/vincentians.com\/es\/#website\"},\"primaryImageOfPage\":{\"@id\":\"http:\/\/vincentians.com\/es\/mirada-de-fe-del-itinerario-espiritual-de-luisa-de-marillac\/#primaryimage\"},\"image\":{\"@id\":\"http:\/\/vincentians.com\/es\/mirada-de-fe-del-itinerario-espiritual-de-luisa-de-marillac\/#primaryimage\"},\"thumbnailUrl\":\"\",\"datePublished\":\"2013-04-12T18:10:49+00:00\",\"dateModified\":\"2016-07-26T15:27:27+00:00\",\"breadcrumb\":{\"@id\":\"http:\/\/vincentians.com\/es\/mirada-de-fe-del-itinerario-espiritual-de-luisa-de-marillac\/#breadcrumb\"},\"inLanguage\":\"es\",\"potentialAction\":[{\"@type\":\"ReadAction\",\"target\":[\"http:\/\/vincentians.com\/es\/mirada-de-fe-del-itinerario-espiritual-de-luisa-de-marillac\/\"]}]},{\"@type\":\"ImageObject\",\"inLanguage\":\"es\",\"@id\":\"http:\/\/vincentians.com\/es\/mirada-de-fe-del-itinerario-espiritual-de-luisa-de-marillac\/#primaryimage\",\"url\":\"\",\"contentUrl\":\"\"},{\"@type\":\"BreadcrumbList\",\"@id\":\"http:\/\/vincentians.com\/es\/mirada-de-fe-del-itinerario-espiritual-de-luisa-de-marillac\/#breadcrumb\",\"itemListElement\":[{\"@type\":\"ListItem\",\"position\":1,\"name\":\"Portada\",\"item\":\"http:\/\/vincentians.com\/es\/\"},{\"@type\":\"ListItem\",\"position\":2,\"name\":\"Mirada de fe del itinerario espiritual de Luisa de Marillac\"}]},{\"@type\":\"WebSite\",\"@id\":\"http:\/\/vincentians.com\/es\/#website\",\"url\":\"http:\/\/vincentians.com\/es\/\",\"name\":\"Somos Vicencianos\",\"description\":\"Know more to serve more\",\"publisher\":{\"@id\":\"http:\/\/vincentians.com\/es\/#organization\"},\"potentialAction\":[{\"@type\":\"SearchAction\",\"target\":{\"@type\":\"EntryPoint\",\"urlTemplate\":\"http:\/\/vincentians.com\/es\/?s={search_term_string}\"},\"query-input\":{\"@type\":\"PropertyValueSpecification\",\"valueRequired\":true,\"valueName\":\"search_term_string\"}}],\"inLanguage\":\"es\"},{\"@type\":\"Organization\",\"@id\":\"http:\/\/vincentians.com\/es\/#organization\",\"name\":\"The Vincentian Network\",\"url\":\"http:\/\/vincentians.com\/es\/\",\"logo\":{\"@type\":\"ImageObject\",\"inLanguage\":\"es\",\"@id\":\"http:\/\/vincentians.com\/es\/#\/schema\/logo\/image\/\",\"url\":\"https:\/\/i1.wp.com\/vincentians.com\/es\/wp-content\/uploads\/sites\/11\/2016\/06\/Vincentian-Network-logo-big.png?fit=778%2C778\",\"contentUrl\":\"https:\/\/i1.wp.com\/vincentians.com\/es\/wp-content\/uploads\/sites\/11\/2016\/06\/Vincentian-Network-logo-big.png?fit=778%2C778\",\"width\":778,\"height\":778,\"caption\":\"The Vincentian Network\"},\"image\":{\"@id\":\"http:\/\/vincentians.com\/es\/#\/schema\/logo\/image\/\"},\"sameAs\":[\"https:\/\/www.facebook.com\/WeAreVincentians\/\",\"https:\/\/x.com\/WeVincentians\"]},{\"@type\":\"Person\",\"@id\":\"http:\/\/vincentians.com\/es\/#\/schema\/person\/9623ef4d9aa3b2dfb8c061f1499288f2\",\"name\":\"Francisco Javier Fern\u00e1ndez Chento\",\"image\":{\"@type\":\"ImageObject\",\"inLanguage\":\"es\",\"@id\":\"http:\/\/vincentians.com\/es\/#\/schema\/person\/image\/\",\"url\":\"https:\/\/secure.gravatar.com\/avatar\/497d5cde87b4c3d097d0315953521681ba2cd523ee66e5077c3711f7021e65de?s=96&d=mm&r=g\",\"contentUrl\":\"https:\/\/secure.gravatar.com\/avatar\/497d5cde87b4c3d097d0315953521681ba2cd523ee66e5077c3711f7021e65de?s=96&d=mm&r=g\",\"caption\":\"Francisco Javier Fern\u00e1ndez Chento\"},\"description\":\"Director General y cofundador de La Red de Formaci\u00f3n Vicenciana. Javier es laico vicenciano, afiliado a la Congregaci\u00f3n de la Misi\u00f3n y miembro del Equipo de Misiones Populares de la provincia can\u00f3nica de Zaragoza (Espa\u00f1a) de la Congregaci\u00f3n de la Misi\u00f3n. Graduado en la Universidad Oberta de Catalunya con cuatro grados (Asistente de direcci\u00f3n, Gesti\u00f3n Administrativa, Recursos Humanos y Contabilidad Avanzada). Bil\u00edng\u00fce Espa\u00f1ol\/Ingl\u00e9s. gestiona y mantiene varias p\u00e1ginas web cristianas y vicencianas, incluida including La Red de Formaci\u00f3n Vicenciana, de la que es cofundador. Actualmente es responsable del \u00e1rea de Espa\u00f1ol de .famvin, la Red de Noticias de la Familia Vicenciana. Tambi\u00e9n es m\u00fasico cat\u00f3lico y ha editado varios discos. Es Director General y cofundador de Trovador, una reconocida compa\u00f1\u00eda discogr\u00e1fica critiana de Espa\u00f1a. Trabaja en las Tecnolog\u00edas de la Informaci\u00f3n, ofreciendo servicios de alojamiento, dise\u00f1o y mantenimiento Web, as\u00ed como asesoramiento, formaci\u00f3n y soluciones inform\u00e1ticas, gesti\u00f3n documental y digitalizaci\u00f3n de textos, edici\u00f3n y maquetaci\u00f3n de libros, revistas, flyers, etc.\",\"sameAs\":[\"http:\/\/chento.org\",\"https:\/\/www.facebook.com\/JavierChento\",\"https:\/\/x.com\/https:\/\/twitter.com\/javierchento\"],\"url\":\"http:\/\/vincentians.com\/es\/author\/chento\/\"}]}<\/script>\n<!-- \/ Yoast SEO plugin. -->","yoast_head_json":{"title":"Mirada de fe del itinerario espiritual de Luisa de Marillac - Somos Vicencianos","robots":{"index":"index","follow":"follow","max-snippet":"max-snippet:-1","max-image-preview":"max-image-preview:large","max-video-preview":"max-video-preview:-1"},"canonical":"http:\/\/vincentians.com\/es\/mirada-de-fe-del-itinerario-espiritual-de-luisa-de-marillac\/","og_locale":"es_ES","og_type":"article","og_title":"Mirada de fe del itinerario espiritual de Luisa de Marillac - Somos Vicencianos","og_description":"Introducci\u00f3n La mirada de fe es un hecho humano fundamental que nos orienta hacia Dios y nos invita a vivir de su Esp\u00edritu. La presencia de los Santos es un recuerdo continuo de las cosas ... Read More","og_url":"http:\/\/vincentians.com\/es\/mirada-de-fe-del-itinerario-espiritual-de-luisa-de-marillac\/","og_site_name":"Somos Vicencianos","article_publisher":"https:\/\/www.facebook.com\/WeAreVincentians\/","article_author":"https:\/\/www.facebook.com\/JavierChento","article_published_time":"2013-04-12T18:10:49+00:00","article_modified_time":"2016-07-26T15:27:27+00:00","author":"Francisco Javier Fern\u00e1ndez Chento","twitter_card":"summary_large_image","twitter_creator":"@https:\/\/twitter.com\/javierchento","twitter_site":"@WeVincentians","twitter_misc":{"Escrito por":"Francisco Javier Fern\u00e1ndez Chento","Tiempo de lectura":"29 minutos"},"schema":{"@context":"https:\/\/schema.org","@graph":[{"@type":"Article","@id":"http:\/\/vincentians.com\/es\/mirada-de-fe-del-itinerario-espiritual-de-luisa-de-marillac\/#article","isPartOf":{"@id":"http:\/\/vincentians.com\/es\/mirada-de-fe-del-itinerario-espiritual-de-luisa-de-marillac\/"},"author":{"name":"Francisco Javier Fern\u00e1ndez Chento","@id":"http:\/\/vincentians.com\/es\/#\/schema\/person\/9623ef4d9aa3b2dfb8c061f1499288f2"},"headline":"Mirada de fe del itinerario espiritual de Luisa de Marillac","datePublished":"2013-04-12T18:10:49+00:00","dateModified":"2016-07-26T15:27:27+00:00","mainEntityOfPage":{"@id":"http:\/\/vincentians.com\/es\/mirada-de-fe-del-itinerario-espiritual-de-luisa-de-marillac\/"},"wordCount":5775,"commentCount":0,"publisher":{"@id":"http:\/\/vincentians.com\/es\/#organization"},"image":{"@id":"http:\/\/vincentians.com\/es\/mirada-de-fe-del-itinerario-espiritual-de-luisa-de-marillac\/#primaryimage"},"thumbnailUrl":"","keywords":["Berulle","Calvet","Etienne","Gobillon","Montreuil","Portail"],"articleSection":["Espiritualidad vicenciana","Luisa de Marillac"],"inLanguage":"es","potentialAction":[{"@type":"CommentAction","name":"Comment","target":["http:\/\/vincentians.com\/es\/mirada-de-fe-del-itinerario-espiritual-de-luisa-de-marillac\/#respond"]}]},{"@type":"WebPage","@id":"http:\/\/vincentians.com\/es\/mirada-de-fe-del-itinerario-espiritual-de-luisa-de-marillac\/","url":"http:\/\/vincentians.com\/es\/mirada-de-fe-del-itinerario-espiritual-de-luisa-de-marillac\/","name":"Mirada de fe del itinerario espiritual de Luisa de Marillac - Somos Vicencianos","isPartOf":{"@id":"http:\/\/vincentians.com\/es\/#website"},"primaryImageOfPage":{"@id":"http:\/\/vincentians.com\/es\/mirada-de-fe-del-itinerario-espiritual-de-luisa-de-marillac\/#primaryimage"},"image":{"@id":"http:\/\/vincentians.com\/es\/mirada-de-fe-del-itinerario-espiritual-de-luisa-de-marillac\/#primaryimage"},"thumbnailUrl":"","datePublished":"2013-04-12T18:10:49+00:00","dateModified":"2016-07-26T15:27:27+00:00","breadcrumb":{"@id":"http:\/\/vincentians.com\/es\/mirada-de-fe-del-itinerario-espiritual-de-luisa-de-marillac\/#breadcrumb"},"inLanguage":"es","potentialAction":[{"@type":"ReadAction","target":["http:\/\/vincentians.com\/es\/mirada-de-fe-del-itinerario-espiritual-de-luisa-de-marillac\/"]}]},{"@type":"ImageObject","inLanguage":"es","@id":"http:\/\/vincentians.com\/es\/mirada-de-fe-del-itinerario-espiritual-de-luisa-de-marillac\/#primaryimage","url":"","contentUrl":""},{"@type":"BreadcrumbList","@id":"http:\/\/vincentians.com\/es\/mirada-de-fe-del-itinerario-espiritual-de-luisa-de-marillac\/#breadcrumb","itemListElement":[{"@type":"ListItem","position":1,"name":"Portada","item":"http:\/\/vincentians.com\/es\/"},{"@type":"ListItem","position":2,"name":"Mirada de fe del itinerario espiritual de Luisa de Marillac"}]},{"@type":"WebSite","@id":"http:\/\/vincentians.com\/es\/#website","url":"http:\/\/vincentians.com\/es\/","name":"Somos Vicencianos","description":"Know more to serve more","publisher":{"@id":"http:\/\/vincentians.com\/es\/#organization"},"potentialAction":[{"@type":"SearchAction","target":{"@type":"EntryPoint","urlTemplate":"http:\/\/vincentians.com\/es\/?s={search_term_string}"},"query-input":{"@type":"PropertyValueSpecification","valueRequired":true,"valueName":"search_term_string"}}],"inLanguage":"es"},{"@type":"Organization","@id":"http:\/\/vincentians.com\/es\/#organization","name":"The Vincentian Network","url":"http:\/\/vincentians.com\/es\/","logo":{"@type":"ImageObject","inLanguage":"es","@id":"http:\/\/vincentians.com\/es\/#\/schema\/logo\/image\/","url":"https:\/\/i1.wp.com\/vincentians.com\/es\/wp-content\/uploads\/sites\/11\/2016\/06\/Vincentian-Network-logo-big.png?fit=778%2C778","contentUrl":"https:\/\/i1.wp.com\/vincentians.com\/es\/wp-content\/uploads\/sites\/11\/2016\/06\/Vincentian-Network-logo-big.png?fit=778%2C778","width":778,"height":778,"caption":"The Vincentian Network"},"image":{"@id":"http:\/\/vincentians.com\/es\/#\/schema\/logo\/image\/"},"sameAs":["https:\/\/www.facebook.com\/WeAreVincentians\/","https:\/\/x.com\/WeVincentians"]},{"@type":"Person","@id":"http:\/\/vincentians.com\/es\/#\/schema\/person\/9623ef4d9aa3b2dfb8c061f1499288f2","name":"Francisco Javier Fern\u00e1ndez Chento","image":{"@type":"ImageObject","inLanguage":"es","@id":"http:\/\/vincentians.com\/es\/#\/schema\/person\/image\/","url":"https:\/\/secure.gravatar.com\/avatar\/497d5cde87b4c3d097d0315953521681ba2cd523ee66e5077c3711f7021e65de?s=96&d=mm&r=g","contentUrl":"https:\/\/secure.gravatar.com\/avatar\/497d5cde87b4c3d097d0315953521681ba2cd523ee66e5077c3711f7021e65de?s=96&d=mm&r=g","caption":"Francisco Javier Fern\u00e1ndez Chento"},"description":"Director General y cofundador de La Red de Formaci\u00f3n Vicenciana. Javier es laico vicenciano, afiliado a la Congregaci\u00f3n de la Misi\u00f3n y miembro del Equipo de Misiones Populares de la provincia can\u00f3nica de Zaragoza (Espa\u00f1a) de la Congregaci\u00f3n de la Misi\u00f3n. Graduado en la Universidad Oberta de Catalunya con cuatro grados (Asistente de direcci\u00f3n, Gesti\u00f3n Administrativa, Recursos Humanos y Contabilidad Avanzada). Bil\u00edng\u00fce Espa\u00f1ol\/Ingl\u00e9s. gestiona y mantiene varias p\u00e1ginas web cristianas y vicencianas, incluida including La Red de Formaci\u00f3n Vicenciana, de la que es cofundador. Actualmente es responsable del \u00e1rea de Espa\u00f1ol de .famvin, la Red de Noticias de la Familia Vicenciana. Tambi\u00e9n es m\u00fasico cat\u00f3lico y ha editado varios discos. Es Director General y cofundador de Trovador, una reconocida compa\u00f1\u00eda discogr\u00e1fica critiana de Espa\u00f1a. Trabaja en las Tecnolog\u00edas de la Informaci\u00f3n, ofreciendo servicios de alojamiento, dise\u00f1o y mantenimiento Web, as\u00ed como asesoramiento, formaci\u00f3n y soluciones inform\u00e1ticas, gesti\u00f3n documental y digitalizaci\u00f3n de textos, edici\u00f3n y maquetaci\u00f3n de libros, revistas, flyers, etc.","sameAs":["http:\/\/chento.org","https:\/\/www.facebook.com\/JavierChento","https:\/\/x.com\/https:\/\/twitter.com\/javierchento"],"url":"http:\/\/vincentians.com\/es\/author\/chento\/"}]}},"jetpack_publicize_connections":[],"jetpack_featured_media_url":"","jetpack_sharing_enabled":true,"jetpack_shortlink":"https:\/\/wp.me\/p7ETMF-v7q","jetpack-related-posts":[{"id":101771,"url":"http:\/\/vincentians.com\/es\/orando-con-luisa-de-marillac\/","url_meta":{"origin":119624,"position":0},"title":"Orando con Luisa de Marillac","author":"Francisco Javier Fern\u00e1ndez Chento","date":"07\/04\/2015","format":false,"excerpt":"Las primeras Hijas de la Caridad quedaron impresiona\u00addos por la actitud orante de Luisa de Marillac. En las conferencias celebradas sobre las virtudes de la Srta. Le Gras, varias Hermanas pusieron de relieve su pro\u00adfunda uni\u00f3n con Dios: \"Siempre ten\u00eda su esp\u00edritu ocupado en Dios.\" \"Ten\u00eda mucha vida Interior y\u2026","rel":"","context":"En \u00abEspiritualidad vicenciana\u00bb","block_context":{"text":"Espiritualidad vicenciana","link":"http:\/\/vincentians.com\/es\/category\/espiritualidad\/espiritualidad-vicenciana\/"},"img":{"alt_text":"","src":"https:\/\/i0.wp.com\/vicencianos.org\/wp-content\/2011\/09\/rostros_luisa_09-225x300.jpg?resize=350%2C200","width":350,"height":200},"classes":[]},{"id":107172,"url":"http:\/\/vincentians.com\/es\/honrar-al-dios-trinidad\/","url_meta":{"origin":119624,"position":1},"title":"Honrar al Dios Trinidad","author":"Francisco Javier Fern\u00e1ndez Chento","date":"30\/06\/2018","format":false,"excerpt":"En su oraci\u00f3n, su meditaci\u00f3n, Luisa de Marillac no se\u00adpara la Humanidad santa de Cristo de su Divinidad. Je\u00adsucristo, Hijo de Mar\u00eda, Jesucristo, Redentor del mundo, es el Hijo de Dios, la segunda Persona de la Sant\u00edsima Tri\u00adnidad. Con la Iglesia, Luisa descubre en Jesucristo al Dios que es Amor.\u2026","rel":"","context":"En \u00abEspiritualidad vicenciana\u00bb","block_context":{"text":"Espiritualidad vicenciana","link":"http:\/\/vincentians.com\/es\/category\/espiritualidad\/espiritualidad-vicenciana\/"},"img":{"alt_text":"","src":"https:\/\/i0.wp.com\/vincentians.com\/es\/wp-content\/uploads\/sites\/11\/2011\/11\/espiritualidad.jpg?fit=310%2C285&resize=350%2C200","width":350,"height":200},"classes":[]},{"id":119618,"url":"http:\/\/vincentians.com\/es\/relectura-de-los-acontecimientos-desde-la-fe-para-reconocer-en-ellos-la-presencia-de-dios\/","url_meta":{"origin":119624,"position":2},"title":"Relectura de los acontecimientos desde la Fe para reconocer en ellos la presencia de Dios","author":"Francisco Javier Fern\u00e1ndez Chento","date":"20\/06\/2015","format":false,"excerpt":"Introducci\u00f3n En su carta de Adviento 2010, nuestro Superior general, el Padre Gregory nos invit\u00f3 a reconocer y dejarnos interpelar por la presencia activa de Dios en el coraz\u00f3n y en la vida de los pobres. Nos dice: \"\u2026 han acabado por reconocer que Dios es el don de la\u2026","rel":"","context":"En \u00abFormaci\u00f3n Vicenciana\u00bb","block_context":{"text":"Formaci\u00f3n Vicenciana","link":"http:\/\/vincentians.com\/es\/category\/formacion-vicenciana\/"},"img":{"alt_text":"manos","src":"https:\/\/i0.wp.com\/vicencianos.org\/wp-content\/2013\/04\/manos-300x284.jpg?resize=350%2C200","width":350,"height":200},"classes":[]},{"id":102617,"url":"http:\/\/vincentians.com\/es\/honrar-a-cristo-redentor\/","url_meta":{"origin":119624,"position":3},"title":"Honrar a Cristo Redentor","author":"Francisco Javier Fern\u00e1ndez Chento","date":"13\/06\/2018","format":false,"excerpt":"Luisa de Marillac prolonga su oraci\u00f3n al Verbo Encar\u00adnado con la meditaci\u00f3n del Misterio de la Redenci\u00f3n, en el que Cristo, m\u00e1s especialmente todav\u00eda, se hace Amor y Don: \"...la Encarnaci\u00f3n del Hijo de Dios, seg\u00fan sus divi\u00adnos designios, por toda la eternidad (era) para la Re\u00addenci\u00f3n del g\u00e9nero humano.\"\u2026","rel":"","context":"En \u00abEspiritualidad vicenciana\u00bb","block_context":{"text":"Espiritualidad vicenciana","link":"http:\/\/vincentians.com\/es\/category\/espiritualidad\/espiritualidad-vicenciana\/"},"img":{"alt_text":"","src":"https:\/\/i0.wp.com\/vincentians.com\/es\/wp-content\/uploads\/sites\/11\/2016\/08\/jesus-ora.jpg?fit=1200%2C630&resize=350%2C200","width":350,"height":200,"srcset":"https:\/\/i0.wp.com\/vincentians.com\/es\/wp-content\/uploads\/sites\/11\/2016\/08\/jesus-ora.jpg?fit=1200%2C630&resize=350%2C200 1x, https:\/\/i0.wp.com\/vincentians.com\/es\/wp-content\/uploads\/sites\/11\/2016\/08\/jesus-ora.jpg?fit=1200%2C630&resize=525%2C300 1.5x, https:\/\/i0.wp.com\/vincentians.com\/es\/wp-content\/uploads\/sites\/11\/2016\/08\/jesus-ora.jpg?fit=1200%2C630&resize=700%2C400 2x, https:\/\/i0.wp.com\/vincentians.com\/es\/wp-content\/uploads\/sites\/11\/2016\/08\/jesus-ora.jpg?fit=1200%2C630&resize=1050%2C600 3x"},"classes":[]},{"id":144824,"url":"http:\/\/vincentians.com\/es\/luisa-de-marillac-mujer-discipula-colaboradora-formadora-fundadora-madre\/","url_meta":{"origin":119624,"position":4},"title":"Luisa de Marillac: Mujer, disc\u00edpula, colaboradora, formadora, fundadora, madre","author":"Francisco Javier Fern\u00e1ndez Chento","date":"11\/05\/2015","format":false,"excerpt":"Introducci\u00f3n En julio de 1660 san Vicente de Pa\u00fal, en una conferencia a las Hermanas sobre las virtudes de la Se\u00f1orita Le Gras afirma convencido: \u201cSi desean ser buenas Hijas de la Caridad, est\u00e1n obligadas a fijarse en sus virtudes.\u201d[1]. \u201c\u2026 Ser buenas Hijas de la Caridad\u201d es la decisi\u00f3n\u2026","rel":"","context":"En \u00abLuisa de Marillac\u00bb","block_context":{"text":"Luisa de Marillac","link":"http:\/\/vincentians.com\/es\/category\/la-familia-vicenciana\/fundadores\/luisa-de-marillac\/"},"img":{"alt_text":"Louise 112","src":"https:\/\/i0.wp.com\/vicencianos.org\/wp-content\/2015\/03\/Louise-112-297x300.jpg?resize=350%2C200","width":350,"height":200},"classes":[]},{"id":143413,"url":"http:\/\/vincentians.com\/es\/el-camino-de-fe-de-santa-luisa\/","url_meta":{"origin":119624,"position":5},"title":"El camino de fe de santa Luisa","author":"Francisco Javier Fern\u00e1ndez Chento","date":"19\/04\/2015","format":false,"excerpt":"Hablaremos del largo camino que santa Luisa recorrido durante m\u00e1s de 60 a\u00f1os, donde vemos que su fe fue cuestionada por la vida que ella tuvo, por los acontecimientos que vivi\u00f3, una vida llena de dudas, inquietudes pero tambi\u00e9n de alegr\u00edas y preocupaciones. Entraremos en la intimidad de Luisa, esta\u2026","rel":"","context":"En \u00abLuisa de Marillac\u00bb","block_context":{"text":"Luisa de Marillac","link":"http:\/\/vincentians.com\/es\/category\/la-familia-vicenciana\/fundadores\/luisa-de-marillac\/"},"img":{"alt_text":"St-Louise-de-Marillac","src":"https:\/\/i0.wp.com\/vicencianos.org\/wp-content\/2012\/08\/St-Louise-de-Marillac-300x202.png?resize=350%2C200","width":350,"height":200},"classes":[]}],"_links":{"self":[{"href":"http:\/\/vincentians.com\/es\/wp-json\/wp\/v2\/posts\/119624","targetHints":{"allow":["GET"]}}],"collection":[{"href":"http:\/\/vincentians.com\/es\/wp-json\/wp\/v2\/posts"}],"about":[{"href":"http:\/\/vincentians.com\/es\/wp-json\/wp\/v2\/types\/post"}],"author":[{"embeddable":true,"href":"http:\/\/vincentians.com\/es\/wp-json\/wp\/v2\/users\/4"}],"replies":[{"embeddable":true,"href":"http:\/\/vincentians.com\/es\/wp-json\/wp\/v2\/comments?post=119624"}],"version-history":[{"count":0,"href":"http:\/\/vincentians.com\/es\/wp-json\/wp\/v2\/posts\/119624\/revisions"}],"wp:featuredmedia":[{"embeddable":true,"href":"http:\/\/vincentians.com\/es\/wp-json\/"}],"wp:attachment":[{"href":"http:\/\/vincentians.com\/es\/wp-json\/wp\/v2\/media?parent=119624"}],"wp:term":[{"taxonomy":"category","embeddable":true,"href":"http:\/\/vincentians.com\/es\/wp-json\/wp\/v2\/categories?post=119624"},{"taxonomy":"post_tag","embeddable":true,"href":"http:\/\/vincentians.com\/es\/wp-json\/wp\/v2\/tags?post=119624"}],"curies":[{"name":"wp","href":"https:\/\/api.w.org\/{rel}","templated":true}]}}