{"id":119325,"date":"2022-04-29T08:30:55","date_gmt":"2022-04-29T06:30:55","guid":{"rendered":"http:\/\/somos.vicencianos.org\/?p=119325"},"modified":"2022-02-14T09:37:51","modified_gmt":"2022-02-14T08:37:51","slug":"historia-de-los-paules-en-cuba-capitulo-vii-c","status":"publish","type":"post","link":"http:\/\/vincentians.com\/es\/historia-de-los-paules-en-cuba-capitulo-vii-c\/","title":{"rendered":"Historia de los Pa\u00fales en Cuba: Cap\u00edtulo VII (C)"},"content":{"rendered":"<p><b>3. Separaci\u00f3n de Puerto Rico de la Provincia de las Antillas.<\/b><\/p>\n<p><b><\/b>Desde sus or\u00edgenes, a\u00f1o 1862, la casa de la Merced de la Habana no era sino una de las muchas casas de la Provincia Can\u00f3nica de Madrid. Ya vimos en el cap\u00edtulo V c\u00f3mo la Asamblea General de 1896 decret\u00f3 la erecci\u00f3n can\u00f3nica de una nueva provincia, llamada de las Antillas, con las casas de la Merced, como casa Provincial, la casa de Santiago de Cuba, la de Matanzas y las dos casas de Puerto Rico, San Juan de Puerto Rico y Ponce. Durante los a\u00f1os siguientes la Provincia de las Antillas creci\u00f3 de una manera significante como indicamos en este cap\u00edtulo al narrar las nuevas fundaciones.<\/p>\n<p>A\u00f1os m\u00e1s tarde, el 22 de Noviembre de 1925, la Congregaci\u00f3n de Religiosos exped\u00eda el decreto por el cual las casas de Puerto Rico se separaban de la llamada Provincia de las Antillas para formar una Vice-Provincia, dependiente de la Provincia de Madrid.<\/p>\n<p>Con el tiempo y seg\u00fan el Cat\u00e1logo de la Congregaci\u00f3n de la Misi\u00f3n del a\u00f1o 1897-1898, la uni\u00f3n de las casas de la Isla de Cuba, las de Puerto Rico y m\u00e1s tarde las de Santo Domingo, comenz\u00f3 a llamarse la Provincia de las Antillas. Y as\u00ed continu\u00f3 el status quo desde el a\u00f1o 1897 hasta el a\u00f1o 1926.<\/p>\n<p style=\"padding-left: 30px\"><i>En el a\u00f1o 1926, <\/i>nos cuenta el P. Chaurrondo, <i>lleg\u00f3 a Cuba en calidad de <\/i><i>Comisario del P. General el Visitador de Espa\u00f1a, P. Atienza, el cual, a <\/i><i>ocultas del Consejo de la Habana y basado en un Informe falso rendido al Superior General y a la Sagrada Congregaci\u00f3n de Religiosos, obtuvo <\/i><i>un decreto considerado nulo por muchos juristas, en virtud de que los prenotandos eran falsos.<\/i><\/p>\n<p style=\"padding-left: 30px\"><i>Basados en todas esas mentiras obtuvo el decreto de separaci\u00f3n de las casas de Puerto Rico, constituyendo la Viceprovincia de Puerto Rico, <\/i><i>dependiente de Espa\u00f1a.<\/i><\/p>\n<p style=\"padding-left: 30px\"><i>El mismo P. Atienza escribi\u00f3 al P. Chaurrondo, que comprend\u00eda el error <\/i><i>cometido y que esperaba la ida del P. L\u00f3pez a Espa\u00f1a para deshacer lo <\/i><i>mal hecho, pero eso era ganar tiempo y querer enga\u00f1arnos. As\u00ed quedaron en definitiva las cosas, erigiendo luego en Provincia la Isla de Puerto Rico <\/i><i>y Santo Domingo.<\/i><\/p>\n<p style=\"padding-left: 30px\">Sobre el asunto de la separaci\u00f3n de Puerto Rico de la Provincia de las Antillas, afirma el P. Chaurrondo que fue una decisi\u00f3n muy injusta y can\u00f3nicamente invalida por las siguientes razones.<\/p>\n<p style=\"padding-left: 30px\"><i>1) <\/i><i>Que no fue propuesto al Consejo Provincial de las Antillas, ni mencionado <\/i><i>siquiera en las conversaciones.<\/i><\/p>\n<p style=\"padding-left: 30px\"><i>2) <\/i><i>Que el P. Gaude solicit\u00f3, seg\u00fan me lo cont\u00f3 el P. Garc\u00eda, que los <\/i><i>Superiores de la Isla firmaran una solicitud, suplicando que se nombrara <\/i><i>en Puerto Rico a uno de los Superiores representantes del Visitador, se <\/i><i>entiende de Cuba, dec\u00eda \u00e9l, para los asuntos oficiales con Obispos y <\/i><i>Autoridades civiles.<\/i><\/p>\n<p style=\"padding-left: 30px\"><i>3) <\/i><i>Nadie, pues, excepto el P. Gaude, pidi\u00f3 que aquellas casa fueran <\/i><i>declaradas Viceprovincia de Espa\u00f1a.<\/i><\/p>\n<p style=\"padding-left: 30px\"><i>4) <\/i><i>El m\u00f3vil de esta separaci\u00f3n fue la buena situaci\u00f3n econ\u00f3mica en que las <\/i><i>encontr\u00f3 y que le alucin\u00f3 con conseguir de ellas siete u ocho mil pesos, si el P. Gaude quedaba all\u00e1.<\/i><\/p>\n<p style=\"padding-left: 30px\"><i>5) <\/i><i>Al P. L\u00f3pez le enga\u00f1o diciendo que cuando \u00e9l viniese a Cuba y diese un <\/i><i>informe dar\u00eda paso o retirar\u00eda la solicitud, cosa que era mentira pues ya <\/i><i>la ten\u00eda aprobada en Roma, pues a los pocos d\u00edas de llegar el P. L\u00f3pez le <\/i><i>comunic\u00f3 que Puerto Rico ya no pertenec\u00eda a esta Provincia.<\/i><\/p>\n<p style=\"padding-left: 30px\"><i>6) <\/i><i>El Consejo Provincial, los Superiores de Cuba y varios particulares <\/i><i>protestaron de la manera indigna c\u00f3mo se llev\u00f3 a cabo este asunto.<\/i><\/p>\n<p style=\"padding-left: 30px\"><i>7) <\/i><i>As\u00ed pues todas las consideraciones expuestas por el P. Atienza fueron <\/i><i>falsas y en la pr\u00f3xima Asamblea debe ser protestada la tal divisi\u00f3n, al menos como antican\u00f3nica. El P. Atienza abus\u00f3 de que ac\u00e1 no hubiera <\/i><i>visitador y probablemente aplaz\u00f3 el nombramiento del P. L\u00f3pez para poder dar ese golpe a la Provincia de las Antillas.<\/i><i> <\/i><\/p>\n<p style=\"padding-left: 30px\"><i>Se dec\u00eda entre algunos descontentos acaudillados por el P. Gaude.<\/i><i><\/i><\/p>\n<p style=\"padding-left: 30px\"><i>1)\u00a0 <\/i><i>que lo peor de Cuba se mandaba a Puerto Rico, lo cual no es cierto pues all\u00ed hab\u00eda misioneros tan sabios y prudentes como en Cuba.<\/i><\/p>\n<p style=\"padding-left: 30px\"><i>2) <\/i><i>que hab\u00eda mejores comunicaciones entre Puerto Rico y Espa\u00f1a, lo que era <\/i><i>absolutamente falso, pues muchos de los misioneros que iban a Puerto Rico <\/i><i>pasaban por Cuba.<\/i><\/p>\n<p style=\"padding-left: 30px\"><i>3) <\/i><i>que Puerto Rico era un pueblo que siempre hab\u00eda tenido rivalidad con Cuba, lo cual es tambi\u00e9n absolutamente falso, pues siempre han existido las mejores relaciones entre Cuba y Puerto Rico.<\/i><\/p>\n<p style=\"padding-left: 30px\"><i>4) <\/i><i>As\u00ed pues, la separaci\u00f3n de P. Rico fue ideada por el P. Gaude, primero por <\/i><i>hacerse figurita, y despu\u00e9s por vengarse de la Habana donde \u00e9l hab\u00eda cometido imprudencias mil que le trajeron la malquerencia de sus compa\u00f1eros y dificultades con los extra\u00f1os, a lo cual contest\u00f3 el P. Alvarez con una conducta digna y de protecci\u00f3n excesiva, tanto que al irse el P. Guti\u00e9rrez propuso al P. Gaude para Superior, lo cual no pareci\u00f3 bien al Superior General.<\/i><\/p>\n<p>El caso es que con fecha 21 de diciembre de 1926 el Superior General mand\u00f3 una carta desde Par\u00eds, en franc\u00e9s, al P. L\u00f3pez en la que entre otras cosas le dice traducido al espa\u00f1ol:<\/p>\n<p style=\"padding-left: 30px\"><i>Le env\u00edo la copia del rescripto que nos ha llegado de Roma. Las casas <\/i><i>De la Isla de Puerto Rico han sido separadas de la Provincia de las Antillas y pasan a formar parte, como antes, de la Provincia de Madrid.<\/i><\/p>\n<p>Cuando se cre\u00f3 la Provincia de las Antillas, qued\u00f3 constituida con las siguientes casas: 1. La Merced, 1863. 2. Parroquia de Nuestra Se\u00f1ora de Guadalupe, Ponce, 1892. Parroquia de San Jos\u00e9 de Sanju\u00e1n, Puerto Rico. 3. Santiago de Cuba, 1884. 4. Colegio de Matanzas, 1892-<\/p>\n<p>La Provincia sigui\u00f3 creciendo de tal manera que cuando vino la separaci\u00f3n, la llamada Provincia de las Antillas ten\u00eda siete casas en Cuba y cuatro en Puerto Rico, en total 11 casas. La Provincia de Cuba sigui\u00f3 llam\u00e1ndose Provincia de las Antillas hasta que seg\u00fan el Cat\u00e1logo de la Congregaci\u00f3n de la Misi\u00f3n, de 1969, se comenz\u00f3 a llamar Provincia Cubana.<\/p>\n","protected":false},"excerpt":{"rendered":"<p>3. Separaci\u00f3n de Puerto Rico de la Provincia de las Antillas. Desde sus or\u00edgenes, a\u00f1o 1862, la casa de la Merced de la Habana no era sino una de las muchas casas de la Provincia &#8230; <a href=\"http:\/\/vincentians.com\/es\/historia-de-los-paules-en-cuba-capitulo-vii-c\/\" class=\"more-link\">Read More<\/a><\/p>\n","protected":false},"author":5,"featured_media":404164,"comment_status":"open","ping_status":"open","sticky":false,"template":"","format":"standard","meta":{"jetpack_post_was_ever_published":false,"_jetpack_newsletter_access":"","_jetpack_dont_email_post_to_subs":false,"_jetpack_newsletter_tier_id":0,"_jetpack_memberships_contains_paywalled_content":false,"_jetpack_memberships_contains_paid_content":false,"footnotes":"","jetpack_publicize_message":"","jetpack_publicize_feature_enabled":true,"jetpack_social_post_already_shared":true,"jetpack_social_options":{"image_generator_settings":{"template":"highway","default_image_id":0,"font":"","enabled":false},"version":2}},"categories":[214],"tags":[147],"class_list":["post-119325","post","type-post","status-publish","format-standard","has-post-thumbnail","hentry","category-historia-de-la-congregacion-de-la-mision","tag-santo-domingo"],"yoast_head":"<!-- This site is optimized with the Yoast SEO plugin v26.3 - https:\/\/yoast.com\/wordpress\/plugins\/seo\/ -->\n<title>Historia de los Pa\u00fales en Cuba: Cap\u00edtulo VII (C) - Somos Vicencianos<\/title>\n<meta name=\"robots\" content=\"index, follow, max-snippet:-1, max-image-preview:large, max-video-preview:-1\" \/>\n<link rel=\"canonical\" href=\"http:\/\/vincentians.com\/es\/historia-de-los-paules-en-cuba-capitulo-vii-c\/\" \/>\n<meta property=\"og:locale\" content=\"es_ES\" \/>\n<meta property=\"og:type\" content=\"article\" \/>\n<meta property=\"og:title\" content=\"Historia de los Pa\u00fales en Cuba: Cap\u00edtulo VII (C) - Somos Vicencianos\" \/>\n<meta property=\"og:description\" content=\"3. Separaci\u00f3n de Puerto Rico de la Provincia de las Antillas. Desde sus or\u00edgenes, a\u00f1o 1862, la casa de la Merced de la Habana no era sino una de las muchas casas de la Provincia ... Read More\" \/>\n<meta property=\"og:url\" content=\"http:\/\/vincentians.com\/es\/historia-de-los-paules-en-cuba-capitulo-vii-c\/\" \/>\n<meta property=\"og:site_name\" content=\"Somos Vicencianos\" \/>\n<meta property=\"article:publisher\" content=\"https:\/\/www.facebook.com\/WeAreVincentians\/\" \/>\n<meta property=\"article:published_time\" content=\"2022-04-29T06:30:55+00:00\" \/>\n<meta property=\"og:image\" content=\"https:\/\/i0.wp.com\/vincentians.com\/es\/wp-content\/uploads\/sites\/11\/2013\/05\/Cuba-Iglesia-de-La-Milagrosa-La-Habana.png?fit=1218%2C933\" \/>\n\t<meta property=\"og:image:width\" content=\"1218\" \/>\n\t<meta property=\"og:image:height\" content=\"933\" \/>\n\t<meta property=\"og:image:type\" content=\"image\/png\" \/>\n<meta name=\"author\" content=\"Mitxel Olabu\u00e9naga\" \/>\n<meta name=\"twitter:card\" content=\"summary_large_image\" \/>\n<meta name=\"twitter:creator\" content=\"@WeVincentians\" \/>\n<meta name=\"twitter:site\" content=\"@WeVincentians\" \/>\n<meta name=\"twitter:label1\" content=\"Escrito por\" \/>\n\t<meta name=\"twitter:data1\" content=\"Mitxel Olabu\u00e9naga\" \/>\n\t<meta name=\"twitter:label2\" content=\"Tiempo de lectura\" \/>\n\t<meta name=\"twitter:data2\" content=\"5 minutos\" \/>\n<script type=\"application\/ld+json\" class=\"yoast-schema-graph\">{\"@context\":\"https:\/\/schema.org\",\"@graph\":[{\"@type\":\"Article\",\"@id\":\"http:\/\/vincentians.com\/es\/historia-de-los-paules-en-cuba-capitulo-vii-c\/#article\",\"isPartOf\":{\"@id\":\"http:\/\/vincentians.com\/es\/historia-de-los-paules-en-cuba-capitulo-vii-c\/\"},\"author\":{\"name\":\"Mitxel Olabu\u00e9naga\",\"@id\":\"http:\/\/vincentians.com\/es\/#\/schema\/person\/7c2670b4445a7ca9d164ea6acdb31859\"},\"headline\":\"Historia de los Pa\u00fales en Cuba: Cap\u00edtulo VII (C)\",\"datePublished\":\"2022-04-29T06:30:55+00:00\",\"mainEntityOfPage\":{\"@id\":\"http:\/\/vincentians.com\/es\/historia-de-los-paules-en-cuba-capitulo-vii-c\/\"},\"wordCount\":1075,\"commentCount\":0,\"publisher\":{\"@id\":\"http:\/\/vincentians.com\/es\/#organization\"},\"image\":{\"@id\":\"http:\/\/vincentians.com\/es\/historia-de-los-paules-en-cuba-capitulo-vii-c\/#primaryimage\"},\"thumbnailUrl\":\"https:\/\/i0.wp.com\/vincentians.com\/es\/wp-content\/uploads\/sites\/11\/2013\/05\/Cuba-Iglesia-de-La-Milagrosa-La-Habana.png?fit=1218%2C933\",\"keywords\":[\"Santo Domingo\"],\"articleSection\":[\"Historia de la Congregaci\u00f3n de la Misi\u00f3n\"],\"inLanguage\":\"es\",\"potentialAction\":[{\"@type\":\"CommentAction\",\"name\":\"Comment\",\"target\":[\"http:\/\/vincentians.com\/es\/historia-de-los-paules-en-cuba-capitulo-vii-c\/#respond\"]}]},{\"@type\":\"WebPage\",\"@id\":\"http:\/\/vincentians.com\/es\/historia-de-los-paules-en-cuba-capitulo-vii-c\/\",\"url\":\"http:\/\/vincentians.com\/es\/historia-de-los-paules-en-cuba-capitulo-vii-c\/\",\"name\":\"Historia de los Pa\u00fales en Cuba: Cap\u00edtulo VII (C) - Somos Vicencianos\",\"isPartOf\":{\"@id\":\"http:\/\/vincentians.com\/es\/#website\"},\"primaryImageOfPage\":{\"@id\":\"http:\/\/vincentians.com\/es\/historia-de-los-paules-en-cuba-capitulo-vii-c\/#primaryimage\"},\"image\":{\"@id\":\"http:\/\/vincentians.com\/es\/historia-de-los-paules-en-cuba-capitulo-vii-c\/#primaryimage\"},\"thumbnailUrl\":\"https:\/\/i0.wp.com\/vincentians.com\/es\/wp-content\/uploads\/sites\/11\/2013\/05\/Cuba-Iglesia-de-La-Milagrosa-La-Habana.png?fit=1218%2C933\",\"datePublished\":\"2022-04-29T06:30:55+00:00\",\"breadcrumb\":{\"@id\":\"http:\/\/vincentians.com\/es\/historia-de-los-paules-en-cuba-capitulo-vii-c\/#breadcrumb\"},\"inLanguage\":\"es\",\"potentialAction\":[{\"@type\":\"ReadAction\",\"target\":[\"http:\/\/vincentians.com\/es\/historia-de-los-paules-en-cuba-capitulo-vii-c\/\"]}]},{\"@type\":\"ImageObject\",\"inLanguage\":\"es\",\"@id\":\"http:\/\/vincentians.com\/es\/historia-de-los-paules-en-cuba-capitulo-vii-c\/#primaryimage\",\"url\":\"https:\/\/i0.wp.com\/vincentians.com\/es\/wp-content\/uploads\/sites\/11\/2013\/05\/Cuba-Iglesia-de-La-Milagrosa-La-Habana.png?fit=1218%2C933\",\"contentUrl\":\"https:\/\/i0.wp.com\/vincentians.com\/es\/wp-content\/uploads\/sites\/11\/2013\/05\/Cuba-Iglesia-de-La-Milagrosa-La-Habana.png?fit=1218%2C933\",\"width\":1218,\"height\":933},{\"@type\":\"BreadcrumbList\",\"@id\":\"http:\/\/vincentians.com\/es\/historia-de-los-paules-en-cuba-capitulo-vii-c\/#breadcrumb\",\"itemListElement\":[{\"@type\":\"ListItem\",\"position\":1,\"name\":\"Portada\",\"item\":\"http:\/\/vincentians.com\/es\/\"},{\"@type\":\"ListItem\",\"position\":2,\"name\":\"Historia de los Pa\u00fales en Cuba: Cap\u00edtulo VII (C)\"}]},{\"@type\":\"WebSite\",\"@id\":\"http:\/\/vincentians.com\/es\/#website\",\"url\":\"http:\/\/vincentians.com\/es\/\",\"name\":\"Somos Vicencianos\",\"description\":\"Know more to serve more\",\"publisher\":{\"@id\":\"http:\/\/vincentians.com\/es\/#organization\"},\"potentialAction\":[{\"@type\":\"SearchAction\",\"target\":{\"@type\":\"EntryPoint\",\"urlTemplate\":\"http:\/\/vincentians.com\/es\/?s={search_term_string}\"},\"query-input\":{\"@type\":\"PropertyValueSpecification\",\"valueRequired\":true,\"valueName\":\"search_term_string\"}}],\"inLanguage\":\"es\"},{\"@type\":\"Organization\",\"@id\":\"http:\/\/vincentians.com\/es\/#organization\",\"name\":\"The Vincentian Network\",\"url\":\"http:\/\/vincentians.com\/es\/\",\"logo\":{\"@type\":\"ImageObject\",\"inLanguage\":\"es\",\"@id\":\"http:\/\/vincentians.com\/es\/#\/schema\/logo\/image\/\",\"url\":\"https:\/\/i1.wp.com\/vincentians.com\/es\/wp-content\/uploads\/sites\/11\/2016\/06\/Vincentian-Network-logo-big.png?fit=778%2C778\",\"contentUrl\":\"https:\/\/i1.wp.com\/vincentians.com\/es\/wp-content\/uploads\/sites\/11\/2016\/06\/Vincentian-Network-logo-big.png?fit=778%2C778\",\"width\":778,\"height\":778,\"caption\":\"The Vincentian Network\"},\"image\":{\"@id\":\"http:\/\/vincentians.com\/es\/#\/schema\/logo\/image\/\"},\"sameAs\":[\"https:\/\/www.facebook.com\/WeAreVincentians\/\",\"https:\/\/x.com\/WeVincentians\"]},{\"@type\":\"Person\",\"@id\":\"http:\/\/vincentians.com\/es\/#\/schema\/person\/7c2670b4445a7ca9d164ea6acdb31859\",\"name\":\"Mitxel Olabu\u00e9naga\",\"image\":{\"@type\":\"ImageObject\",\"inLanguage\":\"es\",\"@id\":\"http:\/\/vincentians.com\/es\/#\/schema\/person\/image\/\",\"url\":\"https:\/\/secure.gravatar.com\/avatar\/34137ec2e2b8939cbbed975731e71f3f4f1defc7266ded337a5ce0f925426877?s=96&d=mm&r=g\",\"contentUrl\":\"https:\/\/secure.gravatar.com\/avatar\/34137ec2e2b8939cbbed975731e71f3f4f1defc7266ded337a5ce0f925426877?s=96&d=mm&r=g\",\"caption\":\"Mitxel Olabu\u00e9naga\"},\"url\":\"http:\/\/vincentians.com\/es\/author\/mitxel\/\"}]}<\/script>\n<!-- \/ Yoast SEO plugin. -->","yoast_head_json":{"title":"Historia de los Pa\u00fales en Cuba: Cap\u00edtulo VII (C) - Somos Vicencianos","robots":{"index":"index","follow":"follow","max-snippet":"max-snippet:-1","max-image-preview":"max-image-preview:large","max-video-preview":"max-video-preview:-1"},"canonical":"http:\/\/vincentians.com\/es\/historia-de-los-paules-en-cuba-capitulo-vii-c\/","og_locale":"es_ES","og_type":"article","og_title":"Historia de los Pa\u00fales en Cuba: Cap\u00edtulo VII (C) - Somos Vicencianos","og_description":"3. Separaci\u00f3n de Puerto Rico de la Provincia de las Antillas. Desde sus or\u00edgenes, a\u00f1o 1862, la casa de la Merced de la Habana no era sino una de las muchas casas de la Provincia ... Read More","og_url":"http:\/\/vincentians.com\/es\/historia-de-los-paules-en-cuba-capitulo-vii-c\/","og_site_name":"Somos Vicencianos","article_publisher":"https:\/\/www.facebook.com\/WeAreVincentians\/","article_published_time":"2022-04-29T06:30:55+00:00","og_image":[{"width":1218,"height":933,"url":"https:\/\/i0.wp.com\/vincentians.com\/es\/wp-content\/uploads\/sites\/11\/2013\/05\/Cuba-Iglesia-de-La-Milagrosa-La-Habana.png?fit=1218%2C933","type":"image\/png"}],"author":"Mitxel Olabu\u00e9naga","twitter_card":"summary_large_image","twitter_creator":"@WeVincentians","twitter_site":"@WeVincentians","twitter_misc":{"Escrito por":"Mitxel Olabu\u00e9naga","Tiempo de lectura":"5 minutos"},"schema":{"@context":"https:\/\/schema.org","@graph":[{"@type":"Article","@id":"http:\/\/vincentians.com\/es\/historia-de-los-paules-en-cuba-capitulo-vii-c\/#article","isPartOf":{"@id":"http:\/\/vincentians.com\/es\/historia-de-los-paules-en-cuba-capitulo-vii-c\/"},"author":{"name":"Mitxel Olabu\u00e9naga","@id":"http:\/\/vincentians.com\/es\/#\/schema\/person\/7c2670b4445a7ca9d164ea6acdb31859"},"headline":"Historia de los Pa\u00fales en Cuba: Cap\u00edtulo VII (C)","datePublished":"2022-04-29T06:30:55+00:00","mainEntityOfPage":{"@id":"http:\/\/vincentians.com\/es\/historia-de-los-paules-en-cuba-capitulo-vii-c\/"},"wordCount":1075,"commentCount":0,"publisher":{"@id":"http:\/\/vincentians.com\/es\/#organization"},"image":{"@id":"http:\/\/vincentians.com\/es\/historia-de-los-paules-en-cuba-capitulo-vii-c\/#primaryimage"},"thumbnailUrl":"https:\/\/i0.wp.com\/vincentians.com\/es\/wp-content\/uploads\/sites\/11\/2013\/05\/Cuba-Iglesia-de-La-Milagrosa-La-Habana.png?fit=1218%2C933","keywords":["Santo Domingo"],"articleSection":["Historia de la Congregaci\u00f3n de la Misi\u00f3n"],"inLanguage":"es","potentialAction":[{"@type":"CommentAction","name":"Comment","target":["http:\/\/vincentians.com\/es\/historia-de-los-paules-en-cuba-capitulo-vii-c\/#respond"]}]},{"@type":"WebPage","@id":"http:\/\/vincentians.com\/es\/historia-de-los-paules-en-cuba-capitulo-vii-c\/","url":"http:\/\/vincentians.com\/es\/historia-de-los-paules-en-cuba-capitulo-vii-c\/","name":"Historia de los Pa\u00fales en Cuba: Cap\u00edtulo VII (C) - Somos Vicencianos","isPartOf":{"@id":"http:\/\/vincentians.com\/es\/#website"},"primaryImageOfPage":{"@id":"http:\/\/vincentians.com\/es\/historia-de-los-paules-en-cuba-capitulo-vii-c\/#primaryimage"},"image":{"@id":"http:\/\/vincentians.com\/es\/historia-de-los-paules-en-cuba-capitulo-vii-c\/#primaryimage"},"thumbnailUrl":"https:\/\/i0.wp.com\/vincentians.com\/es\/wp-content\/uploads\/sites\/11\/2013\/05\/Cuba-Iglesia-de-La-Milagrosa-La-Habana.png?fit=1218%2C933","datePublished":"2022-04-29T06:30:55+00:00","breadcrumb":{"@id":"http:\/\/vincentians.com\/es\/historia-de-los-paules-en-cuba-capitulo-vii-c\/#breadcrumb"},"inLanguage":"es","potentialAction":[{"@type":"ReadAction","target":["http:\/\/vincentians.com\/es\/historia-de-los-paules-en-cuba-capitulo-vii-c\/"]}]},{"@type":"ImageObject","inLanguage":"es","@id":"http:\/\/vincentians.com\/es\/historia-de-los-paules-en-cuba-capitulo-vii-c\/#primaryimage","url":"https:\/\/i0.wp.com\/vincentians.com\/es\/wp-content\/uploads\/sites\/11\/2013\/05\/Cuba-Iglesia-de-La-Milagrosa-La-Habana.png?fit=1218%2C933","contentUrl":"https:\/\/i0.wp.com\/vincentians.com\/es\/wp-content\/uploads\/sites\/11\/2013\/05\/Cuba-Iglesia-de-La-Milagrosa-La-Habana.png?fit=1218%2C933","width":1218,"height":933},{"@type":"BreadcrumbList","@id":"http:\/\/vincentians.com\/es\/historia-de-los-paules-en-cuba-capitulo-vii-c\/#breadcrumb","itemListElement":[{"@type":"ListItem","position":1,"name":"Portada","item":"http:\/\/vincentians.com\/es\/"},{"@type":"ListItem","position":2,"name":"Historia de los Pa\u00fales en Cuba: Cap\u00edtulo VII (C)"}]},{"@type":"WebSite","@id":"http:\/\/vincentians.com\/es\/#website","url":"http:\/\/vincentians.com\/es\/","name":"Somos Vicencianos","description":"Know more to serve more","publisher":{"@id":"http:\/\/vincentians.com\/es\/#organization"},"potentialAction":[{"@type":"SearchAction","target":{"@type":"EntryPoint","urlTemplate":"http:\/\/vincentians.com\/es\/?s={search_term_string}"},"query-input":{"@type":"PropertyValueSpecification","valueRequired":true,"valueName":"search_term_string"}}],"inLanguage":"es"},{"@type":"Organization","@id":"http:\/\/vincentians.com\/es\/#organization","name":"The Vincentian Network","url":"http:\/\/vincentians.com\/es\/","logo":{"@type":"ImageObject","inLanguage":"es","@id":"http:\/\/vincentians.com\/es\/#\/schema\/logo\/image\/","url":"https:\/\/i1.wp.com\/vincentians.com\/es\/wp-content\/uploads\/sites\/11\/2016\/06\/Vincentian-Network-logo-big.png?fit=778%2C778","contentUrl":"https:\/\/i1.wp.com\/vincentians.com\/es\/wp-content\/uploads\/sites\/11\/2016\/06\/Vincentian-Network-logo-big.png?fit=778%2C778","width":778,"height":778,"caption":"The Vincentian Network"},"image":{"@id":"http:\/\/vincentians.com\/es\/#\/schema\/logo\/image\/"},"sameAs":["https:\/\/www.facebook.com\/WeAreVincentians\/","https:\/\/x.com\/WeVincentians"]},{"@type":"Person","@id":"http:\/\/vincentians.com\/es\/#\/schema\/person\/7c2670b4445a7ca9d164ea6acdb31859","name":"Mitxel Olabu\u00e9naga","image":{"@type":"ImageObject","inLanguage":"es","@id":"http:\/\/vincentians.com\/es\/#\/schema\/person\/image\/","url":"https:\/\/secure.gravatar.com\/avatar\/34137ec2e2b8939cbbed975731e71f3f4f1defc7266ded337a5ce0f925426877?s=96&d=mm&r=g","contentUrl":"https:\/\/secure.gravatar.com\/avatar\/34137ec2e2b8939cbbed975731e71f3f4f1defc7266ded337a5ce0f925426877?s=96&d=mm&r=g","caption":"Mitxel Olabu\u00e9naga"},"url":"http:\/\/vincentians.com\/es\/author\/mitxel\/"}]}},"jetpack_publicize_connections":[],"jetpack_featured_media_url":"https:\/\/i0.wp.com\/vincentians.com\/es\/wp-content\/uploads\/sites\/11\/2013\/05\/Cuba-Iglesia-de-La-Milagrosa-La-Habana.png?fit=1218%2C933","jetpack_sharing_enabled":true,"jetpack_shortlink":"https:\/\/wp.me\/p7ETMF-v2B","jetpack-related-posts":[{"id":119270,"url":"http:\/\/vincentians.com\/es\/historia-de-los-paules-en-cuba-capitulo-v-e\/","url_meta":{"origin":119325,"position":0},"title":"Historia de los Pa\u00fales en Cuba: Cap\u00edtulo V (E)","author":"Mitxel Olabu\u00e9naga","date":"23\/01\/2022","format":false,"excerpt":"5. Fundaci\u00f3n \"Can\u00f3nica\" de la nueva Provincia de las Antillas. Muchos y muy buenos trabajos hab\u00edan realizado los Misioneros Pa\u00fales en Cuba desde su llegada a estas tierras el 13 de Noviembre de 1862. Guiados y dependiendo siempre de los Superiores de la Provincia Can\u00f3nica de Madrid, a cuya jurisdicci\u00f3n\u2026","rel":"","context":"En \u00abHistoria de la Congregaci\u00f3n de la Misi\u00f3n\u00bb","block_context":{"text":"Historia de la Congregaci\u00f3n de la Misi\u00f3n","link":"http:\/\/vincentians.com\/es\/category\/historia-de-la-familia-vicenciana\/historia-de-la-congregacion-de-la-mision\/"},"img":{"alt_text":"","src":"https:\/\/i0.wp.com\/vincentians.com\/es\/wp-content\/uploads\/sites\/11\/2013\/04\/Entorno-de-San-Vicente-6-Berceau.jpg?fit=640%2C421&resize=350%2C200","width":350,"height":200,"srcset":"https:\/\/i0.wp.com\/vincentians.com\/es\/wp-content\/uploads\/sites\/11\/2013\/04\/Entorno-de-San-Vicente-6-Berceau.jpg?fit=640%2C421&resize=350%2C200 1x, https:\/\/i0.wp.com\/vincentians.com\/es\/wp-content\/uploads\/sites\/11\/2013\/04\/Entorno-de-San-Vicente-6-Berceau.jpg?fit=640%2C421&resize=525%2C300 1.5x"},"classes":[]},{"id":116951,"url":"http:\/\/vincentians.com\/es\/hermanos-misioneros-en-la-casa-central\/","url_meta":{"origin":119325,"position":1},"title":"Hermanos misioneros en la Casa Central (1967)","author":"Mitxel Olabu\u00e9naga","date":"23\/11\/2018","format":false,"excerpt":"Dec\u00eda San Vicente que los buenos Hermanos son el tesoro de la Compa\u00f1\u00eda. De este tesoro, la Provincia de Madrid siempre ha\u00adb\u00eda sido rica; pero parece que poco a poco vamos gastando \u2014\u00bfmalgastando?\u2014 ese rico tesoro, y sentimos que tiende a ago\u00adtarse. En los a\u00f1os 1964 y 65 no ha\u2026","rel":"","context":"En \u00abHistoria de la Congregaci\u00f3n de la Misi\u00f3n en Espa\u00f1a\u00bb","block_context":{"text":"Historia de la Congregaci\u00f3n de la Misi\u00f3n en Espa\u00f1a","link":"http:\/\/vincentians.com\/es\/category\/historia-de-la-familia-vicenciana\/historia-de-la-congregacion-de-la-mision-en-espana\/"},"img":{"alt_text":"","src":"https:\/\/i0.wp.com\/vincentians.com\/es\/wp-content\/uploads\/sites\/11\/2016\/09\/voluntad-del-padre.jpg?fit=1200%2C630&resize=350%2C200","width":350,"height":200,"srcset":"https:\/\/i0.wp.com\/vincentians.com\/es\/wp-content\/uploads\/sites\/11\/2016\/09\/voluntad-del-padre.jpg?fit=1200%2C630&resize=350%2C200 1x, https:\/\/i0.wp.com\/vincentians.com\/es\/wp-content\/uploads\/sites\/11\/2016\/09\/voluntad-del-padre.jpg?fit=1200%2C630&resize=525%2C300 1.5x, https:\/\/i0.wp.com\/vincentians.com\/es\/wp-content\/uploads\/sites\/11\/2016\/09\/voluntad-del-padre.jpg?fit=1200%2C630&resize=700%2C400 2x, https:\/\/i0.wp.com\/vincentians.com\/es\/wp-content\/uploads\/sites\/11\/2016\/09\/voluntad-del-padre.jpg?fit=1200%2C630&resize=1050%2C600 3x"},"classes":[]},{"id":119274,"url":"http:\/\/vincentians.com\/es\/historia-de-los-paules-en-cuba-capitulo-vi-a\/","url_meta":{"origin":119325,"position":2},"title":"Historia de los Pa\u00fales en Cuba: Cap\u00edtulo VI (A)","author":"Mitxel Olabu\u00e9naga","date":"15\/04\/2013","format":false,"excerpt":"1. Repercusiones de la Guerra de 1895 en las casas de Santiago de Cuba, Matanzas y La Habana. El 15 de febrero de 1898 ocurri\u00f3 un incidente anterior a la guerra hispano- estadounidense, en el cual, una explosi\u00f3n misteriosa hundi\u00f3 el acorazado estadounidense Maine que estaba anclando en la bah\u00eda\u2026","rel":"","context":"En \u00abHistoria de la Congregaci\u00f3n de la Misi\u00f3n\u00bb","block_context":{"text":"Historia de la Congregaci\u00f3n de la Misi\u00f3n","link":"http:\/\/vincentians.com\/es\/category\/historia-de-la-familia-vicenciana\/historia-de-la-congregacion-de-la-mision\/"},"img":{"alt_text":"41747943_95fc4657ec","src":"https:\/\/i0.wp.com\/vicencianos.org\/wp-content\/2013\/02\/41747943_95fc4657ec.jpg?resize=350%2C200","width":350,"height":200},"classes":[]},{"id":119323,"url":"http:\/\/vincentians.com\/es\/historia-de-los-paules-en-cuba-capitulo-vii-bb\/","url_meta":{"origin":119325,"position":3},"title":"Historia de los Pa\u00fales en Cuba: Cap\u00edtulo VII (BB)","author":"Mitxel Olabu\u00e9naga","date":"11\/04\/2022","format":false,"excerpt":"El Almanaque de la Caridad En la medida en que se fueron incorporando a la Iglesia de la Merced los Padres Juan \u00c1lvarez, Miguel Guti\u00e9rrez, Ram\u00f3n Gaude, Hilario Chaurrondo e Isidro Navas, el apostolado de los Pa\u00fales se fue enriqueciendo cada vez m\u00e1s. En 1919 el P. Chaurrondo comenz\u00f3 a\u2026","rel":"","context":"En \u00abHistoria de la Congregaci\u00f3n de la Misi\u00f3n\u00bb","block_context":{"text":"Historia de la Congregaci\u00f3n de la Misi\u00f3n","link":"http:\/\/vincentians.com\/es\/category\/historia-de-la-familia-vicenciana\/historia-de-la-congregacion-de-la-mision\/"},"img":{"alt_text":"","src":"https:\/\/i0.wp.com\/vincentians.com\/es\/wp-content\/uploads\/sites\/11\/2013\/04\/Fort-Dauphin-1.jpg?fit=1200%2C791&resize=350%2C200","width":350,"height":200,"srcset":"https:\/\/i0.wp.com\/vincentians.com\/es\/wp-content\/uploads\/sites\/11\/2013\/04\/Fort-Dauphin-1.jpg?fit=1200%2C791&resize=350%2C200 1x, https:\/\/i0.wp.com\/vincentians.com\/es\/wp-content\/uploads\/sites\/11\/2013\/04\/Fort-Dauphin-1.jpg?fit=1200%2C791&resize=525%2C300 1.5x, https:\/\/i0.wp.com\/vincentians.com\/es\/wp-content\/uploads\/sites\/11\/2013\/04\/Fort-Dauphin-1.jpg?fit=1200%2C791&resize=700%2C400 2x, https:\/\/i0.wp.com\/vincentians.com\/es\/wp-content\/uploads\/sites\/11\/2013\/04\/Fort-Dauphin-1.jpg?fit=1200%2C791&resize=1050%2C600 3x"},"classes":[]},{"id":123809,"url":"http:\/\/vincentians.com\/es\/historia-de-los-paules-en-cuba-capitulo-ix-c\/","url_meta":{"origin":119325,"position":4},"title":"Historia de los PA\u00daLES en Cuba: Cap\u00edtulo IX (C)","author":"Mitxel Olabu\u00e9naga","date":"03\/10\/2022","format":false,"excerpt":"3. 1955. La Escuela Apost\u00f3lica de Matanzas. Desde el momento en que la Comunidad de los Pa\u00fales se decidi\u00f3 ceder el colegio del Sagrado Coraz\u00f3n de Jes\u00fas a los Hermanos Maristas, los misioneros se dedicaron a atender el culto de la capilla, as\u00ed como otros servicios religiosos, incluyendo la ayuda\u2026","rel":"","context":"En \u00abHistoria de la Congregaci\u00f3n de la Misi\u00f3n\u00bb","block_context":{"text":"Historia de la Congregaci\u00f3n de la Misi\u00f3n","link":"http:\/\/vincentians.com\/es\/category\/historia-de-la-familia-vicenciana\/historia-de-la-congregacion-de-la-mision\/"},"img":{"alt_text":"","src":"https:\/\/i0.wp.com\/vincentians.com\/es\/wp-content\/uploads\/sites\/11\/2013\/04\/Entorno-de-San-Vicente-6-Berceau.jpg?fit=640%2C421&resize=350%2C200","width":350,"height":200,"srcset":"https:\/\/i0.wp.com\/vincentians.com\/es\/wp-content\/uploads\/sites\/11\/2013\/04\/Entorno-de-San-Vicente-6-Berceau.jpg?fit=640%2C421&resize=350%2C200 1x, https:\/\/i0.wp.com\/vincentians.com\/es\/wp-content\/uploads\/sites\/11\/2013\/04\/Entorno-de-San-Vicente-6-Berceau.jpg?fit=640%2C421&resize=525%2C300 1.5x"},"classes":[]},{"id":124444,"url":"http:\/\/vincentians.com\/es\/historia-de-los-paules-en-cuba-capitulo-xii-d\/","url_meta":{"origin":119325,"position":5},"title":"Historia de los PA\u00daLES en Cuba (CAP\u00cdTULO XII D)","author":"Mitxel Olabu\u00e9naga","date":"21\/05\/2023","format":false,"excerpt":"4. Las Parroquias bajo m\u00ednimos despu\u00e9s del \u00e9xodo. En el a\u00f1o 1966, por ejemplo, y seg\u00fan el Cat\u00e1logo de la Congregaci\u00f3n de la Misi\u00f3n, hab\u00eda solamente 10 Padres Pa\u00fales y un Hermano, que se encontraban repartidos en siete casas de la forma siguiente. Recordemos que en tiempos de bonanza hubo\u2026","rel":"","context":"En \u00abHistoria de la Congregaci\u00f3n de la Misi\u00f3n\u00bb","block_context":{"text":"Historia de la Congregaci\u00f3n de la Misi\u00f3n","link":"http:\/\/vincentians.com\/es\/category\/historia-de-la-familia-vicenciana\/historia-de-la-congregacion-de-la-mision\/"},"img":{"alt_text":"","src":"https:\/\/i0.wp.com\/vincentians.com\/es\/wp-content\/uploads\/sites\/11\/2013\/05\/Cuba-Iglesia-de-La-Milagrosa-La-Habana.png?fit=1200%2C919&resize=350%2C200","width":350,"height":200,"srcset":"https:\/\/i0.wp.com\/vincentians.com\/es\/wp-content\/uploads\/sites\/11\/2013\/05\/Cuba-Iglesia-de-La-Milagrosa-La-Habana.png?fit=1200%2C919&resize=350%2C200 1x, https:\/\/i0.wp.com\/vincentians.com\/es\/wp-content\/uploads\/sites\/11\/2013\/05\/Cuba-Iglesia-de-La-Milagrosa-La-Habana.png?fit=1200%2C919&resize=525%2C300 1.5x, https:\/\/i0.wp.com\/vincentians.com\/es\/wp-content\/uploads\/sites\/11\/2013\/05\/Cuba-Iglesia-de-La-Milagrosa-La-Habana.png?fit=1200%2C919&resize=700%2C400 2x, https:\/\/i0.wp.com\/vincentians.com\/es\/wp-content\/uploads\/sites\/11\/2013\/05\/Cuba-Iglesia-de-La-Milagrosa-La-Habana.png?fit=1200%2C919&resize=1050%2C600 3x"},"classes":[]}],"_links":{"self":[{"href":"http:\/\/vincentians.com\/es\/wp-json\/wp\/v2\/posts\/119325","targetHints":{"allow":["GET"]}}],"collection":[{"href":"http:\/\/vincentians.com\/es\/wp-json\/wp\/v2\/posts"}],"about":[{"href":"http:\/\/vincentians.com\/es\/wp-json\/wp\/v2\/types\/post"}],"author":[{"embeddable":true,"href":"http:\/\/vincentians.com\/es\/wp-json\/wp\/v2\/users\/5"}],"replies":[{"embeddable":true,"href":"http:\/\/vincentians.com\/es\/wp-json\/wp\/v2\/comments?post=119325"}],"version-history":[{"count":2,"href":"http:\/\/vincentians.com\/es\/wp-json\/wp\/v2\/posts\/119325\/revisions"}],"predecessor-version":[{"id":404165,"href":"http:\/\/vincentians.com\/es\/wp-json\/wp\/v2\/posts\/119325\/revisions\/404165"}],"wp:featuredmedia":[{"embeddable":true,"href":"http:\/\/vincentians.com\/es\/wp-json\/wp\/v2\/media\/404164"}],"wp:attachment":[{"href":"http:\/\/vincentians.com\/es\/wp-json\/wp\/v2\/media?parent=119325"}],"wp:term":[{"taxonomy":"category","embeddable":true,"href":"http:\/\/vincentians.com\/es\/wp-json\/wp\/v2\/categories?post=119325"},{"taxonomy":"post_tag","embeddable":true,"href":"http:\/\/vincentians.com\/es\/wp-json\/wp\/v2\/tags?post=119325"}],"curies":[{"name":"wp","href":"https:\/\/api.w.org\/{rel}","templated":true}]}}