{"id":119136,"date":"2022-01-05T08:43:12","date_gmt":"2022-01-05T07:43:12","guid":{"rendered":"http:\/\/somos.vicencianos.org\/?p=119136"},"modified":"2021-12-30T11:52:45","modified_gmt":"2021-12-30T10:52:45","slug":"el-templo-nacional-de-las-conferencias-de-san-vicente-de-paul","status":"publish","type":"post","link":"http:\/\/vincentians.com\/es\/el-templo-nacional-de-las-conferencias-de-san-vicente-de-paul\/","title":{"rendered":"El templo nacional de las Conferencias de san Vicente de Pa\u00fal"},"content":{"rendered":"<p>Conforme acabo de indicar en l\u00edneas anteriores, el 12 de enero se celebra con una solemne Misa Pontifical, oficiada por Mos, Garc\u00eda Lahiguera, la entrada en servicio de las obras de ampliaci\u00f3n del templo nacional de las Conferencias de San Vicente de Pa\u00fal. He aqu\u00ed la rese\u00f1a que de ese acto y de la historia del templo ha redactado para ANALES el P. Ber\u00adnardo D\u00edez-Obelar:<\/p>\n<h2>I.- Antecedentes<\/h2>\n<p>Desde el a\u00f1o 1957 en que el actual Presidente nacional de las Conferencias de San Vicente de Pa\u00fal en Espa\u00f1a, Excmo. Sr. D. Luis Mart\u00ednez Kleisser, consigui\u00f3 por mediaci\u00f3n de su ilustre amigo y compa\u00f1ero de Academia, el Patriarca-Obispo de Madrid-Alcal\u00e1, doc\u00adtor Eijo Garay, la autorizaci\u00f3n de la Santa Sede, que fue tramita\u00adda a trav\u00e9s de la Sagrada Congregaci\u00f3n de Religiosos, solicitada por el Superior Provincial de los PP. Pa\u00fales, a la saz\u00f3n el M. R. P. Vi\u00adcente Franco, para ser enterrado\u2014cuando Dios lo llame a su seno\u2014 en el Templo Nacional de la Sociedad de San Vicente de Pa\u00fal, que rigen los PP. Pa\u00fales desde su fundaci\u00f3n en el a\u00f1o 1941, se pens\u00f3 en la necesidad de hacer obras de ampliaci\u00f3n y adaptaci\u00f3n en este templo. A este fin se iniciaron los planes convenientes y se encar\u00adg\u00f3 por parte del Consejo Superior de las Conferencias la confec\u00adci\u00f3n de un anteproyecto de las citadas obras al arquitecto don Ri\u00adcardo G\u00f3mez-Abad, que fuE aprobado juntamente con el de la cons\u00adtrucci\u00f3n de una nueva Residencia para la Comunidad de PP. Pa\u00fales.<\/p>\n<h2>II.- Iniciaci\u00f3n de las obras<\/h2>\n<p>En el mes de septiembre de 1961 comenzaron las obras de de\u00admolici\u00f3n de la parte del edificio que fue Escuela de Orientaci\u00f3n Pro\u00adfesional y de la antigua sacrist\u00eda y presbiterio del Templo Nacio\u00adnal. El 14 de diciembre del mismo a\u00f1o se colocaba sencillamente la primera piedra de la que ser\u00eda nueva Residencia de la Comu\u00adnidad, sita en el solar ocupado anteriormente por la citada Escue\u00adla. Tras un proceso lento y largo, no exento de dificultades de di\u00adversa \u00edndole, y despu\u00e9s de encargarse de las obras un nuevo ar\u00adquitecto, don Vicente S\u00e1nchez, que sustituy\u00f3 al se\u00f1or G\u00f3mez-Abad, se daban por terminadas las obras de casa e iglesia en octubre del pasado a\u00f1o de 1963. Se reanud\u00f3 el culto, interrumpido el 1 de abril de ese mismo a\u00f1o, el 10 de noviembre, y en el mes siguiente se comenz\u00f3 a ocupar la nueva casa. Quedan a\u00fan numerosos detalles de ornamentaci\u00f3n, tanto en la iglesia como en la casa, que se ir\u00e1n completando con el tiempo, la paciencia y buena voluntad.<\/p>\n<h2>III.- Nuevas obras y su inauguraci\u00f3n<\/h2>\n<p>El antiguo Templo de las Conferencias de San Vicente, levan\u00adtado a ra\u00edz de la guerra de Liberaci\u00f3n espa\u00f1ola como homenaje a la memoria de los, 750 m\u00e1rtires de nuestra Cruzada pertenecien\u00adtes a las Conferencias y cuyos nombres figuran en severas l\u00e1pidas de m\u00e1rmol negro adosadas a los muros interiores del templo, ha sufrido una notable cuanto art\u00edstica y bella transformaci\u00f3n. La am\u00adpliaci\u00f3n es considerable, form\u00e1ndose un crucero de 26 metros de largo, que lleva en la parte alta de cada brazo una espaciosa tri\u00adbuna. En estas tribunas se instalar\u00e1 el magn\u00edfico \u00f3rgano partido, de once juegos y medio, que ya est\u00e1 construyendo Organer\u00eda Es\u00adpa\u00f1ola y que terminado en breve plazo esperamos pueda ser inau\u00adgurado en fecha pr\u00f3xima.<\/p>\n<p>Destacan de modo especial en las obras recientemente inaugu\u00adradas los siete lienzos de mosaico art\u00edstico, tipo bizantino, apren\u00addido en la mejor escuela mundial de mosaico de R\u00e1vena, a la vista de las grandes obras musivas, por el P. Manuel R. Bariain, plantea\u00addor y autor inspirado de esta reforma.<\/p>\n<p>El cuerpo central es un tr\u00edptico gigantesco, de casi cien metros cuadrados, elaborado en teselas de esmalte especial italiano bajo fondo de oro natural, esmaltado en teselas de cent\u00edmetro cuadra\u00addo, representando a Cristo Rey, Sumo Sacerdote, s\u00edmbolo de la ca\u00adridad. A derecha e izquierda, respectivamente, la Sant\u00edsima Virgen, en actitud de distribuidora de gracias, y San Vicente de Pa\u00fal, su\u00adplicando por los hombres.<\/p>\n<p>Otros cuatro grandes lienzos de pared decoran el templo, representando dos de ellos la s\u00edntesis de la caridad en la Sagrada Cena \u2014sin duda el m\u00e1s logrado\u2014y el Santo Entierro de Cristo (expresi\u00adva alegor\u00eda frente a la capillita-mausoleo para el se\u00f1or Mart\u00ednez Kleisser), y en los otros dos, la obra espiritual de San Vicente pre\u00addicando a pobres y ricos y la obra de los caballeros, aleg\u00f3rica, que dan el pan a los pobres a trav\u00e9s del Santo de la caridad y Patro\u00adno de ellos, San Vicente de Pa\u00fal.<\/p>\n<p>Los altares son dos, ambos de una gran pieza de m\u00e1rmol jaspea\u00addo, color ocre oscuro. Est\u00e1n acomodados a las nuevas disposiciones lit\u00fargicas. El altar mayor mide tres metros de largo por 80 cent\u00edme\u00adtros de ancho. En \u00e9l va colocado el precioso sagrario esmaltado y adornado en sus costados con mosaicos, que fue regalo del inolvi\u00addable bienhechor de este templo y Comunidad, don Amadeo<i> <\/i>Sa\u00adunar (q. e. p. d.), y se\u00f1ora. Ir\u00e1 encima del sagrario un ostensorio batible de estilo moderno. El altar colateral en el brazo del cruce\u00adro, correspondiente al lado de la ep\u00edstola, mide 2,50 metros de lar\u00adgo por 80 cent\u00edmetros de ancho. Va cerrado por una verja singular de lunas encerradas en marcos de madera. Asimismo el presbiterio, amplio, con pavimento de m\u00e1rmol blanco, lleva esta curiosa verja de lunas que rodean tambi\u00e9n los ambones.<\/p>\n<p>La obra paciente, meticulosa, \u00edmproba de los mosaicos, que constituye el mejor adorno y la m\u00e1xima novedad de este templo, pertenece \u00edntegra a nuestro P. Manuel R. Bariain, de esta Comunidad. Todos, peritos y profanos, admiran el trabajo y arte indiscutible que supone una labor de esta naturaleza. Podr\u00e1 gustar m\u00e1s o me\u00adnos\u2014que de gustos nada est\u00e1 escrito\u2014, pero la obra imponente, llena de amor y desvelos de nuestro caro Cohermano, ah\u00ed est\u00e1, como un rendido homenaje a la Sociedad de San Vicente de Pa\u00fal y su ma\u00adravillosa obra con los pobres.<\/p>\n<h2>\u00a0IV.\u2014 La nueva residencia<\/h2>\n<p>Est\u00e1 edificada tambi\u00e9n en el antiguo solar de la Escuela de Orien\u00adtaci\u00f3n Profesional. Consta de tres plantas, un bajo y s\u00f3tano, en el que est\u00e1n las calderas de la calefacci\u00f3n de la casa e iglesia, de aire caliente, que un gran ventilador env\u00eda a casa e iglesia. Un siste\u00adma magn\u00edfico para un gran edificio de mayores proporciones, pero muy costoso y poco pr\u00e1ctico para las actuales necesidades.<\/p>\n<p><a href=\"http:\/\/vicencianos.org\/?attachment_id=119137\" rel=\"attachment wp-att-119137\"><img data-recalc-dims=\"1\" loading=\"lazy\" decoding=\"async\" class=\"alignleft size-full wp-image-119137\" src=\"https:\/\/i0.wp.com\/vicencianos.org\/wp-content\/2013\/03\/image.jpg?resize=241%2C167\" alt=\"image\" width=\"241\" height=\"167\" \/><\/a>La planta baja la ocupa por entero la sacrist\u00eda con sus diver\u00adsas dependencias. En las tres plantas restantes se hallan las ha\u00adbitaciones y dem\u00e1s dependencias de la Comunidad. Las habitaciones son tres en la primera planta y otras tres en la segunda, con su correspondiente cuarto de ba\u00f1o y servicios. En la planta ter\u00adcera, la superior, est\u00e1n instaladas la habitaci\u00f3n para el Hermano, cocina, despensa, comedor y sala de recreo, la m\u00e1s espaciosa de la <sup>&#8211;<\/sup>casa que sirve tambi\u00e9n de biblioteca. En un martillo que corre por encima de la iglesia hay otras dos espaciosas salas\u2014hoy sin destino fijo\u2014, pero en una de las cuales se piensa instalar un oratorio privado para la Comunidad.<\/p>\n<p>Dentro del car\u00e1cter moderno que se ha querido dar a las depen\u00addencias, todo resulta sobrio y sencillo; en el decorado reina un gus\u00adto especial, de que ha hecho gala el P. Bariain y que resulta muy agradable a la vista y muy pr\u00e1ctico.<\/p>\n<h2>\u00a0V.\u2014 La inauguraci\u00f3n<\/h2>\n<p>Nada espectacular ni aparatoso, como cumple a la sencillez vi\u00adcenciana, en esta suspirada inauguraci\u00f3n. Todo se realiz\u00f3 con la m\u00e1s natural simplicidad. Sobre todo la bendici\u00f3n de la iglesia y consagraci\u00f3n de los altares, realizada el 17 de diciembre \u00faltimo, por Mons. Garc\u00eda Lahiguera, Obispo-Vicario de Madrid-Alcal\u00e1, sede vacante, y presidente de honor de las Conferencias de San Vicente, que casi nos sorprendi\u00f3 desprevenidos, pues no est\u00e1bamos seguros de la fecha en que se iba a verificar. As\u00ed que con sola la asistencia de la peque\u00f1a Comunidad y el maestro de ceremonias de la cate\u00addral se cumplieron los ritos con la nueva forma abreviada para esta ceremonia, antes tan larga y complicada.<\/p>\n<p>Se se\u00f1al\u00f3 para la inauguraci\u00f3n oficial la fecha del 12 de enero del presente a\u00f1o de 1964, fiesta de la Sagrada Familia. En dicho d\u00eda se celebr\u00f3 una solemne misa de pontifical por el excelent\u00edsimo se\u00f1or Lahiguera, asistido por el Ilmo. Sr. D. Mois\u00e9s Garc\u00eda Torres, provisor del Obispado, como presb\u00edtero asistente, y di\u00e1conos de ho\u00adnor el M. I. Sr. D. Severino Domingo Palacios, chantre de Barbas\u00adtro, y Rvdo. Sr. D. Ricardo Urbano Melchor, beneficiado de la San\u00adta Iglesia Catedral Bas\u00edlica de Madrid. De di\u00e1conos de oficio hicie\u00adron los Rvdos Sres. beneficados D. Saulo Jim\u00e9nez Pardo y D. Angel Garc\u00eda Mart\u00ednez. Actu\u00f3 como maestro de ceremonias el muy ilus\u00adtre se\u00f1or don Abilio R. Valdivielso, de la catedral de Madrid.<\/p>\n<p>La parte musical estuvo a cargo de nuestros Hermanos Estudian\u00adtes de Hortaleza, que con su habitual maestr\u00eda, dirigidos por el Pa\u00addre Boyero, cantaron la misa. Al final se cant\u00f3 el ted\u00e9um.<\/p>\n<p>El Consejo Superior de las Conferencias, presidido por su digno Presidente, Excmo. Sr. Mart\u00ednez Kleisser, asisti\u00f3 en pleno, coloc\u00e1n\u00addose en el crucero en el brazo del lado del evangelio, acompa\u00f1ados del M. R. P. Superior Provincial de los PP. Pa\u00fales, el P. Felipe Gar\u00adc\u00eda, Superior hasta hace poco de la Comunidad de San Pedro; el P. Vicente Franco, bajo cuyo provincialato se iniciaron y desarro\u00adllaron en su mayor parte las obras, y el P. Luis Garc\u00eda. Algunos vi\u00adcentinos de provincias asistieron tambi\u00e9n a este acto, as\u00ed como nu\u00admerosos fieles.<\/p>\n<p>Finalizada la ceremonia, el se\u00f1or Obispo, con el clero acompa\u00ad\u00f1ante, Superior Provincial de los PP. Pa\u00fales, PP. Felipe Garc\u00eda y Vicente Franco, Comunidad de PP. Pa\u00fales de San Pedro, p\u00e1rroco del Salvador y San Nicol\u00e1s, D. Teodosio Mart\u00ednez, Consejo Superior de las Conferencias, fueron obsequiados por \u00e9ste con un vino espa\u00ad\u00f1ol en la sala principal de las Conferencias. Todo tambi\u00e9n muy sen\u00adcillo&#8230; Con vicenciana sencillez.<\/p>\n","protected":false},"excerpt":{"rendered":"<p>Conforme acabo de indicar en l\u00edneas anteriores, el 12 de enero se celebra con una solemne Misa Pontifical, oficiada por Mos, Garc\u00eda Lahiguera, la entrada en servicio de las obras de ampliaci\u00f3n del templo nacional &#8230; <a href=\"http:\/\/vincentians.com\/es\/el-templo-nacional-de-las-conferencias-de-san-vicente-de-paul\/\" class=\"more-link\">Read More<\/a><\/p>\n","protected":false},"author":4,"featured_media":393753,"comment_status":"open","ping_status":"open","sticky":false,"template":"","format":"standard","meta":{"jetpack_post_was_ever_published":false,"_jetpack_newsletter_access":"","_jetpack_dont_email_post_to_subs":false,"_jetpack_newsletter_tier_id":0,"_jetpack_memberships_contains_paywalled_content":false,"_jetpack_memberships_contains_paid_content":false,"footnotes":"","jetpack_publicize_message":"","jetpack_publicize_feature_enabled":true,"jetpack_social_post_already_shared":true,"jetpack_social_options":{"image_generator_settings":{"template":"highway","default_image_id":0,"font":"","enabled":false},"version":2}},"categories":[366],"tags":[],"class_list":["post-119136","post","type-post","status-publish","format-standard","has-post-thumbnail","hentry","category-historia-de-la-sociedad-de-san-vicente-de-paul"],"yoast_head":"<!-- This site is optimized with the Yoast SEO plugin v26.3 - https:\/\/yoast.com\/wordpress\/plugins\/seo\/ -->\n<title>El templo nacional de las Conferencias de san Vicente de Pa\u00fal - Somos Vicencianos<\/title>\n<meta name=\"robots\" content=\"index, follow, max-snippet:-1, max-image-preview:large, max-video-preview:-1\" \/>\n<link rel=\"canonical\" href=\"https:\/\/vincentians.com\/es\/el-templo-nacional-de-las-conferencias-de-san-vicente-de-paul\/\" \/>\n<meta property=\"og:locale\" content=\"es_ES\" \/>\n<meta property=\"og:type\" content=\"article\" \/>\n<meta property=\"og:title\" content=\"El templo nacional de las Conferencias de san Vicente de Pa\u00fal - Somos Vicencianos\" \/>\n<meta property=\"og:description\" content=\"Conforme acabo de indicar en l\u00edneas anteriores, el 12 de enero se celebra con una solemne Misa Pontifical, oficiada por Mos, Garc\u00eda Lahiguera, la entrada en servicio de las obras de ampliaci\u00f3n del templo nacional ... Read More\" \/>\n<meta property=\"og:url\" content=\"https:\/\/vincentians.com\/es\/el-templo-nacional-de-las-conferencias-de-san-vicente-de-paul\/\" \/>\n<meta property=\"og:site_name\" content=\"Somos Vicencianos\" \/>\n<meta property=\"article:publisher\" content=\"https:\/\/www.facebook.com\/WeAreVincentians\/\" \/>\n<meta property=\"article:author\" content=\"https:\/\/www.facebook.com\/JavierChento\" \/>\n<meta property=\"article:published_time\" content=\"2022-01-05T07:43:12+00:00\" \/>\n<meta property=\"og:image\" content=\"https:\/\/i0.wp.com\/vincentians.com\/es\/wp-content\/uploads\/sites\/11\/2016\/07\/escritos-vicente-de-paul.jpg?fit=1200%2C630&ssl=1\" \/>\n\t<meta property=\"og:image:width\" content=\"1200\" \/>\n\t<meta property=\"og:image:height\" content=\"630\" \/>\n\t<meta property=\"og:image:type\" content=\"image\/jpeg\" \/>\n<meta name=\"author\" content=\"Francisco Javier Fern\u00e1ndez Chento\" \/>\n<meta name=\"twitter:card\" content=\"summary_large_image\" \/>\n<meta name=\"twitter:creator\" content=\"@https:\/\/twitter.com\/javierchento\" \/>\n<meta name=\"twitter:site\" content=\"@WeVincentians\" \/>\n<meta name=\"twitter:label1\" content=\"Escrito por\" \/>\n\t<meta name=\"twitter:data1\" content=\"Francisco Javier Fern\u00e1ndez Chento\" \/>\n\t<meta name=\"twitter:label2\" content=\"Tiempo de lectura\" \/>\n\t<meta name=\"twitter:data2\" content=\"9 minutos\" \/>\n<script type=\"application\/ld+json\" class=\"yoast-schema-graph\">{\"@context\":\"https:\/\/schema.org\",\"@graph\":[{\"@type\":\"Article\",\"@id\":\"https:\/\/vincentians.com\/es\/el-templo-nacional-de-las-conferencias-de-san-vicente-de-paul\/#article\",\"isPartOf\":{\"@id\":\"https:\/\/vincentians.com\/es\/el-templo-nacional-de-las-conferencias-de-san-vicente-de-paul\/\"},\"author\":{\"name\":\"Francisco Javier Fern\u00e1ndez Chento\",\"@id\":\"http:\/\/vincentians.com\/es\/#\/schema\/person\/9623ef4d9aa3b2dfb8c061f1499288f2\"},\"headline\":\"El templo nacional de las Conferencias de san Vicente de Pa\u00fal\",\"datePublished\":\"2022-01-05T07:43:12+00:00\",\"mainEntityOfPage\":{\"@id\":\"https:\/\/vincentians.com\/es\/el-templo-nacional-de-las-conferencias-de-san-vicente-de-paul\/\"},\"wordCount\":1824,\"commentCount\":0,\"publisher\":{\"@id\":\"http:\/\/vincentians.com\/es\/#organization\"},\"image\":{\"@id\":\"https:\/\/vincentians.com\/es\/el-templo-nacional-de-las-conferencias-de-san-vicente-de-paul\/#primaryimage\"},\"thumbnailUrl\":\"https:\/\/i0.wp.com\/vincentians.com\/es\/wp-content\/uploads\/sites\/11\/2016\/07\/escritos-vicente-de-paul.jpg?fit=1200%2C630\",\"articleSection\":[\"Historia de la Sociedad de san Vicente de Pa\u00fal\"],\"inLanguage\":\"es\",\"potentialAction\":[{\"@type\":\"CommentAction\",\"name\":\"Comment\",\"target\":[\"https:\/\/vincentians.com\/es\/el-templo-nacional-de-las-conferencias-de-san-vicente-de-paul\/#respond\"]}]},{\"@type\":\"WebPage\",\"@id\":\"https:\/\/vincentians.com\/es\/el-templo-nacional-de-las-conferencias-de-san-vicente-de-paul\/\",\"url\":\"https:\/\/vincentians.com\/es\/el-templo-nacional-de-las-conferencias-de-san-vicente-de-paul\/\",\"name\":\"El templo nacional de las Conferencias de san Vicente de Pa\u00fal - Somos Vicencianos\",\"isPartOf\":{\"@id\":\"http:\/\/vincentians.com\/es\/#website\"},\"primaryImageOfPage\":{\"@id\":\"https:\/\/vincentians.com\/es\/el-templo-nacional-de-las-conferencias-de-san-vicente-de-paul\/#primaryimage\"},\"image\":{\"@id\":\"https:\/\/vincentians.com\/es\/el-templo-nacional-de-las-conferencias-de-san-vicente-de-paul\/#primaryimage\"},\"thumbnailUrl\":\"https:\/\/i0.wp.com\/vincentians.com\/es\/wp-content\/uploads\/sites\/11\/2016\/07\/escritos-vicente-de-paul.jpg?fit=1200%2C630\",\"datePublished\":\"2022-01-05T07:43:12+00:00\",\"breadcrumb\":{\"@id\":\"https:\/\/vincentians.com\/es\/el-templo-nacional-de-las-conferencias-de-san-vicente-de-paul\/#breadcrumb\"},\"inLanguage\":\"es\",\"potentialAction\":[{\"@type\":\"ReadAction\",\"target\":[\"https:\/\/vincentians.com\/es\/el-templo-nacional-de-las-conferencias-de-san-vicente-de-paul\/\"]}]},{\"@type\":\"ImageObject\",\"inLanguage\":\"es\",\"@id\":\"https:\/\/vincentians.com\/es\/el-templo-nacional-de-las-conferencias-de-san-vicente-de-paul\/#primaryimage\",\"url\":\"https:\/\/i0.wp.com\/vincentians.com\/es\/wp-content\/uploads\/sites\/11\/2016\/07\/escritos-vicente-de-paul.jpg?fit=1200%2C630\",\"contentUrl\":\"https:\/\/i0.wp.com\/vincentians.com\/es\/wp-content\/uploads\/sites\/11\/2016\/07\/escritos-vicente-de-paul.jpg?fit=1200%2C630\",\"width\":1200,\"height\":630},{\"@type\":\"BreadcrumbList\",\"@id\":\"https:\/\/vincentians.com\/es\/el-templo-nacional-de-las-conferencias-de-san-vicente-de-paul\/#breadcrumb\",\"itemListElement\":[{\"@type\":\"ListItem\",\"position\":1,\"name\":\"Portada\",\"item\":\"http:\/\/vincentians.com\/es\/\"},{\"@type\":\"ListItem\",\"position\":2,\"name\":\"El templo nacional de las Conferencias de san Vicente de Pa\u00fal\"}]},{\"@type\":\"WebSite\",\"@id\":\"http:\/\/vincentians.com\/es\/#website\",\"url\":\"http:\/\/vincentians.com\/es\/\",\"name\":\"Somos Vicencianos\",\"description\":\"Know more to serve more\",\"publisher\":{\"@id\":\"http:\/\/vincentians.com\/es\/#organization\"},\"potentialAction\":[{\"@type\":\"SearchAction\",\"target\":{\"@type\":\"EntryPoint\",\"urlTemplate\":\"http:\/\/vincentians.com\/es\/?s={search_term_string}\"},\"query-input\":{\"@type\":\"PropertyValueSpecification\",\"valueRequired\":true,\"valueName\":\"search_term_string\"}}],\"inLanguage\":\"es\"},{\"@type\":\"Organization\",\"@id\":\"http:\/\/vincentians.com\/es\/#organization\",\"name\":\"The Vincentian Network\",\"url\":\"http:\/\/vincentians.com\/es\/\",\"logo\":{\"@type\":\"ImageObject\",\"inLanguage\":\"es\",\"@id\":\"http:\/\/vincentians.com\/es\/#\/schema\/logo\/image\/\",\"url\":\"https:\/\/i1.wp.com\/vincentians.com\/es\/wp-content\/uploads\/sites\/11\/2016\/06\/Vincentian-Network-logo-big.png?fit=778%2C778\",\"contentUrl\":\"https:\/\/i1.wp.com\/vincentians.com\/es\/wp-content\/uploads\/sites\/11\/2016\/06\/Vincentian-Network-logo-big.png?fit=778%2C778\",\"width\":778,\"height\":778,\"caption\":\"The Vincentian Network\"},\"image\":{\"@id\":\"http:\/\/vincentians.com\/es\/#\/schema\/logo\/image\/\"},\"sameAs\":[\"https:\/\/www.facebook.com\/WeAreVincentians\/\",\"https:\/\/x.com\/WeVincentians\"]},{\"@type\":\"Person\",\"@id\":\"http:\/\/vincentians.com\/es\/#\/schema\/person\/9623ef4d9aa3b2dfb8c061f1499288f2\",\"name\":\"Francisco Javier Fern\u00e1ndez Chento\",\"image\":{\"@type\":\"ImageObject\",\"inLanguage\":\"es\",\"@id\":\"http:\/\/vincentians.com\/es\/#\/schema\/person\/image\/\",\"url\":\"https:\/\/secure.gravatar.com\/avatar\/497d5cde87b4c3d097d0315953521681ba2cd523ee66e5077c3711f7021e65de?s=96&d=mm&r=g\",\"contentUrl\":\"https:\/\/secure.gravatar.com\/avatar\/497d5cde87b4c3d097d0315953521681ba2cd523ee66e5077c3711f7021e65de?s=96&d=mm&r=g\",\"caption\":\"Francisco Javier Fern\u00e1ndez Chento\"},\"description\":\"Director General y cofundador de La Red de Formaci\u00f3n Vicenciana. Javier es laico vicenciano, afiliado a la Congregaci\u00f3n de la Misi\u00f3n y miembro del Equipo de Misiones Populares de la provincia can\u00f3nica de Zaragoza (Espa\u00f1a) de la Congregaci\u00f3n de la Misi\u00f3n. Graduado en la Universidad Oberta de Catalunya con cuatro grados (Asistente de direcci\u00f3n, Gesti\u00f3n Administrativa, Recursos Humanos y Contabilidad Avanzada). Bil\u00edng\u00fce Espa\u00f1ol\/Ingl\u00e9s. gestiona y mantiene varias p\u00e1ginas web cristianas y vicencianas, incluida including La Red de Formaci\u00f3n Vicenciana, de la que es cofundador. Actualmente es responsable del \u00e1rea de Espa\u00f1ol de .famvin, la Red de Noticias de la Familia Vicenciana. Tambi\u00e9n es m\u00fasico cat\u00f3lico y ha editado varios discos. Es Director General y cofundador de Trovador, una reconocida compa\u00f1\u00eda discogr\u00e1fica critiana de Espa\u00f1a. Trabaja en las Tecnolog\u00edas de la Informaci\u00f3n, ofreciendo servicios de alojamiento, dise\u00f1o y mantenimiento Web, as\u00ed como asesoramiento, formaci\u00f3n y soluciones inform\u00e1ticas, gesti\u00f3n documental y digitalizaci\u00f3n de textos, edici\u00f3n y maquetaci\u00f3n de libros, revistas, flyers, etc.\",\"sameAs\":[\"http:\/\/chento.org\",\"https:\/\/www.facebook.com\/JavierChento\",\"https:\/\/x.com\/https:\/\/twitter.com\/javierchento\"],\"url\":\"http:\/\/vincentians.com\/es\/author\/chento\/\"}]}<\/script>\n<!-- \/ Yoast SEO plugin. -->","yoast_head_json":{"title":"El templo nacional de las Conferencias de san Vicente de Pa\u00fal - Somos Vicencianos","robots":{"index":"index","follow":"follow","max-snippet":"max-snippet:-1","max-image-preview":"max-image-preview:large","max-video-preview":"max-video-preview:-1"},"canonical":"https:\/\/vincentians.com\/es\/el-templo-nacional-de-las-conferencias-de-san-vicente-de-paul\/","og_locale":"es_ES","og_type":"article","og_title":"El templo nacional de las Conferencias de san Vicente de Pa\u00fal - Somos Vicencianos","og_description":"Conforme acabo de indicar en l\u00edneas anteriores, el 12 de enero se celebra con una solemne Misa Pontifical, oficiada por Mos, Garc\u00eda Lahiguera, la entrada en servicio de las obras de ampliaci\u00f3n del templo nacional ... Read More","og_url":"https:\/\/vincentians.com\/es\/el-templo-nacional-de-las-conferencias-de-san-vicente-de-paul\/","og_site_name":"Somos Vicencianos","article_publisher":"https:\/\/www.facebook.com\/WeAreVincentians\/","article_author":"https:\/\/www.facebook.com\/JavierChento","article_published_time":"2022-01-05T07:43:12+00:00","og_image":[{"width":1200,"height":630,"url":"https:\/\/i0.wp.com\/vincentians.com\/es\/wp-content\/uploads\/sites\/11\/2016\/07\/escritos-vicente-de-paul.jpg?fit=1200%2C630&ssl=1","type":"image\/jpeg"}],"author":"Francisco Javier Fern\u00e1ndez Chento","twitter_card":"summary_large_image","twitter_creator":"@https:\/\/twitter.com\/javierchento","twitter_site":"@WeVincentians","twitter_misc":{"Escrito por":"Francisco Javier Fern\u00e1ndez Chento","Tiempo de lectura":"9 minutos"},"schema":{"@context":"https:\/\/schema.org","@graph":[{"@type":"Article","@id":"https:\/\/vincentians.com\/es\/el-templo-nacional-de-las-conferencias-de-san-vicente-de-paul\/#article","isPartOf":{"@id":"https:\/\/vincentians.com\/es\/el-templo-nacional-de-las-conferencias-de-san-vicente-de-paul\/"},"author":{"name":"Francisco Javier Fern\u00e1ndez Chento","@id":"http:\/\/vincentians.com\/es\/#\/schema\/person\/9623ef4d9aa3b2dfb8c061f1499288f2"},"headline":"El templo nacional de las Conferencias de san Vicente de Pa\u00fal","datePublished":"2022-01-05T07:43:12+00:00","mainEntityOfPage":{"@id":"https:\/\/vincentians.com\/es\/el-templo-nacional-de-las-conferencias-de-san-vicente-de-paul\/"},"wordCount":1824,"commentCount":0,"publisher":{"@id":"http:\/\/vincentians.com\/es\/#organization"},"image":{"@id":"https:\/\/vincentians.com\/es\/el-templo-nacional-de-las-conferencias-de-san-vicente-de-paul\/#primaryimage"},"thumbnailUrl":"https:\/\/i0.wp.com\/vincentians.com\/es\/wp-content\/uploads\/sites\/11\/2016\/07\/escritos-vicente-de-paul.jpg?fit=1200%2C630","articleSection":["Historia de la Sociedad de san Vicente de Pa\u00fal"],"inLanguage":"es","potentialAction":[{"@type":"CommentAction","name":"Comment","target":["https:\/\/vincentians.com\/es\/el-templo-nacional-de-las-conferencias-de-san-vicente-de-paul\/#respond"]}]},{"@type":"WebPage","@id":"https:\/\/vincentians.com\/es\/el-templo-nacional-de-las-conferencias-de-san-vicente-de-paul\/","url":"https:\/\/vincentians.com\/es\/el-templo-nacional-de-las-conferencias-de-san-vicente-de-paul\/","name":"El templo nacional de las Conferencias de san Vicente de Pa\u00fal - Somos Vicencianos","isPartOf":{"@id":"http:\/\/vincentians.com\/es\/#website"},"primaryImageOfPage":{"@id":"https:\/\/vincentians.com\/es\/el-templo-nacional-de-las-conferencias-de-san-vicente-de-paul\/#primaryimage"},"image":{"@id":"https:\/\/vincentians.com\/es\/el-templo-nacional-de-las-conferencias-de-san-vicente-de-paul\/#primaryimage"},"thumbnailUrl":"https:\/\/i0.wp.com\/vincentians.com\/es\/wp-content\/uploads\/sites\/11\/2016\/07\/escritos-vicente-de-paul.jpg?fit=1200%2C630","datePublished":"2022-01-05T07:43:12+00:00","breadcrumb":{"@id":"https:\/\/vincentians.com\/es\/el-templo-nacional-de-las-conferencias-de-san-vicente-de-paul\/#breadcrumb"},"inLanguage":"es","potentialAction":[{"@type":"ReadAction","target":["https:\/\/vincentians.com\/es\/el-templo-nacional-de-las-conferencias-de-san-vicente-de-paul\/"]}]},{"@type":"ImageObject","inLanguage":"es","@id":"https:\/\/vincentians.com\/es\/el-templo-nacional-de-las-conferencias-de-san-vicente-de-paul\/#primaryimage","url":"https:\/\/i0.wp.com\/vincentians.com\/es\/wp-content\/uploads\/sites\/11\/2016\/07\/escritos-vicente-de-paul.jpg?fit=1200%2C630","contentUrl":"https:\/\/i0.wp.com\/vincentians.com\/es\/wp-content\/uploads\/sites\/11\/2016\/07\/escritos-vicente-de-paul.jpg?fit=1200%2C630","width":1200,"height":630},{"@type":"BreadcrumbList","@id":"https:\/\/vincentians.com\/es\/el-templo-nacional-de-las-conferencias-de-san-vicente-de-paul\/#breadcrumb","itemListElement":[{"@type":"ListItem","position":1,"name":"Portada","item":"http:\/\/vincentians.com\/es\/"},{"@type":"ListItem","position":2,"name":"El templo nacional de las Conferencias de san Vicente de Pa\u00fal"}]},{"@type":"WebSite","@id":"http:\/\/vincentians.com\/es\/#website","url":"http:\/\/vincentians.com\/es\/","name":"Somos Vicencianos","description":"Know more to serve more","publisher":{"@id":"http:\/\/vincentians.com\/es\/#organization"},"potentialAction":[{"@type":"SearchAction","target":{"@type":"EntryPoint","urlTemplate":"http:\/\/vincentians.com\/es\/?s={search_term_string}"},"query-input":{"@type":"PropertyValueSpecification","valueRequired":true,"valueName":"search_term_string"}}],"inLanguage":"es"},{"@type":"Organization","@id":"http:\/\/vincentians.com\/es\/#organization","name":"The Vincentian Network","url":"http:\/\/vincentians.com\/es\/","logo":{"@type":"ImageObject","inLanguage":"es","@id":"http:\/\/vincentians.com\/es\/#\/schema\/logo\/image\/","url":"https:\/\/i1.wp.com\/vincentians.com\/es\/wp-content\/uploads\/sites\/11\/2016\/06\/Vincentian-Network-logo-big.png?fit=778%2C778","contentUrl":"https:\/\/i1.wp.com\/vincentians.com\/es\/wp-content\/uploads\/sites\/11\/2016\/06\/Vincentian-Network-logo-big.png?fit=778%2C778","width":778,"height":778,"caption":"The Vincentian Network"},"image":{"@id":"http:\/\/vincentians.com\/es\/#\/schema\/logo\/image\/"},"sameAs":["https:\/\/www.facebook.com\/WeAreVincentians\/","https:\/\/x.com\/WeVincentians"]},{"@type":"Person","@id":"http:\/\/vincentians.com\/es\/#\/schema\/person\/9623ef4d9aa3b2dfb8c061f1499288f2","name":"Francisco Javier Fern\u00e1ndez Chento","image":{"@type":"ImageObject","inLanguage":"es","@id":"http:\/\/vincentians.com\/es\/#\/schema\/person\/image\/","url":"https:\/\/secure.gravatar.com\/avatar\/497d5cde87b4c3d097d0315953521681ba2cd523ee66e5077c3711f7021e65de?s=96&d=mm&r=g","contentUrl":"https:\/\/secure.gravatar.com\/avatar\/497d5cde87b4c3d097d0315953521681ba2cd523ee66e5077c3711f7021e65de?s=96&d=mm&r=g","caption":"Francisco Javier Fern\u00e1ndez Chento"},"description":"Director General y cofundador de La Red de Formaci\u00f3n Vicenciana. Javier es laico vicenciano, afiliado a la Congregaci\u00f3n de la Misi\u00f3n y miembro del Equipo de Misiones Populares de la provincia can\u00f3nica de Zaragoza (Espa\u00f1a) de la Congregaci\u00f3n de la Misi\u00f3n. Graduado en la Universidad Oberta de Catalunya con cuatro grados (Asistente de direcci\u00f3n, Gesti\u00f3n Administrativa, Recursos Humanos y Contabilidad Avanzada). Bil\u00edng\u00fce Espa\u00f1ol\/Ingl\u00e9s. gestiona y mantiene varias p\u00e1ginas web cristianas y vicencianas, incluida including La Red de Formaci\u00f3n Vicenciana, de la que es cofundador. Actualmente es responsable del \u00e1rea de Espa\u00f1ol de .famvin, la Red de Noticias de la Familia Vicenciana. Tambi\u00e9n es m\u00fasico cat\u00f3lico y ha editado varios discos. Es Director General y cofundador de Trovador, una reconocida compa\u00f1\u00eda discogr\u00e1fica critiana de Espa\u00f1a. Trabaja en las Tecnolog\u00edas de la Informaci\u00f3n, ofreciendo servicios de alojamiento, dise\u00f1o y mantenimiento Web, as\u00ed como asesoramiento, formaci\u00f3n y soluciones inform\u00e1ticas, gesti\u00f3n documental y digitalizaci\u00f3n de textos, edici\u00f3n y maquetaci\u00f3n de libros, revistas, flyers, etc.","sameAs":["http:\/\/chento.org","https:\/\/www.facebook.com\/JavierChento","https:\/\/x.com\/https:\/\/twitter.com\/javierchento"],"url":"http:\/\/vincentians.com\/es\/author\/chento\/"}]}},"jetpack_publicize_connections":[],"jetpack_featured_media_url":"https:\/\/i0.wp.com\/vincentians.com\/es\/wp-content\/uploads\/sites\/11\/2016\/07\/escritos-vicente-de-paul.jpg?fit=1200%2C630","jetpack_sharing_enabled":true,"jetpack_shortlink":"https:\/\/wp.me\/p7ETMF-uZy","jetpack-related-posts":[{"id":131217,"url":"http:\/\/vincentians.com\/es\/las-conferencias-de-san-vicente-de-paul-cumplen-un-siglo-de-existencia-en-espana-1849-1949\/","url_meta":{"origin":119136,"position":0},"title":"Las Conferencias de San Vicente de Pa\u00fal cumplen un siglo de existencia en Espa\u00f1a 1849-1949","author":"Francisco Javier Fern\u00e1ndez Chento","date":"30\/08\/2014","format":false,"excerpt":"El d\u00eda 11 de noviembre se cumplieron los c\u00eden a\u00f1os del establecimiento de las \"Conferencias de San Vicente de Pa\u00fal\" en Espa\u00f1a. Con este motivo, en la Bas\u00edlica de Santa Mar\u00eda de los Reyes, en Barcelona, celebr\u00f3se una solemne Misa de Comuni\u00f3n general, en la que ofici\u00f3 el Prelado de\u2026","rel":"","context":"En \u00abHistoria de la Sociedad de san Vicente de Pa\u00fal\u00bb","block_context":{"text":"Historia de la Sociedad de san Vicente de Pa\u00fal","link":"http:\/\/vincentians.com\/es\/category\/historia-de-la-familia-vicenciana\/historia-de-la-sociedad-de-san-vicente-de-paul\/"},"img":{"alt_text":"","src":"https:\/\/i0.wp.com\/vincentians.com\/es\/wp-content\/uploads\/sites\/11\/2016\/07\/escritos-vicente-de-paul.jpg?fit=1200%2C630&resize=350%2C200","width":350,"height":200,"srcset":"https:\/\/i0.wp.com\/vincentians.com\/es\/wp-content\/uploads\/sites\/11\/2016\/07\/escritos-vicente-de-paul.jpg?fit=1200%2C630&resize=350%2C200 1x, https:\/\/i0.wp.com\/vincentians.com\/es\/wp-content\/uploads\/sites\/11\/2016\/07\/escritos-vicente-de-paul.jpg?fit=1200%2C630&resize=525%2C300 1.5x, https:\/\/i0.wp.com\/vincentians.com\/es\/wp-content\/uploads\/sites\/11\/2016\/07\/escritos-vicente-de-paul.jpg?fit=1200%2C630&resize=700%2C400 2x, https:\/\/i0.wp.com\/vincentians.com\/es\/wp-content\/uploads\/sites\/11\/2016\/07\/escritos-vicente-de-paul.jpg?fit=1200%2C630&resize=1050%2C600 3x"},"classes":[]},{"id":387068,"url":"http:\/\/vincentians.com\/es\/la-basilica-parroquia-de-la-milagrosa-madrid\/","url_meta":{"origin":119136,"position":1},"title":"La Bas\u00edlica-Parroquia de La Milagrosa (Madrid)","author":"Mitxel Olabu\u00e9naga","date":"11\/02\/2016","format":false,"excerpt":"Una Iglesia dedicada a San Vicente de Paul Una vez terminada la casa de Garc\u00eda de Paredes, 45, la Comunidad de Misioneros Paules, cada d\u00eda m\u00e1s numerosa, echaba en falta una iglesia capaz para celebrar el culto divino. Se decidieron a edificar un templo en honor de San Vicente de\u2026","rel":"","context":"En \u00abHistoria de la Congregaci\u00f3n de la Misi\u00f3n en Espa\u00f1a\u00bb","block_context":{"text":"Historia de la Congregaci\u00f3n de la Misi\u00f3n en Espa\u00f1a","link":"http:\/\/vincentians.com\/es\/category\/historia-de-la-familia-vicenciana\/historia-de-la-congregacion-de-la-mision-en-espana\/"},"img":{"alt_text":"msoFDCDE","src":"https:\/\/i0.wp.com\/vicencianos.org\/wp-content\/uploads\/2016\/02\/msoFDCDE-210x300.jpg?resize=350%2C200","width":350,"height":200},"classes":[]},{"id":130435,"url":"http:\/\/vincentians.com\/es\/las-viejas-caridades-vicencianas-y-las-modernas-conferencias-de-san-vicente-de-paul\/","url_meta":{"origin":119136,"position":2},"title":"Las viejas \u00abCaridades\u00bb y las modernas \u00abConferencias\u00bb","author":"Francisco Javier Fern\u00e1ndez Chento","date":"08\/05\/2014","format":false,"excerpt":"La cuna de las \"Caridades\" No muy lejos de Li\u00f3n, en las rientes y f\u00e9rtiles m\u00e1rgenes del Chalaronne, hay una peque\u00f1a poblaci\u00f3n, denominada Chatini les-Dombes, que en el a\u00f1o de gracia de 1617 acaba de adquirir en su nuevo y joven p\u00e1rroco, un gran tesoro. Tiene 36 a\u00f1os escasos. Llamase\u2026","rel":"","context":"En \u00abHistoria de la Sociedad de san Vicente de Pa\u00fal\u00bb","block_context":{"text":"Historia de la Sociedad de san Vicente de Pa\u00fal","link":"http:\/\/vincentians.com\/es\/category\/historia-de-la-familia-vicenciana\/historia-de-la-sociedad-de-san-vicente-de-paul\/"},"img":{"alt_text":"Retrato de Federico Ozanam en 1852, copia en miniatura del retrato hecho por Janmot Louis (1814-1892), hecha probablemente por el propio pintor.","src":"https:\/\/i0.wp.com\/vicencianos.org\/wp-content\/2014\/01\/Frederic_Ozanam.jpg?resize=350%2C200","width":350,"height":200},"classes":[]},{"id":124438,"url":"http:\/\/vincentians.com\/es\/historia-de-los-paules-en-cuba-capitulo-xii-a\/","url_meta":{"origin":119136,"position":3},"title":"Historia de los PA\u00daLES en Cuba (CAP\u00cdTULO XII A)","author":"Mitxel Olabu\u00e9naga","date":"09\/05\/2023","format":false,"excerpt":"1. El \u00e9xodo de los Misioneros. Comienzan los a\u00f1os dif\u00edciles. Despu\u00e9s del \u00e9xodo obligatorio de agosto-septiembre de 1961, los Padres de la Congregaci\u00f3n de la Misi\u00f3n quedaron aturdidos y confusos, como toda la Iglesia Cat\u00f3lica en Cuba. No era para menos. El trabajo realizado con gran dedicaci\u00f3n durante muchos a\u00f1os,\u2026","rel":"","context":"En \u00abHistoria de la Congregaci\u00f3n de la Misi\u00f3n\u00bb","block_context":{"text":"Historia de la Congregaci\u00f3n de la Misi\u00f3n","link":"http:\/\/vincentians.com\/es\/category\/historia-de-la-familia-vicenciana\/historia-de-la-congregacion-de-la-mision\/"},"img":{"alt_text":"","src":"https:\/\/i0.wp.com\/vincentians.com\/es\/wp-content\/uploads\/sites\/11\/2013\/05\/Cuba-Iglesia-de-La-Milagrosa-La-Habana.png?fit=1200%2C919&resize=350%2C200","width":350,"height":200,"srcset":"https:\/\/i0.wp.com\/vincentians.com\/es\/wp-content\/uploads\/sites\/11\/2013\/05\/Cuba-Iglesia-de-La-Milagrosa-La-Habana.png?fit=1200%2C919&resize=350%2C200 1x, https:\/\/i0.wp.com\/vincentians.com\/es\/wp-content\/uploads\/sites\/11\/2013\/05\/Cuba-Iglesia-de-La-Milagrosa-La-Habana.png?fit=1200%2C919&resize=525%2C300 1.5x, https:\/\/i0.wp.com\/vincentians.com\/es\/wp-content\/uploads\/sites\/11\/2013\/05\/Cuba-Iglesia-de-La-Milagrosa-La-Habana.png?fit=1200%2C919&resize=700%2C400 2x, https:\/\/i0.wp.com\/vincentians.com\/es\/wp-content\/uploads\/sites\/11\/2013\/05\/Cuba-Iglesia-de-La-Milagrosa-La-Habana.png?fit=1200%2C919&resize=1050%2C600 3x"},"classes":[]},{"id":145196,"url":"http:\/\/vincentians.com\/es\/la-mision-de-la-sociedad-de-san-vicente-de-paul\/","url_meta":{"origin":119136,"position":4},"title":"La Misi\u00f3n de la Sociedad de San Vicente de Pa\u00fal","author":"Francisco Javier Fern\u00e1ndez Chento","date":"18\/05\/2015","format":false,"excerpt":"De acuerdo al concepto de Misi\u00f3n de cualquier instituci\u00f3n, \u00e9sta se puede definir como el motivo, pro\u00adp\u00f3sito, fin o raz\u00f3n de ser de la exis\u00adtencia de una organizaci\u00f3n. A este respecto, es importante conocer que el Consejo General In\u00adternacional de la Sociedad de San Vicente de Pa\u00fal, con el objetivo\u2026","rel":"","context":"En \u00abSociedad de San Vicente de Pa\u00fal\u00bb","block_context":{"text":"Sociedad de San Vicente de Pa\u00fal","link":"http:\/\/vincentians.com\/es\/category\/la-familia-vicenciana\/ramas\/sociedad-de-san-vicente-de-paul\/"},"img":{"alt_text":"ssvp","src":"https:\/\/i0.wp.com\/vicencianos.org\/wp-content\/2013\/12\/ssvp-300x281.jpg?resize=350%2C200","width":350,"height":200},"classes":[]},{"id":398969,"url":"http:\/\/vincentians.com\/es\/vicente-paul-carta-1353-juan-dehorgny-san-vicente\/","url_meta":{"origin":119136,"position":5},"title":"Vicente de Pa\u00fal, Carta 1353: Juan Dehorgny a San Vicente","author":"Francisco Javier Fern\u00e1ndez Chento","date":"17\/11\/2016","format":false,"excerpt":"Castiglione (1), diciembre de 1650 He visto todos los ejercicios de la misi\u00f3n que se celebra en esta parroquia y al mismo tiempo a otras siete u ocho de alrededor. Los pueblos se muestran muy asiduos a la asistencia a los sermones y al catecismo y dan un continuo trabajo\u2026","rel":"","context":"En \u00abEscritos de Vicente de Pa\u00fal\u00bb","block_context":{"text":"Escritos de Vicente de Pa\u00fal","link":"http:\/\/vincentians.com\/es\/category\/escritos\/escritos-de-vicente-de-paul\/"},"img":{"alt_text":"","src":"https:\/\/i0.wp.com\/vincentians.com\/es\/wp-content\/uploads\/sites\/11\/2016\/07\/escritos-vicente-de-paul.jpg?fit=1200%2C630&resize=350%2C200","width":350,"height":200,"srcset":"https:\/\/i0.wp.com\/vincentians.com\/es\/wp-content\/uploads\/sites\/11\/2016\/07\/escritos-vicente-de-paul.jpg?fit=1200%2C630&resize=350%2C200 1x, https:\/\/i0.wp.com\/vincentians.com\/es\/wp-content\/uploads\/sites\/11\/2016\/07\/escritos-vicente-de-paul.jpg?fit=1200%2C630&resize=525%2C300 1.5x, https:\/\/i0.wp.com\/vincentians.com\/es\/wp-content\/uploads\/sites\/11\/2016\/07\/escritos-vicente-de-paul.jpg?fit=1200%2C630&resize=700%2C400 2x, https:\/\/i0.wp.com\/vincentians.com\/es\/wp-content\/uploads\/sites\/11\/2016\/07\/escritos-vicente-de-paul.jpg?fit=1200%2C630&resize=1050%2C600 3x"},"classes":[]}],"_links":{"self":[{"href":"http:\/\/vincentians.com\/es\/wp-json\/wp\/v2\/posts\/119136","targetHints":{"allow":["GET"]}}],"collection":[{"href":"http:\/\/vincentians.com\/es\/wp-json\/wp\/v2\/posts"}],"about":[{"href":"http:\/\/vincentians.com\/es\/wp-json\/wp\/v2\/types\/post"}],"author":[{"embeddable":true,"href":"http:\/\/vincentians.com\/es\/wp-json\/wp\/v2\/users\/4"}],"replies":[{"embeddable":true,"href":"http:\/\/vincentians.com\/es\/wp-json\/wp\/v2\/comments?post=119136"}],"version-history":[{"count":1,"href":"http:\/\/vincentians.com\/es\/wp-json\/wp\/v2\/posts\/119136\/revisions"}],"predecessor-version":[{"id":403944,"href":"http:\/\/vincentians.com\/es\/wp-json\/wp\/v2\/posts\/119136\/revisions\/403944"}],"wp:featuredmedia":[{"embeddable":true,"href":"http:\/\/vincentians.com\/es\/wp-json\/wp\/v2\/media\/393753"}],"wp:attachment":[{"href":"http:\/\/vincentians.com\/es\/wp-json\/wp\/v2\/media?parent=119136"}],"wp:term":[{"taxonomy":"category","embeddable":true,"href":"http:\/\/vincentians.com\/es\/wp-json\/wp\/v2\/categories?post=119136"},{"taxonomy":"post_tag","embeddable":true,"href":"http:\/\/vincentians.com\/es\/wp-json\/wp\/v2\/tags?post=119136"}],"curies":[{"name":"wp","href":"https:\/\/api.w.org\/{rel}","templated":true}]}}