{"id":1180,"date":"2015-02-18T04:40:17","date_gmt":"2015-02-18T03:40:17","guid":{"rendered":"http:\/\/somos.vicencianos.org\/blog\/?p=1180"},"modified":"2016-07-26T17:40:43","modified_gmt":"2016-07-26T15:40:43","slug":"francisco-regis-clet-biografia-andres-sylvestre","status":"publish","type":"post","link":"http:\/\/vincentians.com\/es\/francisco-regis-clet-biografia-andres-sylvestre\/","title":{"rendered":"Francisco R\u00e9gis Clet, biograf\u00eda"},"content":{"rendered":"<p><a href=\"https:\/\/i0.wp.com\/vicencianos.org\/wp-content\/2012\/02\/regis_clet_1.jpg\"><img data-recalc-dims=\"1\" loading=\"lazy\" decoding=\"async\" class=\"alignright size-medium wp-image-139932\" src=\"https:\/\/i0.wp.com\/vicencianos.org\/wp-content\/2012\/02\/regis_clet_1-196x300.jpg?resize=196%2C300\" alt=\"OLYMPUS DIGITAL CAMERA\" width=\"196\" height=\"300\" \/><\/a>El car\u00e1cter de un hombre queda marcado por sus or\u00edgenes, su regi\u00f3n, su familia, su primera formaci\u00f3n, su siglo. Tan solo de Melquisedec se dice en la Escritura que no ten\u00eda ni padre ni madre ni genealog\u00eda (Hb 7. 3). El santo misionero cuya vida trataremos de seguir, estaba firmemente enraizado en su regi\u00f3n de origen, el Delfinado, y en su familia.<\/p>\n<p>Naci\u00f3 hacia el medio del reinado de Luis XV, el 19 de agosto de 1748, en Grenoble, en el Delfinado. Esta provincia era francesa desde 1349. El \u00faltimo soberano, Humberto II, conocido con el nombre de Def\u00edn, decidi\u00f3, al regreso de la cruzada, ceder el Delfinado a Francia, a condici\u00f3n de que el hijo mayor del rey llevara el t\u00edtulo de delf\u00edn. Concluido este arreglo, se hizo dominico. Grenoble, la ciudad natal de Francisco Regis, se halla situada en un cuadro monta\u00f1oso admirable, donde confluyen tres valles. Hace 2000 a\u00f1os era una aldea gala que recibi\u00f3 el nombre del emperador Graciano. Gracianopolis. A mediados del s. XVIII ya era la ciudad m\u00e1s importante de los Alpes franceses, con cerca de 30.000 habitantes.<br \/>\nLa familia Clet proced\u00eda de Varces, donde hab\u00eda nacido en 1702 el padre de nuestro misionero, Ces\u00e1reo. Varces est\u00e1 situado a unos doce kil\u00f3metros al sur de Grenohle, en el cant\u00f3n de Vif. Se encuentra en el valle del Gresse, no lejos de su confluencia con el Drac, afluente por la izquierda del Is\u00e9re. El pueblo est\u00e1 adosado a una ladera que corta el horizonte al oeste, la monta\u00f1a de Lans, la cual presenta, a una altura de 1800 metros, una l\u00ednea de crestas casi continuas entre Roe Cornafion al sur y la Grande Roche Saint Michel al norte. Al este del pueblo, se dilata hasta Grenoble la llanura del bajo valle del Drac. El pueblo de Varces, que contaba en el siglo XVIII unos 700 habitantes, forma parte en la actualidad de un agrupamiento de comunas llamado Varces-Alli\u00e9res y Riaset, con m\u00e1s de 3.000 habitantes.<\/p>\n<p><a href=\"http:\/\/vicencianos.org\/?dl_id=11\"><strong>Descarga el libro completo pulsando aqu\u00ed<\/strong><\/a>. (el libro se entrega en un archivo ZIP, en cuatro formatos distintos: EPUB, DOCX, RTF y PDF)<\/p>\n","protected":false},"excerpt":{"rendered":"<p>El car\u00e1cter de un hombre queda marcado por sus or\u00edgenes, su regi\u00f3n, su familia, su primera formaci\u00f3n, su siglo. Tan solo de Melquisedec se dice en la Escritura que no ten\u00eda ni padre ni madre &#8230; <a href=\"http:\/\/vincentians.com\/es\/francisco-regis-clet-biografia-andres-sylvestre\/\" class=\"more-link\">Read More<\/a><\/p>\n","protected":false},"author":4,"featured_media":139932,"comment_status":"open","ping_status":"open","sticky":false,"template":"","format":"standard","meta":{"jetpack_post_was_ever_published":false,"_jetpack_newsletter_access":"","_jetpack_dont_email_post_to_subs":false,"_jetpack_newsletter_tier_id":0,"_jetpack_memberships_contains_paywalled_content":false,"_jetpack_memberships_contains_paid_content":false,"footnotes":"","jetpack_publicize_message":"","jetpack_publicize_feature_enabled":true,"jetpack_social_post_already_shared":true,"jetpack_social_options":{"image_generator_settings":{"template":"highway","default_image_id":0,"font":"","enabled":false},"version":2}},"categories":[33],"tags":[],"class_list":["post-1180","post","type-post","status-publish","format-standard","has-post-thumbnail","hentry","category-francisco-regis-clet"],"yoast_head":"<!-- This site is optimized with the Yoast SEO plugin v26.3 - https:\/\/yoast.com\/wordpress\/plugins\/seo\/ -->\n<title>Francisco R\u00e9gis Clet, biograf\u00eda - Somos Vicencianos<\/title>\n<meta name=\"robots\" content=\"index, follow, max-snippet:-1, max-image-preview:large, max-video-preview:-1\" \/>\n<link rel=\"canonical\" href=\"http:\/\/vincentians.com\/es\/francisco-regis-clet-biografia-andres-sylvestre\/\" \/>\n<meta property=\"og:locale\" content=\"es_ES\" \/>\n<meta property=\"og:type\" content=\"article\" \/>\n<meta property=\"og:title\" content=\"Francisco R\u00e9gis Clet, biograf\u00eda - Somos Vicencianos\" \/>\n<meta property=\"og:description\" content=\"El car\u00e1cter de un hombre queda marcado por sus or\u00edgenes, su regi\u00f3n, su familia, su primera formaci\u00f3n, su siglo. Tan solo de Melquisedec se dice en la Escritura que no ten\u00eda ni padre ni madre ... Read More\" \/>\n<meta property=\"og:url\" content=\"http:\/\/vincentians.com\/es\/francisco-regis-clet-biografia-andres-sylvestre\/\" \/>\n<meta property=\"og:site_name\" content=\"Somos Vicencianos\" \/>\n<meta property=\"article:publisher\" content=\"https:\/\/www.facebook.com\/WeAreVincentians\/\" \/>\n<meta property=\"article:author\" content=\"https:\/\/www.facebook.com\/JavierChento\" \/>\n<meta property=\"article:published_time\" content=\"2015-02-18T03:40:17+00:00\" \/>\n<meta property=\"article:modified_time\" content=\"2016-07-26T15:40:43+00:00\" \/>\n<meta name=\"author\" content=\"Francisco Javier Fern\u00e1ndez Chento\" \/>\n<meta name=\"twitter:card\" content=\"summary_large_image\" \/>\n<meta name=\"twitter:creator\" content=\"@https:\/\/twitter.com\/javierchento\" \/>\n<meta name=\"twitter:site\" content=\"@WeVincentians\" \/>\n<meta name=\"twitter:label1\" content=\"Escrito por\" \/>\n\t<meta name=\"twitter:data1\" content=\"Francisco Javier Fern\u00e1ndez Chento\" \/>\n\t<meta name=\"twitter:label2\" content=\"Tiempo de lectura\" \/>\n\t<meta name=\"twitter:data2\" content=\"2 minutos\" \/>\n<script type=\"application\/ld+json\" class=\"yoast-schema-graph\">{\"@context\":\"https:\/\/schema.org\",\"@graph\":[{\"@type\":\"Article\",\"@id\":\"http:\/\/vincentians.com\/es\/francisco-regis-clet-biografia-andres-sylvestre\/#article\",\"isPartOf\":{\"@id\":\"http:\/\/vincentians.com\/es\/francisco-regis-clet-biografia-andres-sylvestre\/\"},\"author\":{\"name\":\"Francisco Javier Fern\u00e1ndez Chento\",\"@id\":\"http:\/\/vincentians.com\/es\/#\/schema\/person\/9623ef4d9aa3b2dfb8c061f1499288f2\"},\"headline\":\"Francisco R\u00e9gis Clet, biograf\u00eda\",\"datePublished\":\"2015-02-18T03:40:17+00:00\",\"dateModified\":\"2016-07-26T15:40:43+00:00\",\"mainEntityOfPage\":{\"@id\":\"http:\/\/vincentians.com\/es\/francisco-regis-clet-biografia-andres-sylvestre\/\"},\"wordCount\":372,\"commentCount\":0,\"publisher\":{\"@id\":\"http:\/\/vincentians.com\/es\/#organization\"},\"image\":{\"@id\":\"http:\/\/vincentians.com\/es\/francisco-regis-clet-biografia-andres-sylvestre\/#primaryimage\"},\"thumbnailUrl\":\"\",\"articleSection\":[\"Francisco R\u00e9gis Clet\"],\"inLanguage\":\"es\",\"potentialAction\":[{\"@type\":\"CommentAction\",\"name\":\"Comment\",\"target\":[\"http:\/\/vincentians.com\/es\/francisco-regis-clet-biografia-andres-sylvestre\/#respond\"]}]},{\"@type\":\"WebPage\",\"@id\":\"http:\/\/vincentians.com\/es\/francisco-regis-clet-biografia-andres-sylvestre\/\",\"url\":\"http:\/\/vincentians.com\/es\/francisco-regis-clet-biografia-andres-sylvestre\/\",\"name\":\"Francisco R\u00e9gis Clet, biograf\u00eda - Somos Vicencianos\",\"isPartOf\":{\"@id\":\"http:\/\/vincentians.com\/es\/#website\"},\"primaryImageOfPage\":{\"@id\":\"http:\/\/vincentians.com\/es\/francisco-regis-clet-biografia-andres-sylvestre\/#primaryimage\"},\"image\":{\"@id\":\"http:\/\/vincentians.com\/es\/francisco-regis-clet-biografia-andres-sylvestre\/#primaryimage\"},\"thumbnailUrl\":\"\",\"datePublished\":\"2015-02-18T03:40:17+00:00\",\"dateModified\":\"2016-07-26T15:40:43+00:00\",\"breadcrumb\":{\"@id\":\"http:\/\/vincentians.com\/es\/francisco-regis-clet-biografia-andres-sylvestre\/#breadcrumb\"},\"inLanguage\":\"es\",\"potentialAction\":[{\"@type\":\"ReadAction\",\"target\":[\"http:\/\/vincentians.com\/es\/francisco-regis-clet-biografia-andres-sylvestre\/\"]}]},{\"@type\":\"ImageObject\",\"inLanguage\":\"es\",\"@id\":\"http:\/\/vincentians.com\/es\/francisco-regis-clet-biografia-andres-sylvestre\/#primaryimage\",\"url\":\"\",\"contentUrl\":\"\"},{\"@type\":\"BreadcrumbList\",\"@id\":\"http:\/\/vincentians.com\/es\/francisco-regis-clet-biografia-andres-sylvestre\/#breadcrumb\",\"itemListElement\":[{\"@type\":\"ListItem\",\"position\":1,\"name\":\"Portada\",\"item\":\"http:\/\/vincentians.com\/es\/\"},{\"@type\":\"ListItem\",\"position\":2,\"name\":\"Francisco R\u00e9gis Clet, biograf\u00eda\"}]},{\"@type\":\"WebSite\",\"@id\":\"http:\/\/vincentians.com\/es\/#website\",\"url\":\"http:\/\/vincentians.com\/es\/\",\"name\":\"Somos Vicencianos\",\"description\":\"Know more to serve more\",\"publisher\":{\"@id\":\"http:\/\/vincentians.com\/es\/#organization\"},\"potentialAction\":[{\"@type\":\"SearchAction\",\"target\":{\"@type\":\"EntryPoint\",\"urlTemplate\":\"http:\/\/vincentians.com\/es\/?s={search_term_string}\"},\"query-input\":{\"@type\":\"PropertyValueSpecification\",\"valueRequired\":true,\"valueName\":\"search_term_string\"}}],\"inLanguage\":\"es\"},{\"@type\":\"Organization\",\"@id\":\"http:\/\/vincentians.com\/es\/#organization\",\"name\":\"The Vincentian Network\",\"url\":\"http:\/\/vincentians.com\/es\/\",\"logo\":{\"@type\":\"ImageObject\",\"inLanguage\":\"es\",\"@id\":\"http:\/\/vincentians.com\/es\/#\/schema\/logo\/image\/\",\"url\":\"https:\/\/i1.wp.com\/vincentians.com\/es\/wp-content\/uploads\/sites\/11\/2016\/06\/Vincentian-Network-logo-big.png?fit=778%2C778\",\"contentUrl\":\"https:\/\/i1.wp.com\/vincentians.com\/es\/wp-content\/uploads\/sites\/11\/2016\/06\/Vincentian-Network-logo-big.png?fit=778%2C778\",\"width\":778,\"height\":778,\"caption\":\"The Vincentian Network\"},\"image\":{\"@id\":\"http:\/\/vincentians.com\/es\/#\/schema\/logo\/image\/\"},\"sameAs\":[\"https:\/\/www.facebook.com\/WeAreVincentians\/\",\"https:\/\/x.com\/WeVincentians\"]},{\"@type\":\"Person\",\"@id\":\"http:\/\/vincentians.com\/es\/#\/schema\/person\/9623ef4d9aa3b2dfb8c061f1499288f2\",\"name\":\"Francisco Javier Fern\u00e1ndez Chento\",\"image\":{\"@type\":\"ImageObject\",\"inLanguage\":\"es\",\"@id\":\"http:\/\/vincentians.com\/es\/#\/schema\/person\/image\/\",\"url\":\"https:\/\/secure.gravatar.com\/avatar\/497d5cde87b4c3d097d0315953521681ba2cd523ee66e5077c3711f7021e65de?s=96&d=mm&r=g\",\"contentUrl\":\"https:\/\/secure.gravatar.com\/avatar\/497d5cde87b4c3d097d0315953521681ba2cd523ee66e5077c3711f7021e65de?s=96&d=mm&r=g\",\"caption\":\"Francisco Javier Fern\u00e1ndez Chento\"},\"description\":\"Director General y cofundador de La Red de Formaci\u00f3n Vicenciana. Javier es laico vicenciano, afiliado a la Congregaci\u00f3n de la Misi\u00f3n y miembro del Equipo de Misiones Populares de la provincia can\u00f3nica de Zaragoza (Espa\u00f1a) de la Congregaci\u00f3n de la Misi\u00f3n. Graduado en la Universidad Oberta de Catalunya con cuatro grados (Asistente de direcci\u00f3n, Gesti\u00f3n Administrativa, Recursos Humanos y Contabilidad Avanzada). Bil\u00edng\u00fce Espa\u00f1ol\/Ingl\u00e9s. gestiona y mantiene varias p\u00e1ginas web cristianas y vicencianas, incluida including La Red de Formaci\u00f3n Vicenciana, de la que es cofundador. Actualmente es responsable del \u00e1rea de Espa\u00f1ol de .famvin, la Red de Noticias de la Familia Vicenciana. Tambi\u00e9n es m\u00fasico cat\u00f3lico y ha editado varios discos. Es Director General y cofundador de Trovador, una reconocida compa\u00f1\u00eda discogr\u00e1fica critiana de Espa\u00f1a. Trabaja en las Tecnolog\u00edas de la Informaci\u00f3n, ofreciendo servicios de alojamiento, dise\u00f1o y mantenimiento Web, as\u00ed como asesoramiento, formaci\u00f3n y soluciones inform\u00e1ticas, gesti\u00f3n documental y digitalizaci\u00f3n de textos, edici\u00f3n y maquetaci\u00f3n de libros, revistas, flyers, etc.\",\"sameAs\":[\"http:\/\/chento.org\",\"https:\/\/www.facebook.com\/JavierChento\",\"https:\/\/x.com\/https:\/\/twitter.com\/javierchento\"],\"url\":\"http:\/\/vincentians.com\/es\/author\/chento\/\"}]}<\/script>\n<!-- \/ Yoast SEO plugin. -->","yoast_head_json":{"title":"Francisco R\u00e9gis Clet, biograf\u00eda - Somos Vicencianos","robots":{"index":"index","follow":"follow","max-snippet":"max-snippet:-1","max-image-preview":"max-image-preview:large","max-video-preview":"max-video-preview:-1"},"canonical":"http:\/\/vincentians.com\/es\/francisco-regis-clet-biografia-andres-sylvestre\/","og_locale":"es_ES","og_type":"article","og_title":"Francisco R\u00e9gis Clet, biograf\u00eda - Somos Vicencianos","og_description":"El car\u00e1cter de un hombre queda marcado por sus or\u00edgenes, su regi\u00f3n, su familia, su primera formaci\u00f3n, su siglo. Tan solo de Melquisedec se dice en la Escritura que no ten\u00eda ni padre ni madre ... Read More","og_url":"http:\/\/vincentians.com\/es\/francisco-regis-clet-biografia-andres-sylvestre\/","og_site_name":"Somos Vicencianos","article_publisher":"https:\/\/www.facebook.com\/WeAreVincentians\/","article_author":"https:\/\/www.facebook.com\/JavierChento","article_published_time":"2015-02-18T03:40:17+00:00","article_modified_time":"2016-07-26T15:40:43+00:00","author":"Francisco Javier Fern\u00e1ndez Chento","twitter_card":"summary_large_image","twitter_creator":"@https:\/\/twitter.com\/javierchento","twitter_site":"@WeVincentians","twitter_misc":{"Escrito por":"Francisco Javier Fern\u00e1ndez Chento","Tiempo de lectura":"2 minutos"},"schema":{"@context":"https:\/\/schema.org","@graph":[{"@type":"Article","@id":"http:\/\/vincentians.com\/es\/francisco-regis-clet-biografia-andres-sylvestre\/#article","isPartOf":{"@id":"http:\/\/vincentians.com\/es\/francisco-regis-clet-biografia-andres-sylvestre\/"},"author":{"name":"Francisco Javier Fern\u00e1ndez Chento","@id":"http:\/\/vincentians.com\/es\/#\/schema\/person\/9623ef4d9aa3b2dfb8c061f1499288f2"},"headline":"Francisco R\u00e9gis Clet, biograf\u00eda","datePublished":"2015-02-18T03:40:17+00:00","dateModified":"2016-07-26T15:40:43+00:00","mainEntityOfPage":{"@id":"http:\/\/vincentians.com\/es\/francisco-regis-clet-biografia-andres-sylvestre\/"},"wordCount":372,"commentCount":0,"publisher":{"@id":"http:\/\/vincentians.com\/es\/#organization"},"image":{"@id":"http:\/\/vincentians.com\/es\/francisco-regis-clet-biografia-andres-sylvestre\/#primaryimage"},"thumbnailUrl":"","articleSection":["Francisco R\u00e9gis Clet"],"inLanguage":"es","potentialAction":[{"@type":"CommentAction","name":"Comment","target":["http:\/\/vincentians.com\/es\/francisco-regis-clet-biografia-andres-sylvestre\/#respond"]}]},{"@type":"WebPage","@id":"http:\/\/vincentians.com\/es\/francisco-regis-clet-biografia-andres-sylvestre\/","url":"http:\/\/vincentians.com\/es\/francisco-regis-clet-biografia-andres-sylvestre\/","name":"Francisco R\u00e9gis Clet, biograf\u00eda - Somos Vicencianos","isPartOf":{"@id":"http:\/\/vincentians.com\/es\/#website"},"primaryImageOfPage":{"@id":"http:\/\/vincentians.com\/es\/francisco-regis-clet-biografia-andres-sylvestre\/#primaryimage"},"image":{"@id":"http:\/\/vincentians.com\/es\/francisco-regis-clet-biografia-andres-sylvestre\/#primaryimage"},"thumbnailUrl":"","datePublished":"2015-02-18T03:40:17+00:00","dateModified":"2016-07-26T15:40:43+00:00","breadcrumb":{"@id":"http:\/\/vincentians.com\/es\/francisco-regis-clet-biografia-andres-sylvestre\/#breadcrumb"},"inLanguage":"es","potentialAction":[{"@type":"ReadAction","target":["http:\/\/vincentians.com\/es\/francisco-regis-clet-biografia-andres-sylvestre\/"]}]},{"@type":"ImageObject","inLanguage":"es","@id":"http:\/\/vincentians.com\/es\/francisco-regis-clet-biografia-andres-sylvestre\/#primaryimage","url":"","contentUrl":""},{"@type":"BreadcrumbList","@id":"http:\/\/vincentians.com\/es\/francisco-regis-clet-biografia-andres-sylvestre\/#breadcrumb","itemListElement":[{"@type":"ListItem","position":1,"name":"Portada","item":"http:\/\/vincentians.com\/es\/"},{"@type":"ListItem","position":2,"name":"Francisco R\u00e9gis Clet, biograf\u00eda"}]},{"@type":"WebSite","@id":"http:\/\/vincentians.com\/es\/#website","url":"http:\/\/vincentians.com\/es\/","name":"Somos Vicencianos","description":"Know more to serve more","publisher":{"@id":"http:\/\/vincentians.com\/es\/#organization"},"potentialAction":[{"@type":"SearchAction","target":{"@type":"EntryPoint","urlTemplate":"http:\/\/vincentians.com\/es\/?s={search_term_string}"},"query-input":{"@type":"PropertyValueSpecification","valueRequired":true,"valueName":"search_term_string"}}],"inLanguage":"es"},{"@type":"Organization","@id":"http:\/\/vincentians.com\/es\/#organization","name":"The Vincentian Network","url":"http:\/\/vincentians.com\/es\/","logo":{"@type":"ImageObject","inLanguage":"es","@id":"http:\/\/vincentians.com\/es\/#\/schema\/logo\/image\/","url":"https:\/\/i1.wp.com\/vincentians.com\/es\/wp-content\/uploads\/sites\/11\/2016\/06\/Vincentian-Network-logo-big.png?fit=778%2C778","contentUrl":"https:\/\/i1.wp.com\/vincentians.com\/es\/wp-content\/uploads\/sites\/11\/2016\/06\/Vincentian-Network-logo-big.png?fit=778%2C778","width":778,"height":778,"caption":"The Vincentian Network"},"image":{"@id":"http:\/\/vincentians.com\/es\/#\/schema\/logo\/image\/"},"sameAs":["https:\/\/www.facebook.com\/WeAreVincentians\/","https:\/\/x.com\/WeVincentians"]},{"@type":"Person","@id":"http:\/\/vincentians.com\/es\/#\/schema\/person\/9623ef4d9aa3b2dfb8c061f1499288f2","name":"Francisco Javier Fern\u00e1ndez Chento","image":{"@type":"ImageObject","inLanguage":"es","@id":"http:\/\/vincentians.com\/es\/#\/schema\/person\/image\/","url":"https:\/\/secure.gravatar.com\/avatar\/497d5cde87b4c3d097d0315953521681ba2cd523ee66e5077c3711f7021e65de?s=96&d=mm&r=g","contentUrl":"https:\/\/secure.gravatar.com\/avatar\/497d5cde87b4c3d097d0315953521681ba2cd523ee66e5077c3711f7021e65de?s=96&d=mm&r=g","caption":"Francisco Javier Fern\u00e1ndez Chento"},"description":"Director General y cofundador de La Red de Formaci\u00f3n Vicenciana. Javier es laico vicenciano, afiliado a la Congregaci\u00f3n de la Misi\u00f3n y miembro del Equipo de Misiones Populares de la provincia can\u00f3nica de Zaragoza (Espa\u00f1a) de la Congregaci\u00f3n de la Misi\u00f3n. Graduado en la Universidad Oberta de Catalunya con cuatro grados (Asistente de direcci\u00f3n, Gesti\u00f3n Administrativa, Recursos Humanos y Contabilidad Avanzada). Bil\u00edng\u00fce Espa\u00f1ol\/Ingl\u00e9s. gestiona y mantiene varias p\u00e1ginas web cristianas y vicencianas, incluida including La Red de Formaci\u00f3n Vicenciana, de la que es cofundador. Actualmente es responsable del \u00e1rea de Espa\u00f1ol de .famvin, la Red de Noticias de la Familia Vicenciana. Tambi\u00e9n es m\u00fasico cat\u00f3lico y ha editado varios discos. Es Director General y cofundador de Trovador, una reconocida compa\u00f1\u00eda discogr\u00e1fica critiana de Espa\u00f1a. Trabaja en las Tecnolog\u00edas de la Informaci\u00f3n, ofreciendo servicios de alojamiento, dise\u00f1o y mantenimiento Web, as\u00ed como asesoramiento, formaci\u00f3n y soluciones inform\u00e1ticas, gesti\u00f3n documental y digitalizaci\u00f3n de textos, edici\u00f3n y maquetaci\u00f3n de libros, revistas, flyers, etc.","sameAs":["http:\/\/chento.org","https:\/\/www.facebook.com\/JavierChento","https:\/\/x.com\/https:\/\/twitter.com\/javierchento"],"url":"http:\/\/vincentians.com\/es\/author\/chento\/"}]}},"jetpack_publicize_connections":[],"jetpack_featured_media_url":"","jetpack_sharing_enabled":true,"jetpack_shortlink":"https:\/\/wp.me\/p7ETMF-j2","jetpack-related-posts":[{"id":11321,"url":"http:\/\/vincentians.com\/es\/francisco-regis-clet-biografia-01\/","url_meta":{"origin":1180,"position":0},"title":"Francisco R\u00e9gis Clet, biograf\u00eda (01)","author":"Francisco Javier Fern\u00e1ndez Chento","date":"09\/02\/2015","format":false,"excerpt":"1. Los or\u00edgenes La regi\u00f3n El car\u00e1cter de un hombre queda marcado por sus or\u00edgenes, su regi\u00f3n, su familia, su primera formaci\u00f3n, su siglo. Tan solo de Mel\u00adquisedec se dice en la Escritura que no ten\u00eda ni padre ni madre ni gene\u00adalog\u00eda (Hb 7. 3). El santo misionero cuya vida\u2026","rel":"","context":"En \u00abFrancisco R\u00e9gis Clet\u00bb","block_context":{"text":"Francisco R\u00e9gis Clet","link":"http:\/\/vincentians.com\/es\/category\/la-familia-vicenciana\/la-familia-vicenciana-en-los-altares\/santos\/francisco-regis-clet\/"},"img":{"alt_text":"","src":"https:\/\/i0.wp.com\/vicencianos.org\/wp-content\/2010\/02\/regis-clet1-300x300.jpg?resize=350%2C200","width":350,"height":200},"classes":[]},{"id":16545,"url":"http:\/\/vincentians.com\/es\/regis-clet-carta-02-a-su-hermana-maria-teresa-en-grenoble\/","url_meta":{"origin":1180,"position":1},"title":"R\u00e9gis Clet, Carta 02: A Su Hermana Mar\u00eda Teresa, En Grenoble","author":"Francisco Javier Fern\u00e1ndez Chento","date":"04\/04\/2010","format":false,"excerpt":"Par\u00eds, 20 de marzo de 1791 Querida hermana, Aprovecho la noche precedente a mi partida para responder a tu carta tan enternecedora. Sin duda me esperaba que tu constante y viva amistad hacia m\u00ed no te iba a permitir hacer caso de la invitaci\u00f3n m\u00eda de no intentar ning\u00fan esfuerzo\u2026","rel":"","context":"En \u00abEscritos de Francisco R\u00e9gis Clet\u00bb","block_context":{"text":"Escritos de Francisco R\u00e9gis Clet","link":"http:\/\/vincentians.com\/es\/category\/escritos\/escritos-de-francisco-regis-clet\/"},"img":{"alt_text":"","src":"https:\/\/i0.wp.com\/vincentians.com\/es\/wp-content\/uploads\/sites\/11\/2016\/07\/escritos-regis-clet.jpg?fit=1200%2C630&resize=350%2C200","width":350,"height":200,"srcset":"https:\/\/i0.wp.com\/vincentians.com\/es\/wp-content\/uploads\/sites\/11\/2016\/07\/escritos-regis-clet.jpg?fit=1200%2C630&resize=350%2C200 1x, https:\/\/i0.wp.com\/vincentians.com\/es\/wp-content\/uploads\/sites\/11\/2016\/07\/escritos-regis-clet.jpg?fit=1200%2C630&resize=525%2C300 1.5x, https:\/\/i0.wp.com\/vincentians.com\/es\/wp-content\/uploads\/sites\/11\/2016\/07\/escritos-regis-clet.jpg?fit=1200%2C630&resize=700%2C400 2x, https:\/\/i0.wp.com\/vincentians.com\/es\/wp-content\/uploads\/sites\/11\/2016\/07\/escritos-regis-clet.jpg?fit=1200%2C630&resize=1050%2C600 3x"},"classes":[]},{"id":16576,"url":"http:\/\/vincentians.com\/es\/regis-clet-carta-04-a-su-hermana-maria-teresa-en-grenoble\/","url_meta":{"origin":1180,"position":2},"title":"R\u00e9gis Clet, Carta 04: A Su Hermana Mar\u00eda Teresa, En Grenoble","author":"Francisco Javier Fern\u00e1ndez Chento","date":"06\/04\/2010","format":false,"excerpt":"El Cabo de Buena Esperanza, 2 de julio de 1791 Querida hermana, Te interesas bastante por mi suerte, cuando sientes tantas ansias por recibir noticias m\u00edas. El encuentro con un barco que va a Francia me proporciona la ocasi\u00f3n; juzga con qu\u00e9 solicitud yo la aprovecho. Zarpamos de Lorient el\u2026","rel":"","context":"En \u00abEscritos de Francisco R\u00e9gis Clet\u00bb","block_context":{"text":"Escritos de Francisco R\u00e9gis Clet","link":"http:\/\/vincentians.com\/es\/category\/escritos\/escritos-de-francisco-regis-clet\/"},"img":{"alt_text":"","src":"https:\/\/i0.wp.com\/vincentians.com\/es\/wp-content\/uploads\/sites\/11\/2016\/07\/escritos-regis-clet.jpg?fit=1200%2C630&resize=350%2C200","width":350,"height":200,"srcset":"https:\/\/i0.wp.com\/vincentians.com\/es\/wp-content\/uploads\/sites\/11\/2016\/07\/escritos-regis-clet.jpg?fit=1200%2C630&resize=350%2C200 1x, https:\/\/i0.wp.com\/vincentians.com\/es\/wp-content\/uploads\/sites\/11\/2016\/07\/escritos-regis-clet.jpg?fit=1200%2C630&resize=525%2C300 1.5x, https:\/\/i0.wp.com\/vincentians.com\/es\/wp-content\/uploads\/sites\/11\/2016\/07\/escritos-regis-clet.jpg?fit=1200%2C630&resize=700%2C400 2x, https:\/\/i0.wp.com\/vincentians.com\/es\/wp-content\/uploads\/sites\/11\/2016\/07\/escritos-regis-clet.jpg?fit=1200%2C630&resize=1050%2C600 3x"},"classes":[]},{"id":16546,"url":"http:\/\/vincentians.com\/es\/regis-clet-carta-03-a-su-hermana-maria-teresa-en-grenoble\/","url_meta":{"origin":1180,"position":3},"title":"R\u00e9gis Clet, Carta 03: A Su Hermana Mar\u00eda Teresa, En Grenoble","author":"Francisco Javier Fern\u00e1ndez Chento","date":"05\/04\/2010","format":false,"excerpt":"Lorient, 2 de abril de 1791 Querida hermana, Ya estoy en Lorient hace algunos d\u00edas. Llegu\u00e9 aqu\u00ed felizmente y nuestra partida est\u00e1 fijada para hoy a las 11 h., si los vientos son favo\u00adrables. Apenas me queda tiempo para respirar, de manera que te escri\u00adbir\u00e9 con toda brevedad. Por suerte\u2026","rel":"","context":"En \u00abEscritos de Francisco R\u00e9gis Clet\u00bb","block_context":{"text":"Escritos de Francisco R\u00e9gis Clet","link":"http:\/\/vincentians.com\/es\/category\/escritos\/escritos-de-francisco-regis-clet\/"},"img":{"alt_text":"","src":"https:\/\/i0.wp.com\/vincentians.com\/es\/wp-content\/uploads\/sites\/11\/2016\/07\/escritos-regis-clet.jpg?fit=1200%2C630&resize=350%2C200","width":350,"height":200,"srcset":"https:\/\/i0.wp.com\/vincentians.com\/es\/wp-content\/uploads\/sites\/11\/2016\/07\/escritos-regis-clet.jpg?fit=1200%2C630&resize=350%2C200 1x, https:\/\/i0.wp.com\/vincentians.com\/es\/wp-content\/uploads\/sites\/11\/2016\/07\/escritos-regis-clet.jpg?fit=1200%2C630&resize=525%2C300 1.5x, https:\/\/i0.wp.com\/vincentians.com\/es\/wp-content\/uploads\/sites\/11\/2016\/07\/escritos-regis-clet.jpg?fit=1200%2C630&resize=700%2C400 2x, https:\/\/i0.wp.com\/vincentians.com\/es\/wp-content\/uploads\/sites\/11\/2016\/07\/escritos-regis-clet.jpg?fit=1200%2C630&resize=1050%2C600 3x"},"classes":[]},{"id":16577,"url":"http:\/\/vincentians.com\/es\/regis-clet-carta-05-a-su-hermana-maria-teresa-en-grenoble\/","url_meta":{"origin":1180,"position":4},"title":"R\u00e9gis Clet, Carta 05: A Su Hermana Mar\u00eda Teresa, En Grenoble","author":"Francisco Javier Fern\u00e1ndez Chento","date":"07\/04\/2010","format":false,"excerpt":"15 de octubre, d\u00eda de tu santo, 1792 Querida hermana, Este trozo de carta es para comunicarte que llegu\u00e9 al lugar de mi residencia sin percance ninguno; no he sido reconocido en ruta duran\u00adte 30 d\u00edas de viaje. Durante ese tiempo he gozado de buena salud salvo un estre\u00f1imiento tan\u2026","rel":"","context":"En \u00abEscritos de Francisco R\u00e9gis Clet\u00bb","block_context":{"text":"Escritos de Francisco R\u00e9gis Clet","link":"http:\/\/vincentians.com\/es\/category\/escritos\/escritos-de-francisco-regis-clet\/"},"img":{"alt_text":"","src":"https:\/\/i0.wp.com\/vincentians.com\/es\/wp-content\/uploads\/sites\/11\/2016\/07\/escritos-regis-clet.jpg?fit=1200%2C630&resize=350%2C200","width":350,"height":200,"srcset":"https:\/\/i0.wp.com\/vincentians.com\/es\/wp-content\/uploads\/sites\/11\/2016\/07\/escritos-regis-clet.jpg?fit=1200%2C630&resize=350%2C200 1x, https:\/\/i0.wp.com\/vincentians.com\/es\/wp-content\/uploads\/sites\/11\/2016\/07\/escritos-regis-clet.jpg?fit=1200%2C630&resize=525%2C300 1.5x, https:\/\/i0.wp.com\/vincentians.com\/es\/wp-content\/uploads\/sites\/11\/2016\/07\/escritos-regis-clet.jpg?fit=1200%2C630&resize=700%2C400 2x, https:\/\/i0.wp.com\/vincentians.com\/es\/wp-content\/uploads\/sites\/11\/2016\/07\/escritos-regis-clet.jpg?fit=1200%2C630&resize=1050%2C600 3x"},"classes":[]},{"id":16541,"url":"http:\/\/vincentians.com\/es\/regis-clet-carta-01-a-su-hermana-maria-teresa-en-grenoble\/","url_meta":{"origin":1180,"position":5},"title":"R\u00e9gis Clet, Carta 01: A Su Hermana Mar\u00eda Teresa, En Grenoble","author":"Francisco Javier Fern\u00e1ndez Chento","date":"03\/04\/2010","format":false,"excerpt":"Par\u00eds, 10 de marzo de 1791 Querida hermana, Por fin mis votos han sido escuchados y el gozo me embarga. La Providencia me destina para trabajar por la salvaci\u00f3n de los infieles. Acaba de presentarse la ocasi\u00f3n, y yo la abrazo con avidez; he habla\u00addo con el Superior General hace\u2026","rel":"","context":"En \u00abEscritos de Francisco R\u00e9gis Clet\u00bb","block_context":{"text":"Escritos de Francisco R\u00e9gis Clet","link":"http:\/\/vincentians.com\/es\/category\/escritos\/escritos-de-francisco-regis-clet\/"},"img":{"alt_text":"","src":"https:\/\/i0.wp.com\/vincentians.com\/es\/wp-content\/uploads\/sites\/11\/2016\/07\/escritos-regis-clet.jpg?fit=1200%2C630&resize=350%2C200","width":350,"height":200,"srcset":"https:\/\/i0.wp.com\/vincentians.com\/es\/wp-content\/uploads\/sites\/11\/2016\/07\/escritos-regis-clet.jpg?fit=1200%2C630&resize=350%2C200 1x, https:\/\/i0.wp.com\/vincentians.com\/es\/wp-content\/uploads\/sites\/11\/2016\/07\/escritos-regis-clet.jpg?fit=1200%2C630&resize=525%2C300 1.5x, https:\/\/i0.wp.com\/vincentians.com\/es\/wp-content\/uploads\/sites\/11\/2016\/07\/escritos-regis-clet.jpg?fit=1200%2C630&resize=700%2C400 2x, https:\/\/i0.wp.com\/vincentians.com\/es\/wp-content\/uploads\/sites\/11\/2016\/07\/escritos-regis-clet.jpg?fit=1200%2C630&resize=1050%2C600 3x"},"classes":[]}],"_links":{"self":[{"href":"http:\/\/vincentians.com\/es\/wp-json\/wp\/v2\/posts\/1180","targetHints":{"allow":["GET"]}}],"collection":[{"href":"http:\/\/vincentians.com\/es\/wp-json\/wp\/v2\/posts"}],"about":[{"href":"http:\/\/vincentians.com\/es\/wp-json\/wp\/v2\/types\/post"}],"author":[{"embeddable":true,"href":"http:\/\/vincentians.com\/es\/wp-json\/wp\/v2\/users\/4"}],"replies":[{"embeddable":true,"href":"http:\/\/vincentians.com\/es\/wp-json\/wp\/v2\/comments?post=1180"}],"version-history":[{"count":0,"href":"http:\/\/vincentians.com\/es\/wp-json\/wp\/v2\/posts\/1180\/revisions"}],"wp:featuredmedia":[{"embeddable":true,"href":"http:\/\/vincentians.com\/es\/wp-json\/"}],"wp:attachment":[{"href":"http:\/\/vincentians.com\/es\/wp-json\/wp\/v2\/media?parent=1180"}],"wp:term":[{"taxonomy":"category","embeddable":true,"href":"http:\/\/vincentians.com\/es\/wp-json\/wp\/v2\/categories?post=1180"},{"taxonomy":"post_tag","embeddable":true,"href":"http:\/\/vincentians.com\/es\/wp-json\/wp\/v2\/tags?post=1180"}],"curies":[{"name":"wp","href":"https:\/\/api.w.org\/{rel}","templated":true}]}}