{"id":117921,"date":"2015-02-14T02:50:35","date_gmt":"2015-02-14T01:50:35","guid":{"rendered":"http:\/\/somos.vicencianos.org\/?p=117921"},"modified":"2015-02-14T02:50:35","modified_gmt":"2015-02-14T01:50:35","slug":"textos-para-la-historia-de-la-cm-en-espana-14-de-febfre","status":"publish","type":"post","link":"http:\/\/vincentians.com\/es\/textos-para-la-historia-de-la-cm-en-espana-14-de-febfre\/","title":{"rendered":"Textos para la Historia de la CM en Espa\u00f1a (14 de febrero)"},"content":{"rendered":"<h2><b>Bases de la fundaci\u00f3n de la casa de Badajoz<\/b><\/h2>\n<p>14 de febrero de 1810<span id='easy-footnote-1-117921' class='easy-footnote-margin-adjust'><\/span><span class='easy-footnote'><a href='http:\/\/vincentians.com\/es\/textos-para-la-historia-de-la-cm-en-espana-14-de-febfre\/#easy-footnote-bottom-1-117921' title='ANALES MADRID, 1911, pp. 362-365.'><sup>1<\/sup><\/a><\/span>\n<p>El Documento est\u00e1 firmado por el Ilustrisimo Sr. D. Mateo Delgado Moreno, Obispo de Badajoz, por una parte, y por otra el Sr. Pedro Vallhonesta y el Sr. Jos\u00e9 Javier Zabalza, Sacerdotes de la Misi\u00f3n. En el Documento, despu\u00e9s de referirse las diligencias hechas para obtener esta fundaci\u00f3n, se cede a nuestra Congregaci\u00f3n de la Misi\u00f3n el uso y habitaci\u00f3n de la Casa en perpetuo, observ\u00e1ndose las condiciones que a continuaci\u00f3n enumeramos:<\/p>\n<p style=\"padding-left: 30px\"><em>1.- Que el uso y habitaci\u00f3n del departamento nuevamente construido en el Colegio de San At\u00f3n, de esta ciudad, se cede y traspasa perpetuamente por S.S.I. a favor de los referidos Padres de la Congregaci\u00f3n de la Misi\u00f3n, para que puedan vivir en \u00e9l con toda separaci\u00f3n y seg\u00fan las Reglas de su Instituto, como tambi\u00e9n para la residencia y habitaci\u00f3n de los ordenandos, corrigiendos y ejercitantes.<\/em><\/p>\n<p style=\"padding-left: 30px\"><em>2.- Que as\u00ed mismo se les concede el usufructo perpetuo de todas aquellas tierras que de orden de S.S.I. se han comprado en el t\u00e9rmino y jurisdicci\u00f3n de la Villa de Almendral, cuyas cabidas, linderos y grav\u00e1menes constar\u00e1n de escrituras y t\u00edtulos de su pertenencia, que se otorgaron a favor de D. Marcos Penacho, como encargado para sus ajustes y pagos por S.S.I., y de que no se hace individual expresi\u00f3n, por constar en dichas escrituras sus cupos, linderos y grav\u00e1menes, y evitar digresiones.<\/em><\/p>\n<p style=\"padding-left: 30px\"><em>3.- Ser\u00e1 cargo y obligaci\u00f3n de los expresados Padres la conservaci\u00f3n ordinaria y la reparaci\u00f3n del citado departamento, no sucediendole a este su ruina por terremoto, guerra u otro caso fortuito terrestre o celeste, costeando las obras que para este efecto se necesiten, y pagando el censo a que est\u00e1 afecto al terreno en que sea edificado, e igualmente el cultivo o beneficio de las referidas tierras y pago de los grav\u00e1menes a que est\u00e9n afectas; y si no subsistieren los Padres Misioneros en esta ciudad, sea por la causa que fuere, aunque \u00e9sta se la supresi\u00f3n de la Congregaci\u00f3n en Espa\u00f1a, as\u00ed el dicho departamento como las dem\u00e1s fincas quedar\u00e1n en un todo por el Seminario, a disposici\u00f3n de S.I., pagando a los mencionados Padres las mejoras que hubiesen hecho.<\/em><\/p>\n<p style=\"padding-left: 30px\"><em>4.- Que los PP. Misioneros ser\u00e1n obligados a tener en el mencionado departamento cuatro Sacerdotes a lo menos con los Hermanos correspondientes, que ser\u00e1n nombrados por el M.R.P. Visitador o Superior General de la Congregaci\u00f3n, quien deber\u00e1 elegir sujetos que sean id\u00f3neos para los empleo los, que deber\u00e1n ejercer a satisfacci\u00f3n de Su Ilustrisima y de sus sucesores, pero nunca podr\u00e1n exceder los Sacerdotes y Hermanos al n\u00famero de doce, en atenci\u00f3n a que el de los cuartos del departamento es reducido para el Clero del Obispado y ser conveniente que los ejercitantes y corrigendos vivan con separaci\u00f3n y que no est\u00e9n dos o m\u00e1s en un cuarto, sino cada uno en el suyo.<\/em><\/p>\n<p style=\"padding-left: 30px\"><em>5.-Igualmente ser\u00e1n obligados a hacer las misiones conforme a la disposici\u00f3n de S.I. y sus sucesores seg\u00fan su Instituto; a dar Ejercicios espirituales\u00a0 confesar a los colegiales, darlos tambi\u00e9n a los cl\u00e9rigos corrigiendos que se les remitan, a todo el Clero y a personas seculares y\u00a0 hacer en los domingos una pl\u00e1tica moral a los colegiales o explicarles un punto de Escritura conforme dispusiere Su Ilustrisima y sus sucesores.<\/em><\/p>\n<p style=\"padding-left: 30px\"><em>6.- En remuneraci\u00f3n de los servicios que har\u00e1n de prestar a favor del Colego con arreglo a lo propuesto en la anterior condici\u00f3n, se dar\u00e1 por \u00e9ste a la Congregaci\u00f3n la gratificaci\u00f3n anual que se estime por conveniente, quedando a la consideraci\u00f3n de S.I. y de sus sucesores designar lo que sea de su agrado; y en caso que por los PP. Misioneros se ejerzan todas las funciones que sean propias del empleo de Director o p\u00edo operario seg\u00fan la constituci\u00f3n del Colegio, \u00e9ste les contribuir\u00e1 entonces con la cantidad anual que corresponda, seg\u00fan se expresar\u00e1 en la siguiente condici\u00f3n.<\/em><\/p>\n<p style=\"padding-left: 30px\"><em>7.- Ser\u00e1n asimismo los Padres obligados a servir en el Seminario por el tiempo de la voluntad de S.I. y sus sucesores las c\u00e1tedras de Moral y Escritura y empleos conforme a su Instituto, con arreglo a la Bula del Se\u00f1or Alejandro VII que empieza: \u00abPastoralis Officii\u00bb, dada en Roma a 7 de octubre de 1662 por la cual se confirma y aprueba esta Congregaci\u00f3n; en cuyo caso, y por el tiempo de su servicio, se contribuir\u00e1 a \u00e9sta por el Seminario el honorario o pensi\u00f3n que est\u00e9 asignada a los empleos y c\u00e1tedras que sirven.<\/em><\/p>\n<p style=\"padding-left: 30px\"><em>8.- Como todos los individuos del Clero que se remitan por su Ilustrisima y sus sucesores a dicho departamento y direcci\u00f3n de los PP. Misioneros bien sea para disponerlos a recibir dignamente las Sagradas \u00d3rdenes o bien sea por su mejor instrucci\u00f3n y correcci\u00f3n, contribuir con cierta pensi\u00f3n diaria que sea suficiente a su manutenci\u00f3n y asistencia queda al arbitrio y disposici\u00f3n\u00a0 de los Sres. Obispos la asignaci\u00f3n y regulaci\u00f3n de esta pensi\u00f3n con respecto a las circunstancias de los tiempos y dem\u00e1s que son de tenerse presentes y en consideraci\u00f3n. Pero por lo que hace a los eclesi\u00e1sticos y dem\u00e1s personas que voluntariamente quieran entrar a hacer Ejercicios, queda al arbitrio y prudencia de los mismos Padres la asignaci\u00f3n de la pensi\u00f3n con que deban contribuir.<\/em><\/p>\n<p style=\"padding-left: 30px\"><em>9.- No s\u00f3lo ser\u00e1 permitido a los dichos Padres recibir los ejercitantes que voluntariamente quieran entrar a hacer Ejercicios espirituales, seg\u00fan se ha expuesto, sino tambi\u00e9n adquirir para s\u00ed los bienes y subvenciones que en lo sucesivo les faciliten los bienhechores, ya sea graciosamente o ya sea bajo alg\u00fan gravamen u obligaci\u00f3n que les impongan con tal que no sea de impedimento en modo alguno a la principal que llevan contra\u00edda que es y ser\u00e1 siempre la direcci\u00f3n y educaci\u00f3n moral de los seminaristas y del Clero, seg\u00fan s ha expuesto en las anteriores.<\/em><\/p>\n<p style=\"padding-left: 30px\"><em>10.- No s\u00f3lo han de residir y habitar todos los ordenandos y ejercitantes que se remitan por su Ilustrisima y sus sucesores a los dichos Padres en el departamento de su uso, sino que tanto \u00e9stos como aquellos y todos sus dependientes y criados han de entrar precisamente y salir por la puerta que a este efecto se ha hecho en la parte superior del mismo departamento que a al Campo de San Francisco y de ning\u00fan modo por la puerta principal del Colegio, a fin de que as\u00ed en este como en el departamento de los referidos Padres se conserve el recogimiento y sosiego que corresponde observarse y permanezcan sus individuos separados respectivamente de toda comunicaci\u00f3n, como lo exige el buen orden y silencio.<\/em><\/p>\n<p style=\"padding-left: 30px\"><em>11.- Tampoco ser\u00e1 permitido a los ordenandos y ejercitandos el pasar de su departamento al de los colegiales, a excepci\u00f3n de ir a estudio, y s\u00f3lo podr\u00e1n hacerlo los Padres Sacerdotes que se ocupen en al direcci\u00f3n y educaci\u00f3n de estos por el tiempo de su ocupaci\u00f3n y a las horas oportunas, permaneciendo unos y otros en los departamentos que respectivamente les est\u00e1n se\u00f1alados o destinados.<\/em><\/p>\n<p style=\"padding-left: 30px\"><em>12.- A los Superiores de la Congregaci\u00f3n les ser\u00e1 permitido mudar los individuos que destinen al cumplimiento de esta contrata cuando la necesidad o utilidad de la constituci\u00f3n le exija, pero con la condici\u00f3n que en lugar de aquellos que renuevan manden y pongan otros que sean id\u00f3neos para desempe\u00f1ar a satisfacci\u00f3n de su Ilustrisima y de sus sucesores sus empleos, quedando obligados a hacer lo mismo cuando muera alguno de los Padres de n\u00famero que se ha prescrito o falte por alguna otra causa con las antes dichas condiciones y obligaciones en ellas contenidas.<\/em><\/p>\n","protected":false},"excerpt":{"rendered":"<p>Bases de la fundaci\u00f3n de la casa de Badajoz 14 de febrero de 1810 El Documento est\u00e1 firmado por el Ilustrisimo Sr. D. Mateo Delgado Moreno, Obispo de Badajoz, por una parte, y por otra &#8230; <a href=\"http:\/\/vincentians.com\/es\/textos-para-la-historia-de-la-cm-en-espana-14-de-febfre\/\" class=\"more-link\">Read More<\/a><\/p>\n","protected":false},"author":4,"featured_media":135564,"comment_status":"open","ping_status":"open","sticky":false,"template":"","format":"standard","meta":{"jetpack_post_was_ever_published":false,"_jetpack_newsletter_access":"","_jetpack_dont_email_post_to_subs":false,"_jetpack_newsletter_tier_id":0,"_jetpack_memberships_contains_paywalled_content":false,"_jetpack_memberships_contains_paid_content":false,"footnotes":"","jetpack_publicize_message":"","jetpack_publicize_feature_enabled":true,"jetpack_social_post_already_shared":true,"jetpack_social_options":{"image_generator_settings":{"template":"highway","default_image_id":0,"font":"","enabled":false},"version":2}},"categories":[170],"tags":[],"class_list":["post-117921","post","type-post","status-publish","format-standard","has-post-thumbnail","hentry","category-documentos-de-la-congregacion-de-la-mision"],"yoast_head":"<!-- This site is optimized with the Yoast SEO plugin v26.3 - https:\/\/yoast.com\/wordpress\/plugins\/seo\/ -->\n<title>Textos para la Historia de la CM en Espa\u00f1a (14 de febrero) - Somos Vicencianos<\/title>\n<meta name=\"robots\" content=\"index, follow, max-snippet:-1, max-image-preview:large, max-video-preview:-1\" \/>\n<link rel=\"canonical\" href=\"http:\/\/vincentians.com\/es\/textos-para-la-historia-de-la-cm-en-espana-14-de-febfre\/\" \/>\n<meta property=\"og:locale\" content=\"es_ES\" \/>\n<meta property=\"og:type\" content=\"article\" \/>\n<meta property=\"og:title\" content=\"Textos para la Historia de la CM en Espa\u00f1a (14 de febrero) - Somos Vicencianos\" \/>\n<meta property=\"og:description\" content=\"Bases de la fundaci\u00f3n de la casa de Badajoz 14 de febrero de 1810 El Documento est\u00e1 firmado por el Ilustrisimo Sr. D. Mateo Delgado Moreno, Obispo de Badajoz, por una parte, y por otra ... Read More\" \/>\n<meta property=\"og:url\" content=\"http:\/\/vincentians.com\/es\/textos-para-la-historia-de-la-cm-en-espana-14-de-febfre\/\" \/>\n<meta property=\"og:site_name\" content=\"Somos Vicencianos\" \/>\n<meta property=\"article:publisher\" content=\"https:\/\/www.facebook.com\/WeAreVincentians\/\" \/>\n<meta property=\"article:author\" content=\"https:\/\/www.facebook.com\/JavierChento\" \/>\n<meta property=\"article:published_time\" content=\"2015-02-14T01:50:35+00:00\" \/>\n<meta name=\"author\" content=\"Francisco Javier Fern\u00e1ndez Chento\" \/>\n<meta name=\"twitter:card\" content=\"summary_large_image\" \/>\n<meta name=\"twitter:creator\" content=\"@https:\/\/twitter.com\/javierchento\" \/>\n<meta name=\"twitter:site\" content=\"@WeVincentians\" \/>\n<meta name=\"twitter:label1\" content=\"Escrito por\" \/>\n\t<meta name=\"twitter:data1\" content=\"Francisco Javier Fern\u00e1ndez Chento\" \/>\n\t<meta name=\"twitter:label2\" content=\"Tiempo de lectura\" \/>\n\t<meta name=\"twitter:data2\" content=\"7 minutos\" \/>\n<script type=\"application\/ld+json\" class=\"yoast-schema-graph\">{\"@context\":\"https:\/\/schema.org\",\"@graph\":[{\"@type\":\"Article\",\"@id\":\"http:\/\/vincentians.com\/es\/textos-para-la-historia-de-la-cm-en-espana-14-de-febfre\/#article\",\"isPartOf\":{\"@id\":\"http:\/\/vincentians.com\/es\/textos-para-la-historia-de-la-cm-en-espana-14-de-febfre\/\"},\"author\":{\"name\":\"Francisco Javier Fern\u00e1ndez Chento\",\"@id\":\"http:\/\/vincentians.com\/es\/#\/schema\/person\/9623ef4d9aa3b2dfb8c061f1499288f2\"},\"headline\":\"Textos para la Historia de la CM en Espa\u00f1a (14 de febrero)\",\"datePublished\":\"2015-02-14T01:50:35+00:00\",\"mainEntityOfPage\":{\"@id\":\"http:\/\/vincentians.com\/es\/textos-para-la-historia-de-la-cm-en-espana-14-de-febfre\/\"},\"wordCount\":1392,\"commentCount\":0,\"publisher\":{\"@id\":\"http:\/\/vincentians.com\/es\/#organization\"},\"image\":{\"@id\":\"http:\/\/vincentians.com\/es\/textos-para-la-historia-de-la-cm-en-espana-14-de-febfre\/#primaryimage\"},\"thumbnailUrl\":\"\",\"articleSection\":[\"Documentos de la Congregaci\u00f3n de la Misi\u00f3n\"],\"inLanguage\":\"es\",\"potentialAction\":[{\"@type\":\"CommentAction\",\"name\":\"Comment\",\"target\":[\"http:\/\/vincentians.com\/es\/textos-para-la-historia-de-la-cm-en-espana-14-de-febfre\/#respond\"]}]},{\"@type\":\"WebPage\",\"@id\":\"http:\/\/vincentians.com\/es\/textos-para-la-historia-de-la-cm-en-espana-14-de-febfre\/\",\"url\":\"http:\/\/vincentians.com\/es\/textos-para-la-historia-de-la-cm-en-espana-14-de-febfre\/\",\"name\":\"Textos para la Historia de la CM en Espa\u00f1a (14 de febrero) - Somos Vicencianos\",\"isPartOf\":{\"@id\":\"http:\/\/vincentians.com\/es\/#website\"},\"primaryImageOfPage\":{\"@id\":\"http:\/\/vincentians.com\/es\/textos-para-la-historia-de-la-cm-en-espana-14-de-febfre\/#primaryimage\"},\"image\":{\"@id\":\"http:\/\/vincentians.com\/es\/textos-para-la-historia-de-la-cm-en-espana-14-de-febfre\/#primaryimage\"},\"thumbnailUrl\":\"\",\"datePublished\":\"2015-02-14T01:50:35+00:00\",\"breadcrumb\":{\"@id\":\"http:\/\/vincentians.com\/es\/textos-para-la-historia-de-la-cm-en-espana-14-de-febfre\/#breadcrumb\"},\"inLanguage\":\"es\",\"potentialAction\":[{\"@type\":\"ReadAction\",\"target\":[\"http:\/\/vincentians.com\/es\/textos-para-la-historia-de-la-cm-en-espana-14-de-febfre\/\"]}]},{\"@type\":\"ImageObject\",\"inLanguage\":\"es\",\"@id\":\"http:\/\/vincentians.com\/es\/textos-para-la-historia-de-la-cm-en-espana-14-de-febfre\/#primaryimage\",\"url\":\"\",\"contentUrl\":\"\"},{\"@type\":\"BreadcrumbList\",\"@id\":\"http:\/\/vincentians.com\/es\/textos-para-la-historia-de-la-cm-en-espana-14-de-febfre\/#breadcrumb\",\"itemListElement\":[{\"@type\":\"ListItem\",\"position\":1,\"name\":\"Portada\",\"item\":\"http:\/\/vincentians.com\/es\/\"},{\"@type\":\"ListItem\",\"position\":2,\"name\":\"Textos para la Historia de la CM en Espa\u00f1a (14 de febrero)\"}]},{\"@type\":\"WebSite\",\"@id\":\"http:\/\/vincentians.com\/es\/#website\",\"url\":\"http:\/\/vincentians.com\/es\/\",\"name\":\"Somos Vicencianos\",\"description\":\"Know more to serve more\",\"publisher\":{\"@id\":\"http:\/\/vincentians.com\/es\/#organization\"},\"potentialAction\":[{\"@type\":\"SearchAction\",\"target\":{\"@type\":\"EntryPoint\",\"urlTemplate\":\"http:\/\/vincentians.com\/es\/?s={search_term_string}\"},\"query-input\":{\"@type\":\"PropertyValueSpecification\",\"valueRequired\":true,\"valueName\":\"search_term_string\"}}],\"inLanguage\":\"es\"},{\"@type\":\"Organization\",\"@id\":\"http:\/\/vincentians.com\/es\/#organization\",\"name\":\"The Vincentian Network\",\"url\":\"http:\/\/vincentians.com\/es\/\",\"logo\":{\"@type\":\"ImageObject\",\"inLanguage\":\"es\",\"@id\":\"http:\/\/vincentians.com\/es\/#\/schema\/logo\/image\/\",\"url\":\"https:\/\/i1.wp.com\/vincentians.com\/es\/wp-content\/uploads\/sites\/11\/2016\/06\/Vincentian-Network-logo-big.png?fit=778%2C778\",\"contentUrl\":\"https:\/\/i1.wp.com\/vincentians.com\/es\/wp-content\/uploads\/sites\/11\/2016\/06\/Vincentian-Network-logo-big.png?fit=778%2C778\",\"width\":778,\"height\":778,\"caption\":\"The Vincentian Network\"},\"image\":{\"@id\":\"http:\/\/vincentians.com\/es\/#\/schema\/logo\/image\/\"},\"sameAs\":[\"https:\/\/www.facebook.com\/WeAreVincentians\/\",\"https:\/\/x.com\/WeVincentians\"]},{\"@type\":\"Person\",\"@id\":\"http:\/\/vincentians.com\/es\/#\/schema\/person\/9623ef4d9aa3b2dfb8c061f1499288f2\",\"name\":\"Francisco Javier Fern\u00e1ndez Chento\",\"image\":{\"@type\":\"ImageObject\",\"inLanguage\":\"es\",\"@id\":\"http:\/\/vincentians.com\/es\/#\/schema\/person\/image\/\",\"url\":\"https:\/\/secure.gravatar.com\/avatar\/497d5cde87b4c3d097d0315953521681ba2cd523ee66e5077c3711f7021e65de?s=96&d=mm&r=g\",\"contentUrl\":\"https:\/\/secure.gravatar.com\/avatar\/497d5cde87b4c3d097d0315953521681ba2cd523ee66e5077c3711f7021e65de?s=96&d=mm&r=g\",\"caption\":\"Francisco Javier Fern\u00e1ndez Chento\"},\"description\":\"Director General y cofundador de La Red de Formaci\u00f3n Vicenciana. Javier es laico vicenciano, afiliado a la Congregaci\u00f3n de la Misi\u00f3n y miembro del Equipo de Misiones Populares de la provincia can\u00f3nica de Zaragoza (Espa\u00f1a) de la Congregaci\u00f3n de la Misi\u00f3n. Graduado en la Universidad Oberta de Catalunya con cuatro grados (Asistente de direcci\u00f3n, Gesti\u00f3n Administrativa, Recursos Humanos y Contabilidad Avanzada). Bil\u00edng\u00fce Espa\u00f1ol\/Ingl\u00e9s. gestiona y mantiene varias p\u00e1ginas web cristianas y vicencianas, incluida including La Red de Formaci\u00f3n Vicenciana, de la que es cofundador. Actualmente es responsable del \u00e1rea de Espa\u00f1ol de .famvin, la Red de Noticias de la Familia Vicenciana. Tambi\u00e9n es m\u00fasico cat\u00f3lico y ha editado varios discos. Es Director General y cofundador de Trovador, una reconocida compa\u00f1\u00eda discogr\u00e1fica critiana de Espa\u00f1a. Trabaja en las Tecnolog\u00edas de la Informaci\u00f3n, ofreciendo servicios de alojamiento, dise\u00f1o y mantenimiento Web, as\u00ed como asesoramiento, formaci\u00f3n y soluciones inform\u00e1ticas, gesti\u00f3n documental y digitalizaci\u00f3n de textos, edici\u00f3n y maquetaci\u00f3n de libros, revistas, flyers, etc.\",\"sameAs\":[\"http:\/\/chento.org\",\"https:\/\/www.facebook.com\/JavierChento\",\"https:\/\/x.com\/https:\/\/twitter.com\/javierchento\"],\"url\":\"http:\/\/vincentians.com\/es\/author\/chento\/\"}]}<\/script>\n<!-- \/ Yoast SEO plugin. -->","yoast_head_json":{"title":"Textos para la Historia de la CM en Espa\u00f1a (14 de febrero) - Somos Vicencianos","robots":{"index":"index","follow":"follow","max-snippet":"max-snippet:-1","max-image-preview":"max-image-preview:large","max-video-preview":"max-video-preview:-1"},"canonical":"http:\/\/vincentians.com\/es\/textos-para-la-historia-de-la-cm-en-espana-14-de-febfre\/","og_locale":"es_ES","og_type":"article","og_title":"Textos para la Historia de la CM en Espa\u00f1a (14 de febrero) - Somos Vicencianos","og_description":"Bases de la fundaci\u00f3n de la casa de Badajoz 14 de febrero de 1810 El Documento est\u00e1 firmado por el Ilustrisimo Sr. D. Mateo Delgado Moreno, Obispo de Badajoz, por una parte, y por otra ... Read More","og_url":"http:\/\/vincentians.com\/es\/textos-para-la-historia-de-la-cm-en-espana-14-de-febfre\/","og_site_name":"Somos Vicencianos","article_publisher":"https:\/\/www.facebook.com\/WeAreVincentians\/","article_author":"https:\/\/www.facebook.com\/JavierChento","article_published_time":"2015-02-14T01:50:35+00:00","author":"Francisco Javier Fern\u00e1ndez Chento","twitter_card":"summary_large_image","twitter_creator":"@https:\/\/twitter.com\/javierchento","twitter_site":"@WeVincentians","twitter_misc":{"Escrito por":"Francisco Javier Fern\u00e1ndez Chento","Tiempo de lectura":"7 minutos"},"schema":{"@context":"https:\/\/schema.org","@graph":[{"@type":"Article","@id":"http:\/\/vincentians.com\/es\/textos-para-la-historia-de-la-cm-en-espana-14-de-febfre\/#article","isPartOf":{"@id":"http:\/\/vincentians.com\/es\/textos-para-la-historia-de-la-cm-en-espana-14-de-febfre\/"},"author":{"name":"Francisco Javier Fern\u00e1ndez Chento","@id":"http:\/\/vincentians.com\/es\/#\/schema\/person\/9623ef4d9aa3b2dfb8c061f1499288f2"},"headline":"Textos para la Historia de la CM en Espa\u00f1a (14 de febrero)","datePublished":"2015-02-14T01:50:35+00:00","mainEntityOfPage":{"@id":"http:\/\/vincentians.com\/es\/textos-para-la-historia-de-la-cm-en-espana-14-de-febfre\/"},"wordCount":1392,"commentCount":0,"publisher":{"@id":"http:\/\/vincentians.com\/es\/#organization"},"image":{"@id":"http:\/\/vincentians.com\/es\/textos-para-la-historia-de-la-cm-en-espana-14-de-febfre\/#primaryimage"},"thumbnailUrl":"","articleSection":["Documentos de la Congregaci\u00f3n de la Misi\u00f3n"],"inLanguage":"es","potentialAction":[{"@type":"CommentAction","name":"Comment","target":["http:\/\/vincentians.com\/es\/textos-para-la-historia-de-la-cm-en-espana-14-de-febfre\/#respond"]}]},{"@type":"WebPage","@id":"http:\/\/vincentians.com\/es\/textos-para-la-historia-de-la-cm-en-espana-14-de-febfre\/","url":"http:\/\/vincentians.com\/es\/textos-para-la-historia-de-la-cm-en-espana-14-de-febfre\/","name":"Textos para la Historia de la CM en Espa\u00f1a (14 de febrero) - Somos Vicencianos","isPartOf":{"@id":"http:\/\/vincentians.com\/es\/#website"},"primaryImageOfPage":{"@id":"http:\/\/vincentians.com\/es\/textos-para-la-historia-de-la-cm-en-espana-14-de-febfre\/#primaryimage"},"image":{"@id":"http:\/\/vincentians.com\/es\/textos-para-la-historia-de-la-cm-en-espana-14-de-febfre\/#primaryimage"},"thumbnailUrl":"","datePublished":"2015-02-14T01:50:35+00:00","breadcrumb":{"@id":"http:\/\/vincentians.com\/es\/textos-para-la-historia-de-la-cm-en-espana-14-de-febfre\/#breadcrumb"},"inLanguage":"es","potentialAction":[{"@type":"ReadAction","target":["http:\/\/vincentians.com\/es\/textos-para-la-historia-de-la-cm-en-espana-14-de-febfre\/"]}]},{"@type":"ImageObject","inLanguage":"es","@id":"http:\/\/vincentians.com\/es\/textos-para-la-historia-de-la-cm-en-espana-14-de-febfre\/#primaryimage","url":"","contentUrl":""},{"@type":"BreadcrumbList","@id":"http:\/\/vincentians.com\/es\/textos-para-la-historia-de-la-cm-en-espana-14-de-febfre\/#breadcrumb","itemListElement":[{"@type":"ListItem","position":1,"name":"Portada","item":"http:\/\/vincentians.com\/es\/"},{"@type":"ListItem","position":2,"name":"Textos para la Historia de la CM en Espa\u00f1a (14 de febrero)"}]},{"@type":"WebSite","@id":"http:\/\/vincentians.com\/es\/#website","url":"http:\/\/vincentians.com\/es\/","name":"Somos Vicencianos","description":"Know more to serve more","publisher":{"@id":"http:\/\/vincentians.com\/es\/#organization"},"potentialAction":[{"@type":"SearchAction","target":{"@type":"EntryPoint","urlTemplate":"http:\/\/vincentians.com\/es\/?s={search_term_string}"},"query-input":{"@type":"PropertyValueSpecification","valueRequired":true,"valueName":"search_term_string"}}],"inLanguage":"es"},{"@type":"Organization","@id":"http:\/\/vincentians.com\/es\/#organization","name":"The Vincentian Network","url":"http:\/\/vincentians.com\/es\/","logo":{"@type":"ImageObject","inLanguage":"es","@id":"http:\/\/vincentians.com\/es\/#\/schema\/logo\/image\/","url":"https:\/\/i1.wp.com\/vincentians.com\/es\/wp-content\/uploads\/sites\/11\/2016\/06\/Vincentian-Network-logo-big.png?fit=778%2C778","contentUrl":"https:\/\/i1.wp.com\/vincentians.com\/es\/wp-content\/uploads\/sites\/11\/2016\/06\/Vincentian-Network-logo-big.png?fit=778%2C778","width":778,"height":778,"caption":"The Vincentian Network"},"image":{"@id":"http:\/\/vincentians.com\/es\/#\/schema\/logo\/image\/"},"sameAs":["https:\/\/www.facebook.com\/WeAreVincentians\/","https:\/\/x.com\/WeVincentians"]},{"@type":"Person","@id":"http:\/\/vincentians.com\/es\/#\/schema\/person\/9623ef4d9aa3b2dfb8c061f1499288f2","name":"Francisco Javier Fern\u00e1ndez Chento","image":{"@type":"ImageObject","inLanguage":"es","@id":"http:\/\/vincentians.com\/es\/#\/schema\/person\/image\/","url":"https:\/\/secure.gravatar.com\/avatar\/497d5cde87b4c3d097d0315953521681ba2cd523ee66e5077c3711f7021e65de?s=96&d=mm&r=g","contentUrl":"https:\/\/secure.gravatar.com\/avatar\/497d5cde87b4c3d097d0315953521681ba2cd523ee66e5077c3711f7021e65de?s=96&d=mm&r=g","caption":"Francisco Javier Fern\u00e1ndez Chento"},"description":"Director General y cofundador de La Red de Formaci\u00f3n Vicenciana. Javier es laico vicenciano, afiliado a la Congregaci\u00f3n de la Misi\u00f3n y miembro del Equipo de Misiones Populares de la provincia can\u00f3nica de Zaragoza (Espa\u00f1a) de la Congregaci\u00f3n de la Misi\u00f3n. Graduado en la Universidad Oberta de Catalunya con cuatro grados (Asistente de direcci\u00f3n, Gesti\u00f3n Administrativa, Recursos Humanos y Contabilidad Avanzada). Bil\u00edng\u00fce Espa\u00f1ol\/Ingl\u00e9s. gestiona y mantiene varias p\u00e1ginas web cristianas y vicencianas, incluida including La Red de Formaci\u00f3n Vicenciana, de la que es cofundador. Actualmente es responsable del \u00e1rea de Espa\u00f1ol de .famvin, la Red de Noticias de la Familia Vicenciana. Tambi\u00e9n es m\u00fasico cat\u00f3lico y ha editado varios discos. Es Director General y cofundador de Trovador, una reconocida compa\u00f1\u00eda discogr\u00e1fica critiana de Espa\u00f1a. Trabaja en las Tecnolog\u00edas de la Informaci\u00f3n, ofreciendo servicios de alojamiento, dise\u00f1o y mantenimiento Web, as\u00ed como asesoramiento, formaci\u00f3n y soluciones inform\u00e1ticas, gesti\u00f3n documental y digitalizaci\u00f3n de textos, edici\u00f3n y maquetaci\u00f3n de libros, revistas, flyers, etc.","sameAs":["http:\/\/chento.org","https:\/\/www.facebook.com\/JavierChento","https:\/\/x.com\/https:\/\/twitter.com\/javierchento"],"url":"http:\/\/vincentians.com\/es\/author\/chento\/"}]}},"jetpack_publicize_connections":[],"jetpack_featured_media_url":"","jetpack_sharing_enabled":true,"jetpack_shortlink":"https:\/\/wp.me\/p7ETMF-uFX","jetpack-related-posts":[{"id":387427,"url":"http:\/\/vincentians.com\/es\/la-provincia-espanola-de-las-hijas-de-la-caridad-xiii\/","url_meta":{"origin":117921,"position":0},"title":"La Provincia espa\u00f1ola de las Hijas de la Caridad (XIII)","author":"Mitxel Olabu\u00e9naga","date":"01\/06\/2016","format":false,"excerpt":"Fundaci\u00f3n del Real Noviciado. Continuaci\u00f3n. Cuando el P. Murillo, por primera vez, habl\u00f3 al Ministro Ceballos del modo de extender el ben\u00e9fico Instituto de las Hijas de la Caridad le represent\u00e9, dice \u00e9l mismo, era preciso para esto fundar un noviciado en Espa\u00f1a, como lo estaba en Par\u00eds para toda\u2026","rel":"","context":"En \u00abHistoria de las Hijas de la Caridad\u00bb","block_context":{"text":"Historia de las Hijas de la Caridad","link":"http:\/\/vincentians.com\/es\/category\/historia-de-la-familia-vicenciana\/historia-de-las-hijas-de-la-caridad\/"},"img":{"alt_text":"","src":"https:\/\/i0.wp.com\/vincentians.com\/es\/wp-content\/uploads\/sites\/11\/2016\/07\/hijas-caridad-espanya.jpg?fit=1200%2C630&resize=350%2C200","width":350,"height":200,"srcset":"https:\/\/i0.wp.com\/vincentians.com\/es\/wp-content\/uploads\/sites\/11\/2016\/07\/hijas-caridad-espanya.jpg?fit=1200%2C630&resize=350%2C200 1x, https:\/\/i0.wp.com\/vincentians.com\/es\/wp-content\/uploads\/sites\/11\/2016\/07\/hijas-caridad-espanya.jpg?fit=1200%2C630&resize=525%2C300 1.5x, https:\/\/i0.wp.com\/vincentians.com\/es\/wp-content\/uploads\/sites\/11\/2016\/07\/hijas-caridad-espanya.jpg?fit=1200%2C630&resize=700%2C400 2x, https:\/\/i0.wp.com\/vincentians.com\/es\/wp-content\/uploads\/sites\/11\/2016\/07\/hijas-caridad-espanya.jpg?fit=1200%2C630&resize=1050%2C600 3x"},"classes":[]},{"id":130852,"url":"http:\/\/vincentians.com\/es\/resumen-historico-de-la-congregacion-de-la-mision-en-espana\/","url_meta":{"origin":117921,"position":1},"title":"Resumen hist\u00f3rico de la Congregaci\u00f3n de la Misi\u00f3n en Espa\u00f1a","author":"Mitxel Olabu\u00e9naga","date":"09\/07\/2014","format":false,"excerpt":"Resumen hist\u00f3rico de la Congregaci\u00f3n de la Misi\u00f3n en Espa\u00f1a. Su introducci\u00f3n y propagaci\u00f3n. Sus pruebas, paz y prosperidad. Su divisi\u00f3n en dos provincias. Es la Congregaci\u00f3n de la Misi\u00f3n, seg\u00fan la expresi\u00f3n del Papa Urbano VIII, un Instituto acept\u00edsimo a Dios, utilisimo a los hombres y absolutamente necesario. As\u00ed\u2026","rel":"","context":"En \u00abHistoria de la Congregaci\u00f3n de la Misi\u00f3n en Espa\u00f1a\u00bb","block_context":{"text":"Historia de la Congregaci\u00f3n de la Misi\u00f3n en Espa\u00f1a","link":"http:\/\/vincentians.com\/es\/category\/historia-de-la-familia-vicenciana\/historia-de-la-congregacion-de-la-mision-en-espana\/"},"img":{"alt_text":"cruz_sv","src":"https:\/\/i0.wp.com\/vicencianos.org\/wp-content\/2011\/04\/cruz_sv1.jpg?resize=350%2C200","width":350,"height":200},"classes":[]},{"id":387074,"url":"http:\/\/vincentians.com\/es\/cuatro-fundaciones-la-alfranca-modelo-de-implantacion\/","url_meta":{"origin":117921,"position":2},"title":"Cuatro fundaciones (La Alfranca&#8230;) modelo de implantaci\u00f3n","author":"Mitxel Olabu\u00e9naga","date":"15\/02\/2016","format":false,"excerpt":"Presentamos en unas breves l\u00edneas uno de los temas que hemos tratado en el Seminario de Historia de la CM que desarrollamos en el Estudiantado de Barakaldo. En este caso nos acercamos a cuatro fundaciones-puente (hay algunas otras que pueden ser intuidas). Las denominamos as\u00ed porque en su origen se\u2026","rel":"","context":"En \u00abSin categor\u00eda\u00bb","block_context":{"text":"Sin categor\u00eda","link":"http:\/\/vincentians.com\/es\/category\/sin-categoria\/"},"img":{"alt_text":"LOGO SEMINARIO HISTORIA 2 color","src":"https:\/\/i0.wp.com\/vicencianos.org\/wp-content\/uploads\/2016\/02\/LOGO-SEMINARIO-HISTORIA-2-color-300x300.jpg?resize=350%2C200","width":350,"height":200},"classes":[]},{"id":128112,"url":"http:\/\/vincentians.com\/es\/fundacion-de-la-congregacion-de-la-mision-en-mexico\/","url_meta":{"origin":117921,"position":3},"title":"Fundaci\u00f3n de la Congregaci\u00f3n de la Misi\u00f3n en M\u00e9xico","author":"Mitxel Olabu\u00e9naga","date":"27\/05\/2024","format":false,"excerpt":"De hecho la Congregaci\u00f3n de la Misi\u00f3n apareci\u00f3 en M\u00e9xico por causa de las Hijas de la Caridad. Por eso era obligado y agradecido comenzar por la narraci\u00f3n la fundaci\u00f3n de las Hermanas. Hasta que los Padres llegaron a la Rep\u00fablica no w ning\u00fan testimonio de que alguien hubiera pensado\u2026","rel":"","context":"En \u00abHistoria de la Congregaci\u00f3n de la Misi\u00f3n\u00bb","block_context":{"text":"Historia de la Congregaci\u00f3n de la Misi\u00f3n","link":"http:\/\/vincentians.com\/es\/category\/historia-de-la-familia-vicenciana\/historia-de-la-congregacion-de-la-mision\/"},"img":{"alt_text":"","src":"https:\/\/i0.wp.com\/vincentians.com\/es\/wp-content\/uploads\/sites\/11\/2013\/04\/f-4-scaled.jpg?fit=1200%2C570&resize=350%2C200","width":350,"height":200,"srcset":"https:\/\/i0.wp.com\/vincentians.com\/es\/wp-content\/uploads\/sites\/11\/2013\/04\/f-4-scaled.jpg?fit=1200%2C570&resize=350%2C200 1x, https:\/\/i0.wp.com\/vincentians.com\/es\/wp-content\/uploads\/sites\/11\/2013\/04\/f-4-scaled.jpg?fit=1200%2C570&resize=525%2C300 1.5x, https:\/\/i0.wp.com\/vincentians.com\/es\/wp-content\/uploads\/sites\/11\/2013\/04\/f-4-scaled.jpg?fit=1200%2C570&resize=700%2C400 2x, https:\/\/i0.wp.com\/vincentians.com\/es\/wp-content\/uploads\/sites\/11\/2013\/04\/f-4-scaled.jpg?fit=1200%2C570&resize=1050%2C600 3x"},"classes":[]},{"id":47547,"url":"http:\/\/vincentians.com\/es\/casas-fundadas-durante-el-generalato-del-sr-pierron\/","url_meta":{"origin":117921,"position":4},"title":"Casas fundadas durante el Generalato del sr. Pierron","author":"Mitxel Olabu\u00e9naga","date":"17\/12\/2016","format":false,"excerpt":"75. ROME. SS. JEAN ET PAUL. 1700. - Roman. SS. Joannis et Pauli. Inocencio XII, deseando reunir en un mismo edificio todos los tribunales de Roma, crey\u00f3 no poder encontrar un emplazamiento m\u00e1s favorable que el de Monte-Citorio, a causa de su situaci\u00f3n central. Hizo pues levantar en la\u00a0 plaza\u2026","rel":"","context":"En \u00abCongregaci\u00f3n de la Misi\u00f3n\u00bb","block_context":{"text":"Congregaci\u00f3n de la Misi\u00f3n","link":"http:\/\/vincentians.com\/es\/category\/la-familia-vicenciana\/ramas\/congregacion-de-la-mision\/"},"img":{"alt_text":"","src":"https:\/\/i0.wp.com\/vincentians.com\/es\/wp-content\/uploads\/sites\/11\/2016\/08\/superiores-generales.jpg?fit=1200%2C630&resize=350%2C200","width":350,"height":200,"srcset":"https:\/\/i0.wp.com\/vincentians.com\/es\/wp-content\/uploads\/sites\/11\/2016\/08\/superiores-generales.jpg?fit=1200%2C630&resize=350%2C200 1x, https:\/\/i0.wp.com\/vincentians.com\/es\/wp-content\/uploads\/sites\/11\/2016\/08\/superiores-generales.jpg?fit=1200%2C630&resize=525%2C300 1.5x, https:\/\/i0.wp.com\/vincentians.com\/es\/wp-content\/uploads\/sites\/11\/2016\/08\/superiores-generales.jpg?fit=1200%2C630&resize=700%2C400 2x, https:\/\/i0.wp.com\/vincentians.com\/es\/wp-content\/uploads\/sites\/11\/2016\/08\/superiores-generales.jpg?fit=1200%2C630&resize=1050%2C600 3x"},"classes":[]},{"id":387724,"url":"http:\/\/vincentians.com\/es\/la-provincia-espanola-de-las-hijas-de-la-caridad-xxvii\/","url_meta":{"origin":117921,"position":5},"title":"La Provincia espa\u00f1ola de las Hijas de la Caridad (XXVII)","author":"Mitxel Olabu\u00e9naga","date":"13\/07\/2016","format":false,"excerpt":"De la primera fundaci\u00f3n de las Hijas de la Caridad en el Hospital de Bilbao, que se verific\u00f3 en 1824 y dur\u00f3 sin formalizarse hasta 1832, s\u00f3lo hallamos su cita en el antiguo Cat\u00e1logo y el acta de Visita que pas\u00f3 el P. Codina, en 30 de septiembre de 1828.\u2026","rel":"","context":"En \u00abHistoria de las Hijas de la Caridad\u00bb","block_context":{"text":"Historia de las Hijas de la Caridad","link":"http:\/\/vincentians.com\/es\/category\/historia-de-la-familia-vicenciana\/historia-de-las-hijas-de-la-caridad\/"},"img":{"alt_text":"","src":"https:\/\/i0.wp.com\/vincentians.com\/es\/wp-content\/uploads\/sites\/11\/2016\/07\/hijas-caridad-espanya.jpg?fit=1200%2C630&resize=350%2C200","width":350,"height":200,"srcset":"https:\/\/i0.wp.com\/vincentians.com\/es\/wp-content\/uploads\/sites\/11\/2016\/07\/hijas-caridad-espanya.jpg?fit=1200%2C630&resize=350%2C200 1x, https:\/\/i0.wp.com\/vincentians.com\/es\/wp-content\/uploads\/sites\/11\/2016\/07\/hijas-caridad-espanya.jpg?fit=1200%2C630&resize=525%2C300 1.5x, https:\/\/i0.wp.com\/vincentians.com\/es\/wp-content\/uploads\/sites\/11\/2016\/07\/hijas-caridad-espanya.jpg?fit=1200%2C630&resize=700%2C400 2x, https:\/\/i0.wp.com\/vincentians.com\/es\/wp-content\/uploads\/sites\/11\/2016\/07\/hijas-caridad-espanya.jpg?fit=1200%2C630&resize=1050%2C600 3x"},"classes":[]}],"_links":{"self":[{"href":"http:\/\/vincentians.com\/es\/wp-json\/wp\/v2\/posts\/117921","targetHints":{"allow":["GET"]}}],"collection":[{"href":"http:\/\/vincentians.com\/es\/wp-json\/wp\/v2\/posts"}],"about":[{"href":"http:\/\/vincentians.com\/es\/wp-json\/wp\/v2\/types\/post"}],"author":[{"embeddable":true,"href":"http:\/\/vincentians.com\/es\/wp-json\/wp\/v2\/users\/4"}],"replies":[{"embeddable":true,"href":"http:\/\/vincentians.com\/es\/wp-json\/wp\/v2\/comments?post=117921"}],"version-history":[{"count":0,"href":"http:\/\/vincentians.com\/es\/wp-json\/wp\/v2\/posts\/117921\/revisions"}],"wp:featuredmedia":[{"embeddable":true,"href":"http:\/\/vincentians.com\/es\/wp-json\/"}],"wp:attachment":[{"href":"http:\/\/vincentians.com\/es\/wp-json\/wp\/v2\/media?parent=117921"}],"wp:term":[{"taxonomy":"category","embeddable":true,"href":"http:\/\/vincentians.com\/es\/wp-json\/wp\/v2\/categories?post=117921"},{"taxonomy":"post_tag","embeddable":true,"href":"http:\/\/vincentians.com\/es\/wp-json\/wp\/v2\/tags?post=117921"}],"curies":[{"name":"wp","href":"https:\/\/api.w.org\/{rel}","templated":true}]}}