{"id":117819,"date":"2013-01-28T14:24:00","date_gmt":"2013-01-28T13:24:00","guid":{"rendered":"http:\/\/somos.vicencianos.org\/?p=117819"},"modified":"2013-01-28T14:24:00","modified_gmt":"2013-01-28T13:24:00","slug":"entrevista-con-sor-maria-julia-mondejar-h-c","status":"publish","type":"post","link":"http:\/\/vincentians.com\/es\/entrevista-con-sor-maria-julia-mondejar-h-c\/","title":{"rendered":"Entrevista con sor Mar\u00eda Julia Mond\u00e9jar, H.C."},"content":{"rendered":"<blockquote><p><em>\u00abVidas con Luz\u00bb es un programa de Popular TV Murcia que recoge la forma de vivir la fe los diferentes invitados que entrevistamos. Queremos compartir, de una forma diferente, como la gente vive la fe, la llamada del Se\u00f1or.<\/em><\/p><\/blockquote>\n<p>En este programa, emitido el 16 de enero de 2013, se recoge una entrevista con sor Maria Julia Mond\u00e9jar, H.C.<\/p>\n<div class=\"x-resp-embed x-is-video x-is-youtube\"><iframe loading=\"lazy\" title=\"Vidas con Luz: Julia Mond\u00e9jar 16\/01\/2013\" width=\"846\" height=\"635\" src=\"https:\/\/www.youtube.com\/embed\/0jBetLqIrvM?feature=oembed\" frameborder=\"0\" allow=\"accelerometer; autoplay; clipboard-write; encrypted-media; gyroscope; picture-in-picture; web-share\" referrerpolicy=\"strict-origin-when-cross-origin\" allowfullscreen><\/iframe><\/div>\n","protected":false},"excerpt":{"rendered":"<p>\u00abVidas con Luz\u00bb es un programa de Popular TV Murcia que recoge la forma de vivir la fe los diferentes invitados que entrevistamos. Queremos compartir, de una forma diferente, como la gente vive la fe, &#8230; <a href=\"http:\/\/vincentians.com\/es\/entrevista-con-sor-maria-julia-mondejar-h-c\/\" class=\"more-link\">Read More<\/a><\/p>\n","protected":false},"author":4,"featured_media":117820,"comment_status":"open","ping_status":"open","sticky":false,"template":"","format":"standard","meta":{"jetpack_post_was_ever_published":false,"_jetpack_newsletter_access":"","_jetpack_dont_email_post_to_subs":false,"_jetpack_newsletter_tier_id":0,"_jetpack_memberships_contains_paywalled_content":false,"_jetpack_memberships_contains_paid_content":false,"footnotes":"","jetpack_publicize_message":"","jetpack_publicize_feature_enabled":true,"jetpack_social_post_already_shared":true,"jetpack_social_options":{"image_generator_settings":{"template":"highway","default_image_id":0,"font":"","enabled":false},"version":2}},"categories":[199],"tags":[],"class_list":["post-117819","post","type-post","status-publish","format-standard","has-post-thumbnail","hentry","category-hijas-de-la-caridad"],"yoast_head":"<!-- This site is optimized with the Yoast SEO plugin v26.3 - https:\/\/yoast.com\/wordpress\/plugins\/seo\/ -->\n<title>Entrevista con sor Mar\u00eda Julia Mond\u00e9jar, H.C. - Somos Vicencianos<\/title>\n<meta name=\"robots\" content=\"index, follow, max-snippet:-1, max-image-preview:large, max-video-preview:-1\" \/>\n<link rel=\"canonical\" href=\"http:\/\/vincentians.com\/es\/entrevista-con-sor-maria-julia-mondejar-h-c\/\" \/>\n<meta property=\"og:locale\" content=\"es_ES\" \/>\n<meta property=\"og:type\" content=\"article\" \/>\n<meta property=\"og:title\" content=\"Entrevista con sor Mar\u00eda Julia Mond\u00e9jar, H.C. - Somos Vicencianos\" \/>\n<meta property=\"og:description\" content=\"\u00abVidas con Luz\u00bb es un programa de Popular TV Murcia que recoge la forma de vivir la fe los diferentes invitados que entrevistamos. Queremos compartir, de una forma diferente, como la gente vive la fe, ... Read More\" \/>\n<meta property=\"og:url\" content=\"http:\/\/vincentians.com\/es\/entrevista-con-sor-maria-julia-mondejar-h-c\/\" \/>\n<meta property=\"og:site_name\" content=\"Somos Vicencianos\" \/>\n<meta property=\"article:publisher\" content=\"https:\/\/www.facebook.com\/WeAreVincentians\/\" \/>\n<meta property=\"article:author\" content=\"https:\/\/www.facebook.com\/JavierChento\" \/>\n<meta property=\"article:published_time\" content=\"2013-01-28T13:24:00+00:00\" \/>\n<meta name=\"author\" content=\"Francisco Javier Fern\u00e1ndez Chento\" \/>\n<meta name=\"twitter:card\" content=\"summary_large_image\" \/>\n<meta name=\"twitter:creator\" content=\"@https:\/\/twitter.com\/javierchento\" \/>\n<meta name=\"twitter:site\" content=\"@WeVincentians\" \/>\n<meta name=\"twitter:label1\" content=\"Escrito por\" \/>\n\t<meta name=\"twitter:data1\" content=\"Francisco Javier Fern\u00e1ndez Chento\" \/>\n<script type=\"application\/ld+json\" class=\"yoast-schema-graph\">{\"@context\":\"https:\/\/schema.org\",\"@graph\":[{\"@type\":\"Article\",\"@id\":\"http:\/\/vincentians.com\/es\/entrevista-con-sor-maria-julia-mondejar-h-c\/#article\",\"isPartOf\":{\"@id\":\"http:\/\/vincentians.com\/es\/entrevista-con-sor-maria-julia-mondejar-h-c\/\"},\"author\":{\"name\":\"Francisco Javier Fern\u00e1ndez Chento\",\"@id\":\"http:\/\/vincentians.com\/es\/#\/schema\/person\/9623ef4d9aa3b2dfb8c061f1499288f2\"},\"headline\":\"Entrevista con sor Mar\u00eda Julia Mond\u00e9jar, H.C.\",\"datePublished\":\"2013-01-28T13:24:00+00:00\",\"mainEntityOfPage\":{\"@id\":\"http:\/\/vincentians.com\/es\/entrevista-con-sor-maria-julia-mondejar-h-c\/\"},\"wordCount\":77,\"commentCount\":0,\"publisher\":{\"@id\":\"http:\/\/vincentians.com\/es\/#organization\"},\"image\":{\"@id\":\"http:\/\/vincentians.com\/es\/entrevista-con-sor-maria-julia-mondejar-h-c\/#primaryimage\"},\"thumbnailUrl\":\"\",\"articleSection\":[\"Hijas de la Caridad\"],\"inLanguage\":\"es\",\"potentialAction\":[{\"@type\":\"CommentAction\",\"name\":\"Comment\",\"target\":[\"http:\/\/vincentians.com\/es\/entrevista-con-sor-maria-julia-mondejar-h-c\/#respond\"]}]},{\"@type\":\"WebPage\",\"@id\":\"http:\/\/vincentians.com\/es\/entrevista-con-sor-maria-julia-mondejar-h-c\/\",\"url\":\"http:\/\/vincentians.com\/es\/entrevista-con-sor-maria-julia-mondejar-h-c\/\",\"name\":\"Entrevista con sor Mar\u00eda Julia Mond\u00e9jar, H.C. - Somos Vicencianos\",\"isPartOf\":{\"@id\":\"http:\/\/vincentians.com\/es\/#website\"},\"primaryImageOfPage\":{\"@id\":\"http:\/\/vincentians.com\/es\/entrevista-con-sor-maria-julia-mondejar-h-c\/#primaryimage\"},\"image\":{\"@id\":\"http:\/\/vincentians.com\/es\/entrevista-con-sor-maria-julia-mondejar-h-c\/#primaryimage\"},\"thumbnailUrl\":\"\",\"datePublished\":\"2013-01-28T13:24:00+00:00\",\"breadcrumb\":{\"@id\":\"http:\/\/vincentians.com\/es\/entrevista-con-sor-maria-julia-mondejar-h-c\/#breadcrumb\"},\"inLanguage\":\"es\",\"potentialAction\":[{\"@type\":\"ReadAction\",\"target\":[\"http:\/\/vincentians.com\/es\/entrevista-con-sor-maria-julia-mondejar-h-c\/\"]}]},{\"@type\":\"ImageObject\",\"inLanguage\":\"es\",\"@id\":\"http:\/\/vincentians.com\/es\/entrevista-con-sor-maria-julia-mondejar-h-c\/#primaryimage\",\"url\":\"\",\"contentUrl\":\"\"},{\"@type\":\"BreadcrumbList\",\"@id\":\"http:\/\/vincentians.com\/es\/entrevista-con-sor-maria-julia-mondejar-h-c\/#breadcrumb\",\"itemListElement\":[{\"@type\":\"ListItem\",\"position\":1,\"name\":\"Portada\",\"item\":\"http:\/\/vincentians.com\/es\/\"},{\"@type\":\"ListItem\",\"position\":2,\"name\":\"Entrevista con sor Mar\u00eda Julia Mond\u00e9jar, H.C.\"}]},{\"@type\":\"WebSite\",\"@id\":\"http:\/\/vincentians.com\/es\/#website\",\"url\":\"http:\/\/vincentians.com\/es\/\",\"name\":\"Somos Vicencianos\",\"description\":\"Know more to serve more\",\"publisher\":{\"@id\":\"http:\/\/vincentians.com\/es\/#organization\"},\"potentialAction\":[{\"@type\":\"SearchAction\",\"target\":{\"@type\":\"EntryPoint\",\"urlTemplate\":\"http:\/\/vincentians.com\/es\/?s={search_term_string}\"},\"query-input\":{\"@type\":\"PropertyValueSpecification\",\"valueRequired\":true,\"valueName\":\"search_term_string\"}}],\"inLanguage\":\"es\"},{\"@type\":\"Organization\",\"@id\":\"http:\/\/vincentians.com\/es\/#organization\",\"name\":\"The Vincentian Network\",\"url\":\"http:\/\/vincentians.com\/es\/\",\"logo\":{\"@type\":\"ImageObject\",\"inLanguage\":\"es\",\"@id\":\"http:\/\/vincentians.com\/es\/#\/schema\/logo\/image\/\",\"url\":\"https:\/\/i1.wp.com\/vincentians.com\/es\/wp-content\/uploads\/sites\/11\/2016\/06\/Vincentian-Network-logo-big.png?fit=778%2C778\",\"contentUrl\":\"https:\/\/i1.wp.com\/vincentians.com\/es\/wp-content\/uploads\/sites\/11\/2016\/06\/Vincentian-Network-logo-big.png?fit=778%2C778\",\"width\":778,\"height\":778,\"caption\":\"The Vincentian Network\"},\"image\":{\"@id\":\"http:\/\/vincentians.com\/es\/#\/schema\/logo\/image\/\"},\"sameAs\":[\"https:\/\/www.facebook.com\/WeAreVincentians\/\",\"https:\/\/x.com\/WeVincentians\"]},{\"@type\":\"Person\",\"@id\":\"http:\/\/vincentians.com\/es\/#\/schema\/person\/9623ef4d9aa3b2dfb8c061f1499288f2\",\"name\":\"Francisco Javier Fern\u00e1ndez Chento\",\"image\":{\"@type\":\"ImageObject\",\"inLanguage\":\"es\",\"@id\":\"http:\/\/vincentians.com\/es\/#\/schema\/person\/image\/\",\"url\":\"https:\/\/secure.gravatar.com\/avatar\/497d5cde87b4c3d097d0315953521681ba2cd523ee66e5077c3711f7021e65de?s=96&d=mm&r=g\",\"contentUrl\":\"https:\/\/secure.gravatar.com\/avatar\/497d5cde87b4c3d097d0315953521681ba2cd523ee66e5077c3711f7021e65de?s=96&d=mm&r=g\",\"caption\":\"Francisco Javier Fern\u00e1ndez Chento\"},\"description\":\"Director General y cofundador de La Red de Formaci\u00f3n Vicenciana. Javier es laico vicenciano, afiliado a la Congregaci\u00f3n de la Misi\u00f3n y miembro del Equipo de Misiones Populares de la provincia can\u00f3nica de Zaragoza (Espa\u00f1a) de la Congregaci\u00f3n de la Misi\u00f3n. Graduado en la Universidad Oberta de Catalunya con cuatro grados (Asistente de direcci\u00f3n, Gesti\u00f3n Administrativa, Recursos Humanos y Contabilidad Avanzada). Bil\u00edng\u00fce Espa\u00f1ol\/Ingl\u00e9s. gestiona y mantiene varias p\u00e1ginas web cristianas y vicencianas, incluida including La Red de Formaci\u00f3n Vicenciana, de la que es cofundador. Actualmente es responsable del \u00e1rea de Espa\u00f1ol de .famvin, la Red de Noticias de la Familia Vicenciana. Tambi\u00e9n es m\u00fasico cat\u00f3lico y ha editado varios discos. Es Director General y cofundador de Trovador, una reconocida compa\u00f1\u00eda discogr\u00e1fica critiana de Espa\u00f1a. Trabaja en las Tecnolog\u00edas de la Informaci\u00f3n, ofreciendo servicios de alojamiento, dise\u00f1o y mantenimiento Web, as\u00ed como asesoramiento, formaci\u00f3n y soluciones inform\u00e1ticas, gesti\u00f3n documental y digitalizaci\u00f3n de textos, edici\u00f3n y maquetaci\u00f3n de libros, revistas, flyers, etc.\",\"sameAs\":[\"http:\/\/chento.org\",\"https:\/\/www.facebook.com\/JavierChento\",\"https:\/\/x.com\/https:\/\/twitter.com\/javierchento\"],\"url\":\"http:\/\/vincentians.com\/es\/author\/chento\/\"}]}<\/script>\n<!-- \/ Yoast SEO plugin. -->","yoast_head_json":{"title":"Entrevista con sor Mar\u00eda Julia Mond\u00e9jar, H.C. - Somos Vicencianos","robots":{"index":"index","follow":"follow","max-snippet":"max-snippet:-1","max-image-preview":"max-image-preview:large","max-video-preview":"max-video-preview:-1"},"canonical":"http:\/\/vincentians.com\/es\/entrevista-con-sor-maria-julia-mondejar-h-c\/","og_locale":"es_ES","og_type":"article","og_title":"Entrevista con sor Mar\u00eda Julia Mond\u00e9jar, H.C. - Somos Vicencianos","og_description":"\u00abVidas con Luz\u00bb es un programa de Popular TV Murcia que recoge la forma de vivir la fe los diferentes invitados que entrevistamos. Queremos compartir, de una forma diferente, como la gente vive la fe, ... Read More","og_url":"http:\/\/vincentians.com\/es\/entrevista-con-sor-maria-julia-mondejar-h-c\/","og_site_name":"Somos Vicencianos","article_publisher":"https:\/\/www.facebook.com\/WeAreVincentians\/","article_author":"https:\/\/www.facebook.com\/JavierChento","article_published_time":"2013-01-28T13:24:00+00:00","author":"Francisco Javier Fern\u00e1ndez Chento","twitter_card":"summary_large_image","twitter_creator":"@https:\/\/twitter.com\/javierchento","twitter_site":"@WeVincentians","twitter_misc":{"Escrito por":"Francisco Javier Fern\u00e1ndez Chento"},"schema":{"@context":"https:\/\/schema.org","@graph":[{"@type":"Article","@id":"http:\/\/vincentians.com\/es\/entrevista-con-sor-maria-julia-mondejar-h-c\/#article","isPartOf":{"@id":"http:\/\/vincentians.com\/es\/entrevista-con-sor-maria-julia-mondejar-h-c\/"},"author":{"name":"Francisco Javier Fern\u00e1ndez Chento","@id":"http:\/\/vincentians.com\/es\/#\/schema\/person\/9623ef4d9aa3b2dfb8c061f1499288f2"},"headline":"Entrevista con sor Mar\u00eda Julia Mond\u00e9jar, H.C.","datePublished":"2013-01-28T13:24:00+00:00","mainEntityOfPage":{"@id":"http:\/\/vincentians.com\/es\/entrevista-con-sor-maria-julia-mondejar-h-c\/"},"wordCount":77,"commentCount":0,"publisher":{"@id":"http:\/\/vincentians.com\/es\/#organization"},"image":{"@id":"http:\/\/vincentians.com\/es\/entrevista-con-sor-maria-julia-mondejar-h-c\/#primaryimage"},"thumbnailUrl":"","articleSection":["Hijas de la Caridad"],"inLanguage":"es","potentialAction":[{"@type":"CommentAction","name":"Comment","target":["http:\/\/vincentians.com\/es\/entrevista-con-sor-maria-julia-mondejar-h-c\/#respond"]}]},{"@type":"WebPage","@id":"http:\/\/vincentians.com\/es\/entrevista-con-sor-maria-julia-mondejar-h-c\/","url":"http:\/\/vincentians.com\/es\/entrevista-con-sor-maria-julia-mondejar-h-c\/","name":"Entrevista con sor Mar\u00eda Julia Mond\u00e9jar, H.C. - Somos Vicencianos","isPartOf":{"@id":"http:\/\/vincentians.com\/es\/#website"},"primaryImageOfPage":{"@id":"http:\/\/vincentians.com\/es\/entrevista-con-sor-maria-julia-mondejar-h-c\/#primaryimage"},"image":{"@id":"http:\/\/vincentians.com\/es\/entrevista-con-sor-maria-julia-mondejar-h-c\/#primaryimage"},"thumbnailUrl":"","datePublished":"2013-01-28T13:24:00+00:00","breadcrumb":{"@id":"http:\/\/vincentians.com\/es\/entrevista-con-sor-maria-julia-mondejar-h-c\/#breadcrumb"},"inLanguage":"es","potentialAction":[{"@type":"ReadAction","target":["http:\/\/vincentians.com\/es\/entrevista-con-sor-maria-julia-mondejar-h-c\/"]}]},{"@type":"ImageObject","inLanguage":"es","@id":"http:\/\/vincentians.com\/es\/entrevista-con-sor-maria-julia-mondejar-h-c\/#primaryimage","url":"","contentUrl":""},{"@type":"BreadcrumbList","@id":"http:\/\/vincentians.com\/es\/entrevista-con-sor-maria-julia-mondejar-h-c\/#breadcrumb","itemListElement":[{"@type":"ListItem","position":1,"name":"Portada","item":"http:\/\/vincentians.com\/es\/"},{"@type":"ListItem","position":2,"name":"Entrevista con sor Mar\u00eda Julia Mond\u00e9jar, H.C."}]},{"@type":"WebSite","@id":"http:\/\/vincentians.com\/es\/#website","url":"http:\/\/vincentians.com\/es\/","name":"Somos Vicencianos","description":"Know more to serve more","publisher":{"@id":"http:\/\/vincentians.com\/es\/#organization"},"potentialAction":[{"@type":"SearchAction","target":{"@type":"EntryPoint","urlTemplate":"http:\/\/vincentians.com\/es\/?s={search_term_string}"},"query-input":{"@type":"PropertyValueSpecification","valueRequired":true,"valueName":"search_term_string"}}],"inLanguage":"es"},{"@type":"Organization","@id":"http:\/\/vincentians.com\/es\/#organization","name":"The Vincentian Network","url":"http:\/\/vincentians.com\/es\/","logo":{"@type":"ImageObject","inLanguage":"es","@id":"http:\/\/vincentians.com\/es\/#\/schema\/logo\/image\/","url":"https:\/\/i1.wp.com\/vincentians.com\/es\/wp-content\/uploads\/sites\/11\/2016\/06\/Vincentian-Network-logo-big.png?fit=778%2C778","contentUrl":"https:\/\/i1.wp.com\/vincentians.com\/es\/wp-content\/uploads\/sites\/11\/2016\/06\/Vincentian-Network-logo-big.png?fit=778%2C778","width":778,"height":778,"caption":"The Vincentian Network"},"image":{"@id":"http:\/\/vincentians.com\/es\/#\/schema\/logo\/image\/"},"sameAs":["https:\/\/www.facebook.com\/WeAreVincentians\/","https:\/\/x.com\/WeVincentians"]},{"@type":"Person","@id":"http:\/\/vincentians.com\/es\/#\/schema\/person\/9623ef4d9aa3b2dfb8c061f1499288f2","name":"Francisco Javier Fern\u00e1ndez Chento","image":{"@type":"ImageObject","inLanguage":"es","@id":"http:\/\/vincentians.com\/es\/#\/schema\/person\/image\/","url":"https:\/\/secure.gravatar.com\/avatar\/497d5cde87b4c3d097d0315953521681ba2cd523ee66e5077c3711f7021e65de?s=96&d=mm&r=g","contentUrl":"https:\/\/secure.gravatar.com\/avatar\/497d5cde87b4c3d097d0315953521681ba2cd523ee66e5077c3711f7021e65de?s=96&d=mm&r=g","caption":"Francisco Javier Fern\u00e1ndez Chento"},"description":"Director General y cofundador de La Red de Formaci\u00f3n Vicenciana. Javier es laico vicenciano, afiliado a la Congregaci\u00f3n de la Misi\u00f3n y miembro del Equipo de Misiones Populares de la provincia can\u00f3nica de Zaragoza (Espa\u00f1a) de la Congregaci\u00f3n de la Misi\u00f3n. Graduado en la Universidad Oberta de Catalunya con cuatro grados (Asistente de direcci\u00f3n, Gesti\u00f3n Administrativa, Recursos Humanos y Contabilidad Avanzada). Bil\u00edng\u00fce Espa\u00f1ol\/Ingl\u00e9s. gestiona y mantiene varias p\u00e1ginas web cristianas y vicencianas, incluida including La Red de Formaci\u00f3n Vicenciana, de la que es cofundador. Actualmente es responsable del \u00e1rea de Espa\u00f1ol de .famvin, la Red de Noticias de la Familia Vicenciana. Tambi\u00e9n es m\u00fasico cat\u00f3lico y ha editado varios discos. Es Director General y cofundador de Trovador, una reconocida compa\u00f1\u00eda discogr\u00e1fica critiana de Espa\u00f1a. Trabaja en las Tecnolog\u00edas de la Informaci\u00f3n, ofreciendo servicios de alojamiento, dise\u00f1o y mantenimiento Web, as\u00ed como asesoramiento, formaci\u00f3n y soluciones inform\u00e1ticas, gesti\u00f3n documental y digitalizaci\u00f3n de textos, edici\u00f3n y maquetaci\u00f3n de libros, revistas, flyers, etc.","sameAs":["http:\/\/chento.org","https:\/\/www.facebook.com\/JavierChento","https:\/\/x.com\/https:\/\/twitter.com\/javierchento"],"url":"http:\/\/vincentians.com\/es\/author\/chento\/"}]}},"jetpack_publicize_connections":[],"jetpack_featured_media_url":"","jetpack_sharing_enabled":true,"jetpack_shortlink":"https:\/\/wp.me\/p7ETMF-uEj","jetpack-related-posts":[{"id":33621,"url":"http:\/\/vincentians.com\/es\/los-martires-de-la-familia-vicenciana-en-el-siglo-xx-brasil\/","url_meta":{"origin":117819,"position":0},"title":"Los m\u00e1rtires de la Familia Vicenciana en el siglo XX: Brasil","author":"Francisco Javier Fern\u00e1ndez Chento","date":"26\/05\/2014","format":false,"excerpt":"M\u00e1rtires de la Compa\u00f1\u00eda de las Hijas de la Caridad 1. Sor Lindalva OLIVEIRA, H.C., de la provincia de Recife, naci\u00f3 el 20 de Octubre de 1953 en Apu, en el estado de R\u00edo Grande del Norte, en Brasil, y muri\u00f3 el 9 de Abril en Salvador, Brasil. El Viernes\u2026","rel":"","context":"En \u00abHistoria sin categorizar\u00bb","block_context":{"text":"Historia sin categorizar","link":"http:\/\/vincentians.com\/es\/category\/historia-de-la-familia-vicenciana\/historia-sin-categorizar\/"},"img":{"alt_text":"Beata Lindalva","src":"https:\/\/i0.wp.com\/vicencianos.org\/wp-content\/2011\/04\/Beata_Lindalva-237x300.jpg?resize=350%2C200","width":350,"height":200},"classes":[]},{"id":27199,"url":"http:\/\/vincentians.com\/es\/martires-de-la-compania-de-las-hijas-de-la-caridad\/","url_meta":{"origin":117819,"position":1},"title":"M\u00e1rtires de la Compa\u00f1\u00eda de las Hijas de la Caridad","author":"Francisco Javier Fern\u00e1ndez Chento","date":"25\/08\/2013","format":false,"excerpt":"a. Di\u00f3cesis de Madrid - Puerta de Hierro (12 de Agoto de 1936) 1. Sor Melchora-Adoraci\u00f3n Cort\u00e9s Bueno, H.C, naci\u00f3 el 4 de Mayo de 1884 en Sos del Rey Cat\u00f3lico, Zaragoza (Espa\u00f1a) y muri\u00f3 el 12 de Agoto de 1936. 2. Sor Mar\u00eda Severina D\u00edaz-Pardo Gauna, H.C., naci\u00f3 el\u2026","rel":"","context":"En \u00abHijas de la Caridad\u00bb","block_context":{"text":"Hijas de la Caridad","link":"http:\/\/vincentians.com\/es\/category\/la-familia-vicenciana\/ramas\/hijas-de-la-caridad\/"},"img":{"alt_text":"","src":"https:\/\/i0.wp.com\/vicencianos.org\/wp-content\/2011\/01\/logo_hhcc-219x300.jpg?resize=350%2C200","width":350,"height":200},"classes":[]},{"id":33636,"url":"http:\/\/vincentians.com\/es\/los-martires-de-la-familia-vicenciana-en-el-siglo-xx-la-guerra-civil-espanola-de-1936-1939-segunda-parte\/","url_meta":{"origin":117819,"position":2},"title":"Los m\u00e1rtires de la Familia Vicenciana en el siglo XX: La guerra civil espa\u00f1ola de 1936-1939 (Segunda parte)","author":"Francisco Javier Fern\u00e1ndez Chento","date":"27\/01\/2017","format":false,"excerpt":"M\u00e1rtires de la Compa\u00f1\u00eda de las Hijas de la Caridad a) Di\u00f3cesis de Madrid Puerta de Hierro (12 de Agosto de 1936) 1. Sor Melchora-Adoraci\u00f3n CORT\u00c9S BUENO, H.C, naci\u00f3 el 4 de Mayo de 1884 en Sos del Rey Cat\u00f3lico, Zaragoza (Espa\u00f1a) y muri\u00f3 el 12 de Agosto de 1936.\u2026","rel":"","context":"En \u00abHistoria sin categorizar\u00bb","block_context":{"text":"Historia sin categorizar","link":"http:\/\/vincentians.com\/es\/category\/historia-de-la-familia-vicenciana\/historia-sin-categorizar\/"},"img":{"alt_text":"","src":"https:\/\/i0.wp.com\/vincentians.com\/es\/wp-content\/uploads\/sites\/11\/2011\/11\/HIjas-Caridad.jpg?fit=1200%2C600&resize=350%2C200","width":350,"height":200,"srcset":"https:\/\/i0.wp.com\/vincentians.com\/es\/wp-content\/uploads\/sites\/11\/2011\/11\/HIjas-Caridad.jpg?fit=1200%2C600&resize=350%2C200 1x, https:\/\/i0.wp.com\/vincentians.com\/es\/wp-content\/uploads\/sites\/11\/2011\/11\/HIjas-Caridad.jpg?fit=1200%2C600&resize=525%2C300 1.5x, https:\/\/i0.wp.com\/vincentians.com\/es\/wp-content\/uploads\/sites\/11\/2011\/11\/HIjas-Caridad.jpg?fit=1200%2C600&resize=700%2C400 2x, https:\/\/i0.wp.com\/vincentians.com\/es\/wp-content\/uploads\/sites\/11\/2011\/11\/HIjas-Caridad.jpg?fit=1200%2C600&resize=1050%2C600 3x"},"classes":[]},{"id":45063,"url":"http:\/\/vincentians.com\/es\/lucia-roge-testamento-de-sor-lucia-roge\/","url_meta":{"origin":117819,"position":3},"title":"Luc\u00eda Rog\u00e9: Testamento de Sor Luc\u00eda Rog\u00e9","author":"Francisco Javier Fern\u00e1ndez Chento","date":"11\/07\/2011","format":false,"excerpt":"Sor Luc\u00eda Rog\u00e9, H.C. \u00c9ste es mi testamento... Perd\u00f3n por todo lo que han tenido que sufrir, unos y otros, a trav\u00e9s de lo que ha sido mi pobre vida. Perd\u00f3n, especialmente, por esos once a\u00f1os de servicio, en la Casa Madre, a toda la Compa\u00f1\u00eda, durante los cuales la\u2026","rel":"","context":"En \u00abEscritos de Luc\u00eda Rog\u00e9\u00bb","block_context":{"text":"Escritos de Luc\u00eda Rog\u00e9","link":"http:\/\/vincentians.com\/es\/category\/escritos\/escritos-de-lucia-roge\/"},"img":{"alt_text":"","src":"https:\/\/i0.wp.com\/vincentians.com\/es\/wp-content\/uploads\/sites\/11\/2016\/07\/escritos-lucia-roge.jpg?fit=1200%2C630&resize=350%2C200","width":350,"height":200,"srcset":"https:\/\/i0.wp.com\/vincentians.com\/es\/wp-content\/uploads\/sites\/11\/2016\/07\/escritos-lucia-roge.jpg?fit=1200%2C630&resize=350%2C200 1x, https:\/\/i0.wp.com\/vincentians.com\/es\/wp-content\/uploads\/sites\/11\/2016\/07\/escritos-lucia-roge.jpg?fit=1200%2C630&resize=525%2C300 1.5x, https:\/\/i0.wp.com\/vincentians.com\/es\/wp-content\/uploads\/sites\/11\/2016\/07\/escritos-lucia-roge.jpg?fit=1200%2C630&resize=700%2C400 2x, https:\/\/i0.wp.com\/vincentians.com\/es\/wp-content\/uploads\/sites\/11\/2016\/07\/escritos-lucia-roge.jpg?fit=1200%2C630&resize=1050%2C600 3x"},"classes":[]},{"id":29811,"url":"http:\/\/vincentians.com\/es\/conversaciones-con-elisabeth-charpy-primera-parte\/","url_meta":{"origin":117819,"position":4},"title":"Conversaciones con Elisabeth Charpy (Primera parte)","author":"Francisco Javier Fern\u00e1ndez Chento","date":"17\/02\/2020","format":false,"excerpt":"Aunque el video que presentamos ahora est\u00e1 en un idioma que no es el Espa\u00f1ol, no queremos dejar pasar la oportunidad de mostraros este interesant\u00edimo video, que es la primera parte de una entrevista con Elisabeth Charpy, Hija de la Caridad, estudiosa\u00a0 y profunda conocedora del mundo vicenciano y de\u2026","rel":"","context":"En \u00abHijas de la Caridad\u00bb","block_context":{"text":"Hijas de la Caridad","link":"http:\/\/vincentians.com\/es\/category\/la-familia-vicenciana\/ramas\/hijas-de-la-caridad\/"},"img":{"alt_text":"","src":"https:\/\/i0.wp.com\/vincentians.com\/es\/wp-content\/uploads\/sites\/11\/2017\/10\/hijas-caridad1.jpg?fit=846%2C446&resize=350%2C200","width":350,"height":200,"srcset":"https:\/\/i0.wp.com\/vincentians.com\/es\/wp-content\/uploads\/sites\/11\/2017\/10\/hijas-caridad1.jpg?fit=846%2C446&resize=350%2C200 1x, https:\/\/i0.wp.com\/vincentians.com\/es\/wp-content\/uploads\/sites\/11\/2017\/10\/hijas-caridad1.jpg?fit=846%2C446&resize=525%2C300 1.5x, https:\/\/i0.wp.com\/vincentians.com\/es\/wp-content\/uploads\/sites\/11\/2017\/10\/hijas-caridad1.jpg?fit=846%2C446&resize=700%2C400 2x"},"classes":[]},{"id":132137,"url":"http:\/\/vincentians.com\/es\/sor-mari-luz-ibarz-bazan\/","url_meta":{"origin":117819,"position":5},"title":"Sor Mari Luz Ibarz Baz\u00e1n","author":"Francisco Javier Fern\u00e1ndez Chento","date":"07\/12\/2014","format":false,"excerpt":"Ha muerto Sor Mari Luz Ibarz Baz\u00e1n, Hija de la Caridad, m\u00e1s conocida como Sor Tripi entre los presos que pueblan las c\u00e1rceles de Espa\u00f1a. Dec\u00edan que\u00a0sus palabras les pon\u00edan m\u00e1s euf\u00f3ricos que cualquier droga. Llevaba m\u00e1s de\u00a030 a\u00f1os dedic\u00e1ndose a la pastoral penitenciaria y no ten\u00eda\u00a0ninguna intenci\u00f3n de abandonar\u2026","rel":"","context":"En \u00abTestigos vicencianos\u00bb","block_context":{"text":"Testigos vicencianos","link":"http:\/\/vincentians.com\/es\/category\/la-familia-vicenciana\/testigos-vicencianos\/"},"img":{"alt_text":"la_hermana_mari_luz","src":"https:\/\/i0.wp.com\/vicencianos.org\/wp-content\/2014\/12\/la_hermana_mari_luz.jpg?resize=350%2C200","width":350,"height":200},"classes":[]}],"_links":{"self":[{"href":"http:\/\/vincentians.com\/es\/wp-json\/wp\/v2\/posts\/117819","targetHints":{"allow":["GET"]}}],"collection":[{"href":"http:\/\/vincentians.com\/es\/wp-json\/wp\/v2\/posts"}],"about":[{"href":"http:\/\/vincentians.com\/es\/wp-json\/wp\/v2\/types\/post"}],"author":[{"embeddable":true,"href":"http:\/\/vincentians.com\/es\/wp-json\/wp\/v2\/users\/4"}],"replies":[{"embeddable":true,"href":"http:\/\/vincentians.com\/es\/wp-json\/wp\/v2\/comments?post=117819"}],"version-history":[{"count":0,"href":"http:\/\/vincentians.com\/es\/wp-json\/wp\/v2\/posts\/117819\/revisions"}],"wp:featuredmedia":[{"embeddable":true,"href":"http:\/\/vincentians.com\/es\/wp-json\/"}],"wp:attachment":[{"href":"http:\/\/vincentians.com\/es\/wp-json\/wp\/v2\/media?parent=117819"}],"wp:term":[{"taxonomy":"category","embeddable":true,"href":"http:\/\/vincentians.com\/es\/wp-json\/wp\/v2\/categories?post=117819"},{"taxonomy":"post_tag","embeddable":true,"href":"http:\/\/vincentians.com\/es\/wp-json\/wp\/v2\/tags?post=117819"}],"curies":[{"name":"wp","href":"https:\/\/api.w.org\/{rel}","templated":true}]}}