{"id":11734,"date":"2017-03-03T00:01:03","date_gmt":"2017-03-02T23:01:03","guid":{"rendered":"http:\/\/somos.vicencianos.org\/blog\/2010\/03\/03\/tal-dia-como-hoy-3-de-marzo\/"},"modified":"2016-07-24T09:26:37","modified_gmt":"2016-07-24T07:26:37","slug":"tal-dia-como-hoy-3-de-marzo","status":"publish","type":"post","link":"http:\/\/vincentians.com\/es\/tal-dia-como-hoy-3-de-marzo\/","title":{"rendered":"Tal d\u00eda como hoy: 3 de marzo"},"content":{"rendered":"<p><strong>1644.<\/strong> Luisa de Marillac escribe a sor Juana Dalmagne, que est\u00e1 muy enferma en Nanteuil: \u00abAdoro de todo coraz\u00f3n el orden de la divina Providencia sobre la disposici\u00f3n que parece querer hacer de su vida; si es la muy santa voluntad de Dios retirar su alma, bendito sea su santo nombre. \u00c9l conoce mi pena por no poder asistirla en este \u00faltimo acto de amor que creo que usted har\u00e1 de dar su alma muy voluntariamente al Padre Eterno, con el deseo de que haga honor al instante de la muerte de su Hijo. Nuestra buena sor Isabel va a asegurarle el afecto de todas nuestras Hermanas y el deseo de que se acordar\u00e1 de ellas en el Cielo cuando Dios le haya hecho misericordia&#8230; Acu\u00e9rdese&#8230; de las necesidades de la pobre Compa\u00f1\u00eda a la que Dios la ha llamado; s\u00edrvale de abogado ante su bondad para que le plazca cumplir sus designios sobre ella&#8230;\u00bb. Sor Juana morir\u00e1 el 25 de marzo, con treinta y tres a\u00f1os de edad, justo un a\u00f1o despu\u00e9s de pronunciar sus votos y cinco de ser admitida en la Compa\u00f1\u00eda de las Hijas de la Caridad.<\/p>\n<p><strong>1654.<\/strong> Conferencia de Vicente de Pa\u00fal en San L\u00e1zaro sobre el santo tiempo de cuaresma.<\/p>\n<p><strong>1656.<\/strong> Carta de Vicente de Pa\u00fal a Esteban Blatiron, superior de G\u00e9nova, en la que pone de manifiesto los inconvenientes de acoger ni\u00f1os que no tienen edad suficiente para hacer una elecci\u00f3n de vida, porque a menudo, una vez formados con el consiguiente gasto, no se hacen sacerdotes o, si se hacen y permanecen en la Congregaci\u00f3n, es de temer que no resulten apropiados para las funciones de la misma y den motivos para despedirlos. Vicente alude a lo que les ha ocurrido recientemente con una quincena de j\u00f3venes y las experiencias del seminario de Rouen que fund\u00f3 el difunto Cardenal de Joyeuse y las casas de la Visitaci\u00f3n que dan el h\u00e1bito a las ni\u00f1as pensionistas que lo piden al cumplir los diecis\u00e9is a\u00f1os.<\/p>\n<p><strong>1796.<\/strong> En Vannes, donde ha pasado sus \u00faltimas horas en prisi\u00f3n escribiendo a su madre y a sus compa\u00f1eros pa\u00fales y animando a los presos, particularmente al sacerdote Alain Robin, que debe morir con \u00e9l, Pedro Renato Rogue es llevado, a las tres de la tarde, a la plaza del ayuntamiento. All\u00ed, le dice al verdugo, que le conoce, \u00abAmigo m\u00edo, cumpla con su deber\u00bb. El d\u00eda anterior, a las ocho de la ma\u00f1ana hab\u00eda sido llevado ante el tribunal revolucionario de Morbihan. La sesi\u00f3n se desarroll\u00f3 en la que fuera la capilla del Men\u00e9, donde hab\u00eda sido ordenado sacerdote catorce a\u00f1os antes y hab\u00eda dicho su primera misa. Rogue, como \u00absacerdote refractario a las leyes\u00bb, es condenado a ser ejecutado en las veinticuatro horas siguientes. Al o\u00edr el veredicto se pone de rodillas y dice: \u00abLe doy gracias, Dios m\u00edo, por juzgarme digno de morir por la fe y escuchar mi sentencia de muerte en el lugar en el que tan a menudo he predicado su palabra y ejercido las funciones de un ministerio augusto\u00bb. A la madre, que estaba presente en la sesi\u00f3n, se le permiti\u00f3 abrazar por \u00faltima vez a su hijo.<\/p>\n<p><strong>1926.<\/strong> En Par\u00eds, muere el P. Alfredo Milon, que hab\u00eda sido el secretario general de la Congregaci\u00f3n durante veintid\u00f3s a\u00f1os, de 1892 a 1914. Naci\u00f3 en la di\u00f3cesis de La Rochelle el 9 de mayo de 1844. Tras ser ordenado y ocupar puestos en varios seminarios, fue nombrado secretario general de la Congregaci\u00f3n en sustituci\u00f3n del P. Terrasson, afectado por una ceguera. En su calidad de secretario, puso en orden los Archivos y transform\u00f3 los Anales, convirti\u00e9ndolos en una fuente preciosa para el estudio del pasado de la Congregaci\u00f3n. Tambi\u00e9n escribi\u00f3 numerosas obras que en conjunto constituyen una bella documentaci\u00f3n hist\u00f3rica vicenciana. Como bibliotecario pudo catalogar los veintisiete mil vol\u00famenes de la biblioteca de la Casa Madre. Pero nunca fue prisionero de los libros y los documentos: buen predicador, cada a\u00f1os daba retiros a las Hermanas, los ordenandos y los sacerdotes.<\/p>\n","protected":false},"excerpt":{"rendered":"<p>1644. Luisa de Marillac escribe a sor Juana Dalmagne, que est\u00e1 muy enferma en Nanteuil: \u00abAdoro de todo coraz\u00f3n el orden de la divina Providencia sobre la disposici\u00f3n que parece querer hacer de su vida; &#8230; <a href=\"http:\/\/vincentians.com\/es\/tal-dia-como-hoy-3-de-marzo\/\" class=\"more-link\">Read More<\/a><\/p>\n","protected":false},"author":4,"featured_media":149897,"comment_status":"open","ping_status":"open","sticky":false,"template":"","format":"standard","meta":{"jetpack_post_was_ever_published":false,"_jetpack_newsletter_access":"","_jetpack_dont_email_post_to_subs":false,"_jetpack_newsletter_tier_id":0,"_jetpack_memberships_contains_paywalled_content":false,"_jetpack_memberships_contains_paid_content":false,"footnotes":"","jetpack_publicize_message":"","jetpack_publicize_feature_enabled":true,"jetpack_social_post_already_shared":true,"jetpack_social_options":{"image_generator_settings":{"template":"highway","default_image_id":0,"font":"","enabled":false},"version":2}},"categories":[60],"tags":[156,143],"class_list":["post-11734","post","type-post","status-publish","format-standard","has-post-thumbnail","hentry","category-efemerides-vicencianas","tag-blatiron","tag-san-lazaro"],"yoast_head":"<!-- This site is optimized with the Yoast SEO plugin v26.3 - https:\/\/yoast.com\/wordpress\/plugins\/seo\/ -->\n<title>Tal d\u00eda como hoy: 3 de marzo - Somos Vicencianos<\/title>\n<meta name=\"robots\" content=\"index, follow, max-snippet:-1, max-image-preview:large, max-video-preview:-1\" \/>\n<link rel=\"canonical\" href=\"http:\/\/vincentians.com\/es\/tal-dia-como-hoy-3-de-marzo\/\" \/>\n<meta property=\"og:locale\" content=\"es_ES\" \/>\n<meta property=\"og:type\" content=\"article\" \/>\n<meta property=\"og:title\" content=\"Tal d\u00eda como hoy: 3 de marzo - Somos Vicencianos\" \/>\n<meta property=\"og:description\" content=\"1644. Luisa de Marillac escribe a sor Juana Dalmagne, que est\u00e1 muy enferma en Nanteuil: \u00abAdoro de todo coraz\u00f3n el orden de la divina Providencia sobre la disposici\u00f3n que parece querer hacer de su vida; ... Read More\" \/>\n<meta property=\"og:url\" content=\"http:\/\/vincentians.com\/es\/tal-dia-como-hoy-3-de-marzo\/\" \/>\n<meta property=\"og:site_name\" content=\"Somos Vicencianos\" \/>\n<meta property=\"article:publisher\" content=\"https:\/\/www.facebook.com\/WeAreVincentians\/\" \/>\n<meta property=\"article:author\" content=\"https:\/\/www.facebook.com\/JavierChento\" \/>\n<meta property=\"article:published_time\" content=\"2017-03-02T23:01:03+00:00\" \/>\n<meta property=\"og:image\" content=\"https:\/\/i0.wp.com\/vincentians.com\/es\/wp-content\/uploads\/sites\/11\/2016\/07\/ephemerides-fb.jpg?fit=1200%2C630\" \/>\n\t<meta property=\"og:image:width\" content=\"1200\" \/>\n\t<meta property=\"og:image:height\" content=\"630\" \/>\n\t<meta property=\"og:image:type\" content=\"image\/jpeg\" \/>\n<meta name=\"author\" content=\"Francisco Javier Fern\u00e1ndez Chento\" \/>\n<meta name=\"twitter:card\" content=\"summary_large_image\" \/>\n<meta name=\"twitter:creator\" content=\"@https:\/\/twitter.com\/javierchento\" \/>\n<meta name=\"twitter:site\" content=\"@WeVincentians\" \/>\n<meta name=\"twitter:label1\" content=\"Escrito por\" \/>\n\t<meta name=\"twitter:data1\" content=\"Francisco Javier Fern\u00e1ndez Chento\" \/>\n\t<meta name=\"twitter:label2\" content=\"Tiempo de lectura\" \/>\n\t<meta name=\"twitter:data2\" content=\"4 minutos\" \/>\n<script type=\"application\/ld+json\" class=\"yoast-schema-graph\">{\"@context\":\"https:\/\/schema.org\",\"@graph\":[{\"@type\":\"Article\",\"@id\":\"http:\/\/vincentians.com\/es\/tal-dia-como-hoy-3-de-marzo\/#article\",\"isPartOf\":{\"@id\":\"http:\/\/vincentians.com\/es\/tal-dia-como-hoy-3-de-marzo\/\"},\"author\":{\"name\":\"Francisco Javier Fern\u00e1ndez Chento\",\"@id\":\"https:\/\/vincentians.com\/es\/#\/schema\/person\/9623ef4d9aa3b2dfb8c061f1499288f2\"},\"headline\":\"Tal d\u00eda como hoy: 3 de marzo\",\"datePublished\":\"2017-03-02T23:01:03+00:00\",\"mainEntityOfPage\":{\"@id\":\"http:\/\/vincentians.com\/es\/tal-dia-como-hoy-3-de-marzo\/\"},\"wordCount\":715,\"commentCount\":0,\"publisher\":{\"@id\":\"https:\/\/vincentians.com\/es\/#organization\"},\"image\":{\"@id\":\"http:\/\/vincentians.com\/es\/tal-dia-como-hoy-3-de-marzo\/#primaryimage\"},\"thumbnailUrl\":\"https:\/\/i0.wp.com\/vincentians.com\/es\/wp-content\/uploads\/sites\/11\/2016\/07\/ephemerides-fb.jpg?fit=1200%2C630\",\"keywords\":[\"Blatiron\",\"San L\u00e1zaro\"],\"articleSection\":[\"Efem\u00e9rides Vicencianas\"],\"inLanguage\":\"es\",\"potentialAction\":[{\"@type\":\"CommentAction\",\"name\":\"Comment\",\"target\":[\"http:\/\/vincentians.com\/es\/tal-dia-como-hoy-3-de-marzo\/#respond\"]}]},{\"@type\":\"WebPage\",\"@id\":\"http:\/\/vincentians.com\/es\/tal-dia-como-hoy-3-de-marzo\/\",\"url\":\"http:\/\/vincentians.com\/es\/tal-dia-como-hoy-3-de-marzo\/\",\"name\":\"Tal d\u00eda como hoy: 3 de marzo - Somos Vicencianos\",\"isPartOf\":{\"@id\":\"https:\/\/vincentians.com\/es\/#website\"},\"primaryImageOfPage\":{\"@id\":\"http:\/\/vincentians.com\/es\/tal-dia-como-hoy-3-de-marzo\/#primaryimage\"},\"image\":{\"@id\":\"http:\/\/vincentians.com\/es\/tal-dia-como-hoy-3-de-marzo\/#primaryimage\"},\"thumbnailUrl\":\"https:\/\/i0.wp.com\/vincentians.com\/es\/wp-content\/uploads\/sites\/11\/2016\/07\/ephemerides-fb.jpg?fit=1200%2C630\",\"datePublished\":\"2017-03-02T23:01:03+00:00\",\"breadcrumb\":{\"@id\":\"http:\/\/vincentians.com\/es\/tal-dia-como-hoy-3-de-marzo\/#breadcrumb\"},\"inLanguage\":\"es\",\"potentialAction\":[{\"@type\":\"ReadAction\",\"target\":[\"http:\/\/vincentians.com\/es\/tal-dia-como-hoy-3-de-marzo\/\"]}]},{\"@type\":\"ImageObject\",\"inLanguage\":\"es\",\"@id\":\"http:\/\/vincentians.com\/es\/tal-dia-como-hoy-3-de-marzo\/#primaryimage\",\"url\":\"https:\/\/i0.wp.com\/vincentians.com\/es\/wp-content\/uploads\/sites\/11\/2016\/07\/ephemerides-fb.jpg?fit=1200%2C630\",\"contentUrl\":\"https:\/\/i0.wp.com\/vincentians.com\/es\/wp-content\/uploads\/sites\/11\/2016\/07\/ephemerides-fb.jpg?fit=1200%2C630\",\"width\":1200,\"height\":630},{\"@type\":\"BreadcrumbList\",\"@id\":\"http:\/\/vincentians.com\/es\/tal-dia-como-hoy-3-de-marzo\/#breadcrumb\",\"itemListElement\":[{\"@type\":\"ListItem\",\"position\":1,\"name\":\"Portada\",\"item\":\"https:\/\/vincentians.com\/es\/\"},{\"@type\":\"ListItem\",\"position\":2,\"name\":\"Tal d\u00eda como hoy: 3 de marzo\"}]},{\"@type\":\"WebSite\",\"@id\":\"https:\/\/vincentians.com\/es\/#website\",\"url\":\"https:\/\/vincentians.com\/es\/\",\"name\":\"Somos Vicencianos\",\"description\":\"Know more to serve more\",\"publisher\":{\"@id\":\"https:\/\/vincentians.com\/es\/#organization\"},\"potentialAction\":[{\"@type\":\"SearchAction\",\"target\":{\"@type\":\"EntryPoint\",\"urlTemplate\":\"https:\/\/vincentians.com\/es\/?s={search_term_string}\"},\"query-input\":{\"@type\":\"PropertyValueSpecification\",\"valueRequired\":true,\"valueName\":\"search_term_string\"}}],\"inLanguage\":\"es\"},{\"@type\":\"Organization\",\"@id\":\"https:\/\/vincentians.com\/es\/#organization\",\"name\":\"The Vincentian Network\",\"url\":\"https:\/\/vincentians.com\/es\/\",\"logo\":{\"@type\":\"ImageObject\",\"inLanguage\":\"es\",\"@id\":\"https:\/\/vincentians.com\/es\/#\/schema\/logo\/image\/\",\"url\":\"https:\/\/i1.wp.com\/vincentians.com\/es\/wp-content\/uploads\/sites\/11\/2016\/06\/Vincentian-Network-logo-big.png?fit=778%2C778\",\"contentUrl\":\"https:\/\/i1.wp.com\/vincentians.com\/es\/wp-content\/uploads\/sites\/11\/2016\/06\/Vincentian-Network-logo-big.png?fit=778%2C778\",\"width\":778,\"height\":778,\"caption\":\"The Vincentian Network\"},\"image\":{\"@id\":\"https:\/\/vincentians.com\/es\/#\/schema\/logo\/image\/\"},\"sameAs\":[\"https:\/\/www.facebook.com\/WeAreVincentians\/\",\"https:\/\/x.com\/WeVincentians\"]},{\"@type\":\"Person\",\"@id\":\"https:\/\/vincentians.com\/es\/#\/schema\/person\/9623ef4d9aa3b2dfb8c061f1499288f2\",\"name\":\"Francisco Javier Fern\u00e1ndez Chento\",\"image\":{\"@type\":\"ImageObject\",\"inLanguage\":\"es\",\"@id\":\"https:\/\/vincentians.com\/es\/#\/schema\/person\/image\/\",\"url\":\"https:\/\/secure.gravatar.com\/avatar\/497d5cde87b4c3d097d0315953521681ba2cd523ee66e5077c3711f7021e65de?s=96&d=mm&r=g\",\"contentUrl\":\"https:\/\/secure.gravatar.com\/avatar\/497d5cde87b4c3d097d0315953521681ba2cd523ee66e5077c3711f7021e65de?s=96&d=mm&r=g\",\"caption\":\"Francisco Javier Fern\u00e1ndez Chento\"},\"description\":\"Director General y cofundador de La Red de Formaci\u00f3n Vicenciana. Javier es laico vicenciano, afiliado a la Congregaci\u00f3n de la Misi\u00f3n y miembro del Equipo de Misiones Populares de la provincia can\u00f3nica de Zaragoza (Espa\u00f1a) de la Congregaci\u00f3n de la Misi\u00f3n. Graduado en la Universidad Oberta de Catalunya con cuatro grados (Asistente de direcci\u00f3n, Gesti\u00f3n Administrativa, Recursos Humanos y Contabilidad Avanzada). Bil\u00edng\u00fce Espa\u00f1ol\/Ingl\u00e9s. gestiona y mantiene varias p\u00e1ginas web cristianas y vicencianas, incluida including La Red de Formaci\u00f3n Vicenciana, de la que es cofundador. Actualmente es responsable del \u00e1rea de Espa\u00f1ol de .famvin, la Red de Noticias de la Familia Vicenciana. Tambi\u00e9n es m\u00fasico cat\u00f3lico y ha editado varios discos. Es Director General y cofundador de Trovador, una reconocida compa\u00f1\u00eda discogr\u00e1fica critiana de Espa\u00f1a. Trabaja en las Tecnolog\u00edas de la Informaci\u00f3n, ofreciendo servicios de alojamiento, dise\u00f1o y mantenimiento Web, as\u00ed como asesoramiento, formaci\u00f3n y soluciones inform\u00e1ticas, gesti\u00f3n documental y digitalizaci\u00f3n de textos, edici\u00f3n y maquetaci\u00f3n de libros, revistas, flyers, etc.\",\"sameAs\":[\"http:\/\/chento.org\",\"https:\/\/www.facebook.com\/JavierChento\",\"https:\/\/x.com\/https:\/\/twitter.com\/javierchento\"],\"url\":\"http:\/\/vincentians.com\/es\/author\/chento\/\"}]}<\/script>\n<!-- \/ Yoast SEO plugin. -->","yoast_head_json":{"title":"Tal d\u00eda como hoy: 3 de marzo - Somos Vicencianos","robots":{"index":"index","follow":"follow","max-snippet":"max-snippet:-1","max-image-preview":"max-image-preview:large","max-video-preview":"max-video-preview:-1"},"canonical":"http:\/\/vincentians.com\/es\/tal-dia-como-hoy-3-de-marzo\/","og_locale":"es_ES","og_type":"article","og_title":"Tal d\u00eda como hoy: 3 de marzo - Somos Vicencianos","og_description":"1644. Luisa de Marillac escribe a sor Juana Dalmagne, que est\u00e1 muy enferma en Nanteuil: \u00abAdoro de todo coraz\u00f3n el orden de la divina Providencia sobre la disposici\u00f3n que parece querer hacer de su vida; ... Read More","og_url":"http:\/\/vincentians.com\/es\/tal-dia-como-hoy-3-de-marzo\/","og_site_name":"Somos Vicencianos","article_publisher":"https:\/\/www.facebook.com\/WeAreVincentians\/","article_author":"https:\/\/www.facebook.com\/JavierChento","article_published_time":"2017-03-02T23:01:03+00:00","og_image":[{"width":1200,"height":630,"url":"https:\/\/i0.wp.com\/vincentians.com\/es\/wp-content\/uploads\/sites\/11\/2016\/07\/ephemerides-fb.jpg?fit=1200%2C630","type":"image\/jpeg"}],"author":"Francisco Javier Fern\u00e1ndez Chento","twitter_card":"summary_large_image","twitter_creator":"@https:\/\/twitter.com\/javierchento","twitter_site":"@WeVincentians","twitter_misc":{"Escrito por":"Francisco Javier Fern\u00e1ndez Chento","Tiempo de lectura":"4 minutos"},"schema":{"@context":"https:\/\/schema.org","@graph":[{"@type":"Article","@id":"http:\/\/vincentians.com\/es\/tal-dia-como-hoy-3-de-marzo\/#article","isPartOf":{"@id":"http:\/\/vincentians.com\/es\/tal-dia-como-hoy-3-de-marzo\/"},"author":{"name":"Francisco Javier Fern\u00e1ndez Chento","@id":"https:\/\/vincentians.com\/es\/#\/schema\/person\/9623ef4d9aa3b2dfb8c061f1499288f2"},"headline":"Tal d\u00eda como hoy: 3 de marzo","datePublished":"2017-03-02T23:01:03+00:00","mainEntityOfPage":{"@id":"http:\/\/vincentians.com\/es\/tal-dia-como-hoy-3-de-marzo\/"},"wordCount":715,"commentCount":0,"publisher":{"@id":"https:\/\/vincentians.com\/es\/#organization"},"image":{"@id":"http:\/\/vincentians.com\/es\/tal-dia-como-hoy-3-de-marzo\/#primaryimage"},"thumbnailUrl":"https:\/\/i0.wp.com\/vincentians.com\/es\/wp-content\/uploads\/sites\/11\/2016\/07\/ephemerides-fb.jpg?fit=1200%2C630","keywords":["Blatiron","San L\u00e1zaro"],"articleSection":["Efem\u00e9rides Vicencianas"],"inLanguage":"es","potentialAction":[{"@type":"CommentAction","name":"Comment","target":["http:\/\/vincentians.com\/es\/tal-dia-como-hoy-3-de-marzo\/#respond"]}]},{"@type":"WebPage","@id":"http:\/\/vincentians.com\/es\/tal-dia-como-hoy-3-de-marzo\/","url":"http:\/\/vincentians.com\/es\/tal-dia-como-hoy-3-de-marzo\/","name":"Tal d\u00eda como hoy: 3 de marzo - Somos Vicencianos","isPartOf":{"@id":"https:\/\/vincentians.com\/es\/#website"},"primaryImageOfPage":{"@id":"http:\/\/vincentians.com\/es\/tal-dia-como-hoy-3-de-marzo\/#primaryimage"},"image":{"@id":"http:\/\/vincentians.com\/es\/tal-dia-como-hoy-3-de-marzo\/#primaryimage"},"thumbnailUrl":"https:\/\/i0.wp.com\/vincentians.com\/es\/wp-content\/uploads\/sites\/11\/2016\/07\/ephemerides-fb.jpg?fit=1200%2C630","datePublished":"2017-03-02T23:01:03+00:00","breadcrumb":{"@id":"http:\/\/vincentians.com\/es\/tal-dia-como-hoy-3-de-marzo\/#breadcrumb"},"inLanguage":"es","potentialAction":[{"@type":"ReadAction","target":["http:\/\/vincentians.com\/es\/tal-dia-como-hoy-3-de-marzo\/"]}]},{"@type":"ImageObject","inLanguage":"es","@id":"http:\/\/vincentians.com\/es\/tal-dia-como-hoy-3-de-marzo\/#primaryimage","url":"https:\/\/i0.wp.com\/vincentians.com\/es\/wp-content\/uploads\/sites\/11\/2016\/07\/ephemerides-fb.jpg?fit=1200%2C630","contentUrl":"https:\/\/i0.wp.com\/vincentians.com\/es\/wp-content\/uploads\/sites\/11\/2016\/07\/ephemerides-fb.jpg?fit=1200%2C630","width":1200,"height":630},{"@type":"BreadcrumbList","@id":"http:\/\/vincentians.com\/es\/tal-dia-como-hoy-3-de-marzo\/#breadcrumb","itemListElement":[{"@type":"ListItem","position":1,"name":"Portada","item":"https:\/\/vincentians.com\/es\/"},{"@type":"ListItem","position":2,"name":"Tal d\u00eda como hoy: 3 de marzo"}]},{"@type":"WebSite","@id":"https:\/\/vincentians.com\/es\/#website","url":"https:\/\/vincentians.com\/es\/","name":"Somos Vicencianos","description":"Know more to serve more","publisher":{"@id":"https:\/\/vincentians.com\/es\/#organization"},"potentialAction":[{"@type":"SearchAction","target":{"@type":"EntryPoint","urlTemplate":"https:\/\/vincentians.com\/es\/?s={search_term_string}"},"query-input":{"@type":"PropertyValueSpecification","valueRequired":true,"valueName":"search_term_string"}}],"inLanguage":"es"},{"@type":"Organization","@id":"https:\/\/vincentians.com\/es\/#organization","name":"The Vincentian Network","url":"https:\/\/vincentians.com\/es\/","logo":{"@type":"ImageObject","inLanguage":"es","@id":"https:\/\/vincentians.com\/es\/#\/schema\/logo\/image\/","url":"https:\/\/i1.wp.com\/vincentians.com\/es\/wp-content\/uploads\/sites\/11\/2016\/06\/Vincentian-Network-logo-big.png?fit=778%2C778","contentUrl":"https:\/\/i1.wp.com\/vincentians.com\/es\/wp-content\/uploads\/sites\/11\/2016\/06\/Vincentian-Network-logo-big.png?fit=778%2C778","width":778,"height":778,"caption":"The Vincentian Network"},"image":{"@id":"https:\/\/vincentians.com\/es\/#\/schema\/logo\/image\/"},"sameAs":["https:\/\/www.facebook.com\/WeAreVincentians\/","https:\/\/x.com\/WeVincentians"]},{"@type":"Person","@id":"https:\/\/vincentians.com\/es\/#\/schema\/person\/9623ef4d9aa3b2dfb8c061f1499288f2","name":"Francisco Javier Fern\u00e1ndez Chento","image":{"@type":"ImageObject","inLanguage":"es","@id":"https:\/\/vincentians.com\/es\/#\/schema\/person\/image\/","url":"https:\/\/secure.gravatar.com\/avatar\/497d5cde87b4c3d097d0315953521681ba2cd523ee66e5077c3711f7021e65de?s=96&d=mm&r=g","contentUrl":"https:\/\/secure.gravatar.com\/avatar\/497d5cde87b4c3d097d0315953521681ba2cd523ee66e5077c3711f7021e65de?s=96&d=mm&r=g","caption":"Francisco Javier Fern\u00e1ndez Chento"},"description":"Director General y cofundador de La Red de Formaci\u00f3n Vicenciana. Javier es laico vicenciano, afiliado a la Congregaci\u00f3n de la Misi\u00f3n y miembro del Equipo de Misiones Populares de la provincia can\u00f3nica de Zaragoza (Espa\u00f1a) de la Congregaci\u00f3n de la Misi\u00f3n. Graduado en la Universidad Oberta de Catalunya con cuatro grados (Asistente de direcci\u00f3n, Gesti\u00f3n Administrativa, Recursos Humanos y Contabilidad Avanzada). Bil\u00edng\u00fce Espa\u00f1ol\/Ingl\u00e9s. gestiona y mantiene varias p\u00e1ginas web cristianas y vicencianas, incluida including La Red de Formaci\u00f3n Vicenciana, de la que es cofundador. Actualmente es responsable del \u00e1rea de Espa\u00f1ol de .famvin, la Red de Noticias de la Familia Vicenciana. Tambi\u00e9n es m\u00fasico cat\u00f3lico y ha editado varios discos. Es Director General y cofundador de Trovador, una reconocida compa\u00f1\u00eda discogr\u00e1fica critiana de Espa\u00f1a. Trabaja en las Tecnolog\u00edas de la Informaci\u00f3n, ofreciendo servicios de alojamiento, dise\u00f1o y mantenimiento Web, as\u00ed como asesoramiento, formaci\u00f3n y soluciones inform\u00e1ticas, gesti\u00f3n documental y digitalizaci\u00f3n de textos, edici\u00f3n y maquetaci\u00f3n de libros, revistas, flyers, etc.","sameAs":["http:\/\/chento.org","https:\/\/www.facebook.com\/JavierChento","https:\/\/x.com\/https:\/\/twitter.com\/javierchento"],"url":"http:\/\/vincentians.com\/es\/author\/chento\/"}]}},"jetpack_publicize_connections":[],"jetpack_featured_media_url":"https:\/\/i0.wp.com\/vincentians.com\/es\/wp-content\/uploads\/sites\/11\/2016\/07\/ephemerides-fb.jpg?fit=1200%2C630","jetpack_sharing_enabled":true,"jetpack_shortlink":"https:\/\/wp.me\/p7ETMF-33g","jetpack-related-posts":[{"id":119624,"url":"http:\/\/vincentians.com\/es\/mirada-de-fe-del-itinerario-espiritual-de-luisa-de-marillac\/","url_meta":{"origin":11734,"position":0},"title":"Mirada de fe del itinerario espiritual de Luisa de Marillac","author":"Francisco Javier Fern\u00e1ndez Chento","date":"12\/04\/2013","format":false,"excerpt":"Introducci\u00f3n La mirada de fe es un hecho humano fundamental que nos orienta hacia Dios y nos invita a vivir de su Esp\u00edritu. La presencia de los Santos es un recuerdo continuo de las cosas del cielo. La Iglesia nos ense\u00f1a que los santos son inseparables de la plenitud de\u2026","rel":"","context":"En \u00abEspiritualidad vicenciana\u00bb","block_context":{"text":"Espiritualidad vicenciana","link":"http:\/\/vincentians.com\/es\/category\/espiritualidad\/espiritualidad-vicenciana\/"},"img":{"alt_text":"Luisa de Marillac","src":"https:\/\/i0.wp.com\/vicencianos.org\/wp-content\/2011\/02\/luisa_marillac-181x300.jpg?resize=350%2C200","width":350,"height":200},"classes":[]},{"id":118059,"url":"http:\/\/vincentians.com\/es\/sor-carmen-cuevas\/","url_meta":{"origin":11734,"position":1},"title":"Sor Carmen Cuevas","author":"Mitxel Olabu\u00e9naga","date":"09\/03\/2013","format":false,"excerpt":"La Habana, 14 de agosto de 1964. Sor Adelaida Maroto. Sor Mercedes Ganuza. Madrid (Espa\u00f1a). Muy estimadas y recordadas Hermanas: Acabo de llegar del cementerio y me apresuro a escribir la presente con el coraz\u00f3n profundamente apenado y dolorido por la p\u00e9rdida irreparable de nuestra amada Madre Sor Carmen Cuevas\u2026","rel":"","context":"En \u00abBiograf\u00edas de Hijas de la Caridad\u00bb","block_context":{"text":"Biograf\u00edas de Hijas de la Caridad","link":"http:\/\/vincentians.com\/es\/category\/la-familia-vicenciana\/biografias-vicencianas\/biografias-de-hijas-de-la-caridad\/"},"img":{"alt_text":"","src":"https:\/\/i0.wp.com\/vincentians.com\/es\/wp-content\/uploads\/sites\/11\/2016\/07\/bio-hc.jpg?fit=1200%2C630&resize=350%2C200","width":350,"height":200,"srcset":"https:\/\/i0.wp.com\/vincentians.com\/es\/wp-content\/uploads\/sites\/11\/2016\/07\/bio-hc.jpg?fit=1200%2C630&resize=350%2C200 1x, https:\/\/i0.wp.com\/vincentians.com\/es\/wp-content\/uploads\/sites\/11\/2016\/07\/bio-hc.jpg?fit=1200%2C630&resize=525%2C300 1.5x, https:\/\/i0.wp.com\/vincentians.com\/es\/wp-content\/uploads\/sites\/11\/2016\/07\/bio-hc.jpg?fit=1200%2C630&resize=700%2C400 2x, https:\/\/i0.wp.com\/vincentians.com\/es\/wp-content\/uploads\/sites\/11\/2016\/07\/bio-hc.jpg?fit=1200%2C630&resize=1050%2C600 3x"},"classes":[]},{"id":130949,"url":"http:\/\/vincentians.com\/es\/las-hijas-de-la-caridad-en-varsovia-ii\/","url_meta":{"origin":11734,"position":2},"title":"Las hijas de la Caridad en Varsovia (II)","author":"Mitxel Olabu\u00e9naga","date":"31\/07\/2014","format":false,"excerpt":"Ahora nos resta decir algunas palabras sobre cada una de las tres Hijas de la Caridad escogidas por San Vicente de Pa\u00fal y Luisa de Marillac para la misi\u00f3n de Polonia. En Varsovia, donde ellas vivieron y trabajaron con el sudor de su rostro, donde sufrieron mucho y donde consiguieron\u2026","rel":"","context":"En \u00abHistoria de las Hijas de la Caridad\u00bb","block_context":{"text":"Historia de las Hijas de la Caridad","link":"http:\/\/vincentians.com\/es\/category\/historia-de-la-familia-vicenciana\/historia-de-las-hijas-de-la-caridad\/"},"img":{"alt_text":"Hijas-de-la-Caridad-18-Luisa","src":"https:\/\/i0.wp.com\/vicencianos.org\/wp-content\/2014\/05\/Hijas-de-la-Caridad-18-Luisa.jpg?resize=350%2C200","width":350,"height":200},"classes":[]},{"id":117698,"url":"http:\/\/vincentians.com\/es\/sor-candida-prego\/","url_meta":{"origin":11734,"position":3},"title":"Sor C\u00e1ndida Prego","author":"Mitxel Olabu\u00e9naga","date":"11\/02\/2013","format":false,"excerpt":"El gran Federico Ozan\u00e1n, con motivo de la muerte de su madre, es\u00adcrib\u00eda estas impresionantes palabras : \"Sin duda que nada hay tan des\u00adgarrador como esa larga ausencia, nada tan triste como esa soledad y vac\u00edo que la muerte deja a nuestro lado. En algunos momentos, sin em\u00adbargo, he llegado\u2026","rel":"","context":"En \u00abBiograf\u00edas de Misioneros Pa\u00fales\u00bb","block_context":{"text":"Biograf\u00edas de Misioneros Pa\u00fales","link":"http:\/\/vincentians.com\/es\/category\/la-familia-vicenciana\/biografias-vicencianas\/biografias-de-misioneros-paules\/"},"img":{"alt_text":"","src":"https:\/\/i0.wp.com\/vincentians.com\/es\/wp-content\/uploads\/sites\/11\/2016\/07\/bio-cm.jpg?fit=1200%2C630&resize=350%2C200","width":350,"height":200,"srcset":"https:\/\/i0.wp.com\/vincentians.com\/es\/wp-content\/uploads\/sites\/11\/2016\/07\/bio-cm.jpg?fit=1200%2C630&resize=350%2C200 1x, https:\/\/i0.wp.com\/vincentians.com\/es\/wp-content\/uploads\/sites\/11\/2016\/07\/bio-cm.jpg?fit=1200%2C630&resize=525%2C300 1.5x, https:\/\/i0.wp.com\/vincentians.com\/es\/wp-content\/uploads\/sites\/11\/2016\/07\/bio-cm.jpg?fit=1200%2C630&resize=700%2C400 2x, https:\/\/i0.wp.com\/vincentians.com\/es\/wp-content\/uploads\/sites\/11\/2016\/07\/bio-cm.jpg?fit=1200%2C630&resize=1050%2C600 3x"},"classes":[]},{"id":116962,"url":"http:\/\/vincentians.com\/es\/sor-gregoria-echevarria\/","url_meta":{"origin":11734,"position":4},"title":"Sor Gregoria Echevarr\u00eda","author":"Mitxel Olabu\u00e9naga","date":"29\/01\/2013","format":false,"excerpt":"Seg\u00fan los datos de su mismo pasaporte, naci\u00f3 Sor Gregoria Eche\u00advarr\u00eda en San Mill\u00e1n de Burgos el d\u00eda 24 de diciembre de 1892, y el Se\u00f1or se la ha llevado al cielo este 17 de enero, a eso de las cinco y media de la ma\u00f1ana, despu\u00e9s de haber recibido\u2026","rel":"","context":"En \u00abBiograf\u00edas de Hijas de la Caridad\u00bb","block_context":{"text":"Biograf\u00edas de Hijas de la Caridad","link":"http:\/\/vincentians.com\/es\/category\/la-familia-vicenciana\/biografias-vicencianas\/biografias-de-hijas-de-la-caridad\/"},"img":{"alt_text":"","src":"https:\/\/i0.wp.com\/vincentians.com\/es\/wp-content\/uploads\/sites\/11\/2016\/07\/bio-hc.jpg?fit=1200%2C630&resize=350%2C200","width":350,"height":200,"srcset":"https:\/\/i0.wp.com\/vincentians.com\/es\/wp-content\/uploads\/sites\/11\/2016\/07\/bio-hc.jpg?fit=1200%2C630&resize=350%2C200 1x, https:\/\/i0.wp.com\/vincentians.com\/es\/wp-content\/uploads\/sites\/11\/2016\/07\/bio-hc.jpg?fit=1200%2C630&resize=525%2C300 1.5x, https:\/\/i0.wp.com\/vincentians.com\/es\/wp-content\/uploads\/sites\/11\/2016\/07\/bio-hc.jpg?fit=1200%2C630&resize=700%2C400 2x, https:\/\/i0.wp.com\/vincentians.com\/es\/wp-content\/uploads\/sites\/11\/2016\/07\/bio-hc.jpg?fit=1200%2C630&resize=1050%2C600 3x"},"classes":[]},{"id":130448,"url":"http:\/\/vincentians.com\/es\/un-perfil-heroico-santa-luisa-de-marillac-21-y-ultimo\/","url_meta":{"origin":11734,"position":5},"title":"Un perfil heroico: santa Luisa de Marillac (21 y \u00faltimo)","author":"Francisco Javier Fern\u00e1ndez Chento","date":"15\/03\/2015","format":false,"excerpt":"DADLE el fruto de sus manos, y al\u00e1benla sus obras 3 las puertas de la Ciudad Santa. (Prov., 31.) En esto hemos conocido el amor\u2014dice al Ap\u00f3stol San Juan\u2014, el es, que Cristo ha dado su vida por nosotros, y nosotros del mos darla por nuestros hermanos... No amemos, pues,\u2026","rel":"","context":"En \u00abLuisa de Marillac\u00bb","block_context":{"text":"Luisa de Marillac","link":"http:\/\/vincentians.com\/es\/category\/la-familia-vicenciana\/fundadores\/luisa-de-marillac\/"},"img":{"alt_text":"OLYMPUS DIGITAL CAMERA","src":"https:\/\/i0.wp.com\/vicencianos.org\/wp-content\/2014\/04\/louise-marillac-300x248.jpg?resize=350%2C200","width":350,"height":200},"classes":[]}],"_links":{"self":[{"href":"http:\/\/vincentians.com\/es\/wp-json\/wp\/v2\/posts\/11734","targetHints":{"allow":["GET"]}}],"collection":[{"href":"http:\/\/vincentians.com\/es\/wp-json\/wp\/v2\/posts"}],"about":[{"href":"http:\/\/vincentians.com\/es\/wp-json\/wp\/v2\/types\/post"}],"author":[{"embeddable":true,"href":"http:\/\/vincentians.com\/es\/wp-json\/wp\/v2\/users\/4"}],"replies":[{"embeddable":true,"href":"http:\/\/vincentians.com\/es\/wp-json\/wp\/v2\/comments?post=11734"}],"version-history":[{"count":0,"href":"http:\/\/vincentians.com\/es\/wp-json\/wp\/v2\/posts\/11734\/revisions"}],"wp:featuredmedia":[{"embeddable":true,"href":"http:\/\/vincentians.com\/es\/wp-json\/wp\/v2\/media\/149897"}],"wp:attachment":[{"href":"http:\/\/vincentians.com\/es\/wp-json\/wp\/v2\/media?parent=11734"}],"wp:term":[{"taxonomy":"category","embeddable":true,"href":"http:\/\/vincentians.com\/es\/wp-json\/wp\/v2\/categories?post=11734"},{"taxonomy":"post_tag","embeddable":true,"href":"http:\/\/vincentians.com\/es\/wp-json\/wp\/v2\/tags?post=11734"}],"curies":[{"name":"wp","href":"https:\/\/api.w.org\/{rel}","templated":true}]}}