{"id":117335,"date":"2018-11-14T08:26:36","date_gmt":"2018-11-14T07:26:36","guid":{"rendered":"http:\/\/somos.vicencianos.org\/?p=117335"},"modified":"2018-10-17T17:48:35","modified_gmt":"2018-10-17T15:48:35","slug":"evangelizar-siguiendo-a-san-vicente","status":"publish","type":"post","link":"http:\/\/vincentians.com\/es\/evangelizar-siguiendo-a-san-vicente\/","title":{"rendered":"Evangelizar siguiendo a san Vicente"},"content":{"rendered":"<p>Una de las opciones en<b> Misiones Populares<\/b>, tal y como lo hacemos los vicencianos, es <i>el trabajo en equipo<\/i>, que se compone de Consagrados (Pa\u00fales, Hijas de la Caridad, sacerdotes diocesanos\u2026) y Seglares Vicencianos. No lo hacemos as\u00ed por \u00abmoda\u00bb, sino que es una de las urgencias en nuestra sociedad y en nuestra Iglesia: un trabajo <b><span style=\"text-decoration: underline\">de conjunto y en colaboraci\u00f3n<\/span><\/b>; es uno de los \u00absignos de los tiempos\u00bb<span id='easy-footnote-1-117335' class='easy-footnote-margin-adjust'><\/span><span class='easy-footnote'><a href='http:\/\/vincentians.com\/es\/evangelizar-siguiendo-a-san-vicente\/#easy-footnote-bottom-1-117335' title='La relaci\u00f3n de la Iglesia con el mundo estaba en el coraz\u00f3n de las preocupaciones de Juan XXIII, quien lanza un llamamiento a la paz entre los hombres. Introduce la idea de que era preciso leer los \u00absignos de los tiempos\u00bb, es decir, que &lt;b&gt;hab\u00eda que saber discernir la acci\u00f3n del Esp\u00edritu Santo en la evoluci\u00f3n de la historia&lt;\/b&gt;. Esta noci\u00f3n de los \u00absignos de los tiempos\u00bb, constituy\u00f3 lo esencial de la &lt;em&gt;\u00abPacem in Terris\u00bb&lt;\/em&gt; en 1963. Pero fue realmente introducida y actualizada en la Bula \u00ab&lt;em&gt;Human\u00e6 Salutis\u00bb&lt;\/em&gt;, mediante la cual convoc\u00f3 al Concilio. El Papa hizo innumerables declaraciones sobre el Concilio, en las que expuso la importancia del Concilio en su momento hist\u00f3rico, y para dar realce a la importancia de esta convocatoria se sirvi\u00f3 de la noci\u00f3n \u00absignos de los tiempos\u00bb, es decir, &lt;b&gt;los acontecimientos m\u00e1s relevantes de la sociedad moderna que la Iglesia tiene el deber de saber discernir e interpretar y que lo pide el mismo Dios&lt;\/b&gt;.'><sup>1<\/sup><\/a><\/span> actuales. Toda la Iglesia, todos los que la formamos, tenemos la urgencia de la evangelizaci\u00f3n.<\/p>\n<p>Nuestro estilo de misi\u00f3n es diferente a otros estilos. Tiene unas l\u00edneas definidas que nos vienen de la particular forma de entender el Evangelio (=Buena Noticia) que nos trasmiti\u00f3 san Vicente de Pa\u00fal.<\/p>\n<p>Por esto, es necesario <b>comprender<\/b> y <b>vivir<\/b> aquello que san Vicente vivi\u00f3 y experiment\u00f3. Y asimilar lo que, desde su carisma, es <span style=\"text-decoration: underline\">com\u00fan<\/span> para todos los vicencianos.<\/p>\n<p>A lo largo de este rato nos vamos a hacer, en especial, estas preguntas:<\/p>\n<p style=\"text-align: center\"><b>\u00bfQu\u00e9 es, desde la espiritualidad vicenciana,<br \/>\nlo esencial y com\u00fan a todos los seguidores de San Vicente?<\/b><\/p>\n<p style=\"text-align: center\"><b>\u00bfC\u00f3mo debemos de <i>hacerlo vida<\/i> en nuestra sociedad?<\/b><\/p>\n<h2>Introducci\u00f3n<\/h2>\n<p>San Vicente no dej\u00f3 escrito ning\u00fan \u00abcorpus doctrinal\u00bb sobre la evangelizaci\u00f3n: no se preocup\u00f3 por eso. Pero, dispuesto a seguir paso a paso a la Providencia, le adjudic\u00f3 a la evangelizaci\u00f3n unas determinadas dimensiones, sobre las cuales vamos a insistir hoy: <b>la evangelizaci\u00f3n se dirige a <span style=\"text-decoration: underline\">todo el ser humano<\/span><\/b> (en todas sus dimensiones, corporales y espirituales) y se<b> propone a toda la Humanidad<\/b>.<\/p>\n<p>El se\u00f1or Vicente experiment\u00f3 en la misi\u00f3n de Folleville la espantosa ignorancia por la que \u00ablas pobres gentes del campo\u00bb se condenaban (<i>\u00abpor no saber las verdades de nuestra fe\u00bb<\/i>\u2026 era la teolog\u00eda de aquel tiempo). R\u00e1pidamente se convenci\u00f3 (y esto fue para \u00e9l evidente despu\u00e9s de su experiencia pastoral de Ch\u00e2tillon) que la evangelizaci\u00f3n deb\u00eda dirigirse a todo el ser humano: a su esp\u00edritu, pero tambi\u00e9n a su coraz\u00f3n y a su cuerpo. San Vicente ten\u00eda claro que es in\u00fatil querer predicar a los hombres que son hijos de Dios y que Cristo muri\u00f3 por ellos, si ellos mismos est\u00e1n muri\u00e9ndose de hambre, si la sociedad les escupe su desprecio y si los perros est\u00e1n mejor tratados que ellos. Se trata de evangelizar <b>con palabras y con hechos<\/b>. Recordamos al ap\u00f3stol Santiago que nos recuerda desde su carta:\u00bb\u00bfDe qu\u00e9 le sirve a uno, hermanos m\u00edos, decir que tiene fe, si no tiene obras? \u00bfAcaso esa fe puede salvarlo? \u00bfDe qu\u00e9 sirve si uno de ustedes, al ver a un hermano o una hermana desnudos o sin el alimento necesario, les dice: \u00abVayan en paz, cali\u00e9ntense y coman\u00bb, y no les da lo que necesitan para su cuerpo? Lo mismo pasa con la fe: si no va acompa\u00f1ada de las obras, est\u00e1 completamente muerta.\u00bb<span id='easy-footnote-2-117335' class='easy-footnote-margin-adjust'><\/span><span class='easy-footnote'><a href='http:\/\/vincentians.com\/es\/evangelizar-siguiendo-a-san-vicente\/#easy-footnote-bottom-2-117335' title='St 2, 14-17'><sup>2<\/sup><\/a><\/span>\n<p>En la conferencia del 6 de diciembre de 1658, San Vicente de Pa\u00fal, al hablar a los misioneros acerca de la finalidad de la Congregaci\u00f3n de la Misi\u00f3n, deja bien claro que la evangelizaci\u00f3n de los pobres pasa por la asistencia <b>material y espiritual<\/b>:<\/p>\n<p style=\"padding-left: 30px\">\u00ab\u00bfNo fue tambi\u00e9n \u00e9ste el oficio de nuestro Se\u00f1or y de muchos grandes santos, que no s\u00f3lo recomendaron el cuidado de los pobres, sino que los consolaron, animaron y cuidaron ellos mismos? \u00bfNo son los pobres los miembros afligidos de nuestro Se\u00f1or? \u00bfNo son hermanos nuestros?\u2026 De modo que, si hay algunos entre nosotros que crean que est\u00e1n para evangelizar a los pobres y no para cuidarlos, para remediar sus necesidades espirituales y no las temporales, les dir\u00e9 que tenemos que asistirles y hacer que les asistan de todas las maneras, nosotros y los dem\u00e1s\u2026 Hacer esto es evangelizar de palabra y de obra; es lo m\u00e1s perfecto; y es lo que nuestro Se\u00f1or practic\u00f3 y tienen que practicar los que lo representan en la tierra.\u00bb<span id='easy-footnote-3-117335' class='easy-footnote-margin-adjust'><\/span><span class='easy-footnote'><a href='http:\/\/vincentians.com\/es\/evangelizar-siguiendo-a-san-vicente\/#easy-footnote-bottom-3-117335' title='SV XII, 73-94.'><sup>3<\/sup><\/a><\/span>\n<p><span style=\"text-decoration: underline\">Aqu\u00ed est\u00e1 la finalidad de nuestra existencia<\/span>. Existimos porque <b>somos continuadores de la obra del Hijo de Dios<\/b><span id='easy-footnote-4-117335' class='easy-footnote-margin-adjust'><\/span><span class='easy-footnote'><a href='http:\/\/vincentians.com\/es\/evangelizar-siguiendo-a-san-vicente\/#easy-footnote-bottom-4-117335' title='SV XI, 108'><sup>4<\/sup><\/a><\/span>. Nuestra raz\u00f3n de existir son los pobres, \u00ab<i>nuestros amos y se\u00f1ores<\/i>\u00ab<span id='easy-footnote-5-117335' class='easy-footnote-margin-adjust'><\/span><span class='easy-footnote'><a href='http:\/\/vincentians.com\/es\/evangelizar-siguiendo-a-san-vicente\/#easy-footnote-bottom-5-117335' title='SV IX, 125.211.214'><sup>5<\/sup><\/a><\/span>.<\/p>\n<p>Adem\u00e1s, en la experiencia y la ense\u00f1anza de san Vicente descubrimos otra caracter\u00edstica, complementaria y no menos importante: se necesita, desde luego, anunciar el Evangelio a quienes no lo conocen (en primer lugar a los pobres), y anunci\u00e1rselo de palabra y con obras. Pero, a su vez, fueron ellos los que, en cierto modo, evangelizaron a san Vicente, fueron ellos los que le transmitieron la llamada del Se\u00f1or. Fueron ellos quienes le revelaron a Jesucristo. Igual hoy en d\u00eda: <b>son los pobres los que nos revelan el aut\u00e9ntico rostro de Dios y la Buena Noticia de su Reino<\/b>.<\/p>\n<p>Los pobres son quienes, en los momentos cruciales de la historia, volvieron a llevar a la Iglesia a lo esencial. Recordemos, por ejemplo, a san Francisco de As\u00eds en el siglo XIII.<\/p>\n<p style=\"text-align: center\">* * *<\/p>\n<p>Se\u00f1alemos algunas referencias vicencianas fundamentales a la hora de anunciar el Evangelio, que luego desarrollaremos un poco m\u00e1s:<\/p>\n<ul>\n<li>La primera referencia, Jesucristo <b>en tanto que se identifica con los Pobres<\/b>.<\/li>\n<li>Jesucristo como <b>servidor fiel del designio de su Padre [=Reino de Dios]<\/b>, que lo consagr\u00f3 y envi\u00f3 a llevar la Buena Nueva a los Pobres.<\/li>\n<li>El <span style=\"text-decoration: underline\">testimonio<\/span> evang\u00e9lico por excelencia que constituye <b>el amor al pr\u00f3jimo.<\/b><\/li>\n<li>La promoci\u00f3n plena del Pobre a trav\u00e9s de un <b>servicio corporal y espi\u00adritual<\/b>.<\/li>\n<\/ul>\n<p style=\"text-align: center\">* * *<\/p>\n<p>Todos formamos parte de una gran familia: la familia cristiana y, dentro de ella, a la familia de los seguidores de Jesucristo seg\u00fan los pasos de san Vicente de Pa\u00fal. Vemos inmediatamente, desde el comienzo, un gu\u00eda que orienta nuestra vocaci\u00f3n: Jesucristo, la regla de la Misi\u00f3n de Vicente de Pa\u00fal y de sus hijos<span id='easy-footnote-6-117335' class='easy-footnote-margin-adjust'><\/span><span class='easy-footnote'><a href='http:\/\/vincentians.com\/es\/evangelizar-siguiendo-a-san-vicente\/#easy-footnote-bottom-6-117335' title='SV XII, 130'><sup>6<\/sup><\/a><\/span>. San Vicente tuvo esta gran intuici\u00f3n: la <span style=\"text-decoration: underline\">Caridad<\/span> y la <span style=\"text-decoration: underline\">Evangelizaci\u00f3n<\/span> no pod\u00edan reducirse a una dimensi\u00f3n individual. Son \u00abobras de Igle\u00adsia\u00bb y est\u00e1n \u00edntima e indisolublemente relacionadas, porque anunciamos a un Dios que es Amor. El Concilio Vaticano II nos recuerda que la misi\u00f3n evangelizadora de la Iglesia est\u00e1 \u00edntimamente ligada al servicio y la caridad:<\/p>\n<p style=\"padding-left: 30px\">\u00abLos gozos y las esperanzas, las tristezas y las angustias de los hombres de nuestro tiempo, <span style=\"text-decoration: underline\">sobre todo de los pobres y de cuantos sufren<\/span>, son a la vez gozos y esperanzas, tristezas y angustias de los disc\u00edpulos de Cristo.<\/p>\n<p style=\"padding-left: 30px\">[La Iglesia]\u2026 s\u00f3lo desea una cosa: continuar, bajo la gu\u00eda del Esp\u00edritu, la obra misma de Cristo, quien vino al mundo para <b>dar testimonio<\/b> de la verdad, para <b>salvar<\/b> y no para juzgar, para <b>servir<\/b> y no para ser servido.\u00bb<span id='easy-footnote-7-117335' class='easy-footnote-margin-adjust'><\/span><span class='easy-footnote'><a href='http:\/\/vincentians.com\/es\/evangelizar-siguiendo-a-san-vicente\/#easy-footnote-bottom-7-117335' title='GS, 1 y 3'><sup>7<\/sup><\/a><\/span>\n<p>Quienes quieren seguir el estilo de san Vicente \u2014seguir a Jesucristo evangelizador de los pobres, en definitiva\u2014 deben unirse para hacer efectivo este amor \u2014o mejor a\u00fan\u2014 <i>\u00abhacer que el Evangelio mismo sea efectivo\u00bb <\/i>a trav\u00e9s de este amor.<\/p>\n<p style=\"text-align: center\">* * *<\/p>\n<p><b>A San Vicente se le considera como el gran organizador de la Caridad. <\/b>Concede una gran importancia a lo que \u00e9l llama \u00abreuniones\u00bb o \u00abasambleas\u00bb: es en ellas donde cada uno pod\u00eda cono\u00adcer mejor lo que deb\u00eda hacer y c\u00f3mo lo deb\u00eda hacer. Todos pod\u00edan comunicar su ex\u00adperiencia, sus interrogantes, adoptar l\u00edneas de actuaci\u00f3n, etc.<span id='easy-footnote-8-117335' class='easy-footnote-margin-adjust'><\/span><span class='easy-footnote'><a href='http:\/\/vincentians.com\/es\/evangelizar-siguiendo-a-san-vicente\/#easy-footnote-bottom-8-117335' title='SV XIII, 430.'><sup>8<\/sup><\/a><\/span>\n<div class='stb-container stb-style-info stb-no-caption'><div class='stb-caption'><div class='stb-logo'><img class='stb-logo__image' src='' alt='img'\/><\/div><div class='stb-caption-content'><\/div><div class='stb-tool'><\/div><\/div><div class='stb-content'>\n<p>Resumiendo:<\/p>\n<ol>\n<li>Todos, laicos y consagrados, mujeres y hombres, mayores y j\u00f3venes, somos <b>sujetos de la Evangelizaci\u00f3n<\/b>. Todos aportamos al bien com\u00fan, desde nuestra identidad y carismas.<\/li>\n<li>Al mismo tiempo, somos <b>objetos de la Evangelizaci\u00f3n<\/b>, porque \u00ab<i>los<\/i> <i>pobres nos evangelizan<\/i>\u00ab: as\u00ed, el pobre es <b>sacramento<\/b> vivo de la presencia de un Dios que ha tomado partido por los desfavorecidos; signo de Su presencia y anuncio permanente del Dios que se ha revelado en Jesucristo.<\/li>\n<li>Este trabajo se realiza en comunidad, es un trabajo <b>de Iglesia<\/b>: en \u00e9l cada uno aporta sus carismas y virtudes. Trabajamos desde <i>la complementariedad.<\/i><\/li>\n<\/ol>\n<\/div><\/div>\n<h2>I. Siguiendo a Cristo, modelo del evangelizador<\/h2>\n<p><i>\u00abSomos continuadores de la misi\u00f3n de Cristo\u00bb; \u00abCristo es la regla\u00bb<\/i><span id='easy-footnote-9-117335' class='easy-footnote-margin-adjust'><\/span><span class='easy-footnote'><a href='http:\/\/vincentians.com\/es\/evangelizar-siguiendo-a-san-vicente\/#easy-footnote-bottom-9-117335' title='SV XI, 429'><sup>9<\/sup><\/a><\/span>; Cristo es el ejemplo, <b>el modelo<\/b>.<\/p>\n<p style=\"padding-left: 30px\">\u00abQuien dice misionero, dice un hombre llamado por Dios para salvar almas; porque nuestro fin es trabajar por su salvaci\u00f3n, a imitaci\u00f3n de Jesucristo, que es el \u00fanico redentor verdadero y que cumpli\u00f3 perfectamente lo que significa su nombre amable de Jes\u00fas, que quiere decir Salvador&#8230; Vino y viene cada d\u00eda para eso, y por su ejemplo nos ha ense\u00f1ado todas las virtudes convenientes a su cualidad de Salvador\u00bb<span id='easy-footnote-10-117335' class='easy-footnote-margin-adjust'><\/span><span class='easy-footnote'><a href='http:\/\/vincentians.com\/es\/evangelizar-siguiendo-a-san-vicente\/#easy-footnote-bottom-10-117335' title='SV XII, 74'><sup>10<\/sup><\/a><\/span>.<\/p>\n<p>En este tiempo de Navidad recordamos que <i>\u00abnos ha nacido un Redentor, un Salvador\u00bb<span id='easy-footnote-11-117335' class='easy-footnote-margin-adjust'><\/span><span class='easy-footnote'><a href='http:\/\/vincentians.com\/es\/evangelizar-siguiendo-a-san-vicente\/#easy-footnote-bottom-11-117335' title='&lt;i&gt;Cfr.&lt;\/i&gt; Lc 2, 11'><sup>11<\/sup><\/a><\/span><\/i>. Jes\u00fas viene al mundo para redimir, esto es, para <b>librar al mundo de una situaci\u00f3n de dolor, para rescatar a los que estaban cautivos del pecado y la opresi\u00f3n<\/b>.<\/p>\n<p>San Vicente <span style=\"text-decoration: underline\">centra su vida y su obra en Jesucristo<\/span>. Le escrib\u00eda a uno de sus compa\u00f1eros de la C.M.:<\/p>\n<p style=\"padding-left: 30px\">\u00abAcu\u00e9rdese, se\u00f1or, de que vivimos en Jesucristo por la muerte en Jesucristo, y que hemos de morir en Jesucristo por la vida de Jesucristo, y que nuestra vida tiene que estar oculta en Jesucristo y llena de Jesucristo, y que, para morir como Jesucristo, hay que vivir como Jesucristo\u00bb<span id='easy-footnote-12-117335' class='easy-footnote-margin-adjust'><\/span><span class='easy-footnote'><a href='http:\/\/vincentians.com\/es\/evangelizar-siguiendo-a-san-vicente\/#easy-footnote-bottom-12-117335' title='SV I. 320'><sup>12<\/sup><\/a><\/span>.<\/p>\n<p>Vemos que, <b>en apenas cuatro l\u00edneas, el Se\u00f1or Vicente cita ocho veces el nombre de Jesucristo<\/b>; esto es una <b>imagen fiel<\/b> del lugar que ocupaba Jesucristo en la fe de Vicente de Pa\u00fal.<\/p>\n<p>La primera mirada del evangelizador <span style=\"text-decoration: underline\">ha de ir dirigida<\/span>, entonces, <span style=\"text-decoration: underline\">a Cristo<\/span>, y <span style=\"text-decoration: underline\">contemplarlo en la <b>uni\u00f3n con el Padre<\/b> y <b>presente en el pobre<\/b><\/span>.<\/p>\n<p style=\"padding-left: 30px\">\u00abS\u00ed, nuestro Se\u00f1or pide de nosotros que evangelicemos a los pobres; es lo que \u00c9l hizo y lo que quiere seguir haciendo por medio de nosotros&#8230; El Padre eterno nos destina a lo mismo que destin\u00f3 a su Hijo, <b>que vino a evangelizar a los pobres y que indic\u00f3 esto como se\u00f1al de que era el Hijo de Dios<\/b> y de que hab\u00eda venido el Mes\u00edas que el pueblo esperaba\u00bb<span id='easy-footnote-13-117335' class='easy-footnote-margin-adjust'><\/span><span class='easy-footnote'><a href='http:\/\/vincentians.com\/es\/evangelizar-siguiendo-a-san-vicente\/#easy-footnote-bottom-13-117335' title='SV XI, 386'><sup>13<\/sup><\/a><\/span>.<\/p>\n<p>Es reveladora la insistencia con que san Vicente recalca este aspecto de su espiritualidad:<\/p>\n<p style=\"padding-left: 30px\">\u00abEn esta vocaci\u00f3n vivimos de modo muy conforme a nuestro Se\u00f1or Jesucristo que, al parecer, cuando vino a este mundo, escogi\u00f3 como <b>principal tarea la de asistir y cuidar a los pobres<\/b>. [\u2026] Y si se le pregunta a nuestro Se\u00f1or: \u2018\u00bfQu\u00e9 es lo que has venido a hacer en la tierra?\u2019<b> A asistir a los pobres.<\/b> \u2018\u00bfA algo m\u00e1s?\u2019<b> A asistir a los pobres<\/b>. En su compa\u00f1\u00eda no ten\u00eda m\u00e1s que pobres, y se deten\u00eda poco en las ciudades, conversando casi siempre con los aldeanos e instruy\u00e9ndolos&#8230; <b>Yo estoy aqu\u00ed para catequizar, instruir, confesar y asistir a los pobres<\/b>\u00ab<span id='easy-footnote-14-117335' class='easy-footnote-margin-adjust'><\/span><span class='easy-footnote'><a href='http:\/\/vincentians.com\/es\/evangelizar-siguiendo-a-san-vicente\/#easy-footnote-bottom-14-117335' title='SV XI, 33'><sup>14<\/sup><\/a><\/span>.<\/p>\n<p>La fe de Vicente de Pa\u00fal en Jesucristo se vio marcada por los acontecimientos de 1617, en Gannes\u2013Folleville y luego en Ch\u00e2tillon.<\/p>\n<p>Insistentemente repite en sus cartas este convencimiento, fruto de su experiencia:<\/p>\n<p style=\"padding-left: 30px\">\u00abAs\u00ed pues, se\u00f1ores y hermanos m\u00edos, <b>nuestro lote son los pobres<\/b>, los pobres. \u00a1Qu\u00e9 dicha, se\u00f1ores, qu\u00e9 dicha! \u00a1Hacer aquello por lo que nuestro Se\u00f1or vino del cielo a la tierra, y mediante lo cual nosotros iremos de la tierra al cielo! \u00a1Continuar la obra de Dios, que hu\u00eda de las ciudades y se iba al campo en busca de los pobres! En eso es en lo que nos ocupan nuestras reglas: ayudar a los pobres, nuestros amos y se\u00f1ores\u00bb<span id='easy-footnote-15-117335' class='easy-footnote-margin-adjust'><\/span><span class='easy-footnote'><a href='http:\/\/vincentians.com\/es\/evangelizar-siguiendo-a-san-vicente\/#easy-footnote-bottom-15-117335' title='SV XI-3, 324'><sup>15<\/sup><\/a><\/span>.<\/p>\n<p>Resumiendo: la cristolog\u00eda vicenciana se distingue por <b>ver a Cristo evangelizador de los pobres<\/b>. Contempla a Jes\u00fas que siente <span style=\"text-decoration: underline\">compasi\u00f3n<\/span> por la muchedumbre que le sigue y no tiene qu\u00e9 comer<span id='easy-footnote-16-117335' class='easy-footnote-margin-adjust'><\/span><span class='easy-footnote'><a href='http:\/\/vincentians.com\/es\/evangelizar-siguiendo-a-san-vicente\/#easy-footnote-bottom-16-117335' title='Mt. 15, 32'><sup>16<\/sup><\/a><\/span>, de los enfermos y endemoniados, de las viudas, de los pecadores p\u00fablicos, sean mujeres o sean hombres, de un estrato social o de otro.<\/p>\n<p>El Cristo aut\u00e9ntico para Vicente de Pa\u00fal es el de la <b><span style=\"text-decoration: underline\">misericordia ante la desdicha que afecta a los empobrecidos y excluidos de la sociedad<\/span><\/b>.<span id='easy-footnote-17-117335' class='easy-footnote-margin-adjust'><\/span><span class='easy-footnote'><a href='http:\/\/vincentians.com\/es\/evangelizar-siguiendo-a-san-vicente\/#easy-footnote-bottom-17-117335' title='Cf. SV XI, 23-24, 77, 145-146; X, 85-86.'><sup>17<\/sup><\/a><\/span> El \u00abcompadecerse de las multitudes\u00bb es lo que configura su vida y su misi\u00f3n. Es tambi\u00e9n lo que configura su visi\u00f3n de Dios y del hombre:<\/p>\n<p style=\"padding-left: 30px\">\u00abDios \u2014comenta Vicente de Pa\u00fal\u2014 ha decidido compadecerse del mundo, en lugar de dejar que se pierda, por eso su mismo Hijo dar\u00e1 su vida por ellos\u00bb<span id='easy-footnote-18-117335' class='easy-footnote-margin-adjust'><\/span><span class='easy-footnote'><a href='http:\/\/vincentians.com\/es\/evangelizar-siguiendo-a-san-vicente\/#easy-footnote-bottom-18-117335' title='SV XI, 377; ES XI, 263.'><sup>18<\/sup><\/a><\/span>.<\/p>\n<p>La <b>compasi\u00f3n<\/b> y <b>ternura<\/b> de Jes\u00fas, su misericordia, no se limitan a obrar en lo m\u00e1s \u00edntimo del hombre, sino que <b>act\u00faan tambi\u00e9n reaccio\u00adnando contra la situaci\u00f3n violenta en la que se encuentran los pobres<\/b> a causa de la extorsi\u00f3n ejercida sobre ellos por otros hombres.<\/p>\n<p style=\"text-align: center\">* * *<\/p>\n<p>El Evangelio era, para Vicente, el libro que le permiti\u00f3 encontrar directamente la voluntad y la forma de obrar de Jesucristo. Podr\u00edamos decir que Vicente ten\u00eda un modo particular de abordar el Evangelio: cuando entraba en el Evangelio, lo hac\u00eda siempre por dos puertas: <i>Lucas 4,18<\/i> y <i>Mateo 25,31<\/i>.El texto preferido por Vicente de Pa\u00fal, en el que Jes\u00fas hace de la opci\u00f3n por los pobres el distintivo de su misi\u00f3n, se encuentra en el evangelio de Lucas:<\/p>\n<p style=\"padding-left: 30px\">\u00abEl esp\u00edritu del Se\u00f1or est\u00e1 sobre m\u00ed, porque me ha ungido para anunciar a los pobres la buena noticia, para proclamar la liberaci\u00f3n a los cautivos y la vista a los ciegos, para dar libertad a los oprimidos y proclamar un a\u00f1o de gracia del Se\u00f1or.\u00bb<span id='easy-footnote-19-117335' class='easy-footnote-margin-adjust'><\/span><span class='easy-footnote'><a href='http:\/\/vincentians.com\/es\/evangelizar-siguiendo-a-san-vicente\/#easy-footnote-bottom-19-117335' title='Lc 4, 18-19.'><sup>19<\/sup><\/a><\/span>\n<p><b>Este Cristo,<\/b> que es pobre, que se dirige preferentemente a los pobres y se declara su evangelizador<span id='easy-footnote-20-117335' class='easy-footnote-margin-adjust'><\/span><span class='easy-footnote'><a href='http:\/\/vincentians.com\/es\/evangelizar-siguiendo-a-san-vicente\/#easy-footnote-bottom-20-117335' title='&lt;i&gt;Cf.&lt;\/i&gt; Lc 6, 20-23; 7, 18-23; Mc 1, 14-15'><sup>20<\/sup><\/a><\/span>, <b>resume la conciencia vicenciana<\/b><span id='easy-footnote-21-117335' class='easy-footnote-margin-adjust'><\/span><span class='easy-footnote'><a href='http:\/\/vincentians.com\/es\/evangelizar-siguiendo-a-san-vicente\/#easy-footnote-bottom-21-117335' title='Cf. SV XII, 3-5, 79-83; XI, 23-24, 74.'><sup>21<\/sup><\/a><\/span>.<\/p>\n<p>Lo original en la experiencia de fe y en la opci\u00f3n de Vicente de Pa\u00fal se encuentra en que la realizaci\u00f3n de la voluntad de Dios, por parte de Jes\u00fas, y se identifica con la evangelizaci\u00f3n de los pobres:\u00bb<span style=\"text-decoration: underline\">Si queremos<\/span> \u2014comenta\u2014 podemos hacer siempre la voluntad de Dios. \u00a1Oh qu\u00e9 dicha, el hacer siempre y en todas las cosas la voluntad de Dios! \u00bfNo es hacer lo que vino a hacer en la tierra el Hijo de Dios? El Hijo de Dios vino para evangelizar a los pobres; nosotros, \u00bfno somos en\u00adviados para hacer lo mismo? S\u00ed, los misioneros son enviados para evangelizar a los pobres. \u00a1Oh, qu\u00e9 felicidad, hacer en la tierra lo mismo que hizo nuestro Se\u00f1or!\u00bb<span id='easy-footnote-22-117335' class='easy-footnote-margin-adjust'><\/span><span class='easy-footnote'><a href='http:\/\/vincentians.com\/es\/evangelizar-siguiendo-a-san-vicente\/#easy-footnote-bottom-22-117335' title='SV XI, 315.'><sup>22<\/sup><\/a><\/span>.<\/p>\n<p>En otro texto dice Vicente de Pa\u00fal: \u00ab<i>Jesucristo no hizo en este mundo sino servir a los pobres<\/i>\u00ab. Esta convicci\u00f3n est\u00e1 tan profundamente arraigada en el pensamiento y en la vida de Vicente de Pa\u00fal que aparece con frecuencia en su correspondencia y en sus alocuciones<span id='easy-footnote-23-117335' class='easy-footnote-margin-adjust'><\/span><span class='easy-footnote'><a href='http:\/\/vincentians.com\/es\/evangelizar-siguiendo-a-san-vicente\/#easy-footnote-bottom-23-117335' title='Cf. SV XI, 23-24, 74, 315; XII, 3-5. 79-83; IX, 15, 59, 324-325, 534, 583, 592; X, 113, 126, 143-144, 225, 548; cf. ES XI, 717, 762, 209-210, 323-324, 386-390.'><sup>23<\/sup><\/a><\/span>. Esta convicci\u00f3n supone la <b>creaci\u00f3n de un mundo fraternal donde tengan sitio aquellos a los que la sociedad margina<\/b> y excluye de su seno, y manifiesta \u00ab<i>la gran caridad de nuestro Se\u00f1or<\/i>\u00ab<span id='easy-footnote-24-117335' class='easy-footnote-margin-adjust'><\/span><span class='easy-footnote'><a href='http:\/\/vincentians.com\/es\/evangelizar-siguiendo-a-san-vicente\/#easy-footnote-bottom-24-117335' title='SV X, 113, 115.'><sup>24<\/sup><\/a><\/span> por los pobres.<\/p>\n<p><b>Cristo es el Salvador del mundo<\/b>. Nadie queda al margen de su misericordia. El vicenciano, que siguiendo a Cristo no mitifica ni al pobre ni a la pobreza, no condena <span style=\"text-decoration: underline\">de una manera absoluta<\/span> ni al rico ni a la riqueza. <b>Como Jes\u00fas<\/b>, el vicenciano debe saber decir a unos y a otros lo que necesitan saber: Al rico que se convierta y al pobre que Dios y la Iglesia est\u00e1n de su parte.<\/p>\n<div class='stb-container stb-style-info stb-no-caption'><div class='stb-caption'><div class='stb-logo'><img class='stb-logo__image' src='' alt='img'\/><\/div><div class='stb-caption-content'><\/div><div class='stb-tool'><\/div><\/div><div class='stb-content'>\n<p>Reflexionemos unos segundos sobre esto que acabamos de decir, pues aqu\u00ed se haya el n\u00facleo del estilo evangelizador vicenciano:<\/p>\n<ol>\n<li>\u00bfEs \u00e9ste el Jes\u00fas que anunciamos en nuestras Misiones?<\/li>\n<li>\u00bfSomos conscientes que Caridad y Evangelizaci\u00f3n van de la mano? \u00bfC\u00f3mo se plasma esto en nuestra labor evangelizadora?<\/li>\n<li>\u00bfCentramos nuestra vida y nuestra obra en Jesucristo, como san Vicente?<\/li>\n<\/ol>\n<\/div><\/div>\n<h2>II. Primac\u00eda de Dios<\/h2>\n<p>Hemos dicho antes que la experiencia humano-cristiana de Vicente de Pa\u00fal surge y se alimenta de un <b>encuentro profundo con Dios y con Cristo en el mundo de los pobres<\/b><span id='easy-footnote-25-117335' class='easy-footnote-margin-adjust'><\/span><span class='easy-footnote'><a href='http:\/\/vincentians.com\/es\/evangelizar-siguiendo-a-san-vicente\/#easy-footnote-bottom-25-117335' title='&lt;i&gt;Cf&lt;\/i&gt;. J. M\u00aa Ib\u00e1\u00f1ez, &lt;i&gt;La fe verificada en el amor, &lt;\/i&gt;Paulinas, Madrid 1993, pp., 29-69.'><sup>25<\/sup><\/a><\/span>. De ah\u00ed que, en la larga trayectoria de su experiencia de fe se encuentren continuamente interrelacionados <b>el Dios de los pobres y los pobres de Dios<\/b>.<\/p>\n<p style=\"padding-left: 30px\">\u00abPor tanto, un gran motivo [de alegr\u00eda] que tenemos es la grandeza de la cosa: dar a conocer a Dios a los pobres, anunciarles a Jesucristo, decirles que est\u00e1 cerca el reino de los cielos y que ese reino es para los pobres\u00bb<span id='easy-footnote-26-117335' class='easy-footnote-margin-adjust'><\/span><span class='easy-footnote'><a href='http:\/\/vincentians.com\/es\/evangelizar-siguiendo-a-san-vicente\/#easy-footnote-bottom-26-117335' title='San Vicente de Pa\u00fal a los misioneros de la Congregaci\u00f3n de la Misi\u00f3n, el 6 de diciembre de 1658.'><sup>26<\/sup><\/a><\/span>.<\/p>\n<p>Para el vicenciano, <span style=\"text-decoration: underline\">Dios lo es todo, como para Jes\u00fas<\/span>, siempre pendiente de hacer la voluntad del Padre.<\/p>\n<p>San Vicente lo afirma en m\u00faltiples ocasiones:<\/p>\n<p style=\"padding-left: 30px\">\u00abNo basta con hacer las cosas que Dios nos ordena, sino que, adem\u00e1s, es preciso hacerlas por amor a Dios; <b>cumplir la voluntad de Dios<\/b>, y cumplir esa misma voluntad de Dios seg\u00fan su voluntad, es decir, lo mismo que nuestro Se\u00f1or cumpli\u00f3 la voluntad de su Padre durante su estancia en la tierra\u00bb<span id='easy-footnote-27-117335' class='easy-footnote-margin-adjust'><\/span><span class='easy-footnote'><a href='http:\/\/vincentians.com\/es\/evangelizar-siguiendo-a-san-vicente\/#easy-footnote-bottom-27-117335' title='SV XI, 309'><sup>27<\/sup><\/a><\/span>.<\/p>\n<p>El esfuerzo del vicenciano consistir\u00e1 en <b>estar atento a las manifestaciones de la Providencia<\/b>, <span style=\"text-decoration: underline\">en buscar en todo momento, como lo hizo Jes\u00fas, que se cumpla la voluntad del Padre<\/span>. A trav\u00e9s de las palabras de san Vicente resuenan las palabras de Jes\u00fas: \u00absed perfectos [<i>=misericordiosos<\/i>] como vuestro Padre\u00bb. Y, \u00bfc\u00f3mo conseguirlo?<\/p>\n<p style=\"padding-left: 30px\">\u00ab\u00bfQui\u00e9n ser\u00e1 el m\u00e1s perfecto entre los hombres? Ser\u00e1 aquel cuya voluntad sea m\u00e1s conforme con la de Dios, de forma que <b>la perfecci\u00f3n consiste en unir nuestra voluntad con la de Dios hasta el punto que la suya y la nuestra no sean, propiamente hablando, m\u00e1s que un mismo querer y no querer<\/b>\u00ab<span id='easy-footnote-28-117335' class='easy-footnote-margin-adjust'><\/span><span class='easy-footnote'><a href='http:\/\/vincentians.com\/es\/evangelizar-siguiendo-a-san-vicente\/#easy-footnote-bottom-28-117335' title='SV XI, 318'><sup>28<\/sup><\/a><\/span>.<\/p>\n<p>Cuando en moral se dice que hay que superar el \u00ablegalismo\u00bb, se nos recuerda que todo cristiano, m\u00e1s que por cumplir unas \u00abnormas\u00bb, se define por <b><span style=\"text-decoration: underline\">buscar<\/span> en todo momento la \u00abvoluntad del Padre\u00bb<\/b>.<\/p>\n<p style=\"text-align: center\">* * *<\/p>\n<p>Y, \u00bfcu\u00e1l es el camino para ello?: la oraci\u00f3n.Un d\u00eda uno de los seglares del Equipo de Misiones, en este esp\u00edritu, nos hac\u00eda esta reflexi\u00f3n: \u00ab<i>\u00a1Ojo! Pues nosotros podemos hablar mucho de Dios, y estar sin Dios\u00bb<\/i>&#8230; Pero es san Vicente quien nos recuerda con fuerza:<\/p>\n<p style=\"padding-left: 30px\">\u00abDadme <b>un hombre de oraci\u00f3n y ser\u00e1 capaz de todo<\/b>\u00ab<span id='easy-footnote-29-117335' class='easy-footnote-margin-adjust'><\/span><span class='easy-footnote'><a href='http:\/\/vincentians.com\/es\/evangelizar-siguiendo-a-san-vicente\/#easy-footnote-bottom-29-117335' title='SV XI, 83'><sup>29<\/sup><\/a><\/span>.<\/p>\n<p>San Vicente est\u00e1 <b>absolutamente convencido de la necesidad de la oraci\u00f3n<\/b>. \u00c9l dice:<\/p>\n<p style=\"padding-left: 30px\">\u00abLa Misi\u00f3n durar\u00e1 mientras se practique en ella el ejercicio de la oraci\u00f3n\u00bb<span id='easy-footnote-30-117335' class='easy-footnote-margin-adjust'><\/span><span class='easy-footnote'><a href='http:\/\/vincentians.com\/es\/evangelizar-siguiendo-a-san-vicente\/#easy-footnote-bottom-30-117335' title='SV XI, 83'><sup>30<\/sup><\/a><\/span>;<\/p>\n<p style=\"padding-left: 30px\">\u00abes el alimento necesario para la vida del alma\u00bb<span id='easy-footnote-31-117335' class='easy-footnote-margin-adjust'><\/span><span class='easy-footnote'><a href='http:\/\/vincentians.com\/es\/evangelizar-siguiendo-a-san-vicente\/#easy-footnote-bottom-31-117335' title='SV IX, 416'><sup>31<\/sup><\/a><\/span>;<\/p>\n<p style=\"padding-left: 30px\">\u00abes la despensa de donde se sacan las instrucciones\u00bb<span id='easy-footnote-32-117335' class='easy-footnote-margin-adjust'><\/span><span class='easy-footnote'><a href='http:\/\/vincentians.com\/es\/evangelizar-siguiendo-a-san-vicente\/#easy-footnote-bottom-32-117335' title='SV XI, 344'><sup>32<\/sup><\/a><\/span>;<\/p>\n<p>La oraci\u00f3n \u00abes como una fuente de juventud\u00bb que nos mantiene vigorosos y abiertos a las necesidades de los hermanos.<\/p>\n<p>El <b>trato con Dios del vicenciano debe reanimar sin cesar el compromiso apost\u00f3lico con los pobres, de la misma manera que el compromiso con los pobres debe animar y enriquecer su trato con Dios<\/b>. El vicenciano <span style=\"text-decoration: underline\">sabe que Dios le espera en los pobres<\/span>. Por eso se ha dicho que no fueron los pobres los que llevaron a San Vicente a Dios, fue Dios el que le llev\u00f3 a los pobres.<\/p>\n<p>Y ahora, miremos a nuestro mundo. <span style=\"text-decoration: underline\">Cuando el secularismo se hace m\u00e1s influyente, el vicenciano debe disponerse a arraigarse m\u00e1s en Dios y a vivir m\u00e1s intensamente sus relaciones con \u00c9l<\/span>. A todos los vicencianos sirve la orientaci\u00f3n que la Congregaci\u00f3n de la Misi\u00f3n ha dado a sus miembros:<\/p>\n<p style=\"padding-left: 30px\">\u00abEn el mundo de hoy, el ate\u00edsmo y el materialismo interpelan profundamente nuestra fe y los m\u00e9todos tradicionales de evangelizar\u00bb<span id='easy-footnote-33-117335' class='easy-footnote-margin-adjust'><\/span><span class='easy-footnote'><a href='http:\/\/vincentians.com\/es\/evangelizar-siguiendo-a-san-vicente\/#easy-footnote-bottom-33-117335' title='&lt;i&gt;Cfr.&lt;\/i&gt; Constituciones de la Congregaci\u00f3n de la Misi\u00f3n 1984, Estatuto 2'><sup>33<\/sup><\/a><\/span>.<\/p>\n<p style=\"text-align: center\">* * *<\/p>\n<p>Veamos ahora que el Dios de quien vive y habla Vicente de Pa\u00fal, no se puede separar de la caridad y de los pobres.Lo que caracteriza al esp\u00edritu de Dios en la experiencia de fe de Vicente de Pa\u00fal, es un esp\u00edritu de amor, de caridad:<\/p>\n<p style=\"padding-left: 30px\">\u00abQuiera la bondad de Dios, mis querid\u00edsimas hijas, repartiros en abundancia su esp\u00edritu, que es solamente un esp\u00edritu de amor, de mansedumbre, de suavidad y de caridad\u00bb<span id='easy-footnote-34-117335' class='easy-footnote-margin-adjust'><\/span><span class='easy-footnote'><a href='http:\/\/vincentians.com\/es\/evangelizar-siguiendo-a-san-vicente\/#easy-footnote-bottom-34-117335' title='SV IX, 279.'><sup>34<\/sup><\/a><\/span>.<\/p>\n<p>Afirmar que el esp\u00edritu de Dios es amor, equivale a decir que es <b>don<\/b>. Por eso se <b>da a los hombres<\/b>. M\u00e1s a\u00fan, al entregar a su Hijo a la muerte por nosotros, Dios nos muestra que <b>es amor para nosotros<\/b><span id='easy-footnote-35-117335' class='easy-footnote-margin-adjust'><\/span><span class='easy-footnote'><a href='http:\/\/vincentians.com\/es\/evangelizar-siguiendo-a-san-vicente\/#easy-footnote-bottom-35-117335' title='Rom 5, 8'><sup>35<\/sup><\/a><\/span> y, adem\u00e1s, <b>que podemos amar con el amor que \u00c9l nos da<\/b><span id='easy-footnote-36-117335' class='easy-footnote-margin-adjust'><\/span><span class='easy-footnote'><a href='http:\/\/vincentians.com\/es\/evangelizar-siguiendo-a-san-vicente\/#easy-footnote-bottom-36-117335' title='Jn 13, 34'><sup>36<\/sup><\/a><\/span>.<\/p>\n<p>El <span style=\"text-decoration: underline\">amor en su plenitud<\/span> consiste en <b>amar a Dios en el hombre y al hombre en Dios<\/b><span id='easy-footnote-37-117335' class='easy-footnote-margin-adjust'><\/span><span class='easy-footnote'><a href='http:\/\/vincentians.com\/es\/evangelizar-siguiendo-a-san-vicente\/#easy-footnote-bottom-37-117335' title='1Jn 4, 20-21'><sup>37<\/sup><\/a><\/span>. Desde esta convicci\u00f3n se comprende mejor lo que dice Vicente de Pa\u00fal:<\/p>\n<p style=\"padding-left: 30px\">\u00abSi tenemos amor, hemos de demostrarlo llevando a los hombres a que amen a Dios y al pr\u00f3jimo, a que amen al pr\u00f3jimo por Dios y a Dios por el pr\u00f3jimo\u00bb<span id='easy-footnote-38-117335' class='easy-footnote-margin-adjust'><\/span><span class='easy-footnote'><a href='http:\/\/vincentians.com\/es\/evangelizar-siguiendo-a-san-vicente\/#easy-footnote-bottom-38-117335' title='SV XII, 262.'><sup>38<\/sup><\/a><\/span>.<\/p>\n<p>Y a\u00f1ade:<\/p>\n<p style=\"padding-left: 30px\">\u00abHe de amar a mi pr\u00f3jimo, como imagen de Dios y objeto de su amor, y obrar de manera que a su vez los hombres amen a su Creador, que les conoce y reconoce como hermanos, que les ha salvado, para que con una caridad mutua tambi\u00e9n ellos se amen entre s\u00ed por amor de Dios, que les ha amado hasta el punto de entregar por ellos a la muerte a su propio Hijo\u00bb<span id='easy-footnote-39-117335' class='easy-footnote-margin-adjust'><\/span><span class='easy-footnote'><a href='http:\/\/vincentians.com\/es\/evangelizar-siguiendo-a-san-vicente\/#easy-footnote-bottom-39-117335' title='SV XII, 262-263.'><sup>39<\/sup><\/a><\/span>.<\/p>\n<p>As\u00ed, pues, es el <i>amor de Dios <\/i>el que da sentido a la acci\u00f3n de ese mismo Dios en el hombre. Por eso no hay m\u00e1s que un amor: el realizado por Dios en Cristo para liberar al hombre de todo lo que le oprime y salvarle por la caridad, hecha servicio.<\/p>\n<div class='stb-container stb-style-info stb-no-caption'><div class='stb-caption'><div class='stb-logo'><img class='stb-logo__image' src='' alt='img'\/><\/div><div class='stb-caption-content'><\/div><div class='stb-tool'><\/div><\/div><div class='stb-content'>\n<p>Tomemos unos segundos para pensar sobre esto y pregunt\u00e9monos:<\/p>\n<ol>\n<li>\u00bfHe centrado mi vida en Dios y en hacer su voluntad?<\/li>\n<li>\u00bfQu\u00e9 lugar ocupa la oraci\u00f3n, el trato \u00edntimo con el Padre, en mi vida?<\/li>\n<\/ol>\n<\/div><\/div>\n<h2>III. La Iglesia es el lugar del Esp\u00edritu Santo<\/h2>\n<p style=\"padding-left: 30px\">\u00abPara hacer esto, lo mismo que para tender a la perfecci\u00f3n, hay que revestirse del esp\u00edritu de Jesucristo. \u00a1Oh Salvador! \u00a1Oh Padre! <b>\u00a1Qu\u00e9 negocio tan importante \u00e9ste de revestirse del esp\u00edritu de Jesucristo!<\/b> Quiere esto decir que, <span style=\"text-decoration: underline\">para perfeccionarse y atender \u00fatilmente a los pobres<\/span>, y para servir bien a los eclesi\u00e1sticos, <span style=\"text-decoration: underline\">hemos de esforzarnos en imitar la perfecci\u00f3n de Jesucristo<\/span> y procurar llegar a ella. Esto significa tambi\u00e9n que nosotros no podemos nada por nosotros mismos. <b>Hemos de llenarnos y dejarnos animar por este esp\u00edritu de Jesucristo<\/b>\u00ab<span id='easy-footnote-40-117335' class='easy-footnote-margin-adjust'><\/span><span class='easy-footnote'><a href='http:\/\/vincentians.com\/es\/evangelizar-siguiendo-a-san-vicente\/#easy-footnote-bottom-40-117335' title='SV XI, 410'><sup>40<\/sup><\/a><\/span>.<\/p>\n<p>Y este Esp\u00edritu de Jes\u00fas se manifiesta particularmente <b>presente en la Iglesia<\/b>. San Vicente <span style=\"text-decoration: underline\">cre\u00eda en la Iglesia<\/span> y sab\u00eda que daba firmeza y seguridad a todas las inspiraciones que vienen del Esp\u00edritu Santo. La <b>Iglesia<\/b> es el \u00ab<b>lugar del Esp\u00edritu Santo<\/b>\u00ab. De ah\u00ed el gran respeto y devoci\u00f3n que por ella siempre mostr\u00f3 y el ver en sus disposiciones signos claros de la voluntad divina.<\/p>\n<p style=\"padding-left: 30px\">\u00abEsto que ocurri\u00f3 en la conversi\u00f3n de aquel hereje [\u2026] dio motivos al padre Vicente, que se lo contaba un d\u00eda a los padres de su compa\u00f1\u00eda, para exclamar:\u00ad \u2018<b>\u00a1Qu\u00e9 dicha para nosotros los misioneros, poder demostrar que el Esp\u00edritu Santo gu\u00eda a su Iglesia, trabajando como trabajamos por la instrucci\u00f3n y la santificaci\u00f3n de los pobres!<\/b>\u2019\u00bb<span id='easy-footnote-41-117335' class='easy-footnote-margin-adjust'><\/span><span class='easy-footnote'><a href='http:\/\/vincentians.com\/es\/evangelizar-siguiendo-a-san-vicente\/#easy-footnote-bottom-41-117335' title='SV XI, 730'><sup>41<\/sup><\/a><\/span>.<\/p>\n<p>No obstante, esta presencia del Esp\u00edritu <b>exige una pr\u00e1ctica, un esfuerzo, un trabajo continuado por nuestra parte<\/b>. No podemos cruzarnos de brazos:<\/p>\n<p style=\"padding-left: 30px\">\u00abLa Iglesia es como una gran mies que requiere obreros, <b>pero obreros que trabajen<\/b>. No hay nada tan conforme con el Evangelio como reunir, por un lado, luz y fuerzas para el alma en la oraci\u00f3n, en la lectura y en el silencio y, por otro, ir luego a hacer part\u00edcipes a los hombres de este aliento espiritual. Esto es lo que hizo nuestro Se\u00f1or y, despu\u00e9s de \u00e9l, sus ap\u00f3stoles\u00bb<span id='easy-footnote-42-117335' class='easy-footnote-margin-adjust'><\/span><span class='easy-footnote'><a href='http:\/\/vincentians.com\/es\/evangelizar-siguiendo-a-san-vicente\/#easy-footnote-bottom-42-117335' title='SV XI, 41'><sup>42<\/sup><\/a><\/span>.<\/p>\n<p>La evangelizaci\u00f3n y el servicio en la Iglesia es un trabajo com\u00fan de todos, no exclusivo. San Vicente insisti\u00f3 en la solidaridad activa de los Sacerdotes de la Misi\u00f3n, de las Hijas de la Caridad y de las Cofrad\u00edas para un mejor servicio de los Pobres. Podremos ver en esta cooperaci\u00f3n fraterna <i>una realizaci\u00f3n concreta de la labor com\u00fan entre Sacerdocio, Laicado y Vida Consagrada, <\/i>en la que tanto se in\u00adsiste hoy y que se inscribe dentro de la l\u00ednea de un esp\u00edritu com\u00fan.<\/p>\n<p>Lejos de replegarnos sobre nosotros mismos, esto nos lleva a trabajar en comu\u00adni\u00f3n y en complementariedad con todas las fuerzas vivas de la Iglesia. En tiempo de San Vicente esto se traduc\u00eda esencialmente por una inserci\u00f3n en la vida parro\u00adquial: era entonces la estructura pastoral por excelencia. Esto sigue siendo verdad, pero hay otras dimensiones \u2014no menos importantes\u2014 dentro de una pastoral de conjunto.<\/p>\n<div class='stb-container stb-style-info stb-no-caption'><div class='stb-caption'><div class='stb-logo'><img class='stb-logo__image' src='' alt='img'\/><\/div><div class='stb-caption-content'><\/div><div class='stb-tool'><\/div><\/div><div class='stb-content'>\n<p>Unos interrogantes que nos podemos hacer en este momento:<\/p>\n<ol>\n<li>\u00bfC\u00f3mo vivo mi pertenencia eclesial?<\/li>\n<li>\u00bfSoy trabajador en la vi\u00f1a del Se\u00f1or, o asisto m\u00e1s bien pasivamente a la construcci\u00f3n del Reino de Dios?<\/li>\n<\/ol>\n<\/div><\/div>\n<h2>IV. Los pobres, presencia de Dios<\/h2>\n<p>En el coraz\u00f3n del vicenciano, <b>el pobre <\/b>ocupa, <b>junto a Cristo<\/b>, el <b>lugar preferente<\/b>. San Vicente logr\u00f3 colocar a los pobres en el centro de su vida: fueron \u00absu peso y su dolor\u00bb. Vio en ellos al ser humano desafortunado, marginado de todo protagonismo social, y al mismo tiempo <b>vio en ellos a Cristo<\/b>. Bastaba dar \u00abvuelta a la medalla\u00bb para ver en aquel rostro desfigurado el rostro doliente de Cristo.<\/p>\n<p style=\"padding-left: 30px\">\u00abNo hemos de considerar a un pobre campesino o a una mujer pobre seg\u00fan su aspecto exterior ni seg\u00fan la impresi\u00f3n de su esp\u00edritu, dado que con frecuencia no tienen ni la figura ni el esp\u00edritu de las personas educadas, pues son vulgares y groseros. Pero dadle la vuelta a la medalla y ver\u00e9is con las luces de la fe que son esos los que nos representan al Hijo de Dios, que quiso ser pobre\u00bb<span id='easy-footnote-43-117335' class='easy-footnote-margin-adjust'><\/span><span class='easy-footnote'><a href='http:\/\/vincentians.com\/es\/evangelizar-siguiendo-a-san-vicente\/#easy-footnote-bottom-43-117335' title='SV XI, 32'><sup>43<\/sup><\/a><\/span>.<\/p>\n<p>San Vicente acept\u00f3, plenamente y con gozo, lo que el Se\u00f1or dijo:<\/p>\n<p style=\"padding-left: 30px\">\u00abOs lo aseguro: Cada vez que lo hicisteis con un hermano m\u00edo de esos m\u00e1s humildes lo hicisteis conmigo\u00bb<span id='easy-footnote-44-117335' class='easy-footnote-margin-adjust'><\/span><span class='easy-footnote'><a href='http:\/\/vincentians.com\/es\/evangelizar-siguiendo-a-san-vicente\/#easy-footnote-bottom-44-117335' title='Mt 25, 40'><sup>44<\/sup><\/a><\/span>.<\/p>\n<p>Y por eso, insiste una y otra vez:<\/p>\n<p style=\"padding-left: 30px\">\u00abS\u00ed, nuestro Se\u00f1or pide de nosotros que evangelicemos a los pobres; es lo que \u00e9l hizo y lo que quiere seguir haciendo por medio de nosotros\u2026 El Padre eterno <b>nos destina a lo mismo que destin\u00f3 a su Hijo<\/b>, que vino a evangelizar a los pobres y que indic\u00f3 esto como se\u00f1al de que era el Hijo de Dios y de que hab\u00eda venido el Mes\u00edas que el pueblo esperaba\u00bb<span id='easy-footnote-45-117335' class='easy-footnote-margin-adjust'><\/span><span class='easy-footnote'><a href='http:\/\/vincentians.com\/es\/evangelizar-siguiendo-a-san-vicente\/#easy-footnote-bottom-45-117335' title='SV XI, 386'><sup>45<\/sup><\/a><\/span>.<\/p>\n<p>As\u00ed pues, en la trayectoria de la experiencia de fe de Vicente de Pa\u00fal aparece con claridad la <b>parcialidad de Dios por los desvalidos<\/b>:<\/p>\n<p style=\"padding-left: 30px\">\u00abDios se llena de compasi\u00f3n por los pobres, al verlos abandonados en manos de personas que no tienen piedad de ellos\u00bb<span id='easy-footnote-46-117335' class='easy-footnote-margin-adjust'><\/span><span class='easy-footnote'><a href='http:\/\/vincentians.com\/es\/evangelizar-siguiendo-a-san-vicente\/#easy-footnote-bottom-46-117335' title='SV X, 125.'><sup>46<\/sup><\/a><\/span>.<\/p>\n<p>Ante la situaci\u00f3n inhumana, en la que se encuentran los desheredados, Dios-amor-misericordioso se hace su defensor. Desde esta experiencia de fe se comprende que su fundador diga confidencial\u00admente a las Hijas de la Caridad:<\/p>\n<p style=\"padding-left: 30px\">\u00abEs Dios el que os ha encomendado el cuidado de sus pobres y ten\u00e9is que comportaros con ellos con su mismo esp\u00edritu, compadeciendo sus miserias y sinti\u00e9ndolas en vosotras mismas en la medida de lo posible, como aquel que dec\u00eda: \u2018Yo soy perseguido con los perseguidos, maldito con los malditos, esclavo con los esclavos, afligido con los afligidos y enfermo con los enfermos\u2019 (1 Cor 9, 19-22)\u00bb<span id='easy-footnote-47-117335' class='easy-footnote-margin-adjust'><\/span><span class='easy-footnote'><a href='http:\/\/vincentians.com\/es\/evangelizar-siguiendo-a-san-vicente\/#easy-footnote-bottom-47-117335' title='SV X, 127.'><sup>47<\/sup><\/a><\/span>.<\/p>\n<p>En la misma l\u00ednea de pensamiento Vicente de Pa\u00fal aduce ante los misioneros la raz\u00f3n primordial de la opci\u00f3n preferencial de Dios por los pobres: su predilecci\u00f3n por ellos. Escuch\u00e9mosle:<\/p>\n<p style=\"padding-left: 30px\">\u00abDios ama a los pobres y, en consecuencia, ama a quienes aman a los pobres, porque, cuando se quiere a alguien, se tiene afecto por sus amigos y servidores. Pero la peque\u00f1a Compa\u00f1\u00eda de la Misi\u00f3n trata de ocuparse con afecto de servir a los pobres, <b>que son los predilectos de Dios<\/b>, y de esta manera tenemos motivos de esperar que, <b>por amor a ellos, Dios nos amar\u00e1<\/b>. Vayamos, pues, hermanos m\u00edos, y dediqu\u00e9monos con nuevo amor a servir a los pobres, e incluso busquemos a los m\u00e1s pobres y a los m\u00e1s abandonados; <b>reconozcamos delante de Dios que son nuestros se\u00f1ores y maestros<\/b> y que somos indignos de ofrecerles nuestros pe\u00adque\u00f1os servicios\u00bb<span id='easy-footnote-48-117335' class='easy-footnote-margin-adjust'><\/span><span class='easy-footnote'><a href='http:\/\/vincentians.com\/es\/evangelizar-siguiendo-a-san-vicente\/#easy-footnote-bottom-48-117335' title='SV XI, 392-393.'><sup>48<\/sup><\/a><\/span>.<\/p>\n<p>El verdadero alcance de estas declaraciones lo descubrimos cuan\u00addo somos conscientes de que <b>los pobres, ayer como hoy, son los que pagan, a causa del ego\u00edsmo de otros hombres y de las estructuras sociales injustas<\/b>, las consecuencias de la no realizaci\u00f3n del plan amo\u00adroso de Dios en beneficio de todos los hombres.<\/p>\n<p>La predilecci\u00f3n y parcialidad de Dios por los que sufren pobreza y marginaci\u00f3n se precisan a\u00fan m\u00e1s y se hacen m\u00e1s incisivas, cuando Vicente de Pa\u00fal comunica a las Hijas de la Caridad:<\/p>\n<p style=\"padding-left: 30px\">\u00ab\u00bfSab\u00e9is, her\u00admanas m\u00edas, que me he enterado que esas pobres gentes est\u00e1n muy agradecidas a la gracia que Dios les ha hecho y, al ver que se va a asistirles y que esas hermanas no tienen m\u00e1s inter\u00e9s en ello que el amor de Dios, dicen que se dan cuenta entonces que Dios es el protector de los pobres? \u00a1Ved qu\u00e9 hermoso es ayudar a esas pobres gentes a reconocer la bondad de Dios! Pues comprenden perfectamente que es \u00e9l quien las mueve a hacer ese servicio. Y entonces conciben elevados pensamientos de piedad y dicen: \u2018\u00a1Dios m\u00edo, ahora nos damos cuenta de que es cierto lo que tantas veces hemos o\u00eddo predicar, que te acuerdas de todos los que necesitan socorro y que no abandonas nunca a una persona que est\u00e1 en peligro, puesto que cuidas a unos pobres miserables que han ofendido tanto a tu bondad!\u2019. He sabido incluso por personas que fueron atendidas por nuestras hermanas, y por medio de otras muchas que se sent\u00edan muy edificadas al ver c\u00f3mo esas hermanas se preocupaban de visitarles, reconociendo en ello la divina bondad y vi\u00e9ndose obligadas a alabarle y darle gracias. S\u00ed, hermanas m\u00edas, las personas que os ven y aquellas a quienes asist\u00edais alaban a Dios y con raz\u00f3n\u00bb<span id='easy-footnote-49-117335' class='easy-footnote-margin-adjust'><\/span><span class='easy-footnote'><a href='http:\/\/vincentians.com\/es\/evangelizar-siguiendo-a-san-vicente\/#easy-footnote-bottom-49-117335' title='SV X, 512-513.'><sup>49<\/sup><\/a><\/span>.<\/p>\n<p>El lugar de la inspiraci\u00f3n de este Dios, defensor de los pobres, y de esta caridad en favor de los necesitados, Vicente de Pa\u00fal lo en\u00adcuentra en Isa\u00edas. El mismo nos lo cuenta, cuando afirma: \u00ab<i>Cada vez, desde hace veinte a\u00f1os, que leo el cap\u00edtulo 58 de Isa\u00edas, me siento profundamente perturbado<\/i>\u00ab<span id='easy-footnote-50-117335' class='easy-footnote-margin-adjust'><\/span><span class='easy-footnote'><a href='http:\/\/vincentians.com\/es\/evangelizar-siguiendo-a-san-vicente\/#easy-footnote-bottom-50-117335' title='SV XII, 156; ES XI, 450.'><sup>50<\/sup><\/a><\/span>, aguijoneado por un Dios que manda \u00abclamar a voz en grito\u00bb a su profeta:<\/p>\n<p style=\"text-align: center\">\u00abEl ayuno que yo quiero es<br \/>\n\u2014or\u00e1culo de Yahv\u00e9 \u2014<br \/>\ndesatar los lazos de maldad,<br \/>\ndeshacer las coyundas del yugo,<br \/>\ndar libertad a los quebrantados<br \/>\ny arrancar todo yugo.<br \/>\nPartir al hambriento el pan,<br \/>\ny a los pobres sin hogar recibir en tu casa.<br \/>\nQue cuando veas un desnudo lo cubras<br \/>\ny de tu semejanza no te apartes\u00bb<br \/>\n(Is 58, 6-7).<\/p>\n<p>El servicio de las Hijas de la Caridad, que \u00ab<i>hace presente la bondad de Dios ante los pobres<\/i>\u00ab<span id='easy-footnote-51-117335' class='easy-footnote-margin-adjust'><\/span><span class='easy-footnote'><a href='http:\/\/vincentians.com\/es\/evangelizar-siguiendo-a-san-vicente\/#easy-footnote-bottom-51-117335' title='SV X, 332.'><sup>51<\/sup><\/a><\/span>, verifica entre nosotros que Dios es el protector, el defensor de los empobrecidos, explotados y desechados del mundo.<\/p>\n<p><b>Queda claro, pues, que un Dios separado de la caridad y de los pobres es cualquier cosa menos el Dios vivido y anunciado por Vicente de Pa\u00fal.<\/b><\/p>\n<div class='stb-container stb-style-info stb-no-caption'><div class='stb-caption'><div class='stb-logo'><img class='stb-logo__image' src='' alt='img'\/><\/div><div class='stb-caption-content'><\/div><div class='stb-tool'><\/div><\/div><div class='stb-content'>\n<p>Unos interrogantes que nos podemos hacer en este momento:<\/p>\n<ol>\n<li>\u00bfQui\u00e9n es el pobre para m\u00ed?<\/li>\n<li>\u00bfSoy <i>servidor<\/i>, al ejemplo de Jes\u00fas?<\/li>\n<li>Cuando en nuestro mundo hay tanta injusticia y dolor entre todos los empobrecidos, \u00bfes tambi\u00e9n mi labor evangelizadora una denuncia en contra de las injusticias que en las que viven millones de seres humanos?<\/li>\n<\/ol>\n<\/div><\/div>\n<h2>V. Un estilo de vida \u2013 Unas virtudes<\/h2>\n<p>El vicenciano tiene un estilo propio de vivir y de actuar. Este estilo est\u00e1 marcado por la pr\u00e1ctica de las virtudes vicencianas, las \u00ab<i>facultades del alma<\/i>\u00ab, como las calific\u00f3 San Vicente, quien tuvo, adem\u00e1s, cuidado de se\u00f1alar cu\u00e1les eran las virtudes propias que deb\u00edan caracterizar a los que formasen parte de sus fundaciones. Para las Voluntarias y para las Hijas de la Caridad se\u00f1al\u00f3 la <b>humildad<\/b>, la <b>sencillez<\/b> y la <b>caridad<\/b> como virtudes caracter\u00edsticas, y para los misioneros, a las tres anteriores a\u00f1adi\u00f3 la <b>mansedumbre<\/b> y la <b>mortificaci\u00f3n<\/b>, dando a la caridad el sentido de \u00ab<i>celo<\/i>\u00ab.<\/p>\n<p style=\"padding-left: 30px\">\u00abEntre las m\u00e1ximas evang\u00e9licas, ya que son muchas en n\u00famero, he escogido especialmente las que son propias del misionero. \u00bfCu\u00e1les son? Siempre he cre\u00eddo y pensado que eran la <span style=\"text-decoration: underline\">sencillez<\/span>, la <span style=\"text-decoration: underline\">humildad<\/span>, la <span style=\"text-decoration: underline\">mansedumbre<\/span>, la <span style=\"text-decoration: underline\">mortificaci\u00f3n<\/span> y el <span style=\"text-decoration: underline\">celo<\/span>\u00ab<span id='easy-footnote-52-117335' class='easy-footnote-margin-adjust'><\/span><span class='easy-footnote'><a href='http:\/\/vincentians.com\/es\/evangelizar-siguiendo-a-san-vicente\/#easy-footnote-bottom-52-117335' title='SV XII, 302'><sup>52<\/sup><\/a><\/span>.<\/p>\n<p>Es en el cap\u00edtulo 11 de las Reglas Comunes de los Misioneros en donde San Vicente expuso las virtudes que caracterizan al miembro de la Congregaci\u00f3n de la Misi\u00f3n. Y por extensi\u00f3n, las de todos los miembros de la Familia.<\/p>\n<p>\u00bfEstaban estas virtudes destinadas tan solo a los misioneros de la Congregaci\u00f3n de la Misi\u00f3n y a las Hijas de la Caridad? No. Ya en 1617, en el reglamento que Vicente de Pa\u00fal entrega a las Cofrad\u00edas de la Caridad (formadas por seglares) se puede leer:<\/p>\n<p style=\"padding-left: 30px\">\u00ab\u2026 se ejercitar\u00e1n con esmero en la <b>humildad, sencillez y caridad, <\/b>respetan\u00addo cada una a su compa\u00f1era y a las dem\u00e1s\u2026 y haciendo todas sus acciones con la intenci\u00f3n de demostrar su caridad para con los Pobres, y no por respeto humano.\u00bb<span id='easy-footnote-53-117335' class='easy-footnote-margin-adjust'><\/span><span class='easy-footnote'><a href='http:\/\/vincentians.com\/es\/evangelizar-siguiendo-a-san-vicente\/#easy-footnote-bottom-53-117335' title='SV XIII, 435'><sup>53<\/sup><\/a><\/span>\n<p>Vamos a ver, someramente, qu\u00e9 son cada una de estas virtudes, ya que el mismo Vicente nos ha dicho que son las \u00abpropias del misionero\u00bb. Por tanto, nosotros, que queremos serlo, tenemos que esforzarnos por vivirlas, porque en ellas se trasmite tambi\u00e9n el \u00abestilo misionero\u00bb que queremos vivir.<\/p>\n<h3>La sencillez<\/h3>\n<p>Para san Vicente, la sencillez es, ante todo, <b>decir la verdad<\/b><span id='easy-footnote-54-117335' class='easy-footnote-margin-adjust'><\/span><span class='easy-footnote'><a href='http:\/\/vincentians.com\/es\/evangelizar-siguiendo-a-san-vicente\/#easy-footnote-bottom-54-117335' title='RC II, 4; SV XII, 463'><sup>54<\/sup><\/a><\/span>. Es <b>decir las cosas como son<\/b><span id='easy-footnote-55-117335' class='easy-footnote-margin-adjust'><\/span><span class='easy-footnote'><a href='http:\/\/vincentians.com\/es\/evangelizar-siguiendo-a-san-vicente\/#easy-footnote-bottom-55-117335' title='SV I, 183'><sup>55<\/sup><\/a><\/span>, sin ocultar o esconder nada<span id='easy-footnote-56-117335' class='easy-footnote-margin-adjust'><\/span><span class='easy-footnote'><a href='http:\/\/vincentians.com\/es\/evangelizar-siguiendo-a-san-vicente\/#easy-footnote-bottom-56-117335' title='SV I, 310; V, 440'><sup>56<\/sup><\/a><\/span>. Esto dice en una carta a Francisco du Coudray el 6 de noviembre de 1634:<\/p>\n<p style=\"padding-left: 30px\">\u00abYa sabe que la bondad de su coraz\u00f3n me ha dado, gracias a Dios, la libertad de hablarle con toda confianza y sin ocultarle nada; creo que habr\u00e1 podido conocer esto hasta el presente por la conducta que he guardado con usted. \u00a1Jes\u00fas, Dios m\u00edo! \u00bfTendr\u00e9 que reconocer con pena que he dicho o hecho algo respecto a usted en contra de la santa sencillez? \u00a1Dios me guarde, padre, de obrar as\u00ed con ninguna persona! Es la virtud que m\u00e1s aprecio y en la que pongo m\u00e1s atenci\u00f3n en mi conducta, seg\u00fan creo; y, si me es permitido decirlo, dir\u00eda que en ella he realizado algunos progresos\u00bb<span id='easy-footnote-57-117335' class='easy-footnote-margin-adjust'><\/span><span class='easy-footnote'><a href='http:\/\/vincentians.com\/es\/evangelizar-siguiendo-a-san-vicente\/#easy-footnote-bottom-57-117335' title='SV I, 309ss'><sup>57<\/sup><\/a><\/span>.<\/p>\n<p><span style=\"text-decoration: underline\">El coraz\u00f3n no puede pensar una cosa mientras la boca dice otra<\/span>.<span id='easy-footnote-58-117335' class='easy-footnote-margin-adjust'><\/span><span class='easy-footnote'><a href='http:\/\/vincentians.com\/es\/evangelizar-siguiendo-a-san-vicente\/#easy-footnote-bottom-58-117335' title='SV IX, 92. 546; XI, 463'><sup>58<\/sup><\/a><\/span> <b>El misionero debe evitar toda doblez, disimulo, astucia, y doble sentido<\/b><span id='easy-footnote-59-117335' class='easy-footnote-margin-adjust'><\/span><span class='easy-footnote'><a href='http:\/\/vincentians.com\/es\/evangelizar-siguiendo-a-san-vicente\/#easy-footnote-bottom-59-117335' title='SV II, 282; IX, 92'><sup>59<\/sup><\/a><\/span>:<\/p>\n<p style=\"padding-left: 30px\">\u00abPor lo que a m\u00ed se refiere, no s\u00e9, pero me parece que Dios me ha dado un aprecio tan grande de la sencillez, que la llamo mi Evangelio. Siento una especial devoci\u00f3n y consuelo al decir las cosas como son\u00bb<span id='easy-footnote-60-117335' class='easy-footnote-margin-adjust'><\/span><span class='easy-footnote'><a href='http:\/\/vincentians.com\/es\/evangelizar-siguiendo-a-san-vicente\/#easy-footnote-bottom-60-117335' title='SV IX, 546'><sup>60<\/sup><\/a><\/span>.<\/p>\n<p>La sencillez consiste tambi\u00e9n en <b>atribuir las cosas a Dios solo<\/b><span id='easy-footnote-61-117335' class='easy-footnote-margin-adjust'><\/span><span class='easy-footnote'><a href='http:\/\/vincentians.com\/es\/evangelizar-siguiendo-a-san-vicente\/#easy-footnote-bottom-61-117335' title='RC II, 4'><sup>61<\/sup><\/a><\/span>, o <b>pureza de intenci\u00f3n<\/b><span id='easy-footnote-62-117335' class='easy-footnote-margin-adjust'><\/span><span class='easy-footnote'><a href='http:\/\/vincentians.com\/es\/evangelizar-siguiendo-a-san-vicente\/#easy-footnote-bottom-62-117335' title='SV XI, 463'><sup>62<\/sup><\/a><\/span>. En este sentido la sencillez es <b>hacerlo todo por amor de Dios y no por otro fin<\/b><span id='easy-footnote-63-117335' class='easy-footnote-margin-adjust'><\/span><span class='easy-footnote'><a href='http:\/\/vincentians.com\/es\/evangelizar-siguiendo-a-san-vicente\/#easy-footnote-bottom-63-117335' title='SV XI, 465. 586; II, 629'><sup>63<\/sup><\/a><\/span>.<\/p>\n<p>La sencillez encierra un estilo de vida sin adornos. \u00ab<i>Pecamos contra la sencillez<\/i> \u2014nos dice san Vicente\u2014 <i>cuando nuestras habitaciones est\u00e1n llenas de muebles superfluos, cuadros, gran n\u00famero de libros, y cosas vanas e in\u00fatiles<\/i>\u00ab<span id='easy-footnote-64-117335' class='easy-footnote-margin-adjust'><\/span><span class='easy-footnote'><a href='http:\/\/vincentians.com\/es\/evangelizar-siguiendo-a-san-vicente\/#easy-footnote-bottom-64-117335' title='SV XI, 465'><sup>64<\/sup><\/a><\/span>. Debemos usar con gran sencillez las cosas que nos han dado<span id='easy-footnote-65-117335' class='easy-footnote-margin-adjust'><\/span><span class='easy-footnote'><a href='http:\/\/vincentians.com\/es\/evangelizar-siguiendo-a-san-vicente\/#easy-footnote-bottom-65-117335' title='SV IX, 547'><sup>65<\/sup><\/a><\/span>.<\/p>\n<p>Para el misionero, la sencillez lleva consigo tambi\u00e9n <b>explicar el evangelio con comparaciones familiares<\/b><span id='easy-footnote-66-117335' class='easy-footnote-margin-adjust'><\/span><span class='easy-footnote'><a href='http:\/\/vincentians.com\/es\/evangelizar-siguiendo-a-san-vicente\/#easy-footnote-bottom-66-117335' title='SV XI, 740ss'><sup>66<\/sup><\/a><\/span>, usando el \u00abpeque\u00f1o m\u00e9todo\u00bb que se empleaba en la Congregaci\u00f3n de la Misi\u00f3n en aquel tiempo<span id='easy-footnote-67-117335' class='easy-footnote-margin-adjust'><\/span><span class='easy-footnote'><a href='http:\/\/vincentians.com\/es\/evangelizar-siguiendo-a-san-vicente\/#easy-footnote-bottom-67-117335' title='RC XII, 5'><sup>67<\/sup><\/a><\/span>.<\/p>\n<p>En la mente de S. Vicente, la sencillez est\u00e1 muy unida a la humildad<span id='easy-footnote-68-117335' class='easy-footnote-margin-adjust'><\/span><span class='easy-footnote'><a href='http:\/\/vincentians.com\/es\/evangelizar-siguiendo-a-san-vicente\/#easy-footnote-bottom-68-117335' title='SV I, 94'><sup>68<\/sup><\/a><\/span> y es inseparable de la prudencia<span id='easy-footnote-69-117335' class='easy-footnote-margin-adjust'><\/span><span class='easy-footnote'><a href='http:\/\/vincentians.com\/es\/evangelizar-siguiendo-a-san-vicente\/#easy-footnote-bottom-69-117335' title='RC II, 5'><sup>69<\/sup><\/a><\/span>, que significa para \u00e9l apoyar siempre el propio juicio sobre las m\u00e1ximas evang\u00e9licas o sobre los juicios de Jesucristo<span id='easy-footnote-70-117335' class='easy-footnote-margin-adjust'><\/span><span class='easy-footnote'><a href='http:\/\/vincentians.com\/es\/evangelizar-siguiendo-a-san-vicente\/#easy-footnote-bottom-70-117335' title='SV XI, 460s. 466'><sup>70<\/sup><\/a><\/span>. Ambas, prudencia y sencillez, tienden hacia la misma meta: hablar y obrar bien<span id='easy-footnote-71-117335' class='easy-footnote-margin-adjust'><\/span><span class='easy-footnote'><a href='http:\/\/vincentians.com\/es\/evangelizar-siguiendo-a-san-vicente\/#easy-footnote-bottom-71-117335' title='SV XI, 466'><sup>71<\/sup><\/a><\/span>.<\/p>\n<p>San Vicente da toda una serie de motivos por los cuales su doble familia debe practicar la sencillez:<\/p>\n<ul>\n<li>Dios se comunica con los sencillos<span id='easy-footnote-72-117335' class='easy-footnote-margin-adjust'><\/span><span class='easy-footnote'><a href='http:\/\/vincentians.com\/es\/evangelizar-siguiendo-a-san-vicente\/#easy-footnote-bottom-72-117335' title='RC II, 4; SV II, 282; XI, 461. 586'><sup>72<\/sup><\/a><\/span>.<\/li>\n<li>Dios mismo es sencillo; as\u00ed donde hay sencillez, all\u00ed est\u00e1 Dios<span id='easy-footnote-73-117335' class='easy-footnote-margin-adjust'><\/span><span class='easy-footnote'><a href='http:\/\/vincentians.com\/es\/evangelizar-siguiendo-a-san-vicente\/#easy-footnote-bottom-73-117335' title='SV XI, 740'><sup>73<\/sup><\/a><\/span>.<\/li>\n<li>El mundo ama a la gente sencilla<span id='easy-footnote-74-117335' class='easy-footnote-margin-adjust'><\/span><span class='easy-footnote'><a href='http:\/\/vincentians.com\/es\/evangelizar-siguiendo-a-san-vicente\/#easy-footnote-bottom-74-117335' title='SV XI, 462'><sup>74<\/sup><\/a><\/span>.<\/li>\n<li>Los misioneros deben amarla de un modo especial<span id='easy-footnote-75-117335' class='easy-footnote-margin-adjust'><\/span><span class='easy-footnote'><a href='http:\/\/vincentians.com\/es\/evangelizar-siguiendo-a-san-vicente\/#easy-footnote-bottom-75-117335' title='SV XI, 586'><sup>75<\/sup><\/a><\/span>, ya que les ayudar\u00e1 a tratar con la gente sencilla.<\/li>\n<li>Ese es el esp\u00edritu de Jesucristo<span id='easy-footnote-76-117335' class='easy-footnote-margin-adjust'><\/span><span class='easy-footnote'><a href='http:\/\/vincentians.com\/es\/evangelizar-siguiendo-a-san-vicente\/#easy-footnote-bottom-76-117335' title='SV IV, 450'><sup>76<\/sup><\/a><\/span>. Dios quiere que la comunidad tenga esta virtud<span id='easy-footnote-77-117335' class='easy-footnote-margin-adjust'><\/span><span class='easy-footnote'><a href='http:\/\/vincentians.com\/es\/evangelizar-siguiendo-a-san-vicente\/#easy-footnote-bottom-77-117335' title='SV XI, 587'><sup>77<\/sup><\/a><\/span>, precisamente porque vive en un mun\u00addo lleno de doblez.<\/li>\n<li>La doblez nunca agrada a Dios<span id='easy-footnote-78-117335' class='easy-footnote-margin-adjust'><\/span><span class='easy-footnote'><a href='http:\/\/vincentians.com\/es\/evangelizar-siguiendo-a-san-vicente\/#easy-footnote-bottom-78-117335' title='SV IV, 450'><sup>78<\/sup><\/a><\/span>.<\/li>\n<li>Son los sencillos los que conservan la verdadera religi\u00f3n<span id='easy-footnote-79-117335' class='easy-footnote-margin-adjust'><\/span><span class='easy-footnote'><a href='http:\/\/vincentians.com\/es\/evangelizar-siguiendo-a-san-vicente\/#easy-footnote-bottom-79-117335' title='SV XI, 462'><sup>79<\/sup><\/a><\/span>.<\/li>\n<\/ul>\n<p><b>\u00bfY en nuestro mundo actual?<\/b><\/p>\n<p>La sencillez hoy, como en el tiempo de san Vicente, significa <b>decir las cosas como son<\/b>. Hacer que nuestro <i>s\u00ed<\/i> sea <i>s\u00ed<\/i> y que nuestro <i>no<\/i> sea <i>no<\/i><span id='easy-footnote-80-117335' class='easy-footnote-margin-adjust'><\/span><span class='easy-footnote'><a href='http:\/\/vincentians.com\/es\/evangelizar-siguiendo-a-san-vicente\/#easy-footnote-bottom-80-117335' title='Mt. 5, 37; &lt;i&gt;Cfr&lt;\/i&gt;. Sant. 5, 12; 2Cor. 1, 17-20'><sup>80<\/sup><\/a><\/span>. <b>Ser testigos de la Verdad<\/b>. La gente admira espont\u00e1neamente a aqu\u00e9llos que viven lo que creen y dicen. La sencillez, bajo este punto de vista, significa que cuando <b>predicamos justicia debemos vivir tambi\u00e9n la justicia<\/b>. Cuando <b>predicamos solidaridad con los pobres, debemos vivir tambi\u00e9n en solidaridad con los pobres<\/b>. Cuando exhortamos a los otros a <b>un estilo de vida sencillo, debemos vivir nosotros sencillamente<\/b>. Cuando <b>proclamamos los caminos de la paz, debemos obrar como constructores de la paz<\/b>.<\/p>\n<h3>La humildad<\/h3>\n<p>La humildad, para san Vicente, es el <b>reconocimiento de que todo bien viene de Dios<\/b>. Escribe a Ferm\u00edn Get el 8 de marzo de 1658:<\/p>\n<p style=\"padding-left: 30px\">\u00abNo digamos nunca: soy yo el que ha hecho esta obra buena; porque toda obra buena tiene que hacerse en el nombre de nuestro Se\u00f1or Jesucristo\u2026\u00bb<span id='easy-footnote-81-117335' class='easy-footnote-margin-adjust'><\/span><span class='easy-footnote'><a href='http:\/\/vincentians.com\/es\/evangelizar-siguiendo-a-san-vicente\/#easy-footnote-bottom-81-117335' title='SV VII, 91'><sup>81<\/sup><\/a><\/span>.<\/p>\n<p>La humildad es tambi\u00e9n el <b>reconocimiento de nuestra propia limitaci\u00f3n y fallos<\/b><span id='easy-footnote-82-117335' class='easy-footnote-margin-adjust'><\/span><span class='easy-footnote'><a href='http:\/\/vincentians.com\/es\/evangelizar-siguiendo-a-san-vicente\/#easy-footnote-bottom-82-117335' title='RC II, 7'><sup>82<\/sup><\/a><\/span>, <b>acompa\u00f1ado por una gran confianza en Dios<\/b><span id='easy-footnote-83-117335' class='easy-footnote-margin-adjust'><\/span><span class='easy-footnote'><a href='http:\/\/vincentians.com\/es\/evangelizar-siguiendo-a-san-vicente\/#easy-footnote-bottom-83-117335' title='SV III, 256; V, 152; II, 195. 280; IX, 351. 809s'><sup>83<\/sup><\/a><\/span>. La humildad lleva consigo un voluntario <b>vaciarse<\/b> de s\u00ed mismo. La humildad implica estimar a los otros como m\u00e1s dignos que uno mismo.<\/p>\n<p><b>\u00bfY en nuestro mundo actual?<\/b><\/p>\n<p>La humildad es el <b>reconocimiento de nuestra condici\u00f3n de seres creados y redimidos<\/b>, siendo ambas cosas <b>regalos del amor de Dios<\/b>.<\/p>\n<p>Dependemos completamente del Se\u00f1or. \u00ab<i>En \u00c9l vivimos, nos movemos y existimos<\/i>\u00ab<span id='easy-footnote-84-117335' class='easy-footnote-margin-adjust'><\/span><span class='easy-footnote'><a href='http:\/\/vincentians.com\/es\/evangelizar-siguiendo-a-san-vicente\/#easy-footnote-bottom-84-117335' title='Hch 17, 28'><sup>84<\/sup><\/a><\/span>.<\/p>\n<p>No tenemos nada que no hayamos recibido. \u00ab<i>T\u00fa has creado mis entra\u00f1as, me has tejido en el seno materno<\/i>\u00ab<span id='easy-footnote-85-117335' class='easy-footnote-margin-adjust'><\/span><span class='easy-footnote'><a href='http:\/\/vincentians.com\/es\/evangelizar-siguiendo-a-san-vicente\/#easy-footnote-bottom-85-117335' title='Sal 139, 13'><sup>85<\/sup><\/a><\/span>. <span style=\"text-decoration: underline\">Cuanto somos, cuanto hacemos, cuanto tenemos viene del Se\u00f1or<\/span>.<\/p>\n<p><b>Dependemos tambi\u00e9n mucho de los dem\u00e1s<\/b>. La persona humilde reconoce la interdependencia como un signo de su limitaci\u00f3n y como una <b>fuente de enriquecimiento<\/b>. Necesitamos a los dem\u00e1s y no podemos obrar sin ellos. En solidaridad con los dem\u00e1s, caminamos hacia el Reino.<\/p>\n<p>La humildad es agradecimiento por los dones. En el Nuevo Testamento la gratitud es la otra cara de la moneda de la humildad. <span style=\"text-decoration: underline\">La persona que lo ha recibido todo se pone delante del Se\u00f1or en esp\u00edritu de acci\u00f3n de gracias<\/span>. En este sentido, la acci\u00f3n de gracias es la actitud central de los cristianos, que celebran como \u00abEucarist\u00eda\u00bb su vida diaria.<\/p>\n<h3>El celo<\/h3>\n<p>El celo es <b>amor en llamas<\/b>: \u00ab<i>Si el amor de Dios es fuego, el celo es la llama. Si el amor es un sol, el celo es su rayo<\/i>\u00ab<span id='easy-footnote-86-117335' class='easy-footnote-margin-adjust'><\/span><span class='easy-footnote'><a href='http:\/\/vincentians.com\/es\/evangelizar-siguiendo-a-san-vicente\/#easy-footnote-bottom-86-117335' title='SV XI, 590. 553'><sup>86<\/sup><\/a><\/span>. \u00abL<i>a caridad cuando mora en un alma toma posesi\u00f3n completa de todas sus potencias. Nunca descansa. Es un fuego que act\u00faa sin cesar<\/i>\u00ab<span id='easy-footnote-87-117335' class='easy-footnote-margin-adjust'><\/span><span class='easy-footnote'><a href='http:\/\/vincentians.com\/es\/evangelizar-siguiendo-a-san-vicente\/#easy-footnote-bottom-87-117335' title='SV XI, 132'><sup>87<\/sup><\/a><\/span>.<\/p>\n<p>El celo es tan importante hoy como lo fue en tiempo de san Vicente. Tiene un significado muy parecido:<\/p>\n<ul>\n<li>El celo es el deseo de ir adondequiera, <b>aun en circunstancias dif\u00edciles<\/b>, para hablar de Cristo. Encierra no solamente un amor afectivo profundamente humano por el Se\u00f1or y por su pueblo, sino tambi\u00e9n <b>expresa trabajo efectivo y sacrificio<\/b>.<\/li>\n<li>El celo es <b>perseverar<\/b>, amor fiel. Es f\u00e1cil amar por un tiempo. Es dif\u00edcil amar por toda la vida. Un compromiso permanente es m\u00e1s fr\u00e1gil hoy que lo era en el siglo XVII. As\u00ed, el celo se manifiesta especialmente como <b>fidelidad<\/b>. Es como el <span style=\"text-decoration: underline\">oro probado en el fuego<\/span>.<\/li>\n<li><b>El celo es contagioso<\/b>. El fuego se extiende. Un amor que es un fuego buscar\u00e1 comunicarse a los otros. Buscar\u00e1 arrastrar a otros a la misma misi\u00f3n maravillosa que est\u00e1 realizando.<\/li>\n<\/ul>\n<h3>La mansedumbre<\/h3>\n<p>Para san Vicente la mansedumbre es <b>acogida, dulzura, afabilidad, y serenidad<\/b> del rostro hacia aquellos que se acercan a nosotros<span id='easy-footnote-88-117335' class='easy-footnote-margin-adjust'><\/span><span class='easy-footnote'><a href='http:\/\/vincentians.com\/es\/evangelizar-siguiendo-a-san-vicente\/#easy-footnote-bottom-88-117335' title='SV XI, 477'><sup>88<\/sup><\/a><\/span>. Lleva consigo <b>tolerar las ofensas<\/b> con perd\u00f3n y coraje. Debemos tratar con delicadeza incluso a aquellos que nos injurian<span id='easy-footnote-89-117335' class='easy-footnote-margin-adjust'><\/span><span class='easy-footnote'><a href='http:\/\/vincentians.com\/es\/evangelizar-siguiendo-a-san-vicente\/#easy-footnote-bottom-89-117335' title='SV XI, 479'><sup>89<\/sup><\/a><\/span>:<\/p>\n<p style=\"padding-left: 30px\">\u00abLa mansedumbre no solamente nos hace excusar las afrentas e injurias que recibimos, sino que incluso pide que tratemos mansamente a quienes nos maltratan, con palabras amigables y, si llegasen incluso a darnos un bofet\u00f3n, que lo suframos por Dios; es esta virtud la que produce este efecto. S\u00ed, un siervo de Dios que la posea, cuando se sienta ultrajado por alguien, ofrecer\u00e1 a su divina bondad este rudo trato y se quedar\u00e1 en paz\u00bb<span id='easy-footnote-90-117335' class='easy-footnote-margin-adjust'><\/span><span class='easy-footnote'><a href='http:\/\/vincentians.com\/es\/evangelizar-siguiendo-a-san-vicente\/#easy-footnote-bottom-90-117335' title='SV XI, 480'><sup>90<\/sup><\/a><\/span>.<\/p>\n<p><b>\u00bfY en nuestro mundo actual?<\/b><\/p>\n<p>La mansedumbre implica la <b>habilidad de controlar positivamente la ira<\/b>.<\/p>\n<p>La mansedumbre implica <b>cercan\u00eda, dulzura<\/b>. Estas cualidades son especialmente importantes en los misioneros. A este respecto, san Vicente nos anima a saber que nosotros realmente podemos cambiar. Nos dice que cuando era joven ten\u00eda un temperamento col\u00e9rico, muy inclinado a la ira. Dice que era de humor muy variable durante largos per\u00edodos sombr\u00edos. Pero, cambi\u00f3 tanto en el curso de su vida que todos los que le conocieron m\u00e1s tarde dec\u00edan que era uno de los hombres m\u00e1s acogedores que hab\u00edan encontrado<span id='easy-footnote-91-117335' class='easy-footnote-margin-adjust'><\/span><span class='easy-footnote'><a href='http:\/\/vincentians.com\/es\/evangelizar-siguiendo-a-san-vicente\/#easy-footnote-bottom-91-117335' title='&lt;i&gt;Cfr&lt;\/i&gt;. Abelly, o. c. III, 667ss'><sup>91<\/sup><\/a><\/span>.<\/p>\n<p>La mansedumbre implica la habilidad de <b>tolerar las ofensas<\/b> con perd\u00f3n y coraje.<\/p>\n<p>Tambi\u00e9n significa <b>ser constructores de paz<\/b>. Esto est\u00e1 \u00edntimamente unido con la <b>promoci\u00f3n de la justicia<\/b> y la educaci\u00f3n para ella.<\/p>\n<h3>La mortificaci\u00f3n<\/h3>\n<p>Vicente de Pa\u00fal recalc\u00f3 que la pr\u00e1ctica de la mortificaci\u00f3n est\u00e1 dirigida al <b>desprendimiento de todas las cosas que puedan romper la buena relaci\u00f3n con Dios<\/b>. Con este fin en la mente san Vicente dice:<\/p>\n<p style=\"padding-left: 30px\">\u00abPadres, tengamos siempre este ejemplo ante nuestros ojos y no perdamos nunca de vista la mortificaci\u00f3n de nuestro Se\u00f1or, ya que estamos obligados a mortificarnos, para poder seguirle. Formemos nuestros afectos sobre los suyos, para que sus pasos sean la regla de los nuestros en el camino de la perfecci\u00f3n. Los santos son santos por haber seguido sus huellas, por haber renunciado a ellos mismos y haberse mortificado en todo\u00bb<span id='easy-footnote-92-117335' class='easy-footnote-margin-adjust'><\/span><span class='easy-footnote'><a href='http:\/\/vincentians.com\/es\/evangelizar-siguiendo-a-san-vicente\/#easy-footnote-bottom-92-117335' title='SV XII, 227; ES XI, 524'><sup>92<\/sup><\/a><\/span>.<\/p>\n<p>Jesucristo puso la mortificaci\u00f3n como la base para su disci\u00adpulado (\u00ab<i>El que quiera venir tras de m\u00ed, que renuncie a s\u00ed mismo, que cargue con su cruz y me siga.<\/i>\u00ab<span id='easy-footnote-93-117335' class='easy-footnote-margin-adjust'><\/span><span class='easy-footnote'><a href='http:\/\/vincentians.com\/es\/evangelizar-siguiendo-a-san-vicente\/#easy-footnote-bottom-93-117335' title='&lt;i&gt;Cf&lt;\/i&gt;. Mt 16, 24'><sup>93<\/sup><\/a><\/span>). As\u00ed, para volver a ser fieles al seguimiento de Jes\u00fas, tenemos que tener en cuenta estas palabras, con mayor ah\u00ednco a\u00fan en estos momentos que <b>vivimos en los que la identidad cristiana est\u00e1 siendo poco a poco erosionada por un secularismo sin restricciones<\/b>. Las personas que la practican son testigos vivientes de las ense\u00f1anzas del Evangelio.<\/p>\n<p>Veamos lo que nos sigue diciendo san Vicente sobre esta virtud:<\/p>\n<p style=\"padding-left: 30px\">\u00abConsiste en no ver sufrir a nadie sin sufrir con \u00e9l, no ver llorar a nadie sin llorar con \u00e9l. Se trata de un acto de amor que hace entrar a los corazones unos en otros, para que sientan lo mismo, lejos de aqu\u00e9llos que no sienten ninguna pena por el dolor de los afligidos ni por el sufrimiento de los pobres. \u00a1Qu\u00e9 cari\u00f1oso era el Hijo de Dios! Le llaman para que vaya a ver a L\u00e1zaro, va; la Magdalena se levanta y acude a su encuentro llorando; la siguen los jud\u00edos llorando tambi\u00e9n; todos se ponen a llorar. \u00bfQu\u00e9 es lo que hace nuestro Se\u00f1or? Se pone a llorar con ellos, lleno de ternura y compasi\u00f3n. Ese cari\u00f1o es lo que lo hizo venir del cielo; ve\u00eda a los hombres privados de su gloria y se sinti\u00f3 afectado por su desgracia. Tambi\u00e9n nosotros hemos de sentir este cari\u00f1o por el pr\u00f3jimo afligido y tomar parte en su pena. \u00a1Oh, san Pablo, qu\u00e9 sensible eras t\u00fa en este punto! \u00a1Oh, Salvador, que llenaste a este ap\u00f3stol de tu esp\u00edritu y de tu cari\u00f1o, haznos decir como \u00e9l: \u2018\u00bfQuis infirmatur, et ego non infirmor?\u2019: \u00bfhay alg\u00fan enfermo, con el que yo no me sienta enfermo?<\/p>\n<p style=\"padding-left: 30px\">\u00bfY c\u00f3mo puedo yo sentir su enfermedad sino a trav\u00e9s de la participaci\u00f3n que los dos tene\u00admos en nuestro Se\u00f1or, que es nuestra cabeza? Todos los hombres componen un cuerpo m\u00edstico; todos somos miembros unos de otros. Nunca se ha o\u00eddo que un miembro, ni siquiera en los animales, haya sido insensible al dolor de los dem\u00e1s miembros; que una parte del hombre haya quedado magullada, herida o violentada, y que las dem\u00e1s no lo hayan sentido. Es imposible. Todos nuestros miembros est\u00e1n tan unidos y trabados que el mal de uno es mal de los otros. Con mucha m\u00e1s raz\u00f3n, los cristianos, que son miembros de un mismo cuerpo y miembros entre s\u00ed, tienen que padecer juntos. \u00a1C\u00f3mo! \u00a1Ser cristia\u00adno y ver afligido a un hermano, sin llorar con \u00e9l ni sentirse enfermo con \u00e9l! Eso es no tener caridad; es ser cristiano en pintura; es carecer de humanidad; es ser peor que las bestias\u00bb<span id='easy-footnote-94-117335' class='easy-footnote-margin-adjust'><\/span><span class='easy-footnote'><a href='http:\/\/vincentians.com\/es\/evangelizar-siguiendo-a-san-vicente\/#easy-footnote-bottom-94-117335' title='SV XI, 560-561'><sup>94<\/sup><\/a><\/span>.<\/p>\n<p>Vemos que la verdadera mortificaci\u00f3n es, seg\u00fan san Vicente, <b>comuni\u00f3n en el sufrimiento de los pobres<\/b>; es tambi\u00e9n aceptaci\u00f3n, ofrenda de las exigencias de la misi\u00f3n y del ser\u00advicio de los pobres. La mortificaci\u00f3n es, pues, <b>exigencia de la caridad<\/b>.<\/p>\n<h2>Conclusi\u00f3n<\/h2>\n<p>Hemos perfilado en esta reflexi\u00f3n las l\u00edneas-fuerza que movieron a Vicente de Pa\u00fal a vivir un seguimiento a Jesucristo.<\/p>\n<p>Terminamos con dos preguntas que dejamos en el aire:<\/p>\n<ol>\n<li>\u00bfC\u00f3mo debemos vivir los seguidores de Vicente de Pa\u00fal hoy en d\u00eda?<\/li>\n<li>\u00bfC\u00f3mo lo haremos vida en nuestra realidad de misiones populares, en nuestro pueblo, en nuestra \u00e9poca?<\/li>\n<\/ol>\n<h2>Para la reflexi\u00f3n y el di\u00e1logo:<\/h2>\n<p>1) Podemos se\u00f1alar y comentar brevemente lo que nos ha impresionado m\u00e1s o causado un mayor impacto a cada uno.<\/p>\n<p>2) San Vicente no separ\u00f3 nunca el servicio <b>corporal<\/b> y <b>espiritual<\/b> de los pobres: <i>\u00abEvangelizar de palabra y de obra\u00bb<\/i>. As\u00ed, las Constituciones de los misioneros Pa\u00fales hablan, por ejemplo, de <i>\u00abpromoci\u00f3n humana y cristiana\u00bb<\/i>.<\/p>\n<p style=\"padding-left: 30px\">a) \u00bfQu\u00e9 quiere decir para nosotros la palabra <b>evangelizar<\/b>?<\/p>\n<p style=\"padding-left: 30px\">b) \u00bfC\u00f3mo conciliamos la construcci\u00f3n de un mundo m\u00e1s justo, el testimonio de nuestra fe y el anuncio de la Buena Noticia?<\/p>\n<p>3) Para san Vicente anunciar a Jesucristo es, al mismo tiempo, encontrarlo en la persona del pobre.<\/p>\n<p style=\"padding-left: 30px\">a) \u00bfEstamos bastante atentos, en la fe, a los signos m\u00faltiples de la acci\u00f3n del Esp\u00edritu de Dios en el mundo donde vivimos?<\/p>\n<p>4) \u00bfPodr\u00edamos resaltar, a la luz de lo dialogado:<\/p>\n<p style=\"padding-left: 30px\">a) Las consecuencias para nuestra vida personal?<\/p>\n<p style=\"padding-left: 30px\">b) Las consecuencias para nuestro Equipo de misiones vicencianas?<\/p>\n<p style=\"padding-left: 30px\">c) D\u00f3nde deber\u00edamos insistir m\u00e1s en la Misi\u00f3n?<\/p>\n<p>5) Antes de terminar y, bas\u00e1ndonos en los textos anteriores, podemos hacer Oraci\u00f3n de acci\u00f3n de gracias, de alabanza, de petici\u00f3n&#8230;<\/p>\n<h2>Anexo: <strong>Dos experiencias emblem\u00e1ticas: <\/strong><strong>Gannes\u2013Folleville y Ch\u00e2tillon<\/strong><\/h2>\n<p><i>(Art\u00edculo de Vin\u00edcius Augusto Ribeiro Teixeira, C.M. \u2022 Fuente: Anales, Septiembre-Octubre de 2010.)<\/i><\/p>\n<p>El a\u00f1o 1617 marca decisivamente la vida de Vicente de Pa\u00fal. En enero, \u00e9l se encuentra en el poblado de Gannes, cerca de Folleville, donde la familia de los Gondi ten\u00eda uno de sus castillos. Un enfermo, tenido como hombre honrado y virtuoso, solicita la presencia del padre junto a su lecho. Vicente oye la confesi\u00f3n de toda su vida. La consolaci\u00f3n y la alegr\u00eda fueron tan intensas que el hombre llega a declarar que, sin aquella confesi\u00f3n, habr\u00eda permanecido con su conciencia intranquila, <em>\u00aben estado de condenaci\u00f3n\u00bb<\/em>, como se dec\u00eda en la \u00e9poca. La se\u00f1ora de Gondi, sorprendida con lo que oy\u00f3, interpela a su director: <em>\u00ab\u00bfQue podemos hacer?\u00bb<\/em> Tal preocupaci\u00f3n se apodera del Padre Vicente, sin dejarlo descansar. Se realiza en \u00e9l la sugestiva comparaci\u00f3n de Shakespeare: <em>\u00abLa preocupaci\u00f3n queda de centinela en los ojos de cada hombre, all\u00ed donde la preocupaci\u00f3n encuentra guarida, el sue\u00f1o jam\u00e1s es conciliado\u00bb<\/em>. En el d\u00eda de la conversi\u00f3n de san Pablo, 25 de enero, predica en la iglesia de Folleville, exhortando a la confesi\u00f3n general. <em>\u00abFue el primer serm\u00f3n de la Misi\u00f3n\u00bb<\/em> (SV XI, 5), dir\u00e1, mucho m\u00e1s tarde, a los miembros de su Congregaci\u00f3n. Sus palabras tocaron de tal manera el coraz\u00f3n de aquella comunidad que muchas personas corrieron a su encuentro para experimentar el don de la misericordia divina, a trav\u00e9s del sacramento de la reconciliaci\u00f3n. La confesi\u00f3n se constitu\u00eda en una ocasi\u00f3n privilegiada de evangelizaci\u00f3n. En aquella \u00e9poca, la asistencia a la Misa hasta podr\u00eda ser un acto meramente social, pero la confesi\u00f3n traduc\u00eda una adhesi\u00f3n personal de fe. Por tanto, otra circunstancia obligaba a Vicente a asumir decididamente la asistencia espiritual de aquella pobre gente. Los sacerdotes estaban concentrados en las ciudades, como hasta hoy ocurre, y los que permanec\u00edan en los campos participaban de la misma ignorancia del pueblo, conforme lo que \u00e9l mismo dijo a los Misioneros, en la conferencia de 25 de enero de 1655, haci\u00e9ndose eco de un lamento de la se\u00f1ora de Gondi: <em>\u00abal confesarse un d\u00eda la ci\u00adtada se\u00f1ora con su p\u00e1rroco, se dio cuenta de que \u00e9ste no le daba la absoluci\u00f3n, murmuraba algo entre dientes, haciendo lo mismo otras veces que se confes\u00f3 con \u00e9l\u00bb<\/em> (SV XI,170). En Folleville, Vicente de Pa\u00fal se encuentra con la realidad de un pueblo hambriento de Dios, espiritualmente abandonado por la Iglesia de su tiempo. Tal situaci\u00f3n se hac\u00eda a\u00fan m\u00e1s lastimosa debido a la precariedad moral y pastoral del clero, que ignoraba lo m\u00e1s elemental para el ejercicio de su ministerio. La gran mayor\u00eda de los eclesi\u00e1sticos de su tiempo prefer\u00eda vincularse a la nobleza, someti\u00e9ndose a sus caprichos para gozar de privilegios, t\u00edtulos, pompas y ventajas. Lo que antes parec\u00eda atraer su inter\u00e9s, le causa ahora repugnancia. Los rasgos de las ambiciones de otrora comienzan a sumergirse en la oscuridad de vagos recuerdos.<\/p>\n<p>De la semiente lanzada por el Esp\u00edritu en el terreno f\u00e9rtil del coraz\u00f3n de Vicente, nacer\u00e1 un prometedor brote: la Congregaci\u00f3n de la Misi\u00f3n, con la finalidad de evangelizar los pobres de los campos, los m\u00e1s abandonados de la \u00e9poca. Hoy, para actualizar la genialidad misionera del santo fundador, precisamos preguntarnos d\u00f3nde se encuentran los pobres m\u00e1s abandonados, aquellos que tienen su dignidad constantemente humillada, a los cuales nadie quiere ir. Despu\u00e9s descubriremos que ya no se encuentran s\u00f3lo en los campos, sobre todo si consideramos el \u00e9xodo rural, caracter\u00edstico de los \u00faltimos tiempos, y el consecuente crecimiento de las metr\u00f3polis, con sus marginales escenarios de exclusi\u00f3n, abandono y violencia.<\/p>\n<p>Por fidelidad a su conciencia, deseando una mayor aproximaci\u00f3n al mundo de los pobres y con el apoyo del Padre B\u00e9rulle, Vicente decide dejar la casa de los Gondi. Siguiendo la orientaci\u00f3n de su director espiritual, va a la parroquia de Ch\u00e2tillon-les-Dombes. La situaci\u00f3n de la parroquia <em>\u00abrequer\u00eda mucho <\/em><i>trabajo<\/i><em>\u00ab<\/em> (SV XIII, 45). All\u00ed, se encontr\u00f3 con la situaci\u00f3n de una casa, en la que todos se encontraban enfermos, sin que hubiese uno siquiera para cuidar de los dem\u00e1s. La situaci\u00f3n de la familia era el retrato de una poblaci\u00f3n entera hambrienta de pan, carente de lo indispensable para una supervivencia digna. Nuevamente, Vicente toma la decisi\u00f3n de hablar sobre el problema en una predicaci\u00f3n, provocando a la comunidad y convoc\u00e1ndola a colocarse al servicio de aquella familia. El anuncio de la Palabra, para ser prof\u00e9tico, precisa tener en cuenta las alegr\u00edas y las esperanzas, los dolores y las angustias de la comunidad, con el fin de hacerla protagonista de los procesos de transformaci\u00f3n de su propia historia. La profec\u00eda no resuena en el vac\u00edo de las generalidades. Sobre aquel episodio, declar\u00f3, m\u00e1s tarde, el Padre Vicente: <em>\u00abEsto me toc\u00f3 sensiblemente el coraz\u00f3n; no dej\u00e9 de decirlo en el serm\u00f3n con gran sentimiento, y <\/em><i>Dios<\/i><em>, tocando el coraz\u00f3n de los que me escuchaban, hizo que se sintieran todos movidos de compasi\u00f3n por aquellos <\/em><i>pobres<\/i><em> afligidos\u00bb <\/em>(SV IX, 243). Toda la comunidad se moviliz\u00f3 para socorrer a la familia. La casa se llen\u00f3 de v\u00edveres. Vicente, percibiendo la gran generosidad que hab\u00eda en las personas, intuye la imperiosa necesidad de una caridad organizada, eficaz y duradera. Reuni\u00f3, entonces, a algunas mujeres del lugar y constituy\u00f3 la primera Cofrad\u00eda de la Caridad, redact\u00e1ndole un reglamento, aprobado el 8 de diciembre del mismo a\u00f1o (cf. SV XIII, 437-438). Las Cofrad\u00edas se difundieron r\u00e1pidamente por las tierras de los Gondi, en los lugares por donde Vicente pasaba predicando misiones (Villepreux, Joigny, Montmirail, etc). En el futuro, tambi\u00e9n los Misioneros tendr\u00e1n el cuidado de fundar, visitar y animar las Cofrad\u00edas, con el prop\u00f3sito de que la caridad consolidase los frutos de la misi\u00f3n. Con el paso del tiempo, Vicente percibir\u00e1 que no era suficiente encender el fuego, fundando Cofrad\u00edas. Adem\u00e1s de eso, era necesario avivar la llama, manteniendo el dinamismo en las mismas. Por eso, emprender\u00e1 significativos esfuerzos para animar y alentar a las Se\u00f1oras, invit\u00e1ndolas a salir al encuentro de las necesidades concretas de los pobres, asumiendo formas creativas y eficaces de intervenci\u00f3n en la realidad. En todas las \u00e9pocas, es necesario que surja alguien capaz de despertar las conciencias adormecidas, movilizando lo que hay de mejor en el interior de las personas y despert\u00e1ndoles la sensibilidad delante de los dramas de la humanidad carente de Dios, de pan y de afecto.<\/p>\n<p>En Folleville y Ch\u00e2tillon, Vicente descubre que no puede haber efectiva evangelizaci\u00f3n de los pobres si no hay empe\u00f1o en la satisfacci\u00f3n de sus necesidades y en la superaci\u00f3n de su situaci\u00f3n de abandono y miseria. As\u00ed, la caridad deber\u00eda concretar el contenido de la misi\u00f3n y el servicio deber\u00eda hacer visible y palpable la Buena Noticia anunciada a los pobres. Adem\u00e1s de eso, el Padre Vicente descubre el lugar central de los laicos, especialmente de las mujeres, en la evangelizaci\u00f3n y en la promoci\u00f3n humana. Su mirada, llena de compasi\u00f3n y ternura, como la de Cristo, se fij\u00f3 definitivamente sobre los pobres y sus necesidades. Vicente ya no corre para ocupar los primeros lugares que le garantizar\u00edan una vida tranquila y confortable. \u00c9l corre ahora para quedarse cada vez m\u00e1s cerca de los \u00faltimos, all\u00e1 donde ellos se encuentran. Como Pablo, por causa del Evangelio, se hace todo para todos, haci\u00e9ndose d\u00e9bil con los d\u00e9biles, con el fin de demostrar que el Reino les pertenece (cf. 1Cor 9,22). He aqu\u00ed c\u00f3mo definir\u00e1 el proyecto de vida de la Congregaci\u00f3n de la Misi\u00f3n: <em>\u00abPor tanto, un gran motivo que tenemos es la grandeza de la cosa: dar a conocer a <\/em><i>Dios<\/i><em> a los <\/em><i>pobres<\/i><em>, anunciarles a Je\u00adsucris\u00adto, decirles que est\u00e1 cerca el reino de los cielos y que ese reino es para los <\/em><i>pobres<\/i><em>. \u00a1Qu\u00e9 grande es esto! Y el que hayamos sido llamados para ser compa\u00f1eros y para participar en los planes del Hijo de <\/em><i>Dios<\/i><em>, es algo que supera nuestro en\u00adtendimiento\u00bb<\/em> (SV XII, 80).<\/p>\n<h2>Descarga esta reflexi\u00f3n en Word y Power Point aqu\u00ed:<\/h2>\n<table border=\"0\" width=\"256\" align=\"center\">\n<tbody>\n<tr>\n<td>Formato <em>ZIP (incluye Word y Power Point):<\/em><\/td>\n<\/tr>\n<tr>\n<td><a href=\"http:\/\/vicencianos.org\/?dl_id=214\" target=\"_blank\" rel=\"noopener\"><img data-recalc-dims=\"1\" loading=\"lazy\" decoding=\"async\" src=\"https:\/\/i0.wp.com\/vicencianos.org\/vicencianos\/files\/ppt.png?resize=256%2C256\" alt=\"PDF\" width=\"256\" height=\"256\" \/><\/a><\/td>\n<\/tr>\n<\/tbody>\n<\/table>\n","protected":false},"excerpt":{"rendered":"<p>Una de las opciones en Misiones Populares, tal y como lo hacemos los vicencianos, es el trabajo en equipo, que se compone de Consagrados (Pa\u00fales, Hijas de la Caridad, sacerdotes diocesanos\u2026) y Seglares Vicencianos. No &#8230; <a href=\"http:\/\/vincentians.com\/es\/evangelizar-siguiendo-a-san-vicente\/\" class=\"more-link\">Read More<\/a><\/p>\n","protected":false},"author":4,"featured_media":400011,"comment_status":"open","ping_status":"open","sticky":false,"template":"","format":"standard","meta":{"jetpack_post_was_ever_published":false,"_jetpack_newsletter_access":"","_jetpack_dont_email_post_to_subs":false,"_jetpack_newsletter_tier_id":0,"_jetpack_memberships_contains_paywalled_content":false,"_jetpack_memberships_contains_paid_content":false,"footnotes":"","jetpack_publicize_message":"","jetpack_publicize_feature_enabled":true,"jetpack_social_post_already_shared":true,"jetpack_social_options":{"image_generator_settings":{"template":"highway","default_image_id":0,"font":"","enabled":false},"version":2}},"categories":[28],"tags":[218,224,173,124,175,145,119,125,176,131,172,120,135],"class_list":["post-117335","post","type-post","status-publish","format-standard","has-post-thumbnail","hentry","category-formacion-vicenciana","tag-abelly","tag-berulle","tag-chatillon-les-dombes","tag-du-coudray","tag-folleville","tag-gannes","tag-gondi","tag-joigny","tag-misiones-populares","tag-montmirail","tag-pobreza","tag-senora-de-gondi","tag-villepreux"],"yoast_head":"<!-- This site is optimized with the Yoast SEO plugin v26.3 - https:\/\/yoast.com\/wordpress\/plugins\/seo\/ -->\n<title>Evangelizar siguiendo a san Vicente - Somos Vicencianos<\/title>\n<meta name=\"robots\" content=\"index, follow, max-snippet:-1, max-image-preview:large, max-video-preview:-1\" \/>\n<link rel=\"canonical\" href=\"http:\/\/vincentians.com\/es\/evangelizar-siguiendo-a-san-vicente\/\" \/>\n<meta property=\"og:locale\" content=\"es_ES\" \/>\n<meta property=\"og:type\" content=\"article\" \/>\n<meta property=\"og:title\" content=\"Evangelizar siguiendo a san Vicente - Somos Vicencianos\" \/>\n<meta property=\"og:description\" content=\"Una de las opciones en Misiones Populares, tal y como lo hacemos los vicencianos, es el trabajo en equipo, que se compone de Consagrados (Pa\u00fales, Hijas de la Caridad, sacerdotes diocesanos\u2026) y Seglares Vicencianos. No ... Read More\" \/>\n<meta property=\"og:url\" content=\"http:\/\/vincentians.com\/es\/evangelizar-siguiendo-a-san-vicente\/\" \/>\n<meta property=\"og:site_name\" content=\"Somos Vicencianos\" \/>\n<meta property=\"article:publisher\" content=\"https:\/\/www.facebook.com\/WeAreVincentians\/\" \/>\n<meta property=\"article:author\" content=\"https:\/\/www.facebook.com\/JavierChento\" \/>\n<meta property=\"article:published_time\" content=\"2018-11-14T07:26:36+00:00\" \/>\n<meta property=\"og:image\" content=\"https:\/\/i0.wp.com\/vincentians.com\/es\/wp-content\/uploads\/sites\/11\/2016\/09\/sencillos-como-palomas.jpg?fit=1200%2C630\" \/>\n\t<meta property=\"og:image:width\" content=\"1200\" \/>\n\t<meta property=\"og:image:height\" content=\"630\" \/>\n\t<meta property=\"og:image:type\" content=\"image\/jpeg\" \/>\n<meta name=\"author\" content=\"Francisco Javier Fern\u00e1ndez Chento\" \/>\n<meta name=\"twitter:card\" content=\"summary_large_image\" \/>\n<meta name=\"twitter:creator\" content=\"@https:\/\/twitter.com\/javierchento\" \/>\n<meta name=\"twitter:site\" content=\"@WeVincentians\" \/>\n<meta name=\"twitter:label1\" content=\"Escrito por\" \/>\n\t<meta name=\"twitter:data1\" content=\"Francisco Javier Fern\u00e1ndez Chento\" \/>\n\t<meta name=\"twitter:label2\" content=\"Tiempo de lectura\" \/>\n\t<meta name=\"twitter:data2\" content=\"50 minutos\" \/>\n<script type=\"application\/ld+json\" class=\"yoast-schema-graph\">{\"@context\":\"https:\/\/schema.org\",\"@graph\":[{\"@type\":\"Article\",\"@id\":\"http:\/\/vincentians.com\/es\/evangelizar-siguiendo-a-san-vicente\/#article\",\"isPartOf\":{\"@id\":\"http:\/\/vincentians.com\/es\/evangelizar-siguiendo-a-san-vicente\/\"},\"author\":{\"name\":\"Francisco Javier Fern\u00e1ndez Chento\",\"@id\":\"https:\/\/vincentians.com\/es\/#\/schema\/person\/9623ef4d9aa3b2dfb8c061f1499288f2\"},\"headline\":\"Evangelizar siguiendo a san Vicente\",\"datePublished\":\"2018-11-14T07:26:36+00:00\",\"mainEntityOfPage\":{\"@id\":\"http:\/\/vincentians.com\/es\/evangelizar-siguiendo-a-san-vicente\/\"},\"wordCount\":10095,\"commentCount\":0,\"publisher\":{\"@id\":\"https:\/\/vincentians.com\/es\/#organization\"},\"image\":{\"@id\":\"http:\/\/vincentians.com\/es\/evangelizar-siguiendo-a-san-vicente\/#primaryimage\"},\"thumbnailUrl\":\"https:\/\/i0.wp.com\/vincentians.com\/es\/wp-content\/uploads\/sites\/11\/2016\/09\/sencillos-como-palomas.jpg?fit=1200%2C630\",\"keywords\":[\"Abelly\",\"Berulle\",\"Chatillon\",\"Du Coudray\",\"Folleville\",\"Gannes\",\"Gondi\",\"Joigny\",\"Misiones Populares\",\"Montmirail\",\"Pobreza\",\"Se\u00f1ora de Gondi\",\"Villepreux\"],\"articleSection\":[\"Formaci\u00f3n Vicenciana\"],\"inLanguage\":\"es\",\"potentialAction\":[{\"@type\":\"CommentAction\",\"name\":\"Comment\",\"target\":[\"http:\/\/vincentians.com\/es\/evangelizar-siguiendo-a-san-vicente\/#respond\"]}]},{\"@type\":\"WebPage\",\"@id\":\"http:\/\/vincentians.com\/es\/evangelizar-siguiendo-a-san-vicente\/\",\"url\":\"http:\/\/vincentians.com\/es\/evangelizar-siguiendo-a-san-vicente\/\",\"name\":\"Evangelizar siguiendo a san Vicente - Somos Vicencianos\",\"isPartOf\":{\"@id\":\"https:\/\/vincentians.com\/es\/#website\"},\"primaryImageOfPage\":{\"@id\":\"http:\/\/vincentians.com\/es\/evangelizar-siguiendo-a-san-vicente\/#primaryimage\"},\"image\":{\"@id\":\"http:\/\/vincentians.com\/es\/evangelizar-siguiendo-a-san-vicente\/#primaryimage\"},\"thumbnailUrl\":\"https:\/\/i0.wp.com\/vincentians.com\/es\/wp-content\/uploads\/sites\/11\/2016\/09\/sencillos-como-palomas.jpg?fit=1200%2C630\",\"datePublished\":\"2018-11-14T07:26:36+00:00\",\"breadcrumb\":{\"@id\":\"http:\/\/vincentians.com\/es\/evangelizar-siguiendo-a-san-vicente\/#breadcrumb\"},\"inLanguage\":\"es\",\"potentialAction\":[{\"@type\":\"ReadAction\",\"target\":[\"http:\/\/vincentians.com\/es\/evangelizar-siguiendo-a-san-vicente\/\"]}]},{\"@type\":\"ImageObject\",\"inLanguage\":\"es\",\"@id\":\"http:\/\/vincentians.com\/es\/evangelizar-siguiendo-a-san-vicente\/#primaryimage\",\"url\":\"https:\/\/i0.wp.com\/vincentians.com\/es\/wp-content\/uploads\/sites\/11\/2016\/09\/sencillos-como-palomas.jpg?fit=1200%2C630\",\"contentUrl\":\"https:\/\/i0.wp.com\/vincentians.com\/es\/wp-content\/uploads\/sites\/11\/2016\/09\/sencillos-como-palomas.jpg?fit=1200%2C630\",\"width\":1200,\"height\":630},{\"@type\":\"BreadcrumbList\",\"@id\":\"http:\/\/vincentians.com\/es\/evangelizar-siguiendo-a-san-vicente\/#breadcrumb\",\"itemListElement\":[{\"@type\":\"ListItem\",\"position\":1,\"name\":\"Portada\",\"item\":\"https:\/\/vincentians.com\/es\/\"},{\"@type\":\"ListItem\",\"position\":2,\"name\":\"Evangelizar siguiendo a san Vicente\"}]},{\"@type\":\"WebSite\",\"@id\":\"https:\/\/vincentians.com\/es\/#website\",\"url\":\"https:\/\/vincentians.com\/es\/\",\"name\":\"Somos Vicencianos\",\"description\":\"Know more to serve more\",\"publisher\":{\"@id\":\"https:\/\/vincentians.com\/es\/#organization\"},\"potentialAction\":[{\"@type\":\"SearchAction\",\"target\":{\"@type\":\"EntryPoint\",\"urlTemplate\":\"https:\/\/vincentians.com\/es\/?s={search_term_string}\"},\"query-input\":{\"@type\":\"PropertyValueSpecification\",\"valueRequired\":true,\"valueName\":\"search_term_string\"}}],\"inLanguage\":\"es\"},{\"@type\":\"Organization\",\"@id\":\"https:\/\/vincentians.com\/es\/#organization\",\"name\":\"The Vincentian Network\",\"url\":\"https:\/\/vincentians.com\/es\/\",\"logo\":{\"@type\":\"ImageObject\",\"inLanguage\":\"es\",\"@id\":\"https:\/\/vincentians.com\/es\/#\/schema\/logo\/image\/\",\"url\":\"https:\/\/i1.wp.com\/vincentians.com\/es\/wp-content\/uploads\/sites\/11\/2016\/06\/Vincentian-Network-logo-big.png?fit=778%2C778\",\"contentUrl\":\"https:\/\/i1.wp.com\/vincentians.com\/es\/wp-content\/uploads\/sites\/11\/2016\/06\/Vincentian-Network-logo-big.png?fit=778%2C778\",\"width\":778,\"height\":778,\"caption\":\"The Vincentian Network\"},\"image\":{\"@id\":\"https:\/\/vincentians.com\/es\/#\/schema\/logo\/image\/\"},\"sameAs\":[\"https:\/\/www.facebook.com\/WeAreVincentians\/\",\"https:\/\/x.com\/WeVincentians\"]},{\"@type\":\"Person\",\"@id\":\"https:\/\/vincentians.com\/es\/#\/schema\/person\/9623ef4d9aa3b2dfb8c061f1499288f2\",\"name\":\"Francisco Javier Fern\u00e1ndez Chento\",\"image\":{\"@type\":\"ImageObject\",\"inLanguage\":\"es\",\"@id\":\"https:\/\/vincentians.com\/es\/#\/schema\/person\/image\/\",\"url\":\"https:\/\/secure.gravatar.com\/avatar\/497d5cde87b4c3d097d0315953521681ba2cd523ee66e5077c3711f7021e65de?s=96&d=mm&r=g\",\"contentUrl\":\"https:\/\/secure.gravatar.com\/avatar\/497d5cde87b4c3d097d0315953521681ba2cd523ee66e5077c3711f7021e65de?s=96&d=mm&r=g\",\"caption\":\"Francisco Javier Fern\u00e1ndez Chento\"},\"description\":\"Director General y cofundador de La Red de Formaci\u00f3n Vicenciana. Javier es laico vicenciano, afiliado a la Congregaci\u00f3n de la Misi\u00f3n y miembro del Equipo de Misiones Populares de la provincia can\u00f3nica de Zaragoza (Espa\u00f1a) de la Congregaci\u00f3n de la Misi\u00f3n. Graduado en la Universidad Oberta de Catalunya con cuatro grados (Asistente de direcci\u00f3n, Gesti\u00f3n Administrativa, Recursos Humanos y Contabilidad Avanzada). Bil\u00edng\u00fce Espa\u00f1ol\/Ingl\u00e9s. gestiona y mantiene varias p\u00e1ginas web cristianas y vicencianas, incluida including La Red de Formaci\u00f3n Vicenciana, de la que es cofundador. Actualmente es responsable del \u00e1rea de Espa\u00f1ol de .famvin, la Red de Noticias de la Familia Vicenciana. Tambi\u00e9n es m\u00fasico cat\u00f3lico y ha editado varios discos. Es Director General y cofundador de Trovador, una reconocida compa\u00f1\u00eda discogr\u00e1fica critiana de Espa\u00f1a. Trabaja en las Tecnolog\u00edas de la Informaci\u00f3n, ofreciendo servicios de alojamiento, dise\u00f1o y mantenimiento Web, as\u00ed como asesoramiento, formaci\u00f3n y soluciones inform\u00e1ticas, gesti\u00f3n documental y digitalizaci\u00f3n de textos, edici\u00f3n y maquetaci\u00f3n de libros, revistas, flyers, etc.\",\"sameAs\":[\"http:\/\/chento.org\",\"https:\/\/www.facebook.com\/JavierChento\",\"https:\/\/x.com\/https:\/\/twitter.com\/javierchento\"],\"url\":\"http:\/\/vincentians.com\/es\/author\/chento\/\"}]}<\/script>\n<!-- \/ Yoast SEO plugin. -->","yoast_head_json":{"title":"Evangelizar siguiendo a san Vicente - Somos Vicencianos","robots":{"index":"index","follow":"follow","max-snippet":"max-snippet:-1","max-image-preview":"max-image-preview:large","max-video-preview":"max-video-preview:-1"},"canonical":"http:\/\/vincentians.com\/es\/evangelizar-siguiendo-a-san-vicente\/","og_locale":"es_ES","og_type":"article","og_title":"Evangelizar siguiendo a san Vicente - Somos Vicencianos","og_description":"Una de las opciones en Misiones Populares, tal y como lo hacemos los vicencianos, es el trabajo en equipo, que se compone de Consagrados (Pa\u00fales, Hijas de la Caridad, sacerdotes diocesanos\u2026) y Seglares Vicencianos. No ... Read More","og_url":"http:\/\/vincentians.com\/es\/evangelizar-siguiendo-a-san-vicente\/","og_site_name":"Somos Vicencianos","article_publisher":"https:\/\/www.facebook.com\/WeAreVincentians\/","article_author":"https:\/\/www.facebook.com\/JavierChento","article_published_time":"2018-11-14T07:26:36+00:00","og_image":[{"width":1200,"height":630,"url":"https:\/\/i0.wp.com\/vincentians.com\/es\/wp-content\/uploads\/sites\/11\/2016\/09\/sencillos-como-palomas.jpg?fit=1200%2C630","type":"image\/jpeg"}],"author":"Francisco Javier Fern\u00e1ndez Chento","twitter_card":"summary_large_image","twitter_creator":"@https:\/\/twitter.com\/javierchento","twitter_site":"@WeVincentians","twitter_misc":{"Escrito por":"Francisco Javier Fern\u00e1ndez Chento","Tiempo de lectura":"50 minutos"},"schema":{"@context":"https:\/\/schema.org","@graph":[{"@type":"Article","@id":"http:\/\/vincentians.com\/es\/evangelizar-siguiendo-a-san-vicente\/#article","isPartOf":{"@id":"http:\/\/vincentians.com\/es\/evangelizar-siguiendo-a-san-vicente\/"},"author":{"name":"Francisco Javier Fern\u00e1ndez Chento","@id":"https:\/\/vincentians.com\/es\/#\/schema\/person\/9623ef4d9aa3b2dfb8c061f1499288f2"},"headline":"Evangelizar siguiendo a san Vicente","datePublished":"2018-11-14T07:26:36+00:00","mainEntityOfPage":{"@id":"http:\/\/vincentians.com\/es\/evangelizar-siguiendo-a-san-vicente\/"},"wordCount":10095,"commentCount":0,"publisher":{"@id":"https:\/\/vincentians.com\/es\/#organization"},"image":{"@id":"http:\/\/vincentians.com\/es\/evangelizar-siguiendo-a-san-vicente\/#primaryimage"},"thumbnailUrl":"https:\/\/i0.wp.com\/vincentians.com\/es\/wp-content\/uploads\/sites\/11\/2016\/09\/sencillos-como-palomas.jpg?fit=1200%2C630","keywords":["Abelly","Berulle","Chatillon","Du Coudray","Folleville","Gannes","Gondi","Joigny","Misiones Populares","Montmirail","Pobreza","Se\u00f1ora de Gondi","Villepreux"],"articleSection":["Formaci\u00f3n Vicenciana"],"inLanguage":"es","potentialAction":[{"@type":"CommentAction","name":"Comment","target":["http:\/\/vincentians.com\/es\/evangelizar-siguiendo-a-san-vicente\/#respond"]}]},{"@type":"WebPage","@id":"http:\/\/vincentians.com\/es\/evangelizar-siguiendo-a-san-vicente\/","url":"http:\/\/vincentians.com\/es\/evangelizar-siguiendo-a-san-vicente\/","name":"Evangelizar siguiendo a san Vicente - Somos Vicencianos","isPartOf":{"@id":"https:\/\/vincentians.com\/es\/#website"},"primaryImageOfPage":{"@id":"http:\/\/vincentians.com\/es\/evangelizar-siguiendo-a-san-vicente\/#primaryimage"},"image":{"@id":"http:\/\/vincentians.com\/es\/evangelizar-siguiendo-a-san-vicente\/#primaryimage"},"thumbnailUrl":"https:\/\/i0.wp.com\/vincentians.com\/es\/wp-content\/uploads\/sites\/11\/2016\/09\/sencillos-como-palomas.jpg?fit=1200%2C630","datePublished":"2018-11-14T07:26:36+00:00","breadcrumb":{"@id":"http:\/\/vincentians.com\/es\/evangelizar-siguiendo-a-san-vicente\/#breadcrumb"},"inLanguage":"es","potentialAction":[{"@type":"ReadAction","target":["http:\/\/vincentians.com\/es\/evangelizar-siguiendo-a-san-vicente\/"]}]},{"@type":"ImageObject","inLanguage":"es","@id":"http:\/\/vincentians.com\/es\/evangelizar-siguiendo-a-san-vicente\/#primaryimage","url":"https:\/\/i0.wp.com\/vincentians.com\/es\/wp-content\/uploads\/sites\/11\/2016\/09\/sencillos-como-palomas.jpg?fit=1200%2C630","contentUrl":"https:\/\/i0.wp.com\/vincentians.com\/es\/wp-content\/uploads\/sites\/11\/2016\/09\/sencillos-como-palomas.jpg?fit=1200%2C630","width":1200,"height":630},{"@type":"BreadcrumbList","@id":"http:\/\/vincentians.com\/es\/evangelizar-siguiendo-a-san-vicente\/#breadcrumb","itemListElement":[{"@type":"ListItem","position":1,"name":"Portada","item":"https:\/\/vincentians.com\/es\/"},{"@type":"ListItem","position":2,"name":"Evangelizar siguiendo a san Vicente"}]},{"@type":"WebSite","@id":"https:\/\/vincentians.com\/es\/#website","url":"https:\/\/vincentians.com\/es\/","name":"Somos Vicencianos","description":"Know more to serve more","publisher":{"@id":"https:\/\/vincentians.com\/es\/#organization"},"potentialAction":[{"@type":"SearchAction","target":{"@type":"EntryPoint","urlTemplate":"https:\/\/vincentians.com\/es\/?s={search_term_string}"},"query-input":{"@type":"PropertyValueSpecification","valueRequired":true,"valueName":"search_term_string"}}],"inLanguage":"es"},{"@type":"Organization","@id":"https:\/\/vincentians.com\/es\/#organization","name":"The Vincentian Network","url":"https:\/\/vincentians.com\/es\/","logo":{"@type":"ImageObject","inLanguage":"es","@id":"https:\/\/vincentians.com\/es\/#\/schema\/logo\/image\/","url":"https:\/\/i1.wp.com\/vincentians.com\/es\/wp-content\/uploads\/sites\/11\/2016\/06\/Vincentian-Network-logo-big.png?fit=778%2C778","contentUrl":"https:\/\/i1.wp.com\/vincentians.com\/es\/wp-content\/uploads\/sites\/11\/2016\/06\/Vincentian-Network-logo-big.png?fit=778%2C778","width":778,"height":778,"caption":"The Vincentian Network"},"image":{"@id":"https:\/\/vincentians.com\/es\/#\/schema\/logo\/image\/"},"sameAs":["https:\/\/www.facebook.com\/WeAreVincentians\/","https:\/\/x.com\/WeVincentians"]},{"@type":"Person","@id":"https:\/\/vincentians.com\/es\/#\/schema\/person\/9623ef4d9aa3b2dfb8c061f1499288f2","name":"Francisco Javier Fern\u00e1ndez Chento","image":{"@type":"ImageObject","inLanguage":"es","@id":"https:\/\/vincentians.com\/es\/#\/schema\/person\/image\/","url":"https:\/\/secure.gravatar.com\/avatar\/497d5cde87b4c3d097d0315953521681ba2cd523ee66e5077c3711f7021e65de?s=96&d=mm&r=g","contentUrl":"https:\/\/secure.gravatar.com\/avatar\/497d5cde87b4c3d097d0315953521681ba2cd523ee66e5077c3711f7021e65de?s=96&d=mm&r=g","caption":"Francisco Javier Fern\u00e1ndez Chento"},"description":"Director General y cofundador de La Red de Formaci\u00f3n Vicenciana. Javier es laico vicenciano, afiliado a la Congregaci\u00f3n de la Misi\u00f3n y miembro del Equipo de Misiones Populares de la provincia can\u00f3nica de Zaragoza (Espa\u00f1a) de la Congregaci\u00f3n de la Misi\u00f3n. Graduado en la Universidad Oberta de Catalunya con cuatro grados (Asistente de direcci\u00f3n, Gesti\u00f3n Administrativa, Recursos Humanos y Contabilidad Avanzada). Bil\u00edng\u00fce Espa\u00f1ol\/Ingl\u00e9s. gestiona y mantiene varias p\u00e1ginas web cristianas y vicencianas, incluida including La Red de Formaci\u00f3n Vicenciana, de la que es cofundador. Actualmente es responsable del \u00e1rea de Espa\u00f1ol de .famvin, la Red de Noticias de la Familia Vicenciana. Tambi\u00e9n es m\u00fasico cat\u00f3lico y ha editado varios discos. Es Director General y cofundador de Trovador, una reconocida compa\u00f1\u00eda discogr\u00e1fica critiana de Espa\u00f1a. Trabaja en las Tecnolog\u00edas de la Informaci\u00f3n, ofreciendo servicios de alojamiento, dise\u00f1o y mantenimiento Web, as\u00ed como asesoramiento, formaci\u00f3n y soluciones inform\u00e1ticas, gesti\u00f3n documental y digitalizaci\u00f3n de textos, edici\u00f3n y maquetaci\u00f3n de libros, revistas, flyers, etc.","sameAs":["http:\/\/chento.org","https:\/\/www.facebook.com\/JavierChento","https:\/\/x.com\/https:\/\/twitter.com\/javierchento"],"url":"http:\/\/vincentians.com\/es\/author\/chento\/"}]}},"jetpack_publicize_connections":[],"jetpack_featured_media_url":"https:\/\/i0.wp.com\/vincentians.com\/es\/wp-content\/uploads\/sites\/11\/2016\/09\/sencillos-como-palomas.jpg?fit=1200%2C630","jetpack_sharing_enabled":true,"jetpack_shortlink":"https:\/\/wp.me\/p7ETMF-uwv","jetpack-related-posts":[{"id":48689,"url":"http:\/\/vincentians.com\/es\/la-mision-popular-una-respuesta-vicenciana-para-la-nueva-evangelizacion\/","url_meta":{"origin":117335,"position":0},"title":"La misi\u00f3n popular: una respuesta vicenciana para la nueva evangelizaci\u00f3n","author":"Francisco Javier Fern\u00e1ndez Chento","date":"28\/12\/2016","format":false,"excerpt":"I - Introducci\u00f3n Padres y Hermanos de la Congregaci\u00f3n de la Misi\u00f3n, Hijas de la Caridad y Colaboradores Seglares de distintas partes del mundo reunidos durante casi un mes en Par\u00eds del 7 de Julio al 2 de Agosto de 1997 nos hemos reunido para compartir nuestras experiencias en el\u2026","rel":"","context":"En \u00abCongregaci\u00f3n de la Misi\u00f3n\u00bb","block_context":{"text":"Congregaci\u00f3n de la Misi\u00f3n","link":"http:\/\/vincentians.com\/es\/category\/la-familia-vicenciana\/ramas\/congregacion-de-la-mision\/"},"img":{"alt_text":"","src":"https:\/\/i0.wp.com\/vincentians.com\/es\/wp-content\/uploads\/sites\/11\/2016\/08\/encuentro-con-jesus.jpg?fit=1200%2C630&resize=350%2C200","width":350,"height":200,"srcset":"https:\/\/i0.wp.com\/vincentians.com\/es\/wp-content\/uploads\/sites\/11\/2016\/08\/encuentro-con-jesus.jpg?fit=1200%2C630&resize=350%2C200 1x, https:\/\/i0.wp.com\/vincentians.com\/es\/wp-content\/uploads\/sites\/11\/2016\/08\/encuentro-con-jesus.jpg?fit=1200%2C630&resize=525%2C300 1.5x, https:\/\/i0.wp.com\/vincentians.com\/es\/wp-content\/uploads\/sites\/11\/2016\/08\/encuentro-con-jesus.jpg?fit=1200%2C630&resize=700%2C400 2x, https:\/\/i0.wp.com\/vincentians.com\/es\/wp-content\/uploads\/sites\/11\/2016\/08\/encuentro-con-jesus.jpg?fit=1200%2C630&resize=1050%2C600 3x"},"classes":[]},{"id":10249,"url":"http:\/\/vincentians.com\/es\/ser-vicenciano-significa\/","url_meta":{"origin":117335,"position":1},"title":"Ser vicenciano significa&#8230;","author":"Francisco Javier Fern\u00e1ndez Chento","date":"10\/04\/2016","format":false,"excerpt":"...abrazar el carisma de San Vicente de Pa\u00fal y su opci\u00f3n preferencial por los pobres. El t\u00e9rmino describe a mujeres y hombres, j\u00f3venes y adultos, religiosos y laicos, personas con votos y sin ellos. Ser vicenciano implica llevar una vida comprometida en la evangelizaci\u00f3n y la caridad, siguiendo los pasos\u2026","rel":"","context":"En \u00abEspiritualidad vicenciana\u00bb","block_context":{"text":"Espiritualidad vicenciana","link":"http:\/\/vincentians.com\/es\/category\/espiritualidad\/espiritualidad-vicenciana\/"},"img":{"alt_text":"abd","src":"https:\/\/i0.wp.com\/vicencianos.org\/wp-content\/uploads\/2013\/01\/abd-216x300.jpg?resize=350%2C200","width":350,"height":200},"classes":[]},{"id":403859,"url":"http:\/\/vincentians.com\/es\/vicente-de-paul-en-gannes-folleville-ix\/","url_meta":{"origin":117335,"position":2},"title":"VICENTE DE PAUL EN GANNES-FOLLEVILLE (IX)","author":"Mitxel Olabu\u00e9naga","date":"12\/12\/2021","format":false,"excerpt":"4.2. LA CONGREGACI\u00d3N DE LA MISI\u00d3N Y LA MISIONES POPULARES La Congregaci\u00f3n de la Misi\u00f3n naci\u00f3 con vocaci\u00f3n misionera. Sus or\u00edgenes est\u00e1n vinculados a las misiones que Vicente de Pa\u00fal dio, unido a otros, en los pueblos y aldeas de las propiedades de la Familia Gondi. Y as\u00ed lo acuerda\u2026","rel":"","context":"En \u00abFormaci\u00f3n Vicenciana\u00bb","block_context":{"text":"Formaci\u00f3n Vicenciana","link":"http:\/\/vincentians.com\/es\/category\/formacion-vicenciana\/"},"img":{"alt_text":"","src":"https:\/\/i0.wp.com\/vincentians.com\/es\/wp-content\/uploads\/sites\/11\/2017\/04\/vicente-y-eucaristia.jpg?fit=1200%2C630&resize=350%2C200","width":350,"height":200,"srcset":"https:\/\/i0.wp.com\/vincentians.com\/es\/wp-content\/uploads\/sites\/11\/2017\/04\/vicente-y-eucaristia.jpg?fit=1200%2C630&resize=350%2C200 1x, https:\/\/i0.wp.com\/vincentians.com\/es\/wp-content\/uploads\/sites\/11\/2017\/04\/vicente-y-eucaristia.jpg?fit=1200%2C630&resize=525%2C300 1.5x, https:\/\/i0.wp.com\/vincentians.com\/es\/wp-content\/uploads\/sites\/11\/2017\/04\/vicente-y-eucaristia.jpg?fit=1200%2C630&resize=700%2C400 2x, https:\/\/i0.wp.com\/vincentians.com\/es\/wp-content\/uploads\/sites\/11\/2017\/04\/vicente-y-eucaristia.jpg?fit=1200%2C630&resize=1050%2C600 3x"},"classes":[]},{"id":43870,"url":"http:\/\/vincentians.com\/es\/la-congregacion-de-la-mision-vicencianos-en-la-mision-de-la-iglesia-de-hoy\/","url_meta":{"origin":117335,"position":3},"title":"La Congregaci\u00f3n de la Misi\u00f3n: vicencianos en la misi\u00f3n de la Iglesia de hoy","author":"Francisco Javier Fern\u00e1ndez Chento","date":"01\/07\/2011","format":false,"excerpt":"Vicencianos... Los miembros de la Congregaci\u00f3n de la Misi\u00f3n no son otra cosa que seguidores de Jesucristo, pues \"Jesu\u00adcristo es la Regla de la Misi\u00f3n\" (XI 429). De entre los muchos modos de seguimiento de Cristo que han surgido a lo largo de la historia de la Iglesia, los que\u2026","rel":"","context":"En \u00abCongregaci\u00f3n de la Misi\u00f3n\u00bb","block_context":{"text":"Congregaci\u00f3n de la Misi\u00f3n","link":"http:\/\/vincentians.com\/es\/category\/la-familia-vicenciana\/ramas\/congregacion-de-la-mision\/"},"img":{"alt_text":"","src":"https:\/\/i0.wp.com\/vicencianos.org\/wp-content\/2011\/04\/logocm-237x300.jpg?resize=350%2C200","width":350,"height":200},"classes":[]},{"id":122934,"url":"http:\/\/vincentians.com\/es\/introduccion-a-la-espiritualidad-vicenciana-laical\/","url_meta":{"origin":117335,"position":4},"title":"Introducci\u00f3n a la espiritualidad vicenciana laical","author":"Francisco Javier Fern\u00e1ndez Chento","date":"24\/06\/2015","format":false,"excerpt":"1. Lo que pretendo De momento, en este trabajo, no pretendo ofre\u00adcer un tratado perfecto y acabado de la espiritua\u00adlidad vicenciana laical, sino m\u00e1s bien asentar unos principios a modo de introducci\u00f3n. El pro\u00adyecto es ofrecer algunos criterios que puedan ayudar al laico vicenciano a vivir su condici\u00f3n de cristiano,\u2026","rel":"","context":"En \u00abEspiritualidad vicenciana\u00bb","block_context":{"text":"Espiritualidad vicenciana","link":"http:\/\/vincentians.com\/es\/category\/espiritualidad\/espiritualidad-vicenciana\/"},"img":{"alt_text":"sanvi_famvi","src":"https:\/\/i0.wp.com\/vicencianos.org\/wp-content\/2010\/12\/sanvi_famvi-300x296.jpg?resize=350%2C200","width":350,"height":200},"classes":[]},{"id":403855,"url":"http:\/\/vincentians.com\/es\/vicente-de-paul-en-gannes-folleville-vii\/","url_meta":{"origin":117335,"position":5},"title":"VICENTE DE PAUL EN GANNES-FOLLEVILLE (VII)","author":"Mitxel Olabu\u00e9naga","date":"08\/12\/2021","format":false,"excerpt":"3.2. FOLLEVILLE, UNA MISI\u00d3N POPULAR Todav\u00eda en una obra bastante reciente, que nos presenta la historia de la Congregaci\u00f3n de la Misi\u00f3n en su primer siglo de existencia, llegamos a leer lo siguiente: \"[Despu\u00e9s de lo acaecido en Gannes], de com\u00fan acuerdo [Vicente y la se\u00f1ora de Gondi] decidieron que\u2026","rel":"","context":"En \u00abFormaci\u00f3n Vicenciana\u00bb","block_context":{"text":"Formaci\u00f3n Vicenciana","link":"http:\/\/vincentians.com\/es\/category\/formacion-vicenciana\/"},"img":{"alt_text":"","src":"https:\/\/i0.wp.com\/vincentians.com\/es\/wp-content\/uploads\/sites\/11\/2017\/04\/vicente-y-eucaristia.jpg?fit=1200%2C630&resize=350%2C200","width":350,"height":200,"srcset":"https:\/\/i0.wp.com\/vincentians.com\/es\/wp-content\/uploads\/sites\/11\/2017\/04\/vicente-y-eucaristia.jpg?fit=1200%2C630&resize=350%2C200 1x, https:\/\/i0.wp.com\/vincentians.com\/es\/wp-content\/uploads\/sites\/11\/2017\/04\/vicente-y-eucaristia.jpg?fit=1200%2C630&resize=525%2C300 1.5x, https:\/\/i0.wp.com\/vincentians.com\/es\/wp-content\/uploads\/sites\/11\/2017\/04\/vicente-y-eucaristia.jpg?fit=1200%2C630&resize=700%2C400 2x, https:\/\/i0.wp.com\/vincentians.com\/es\/wp-content\/uploads\/sites\/11\/2017\/04\/vicente-y-eucaristia.jpg?fit=1200%2C630&resize=1050%2C600 3x"},"classes":[]}],"_links":{"self":[{"href":"http:\/\/vincentians.com\/es\/wp-json\/wp\/v2\/posts\/117335","targetHints":{"allow":["GET"]}}],"collection":[{"href":"http:\/\/vincentians.com\/es\/wp-json\/wp\/v2\/posts"}],"about":[{"href":"http:\/\/vincentians.com\/es\/wp-json\/wp\/v2\/types\/post"}],"author":[{"embeddable":true,"href":"http:\/\/vincentians.com\/es\/wp-json\/wp\/v2\/users\/4"}],"replies":[{"embeddable":true,"href":"http:\/\/vincentians.com\/es\/wp-json\/wp\/v2\/comments?post=117335"}],"version-history":[{"count":1,"href":"http:\/\/vincentians.com\/es\/wp-json\/wp\/v2\/posts\/117335\/revisions"}],"predecessor-version":[{"id":401967,"href":"http:\/\/vincentians.com\/es\/wp-json\/wp\/v2\/posts\/117335\/revisions\/401967"}],"wp:featuredmedia":[{"embeddable":true,"href":"http:\/\/vincentians.com\/es\/wp-json\/wp\/v2\/media\/400011"}],"wp:attachment":[{"href":"http:\/\/vincentians.com\/es\/wp-json\/wp\/v2\/media?parent=117335"}],"wp:term":[{"taxonomy":"category","embeddable":true,"href":"http:\/\/vincentians.com\/es\/wp-json\/wp\/v2\/categories?post=117335"},{"taxonomy":"post_tag","embeddable":true,"href":"http:\/\/vincentians.com\/es\/wp-json\/wp\/v2\/tags?post=117335"}],"curies":[{"name":"wp","href":"https:\/\/api.w.org\/{rel}","templated":true}]}}