{"id":117,"date":"2015-01-05T06:25:00","date_gmt":"2015-01-05T05:25:00","guid":{"rendered":"http:\/\/somos.vicencianos.org\/misionespopulares\/?p=117"},"modified":"2015-01-05T06:25:00","modified_gmt":"2015-01-05T05:25:00","slug":"conceptos-clave-en-misiones-populares-05-un-estilo-de-mision-un-estilo-de-iglesia","status":"publish","type":"post","link":"http:\/\/vincentians.com\/es\/conceptos-clave-en-misiones-populares-05-un-estilo-de-mision-un-estilo-de-iglesia\/","title":{"rendered":"Conceptos clave en misiones populares 05: Un estilo de misi\u00f3n \u2013 Un estilo de Iglesia"},"content":{"rendered":"<p><a href=\"https:\/\/i0.wp.com\/vicencianos.org\/wp-content\/2015\/01\/comojesus.jpg\"><img data-recalc-dims=\"1\" loading=\"lazy\" decoding=\"async\" class=\"alignright size-medium wp-image-133355\" src=\"https:\/\/i0.wp.com\/vicencianos.org\/wp-content\/2015\/01\/comojesus-300x225.jpg?resize=300%2C225\" alt=\"comojesus\" width=\"300\" height=\"225\" \/><\/a>Recordad la invitaci\u00f3n prudente de Jes\u00fas: al ponerse a construir una casa hay que hacer c\u00e1lculos. Y todos sabemos que cuando queremos construir una casa o hacer una reforma son necesarios los planos. Por eso, en cualquier plan pastoral una pregunta previa necesaria es: \u00bfQu\u00e9 tipo de iglesia o de comunidad queremos y podemos construir?<\/p>\n<p>&#8211; \u00bfY a qu\u00e9 viene esta pregunta tan tonta? \u00bfEs que existe m\u00e1s de una Iglesia? Pues desde el catecismo hemos recitado que hay <strong>una<\/strong>, santa, cat\u00f3lica, apost\u00f3lica y romana&#8230;<\/p>\n<p>&#8211; \u00a1Ay, madre, que aqu\u00ed me duele! Porque, si existe una sola Iglesia, \u00bfpor qu\u00e9 parece que estamos a la gre\u00f1a? \u00bfPor qu\u00e9 cuando los misioneros vamos a un lugar nos encontramos con gente que sospecha no s\u00e9 qu\u00e9 de nosotros?<\/p>\n<p>Pero quiz\u00e1 no es tan absurda la pregunta, pues quien lee el NT con detenci\u00f3n se encuentra con que los evangelios nos dan visiones de iglesia distintos; incluso las bienaventuranzas en Mateo y en Lucas no dicen los mismo. Marcos y Juan ni nos las ofrecen. Y Pablo clama, si <em>alguien os predica otro evangelio, no le cre\u00e1is<\/em>. \u00bfQu\u00e9 pasa aqu\u00ed? \u00bfA qu\u00e9 nos podemos atener?<\/p>\n<p>Hagamos estas preguntas de otra forma:<\/p>\n<p>&#8211; \u00bfQui\u00e9nes somos m\u00e1s responsables de que no se entienda el evangelio, los de dentro o los de fuera? D\u00edgamelo usted si lo sabe.<\/p>\n<p>Hay que partir, desde luego, de unas <strong>coincidencias b\u00e1sicas<\/strong> de Fe. Y luego hacerse preguntas m\u00e1s o menos como las anteriores y las que siguen, para saber c\u00f3mo van a <strong>funcionar<\/strong> las cosas:<\/p>\n<p>\u00bfCu\u00e1l es el nivel real y visible de aceptaci\u00f3n de Jes\u00fas y su evangelio? \u00bfQui\u00e9n ordena y manda en la iglesia que queremos construir? \u00bfEl cura, o los seglares, o nadie? No nos extra\u00f1emos que haya de todo en la vi\u00f1a del Se\u00f1or. \u00bfY servir? \u00bfQui\u00e9n sirve? Y preocuparse por anunciar eficazmente el evangelio, \u00bflo hace alguien? En una palabra: Para trabajar juntos necesitamos tener claro \u00bfqu\u00e9 <strong>hacemos<\/strong>, c\u00f3mo <strong>vivimos<\/strong> y cu\u00e1nto <strong>nos queremos<\/strong>&#8230; y qu\u00e9 estamos <strong>dispuestos<\/strong> a hacer \u00abjuntos\u00bb y por \u00ablos dem\u00e1s\u00bb?<\/p>\n<p><strong>Un recuerdo hist\u00f3rico<\/strong>:<\/p>\n<p><em>Los cristianos no se distinguen de los dem\u00e1s hombres ni por su tierra, ni por su habla, ni por sus costumbres. Porque ni habitan ciudades exclusivas ni hablan una lengua extra\u00f1a ni llevan un g\u00e9nero de vida aparte de los dem\u00e1s. Esta doctrina no ha sido inventada gracias al talento y especulaci\u00f3n de los hombres curiosos, ni profesan, como otros, una ense\u00f1anza humana, sino que habitan ciudades griegas o b\u00e1rbaras seg\u00fan le ha correspondido a cada uno, y adapt\u00e1ndose en vestido, comida y dem\u00e1s g\u00e9nero de vida a los usos y costumbres, de cada pa\u00eds, dan muestras de una conducta admirable y, seg\u00fan dicen todos, sorprendente.<\/em><\/p>\n<p><strong>El Esp\u00edritu<\/strong> que nos mueve, como refleja el texto anterior, que no anula las leg\u00edtimas diferencias, debe ocupar su lugar: <strong>el primero<\/strong>. Por otra parte, es obligada una nueva pregunta: \u00bfestamos convencidos de que vamos construyendo esa iglesia que vivieron estos cristianos &#8211;<em>la Iglesia que Jes\u00fas quer\u00eda<\/em>-?<\/p>\n<p>Y al hilo de todas estas reflexiones podemos hacernos nuevas preguntas: \u00bfQu\u00e9 Iglesia somos? \u00bfSomos una iglesia abierta o una iglesia replegada en nuestros propios grupos? \u00bfSomos esa iglesia al estilo de la primera que hace que muchos alejados se planteen\u00a0 <em>si hay algo o a Alguien que ellos adivinan sin poder darle un nombre<\/em>, que les llama, que les interesa\u2026, un Alguien que puede encender una luz en sus vidas?<\/p>\n<p>Son muchas las preguntas, \u00bfverdad? \u00bfDemasiadas?<\/p>\n<p>Muchas o pocas, es <strong>necesario<\/strong> saber qu\u00e9 tipo de iglesia queremos construir; que piedras vivas podemos emplear; cu\u00e1l va a ser la fuerza que mantenga <strong>firme la unidad<\/strong>; cu\u00e1l es \u00abrealmente\u00bb el fundamento y la meta de todo lo que pretendemos hacer. Es necesario preguntarse tambi\u00e9n qu\u00e9 podr\u00e1n decir de nosotros \u00ab<em>con verdad y justicia<\/em>\u00bb cu\u00e1ntos nos ven y no creen demasiado en nosotros.<\/p>\n<p>Es de caj\u00f3n. Quien tiene que hacer los planos de una obra necesita tener claro <strong>qu\u00e9<\/strong> quiere construir y <strong>c\u00f3mo<\/strong> hay que hacerlo.<\/p>\n","protected":false},"excerpt":{"rendered":"<p>Recordad la invitaci\u00f3n prudente de Jes\u00fas: al ponerse a construir una casa hay que hacer c\u00e1lculos. Y todos sabemos que cuando queremos construir una casa o hacer una reforma son necesarios los planos. Por eso, &#8230; <a href=\"http:\/\/vincentians.com\/es\/conceptos-clave-en-misiones-populares-05-un-estilo-de-mision-un-estilo-de-iglesia\/\" class=\"more-link\">Read More<\/a><\/p>\n","protected":false},"author":4,"featured_media":133355,"comment_status":"open","ping_status":"open","sticky":false,"template":"","format":"standard","meta":{"jetpack_post_was_ever_published":false,"_jetpack_newsletter_access":"","_jetpack_dont_email_post_to_subs":false,"_jetpack_newsletter_tier_id":0,"_jetpack_memberships_contains_paywalled_content":false,"_jetpack_memberships_contains_paid_content":false,"footnotes":"","jetpack_publicize_message":"","jetpack_publicize_feature_enabled":true,"jetpack_social_post_already_shared":true,"jetpack_social_options":{"image_generator_settings":{"template":"highway","default_image_id":0,"font":"","enabled":false},"version":2}},"categories":[328],"tags":[176],"class_list":["post-117","post","type-post","status-publish","format-standard","has-post-thumbnail","hentry","category-misiones-populares-misiones","tag-misiones-populares"],"yoast_head":"<!-- This site is optimized with the Yoast SEO plugin v26.3 - https:\/\/yoast.com\/wordpress\/plugins\/seo\/ -->\n<title>Conceptos clave en misiones populares 05: Un estilo de misi\u00f3n \u2013 Un estilo de Iglesia - Somos Vicencianos<\/title>\n<meta name=\"robots\" content=\"index, follow, max-snippet:-1, max-image-preview:large, max-video-preview:-1\" \/>\n<link rel=\"canonical\" href=\"http:\/\/vincentians.com\/es\/conceptos-clave-en-misiones-populares-05-un-estilo-de-mision-un-estilo-de-iglesia\/\" \/>\n<meta property=\"og:locale\" content=\"es_ES\" \/>\n<meta property=\"og:type\" content=\"article\" \/>\n<meta property=\"og:title\" content=\"Conceptos clave en misiones populares 05: Un estilo de misi\u00f3n \u2013 Un estilo de Iglesia - Somos Vicencianos\" \/>\n<meta property=\"og:description\" content=\"Recordad la invitaci\u00f3n prudente de Jes\u00fas: al ponerse a construir una casa hay que hacer c\u00e1lculos. Y todos sabemos que cuando queremos construir una casa o hacer una reforma son necesarios los planos. Por eso, ... Read More\" \/>\n<meta property=\"og:url\" content=\"http:\/\/vincentians.com\/es\/conceptos-clave-en-misiones-populares-05-un-estilo-de-mision-un-estilo-de-iglesia\/\" \/>\n<meta property=\"og:site_name\" content=\"Somos Vicencianos\" \/>\n<meta property=\"article:publisher\" content=\"https:\/\/www.facebook.com\/WeAreVincentians\/\" \/>\n<meta property=\"article:author\" content=\"https:\/\/www.facebook.com\/JavierChento\" \/>\n<meta property=\"article:published_time\" content=\"2015-01-05T05:25:00+00:00\" \/>\n<meta name=\"author\" content=\"Francisco Javier Fern\u00e1ndez Chento\" \/>\n<meta name=\"twitter:card\" content=\"summary_large_image\" \/>\n<meta name=\"twitter:creator\" content=\"@https:\/\/twitter.com\/javierchento\" \/>\n<meta name=\"twitter:site\" content=\"@WeVincentians\" \/>\n<meta name=\"twitter:label1\" content=\"Escrito por\" \/>\n\t<meta name=\"twitter:data1\" content=\"Francisco Javier Fern\u00e1ndez Chento\" \/>\n\t<meta name=\"twitter:label2\" content=\"Tiempo de lectura\" \/>\n\t<meta name=\"twitter:data2\" content=\"4 minutos\" \/>\n<script type=\"application\/ld+json\" class=\"yoast-schema-graph\">{\"@context\":\"https:\/\/schema.org\",\"@graph\":[{\"@type\":\"Article\",\"@id\":\"http:\/\/vincentians.com\/es\/conceptos-clave-en-misiones-populares-05-un-estilo-de-mision-un-estilo-de-iglesia\/#article\",\"isPartOf\":{\"@id\":\"http:\/\/vincentians.com\/es\/conceptos-clave-en-misiones-populares-05-un-estilo-de-mision-un-estilo-de-iglesia\/\"},\"author\":{\"name\":\"Francisco Javier Fern\u00e1ndez Chento\",\"@id\":\"https:\/\/vincentians.com\/es\/#\/schema\/person\/9623ef4d9aa3b2dfb8c061f1499288f2\"},\"headline\":\"Conceptos clave en misiones populares 05: Un estilo de misi\u00f3n \u2013 Un estilo de Iglesia\",\"datePublished\":\"2015-01-05T05:25:00+00:00\",\"mainEntityOfPage\":{\"@id\":\"http:\/\/vincentians.com\/es\/conceptos-clave-en-misiones-populares-05-un-estilo-de-mision-un-estilo-de-iglesia\/\"},\"wordCount\":725,\"commentCount\":0,\"publisher\":{\"@id\":\"https:\/\/vincentians.com\/es\/#organization\"},\"image\":{\"@id\":\"http:\/\/vincentians.com\/es\/conceptos-clave-en-misiones-populares-05-un-estilo-de-mision-un-estilo-de-iglesia\/#primaryimage\"},\"thumbnailUrl\":\"\",\"keywords\":[\"Misiones Populares\"],\"articleSection\":[\"Misiones populares\"],\"inLanguage\":\"es\",\"potentialAction\":[{\"@type\":\"CommentAction\",\"name\":\"Comment\",\"target\":[\"http:\/\/vincentians.com\/es\/conceptos-clave-en-misiones-populares-05-un-estilo-de-mision-un-estilo-de-iglesia\/#respond\"]}]},{\"@type\":\"WebPage\",\"@id\":\"http:\/\/vincentians.com\/es\/conceptos-clave-en-misiones-populares-05-un-estilo-de-mision-un-estilo-de-iglesia\/\",\"url\":\"http:\/\/vincentians.com\/es\/conceptos-clave-en-misiones-populares-05-un-estilo-de-mision-un-estilo-de-iglesia\/\",\"name\":\"Conceptos clave en misiones populares 05: Un estilo de misi\u00f3n \u2013 Un estilo de Iglesia - Somos Vicencianos\",\"isPartOf\":{\"@id\":\"https:\/\/vincentians.com\/es\/#website\"},\"primaryImageOfPage\":{\"@id\":\"http:\/\/vincentians.com\/es\/conceptos-clave-en-misiones-populares-05-un-estilo-de-mision-un-estilo-de-iglesia\/#primaryimage\"},\"image\":{\"@id\":\"http:\/\/vincentians.com\/es\/conceptos-clave-en-misiones-populares-05-un-estilo-de-mision-un-estilo-de-iglesia\/#primaryimage\"},\"thumbnailUrl\":\"\",\"datePublished\":\"2015-01-05T05:25:00+00:00\",\"breadcrumb\":{\"@id\":\"http:\/\/vincentians.com\/es\/conceptos-clave-en-misiones-populares-05-un-estilo-de-mision-un-estilo-de-iglesia\/#breadcrumb\"},\"inLanguage\":\"es\",\"potentialAction\":[{\"@type\":\"ReadAction\",\"target\":[\"http:\/\/vincentians.com\/es\/conceptos-clave-en-misiones-populares-05-un-estilo-de-mision-un-estilo-de-iglesia\/\"]}]},{\"@type\":\"ImageObject\",\"inLanguage\":\"es\",\"@id\":\"http:\/\/vincentians.com\/es\/conceptos-clave-en-misiones-populares-05-un-estilo-de-mision-un-estilo-de-iglesia\/#primaryimage\",\"url\":\"\",\"contentUrl\":\"\"},{\"@type\":\"BreadcrumbList\",\"@id\":\"http:\/\/vincentians.com\/es\/conceptos-clave-en-misiones-populares-05-un-estilo-de-mision-un-estilo-de-iglesia\/#breadcrumb\",\"itemListElement\":[{\"@type\":\"ListItem\",\"position\":1,\"name\":\"Portada\",\"item\":\"https:\/\/vincentians.com\/es\/\"},{\"@type\":\"ListItem\",\"position\":2,\"name\":\"Conceptos clave en misiones populares 05: Un estilo de misi\u00f3n \u2013 Un estilo de Iglesia\"}]},{\"@type\":\"WebSite\",\"@id\":\"https:\/\/vincentians.com\/es\/#website\",\"url\":\"https:\/\/vincentians.com\/es\/\",\"name\":\"Somos Vicencianos\",\"description\":\"Know more to serve more\",\"publisher\":{\"@id\":\"https:\/\/vincentians.com\/es\/#organization\"},\"potentialAction\":[{\"@type\":\"SearchAction\",\"target\":{\"@type\":\"EntryPoint\",\"urlTemplate\":\"https:\/\/vincentians.com\/es\/?s={search_term_string}\"},\"query-input\":{\"@type\":\"PropertyValueSpecification\",\"valueRequired\":true,\"valueName\":\"search_term_string\"}}],\"inLanguage\":\"es\"},{\"@type\":\"Organization\",\"@id\":\"https:\/\/vincentians.com\/es\/#organization\",\"name\":\"The Vincentian Network\",\"url\":\"https:\/\/vincentians.com\/es\/\",\"logo\":{\"@type\":\"ImageObject\",\"inLanguage\":\"es\",\"@id\":\"https:\/\/vincentians.com\/es\/#\/schema\/logo\/image\/\",\"url\":\"https:\/\/i1.wp.com\/vincentians.com\/es\/wp-content\/uploads\/sites\/11\/2016\/06\/Vincentian-Network-logo-big.png?fit=778%2C778\",\"contentUrl\":\"https:\/\/i1.wp.com\/vincentians.com\/es\/wp-content\/uploads\/sites\/11\/2016\/06\/Vincentian-Network-logo-big.png?fit=778%2C778\",\"width\":778,\"height\":778,\"caption\":\"The Vincentian Network\"},\"image\":{\"@id\":\"https:\/\/vincentians.com\/es\/#\/schema\/logo\/image\/\"},\"sameAs\":[\"https:\/\/www.facebook.com\/WeAreVincentians\/\",\"https:\/\/x.com\/WeVincentians\"]},{\"@type\":\"Person\",\"@id\":\"https:\/\/vincentians.com\/es\/#\/schema\/person\/9623ef4d9aa3b2dfb8c061f1499288f2\",\"name\":\"Francisco Javier Fern\u00e1ndez Chento\",\"image\":{\"@type\":\"ImageObject\",\"inLanguage\":\"es\",\"@id\":\"https:\/\/vincentians.com\/es\/#\/schema\/person\/image\/\",\"url\":\"https:\/\/secure.gravatar.com\/avatar\/497d5cde87b4c3d097d0315953521681ba2cd523ee66e5077c3711f7021e65de?s=96&d=mm&r=g\",\"contentUrl\":\"https:\/\/secure.gravatar.com\/avatar\/497d5cde87b4c3d097d0315953521681ba2cd523ee66e5077c3711f7021e65de?s=96&d=mm&r=g\",\"caption\":\"Francisco Javier Fern\u00e1ndez Chento\"},\"description\":\"Director General y cofundador de La Red de Formaci\u00f3n Vicenciana. Javier es laico vicenciano, afiliado a la Congregaci\u00f3n de la Misi\u00f3n y miembro del Equipo de Misiones Populares de la provincia can\u00f3nica de Zaragoza (Espa\u00f1a) de la Congregaci\u00f3n de la Misi\u00f3n. Graduado en la Universidad Oberta de Catalunya con cuatro grados (Asistente de direcci\u00f3n, Gesti\u00f3n Administrativa, Recursos Humanos y Contabilidad Avanzada). Bil\u00edng\u00fce Espa\u00f1ol\/Ingl\u00e9s. gestiona y mantiene varias p\u00e1ginas web cristianas y vicencianas, incluida including La Red de Formaci\u00f3n Vicenciana, de la que es cofundador. Actualmente es responsable del \u00e1rea de Espa\u00f1ol de .famvin, la Red de Noticias de la Familia Vicenciana. Tambi\u00e9n es m\u00fasico cat\u00f3lico y ha editado varios discos. Es Director General y cofundador de Trovador, una reconocida compa\u00f1\u00eda discogr\u00e1fica critiana de Espa\u00f1a. Trabaja en las Tecnolog\u00edas de la Informaci\u00f3n, ofreciendo servicios de alojamiento, dise\u00f1o y mantenimiento Web, as\u00ed como asesoramiento, formaci\u00f3n y soluciones inform\u00e1ticas, gesti\u00f3n documental y digitalizaci\u00f3n de textos, edici\u00f3n y maquetaci\u00f3n de libros, revistas, flyers, etc.\",\"sameAs\":[\"http:\/\/chento.org\",\"https:\/\/www.facebook.com\/JavierChento\",\"https:\/\/x.com\/https:\/\/twitter.com\/javierchento\"],\"url\":\"http:\/\/vincentians.com\/es\/author\/chento\/\"}]}<\/script>\n<!-- \/ Yoast SEO plugin. -->","yoast_head_json":{"title":"Conceptos clave en misiones populares 05: Un estilo de misi\u00f3n \u2013 Un estilo de Iglesia - Somos Vicencianos","robots":{"index":"index","follow":"follow","max-snippet":"max-snippet:-1","max-image-preview":"max-image-preview:large","max-video-preview":"max-video-preview:-1"},"canonical":"http:\/\/vincentians.com\/es\/conceptos-clave-en-misiones-populares-05-un-estilo-de-mision-un-estilo-de-iglesia\/","og_locale":"es_ES","og_type":"article","og_title":"Conceptos clave en misiones populares 05: Un estilo de misi\u00f3n \u2013 Un estilo de Iglesia - Somos Vicencianos","og_description":"Recordad la invitaci\u00f3n prudente de Jes\u00fas: al ponerse a construir una casa hay que hacer c\u00e1lculos. Y todos sabemos que cuando queremos construir una casa o hacer una reforma son necesarios los planos. Por eso, ... Read More","og_url":"http:\/\/vincentians.com\/es\/conceptos-clave-en-misiones-populares-05-un-estilo-de-mision-un-estilo-de-iglesia\/","og_site_name":"Somos Vicencianos","article_publisher":"https:\/\/www.facebook.com\/WeAreVincentians\/","article_author":"https:\/\/www.facebook.com\/JavierChento","article_published_time":"2015-01-05T05:25:00+00:00","author":"Francisco Javier Fern\u00e1ndez Chento","twitter_card":"summary_large_image","twitter_creator":"@https:\/\/twitter.com\/javierchento","twitter_site":"@WeVincentians","twitter_misc":{"Escrito por":"Francisco Javier Fern\u00e1ndez Chento","Tiempo de lectura":"4 minutos"},"schema":{"@context":"https:\/\/schema.org","@graph":[{"@type":"Article","@id":"http:\/\/vincentians.com\/es\/conceptos-clave-en-misiones-populares-05-un-estilo-de-mision-un-estilo-de-iglesia\/#article","isPartOf":{"@id":"http:\/\/vincentians.com\/es\/conceptos-clave-en-misiones-populares-05-un-estilo-de-mision-un-estilo-de-iglesia\/"},"author":{"name":"Francisco Javier Fern\u00e1ndez Chento","@id":"https:\/\/vincentians.com\/es\/#\/schema\/person\/9623ef4d9aa3b2dfb8c061f1499288f2"},"headline":"Conceptos clave en misiones populares 05: Un estilo de misi\u00f3n \u2013 Un estilo de Iglesia","datePublished":"2015-01-05T05:25:00+00:00","mainEntityOfPage":{"@id":"http:\/\/vincentians.com\/es\/conceptos-clave-en-misiones-populares-05-un-estilo-de-mision-un-estilo-de-iglesia\/"},"wordCount":725,"commentCount":0,"publisher":{"@id":"https:\/\/vincentians.com\/es\/#organization"},"image":{"@id":"http:\/\/vincentians.com\/es\/conceptos-clave-en-misiones-populares-05-un-estilo-de-mision-un-estilo-de-iglesia\/#primaryimage"},"thumbnailUrl":"","keywords":["Misiones Populares"],"articleSection":["Misiones populares"],"inLanguage":"es","potentialAction":[{"@type":"CommentAction","name":"Comment","target":["http:\/\/vincentians.com\/es\/conceptos-clave-en-misiones-populares-05-un-estilo-de-mision-un-estilo-de-iglesia\/#respond"]}]},{"@type":"WebPage","@id":"http:\/\/vincentians.com\/es\/conceptos-clave-en-misiones-populares-05-un-estilo-de-mision-un-estilo-de-iglesia\/","url":"http:\/\/vincentians.com\/es\/conceptos-clave-en-misiones-populares-05-un-estilo-de-mision-un-estilo-de-iglesia\/","name":"Conceptos clave en misiones populares 05: Un estilo de misi\u00f3n \u2013 Un estilo de Iglesia - Somos Vicencianos","isPartOf":{"@id":"https:\/\/vincentians.com\/es\/#website"},"primaryImageOfPage":{"@id":"http:\/\/vincentians.com\/es\/conceptos-clave-en-misiones-populares-05-un-estilo-de-mision-un-estilo-de-iglesia\/#primaryimage"},"image":{"@id":"http:\/\/vincentians.com\/es\/conceptos-clave-en-misiones-populares-05-un-estilo-de-mision-un-estilo-de-iglesia\/#primaryimage"},"thumbnailUrl":"","datePublished":"2015-01-05T05:25:00+00:00","breadcrumb":{"@id":"http:\/\/vincentians.com\/es\/conceptos-clave-en-misiones-populares-05-un-estilo-de-mision-un-estilo-de-iglesia\/#breadcrumb"},"inLanguage":"es","potentialAction":[{"@type":"ReadAction","target":["http:\/\/vincentians.com\/es\/conceptos-clave-en-misiones-populares-05-un-estilo-de-mision-un-estilo-de-iglesia\/"]}]},{"@type":"ImageObject","inLanguage":"es","@id":"http:\/\/vincentians.com\/es\/conceptos-clave-en-misiones-populares-05-un-estilo-de-mision-un-estilo-de-iglesia\/#primaryimage","url":"","contentUrl":""},{"@type":"BreadcrumbList","@id":"http:\/\/vincentians.com\/es\/conceptos-clave-en-misiones-populares-05-un-estilo-de-mision-un-estilo-de-iglesia\/#breadcrumb","itemListElement":[{"@type":"ListItem","position":1,"name":"Portada","item":"https:\/\/vincentians.com\/es\/"},{"@type":"ListItem","position":2,"name":"Conceptos clave en misiones populares 05: Un estilo de misi\u00f3n \u2013 Un estilo de Iglesia"}]},{"@type":"WebSite","@id":"https:\/\/vincentians.com\/es\/#website","url":"https:\/\/vincentians.com\/es\/","name":"Somos Vicencianos","description":"Know more to serve more","publisher":{"@id":"https:\/\/vincentians.com\/es\/#organization"},"potentialAction":[{"@type":"SearchAction","target":{"@type":"EntryPoint","urlTemplate":"https:\/\/vincentians.com\/es\/?s={search_term_string}"},"query-input":{"@type":"PropertyValueSpecification","valueRequired":true,"valueName":"search_term_string"}}],"inLanguage":"es"},{"@type":"Organization","@id":"https:\/\/vincentians.com\/es\/#organization","name":"The Vincentian Network","url":"https:\/\/vincentians.com\/es\/","logo":{"@type":"ImageObject","inLanguage":"es","@id":"https:\/\/vincentians.com\/es\/#\/schema\/logo\/image\/","url":"https:\/\/i1.wp.com\/vincentians.com\/es\/wp-content\/uploads\/sites\/11\/2016\/06\/Vincentian-Network-logo-big.png?fit=778%2C778","contentUrl":"https:\/\/i1.wp.com\/vincentians.com\/es\/wp-content\/uploads\/sites\/11\/2016\/06\/Vincentian-Network-logo-big.png?fit=778%2C778","width":778,"height":778,"caption":"The Vincentian Network"},"image":{"@id":"https:\/\/vincentians.com\/es\/#\/schema\/logo\/image\/"},"sameAs":["https:\/\/www.facebook.com\/WeAreVincentians\/","https:\/\/x.com\/WeVincentians"]},{"@type":"Person","@id":"https:\/\/vincentians.com\/es\/#\/schema\/person\/9623ef4d9aa3b2dfb8c061f1499288f2","name":"Francisco Javier Fern\u00e1ndez Chento","image":{"@type":"ImageObject","inLanguage":"es","@id":"https:\/\/vincentians.com\/es\/#\/schema\/person\/image\/","url":"https:\/\/secure.gravatar.com\/avatar\/497d5cde87b4c3d097d0315953521681ba2cd523ee66e5077c3711f7021e65de?s=96&d=mm&r=g","contentUrl":"https:\/\/secure.gravatar.com\/avatar\/497d5cde87b4c3d097d0315953521681ba2cd523ee66e5077c3711f7021e65de?s=96&d=mm&r=g","caption":"Francisco Javier Fern\u00e1ndez Chento"},"description":"Director General y cofundador de La Red de Formaci\u00f3n Vicenciana. Javier es laico vicenciano, afiliado a la Congregaci\u00f3n de la Misi\u00f3n y miembro del Equipo de Misiones Populares de la provincia can\u00f3nica de Zaragoza (Espa\u00f1a) de la Congregaci\u00f3n de la Misi\u00f3n. Graduado en la Universidad Oberta de Catalunya con cuatro grados (Asistente de direcci\u00f3n, Gesti\u00f3n Administrativa, Recursos Humanos y Contabilidad Avanzada). Bil\u00edng\u00fce Espa\u00f1ol\/Ingl\u00e9s. gestiona y mantiene varias p\u00e1ginas web cristianas y vicencianas, incluida including La Red de Formaci\u00f3n Vicenciana, de la que es cofundador. Actualmente es responsable del \u00e1rea de Espa\u00f1ol de .famvin, la Red de Noticias de la Familia Vicenciana. Tambi\u00e9n es m\u00fasico cat\u00f3lico y ha editado varios discos. Es Director General y cofundador de Trovador, una reconocida compa\u00f1\u00eda discogr\u00e1fica critiana de Espa\u00f1a. Trabaja en las Tecnolog\u00edas de la Informaci\u00f3n, ofreciendo servicios de alojamiento, dise\u00f1o y mantenimiento Web, as\u00ed como asesoramiento, formaci\u00f3n y soluciones inform\u00e1ticas, gesti\u00f3n documental y digitalizaci\u00f3n de textos, edici\u00f3n y maquetaci\u00f3n de libros, revistas, flyers, etc.","sameAs":["http:\/\/chento.org","https:\/\/www.facebook.com\/JavierChento","https:\/\/x.com\/https:\/\/twitter.com\/javierchento"],"url":"http:\/\/vincentians.com\/es\/author\/chento\/"}]}},"jetpack_publicize_connections":[],"jetpack_featured_media_url":"","jetpack_sharing_enabled":true,"jetpack_shortlink":"https:\/\/wp.me\/p7ETMF-1T","jetpack-related-posts":[{"id":133248,"url":"http:\/\/vincentians.com\/es\/presentacion-de-las-misiones-populares-vicencianas\/","url_meta":{"origin":117,"position":0},"title":"Presentaci\u00f3n de las misiones populares vicencianas","author":"Francisco Javier Fern\u00e1ndez Chento","date":"21\/12\/2014","format":false,"excerpt":"Las misiones son nuestra vocaci\u00f3n: por eso nos llamamos Congregaci\u00f3n de la Misi\u00f3n, una vocaci\u00f3n que nos lleva a \"corresponder a los designios eternos que Dios tiene sobre nosotros\". San Vicente lo dice con claridad: \"Lo m\u00e1s importante de nuestra vocaci\u00f3n es trabajar por la salvaci\u00f3n de las pobres gentes\u2026","rel":"","context":"En \u00abMisiones populares\u00bb","block_context":{"text":"Misiones populares","link":"http:\/\/vincentians.com\/es\/category\/servicios-y-ministerios\/misiones-populares-misiones\/"},"img":{"alt_text":"Peral","src":"https:\/\/i0.wp.com\/vicencianos.org\/wp-content\/2014\/12\/Peral-300x223.jpg?resize=350%2C200","width":350,"height":200},"classes":[]},{"id":133252,"url":"http:\/\/vincentians.com\/es\/conceptos-clave-en-misiones-populares-01-colaboracion\/","url_meta":{"origin":117,"position":1},"title":"Conceptos clave en misiones populares 01: Colaboraci\u00f3n","author":"Francisco Javier Fern\u00e1ndez Chento","date":"01\/01\/2015","format":false,"excerpt":"En una serie de art\u00edculos cortos, voy a tratar de \"precisar\" qu\u00e9 es una Misi\u00f3n (la nuestra) a trav\u00e9s de las palabras \"clave\" que se\u00f1alan los distintos momentos de nuestro trabajo misionero. Lo har\u00e9 as\u00ed porque las palabras que empleamos para definir los distintos pasos que se dan en una\u2026","rel":"","context":"En \u00abMisiones populares\u00bb","block_context":{"text":"Misiones populares","link":"http:\/\/vincentians.com\/es\/category\/servicios-y-ministerios\/misiones-populares-misiones\/"},"img":{"alt_text":"P11901261","src":"https:\/\/i0.wp.com\/vicencianos.org\/wp-content\/2015\/01\/P11901261-300x225.jpg?resize=350%2C200","width":350,"height":200},"classes":[]},{"id":136767,"url":"http:\/\/vincentians.com\/es\/misioneros-populares\/","url_meta":{"origin":117,"position":2},"title":"Misioneros populares","author":"Francisco Javier Fern\u00e1ndez Chento","date":"31\/01\/2015","format":false,"excerpt":"\u00abAl encontrarlo le dijeron: Todo el mundo te busca. El les respondi\u00f3: V\u00e1monos a otra parte, a las aldeas cercanas, que voy a predicar tambi\u00e9n all\u00ed; para eso he salido\u00bb. (Mc 1,37-38). \u00abSe han de promover con empe\u00f1o las misiones populares, tan entra\u00f1ablemente queri\u00addas por el Fundador. Emprenderemos, pues, la\u2026","rel":"","context":"En \u00abEspiritualidad vicenciana\u00bb","block_context":{"text":"Espiritualidad vicenciana","link":"http:\/\/vincentians.com\/es\/category\/espiritualidad\/espiritualidad-vicenciana\/"},"img":{"alt_text":"Peral","src":"https:\/\/i0.wp.com\/vicencianos.org\/wp-content\/2014\/12\/Peral-300x223.jpg?resize=350%2C200","width":350,"height":200},"classes":[]},{"id":387335,"url":"http:\/\/vincentians.com\/es\/la-mision-vicenciana-una-primera-aproximacion\/","url_meta":{"origin":117,"position":3},"title":"La Misi\u00f3n Vicenciana: una primera aproximaci\u00f3n","author":"Francisco Javier Fern\u00e1ndez Chento","date":"22\/12\/2014","format":false,"excerpt":"1. Lugar de la Misi\u00f3n Vicenciana La Misi\u00f3n vicenciana surge en un momento determinado de la historia en el que se est\u00e1n viviendo unas circunstancias sociales (reg\u00edmenes absolutistas) y eclesiales (iglesia de cristiandad) que la condicionan. Hoy las circunstancias han cambiado. De ah\u00ed que no sea in\u00fatil preguntarse: \u00bfTiene hoy\u2026","rel":"","context":"En \u00abMisiones populares\u00bb","block_context":{"text":"Misiones populares","link":"http:\/\/vincentians.com\/es\/category\/servicios-y-ministerios\/misiones-populares-misiones\/"},"img":{"alt_text":"Minolta DSC","src":"https:\/\/i0.wp.com\/vicencianos.org\/wp-content\/2014\/12\/Honduras-300x225.jpg?resize=350%2C200","width":350,"height":200},"classes":[]},{"id":94,"url":"http:\/\/vincentians.com\/es\/conceptos-clave-en-misiones-populares-02-renovacion\/","url_meta":{"origin":117,"position":4},"title":"Conceptos clave en misiones populares 02: Renovaci\u00f3n","author":"Francisco Javier Fern\u00e1ndez Chento","date":"02\/01\/2015","format":false,"excerpt":"Hoy se emplea con frecuencia una expresi\u00f3n en la propaganda misionera: \"misiones renovadas\". Pero, tenemos que preguntarnos, \u00bfes as\u00ed? Porque da la sensaci\u00f3n que, empezando por los responsables de las comunidades, hay quien no cree que se pueda renovar una comunidad con una misi\u00f3n. Por eso, debemos preguntarnos, \"cu\u00e1ndo\", \"bajo\u2026","rel":"","context":"En \u00abMisiones populares\u00bb","block_context":{"text":"Misiones populares","link":"http:\/\/vincentians.com\/es\/category\/servicios-y-ministerios\/misiones-populares-misiones\/"},"img":{"alt_text":"Reuni\u00f3n de formaci\u00f3n de misioneros pa\u00fales y seglares. Zaragoza, Diciembre de 2010.","src":"https:\/\/i0.wp.com\/vicencianos.org\/wp-content\/2015\/01\/reunion_formacion-300x225.jpg?resize=350%2C200","width":350,"height":200},"classes":[]},{"id":119438,"url":"http:\/\/vincentians.com\/es\/anunciar-a-jesucristo-hoy\/","url_meta":{"origin":117,"position":5},"title":"Anunciar a Jesucristo, hoy","author":"Francisco Javier Fern\u00e1ndez Chento","date":"10\/04\/2013","format":false,"excerpt":"I - Un nuevo escenario cultural Vivimos un momento de cambios y transformaciones importantes en todos los \u00e1mbitos de la existencia humana; \"una acelerada transformaci\u00f3n\" de la sociedad ha generado un nuevo escenario cultural caracterizado por la p\u00e9rdida de la consistencia ontol\u00f3gica del alma, una crisis de verdad, una perversi\u00f3n\u2026","rel":"","context":"En \u00abFormaci\u00f3n Cristiana\u00bb","block_context":{"text":"Formaci\u00f3n Cristiana","link":"http:\/\/vincentians.com\/es\/category\/formacion-cristiana\/"},"img":{"alt_text":"anunciar","src":"https:\/\/i0.wp.com\/vicencianos.org\/wp-content\/2013\/04\/anunciar-211x300.jpg?resize=350%2C200","width":350,"height":200},"classes":[]}],"_links":{"self":[{"href":"http:\/\/vincentians.com\/es\/wp-json\/wp\/v2\/posts\/117","targetHints":{"allow":["GET"]}}],"collection":[{"href":"http:\/\/vincentians.com\/es\/wp-json\/wp\/v2\/posts"}],"about":[{"href":"http:\/\/vincentians.com\/es\/wp-json\/wp\/v2\/types\/post"}],"author":[{"embeddable":true,"href":"http:\/\/vincentians.com\/es\/wp-json\/wp\/v2\/users\/4"}],"replies":[{"embeddable":true,"href":"http:\/\/vincentians.com\/es\/wp-json\/wp\/v2\/comments?post=117"}],"version-history":[{"count":0,"href":"http:\/\/vincentians.com\/es\/wp-json\/wp\/v2\/posts\/117\/revisions"}],"wp:featuredmedia":[{"embeddable":true,"href":"http:\/\/vincentians.com\/es\/wp-json\/"}],"wp:attachment":[{"href":"http:\/\/vincentians.com\/es\/wp-json\/wp\/v2\/media?parent=117"}],"wp:term":[{"taxonomy":"category","embeddable":true,"href":"http:\/\/vincentians.com\/es\/wp-json\/wp\/v2\/categories?post=117"},{"taxonomy":"post_tag","embeddable":true,"href":"http:\/\/vincentians.com\/es\/wp-json\/wp\/v2\/tags?post=117"}],"curies":[{"name":"wp","href":"https:\/\/api.w.org\/{rel}","templated":true}]}}